{"id":40313,"date":"2023-03-30T18:42:00","date_gmt":"2023-03-30T23:42:00","guid":{"rendered":"https:\/\/www.uartes.edu.ec\/sitio\/?p=40313"},"modified":"2024-07-04T11:21:21","modified_gmt":"2024-07-04T16:21:21","slug":"la-uartes-entrega-por-tercera-vez-titulos-por-validacion-de-trayectorias-firmo-convenio-con-el-mcyp","status":"publish","type":"post","link":"https:\/\/www.uartes.edu.ec\/sitio\/en\/blog\/2023\/03\/30\/la-uartes-entrega-por-tercera-vez-titulos-por-validacion-de-trayectorias-firmo-convenio-con-el-mcyp\/","title":{"rendered":"UArtes entrega por tercera vez t\u00edtulos por Validaci\u00f3n de Trayectorias; firm\u00f3 convenio de cooperaci\u00f3n con el MCyP"},"content":{"rendered":"<p>Cincuenta y ocho t\u00edtulos de tercer nivel entregar\u00e1 la Universidad de las Artes en cooperaci\u00f3n con el Ministerio de Cultura y Patrimonio a los beneficiarios del proceso de reconocimiento de trayectorias art\u00edsticas en los \u00e1mbitos de Literatura, Cine, Creaci\u00f3n teatral, Producci\u00f3n Musical y Sonora y Artes Musicales y Sonoras. El acto tendr\u00e1 lugar este s\u00e1bado el 1 de abril, a las 11:00, en la Plaza P\u00fablica del MZ14 Centro de Producci\u00f3n e Innovaci\u00f3n UArtes, en Guayaquil.<\/p>\n\n\n\n<p>Es la tercera entrega de t\u00edtulos mediante el proceso de Validaci\u00f3n de Trayectoria que realizar\u00e1 la UArtes. El actual proceso se inici\u00f3 en 2021, con la suscripci\u00f3n del Convenio Espec\u00edfico de Cooperaci\u00f3n entre el MCyP y nuestra instituci\u00f3n de educaci\u00f3n superior.<\/p>\n\n\n\n<p>Ana Carrillo, PhD., titular de la Direcci\u00f3n de Planificaci\u00f3n Acad\u00e9mica de la UArtes, indic\u00f3 que el convenio con el ministerio se dio por el inter\u00e9s esa cartera de Estado en hacer Validaci\u00f3n de Trayectoria, que es una demanda ciudadana de los sectores art\u00edsticos. Indic\u00f3 que como uno de los principales problemas que tienen los postulantes es el pago del proceso, puesto que no est\u00e1 cubierto por la gratuidad. El MCyP inyect\u00f3 los recursos para cubrir una parte de los jurados externos, lo cual permiti\u00f3 abaratar el costo de la validaci\u00f3n. \u201cLuego la universidad se encarg\u00f3 del tema operativo, tuvimos capacitaciones con los posibles postulantes, conformamos una plataforma y nos hicimos cargo del proceso de evaluaci\u00f3n\u201d.<\/p>\n\n\n\n<p>El proceso se realiz\u00f3 desde el Vicerrectorado Acad\u00e9mico y la Direcci\u00f3n de Planificaci\u00f3n Acad\u00e9mica. \u201cTuvimos 139 postulantes en seis carreras: Creaci\u00f3n Teatral, Artes Musicales y Sonoras, Producci\u00f3n Musical y Sonora, Cine, Literatura y Artes Visuales. \u201cEsta \u00faltima est\u00e1 a\u00fan en proceso de una nueva valoraci\u00f3n. Concluimos con las otras y el resultado son los 58 postulantes a quienes les entregaremos el t\u00edtulo\u201d.<\/p>\n\n\n\n<p>Desde el MCyP se indica que \u201cestos reconocimientos llegan gracias al trabajo interinstitucional con la academia para la construcci\u00f3n de pol\u00edtica p\u00fablica que consolide los procesos de formaci\u00f3n superior en artes. De esta forma, la pr\u00e1ctica art\u00edstica es reconocida como proceso que pasa de lo meramente est\u00e9tico a un elemento productor de conocimientos y necesarios para la transformaci\u00f3n de las sociedades\u201d.<\/p>\n\n\n\n<p>Carrillo explica que el proceso es riguroso y se basa en una serie de evaluaciones, documentos y certificaciones que tienen que entregar los postulantes. \u201cEste nos ha durado un a\u00f1o y terminar\u00e1 en junio porque, a pesar de que daremos las titulaciones, quedan validados parciales. Trece en esta ocasi\u00f3n, que tienen que ver con postulantes que deben cumplir requisitos, tomar cr\u00e9ditos y asignaturas para terminar la titulaci\u00f3n\u201d.<\/p>\n\n\n\n<p>Por prioridades institucionales este a\u00f1o no se efectuar\u00e1 un nuevo proceso de Validaci\u00f3n de Trayectoria. \u201cEn realidad, no existe una temporalidad en la que podamos realizarlo y la UArtes tiene que revisar qu\u00e9 presupuesto tiene y las posibilidades en t\u00e9rminos de equipo para desarrollarlo\u201d, explica.<\/p>\n\n\n\n<p>Tambi\u00e9n anota que el proceso de Validaci\u00f3n de Trayectoria es un ejercicio que le permite a la universidad tener un conocimiento m\u00e1s profundo sobre la realidad de los creadores del pa\u00eds y reconocer el trabajo art\u00edstico que han hecho. \u201cEs un proceso dise\u00f1ado para revertir las inequidades o las faltas de alternativas en las titulaciones de artistas y creadores de la cultura. Para nosotros es gratificante entregar esos t\u00edtulos\u201d.<\/p>\n\n\n\n<p>Los criterios de selecci\u00f3n para la validaci\u00f3n 2021-2023 fueron: Tiempo base que demuestre al menos 10 a\u00f1os de actividad art\u00edstica profesional. Experiencia en transmisi\u00f3n de conocimientos de al menos el 40% en relaci\u00f3n a los a\u00f1os de tiempo base en que el artista haya sido generador de procesos de ense\u00f1anza\/aprendizaje. Trabajos y producci\u00f3n art\u00edstica, investigaci\u00f3n, reconocimientos y distinciones, capacitaci\u00f3n y perfeccionamiento, y aporte.<\/p>\n\n\n\n<p>Carrillo acota que se recibieron postulaciones de algunas partes del pa\u00eds y de gente con una trayectoria s\u00f3lida en los \u00e1mbitos cultural y art\u00edstico. \u201cObtener el t\u00edtulo les permite continuar un proyecto de vida o tener profesionalmente un respaldo para seguir maestr\u00edas, ya que son muchos los postulantes que necesitan su t\u00edtulo para continuar sus estudios o por cuestiones laborales\u201d.<\/p>\n\n\n\n<h3 class=\"wp-block-heading\"><strong>Los nuevos titulados por Validaci\u00f3n de Trayectoria<\/strong><\/h3>\n\n\n\n<p>De Creaci\u00f3n Teatral ser\u00e1n siete personajes de ese \u00e1mbito quienes recibir\u00e1n la licenciatura: Susana Nicolalde Rubio, Pablo Aguirre Andrade, Tanya S\u00e1nchez Ribadeneira, Magdalena Soto Dragicevic, Santiago Carcel\u00e9n Vela, Mat\u00edas Belmar Sol\u00f3rzano y Rafael Espinosa Cordero.<\/p>\n\n\n\n<p>De Cine, doce: Roberto Aguirre Andrade, Mariana Andrade Estrella, Manuela Lucia Boh, Dorian Mart\u00edn Cambi, Jos\u00e9 Espinosa Anguaya, Mateo Herrera Cornejo, Jos\u00e9 Imbaquingo Chimarro, Federico Koelle Fuentes, Tatiana Pavon Santos, Pavel Quevedo Ullauri, Mauricio Samaniego Ponce y Le\u00f3n Troya Rodr\u00edguez.<\/p>\n\n\n\n<p>De Producci\u00f3n Musical, dos: David Dom\u00ednguez Castro y Renato Zamora Ar\u00edzaga.<\/p>\n\n\n\n<p>De Artes Musicales, 33: Bol\u00edvar \u00c1vila Vanegas, Curi Inti Cachimuel Amaguana, Jorge Regalado Arguello, Enrique Romero Miranda, Juan Rosales Carrasco, Juan Carlos Vergara, Edgar Zambrano Moreno, Viviana Rodr\u00edguez L\u00f3pez, Yan Moncayo \u00c1lvarez, M\u00f3nica Carri\u00f3n Eguiguren, Esteban Rivera S\u00e1nchez, Francisco Rosales Carrasco, Miguel Valladares Rosillo, Luis Betancourt Pindo, Fabiola Figueroa Amancha, Estuardo Rivadeneira Cevallos, Alfredo Altamirano Y\u00e9pez, Paulina S\u00e1nchez Cano, Diego Endara Almeida, David Villag\u00f3mez Hebel, Viviana Gonz\u00e1lez Delgado, Gladys Calder\u00f3n Castillo, Jorge Carranza Palma, Jorge Gallegos Castillo, Karinsson Lund Bjarke, Freddy Chimbolema Coro, Nicol\u00e1s Oquendo Pozo, Santiago Proa\u00f1o Vinueza, Edwin Labre Masabanda, Carlos Villag\u00f3mez Hebel, Fausto Ruque Chamba, Diego Carlisky y Alex Hincapi\u00e9 Palmezano.<\/p>\n\n\n\n<p>Y de Literatura, cuatro: Carlos V\u00e1sconez Gomezcoello, Juan Carlos Astudillo Sarmiento, Edwin Rafael Madrid y Jorge Linver Nazareno Castillo.<\/p>","protected":false},"excerpt":{"rendered":"<p>Cincuenta y ocho t\u00edtulos de tercer nivel entregar\u00e1 la Universidad de las Artes en cooperaci\u00f3n con el Ministerio de Cultura y Patrimonio a los beneficiarios del proceso de reconocimiento de trayectorias art\u00edsticas en los \u00e1mbitos de Literatura, Cine, Creaci\u00f3n teatral, Producci\u00f3n Musical y Sonora y Artes Musicales y Sonoras. El acto tendr\u00e1 lugar este s\u00e1bado el 1 de abril, a las 11:00, en la Plaza P\u00fablica del MZ14.<\/p>","protected":false},"author":10,"featured_media":40379,"comment_status":"open","ping_status":"open","sticky":false,"template":"","format":"standard","meta":{"_acf_changed":false,"_uag_custom_page_level_css":"","_monsterinsights_skip_tracking":false,"_monsterinsights_sitenote_active":false,"_monsterinsights_sitenote_note":"","_monsterinsights_sitenote_category":0,"cybocfi_hide_featured_image":"","footnotes":""},"categories":[712,80,77],"tags":[269],"infouartes":[],"class_list":["post-40313","post","type-post","status-publish","format-standard","has-post-thumbnail","hentry","category-1a","category-academico","category-gestion","tag-validacion-de-trayectorias"],"acf":[],"yoast_head":"<!-- This site is optimized with the Yoast SEO plugin v27.4 - https:\/\/yoast.com\/product\/yoast-seo-wordpress\/ -->\n<title>Universidad de las Artes - UArtes entrega por tercera vez t\u00edtulos por Validaci\u00f3n de Trayectorias; firm\u00f3 convenio de cooperaci\u00f3n con el MCyP<\/title>\n<meta name=\"description\" content=\"Universidad de las Artes - UArtes entrega por tercera vez t\u00edtulos por Validaci\u00f3n de Trayectorias; firm\u00f3 convenio de cooperaci\u00f3n con el MCyP\" \/>\n<meta name=\"robots\" content=\"index, follow, max-snippet:-1, max-image-preview:large, max-video-preview:-1\" \/>\n<link rel=\"canonical\" href=\"https:\/\/www.uartes.edu.ec\/sitio\/en\/blog\/2023\/03\/30\/la-uartes-entrega-por-tercera-vez-titulos-por-validacion-de-trayectorias-firmo-convenio-con-el-mcyp\/\" \/>\n<meta property=\"og:locale\" content=\"en_US\" \/>\n<meta property=\"og:type\" content=\"article\" \/>\n<meta property=\"og:title\" content=\"Universidad de las Artes - UArtes entrega por tercera vez t\u00edtulos por Validaci\u00f3n de Trayectorias; firm\u00f3 convenio de cooperaci\u00f3n con el MCyP\" \/>\n<meta property=\"og:description\" content=\"Universidad de las Artes - UArtes entrega por tercera vez t\u00edtulos por Validaci\u00f3n de Trayectorias; firm\u00f3 convenio de cooperaci\u00f3n con el MCyP\" \/>\n<meta property=\"og:url\" content=\"https:\/\/www.uartes.edu.ec\/sitio\/en\/blog\/2023\/03\/30\/la-uartes-entrega-por-tercera-vez-titulos-por-validacion-de-trayectorias-firmo-convenio-con-el-mcyp\/\" \/>\n<meta property=\"og:site_name\" content=\"Universidad de las Artes\" \/>\n<meta property=\"article:publisher\" content=\"https:\/\/www.facebook.com\/uartesec\" \/>\n<meta property=\"article:published_time\" content=\"2023-03-30T23:42:00+00:00\" \/>\n<meta property=\"article:modified_time\" content=\"2024-07-04T16:21:21+00:00\" \/>\n<meta property=\"og:image\" content=\"https:\/\/www.uartes.edu.ec\/sitio\/wp-content\/uploads\/2023\/03\/carmen-noticia.png\" \/>\n\t<meta property=\"og:image:width\" content=\"2000\" \/>\n\t<meta property=\"og:image:height\" content=\"1333\" \/>\n\t<meta property=\"og:image:type\" content=\"image\/png\" \/>\n<meta name=\"author\" content=\"ccortez\" \/>\n<meta name=\"twitter:card\" content=\"summary_large_image\" \/>\n<meta name=\"twitter:creator\" content=\"@uartesec\" \/>\n<meta name=\"twitter:site\" content=\"@uartesec\" \/>\n<meta name=\"twitter:label1\" content=\"Written by\" \/>\n\t<meta name=\"twitter:data1\" content=\"ccortez\" \/>\n\t<meta name=\"twitter:label2\" content=\"Est. reading time\" \/>\n\t<meta name=\"twitter:data2\" content=\"5 minutes\" \/>\n<script type=\"application\/ld+json\" class=\"yoast-schema-graph\">{\"@context\":\"https:\\\/\\\/schema.org\",\"@graph\":[{\"@type\":\"Article\",\"@id\":\"https:\\\/\\\/www.uartes.edu.ec\\\/sitio\\\/en\\\/blog\\\/2023\\\/03\\\/30\\\/la-uartes-entrega-por-tercera-vez-titulos-por-validacion-de-trayectorias-firmo-convenio-con-el-mcyp\\\/#article\",\"isPartOf\":{\"@id\":\"https:\\\/\\\/www.uartes.edu.ec\\\/sitio\\\/en\\\/blog\\\/2023\\\/03\\\/30\\\/la-uartes-entrega-por-tercera-vez-titulos-por-validacion-de-trayectorias-firmo-convenio-con-el-mcyp\\\/\"},\"author\":{\"name\":\"ccortez\",\"@id\":\"https:\\\/\\\/www.uartes.edu.ec\\\/sitio\\\/en\\\/#\\\/schema\\\/person\\\/efa1b8275797664fd7f13a79ccc0b1f4\"},\"headline\":\"UArtes entrega por tercera vez t\u00edtulos por Validaci\u00f3n de Trayectorias; firm\u00f3 convenio de cooperaci\u00f3n con el MCyP\",\"datePublished\":\"2023-03-30T23:42:00+00:00\",\"dateModified\":\"2024-07-04T16:21:21+00:00\",\"mainEntityOfPage\":{\"@id\":\"https:\\\/\\\/www.uartes.edu.ec\\\/sitio\\\/en\\\/blog\\\/2023\\\/03\\\/30\\\/la-uartes-entrega-por-tercera-vez-titulos-por-validacion-de-trayectorias-firmo-convenio-con-el-mcyp\\\/\"},\"wordCount\":990,\"commentCount\":0,\"publisher\":{\"@id\":\"https:\\\/\\\/www.uartes.edu.ec\\\/sitio\\\/en\\\/#organization\"},\"image\":{\"@id\":\"https:\\\/\\\/www.uartes.edu.ec\\\/sitio\\\/en\\\/blog\\\/2023\\\/03\\\/30\\\/la-uartes-entrega-por-tercera-vez-titulos-por-validacion-de-trayectorias-firmo-convenio-con-el-mcyp\\\/#primaryimage\"},\"thumbnailUrl\":\"https:\\\/\\\/www.uartes.edu.ec\\\/sitio\\\/wp-content\\\/uploads\\\/2023\\\/03\\\/carmen-noticia.png\",\"keywords\":[\"Validaci\u00f3n de Trayectorias\"],\"articleSection\":[\"1A\",\"Acad\u00e9mico\",\"Gesti\u00f3n\"],\"inLanguage\":\"en-US\",\"potentialAction\":[{\"@type\":\"CommentAction\",\"name\":\"Comment\",\"target\":[\"https:\\\/\\\/www.uartes.edu.ec\\\/sitio\\\/en\\\/blog\\\/2023\\\/03\\\/30\\\/la-uartes-entrega-por-tercera-vez-titulos-por-validacion-de-trayectorias-firmo-convenio-con-el-mcyp\\\/#respond\"]}]},{\"@type\":[\"WebPage\",\"ItemPage\"],\"@id\":\"https:\\\/\\\/www.uartes.edu.ec\\\/sitio\\\/en\\\/blog\\\/2023\\\/03\\\/30\\\/la-uartes-entrega-por-tercera-vez-titulos-por-validacion-de-trayectorias-firmo-convenio-con-el-mcyp\\\/\",\"url\":\"https:\\\/\\\/www.uartes.edu.ec\\\/sitio\\\/en\\\/blog\\\/2023\\\/03\\\/30\\\/la-uartes-entrega-por-tercera-vez-titulos-por-validacion-de-trayectorias-firmo-convenio-con-el-mcyp\\\/\",\"name\":\"Universidad de las Artes - UArtes entrega por tercera vez t\u00edtulos por Validaci\u00f3n de Trayectorias; firm\u00f3 convenio de cooperaci\u00f3n con el MCyP\",\"isPartOf\":{\"@id\":\"https:\\\/\\\/www.uartes.edu.ec\\\/sitio\\\/en\\\/#website\"},\"primaryImageOfPage\":{\"@id\":\"https:\\\/\\\/www.uartes.edu.ec\\\/sitio\\\/en\\\/blog\\\/2023\\\/03\\\/30\\\/la-uartes-entrega-por-tercera-vez-titulos-por-validacion-de-trayectorias-firmo-convenio-con-el-mcyp\\\/#primaryimage\"},\"image\":{\"@id\":\"https:\\\/\\\/www.uartes.edu.ec\\\/sitio\\\/en\\\/blog\\\/2023\\\/03\\\/30\\\/la-uartes-entrega-por-tercera-vez-titulos-por-validacion-de-trayectorias-firmo-convenio-con-el-mcyp\\\/#primaryimage\"},\"thumbnailUrl\":\"https:\\\/\\\/www.uartes.edu.ec\\\/sitio\\\/wp-content\\\/uploads\\\/2023\\\/03\\\/carmen-noticia.png\",\"datePublished\":\"2023-03-30T23:42:00+00:00\",\"dateModified\":\"2024-07-04T16:21:21+00:00\",\"description\":\"Universidad de las Artes - UArtes entrega por tercera vez t\u00edtulos por Validaci\u00f3n de Trayectorias; firm\u00f3 convenio de cooperaci\u00f3n con el MCyP\",\"breadcrumb\":{\"@id\":\"https:\\\/\\\/www.uartes.edu.ec\\\/sitio\\\/en\\\/blog\\\/2023\\\/03\\\/30\\\/la-uartes-entrega-por-tercera-vez-titulos-por-validacion-de-trayectorias-firmo-convenio-con-el-mcyp\\\/#breadcrumb\"},\"inLanguage\":\"en-US\",\"potentialAction\":[{\"@type\":\"ReadAction\",\"target\":[\"https:\\\/\\\/www.uartes.edu.ec\\\/sitio\\\/en\\\/blog\\\/2023\\\/03\\\/30\\\/la-uartes-entrega-por-tercera-vez-titulos-por-validacion-de-trayectorias-firmo-convenio-con-el-mcyp\\\/\"]}]},{\"@type\":\"ImageObject\",\"inLanguage\":\"en-US\",\"@id\":\"https:\\\/\\\/www.uartes.edu.ec\\\/sitio\\\/en\\\/blog\\\/2023\\\/03\\\/30\\\/la-uartes-entrega-por-tercera-vez-titulos-por-validacion-de-trayectorias-firmo-convenio-con-el-mcyp\\\/#primaryimage\",\"url\":\"https:\\\/\\\/www.uartes.edu.ec\\\/sitio\\\/wp-content\\\/uploads\\\/2023\\\/03\\\/carmen-noticia.png\",\"contentUrl\":\"https:\\\/\\\/www.uartes.edu.ec\\\/sitio\\\/wp-content\\\/uploads\\\/2023\\\/03\\\/carmen-noticia.png\",\"width\":2000,\"height\":1333},{\"@type\":\"BreadcrumbList\",\"@id\":\"https:\\\/\\\/www.uartes.edu.ec\\\/sitio\\\/en\\\/blog\\\/2023\\\/03\\\/30\\\/la-uartes-entrega-por-tercera-vez-titulos-por-validacion-de-trayectorias-firmo-convenio-con-el-mcyp\\\/#breadcrumb\",\"itemListElement\":[{\"@type\":\"ListItem\",\"position\":1,\"name\":\"Inicio\",\"item\":\"https:\\\/\\\/www.uartes.edu.ec\\\/sitio\\\/\"},{\"@type\":\"ListItem\",\"position\":2,\"name\":\"UArtes entrega por tercera vez t\u00edtulos por Validaci\u00f3n de Trayectorias; firm\u00f3 convenio de cooperaci\u00f3n con el MCyP\"}]},{\"@type\":\"WebSite\",\"@id\":\"https:\\\/\\\/www.uartes.edu.ec\\\/sitio\\\/en\\\/#website\",\"url\":\"https:\\\/\\\/www.uartes.edu.ec\\\/sitio\\\/en\\\/\",\"name\":\"Universidad de las Artes\",\"description\":\"Sitio oficial de la Universidad Nacional de las Artes del Ecuador\",\"publisher\":{\"@id\":\"https:\\\/\\\/www.uartes.edu.ec\\\/sitio\\\/en\\\/#organization\"},\"potentialAction\":[{\"@type\":\"SearchAction\",\"target\":{\"@type\":\"EntryPoint\",\"urlTemplate\":\"https:\\\/\\\/www.uartes.edu.ec\\\/sitio\\\/en\\\/?s={search_term_string}\"},\"query-input\":{\"@type\":\"PropertyValueSpecification\",\"valueRequired\":true,\"valueName\":\"search_term_string\"}}],\"inLanguage\":\"en-US\"},{\"@type\":\"Organization\",\"@id\":\"https:\\\/\\\/www.uartes.edu.ec\\\/sitio\\\/en\\\/#organization\",\"name\":\"Universidad de las Artes\",\"url\":\"https:\\\/\\\/www.uartes.edu.ec\\\/sitio\\\/en\\\/\",\"logo\":{\"@type\":\"ImageObject\",\"inLanguage\":\"en-US\",\"@id\":\"https:\\\/\\\/www.uartes.edu.ec\\\/sitio\\\/en\\\/#\\\/schema\\\/logo\\\/image\\\/\",\"url\":\"https:\\\/\\\/www.uartes.edu.ec\\\/sitio\\\/wp-content\\\/uploads\\\/2022\\\/07\\\/logo-ua-horizontal.png\",\"contentUrl\":\"https:\\\/\\\/www.uartes.edu.ec\\\/sitio\\\/wp-content\\\/uploads\\\/2022\\\/07\\\/logo-ua-horizontal.png\",\"width\":800,\"height\":276,\"caption\":\"Universidad de las Artes\"},\"image\":{\"@id\":\"https:\\\/\\\/www.uartes.edu.ec\\\/sitio\\\/en\\\/#\\\/schema\\\/logo\\\/image\\\/\"},\"sameAs\":[\"https:\\\/\\\/www.facebook.com\\\/uartesec\",\"https:\\\/\\\/x.com\\\/uartesec\",\"https:\\\/\\\/www.tiktok.com\\\/@uartesec\"]},{\"@type\":\"Person\",\"@id\":\"https:\\\/\\\/www.uartes.edu.ec\\\/sitio\\\/en\\\/#\\\/schema\\\/person\\\/efa1b8275797664fd7f13a79ccc0b1f4\",\"name\":\"ccortez\",\"image\":{\"@type\":\"ImageObject\",\"inLanguage\":\"en-US\",\"@id\":\"https:\\\/\\\/secure.gravatar.com\\\/avatar\\\/b2a6f664a3ae8e074346ef91775736c5ec479e637ecced6842de9dc98b5da9cd?s=96&d=mm&r=g\",\"url\":\"https:\\\/\\\/secure.gravatar.com\\\/avatar\\\/b2a6f664a3ae8e074346ef91775736c5ec479e637ecced6842de9dc98b5da9cd?s=96&d=mm&r=g\",\"contentUrl\":\"https:\\\/\\\/secure.gravatar.com\\\/avatar\\\/b2a6f664a3ae8e074346ef91775736c5ec479e637ecced6842de9dc98b5da9cd?s=96&d=mm&r=g\",\"caption\":\"ccortez\"},\"url\":\"https:\\\/\\\/www.uartes.edu.ec\\\/sitio\\\/en\\\/blog\\\/author\\\/ccortez\\\/\"}]}<\/script>\n<!-- \/ Yoast SEO plugin. -->","yoast_head_json":{"title":"Universidad de las Artes - UArtes entrega por tercera vez t\u00edtulos por Validaci\u00f3n de Trayectorias; firm\u00f3 convenio de cooperaci\u00f3n con el MCyP","description":"Universidad de las Artes - UArtes entrega por tercera vez t\u00edtulos por Validaci\u00f3n de Trayectorias; firm\u00f3 convenio de cooperaci\u00f3n con el MCyP","robots":{"index":"index","follow":"follow","max-snippet":"max-snippet:-1","max-image-preview":"max-image-preview:large","max-video-preview":"max-video-preview:-1"},"canonical":"https:\/\/www.uartes.edu.ec\/sitio\/en\/blog\/2023\/03\/30\/la-uartes-entrega-por-tercera-vez-titulos-por-validacion-de-trayectorias-firmo-convenio-con-el-mcyp\/","og_locale":"en_US","og_type":"article","og_title":"Universidad de las Artes - UArtes entrega por tercera vez t\u00edtulos por Validaci\u00f3n de Trayectorias; firm\u00f3 convenio de cooperaci\u00f3n con el MCyP","og_description":"Universidad de las Artes - UArtes entrega por tercera vez t\u00edtulos por Validaci\u00f3n de Trayectorias; firm\u00f3 convenio de cooperaci\u00f3n con el MCyP","og_url":"https:\/\/www.uartes.edu.ec\/sitio\/en\/blog\/2023\/03\/30\/la-uartes-entrega-por-tercera-vez-titulos-por-validacion-de-trayectorias-firmo-convenio-con-el-mcyp\/","og_site_name":"Universidad de las Artes","article_publisher":"https:\/\/www.facebook.com\/uartesec","article_published_time":"2023-03-30T23:42:00+00:00","article_modified_time":"2024-07-04T16:21:21+00:00","og_image":[{"width":2000,"height":1333,"url":"https:\/\/www.uartes.edu.ec\/sitio\/wp-content\/uploads\/2023\/03\/carmen-noticia.png","type":"image\/png"}],"author":"ccortez","twitter_card":"summary_large_image","twitter_creator":"@uartesec","twitter_site":"@uartesec","twitter_misc":{"Written by":"ccortez","Est. reading time":"5 minutes"},"schema":{"@context":"https:\/\/schema.org","@graph":[{"@type":"Article","@id":"https:\/\/www.uartes.edu.ec\/sitio\/en\/blog\/2023\/03\/30\/la-uartes-entrega-por-tercera-vez-titulos-por-validacion-de-trayectorias-firmo-convenio-con-el-mcyp\/#article","isPartOf":{"@id":"https:\/\/www.uartes.edu.ec\/sitio\/en\/blog\/2023\/03\/30\/la-uartes-entrega-por-tercera-vez-titulos-por-validacion-de-trayectorias-firmo-convenio-con-el-mcyp\/"},"author":{"name":"ccortez","@id":"https:\/\/www.uartes.edu.ec\/sitio\/en\/#\/schema\/person\/efa1b8275797664fd7f13a79ccc0b1f4"},"headline":"UArtes entrega por tercera vez t\u00edtulos por Validaci\u00f3n de Trayectorias; firm\u00f3 convenio de cooperaci\u00f3n con el MCyP","datePublished":"2023-03-30T23:42:00+00:00","dateModified":"2024-07-04T16:21:21+00:00","mainEntityOfPage":{"@id":"https:\/\/www.uartes.edu.ec\/sitio\/en\/blog\/2023\/03\/30\/la-uartes-entrega-por-tercera-vez-titulos-por-validacion-de-trayectorias-firmo-convenio-con-el-mcyp\/"},"wordCount":990,"commentCount":0,"publisher":{"@id":"https:\/\/www.uartes.edu.ec\/sitio\/en\/#organization"},"image":{"@id":"https:\/\/www.uartes.edu.ec\/sitio\/en\/blog\/2023\/03\/30\/la-uartes-entrega-por-tercera-vez-titulos-por-validacion-de-trayectorias-firmo-convenio-con-el-mcyp\/#primaryimage"},"thumbnailUrl":"https:\/\/www.uartes.edu.ec\/sitio\/wp-content\/uploads\/2023\/03\/carmen-noticia.png","keywords":["Validaci\u00f3n de Trayectorias"],"articleSection":["1A","Acad\u00e9mico","Gesti\u00f3n"],"inLanguage":"en-US","potentialAction":[{"@type":"CommentAction","name":"Comment","target":["https:\/\/www.uartes.edu.ec\/sitio\/en\/blog\/2023\/03\/30\/la-uartes-entrega-por-tercera-vez-titulos-por-validacion-de-trayectorias-firmo-convenio-con-el-mcyp\/#respond"]}]},{"@type":["WebPage","ItemPage"],"@id":"https:\/\/www.uartes.edu.ec\/sitio\/en\/blog\/2023\/03\/30\/la-uartes-entrega-por-tercera-vez-titulos-por-validacion-de-trayectorias-firmo-convenio-con-el-mcyp\/","url":"https:\/\/www.uartes.edu.ec\/sitio\/en\/blog\/2023\/03\/30\/la-uartes-entrega-por-tercera-vez-titulos-por-validacion-de-trayectorias-firmo-convenio-con-el-mcyp\/","name":"Universidad de las Artes - UArtes entrega por tercera vez t\u00edtulos por Validaci\u00f3n de Trayectorias; firm\u00f3 convenio de cooperaci\u00f3n con el MCyP","isPartOf":{"@id":"https:\/\/www.uartes.edu.ec\/sitio\/en\/#website"},"primaryImageOfPage":{"@id":"https:\/\/www.uartes.edu.ec\/sitio\/en\/blog\/2023\/03\/30\/la-uartes-entrega-por-tercera-vez-titulos-por-validacion-de-trayectorias-firmo-convenio-con-el-mcyp\/#primaryimage"},"image":{"@id":"https:\/\/www.uartes.edu.ec\/sitio\/en\/blog\/2023\/03\/30\/la-uartes-entrega-por-tercera-vez-titulos-por-validacion-de-trayectorias-firmo-convenio-con-el-mcyp\/#primaryimage"},"thumbnailUrl":"https:\/\/www.uartes.edu.ec\/sitio\/wp-content\/uploads\/2023\/03\/carmen-noticia.png","datePublished":"2023-03-30T23:42:00+00:00","dateModified":"2024-07-04T16:21:21+00:00","description":"Universidad de las Artes - UArtes entrega por tercera vez t\u00edtulos por Validaci\u00f3n de Trayectorias; firm\u00f3 convenio de cooperaci\u00f3n con el MCyP","breadcrumb":{"@id":"https:\/\/www.uartes.edu.ec\/sitio\/en\/blog\/2023\/03\/30\/la-uartes-entrega-por-tercera-vez-titulos-por-validacion-de-trayectorias-firmo-convenio-con-el-mcyp\/#breadcrumb"},"inLanguage":"en-US","potentialAction":[{"@type":"ReadAction","target":["https:\/\/www.uartes.edu.ec\/sitio\/en\/blog\/2023\/03\/30\/la-uartes-entrega-por-tercera-vez-titulos-por-validacion-de-trayectorias-firmo-convenio-con-el-mcyp\/"]}]},{"@type":"ImageObject","inLanguage":"en-US","@id":"https:\/\/www.uartes.edu.ec\/sitio\/en\/blog\/2023\/03\/30\/la-uartes-entrega-por-tercera-vez-titulos-por-validacion-de-trayectorias-firmo-convenio-con-el-mcyp\/#primaryimage","url":"https:\/\/www.uartes.edu.ec\/sitio\/wp-content\/uploads\/2023\/03\/carmen-noticia.png","contentUrl":"https:\/\/www.uartes.edu.ec\/sitio\/wp-content\/uploads\/2023\/03\/carmen-noticia.png","width":2000,"height":1333},{"@type":"BreadcrumbList","@id":"https:\/\/www.uartes.edu.ec\/sitio\/en\/blog\/2023\/03\/30\/la-uartes-entrega-por-tercera-vez-titulos-por-validacion-de-trayectorias-firmo-convenio-con-el-mcyp\/#breadcrumb","itemListElement":[{"@type":"ListItem","position":1,"name":"Inicio","item":"https:\/\/www.uartes.edu.ec\/sitio\/"},{"@type":"ListItem","position":2,"name":"UArtes entrega por tercera vez t\u00edtulos por Validaci\u00f3n de Trayectorias; firm\u00f3 convenio de cooperaci\u00f3n con el MCyP"}]},{"@type":"WebSite","@id":"https:\/\/www.uartes.edu.ec\/sitio\/en\/#website","url":"https:\/\/www.uartes.edu.ec\/sitio\/en\/","name":"Universidad de las Artes","description":"Sitio oficial de la Universidad Nacional de las Artes del Ecuador","publisher":{"@id":"https:\/\/www.uartes.edu.ec\/sitio\/en\/#organization"},"potentialAction":[{"@type":"SearchAction","target":{"@type":"EntryPoint","urlTemplate":"https:\/\/www.uartes.edu.ec\/sitio\/en\/?s={search_term_string}"},"query-input":{"@type":"PropertyValueSpecification","valueRequired":true,"valueName":"search_term_string"}}],"inLanguage":"en-US"},{"@type":"Organization","@id":"https:\/\/www.uartes.edu.ec\/sitio\/en\/#organization","name":"Universidad de las Artes","url":"https:\/\/www.uartes.edu.ec\/sitio\/en\/","logo":{"@type":"ImageObject","inLanguage":"en-US","@id":"https:\/\/www.uartes.edu.ec\/sitio\/en\/#\/schema\/logo\/image\/","url":"https:\/\/www.uartes.edu.ec\/sitio\/wp-content\/uploads\/2022\/07\/logo-ua-horizontal.png","contentUrl":"https:\/\/www.uartes.edu.ec\/sitio\/wp-content\/uploads\/2022\/07\/logo-ua-horizontal.png","width":800,"height":276,"caption":"Universidad de las Artes"},"image":{"@id":"https:\/\/www.uartes.edu.ec\/sitio\/en\/#\/schema\/logo\/image\/"},"sameAs":["https:\/\/www.facebook.com\/uartesec","https:\/\/x.com\/uartesec","https:\/\/www.tiktok.com\/@uartesec"]},{"@type":"Person","@id":"https:\/\/www.uartes.edu.ec\/sitio\/en\/#\/schema\/person\/efa1b8275797664fd7f13a79ccc0b1f4","name":"ccortez","image":{"@type":"ImageObject","inLanguage":"en-US","@id":"https:\/\/secure.gravatar.com\/avatar\/b2a6f664a3ae8e074346ef91775736c5ec479e637ecced6842de9dc98b5da9cd?s=96&d=mm&r=g","url":"https:\/\/secure.gravatar.com\/avatar\/b2a6f664a3ae8e074346ef91775736c5ec479e637ecced6842de9dc98b5da9cd?s=96&d=mm&r=g","contentUrl":"https:\/\/secure.gravatar.com\/avatar\/b2a6f664a3ae8e074346ef91775736c5ec479e637ecced6842de9dc98b5da9cd?s=96&d=mm&r=g","caption":"ccortez"},"url":"https:\/\/www.uartes.edu.ec\/sitio\/en\/blog\/author\/ccortez\/"}]}},"uagb_featured_image_src":{"full":["https:\/\/www.uartes.edu.ec\/sitio\/wp-content\/uploads\/2023\/03\/carmen-noticia.png",2000,1333,false],"thumbnail":["https:\/\/www.uartes.edu.ec\/sitio\/wp-content\/uploads\/2023\/03\/carmen-noticia-150x150.png",150,150,true],"medium":["https:\/\/www.uartes.edu.ec\/sitio\/wp-content\/uploads\/2023\/03\/carmen-noticia-300x200.png",300,200,true],"medium_large":["https:\/\/www.uartes.edu.ec\/sitio\/wp-content\/uploads\/2023\/03\/carmen-noticia-768x512.png",768,512,true],"large":["https:\/\/www.uartes.edu.ec\/sitio\/wp-content\/uploads\/2023\/03\/carmen-noticia-644x429.png",644,429,true],"1536x1536":["https:\/\/www.uartes.edu.ec\/sitio\/wp-content\/uploads\/2023\/03\/carmen-noticia-1536x1024.png",1536,1024,true],"2048x2048":["https:\/\/www.uartes.edu.ec\/sitio\/wp-content\/uploads\/2023\/03\/carmen-noticia.png",2000,1333,false],"trp-custom-language-flag":["https:\/\/www.uartes.edu.ec\/sitio\/wp-content\/uploads\/2023\/03\/carmen-noticia.png",18,12,false],"htmega_size_585x295":["https:\/\/www.uartes.edu.ec\/sitio\/wp-content\/uploads\/2023\/03\/carmen-noticia-585x295.png",585,295,true],"htmega_size_1170x536":["https:\/\/www.uartes.edu.ec\/sitio\/wp-content\/uploads\/2023\/03\/carmen-noticia-1170x536.png",1170,536,true],"htmega_size_396x360":["https:\/\/www.uartes.edu.ec\/sitio\/wp-content\/uploads\/2023\/03\/carmen-noticia-396x360.png",396,360,true],"gb-block-post-grid-landscape":["https:\/\/www.uartes.edu.ec\/sitio\/wp-content\/uploads\/2023\/03\/carmen-noticia-600x400.png",600,400,true],"gb-block-post-grid-square":["https:\/\/www.uartes.edu.ec\/sitio\/wp-content\/uploads\/2023\/03\/carmen-noticia-600x600.png",600,600,true],"university-hub-thumb":["https:\/\/www.uartes.edu.ec\/sitio\/wp-content\/uploads\/2023\/03\/carmen-noticia-400x267.png",400,267,true]},"uagb_author_info":{"display_name":"ccortez","author_link":"https:\/\/www.uartes.edu.ec\/sitio\/en\/blog\/author\/ccortez\/"},"uagb_comment_info":0,"uagb_excerpt":"Cincuenta y ocho t\u00edtulos de tercer nivel entregar\u00e1 la Universidad de las Artes en cooperaci\u00f3n con el Ministerio de Cultura y Patrimonio a los beneficiarios del proceso de reconocimiento de trayectorias art\u00edsticas en los \u00e1mbitos de Literatura, Cine, Creaci\u00f3n teatral, Producci\u00f3n Musical y Sonora y Artes Musicales y Sonoras. El acto tendr\u00e1 lugar este s\u00e1bado&hellip;","featured_image_src":"https:\/\/www.uartes.edu.ec\/sitio\/wp-content\/uploads\/2023\/03\/carmen-noticia-600x400.png","featured_image_src_square":"https:\/\/www.uartes.edu.ec\/sitio\/wp-content\/uploads\/2023\/03\/carmen-noticia-600x600.png","author_info":{"display_name":"ccortez","author_link":"https:\/\/www.uartes.edu.ec\/sitio\/en\/blog\/author\/ccortez\/"},"publishpress_future_workflow_manual_trigger":{"enabledWorkflows":[]},"distributor_meta":false,"distributor_terms":false,"distributor_media":false,"distributor_original_site_name":"Universidad de las Artes","distributor_original_site_url":"https:\/\/www.uartes.edu.ec\/sitio\/en","push-errors":false,"_links":{"self":[{"href":"https:\/\/www.uartes.edu.ec\/sitio\/en\/wp-json\/wp\/v2\/posts\/40313","targetHints":{"allow":["GET"]}}],"collection":[{"href":"https:\/\/www.uartes.edu.ec\/sitio\/en\/wp-json\/wp\/v2\/posts"}],"about":[{"href":"https:\/\/www.uartes.edu.ec\/sitio\/en\/wp-json\/wp\/v2\/types\/post"}],"author":[{"embeddable":true,"href":"https:\/\/www.uartes.edu.ec\/sitio\/en\/wp-json\/wp\/v2\/users\/10"}],"replies":[{"embeddable":true,"href":"https:\/\/www.uartes.edu.ec\/sitio\/en\/wp-json\/wp\/v2\/comments?post=40313"}],"version-history":[{"count":7,"href":"https:\/\/www.uartes.edu.ec\/sitio\/en\/wp-json\/wp\/v2\/posts\/40313\/revisions"}],"predecessor-version":[{"id":40361,"href":"https:\/\/www.uartes.edu.ec\/sitio\/en\/wp-json\/wp\/v2\/posts\/40313\/revisions\/40361"}],"wp:featuredmedia":[{"embeddable":true,"href":"https:\/\/www.uartes.edu.ec\/sitio\/en\/wp-json\/wp\/v2\/media\/40379"}],"wp:attachment":[{"href":"https:\/\/www.uartes.edu.ec\/sitio\/en\/wp-json\/wp\/v2\/media?parent=40313"}],"wp:term":[{"taxonomy":"category","embeddable":true,"href":"https:\/\/www.uartes.edu.ec\/sitio\/en\/wp-json\/wp\/v2\/categories?post=40313"},{"taxonomy":"post_tag","embeddable":true,"href":"https:\/\/www.uartes.edu.ec\/sitio\/en\/wp-json\/wp\/v2\/tags?post=40313"},{"taxonomy":"infouartes","embeddable":true,"href":"https:\/\/www.uartes.edu.ec\/sitio\/en\/wp-json\/wp\/v2\/infouartes?post=40313"}],"curies":[{"name":"wp","href":"https:\/\/api.w.org\/{rel}","templated":true}]}}