{"id":40665,"date":"2023-04-05T17:05:00","date_gmt":"2023-04-05T22:05:00","guid":{"rendered":"https:\/\/www.uartes.edu.ec\/sitio\/?p=40665"},"modified":"2024-07-04T11:21:20","modified_gmt":"2024-07-04T16:21:20","slug":"poeta-edwin-madrid-un-titulo-profesional-siempre-fue-una-necesidad-en-mi-vida-laboral","status":"publish","type":"post","link":"https:\/\/www.uartes.edu.ec\/sitio\/en\/blog\/2023\/04\/05\/poeta-edwin-madrid-un-titulo-profesional-siempre-fue-una-necesidad-en-mi-vida-laboral\/","title":{"rendered":"Un t\u00edtulo profesional siempre fue una necesidad en mi vida laboral: Edwin Madrid, poeta, ensayista y editor"},"content":{"rendered":"<p>Poeta, ensayista y editor nacido en Quito, Edwin Madrid fue uno de los 58 artistas titulados por la Universidad de las Artes mediante el proceso de Validaci\u00f3n de Trayectorias Profesionales Art\u00edsticas o Culturales. Su licenciatura es en Literatura y el pasado 1 de abril estuvo presente en la entrega de estos reconocimientos, registrada en el MZ14 Centro de Producci\u00f3n e Innovaci\u00f3n de nuestra instituci\u00f3n de educaci\u00f3n superior.<\/p>\n\n\n\n<p>El actual proceso de validaci\u00f3n de trayectorias se inici\u00f3 en 2021 con la suscripci\u00f3n de un convenio de cooperaci\u00f3n interinstitucional entre el Ministerio de Cultura y Patrimonio y la UArtes.<\/p>\n\n\n\n<p>InfoUArtes contact\u00f3 a Edwin Madrid para conocer de su experiencia en el proceso, de sus motivaciones para realizarlo y de lo que significa para \u00e9l en todos sus \u00e1mbitos: art\u00edstico, laboral, personal. Le pedimos desarrollar sus respuestas en primera persona, lo cual compartimos:<\/p>\n\n\n\n<p>Nunca necesit\u00e9 un t\u00edtulo universitario para escribir, todo lo que s\u00e9 de escritura y libros, escritor y literatura, aprend\u00ed en el \u00fanico taller que, el maestro Miguel Donoso Pareja, dict\u00f3 en Quito hace 40 a\u00f1os, conocimiento y saberes que los he cultivado y desarrollado a lo largo de una prol\u00edfica actividad dentro del mundo del libro y la escritura.<\/p>\n\n\n\n<p>Sin embargo, un t\u00edtulo profesional siempre fue una necesidad en mi vida laboral, no tenerlo dificult\u00f3, no s\u00f3lo, acceder a una mejor escala en el trabajo, sino tambi\u00e9n a ser discriminado. En nuestro medio, se mira al poeta como a una persona que tiene pajaritos en la cabeza, por lo tanto, se lo considera como a alguien que est\u00e1 fuera de la realidad; tal vez, as\u00ed mismo es, y el poeta tiene que remar contracorriente para acabar con prejuicios y ganarse un lugar en la sociedad. Por eso, hace 10 a\u00f1os, cuando me invitaron a la inauguraci\u00f3n de la Universidad de las Artes, me emocion\u00f3 mucho saber que pronto los escritores y artistas podr\u00edan obtener un t\u00edtulo universitario que les bridar\u00eda condiciones de trabajo dignas.<\/p>\n\n\n\n<p>Me postul\u00e9 a la tercera convocatoria, para la Validaci\u00f3n de Trayectorias de la Universidad de la Artes, motivado por el convencimiento de poder cumplir con todos los requisitos que me pod\u00edan exigir, y, sobre todo, porque deseo seguir formando a los j\u00f3venes que anhelan iniciarse en la escritura, como lo he venido haciendo por m\u00e1s de 25 a\u00f1os en los Talleres de Escritura Creativa de la Casa de la Cultura en Quito.<\/p>\n\n\n\n<p>Creo que haber obtenido la validaci\u00f3n total en la licenciatura de Literatura es un paso importante para intentar continuar ense\u00f1ando de manera sistem\u00e1tica en un centro de educaci\u00f3n superior.<\/p>\n\n\n\n<p>Asistir a la titulaci\u00f3n por validaci\u00f3n de trayectorias art\u00edsticas fue un acto de fe y motivaci\u00f3n, para seguir creyendo que el arte y los artistas son indispensables en la construcci\u00f3n de un pa\u00eds mejor.<\/p>\n\n\n\n<p>Aunque s\u00e9 que pocas veces la literatura se adelanta a la vida, \u00e9sta \u00faltima acaba de jugarme una mala pasada, y quiero dejarla consignada aqu\u00ed: Resulta que el t\u00edtulo que demor\u00e9 m\u00e1s de treinta a\u00f1os en conseguirlo y que, me entregaron de manera tan bonita, lo extravi\u00e9, lo olvid\u00e9 en la sala de embarque del aeropuerto de Guayaquil, a mi retorno a Quito. Es un t\u00edtulo que se me vuelve a escabullir o, al menos, eso debe creer \u00e9l.<\/p>\n\n\n\n<p>*Edwin Madrid es tambi\u00e9n promotor cultural, cuenta con numerosas publicaciones, ha recibido premios nacionales e internacionales por su obra po\u00e9tica y en tiempos de pandemia lanz\u00f3 el proyecto de descarga gratuita de libros de poes\u00eda Alfabeto del Mundo, que tiene un cat\u00e1logo de 33 libros de poes\u00eda. Dirige los talleres de escritura creativa la Casa de la Cultura Ecuatoriana Benjam\u00edn Carri\u00f3n, en Quito.<\/p>\n\n\n\n<p>Foto: Cortes\u00eda Edwin Madrid.<\/p>","protected":false},"excerpt":{"rendered":"<p>\u201cAunque s\u00e9 que pocas veces la literatura se adelanta a la vida, \u00e9sta \u00faltima acaba de jugarme una mala pasada (&#8230;): Resulta que el t\u00edtulo que demor\u00e9 m\u00e1s de 30 a\u00f1os en conseguirlo y que, me entregaron de manera tan bonita, lo extravi\u00e9, lo olvid\u00e9 en la sala de embarque del aeropuerto de Guayaquil, a mi retorno a Quito. Es un t\u00edtulo que se me vuelve a escabullir o, al menos, eso debe creer \u00e9l\u201d, Edwin Madrid.<\/p>","protected":false},"author":10,"featured_media":40666,"comment_status":"open","ping_status":"open","sticky":false,"template":"","format":"standard","meta":{"_acf_changed":false,"_uag_custom_page_level_css":"","_monsterinsights_skip_tracking":false,"_monsterinsights_sitenote_active":false,"_monsterinsights_sitenote_note":"","_monsterinsights_sitenote_category":0,"cybocfi_hide_featured_image":"","footnotes":""},"categories":[80],"tags":[],"infouartes":[],"class_list":["post-40665","post","type-post","status-publish","format-standard","has-post-thumbnail","hentry","category-academico"],"acf":[],"yoast_head":"<!-- This site is optimized with the Yoast SEO plugin v27.4 - https:\/\/yoast.com\/product\/yoast-seo-wordpress\/ -->\n<title>Universidad de las Artes - Un t\u00edtulo profesional siempre fue una necesidad en mi vida laboral: Edwin Madrid, poeta, ensayista y editor<\/title>\n<meta name=\"description\" content=\"Universidad de las Artes - Un t\u00edtulo profesional siempre fue una necesidad en mi vida laboral: Edwin Madrid, poeta, ensayista y editor\" \/>\n<meta name=\"robots\" content=\"index, follow, max-snippet:-1, max-image-preview:large, max-video-preview:-1\" \/>\n<link rel=\"canonical\" href=\"https:\/\/www.uartes.edu.ec\/sitio\/en\/blog\/2023\/04\/05\/poeta-edwin-madrid-un-titulo-profesional-siempre-fue-una-necesidad-en-mi-vida-laboral\/\" \/>\n<meta property=\"og:locale\" content=\"en_US\" \/>\n<meta property=\"og:type\" content=\"article\" \/>\n<meta property=\"og:title\" content=\"Universidad de las Artes - Un t\u00edtulo profesional siempre fue una necesidad en mi vida laboral: Edwin Madrid, poeta, ensayista y editor\" \/>\n<meta property=\"og:description\" content=\"Universidad de las Artes - Un t\u00edtulo profesional siempre fue una necesidad en mi vida laboral: Edwin Madrid, poeta, ensayista y editor\" \/>\n<meta property=\"og:url\" content=\"https:\/\/www.uartes.edu.ec\/sitio\/en\/blog\/2023\/04\/05\/poeta-edwin-madrid-un-titulo-profesional-siempre-fue-una-necesidad-en-mi-vida-laboral\/\" \/>\n<meta property=\"og:site_name\" content=\"Universidad de las Artes\" \/>\n<meta property=\"article:publisher\" content=\"https:\/\/www.facebook.com\/uartesec\" \/>\n<meta property=\"article:published_time\" content=\"2023-04-05T22:05:00+00:00\" \/>\n<meta property=\"article:modified_time\" content=\"2024-07-04T16:21:20+00:00\" \/>\n<meta property=\"og:image\" content=\"https:\/\/www.uartes.edu.ec\/sitio\/wp-content\/uploads\/2023\/04\/edwin-madrid-web.jpg\" \/>\n\t<meta property=\"og:image:width\" content=\"2000\" \/>\n\t<meta property=\"og:image:height\" content=\"1333\" \/>\n\t<meta property=\"og:image:type\" content=\"image\/jpeg\" \/>\n<meta name=\"author\" content=\"ccortez\" \/>\n<meta name=\"twitter:card\" content=\"summary_large_image\" \/>\n<meta name=\"twitter:creator\" content=\"@uartesec\" \/>\n<meta name=\"twitter:site\" content=\"@uartesec\" \/>\n<meta name=\"twitter:label1\" content=\"Written by\" \/>\n\t<meta name=\"twitter:data1\" content=\"ccortez\" \/>\n\t<meta name=\"twitter:label2\" content=\"Est. reading time\" \/>\n\t<meta name=\"twitter:data2\" content=\"3 minutes\" \/>\n<script type=\"application\/ld+json\" class=\"yoast-schema-graph\">{\"@context\":\"https:\\\/\\\/schema.org\",\"@graph\":[{\"@type\":\"Article\",\"@id\":\"https:\\\/\\\/www.uartes.edu.ec\\\/sitio\\\/en\\\/blog\\\/2023\\\/04\\\/05\\\/poeta-edwin-madrid-un-titulo-profesional-siempre-fue-una-necesidad-en-mi-vida-laboral\\\/#article\",\"isPartOf\":{\"@id\":\"https:\\\/\\\/www.uartes.edu.ec\\\/sitio\\\/en\\\/blog\\\/2023\\\/04\\\/05\\\/poeta-edwin-madrid-un-titulo-profesional-siempre-fue-una-necesidad-en-mi-vida-laboral\\\/\"},\"author\":{\"name\":\"ccortez\",\"@id\":\"https:\\\/\\\/www.uartes.edu.ec\\\/sitio\\\/en\\\/#\\\/schema\\\/person\\\/efa1b8275797664fd7f13a79ccc0b1f4\"},\"headline\":\"Un t\u00edtulo profesional siempre fue una necesidad en mi vida laboral: Edwin Madrid, poeta, ensayista y editor\",\"datePublished\":\"2023-04-05T22:05:00+00:00\",\"dateModified\":\"2024-07-04T16:21:20+00:00\",\"mainEntityOfPage\":{\"@id\":\"https:\\\/\\\/www.uartes.edu.ec\\\/sitio\\\/en\\\/blog\\\/2023\\\/04\\\/05\\\/poeta-edwin-madrid-un-titulo-profesional-siempre-fue-una-necesidad-en-mi-vida-laboral\\\/\"},\"wordCount\":664,\"commentCount\":0,\"publisher\":{\"@id\":\"https:\\\/\\\/www.uartes.edu.ec\\\/sitio\\\/en\\\/#organization\"},\"image\":{\"@id\":\"https:\\\/\\\/www.uartes.edu.ec\\\/sitio\\\/en\\\/blog\\\/2023\\\/04\\\/05\\\/poeta-edwin-madrid-un-titulo-profesional-siempre-fue-una-necesidad-en-mi-vida-laboral\\\/#primaryimage\"},\"thumbnailUrl\":\"https:\\\/\\\/www.uartes.edu.ec\\\/sitio\\\/wp-content\\\/uploads\\\/2023\\\/04\\\/edwin-madrid-web.jpg\",\"articleSection\":[\"Acad\u00e9mico\"],\"inLanguage\":\"en-US\",\"potentialAction\":[{\"@type\":\"CommentAction\",\"name\":\"Comment\",\"target\":[\"https:\\\/\\\/www.uartes.edu.ec\\\/sitio\\\/en\\\/blog\\\/2023\\\/04\\\/05\\\/poeta-edwin-madrid-un-titulo-profesional-siempre-fue-una-necesidad-en-mi-vida-laboral\\\/#respond\"]}]},{\"@type\":[\"WebPage\",\"ItemPage\"],\"@id\":\"https:\\\/\\\/www.uartes.edu.ec\\\/sitio\\\/en\\\/blog\\\/2023\\\/04\\\/05\\\/poeta-edwin-madrid-un-titulo-profesional-siempre-fue-una-necesidad-en-mi-vida-laboral\\\/\",\"url\":\"https:\\\/\\\/www.uartes.edu.ec\\\/sitio\\\/en\\\/blog\\\/2023\\\/04\\\/05\\\/poeta-edwin-madrid-un-titulo-profesional-siempre-fue-una-necesidad-en-mi-vida-laboral\\\/\",\"name\":\"Universidad de las Artes - Un t\u00edtulo profesional siempre fue una necesidad en mi vida laboral: Edwin Madrid, poeta, ensayista y editor\",\"isPartOf\":{\"@id\":\"https:\\\/\\\/www.uartes.edu.ec\\\/sitio\\\/en\\\/#website\"},\"primaryImageOfPage\":{\"@id\":\"https:\\\/\\\/www.uartes.edu.ec\\\/sitio\\\/en\\\/blog\\\/2023\\\/04\\\/05\\\/poeta-edwin-madrid-un-titulo-profesional-siempre-fue-una-necesidad-en-mi-vida-laboral\\\/#primaryimage\"},\"image\":{\"@id\":\"https:\\\/\\\/www.uartes.edu.ec\\\/sitio\\\/en\\\/blog\\\/2023\\\/04\\\/05\\\/poeta-edwin-madrid-un-titulo-profesional-siempre-fue-una-necesidad-en-mi-vida-laboral\\\/#primaryimage\"},\"thumbnailUrl\":\"https:\\\/\\\/www.uartes.edu.ec\\\/sitio\\\/wp-content\\\/uploads\\\/2023\\\/04\\\/edwin-madrid-web.jpg\",\"datePublished\":\"2023-04-05T22:05:00+00:00\",\"dateModified\":\"2024-07-04T16:21:20+00:00\",\"description\":\"Universidad de las Artes - Un t\u00edtulo profesional siempre fue una necesidad en mi vida laboral: Edwin Madrid, poeta, ensayista y editor\",\"breadcrumb\":{\"@id\":\"https:\\\/\\\/www.uartes.edu.ec\\\/sitio\\\/en\\\/blog\\\/2023\\\/04\\\/05\\\/poeta-edwin-madrid-un-titulo-profesional-siempre-fue-una-necesidad-en-mi-vida-laboral\\\/#breadcrumb\"},\"inLanguage\":\"en-US\",\"potentialAction\":[{\"@type\":\"ReadAction\",\"target\":[\"https:\\\/\\\/www.uartes.edu.ec\\\/sitio\\\/en\\\/blog\\\/2023\\\/04\\\/05\\\/poeta-edwin-madrid-un-titulo-profesional-siempre-fue-una-necesidad-en-mi-vida-laboral\\\/\"]}]},{\"@type\":\"ImageObject\",\"inLanguage\":\"en-US\",\"@id\":\"https:\\\/\\\/www.uartes.edu.ec\\\/sitio\\\/en\\\/blog\\\/2023\\\/04\\\/05\\\/poeta-edwin-madrid-un-titulo-profesional-siempre-fue-una-necesidad-en-mi-vida-laboral\\\/#primaryimage\",\"url\":\"https:\\\/\\\/www.uartes.edu.ec\\\/sitio\\\/wp-content\\\/uploads\\\/2023\\\/04\\\/edwin-madrid-web.jpg\",\"contentUrl\":\"https:\\\/\\\/www.uartes.edu.ec\\\/sitio\\\/wp-content\\\/uploads\\\/2023\\\/04\\\/edwin-madrid-web.jpg\",\"width\":2000,\"height\":1333},{\"@type\":\"BreadcrumbList\",\"@id\":\"https:\\\/\\\/www.uartes.edu.ec\\\/sitio\\\/en\\\/blog\\\/2023\\\/04\\\/05\\\/poeta-edwin-madrid-un-titulo-profesional-siempre-fue-una-necesidad-en-mi-vida-laboral\\\/#breadcrumb\",\"itemListElement\":[{\"@type\":\"ListItem\",\"position\":1,\"name\":\"Inicio\",\"item\":\"https:\\\/\\\/www.uartes.edu.ec\\\/sitio\\\/\"},{\"@type\":\"ListItem\",\"position\":2,\"name\":\"Un t\u00edtulo profesional siempre fue una necesidad en mi vida laboral: Edwin Madrid, poeta, ensayista y editor\"}]},{\"@type\":\"WebSite\",\"@id\":\"https:\\\/\\\/www.uartes.edu.ec\\\/sitio\\\/en\\\/#website\",\"url\":\"https:\\\/\\\/www.uartes.edu.ec\\\/sitio\\\/en\\\/\",\"name\":\"Universidad de las Artes\",\"description\":\"Sitio oficial de la Universidad Nacional de las Artes del Ecuador\",\"publisher\":{\"@id\":\"https:\\\/\\\/www.uartes.edu.ec\\\/sitio\\\/en\\\/#organization\"},\"potentialAction\":[{\"@type\":\"SearchAction\",\"target\":{\"@type\":\"EntryPoint\",\"urlTemplate\":\"https:\\\/\\\/www.uartes.edu.ec\\\/sitio\\\/en\\\/?s={search_term_string}\"},\"query-input\":{\"@type\":\"PropertyValueSpecification\",\"valueRequired\":true,\"valueName\":\"search_term_string\"}}],\"inLanguage\":\"en-US\"},{\"@type\":\"Organization\",\"@id\":\"https:\\\/\\\/www.uartes.edu.ec\\\/sitio\\\/en\\\/#organization\",\"name\":\"Universidad de las Artes\",\"url\":\"https:\\\/\\\/www.uartes.edu.ec\\\/sitio\\\/en\\\/\",\"logo\":{\"@type\":\"ImageObject\",\"inLanguage\":\"en-US\",\"@id\":\"https:\\\/\\\/www.uartes.edu.ec\\\/sitio\\\/en\\\/#\\\/schema\\\/logo\\\/image\\\/\",\"url\":\"https:\\\/\\\/www.uartes.edu.ec\\\/sitio\\\/wp-content\\\/uploads\\\/2022\\\/07\\\/logo-ua-horizontal.png\",\"contentUrl\":\"https:\\\/\\\/www.uartes.edu.ec\\\/sitio\\\/wp-content\\\/uploads\\\/2022\\\/07\\\/logo-ua-horizontal.png\",\"width\":800,\"height\":276,\"caption\":\"Universidad de las Artes\"},\"image\":{\"@id\":\"https:\\\/\\\/www.uartes.edu.ec\\\/sitio\\\/en\\\/#\\\/schema\\\/logo\\\/image\\\/\"},\"sameAs\":[\"https:\\\/\\\/www.facebook.com\\\/uartesec\",\"https:\\\/\\\/x.com\\\/uartesec\",\"https:\\\/\\\/www.tiktok.com\\\/@uartesec\"]},{\"@type\":\"Person\",\"@id\":\"https:\\\/\\\/www.uartes.edu.ec\\\/sitio\\\/en\\\/#\\\/schema\\\/person\\\/efa1b8275797664fd7f13a79ccc0b1f4\",\"name\":\"ccortez\",\"image\":{\"@type\":\"ImageObject\",\"inLanguage\":\"en-US\",\"@id\":\"https:\\\/\\\/secure.gravatar.com\\\/avatar\\\/b2a6f664a3ae8e074346ef91775736c5ec479e637ecced6842de9dc98b5da9cd?s=96&d=mm&r=g\",\"url\":\"https:\\\/\\\/secure.gravatar.com\\\/avatar\\\/b2a6f664a3ae8e074346ef91775736c5ec479e637ecced6842de9dc98b5da9cd?s=96&d=mm&r=g\",\"contentUrl\":\"https:\\\/\\\/secure.gravatar.com\\\/avatar\\\/b2a6f664a3ae8e074346ef91775736c5ec479e637ecced6842de9dc98b5da9cd?s=96&d=mm&r=g\",\"caption\":\"ccortez\"},\"url\":\"https:\\\/\\\/www.uartes.edu.ec\\\/sitio\\\/en\\\/blog\\\/author\\\/ccortez\\\/\"}]}<\/script>\n<!-- \/ Yoast SEO plugin. -->","yoast_head_json":{"title":"Universidad de las Artes - Un t\u00edtulo profesional siempre fue una necesidad en mi vida laboral: Edwin Madrid, poeta, ensayista y editor","description":"Universidad de las Artes - Un t\u00edtulo profesional siempre fue una necesidad en mi vida laboral: Edwin Madrid, poeta, ensayista y editor","robots":{"index":"index","follow":"follow","max-snippet":"max-snippet:-1","max-image-preview":"max-image-preview:large","max-video-preview":"max-video-preview:-1"},"canonical":"https:\/\/www.uartes.edu.ec\/sitio\/en\/blog\/2023\/04\/05\/poeta-edwin-madrid-un-titulo-profesional-siempre-fue-una-necesidad-en-mi-vida-laboral\/","og_locale":"en_US","og_type":"article","og_title":"Universidad de las Artes - Un t\u00edtulo profesional siempre fue una necesidad en mi vida laboral: Edwin Madrid, poeta, ensayista y editor","og_description":"Universidad de las Artes - Un t\u00edtulo profesional siempre fue una necesidad en mi vida laboral: Edwin Madrid, poeta, ensayista y editor","og_url":"https:\/\/www.uartes.edu.ec\/sitio\/en\/blog\/2023\/04\/05\/poeta-edwin-madrid-un-titulo-profesional-siempre-fue-una-necesidad-en-mi-vida-laboral\/","og_site_name":"Universidad de las Artes","article_publisher":"https:\/\/www.facebook.com\/uartesec","article_published_time":"2023-04-05T22:05:00+00:00","article_modified_time":"2024-07-04T16:21:20+00:00","og_image":[{"width":2000,"height":1333,"url":"https:\/\/www.uartes.edu.ec\/sitio\/wp-content\/uploads\/2023\/04\/edwin-madrid-web.jpg","type":"image\/jpeg"}],"author":"ccortez","twitter_card":"summary_large_image","twitter_creator":"@uartesec","twitter_site":"@uartesec","twitter_misc":{"Written by":"ccortez","Est. reading time":"3 minutes"},"schema":{"@context":"https:\/\/schema.org","@graph":[{"@type":"Article","@id":"https:\/\/www.uartes.edu.ec\/sitio\/en\/blog\/2023\/04\/05\/poeta-edwin-madrid-un-titulo-profesional-siempre-fue-una-necesidad-en-mi-vida-laboral\/#article","isPartOf":{"@id":"https:\/\/www.uartes.edu.ec\/sitio\/en\/blog\/2023\/04\/05\/poeta-edwin-madrid-un-titulo-profesional-siempre-fue-una-necesidad-en-mi-vida-laboral\/"},"author":{"name":"ccortez","@id":"https:\/\/www.uartes.edu.ec\/sitio\/en\/#\/schema\/person\/efa1b8275797664fd7f13a79ccc0b1f4"},"headline":"Un t\u00edtulo profesional siempre fue una necesidad en mi vida laboral: Edwin Madrid, poeta, ensayista y editor","datePublished":"2023-04-05T22:05:00+00:00","dateModified":"2024-07-04T16:21:20+00:00","mainEntityOfPage":{"@id":"https:\/\/www.uartes.edu.ec\/sitio\/en\/blog\/2023\/04\/05\/poeta-edwin-madrid-un-titulo-profesional-siempre-fue-una-necesidad-en-mi-vida-laboral\/"},"wordCount":664,"commentCount":0,"publisher":{"@id":"https:\/\/www.uartes.edu.ec\/sitio\/en\/#organization"},"image":{"@id":"https:\/\/www.uartes.edu.ec\/sitio\/en\/blog\/2023\/04\/05\/poeta-edwin-madrid-un-titulo-profesional-siempre-fue-una-necesidad-en-mi-vida-laboral\/#primaryimage"},"thumbnailUrl":"https:\/\/www.uartes.edu.ec\/sitio\/wp-content\/uploads\/2023\/04\/edwin-madrid-web.jpg","articleSection":["Acad\u00e9mico"],"inLanguage":"en-US","potentialAction":[{"@type":"CommentAction","name":"Comment","target":["https:\/\/www.uartes.edu.ec\/sitio\/en\/blog\/2023\/04\/05\/poeta-edwin-madrid-un-titulo-profesional-siempre-fue-una-necesidad-en-mi-vida-laboral\/#respond"]}]},{"@type":["WebPage","ItemPage"],"@id":"https:\/\/www.uartes.edu.ec\/sitio\/en\/blog\/2023\/04\/05\/poeta-edwin-madrid-un-titulo-profesional-siempre-fue-una-necesidad-en-mi-vida-laboral\/","url":"https:\/\/www.uartes.edu.ec\/sitio\/en\/blog\/2023\/04\/05\/poeta-edwin-madrid-un-titulo-profesional-siempre-fue-una-necesidad-en-mi-vida-laboral\/","name":"Universidad de las Artes - Un t\u00edtulo profesional siempre fue una necesidad en mi vida laboral: Edwin Madrid, poeta, ensayista y editor","isPartOf":{"@id":"https:\/\/www.uartes.edu.ec\/sitio\/en\/#website"},"primaryImageOfPage":{"@id":"https:\/\/www.uartes.edu.ec\/sitio\/en\/blog\/2023\/04\/05\/poeta-edwin-madrid-un-titulo-profesional-siempre-fue-una-necesidad-en-mi-vida-laboral\/#primaryimage"},"image":{"@id":"https:\/\/www.uartes.edu.ec\/sitio\/en\/blog\/2023\/04\/05\/poeta-edwin-madrid-un-titulo-profesional-siempre-fue-una-necesidad-en-mi-vida-laboral\/#primaryimage"},"thumbnailUrl":"https:\/\/www.uartes.edu.ec\/sitio\/wp-content\/uploads\/2023\/04\/edwin-madrid-web.jpg","datePublished":"2023-04-05T22:05:00+00:00","dateModified":"2024-07-04T16:21:20+00:00","description":"Universidad de las Artes - Un t\u00edtulo profesional siempre fue una necesidad en mi vida laboral: Edwin Madrid, poeta, ensayista y editor","breadcrumb":{"@id":"https:\/\/www.uartes.edu.ec\/sitio\/en\/blog\/2023\/04\/05\/poeta-edwin-madrid-un-titulo-profesional-siempre-fue-una-necesidad-en-mi-vida-laboral\/#breadcrumb"},"inLanguage":"en-US","potentialAction":[{"@type":"ReadAction","target":["https:\/\/www.uartes.edu.ec\/sitio\/en\/blog\/2023\/04\/05\/poeta-edwin-madrid-un-titulo-profesional-siempre-fue-una-necesidad-en-mi-vida-laboral\/"]}]},{"@type":"ImageObject","inLanguage":"en-US","@id":"https:\/\/www.uartes.edu.ec\/sitio\/en\/blog\/2023\/04\/05\/poeta-edwin-madrid-un-titulo-profesional-siempre-fue-una-necesidad-en-mi-vida-laboral\/#primaryimage","url":"https:\/\/www.uartes.edu.ec\/sitio\/wp-content\/uploads\/2023\/04\/edwin-madrid-web.jpg","contentUrl":"https:\/\/www.uartes.edu.ec\/sitio\/wp-content\/uploads\/2023\/04\/edwin-madrid-web.jpg","width":2000,"height":1333},{"@type":"BreadcrumbList","@id":"https:\/\/www.uartes.edu.ec\/sitio\/en\/blog\/2023\/04\/05\/poeta-edwin-madrid-un-titulo-profesional-siempre-fue-una-necesidad-en-mi-vida-laboral\/#breadcrumb","itemListElement":[{"@type":"ListItem","position":1,"name":"Inicio","item":"https:\/\/www.uartes.edu.ec\/sitio\/"},{"@type":"ListItem","position":2,"name":"Un t\u00edtulo profesional siempre fue una necesidad en mi vida laboral: Edwin Madrid, poeta, ensayista y editor"}]},{"@type":"WebSite","@id":"https:\/\/www.uartes.edu.ec\/sitio\/en\/#website","url":"https:\/\/www.uartes.edu.ec\/sitio\/en\/","name":"Universidad de las Artes","description":"Sitio oficial de la Universidad Nacional de las Artes del Ecuador","publisher":{"@id":"https:\/\/www.uartes.edu.ec\/sitio\/en\/#organization"},"potentialAction":[{"@type":"SearchAction","target":{"@type":"EntryPoint","urlTemplate":"https:\/\/www.uartes.edu.ec\/sitio\/en\/?s={search_term_string}"},"query-input":{"@type":"PropertyValueSpecification","valueRequired":true,"valueName":"search_term_string"}}],"inLanguage":"en-US"},{"@type":"Organization","@id":"https:\/\/www.uartes.edu.ec\/sitio\/en\/#organization","name":"Universidad de las Artes","url":"https:\/\/www.uartes.edu.ec\/sitio\/en\/","logo":{"@type":"ImageObject","inLanguage":"en-US","@id":"https:\/\/www.uartes.edu.ec\/sitio\/en\/#\/schema\/logo\/image\/","url":"https:\/\/www.uartes.edu.ec\/sitio\/wp-content\/uploads\/2022\/07\/logo-ua-horizontal.png","contentUrl":"https:\/\/www.uartes.edu.ec\/sitio\/wp-content\/uploads\/2022\/07\/logo-ua-horizontal.png","width":800,"height":276,"caption":"Universidad de las Artes"},"image":{"@id":"https:\/\/www.uartes.edu.ec\/sitio\/en\/#\/schema\/logo\/image\/"},"sameAs":["https:\/\/www.facebook.com\/uartesec","https:\/\/x.com\/uartesec","https:\/\/www.tiktok.com\/@uartesec"]},{"@type":"Person","@id":"https:\/\/www.uartes.edu.ec\/sitio\/en\/#\/schema\/person\/efa1b8275797664fd7f13a79ccc0b1f4","name":"ccortez","image":{"@type":"ImageObject","inLanguage":"en-US","@id":"https:\/\/secure.gravatar.com\/avatar\/b2a6f664a3ae8e074346ef91775736c5ec479e637ecced6842de9dc98b5da9cd?s=96&d=mm&r=g","url":"https:\/\/secure.gravatar.com\/avatar\/b2a6f664a3ae8e074346ef91775736c5ec479e637ecced6842de9dc98b5da9cd?s=96&d=mm&r=g","contentUrl":"https:\/\/secure.gravatar.com\/avatar\/b2a6f664a3ae8e074346ef91775736c5ec479e637ecced6842de9dc98b5da9cd?s=96&d=mm&r=g","caption":"ccortez"},"url":"https:\/\/www.uartes.edu.ec\/sitio\/en\/blog\/author\/ccortez\/"}]}},"uagb_featured_image_src":{"full":["https:\/\/www.uartes.edu.ec\/sitio\/wp-content\/uploads\/2023\/04\/edwin-madrid-web.jpg",2000,1333,false],"thumbnail":["https:\/\/www.uartes.edu.ec\/sitio\/wp-content\/uploads\/2023\/04\/edwin-madrid-web-150x150.jpg",150,150,true],"medium":["https:\/\/www.uartes.edu.ec\/sitio\/wp-content\/uploads\/2023\/04\/edwin-madrid-web-300x200.jpg",300,200,true],"medium_large":["https:\/\/www.uartes.edu.ec\/sitio\/wp-content\/uploads\/2023\/04\/edwin-madrid-web-768x512.jpg",768,512,true],"large":["https:\/\/www.uartes.edu.ec\/sitio\/wp-content\/uploads\/2023\/04\/edwin-madrid-web-644x429.jpg",644,429,true],"1536x1536":["https:\/\/www.uartes.edu.ec\/sitio\/wp-content\/uploads\/2023\/04\/edwin-madrid-web-1536x1024.jpg",1536,1024,true],"2048x2048":["https:\/\/www.uartes.edu.ec\/sitio\/wp-content\/uploads\/2023\/04\/edwin-madrid-web.jpg",2000,1333,false],"trp-custom-language-flag":["https:\/\/www.uartes.edu.ec\/sitio\/wp-content\/uploads\/2023\/04\/edwin-madrid-web.jpg",18,12,false],"htmega_size_585x295":["https:\/\/www.uartes.edu.ec\/sitio\/wp-content\/uploads\/2023\/04\/edwin-madrid-web-585x295.jpg",585,295,true],"htmega_size_1170x536":["https:\/\/www.uartes.edu.ec\/sitio\/wp-content\/uploads\/2023\/04\/edwin-madrid-web-1170x536.jpg",1170,536,true],"htmega_size_396x360":["https:\/\/www.uartes.edu.ec\/sitio\/wp-content\/uploads\/2023\/04\/edwin-madrid-web-396x360.jpg",396,360,true],"gb-block-post-grid-landscape":["https:\/\/www.uartes.edu.ec\/sitio\/wp-content\/uploads\/2023\/04\/edwin-madrid-web-600x400.jpg",600,400,true],"gb-block-post-grid-square":["https:\/\/www.uartes.edu.ec\/sitio\/wp-content\/uploads\/2023\/04\/edwin-madrid-web-600x600.jpg",600,600,true],"university-hub-thumb":["https:\/\/www.uartes.edu.ec\/sitio\/wp-content\/uploads\/2023\/04\/edwin-madrid-web-400x267.jpg",400,267,true]},"uagb_author_info":{"display_name":"ccortez","author_link":"https:\/\/www.uartes.edu.ec\/sitio\/en\/blog\/author\/ccortez\/"},"uagb_comment_info":0,"uagb_excerpt":"\u201cAunque s\u00e9 que pocas veces la literatura se adelanta a la vida, \u00e9sta \u00faltima acaba de jugarme una mala pasada (...): Resulta que el t\u00edtulo que demor\u00e9 m\u00e1s de 30 a\u00f1os en conseguirlo y que, me entregaron de manera tan bonita, lo extravi\u00e9, lo olvid\u00e9 en la sala de embarque del aeropuerto de Guayaquil, a&hellip;","featured_image_src":"https:\/\/www.uartes.edu.ec\/sitio\/wp-content\/uploads\/2023\/04\/edwin-madrid-web-600x400.jpg","featured_image_src_square":"https:\/\/www.uartes.edu.ec\/sitio\/wp-content\/uploads\/2023\/04\/edwin-madrid-web-600x600.jpg","author_info":{"display_name":"ccortez","author_link":"https:\/\/www.uartes.edu.ec\/sitio\/en\/blog\/author\/ccortez\/"},"publishpress_future_workflow_manual_trigger":{"enabledWorkflows":[]},"distributor_meta":false,"distributor_terms":false,"distributor_media":false,"distributor_original_site_name":"Universidad de las Artes","distributor_original_site_url":"https:\/\/www.uartes.edu.ec\/sitio\/en","push-errors":false,"_links":{"self":[{"href":"https:\/\/www.uartes.edu.ec\/sitio\/en\/wp-json\/wp\/v2\/posts\/40665","targetHints":{"allow":["GET"]}}],"collection":[{"href":"https:\/\/www.uartes.edu.ec\/sitio\/en\/wp-json\/wp\/v2\/posts"}],"about":[{"href":"https:\/\/www.uartes.edu.ec\/sitio\/en\/wp-json\/wp\/v2\/types\/post"}],"author":[{"embeddable":true,"href":"https:\/\/www.uartes.edu.ec\/sitio\/en\/wp-json\/wp\/v2\/users\/10"}],"replies":[{"embeddable":true,"href":"https:\/\/www.uartes.edu.ec\/sitio\/en\/wp-json\/wp\/v2\/comments?post=40665"}],"version-history":[{"count":10,"href":"https:\/\/www.uartes.edu.ec\/sitio\/en\/wp-json\/wp\/v2\/posts\/40665\/revisions"}],"predecessor-version":[{"id":40727,"href":"https:\/\/www.uartes.edu.ec\/sitio\/en\/wp-json\/wp\/v2\/posts\/40665\/revisions\/40727"}],"wp:featuredmedia":[{"embeddable":true,"href":"https:\/\/www.uartes.edu.ec\/sitio\/en\/wp-json\/wp\/v2\/media\/40666"}],"wp:attachment":[{"href":"https:\/\/www.uartes.edu.ec\/sitio\/en\/wp-json\/wp\/v2\/media?parent=40665"}],"wp:term":[{"taxonomy":"category","embeddable":true,"href":"https:\/\/www.uartes.edu.ec\/sitio\/en\/wp-json\/wp\/v2\/categories?post=40665"},{"taxonomy":"post_tag","embeddable":true,"href":"https:\/\/www.uartes.edu.ec\/sitio\/en\/wp-json\/wp\/v2\/tags?post=40665"},{"taxonomy":"infouartes","embeddable":true,"href":"https:\/\/www.uartes.edu.ec\/sitio\/en\/wp-json\/wp\/v2\/infouartes?post=40665"}],"curies":[{"name":"wp","href":"https:\/\/api.w.org\/{rel}","templated":true}]}}