{"id":41406,"date":"2023-04-27T16:45:00","date_gmt":"2023-04-27T21:45:00","guid":{"rendered":"https:\/\/www.uartes.edu.ec\/sitio\/?p=41406"},"modified":"2024-07-04T11:21:15","modified_gmt":"2024-07-04T16:21:15","slug":"docente-estudiantes-y-alumnus-uartes-que-integran-uve-se-presentaron-con-alejandro-sanz-y-van-por-mas","status":"publish","type":"post","link":"https:\/\/www.uartes.edu.ec\/sitio\/en\/blog\/2023\/04\/27\/docente-estudiantes-y-alumnus-uartes-que-integran-uve-se-presentaron-con-alejandro-sanz-y-van-por-mas\/","title":{"rendered":"Docente, estudiantes y graduados que integran Una Voz Ecuador (UVE) se presentaron con Alejandro Sanz"},"content":{"rendered":"<p>La iniciativa de un grupo de amigos de juntarse para crear y componer m\u00fasica de manera colaborativa e inclusiva va dando sus frutos. El movimiento Una Voz Ecuador (UVE), como lo han denominado los 25 artistas que lo integran \u2013entre ellos el docente UArtes Antonio Cepeda, los estudiantes Stalin Mac\u00edas y Paula Laura y los graduados Shalom Mendieta y Ricardo Almeida\u2013, no solo cuenta con producciones que est\u00e1n ya en redes sociales y plataformas musicales, sino que el pasado 22 de abril tuvo una presentaci\u00f3n ante unas 20 mil personas.<\/p>\n\n\n\n<p>Fue en el concierto del int\u00e9rprete y compositor espa\u00f1ol Alejandro Sanz, donde estrenaron el tema \u201cCon ganas de gritar\u201d y otras producciones de creaci\u00f3n colectiva y de variado g\u00e9nero. Unas con influencia de funk, otras de rap, rock, pop, entre otros. Medios locales, como El Universo, han dado cuenta de la participaci\u00f3n de UVE: \u201cA su lado subi\u00f3 a los ecuatorianos que conforman el movimiento art\u00edstico. Shalom Mendieta&nbsp;fue la voz que lo acompa\u00f1\u00f3 en la canci\u00f3n&nbsp;<em>Looking for Paradise,<\/em> representando al talento local\u201d.&nbsp;<\/p>\n\n\n\n<p>En \u201cCon ganas de gritar\u201d estamos todos en escena, cont\u00f3 a InfoUArtes Antonio Cepeda. \u201cEs una canci\u00f3n que habla de este movimiento, de c\u00f3mo nos hace bien el hecho de crear juntos\u201d, dijo y rese\u00f1\u00f3 que son ya tres meses los que llevan junt\u00e1ndose, cuando tienen tiempo y m\u00e1s por las ganas de hacerlo. Van a un estudio de grabaci\u00f3n, como sala de ensayo, siempre listos para grabar, generando entre ellos un ambiente ch\u00e9vere de participaci\u00f3n.<\/p>\n\n\n<div class=\"wp-block-image\">\n<figure class=\"aligncenter size-large\"><img fetchpriority=\"high\" decoding=\"async\" width=\"644\" height=\"429\" src=\"https:\/\/www.uartes.edu.ec\/sitio\/wp-content\/uploads\/2023\/04\/CONCIERTO-ALEJANDRO-SANZ-01-644x429.jpg\" alt=\"\" class=\"wp-image-41408\" srcset=\"https:\/\/www.uartes.edu.ec\/sitio\/wp-content\/uploads\/2023\/04\/CONCIERTO-ALEJANDRO-SANZ-01-644x429.jpg 644w, https:\/\/www.uartes.edu.ec\/sitio\/wp-content\/uploads\/2023\/04\/CONCIERTO-ALEJANDRO-SANZ-01-768x511.jpg 768w, https:\/\/www.uartes.edu.ec\/sitio\/wp-content\/uploads\/2023\/04\/CONCIERTO-ALEJANDRO-SANZ-01.jpg 2000w, https:\/\/www.uartes.edu.ec\/sitio\/wp-content\/uploads\/2023\/04\/CONCIERTO-ALEJANDRO-SANZ-01-600x399.jpg 600w, https:\/\/www.uartes.edu.ec\/sitio\/wp-content\/uploads\/2023\/04\/CONCIERTO-ALEJANDRO-SANZ-01-272x182.jpg 272w\" sizes=\"(max-width: 644px) 100vw, 644px\" \/><\/figure>\n<\/div>\n\n\n<p>Al concierto de Sanz llegaron por amistad directa de uno de los miembros del grupo con el cantautor espa\u00f1ol. Los invit\u00f3 a abrir el show, sostuvo Cepeda, quien viendo la necesidad de un componente m\u00e1s ecuatoriano invit\u00f3 a Stalin Mac\u00edas, requintista, quien, al igual Shalom Mendieta, toc\u00f3 una canci\u00f3n con \u00e9l.<\/p>\n\n\n\n<p>\u201cHaber tenido la dicha de ser uno de los artistas ecuatorianos que abrieron el concierto de un cantautor con una trayectoria tan latente como la de Alejandro Sanz es un regalo para nuestro camino art\u00edstico\u201d, indic\u00f3 Mac\u00edas.<\/p>\n\n\n\n<p>El estudiante UArtes sostuvo que la cultura musical de nuestro pa\u00eds merece ser reconocida y conocida. \u201cMerece fomentar el encuentro entre diferentes artistas de diferentes g\u00e9neros y trayectorias para as\u00ed lograr ser uno solo en el escenario, con un mismo p\u00fablico y junto a otros grandes artistas nacionales e internacionales\u201d. De la experiencia indic\u00f3 estar muy agradecido.<\/p>\n\n\n\n<p>\u201cEn una tarde muy normal y relajada en mi academia me lleg\u00f3 una llamada de la cual no esperaba tan grande sorpresa. Considero que la preparaci\u00f3n art\u00edstica (sea a lo que sea que te dediques) siempre, siempre va a ser uno de los pilares m\u00e1s importantes para atraer grandes oportunidades, pues estas son como un tren a punto de salir, sino est\u00e1s listo y preparado se te va y no regresa. Mi agradecimiento a todo el equipo que form\u00f3 parte de este sue\u00f1o y que permiti\u00f3 reunirnos a todos para ser grandes en una noche tan m\u00e1gica y llena de emociones\u201d, escribi\u00f3 Stalin Mac\u00edas para el InfoUArtes.<\/p>\n\n\n<div class=\"wp-block-image\">\n<figure class=\"aligncenter size-large\"><img decoding=\"async\" width=\"644\" height=\"429\" src=\"https:\/\/www.uartes.edu.ec\/sitio\/wp-content\/uploads\/2023\/04\/CONCIERTO-ALEJANDRO-SANZ-TONO-CEPEDA-02-644x429.jpg\" alt=\"\" class=\"wp-image-41409\" srcset=\"https:\/\/www.uartes.edu.ec\/sitio\/wp-content\/uploads\/2023\/04\/CONCIERTO-ALEJANDRO-SANZ-TONO-CEPEDA-02-644x429.jpg 644w, https:\/\/www.uartes.edu.ec\/sitio\/wp-content\/uploads\/2023\/04\/CONCIERTO-ALEJANDRO-SANZ-TONO-CEPEDA-02-768x511.jpg 768w, https:\/\/www.uartes.edu.ec\/sitio\/wp-content\/uploads\/2023\/04\/CONCIERTO-ALEJANDRO-SANZ-TONO-CEPEDA-02.jpg 2000w, https:\/\/www.uartes.edu.ec\/sitio\/wp-content\/uploads\/2023\/04\/CONCIERTO-ALEJANDRO-SANZ-TONO-CEPEDA-02-600x399.jpg 600w, https:\/\/www.uartes.edu.ec\/sitio\/wp-content\/uploads\/2023\/04\/CONCIERTO-ALEJANDRO-SANZ-TONO-CEPEDA-02-272x182.jpg 272w\" sizes=\"(max-width: 644px) 100vw, 644px\" \/><\/figure>\n<\/div>\n\n\n<p>Paula Lara, por su parte, anot\u00f3 que podr\u00eda describir la experiencia como algo innovador dentro de los proyectos en los que ha podido formar parte. \u201cGracias a Una Voz Ecuador pude trabajar y conocer un poco m\u00e1s a algunos colegas. Cada uno con diferente trayectoria, pero con el mismo objetivo: dejar en alto nuestra m\u00fasica\u201d.<\/p>\n\n\n\n<p>Ricardo Almeida manifest\u00f3 que formar parte de este proyecto implic\u00f3 un proceso muy reflexivo y creativo en todo sentido. \u201cFue muy enriquecedor conocer m\u00e1s acerca del mundo musical de distintas personas a las que en alg\u00fan momento ve\u00eda desde un escenario. Aparte me llena de motivaci\u00f3n saber que s\u00ed es posible hacer m\u00fasica y converger en un espacio sin importar cualquier estereotipo musical. Toda idea era muy bienvenida\u201d.<\/p>\n\n\n\n<p>Antonio Cepeda admiti\u00f3 haber sentido dudas de c\u00f3mo iba a recibir el p\u00fablico la propuesta tan diversa que llevaron al escenario, pero fue muy receptivo y aplaudi\u00f3 todas las canciones. \u201cLa recepci\u00f3n fue much\u00edsimo mejor de lo que esperaba\u201d, refiri\u00f3. Que el proyecto haya gustado los compromete a seguir aportando a UVE.<\/p>\n\n\n\n<p>El movimiento est\u00e1 abierto a toda colaboraci\u00f3n. El objetivo es seguirse juntando y seguir generando m\u00fasica diversa, de aquella que tenga la musicalidad de todos plasmados en distintas canciones. \u201cBuscaremos instrumentar m\u00e1s, con m\u00e1s instrumentistas andinos, m\u00fasica acad\u00e9mica o m\u00e1s electr\u00f3nicos, lo que la gente quiera componer\u201d, concluy\u00f3 Cepeda.<\/p>\n\n\n\n<p>Fotos: Cortes\u00eda Movimiento Una Voz Ecuador (UVE).<\/p>","protected":false},"excerpt":{"rendered":"<p>El docente Antonio Cepeda, los estudiantes Stalin Mac\u00edas y Paula Laura y los graduados Shalom Mendieta y Ricardo Almeida son parte del movimiento Una Voz Ecuador (UVE), que el 22 de abril abri\u00f3 el concierto del cantautor espa\u00f1ol en el estadio Alberto Spencer. Ellos comparten la experiencia y tambi\u00e9n c\u00f3mo surgi\u00f3 el grupo que tiene 25 artistas y producciones colectivas en redes sociales y plataformas musicales.   <\/p>","protected":false},"author":10,"featured_media":41407,"comment_status":"open","ping_status":"open","sticky":false,"template":"","format":"standard","meta":{"_acf_changed":false,"_uag_custom_page_level_css":"","_monsterinsights_skip_tracking":false,"_monsterinsights_sitenote_active":false,"_monsterinsights_sitenote_note":"","_monsterinsights_sitenote_category":0,"cybocfi_hide_featured_image":"","footnotes":""},"categories":[716,490,150,75,76],"tags":[968],"infouartes":[],"class_list":["post-41406","post","type-post","status-publish","format-standard","has-post-thumbnail","hentry","category-1c","category-alumni","category-artes-sonoras","category-docentes","category-estudiantes","tag-movimiento-artistico"],"acf":[],"yoast_head":"<!-- This site is optimized with the Yoast SEO plugin v27.4 - https:\/\/yoast.com\/product\/yoast-seo-wordpress\/ -->\n<title>Universidad de las Artes - Docente, estudiantes y graduados que integran Una Voz Ecuador (UVE) se presentaron con Alejandro Sanz<\/title>\n<meta name=\"description\" content=\"Universidad de las Artes - Docente, estudiantes y graduados que integran Una Voz Ecuador (UVE) se presentaron con Alejandro Sanz\" \/>\n<meta name=\"robots\" content=\"index, follow, max-snippet:-1, max-image-preview:large, max-video-preview:-1\" \/>\n<link rel=\"canonical\" href=\"https:\/\/www.uartes.edu.ec\/sitio\/en\/blog\/2023\/04\/27\/docente-estudiantes-y-alumnus-uartes-que-integran-uve-se-presentaron-con-alejandro-sanz-y-van-por-mas\/\" \/>\n<meta property=\"og:locale\" content=\"en_US\" \/>\n<meta property=\"og:type\" content=\"article\" \/>\n<meta property=\"og:title\" content=\"Universidad de las Artes - Docente, estudiantes y graduados que integran Una Voz Ecuador (UVE) se presentaron con Alejandro Sanz\" \/>\n<meta property=\"og:description\" content=\"Universidad de las Artes - Docente, estudiantes y graduados que integran Una Voz Ecuador (UVE) se presentaron con Alejandro Sanz\" \/>\n<meta property=\"og:url\" content=\"https:\/\/www.uartes.edu.ec\/sitio\/en\/blog\/2023\/04\/27\/docente-estudiantes-y-alumnus-uartes-que-integran-uve-se-presentaron-con-alejandro-sanz-y-van-por-mas\/\" \/>\n<meta property=\"og:site_name\" content=\"Universidad de las Artes\" \/>\n<meta property=\"article:publisher\" content=\"https:\/\/www.facebook.com\/uartesec\" \/>\n<meta property=\"article:published_time\" content=\"2023-04-27T21:45:00+00:00\" \/>\n<meta property=\"article:modified_time\" content=\"2024-07-04T16:21:15+00:00\" \/>\n<meta property=\"og:image\" content=\"https:\/\/www.uartes.edu.ec\/sitio\/wp-content\/uploads\/2023\/04\/PORTADA-CONCIERTO-ALEJANDRO-SANZ-03.jpg\" \/>\n\t<meta property=\"og:image:width\" content=\"2000\" \/>\n\t<meta property=\"og:image:height\" content=\"1333\" \/>\n\t<meta property=\"og:image:type\" content=\"image\/jpeg\" \/>\n<meta name=\"author\" content=\"ccortez\" \/>\n<meta name=\"twitter:card\" content=\"summary_large_image\" \/>\n<meta name=\"twitter:creator\" content=\"@uartesec\" \/>\n<meta name=\"twitter:site\" content=\"@uartesec\" \/>\n<meta name=\"twitter:label1\" content=\"Written by\" \/>\n\t<meta name=\"twitter:data1\" content=\"ccortez\" \/>\n\t<meta name=\"twitter:label2\" content=\"Est. reading time\" \/>\n\t<meta name=\"twitter:data2\" content=\"4 minutes\" \/>\n<script type=\"application\/ld+json\" class=\"yoast-schema-graph\">{\"@context\":\"https:\\\/\\\/schema.org\",\"@graph\":[{\"@type\":\"Article\",\"@id\":\"https:\\\/\\\/www.uartes.edu.ec\\\/sitio\\\/en\\\/blog\\\/2023\\\/04\\\/27\\\/docente-estudiantes-y-alumnus-uartes-que-integran-uve-se-presentaron-con-alejandro-sanz-y-van-por-mas\\\/#article\",\"isPartOf\":{\"@id\":\"https:\\\/\\\/www.uartes.edu.ec\\\/sitio\\\/en\\\/blog\\\/2023\\\/04\\\/27\\\/docente-estudiantes-y-alumnus-uartes-que-integran-uve-se-presentaron-con-alejandro-sanz-y-van-por-mas\\\/\"},\"author\":{\"name\":\"ccortez\",\"@id\":\"https:\\\/\\\/www.uartes.edu.ec\\\/sitio\\\/en\\\/#\\\/schema\\\/person\\\/efa1b8275797664fd7f13a79ccc0b1f4\"},\"headline\":\"Docente, estudiantes y graduados que integran Una Voz Ecuador (UVE) se presentaron con Alejandro Sanz\",\"datePublished\":\"2023-04-27T21:45:00+00:00\",\"dateModified\":\"2024-07-04T16:21:15+00:00\",\"mainEntityOfPage\":{\"@id\":\"https:\\\/\\\/www.uartes.edu.ec\\\/sitio\\\/en\\\/blog\\\/2023\\\/04\\\/27\\\/docente-estudiantes-y-alumnus-uartes-que-integran-uve-se-presentaron-con-alejandro-sanz-y-van-por-mas\\\/\"},\"wordCount\":803,\"commentCount\":0,\"publisher\":{\"@id\":\"https:\\\/\\\/www.uartes.edu.ec\\\/sitio\\\/en\\\/#organization\"},\"image\":{\"@id\":\"https:\\\/\\\/www.uartes.edu.ec\\\/sitio\\\/en\\\/blog\\\/2023\\\/04\\\/27\\\/docente-estudiantes-y-alumnus-uartes-que-integran-uve-se-presentaron-con-alejandro-sanz-y-van-por-mas\\\/#primaryimage\"},\"thumbnailUrl\":\"https:\\\/\\\/www.uartes.edu.ec\\\/sitio\\\/wp-content\\\/uploads\\\/2023\\\/04\\\/PORTADA-CONCIERTO-ALEJANDRO-SANZ-03.jpg\",\"keywords\":[\"movimiento art\u00edstico\"],\"articleSection\":[\"1C\",\"Alumni\",\"Artes Sonoras\",\"Docentes\",\"Estudiantes\"],\"inLanguage\":\"en-US\",\"potentialAction\":[{\"@type\":\"CommentAction\",\"name\":\"Comment\",\"target\":[\"https:\\\/\\\/www.uartes.edu.ec\\\/sitio\\\/en\\\/blog\\\/2023\\\/04\\\/27\\\/docente-estudiantes-y-alumnus-uartes-que-integran-uve-se-presentaron-con-alejandro-sanz-y-van-por-mas\\\/#respond\"]}]},{\"@type\":[\"WebPage\",\"ItemPage\"],\"@id\":\"https:\\\/\\\/www.uartes.edu.ec\\\/sitio\\\/en\\\/blog\\\/2023\\\/04\\\/27\\\/docente-estudiantes-y-alumnus-uartes-que-integran-uve-se-presentaron-con-alejandro-sanz-y-van-por-mas\\\/\",\"url\":\"https:\\\/\\\/www.uartes.edu.ec\\\/sitio\\\/en\\\/blog\\\/2023\\\/04\\\/27\\\/docente-estudiantes-y-alumnus-uartes-que-integran-uve-se-presentaron-con-alejandro-sanz-y-van-por-mas\\\/\",\"name\":\"Universidad de las Artes - Docente, estudiantes y graduados que integran Una Voz Ecuador (UVE) se presentaron con Alejandro Sanz\",\"isPartOf\":{\"@id\":\"https:\\\/\\\/www.uartes.edu.ec\\\/sitio\\\/en\\\/#website\"},\"primaryImageOfPage\":{\"@id\":\"https:\\\/\\\/www.uartes.edu.ec\\\/sitio\\\/en\\\/blog\\\/2023\\\/04\\\/27\\\/docente-estudiantes-y-alumnus-uartes-que-integran-uve-se-presentaron-con-alejandro-sanz-y-van-por-mas\\\/#primaryimage\"},\"image\":{\"@id\":\"https:\\\/\\\/www.uartes.edu.ec\\\/sitio\\\/en\\\/blog\\\/2023\\\/04\\\/27\\\/docente-estudiantes-y-alumnus-uartes-que-integran-uve-se-presentaron-con-alejandro-sanz-y-van-por-mas\\\/#primaryimage\"},\"thumbnailUrl\":\"https:\\\/\\\/www.uartes.edu.ec\\\/sitio\\\/wp-content\\\/uploads\\\/2023\\\/04\\\/PORTADA-CONCIERTO-ALEJANDRO-SANZ-03.jpg\",\"datePublished\":\"2023-04-27T21:45:00+00:00\",\"dateModified\":\"2024-07-04T16:21:15+00:00\",\"description\":\"Universidad de las Artes - Docente, estudiantes y graduados que integran Una Voz Ecuador (UVE) se presentaron con Alejandro Sanz\",\"breadcrumb\":{\"@id\":\"https:\\\/\\\/www.uartes.edu.ec\\\/sitio\\\/en\\\/blog\\\/2023\\\/04\\\/27\\\/docente-estudiantes-y-alumnus-uartes-que-integran-uve-se-presentaron-con-alejandro-sanz-y-van-por-mas\\\/#breadcrumb\"},\"inLanguage\":\"en-US\",\"potentialAction\":[{\"@type\":\"ReadAction\",\"target\":[\"https:\\\/\\\/www.uartes.edu.ec\\\/sitio\\\/en\\\/blog\\\/2023\\\/04\\\/27\\\/docente-estudiantes-y-alumnus-uartes-que-integran-uve-se-presentaron-con-alejandro-sanz-y-van-por-mas\\\/\"]}]},{\"@type\":\"ImageObject\",\"inLanguage\":\"en-US\",\"@id\":\"https:\\\/\\\/www.uartes.edu.ec\\\/sitio\\\/en\\\/blog\\\/2023\\\/04\\\/27\\\/docente-estudiantes-y-alumnus-uartes-que-integran-uve-se-presentaron-con-alejandro-sanz-y-van-por-mas\\\/#primaryimage\",\"url\":\"https:\\\/\\\/www.uartes.edu.ec\\\/sitio\\\/wp-content\\\/uploads\\\/2023\\\/04\\\/PORTADA-CONCIERTO-ALEJANDRO-SANZ-03.jpg\",\"contentUrl\":\"https:\\\/\\\/www.uartes.edu.ec\\\/sitio\\\/wp-content\\\/uploads\\\/2023\\\/04\\\/PORTADA-CONCIERTO-ALEJANDRO-SANZ-03.jpg\",\"width\":2000,\"height\":1333},{\"@type\":\"BreadcrumbList\",\"@id\":\"https:\\\/\\\/www.uartes.edu.ec\\\/sitio\\\/en\\\/blog\\\/2023\\\/04\\\/27\\\/docente-estudiantes-y-alumnus-uartes-que-integran-uve-se-presentaron-con-alejandro-sanz-y-van-por-mas\\\/#breadcrumb\",\"itemListElement\":[{\"@type\":\"ListItem\",\"position\":1,\"name\":\"Inicio\",\"item\":\"https:\\\/\\\/www.uartes.edu.ec\\\/sitio\\\/\"},{\"@type\":\"ListItem\",\"position\":2,\"name\":\"Docente, estudiantes y graduados que integran Una Voz Ecuador (UVE) se presentaron con Alejandro Sanz\"}]},{\"@type\":\"WebSite\",\"@id\":\"https:\\\/\\\/www.uartes.edu.ec\\\/sitio\\\/en\\\/#website\",\"url\":\"https:\\\/\\\/www.uartes.edu.ec\\\/sitio\\\/en\\\/\",\"name\":\"Universidad de las Artes\",\"description\":\"Sitio oficial de la Universidad Nacional de las Artes del Ecuador\",\"publisher\":{\"@id\":\"https:\\\/\\\/www.uartes.edu.ec\\\/sitio\\\/en\\\/#organization\"},\"potentialAction\":[{\"@type\":\"SearchAction\",\"target\":{\"@type\":\"EntryPoint\",\"urlTemplate\":\"https:\\\/\\\/www.uartes.edu.ec\\\/sitio\\\/en\\\/?s={search_term_string}\"},\"query-input\":{\"@type\":\"PropertyValueSpecification\",\"valueRequired\":true,\"valueName\":\"search_term_string\"}}],\"inLanguage\":\"en-US\"},{\"@type\":\"Organization\",\"@id\":\"https:\\\/\\\/www.uartes.edu.ec\\\/sitio\\\/en\\\/#organization\",\"name\":\"Universidad de las Artes\",\"url\":\"https:\\\/\\\/www.uartes.edu.ec\\\/sitio\\\/en\\\/\",\"logo\":{\"@type\":\"ImageObject\",\"inLanguage\":\"en-US\",\"@id\":\"https:\\\/\\\/www.uartes.edu.ec\\\/sitio\\\/en\\\/#\\\/schema\\\/logo\\\/image\\\/\",\"url\":\"https:\\\/\\\/www.uartes.edu.ec\\\/sitio\\\/wp-content\\\/uploads\\\/2022\\\/07\\\/logo-ua-horizontal.png\",\"contentUrl\":\"https:\\\/\\\/www.uartes.edu.ec\\\/sitio\\\/wp-content\\\/uploads\\\/2022\\\/07\\\/logo-ua-horizontal.png\",\"width\":800,\"height\":276,\"caption\":\"Universidad de las Artes\"},\"image\":{\"@id\":\"https:\\\/\\\/www.uartes.edu.ec\\\/sitio\\\/en\\\/#\\\/schema\\\/logo\\\/image\\\/\"},\"sameAs\":[\"https:\\\/\\\/www.facebook.com\\\/uartesec\",\"https:\\\/\\\/x.com\\\/uartesec\",\"https:\\\/\\\/www.tiktok.com\\\/@uartesec\"]},{\"@type\":\"Person\",\"@id\":\"https:\\\/\\\/www.uartes.edu.ec\\\/sitio\\\/en\\\/#\\\/schema\\\/person\\\/efa1b8275797664fd7f13a79ccc0b1f4\",\"name\":\"ccortez\",\"image\":{\"@type\":\"ImageObject\",\"inLanguage\":\"en-US\",\"@id\":\"https:\\\/\\\/secure.gravatar.com\\\/avatar\\\/b2a6f664a3ae8e074346ef91775736c5ec479e637ecced6842de9dc98b5da9cd?s=96&d=mm&r=g\",\"url\":\"https:\\\/\\\/secure.gravatar.com\\\/avatar\\\/b2a6f664a3ae8e074346ef91775736c5ec479e637ecced6842de9dc98b5da9cd?s=96&d=mm&r=g\",\"contentUrl\":\"https:\\\/\\\/secure.gravatar.com\\\/avatar\\\/b2a6f664a3ae8e074346ef91775736c5ec479e637ecced6842de9dc98b5da9cd?s=96&d=mm&r=g\",\"caption\":\"ccortez\"},\"url\":\"https:\\\/\\\/www.uartes.edu.ec\\\/sitio\\\/en\\\/blog\\\/author\\\/ccortez\\\/\"}]}<\/script>\n<!-- \/ Yoast SEO plugin. -->","yoast_head_json":{"title":"Universidad de las Artes - Docente, estudiantes y graduados que integran Una Voz Ecuador (UVE) se presentaron con Alejandro Sanz","description":"Universidad de las Artes - Docente, estudiantes y graduados que integran Una Voz Ecuador (UVE) se presentaron con Alejandro Sanz","robots":{"index":"index","follow":"follow","max-snippet":"max-snippet:-1","max-image-preview":"max-image-preview:large","max-video-preview":"max-video-preview:-1"},"canonical":"https:\/\/www.uartes.edu.ec\/sitio\/en\/blog\/2023\/04\/27\/docente-estudiantes-y-alumnus-uartes-que-integran-uve-se-presentaron-con-alejandro-sanz-y-van-por-mas\/","og_locale":"en_US","og_type":"article","og_title":"Universidad de las Artes - Docente, estudiantes y graduados que integran Una Voz Ecuador (UVE) se presentaron con Alejandro Sanz","og_description":"Universidad de las Artes - Docente, estudiantes y graduados que integran Una Voz Ecuador (UVE) se presentaron con Alejandro Sanz","og_url":"https:\/\/www.uartes.edu.ec\/sitio\/en\/blog\/2023\/04\/27\/docente-estudiantes-y-alumnus-uartes-que-integran-uve-se-presentaron-con-alejandro-sanz-y-van-por-mas\/","og_site_name":"Universidad de las Artes","article_publisher":"https:\/\/www.facebook.com\/uartesec","article_published_time":"2023-04-27T21:45:00+00:00","article_modified_time":"2024-07-04T16:21:15+00:00","og_image":[{"width":2000,"height":1333,"url":"https:\/\/www.uartes.edu.ec\/sitio\/wp-content\/uploads\/2023\/04\/PORTADA-CONCIERTO-ALEJANDRO-SANZ-03.jpg","type":"image\/jpeg"}],"author":"ccortez","twitter_card":"summary_large_image","twitter_creator":"@uartesec","twitter_site":"@uartesec","twitter_misc":{"Written by":"ccortez","Est. reading time":"4 minutes"},"schema":{"@context":"https:\/\/schema.org","@graph":[{"@type":"Article","@id":"https:\/\/www.uartes.edu.ec\/sitio\/en\/blog\/2023\/04\/27\/docente-estudiantes-y-alumnus-uartes-que-integran-uve-se-presentaron-con-alejandro-sanz-y-van-por-mas\/#article","isPartOf":{"@id":"https:\/\/www.uartes.edu.ec\/sitio\/en\/blog\/2023\/04\/27\/docente-estudiantes-y-alumnus-uartes-que-integran-uve-se-presentaron-con-alejandro-sanz-y-van-por-mas\/"},"author":{"name":"ccortez","@id":"https:\/\/www.uartes.edu.ec\/sitio\/en\/#\/schema\/person\/efa1b8275797664fd7f13a79ccc0b1f4"},"headline":"Docente, estudiantes y graduados que integran Una Voz Ecuador (UVE) se presentaron con Alejandro Sanz","datePublished":"2023-04-27T21:45:00+00:00","dateModified":"2024-07-04T16:21:15+00:00","mainEntityOfPage":{"@id":"https:\/\/www.uartes.edu.ec\/sitio\/en\/blog\/2023\/04\/27\/docente-estudiantes-y-alumnus-uartes-que-integran-uve-se-presentaron-con-alejandro-sanz-y-van-por-mas\/"},"wordCount":803,"commentCount":0,"publisher":{"@id":"https:\/\/www.uartes.edu.ec\/sitio\/en\/#organization"},"image":{"@id":"https:\/\/www.uartes.edu.ec\/sitio\/en\/blog\/2023\/04\/27\/docente-estudiantes-y-alumnus-uartes-que-integran-uve-se-presentaron-con-alejandro-sanz-y-van-por-mas\/#primaryimage"},"thumbnailUrl":"https:\/\/www.uartes.edu.ec\/sitio\/wp-content\/uploads\/2023\/04\/PORTADA-CONCIERTO-ALEJANDRO-SANZ-03.jpg","keywords":["movimiento art\u00edstico"],"articleSection":["1C","Alumni","Artes Sonoras","Docentes","Estudiantes"],"inLanguage":"en-US","potentialAction":[{"@type":"CommentAction","name":"Comment","target":["https:\/\/www.uartes.edu.ec\/sitio\/en\/blog\/2023\/04\/27\/docente-estudiantes-y-alumnus-uartes-que-integran-uve-se-presentaron-con-alejandro-sanz-y-van-por-mas\/#respond"]}]},{"@type":["WebPage","ItemPage"],"@id":"https:\/\/www.uartes.edu.ec\/sitio\/en\/blog\/2023\/04\/27\/docente-estudiantes-y-alumnus-uartes-que-integran-uve-se-presentaron-con-alejandro-sanz-y-van-por-mas\/","url":"https:\/\/www.uartes.edu.ec\/sitio\/en\/blog\/2023\/04\/27\/docente-estudiantes-y-alumnus-uartes-que-integran-uve-se-presentaron-con-alejandro-sanz-y-van-por-mas\/","name":"Universidad de las Artes - Docente, estudiantes y graduados que integran Una Voz Ecuador (UVE) se presentaron con Alejandro Sanz","isPartOf":{"@id":"https:\/\/www.uartes.edu.ec\/sitio\/en\/#website"},"primaryImageOfPage":{"@id":"https:\/\/www.uartes.edu.ec\/sitio\/en\/blog\/2023\/04\/27\/docente-estudiantes-y-alumnus-uartes-que-integran-uve-se-presentaron-con-alejandro-sanz-y-van-por-mas\/#primaryimage"},"image":{"@id":"https:\/\/www.uartes.edu.ec\/sitio\/en\/blog\/2023\/04\/27\/docente-estudiantes-y-alumnus-uartes-que-integran-uve-se-presentaron-con-alejandro-sanz-y-van-por-mas\/#primaryimage"},"thumbnailUrl":"https:\/\/www.uartes.edu.ec\/sitio\/wp-content\/uploads\/2023\/04\/PORTADA-CONCIERTO-ALEJANDRO-SANZ-03.jpg","datePublished":"2023-04-27T21:45:00+00:00","dateModified":"2024-07-04T16:21:15+00:00","description":"Universidad de las Artes - Docente, estudiantes y graduados que integran Una Voz Ecuador (UVE) se presentaron con Alejandro Sanz","breadcrumb":{"@id":"https:\/\/www.uartes.edu.ec\/sitio\/en\/blog\/2023\/04\/27\/docente-estudiantes-y-alumnus-uartes-que-integran-uve-se-presentaron-con-alejandro-sanz-y-van-por-mas\/#breadcrumb"},"inLanguage":"en-US","potentialAction":[{"@type":"ReadAction","target":["https:\/\/www.uartes.edu.ec\/sitio\/en\/blog\/2023\/04\/27\/docente-estudiantes-y-alumnus-uartes-que-integran-uve-se-presentaron-con-alejandro-sanz-y-van-por-mas\/"]}]},{"@type":"ImageObject","inLanguage":"en-US","@id":"https:\/\/www.uartes.edu.ec\/sitio\/en\/blog\/2023\/04\/27\/docente-estudiantes-y-alumnus-uartes-que-integran-uve-se-presentaron-con-alejandro-sanz-y-van-por-mas\/#primaryimage","url":"https:\/\/www.uartes.edu.ec\/sitio\/wp-content\/uploads\/2023\/04\/PORTADA-CONCIERTO-ALEJANDRO-SANZ-03.jpg","contentUrl":"https:\/\/www.uartes.edu.ec\/sitio\/wp-content\/uploads\/2023\/04\/PORTADA-CONCIERTO-ALEJANDRO-SANZ-03.jpg","width":2000,"height":1333},{"@type":"BreadcrumbList","@id":"https:\/\/www.uartes.edu.ec\/sitio\/en\/blog\/2023\/04\/27\/docente-estudiantes-y-alumnus-uartes-que-integran-uve-se-presentaron-con-alejandro-sanz-y-van-por-mas\/#breadcrumb","itemListElement":[{"@type":"ListItem","position":1,"name":"Inicio","item":"https:\/\/www.uartes.edu.ec\/sitio\/"},{"@type":"ListItem","position":2,"name":"Docente, estudiantes y graduados que integran Una Voz Ecuador (UVE) se presentaron con Alejandro Sanz"}]},{"@type":"WebSite","@id":"https:\/\/www.uartes.edu.ec\/sitio\/en\/#website","url":"https:\/\/www.uartes.edu.ec\/sitio\/en\/","name":"Universidad de las Artes","description":"Sitio oficial de la Universidad Nacional de las Artes del Ecuador","publisher":{"@id":"https:\/\/www.uartes.edu.ec\/sitio\/en\/#organization"},"potentialAction":[{"@type":"SearchAction","target":{"@type":"EntryPoint","urlTemplate":"https:\/\/www.uartes.edu.ec\/sitio\/en\/?s={search_term_string}"},"query-input":{"@type":"PropertyValueSpecification","valueRequired":true,"valueName":"search_term_string"}}],"inLanguage":"en-US"},{"@type":"Organization","@id":"https:\/\/www.uartes.edu.ec\/sitio\/en\/#organization","name":"Universidad de las Artes","url":"https:\/\/www.uartes.edu.ec\/sitio\/en\/","logo":{"@type":"ImageObject","inLanguage":"en-US","@id":"https:\/\/www.uartes.edu.ec\/sitio\/en\/#\/schema\/logo\/image\/","url":"https:\/\/www.uartes.edu.ec\/sitio\/wp-content\/uploads\/2022\/07\/logo-ua-horizontal.png","contentUrl":"https:\/\/www.uartes.edu.ec\/sitio\/wp-content\/uploads\/2022\/07\/logo-ua-horizontal.png","width":800,"height":276,"caption":"Universidad de las Artes"},"image":{"@id":"https:\/\/www.uartes.edu.ec\/sitio\/en\/#\/schema\/logo\/image\/"},"sameAs":["https:\/\/www.facebook.com\/uartesec","https:\/\/x.com\/uartesec","https:\/\/www.tiktok.com\/@uartesec"]},{"@type":"Person","@id":"https:\/\/www.uartes.edu.ec\/sitio\/en\/#\/schema\/person\/efa1b8275797664fd7f13a79ccc0b1f4","name":"ccortez","image":{"@type":"ImageObject","inLanguage":"en-US","@id":"https:\/\/secure.gravatar.com\/avatar\/b2a6f664a3ae8e074346ef91775736c5ec479e637ecced6842de9dc98b5da9cd?s=96&d=mm&r=g","url":"https:\/\/secure.gravatar.com\/avatar\/b2a6f664a3ae8e074346ef91775736c5ec479e637ecced6842de9dc98b5da9cd?s=96&d=mm&r=g","contentUrl":"https:\/\/secure.gravatar.com\/avatar\/b2a6f664a3ae8e074346ef91775736c5ec479e637ecced6842de9dc98b5da9cd?s=96&d=mm&r=g","caption":"ccortez"},"url":"https:\/\/www.uartes.edu.ec\/sitio\/en\/blog\/author\/ccortez\/"}]}},"uagb_featured_image_src":{"full":["https:\/\/www.uartes.edu.ec\/sitio\/wp-content\/uploads\/2023\/04\/PORTADA-CONCIERTO-ALEJANDRO-SANZ-03.jpg",2000,1333,false],"thumbnail":["https:\/\/www.uartes.edu.ec\/sitio\/wp-content\/uploads\/2023\/04\/PORTADA-CONCIERTO-ALEJANDRO-SANZ-03-150x150.jpg",150,150,true],"medium":["https:\/\/www.uartes.edu.ec\/sitio\/wp-content\/uploads\/2023\/04\/PORTADA-CONCIERTO-ALEJANDRO-SANZ-03-300x200.jpg",300,200,true],"medium_large":["https:\/\/www.uartes.edu.ec\/sitio\/wp-content\/uploads\/2023\/04\/PORTADA-CONCIERTO-ALEJANDRO-SANZ-03-768x512.jpg",768,512,true],"large":["https:\/\/www.uartes.edu.ec\/sitio\/wp-content\/uploads\/2023\/04\/PORTADA-CONCIERTO-ALEJANDRO-SANZ-03-644x429.jpg",644,429,true],"1536x1536":["https:\/\/www.uartes.edu.ec\/sitio\/wp-content\/uploads\/2023\/04\/PORTADA-CONCIERTO-ALEJANDRO-SANZ-03-1536x1024.jpg",1536,1024,true],"2048x2048":["https:\/\/www.uartes.edu.ec\/sitio\/wp-content\/uploads\/2023\/04\/PORTADA-CONCIERTO-ALEJANDRO-SANZ-03.jpg",2000,1333,false],"trp-custom-language-flag":["https:\/\/www.uartes.edu.ec\/sitio\/wp-content\/uploads\/2023\/04\/PORTADA-CONCIERTO-ALEJANDRO-SANZ-03.jpg",18,12,false],"htmega_size_585x295":["https:\/\/www.uartes.edu.ec\/sitio\/wp-content\/uploads\/2023\/04\/PORTADA-CONCIERTO-ALEJANDRO-SANZ-03-585x295.jpg",585,295,true],"htmega_size_1170x536":["https:\/\/www.uartes.edu.ec\/sitio\/wp-content\/uploads\/2023\/04\/PORTADA-CONCIERTO-ALEJANDRO-SANZ-03-1170x536.jpg",1170,536,true],"htmega_size_396x360":["https:\/\/www.uartes.edu.ec\/sitio\/wp-content\/uploads\/2023\/04\/PORTADA-CONCIERTO-ALEJANDRO-SANZ-03-396x360.jpg",396,360,true],"gb-block-post-grid-landscape":["https:\/\/www.uartes.edu.ec\/sitio\/wp-content\/uploads\/2023\/04\/PORTADA-CONCIERTO-ALEJANDRO-SANZ-03-600x400.jpg",600,400,true],"gb-block-post-grid-square":["https:\/\/www.uartes.edu.ec\/sitio\/wp-content\/uploads\/2023\/04\/PORTADA-CONCIERTO-ALEJANDRO-SANZ-03-600x600.jpg",600,600,true],"university-hub-thumb":["https:\/\/www.uartes.edu.ec\/sitio\/wp-content\/uploads\/2023\/04\/PORTADA-CONCIERTO-ALEJANDRO-SANZ-03-400x267.jpg",400,267,true],"mailpoet_newsletter_max":["https:\/\/www.uartes.edu.ec\/sitio\/wp-content\/uploads\/2023\/04\/PORTADA-CONCIERTO-ALEJANDRO-SANZ-03.jpg",1320,880,false]},"uagb_author_info":{"display_name":"ccortez","author_link":"https:\/\/www.uartes.edu.ec\/sitio\/en\/blog\/author\/ccortez\/"},"uagb_comment_info":0,"uagb_excerpt":"El docente Antonio Cepeda, los estudiantes Stalin Mac\u00edas y Paula Laura y los graduados Shalom Mendieta y Ricardo Almeida son parte del movimiento Una Voz Ecuador (UVE), que el 22 de abril abri\u00f3 el concierto del cantautor espa\u00f1ol en el estadio Alberto Spencer. Ellos comparten la experiencia y tambi\u00e9n c\u00f3mo surgi\u00f3 el grupo que tiene&hellip;","featured_image_src":"https:\/\/www.uartes.edu.ec\/sitio\/wp-content\/uploads\/2023\/04\/PORTADA-CONCIERTO-ALEJANDRO-SANZ-03-600x400.jpg","featured_image_src_square":"https:\/\/www.uartes.edu.ec\/sitio\/wp-content\/uploads\/2023\/04\/PORTADA-CONCIERTO-ALEJANDRO-SANZ-03-600x600.jpg","author_info":{"display_name":"ccortez","author_link":"https:\/\/www.uartes.edu.ec\/sitio\/en\/blog\/author\/ccortez\/"},"publishpress_future_workflow_manual_trigger":{"enabledWorkflows":[]},"distributor_meta":false,"distributor_terms":false,"distributor_media":false,"distributor_original_site_name":"Universidad de las Artes","distributor_original_site_url":"https:\/\/www.uartes.edu.ec\/sitio\/en","push-errors":false,"_links":{"self":[{"href":"https:\/\/www.uartes.edu.ec\/sitio\/en\/wp-json\/wp\/v2\/posts\/41406","targetHints":{"allow":["GET"]}}],"collection":[{"href":"https:\/\/www.uartes.edu.ec\/sitio\/en\/wp-json\/wp\/v2\/posts"}],"about":[{"href":"https:\/\/www.uartes.edu.ec\/sitio\/en\/wp-json\/wp\/v2\/types\/post"}],"author":[{"embeddable":true,"href":"https:\/\/www.uartes.edu.ec\/sitio\/en\/wp-json\/wp\/v2\/users\/10"}],"replies":[{"embeddable":true,"href":"https:\/\/www.uartes.edu.ec\/sitio\/en\/wp-json\/wp\/v2\/comments?post=41406"}],"version-history":[{"count":6,"href":"https:\/\/www.uartes.edu.ec\/sitio\/en\/wp-json\/wp\/v2\/posts\/41406\/revisions"}],"predecessor-version":[{"id":45273,"href":"https:\/\/www.uartes.edu.ec\/sitio\/en\/wp-json\/wp\/v2\/posts\/41406\/revisions\/45273"}],"wp:featuredmedia":[{"embeddable":true,"href":"https:\/\/www.uartes.edu.ec\/sitio\/en\/wp-json\/wp\/v2\/media\/41407"}],"wp:attachment":[{"href":"https:\/\/www.uartes.edu.ec\/sitio\/en\/wp-json\/wp\/v2\/media?parent=41406"}],"wp:term":[{"taxonomy":"category","embeddable":true,"href":"https:\/\/www.uartes.edu.ec\/sitio\/en\/wp-json\/wp\/v2\/categories?post=41406"},{"taxonomy":"post_tag","embeddable":true,"href":"https:\/\/www.uartes.edu.ec\/sitio\/en\/wp-json\/wp\/v2\/tags?post=41406"},{"taxonomy":"infouartes","embeddable":true,"href":"https:\/\/www.uartes.edu.ec\/sitio\/en\/wp-json\/wp\/v2\/infouartes?post=41406"}],"curies":[{"name":"wp","href":"https:\/\/api.w.org\/{rel}","templated":true}]}}