{"id":415,"date":"2017-05-17T13:11:03","date_gmt":"2017-05-17T18:11:03","guid":{"rendered":"http:\/\/www.uartes.edu.ec\/infouartes\/?p=415"},"modified":"2024-07-04T11:54:19","modified_gmt":"2024-07-04T16:54:19","slug":"educacion-somatica-en-el-centro-de-practicas-corporales","status":"publish","type":"post","link":"https:\/\/www.uartes.edu.ec\/sitio\/en\/blog\/2017\/05\/17\/educacion-somatica-en-el-centro-de-practicas-corporales\/","title":{"rendered":"Educaci\u00f3n som\u00e1tica en el Centro de Pr\u00e1cticas Corporales"},"content":{"rendered":"<p>El Centro de Pr\u00e1cticas Corporales desde su propuesta de convertirse, a largo plazo, en un espacio que promueva la investigaci\u00f3n alrededor de las distintas pr\u00e1cticas corporales y som\u00e1ticas estar\u00e1 desarrollando: Educaci\u00f3n som\u00e1tica para educadores, taller de exploraciones som\u00e1ticas y taller de Feldenkrais.<\/p>\n<p>Las din\u00e1micas, en relaci\u00f3n con el Departamento de V\u00ednculo con la Comunidad, parten con la difusi\u00f3n, ejecuci\u00f3n de los talleres a la comunidad universitaria y en general, luego con la \u00a0observaci\u00f3n de la metodolog\u00eda de trabajo para finalmente realizar mesas de trabajo en torno a la reflexi\u00f3n de la educaci\u00f3n som\u00e1tica. Esta fase se desarrollar\u00e1 entre Mar\u00eda Coba, coordinadora del Centro, Paulina Pe\u00f1aherrera, profesora terapeuta, y estudiantes del taller de exploraciones som\u00e1ticas.<\/p>\n<p>La Educaci\u00f3n Som\u00e1tica es un nuevo campo disciplinario que agrupa aquellos m\u00e9todos interesados en las relaciones din\u00e1micas entre el cuerpo en movimiento, la percepci\u00f3n, el aprendizaje y el medio ambiente. La conexi\u00f3n cuerpo-mente viene siendo estudiada en la cultura occidental desde hace m\u00e1s de 100 a\u00f1os por el campo de la Educaci\u00f3n Som\u00e1tica.<\/p>\n<p>Tomas Hanna redefine, en 1970, el t\u00e9rmino soma para referirse al \u201ccuerpo percibido desde adentro\u201d. De esta manera retoma la visi\u00f3n de Hes\u00edodo, quien 7 siglos antes de Cristo defini\u00f3 al soma como \u201ccuerpo vivido\u201d.<\/p>\n<p>La conciencia som\u00e1tica, entonces, se basa en el estudio del cuerpo sentido y vivenciado desde adentro en su relaci\u00f3n con el entorno. Este enfoque implica un cambio en la mirada y comprensi\u00f3n del cuerpo, que ya no es estudiado como un objeto externo desconectado de las sensaciones de la propia persona, sino m\u00e1s bien desde la pr\u00e1ctica consciente de la atenci\u00f3n a las sensaciones y movimientos internos, como eje para la intenci\u00f3n y acci\u00f3n eficiente en relaci\u00f3n al entorno.<\/p>\n<p>Somos parte de una cultura que ha disociado el cuerpo de la mente y ha privilegiado el aprendizaje intelectual desconectado del cuerpo, las emociones y las vivencias. Como seres fragmentados nos encontramos, adem\u00e1s, influenciados y promovidos a tener \u201c\u00e9xito\u201d como objetivo principal en nuestras vidas, dejando de lado el paso previo para cualquier forma de auto-realizaci\u00f3n: el conocimiento de uno mismo, la atenci\u00f3n a las propias necesidades, el desarrollo de la confianza en las propias capacidades y el desarrollo de la creatividad personal en cualquier \u00e1rea de nuestras vidas.<\/p>\n<p>La investigaci\u00f3n se inici\u00f3 en octubre del 2016 con la activaci\u00f3n del taller de exploraciones som\u00e1ticas del Laboratorio de Investigaci\u00f3n Permanente, LIP, de Quito,\u00a0en el marco de INTERACTOS \u2013 Encuentros P\u00fablicos de Artes 2016, ha continuado en enero, marzo y ahora se desarrollar\u00e1 en junio y julio del presente a\u00f1o.<\/p>","protected":false},"excerpt":{"rendered":"<p>El Centro de Pr\u00e1cticas Corporales desde su propuesta de convertirse, a largo plazo, en un espacio que promueva la investigaci\u00f3n alrededor de las distintas pr\u00e1cticas corporales y som\u00e1ticas estar\u00e1 desarrollando: Educaci\u00f3n som\u00e1tica para educadores, taller de exploraciones som\u00e1ticas y taller de Feldenkrais. Las din\u00e1micas, en relaci\u00f3n con el Departamento de V\u00ednculo con la Comunidad, parten [&hellip;]<\/p>\n","protected":false},"author":1,"featured_media":416,"comment_status":"closed","ping_status":"open","sticky":false,"template":"","format":"standard","meta":{"_acf_changed":false,"_uag_custom_page_level_css":"","_monsterinsights_skip_tracking":false,"_monsterinsights_sitenote_active":false,"_monsterinsights_sitenote_note":"","_monsterinsights_sitenote_category":0,"cybocfi_hide_featured_image":"","footnotes":""},"categories":[79],"tags":[],"infouartes":[],"class_list":["post-415","post","type-post","status-publish","format-standard","has-post-thumbnail","hentry","category-vinculo"],"acf":[],"yoast_head":"<!-- This site is optimized with the Yoast SEO plugin v27.4 - https:\/\/yoast.com\/product\/yoast-seo-wordpress\/ -->\n<title>Universidad de las Artes - Educaci\u00f3n som\u00e1tica en el Centro de Pr\u00e1cticas Corporales<\/title>\n<meta name=\"description\" content=\"Universidad de las Artes - Educaci\u00f3n som\u00e1tica en el Centro de Pr\u00e1cticas Corporales\" \/>\n<meta name=\"robots\" content=\"index, follow, max-snippet:-1, max-image-preview:large, max-video-preview:-1\" \/>\n<link rel=\"canonical\" href=\"https:\/\/www.uartes.edu.ec\/sitio\/en\/blog\/2017\/05\/17\/educacion-somatica-en-el-centro-de-practicas-corporales\/\" \/>\n<meta property=\"og:locale\" content=\"en_US\" \/>\n<meta property=\"og:type\" content=\"article\" \/>\n<meta property=\"og:title\" content=\"Universidad de las Artes - Educaci\u00f3n som\u00e1tica en el Centro de Pr\u00e1cticas Corporales\" \/>\n<meta property=\"og:description\" content=\"Universidad de las Artes - Educaci\u00f3n som\u00e1tica en el Centro de Pr\u00e1cticas Corporales\" \/>\n<meta property=\"og:url\" content=\"https:\/\/www.uartes.edu.ec\/sitio\/en\/blog\/2017\/05\/17\/educacion-somatica-en-el-centro-de-practicas-corporales\/\" \/>\n<meta property=\"og:site_name\" content=\"Universidad de las Artes\" \/>\n<meta property=\"article:publisher\" content=\"https:\/\/www.facebook.com\/uartesec\" \/>\n<meta property=\"article:published_time\" content=\"2017-05-17T18:11:03+00:00\" \/>\n<meta property=\"article:modified_time\" content=\"2024-07-04T16:54:19+00:00\" \/>\n<meta name=\"author\" content=\"Universidad de las Artes\" \/>\n<meta name=\"twitter:card\" content=\"summary_large_image\" \/>\n<meta name=\"twitter:creator\" content=\"@uartesec\" \/>\n<meta name=\"twitter:site\" content=\"@uartesec\" \/>\n<meta name=\"twitter:label1\" content=\"Written by\" \/>\n\t<meta name=\"twitter:data1\" content=\"Universidad de las Artes\" \/>\n\t<meta name=\"twitter:label2\" content=\"Est. reading time\" \/>\n\t<meta name=\"twitter:data2\" content=\"2 minutes\" \/>\n<script type=\"application\/ld+json\" class=\"yoast-schema-graph\">{\"@context\":\"https:\\\/\\\/schema.org\",\"@graph\":[{\"@type\":\"Article\",\"@id\":\"https:\\\/\\\/www.uartes.edu.ec\\\/sitio\\\/en\\\/blog\\\/2017\\\/05\\\/17\\\/educacion-somatica-en-el-centro-de-practicas-corporales\\\/#article\",\"isPartOf\":{\"@id\":\"https:\\\/\\\/www.uartes.edu.ec\\\/sitio\\\/en\\\/blog\\\/2017\\\/05\\\/17\\\/educacion-somatica-en-el-centro-de-practicas-corporales\\\/\"},\"author\":{\"name\":\"Universidad de las Artes\",\"@id\":\"https:\\\/\\\/www.uartes.edu.ec\\\/sitio\\\/en\\\/#\\\/schema\\\/person\\\/f33f8c1d2af0d5c80a38c8abf458184a\"},\"headline\":\"Educaci\u00f3n som\u00e1tica en el Centro de Pr\u00e1cticas Corporales\",\"datePublished\":\"2017-05-17T18:11:03+00:00\",\"dateModified\":\"2024-07-04T16:54:19+00:00\",\"mainEntityOfPage\":{\"@id\":\"https:\\\/\\\/www.uartes.edu.ec\\\/sitio\\\/en\\\/blog\\\/2017\\\/05\\\/17\\\/educacion-somatica-en-el-centro-de-practicas-corporales\\\/\"},\"wordCount\":477,\"publisher\":{\"@id\":\"https:\\\/\\\/www.uartes.edu.ec\\\/sitio\\\/en\\\/#organization\"},\"image\":{\"@id\":\"https:\\\/\\\/www.uartes.edu.ec\\\/sitio\\\/en\\\/blog\\\/2017\\\/05\\\/17\\\/educacion-somatica-en-el-centro-de-practicas-corporales\\\/#primaryimage\"},\"thumbnailUrl\":\"\",\"articleSection\":[\"V\u00ednculo\"],\"inLanguage\":\"en-US\"},{\"@type\":[\"WebPage\",\"ItemPage\"],\"@id\":\"https:\\\/\\\/www.uartes.edu.ec\\\/sitio\\\/en\\\/blog\\\/2017\\\/05\\\/17\\\/educacion-somatica-en-el-centro-de-practicas-corporales\\\/\",\"url\":\"https:\\\/\\\/www.uartes.edu.ec\\\/sitio\\\/en\\\/blog\\\/2017\\\/05\\\/17\\\/educacion-somatica-en-el-centro-de-practicas-corporales\\\/\",\"name\":\"Universidad de las Artes - Educaci\u00f3n som\u00e1tica en el Centro de Pr\u00e1cticas Corporales\",\"isPartOf\":{\"@id\":\"https:\\\/\\\/www.uartes.edu.ec\\\/sitio\\\/en\\\/#website\"},\"primaryImageOfPage\":{\"@id\":\"https:\\\/\\\/www.uartes.edu.ec\\\/sitio\\\/en\\\/blog\\\/2017\\\/05\\\/17\\\/educacion-somatica-en-el-centro-de-practicas-corporales\\\/#primaryimage\"},\"image\":{\"@id\":\"https:\\\/\\\/www.uartes.edu.ec\\\/sitio\\\/en\\\/blog\\\/2017\\\/05\\\/17\\\/educacion-somatica-en-el-centro-de-practicas-corporales\\\/#primaryimage\"},\"thumbnailUrl\":\"\",\"datePublished\":\"2017-05-17T18:11:03+00:00\",\"dateModified\":\"2024-07-04T16:54:19+00:00\",\"description\":\"Universidad de las Artes - Educaci\u00f3n som\u00e1tica en el Centro de Pr\u00e1cticas Corporales\",\"breadcrumb\":{\"@id\":\"https:\\\/\\\/www.uartes.edu.ec\\\/sitio\\\/en\\\/blog\\\/2017\\\/05\\\/17\\\/educacion-somatica-en-el-centro-de-practicas-corporales\\\/#breadcrumb\"},\"inLanguage\":\"en-US\",\"potentialAction\":[{\"@type\":\"ReadAction\",\"target\":[\"https:\\\/\\\/www.uartes.edu.ec\\\/sitio\\\/en\\\/blog\\\/2017\\\/05\\\/17\\\/educacion-somatica-en-el-centro-de-practicas-corporales\\\/\"]}]},{\"@type\":\"ImageObject\",\"inLanguage\":\"en-US\",\"@id\":\"https:\\\/\\\/www.uartes.edu.ec\\\/sitio\\\/en\\\/blog\\\/2017\\\/05\\\/17\\\/educacion-somatica-en-el-centro-de-practicas-corporales\\\/#primaryimage\",\"url\":\"\",\"contentUrl\":\"\"},{\"@type\":\"BreadcrumbList\",\"@id\":\"https:\\\/\\\/www.uartes.edu.ec\\\/sitio\\\/en\\\/blog\\\/2017\\\/05\\\/17\\\/educacion-somatica-en-el-centro-de-practicas-corporales\\\/#breadcrumb\",\"itemListElement\":[{\"@type\":\"ListItem\",\"position\":1,\"name\":\"Inicio\",\"item\":\"https:\\\/\\\/www.uartes.edu.ec\\\/sitio\\\/\"},{\"@type\":\"ListItem\",\"position\":2,\"name\":\"Educaci\u00f3n som\u00e1tica en el Centro de Pr\u00e1cticas Corporales\"}]},{\"@type\":\"WebSite\",\"@id\":\"https:\\\/\\\/www.uartes.edu.ec\\\/sitio\\\/en\\\/#website\",\"url\":\"https:\\\/\\\/www.uartes.edu.ec\\\/sitio\\\/en\\\/\",\"name\":\"Universidad de las Artes\",\"description\":\"Sitio oficial de la Universidad Nacional de las Artes del Ecuador\",\"publisher\":{\"@id\":\"https:\\\/\\\/www.uartes.edu.ec\\\/sitio\\\/en\\\/#organization\"},\"potentialAction\":[{\"@type\":\"SearchAction\",\"target\":{\"@type\":\"EntryPoint\",\"urlTemplate\":\"https:\\\/\\\/www.uartes.edu.ec\\\/sitio\\\/en\\\/?s={search_term_string}\"},\"query-input\":{\"@type\":\"PropertyValueSpecification\",\"valueRequired\":true,\"valueName\":\"search_term_string\"}}],\"inLanguage\":\"en-US\"},{\"@type\":\"Organization\",\"@id\":\"https:\\\/\\\/www.uartes.edu.ec\\\/sitio\\\/en\\\/#organization\",\"name\":\"Universidad de las Artes\",\"url\":\"https:\\\/\\\/www.uartes.edu.ec\\\/sitio\\\/en\\\/\",\"logo\":{\"@type\":\"ImageObject\",\"inLanguage\":\"en-US\",\"@id\":\"https:\\\/\\\/www.uartes.edu.ec\\\/sitio\\\/en\\\/#\\\/schema\\\/logo\\\/image\\\/\",\"url\":\"https:\\\/\\\/www.uartes.edu.ec\\\/sitio\\\/wp-content\\\/uploads\\\/2022\\\/07\\\/logo-ua-horizontal.png\",\"contentUrl\":\"https:\\\/\\\/www.uartes.edu.ec\\\/sitio\\\/wp-content\\\/uploads\\\/2022\\\/07\\\/logo-ua-horizontal.png\",\"width\":800,\"height\":276,\"caption\":\"Universidad de las Artes\"},\"image\":{\"@id\":\"https:\\\/\\\/www.uartes.edu.ec\\\/sitio\\\/en\\\/#\\\/schema\\\/logo\\\/image\\\/\"},\"sameAs\":[\"https:\\\/\\\/www.facebook.com\\\/uartesec\",\"https:\\\/\\\/x.com\\\/uartesec\",\"https:\\\/\\\/www.tiktok.com\\\/@uartesec\"]},{\"@type\":\"Person\",\"@id\":\"https:\\\/\\\/www.uartes.edu.ec\\\/sitio\\\/en\\\/#\\\/schema\\\/person\\\/f33f8c1d2af0d5c80a38c8abf458184a\",\"name\":\"Universidad de las Artes\",\"image\":{\"@type\":\"ImageObject\",\"inLanguage\":\"en-US\",\"@id\":\"https:\\\/\\\/secure.gravatar.com\\\/avatar\\\/52e4757902f5cfa5ac52d020e5be83cae5487519154b6c35482fe08d589f3c13?s=96&d=mm&r=g\",\"url\":\"https:\\\/\\\/secure.gravatar.com\\\/avatar\\\/52e4757902f5cfa5ac52d020e5be83cae5487519154b6c35482fe08d589f3c13?s=96&d=mm&r=g\",\"contentUrl\":\"https:\\\/\\\/secure.gravatar.com\\\/avatar\\\/52e4757902f5cfa5ac52d020e5be83cae5487519154b6c35482fe08d589f3c13?s=96&d=mm&r=g\",\"caption\":\"Universidad de las Artes\"},\"url\":\"https:\\\/\\\/www.uartes.edu.ec\\\/sitio\\\/en\\\/blog\\\/author\\\/dircomadm\\\/\"}]}<\/script>\n<!-- \/ Yoast SEO plugin. -->","yoast_head_json":{"title":"Universidad de las Artes - Educaci\u00f3n som\u00e1tica en el Centro de Pr\u00e1cticas Corporales","description":"Universidad de las Artes - Educaci\u00f3n som\u00e1tica en el Centro de Pr\u00e1cticas Corporales","robots":{"index":"index","follow":"follow","max-snippet":"max-snippet:-1","max-image-preview":"max-image-preview:large","max-video-preview":"max-video-preview:-1"},"canonical":"https:\/\/www.uartes.edu.ec\/sitio\/en\/blog\/2017\/05\/17\/educacion-somatica-en-el-centro-de-practicas-corporales\/","og_locale":"en_US","og_type":"article","og_title":"Universidad de las Artes - Educaci\u00f3n som\u00e1tica en el Centro de Pr\u00e1cticas Corporales","og_description":"Universidad de las Artes - Educaci\u00f3n som\u00e1tica en el Centro de Pr\u00e1cticas Corporales","og_url":"https:\/\/www.uartes.edu.ec\/sitio\/en\/blog\/2017\/05\/17\/educacion-somatica-en-el-centro-de-practicas-corporales\/","og_site_name":"Universidad de las Artes","article_publisher":"https:\/\/www.facebook.com\/uartesec","article_published_time":"2017-05-17T18:11:03+00:00","article_modified_time":"2024-07-04T16:54:19+00:00","author":"Universidad de las Artes","twitter_card":"summary_large_image","twitter_creator":"@uartesec","twitter_site":"@uartesec","twitter_misc":{"Written by":"Universidad de las Artes","Est. reading time":"2 minutes"},"schema":{"@context":"https:\/\/schema.org","@graph":[{"@type":"Article","@id":"https:\/\/www.uartes.edu.ec\/sitio\/en\/blog\/2017\/05\/17\/educacion-somatica-en-el-centro-de-practicas-corporales\/#article","isPartOf":{"@id":"https:\/\/www.uartes.edu.ec\/sitio\/en\/blog\/2017\/05\/17\/educacion-somatica-en-el-centro-de-practicas-corporales\/"},"author":{"name":"Universidad de las Artes","@id":"https:\/\/www.uartes.edu.ec\/sitio\/en\/#\/schema\/person\/f33f8c1d2af0d5c80a38c8abf458184a"},"headline":"Educaci\u00f3n som\u00e1tica en el Centro de Pr\u00e1cticas Corporales","datePublished":"2017-05-17T18:11:03+00:00","dateModified":"2024-07-04T16:54:19+00:00","mainEntityOfPage":{"@id":"https:\/\/www.uartes.edu.ec\/sitio\/en\/blog\/2017\/05\/17\/educacion-somatica-en-el-centro-de-practicas-corporales\/"},"wordCount":477,"publisher":{"@id":"https:\/\/www.uartes.edu.ec\/sitio\/en\/#organization"},"image":{"@id":"https:\/\/www.uartes.edu.ec\/sitio\/en\/blog\/2017\/05\/17\/educacion-somatica-en-el-centro-de-practicas-corporales\/#primaryimage"},"thumbnailUrl":"","articleSection":["V\u00ednculo"],"inLanguage":"en-US"},{"@type":["WebPage","ItemPage"],"@id":"https:\/\/www.uartes.edu.ec\/sitio\/en\/blog\/2017\/05\/17\/educacion-somatica-en-el-centro-de-practicas-corporales\/","url":"https:\/\/www.uartes.edu.ec\/sitio\/en\/blog\/2017\/05\/17\/educacion-somatica-en-el-centro-de-practicas-corporales\/","name":"Universidad de las Artes - Educaci\u00f3n som\u00e1tica en el Centro de Pr\u00e1cticas Corporales","isPartOf":{"@id":"https:\/\/www.uartes.edu.ec\/sitio\/en\/#website"},"primaryImageOfPage":{"@id":"https:\/\/www.uartes.edu.ec\/sitio\/en\/blog\/2017\/05\/17\/educacion-somatica-en-el-centro-de-practicas-corporales\/#primaryimage"},"image":{"@id":"https:\/\/www.uartes.edu.ec\/sitio\/en\/blog\/2017\/05\/17\/educacion-somatica-en-el-centro-de-practicas-corporales\/#primaryimage"},"thumbnailUrl":"","datePublished":"2017-05-17T18:11:03+00:00","dateModified":"2024-07-04T16:54:19+00:00","description":"Universidad de las Artes - Educaci\u00f3n som\u00e1tica en el Centro de Pr\u00e1cticas Corporales","breadcrumb":{"@id":"https:\/\/www.uartes.edu.ec\/sitio\/en\/blog\/2017\/05\/17\/educacion-somatica-en-el-centro-de-practicas-corporales\/#breadcrumb"},"inLanguage":"en-US","potentialAction":[{"@type":"ReadAction","target":["https:\/\/www.uartes.edu.ec\/sitio\/en\/blog\/2017\/05\/17\/educacion-somatica-en-el-centro-de-practicas-corporales\/"]}]},{"@type":"ImageObject","inLanguage":"en-US","@id":"https:\/\/www.uartes.edu.ec\/sitio\/en\/blog\/2017\/05\/17\/educacion-somatica-en-el-centro-de-practicas-corporales\/#primaryimage","url":"","contentUrl":""},{"@type":"BreadcrumbList","@id":"https:\/\/www.uartes.edu.ec\/sitio\/en\/blog\/2017\/05\/17\/educacion-somatica-en-el-centro-de-practicas-corporales\/#breadcrumb","itemListElement":[{"@type":"ListItem","position":1,"name":"Inicio","item":"https:\/\/www.uartes.edu.ec\/sitio\/"},{"@type":"ListItem","position":2,"name":"Educaci\u00f3n som\u00e1tica en el Centro de Pr\u00e1cticas Corporales"}]},{"@type":"WebSite","@id":"https:\/\/www.uartes.edu.ec\/sitio\/en\/#website","url":"https:\/\/www.uartes.edu.ec\/sitio\/en\/","name":"Universidad de las Artes","description":"Sitio oficial de la Universidad Nacional de las Artes del Ecuador","publisher":{"@id":"https:\/\/www.uartes.edu.ec\/sitio\/en\/#organization"},"potentialAction":[{"@type":"SearchAction","target":{"@type":"EntryPoint","urlTemplate":"https:\/\/www.uartes.edu.ec\/sitio\/en\/?s={search_term_string}"},"query-input":{"@type":"PropertyValueSpecification","valueRequired":true,"valueName":"search_term_string"}}],"inLanguage":"en-US"},{"@type":"Organization","@id":"https:\/\/www.uartes.edu.ec\/sitio\/en\/#organization","name":"Universidad de las Artes","url":"https:\/\/www.uartes.edu.ec\/sitio\/en\/","logo":{"@type":"ImageObject","inLanguage":"en-US","@id":"https:\/\/www.uartes.edu.ec\/sitio\/en\/#\/schema\/logo\/image\/","url":"https:\/\/www.uartes.edu.ec\/sitio\/wp-content\/uploads\/2022\/07\/logo-ua-horizontal.png","contentUrl":"https:\/\/www.uartes.edu.ec\/sitio\/wp-content\/uploads\/2022\/07\/logo-ua-horizontal.png","width":800,"height":276,"caption":"Universidad de las Artes"},"image":{"@id":"https:\/\/www.uartes.edu.ec\/sitio\/en\/#\/schema\/logo\/image\/"},"sameAs":["https:\/\/www.facebook.com\/uartesec","https:\/\/x.com\/uartesec","https:\/\/www.tiktok.com\/@uartesec"]},{"@type":"Person","@id":"https:\/\/www.uartes.edu.ec\/sitio\/en\/#\/schema\/person\/f33f8c1d2af0d5c80a38c8abf458184a","name":"Universidad de las Artes","image":{"@type":"ImageObject","inLanguage":"en-US","@id":"https:\/\/secure.gravatar.com\/avatar\/52e4757902f5cfa5ac52d020e5be83cae5487519154b6c35482fe08d589f3c13?s=96&d=mm&r=g","url":"https:\/\/secure.gravatar.com\/avatar\/52e4757902f5cfa5ac52d020e5be83cae5487519154b6c35482fe08d589f3c13?s=96&d=mm&r=g","contentUrl":"https:\/\/secure.gravatar.com\/avatar\/52e4757902f5cfa5ac52d020e5be83cae5487519154b6c35482fe08d589f3c13?s=96&d=mm&r=g","caption":"Universidad de las Artes"},"url":"https:\/\/www.uartes.edu.ec\/sitio\/en\/blog\/author\/dircomadm\/"}]}},"uagb_featured_image_src":{"full":false,"thumbnail":false,"medium":false,"medium_large":false,"large":false,"1536x1536":false,"2048x2048":false,"trp-custom-language-flag":false,"htmega_size_585x295":false,"htmega_size_1170x536":false,"htmega_size_396x360":false,"gb-block-post-grid-landscape":false,"gb-block-post-grid-square":false,"university-hub-thumb":false,"mailpoet_newsletter_max":false},"uagb_author_info":{"display_name":"Universidad de las Artes","author_link":"https:\/\/www.uartes.edu.ec\/sitio\/en\/blog\/author\/dircomadm\/"},"uagb_comment_info":0,"uagb_excerpt":"El Centro de Pr\u00e1cticas Corporales desde su propuesta de convertirse, a largo plazo, en un espacio que promueva la investigaci\u00f3n alrededor de las distintas pr\u00e1cticas corporales y som\u00e1ticas estar\u00e1 desarrollando: Educaci\u00f3n som\u00e1tica para educadores, taller de exploraciones som\u00e1ticas y taller de Feldenkrais. Las din\u00e1micas, en relaci\u00f3n con el Departamento de V\u00ednculo con la Comunidad, parten&hellip;","featured_image_src":null,"featured_image_src_square":null,"author_info":{"display_name":"Universidad de las Artes","author_link":"https:\/\/www.uartes.edu.ec\/sitio\/en\/blog\/author\/dircomadm\/"},"publishpress_future_workflow_manual_trigger":{"enabledWorkflows":[]},"distributor_meta":false,"distributor_terms":false,"distributor_media":false,"distributor_original_site_name":"Universidad de las Artes","distributor_original_site_url":"https:\/\/www.uartes.edu.ec\/sitio\/en","push-errors":false,"_links":{"self":[{"href":"https:\/\/www.uartes.edu.ec\/sitio\/en\/wp-json\/wp\/v2\/posts\/415","targetHints":{"allow":["GET"]}}],"collection":[{"href":"https:\/\/www.uartes.edu.ec\/sitio\/en\/wp-json\/wp\/v2\/posts"}],"about":[{"href":"https:\/\/www.uartes.edu.ec\/sitio\/en\/wp-json\/wp\/v2\/types\/post"}],"author":[{"embeddable":true,"href":"https:\/\/www.uartes.edu.ec\/sitio\/en\/wp-json\/wp\/v2\/users\/1"}],"replies":[{"embeddable":true,"href":"https:\/\/www.uartes.edu.ec\/sitio\/en\/wp-json\/wp\/v2\/comments?post=415"}],"version-history":[{"count":1,"href":"https:\/\/www.uartes.edu.ec\/sitio\/en\/wp-json\/wp\/v2\/posts\/415\/revisions"}],"predecessor-version":[{"id":58055,"href":"https:\/\/www.uartes.edu.ec\/sitio\/en\/wp-json\/wp\/v2\/posts\/415\/revisions\/58055"}],"wp:featuredmedia":[{"embeddable":true,"href":"https:\/\/www.uartes.edu.ec\/sitio\/en\/wp-json\/"}],"wp:attachment":[{"href":"https:\/\/www.uartes.edu.ec\/sitio\/en\/wp-json\/wp\/v2\/media?parent=415"}],"wp:term":[{"taxonomy":"category","embeddable":true,"href":"https:\/\/www.uartes.edu.ec\/sitio\/en\/wp-json\/wp\/v2\/categories?post=415"},{"taxonomy":"post_tag","embeddable":true,"href":"https:\/\/www.uartes.edu.ec\/sitio\/en\/wp-json\/wp\/v2\/tags?post=415"},{"taxonomy":"infouartes","embeddable":true,"href":"https:\/\/www.uartes.edu.ec\/sitio\/en\/wp-json\/wp\/v2\/infouartes?post=415"}],"curies":[{"name":"wp","href":"https:\/\/api.w.org\/{rel}","templated":true}]}}