{"id":41828,"date":"2023-05-09T20:17:00","date_gmt":"2023-05-10T01:17:00","guid":{"rendered":"https:\/\/www.uartes.edu.ec\/sitio\/?p=41828"},"modified":"2024-07-04T11:21:14","modified_gmt":"2024-07-04T16:21:14","slug":"dario-davalos-hablo-con-pares-sobre-ser-jefes-de-estudio-y-mostro-sitio-web-de-los-estudios-de-grabacion-eas","status":"publish","type":"post","link":"https:\/\/www.uartes.edu.ec\/sitio\/en\/blog\/2023\/05\/09\/dario-davalos-hablo-con-pares-sobre-ser-jefes-de-estudio-y-mostro-sitio-web-de-los-estudios-de-grabacion-eas\/","title":{"rendered":"Dario D\u00e1valos habl\u00f3 con pares sobre ser jefes de estudio y mostr\u00f3 sitio web de los Estudios de Grabaci\u00f3n EAS"},"content":{"rendered":"<p>\u201cSiendo jefes de estudio\u201d fue el tema que este 9 de mayo reuni\u00f3 de manera presencial y virtual a Dario D\u00e1valos, graduado UArtes y profesional a cargo de los estudios de grabaci\u00f3n de la Escuela de Artes Sonoras, con Edison Chal\u00e9n de Paradox, Juan Fernando Cifuentes y Ricardo C\u00f3rdova de la Universidad de las Am\u00e9ricas de Quito y Fernando Alvarado de la UEES. &nbsp;<\/p>\n\n\n\n<p>Unos son docentes tambi\u00e9n y otros est\u00e1n a cargo de los estudios de grabaci\u00f3n de las instituciones mencionadas, se\u00f1al\u00f3 D\u00e1valos a InfoUArtes. La charla const\u00f3 entre las actividades del primer de los tres d\u00edas de la VI edici\u00f3n de las Conferencias de Audio y de Sonido del Ecuador que nuestra Escuela de Artes Sonoras organiza e inaugur\u00f3 hoy (9 de mayo). Como su nombre lo indica, propici\u00f3 que los jefes de estudio dieran a conocer sus respectivas experiencias en ese \u00e1mbito. &nbsp;<\/p>\n\n\n\n<p>En septiembre pr\u00f3ximo, D\u00e1valos cumplir\u00e1 dos a\u00f1os como responsable de los estudios de grabaci\u00f3n de la EAS y en su exposici\u00f3n se refiri\u00f3, entre otros puntos, al uso de equipo, la formaci\u00f3n de los estudiantes que realizan all\u00ed sus pr\u00e1cticas preprofesionales, las reservas que por la inseguridad que se registra en el pa\u00eds tienen nuevas disposiciones de horario.&nbsp;<\/p>\n\n\n<div class=\"wp-block-image\">\n<figure class=\"aligncenter size-large\"><img fetchpriority=\"high\" decoding=\"async\" width=\"644\" height=\"429\" src=\"https:\/\/www.uartes.edu.ec\/sitio\/wp-content\/uploads\/2023\/05\/04-CASE-1-644x429.jpg\" alt=\"\" class=\"wp-image-41830\" srcset=\"https:\/\/www.uartes.edu.ec\/sitio\/wp-content\/uploads\/2023\/05\/04-CASE-1-644x429.jpg 644w, https:\/\/www.uartes.edu.ec\/sitio\/wp-content\/uploads\/2023\/05\/04-CASE-1-768x512.jpg 768w, https:\/\/www.uartes.edu.ec\/sitio\/wp-content\/uploads\/2023\/05\/04-CASE-1-600x400.jpg 600w, https:\/\/www.uartes.edu.ec\/sitio\/wp-content\/uploads\/2023\/05\/04-CASE-1-272x182.jpg 272w\" sizes=\"(max-width: 644px) 100vw, 644px\" \/><\/figure>\n<\/div>\n\n\n<p>D\u00e1valos fue enf\u00e1tico al mencionar la importancia de las PPP. Los estudiantes no son pasacables ni porteros, lo cual no significa que no puedan cumplir con esas actividades, sino que deben primar aquellas que aporten a su formaci\u00f3n, desde lo m\u00e1s b\u00e1sico hasta lo top. Asimismo, se destac\u00f3 que el rol que cumplen \u2013los jefes de estudio\u2013 no est\u00e1 enmarcado solo en lo administrativo, puesto que al compartir sus conocimientos y experiencias y direccionar a los alumnos en sus pr\u00e1cticas est\u00e1n form\u00e1ndolos como profesionales.&nbsp;<\/p>\n\n\n\n<p>Junto con D\u00e1valos, los otros expositores se dieron cuenta de que no est\u00e1n solos, de que la funci\u00f3n que cumplen no es la misma que la de un estudio de grabaci\u00f3n particular, ya que manejan estudiantes, inventarios, equipos, reservas. Todo siempre a beneficio de la comunidad estudiantil y tiene, por tanto, que ser lo m\u00e1s \u00f3ptimo para el aprendizaje.&nbsp;<\/p>\n\n\n<div class=\"wp-block-image\">\n<figure class=\"aligncenter size-large\"><img decoding=\"async\" width=\"644\" height=\"429\" src=\"https:\/\/www.uartes.edu.ec\/sitio\/wp-content\/uploads\/2023\/05\/05-CASE-644x429.jpg\" alt=\"\" class=\"wp-image-41831\" srcset=\"https:\/\/www.uartes.edu.ec\/sitio\/wp-content\/uploads\/2023\/05\/05-CASE-644x429.jpg 644w, https:\/\/www.uartes.edu.ec\/sitio\/wp-content\/uploads\/2023\/05\/05-CASE-768x512.jpg 768w, https:\/\/www.uartes.edu.ec\/sitio\/wp-content\/uploads\/2023\/05\/05-CASE-600x400.jpg 600w, https:\/\/www.uartes.edu.ec\/sitio\/wp-content\/uploads\/2023\/05\/05-CASE-272x182.jpg 272w\" sizes=\"(max-width: 644px) 100vw, 644px\" \/><\/figure>\n<\/div>\n\n\n<p>Y dentro de ello est\u00e1 el solucionar alg\u00fan problema que pudiera surgir en un estudio de grabaci\u00f3n porque al hacerlo sabr\u00e1n c\u00f3mo desenvolverse en otros tipos de estudios. Es importante que aprendan a resolver problemas, pues muchas veces nos llaman por la experiencia y esa capacidad de hallar soluciones a esos problemas, coincidieron los expositores.&nbsp;<\/p>\n\n\n\n<h3 class=\"wp-block-heading\">Lanzamiento del sitio web de los estudios de grabaci\u00f3n\u00a0<\/h3>\n\n\n\n<p>Al t\u00e9rmino de la charla, que se desarroll\u00f3 en el Estudio A de la EAS en el MZ14, Dario D\u00e1valos hizo el lanzamiento del sitio web de los estudios de grabaci\u00f3n. Cont\u00f3 que la idea de crearla naci\u00f3 de la Direcci\u00f3n de la Escuela de Artes Sonoras, cuyo titular es el docente Andrey Astaiza, quien le deleg\u00f3 su realizaci\u00f3n, para cuyo desarrollo cont\u00f3 con el acompa\u00f1amiento de la Direcci\u00f3n de Comunicaci\u00f3n.&nbsp;<\/p>\n\n\n\n<p>\u201cEs una puerta no solo a la EAS, sino para todas las escuelas de la UArtes y de otras instituciones, para que todos puedan visualizar lo que estamos haciendo\u201d, refiri\u00f3 D\u00e1valos y a\u00f1adi\u00f3 que su concepci\u00f3n es la de un espacio y encuentro creativo. Justamente, en los estudios de grabaci\u00f3n se suscita el encuentro entre artistas, profesionales, docentes y estudiantes para intercambiar conocimientos, crear y aportar con ideas al desarrollo de alguna producci\u00f3n, sea una canci\u00f3n o la grabaci\u00f3n de m\u00fasica para cine, di\u00e1logos y dem\u00e1s.&nbsp;<\/p>\n\n\n<div class=\"wp-block-image\">\n<figure class=\"aligncenter size-large\"><img decoding=\"async\" width=\"644\" height=\"466\" src=\"https:\/\/www.uartes.edu.ec\/sitio\/wp-content\/uploads\/2023\/05\/estudio11111-644x466.png\" alt=\"\" class=\"wp-image-41833\" srcset=\"https:\/\/www.uartes.edu.ec\/sitio\/wp-content\/uploads\/2023\/05\/estudio11111-644x466.png 644w, https:\/\/www.uartes.edu.ec\/sitio\/wp-content\/uploads\/2023\/05\/estudio11111-768x556.png 768w, https:\/\/www.uartes.edu.ec\/sitio\/wp-content\/uploads\/2023\/05\/estudio11111.png 1845w, https:\/\/www.uartes.edu.ec\/sitio\/wp-content\/uploads\/2023\/05\/estudio11111-600x434.png 600w\" sizes=\"(max-width: 644px) 100vw, 644px\" \/><\/figure>\n<\/div>\n\n\n<p>Una de las funciones del sitio web est\u00e1 el reclutamiento, para que cuando los estudiantes o incluso quienes quieran iniciar sus estudios tenga diferentes opciones para elegir.<\/p>\n\n\n\n<p>\u201cTenemos equipos e infraestructura de alto nivel a disposici\u00f3n de los estudiantes, sin embargo, no buscamos que se enfoquen en el equipamiento, sino que puedan desarrollar un criterio art\u00edstico y t\u00e9cnico al momento de entrar a un estudio de grabaci\u00f3n y de participar con otros productores, ingenieros, m\u00fasicos\u201d, dijo D\u00e1valos.&nbsp;<\/p>\n\n\n\n<p>Al entrar al sitio&nbsp;<a href=\"https:\/\/sonoras.uartes.edu.ec\/estudio-grabacion\/\" target=\"_blank\" rel=\"noreferrer noopener\">https:\/\/sonoras.uartes.edu.ec\/estudio-grabacion\/<\/a>, el usuario halla abundante informaci\u00f3n. Se encuentra pesta\u00f1as como Reservas, donde se detallan protocolo, calendario, rider t\u00e9cnico y formulario; Internos (que es el t\u00e9rmino que se utiliza para los PPP), Educaci\u00f3n Continua, Clase y Media (donde est\u00e1n las noticias de la escuela), adem\u00e1s de la misi\u00f3n, el equipo y los contactos.&nbsp;&nbsp;&nbsp;<\/p>","protected":false},"excerpt":{"rendered":"<p>\u201cSiendo jefes de estudio\u201d fue el tema que este 9 de mayo reuni\u00f3 de manera presencial y virtual a Dario D\u00e1valos, graduado UArtes y profesional a cargo de los estudios de grabaci\u00f3n de la Escuela de Artes Sonoras, con Edison Chal\u00e9n de Paradox, Juan Fernando Cifuentes y Ricardo C\u00f3rdova de la Universidad de las Am\u00e9ricas de Quito y Fernando Alvarado de la UEES.  La charla se dio en el primero de tres d\u00edas de CASE. <\/p>","protected":false},"author":10,"featured_media":41829,"comment_status":"open","ping_status":"open","sticky":false,"template":"","format":"standard","meta":{"_acf_changed":false,"_uag_custom_page_level_css":"","_monsterinsights_skip_tracking":false,"_monsterinsights_sitenote_active":false,"_monsterinsights_sitenote_note":"","_monsterinsights_sitenote_category":0,"cybocfi_hide_featured_image":"","footnotes":""},"categories":[80,150,75,76],"tags":[454],"infouartes":[],"class_list":["post-41828","post","type-post","status-publish","format-standard","has-post-thumbnail","hentry","category-academico","category-artes-sonoras","category-docentes","category-estudiantes","tag-case"],"acf":[],"yoast_head":"<!-- This site is optimized with the Yoast SEO plugin v27.4 - https:\/\/yoast.com\/product\/yoast-seo-wordpress\/ -->\n<title>Universidad de las Artes - Dario D\u00e1valos habl\u00f3 con pares sobre ser jefes de estudio y mostr\u00f3 sitio web de los Estudios de Grabaci\u00f3n EAS<\/title>\n<meta name=\"description\" content=\"Universidad de las Artes - Dario D\u00e1valos habl\u00f3 con pares sobre ser jefes de estudio y mostr\u00f3 sitio web de los Estudios de Grabaci\u00f3n EAS\" \/>\n<meta name=\"robots\" content=\"index, follow, max-snippet:-1, max-image-preview:large, max-video-preview:-1\" \/>\n<link rel=\"canonical\" href=\"https:\/\/www.uartes.edu.ec\/sitio\/en\/blog\/2023\/05\/09\/dario-davalos-hablo-con-pares-sobre-ser-jefes-de-estudio-y-mostro-sitio-web-de-los-estudios-de-grabacion-eas\/\" \/>\n<meta property=\"og:locale\" content=\"en_US\" \/>\n<meta property=\"og:type\" content=\"article\" \/>\n<meta property=\"og:title\" content=\"Universidad de las Artes - Dario D\u00e1valos habl\u00f3 con pares sobre ser jefes de estudio y mostr\u00f3 sitio web de los Estudios de Grabaci\u00f3n EAS\" \/>\n<meta property=\"og:description\" content=\"Universidad de las Artes - Dario D\u00e1valos habl\u00f3 con pares sobre ser jefes de estudio y mostr\u00f3 sitio web de los Estudios de Grabaci\u00f3n EAS\" \/>\n<meta property=\"og:url\" content=\"https:\/\/www.uartes.edu.ec\/sitio\/en\/blog\/2023\/05\/09\/dario-davalos-hablo-con-pares-sobre-ser-jefes-de-estudio-y-mostro-sitio-web-de-los-estudios-de-grabacion-eas\/\" \/>\n<meta property=\"og:site_name\" content=\"Universidad de las Artes\" \/>\n<meta property=\"article:publisher\" content=\"https:\/\/www.facebook.com\/uartesec\" \/>\n<meta property=\"article:published_time\" content=\"2023-05-10T01:17:00+00:00\" \/>\n<meta property=\"article:modified_time\" content=\"2024-07-04T16:21:14+00:00\" \/>\n<meta property=\"og:image\" content=\"https:\/\/www.uartes.edu.ec\/sitio\/wp-content\/uploads\/2023\/05\/03-CASE-scaled.jpg\" \/>\n\t<meta property=\"og:image:width\" content=\"2560\" \/>\n\t<meta property=\"og:image:height\" content=\"1707\" \/>\n\t<meta property=\"og:image:type\" content=\"image\/jpeg\" \/>\n<meta name=\"author\" content=\"ccortez\" \/>\n<meta name=\"twitter:card\" content=\"summary_large_image\" \/>\n<meta name=\"twitter:creator\" content=\"@uartesec\" \/>\n<meta name=\"twitter:site\" content=\"@uartesec\" \/>\n<meta name=\"twitter:label1\" content=\"Written by\" \/>\n\t<meta name=\"twitter:data1\" content=\"ccortez\" \/>\n\t<meta name=\"twitter:label2\" content=\"Est. reading time\" \/>\n\t<meta name=\"twitter:data2\" content=\"4 minutes\" \/>\n<script type=\"application\/ld+json\" class=\"yoast-schema-graph\">{\"@context\":\"https:\\\/\\\/schema.org\",\"@graph\":[{\"@type\":\"Article\",\"@id\":\"https:\\\/\\\/www.uartes.edu.ec\\\/sitio\\\/en\\\/blog\\\/2023\\\/05\\\/09\\\/dario-davalos-hablo-con-pares-sobre-ser-jefes-de-estudio-y-mostro-sitio-web-de-los-estudios-de-grabacion-eas\\\/#article\",\"isPartOf\":{\"@id\":\"https:\\\/\\\/www.uartes.edu.ec\\\/sitio\\\/en\\\/blog\\\/2023\\\/05\\\/09\\\/dario-davalos-hablo-con-pares-sobre-ser-jefes-de-estudio-y-mostro-sitio-web-de-los-estudios-de-grabacion-eas\\\/\"},\"author\":{\"name\":\"ccortez\",\"@id\":\"https:\\\/\\\/www.uartes.edu.ec\\\/sitio\\\/en\\\/#\\\/schema\\\/person\\\/efa1b8275797664fd7f13a79ccc0b1f4\"},\"headline\":\"Dario D\u00e1valos habl\u00f3 con pares sobre ser jefes de estudio y mostr\u00f3 sitio web de los Estudios de Grabaci\u00f3n EAS\",\"datePublished\":\"2023-05-10T01:17:00+00:00\",\"dateModified\":\"2024-07-04T16:21:14+00:00\",\"mainEntityOfPage\":{\"@id\":\"https:\\\/\\\/www.uartes.edu.ec\\\/sitio\\\/en\\\/blog\\\/2023\\\/05\\\/09\\\/dario-davalos-hablo-con-pares-sobre-ser-jefes-de-estudio-y-mostro-sitio-web-de-los-estudios-de-grabacion-eas\\\/\"},\"wordCount\":807,\"commentCount\":0,\"publisher\":{\"@id\":\"https:\\\/\\\/www.uartes.edu.ec\\\/sitio\\\/en\\\/#organization\"},\"image\":{\"@id\":\"https:\\\/\\\/www.uartes.edu.ec\\\/sitio\\\/en\\\/blog\\\/2023\\\/05\\\/09\\\/dario-davalos-hablo-con-pares-sobre-ser-jefes-de-estudio-y-mostro-sitio-web-de-los-estudios-de-grabacion-eas\\\/#primaryimage\"},\"thumbnailUrl\":\"https:\\\/\\\/www.uartes.edu.ec\\\/sitio\\\/wp-content\\\/uploads\\\/2023\\\/05\\\/03-CASE-scaled.jpg\",\"keywords\":[\"case\"],\"articleSection\":[\"Acad\u00e9mico\",\"Artes Sonoras\",\"Docentes\",\"Estudiantes\"],\"inLanguage\":\"en-US\",\"potentialAction\":[{\"@type\":\"CommentAction\",\"name\":\"Comment\",\"target\":[\"https:\\\/\\\/www.uartes.edu.ec\\\/sitio\\\/en\\\/blog\\\/2023\\\/05\\\/09\\\/dario-davalos-hablo-con-pares-sobre-ser-jefes-de-estudio-y-mostro-sitio-web-de-los-estudios-de-grabacion-eas\\\/#respond\"]}]},{\"@type\":[\"WebPage\",\"ItemPage\"],\"@id\":\"https:\\\/\\\/www.uartes.edu.ec\\\/sitio\\\/en\\\/blog\\\/2023\\\/05\\\/09\\\/dario-davalos-hablo-con-pares-sobre-ser-jefes-de-estudio-y-mostro-sitio-web-de-los-estudios-de-grabacion-eas\\\/\",\"url\":\"https:\\\/\\\/www.uartes.edu.ec\\\/sitio\\\/en\\\/blog\\\/2023\\\/05\\\/09\\\/dario-davalos-hablo-con-pares-sobre-ser-jefes-de-estudio-y-mostro-sitio-web-de-los-estudios-de-grabacion-eas\\\/\",\"name\":\"Universidad de las Artes - Dario D\u00e1valos habl\u00f3 con pares sobre ser jefes de estudio y mostr\u00f3 sitio web de los Estudios de Grabaci\u00f3n EAS\",\"isPartOf\":{\"@id\":\"https:\\\/\\\/www.uartes.edu.ec\\\/sitio\\\/en\\\/#website\"},\"primaryImageOfPage\":{\"@id\":\"https:\\\/\\\/www.uartes.edu.ec\\\/sitio\\\/en\\\/blog\\\/2023\\\/05\\\/09\\\/dario-davalos-hablo-con-pares-sobre-ser-jefes-de-estudio-y-mostro-sitio-web-de-los-estudios-de-grabacion-eas\\\/#primaryimage\"},\"image\":{\"@id\":\"https:\\\/\\\/www.uartes.edu.ec\\\/sitio\\\/en\\\/blog\\\/2023\\\/05\\\/09\\\/dario-davalos-hablo-con-pares-sobre-ser-jefes-de-estudio-y-mostro-sitio-web-de-los-estudios-de-grabacion-eas\\\/#primaryimage\"},\"thumbnailUrl\":\"https:\\\/\\\/www.uartes.edu.ec\\\/sitio\\\/wp-content\\\/uploads\\\/2023\\\/05\\\/03-CASE-scaled.jpg\",\"datePublished\":\"2023-05-10T01:17:00+00:00\",\"dateModified\":\"2024-07-04T16:21:14+00:00\",\"description\":\"Universidad de las Artes - Dario D\u00e1valos habl\u00f3 con pares sobre ser jefes de estudio y mostr\u00f3 sitio web de los Estudios de Grabaci\u00f3n EAS\",\"breadcrumb\":{\"@id\":\"https:\\\/\\\/www.uartes.edu.ec\\\/sitio\\\/en\\\/blog\\\/2023\\\/05\\\/09\\\/dario-davalos-hablo-con-pares-sobre-ser-jefes-de-estudio-y-mostro-sitio-web-de-los-estudios-de-grabacion-eas\\\/#breadcrumb\"},\"inLanguage\":\"en-US\",\"potentialAction\":[{\"@type\":\"ReadAction\",\"target\":[\"https:\\\/\\\/www.uartes.edu.ec\\\/sitio\\\/en\\\/blog\\\/2023\\\/05\\\/09\\\/dario-davalos-hablo-con-pares-sobre-ser-jefes-de-estudio-y-mostro-sitio-web-de-los-estudios-de-grabacion-eas\\\/\"]}]},{\"@type\":\"ImageObject\",\"inLanguage\":\"en-US\",\"@id\":\"https:\\\/\\\/www.uartes.edu.ec\\\/sitio\\\/en\\\/blog\\\/2023\\\/05\\\/09\\\/dario-davalos-hablo-con-pares-sobre-ser-jefes-de-estudio-y-mostro-sitio-web-de-los-estudios-de-grabacion-eas\\\/#primaryimage\",\"url\":\"https:\\\/\\\/www.uartes.edu.ec\\\/sitio\\\/wp-content\\\/uploads\\\/2023\\\/05\\\/03-CASE-scaled.jpg\",\"contentUrl\":\"https:\\\/\\\/www.uartes.edu.ec\\\/sitio\\\/wp-content\\\/uploads\\\/2023\\\/05\\\/03-CASE-scaled.jpg\",\"width\":2560,\"height\":1707},{\"@type\":\"BreadcrumbList\",\"@id\":\"https:\\\/\\\/www.uartes.edu.ec\\\/sitio\\\/en\\\/blog\\\/2023\\\/05\\\/09\\\/dario-davalos-hablo-con-pares-sobre-ser-jefes-de-estudio-y-mostro-sitio-web-de-los-estudios-de-grabacion-eas\\\/#breadcrumb\",\"itemListElement\":[{\"@type\":\"ListItem\",\"position\":1,\"name\":\"Inicio\",\"item\":\"https:\\\/\\\/www.uartes.edu.ec\\\/sitio\\\/\"},{\"@type\":\"ListItem\",\"position\":2,\"name\":\"Dario D\u00e1valos habl\u00f3 con pares sobre ser jefes de estudio y mostr\u00f3 sitio web de los Estudios de Grabaci\u00f3n EAS\"}]},{\"@type\":\"WebSite\",\"@id\":\"https:\\\/\\\/www.uartes.edu.ec\\\/sitio\\\/en\\\/#website\",\"url\":\"https:\\\/\\\/www.uartes.edu.ec\\\/sitio\\\/en\\\/\",\"name\":\"Universidad de las Artes\",\"description\":\"Sitio oficial de la Universidad Nacional de las Artes del Ecuador\",\"publisher\":{\"@id\":\"https:\\\/\\\/www.uartes.edu.ec\\\/sitio\\\/en\\\/#organization\"},\"potentialAction\":[{\"@type\":\"SearchAction\",\"target\":{\"@type\":\"EntryPoint\",\"urlTemplate\":\"https:\\\/\\\/www.uartes.edu.ec\\\/sitio\\\/en\\\/?s={search_term_string}\"},\"query-input\":{\"@type\":\"PropertyValueSpecification\",\"valueRequired\":true,\"valueName\":\"search_term_string\"}}],\"inLanguage\":\"en-US\"},{\"@type\":\"Organization\",\"@id\":\"https:\\\/\\\/www.uartes.edu.ec\\\/sitio\\\/en\\\/#organization\",\"name\":\"Universidad de las Artes\",\"url\":\"https:\\\/\\\/www.uartes.edu.ec\\\/sitio\\\/en\\\/\",\"logo\":{\"@type\":\"ImageObject\",\"inLanguage\":\"en-US\",\"@id\":\"https:\\\/\\\/www.uartes.edu.ec\\\/sitio\\\/en\\\/#\\\/schema\\\/logo\\\/image\\\/\",\"url\":\"https:\\\/\\\/www.uartes.edu.ec\\\/sitio\\\/wp-content\\\/uploads\\\/2022\\\/07\\\/logo-ua-horizontal.png\",\"contentUrl\":\"https:\\\/\\\/www.uartes.edu.ec\\\/sitio\\\/wp-content\\\/uploads\\\/2022\\\/07\\\/logo-ua-horizontal.png\",\"width\":800,\"height\":276,\"caption\":\"Universidad de las Artes\"},\"image\":{\"@id\":\"https:\\\/\\\/www.uartes.edu.ec\\\/sitio\\\/en\\\/#\\\/schema\\\/logo\\\/image\\\/\"},\"sameAs\":[\"https:\\\/\\\/www.facebook.com\\\/uartesec\",\"https:\\\/\\\/x.com\\\/uartesec\",\"https:\\\/\\\/www.tiktok.com\\\/@uartesec\"]},{\"@type\":\"Person\",\"@id\":\"https:\\\/\\\/www.uartes.edu.ec\\\/sitio\\\/en\\\/#\\\/schema\\\/person\\\/efa1b8275797664fd7f13a79ccc0b1f4\",\"name\":\"ccortez\",\"image\":{\"@type\":\"ImageObject\",\"inLanguage\":\"en-US\",\"@id\":\"https:\\\/\\\/secure.gravatar.com\\\/avatar\\\/b2a6f664a3ae8e074346ef91775736c5ec479e637ecced6842de9dc98b5da9cd?s=96&d=mm&r=g\",\"url\":\"https:\\\/\\\/secure.gravatar.com\\\/avatar\\\/b2a6f664a3ae8e074346ef91775736c5ec479e637ecced6842de9dc98b5da9cd?s=96&d=mm&r=g\",\"contentUrl\":\"https:\\\/\\\/secure.gravatar.com\\\/avatar\\\/b2a6f664a3ae8e074346ef91775736c5ec479e637ecced6842de9dc98b5da9cd?s=96&d=mm&r=g\",\"caption\":\"ccortez\"},\"url\":\"https:\\\/\\\/www.uartes.edu.ec\\\/sitio\\\/en\\\/blog\\\/author\\\/ccortez\\\/\"}]}<\/script>\n<!-- \/ Yoast SEO plugin. -->","yoast_head_json":{"title":"Universidad de las Artes - Dario D\u00e1valos habl\u00f3 con pares sobre ser jefes de estudio y mostr\u00f3 sitio web de los Estudios de Grabaci\u00f3n EAS","description":"Universidad de las Artes - Dario D\u00e1valos habl\u00f3 con pares sobre ser jefes de estudio y mostr\u00f3 sitio web de los Estudios de Grabaci\u00f3n EAS","robots":{"index":"index","follow":"follow","max-snippet":"max-snippet:-1","max-image-preview":"max-image-preview:large","max-video-preview":"max-video-preview:-1"},"canonical":"https:\/\/www.uartes.edu.ec\/sitio\/en\/blog\/2023\/05\/09\/dario-davalos-hablo-con-pares-sobre-ser-jefes-de-estudio-y-mostro-sitio-web-de-los-estudios-de-grabacion-eas\/","og_locale":"en_US","og_type":"article","og_title":"Universidad de las Artes - Dario D\u00e1valos habl\u00f3 con pares sobre ser jefes de estudio y mostr\u00f3 sitio web de los Estudios de Grabaci\u00f3n EAS","og_description":"Universidad de las Artes - Dario D\u00e1valos habl\u00f3 con pares sobre ser jefes de estudio y mostr\u00f3 sitio web de los Estudios de Grabaci\u00f3n EAS","og_url":"https:\/\/www.uartes.edu.ec\/sitio\/en\/blog\/2023\/05\/09\/dario-davalos-hablo-con-pares-sobre-ser-jefes-de-estudio-y-mostro-sitio-web-de-los-estudios-de-grabacion-eas\/","og_site_name":"Universidad de las Artes","article_publisher":"https:\/\/www.facebook.com\/uartesec","article_published_time":"2023-05-10T01:17:00+00:00","article_modified_time":"2024-07-04T16:21:14+00:00","og_image":[{"width":2560,"height":1707,"url":"https:\/\/www.uartes.edu.ec\/sitio\/wp-content\/uploads\/2023\/05\/03-CASE-scaled.jpg","type":"image\/jpeg"}],"author":"ccortez","twitter_card":"summary_large_image","twitter_creator":"@uartesec","twitter_site":"@uartesec","twitter_misc":{"Written by":"ccortez","Est. reading time":"4 minutes"},"schema":{"@context":"https:\/\/schema.org","@graph":[{"@type":"Article","@id":"https:\/\/www.uartes.edu.ec\/sitio\/en\/blog\/2023\/05\/09\/dario-davalos-hablo-con-pares-sobre-ser-jefes-de-estudio-y-mostro-sitio-web-de-los-estudios-de-grabacion-eas\/#article","isPartOf":{"@id":"https:\/\/www.uartes.edu.ec\/sitio\/en\/blog\/2023\/05\/09\/dario-davalos-hablo-con-pares-sobre-ser-jefes-de-estudio-y-mostro-sitio-web-de-los-estudios-de-grabacion-eas\/"},"author":{"name":"ccortez","@id":"https:\/\/www.uartes.edu.ec\/sitio\/en\/#\/schema\/person\/efa1b8275797664fd7f13a79ccc0b1f4"},"headline":"Dario D\u00e1valos habl\u00f3 con pares sobre ser jefes de estudio y mostr\u00f3 sitio web de los Estudios de Grabaci\u00f3n EAS","datePublished":"2023-05-10T01:17:00+00:00","dateModified":"2024-07-04T16:21:14+00:00","mainEntityOfPage":{"@id":"https:\/\/www.uartes.edu.ec\/sitio\/en\/blog\/2023\/05\/09\/dario-davalos-hablo-con-pares-sobre-ser-jefes-de-estudio-y-mostro-sitio-web-de-los-estudios-de-grabacion-eas\/"},"wordCount":807,"commentCount":0,"publisher":{"@id":"https:\/\/www.uartes.edu.ec\/sitio\/en\/#organization"},"image":{"@id":"https:\/\/www.uartes.edu.ec\/sitio\/en\/blog\/2023\/05\/09\/dario-davalos-hablo-con-pares-sobre-ser-jefes-de-estudio-y-mostro-sitio-web-de-los-estudios-de-grabacion-eas\/#primaryimage"},"thumbnailUrl":"https:\/\/www.uartes.edu.ec\/sitio\/wp-content\/uploads\/2023\/05\/03-CASE-scaled.jpg","keywords":["case"],"articleSection":["Acad\u00e9mico","Artes Sonoras","Docentes","Estudiantes"],"inLanguage":"en-US","potentialAction":[{"@type":"CommentAction","name":"Comment","target":["https:\/\/www.uartes.edu.ec\/sitio\/en\/blog\/2023\/05\/09\/dario-davalos-hablo-con-pares-sobre-ser-jefes-de-estudio-y-mostro-sitio-web-de-los-estudios-de-grabacion-eas\/#respond"]}]},{"@type":["WebPage","ItemPage"],"@id":"https:\/\/www.uartes.edu.ec\/sitio\/en\/blog\/2023\/05\/09\/dario-davalos-hablo-con-pares-sobre-ser-jefes-de-estudio-y-mostro-sitio-web-de-los-estudios-de-grabacion-eas\/","url":"https:\/\/www.uartes.edu.ec\/sitio\/en\/blog\/2023\/05\/09\/dario-davalos-hablo-con-pares-sobre-ser-jefes-de-estudio-y-mostro-sitio-web-de-los-estudios-de-grabacion-eas\/","name":"Universidad de las Artes - Dario D\u00e1valos habl\u00f3 con pares sobre ser jefes de estudio y mostr\u00f3 sitio web de los Estudios de Grabaci\u00f3n EAS","isPartOf":{"@id":"https:\/\/www.uartes.edu.ec\/sitio\/en\/#website"},"primaryImageOfPage":{"@id":"https:\/\/www.uartes.edu.ec\/sitio\/en\/blog\/2023\/05\/09\/dario-davalos-hablo-con-pares-sobre-ser-jefes-de-estudio-y-mostro-sitio-web-de-los-estudios-de-grabacion-eas\/#primaryimage"},"image":{"@id":"https:\/\/www.uartes.edu.ec\/sitio\/en\/blog\/2023\/05\/09\/dario-davalos-hablo-con-pares-sobre-ser-jefes-de-estudio-y-mostro-sitio-web-de-los-estudios-de-grabacion-eas\/#primaryimage"},"thumbnailUrl":"https:\/\/www.uartes.edu.ec\/sitio\/wp-content\/uploads\/2023\/05\/03-CASE-scaled.jpg","datePublished":"2023-05-10T01:17:00+00:00","dateModified":"2024-07-04T16:21:14+00:00","description":"Universidad de las Artes - Dario D\u00e1valos habl\u00f3 con pares sobre ser jefes de estudio y mostr\u00f3 sitio web de los Estudios de Grabaci\u00f3n EAS","breadcrumb":{"@id":"https:\/\/www.uartes.edu.ec\/sitio\/en\/blog\/2023\/05\/09\/dario-davalos-hablo-con-pares-sobre-ser-jefes-de-estudio-y-mostro-sitio-web-de-los-estudios-de-grabacion-eas\/#breadcrumb"},"inLanguage":"en-US","potentialAction":[{"@type":"ReadAction","target":["https:\/\/www.uartes.edu.ec\/sitio\/en\/blog\/2023\/05\/09\/dario-davalos-hablo-con-pares-sobre-ser-jefes-de-estudio-y-mostro-sitio-web-de-los-estudios-de-grabacion-eas\/"]}]},{"@type":"ImageObject","inLanguage":"en-US","@id":"https:\/\/www.uartes.edu.ec\/sitio\/en\/blog\/2023\/05\/09\/dario-davalos-hablo-con-pares-sobre-ser-jefes-de-estudio-y-mostro-sitio-web-de-los-estudios-de-grabacion-eas\/#primaryimage","url":"https:\/\/www.uartes.edu.ec\/sitio\/wp-content\/uploads\/2023\/05\/03-CASE-scaled.jpg","contentUrl":"https:\/\/www.uartes.edu.ec\/sitio\/wp-content\/uploads\/2023\/05\/03-CASE-scaled.jpg","width":2560,"height":1707},{"@type":"BreadcrumbList","@id":"https:\/\/www.uartes.edu.ec\/sitio\/en\/blog\/2023\/05\/09\/dario-davalos-hablo-con-pares-sobre-ser-jefes-de-estudio-y-mostro-sitio-web-de-los-estudios-de-grabacion-eas\/#breadcrumb","itemListElement":[{"@type":"ListItem","position":1,"name":"Inicio","item":"https:\/\/www.uartes.edu.ec\/sitio\/"},{"@type":"ListItem","position":2,"name":"Dario D\u00e1valos habl\u00f3 con pares sobre ser jefes de estudio y mostr\u00f3 sitio web de los Estudios de Grabaci\u00f3n EAS"}]},{"@type":"WebSite","@id":"https:\/\/www.uartes.edu.ec\/sitio\/en\/#website","url":"https:\/\/www.uartes.edu.ec\/sitio\/en\/","name":"Universidad de las Artes","description":"Sitio oficial de la Universidad Nacional de las Artes del Ecuador","publisher":{"@id":"https:\/\/www.uartes.edu.ec\/sitio\/en\/#organization"},"potentialAction":[{"@type":"SearchAction","target":{"@type":"EntryPoint","urlTemplate":"https:\/\/www.uartes.edu.ec\/sitio\/en\/?s={search_term_string}"},"query-input":{"@type":"PropertyValueSpecification","valueRequired":true,"valueName":"search_term_string"}}],"inLanguage":"en-US"},{"@type":"Organization","@id":"https:\/\/www.uartes.edu.ec\/sitio\/en\/#organization","name":"Universidad de las Artes","url":"https:\/\/www.uartes.edu.ec\/sitio\/en\/","logo":{"@type":"ImageObject","inLanguage":"en-US","@id":"https:\/\/www.uartes.edu.ec\/sitio\/en\/#\/schema\/logo\/image\/","url":"https:\/\/www.uartes.edu.ec\/sitio\/wp-content\/uploads\/2022\/07\/logo-ua-horizontal.png","contentUrl":"https:\/\/www.uartes.edu.ec\/sitio\/wp-content\/uploads\/2022\/07\/logo-ua-horizontal.png","width":800,"height":276,"caption":"Universidad de las Artes"},"image":{"@id":"https:\/\/www.uartes.edu.ec\/sitio\/en\/#\/schema\/logo\/image\/"},"sameAs":["https:\/\/www.facebook.com\/uartesec","https:\/\/x.com\/uartesec","https:\/\/www.tiktok.com\/@uartesec"]},{"@type":"Person","@id":"https:\/\/www.uartes.edu.ec\/sitio\/en\/#\/schema\/person\/efa1b8275797664fd7f13a79ccc0b1f4","name":"ccortez","image":{"@type":"ImageObject","inLanguage":"en-US","@id":"https:\/\/secure.gravatar.com\/avatar\/b2a6f664a3ae8e074346ef91775736c5ec479e637ecced6842de9dc98b5da9cd?s=96&d=mm&r=g","url":"https:\/\/secure.gravatar.com\/avatar\/b2a6f664a3ae8e074346ef91775736c5ec479e637ecced6842de9dc98b5da9cd?s=96&d=mm&r=g","contentUrl":"https:\/\/secure.gravatar.com\/avatar\/b2a6f664a3ae8e074346ef91775736c5ec479e637ecced6842de9dc98b5da9cd?s=96&d=mm&r=g","caption":"ccortez"},"url":"https:\/\/www.uartes.edu.ec\/sitio\/en\/blog\/author\/ccortez\/"}]}},"uagb_featured_image_src":{"full":["https:\/\/www.uartes.edu.ec\/sitio\/wp-content\/uploads\/2023\/05\/03-CASE-scaled.jpg",2560,1707,false],"thumbnail":["https:\/\/www.uartes.edu.ec\/sitio\/wp-content\/uploads\/2023\/05\/03-CASE-150x150.jpg",150,150,true],"medium":["https:\/\/www.uartes.edu.ec\/sitio\/wp-content\/uploads\/2023\/05\/03-CASE-300x200.jpg",300,200,true],"medium_large":["https:\/\/www.uartes.edu.ec\/sitio\/wp-content\/uploads\/2023\/05\/03-CASE-768x512.jpg",768,512,true],"large":["https:\/\/www.uartes.edu.ec\/sitio\/wp-content\/uploads\/2023\/05\/03-CASE-644x429.jpg",644,429,true],"1536x1536":["https:\/\/www.uartes.edu.ec\/sitio\/wp-content\/uploads\/2023\/05\/03-CASE-1536x1024.jpg",1536,1024,true],"2048x2048":["https:\/\/www.uartes.edu.ec\/sitio\/wp-content\/uploads\/2023\/05\/03-CASE-2048x1365.jpg",2048,1365,true],"trp-custom-language-flag":["https:\/\/www.uartes.edu.ec\/sitio\/wp-content\/uploads\/2023\/05\/03-CASE-scaled.jpg",18,12,false],"htmega_size_585x295":["https:\/\/www.uartes.edu.ec\/sitio\/wp-content\/uploads\/2023\/05\/03-CASE-585x295.jpg",585,295,true],"htmega_size_1170x536":["https:\/\/www.uartes.edu.ec\/sitio\/wp-content\/uploads\/2023\/05\/03-CASE-1170x536.jpg",1170,536,true],"htmega_size_396x360":["https:\/\/www.uartes.edu.ec\/sitio\/wp-content\/uploads\/2023\/05\/03-CASE-396x360.jpg",396,360,true],"gb-block-post-grid-landscape":["https:\/\/www.uartes.edu.ec\/sitio\/wp-content\/uploads\/2023\/05\/03-CASE-600x400.jpg",600,400,true],"gb-block-post-grid-square":["https:\/\/www.uartes.edu.ec\/sitio\/wp-content\/uploads\/2023\/05\/03-CASE-600x600.jpg",600,600,true],"university-hub-thumb":["https:\/\/www.uartes.edu.ec\/sitio\/wp-content\/uploads\/2023\/05\/03-CASE-400x267.jpg",400,267,true]},"uagb_author_info":{"display_name":"ccortez","author_link":"https:\/\/www.uartes.edu.ec\/sitio\/en\/blog\/author\/ccortez\/"},"uagb_comment_info":0,"uagb_excerpt":"\u201cSiendo jefes de estudio\u201d fue el tema que este 9 de mayo reuni\u00f3 de manera presencial y virtual a Dario D\u00e1valos, graduado UArtes y profesional a cargo de los estudios de grabaci\u00f3n de la Escuela de Artes Sonoras, con Edison Chal\u00e9n de Paradox, Juan Fernando Cifuentes y Ricardo C\u00f3rdova de la Universidad de las Am\u00e9ricas&hellip;","featured_image_src":"https:\/\/www.uartes.edu.ec\/sitio\/wp-content\/uploads\/2023\/05\/03-CASE-600x400.jpg","featured_image_src_square":"https:\/\/www.uartes.edu.ec\/sitio\/wp-content\/uploads\/2023\/05\/03-CASE-600x600.jpg","author_info":{"display_name":"ccortez","author_link":"https:\/\/www.uartes.edu.ec\/sitio\/en\/blog\/author\/ccortez\/"},"publishpress_future_workflow_manual_trigger":{"enabledWorkflows":[]},"distributor_meta":false,"distributor_terms":false,"distributor_media":false,"distributor_original_site_name":"Universidad de las Artes","distributor_original_site_url":"https:\/\/www.uartes.edu.ec\/sitio\/en","push-errors":false,"_links":{"self":[{"href":"https:\/\/www.uartes.edu.ec\/sitio\/en\/wp-json\/wp\/v2\/posts\/41828","targetHints":{"allow":["GET"]}}],"collection":[{"href":"https:\/\/www.uartes.edu.ec\/sitio\/en\/wp-json\/wp\/v2\/posts"}],"about":[{"href":"https:\/\/www.uartes.edu.ec\/sitio\/en\/wp-json\/wp\/v2\/types\/post"}],"author":[{"embeddable":true,"href":"https:\/\/www.uartes.edu.ec\/sitio\/en\/wp-json\/wp\/v2\/users\/10"}],"replies":[{"embeddable":true,"href":"https:\/\/www.uartes.edu.ec\/sitio\/en\/wp-json\/wp\/v2\/comments?post=41828"}],"version-history":[{"count":4,"href":"https:\/\/www.uartes.edu.ec\/sitio\/en\/wp-json\/wp\/v2\/posts\/41828\/revisions"}],"predecessor-version":[{"id":41854,"href":"https:\/\/www.uartes.edu.ec\/sitio\/en\/wp-json\/wp\/v2\/posts\/41828\/revisions\/41854"}],"wp:featuredmedia":[{"embeddable":true,"href":"https:\/\/www.uartes.edu.ec\/sitio\/en\/wp-json\/wp\/v2\/media\/41829"}],"wp:attachment":[{"href":"https:\/\/www.uartes.edu.ec\/sitio\/en\/wp-json\/wp\/v2\/media?parent=41828"}],"wp:term":[{"taxonomy":"category","embeddable":true,"href":"https:\/\/www.uartes.edu.ec\/sitio\/en\/wp-json\/wp\/v2\/categories?post=41828"},{"taxonomy":"post_tag","embeddable":true,"href":"https:\/\/www.uartes.edu.ec\/sitio\/en\/wp-json\/wp\/v2\/tags?post=41828"},{"taxonomy":"infouartes","embeddable":true,"href":"https:\/\/www.uartes.edu.ec\/sitio\/en\/wp-json\/wp\/v2\/infouartes?post=41828"}],"curies":[{"name":"wp","href":"https:\/\/api.w.org\/{rel}","templated":true}]}}