{"id":41986,"date":"2023-05-11T15:39:00","date_gmt":"2023-05-11T20:39:00","guid":{"rendered":"https:\/\/www.uartes.edu.ec\/sitio\/?p=41986"},"modified":"2024-07-04T11:21:12","modified_gmt":"2024-07-04T16:21:12","slug":"max-mcclure-lleva-nauta-relicta-a-enavant-intervienen-la-docente-cindy-cantos-y-estudiantes","status":"publish","type":"post","link":"https:\/\/www.uartes.edu.ec\/sitio\/en\/blog\/2023\/05\/11\/max-mcclure-lleva-nauta-relicta-a-enavant-intervienen-la-docente-cindy-cantos-y-estudiantes\/","title":{"rendered":"Max McClure y Cindy Cantos llevan \u201cNauta Relicta\u201d a EnAvant; intervienen tres estudiantes de Artes Esc\u00e9nicas"},"content":{"rendered":"<p>Una emocionante propuesta sobre el tiempo y el espacio es la que el core\u00f3grafo y docente UArtes Max McClure llev\u00f3 al escenario de la Compa\u00f1\u00eda de Danza EnAvant con \u201cNauta Relicta\u201d, pieza en la que intervienen con \u00e9l la tambi\u00e9n docente de la carrera de Danza Cindy Cantos y los estudiantes Jaqueline Velarde, Miguel C\u00f3rdova y Erwin Guale. &nbsp;<\/p>\n\n\n\n<p>\u201cNauta Relicta\u201d se estren\u00f3 el 5 de mayo y continu\u00f3 el 6 y el 7 con dos presentaciones m\u00e1s de las seis en total que est\u00e1n programadas. Las siguientes puestas en escena se dar\u00e1n este viernes 12, as\u00ed como el s\u00e1bado 13 y domingo 14. Acerca de la concepci\u00f3n y contenido de la obra, Max McClure se\u00f1ala que su t\u00edtulo viene del lat\u00edn y que son palabras que tienen muchos significados. La segunda de ellas (Relicta) habla del abandono y tiene ra\u00edces con el vocablo desierto.<\/p>\n\n\n\n<p>\u201cTrabajamos rodeados en el escenario de arena, la cual sirve simb\u00f3licamente para varias cosas, como el paso del tiempo. El escenario se convierte entonces en un reloj de arena, un elemento b\u00e1sico y universal que carece, a su vez, de lo org\u00e1nico, pero cohabitamos. Sirve para ocupar ese lugar simb\u00f3lico\u201d, explica.<\/p>\n\n\n<div class=\"wp-block-image\">\n<figure class=\"aligncenter size-large\"><img fetchpriority=\"high\" decoding=\"async\" width=\"644\" height=\"429\" src=\"https:\/\/www.uartes.edu.ec\/sitio\/wp-content\/uploads\/2023\/05\/Nauta-Relicta-Max-McClure-02-644x429.jpg\" alt=\"\" class=\"wp-image-41988\" srcset=\"https:\/\/www.uartes.edu.ec\/sitio\/wp-content\/uploads\/2023\/05\/Nauta-Relicta-Max-McClure-02-644x429.jpg 644w, https:\/\/www.uartes.edu.ec\/sitio\/wp-content\/uploads\/2023\/05\/Nauta-Relicta-Max-McClure-02-768x511.jpg 768w, https:\/\/www.uartes.edu.ec\/sitio\/wp-content\/uploads\/2023\/05\/Nauta-Relicta-Max-McClure-02.jpg 2000w, https:\/\/www.uartes.edu.ec\/sitio\/wp-content\/uploads\/2023\/05\/Nauta-Relicta-Max-McClure-02-600x399.jpg 600w, https:\/\/www.uartes.edu.ec\/sitio\/wp-content\/uploads\/2023\/05\/Nauta-Relicta-Max-McClure-02-272x182.jpg 272w\" sizes=\"(max-width: 644px) 100vw, 644px\" \/><\/figure>\n<\/div>\n\n\n<p>En la sinopsis, de \u201cNauta Relicta\u201d se menciona que cuando creemos estar equipados para sobrevivir, \u201ceste equipamiento no nos sirve para las necesidades m\u00e1s primordiales y humanas.<br>Un reloj de arena infinito. Estuvo ah\u00ed antes de nosotros y seguir\u00e1 ah\u00ed cuando nos vayamos. Este recurso nos encaja en un momento en el tiempo y en el espacio. Todo se deshace y se desorganiza, pero a pesar de esta entrop\u00eda seguimos transitando\u201d.<\/p>\n\n\n\n<p>Del proceso se anota que desde su inicio la b\u00fasqueda fue clara: la relaci\u00f3n entre nosotros y la relaci\u00f3n de los int\u00e9rpretes con el elemento. \u201cNos pregunt\u00e1bamos cu\u00e1l ser\u00eda el hilo que nos conduzca y nos ayude a transitar en el espacio y en el tiempo. Hoy sentimos que, aunque la investigaci\u00f3n no termina, hemos llegado a un honesto primer resultado\u201d.<\/p>\n\n\n\n<p>En la superficie, se\u00f1ala Max McClure, la obra toma lugar en un futuro posapocal\u00edptico. \u201cLos personajes usan trajes que regulan el sistema nervioso, cardiaco, respiratorio. Es como si el mismo traje les permite esa respiraci\u00f3n y regular la temperatura. Son una especie de astronautas que van explorando y est\u00e1n en busca de ese algo. Lo hacen equipados y con tecnolog\u00eda, lo cual no es importante. Lo que s\u00ed importan son nuestras relaciones interpersonales y esos momentos que recordamos\u201d.<\/p>\n\n\n<div class=\"wp-block-image\">\n<figure class=\"aligncenter size-large\"><img decoding=\"async\" width=\"644\" height=\"429\" src=\"https:\/\/www.uartes.edu.ec\/sitio\/wp-content\/uploads\/2023\/05\/Nauta-Relicta-Max-McClure-03-644x429.jpg\" alt=\"\" class=\"wp-image-41989\" srcset=\"https:\/\/www.uartes.edu.ec\/sitio\/wp-content\/uploads\/2023\/05\/Nauta-Relicta-Max-McClure-03-644x429.jpg 644w, https:\/\/www.uartes.edu.ec\/sitio\/wp-content\/uploads\/2023\/05\/Nauta-Relicta-Max-McClure-03-768x511.jpg 768w, https:\/\/www.uartes.edu.ec\/sitio\/wp-content\/uploads\/2023\/05\/Nauta-Relicta-Max-McClure-03.jpg 2000w, https:\/\/www.uartes.edu.ec\/sitio\/wp-content\/uploads\/2023\/05\/Nauta-Relicta-Max-McClure-03-600x399.jpg 600w, https:\/\/www.uartes.edu.ec\/sitio\/wp-content\/uploads\/2023\/05\/Nauta-Relicta-Max-McClure-03-272x182.jpg 272w\" sizes=\"(max-width: 644px) 100vw, 644px\" \/><\/figure>\n<\/div>\n\n\n<p>En el enfoque din\u00e1mico y proceso de creaci\u00f3n hemos desarrollado lo que no se puede hablar, por eso lo hacemos con la danza, expresa Max McClure.<\/p>\n\n\n\n<p>Cabe anotar que, el pasado 29 de abril \u2013en el D\u00eda Internacional de la Danza\u2013, la Universidad de las Artes y la Compa\u00f1\u00eda de Danza EnAvant firmaron un Convenio Marco de Cooperaci\u00f3n Interinstitucional para la articulaci\u00f3n de un trabajo mancomunado y comprometido que favorezca a procesos de creaci\u00f3n y difusi\u00f3n art\u00edstica, desde la experiencia docente, el ejercicio de las pr\u00e1cticas preprofesionales, la formaci\u00f3n continua, la investigaci\u00f3n y la vinculaci\u00f3n con la sociedad.<\/p>\n\n\n\n<p>Fue la formalizaci\u00f3n de un relacionamiento que la UArtes, a trav\u00e9s la carrera de Danza de la Escuela de Artes Esc\u00e9nicas, ha establecido con EnAvant desde el 2019, en una din\u00e1mica de cooperaci\u00f3n favorable para la formaci\u00f3n pr\u00e1ctica de sus estudiantes, quienes han sido parte de los procesos de creaci\u00f3n art\u00edstica desarrollados en la compa\u00f1\u00eda.<\/p>\n\n\n\n<p>Fotograf\u00edas: El\u00edas Aguirre<br>Dise\u00f1o de iluminaci\u00f3n: Erwin Guale, estudiante de Creaci\u00f3n Teatral.<br>Int\u00e9rpretes: Max McClure, core\u00f3grafo y docente de Danza. Cindy Cantos, docente de Danza. Jaqueline Velarde, estudiante de Artes Visuales. Miguel C\u00f3rdova, estudiante de Danza.<\/p>","protected":false},"excerpt":{"rendered":"<p>Una emocionante propuesta sobre el tiempo y el espacio es la que el core\u00f3grafo y docente de la UArtes Max McClure llev\u00f3 al escenario de EnAvant con \u201cNauta Relicta\u201d, pieza en la que intervienen con \u00e9l la tambi\u00e9n docente de la carrera de Danza Cindy Cantos y los estudiantes Jaqueline Velarde, Miguel C\u00f3rdova y Erwin Guale. Se estren\u00f3 el 5 de mayo y continu\u00f3 el 6 y el 7. Ma\u00f1ana, el 13 y el 14, las siguientes presentaciones.<\/p>","protected":false},"author":10,"featured_media":41987,"comment_status":"open","ping_status":"open","sticky":false,"template":"","format":"standard","meta":{"_acf_changed":false,"_uag_custom_page_level_css":"","_monsterinsights_skip_tracking":false,"_monsterinsights_sitenote_active":false,"_monsterinsights_sitenote_note":"","_monsterinsights_sitenote_category":0,"cybocfi_hide_featured_image":"","footnotes":""},"categories":[82,159,75,76,77],"tags":[976],"infouartes":[],"class_list":["post-41986","post","type-post","status-publish","format-standard","has-post-thumbnail","hentry","category-artes","category-artes-escenicas","category-docentes","category-estudiantes","category-gestion","tag-pieza-coreografica"],"acf":[],"yoast_head":"<!-- This site is optimized with the Yoast SEO plugin v27.4 - https:\/\/yoast.com\/product\/yoast-seo-wordpress\/ -->\n<title>Universidad de las Artes - Max McClure y Cindy Cantos llevan \u201cNauta Relicta\u201d a EnAvant; intervienen tres estudiantes de Artes Esc\u00e9nicas<\/title>\n<meta name=\"description\" content=\"Universidad de las Artes - Max McClure y Cindy Cantos llevan \u201cNauta Relicta\u201d a EnAvant; intervienen tres estudiantes de Artes Esc\u00e9nicas\" \/>\n<meta name=\"robots\" content=\"index, follow, max-snippet:-1, max-image-preview:large, max-video-preview:-1\" \/>\n<link rel=\"canonical\" href=\"https:\/\/www.uartes.edu.ec\/sitio\/en\/blog\/2023\/05\/11\/max-mcclure-lleva-nauta-relicta-a-enavant-intervienen-la-docente-cindy-cantos-y-estudiantes\/\" \/>\n<meta property=\"og:locale\" content=\"en_US\" \/>\n<meta property=\"og:type\" content=\"article\" \/>\n<meta property=\"og:title\" content=\"Universidad de las Artes - Max McClure y Cindy Cantos llevan \u201cNauta Relicta\u201d a EnAvant; intervienen tres estudiantes de Artes Esc\u00e9nicas\" \/>\n<meta property=\"og:description\" content=\"Universidad de las Artes - Max McClure y Cindy Cantos llevan \u201cNauta Relicta\u201d a EnAvant; intervienen tres estudiantes de Artes Esc\u00e9nicas\" \/>\n<meta property=\"og:url\" content=\"https:\/\/www.uartes.edu.ec\/sitio\/en\/blog\/2023\/05\/11\/max-mcclure-lleva-nauta-relicta-a-enavant-intervienen-la-docente-cindy-cantos-y-estudiantes\/\" \/>\n<meta property=\"og:site_name\" content=\"Universidad de las Artes\" \/>\n<meta property=\"article:publisher\" content=\"https:\/\/www.facebook.com\/uartesec\" \/>\n<meta property=\"article:published_time\" content=\"2023-05-11T20:39:00+00:00\" \/>\n<meta property=\"article:modified_time\" content=\"2024-07-04T16:21:12+00:00\" \/>\n<meta property=\"og:image\" content=\"https:\/\/www.uartes.edu.ec\/sitio\/wp-content\/uploads\/2023\/05\/Nauta-Relicta-Max-McClure-01.jpg\" \/>\n\t<meta property=\"og:image:width\" content=\"2000\" \/>\n\t<meta property=\"og:image:height\" content=\"1333\" \/>\n\t<meta property=\"og:image:type\" content=\"image\/jpeg\" \/>\n<meta name=\"author\" content=\"ccortez\" \/>\n<meta name=\"twitter:card\" content=\"summary_large_image\" \/>\n<meta name=\"twitter:creator\" content=\"@uartesec\" \/>\n<meta name=\"twitter:site\" content=\"@uartesec\" \/>\n<meta name=\"twitter:label1\" content=\"Written by\" \/>\n\t<meta name=\"twitter:data1\" content=\"ccortez\" \/>\n\t<meta name=\"twitter:label2\" content=\"Est. reading time\" \/>\n\t<meta name=\"twitter:data2\" content=\"4 minutes\" \/>\n<script type=\"application\/ld+json\" class=\"yoast-schema-graph\">{\"@context\":\"https:\\\/\\\/schema.org\",\"@graph\":[{\"@type\":\"Article\",\"@id\":\"https:\\\/\\\/www.uartes.edu.ec\\\/sitio\\\/en\\\/blog\\\/2023\\\/05\\\/11\\\/max-mcclure-lleva-nauta-relicta-a-enavant-intervienen-la-docente-cindy-cantos-y-estudiantes\\\/#article\",\"isPartOf\":{\"@id\":\"https:\\\/\\\/www.uartes.edu.ec\\\/sitio\\\/en\\\/blog\\\/2023\\\/05\\\/11\\\/max-mcclure-lleva-nauta-relicta-a-enavant-intervienen-la-docente-cindy-cantos-y-estudiantes\\\/\"},\"author\":{\"name\":\"ccortez\",\"@id\":\"https:\\\/\\\/www.uartes.edu.ec\\\/sitio\\\/en\\\/#\\\/schema\\\/person\\\/efa1b8275797664fd7f13a79ccc0b1f4\"},\"headline\":\"Max McClure y Cindy Cantos llevan \u201cNauta Relicta\u201d a EnAvant; intervienen tres estudiantes de Artes Esc\u00e9nicas\",\"datePublished\":\"2023-05-11T20:39:00+00:00\",\"dateModified\":\"2024-07-04T16:21:12+00:00\",\"mainEntityOfPage\":{\"@id\":\"https:\\\/\\\/www.uartes.edu.ec\\\/sitio\\\/en\\\/blog\\\/2023\\\/05\\\/11\\\/max-mcclure-lleva-nauta-relicta-a-enavant-intervienen-la-docente-cindy-cantos-y-estudiantes\\\/\"},\"wordCount\":666,\"commentCount\":0,\"publisher\":{\"@id\":\"https:\\\/\\\/www.uartes.edu.ec\\\/sitio\\\/en\\\/#organization\"},\"image\":{\"@id\":\"https:\\\/\\\/www.uartes.edu.ec\\\/sitio\\\/en\\\/blog\\\/2023\\\/05\\\/11\\\/max-mcclure-lleva-nauta-relicta-a-enavant-intervienen-la-docente-cindy-cantos-y-estudiantes\\\/#primaryimage\"},\"thumbnailUrl\":\"https:\\\/\\\/www.uartes.edu.ec\\\/sitio\\\/wp-content\\\/uploads\\\/2023\\\/05\\\/Nauta-Relicta-Max-McClure-01.jpg\",\"keywords\":[\"pieza coreogr\u00e1fica\"],\"articleSection\":[\"Artes\",\"Artes Esc\u00e9nicas\",\"Docentes\",\"Estudiantes\",\"Gesti\u00f3n\"],\"inLanguage\":\"en-US\",\"potentialAction\":[{\"@type\":\"CommentAction\",\"name\":\"Comment\",\"target\":[\"https:\\\/\\\/www.uartes.edu.ec\\\/sitio\\\/en\\\/blog\\\/2023\\\/05\\\/11\\\/max-mcclure-lleva-nauta-relicta-a-enavant-intervienen-la-docente-cindy-cantos-y-estudiantes\\\/#respond\"]}]},{\"@type\":[\"WebPage\",\"ItemPage\"],\"@id\":\"https:\\\/\\\/www.uartes.edu.ec\\\/sitio\\\/en\\\/blog\\\/2023\\\/05\\\/11\\\/max-mcclure-lleva-nauta-relicta-a-enavant-intervienen-la-docente-cindy-cantos-y-estudiantes\\\/\",\"url\":\"https:\\\/\\\/www.uartes.edu.ec\\\/sitio\\\/en\\\/blog\\\/2023\\\/05\\\/11\\\/max-mcclure-lleva-nauta-relicta-a-enavant-intervienen-la-docente-cindy-cantos-y-estudiantes\\\/\",\"name\":\"Universidad de las Artes - Max McClure y Cindy Cantos llevan \u201cNauta Relicta\u201d a EnAvant; intervienen tres estudiantes de Artes Esc\u00e9nicas\",\"isPartOf\":{\"@id\":\"https:\\\/\\\/www.uartes.edu.ec\\\/sitio\\\/en\\\/#website\"},\"primaryImageOfPage\":{\"@id\":\"https:\\\/\\\/www.uartes.edu.ec\\\/sitio\\\/en\\\/blog\\\/2023\\\/05\\\/11\\\/max-mcclure-lleva-nauta-relicta-a-enavant-intervienen-la-docente-cindy-cantos-y-estudiantes\\\/#primaryimage\"},\"image\":{\"@id\":\"https:\\\/\\\/www.uartes.edu.ec\\\/sitio\\\/en\\\/blog\\\/2023\\\/05\\\/11\\\/max-mcclure-lleva-nauta-relicta-a-enavant-intervienen-la-docente-cindy-cantos-y-estudiantes\\\/#primaryimage\"},\"thumbnailUrl\":\"https:\\\/\\\/www.uartes.edu.ec\\\/sitio\\\/wp-content\\\/uploads\\\/2023\\\/05\\\/Nauta-Relicta-Max-McClure-01.jpg\",\"datePublished\":\"2023-05-11T20:39:00+00:00\",\"dateModified\":\"2024-07-04T16:21:12+00:00\",\"description\":\"Universidad de las Artes - Max McClure y Cindy Cantos llevan \u201cNauta Relicta\u201d a EnAvant; intervienen tres estudiantes de Artes Esc\u00e9nicas\",\"breadcrumb\":{\"@id\":\"https:\\\/\\\/www.uartes.edu.ec\\\/sitio\\\/en\\\/blog\\\/2023\\\/05\\\/11\\\/max-mcclure-lleva-nauta-relicta-a-enavant-intervienen-la-docente-cindy-cantos-y-estudiantes\\\/#breadcrumb\"},\"inLanguage\":\"en-US\",\"potentialAction\":[{\"@type\":\"ReadAction\",\"target\":[\"https:\\\/\\\/www.uartes.edu.ec\\\/sitio\\\/en\\\/blog\\\/2023\\\/05\\\/11\\\/max-mcclure-lleva-nauta-relicta-a-enavant-intervienen-la-docente-cindy-cantos-y-estudiantes\\\/\"]}]},{\"@type\":\"ImageObject\",\"inLanguage\":\"en-US\",\"@id\":\"https:\\\/\\\/www.uartes.edu.ec\\\/sitio\\\/en\\\/blog\\\/2023\\\/05\\\/11\\\/max-mcclure-lleva-nauta-relicta-a-enavant-intervienen-la-docente-cindy-cantos-y-estudiantes\\\/#primaryimage\",\"url\":\"https:\\\/\\\/www.uartes.edu.ec\\\/sitio\\\/wp-content\\\/uploads\\\/2023\\\/05\\\/Nauta-Relicta-Max-McClure-01.jpg\",\"contentUrl\":\"https:\\\/\\\/www.uartes.edu.ec\\\/sitio\\\/wp-content\\\/uploads\\\/2023\\\/05\\\/Nauta-Relicta-Max-McClure-01.jpg\",\"width\":2000,\"height\":1333},{\"@type\":\"BreadcrumbList\",\"@id\":\"https:\\\/\\\/www.uartes.edu.ec\\\/sitio\\\/en\\\/blog\\\/2023\\\/05\\\/11\\\/max-mcclure-lleva-nauta-relicta-a-enavant-intervienen-la-docente-cindy-cantos-y-estudiantes\\\/#breadcrumb\",\"itemListElement\":[{\"@type\":\"ListItem\",\"position\":1,\"name\":\"Inicio\",\"item\":\"https:\\\/\\\/www.uartes.edu.ec\\\/sitio\\\/\"},{\"@type\":\"ListItem\",\"position\":2,\"name\":\"Max McClure y Cindy Cantos llevan \u201cNauta Relicta\u201d a EnAvant; intervienen tres estudiantes de Artes Esc\u00e9nicas\"}]},{\"@type\":\"WebSite\",\"@id\":\"https:\\\/\\\/www.uartes.edu.ec\\\/sitio\\\/en\\\/#website\",\"url\":\"https:\\\/\\\/www.uartes.edu.ec\\\/sitio\\\/en\\\/\",\"name\":\"Universidad de las Artes\",\"description\":\"Sitio oficial de la Universidad Nacional de las Artes del Ecuador\",\"publisher\":{\"@id\":\"https:\\\/\\\/www.uartes.edu.ec\\\/sitio\\\/en\\\/#organization\"},\"potentialAction\":[{\"@type\":\"SearchAction\",\"target\":{\"@type\":\"EntryPoint\",\"urlTemplate\":\"https:\\\/\\\/www.uartes.edu.ec\\\/sitio\\\/en\\\/?s={search_term_string}\"},\"query-input\":{\"@type\":\"PropertyValueSpecification\",\"valueRequired\":true,\"valueName\":\"search_term_string\"}}],\"inLanguage\":\"en-US\"},{\"@type\":\"Organization\",\"@id\":\"https:\\\/\\\/www.uartes.edu.ec\\\/sitio\\\/en\\\/#organization\",\"name\":\"Universidad de las Artes\",\"url\":\"https:\\\/\\\/www.uartes.edu.ec\\\/sitio\\\/en\\\/\",\"logo\":{\"@type\":\"ImageObject\",\"inLanguage\":\"en-US\",\"@id\":\"https:\\\/\\\/www.uartes.edu.ec\\\/sitio\\\/en\\\/#\\\/schema\\\/logo\\\/image\\\/\",\"url\":\"https:\\\/\\\/www.uartes.edu.ec\\\/sitio\\\/wp-content\\\/uploads\\\/2022\\\/07\\\/logo-ua-horizontal.png\",\"contentUrl\":\"https:\\\/\\\/www.uartes.edu.ec\\\/sitio\\\/wp-content\\\/uploads\\\/2022\\\/07\\\/logo-ua-horizontal.png\",\"width\":800,\"height\":276,\"caption\":\"Universidad de las Artes\"},\"image\":{\"@id\":\"https:\\\/\\\/www.uartes.edu.ec\\\/sitio\\\/en\\\/#\\\/schema\\\/logo\\\/image\\\/\"},\"sameAs\":[\"https:\\\/\\\/www.facebook.com\\\/uartesec\",\"https:\\\/\\\/x.com\\\/uartesec\",\"https:\\\/\\\/www.tiktok.com\\\/@uartesec\"]},{\"@type\":\"Person\",\"@id\":\"https:\\\/\\\/www.uartes.edu.ec\\\/sitio\\\/en\\\/#\\\/schema\\\/person\\\/efa1b8275797664fd7f13a79ccc0b1f4\",\"name\":\"ccortez\",\"image\":{\"@type\":\"ImageObject\",\"inLanguage\":\"en-US\",\"@id\":\"https:\\\/\\\/secure.gravatar.com\\\/avatar\\\/b2a6f664a3ae8e074346ef91775736c5ec479e637ecced6842de9dc98b5da9cd?s=96&d=mm&r=g\",\"url\":\"https:\\\/\\\/secure.gravatar.com\\\/avatar\\\/b2a6f664a3ae8e074346ef91775736c5ec479e637ecced6842de9dc98b5da9cd?s=96&d=mm&r=g\",\"contentUrl\":\"https:\\\/\\\/secure.gravatar.com\\\/avatar\\\/b2a6f664a3ae8e074346ef91775736c5ec479e637ecced6842de9dc98b5da9cd?s=96&d=mm&r=g\",\"caption\":\"ccortez\"},\"url\":\"https:\\\/\\\/www.uartes.edu.ec\\\/sitio\\\/en\\\/blog\\\/author\\\/ccortez\\\/\"}]}<\/script>\n<!-- \/ Yoast SEO plugin. -->","yoast_head_json":{"title":"Universidad de las Artes - Max McClure y Cindy Cantos llevan \u201cNauta Relicta\u201d a EnAvant; intervienen tres estudiantes de Artes Esc\u00e9nicas","description":"Universidad de las Artes - Max McClure y Cindy Cantos llevan \u201cNauta Relicta\u201d a EnAvant; intervienen tres estudiantes de Artes Esc\u00e9nicas","robots":{"index":"index","follow":"follow","max-snippet":"max-snippet:-1","max-image-preview":"max-image-preview:large","max-video-preview":"max-video-preview:-1"},"canonical":"https:\/\/www.uartes.edu.ec\/sitio\/en\/blog\/2023\/05\/11\/max-mcclure-lleva-nauta-relicta-a-enavant-intervienen-la-docente-cindy-cantos-y-estudiantes\/","og_locale":"en_US","og_type":"article","og_title":"Universidad de las Artes - Max McClure y Cindy Cantos llevan \u201cNauta Relicta\u201d a EnAvant; intervienen tres estudiantes de Artes Esc\u00e9nicas","og_description":"Universidad de las Artes - Max McClure y Cindy Cantos llevan \u201cNauta Relicta\u201d a EnAvant; intervienen tres estudiantes de Artes Esc\u00e9nicas","og_url":"https:\/\/www.uartes.edu.ec\/sitio\/en\/blog\/2023\/05\/11\/max-mcclure-lleva-nauta-relicta-a-enavant-intervienen-la-docente-cindy-cantos-y-estudiantes\/","og_site_name":"Universidad de las Artes","article_publisher":"https:\/\/www.facebook.com\/uartesec","article_published_time":"2023-05-11T20:39:00+00:00","article_modified_time":"2024-07-04T16:21:12+00:00","og_image":[{"width":2000,"height":1333,"url":"https:\/\/www.uartes.edu.ec\/sitio\/wp-content\/uploads\/2023\/05\/Nauta-Relicta-Max-McClure-01.jpg","type":"image\/jpeg"}],"author":"ccortez","twitter_card":"summary_large_image","twitter_creator":"@uartesec","twitter_site":"@uartesec","twitter_misc":{"Written by":"ccortez","Est. reading time":"4 minutes"},"schema":{"@context":"https:\/\/schema.org","@graph":[{"@type":"Article","@id":"https:\/\/www.uartes.edu.ec\/sitio\/en\/blog\/2023\/05\/11\/max-mcclure-lleva-nauta-relicta-a-enavant-intervienen-la-docente-cindy-cantos-y-estudiantes\/#article","isPartOf":{"@id":"https:\/\/www.uartes.edu.ec\/sitio\/en\/blog\/2023\/05\/11\/max-mcclure-lleva-nauta-relicta-a-enavant-intervienen-la-docente-cindy-cantos-y-estudiantes\/"},"author":{"name":"ccortez","@id":"https:\/\/www.uartes.edu.ec\/sitio\/en\/#\/schema\/person\/efa1b8275797664fd7f13a79ccc0b1f4"},"headline":"Max McClure y Cindy Cantos llevan \u201cNauta Relicta\u201d a EnAvant; intervienen tres estudiantes de Artes Esc\u00e9nicas","datePublished":"2023-05-11T20:39:00+00:00","dateModified":"2024-07-04T16:21:12+00:00","mainEntityOfPage":{"@id":"https:\/\/www.uartes.edu.ec\/sitio\/en\/blog\/2023\/05\/11\/max-mcclure-lleva-nauta-relicta-a-enavant-intervienen-la-docente-cindy-cantos-y-estudiantes\/"},"wordCount":666,"commentCount":0,"publisher":{"@id":"https:\/\/www.uartes.edu.ec\/sitio\/en\/#organization"},"image":{"@id":"https:\/\/www.uartes.edu.ec\/sitio\/en\/blog\/2023\/05\/11\/max-mcclure-lleva-nauta-relicta-a-enavant-intervienen-la-docente-cindy-cantos-y-estudiantes\/#primaryimage"},"thumbnailUrl":"https:\/\/www.uartes.edu.ec\/sitio\/wp-content\/uploads\/2023\/05\/Nauta-Relicta-Max-McClure-01.jpg","keywords":["pieza coreogr\u00e1fica"],"articleSection":["Artes","Artes Esc\u00e9nicas","Docentes","Estudiantes","Gesti\u00f3n"],"inLanguage":"en-US","potentialAction":[{"@type":"CommentAction","name":"Comment","target":["https:\/\/www.uartes.edu.ec\/sitio\/en\/blog\/2023\/05\/11\/max-mcclure-lleva-nauta-relicta-a-enavant-intervienen-la-docente-cindy-cantos-y-estudiantes\/#respond"]}]},{"@type":["WebPage","ItemPage"],"@id":"https:\/\/www.uartes.edu.ec\/sitio\/en\/blog\/2023\/05\/11\/max-mcclure-lleva-nauta-relicta-a-enavant-intervienen-la-docente-cindy-cantos-y-estudiantes\/","url":"https:\/\/www.uartes.edu.ec\/sitio\/en\/blog\/2023\/05\/11\/max-mcclure-lleva-nauta-relicta-a-enavant-intervienen-la-docente-cindy-cantos-y-estudiantes\/","name":"Universidad de las Artes - Max McClure y Cindy Cantos llevan \u201cNauta Relicta\u201d a EnAvant; intervienen tres estudiantes de Artes Esc\u00e9nicas","isPartOf":{"@id":"https:\/\/www.uartes.edu.ec\/sitio\/en\/#website"},"primaryImageOfPage":{"@id":"https:\/\/www.uartes.edu.ec\/sitio\/en\/blog\/2023\/05\/11\/max-mcclure-lleva-nauta-relicta-a-enavant-intervienen-la-docente-cindy-cantos-y-estudiantes\/#primaryimage"},"image":{"@id":"https:\/\/www.uartes.edu.ec\/sitio\/en\/blog\/2023\/05\/11\/max-mcclure-lleva-nauta-relicta-a-enavant-intervienen-la-docente-cindy-cantos-y-estudiantes\/#primaryimage"},"thumbnailUrl":"https:\/\/www.uartes.edu.ec\/sitio\/wp-content\/uploads\/2023\/05\/Nauta-Relicta-Max-McClure-01.jpg","datePublished":"2023-05-11T20:39:00+00:00","dateModified":"2024-07-04T16:21:12+00:00","description":"Universidad de las Artes - Max McClure y Cindy Cantos llevan \u201cNauta Relicta\u201d a EnAvant; intervienen tres estudiantes de Artes Esc\u00e9nicas","breadcrumb":{"@id":"https:\/\/www.uartes.edu.ec\/sitio\/en\/blog\/2023\/05\/11\/max-mcclure-lleva-nauta-relicta-a-enavant-intervienen-la-docente-cindy-cantos-y-estudiantes\/#breadcrumb"},"inLanguage":"en-US","potentialAction":[{"@type":"ReadAction","target":["https:\/\/www.uartes.edu.ec\/sitio\/en\/blog\/2023\/05\/11\/max-mcclure-lleva-nauta-relicta-a-enavant-intervienen-la-docente-cindy-cantos-y-estudiantes\/"]}]},{"@type":"ImageObject","inLanguage":"en-US","@id":"https:\/\/www.uartes.edu.ec\/sitio\/en\/blog\/2023\/05\/11\/max-mcclure-lleva-nauta-relicta-a-enavant-intervienen-la-docente-cindy-cantos-y-estudiantes\/#primaryimage","url":"https:\/\/www.uartes.edu.ec\/sitio\/wp-content\/uploads\/2023\/05\/Nauta-Relicta-Max-McClure-01.jpg","contentUrl":"https:\/\/www.uartes.edu.ec\/sitio\/wp-content\/uploads\/2023\/05\/Nauta-Relicta-Max-McClure-01.jpg","width":2000,"height":1333},{"@type":"BreadcrumbList","@id":"https:\/\/www.uartes.edu.ec\/sitio\/en\/blog\/2023\/05\/11\/max-mcclure-lleva-nauta-relicta-a-enavant-intervienen-la-docente-cindy-cantos-y-estudiantes\/#breadcrumb","itemListElement":[{"@type":"ListItem","position":1,"name":"Inicio","item":"https:\/\/www.uartes.edu.ec\/sitio\/"},{"@type":"ListItem","position":2,"name":"Max McClure y Cindy Cantos llevan \u201cNauta Relicta\u201d a EnAvant; intervienen tres estudiantes de Artes Esc\u00e9nicas"}]},{"@type":"WebSite","@id":"https:\/\/www.uartes.edu.ec\/sitio\/en\/#website","url":"https:\/\/www.uartes.edu.ec\/sitio\/en\/","name":"Universidad de las Artes","description":"Sitio oficial de la Universidad Nacional de las Artes del Ecuador","publisher":{"@id":"https:\/\/www.uartes.edu.ec\/sitio\/en\/#organization"},"potentialAction":[{"@type":"SearchAction","target":{"@type":"EntryPoint","urlTemplate":"https:\/\/www.uartes.edu.ec\/sitio\/en\/?s={search_term_string}"},"query-input":{"@type":"PropertyValueSpecification","valueRequired":true,"valueName":"search_term_string"}}],"inLanguage":"en-US"},{"@type":"Organization","@id":"https:\/\/www.uartes.edu.ec\/sitio\/en\/#organization","name":"Universidad de las Artes","url":"https:\/\/www.uartes.edu.ec\/sitio\/en\/","logo":{"@type":"ImageObject","inLanguage":"en-US","@id":"https:\/\/www.uartes.edu.ec\/sitio\/en\/#\/schema\/logo\/image\/","url":"https:\/\/www.uartes.edu.ec\/sitio\/wp-content\/uploads\/2022\/07\/logo-ua-horizontal.png","contentUrl":"https:\/\/www.uartes.edu.ec\/sitio\/wp-content\/uploads\/2022\/07\/logo-ua-horizontal.png","width":800,"height":276,"caption":"Universidad de las Artes"},"image":{"@id":"https:\/\/www.uartes.edu.ec\/sitio\/en\/#\/schema\/logo\/image\/"},"sameAs":["https:\/\/www.facebook.com\/uartesec","https:\/\/x.com\/uartesec","https:\/\/www.tiktok.com\/@uartesec"]},{"@type":"Person","@id":"https:\/\/www.uartes.edu.ec\/sitio\/en\/#\/schema\/person\/efa1b8275797664fd7f13a79ccc0b1f4","name":"ccortez","image":{"@type":"ImageObject","inLanguage":"en-US","@id":"https:\/\/secure.gravatar.com\/avatar\/b2a6f664a3ae8e074346ef91775736c5ec479e637ecced6842de9dc98b5da9cd?s=96&d=mm&r=g","url":"https:\/\/secure.gravatar.com\/avatar\/b2a6f664a3ae8e074346ef91775736c5ec479e637ecced6842de9dc98b5da9cd?s=96&d=mm&r=g","contentUrl":"https:\/\/secure.gravatar.com\/avatar\/b2a6f664a3ae8e074346ef91775736c5ec479e637ecced6842de9dc98b5da9cd?s=96&d=mm&r=g","caption":"ccortez"},"url":"https:\/\/www.uartes.edu.ec\/sitio\/en\/blog\/author\/ccortez\/"}]}},"uagb_featured_image_src":{"full":["https:\/\/www.uartes.edu.ec\/sitio\/wp-content\/uploads\/2023\/05\/Nauta-Relicta-Max-McClure-01.jpg",2000,1333,false],"thumbnail":["https:\/\/www.uartes.edu.ec\/sitio\/wp-content\/uploads\/2023\/05\/Nauta-Relicta-Max-McClure-01-150x150.jpg",150,150,true],"medium":["https:\/\/www.uartes.edu.ec\/sitio\/wp-content\/uploads\/2023\/05\/Nauta-Relicta-Max-McClure-01-300x200.jpg",300,200,true],"medium_large":["https:\/\/www.uartes.edu.ec\/sitio\/wp-content\/uploads\/2023\/05\/Nauta-Relicta-Max-McClure-01-768x512.jpg",768,512,true],"large":["https:\/\/www.uartes.edu.ec\/sitio\/wp-content\/uploads\/2023\/05\/Nauta-Relicta-Max-McClure-01-644x429.jpg",644,429,true],"1536x1536":["https:\/\/www.uartes.edu.ec\/sitio\/wp-content\/uploads\/2023\/05\/Nauta-Relicta-Max-McClure-01-1536x1024.jpg",1536,1024,true],"2048x2048":["https:\/\/www.uartes.edu.ec\/sitio\/wp-content\/uploads\/2023\/05\/Nauta-Relicta-Max-McClure-01.jpg",2000,1333,false],"trp-custom-language-flag":["https:\/\/www.uartes.edu.ec\/sitio\/wp-content\/uploads\/2023\/05\/Nauta-Relicta-Max-McClure-01.jpg",18,12,false],"htmega_size_585x295":["https:\/\/www.uartes.edu.ec\/sitio\/wp-content\/uploads\/2023\/05\/Nauta-Relicta-Max-McClure-01-585x295.jpg",585,295,true],"htmega_size_1170x536":["https:\/\/www.uartes.edu.ec\/sitio\/wp-content\/uploads\/2023\/05\/Nauta-Relicta-Max-McClure-01-1170x536.jpg",1170,536,true],"htmega_size_396x360":["https:\/\/www.uartes.edu.ec\/sitio\/wp-content\/uploads\/2023\/05\/Nauta-Relicta-Max-McClure-01-396x360.jpg",396,360,true],"gb-block-post-grid-landscape":["https:\/\/www.uartes.edu.ec\/sitio\/wp-content\/uploads\/2023\/05\/Nauta-Relicta-Max-McClure-01-600x400.jpg",600,400,true],"gb-block-post-grid-square":["https:\/\/www.uartes.edu.ec\/sitio\/wp-content\/uploads\/2023\/05\/Nauta-Relicta-Max-McClure-01-600x600.jpg",600,600,true],"university-hub-thumb":["https:\/\/www.uartes.edu.ec\/sitio\/wp-content\/uploads\/2023\/05\/Nauta-Relicta-Max-McClure-01-400x267.jpg",400,267,true],"mailpoet_newsletter_max":["https:\/\/www.uartes.edu.ec\/sitio\/wp-content\/uploads\/2023\/05\/Nauta-Relicta-Max-McClure-01.jpg",1320,880,false]},"uagb_author_info":{"display_name":"ccortez","author_link":"https:\/\/www.uartes.edu.ec\/sitio\/en\/blog\/author\/ccortez\/"},"uagb_comment_info":0,"uagb_excerpt":"Una emocionante propuesta sobre el tiempo y el espacio es la que el core\u00f3grafo y docente de la UArtes Max McClure llev\u00f3 al escenario de EnAvant con \u201cNauta Relicta\u201d, pieza en la que intervienen con \u00e9l la tambi\u00e9n docente de la carrera de Danza Cindy Cantos y los estudiantes Jaqueline Velarde, Miguel C\u00f3rdova y Erwin&hellip;","featured_image_src":"https:\/\/www.uartes.edu.ec\/sitio\/wp-content\/uploads\/2023\/05\/Nauta-Relicta-Max-McClure-01-600x400.jpg","featured_image_src_square":"https:\/\/www.uartes.edu.ec\/sitio\/wp-content\/uploads\/2023\/05\/Nauta-Relicta-Max-McClure-01-600x600.jpg","author_info":{"display_name":"ccortez","author_link":"https:\/\/www.uartes.edu.ec\/sitio\/en\/blog\/author\/ccortez\/"},"publishpress_future_workflow_manual_trigger":{"enabledWorkflows":[]},"distributor_meta":false,"distributor_terms":false,"distributor_media":false,"distributor_original_site_name":"Universidad de las Artes","distributor_original_site_url":"https:\/\/www.uartes.edu.ec\/sitio\/en","push-errors":false,"_links":{"self":[{"href":"https:\/\/www.uartes.edu.ec\/sitio\/en\/wp-json\/wp\/v2\/posts\/41986","targetHints":{"allow":["GET"]}}],"collection":[{"href":"https:\/\/www.uartes.edu.ec\/sitio\/en\/wp-json\/wp\/v2\/posts"}],"about":[{"href":"https:\/\/www.uartes.edu.ec\/sitio\/en\/wp-json\/wp\/v2\/types\/post"}],"author":[{"embeddable":true,"href":"https:\/\/www.uartes.edu.ec\/sitio\/en\/wp-json\/wp\/v2\/users\/10"}],"replies":[{"embeddable":true,"href":"https:\/\/www.uartes.edu.ec\/sitio\/en\/wp-json\/wp\/v2\/comments?post=41986"}],"version-history":[{"count":9,"href":"https:\/\/www.uartes.edu.ec\/sitio\/en\/wp-json\/wp\/v2\/posts\/41986\/revisions"}],"predecessor-version":[{"id":42010,"href":"https:\/\/www.uartes.edu.ec\/sitio\/en\/wp-json\/wp\/v2\/posts\/41986\/revisions\/42010"}],"wp:featuredmedia":[{"embeddable":true,"href":"https:\/\/www.uartes.edu.ec\/sitio\/en\/wp-json\/wp\/v2\/media\/41987"}],"wp:attachment":[{"href":"https:\/\/www.uartes.edu.ec\/sitio\/en\/wp-json\/wp\/v2\/media?parent=41986"}],"wp:term":[{"taxonomy":"category","embeddable":true,"href":"https:\/\/www.uartes.edu.ec\/sitio\/en\/wp-json\/wp\/v2\/categories?post=41986"},{"taxonomy":"post_tag","embeddable":true,"href":"https:\/\/www.uartes.edu.ec\/sitio\/en\/wp-json\/wp\/v2\/tags?post=41986"},{"taxonomy":"infouartes","embeddable":true,"href":"https:\/\/www.uartes.edu.ec\/sitio\/en\/wp-json\/wp\/v2\/infouartes?post=41986"}],"curies":[{"name":"wp","href":"https:\/\/api.w.org\/{rel}","templated":true}]}}