{"id":4200,"date":"2019-08-15T16:30:38","date_gmt":"2019-08-15T21:30:38","guid":{"rendered":"http:\/\/www.uartes.edu.ec\/sitio\/?p=4200"},"modified":"2024-07-04T11:50:34","modified_gmt":"2024-07-04T16:50:34","slug":"93-y-v-b-d-pret-a-portrait-ganaron-las-convocatorias-trayectos-y-emersiones","status":"publish","type":"post","link":"https:\/\/www.uartes.edu.ec\/sitio\/en\/blog\/2019\/08\/15\/93-y-v-b-d-pret-a-portrait-ganaron-las-convocatorias-trayectos-y-emersiones\/","title":{"rendered":"\u201c93\u201d y Pr\u00eat a portrait (V.B.D) ganaron convocatorias Trayectos y Emersiones"},"content":{"rendered":"<p>Cuarenta y cinco postulaciones tuvieron las convocatorias de\nTrayectos y Emersiones para Interactos 2019, los Encuentros P\u00fablicos de Artes\nque este a\u00f1o se realizar\u00e1n en octubre pr\u00f3ximo.<\/p>\n\n\n\n<p>El Comit\u00e9 Seleccionador se reuni\u00f3 en Guayaquil el mi\u00e9rcoles\n6 de agosto del 2019, a las 14:00 (hora local), para valorar las propuestas\nenviadas: 24 para Trayectos y 21 para Emersiones. Este lo integraron: Susan\nTogra, especialista de Relaciones Internacionales; Fernando Montenegro, docente\nde la Escuela de Literatura; Bernarda Ubidia, coordinadora de la Escuela de Artes\nSonoras; Diego Benalc\u00e1zar, coordinador de la Escuela de Producci\u00f3n Musical;\nBradley Hilgert, coordinador de Postgrado; Amalina Bomnim y Janina Suarez,\ndocentes de la Unidad Transversal; Xavier Pati\u00f1o, director de la Escuela de\nArtes Visuales; Lorena Toro, docente de la Escuela de Artes Esc\u00e9nicas; Juan\nMart\u00edn Cueva, director de la Escuela de Cine; Carol Arosemena, analista del\nLaboratorio de Innovaci\u00f3n y Producci\u00f3n; y Daniel Merch\u00e1n, Jefe de Innovaci\u00f3n\ndel Laboratorio de Innovaci\u00f3n. <\/p>\n\n\n\n<p>Los criterios de evaluaci\u00f3n puntuados fueron el cumplimiento\nde las bases respecto a conformaci\u00f3n del equipo, duraci\u00f3n de la propuesta,\ncomprobaci\u00f3n de trayectoria art\u00edstica; adicional a eso se evalu\u00f3 la calidad de\nla propuesta respecto a contenido y forma; el impacto para la comunidad\nuniversitaria y ciudadan\u00eda; los lineamientos respecto a la tem\u00e1tica presentada\ndurante este a\u00f1o de pol\u00edtica y arte.<\/p>\n\n\n\n<p>Seg\u00fan estos criterios, el Comit\u00e9 seleccion\u00f3 a un ganador por\ncategor\u00eda. En la categor\u00eda de Trayectos el Comit\u00e9 seleccion\u00f3 la propuesta \u201c93\u201d\nde Lyzbeth Badaraco: Mediante un concierto did\u00e1ctico Lyzbeth Badaraco Quartet\nbusca demostrar c\u00f3mo plasmar sensaciones, emociones o historias a trav\u00e9s de\nmelod\u00edas modales, combinados con ritmos folcl\u00f3ricos ecuatorianos (yumbo,\ndanzante, albazo, entre otros), donde la improvisaci\u00f3n juega un papel importante\nen el desarrollo de la composici\u00f3n. Esto resulta una oportunidad para dar\nespacio al jazz ecuatoriano, que actualmente no cuenta con referentes debido a\nla predominancia de otros g\u00e9neros m\u00e1s populares, y as\u00ed lograr romper con los\nestereotipos dentro de la m\u00fasica.<\/p>\n\n\n<div class=\"wp-block-image\">\n<figure class=\"aligncenter\"><img fetchpriority=\"high\" decoding=\"async\" width=\"700\" height=\"466\" src=\"http:\/\/www.uartes.edu.ec\/sitio\/wp-content\/uploads\/2019\/08\/WhatsApp-Image-2019-08-15-at-16.52-700x466.jpg\" alt=\"\" class=\"wp-image-4201\" srcset=\"https:\/\/www.uartes.edu.ec\/sitio\/wp-content\/uploads\/2019\/08\/WhatsApp-Image-2019-08-15-at-16.52-700x466.jpg 700w, https:\/\/www.uartes.edu.ec\/sitio\/wp-content\/uploads\/2019\/08\/WhatsApp-Image-2019-08-15-at-16.52-250x167.jpg 250w, https:\/\/www.uartes.edu.ec\/sitio\/wp-content\/uploads\/2019\/08\/WhatsApp-Image-2019-08-15-at-16.52-768x512.jpg 768w, https:\/\/www.uartes.edu.ec\/sitio\/wp-content\/uploads\/2019\/08\/WhatsApp-Image-2019-08-15-at-16.52-120x80.jpg 120w, https:\/\/www.uartes.edu.ec\/sitio\/wp-content\/uploads\/2019\/08\/WhatsApp-Image-2019-08-15-at-16.52-272x182.jpg 272w, https:\/\/www.uartes.edu.ec\/sitio\/wp-content\/uploads\/2019\/08\/WhatsApp-Image-2019-08-15-at-16.52.jpg 1280w\" sizes=\"(max-width: 700px) 100vw, 700px\" \/><\/figure>\n<\/div>\n\n\n<p>El \u00e1lbum debut, \u201c93\u201d, cont\u00f3 con colaboraciones como la del\nsaxofonista Antonio Arnedo y la producci\u00f3n musical del guitarrista pre-nominado\nal Grammy Latino, Santiago Sandoval (Colombia); grabado en \u201cEstudios\nAudiovisi\u00f3n\u201d en Bogot\u00e1 por el ganador de Grammy Stefano Pizzaia (Colombia); y\nmasterizado en Brasil por el multiganador de Grammys Carlos Freitas en Classic\nMaster.<\/p>\n\n\n\n<p>En la categor\u00eda de Emersiones el Comit\u00e9 seleccion\u00f3 a Pr\u00eat a portrait (V.B.D) Video Instalaci\u00f3n Digital Sonoro (Live Streaming) de Roc\u00edo Soria D\u00edaz: Una video Instalaci\u00f3n Digital Sonora que utiliza una plataforma de Streaming en vivo, en donde se dialoga entre las disciplinas Audio\u2013Visuales, los Nuevos Medios y el Neo Happening. Video Booth Digital (Pr\u00eat a portrait) sonoro que reafirma nuestros yoes en las m\u00faltiples pantallas y formatos en esta era de vivir listo para ser transmitidos, capturados, compartidos e intervenidos en red. Llevamos nuestra pantalla a todos lados siendo conscientes de que somos el mensaje, el c\u00f3digo, la data. Que somos imagen, posibilidades, conscientes del control y la alteraci\u00f3n. En esta propuesta de investigaci\u00f3n art\u00edstica se indaga en relaci\u00f3n a los dispositivos que han democratizado la imagen generando medios y formas que nos permite expandirnos en m\u00faltiples lenguajes, pantallas, nubes y redes donde dejamos la data que deseamos para el futuro. Reafirm\u00e1ndonos como hizo Andy Warhol con los autorretratos; y materializando las palabras de Walter Bejamin que dice que todos tenemos derecho a estar en pantalla, lugar donde habitamos, gestamos y nos apropiamos de todo. <\/p>","protected":false},"excerpt":{"rendered":"<p>Cuarenta y cinco postulaciones tuvieron las convocatorias de Trayectos y Emersiones para Interactos 2019, los Encuentros P\u00fablicos de Artes que este a\u00f1o se realizar\u00e1n en octubre pr\u00f3ximo. Los criterios de evaluaci\u00f3n puntuados fueron el cumplimiento de las bases respecto a conformaci\u00f3n del equipo, duraci\u00f3n de la propuesta, comprobaci\u00f3n de trayectoria art\u00edstica, entre otros.<\/p>","protected":false},"author":1,"featured_media":4203,"comment_status":"closed","ping_status":"closed","sticky":false,"template":"","format":"standard","meta":{"_acf_changed":false,"_uag_custom_page_level_css":"","_monsterinsights_skip_tracking":false,"_monsterinsights_sitenote_active":false,"_monsterinsights_sitenote_note":"","_monsterinsights_sitenote_category":0,"cybocfi_hide_featured_image":"","footnotes":""},"categories":[82,76],"tags":[52],"infouartes":[],"class_list":["post-4200","post","type-post","status-publish","format-standard","has-post-thumbnail","hentry","category-artes","category-estudiantes","tag-interactos"],"acf":[],"yoast_head":"<!-- This site is optimized with the Yoast SEO plugin v27.4 - https:\/\/yoast.com\/product\/yoast-seo-wordpress\/ -->\n<title>Universidad de las Artes - \u201c93\u201d y Pr\u00eat a portrait (V.B.D) ganaron convocatorias Trayectos y Emersiones<\/title>\n<meta name=\"description\" content=\"Universidad de las Artes - \u201c93\u201d y Pr\u00eat a portrait (V.B.D) ganaron convocatorias Trayectos y Emersiones\" \/>\n<meta name=\"robots\" content=\"index, follow, max-snippet:-1, max-image-preview:large, max-video-preview:-1\" \/>\n<link rel=\"canonical\" href=\"https:\/\/www.uartes.edu.ec\/sitio\/en\/blog\/2019\/08\/15\/93-y-v-b-d-pret-a-portrait-ganaron-las-convocatorias-trayectos-y-emersiones\/\" \/>\n<meta property=\"og:locale\" content=\"en_US\" \/>\n<meta property=\"og:type\" content=\"article\" \/>\n<meta property=\"og:title\" content=\"Universidad de las Artes - \u201c93\u201d y Pr\u00eat a portrait (V.B.D) ganaron convocatorias Trayectos y Emersiones\" \/>\n<meta property=\"og:description\" content=\"Universidad de las Artes - \u201c93\u201d y Pr\u00eat a portrait (V.B.D) ganaron convocatorias Trayectos y Emersiones\" \/>\n<meta property=\"og:url\" content=\"https:\/\/www.uartes.edu.ec\/sitio\/en\/blog\/2019\/08\/15\/93-y-v-b-d-pret-a-portrait-ganaron-las-convocatorias-trayectos-y-emersiones\/\" \/>\n<meta property=\"og:site_name\" content=\"Universidad de las Artes\" \/>\n<meta property=\"article:publisher\" content=\"https:\/\/www.facebook.com\/uartesec\" \/>\n<meta property=\"article:published_time\" content=\"2019-08-15T21:30:38+00:00\" \/>\n<meta property=\"article:modified_time\" content=\"2024-07-04T16:50:34+00:00\" \/>\n<meta property=\"og:image\" content=\"https:\/\/www.uartes.edu.ec\/sitio\/wp-content\/uploads\/2019\/08\/Rocio-Soria.jpg\" \/>\n\t<meta property=\"og:image:width\" content=\"1500\" \/>\n\t<meta property=\"og:image:height\" content=\"1000\" \/>\n\t<meta property=\"og:image:type\" content=\"image\/jpeg\" \/>\n<meta name=\"author\" content=\"Universidad de las Artes\" \/>\n<meta name=\"twitter:card\" content=\"summary_large_image\" \/>\n<meta name=\"twitter:creator\" content=\"@uartesec\" \/>\n<meta name=\"twitter:site\" content=\"@uartesec\" \/>\n<meta name=\"twitter:label1\" content=\"Written by\" \/>\n\t<meta name=\"twitter:data1\" content=\"Universidad de las Artes\" \/>\n\t<meta name=\"twitter:label2\" content=\"Est. reading time\" \/>\n\t<meta name=\"twitter:data2\" content=\"3 minutes\" \/>\n<script type=\"application\/ld+json\" class=\"yoast-schema-graph\">{\"@context\":\"https:\\\/\\\/schema.org\",\"@graph\":[{\"@type\":\"Article\",\"@id\":\"https:\\\/\\\/www.uartes.edu.ec\\\/sitio\\\/en\\\/blog\\\/2019\\\/08\\\/15\\\/93-y-v-b-d-pret-a-portrait-ganaron-las-convocatorias-trayectos-y-emersiones\\\/#article\",\"isPartOf\":{\"@id\":\"https:\\\/\\\/www.uartes.edu.ec\\\/sitio\\\/en\\\/blog\\\/2019\\\/08\\\/15\\\/93-y-v-b-d-pret-a-portrait-ganaron-las-convocatorias-trayectos-y-emersiones\\\/\"},\"author\":{\"name\":\"Universidad de las Artes\",\"@id\":\"https:\\\/\\\/www.uartes.edu.ec\\\/sitio\\\/en\\\/#\\\/schema\\\/person\\\/f33f8c1d2af0d5c80a38c8abf458184a\"},\"headline\":\"\u201c93\u201d y Pr\u00eat a portrait (V.B.D) ganaron convocatorias Trayectos y Emersiones\",\"datePublished\":\"2019-08-15T21:30:38+00:00\",\"dateModified\":\"2024-07-04T16:50:34+00:00\",\"mainEntityOfPage\":{\"@id\":\"https:\\\/\\\/www.uartes.edu.ec\\\/sitio\\\/en\\\/blog\\\/2019\\\/08\\\/15\\\/93-y-v-b-d-pret-a-portrait-ganaron-las-convocatorias-trayectos-y-emersiones\\\/\"},\"wordCount\":621,\"publisher\":{\"@id\":\"https:\\\/\\\/www.uartes.edu.ec\\\/sitio\\\/en\\\/#organization\"},\"image\":{\"@id\":\"https:\\\/\\\/www.uartes.edu.ec\\\/sitio\\\/en\\\/blog\\\/2019\\\/08\\\/15\\\/93-y-v-b-d-pret-a-portrait-ganaron-las-convocatorias-trayectos-y-emersiones\\\/#primaryimage\"},\"thumbnailUrl\":\"https:\\\/\\\/www.uartes.edu.ec\\\/sitio\\\/wp-content\\\/uploads\\\/2019\\\/08\\\/Rocio-Soria.jpg\",\"keywords\":[\"interactos\"],\"articleSection\":[\"Artes\",\"Estudiantes\"],\"inLanguage\":\"en-US\"},{\"@type\":[\"WebPage\",\"ItemPage\"],\"@id\":\"https:\\\/\\\/www.uartes.edu.ec\\\/sitio\\\/en\\\/blog\\\/2019\\\/08\\\/15\\\/93-y-v-b-d-pret-a-portrait-ganaron-las-convocatorias-trayectos-y-emersiones\\\/\",\"url\":\"https:\\\/\\\/www.uartes.edu.ec\\\/sitio\\\/en\\\/blog\\\/2019\\\/08\\\/15\\\/93-y-v-b-d-pret-a-portrait-ganaron-las-convocatorias-trayectos-y-emersiones\\\/\",\"name\":\"Universidad de las Artes - \u201c93\u201d y Pr\u00eat a portrait (V.B.D) ganaron convocatorias Trayectos y Emersiones\",\"isPartOf\":{\"@id\":\"https:\\\/\\\/www.uartes.edu.ec\\\/sitio\\\/en\\\/#website\"},\"primaryImageOfPage\":{\"@id\":\"https:\\\/\\\/www.uartes.edu.ec\\\/sitio\\\/en\\\/blog\\\/2019\\\/08\\\/15\\\/93-y-v-b-d-pret-a-portrait-ganaron-las-convocatorias-trayectos-y-emersiones\\\/#primaryimage\"},\"image\":{\"@id\":\"https:\\\/\\\/www.uartes.edu.ec\\\/sitio\\\/en\\\/blog\\\/2019\\\/08\\\/15\\\/93-y-v-b-d-pret-a-portrait-ganaron-las-convocatorias-trayectos-y-emersiones\\\/#primaryimage\"},\"thumbnailUrl\":\"https:\\\/\\\/www.uartes.edu.ec\\\/sitio\\\/wp-content\\\/uploads\\\/2019\\\/08\\\/Rocio-Soria.jpg\",\"datePublished\":\"2019-08-15T21:30:38+00:00\",\"dateModified\":\"2024-07-04T16:50:34+00:00\",\"description\":\"Universidad de las Artes - \u201c93\u201d y Pr\u00eat a portrait (V.B.D) ganaron convocatorias Trayectos y Emersiones\",\"breadcrumb\":{\"@id\":\"https:\\\/\\\/www.uartes.edu.ec\\\/sitio\\\/en\\\/blog\\\/2019\\\/08\\\/15\\\/93-y-v-b-d-pret-a-portrait-ganaron-las-convocatorias-trayectos-y-emersiones\\\/#breadcrumb\"},\"inLanguage\":\"en-US\",\"potentialAction\":[{\"@type\":\"ReadAction\",\"target\":[\"https:\\\/\\\/www.uartes.edu.ec\\\/sitio\\\/en\\\/blog\\\/2019\\\/08\\\/15\\\/93-y-v-b-d-pret-a-portrait-ganaron-las-convocatorias-trayectos-y-emersiones\\\/\"]}]},{\"@type\":\"ImageObject\",\"inLanguage\":\"en-US\",\"@id\":\"https:\\\/\\\/www.uartes.edu.ec\\\/sitio\\\/en\\\/blog\\\/2019\\\/08\\\/15\\\/93-y-v-b-d-pret-a-portrait-ganaron-las-convocatorias-trayectos-y-emersiones\\\/#primaryimage\",\"url\":\"https:\\\/\\\/www.uartes.edu.ec\\\/sitio\\\/wp-content\\\/uploads\\\/2019\\\/08\\\/Rocio-Soria.jpg\",\"contentUrl\":\"https:\\\/\\\/www.uartes.edu.ec\\\/sitio\\\/wp-content\\\/uploads\\\/2019\\\/08\\\/Rocio-Soria.jpg\",\"width\":1500,\"height\":1000},{\"@type\":\"BreadcrumbList\",\"@id\":\"https:\\\/\\\/www.uartes.edu.ec\\\/sitio\\\/en\\\/blog\\\/2019\\\/08\\\/15\\\/93-y-v-b-d-pret-a-portrait-ganaron-las-convocatorias-trayectos-y-emersiones\\\/#breadcrumb\",\"itemListElement\":[{\"@type\":\"ListItem\",\"position\":1,\"name\":\"Inicio\",\"item\":\"https:\\\/\\\/www.uartes.edu.ec\\\/sitio\\\/\"},{\"@type\":\"ListItem\",\"position\":2,\"name\":\"\u201c93\u201d y Pr\u00eat a portrait (V.B.D) ganaron convocatorias Trayectos y Emersiones\"}]},{\"@type\":\"WebSite\",\"@id\":\"https:\\\/\\\/www.uartes.edu.ec\\\/sitio\\\/en\\\/#website\",\"url\":\"https:\\\/\\\/www.uartes.edu.ec\\\/sitio\\\/en\\\/\",\"name\":\"Universidad de las Artes\",\"description\":\"Sitio oficial de la Universidad Nacional de las Artes del Ecuador\",\"publisher\":{\"@id\":\"https:\\\/\\\/www.uartes.edu.ec\\\/sitio\\\/en\\\/#organization\"},\"potentialAction\":[{\"@type\":\"SearchAction\",\"target\":{\"@type\":\"EntryPoint\",\"urlTemplate\":\"https:\\\/\\\/www.uartes.edu.ec\\\/sitio\\\/en\\\/?s={search_term_string}\"},\"query-input\":{\"@type\":\"PropertyValueSpecification\",\"valueRequired\":true,\"valueName\":\"search_term_string\"}}],\"inLanguage\":\"en-US\"},{\"@type\":\"Organization\",\"@id\":\"https:\\\/\\\/www.uartes.edu.ec\\\/sitio\\\/en\\\/#organization\",\"name\":\"Universidad de las Artes\",\"url\":\"https:\\\/\\\/www.uartes.edu.ec\\\/sitio\\\/en\\\/\",\"logo\":{\"@type\":\"ImageObject\",\"inLanguage\":\"en-US\",\"@id\":\"https:\\\/\\\/www.uartes.edu.ec\\\/sitio\\\/en\\\/#\\\/schema\\\/logo\\\/image\\\/\",\"url\":\"https:\\\/\\\/www.uartes.edu.ec\\\/sitio\\\/wp-content\\\/uploads\\\/2022\\\/07\\\/logo-ua-horizontal.png\",\"contentUrl\":\"https:\\\/\\\/www.uartes.edu.ec\\\/sitio\\\/wp-content\\\/uploads\\\/2022\\\/07\\\/logo-ua-horizontal.png\",\"width\":800,\"height\":276,\"caption\":\"Universidad de las Artes\"},\"image\":{\"@id\":\"https:\\\/\\\/www.uartes.edu.ec\\\/sitio\\\/en\\\/#\\\/schema\\\/logo\\\/image\\\/\"},\"sameAs\":[\"https:\\\/\\\/www.facebook.com\\\/uartesec\",\"https:\\\/\\\/x.com\\\/uartesec\",\"https:\\\/\\\/www.tiktok.com\\\/@uartesec\"]},{\"@type\":\"Person\",\"@id\":\"https:\\\/\\\/www.uartes.edu.ec\\\/sitio\\\/en\\\/#\\\/schema\\\/person\\\/f33f8c1d2af0d5c80a38c8abf458184a\",\"name\":\"Universidad de las Artes\",\"image\":{\"@type\":\"ImageObject\",\"inLanguage\":\"en-US\",\"@id\":\"https:\\\/\\\/secure.gravatar.com\\\/avatar\\\/52e4757902f5cfa5ac52d020e5be83cae5487519154b6c35482fe08d589f3c13?s=96&d=mm&r=g\",\"url\":\"https:\\\/\\\/secure.gravatar.com\\\/avatar\\\/52e4757902f5cfa5ac52d020e5be83cae5487519154b6c35482fe08d589f3c13?s=96&d=mm&r=g\",\"contentUrl\":\"https:\\\/\\\/secure.gravatar.com\\\/avatar\\\/52e4757902f5cfa5ac52d020e5be83cae5487519154b6c35482fe08d589f3c13?s=96&d=mm&r=g\",\"caption\":\"Universidad de las Artes\"},\"url\":\"https:\\\/\\\/www.uartes.edu.ec\\\/sitio\\\/en\\\/blog\\\/author\\\/dircomadm\\\/\"}]}<\/script>\n<!-- \/ Yoast SEO plugin. -->","yoast_head_json":{"title":"Universidad de las Artes - \u201c93\u201d y Pr\u00eat a portrait (V.B.D) ganaron convocatorias Trayectos y Emersiones","description":"Universidad de las Artes - \u201c93\u201d y Pr\u00eat a portrait (V.B.D) ganaron convocatorias Trayectos y Emersiones","robots":{"index":"index","follow":"follow","max-snippet":"max-snippet:-1","max-image-preview":"max-image-preview:large","max-video-preview":"max-video-preview:-1"},"canonical":"https:\/\/www.uartes.edu.ec\/sitio\/en\/blog\/2019\/08\/15\/93-y-v-b-d-pret-a-portrait-ganaron-las-convocatorias-trayectos-y-emersiones\/","og_locale":"en_US","og_type":"article","og_title":"Universidad de las Artes - \u201c93\u201d y Pr\u00eat a portrait (V.B.D) ganaron convocatorias Trayectos y Emersiones","og_description":"Universidad de las Artes - \u201c93\u201d y Pr\u00eat a portrait (V.B.D) ganaron convocatorias Trayectos y Emersiones","og_url":"https:\/\/www.uartes.edu.ec\/sitio\/en\/blog\/2019\/08\/15\/93-y-v-b-d-pret-a-portrait-ganaron-las-convocatorias-trayectos-y-emersiones\/","og_site_name":"Universidad de las Artes","article_publisher":"https:\/\/www.facebook.com\/uartesec","article_published_time":"2019-08-15T21:30:38+00:00","article_modified_time":"2024-07-04T16:50:34+00:00","og_image":[{"width":1500,"height":1000,"url":"https:\/\/www.uartes.edu.ec\/sitio\/wp-content\/uploads\/2019\/08\/Rocio-Soria.jpg","type":"image\/jpeg"}],"author":"Universidad de las Artes","twitter_card":"summary_large_image","twitter_creator":"@uartesec","twitter_site":"@uartesec","twitter_misc":{"Written by":"Universidad de las Artes","Est. reading time":"3 minutes"},"schema":{"@context":"https:\/\/schema.org","@graph":[{"@type":"Article","@id":"https:\/\/www.uartes.edu.ec\/sitio\/en\/blog\/2019\/08\/15\/93-y-v-b-d-pret-a-portrait-ganaron-las-convocatorias-trayectos-y-emersiones\/#article","isPartOf":{"@id":"https:\/\/www.uartes.edu.ec\/sitio\/en\/blog\/2019\/08\/15\/93-y-v-b-d-pret-a-portrait-ganaron-las-convocatorias-trayectos-y-emersiones\/"},"author":{"name":"Universidad de las Artes","@id":"https:\/\/www.uartes.edu.ec\/sitio\/en\/#\/schema\/person\/f33f8c1d2af0d5c80a38c8abf458184a"},"headline":"\u201c93\u201d y Pr\u00eat a portrait (V.B.D) ganaron convocatorias Trayectos y Emersiones","datePublished":"2019-08-15T21:30:38+00:00","dateModified":"2024-07-04T16:50:34+00:00","mainEntityOfPage":{"@id":"https:\/\/www.uartes.edu.ec\/sitio\/en\/blog\/2019\/08\/15\/93-y-v-b-d-pret-a-portrait-ganaron-las-convocatorias-trayectos-y-emersiones\/"},"wordCount":621,"publisher":{"@id":"https:\/\/www.uartes.edu.ec\/sitio\/en\/#organization"},"image":{"@id":"https:\/\/www.uartes.edu.ec\/sitio\/en\/blog\/2019\/08\/15\/93-y-v-b-d-pret-a-portrait-ganaron-las-convocatorias-trayectos-y-emersiones\/#primaryimage"},"thumbnailUrl":"https:\/\/www.uartes.edu.ec\/sitio\/wp-content\/uploads\/2019\/08\/Rocio-Soria.jpg","keywords":["interactos"],"articleSection":["Artes","Estudiantes"],"inLanguage":"en-US"},{"@type":["WebPage","ItemPage"],"@id":"https:\/\/www.uartes.edu.ec\/sitio\/en\/blog\/2019\/08\/15\/93-y-v-b-d-pret-a-portrait-ganaron-las-convocatorias-trayectos-y-emersiones\/","url":"https:\/\/www.uartes.edu.ec\/sitio\/en\/blog\/2019\/08\/15\/93-y-v-b-d-pret-a-portrait-ganaron-las-convocatorias-trayectos-y-emersiones\/","name":"Universidad de las Artes - \u201c93\u201d y Pr\u00eat a portrait (V.B.D) ganaron convocatorias Trayectos y Emersiones","isPartOf":{"@id":"https:\/\/www.uartes.edu.ec\/sitio\/en\/#website"},"primaryImageOfPage":{"@id":"https:\/\/www.uartes.edu.ec\/sitio\/en\/blog\/2019\/08\/15\/93-y-v-b-d-pret-a-portrait-ganaron-las-convocatorias-trayectos-y-emersiones\/#primaryimage"},"image":{"@id":"https:\/\/www.uartes.edu.ec\/sitio\/en\/blog\/2019\/08\/15\/93-y-v-b-d-pret-a-portrait-ganaron-las-convocatorias-trayectos-y-emersiones\/#primaryimage"},"thumbnailUrl":"https:\/\/www.uartes.edu.ec\/sitio\/wp-content\/uploads\/2019\/08\/Rocio-Soria.jpg","datePublished":"2019-08-15T21:30:38+00:00","dateModified":"2024-07-04T16:50:34+00:00","description":"Universidad de las Artes - \u201c93\u201d y Pr\u00eat a portrait (V.B.D) ganaron convocatorias Trayectos y Emersiones","breadcrumb":{"@id":"https:\/\/www.uartes.edu.ec\/sitio\/en\/blog\/2019\/08\/15\/93-y-v-b-d-pret-a-portrait-ganaron-las-convocatorias-trayectos-y-emersiones\/#breadcrumb"},"inLanguage":"en-US","potentialAction":[{"@type":"ReadAction","target":["https:\/\/www.uartes.edu.ec\/sitio\/en\/blog\/2019\/08\/15\/93-y-v-b-d-pret-a-portrait-ganaron-las-convocatorias-trayectos-y-emersiones\/"]}]},{"@type":"ImageObject","inLanguage":"en-US","@id":"https:\/\/www.uartes.edu.ec\/sitio\/en\/blog\/2019\/08\/15\/93-y-v-b-d-pret-a-portrait-ganaron-las-convocatorias-trayectos-y-emersiones\/#primaryimage","url":"https:\/\/www.uartes.edu.ec\/sitio\/wp-content\/uploads\/2019\/08\/Rocio-Soria.jpg","contentUrl":"https:\/\/www.uartes.edu.ec\/sitio\/wp-content\/uploads\/2019\/08\/Rocio-Soria.jpg","width":1500,"height":1000},{"@type":"BreadcrumbList","@id":"https:\/\/www.uartes.edu.ec\/sitio\/en\/blog\/2019\/08\/15\/93-y-v-b-d-pret-a-portrait-ganaron-las-convocatorias-trayectos-y-emersiones\/#breadcrumb","itemListElement":[{"@type":"ListItem","position":1,"name":"Inicio","item":"https:\/\/www.uartes.edu.ec\/sitio\/"},{"@type":"ListItem","position":2,"name":"\u201c93\u201d y Pr\u00eat a portrait (V.B.D) ganaron convocatorias Trayectos y Emersiones"}]},{"@type":"WebSite","@id":"https:\/\/www.uartes.edu.ec\/sitio\/en\/#website","url":"https:\/\/www.uartes.edu.ec\/sitio\/en\/","name":"Universidad de las Artes","description":"Sitio oficial de la Universidad Nacional de las Artes del Ecuador","publisher":{"@id":"https:\/\/www.uartes.edu.ec\/sitio\/en\/#organization"},"potentialAction":[{"@type":"SearchAction","target":{"@type":"EntryPoint","urlTemplate":"https:\/\/www.uartes.edu.ec\/sitio\/en\/?s={search_term_string}"},"query-input":{"@type":"PropertyValueSpecification","valueRequired":true,"valueName":"search_term_string"}}],"inLanguage":"en-US"},{"@type":"Organization","@id":"https:\/\/www.uartes.edu.ec\/sitio\/en\/#organization","name":"Universidad de las Artes","url":"https:\/\/www.uartes.edu.ec\/sitio\/en\/","logo":{"@type":"ImageObject","inLanguage":"en-US","@id":"https:\/\/www.uartes.edu.ec\/sitio\/en\/#\/schema\/logo\/image\/","url":"https:\/\/www.uartes.edu.ec\/sitio\/wp-content\/uploads\/2022\/07\/logo-ua-horizontal.png","contentUrl":"https:\/\/www.uartes.edu.ec\/sitio\/wp-content\/uploads\/2022\/07\/logo-ua-horizontal.png","width":800,"height":276,"caption":"Universidad de las Artes"},"image":{"@id":"https:\/\/www.uartes.edu.ec\/sitio\/en\/#\/schema\/logo\/image\/"},"sameAs":["https:\/\/www.facebook.com\/uartesec","https:\/\/x.com\/uartesec","https:\/\/www.tiktok.com\/@uartesec"]},{"@type":"Person","@id":"https:\/\/www.uartes.edu.ec\/sitio\/en\/#\/schema\/person\/f33f8c1d2af0d5c80a38c8abf458184a","name":"Universidad de las Artes","image":{"@type":"ImageObject","inLanguage":"en-US","@id":"https:\/\/secure.gravatar.com\/avatar\/52e4757902f5cfa5ac52d020e5be83cae5487519154b6c35482fe08d589f3c13?s=96&d=mm&r=g","url":"https:\/\/secure.gravatar.com\/avatar\/52e4757902f5cfa5ac52d020e5be83cae5487519154b6c35482fe08d589f3c13?s=96&d=mm&r=g","contentUrl":"https:\/\/secure.gravatar.com\/avatar\/52e4757902f5cfa5ac52d020e5be83cae5487519154b6c35482fe08d589f3c13?s=96&d=mm&r=g","caption":"Universidad de las Artes"},"url":"https:\/\/www.uartes.edu.ec\/sitio\/en\/blog\/author\/dircomadm\/"}]}},"uagb_featured_image_src":{"full":["https:\/\/www.uartes.edu.ec\/sitio\/wp-content\/uploads\/2019\/08\/Rocio-Soria.jpg",1500,1000,false],"thumbnail":["https:\/\/www.uartes.edu.ec\/sitio\/wp-content\/uploads\/2019\/08\/Rocio-Soria-150x150.jpg",150,150,true],"medium":["https:\/\/www.uartes.edu.ec\/sitio\/wp-content\/uploads\/2019\/08\/Rocio-Soria-250x167.jpg",250,167,true],"medium_large":["https:\/\/www.uartes.edu.ec\/sitio\/wp-content\/uploads\/2019\/08\/Rocio-Soria-768x512.jpg",768,512,true],"large":["https:\/\/www.uartes.edu.ec\/sitio\/wp-content\/uploads\/2019\/08\/Rocio-Soria-700x467.jpg",644,430,true],"1536x1536":["https:\/\/www.uartes.edu.ec\/sitio\/wp-content\/uploads\/2019\/08\/Rocio-Soria.jpg",1500,1000,false],"2048x2048":["https:\/\/www.uartes.edu.ec\/sitio\/wp-content\/uploads\/2019\/08\/Rocio-Soria.jpg",1500,1000,false],"trp-custom-language-flag":["https:\/\/www.uartes.edu.ec\/sitio\/wp-content\/uploads\/2019\/08\/Rocio-Soria.jpg",18,12,false],"htmega_size_585x295":["https:\/\/www.uartes.edu.ec\/sitio\/wp-content\/uploads\/2019\/08\/Rocio-Soria.jpg",443,295,false],"htmega_size_1170x536":["https:\/\/www.uartes.edu.ec\/sitio\/wp-content\/uploads\/2019\/08\/Rocio-Soria.jpg",804,536,false],"htmega_size_396x360":["https:\/\/www.uartes.edu.ec\/sitio\/wp-content\/uploads\/2019\/08\/Rocio-Soria.jpg",396,264,false],"gb-block-post-grid-landscape":["https:\/\/www.uartes.edu.ec\/sitio\/wp-content\/uploads\/2019\/08\/Rocio-Soria.jpg",600,400,false],"gb-block-post-grid-square":["https:\/\/www.uartes.edu.ec\/sitio\/wp-content\/uploads\/2019\/08\/Rocio-Soria.jpg",600,400,false],"university-hub-thumb":["https:\/\/www.uartes.edu.ec\/sitio\/wp-content\/uploads\/2019\/08\/Rocio-Soria.jpg",400,267,false]},"uagb_author_info":{"display_name":"Universidad de las Artes","author_link":"https:\/\/www.uartes.edu.ec\/sitio\/en\/blog\/author\/dircomadm\/"},"uagb_comment_info":0,"uagb_excerpt":"Cuarenta y cinco postulaciones tuvieron las convocatorias de Trayectos y Emersiones para Interactos 2019, los Encuentros P\u00fablicos de Artes que este a\u00f1o se realizar\u00e1n en octubre pr\u00f3ximo. Los criterios de evaluaci\u00f3n puntuados fueron el cumplimiento de las bases respecto a conformaci\u00f3n del equipo, duraci\u00f3n de la propuesta, comprobaci\u00f3n de trayectoria art\u00edstica, entre otros.","featured_image_src":"https:\/\/www.uartes.edu.ec\/sitio\/wp-content\/uploads\/2019\/08\/Rocio-Soria.jpg","featured_image_src_square":"https:\/\/www.uartes.edu.ec\/sitio\/wp-content\/uploads\/2019\/08\/Rocio-Soria.jpg","author_info":{"display_name":"Universidad de las Artes","author_link":"https:\/\/www.uartes.edu.ec\/sitio\/en\/blog\/author\/dircomadm\/"},"publishpress_future_workflow_manual_trigger":{"enabledWorkflows":[]},"distributor_meta":false,"distributor_terms":false,"distributor_media":false,"distributor_original_site_name":"Universidad de las Artes","distributor_original_site_url":"https:\/\/www.uartes.edu.ec\/sitio\/en","push-errors":false,"_links":{"self":[{"href":"https:\/\/www.uartes.edu.ec\/sitio\/en\/wp-json\/wp\/v2\/posts\/4200","targetHints":{"allow":["GET"]}}],"collection":[{"href":"https:\/\/www.uartes.edu.ec\/sitio\/en\/wp-json\/wp\/v2\/posts"}],"about":[{"href":"https:\/\/www.uartes.edu.ec\/sitio\/en\/wp-json\/wp\/v2\/types\/post"}],"author":[{"embeddable":true,"href":"https:\/\/www.uartes.edu.ec\/sitio\/en\/wp-json\/wp\/v2\/users\/1"}],"replies":[{"embeddable":true,"href":"https:\/\/www.uartes.edu.ec\/sitio\/en\/wp-json\/wp\/v2\/comments?post=4200"}],"version-history":[{"count":5,"href":"https:\/\/www.uartes.edu.ec\/sitio\/en\/wp-json\/wp\/v2\/posts\/4200\/revisions"}],"predecessor-version":[{"id":35482,"href":"https:\/\/www.uartes.edu.ec\/sitio\/en\/wp-json\/wp\/v2\/posts\/4200\/revisions\/35482"}],"wp:featuredmedia":[{"embeddable":true,"href":"https:\/\/www.uartes.edu.ec\/sitio\/en\/wp-json\/wp\/v2\/media\/4203"}],"wp:attachment":[{"href":"https:\/\/www.uartes.edu.ec\/sitio\/en\/wp-json\/wp\/v2\/media?parent=4200"}],"wp:term":[{"taxonomy":"category","embeddable":true,"href":"https:\/\/www.uartes.edu.ec\/sitio\/en\/wp-json\/wp\/v2\/categories?post=4200"},{"taxonomy":"post_tag","embeddable":true,"href":"https:\/\/www.uartes.edu.ec\/sitio\/en\/wp-json\/wp\/v2\/tags?post=4200"},{"taxonomy":"infouartes","embeddable":true,"href":"https:\/\/www.uartes.edu.ec\/sitio\/en\/wp-json\/wp\/v2\/infouartes?post=4200"}],"curies":[{"name":"wp","href":"https:\/\/api.w.org\/{rel}","templated":true}]}}