{"id":42080,"date":"2023-05-19T13:49:50","date_gmt":"2023-05-19T18:49:50","guid":{"rendered":"https:\/\/www.uartes.edu.ec\/sitio\/?p=42080"},"modified":"2024-07-04T11:21:10","modified_gmt":"2024-07-04T16:21:10","slug":"proyecto-dislocar-estrena-obra-de-danza-contemporanea-lo-primario","status":"publish","type":"post","link":"https:\/\/www.uartes.edu.ec\/sitio\/en\/blog\/2023\/05\/19\/proyecto-dislocar-estrena-obra-de-danza-contemporanea-lo-primario\/","title":{"rendered":"Proyecto Dislocar estrena la obra de danza contempor\u00e1nea \u201cLo Primario\u201d"},"content":{"rendered":"<p>En el marco del desarrollo del proyecto de investigaci\u00f3n Dislocar: Laboratorio para la creaci\u00f3n esc\u00e9nica, que promueve la participaci\u00f3n de personas con discapacidad en las artes esc\u00e9nicas, surge el producto art\u00edstico de danza contempor\u00e1nea \u201cLo Primario\u201d.<\/p>\n\n\n\n<p>Se estrenar\u00e1 el s\u00e1bado 3 de junio, a las 18:30, en Teatro Casa Zona Escena (Panam\u00e1 e Imbabura), con la participaci\u00f3n de \u00c1ngel L\u00f3pez, artista y deportista con discapacidad; Jaime P\u00e9rez, artista esc\u00e9nico; y Nicole Lema, estudiante de la carrera de Danza. Dirige \u201cLo Primario\u201d Sof\u00eda Mera, docente de la Escuela de Artes Esc\u00e9nicas, quien est\u00e1 tambi\u00e9n al frente de Dislocar.<\/p>\n\n\n\n<p>Acerca del proyecto y de la obra, Mera se\u00f1ala que mientras el objetivo del proyecto de investigaci\u00f3n, que es tambi\u00e9n un proyecto de v\u00ednculo con la comunidad, es promover la participaci\u00f3n de personas con discapacidad en los procesos art\u00edsticos creativos relacionados con las artes esc\u00e9nicas del movimiento, \u201ces inter\u00e9s nuestro, adem\u00e1s, favorecer que las \u00e9ticas y est\u00e9ticas vinculadas a la discapacidad y las artes se alejen cada vez m\u00e1s de pr\u00e1cticas asistencialistas, rehabilitadoras, terap\u00e9uticas o de caridad, y que puedan dar lugar a la potencia de la diversidad fortaleciendo sus procesos y resultados art\u00edsticos\u201d.<\/p>\n\n\n<div class=\"wp-block-image\">\n<figure class=\"aligncenter size-large\"><img fetchpriority=\"high\" decoding=\"async\" width=\"644\" height=\"429\" src=\"https:\/\/www.uartes.edu.ec\/sitio\/wp-content\/uploads\/2023\/05\/02-LO-PRIMERARIO-DANZA-WEB-644x429.jpg\" alt=\"\" class=\"wp-image-42082\" srcset=\"https:\/\/www.uartes.edu.ec\/sitio\/wp-content\/uploads\/2023\/05\/02-LO-PRIMERARIO-DANZA-WEB-644x429.jpg 644w, https:\/\/www.uartes.edu.ec\/sitio\/wp-content\/uploads\/2023\/05\/02-LO-PRIMERARIO-DANZA-WEB-768x511.jpg 768w, https:\/\/www.uartes.edu.ec\/sitio\/wp-content\/uploads\/2023\/05\/02-LO-PRIMERARIO-DANZA-WEB.jpg 2000w, https:\/\/www.uartes.edu.ec\/sitio\/wp-content\/uploads\/2023\/05\/02-LO-PRIMERARIO-DANZA-WEB-600x399.jpg 600w, https:\/\/www.uartes.edu.ec\/sitio\/wp-content\/uploads\/2023\/05\/02-LO-PRIMERARIO-DANZA-WEB-272x182.jpg 272w\" sizes=\"(max-width: 644px) 100vw, 644px\" \/><\/figure>\n<\/div>\n\n\n<p>Agrega que, a partir del laboratorio realizado a finales del 2022, donde 25 personas con y sin discapacidad hicieron exploraciones creativas de movimiento con el acompa\u00f1amiento de las docentes de la carrera de Danza Lorena Delgado y Vanessa P\u00e9rez, se realiz\u00f3 la selecci\u00f3n de tres int\u00e9rpretes creadores para desarrollar la obra \u201cLo Primario\u201d.<\/p>\n\n\n\n<p>\u201cDesde marzo de este a\u00f1o estamos en proceso de creaci\u00f3n y montaje de la pieza coreogr\u00e1fica\u201d, revela Mera, quien de la construcci\u00f3n de la obra detalla: \u201cTomando elementos de las exploraciones de laboratorio, se inici\u00f3 una indagaci\u00f3n de los cuerpos en movimiento de los int\u00e9rpretes que, al entrar en relaci\u00f3n entre s\u00ed, con el espacio, con la musicalidad y con otros elementos esc\u00e9nicos, han ido generando sensaciones y po\u00e9ticas que derivan con lo que hoy es Lo Primario\u201d.<\/p>\n\n\n<div class=\"wp-block-image\">\n<figure class=\"aligncenter size-large\"><img decoding=\"async\" width=\"644\" height=\"429\" src=\"https:\/\/www.uartes.edu.ec\/sitio\/wp-content\/uploads\/2023\/05\/03-LO-PRIMERARIO-DANZA-WEB-644x429.jpg\" alt=\"\" class=\"wp-image-42083\" srcset=\"https:\/\/www.uartes.edu.ec\/sitio\/wp-content\/uploads\/2023\/05\/03-LO-PRIMERARIO-DANZA-WEB-644x429.jpg 644w, https:\/\/www.uartes.edu.ec\/sitio\/wp-content\/uploads\/2023\/05\/03-LO-PRIMERARIO-DANZA-WEB-768x511.jpg 768w, https:\/\/www.uartes.edu.ec\/sitio\/wp-content\/uploads\/2023\/05\/03-LO-PRIMERARIO-DANZA-WEB.jpg 2000w, https:\/\/www.uartes.edu.ec\/sitio\/wp-content\/uploads\/2023\/05\/03-LO-PRIMERARIO-DANZA-WEB-600x399.jpg 600w, https:\/\/www.uartes.edu.ec\/sitio\/wp-content\/uploads\/2023\/05\/03-LO-PRIMERARIO-DANZA-WEB-272x182.jpg 272w\" sizes=\"(max-width: 644px) 100vw, 644px\" \/><\/figure>\n<\/div>\n\n\n<p>\u201cLo Primario\u00bb es una obra de danza contempor\u00e1nea que indaga en los cimientos sutiles que moldean nuestra visi\u00f3n \u00fanica del mundo. Esta propuesta esc\u00e9nica, tejida con hilos intangibles de los primeros afectos, experiencias e interacciones humanas, invita a los cuerpos y los sentidos de los int\u00e9rpretes a manifestar lo que fue primero y constituyente en nuestro psiquismo.<\/p>\n\n\n\n<p>Adem\u00e1s de la docencia en la UArtes, Sof\u00eda Mera dirige la Compa\u00f1\u00eda InDanza, misma que cre\u00f3 hace cuatro con la experiencia del trabajo que alrededor del arte y la discapacidad lleva desde hace quince a\u00f1os. \u201cMe apasiona la posibilidad de expandir las formas de crear y las creaciones en s\u00ed con la participaci\u00f3n de cuerpos y subjetividades no normativos en las artes. Creo que, adem\u00e1s de ser un derecho que las personas con discapacidad participen del arte y de la cultura, es una oportunidad para el sector art\u00edstico verse enriquecido con la presencia de estas personas en el medio\u201d.&nbsp;<\/p>\n\n\n\n<p>Fotograf\u00eda: Edward Blamoh, edici\u00f3n Jose M. Oliveira, cortes\u00eda de InDanza.<\/p>","protected":false},"excerpt":{"rendered":"<p>En el marco del desarrollo del proyecto de investigaci\u00f3n Dislocar: Laboratorio para la creaci\u00f3n esc\u00e9nica, que promueve la participaci\u00f3n de personas con discapacidad en las artes esc\u00e9nicas, surge la obra de danza contempor\u00e1nea \u201cLo Primario\u201d. Estreno: 3 de junio, a las 18:30, en Teatro Casa Zona Escena. Participan \u00c1ngel L\u00f3pez, artista y deportista con discapacidad; Jaime P\u00e9rez, artista esc\u00e9nico; y Nicole Lema, estudiante de la carrera de Danza. <\/p>","protected":false},"author":10,"featured_media":42081,"comment_status":"open","ping_status":"open","sticky":false,"template":"","format":"standard","meta":{"_acf_changed":false,"_uag_custom_page_level_css":"","_monsterinsights_skip_tracking":false,"_monsterinsights_sitenote_active":false,"_monsterinsights_sitenote_note":"","_monsterinsights_sitenote_category":0,"cybocfi_hide_featured_image":"","footnotes":""},"categories":[80,159,75,76],"tags":[979],"infouartes":[],"class_list":["post-42080","post","type-post","status-publish","format-standard","has-post-thumbnail","hentry","category-academico","category-artes-escenicas","category-docentes","category-estudiantes","tag-producto-artistico"],"acf":[],"yoast_head":"<!-- This site is optimized with the Yoast SEO plugin v27.4 - https:\/\/yoast.com\/product\/yoast-seo-wordpress\/ -->\n<title>Universidad de las Artes - Proyecto Dislocar estrena la obra de danza contempor\u00e1nea \u201cLo Primario\u201d<\/title>\n<meta name=\"description\" content=\"Universidad de las Artes - Proyecto Dislocar estrena la obra de danza contempor\u00e1nea \u201cLo Primario\u201d\" \/>\n<meta name=\"robots\" content=\"index, follow, max-snippet:-1, max-image-preview:large, max-video-preview:-1\" \/>\n<link rel=\"canonical\" href=\"https:\/\/www.uartes.edu.ec\/sitio\/en\/blog\/2023\/05\/19\/proyecto-dislocar-estrena-obra-de-danza-contemporanea-lo-primario\/\" \/>\n<meta property=\"og:locale\" content=\"en_US\" \/>\n<meta property=\"og:type\" content=\"article\" \/>\n<meta property=\"og:title\" content=\"Universidad de las Artes - Proyecto Dislocar estrena la obra de danza contempor\u00e1nea \u201cLo Primario\u201d\" \/>\n<meta property=\"og:description\" content=\"Universidad de las Artes - Proyecto Dislocar estrena la obra de danza contempor\u00e1nea \u201cLo Primario\u201d\" \/>\n<meta property=\"og:url\" content=\"https:\/\/www.uartes.edu.ec\/sitio\/en\/blog\/2023\/05\/19\/proyecto-dislocar-estrena-obra-de-danza-contemporanea-lo-primario\/\" \/>\n<meta property=\"og:site_name\" content=\"Universidad de las Artes\" \/>\n<meta property=\"article:publisher\" content=\"https:\/\/www.facebook.com\/uartesec\" \/>\n<meta property=\"article:published_time\" content=\"2023-05-19T18:49:50+00:00\" \/>\n<meta property=\"article:modified_time\" content=\"2024-07-04T16:21:10+00:00\" \/>\n<meta property=\"og:image\" content=\"https:\/\/www.uartes.edu.ec\/sitio\/wp-content\/uploads\/2023\/05\/01-LO-PRIMERARIO-DANZA-WEB.jpg\" \/>\n\t<meta property=\"og:image:width\" content=\"2000\" \/>\n\t<meta property=\"og:image:height\" content=\"1333\" \/>\n\t<meta property=\"og:image:type\" content=\"image\/jpeg\" \/>\n<meta name=\"author\" content=\"ccortez\" \/>\n<meta name=\"twitter:card\" content=\"summary_large_image\" \/>\n<meta name=\"twitter:creator\" content=\"@uartesec\" \/>\n<meta name=\"twitter:site\" content=\"@uartesec\" \/>\n<meta name=\"twitter:label1\" content=\"Written by\" \/>\n\t<meta name=\"twitter:data1\" content=\"ccortez\" \/>\n\t<meta name=\"twitter:label2\" content=\"Est. reading time\" \/>\n\t<meta name=\"twitter:data2\" content=\"3 minutes\" \/>\n<script type=\"application\/ld+json\" class=\"yoast-schema-graph\">{\"@context\":\"https:\\\/\\\/schema.org\",\"@graph\":[{\"@type\":\"Article\",\"@id\":\"https:\\\/\\\/www.uartes.edu.ec\\\/sitio\\\/en\\\/blog\\\/2023\\\/05\\\/19\\\/proyecto-dislocar-estrena-obra-de-danza-contemporanea-lo-primario\\\/#article\",\"isPartOf\":{\"@id\":\"https:\\\/\\\/www.uartes.edu.ec\\\/sitio\\\/en\\\/blog\\\/2023\\\/05\\\/19\\\/proyecto-dislocar-estrena-obra-de-danza-contemporanea-lo-primario\\\/\"},\"author\":{\"name\":\"ccortez\",\"@id\":\"https:\\\/\\\/www.uartes.edu.ec\\\/sitio\\\/en\\\/#\\\/schema\\\/person\\\/efa1b8275797664fd7f13a79ccc0b1f4\"},\"headline\":\"Proyecto Dislocar estrena la obra de danza contempor\u00e1nea \u201cLo Primario\u201d\",\"datePublished\":\"2023-05-19T18:49:50+00:00\",\"dateModified\":\"2024-07-04T16:21:10+00:00\",\"mainEntityOfPage\":{\"@id\":\"https:\\\/\\\/www.uartes.edu.ec\\\/sitio\\\/en\\\/blog\\\/2023\\\/05\\\/19\\\/proyecto-dislocar-estrena-obra-de-danza-contemporanea-lo-primario\\\/\"},\"wordCount\":552,\"commentCount\":0,\"publisher\":{\"@id\":\"https:\\\/\\\/www.uartes.edu.ec\\\/sitio\\\/en\\\/#organization\"},\"image\":{\"@id\":\"https:\\\/\\\/www.uartes.edu.ec\\\/sitio\\\/en\\\/blog\\\/2023\\\/05\\\/19\\\/proyecto-dislocar-estrena-obra-de-danza-contemporanea-lo-primario\\\/#primaryimage\"},\"thumbnailUrl\":\"https:\\\/\\\/www.uartes.edu.ec\\\/sitio\\\/wp-content\\\/uploads\\\/2023\\\/05\\\/01-LO-PRIMERARIO-DANZA-WEB.jpg\",\"keywords\":[\"producto art\u00edstico\"],\"articleSection\":[\"Acad\u00e9mico\",\"Artes Esc\u00e9nicas\",\"Docentes\",\"Estudiantes\"],\"inLanguage\":\"en-US\",\"potentialAction\":[{\"@type\":\"CommentAction\",\"name\":\"Comment\",\"target\":[\"https:\\\/\\\/www.uartes.edu.ec\\\/sitio\\\/en\\\/blog\\\/2023\\\/05\\\/19\\\/proyecto-dislocar-estrena-obra-de-danza-contemporanea-lo-primario\\\/#respond\"]}]},{\"@type\":[\"WebPage\",\"ItemPage\"],\"@id\":\"https:\\\/\\\/www.uartes.edu.ec\\\/sitio\\\/en\\\/blog\\\/2023\\\/05\\\/19\\\/proyecto-dislocar-estrena-obra-de-danza-contemporanea-lo-primario\\\/\",\"url\":\"https:\\\/\\\/www.uartes.edu.ec\\\/sitio\\\/en\\\/blog\\\/2023\\\/05\\\/19\\\/proyecto-dislocar-estrena-obra-de-danza-contemporanea-lo-primario\\\/\",\"name\":\"Universidad de las Artes - Proyecto Dislocar estrena la obra de danza contempor\u00e1nea \u201cLo Primario\u201d\",\"isPartOf\":{\"@id\":\"https:\\\/\\\/www.uartes.edu.ec\\\/sitio\\\/en\\\/#website\"},\"primaryImageOfPage\":{\"@id\":\"https:\\\/\\\/www.uartes.edu.ec\\\/sitio\\\/en\\\/blog\\\/2023\\\/05\\\/19\\\/proyecto-dislocar-estrena-obra-de-danza-contemporanea-lo-primario\\\/#primaryimage\"},\"image\":{\"@id\":\"https:\\\/\\\/www.uartes.edu.ec\\\/sitio\\\/en\\\/blog\\\/2023\\\/05\\\/19\\\/proyecto-dislocar-estrena-obra-de-danza-contemporanea-lo-primario\\\/#primaryimage\"},\"thumbnailUrl\":\"https:\\\/\\\/www.uartes.edu.ec\\\/sitio\\\/wp-content\\\/uploads\\\/2023\\\/05\\\/01-LO-PRIMERARIO-DANZA-WEB.jpg\",\"datePublished\":\"2023-05-19T18:49:50+00:00\",\"dateModified\":\"2024-07-04T16:21:10+00:00\",\"description\":\"Universidad de las Artes - Proyecto Dislocar estrena la obra de danza contempor\u00e1nea \u201cLo Primario\u201d\",\"breadcrumb\":{\"@id\":\"https:\\\/\\\/www.uartes.edu.ec\\\/sitio\\\/en\\\/blog\\\/2023\\\/05\\\/19\\\/proyecto-dislocar-estrena-obra-de-danza-contemporanea-lo-primario\\\/#breadcrumb\"},\"inLanguage\":\"en-US\",\"potentialAction\":[{\"@type\":\"ReadAction\",\"target\":[\"https:\\\/\\\/www.uartes.edu.ec\\\/sitio\\\/en\\\/blog\\\/2023\\\/05\\\/19\\\/proyecto-dislocar-estrena-obra-de-danza-contemporanea-lo-primario\\\/\"]}]},{\"@type\":\"ImageObject\",\"inLanguage\":\"en-US\",\"@id\":\"https:\\\/\\\/www.uartes.edu.ec\\\/sitio\\\/en\\\/blog\\\/2023\\\/05\\\/19\\\/proyecto-dislocar-estrena-obra-de-danza-contemporanea-lo-primario\\\/#primaryimage\",\"url\":\"https:\\\/\\\/www.uartes.edu.ec\\\/sitio\\\/wp-content\\\/uploads\\\/2023\\\/05\\\/01-LO-PRIMERARIO-DANZA-WEB.jpg\",\"contentUrl\":\"https:\\\/\\\/www.uartes.edu.ec\\\/sitio\\\/wp-content\\\/uploads\\\/2023\\\/05\\\/01-LO-PRIMERARIO-DANZA-WEB.jpg\",\"width\":2000,\"height\":1333},{\"@type\":\"BreadcrumbList\",\"@id\":\"https:\\\/\\\/www.uartes.edu.ec\\\/sitio\\\/en\\\/blog\\\/2023\\\/05\\\/19\\\/proyecto-dislocar-estrena-obra-de-danza-contemporanea-lo-primario\\\/#breadcrumb\",\"itemListElement\":[{\"@type\":\"ListItem\",\"position\":1,\"name\":\"Inicio\",\"item\":\"https:\\\/\\\/www.uartes.edu.ec\\\/sitio\\\/\"},{\"@type\":\"ListItem\",\"position\":2,\"name\":\"Proyecto Dislocar estrena la obra de danza contempor\u00e1nea \u201cLo Primario\u201d\"}]},{\"@type\":\"WebSite\",\"@id\":\"https:\\\/\\\/www.uartes.edu.ec\\\/sitio\\\/en\\\/#website\",\"url\":\"https:\\\/\\\/www.uartes.edu.ec\\\/sitio\\\/en\\\/\",\"name\":\"Universidad de las Artes\",\"description\":\"Sitio oficial de la Universidad Nacional de las Artes del Ecuador\",\"publisher\":{\"@id\":\"https:\\\/\\\/www.uartes.edu.ec\\\/sitio\\\/en\\\/#organization\"},\"potentialAction\":[{\"@type\":\"SearchAction\",\"target\":{\"@type\":\"EntryPoint\",\"urlTemplate\":\"https:\\\/\\\/www.uartes.edu.ec\\\/sitio\\\/en\\\/?s={search_term_string}\"},\"query-input\":{\"@type\":\"PropertyValueSpecification\",\"valueRequired\":true,\"valueName\":\"search_term_string\"}}],\"inLanguage\":\"en-US\"},{\"@type\":\"Organization\",\"@id\":\"https:\\\/\\\/www.uartes.edu.ec\\\/sitio\\\/en\\\/#organization\",\"name\":\"Universidad de las Artes\",\"url\":\"https:\\\/\\\/www.uartes.edu.ec\\\/sitio\\\/en\\\/\",\"logo\":{\"@type\":\"ImageObject\",\"inLanguage\":\"en-US\",\"@id\":\"https:\\\/\\\/www.uartes.edu.ec\\\/sitio\\\/en\\\/#\\\/schema\\\/logo\\\/image\\\/\",\"url\":\"https:\\\/\\\/www.uartes.edu.ec\\\/sitio\\\/wp-content\\\/uploads\\\/2022\\\/07\\\/logo-ua-horizontal.png\",\"contentUrl\":\"https:\\\/\\\/www.uartes.edu.ec\\\/sitio\\\/wp-content\\\/uploads\\\/2022\\\/07\\\/logo-ua-horizontal.png\",\"width\":800,\"height\":276,\"caption\":\"Universidad de las Artes\"},\"image\":{\"@id\":\"https:\\\/\\\/www.uartes.edu.ec\\\/sitio\\\/en\\\/#\\\/schema\\\/logo\\\/image\\\/\"},\"sameAs\":[\"https:\\\/\\\/www.facebook.com\\\/uartesec\",\"https:\\\/\\\/x.com\\\/uartesec\",\"https:\\\/\\\/www.tiktok.com\\\/@uartesec\"]},{\"@type\":\"Person\",\"@id\":\"https:\\\/\\\/www.uartes.edu.ec\\\/sitio\\\/en\\\/#\\\/schema\\\/person\\\/efa1b8275797664fd7f13a79ccc0b1f4\",\"name\":\"ccortez\",\"image\":{\"@type\":\"ImageObject\",\"inLanguage\":\"en-US\",\"@id\":\"https:\\\/\\\/secure.gravatar.com\\\/avatar\\\/b2a6f664a3ae8e074346ef91775736c5ec479e637ecced6842de9dc98b5da9cd?s=96&d=mm&r=g\",\"url\":\"https:\\\/\\\/secure.gravatar.com\\\/avatar\\\/b2a6f664a3ae8e074346ef91775736c5ec479e637ecced6842de9dc98b5da9cd?s=96&d=mm&r=g\",\"contentUrl\":\"https:\\\/\\\/secure.gravatar.com\\\/avatar\\\/b2a6f664a3ae8e074346ef91775736c5ec479e637ecced6842de9dc98b5da9cd?s=96&d=mm&r=g\",\"caption\":\"ccortez\"},\"url\":\"https:\\\/\\\/www.uartes.edu.ec\\\/sitio\\\/en\\\/blog\\\/author\\\/ccortez\\\/\"}]}<\/script>\n<!-- \/ Yoast SEO plugin. -->","yoast_head_json":{"title":"Universidad de las Artes - Proyecto Dislocar estrena la obra de danza contempor\u00e1nea \u201cLo Primario\u201d","description":"Universidad de las Artes - Proyecto Dislocar estrena la obra de danza contempor\u00e1nea \u201cLo Primario\u201d","robots":{"index":"index","follow":"follow","max-snippet":"max-snippet:-1","max-image-preview":"max-image-preview:large","max-video-preview":"max-video-preview:-1"},"canonical":"https:\/\/www.uartes.edu.ec\/sitio\/en\/blog\/2023\/05\/19\/proyecto-dislocar-estrena-obra-de-danza-contemporanea-lo-primario\/","og_locale":"en_US","og_type":"article","og_title":"Universidad de las Artes - Proyecto Dislocar estrena la obra de danza contempor\u00e1nea \u201cLo Primario\u201d","og_description":"Universidad de las Artes - Proyecto Dislocar estrena la obra de danza contempor\u00e1nea \u201cLo Primario\u201d","og_url":"https:\/\/www.uartes.edu.ec\/sitio\/en\/blog\/2023\/05\/19\/proyecto-dislocar-estrena-obra-de-danza-contemporanea-lo-primario\/","og_site_name":"Universidad de las Artes","article_publisher":"https:\/\/www.facebook.com\/uartesec","article_published_time":"2023-05-19T18:49:50+00:00","article_modified_time":"2024-07-04T16:21:10+00:00","og_image":[{"width":2000,"height":1333,"url":"https:\/\/www.uartes.edu.ec\/sitio\/wp-content\/uploads\/2023\/05\/01-LO-PRIMERARIO-DANZA-WEB.jpg","type":"image\/jpeg"}],"author":"ccortez","twitter_card":"summary_large_image","twitter_creator":"@uartesec","twitter_site":"@uartesec","twitter_misc":{"Written by":"ccortez","Est. reading time":"3 minutes"},"schema":{"@context":"https:\/\/schema.org","@graph":[{"@type":"Article","@id":"https:\/\/www.uartes.edu.ec\/sitio\/en\/blog\/2023\/05\/19\/proyecto-dislocar-estrena-obra-de-danza-contemporanea-lo-primario\/#article","isPartOf":{"@id":"https:\/\/www.uartes.edu.ec\/sitio\/en\/blog\/2023\/05\/19\/proyecto-dislocar-estrena-obra-de-danza-contemporanea-lo-primario\/"},"author":{"name":"ccortez","@id":"https:\/\/www.uartes.edu.ec\/sitio\/en\/#\/schema\/person\/efa1b8275797664fd7f13a79ccc0b1f4"},"headline":"Proyecto Dislocar estrena la obra de danza contempor\u00e1nea \u201cLo Primario\u201d","datePublished":"2023-05-19T18:49:50+00:00","dateModified":"2024-07-04T16:21:10+00:00","mainEntityOfPage":{"@id":"https:\/\/www.uartes.edu.ec\/sitio\/en\/blog\/2023\/05\/19\/proyecto-dislocar-estrena-obra-de-danza-contemporanea-lo-primario\/"},"wordCount":552,"commentCount":0,"publisher":{"@id":"https:\/\/www.uartes.edu.ec\/sitio\/en\/#organization"},"image":{"@id":"https:\/\/www.uartes.edu.ec\/sitio\/en\/blog\/2023\/05\/19\/proyecto-dislocar-estrena-obra-de-danza-contemporanea-lo-primario\/#primaryimage"},"thumbnailUrl":"https:\/\/www.uartes.edu.ec\/sitio\/wp-content\/uploads\/2023\/05\/01-LO-PRIMERARIO-DANZA-WEB.jpg","keywords":["producto art\u00edstico"],"articleSection":["Acad\u00e9mico","Artes Esc\u00e9nicas","Docentes","Estudiantes"],"inLanguage":"en-US","potentialAction":[{"@type":"CommentAction","name":"Comment","target":["https:\/\/www.uartes.edu.ec\/sitio\/en\/blog\/2023\/05\/19\/proyecto-dislocar-estrena-obra-de-danza-contemporanea-lo-primario\/#respond"]}]},{"@type":["WebPage","ItemPage"],"@id":"https:\/\/www.uartes.edu.ec\/sitio\/en\/blog\/2023\/05\/19\/proyecto-dislocar-estrena-obra-de-danza-contemporanea-lo-primario\/","url":"https:\/\/www.uartes.edu.ec\/sitio\/en\/blog\/2023\/05\/19\/proyecto-dislocar-estrena-obra-de-danza-contemporanea-lo-primario\/","name":"Universidad de las Artes - Proyecto Dislocar estrena la obra de danza contempor\u00e1nea \u201cLo Primario\u201d","isPartOf":{"@id":"https:\/\/www.uartes.edu.ec\/sitio\/en\/#website"},"primaryImageOfPage":{"@id":"https:\/\/www.uartes.edu.ec\/sitio\/en\/blog\/2023\/05\/19\/proyecto-dislocar-estrena-obra-de-danza-contemporanea-lo-primario\/#primaryimage"},"image":{"@id":"https:\/\/www.uartes.edu.ec\/sitio\/en\/blog\/2023\/05\/19\/proyecto-dislocar-estrena-obra-de-danza-contemporanea-lo-primario\/#primaryimage"},"thumbnailUrl":"https:\/\/www.uartes.edu.ec\/sitio\/wp-content\/uploads\/2023\/05\/01-LO-PRIMERARIO-DANZA-WEB.jpg","datePublished":"2023-05-19T18:49:50+00:00","dateModified":"2024-07-04T16:21:10+00:00","description":"Universidad de las Artes - Proyecto Dislocar estrena la obra de danza contempor\u00e1nea \u201cLo Primario\u201d","breadcrumb":{"@id":"https:\/\/www.uartes.edu.ec\/sitio\/en\/blog\/2023\/05\/19\/proyecto-dislocar-estrena-obra-de-danza-contemporanea-lo-primario\/#breadcrumb"},"inLanguage":"en-US","potentialAction":[{"@type":"ReadAction","target":["https:\/\/www.uartes.edu.ec\/sitio\/en\/blog\/2023\/05\/19\/proyecto-dislocar-estrena-obra-de-danza-contemporanea-lo-primario\/"]}]},{"@type":"ImageObject","inLanguage":"en-US","@id":"https:\/\/www.uartes.edu.ec\/sitio\/en\/blog\/2023\/05\/19\/proyecto-dislocar-estrena-obra-de-danza-contemporanea-lo-primario\/#primaryimage","url":"https:\/\/www.uartes.edu.ec\/sitio\/wp-content\/uploads\/2023\/05\/01-LO-PRIMERARIO-DANZA-WEB.jpg","contentUrl":"https:\/\/www.uartes.edu.ec\/sitio\/wp-content\/uploads\/2023\/05\/01-LO-PRIMERARIO-DANZA-WEB.jpg","width":2000,"height":1333},{"@type":"BreadcrumbList","@id":"https:\/\/www.uartes.edu.ec\/sitio\/en\/blog\/2023\/05\/19\/proyecto-dislocar-estrena-obra-de-danza-contemporanea-lo-primario\/#breadcrumb","itemListElement":[{"@type":"ListItem","position":1,"name":"Inicio","item":"https:\/\/www.uartes.edu.ec\/sitio\/"},{"@type":"ListItem","position":2,"name":"Proyecto Dislocar estrena la obra de danza contempor\u00e1nea \u201cLo Primario\u201d"}]},{"@type":"WebSite","@id":"https:\/\/www.uartes.edu.ec\/sitio\/en\/#website","url":"https:\/\/www.uartes.edu.ec\/sitio\/en\/","name":"Universidad de las Artes","description":"Sitio oficial de la Universidad Nacional de las Artes del Ecuador","publisher":{"@id":"https:\/\/www.uartes.edu.ec\/sitio\/en\/#organization"},"potentialAction":[{"@type":"SearchAction","target":{"@type":"EntryPoint","urlTemplate":"https:\/\/www.uartes.edu.ec\/sitio\/en\/?s={search_term_string}"},"query-input":{"@type":"PropertyValueSpecification","valueRequired":true,"valueName":"search_term_string"}}],"inLanguage":"en-US"},{"@type":"Organization","@id":"https:\/\/www.uartes.edu.ec\/sitio\/en\/#organization","name":"Universidad de las Artes","url":"https:\/\/www.uartes.edu.ec\/sitio\/en\/","logo":{"@type":"ImageObject","inLanguage":"en-US","@id":"https:\/\/www.uartes.edu.ec\/sitio\/en\/#\/schema\/logo\/image\/","url":"https:\/\/www.uartes.edu.ec\/sitio\/wp-content\/uploads\/2022\/07\/logo-ua-horizontal.png","contentUrl":"https:\/\/www.uartes.edu.ec\/sitio\/wp-content\/uploads\/2022\/07\/logo-ua-horizontal.png","width":800,"height":276,"caption":"Universidad de las Artes"},"image":{"@id":"https:\/\/www.uartes.edu.ec\/sitio\/en\/#\/schema\/logo\/image\/"},"sameAs":["https:\/\/www.facebook.com\/uartesec","https:\/\/x.com\/uartesec","https:\/\/www.tiktok.com\/@uartesec"]},{"@type":"Person","@id":"https:\/\/www.uartes.edu.ec\/sitio\/en\/#\/schema\/person\/efa1b8275797664fd7f13a79ccc0b1f4","name":"ccortez","image":{"@type":"ImageObject","inLanguage":"en-US","@id":"https:\/\/secure.gravatar.com\/avatar\/b2a6f664a3ae8e074346ef91775736c5ec479e637ecced6842de9dc98b5da9cd?s=96&d=mm&r=g","url":"https:\/\/secure.gravatar.com\/avatar\/b2a6f664a3ae8e074346ef91775736c5ec479e637ecced6842de9dc98b5da9cd?s=96&d=mm&r=g","contentUrl":"https:\/\/secure.gravatar.com\/avatar\/b2a6f664a3ae8e074346ef91775736c5ec479e637ecced6842de9dc98b5da9cd?s=96&d=mm&r=g","caption":"ccortez"},"url":"https:\/\/www.uartes.edu.ec\/sitio\/en\/blog\/author\/ccortez\/"}]}},"uagb_featured_image_src":{"full":["https:\/\/www.uartes.edu.ec\/sitio\/wp-content\/uploads\/2023\/05\/01-LO-PRIMERARIO-DANZA-WEB.jpg",2000,1333,false],"thumbnail":["https:\/\/www.uartes.edu.ec\/sitio\/wp-content\/uploads\/2023\/05\/01-LO-PRIMERARIO-DANZA-WEB-150x150.jpg",150,150,true],"medium":["https:\/\/www.uartes.edu.ec\/sitio\/wp-content\/uploads\/2023\/05\/01-LO-PRIMERARIO-DANZA-WEB-300x200.jpg",300,200,true],"medium_large":["https:\/\/www.uartes.edu.ec\/sitio\/wp-content\/uploads\/2023\/05\/01-LO-PRIMERARIO-DANZA-WEB-768x512.jpg",768,512,true],"large":["https:\/\/www.uartes.edu.ec\/sitio\/wp-content\/uploads\/2023\/05\/01-LO-PRIMERARIO-DANZA-WEB-644x429.jpg",644,429,true],"1536x1536":["https:\/\/www.uartes.edu.ec\/sitio\/wp-content\/uploads\/2023\/05\/01-LO-PRIMERARIO-DANZA-WEB-1536x1024.jpg",1536,1024,true],"2048x2048":["https:\/\/www.uartes.edu.ec\/sitio\/wp-content\/uploads\/2023\/05\/01-LO-PRIMERARIO-DANZA-WEB.jpg",2000,1333,false],"trp-custom-language-flag":["https:\/\/www.uartes.edu.ec\/sitio\/wp-content\/uploads\/2023\/05\/01-LO-PRIMERARIO-DANZA-WEB.jpg",18,12,false],"htmega_size_585x295":["https:\/\/www.uartes.edu.ec\/sitio\/wp-content\/uploads\/2023\/05\/01-LO-PRIMERARIO-DANZA-WEB-585x295.jpg",585,295,true],"htmega_size_1170x536":["https:\/\/www.uartes.edu.ec\/sitio\/wp-content\/uploads\/2023\/05\/01-LO-PRIMERARIO-DANZA-WEB-1170x536.jpg",1170,536,true],"htmega_size_396x360":["https:\/\/www.uartes.edu.ec\/sitio\/wp-content\/uploads\/2023\/05\/01-LO-PRIMERARIO-DANZA-WEB-396x360.jpg",396,360,true],"gb-block-post-grid-landscape":["https:\/\/www.uartes.edu.ec\/sitio\/wp-content\/uploads\/2023\/05\/01-LO-PRIMERARIO-DANZA-WEB-600x400.jpg",600,400,true],"gb-block-post-grid-square":["https:\/\/www.uartes.edu.ec\/sitio\/wp-content\/uploads\/2023\/05\/01-LO-PRIMERARIO-DANZA-WEB-600x600.jpg",600,600,true],"university-hub-thumb":["https:\/\/www.uartes.edu.ec\/sitio\/wp-content\/uploads\/2023\/05\/01-LO-PRIMERARIO-DANZA-WEB-400x267.jpg",400,267,true],"mailpoet_newsletter_max":["https:\/\/www.uartes.edu.ec\/sitio\/wp-content\/uploads\/2023\/05\/01-LO-PRIMERARIO-DANZA-WEB.jpg",1320,880,false]},"uagb_author_info":{"display_name":"ccortez","author_link":"https:\/\/www.uartes.edu.ec\/sitio\/en\/blog\/author\/ccortez\/"},"uagb_comment_info":0,"uagb_excerpt":"En el marco del desarrollo del proyecto de investigaci\u00f3n Dislocar: Laboratorio para la creaci\u00f3n esc\u00e9nica, que promueve la participaci\u00f3n de personas con discapacidad en las artes esc\u00e9nicas, surge la obra de danza contempor\u00e1nea \u201cLo Primario\u201d. Estreno: 3 de junio, a las 18:30, en Teatro Casa Zona Escena. Participan \u00c1ngel L\u00f3pez, artista y deportista con discapacidad;&hellip;","featured_image_src":"https:\/\/www.uartes.edu.ec\/sitio\/wp-content\/uploads\/2023\/05\/01-LO-PRIMERARIO-DANZA-WEB-600x400.jpg","featured_image_src_square":"https:\/\/www.uartes.edu.ec\/sitio\/wp-content\/uploads\/2023\/05\/01-LO-PRIMERARIO-DANZA-WEB-600x600.jpg","author_info":{"display_name":"ccortez","author_link":"https:\/\/www.uartes.edu.ec\/sitio\/en\/blog\/author\/ccortez\/"},"publishpress_future_workflow_manual_trigger":{"enabledWorkflows":[]},"distributor_meta":false,"distributor_terms":false,"distributor_media":false,"distributor_original_site_name":"Universidad de las Artes","distributor_original_site_url":"https:\/\/www.uartes.edu.ec\/sitio\/en","push-errors":false,"_links":{"self":[{"href":"https:\/\/www.uartes.edu.ec\/sitio\/en\/wp-json\/wp\/v2\/posts\/42080","targetHints":{"allow":["GET"]}}],"collection":[{"href":"https:\/\/www.uartes.edu.ec\/sitio\/en\/wp-json\/wp\/v2\/posts"}],"about":[{"href":"https:\/\/www.uartes.edu.ec\/sitio\/en\/wp-json\/wp\/v2\/types\/post"}],"author":[{"embeddable":true,"href":"https:\/\/www.uartes.edu.ec\/sitio\/en\/wp-json\/wp\/v2\/users\/10"}],"replies":[{"embeddable":true,"href":"https:\/\/www.uartes.edu.ec\/sitio\/en\/wp-json\/wp\/v2\/comments?post=42080"}],"version-history":[{"count":7,"href":"https:\/\/www.uartes.edu.ec\/sitio\/en\/wp-json\/wp\/v2\/posts\/42080\/revisions"}],"predecessor-version":[{"id":42229,"href":"https:\/\/www.uartes.edu.ec\/sitio\/en\/wp-json\/wp\/v2\/posts\/42080\/revisions\/42229"}],"wp:featuredmedia":[{"embeddable":true,"href":"https:\/\/www.uartes.edu.ec\/sitio\/en\/wp-json\/wp\/v2\/media\/42081"}],"wp:attachment":[{"href":"https:\/\/www.uartes.edu.ec\/sitio\/en\/wp-json\/wp\/v2\/media?parent=42080"}],"wp:term":[{"taxonomy":"category","embeddable":true,"href":"https:\/\/www.uartes.edu.ec\/sitio\/en\/wp-json\/wp\/v2\/categories?post=42080"},{"taxonomy":"post_tag","embeddable":true,"href":"https:\/\/www.uartes.edu.ec\/sitio\/en\/wp-json\/wp\/v2\/tags?post=42080"},{"taxonomy":"infouartes","embeddable":true,"href":"https:\/\/www.uartes.edu.ec\/sitio\/en\/wp-json\/wp\/v2\/infouartes?post=42080"}],"curies":[{"name":"wp","href":"https:\/\/api.w.org\/{rel}","templated":true}]}}