{"id":4225,"date":"2019-08-22T16:32:33","date_gmt":"2019-08-22T21:32:33","guid":{"rendered":"http:\/\/www.uartes.edu.ec\/sitio\/?p=4225"},"modified":"2024-07-04T11:50:33","modified_gmt":"2024-07-04T16:50:33","slug":"cartografias-paganas-una-experiencia-inedita-en-el-pais","status":"publish","type":"post","link":"https:\/\/www.uartes.edu.ec\/sitio\/en\/blog\/2019\/08\/22\/cartografias-paganas-una-experiencia-inedita-en-el-pais\/","title":{"rendered":"\u201cCartograf\u00edas Paganas\u201d, una experiencia in\u00e9dita en el pa\u00eds"},"content":{"rendered":"<p style=\"text-align:right\"><em>La muestra permanecer\u00e1 abierta hasta el 30 de septiembre en el Museo\nAntropol\u00f3gico y de Arte Contempor\u00e1neo (MAAC), su organizador. Se puede visitar\nde martes a viernes, de 09h00 a 17h00, tambi\u00e9n los domingos. La docente UArtes\nMar\u00eda Fernanda L\u00f3pez es su curadora investigadora. <\/em><\/p>\n\n\n\n<p>Antes de \u201cCartograf\u00edas Paganas\u201d no se hab\u00eda hecho una\ncuradur\u00eda especializada en arte urbano, que sea binacional y tuviera\ncondiciones de investigaci\u00f3n tan profundas y comprometidas, las cuales tomaron\na\u00f1o y medio de resoluci\u00f3n. Lo se\u00f1ala Mar\u00eda Fernanda L\u00f3pez, docente de la Unidad\nTransversal de la Universidad de las Artes, quien junto al productor colombiano\nDavid Bar\u00f3n emprendi\u00f3 la tarea de hallar un espacio institucional, como un\nmuseo, para realizar una muestra que aglutinara las propuestas de artistas de\nambos pa\u00edses.<\/p>\n\n\n\n<p>No fue sencillo, pero lograron la meta, recalca Mar\u00eda\nFernanda L\u00f3pez. El pasado 15 de agosto se inaugur\u00f3, a las 19h00, en el Museo\nAntropol\u00f3gico y de Arte Contempor\u00e1neo (MAAC) el Encuentro Binacional de Arte\nUrbano Ecuador-Colombia, cuya muestra, \u201cCartograf\u00edas Paganas\u201d, permanecer\u00e1\nabierta hasta el pr\u00f3ximo 30 de septiembre.<\/p>\n\n\n\n<div class=\"wp-block-image\"><figure class=\"aligncenter\"><img fetchpriority=\"high\" decoding=\"async\" width=\"700\" height=\"467\" src=\"http:\/\/www.uartes.edu.ec\/sitio\/wp-content\/uploads\/2019\/08\/Carto2-David-Paucar-700x467.jpg\" alt=\"\" class=\"wp-image-4222\" srcset=\"https:\/\/www.uartes.edu.ec\/sitio\/wp-content\/uploads\/2019\/08\/Carto2-David-Paucar-700x467.jpg 700w, https:\/\/www.uartes.edu.ec\/sitio\/wp-content\/uploads\/2019\/08\/Carto2-David-Paucar-250x167.jpg 250w, https:\/\/www.uartes.edu.ec\/sitio\/wp-content\/uploads\/2019\/08\/Carto2-David-Paucar-768x512.jpg 768w, https:\/\/www.uartes.edu.ec\/sitio\/wp-content\/uploads\/2019\/08\/Carto2-David-Paucar-120x80.jpg 120w, https:\/\/www.uartes.edu.ec\/sitio\/wp-content\/uploads\/2019\/08\/Carto2-David-Paucar-272x182.jpg 272w, https:\/\/www.uartes.edu.ec\/sitio\/wp-content\/uploads\/2019\/08\/Carto2-David-Paucar.jpg 1500w\" sizes=\"(max-width: 700px) 100vw, 700px\" \/><\/figure><\/div>\n\n\n\n<p>Indica que en redes sociales se ha comentado que no es la\nprimera vez que en Guayaquil e incluso en el pa\u00eds se realiza una actividad\nsimilar. \u201cDebo aclarar que una cosa es ocupar paredes externas, parqueaderos o\npasillos y otra exponer en salas principales y entrar en t\u00e9rminos museol\u00f3gicos\ny etnomuseogr\u00e1ficos, con intervenciones in-situ, que es lo que se est\u00e1 dando en\nel MAAC\u201d.<\/p>\n\n\n\n<p>En t\u00e9rminos de curadur\u00eda, la docente UArtes, quien es\ncuradora e investigadora, comenta que era necesario visibilizar la nueva\ngeneraci\u00f3n de artistas guayaquile\u00f1os, desde el grafiti hasta el chapeteo, que\nes la caligraf\u00eda cl\u00e1sica guayaca. Entre otros, Amos del Sur, Gobernantes del\nNorte, News People y otras crews. \u201cMe hubiera encantado que entren todos, pero\nlo importante es que hayan tenido est\u00e1 incursi\u00f3n y que la gente valore de forma\ndistinta este arte de calle\u201d.<\/p>\n\n\n\n<p>En Guayaquil y el pa\u00eds hay grandes exponentes del arte\nurbano, como Carla Bresciani, Gabriel Pe\u00f1a, Luiggi Raffo,\nMonosapiens&nbsp;Crew, Andr\u00e9s Barrag\u00e1n. Han sido, seg\u00fan la docente,\ninvisibilizados por cuestiones de clase. \u201cCuando actividades como \u00b4Cartograf\u00edas\nPaganas\u00b4 se realizan en un espacio p\u00fablico, porque el museo al igual que la\nacademia son espacios p\u00fablicos, se realizan reflexiones muy profundas a todo\nnivel\u201d. <\/p>\n\n\n\n<p>En cuanto al nombre, Mar\u00eda Fernanda L\u00f3pez se\u00f1al\u00f3 que\ndecidieron llamar a la muestra \u201cCartograf\u00edas Paganas\u201d para desatanizar y\ndespaganizar las est\u00e9ticas y narrativas del arte urbano, las cuales han tenido\nresistencia en estos espacios. \u201cTiene una curadora mujer, relaciones de poder Colombia,\npresencia de mujeres en el arte de calle y de los discursos tradicionales; tuvimos,\npor ejemplo, a exponentes de Loja (Brazos de Buda), tratando el tema del mural\ncontempor\u00e1neo, reflexionando sobre lo andino y las costumbres\u201d.<\/p>\n\n\n\n<div class=\"wp-block-image\"><figure class=\"aligncenter\"><img decoding=\"async\" width=\"700\" height=\"467\" src=\"http:\/\/www.uartes.edu.ec\/sitio\/wp-content\/uploads\/2019\/08\/DSC_1092-700x467.jpg\" alt=\"\" class=\"wp-image-4220\" srcset=\"https:\/\/www.uartes.edu.ec\/sitio\/wp-content\/uploads\/2019\/08\/DSC_1092-700x467.jpg 700w, https:\/\/www.uartes.edu.ec\/sitio\/wp-content\/uploads\/2019\/08\/DSC_1092-250x167.jpg 250w, https:\/\/www.uartes.edu.ec\/sitio\/wp-content\/uploads\/2019\/08\/DSC_1092-768x512.jpg 768w, https:\/\/www.uartes.edu.ec\/sitio\/wp-content\/uploads\/2019\/08\/DSC_1092-120x80.jpg 120w, https:\/\/www.uartes.edu.ec\/sitio\/wp-content\/uploads\/2019\/08\/DSC_1092-272x182.jpg 272w, https:\/\/www.uartes.edu.ec\/sitio\/wp-content\/uploads\/2019\/08\/DSC_1092.jpg 1500w\" sizes=\"(max-width: 700px) 100vw, 700px\" \/><\/figure><\/div>\n\n\n\n<p>En el Encuentro Binacional de Arte Urbano son 26 los artistas\nque realizan intervenciones in-situ y otros 14 m\u00e1s aportan con fotos, carteles,\nfanzine y videos. Se organiz\u00f3, adem\u00e1s, lanzamientos de videos y libros,\nportafolios abiertos, visitas guiadas y talleres relacionados con arte urbano y\ngraffiti. La siguiente cita ser\u00e1 en el 2020 en Colombia. La idea es convertirlo\nen una plataforma de reflexi\u00f3n a nivel regional.<\/p>\n\n\n\n<p>El acceso a \u201cCartograf\u00edas Paganas\u201d es libre; se puede visitar\nde martes a viernes, desde las 09h00 hasta las 17h00. Los domingos hay visitas\nguiadas, a cargo de Mar\u00eda Fernanda L\u00f3pez.<\/p>","protected":false},"excerpt":{"rendered":"<p>La muestra permanecer\u00e1 abierta hasta el 30 de septiembre en el Museo Antropol\u00f3gico y de Arte Contempor\u00e1neo (MAAC), su organizador. Se puede visitar de martes a viernes, de 09h00 a 17h00, tambi\u00e9n los domingos. La docente UArtes Mar\u00eda Fernanda L\u00f3pez es su curadora investigadora. Antes de \u201cCartograf\u00edas Paganas\u201d no se hab\u00eda hecho una curadur\u00eda especializada [&hellip;]<\/p>\n","protected":false},"author":1,"featured_media":4223,"comment_status":"closed","ping_status":"closed","sticky":false,"template":"","format":"standard","meta":{"_acf_changed":false,"_uag_custom_page_level_css":"","_monsterinsights_skip_tracking":false,"_monsterinsights_sitenote_active":false,"_monsterinsights_sitenote_note":"","_monsterinsights_sitenote_category":0,"cybocfi_hide_featured_image":"","footnotes":""},"categories":[82,79],"tags":[],"infouartes":[],"class_list":["post-4225","post","type-post","status-publish","format-standard","has-post-thumbnail","hentry","category-artes","category-vinculo"],"acf":[],"yoast_head":"<!-- This site is optimized with the Yoast SEO plugin v27.4 - https:\/\/yoast.com\/product\/yoast-seo-wordpress\/ -->\n<title>Universidad de las Artes - \u201cCartograf\u00edas Paganas\u201d, una experiencia in\u00e9dita en el pa\u00eds<\/title>\n<meta name=\"description\" content=\"Universidad de las Artes - \u201cCartograf\u00edas Paganas\u201d, una experiencia in\u00e9dita en el pa\u00eds\" \/>\n<meta name=\"robots\" content=\"index, follow, max-snippet:-1, max-image-preview:large, max-video-preview:-1\" \/>\n<link rel=\"canonical\" href=\"https:\/\/www.uartes.edu.ec\/sitio\/en\/blog\/2019\/08\/22\/cartografias-paganas-una-experiencia-inedita-en-el-pais\/\" \/>\n<meta property=\"og:locale\" content=\"en_US\" \/>\n<meta property=\"og:type\" content=\"article\" \/>\n<meta property=\"og:title\" content=\"Universidad de las Artes - \u201cCartograf\u00edas Paganas\u201d, una experiencia in\u00e9dita en el pa\u00eds\" \/>\n<meta property=\"og:description\" content=\"Universidad de las Artes - \u201cCartograf\u00edas Paganas\u201d, una experiencia in\u00e9dita en el pa\u00eds\" \/>\n<meta property=\"og:url\" content=\"https:\/\/www.uartes.edu.ec\/sitio\/en\/blog\/2019\/08\/22\/cartografias-paganas-una-experiencia-inedita-en-el-pais\/\" \/>\n<meta property=\"og:site_name\" content=\"Universidad de las Artes\" \/>\n<meta property=\"article:publisher\" content=\"https:\/\/www.facebook.com\/uartesec\" \/>\n<meta property=\"article:published_time\" content=\"2019-08-22T21:32:33+00:00\" \/>\n<meta property=\"article:modified_time\" content=\"2024-07-04T16:50:33+00:00\" \/>\n<meta property=\"og:image\" content=\"https:\/\/www.uartes.edu.ec\/sitio\/wp-content\/uploads\/2019\/08\/Carto1-David-Paucar.jpg\" \/>\n\t<meta property=\"og:image:width\" content=\"1500\" \/>\n\t<meta property=\"og:image:height\" content=\"1000\" \/>\n\t<meta property=\"og:image:type\" content=\"image\/jpeg\" \/>\n<meta name=\"author\" content=\"Universidad de las Artes\" \/>\n<meta name=\"twitter:card\" content=\"summary_large_image\" \/>\n<meta name=\"twitter:creator\" content=\"@uartesec\" \/>\n<meta name=\"twitter:site\" content=\"@uartesec\" \/>\n<meta name=\"twitter:label1\" content=\"Written by\" \/>\n\t<meta name=\"twitter:data1\" content=\"Universidad de las Artes\" \/>\n\t<meta name=\"twitter:label2\" content=\"Est. reading time\" \/>\n\t<meta name=\"twitter:data2\" content=\"3 minutes\" \/>\n<script type=\"application\/ld+json\" class=\"yoast-schema-graph\">{\"@context\":\"https:\\\/\\\/schema.org\",\"@graph\":[{\"@type\":\"Article\",\"@id\":\"https:\\\/\\\/www.uartes.edu.ec\\\/sitio\\\/en\\\/blog\\\/2019\\\/08\\\/22\\\/cartografias-paganas-una-experiencia-inedita-en-el-pais\\\/#article\",\"isPartOf\":{\"@id\":\"https:\\\/\\\/www.uartes.edu.ec\\\/sitio\\\/en\\\/blog\\\/2019\\\/08\\\/22\\\/cartografias-paganas-una-experiencia-inedita-en-el-pais\\\/\"},\"author\":{\"name\":\"Universidad de las Artes\",\"@id\":\"https:\\\/\\\/www.uartes.edu.ec\\\/sitio\\\/en\\\/#\\\/schema\\\/person\\\/f33f8c1d2af0d5c80a38c8abf458184a\"},\"headline\":\"\u201cCartograf\u00edas Paganas\u201d, una experiencia in\u00e9dita en el pa\u00eds\",\"datePublished\":\"2019-08-22T21:32:33+00:00\",\"dateModified\":\"2024-07-04T16:50:33+00:00\",\"mainEntityOfPage\":{\"@id\":\"https:\\\/\\\/www.uartes.edu.ec\\\/sitio\\\/en\\\/blog\\\/2019\\\/08\\\/22\\\/cartografias-paganas-una-experiencia-inedita-en-el-pais\\\/\"},\"wordCount\":612,\"publisher\":{\"@id\":\"https:\\\/\\\/www.uartes.edu.ec\\\/sitio\\\/en\\\/#organization\"},\"image\":{\"@id\":\"https:\\\/\\\/www.uartes.edu.ec\\\/sitio\\\/en\\\/blog\\\/2019\\\/08\\\/22\\\/cartografias-paganas-una-experiencia-inedita-en-el-pais\\\/#primaryimage\"},\"thumbnailUrl\":\"https:\\\/\\\/www.uartes.edu.ec\\\/sitio\\\/wp-content\\\/uploads\\\/2019\\\/08\\\/Carto1-David-Paucar.jpg\",\"articleSection\":[\"Artes\",\"V\u00ednculo\"],\"inLanguage\":\"en-US\"},{\"@type\":[\"WebPage\",\"ItemPage\"],\"@id\":\"https:\\\/\\\/www.uartes.edu.ec\\\/sitio\\\/en\\\/blog\\\/2019\\\/08\\\/22\\\/cartografias-paganas-una-experiencia-inedita-en-el-pais\\\/\",\"url\":\"https:\\\/\\\/www.uartes.edu.ec\\\/sitio\\\/en\\\/blog\\\/2019\\\/08\\\/22\\\/cartografias-paganas-una-experiencia-inedita-en-el-pais\\\/\",\"name\":\"Universidad de las Artes - \u201cCartograf\u00edas Paganas\u201d, una experiencia in\u00e9dita en el pa\u00eds\",\"isPartOf\":{\"@id\":\"https:\\\/\\\/www.uartes.edu.ec\\\/sitio\\\/en\\\/#website\"},\"primaryImageOfPage\":{\"@id\":\"https:\\\/\\\/www.uartes.edu.ec\\\/sitio\\\/en\\\/blog\\\/2019\\\/08\\\/22\\\/cartografias-paganas-una-experiencia-inedita-en-el-pais\\\/#primaryimage\"},\"image\":{\"@id\":\"https:\\\/\\\/www.uartes.edu.ec\\\/sitio\\\/en\\\/blog\\\/2019\\\/08\\\/22\\\/cartografias-paganas-una-experiencia-inedita-en-el-pais\\\/#primaryimage\"},\"thumbnailUrl\":\"https:\\\/\\\/www.uartes.edu.ec\\\/sitio\\\/wp-content\\\/uploads\\\/2019\\\/08\\\/Carto1-David-Paucar.jpg\",\"datePublished\":\"2019-08-22T21:32:33+00:00\",\"dateModified\":\"2024-07-04T16:50:33+00:00\",\"description\":\"Universidad de las Artes - \u201cCartograf\u00edas Paganas\u201d, una experiencia in\u00e9dita en el pa\u00eds\",\"breadcrumb\":{\"@id\":\"https:\\\/\\\/www.uartes.edu.ec\\\/sitio\\\/en\\\/blog\\\/2019\\\/08\\\/22\\\/cartografias-paganas-una-experiencia-inedita-en-el-pais\\\/#breadcrumb\"},\"inLanguage\":\"en-US\",\"potentialAction\":[{\"@type\":\"ReadAction\",\"target\":[\"https:\\\/\\\/www.uartes.edu.ec\\\/sitio\\\/en\\\/blog\\\/2019\\\/08\\\/22\\\/cartografias-paganas-una-experiencia-inedita-en-el-pais\\\/\"]}]},{\"@type\":\"ImageObject\",\"inLanguage\":\"en-US\",\"@id\":\"https:\\\/\\\/www.uartes.edu.ec\\\/sitio\\\/en\\\/blog\\\/2019\\\/08\\\/22\\\/cartografias-paganas-una-experiencia-inedita-en-el-pais\\\/#primaryimage\",\"url\":\"https:\\\/\\\/www.uartes.edu.ec\\\/sitio\\\/wp-content\\\/uploads\\\/2019\\\/08\\\/Carto1-David-Paucar.jpg\",\"contentUrl\":\"https:\\\/\\\/www.uartes.edu.ec\\\/sitio\\\/wp-content\\\/uploads\\\/2019\\\/08\\\/Carto1-David-Paucar.jpg\",\"width\":1500,\"height\":1000},{\"@type\":\"BreadcrumbList\",\"@id\":\"https:\\\/\\\/www.uartes.edu.ec\\\/sitio\\\/en\\\/blog\\\/2019\\\/08\\\/22\\\/cartografias-paganas-una-experiencia-inedita-en-el-pais\\\/#breadcrumb\",\"itemListElement\":[{\"@type\":\"ListItem\",\"position\":1,\"name\":\"Inicio\",\"item\":\"https:\\\/\\\/www.uartes.edu.ec\\\/sitio\\\/\"},{\"@type\":\"ListItem\",\"position\":2,\"name\":\"\u201cCartograf\u00edas Paganas\u201d, una experiencia in\u00e9dita en el pa\u00eds\"}]},{\"@type\":\"WebSite\",\"@id\":\"https:\\\/\\\/www.uartes.edu.ec\\\/sitio\\\/en\\\/#website\",\"url\":\"https:\\\/\\\/www.uartes.edu.ec\\\/sitio\\\/en\\\/\",\"name\":\"Universidad de las Artes\",\"description\":\"Sitio oficial de la Universidad Nacional de las Artes del Ecuador\",\"publisher\":{\"@id\":\"https:\\\/\\\/www.uartes.edu.ec\\\/sitio\\\/en\\\/#organization\"},\"potentialAction\":[{\"@type\":\"SearchAction\",\"target\":{\"@type\":\"EntryPoint\",\"urlTemplate\":\"https:\\\/\\\/www.uartes.edu.ec\\\/sitio\\\/en\\\/?s={search_term_string}\"},\"query-input\":{\"@type\":\"PropertyValueSpecification\",\"valueRequired\":true,\"valueName\":\"search_term_string\"}}],\"inLanguage\":\"en-US\"},{\"@type\":\"Organization\",\"@id\":\"https:\\\/\\\/www.uartes.edu.ec\\\/sitio\\\/en\\\/#organization\",\"name\":\"Universidad de las Artes\",\"url\":\"https:\\\/\\\/www.uartes.edu.ec\\\/sitio\\\/en\\\/\",\"logo\":{\"@type\":\"ImageObject\",\"inLanguage\":\"en-US\",\"@id\":\"https:\\\/\\\/www.uartes.edu.ec\\\/sitio\\\/en\\\/#\\\/schema\\\/logo\\\/image\\\/\",\"url\":\"https:\\\/\\\/www.uartes.edu.ec\\\/sitio\\\/wp-content\\\/uploads\\\/2022\\\/07\\\/logo-ua-horizontal.png\",\"contentUrl\":\"https:\\\/\\\/www.uartes.edu.ec\\\/sitio\\\/wp-content\\\/uploads\\\/2022\\\/07\\\/logo-ua-horizontal.png\",\"width\":800,\"height\":276,\"caption\":\"Universidad de las Artes\"},\"image\":{\"@id\":\"https:\\\/\\\/www.uartes.edu.ec\\\/sitio\\\/en\\\/#\\\/schema\\\/logo\\\/image\\\/\"},\"sameAs\":[\"https:\\\/\\\/www.facebook.com\\\/uartesec\",\"https:\\\/\\\/x.com\\\/uartesec\",\"https:\\\/\\\/www.tiktok.com\\\/@uartesec\"]},{\"@type\":\"Person\",\"@id\":\"https:\\\/\\\/www.uartes.edu.ec\\\/sitio\\\/en\\\/#\\\/schema\\\/person\\\/f33f8c1d2af0d5c80a38c8abf458184a\",\"name\":\"Universidad de las Artes\",\"image\":{\"@type\":\"ImageObject\",\"inLanguage\":\"en-US\",\"@id\":\"https:\\\/\\\/secure.gravatar.com\\\/avatar\\\/52e4757902f5cfa5ac52d020e5be83cae5487519154b6c35482fe08d589f3c13?s=96&d=mm&r=g\",\"url\":\"https:\\\/\\\/secure.gravatar.com\\\/avatar\\\/52e4757902f5cfa5ac52d020e5be83cae5487519154b6c35482fe08d589f3c13?s=96&d=mm&r=g\",\"contentUrl\":\"https:\\\/\\\/secure.gravatar.com\\\/avatar\\\/52e4757902f5cfa5ac52d020e5be83cae5487519154b6c35482fe08d589f3c13?s=96&d=mm&r=g\",\"caption\":\"Universidad de las Artes\"},\"url\":\"https:\\\/\\\/www.uartes.edu.ec\\\/sitio\\\/en\\\/blog\\\/author\\\/dircomadm\\\/\"}]}<\/script>\n<!-- \/ Yoast SEO plugin. -->","yoast_head_json":{"title":"Universidad de las Artes - \u201cCartograf\u00edas Paganas\u201d, una experiencia in\u00e9dita en el pa\u00eds","description":"Universidad de las Artes - \u201cCartograf\u00edas Paganas\u201d, una experiencia in\u00e9dita en el pa\u00eds","robots":{"index":"index","follow":"follow","max-snippet":"max-snippet:-1","max-image-preview":"max-image-preview:large","max-video-preview":"max-video-preview:-1"},"canonical":"https:\/\/www.uartes.edu.ec\/sitio\/en\/blog\/2019\/08\/22\/cartografias-paganas-una-experiencia-inedita-en-el-pais\/","og_locale":"en_US","og_type":"article","og_title":"Universidad de las Artes - \u201cCartograf\u00edas Paganas\u201d, una experiencia in\u00e9dita en el pa\u00eds","og_description":"Universidad de las Artes - \u201cCartograf\u00edas Paganas\u201d, una experiencia in\u00e9dita en el pa\u00eds","og_url":"https:\/\/www.uartes.edu.ec\/sitio\/en\/blog\/2019\/08\/22\/cartografias-paganas-una-experiencia-inedita-en-el-pais\/","og_site_name":"Universidad de las Artes","article_publisher":"https:\/\/www.facebook.com\/uartesec","article_published_time":"2019-08-22T21:32:33+00:00","article_modified_time":"2024-07-04T16:50:33+00:00","og_image":[{"width":1500,"height":1000,"url":"https:\/\/www.uartes.edu.ec\/sitio\/wp-content\/uploads\/2019\/08\/Carto1-David-Paucar.jpg","type":"image\/jpeg"}],"author":"Universidad de las Artes","twitter_card":"summary_large_image","twitter_creator":"@uartesec","twitter_site":"@uartesec","twitter_misc":{"Written by":"Universidad de las Artes","Est. reading time":"3 minutes"},"schema":{"@context":"https:\/\/schema.org","@graph":[{"@type":"Article","@id":"https:\/\/www.uartes.edu.ec\/sitio\/en\/blog\/2019\/08\/22\/cartografias-paganas-una-experiencia-inedita-en-el-pais\/#article","isPartOf":{"@id":"https:\/\/www.uartes.edu.ec\/sitio\/en\/blog\/2019\/08\/22\/cartografias-paganas-una-experiencia-inedita-en-el-pais\/"},"author":{"name":"Universidad de las Artes","@id":"https:\/\/www.uartes.edu.ec\/sitio\/en\/#\/schema\/person\/f33f8c1d2af0d5c80a38c8abf458184a"},"headline":"\u201cCartograf\u00edas Paganas\u201d, una experiencia in\u00e9dita en el pa\u00eds","datePublished":"2019-08-22T21:32:33+00:00","dateModified":"2024-07-04T16:50:33+00:00","mainEntityOfPage":{"@id":"https:\/\/www.uartes.edu.ec\/sitio\/en\/blog\/2019\/08\/22\/cartografias-paganas-una-experiencia-inedita-en-el-pais\/"},"wordCount":612,"publisher":{"@id":"https:\/\/www.uartes.edu.ec\/sitio\/en\/#organization"},"image":{"@id":"https:\/\/www.uartes.edu.ec\/sitio\/en\/blog\/2019\/08\/22\/cartografias-paganas-una-experiencia-inedita-en-el-pais\/#primaryimage"},"thumbnailUrl":"https:\/\/www.uartes.edu.ec\/sitio\/wp-content\/uploads\/2019\/08\/Carto1-David-Paucar.jpg","articleSection":["Artes","V\u00ednculo"],"inLanguage":"en-US"},{"@type":["WebPage","ItemPage"],"@id":"https:\/\/www.uartes.edu.ec\/sitio\/en\/blog\/2019\/08\/22\/cartografias-paganas-una-experiencia-inedita-en-el-pais\/","url":"https:\/\/www.uartes.edu.ec\/sitio\/en\/blog\/2019\/08\/22\/cartografias-paganas-una-experiencia-inedita-en-el-pais\/","name":"Universidad de las Artes - \u201cCartograf\u00edas Paganas\u201d, una experiencia in\u00e9dita en el pa\u00eds","isPartOf":{"@id":"https:\/\/www.uartes.edu.ec\/sitio\/en\/#website"},"primaryImageOfPage":{"@id":"https:\/\/www.uartes.edu.ec\/sitio\/en\/blog\/2019\/08\/22\/cartografias-paganas-una-experiencia-inedita-en-el-pais\/#primaryimage"},"image":{"@id":"https:\/\/www.uartes.edu.ec\/sitio\/en\/blog\/2019\/08\/22\/cartografias-paganas-una-experiencia-inedita-en-el-pais\/#primaryimage"},"thumbnailUrl":"https:\/\/www.uartes.edu.ec\/sitio\/wp-content\/uploads\/2019\/08\/Carto1-David-Paucar.jpg","datePublished":"2019-08-22T21:32:33+00:00","dateModified":"2024-07-04T16:50:33+00:00","description":"Universidad de las Artes - \u201cCartograf\u00edas Paganas\u201d, una experiencia in\u00e9dita en el pa\u00eds","breadcrumb":{"@id":"https:\/\/www.uartes.edu.ec\/sitio\/en\/blog\/2019\/08\/22\/cartografias-paganas-una-experiencia-inedita-en-el-pais\/#breadcrumb"},"inLanguage":"en-US","potentialAction":[{"@type":"ReadAction","target":["https:\/\/www.uartes.edu.ec\/sitio\/en\/blog\/2019\/08\/22\/cartografias-paganas-una-experiencia-inedita-en-el-pais\/"]}]},{"@type":"ImageObject","inLanguage":"en-US","@id":"https:\/\/www.uartes.edu.ec\/sitio\/en\/blog\/2019\/08\/22\/cartografias-paganas-una-experiencia-inedita-en-el-pais\/#primaryimage","url":"https:\/\/www.uartes.edu.ec\/sitio\/wp-content\/uploads\/2019\/08\/Carto1-David-Paucar.jpg","contentUrl":"https:\/\/www.uartes.edu.ec\/sitio\/wp-content\/uploads\/2019\/08\/Carto1-David-Paucar.jpg","width":1500,"height":1000},{"@type":"BreadcrumbList","@id":"https:\/\/www.uartes.edu.ec\/sitio\/en\/blog\/2019\/08\/22\/cartografias-paganas-una-experiencia-inedita-en-el-pais\/#breadcrumb","itemListElement":[{"@type":"ListItem","position":1,"name":"Inicio","item":"https:\/\/www.uartes.edu.ec\/sitio\/"},{"@type":"ListItem","position":2,"name":"\u201cCartograf\u00edas Paganas\u201d, una experiencia in\u00e9dita en el pa\u00eds"}]},{"@type":"WebSite","@id":"https:\/\/www.uartes.edu.ec\/sitio\/en\/#website","url":"https:\/\/www.uartes.edu.ec\/sitio\/en\/","name":"Universidad de las Artes","description":"Sitio oficial de la Universidad Nacional de las Artes del Ecuador","publisher":{"@id":"https:\/\/www.uartes.edu.ec\/sitio\/en\/#organization"},"potentialAction":[{"@type":"SearchAction","target":{"@type":"EntryPoint","urlTemplate":"https:\/\/www.uartes.edu.ec\/sitio\/en\/?s={search_term_string}"},"query-input":{"@type":"PropertyValueSpecification","valueRequired":true,"valueName":"search_term_string"}}],"inLanguage":"en-US"},{"@type":"Organization","@id":"https:\/\/www.uartes.edu.ec\/sitio\/en\/#organization","name":"Universidad de las Artes","url":"https:\/\/www.uartes.edu.ec\/sitio\/en\/","logo":{"@type":"ImageObject","inLanguage":"en-US","@id":"https:\/\/www.uartes.edu.ec\/sitio\/en\/#\/schema\/logo\/image\/","url":"https:\/\/www.uartes.edu.ec\/sitio\/wp-content\/uploads\/2022\/07\/logo-ua-horizontal.png","contentUrl":"https:\/\/www.uartes.edu.ec\/sitio\/wp-content\/uploads\/2022\/07\/logo-ua-horizontal.png","width":800,"height":276,"caption":"Universidad de las Artes"},"image":{"@id":"https:\/\/www.uartes.edu.ec\/sitio\/en\/#\/schema\/logo\/image\/"},"sameAs":["https:\/\/www.facebook.com\/uartesec","https:\/\/x.com\/uartesec","https:\/\/www.tiktok.com\/@uartesec"]},{"@type":"Person","@id":"https:\/\/www.uartes.edu.ec\/sitio\/en\/#\/schema\/person\/f33f8c1d2af0d5c80a38c8abf458184a","name":"Universidad de las Artes","image":{"@type":"ImageObject","inLanguage":"en-US","@id":"https:\/\/secure.gravatar.com\/avatar\/52e4757902f5cfa5ac52d020e5be83cae5487519154b6c35482fe08d589f3c13?s=96&d=mm&r=g","url":"https:\/\/secure.gravatar.com\/avatar\/52e4757902f5cfa5ac52d020e5be83cae5487519154b6c35482fe08d589f3c13?s=96&d=mm&r=g","contentUrl":"https:\/\/secure.gravatar.com\/avatar\/52e4757902f5cfa5ac52d020e5be83cae5487519154b6c35482fe08d589f3c13?s=96&d=mm&r=g","caption":"Universidad de las Artes"},"url":"https:\/\/www.uartes.edu.ec\/sitio\/en\/blog\/author\/dircomadm\/"}]}},"uagb_featured_image_src":{"full":["https:\/\/www.uartes.edu.ec\/sitio\/wp-content\/uploads\/2019\/08\/Carto1-David-Paucar.jpg",1500,1000,false],"thumbnail":["https:\/\/www.uartes.edu.ec\/sitio\/wp-content\/uploads\/2019\/08\/Carto1-David-Paucar-150x150.jpg",150,150,true],"medium":["https:\/\/www.uartes.edu.ec\/sitio\/wp-content\/uploads\/2019\/08\/Carto1-David-Paucar-250x167.jpg",250,167,true],"medium_large":["https:\/\/www.uartes.edu.ec\/sitio\/wp-content\/uploads\/2019\/08\/Carto1-David-Paucar-768x512.jpg",768,512,true],"large":["https:\/\/www.uartes.edu.ec\/sitio\/wp-content\/uploads\/2019\/08\/Carto1-David-Paucar-700x467.jpg",644,430,true],"1536x1536":["https:\/\/www.uartes.edu.ec\/sitio\/wp-content\/uploads\/2019\/08\/Carto1-David-Paucar.jpg",1500,1000,false],"2048x2048":["https:\/\/www.uartes.edu.ec\/sitio\/wp-content\/uploads\/2019\/08\/Carto1-David-Paucar.jpg",1500,1000,false],"trp-custom-language-flag":["https:\/\/www.uartes.edu.ec\/sitio\/wp-content\/uploads\/2019\/08\/Carto1-David-Paucar.jpg",18,12,false],"htmega_size_585x295":["https:\/\/www.uartes.edu.ec\/sitio\/wp-content\/uploads\/2019\/08\/Carto1-David-Paucar.jpg",443,295,false],"htmega_size_1170x536":["https:\/\/www.uartes.edu.ec\/sitio\/wp-content\/uploads\/2019\/08\/Carto1-David-Paucar.jpg",804,536,false],"htmega_size_396x360":["https:\/\/www.uartes.edu.ec\/sitio\/wp-content\/uploads\/2019\/08\/Carto1-David-Paucar.jpg",396,264,false],"gb-block-post-grid-landscape":["https:\/\/www.uartes.edu.ec\/sitio\/wp-content\/uploads\/2019\/08\/Carto1-David-Paucar.jpg",600,400,false],"gb-block-post-grid-square":["https:\/\/www.uartes.edu.ec\/sitio\/wp-content\/uploads\/2019\/08\/Carto1-David-Paucar.jpg",600,400,false],"university-hub-thumb":["https:\/\/www.uartes.edu.ec\/sitio\/wp-content\/uploads\/2019\/08\/Carto1-David-Paucar.jpg",400,267,false]},"uagb_author_info":{"display_name":"Universidad de las Artes","author_link":"https:\/\/www.uartes.edu.ec\/sitio\/en\/blog\/author\/dircomadm\/"},"uagb_comment_info":0,"uagb_excerpt":"La muestra permanecer\u00e1 abierta hasta el 30 de septiembre en el Museo Antropol\u00f3gico y de Arte Contempor\u00e1neo (MAAC), su organizador. Se puede visitar de martes a viernes, de 09h00 a 17h00, tambi\u00e9n los domingos. La docente UArtes Mar\u00eda Fernanda L\u00f3pez es su curadora investigadora. Antes de \u201cCartograf\u00edas Paganas\u201d no se hab\u00eda hecho una curadur\u00eda especializada&hellip;","featured_image_src":"https:\/\/www.uartes.edu.ec\/sitio\/wp-content\/uploads\/2019\/08\/Carto1-David-Paucar.jpg","featured_image_src_square":"https:\/\/www.uartes.edu.ec\/sitio\/wp-content\/uploads\/2019\/08\/Carto1-David-Paucar.jpg","author_info":{"display_name":"Universidad de las Artes","author_link":"https:\/\/www.uartes.edu.ec\/sitio\/en\/blog\/author\/dircomadm\/"},"publishpress_future_workflow_manual_trigger":{"enabledWorkflows":[]},"distributor_meta":false,"distributor_terms":false,"distributor_media":false,"distributor_original_site_name":"Universidad de las Artes","distributor_original_site_url":"https:\/\/www.uartes.edu.ec\/sitio\/en","push-errors":false,"_links":{"self":[{"href":"https:\/\/www.uartes.edu.ec\/sitio\/en\/wp-json\/wp\/v2\/posts\/4225","targetHints":{"allow":["GET"]}}],"collection":[{"href":"https:\/\/www.uartes.edu.ec\/sitio\/en\/wp-json\/wp\/v2\/posts"}],"about":[{"href":"https:\/\/www.uartes.edu.ec\/sitio\/en\/wp-json\/wp\/v2\/types\/post"}],"author":[{"embeddable":true,"href":"https:\/\/www.uartes.edu.ec\/sitio\/en\/wp-json\/wp\/v2\/users\/1"}],"replies":[{"embeddable":true,"href":"https:\/\/www.uartes.edu.ec\/sitio\/en\/wp-json\/wp\/v2\/comments?post=4225"}],"version-history":[{"count":2,"href":"https:\/\/www.uartes.edu.ec\/sitio\/en\/wp-json\/wp\/v2\/posts\/4225\/revisions"}],"predecessor-version":[{"id":57762,"href":"https:\/\/www.uartes.edu.ec\/sitio\/en\/wp-json\/wp\/v2\/posts\/4225\/revisions\/57762"}],"wp:featuredmedia":[{"embeddable":true,"href":"https:\/\/www.uartes.edu.ec\/sitio\/en\/wp-json\/wp\/v2\/media\/4223"}],"wp:attachment":[{"href":"https:\/\/www.uartes.edu.ec\/sitio\/en\/wp-json\/wp\/v2\/media?parent=4225"}],"wp:term":[{"taxonomy":"category","embeddable":true,"href":"https:\/\/www.uartes.edu.ec\/sitio\/en\/wp-json\/wp\/v2\/categories?post=4225"},{"taxonomy":"post_tag","embeddable":true,"href":"https:\/\/www.uartes.edu.ec\/sitio\/en\/wp-json\/wp\/v2\/tags?post=4225"},{"taxonomy":"infouartes","embeddable":true,"href":"https:\/\/www.uartes.edu.ec\/sitio\/en\/wp-json\/wp\/v2\/infouartes?post=4225"}],"curies":[{"name":"wp","href":"https:\/\/api.w.org\/{rel}","templated":true}]}}