{"id":42315,"date":"2023-05-16T17:03:11","date_gmt":"2023-05-16T22:03:11","guid":{"rendered":"https:\/\/www.uartes.edu.ec\/sitio\/?p=42315"},"modified":"2024-07-04T11:21:11","modified_gmt":"2024-07-04T16:21:11","slug":"un-pais-obra-de-teatro-terapeutico-que-psicoarte-estreno-con-apoyo-de-la-uartes","status":"publish","type":"post","link":"https:\/\/www.uartes.edu.ec\/sitio\/en\/blog\/2023\/05\/16\/un-pais-obra-de-teatro-terapeutico-que-psicoarte-estreno-con-apoyo-de-la-uartes\/","title":{"rendered":"\u201cUn pa\u00eds\u201d, obra de teatro terap\u00e9utico que Psicoarte estren\u00f3 con apoyo de la UArtes en v\u00ednculo con la comunidad"},"content":{"rendered":"<p>Ocho adolescentes de diferentes comunidades y organizaciones de Guayaquil integraron el elenco de \u201cUn Pa\u00eds\u201d, una obra que la Fundaci\u00f3n de Inclusi\u00f3n Social Psicoarte present\u00f3 este 12 de mayo en la Plaza P\u00fablica del MZ14 Centro de Producci\u00f3n e Innovaci\u00f3n UArtes.<\/p>\n\n\n\n<p>El texto de la pieza result\u00f3 de la creaci\u00f3n colectiva de sus int\u00e9rpretes, part\u00edcipes de un programa que cuenta con el apoyo de la Universidad de las Artes, en su vinculaci\u00f3n con la comunidad, y Plan Internacional.<\/p>\n\n\n\n<p>Con una duraci\u00f3n de 35 minutos, los adolescentes reflejaron en \u201cUn pa\u00eds\u201d sus miedos, sentimientos y pensamientos; es lo que quisieron comunicar, se\u00f1al\u00f3 a InfoUArtes Pamela Pincay, de Psicoarte, la cual ha venido impulsando y desarrollando talleres y actividades sociales con adolescentes de 12 a 17 a\u00f1os, enmarcados en el concepto de teatro terap\u00e9utico.<\/p>\n\n\n<div class=\"wp-block-image\">\n<figure class=\"aligncenter size-large\"><img fetchpriority=\"high\" decoding=\"async\" width=\"644\" height=\"429\" src=\"https:\/\/www.uartes.edu.ec\/sitio\/wp-content\/uploads\/2023\/05\/02-PSICOARTE-UN-PAIS-WEB-644x429.jpg\" alt=\"\" class=\"wp-image-42317\" srcset=\"https:\/\/www.uartes.edu.ec\/sitio\/wp-content\/uploads\/2023\/05\/02-PSICOARTE-UN-PAIS-WEB-644x429.jpg 644w, https:\/\/www.uartes.edu.ec\/sitio\/wp-content\/uploads\/2023\/05\/02-PSICOARTE-UN-PAIS-WEB-768x511.jpg 768w, https:\/\/www.uartes.edu.ec\/sitio\/wp-content\/uploads\/2023\/05\/02-PSICOARTE-UN-PAIS-WEB.jpg 2000w, https:\/\/www.uartes.edu.ec\/sitio\/wp-content\/uploads\/2023\/05\/02-PSICOARTE-UN-PAIS-WEB-600x399.jpg 600w, https:\/\/www.uartes.edu.ec\/sitio\/wp-content\/uploads\/2023\/05\/02-PSICOARTE-UN-PAIS-WEB-272x182.jpg 272w\" sizes=\"(max-width: 644px) 100vw, 644px\" \/><\/figure>\n<\/div>\n\n\n<p>Durante el proceso de la obra, agreg\u00f3 Pincay, aparecieron temas importantes como la violencia que se sufre en las calles, en el hogar; \u201ccomo siempre estamos en b\u00fasqueda de un pa\u00eds diferente, es por esto su nombre\u201d.<\/p>\n\n\n\n<p>En su contenido, \u201cUn pa\u00eds\u201d da cuenta de un grupo de viajeros que se encuentra en un lugar sin tiempo y espacio, siendo la espera su mejor aliada, pero al darse cuenta de que provienen de lugares parecidos deciden reorganizar sus pensamientos y hacer algo para cambiar su historia.<\/p>\n\n\n\n<p>Dentro de la obra se visualiza a dos viajeras que durante sus conversaciones en b\u00fasqueda de un pa\u00eds diferente van tomando conciencia de que sus pa\u00edses son similares. \u201cSe habla de temas como la din\u00e1mica familiar,&nbsp; la violencia en las calles, la violencia que como adolescentes han sufrido, culminando con un llamado a la paz\u201d, expres\u00f3 Pincay.<\/p>\n\n\n<div class=\"wp-block-image\">\n<figure class=\"aligncenter size-large\"><img decoding=\"async\" width=\"644\" height=\"429\" src=\"https:\/\/www.uartes.edu.ec\/sitio\/wp-content\/uploads\/2023\/05\/04-PSICOARTE-UN-PAIS-WEB-644x429.jpg\" alt=\"\" class=\"wp-image-42318\" srcset=\"https:\/\/www.uartes.edu.ec\/sitio\/wp-content\/uploads\/2023\/05\/04-PSICOARTE-UN-PAIS-WEB-644x429.jpg 644w, https:\/\/www.uartes.edu.ec\/sitio\/wp-content\/uploads\/2023\/05\/04-PSICOARTE-UN-PAIS-WEB-768x511.jpg 768w, https:\/\/www.uartes.edu.ec\/sitio\/wp-content\/uploads\/2023\/05\/04-PSICOARTE-UN-PAIS-WEB.jpg 2000w, https:\/\/www.uartes.edu.ec\/sitio\/wp-content\/uploads\/2023\/05\/04-PSICOARTE-UN-PAIS-WEB-600x399.jpg 600w, https:\/\/www.uartes.edu.ec\/sitio\/wp-content\/uploads\/2023\/05\/04-PSICOARTE-UN-PAIS-WEB-272x182.jpg 272w\" sizes=\"(max-width: 644px) 100vw, 644px\" \/><\/figure>\n<\/div>\n\n<div class=\"wp-block-image\">\n<figure class=\"aligncenter size-large\"><img decoding=\"async\" width=\"644\" height=\"429\" src=\"https:\/\/www.uartes.edu.ec\/sitio\/wp-content\/uploads\/2023\/05\/03-PSICOARTE-UN-PAIS-WEB-644x429.jpg\" alt=\"\" class=\"wp-image-42319\" srcset=\"https:\/\/www.uartes.edu.ec\/sitio\/wp-content\/uploads\/2023\/05\/03-PSICOARTE-UN-PAIS-WEB-644x429.jpg 644w, https:\/\/www.uartes.edu.ec\/sitio\/wp-content\/uploads\/2023\/05\/03-PSICOARTE-UN-PAIS-WEB-768x511.jpg 768w, https:\/\/www.uartes.edu.ec\/sitio\/wp-content\/uploads\/2023\/05\/03-PSICOARTE-UN-PAIS-WEB.jpg 2000w, https:\/\/www.uartes.edu.ec\/sitio\/wp-content\/uploads\/2023\/05\/03-PSICOARTE-UN-PAIS-WEB-600x399.jpg 600w, https:\/\/www.uartes.edu.ec\/sitio\/wp-content\/uploads\/2023\/05\/03-PSICOARTE-UN-PAIS-WEB-272x182.jpg 272w\" sizes=\"(max-width: 644px) 100vw, 644px\" \/><\/figure>\n<\/div>\n\n\n<p>En la obra, finalmente, las viajeras deciden tomar acciones ante la situaci\u00f3n en la que viven, llegando a la conclusi\u00f3n de que no pueden cambiar al pa\u00eds en el que viven, pero s\u00ed pueden cambiar su alrededor. \u201cUn pa\u00eds\u201d busca crear conciencia de lo que vivimos y de que, a pesar de que el ser humano puede sentirme peque\u00f1o ante las eventualidades que pasen fuera, siempre se puede hacer algo.<\/p>\n\n\n\n<p>Pincay reiter\u00f3 que la obra se trabaj\u00f3 mediante el teatro terap\u00e9utico, abordando temas importantes, intervenidos con cada adolescente. Al inicio se aplicaron test y entrevistas para conocer a cada int\u00e9rprete. Hubo intervenciones grupales e individuales.<\/p>\n\n\n\n<p>La Fundaci\u00f3n de Inclusi\u00f3n Social Psicoarte tiene como misi\u00f3n promover la importancia del arte en la psiquis del ser humano y la efectividad de su utilizaci\u00f3n en un plano terap\u00e9utico mediante las diferentes expresiones art\u00edsticas, y es su visi\u00f3n ser reconocida a nivel nacional por la implementaci\u00f3n de actividades art\u00edsticas como medio transformados del individuo.<\/p>\n\n\n\n<p>Fotos: Ronny Ramos, de la Direcci\u00f3n de Vinculaci\u00f3n con la Comunidad UArtes.<\/p>\n\n\n<div class=\"wp-block-image\">\n<figure class=\"aligncenter size-large\"><img loading=\"lazy\" decoding=\"async\" width=\"644\" height=\"429\" src=\"https:\/\/www.uartes.edu.ec\/sitio\/wp-content\/uploads\/2023\/05\/05-PSICOARTE-UN-PAIS-WEB-644x429.jpg\" alt=\"\" class=\"wp-image-42320\" srcset=\"https:\/\/www.uartes.edu.ec\/sitio\/wp-content\/uploads\/2023\/05\/05-PSICOARTE-UN-PAIS-WEB-644x429.jpg 644w, https:\/\/www.uartes.edu.ec\/sitio\/wp-content\/uploads\/2023\/05\/05-PSICOARTE-UN-PAIS-WEB-768x511.jpg 768w, https:\/\/www.uartes.edu.ec\/sitio\/wp-content\/uploads\/2023\/05\/05-PSICOARTE-UN-PAIS-WEB.jpg 2000w, https:\/\/www.uartes.edu.ec\/sitio\/wp-content\/uploads\/2023\/05\/05-PSICOARTE-UN-PAIS-WEB-600x399.jpg 600w, https:\/\/www.uartes.edu.ec\/sitio\/wp-content\/uploads\/2023\/05\/05-PSICOARTE-UN-PAIS-WEB-272x182.jpg 272w\" sizes=\"(max-width: 644px) 100vw, 644px\" \/><\/figure>\n<\/div>","protected":false},"excerpt":{"rendered":"<p>Ocho adolescentes de diferentes comunidades y organizaciones de Guayaquil integraron el elenco de \u201cUn Pa\u00eds\u201d, una obra que la Fundaci\u00f3n de Inclusi\u00f3n Social Psicoarte present\u00f3 este 12 de mayo en la Plaza P\u00fablica del MZ14. El texto de la pieza result\u00f3 de la creaci\u00f3n colectiva de sus int\u00e9rpretes, part\u00edcipes de un programa que cuenta con el apoyo de la UArtes, en su vinculaci\u00f3n con la comunidad, y Plan Internacional.<\/p>","protected":false},"author":10,"featured_media":42316,"comment_status":"open","ping_status":"open","sticky":false,"template":"","format":"standard","meta":{"_acf_changed":false,"_uag_custom_page_level_css":"","_monsterinsights_skip_tracking":false,"_monsterinsights_sitenote_active":false,"_monsterinsights_sitenote_note":"","_monsterinsights_sitenote_category":0,"cybocfi_hide_featured_image":"","footnotes":""},"categories":[82,83,79],"tags":[986],"infouartes":[],"class_list":["post-42315","post","type-post","status-publish","format-standard","has-post-thumbnail","hentry","category-artes","category-sedes","category-vinculo","tag-obra-de-teatro"],"acf":[],"yoast_head":"<!-- This site is optimized with the Yoast SEO plugin v27.4 - https:\/\/yoast.com\/product\/yoast-seo-wordpress\/ -->\n<title>Universidad de las Artes - \u201cUn pa\u00eds\u201d, obra de teatro terap\u00e9utico que Psicoarte estren\u00f3 con apoyo de la UArtes en v\u00ednculo con la comunidad<\/title>\n<meta name=\"description\" content=\"Universidad de las Artes - \u201cUn pa\u00eds\u201d, obra de teatro terap\u00e9utico que Psicoarte estren\u00f3 con apoyo de la UArtes en v\u00ednculo con la comunidad\" \/>\n<meta name=\"robots\" content=\"index, follow, max-snippet:-1, max-image-preview:large, max-video-preview:-1\" \/>\n<link rel=\"canonical\" href=\"https:\/\/www.uartes.edu.ec\/sitio\/en\/blog\/2023\/05\/16\/un-pais-obra-de-teatro-terapeutico-que-psicoarte-estreno-con-apoyo-de-la-uartes\/\" \/>\n<meta property=\"og:locale\" content=\"en_US\" \/>\n<meta property=\"og:type\" content=\"article\" \/>\n<meta property=\"og:title\" content=\"Universidad de las Artes - \u201cUn pa\u00eds\u201d, obra de teatro terap\u00e9utico que Psicoarte estren\u00f3 con apoyo de la UArtes en v\u00ednculo con la comunidad\" \/>\n<meta property=\"og:description\" content=\"Universidad de las Artes - \u201cUn pa\u00eds\u201d, obra de teatro terap\u00e9utico que Psicoarte estren\u00f3 con apoyo de la UArtes en v\u00ednculo con la comunidad\" \/>\n<meta property=\"og:url\" content=\"https:\/\/www.uartes.edu.ec\/sitio\/en\/blog\/2023\/05\/16\/un-pais-obra-de-teatro-terapeutico-que-psicoarte-estreno-con-apoyo-de-la-uartes\/\" \/>\n<meta property=\"og:site_name\" content=\"Universidad de las Artes\" \/>\n<meta property=\"article:publisher\" content=\"https:\/\/www.facebook.com\/uartesec\" \/>\n<meta property=\"article:published_time\" content=\"2023-05-16T22:03:11+00:00\" \/>\n<meta property=\"article:modified_time\" content=\"2024-07-04T16:21:11+00:00\" \/>\n<meta property=\"og:image\" content=\"https:\/\/www.uartes.edu.ec\/sitio\/wp-content\/uploads\/2023\/05\/01-PSICOARTE-UN-PAIS-WEB.jpg\" \/>\n\t<meta property=\"og:image:width\" content=\"2000\" \/>\n\t<meta property=\"og:image:height\" content=\"1333\" \/>\n\t<meta property=\"og:image:type\" content=\"image\/jpeg\" \/>\n<meta name=\"author\" content=\"ccortez\" \/>\n<meta name=\"twitter:card\" content=\"summary_large_image\" \/>\n<meta name=\"twitter:creator\" content=\"@uartesec\" \/>\n<meta name=\"twitter:site\" content=\"@uartesec\" \/>\n<meta name=\"twitter:label1\" content=\"Written by\" \/>\n\t<meta name=\"twitter:data1\" content=\"ccortez\" \/>\n\t<meta name=\"twitter:label2\" content=\"Est. reading time\" \/>\n\t<meta name=\"twitter:data2\" content=\"3 minutes\" \/>\n<script type=\"application\/ld+json\" class=\"yoast-schema-graph\">{\"@context\":\"https:\\\/\\\/schema.org\",\"@graph\":[{\"@type\":\"Article\",\"@id\":\"https:\\\/\\\/www.uartes.edu.ec\\\/sitio\\\/en\\\/blog\\\/2023\\\/05\\\/16\\\/un-pais-obra-de-teatro-terapeutico-que-psicoarte-estreno-con-apoyo-de-la-uartes\\\/#article\",\"isPartOf\":{\"@id\":\"https:\\\/\\\/www.uartes.edu.ec\\\/sitio\\\/en\\\/blog\\\/2023\\\/05\\\/16\\\/un-pais-obra-de-teatro-terapeutico-que-psicoarte-estreno-con-apoyo-de-la-uartes\\\/\"},\"author\":{\"name\":\"ccortez\",\"@id\":\"https:\\\/\\\/www.uartes.edu.ec\\\/sitio\\\/en\\\/#\\\/schema\\\/person\\\/efa1b8275797664fd7f13a79ccc0b1f4\"},\"headline\":\"\u201cUn pa\u00eds\u201d, obra de teatro terap\u00e9utico que Psicoarte estren\u00f3 con apoyo de la UArtes en v\u00ednculo con la comunidad\",\"datePublished\":\"2023-05-16T22:03:11+00:00\",\"dateModified\":\"2024-07-04T16:21:11+00:00\",\"mainEntityOfPage\":{\"@id\":\"https:\\\/\\\/www.uartes.edu.ec\\\/sitio\\\/en\\\/blog\\\/2023\\\/05\\\/16\\\/un-pais-obra-de-teatro-terapeutico-que-psicoarte-estreno-con-apoyo-de-la-uartes\\\/\"},\"wordCount\":506,\"commentCount\":0,\"publisher\":{\"@id\":\"https:\\\/\\\/www.uartes.edu.ec\\\/sitio\\\/en\\\/#organization\"},\"image\":{\"@id\":\"https:\\\/\\\/www.uartes.edu.ec\\\/sitio\\\/en\\\/blog\\\/2023\\\/05\\\/16\\\/un-pais-obra-de-teatro-terapeutico-que-psicoarte-estreno-con-apoyo-de-la-uartes\\\/#primaryimage\"},\"thumbnailUrl\":\"https:\\\/\\\/www.uartes.edu.ec\\\/sitio\\\/wp-content\\\/uploads\\\/2023\\\/05\\\/01-PSICOARTE-UN-PAIS-WEB.jpg\",\"keywords\":[\"obra de teatro\"],\"articleSection\":[\"Artes\",\"Sedes\",\"V\u00ednculo\"],\"inLanguage\":\"en-US\",\"potentialAction\":[{\"@type\":\"CommentAction\",\"name\":\"Comment\",\"target\":[\"https:\\\/\\\/www.uartes.edu.ec\\\/sitio\\\/en\\\/blog\\\/2023\\\/05\\\/16\\\/un-pais-obra-de-teatro-terapeutico-que-psicoarte-estreno-con-apoyo-de-la-uartes\\\/#respond\"]}]},{\"@type\":[\"WebPage\",\"ItemPage\"],\"@id\":\"https:\\\/\\\/www.uartes.edu.ec\\\/sitio\\\/en\\\/blog\\\/2023\\\/05\\\/16\\\/un-pais-obra-de-teatro-terapeutico-que-psicoarte-estreno-con-apoyo-de-la-uartes\\\/\",\"url\":\"https:\\\/\\\/www.uartes.edu.ec\\\/sitio\\\/en\\\/blog\\\/2023\\\/05\\\/16\\\/un-pais-obra-de-teatro-terapeutico-que-psicoarte-estreno-con-apoyo-de-la-uartes\\\/\",\"name\":\"Universidad de las Artes - \u201cUn pa\u00eds\u201d, obra de teatro terap\u00e9utico que Psicoarte estren\u00f3 con apoyo de la UArtes en v\u00ednculo con la comunidad\",\"isPartOf\":{\"@id\":\"https:\\\/\\\/www.uartes.edu.ec\\\/sitio\\\/en\\\/#website\"},\"primaryImageOfPage\":{\"@id\":\"https:\\\/\\\/www.uartes.edu.ec\\\/sitio\\\/en\\\/blog\\\/2023\\\/05\\\/16\\\/un-pais-obra-de-teatro-terapeutico-que-psicoarte-estreno-con-apoyo-de-la-uartes\\\/#primaryimage\"},\"image\":{\"@id\":\"https:\\\/\\\/www.uartes.edu.ec\\\/sitio\\\/en\\\/blog\\\/2023\\\/05\\\/16\\\/un-pais-obra-de-teatro-terapeutico-que-psicoarte-estreno-con-apoyo-de-la-uartes\\\/#primaryimage\"},\"thumbnailUrl\":\"https:\\\/\\\/www.uartes.edu.ec\\\/sitio\\\/wp-content\\\/uploads\\\/2023\\\/05\\\/01-PSICOARTE-UN-PAIS-WEB.jpg\",\"datePublished\":\"2023-05-16T22:03:11+00:00\",\"dateModified\":\"2024-07-04T16:21:11+00:00\",\"description\":\"Universidad de las Artes - \u201cUn pa\u00eds\u201d, obra de teatro terap\u00e9utico que Psicoarte estren\u00f3 con apoyo de la UArtes en v\u00ednculo con la comunidad\",\"breadcrumb\":{\"@id\":\"https:\\\/\\\/www.uartes.edu.ec\\\/sitio\\\/en\\\/blog\\\/2023\\\/05\\\/16\\\/un-pais-obra-de-teatro-terapeutico-que-psicoarte-estreno-con-apoyo-de-la-uartes\\\/#breadcrumb\"},\"inLanguage\":\"en-US\",\"potentialAction\":[{\"@type\":\"ReadAction\",\"target\":[\"https:\\\/\\\/www.uartes.edu.ec\\\/sitio\\\/en\\\/blog\\\/2023\\\/05\\\/16\\\/un-pais-obra-de-teatro-terapeutico-que-psicoarte-estreno-con-apoyo-de-la-uartes\\\/\"]}]},{\"@type\":\"ImageObject\",\"inLanguage\":\"en-US\",\"@id\":\"https:\\\/\\\/www.uartes.edu.ec\\\/sitio\\\/en\\\/blog\\\/2023\\\/05\\\/16\\\/un-pais-obra-de-teatro-terapeutico-que-psicoarte-estreno-con-apoyo-de-la-uartes\\\/#primaryimage\",\"url\":\"https:\\\/\\\/www.uartes.edu.ec\\\/sitio\\\/wp-content\\\/uploads\\\/2023\\\/05\\\/01-PSICOARTE-UN-PAIS-WEB.jpg\",\"contentUrl\":\"https:\\\/\\\/www.uartes.edu.ec\\\/sitio\\\/wp-content\\\/uploads\\\/2023\\\/05\\\/01-PSICOARTE-UN-PAIS-WEB.jpg\",\"width\":2000,\"height\":1333},{\"@type\":\"BreadcrumbList\",\"@id\":\"https:\\\/\\\/www.uartes.edu.ec\\\/sitio\\\/en\\\/blog\\\/2023\\\/05\\\/16\\\/un-pais-obra-de-teatro-terapeutico-que-psicoarte-estreno-con-apoyo-de-la-uartes\\\/#breadcrumb\",\"itemListElement\":[{\"@type\":\"ListItem\",\"position\":1,\"name\":\"Inicio\",\"item\":\"https:\\\/\\\/www.uartes.edu.ec\\\/sitio\\\/\"},{\"@type\":\"ListItem\",\"position\":2,\"name\":\"\u201cUn pa\u00eds\u201d, obra de teatro terap\u00e9utico que Psicoarte estren\u00f3 con apoyo de la UArtes en v\u00ednculo con la comunidad\"}]},{\"@type\":\"WebSite\",\"@id\":\"https:\\\/\\\/www.uartes.edu.ec\\\/sitio\\\/en\\\/#website\",\"url\":\"https:\\\/\\\/www.uartes.edu.ec\\\/sitio\\\/en\\\/\",\"name\":\"Universidad de las Artes\",\"description\":\"Sitio oficial de la Universidad Nacional de las Artes del Ecuador\",\"publisher\":{\"@id\":\"https:\\\/\\\/www.uartes.edu.ec\\\/sitio\\\/en\\\/#organization\"},\"potentialAction\":[{\"@type\":\"SearchAction\",\"target\":{\"@type\":\"EntryPoint\",\"urlTemplate\":\"https:\\\/\\\/www.uartes.edu.ec\\\/sitio\\\/en\\\/?s={search_term_string}\"},\"query-input\":{\"@type\":\"PropertyValueSpecification\",\"valueRequired\":true,\"valueName\":\"search_term_string\"}}],\"inLanguage\":\"en-US\"},{\"@type\":\"Organization\",\"@id\":\"https:\\\/\\\/www.uartes.edu.ec\\\/sitio\\\/en\\\/#organization\",\"name\":\"Universidad de las Artes\",\"url\":\"https:\\\/\\\/www.uartes.edu.ec\\\/sitio\\\/en\\\/\",\"logo\":{\"@type\":\"ImageObject\",\"inLanguage\":\"en-US\",\"@id\":\"https:\\\/\\\/www.uartes.edu.ec\\\/sitio\\\/en\\\/#\\\/schema\\\/logo\\\/image\\\/\",\"url\":\"https:\\\/\\\/www.uartes.edu.ec\\\/sitio\\\/wp-content\\\/uploads\\\/2022\\\/07\\\/logo-ua-horizontal.png\",\"contentUrl\":\"https:\\\/\\\/www.uartes.edu.ec\\\/sitio\\\/wp-content\\\/uploads\\\/2022\\\/07\\\/logo-ua-horizontal.png\",\"width\":800,\"height\":276,\"caption\":\"Universidad de las Artes\"},\"image\":{\"@id\":\"https:\\\/\\\/www.uartes.edu.ec\\\/sitio\\\/en\\\/#\\\/schema\\\/logo\\\/image\\\/\"},\"sameAs\":[\"https:\\\/\\\/www.facebook.com\\\/uartesec\",\"https:\\\/\\\/x.com\\\/uartesec\",\"https:\\\/\\\/www.tiktok.com\\\/@uartesec\"]},{\"@type\":\"Person\",\"@id\":\"https:\\\/\\\/www.uartes.edu.ec\\\/sitio\\\/en\\\/#\\\/schema\\\/person\\\/efa1b8275797664fd7f13a79ccc0b1f4\",\"name\":\"ccortez\",\"image\":{\"@type\":\"ImageObject\",\"inLanguage\":\"en-US\",\"@id\":\"https:\\\/\\\/secure.gravatar.com\\\/avatar\\\/b2a6f664a3ae8e074346ef91775736c5ec479e637ecced6842de9dc98b5da9cd?s=96&d=mm&r=g\",\"url\":\"https:\\\/\\\/secure.gravatar.com\\\/avatar\\\/b2a6f664a3ae8e074346ef91775736c5ec479e637ecced6842de9dc98b5da9cd?s=96&d=mm&r=g\",\"contentUrl\":\"https:\\\/\\\/secure.gravatar.com\\\/avatar\\\/b2a6f664a3ae8e074346ef91775736c5ec479e637ecced6842de9dc98b5da9cd?s=96&d=mm&r=g\",\"caption\":\"ccortez\"},\"url\":\"https:\\\/\\\/www.uartes.edu.ec\\\/sitio\\\/en\\\/blog\\\/author\\\/ccortez\\\/\"}]}<\/script>\n<!-- \/ Yoast SEO plugin. -->","yoast_head_json":{"title":"Universidad de las Artes - \u201cUn pa\u00eds\u201d, obra de teatro terap\u00e9utico que Psicoarte estren\u00f3 con apoyo de la UArtes en v\u00ednculo con la comunidad","description":"Universidad de las Artes - \u201cUn pa\u00eds\u201d, obra de teatro terap\u00e9utico que Psicoarte estren\u00f3 con apoyo de la UArtes en v\u00ednculo con la comunidad","robots":{"index":"index","follow":"follow","max-snippet":"max-snippet:-1","max-image-preview":"max-image-preview:large","max-video-preview":"max-video-preview:-1"},"canonical":"https:\/\/www.uartes.edu.ec\/sitio\/en\/blog\/2023\/05\/16\/un-pais-obra-de-teatro-terapeutico-que-psicoarte-estreno-con-apoyo-de-la-uartes\/","og_locale":"en_US","og_type":"article","og_title":"Universidad de las Artes - \u201cUn pa\u00eds\u201d, obra de teatro terap\u00e9utico que Psicoarte estren\u00f3 con apoyo de la UArtes en v\u00ednculo con la comunidad","og_description":"Universidad de las Artes - \u201cUn pa\u00eds\u201d, obra de teatro terap\u00e9utico que Psicoarte estren\u00f3 con apoyo de la UArtes en v\u00ednculo con la comunidad","og_url":"https:\/\/www.uartes.edu.ec\/sitio\/en\/blog\/2023\/05\/16\/un-pais-obra-de-teatro-terapeutico-que-psicoarte-estreno-con-apoyo-de-la-uartes\/","og_site_name":"Universidad de las Artes","article_publisher":"https:\/\/www.facebook.com\/uartesec","article_published_time":"2023-05-16T22:03:11+00:00","article_modified_time":"2024-07-04T16:21:11+00:00","og_image":[{"width":2000,"height":1333,"url":"https:\/\/www.uartes.edu.ec\/sitio\/wp-content\/uploads\/2023\/05\/01-PSICOARTE-UN-PAIS-WEB.jpg","type":"image\/jpeg"}],"author":"ccortez","twitter_card":"summary_large_image","twitter_creator":"@uartesec","twitter_site":"@uartesec","twitter_misc":{"Written by":"ccortez","Est. reading time":"3 minutes"},"schema":{"@context":"https:\/\/schema.org","@graph":[{"@type":"Article","@id":"https:\/\/www.uartes.edu.ec\/sitio\/en\/blog\/2023\/05\/16\/un-pais-obra-de-teatro-terapeutico-que-psicoarte-estreno-con-apoyo-de-la-uartes\/#article","isPartOf":{"@id":"https:\/\/www.uartes.edu.ec\/sitio\/en\/blog\/2023\/05\/16\/un-pais-obra-de-teatro-terapeutico-que-psicoarte-estreno-con-apoyo-de-la-uartes\/"},"author":{"name":"ccortez","@id":"https:\/\/www.uartes.edu.ec\/sitio\/en\/#\/schema\/person\/efa1b8275797664fd7f13a79ccc0b1f4"},"headline":"\u201cUn pa\u00eds\u201d, obra de teatro terap\u00e9utico que Psicoarte estren\u00f3 con apoyo de la UArtes en v\u00ednculo con la comunidad","datePublished":"2023-05-16T22:03:11+00:00","dateModified":"2024-07-04T16:21:11+00:00","mainEntityOfPage":{"@id":"https:\/\/www.uartes.edu.ec\/sitio\/en\/blog\/2023\/05\/16\/un-pais-obra-de-teatro-terapeutico-que-psicoarte-estreno-con-apoyo-de-la-uartes\/"},"wordCount":506,"commentCount":0,"publisher":{"@id":"https:\/\/www.uartes.edu.ec\/sitio\/en\/#organization"},"image":{"@id":"https:\/\/www.uartes.edu.ec\/sitio\/en\/blog\/2023\/05\/16\/un-pais-obra-de-teatro-terapeutico-que-psicoarte-estreno-con-apoyo-de-la-uartes\/#primaryimage"},"thumbnailUrl":"https:\/\/www.uartes.edu.ec\/sitio\/wp-content\/uploads\/2023\/05\/01-PSICOARTE-UN-PAIS-WEB.jpg","keywords":["obra de teatro"],"articleSection":["Artes","Sedes","V\u00ednculo"],"inLanguage":"en-US","potentialAction":[{"@type":"CommentAction","name":"Comment","target":["https:\/\/www.uartes.edu.ec\/sitio\/en\/blog\/2023\/05\/16\/un-pais-obra-de-teatro-terapeutico-que-psicoarte-estreno-con-apoyo-de-la-uartes\/#respond"]}]},{"@type":["WebPage","ItemPage"],"@id":"https:\/\/www.uartes.edu.ec\/sitio\/en\/blog\/2023\/05\/16\/un-pais-obra-de-teatro-terapeutico-que-psicoarte-estreno-con-apoyo-de-la-uartes\/","url":"https:\/\/www.uartes.edu.ec\/sitio\/en\/blog\/2023\/05\/16\/un-pais-obra-de-teatro-terapeutico-que-psicoarte-estreno-con-apoyo-de-la-uartes\/","name":"Universidad de las Artes - \u201cUn pa\u00eds\u201d, obra de teatro terap\u00e9utico que Psicoarte estren\u00f3 con apoyo de la UArtes en v\u00ednculo con la comunidad","isPartOf":{"@id":"https:\/\/www.uartes.edu.ec\/sitio\/en\/#website"},"primaryImageOfPage":{"@id":"https:\/\/www.uartes.edu.ec\/sitio\/en\/blog\/2023\/05\/16\/un-pais-obra-de-teatro-terapeutico-que-psicoarte-estreno-con-apoyo-de-la-uartes\/#primaryimage"},"image":{"@id":"https:\/\/www.uartes.edu.ec\/sitio\/en\/blog\/2023\/05\/16\/un-pais-obra-de-teatro-terapeutico-que-psicoarte-estreno-con-apoyo-de-la-uartes\/#primaryimage"},"thumbnailUrl":"https:\/\/www.uartes.edu.ec\/sitio\/wp-content\/uploads\/2023\/05\/01-PSICOARTE-UN-PAIS-WEB.jpg","datePublished":"2023-05-16T22:03:11+00:00","dateModified":"2024-07-04T16:21:11+00:00","description":"Universidad de las Artes - \u201cUn pa\u00eds\u201d, obra de teatro terap\u00e9utico que Psicoarte estren\u00f3 con apoyo de la UArtes en v\u00ednculo con la comunidad","breadcrumb":{"@id":"https:\/\/www.uartes.edu.ec\/sitio\/en\/blog\/2023\/05\/16\/un-pais-obra-de-teatro-terapeutico-que-psicoarte-estreno-con-apoyo-de-la-uartes\/#breadcrumb"},"inLanguage":"en-US","potentialAction":[{"@type":"ReadAction","target":["https:\/\/www.uartes.edu.ec\/sitio\/en\/blog\/2023\/05\/16\/un-pais-obra-de-teatro-terapeutico-que-psicoarte-estreno-con-apoyo-de-la-uartes\/"]}]},{"@type":"ImageObject","inLanguage":"en-US","@id":"https:\/\/www.uartes.edu.ec\/sitio\/en\/blog\/2023\/05\/16\/un-pais-obra-de-teatro-terapeutico-que-psicoarte-estreno-con-apoyo-de-la-uartes\/#primaryimage","url":"https:\/\/www.uartes.edu.ec\/sitio\/wp-content\/uploads\/2023\/05\/01-PSICOARTE-UN-PAIS-WEB.jpg","contentUrl":"https:\/\/www.uartes.edu.ec\/sitio\/wp-content\/uploads\/2023\/05\/01-PSICOARTE-UN-PAIS-WEB.jpg","width":2000,"height":1333},{"@type":"BreadcrumbList","@id":"https:\/\/www.uartes.edu.ec\/sitio\/en\/blog\/2023\/05\/16\/un-pais-obra-de-teatro-terapeutico-que-psicoarte-estreno-con-apoyo-de-la-uartes\/#breadcrumb","itemListElement":[{"@type":"ListItem","position":1,"name":"Inicio","item":"https:\/\/www.uartes.edu.ec\/sitio\/"},{"@type":"ListItem","position":2,"name":"\u201cUn pa\u00eds\u201d, obra de teatro terap\u00e9utico que Psicoarte estren\u00f3 con apoyo de la UArtes en v\u00ednculo con la comunidad"}]},{"@type":"WebSite","@id":"https:\/\/www.uartes.edu.ec\/sitio\/en\/#website","url":"https:\/\/www.uartes.edu.ec\/sitio\/en\/","name":"Universidad de las Artes","description":"Sitio oficial de la Universidad Nacional de las Artes del Ecuador","publisher":{"@id":"https:\/\/www.uartes.edu.ec\/sitio\/en\/#organization"},"potentialAction":[{"@type":"SearchAction","target":{"@type":"EntryPoint","urlTemplate":"https:\/\/www.uartes.edu.ec\/sitio\/en\/?s={search_term_string}"},"query-input":{"@type":"PropertyValueSpecification","valueRequired":true,"valueName":"search_term_string"}}],"inLanguage":"en-US"},{"@type":"Organization","@id":"https:\/\/www.uartes.edu.ec\/sitio\/en\/#organization","name":"Universidad de las Artes","url":"https:\/\/www.uartes.edu.ec\/sitio\/en\/","logo":{"@type":"ImageObject","inLanguage":"en-US","@id":"https:\/\/www.uartes.edu.ec\/sitio\/en\/#\/schema\/logo\/image\/","url":"https:\/\/www.uartes.edu.ec\/sitio\/wp-content\/uploads\/2022\/07\/logo-ua-horizontal.png","contentUrl":"https:\/\/www.uartes.edu.ec\/sitio\/wp-content\/uploads\/2022\/07\/logo-ua-horizontal.png","width":800,"height":276,"caption":"Universidad de las Artes"},"image":{"@id":"https:\/\/www.uartes.edu.ec\/sitio\/en\/#\/schema\/logo\/image\/"},"sameAs":["https:\/\/www.facebook.com\/uartesec","https:\/\/x.com\/uartesec","https:\/\/www.tiktok.com\/@uartesec"]},{"@type":"Person","@id":"https:\/\/www.uartes.edu.ec\/sitio\/en\/#\/schema\/person\/efa1b8275797664fd7f13a79ccc0b1f4","name":"ccortez","image":{"@type":"ImageObject","inLanguage":"en-US","@id":"https:\/\/secure.gravatar.com\/avatar\/b2a6f664a3ae8e074346ef91775736c5ec479e637ecced6842de9dc98b5da9cd?s=96&d=mm&r=g","url":"https:\/\/secure.gravatar.com\/avatar\/b2a6f664a3ae8e074346ef91775736c5ec479e637ecced6842de9dc98b5da9cd?s=96&d=mm&r=g","contentUrl":"https:\/\/secure.gravatar.com\/avatar\/b2a6f664a3ae8e074346ef91775736c5ec479e637ecced6842de9dc98b5da9cd?s=96&d=mm&r=g","caption":"ccortez"},"url":"https:\/\/www.uartes.edu.ec\/sitio\/en\/blog\/author\/ccortez\/"}]}},"uagb_featured_image_src":{"full":["https:\/\/www.uartes.edu.ec\/sitio\/wp-content\/uploads\/2023\/05\/01-PSICOARTE-UN-PAIS-WEB.jpg",2000,1333,false],"thumbnail":["https:\/\/www.uartes.edu.ec\/sitio\/wp-content\/uploads\/2023\/05\/01-PSICOARTE-UN-PAIS-WEB-150x150.jpg",150,150,true],"medium":["https:\/\/www.uartes.edu.ec\/sitio\/wp-content\/uploads\/2023\/05\/01-PSICOARTE-UN-PAIS-WEB-300x200.jpg",300,200,true],"medium_large":["https:\/\/www.uartes.edu.ec\/sitio\/wp-content\/uploads\/2023\/05\/01-PSICOARTE-UN-PAIS-WEB-768x512.jpg",768,512,true],"large":["https:\/\/www.uartes.edu.ec\/sitio\/wp-content\/uploads\/2023\/05\/01-PSICOARTE-UN-PAIS-WEB-644x429.jpg",644,429,true],"1536x1536":["https:\/\/www.uartes.edu.ec\/sitio\/wp-content\/uploads\/2023\/05\/01-PSICOARTE-UN-PAIS-WEB-1536x1024.jpg",1536,1024,true],"2048x2048":["https:\/\/www.uartes.edu.ec\/sitio\/wp-content\/uploads\/2023\/05\/01-PSICOARTE-UN-PAIS-WEB.jpg",2000,1333,false],"trp-custom-language-flag":["https:\/\/www.uartes.edu.ec\/sitio\/wp-content\/uploads\/2023\/05\/01-PSICOARTE-UN-PAIS-WEB.jpg",18,12,false],"htmega_size_585x295":["https:\/\/www.uartes.edu.ec\/sitio\/wp-content\/uploads\/2023\/05\/01-PSICOARTE-UN-PAIS-WEB-585x295.jpg",585,295,true],"htmega_size_1170x536":["https:\/\/www.uartes.edu.ec\/sitio\/wp-content\/uploads\/2023\/05\/01-PSICOARTE-UN-PAIS-WEB-1170x536.jpg",1170,536,true],"htmega_size_396x360":["https:\/\/www.uartes.edu.ec\/sitio\/wp-content\/uploads\/2023\/05\/01-PSICOARTE-UN-PAIS-WEB-396x360.jpg",396,360,true],"gb-block-post-grid-landscape":["https:\/\/www.uartes.edu.ec\/sitio\/wp-content\/uploads\/2023\/05\/01-PSICOARTE-UN-PAIS-WEB-600x400.jpg",600,400,true],"gb-block-post-grid-square":["https:\/\/www.uartes.edu.ec\/sitio\/wp-content\/uploads\/2023\/05\/01-PSICOARTE-UN-PAIS-WEB-600x600.jpg",600,600,true],"university-hub-thumb":["https:\/\/www.uartes.edu.ec\/sitio\/wp-content\/uploads\/2023\/05\/01-PSICOARTE-UN-PAIS-WEB-400x267.jpg",400,267,true],"mailpoet_newsletter_max":["https:\/\/www.uartes.edu.ec\/sitio\/wp-content\/uploads\/2023\/05\/01-PSICOARTE-UN-PAIS-WEB.jpg",1320,880,false]},"uagb_author_info":{"display_name":"ccortez","author_link":"https:\/\/www.uartes.edu.ec\/sitio\/en\/blog\/author\/ccortez\/"},"uagb_comment_info":0,"uagb_excerpt":"Ocho adolescentes de diferentes comunidades y organizaciones de Guayaquil integraron el elenco de \u201cUn Pa\u00eds\u201d, una obra que la Fundaci\u00f3n de Inclusi\u00f3n Social Psicoarte present\u00f3 este 12 de mayo en la Plaza P\u00fablica del MZ14. El texto de la pieza result\u00f3 de la creaci\u00f3n colectiva de sus int\u00e9rpretes, part\u00edcipes de un programa que cuenta con&hellip;","featured_image_src":"https:\/\/www.uartes.edu.ec\/sitio\/wp-content\/uploads\/2023\/05\/01-PSICOARTE-UN-PAIS-WEB-600x400.jpg","featured_image_src_square":"https:\/\/www.uartes.edu.ec\/sitio\/wp-content\/uploads\/2023\/05\/01-PSICOARTE-UN-PAIS-WEB-600x600.jpg","author_info":{"display_name":"ccortez","author_link":"https:\/\/www.uartes.edu.ec\/sitio\/en\/blog\/author\/ccortez\/"},"publishpress_future_workflow_manual_trigger":{"enabledWorkflows":[]},"distributor_meta":false,"distributor_terms":false,"distributor_media":false,"distributor_original_site_name":"Universidad de las Artes","distributor_original_site_url":"https:\/\/www.uartes.edu.ec\/sitio\/en","push-errors":false,"_links":{"self":[{"href":"https:\/\/www.uartes.edu.ec\/sitio\/en\/wp-json\/wp\/v2\/posts\/42315","targetHints":{"allow":["GET"]}}],"collection":[{"href":"https:\/\/www.uartes.edu.ec\/sitio\/en\/wp-json\/wp\/v2\/posts"}],"about":[{"href":"https:\/\/www.uartes.edu.ec\/sitio\/en\/wp-json\/wp\/v2\/types\/post"}],"author":[{"embeddable":true,"href":"https:\/\/www.uartes.edu.ec\/sitio\/en\/wp-json\/wp\/v2\/users\/10"}],"replies":[{"embeddable":true,"href":"https:\/\/www.uartes.edu.ec\/sitio\/en\/wp-json\/wp\/v2\/comments?post=42315"}],"version-history":[{"count":3,"href":"https:\/\/www.uartes.edu.ec\/sitio\/en\/wp-json\/wp\/v2\/posts\/42315\/revisions"}],"predecessor-version":[{"id":42325,"href":"https:\/\/www.uartes.edu.ec\/sitio\/en\/wp-json\/wp\/v2\/posts\/42315\/revisions\/42325"}],"wp:featuredmedia":[{"embeddable":true,"href":"https:\/\/www.uartes.edu.ec\/sitio\/en\/wp-json\/wp\/v2\/media\/42316"}],"wp:attachment":[{"href":"https:\/\/www.uartes.edu.ec\/sitio\/en\/wp-json\/wp\/v2\/media?parent=42315"}],"wp:term":[{"taxonomy":"category","embeddable":true,"href":"https:\/\/www.uartes.edu.ec\/sitio\/en\/wp-json\/wp\/v2\/categories?post=42315"},{"taxonomy":"post_tag","embeddable":true,"href":"https:\/\/www.uartes.edu.ec\/sitio\/en\/wp-json\/wp\/v2\/tags?post=42315"},{"taxonomy":"infouartes","embeddable":true,"href":"https:\/\/www.uartes.edu.ec\/sitio\/en\/wp-json\/wp\/v2\/infouartes?post=42315"}],"curies":[{"name":"wp","href":"https:\/\/api.w.org\/{rel}","templated":true}]}}