{"id":42400,"date":"2023-05-29T16:07:00","date_gmt":"2023-05-29T21:07:00","guid":{"rendered":"https:\/\/www.uartes.edu.ec\/sitio\/?p=42400"},"modified":"2024-07-04T11:21:09","modified_gmt":"2024-07-04T16:21:09","slug":"uartes-incorpora-a-redu-el-grupo-de-investigacion-redinart-que-conforma-con-la-unl-y-la-udla","status":"publish","type":"post","link":"https:\/\/www.uartes.edu.ec\/sitio\/en\/blog\/2023\/05\/29\/uartes-incorpora-a-redu-el-grupo-de-investigacion-redinart-que-conforma-con-la-unl-y-la-udla\/","title":{"rendered":"UArtes incorpora a REDU el grupo de investigaci\u00f3n REDINART, conformado con equipos de la UNL y la UDLA"},"content":{"rendered":"<p>El Grupo de investigaci\u00f3n S\/Z &#8211; Producci\u00f3n Musical e Investigaci\u00f3n en Artes, dirigido por Luis P\u00e9rez-Valero, junto con investigadores de la Universidad Nacional de Loja y la Universidad de las Am\u00e9ricas, han conformado REDINART: Red de Investigaci\u00f3n en Artes.<\/p>\n\n\n\n<p>Este equipo de investigaci\u00f3n se postul\u00f3 y gan\u00f3 la convocatoria 2023 para formar redes nacionales de investigaci\u00f3n. \u201cEstas tres universidades coinciden en intereses art\u00edsticos y de investigaci\u00f3n\u201d, comenta P\u00e9rez-Valero. \u201cEl objetivo es consolidar REDINART a trav\u00e9s de equipos de trabajos que generen productos art\u00edsticos, pero tambi\u00e9n con indicadores verificables dentro de los est\u00e1ndares de la academia\u201d.<\/p>\n\n\n\n<p>REDINART est\u00e1 conformada por un equipo multidisciplinar de investigadores. Por la Universidad Nacional de Loja: Ver\u00f3nica Pardo Fr\u00edas (coordinadora general), Chemary Aylin Larez Castillo, Adriana Nataly Maldonado S\u00e1nchez, Iv\u00e1n Salazar Gonz\u00e1lez y Xavier Andr\u00e9s Barnuevo Sol\u00eds. Por la Universidad de las Am\u00e9ricas: Jonathan Andrade, Juan Fernando Cifuentes, Nicol\u00e1s Coffman, Lenin Estrella. Por la UArtes: Luis P\u00e9rez-Valero, Meining Cheung, David de los Reyes, Juan Carlos Franco, Pedro Segovia (<a>secretario<\/a> de actas) y Daniel Orejuela.<\/p>\n\n\n\n<p>El objetivo de REDINART es fortalecer el intercambio interinstitucional y la complementariedad de acciones para promover la investigaci\u00f3n multidisciplinar en el campo de las artes y difundir sus productos acad\u00e9micos y art\u00edsticos en distintos espacios nacionales e internacionales. Sus l\u00edneas de investigaci\u00f3n son amplias y transdisciplinares, como la musicolog\u00eda hist\u00f3rica, la etnomusicolog\u00eda, los estudios de m\u00fasica popular y m\u00fasicas de tradici\u00f3n oral, la producci\u00f3n musical, ac\u00fastica y estudios del sonido, los procesos creativos y producci\u00f3n art\u00edstica, las actividades performativas en las artes, artes y g\u00e9nero, filosof\u00eda del arte, tecnolog\u00eda y nuevos medios.<\/p>\n\n\n\n<p>La doctora Mar\u00eda Augusta Armida Palacios, rectora de la Universidad de Cuenca y Presidenta de REDU augura el \u201c\u00e9xito en el cumplimiento de los objetivos planteados y expresamos nuestro compromiso, apertura y apoyo en todas las actividades planificadas. Estamos seguros de que el trabajo colaborativo interinstitucional representa un aporte significativo a la actividad cient\u00edfica de las instituciones adscritas a la red\u201d.<\/p>\n\n\n\n<p>*REDU: Red Ecuatoriana de Universidades para Investigaci\u00f3n y Posgrados.<br>Texto: Luis P\u00e9rez-Valero, docente de la Escuela de Artes Sonoras.<\/p>","protected":false},"excerpt":{"rendered":"<p>El Grupo de investigaci\u00f3n S\/Z &#8211; Producci\u00f3n Musical e Investigaci\u00f3n en Artes, dirigido por Luis P\u00e9rez-Valero, junto con investigadores de la Universidad Nacional de Loja (UNL) y la Universidad de las Am\u00e9ricas (UDLA), han conformado REDINART: Red de Investigaci\u00f3n en Artes. Este equipo de investigaci\u00f3n se postul\u00f3 y gan\u00f3 la convocatoria 2023 para formar redes nacionales de investigaci\u00f3n.<\/p>","protected":false},"author":10,"featured_media":42401,"comment_status":"open","ping_status":"open","sticky":false,"template":"","format":"standard","meta":{"_acf_changed":false,"_uag_custom_page_level_css":"","_monsterinsights_skip_tracking":false,"_monsterinsights_sitenote_active":false,"_monsterinsights_sitenote_note":"","_monsterinsights_sitenote_category":0,"cybocfi_hide_featured_image":"","footnotes":""},"categories":[716,80,284],"tags":[58],"infouartes":[],"class_list":["post-42400","post","type-post","status-publish","format-standard","has-post-thumbnail","hentry","category-1c","category-academico","category-investigacion","tag-investigacion"],"acf":[],"yoast_head":"<!-- This site is optimized with the Yoast SEO plugin v27.4 - https:\/\/yoast.com\/product\/yoast-seo-wordpress\/ -->\n<title>Universidad de las Artes - UArtes incorpora a REDU el grupo de investigaci\u00f3n REDINART, conformado con equipos de la UNL y la UDLA<\/title>\n<meta name=\"description\" content=\"Universidad de las Artes - UArtes incorpora a REDU el grupo de investigaci\u00f3n REDINART, conformado con equipos de la UNL y la UDLA\" \/>\n<meta name=\"robots\" content=\"index, follow, max-snippet:-1, max-image-preview:large, max-video-preview:-1\" \/>\n<link rel=\"canonical\" href=\"https:\/\/www.uartes.edu.ec\/sitio\/en\/blog\/2023\/05\/29\/uartes-incorpora-a-redu-el-grupo-de-investigacion-redinart-que-conforma-con-la-unl-y-la-udla\/\" \/>\n<meta property=\"og:locale\" content=\"en_US\" \/>\n<meta property=\"og:type\" content=\"article\" \/>\n<meta property=\"og:title\" content=\"Universidad de las Artes - UArtes incorpora a REDU el grupo de investigaci\u00f3n REDINART, conformado con equipos de la UNL y la UDLA\" \/>\n<meta property=\"og:description\" content=\"Universidad de las Artes - UArtes incorpora a REDU el grupo de investigaci\u00f3n REDINART, conformado con equipos de la UNL y la UDLA\" \/>\n<meta property=\"og:url\" content=\"https:\/\/www.uartes.edu.ec\/sitio\/en\/blog\/2023\/05\/29\/uartes-incorpora-a-redu-el-grupo-de-investigacion-redinart-que-conforma-con-la-unl-y-la-udla\/\" \/>\n<meta property=\"og:site_name\" content=\"Universidad de las Artes\" \/>\n<meta property=\"article:publisher\" content=\"https:\/\/www.facebook.com\/uartesec\" \/>\n<meta property=\"article:published_time\" content=\"2023-05-29T21:07:00+00:00\" \/>\n<meta property=\"article:modified_time\" content=\"2024-07-04T16:21:09+00:00\" \/>\n<meta property=\"og:image\" content=\"https:\/\/www.uartes.edu.ec\/sitio\/wp-content\/uploads\/2023\/05\/REDINAT-LUIS-PEREZ-VALERO.jpg\" \/>\n\t<meta property=\"og:image:width\" content=\"2000\" \/>\n\t<meta property=\"og:image:height\" content=\"1333\" \/>\n\t<meta property=\"og:image:type\" content=\"image\/jpeg\" \/>\n<meta name=\"author\" content=\"ccortez\" \/>\n<meta name=\"twitter:card\" content=\"summary_large_image\" \/>\n<meta name=\"twitter:creator\" content=\"@uartesec\" \/>\n<meta name=\"twitter:site\" content=\"@uartesec\" \/>\n<meta name=\"twitter:label1\" content=\"Written by\" \/>\n\t<meta name=\"twitter:data1\" content=\"ccortez\" \/>\n\t<meta name=\"twitter:label2\" content=\"Est. reading time\" \/>\n\t<meta name=\"twitter:data2\" content=\"2 minutes\" \/>\n<script type=\"application\/ld+json\" class=\"yoast-schema-graph\">{\"@context\":\"https:\\\/\\\/schema.org\",\"@graph\":[{\"@type\":\"Article\",\"@id\":\"https:\\\/\\\/www.uartes.edu.ec\\\/sitio\\\/en\\\/blog\\\/2023\\\/05\\\/29\\\/uartes-incorpora-a-redu-el-grupo-de-investigacion-redinart-que-conforma-con-la-unl-y-la-udla\\\/#article\",\"isPartOf\":{\"@id\":\"https:\\\/\\\/www.uartes.edu.ec\\\/sitio\\\/en\\\/blog\\\/2023\\\/05\\\/29\\\/uartes-incorpora-a-redu-el-grupo-de-investigacion-redinart-que-conforma-con-la-unl-y-la-udla\\\/\"},\"author\":{\"name\":\"ccortez\",\"@id\":\"https:\\\/\\\/www.uartes.edu.ec\\\/sitio\\\/en\\\/#\\\/schema\\\/person\\\/efa1b8275797664fd7f13a79ccc0b1f4\"},\"headline\":\"UArtes incorpora a REDU el grupo de investigaci\u00f3n REDINART, conformado con equipos de la UNL y la UDLA\",\"datePublished\":\"2023-05-29T21:07:00+00:00\",\"dateModified\":\"2024-07-04T16:21:09+00:00\",\"mainEntityOfPage\":{\"@id\":\"https:\\\/\\\/www.uartes.edu.ec\\\/sitio\\\/en\\\/blog\\\/2023\\\/05\\\/29\\\/uartes-incorpora-a-redu-el-grupo-de-investigacion-redinart-que-conforma-con-la-unl-y-la-udla\\\/\"},\"wordCount\":406,\"commentCount\":0,\"publisher\":{\"@id\":\"https:\\\/\\\/www.uartes.edu.ec\\\/sitio\\\/en\\\/#organization\"},\"image\":{\"@id\":\"https:\\\/\\\/www.uartes.edu.ec\\\/sitio\\\/en\\\/blog\\\/2023\\\/05\\\/29\\\/uartes-incorpora-a-redu-el-grupo-de-investigacion-redinart-que-conforma-con-la-unl-y-la-udla\\\/#primaryimage\"},\"thumbnailUrl\":\"https:\\\/\\\/www.uartes.edu.ec\\\/sitio\\\/wp-content\\\/uploads\\\/2023\\\/05\\\/REDINAT-LUIS-PEREZ-VALERO.jpg\",\"keywords\":[\"investigaci\u00f3n\"],\"articleSection\":[\"1C\",\"Acad\u00e9mico\",\"Investigaci\u00f3n\"],\"inLanguage\":\"en-US\",\"potentialAction\":[{\"@type\":\"CommentAction\",\"name\":\"Comment\",\"target\":[\"https:\\\/\\\/www.uartes.edu.ec\\\/sitio\\\/en\\\/blog\\\/2023\\\/05\\\/29\\\/uartes-incorpora-a-redu-el-grupo-de-investigacion-redinart-que-conforma-con-la-unl-y-la-udla\\\/#respond\"]}]},{\"@type\":[\"WebPage\",\"ItemPage\"],\"@id\":\"https:\\\/\\\/www.uartes.edu.ec\\\/sitio\\\/en\\\/blog\\\/2023\\\/05\\\/29\\\/uartes-incorpora-a-redu-el-grupo-de-investigacion-redinart-que-conforma-con-la-unl-y-la-udla\\\/\",\"url\":\"https:\\\/\\\/www.uartes.edu.ec\\\/sitio\\\/en\\\/blog\\\/2023\\\/05\\\/29\\\/uartes-incorpora-a-redu-el-grupo-de-investigacion-redinart-que-conforma-con-la-unl-y-la-udla\\\/\",\"name\":\"Universidad de las Artes - UArtes incorpora a REDU el grupo de investigaci\u00f3n REDINART, conformado con equipos de la UNL y la UDLA\",\"isPartOf\":{\"@id\":\"https:\\\/\\\/www.uartes.edu.ec\\\/sitio\\\/en\\\/#website\"},\"primaryImageOfPage\":{\"@id\":\"https:\\\/\\\/www.uartes.edu.ec\\\/sitio\\\/en\\\/blog\\\/2023\\\/05\\\/29\\\/uartes-incorpora-a-redu-el-grupo-de-investigacion-redinart-que-conforma-con-la-unl-y-la-udla\\\/#primaryimage\"},\"image\":{\"@id\":\"https:\\\/\\\/www.uartes.edu.ec\\\/sitio\\\/en\\\/blog\\\/2023\\\/05\\\/29\\\/uartes-incorpora-a-redu-el-grupo-de-investigacion-redinart-que-conforma-con-la-unl-y-la-udla\\\/#primaryimage\"},\"thumbnailUrl\":\"https:\\\/\\\/www.uartes.edu.ec\\\/sitio\\\/wp-content\\\/uploads\\\/2023\\\/05\\\/REDINAT-LUIS-PEREZ-VALERO.jpg\",\"datePublished\":\"2023-05-29T21:07:00+00:00\",\"dateModified\":\"2024-07-04T16:21:09+00:00\",\"description\":\"Universidad de las Artes - UArtes incorpora a REDU el grupo de investigaci\u00f3n REDINART, conformado con equipos de la UNL y la UDLA\",\"breadcrumb\":{\"@id\":\"https:\\\/\\\/www.uartes.edu.ec\\\/sitio\\\/en\\\/blog\\\/2023\\\/05\\\/29\\\/uartes-incorpora-a-redu-el-grupo-de-investigacion-redinart-que-conforma-con-la-unl-y-la-udla\\\/#breadcrumb\"},\"inLanguage\":\"en-US\",\"potentialAction\":[{\"@type\":\"ReadAction\",\"target\":[\"https:\\\/\\\/www.uartes.edu.ec\\\/sitio\\\/en\\\/blog\\\/2023\\\/05\\\/29\\\/uartes-incorpora-a-redu-el-grupo-de-investigacion-redinart-que-conforma-con-la-unl-y-la-udla\\\/\"]}]},{\"@type\":\"ImageObject\",\"inLanguage\":\"en-US\",\"@id\":\"https:\\\/\\\/www.uartes.edu.ec\\\/sitio\\\/en\\\/blog\\\/2023\\\/05\\\/29\\\/uartes-incorpora-a-redu-el-grupo-de-investigacion-redinart-que-conforma-con-la-unl-y-la-udla\\\/#primaryimage\",\"url\":\"https:\\\/\\\/www.uartes.edu.ec\\\/sitio\\\/wp-content\\\/uploads\\\/2023\\\/05\\\/REDINAT-LUIS-PEREZ-VALERO.jpg\",\"contentUrl\":\"https:\\\/\\\/www.uartes.edu.ec\\\/sitio\\\/wp-content\\\/uploads\\\/2023\\\/05\\\/REDINAT-LUIS-PEREZ-VALERO.jpg\",\"width\":2000,\"height\":1333},{\"@type\":\"BreadcrumbList\",\"@id\":\"https:\\\/\\\/www.uartes.edu.ec\\\/sitio\\\/en\\\/blog\\\/2023\\\/05\\\/29\\\/uartes-incorpora-a-redu-el-grupo-de-investigacion-redinart-que-conforma-con-la-unl-y-la-udla\\\/#breadcrumb\",\"itemListElement\":[{\"@type\":\"ListItem\",\"position\":1,\"name\":\"Inicio\",\"item\":\"https:\\\/\\\/www.uartes.edu.ec\\\/sitio\\\/\"},{\"@type\":\"ListItem\",\"position\":2,\"name\":\"UArtes incorpora a REDU el grupo de investigaci\u00f3n REDINART, conformado con equipos de la UNL y la UDLA\"}]},{\"@type\":\"WebSite\",\"@id\":\"https:\\\/\\\/www.uartes.edu.ec\\\/sitio\\\/en\\\/#website\",\"url\":\"https:\\\/\\\/www.uartes.edu.ec\\\/sitio\\\/en\\\/\",\"name\":\"Universidad de las Artes\",\"description\":\"Sitio oficial de la Universidad Nacional de las Artes del Ecuador\",\"publisher\":{\"@id\":\"https:\\\/\\\/www.uartes.edu.ec\\\/sitio\\\/en\\\/#organization\"},\"potentialAction\":[{\"@type\":\"SearchAction\",\"target\":{\"@type\":\"EntryPoint\",\"urlTemplate\":\"https:\\\/\\\/www.uartes.edu.ec\\\/sitio\\\/en\\\/?s={search_term_string}\"},\"query-input\":{\"@type\":\"PropertyValueSpecification\",\"valueRequired\":true,\"valueName\":\"search_term_string\"}}],\"inLanguage\":\"en-US\"},{\"@type\":\"Organization\",\"@id\":\"https:\\\/\\\/www.uartes.edu.ec\\\/sitio\\\/en\\\/#organization\",\"name\":\"Universidad de las Artes\",\"url\":\"https:\\\/\\\/www.uartes.edu.ec\\\/sitio\\\/en\\\/\",\"logo\":{\"@type\":\"ImageObject\",\"inLanguage\":\"en-US\",\"@id\":\"https:\\\/\\\/www.uartes.edu.ec\\\/sitio\\\/en\\\/#\\\/schema\\\/logo\\\/image\\\/\",\"url\":\"https:\\\/\\\/www.uartes.edu.ec\\\/sitio\\\/wp-content\\\/uploads\\\/2022\\\/07\\\/logo-ua-horizontal.png\",\"contentUrl\":\"https:\\\/\\\/www.uartes.edu.ec\\\/sitio\\\/wp-content\\\/uploads\\\/2022\\\/07\\\/logo-ua-horizontal.png\",\"width\":800,\"height\":276,\"caption\":\"Universidad de las Artes\"},\"image\":{\"@id\":\"https:\\\/\\\/www.uartes.edu.ec\\\/sitio\\\/en\\\/#\\\/schema\\\/logo\\\/image\\\/\"},\"sameAs\":[\"https:\\\/\\\/www.facebook.com\\\/uartesec\",\"https:\\\/\\\/x.com\\\/uartesec\",\"https:\\\/\\\/www.tiktok.com\\\/@uartesec\"]},{\"@type\":\"Person\",\"@id\":\"https:\\\/\\\/www.uartes.edu.ec\\\/sitio\\\/en\\\/#\\\/schema\\\/person\\\/efa1b8275797664fd7f13a79ccc0b1f4\",\"name\":\"ccortez\",\"image\":{\"@type\":\"ImageObject\",\"inLanguage\":\"en-US\",\"@id\":\"https:\\\/\\\/secure.gravatar.com\\\/avatar\\\/b2a6f664a3ae8e074346ef91775736c5ec479e637ecced6842de9dc98b5da9cd?s=96&d=mm&r=g\",\"url\":\"https:\\\/\\\/secure.gravatar.com\\\/avatar\\\/b2a6f664a3ae8e074346ef91775736c5ec479e637ecced6842de9dc98b5da9cd?s=96&d=mm&r=g\",\"contentUrl\":\"https:\\\/\\\/secure.gravatar.com\\\/avatar\\\/b2a6f664a3ae8e074346ef91775736c5ec479e637ecced6842de9dc98b5da9cd?s=96&d=mm&r=g\",\"caption\":\"ccortez\"},\"url\":\"https:\\\/\\\/www.uartes.edu.ec\\\/sitio\\\/en\\\/blog\\\/author\\\/ccortez\\\/\"}]}<\/script>\n<!-- \/ Yoast SEO plugin. -->","yoast_head_json":{"title":"Universidad de las Artes - UArtes incorpora a REDU el grupo de investigaci\u00f3n REDINART, conformado con equipos de la UNL y la UDLA","description":"Universidad de las Artes - UArtes incorpora a REDU el grupo de investigaci\u00f3n REDINART, conformado con equipos de la UNL y la UDLA","robots":{"index":"index","follow":"follow","max-snippet":"max-snippet:-1","max-image-preview":"max-image-preview:large","max-video-preview":"max-video-preview:-1"},"canonical":"https:\/\/www.uartes.edu.ec\/sitio\/en\/blog\/2023\/05\/29\/uartes-incorpora-a-redu-el-grupo-de-investigacion-redinart-que-conforma-con-la-unl-y-la-udla\/","og_locale":"en_US","og_type":"article","og_title":"Universidad de las Artes - UArtes incorpora a REDU el grupo de investigaci\u00f3n REDINART, conformado con equipos de la UNL y la UDLA","og_description":"Universidad de las Artes - UArtes incorpora a REDU el grupo de investigaci\u00f3n REDINART, conformado con equipos de la UNL y la UDLA","og_url":"https:\/\/www.uartes.edu.ec\/sitio\/en\/blog\/2023\/05\/29\/uartes-incorpora-a-redu-el-grupo-de-investigacion-redinart-que-conforma-con-la-unl-y-la-udla\/","og_site_name":"Universidad de las Artes","article_publisher":"https:\/\/www.facebook.com\/uartesec","article_published_time":"2023-05-29T21:07:00+00:00","article_modified_time":"2024-07-04T16:21:09+00:00","og_image":[{"width":2000,"height":1333,"url":"https:\/\/www.uartes.edu.ec\/sitio\/wp-content\/uploads\/2023\/05\/REDINAT-LUIS-PEREZ-VALERO.jpg","type":"image\/jpeg"}],"author":"ccortez","twitter_card":"summary_large_image","twitter_creator":"@uartesec","twitter_site":"@uartesec","twitter_misc":{"Written by":"ccortez","Est. reading time":"2 minutes"},"schema":{"@context":"https:\/\/schema.org","@graph":[{"@type":"Article","@id":"https:\/\/www.uartes.edu.ec\/sitio\/en\/blog\/2023\/05\/29\/uartes-incorpora-a-redu-el-grupo-de-investigacion-redinart-que-conforma-con-la-unl-y-la-udla\/#article","isPartOf":{"@id":"https:\/\/www.uartes.edu.ec\/sitio\/en\/blog\/2023\/05\/29\/uartes-incorpora-a-redu-el-grupo-de-investigacion-redinart-que-conforma-con-la-unl-y-la-udla\/"},"author":{"name":"ccortez","@id":"https:\/\/www.uartes.edu.ec\/sitio\/en\/#\/schema\/person\/efa1b8275797664fd7f13a79ccc0b1f4"},"headline":"UArtes incorpora a REDU el grupo de investigaci\u00f3n REDINART, conformado con equipos de la UNL y la UDLA","datePublished":"2023-05-29T21:07:00+00:00","dateModified":"2024-07-04T16:21:09+00:00","mainEntityOfPage":{"@id":"https:\/\/www.uartes.edu.ec\/sitio\/en\/blog\/2023\/05\/29\/uartes-incorpora-a-redu-el-grupo-de-investigacion-redinart-que-conforma-con-la-unl-y-la-udla\/"},"wordCount":406,"commentCount":0,"publisher":{"@id":"https:\/\/www.uartes.edu.ec\/sitio\/en\/#organization"},"image":{"@id":"https:\/\/www.uartes.edu.ec\/sitio\/en\/blog\/2023\/05\/29\/uartes-incorpora-a-redu-el-grupo-de-investigacion-redinart-que-conforma-con-la-unl-y-la-udla\/#primaryimage"},"thumbnailUrl":"https:\/\/www.uartes.edu.ec\/sitio\/wp-content\/uploads\/2023\/05\/REDINAT-LUIS-PEREZ-VALERO.jpg","keywords":["investigaci\u00f3n"],"articleSection":["1C","Acad\u00e9mico","Investigaci\u00f3n"],"inLanguage":"en-US","potentialAction":[{"@type":"CommentAction","name":"Comment","target":["https:\/\/www.uartes.edu.ec\/sitio\/en\/blog\/2023\/05\/29\/uartes-incorpora-a-redu-el-grupo-de-investigacion-redinart-que-conforma-con-la-unl-y-la-udla\/#respond"]}]},{"@type":["WebPage","ItemPage"],"@id":"https:\/\/www.uartes.edu.ec\/sitio\/en\/blog\/2023\/05\/29\/uartes-incorpora-a-redu-el-grupo-de-investigacion-redinart-que-conforma-con-la-unl-y-la-udla\/","url":"https:\/\/www.uartes.edu.ec\/sitio\/en\/blog\/2023\/05\/29\/uartes-incorpora-a-redu-el-grupo-de-investigacion-redinart-que-conforma-con-la-unl-y-la-udla\/","name":"Universidad de las Artes - UArtes incorpora a REDU el grupo de investigaci\u00f3n REDINART, conformado con equipos de la UNL y la UDLA","isPartOf":{"@id":"https:\/\/www.uartes.edu.ec\/sitio\/en\/#website"},"primaryImageOfPage":{"@id":"https:\/\/www.uartes.edu.ec\/sitio\/en\/blog\/2023\/05\/29\/uartes-incorpora-a-redu-el-grupo-de-investigacion-redinart-que-conforma-con-la-unl-y-la-udla\/#primaryimage"},"image":{"@id":"https:\/\/www.uartes.edu.ec\/sitio\/en\/blog\/2023\/05\/29\/uartes-incorpora-a-redu-el-grupo-de-investigacion-redinart-que-conforma-con-la-unl-y-la-udla\/#primaryimage"},"thumbnailUrl":"https:\/\/www.uartes.edu.ec\/sitio\/wp-content\/uploads\/2023\/05\/REDINAT-LUIS-PEREZ-VALERO.jpg","datePublished":"2023-05-29T21:07:00+00:00","dateModified":"2024-07-04T16:21:09+00:00","description":"Universidad de las Artes - UArtes incorpora a REDU el grupo de investigaci\u00f3n REDINART, conformado con equipos de la UNL y la UDLA","breadcrumb":{"@id":"https:\/\/www.uartes.edu.ec\/sitio\/en\/blog\/2023\/05\/29\/uartes-incorpora-a-redu-el-grupo-de-investigacion-redinart-que-conforma-con-la-unl-y-la-udla\/#breadcrumb"},"inLanguage":"en-US","potentialAction":[{"@type":"ReadAction","target":["https:\/\/www.uartes.edu.ec\/sitio\/en\/blog\/2023\/05\/29\/uartes-incorpora-a-redu-el-grupo-de-investigacion-redinart-que-conforma-con-la-unl-y-la-udla\/"]}]},{"@type":"ImageObject","inLanguage":"en-US","@id":"https:\/\/www.uartes.edu.ec\/sitio\/en\/blog\/2023\/05\/29\/uartes-incorpora-a-redu-el-grupo-de-investigacion-redinart-que-conforma-con-la-unl-y-la-udla\/#primaryimage","url":"https:\/\/www.uartes.edu.ec\/sitio\/wp-content\/uploads\/2023\/05\/REDINAT-LUIS-PEREZ-VALERO.jpg","contentUrl":"https:\/\/www.uartes.edu.ec\/sitio\/wp-content\/uploads\/2023\/05\/REDINAT-LUIS-PEREZ-VALERO.jpg","width":2000,"height":1333},{"@type":"BreadcrumbList","@id":"https:\/\/www.uartes.edu.ec\/sitio\/en\/blog\/2023\/05\/29\/uartes-incorpora-a-redu-el-grupo-de-investigacion-redinart-que-conforma-con-la-unl-y-la-udla\/#breadcrumb","itemListElement":[{"@type":"ListItem","position":1,"name":"Inicio","item":"https:\/\/www.uartes.edu.ec\/sitio\/"},{"@type":"ListItem","position":2,"name":"UArtes incorpora a REDU el grupo de investigaci\u00f3n REDINART, conformado con equipos de la UNL y la UDLA"}]},{"@type":"WebSite","@id":"https:\/\/www.uartes.edu.ec\/sitio\/en\/#website","url":"https:\/\/www.uartes.edu.ec\/sitio\/en\/","name":"Universidad de las Artes","description":"Sitio oficial de la Universidad Nacional de las Artes del Ecuador","publisher":{"@id":"https:\/\/www.uartes.edu.ec\/sitio\/en\/#organization"},"potentialAction":[{"@type":"SearchAction","target":{"@type":"EntryPoint","urlTemplate":"https:\/\/www.uartes.edu.ec\/sitio\/en\/?s={search_term_string}"},"query-input":{"@type":"PropertyValueSpecification","valueRequired":true,"valueName":"search_term_string"}}],"inLanguage":"en-US"},{"@type":"Organization","@id":"https:\/\/www.uartes.edu.ec\/sitio\/en\/#organization","name":"Universidad de las Artes","url":"https:\/\/www.uartes.edu.ec\/sitio\/en\/","logo":{"@type":"ImageObject","inLanguage":"en-US","@id":"https:\/\/www.uartes.edu.ec\/sitio\/en\/#\/schema\/logo\/image\/","url":"https:\/\/www.uartes.edu.ec\/sitio\/wp-content\/uploads\/2022\/07\/logo-ua-horizontal.png","contentUrl":"https:\/\/www.uartes.edu.ec\/sitio\/wp-content\/uploads\/2022\/07\/logo-ua-horizontal.png","width":800,"height":276,"caption":"Universidad de las Artes"},"image":{"@id":"https:\/\/www.uartes.edu.ec\/sitio\/en\/#\/schema\/logo\/image\/"},"sameAs":["https:\/\/www.facebook.com\/uartesec","https:\/\/x.com\/uartesec","https:\/\/www.tiktok.com\/@uartesec"]},{"@type":"Person","@id":"https:\/\/www.uartes.edu.ec\/sitio\/en\/#\/schema\/person\/efa1b8275797664fd7f13a79ccc0b1f4","name":"ccortez","image":{"@type":"ImageObject","inLanguage":"en-US","@id":"https:\/\/secure.gravatar.com\/avatar\/b2a6f664a3ae8e074346ef91775736c5ec479e637ecced6842de9dc98b5da9cd?s=96&d=mm&r=g","url":"https:\/\/secure.gravatar.com\/avatar\/b2a6f664a3ae8e074346ef91775736c5ec479e637ecced6842de9dc98b5da9cd?s=96&d=mm&r=g","contentUrl":"https:\/\/secure.gravatar.com\/avatar\/b2a6f664a3ae8e074346ef91775736c5ec479e637ecced6842de9dc98b5da9cd?s=96&d=mm&r=g","caption":"ccortez"},"url":"https:\/\/www.uartes.edu.ec\/sitio\/en\/blog\/author\/ccortez\/"}]}},"uagb_featured_image_src":{"full":["https:\/\/www.uartes.edu.ec\/sitio\/wp-content\/uploads\/2023\/05\/REDINAT-LUIS-PEREZ-VALERO.jpg",2000,1333,false],"thumbnail":["https:\/\/www.uartes.edu.ec\/sitio\/wp-content\/uploads\/2023\/05\/REDINAT-LUIS-PEREZ-VALERO-150x150.jpg",150,150,true],"medium":["https:\/\/www.uartes.edu.ec\/sitio\/wp-content\/uploads\/2023\/05\/REDINAT-LUIS-PEREZ-VALERO-300x200.jpg",300,200,true],"medium_large":["https:\/\/www.uartes.edu.ec\/sitio\/wp-content\/uploads\/2023\/05\/REDINAT-LUIS-PEREZ-VALERO-768x512.jpg",768,512,true],"large":["https:\/\/www.uartes.edu.ec\/sitio\/wp-content\/uploads\/2023\/05\/REDINAT-LUIS-PEREZ-VALERO-644x429.jpg",644,429,true],"1536x1536":["https:\/\/www.uartes.edu.ec\/sitio\/wp-content\/uploads\/2023\/05\/REDINAT-LUIS-PEREZ-VALERO-1536x1024.jpg",1536,1024,true],"2048x2048":["https:\/\/www.uartes.edu.ec\/sitio\/wp-content\/uploads\/2023\/05\/REDINAT-LUIS-PEREZ-VALERO.jpg",2000,1333,false],"trp-custom-language-flag":["https:\/\/www.uartes.edu.ec\/sitio\/wp-content\/uploads\/2023\/05\/REDINAT-LUIS-PEREZ-VALERO.jpg",18,12,false],"htmega_size_585x295":["https:\/\/www.uartes.edu.ec\/sitio\/wp-content\/uploads\/2023\/05\/REDINAT-LUIS-PEREZ-VALERO-585x295.jpg",585,295,true],"htmega_size_1170x536":["https:\/\/www.uartes.edu.ec\/sitio\/wp-content\/uploads\/2023\/05\/REDINAT-LUIS-PEREZ-VALERO-1170x536.jpg",1170,536,true],"htmega_size_396x360":["https:\/\/www.uartes.edu.ec\/sitio\/wp-content\/uploads\/2023\/05\/REDINAT-LUIS-PEREZ-VALERO-396x360.jpg",396,360,true],"gb-block-post-grid-landscape":["https:\/\/www.uartes.edu.ec\/sitio\/wp-content\/uploads\/2023\/05\/REDINAT-LUIS-PEREZ-VALERO-600x400.jpg",600,400,true],"gb-block-post-grid-square":["https:\/\/www.uartes.edu.ec\/sitio\/wp-content\/uploads\/2023\/05\/REDINAT-LUIS-PEREZ-VALERO-600x600.jpg",600,600,true],"university-hub-thumb":["https:\/\/www.uartes.edu.ec\/sitio\/wp-content\/uploads\/2023\/05\/REDINAT-LUIS-PEREZ-VALERO-400x267.jpg",400,267,true],"mailpoet_newsletter_max":["https:\/\/www.uartes.edu.ec\/sitio\/wp-content\/uploads\/2023\/05\/REDINAT-LUIS-PEREZ-VALERO.jpg",1320,880,false]},"uagb_author_info":{"display_name":"ccortez","author_link":"https:\/\/www.uartes.edu.ec\/sitio\/en\/blog\/author\/ccortez\/"},"uagb_comment_info":0,"uagb_excerpt":"El Grupo de investigaci\u00f3n S\/Z - Producci\u00f3n Musical e Investigaci\u00f3n en Artes, dirigido por Luis P\u00e9rez-Valero, junto con investigadores de la Universidad Nacional de Loja (UNL) y la Universidad de las Am\u00e9ricas (UDLA), han conformado REDINART: Red de Investigaci\u00f3n en Artes. Este equipo de investigaci\u00f3n se postul\u00f3 y gan\u00f3 la convocatoria 2023 para formar redes&hellip;","featured_image_src":"https:\/\/www.uartes.edu.ec\/sitio\/wp-content\/uploads\/2023\/05\/REDINAT-LUIS-PEREZ-VALERO-600x400.jpg","featured_image_src_square":"https:\/\/www.uartes.edu.ec\/sitio\/wp-content\/uploads\/2023\/05\/REDINAT-LUIS-PEREZ-VALERO-600x600.jpg","author_info":{"display_name":"ccortez","author_link":"https:\/\/www.uartes.edu.ec\/sitio\/en\/blog\/author\/ccortez\/"},"publishpress_future_workflow_manual_trigger":{"enabledWorkflows":[]},"distributor_meta":false,"distributor_terms":false,"distributor_media":false,"distributor_original_site_name":"Universidad de las Artes","distributor_original_site_url":"https:\/\/www.uartes.edu.ec\/sitio\/en","push-errors":false,"_links":{"self":[{"href":"https:\/\/www.uartes.edu.ec\/sitio\/en\/wp-json\/wp\/v2\/posts\/42400","targetHints":{"allow":["GET"]}}],"collection":[{"href":"https:\/\/www.uartes.edu.ec\/sitio\/en\/wp-json\/wp\/v2\/posts"}],"about":[{"href":"https:\/\/www.uartes.edu.ec\/sitio\/en\/wp-json\/wp\/v2\/types\/post"}],"author":[{"embeddable":true,"href":"https:\/\/www.uartes.edu.ec\/sitio\/en\/wp-json\/wp\/v2\/users\/10"}],"replies":[{"embeddable":true,"href":"https:\/\/www.uartes.edu.ec\/sitio\/en\/wp-json\/wp\/v2\/comments?post=42400"}],"version-history":[{"count":10,"href":"https:\/\/www.uartes.edu.ec\/sitio\/en\/wp-json\/wp\/v2\/posts\/42400\/revisions"}],"predecessor-version":[{"id":44441,"href":"https:\/\/www.uartes.edu.ec\/sitio\/en\/wp-json\/wp\/v2\/posts\/42400\/revisions\/44441"}],"wp:featuredmedia":[{"embeddable":true,"href":"https:\/\/www.uartes.edu.ec\/sitio\/en\/wp-json\/wp\/v2\/media\/42401"}],"wp:attachment":[{"href":"https:\/\/www.uartes.edu.ec\/sitio\/en\/wp-json\/wp\/v2\/media?parent=42400"}],"wp:term":[{"taxonomy":"category","embeddable":true,"href":"https:\/\/www.uartes.edu.ec\/sitio\/en\/wp-json\/wp\/v2\/categories?post=42400"},{"taxonomy":"post_tag","embeddable":true,"href":"https:\/\/www.uartes.edu.ec\/sitio\/en\/wp-json\/wp\/v2\/tags?post=42400"},{"taxonomy":"infouartes","embeddable":true,"href":"https:\/\/www.uartes.edu.ec\/sitio\/en\/wp-json\/wp\/v2\/infouartes?post=42400"}],"curies":[{"name":"wp","href":"https:\/\/api.w.org\/{rel}","templated":true}]}}