{"id":425,"date":"2017-05-19T16:46:28","date_gmt":"2017-05-19T21:46:28","guid":{"rendered":"http:\/\/www.uartes.edu.ec\/infouartes\/?p=425"},"modified":"2024-07-04T11:54:19","modified_gmt":"2024-07-04T16:54:19","slug":"estudiantes-uartes-crean-ravage-fotonovela-inspirada-en-la-jetee-de-chris-marker","status":"publish","type":"post","link":"https:\/\/www.uartes.edu.ec\/sitio\/en\/blog\/2017\/05\/19\/estudiantes-uartes-crean-ravage-fotonovela-inspirada-en-la-jetee-de-chris-marker\/","title":{"rendered":"Estudiantes UArtes crean Ravage, fotonovela inspirada en La Jet\u00e9e de Chris Marker"},"content":{"rendered":"<p>Bryan Portocarrero, Guillermo Samaniego, Anthony Moreno, pertenecientes a la carrera de Cine, junto a Dennisse Elizalde, estudiante de Creaci\u00f3n Teatral, y Hjalmar Vinueza, de la carrera de Artes Musicales y Sonoras, produjeron la foto novela RAVAGE, inspirada en \u2018La Jet\u00e9e\u2019 de Chris Marker (1962). La obra fue la ganadora del primer lugar en la <a href=\"http:\/\/www.uartes.edu.ec\/agua\/?event=linguistic-projects-presentation-presentacion-proyectos-artisticos-linguisticos\">Presentaci\u00f3n de proyectos art\u00edsticos-ling\u00fc\u00edsticos<\/a> como parte de la metodolog\u00eda integral propuesta en la clase de Ingl\u00e9s II de la docente Vanessa Echeverr\u00eda, desarrollada en el semestre B 2016 de la Universidad de las Artes \u00a0del Ecuador (UArtes).<\/p>\n<p>Ravage es un cortometraje de ficci\u00f3n que narra la historia de un habitante en un mundo dist\u00f3pico que desea regresar en el tiempo, cuando pod\u00eda disfrutar de la naturaleza en todo su esplendor, mucho antes de que la negligencia humana haya llevado al mundo al borde de la destrucci\u00f3n. Usando una m\u00e1quina del tiempo llega a Guayaquil en el tiempo presente, donde sus calles ser\u00e1n el escenario para un mundo al borde del Apocalipsis.<\/p>\n<p>\u201cGracias a la complementariedad de nuestras capacidades art\u00edsticas y conscientes de nuestro compromiso social, desarrollamos este proyecto que busca sensibilizar a las personas sobre el cuidado del medio ambiente, sabiendo que su deterioro podr\u00eda provocar nuestro exterminio como especie. Adem\u00e1s, la lengua inglesa concede a este proyecto una difusi\u00f3n internacional, que nos permite llegar, con nuestro mensaje, a un mayor n\u00famero de personas con las que compartimos la responsabilidad de proteger el planeta que habitamos y a su vez, ponemos en pr\u00e1ctica nuestros conocimientos adquiridos en este nivel de Ingl\u00e9s.\u201d indican los estudiantes en el abstract de su proyecto.<\/p>\n<p>El proyecto se compuso de cuatro fases:<\/p>\n<ol>\n<li>Reporte escrito (abstract, objectives, materials and conclusion);<\/li>\n<li>Reportes digitales a trav\u00e9s de Twitter usando un hashtag grupal;<\/li>\n<li>Presentaci\u00f3n del desarrollo del proyecto durante 6 semanas usando diapositivas a trav\u00e9s de herramientas digitales libres en la web (Prezi, Googleslides, Emaze);<\/li>\n<li>Producto (cortometraje, canci\u00f3n, puesta en escena, cuento, etc.).<\/li>\n<\/ol>\n<p>Se evalu\u00f3 su control del idioma (gram\u00e1tica, vocabulario y ortograf\u00eda), contenido (narrativa), comprensibilidad (pronunciaci\u00f3n y fluidez) y mensaje as\u00ed como su aporte art\u00edstico.<\/p>\n<p>\u201cLa idea de crear proyectos interculturales colaborativos en un idioma extranjero como Ingl\u00e9s, potencia las habilidades art\u00edsticas y talentos innatos que los estudiantes poseen con una perspectiva global; ellos son capaces de grandes desaf\u00edos y su trabajo lo refleja de manera excepcional.\u201d refiri\u00f3 la docente durante el evento de presentaci\u00f3n.<\/p>\n<p>Mira <a href=\"https:\/\/www.youtube.com\/watch?v=Cim8l5Hapxo\">el cortometraje<\/a>.<\/p>","protected":false},"excerpt":{"rendered":"<p>Bryan Portocarrero, Guillermo Samaniego, Anthony Moreno, pertenecientes a la carrera de Cine, junto a Dennisse Elizalde, estudiante de Creaci\u00f3n Teatral, y Hjalmar Vinueza, de la carrera de Artes Musicales y Sonoras, produjeron la foto novela RAVAGE, inspirada en \u2018La Jet\u00e9e\u2019 de Chris Marker (1962). La obra fue la ganadora del primer lugar en la Presentaci\u00f3n [&hellip;]<\/p>\n","protected":false},"author":1,"featured_media":426,"comment_status":"closed","ping_status":"open","sticky":false,"template":"","format":"standard","meta":{"_acf_changed":false,"_uag_custom_page_level_css":"","_monsterinsights_skip_tracking":false,"_monsterinsights_sitenote_active":false,"_monsterinsights_sitenote_note":"","_monsterinsights_sitenote_category":0,"cybocfi_hide_featured_image":"","footnotes":""},"categories":[76],"tags":[],"infouartes":[],"class_list":["post-425","post","type-post","status-publish","format-standard","has-post-thumbnail","hentry","category-estudiantes"],"acf":[],"yoast_head":"<!-- This site is optimized with the Yoast SEO plugin v27.4 - https:\/\/yoast.com\/product\/yoast-seo-wordpress\/ -->\n<title>Universidad de las Artes - Estudiantes UArtes crean Ravage, fotonovela inspirada en La Jet\u00e9e de Chris Marker<\/title>\n<meta name=\"description\" content=\"Universidad de las Artes - Estudiantes UArtes crean Ravage, fotonovela inspirada en La Jet\u00e9e de Chris Marker\" \/>\n<meta name=\"robots\" content=\"index, follow, max-snippet:-1, max-image-preview:large, max-video-preview:-1\" \/>\n<link rel=\"canonical\" href=\"https:\/\/www.uartes.edu.ec\/sitio\/en\/blog\/2017\/05\/19\/estudiantes-uartes-crean-ravage-fotonovela-inspirada-en-la-jetee-de-chris-marker\/\" \/>\n<meta property=\"og:locale\" content=\"en_US\" \/>\n<meta property=\"og:type\" content=\"article\" \/>\n<meta property=\"og:title\" content=\"Universidad de las Artes - Estudiantes UArtes crean Ravage, fotonovela inspirada en La Jet\u00e9e de Chris Marker\" \/>\n<meta property=\"og:description\" content=\"Universidad de las Artes - Estudiantes UArtes crean Ravage, fotonovela inspirada en La Jet\u00e9e de Chris Marker\" \/>\n<meta property=\"og:url\" content=\"https:\/\/www.uartes.edu.ec\/sitio\/en\/blog\/2017\/05\/19\/estudiantes-uartes-crean-ravage-fotonovela-inspirada-en-la-jetee-de-chris-marker\/\" \/>\n<meta property=\"og:site_name\" content=\"Universidad de las Artes\" \/>\n<meta property=\"article:publisher\" content=\"https:\/\/www.facebook.com\/uartesec\" \/>\n<meta property=\"article:published_time\" content=\"2017-05-19T21:46:28+00:00\" \/>\n<meta property=\"article:modified_time\" content=\"2024-07-04T16:54:19+00:00\" \/>\n<meta name=\"author\" content=\"Universidad de las Artes\" \/>\n<meta name=\"twitter:card\" content=\"summary_large_image\" \/>\n<meta name=\"twitter:creator\" content=\"@uartesec\" \/>\n<meta name=\"twitter:site\" content=\"@uartesec\" \/>\n<meta name=\"twitter:label1\" content=\"Written by\" \/>\n\t<meta name=\"twitter:data1\" content=\"Universidad de las Artes\" \/>\n\t<meta name=\"twitter:label2\" content=\"Est. reading time\" \/>\n\t<meta name=\"twitter:data2\" content=\"2 minutes\" \/>\n<script type=\"application\/ld+json\" class=\"yoast-schema-graph\">{\"@context\":\"https:\\\/\\\/schema.org\",\"@graph\":[{\"@type\":\"Article\",\"@id\":\"https:\\\/\\\/www.uartes.edu.ec\\\/sitio\\\/en\\\/blog\\\/2017\\\/05\\\/19\\\/estudiantes-uartes-crean-ravage-fotonovela-inspirada-en-la-jetee-de-chris-marker\\\/#article\",\"isPartOf\":{\"@id\":\"https:\\\/\\\/www.uartes.edu.ec\\\/sitio\\\/en\\\/blog\\\/2017\\\/05\\\/19\\\/estudiantes-uartes-crean-ravage-fotonovela-inspirada-en-la-jetee-de-chris-marker\\\/\"},\"author\":{\"name\":\"Universidad de las Artes\",\"@id\":\"https:\\\/\\\/www.uartes.edu.ec\\\/sitio\\\/en\\\/#\\\/schema\\\/person\\\/f33f8c1d2af0d5c80a38c8abf458184a\"},\"headline\":\"Estudiantes UArtes crean Ravage, fotonovela inspirada en La Jet\u00e9e de Chris Marker\",\"datePublished\":\"2017-05-19T21:46:28+00:00\",\"dateModified\":\"2024-07-04T16:54:19+00:00\",\"mainEntityOfPage\":{\"@id\":\"https:\\\/\\\/www.uartes.edu.ec\\\/sitio\\\/en\\\/blog\\\/2017\\\/05\\\/19\\\/estudiantes-uartes-crean-ravage-fotonovela-inspirada-en-la-jetee-de-chris-marker\\\/\"},\"wordCount\":437,\"publisher\":{\"@id\":\"https:\\\/\\\/www.uartes.edu.ec\\\/sitio\\\/en\\\/#organization\"},\"image\":{\"@id\":\"https:\\\/\\\/www.uartes.edu.ec\\\/sitio\\\/en\\\/blog\\\/2017\\\/05\\\/19\\\/estudiantes-uartes-crean-ravage-fotonovela-inspirada-en-la-jetee-de-chris-marker\\\/#primaryimage\"},\"thumbnailUrl\":\"\",\"articleSection\":[\"Estudiantes\"],\"inLanguage\":\"en-US\"},{\"@type\":[\"WebPage\",\"ItemPage\"],\"@id\":\"https:\\\/\\\/www.uartes.edu.ec\\\/sitio\\\/en\\\/blog\\\/2017\\\/05\\\/19\\\/estudiantes-uartes-crean-ravage-fotonovela-inspirada-en-la-jetee-de-chris-marker\\\/\",\"url\":\"https:\\\/\\\/www.uartes.edu.ec\\\/sitio\\\/en\\\/blog\\\/2017\\\/05\\\/19\\\/estudiantes-uartes-crean-ravage-fotonovela-inspirada-en-la-jetee-de-chris-marker\\\/\",\"name\":\"Universidad de las Artes - Estudiantes UArtes crean Ravage, fotonovela inspirada en La Jet\u00e9e de Chris Marker\",\"isPartOf\":{\"@id\":\"https:\\\/\\\/www.uartes.edu.ec\\\/sitio\\\/en\\\/#website\"},\"primaryImageOfPage\":{\"@id\":\"https:\\\/\\\/www.uartes.edu.ec\\\/sitio\\\/en\\\/blog\\\/2017\\\/05\\\/19\\\/estudiantes-uartes-crean-ravage-fotonovela-inspirada-en-la-jetee-de-chris-marker\\\/#primaryimage\"},\"image\":{\"@id\":\"https:\\\/\\\/www.uartes.edu.ec\\\/sitio\\\/en\\\/blog\\\/2017\\\/05\\\/19\\\/estudiantes-uartes-crean-ravage-fotonovela-inspirada-en-la-jetee-de-chris-marker\\\/#primaryimage\"},\"thumbnailUrl\":\"\",\"datePublished\":\"2017-05-19T21:46:28+00:00\",\"dateModified\":\"2024-07-04T16:54:19+00:00\",\"description\":\"Universidad de las Artes - Estudiantes UArtes crean Ravage, fotonovela inspirada en La Jet\u00e9e de Chris Marker\",\"breadcrumb\":{\"@id\":\"https:\\\/\\\/www.uartes.edu.ec\\\/sitio\\\/en\\\/blog\\\/2017\\\/05\\\/19\\\/estudiantes-uartes-crean-ravage-fotonovela-inspirada-en-la-jetee-de-chris-marker\\\/#breadcrumb\"},\"inLanguage\":\"en-US\",\"potentialAction\":[{\"@type\":\"ReadAction\",\"target\":[\"https:\\\/\\\/www.uartes.edu.ec\\\/sitio\\\/en\\\/blog\\\/2017\\\/05\\\/19\\\/estudiantes-uartes-crean-ravage-fotonovela-inspirada-en-la-jetee-de-chris-marker\\\/\"]}]},{\"@type\":\"ImageObject\",\"inLanguage\":\"en-US\",\"@id\":\"https:\\\/\\\/www.uartes.edu.ec\\\/sitio\\\/en\\\/blog\\\/2017\\\/05\\\/19\\\/estudiantes-uartes-crean-ravage-fotonovela-inspirada-en-la-jetee-de-chris-marker\\\/#primaryimage\",\"url\":\"\",\"contentUrl\":\"\"},{\"@type\":\"BreadcrumbList\",\"@id\":\"https:\\\/\\\/www.uartes.edu.ec\\\/sitio\\\/en\\\/blog\\\/2017\\\/05\\\/19\\\/estudiantes-uartes-crean-ravage-fotonovela-inspirada-en-la-jetee-de-chris-marker\\\/#breadcrumb\",\"itemListElement\":[{\"@type\":\"ListItem\",\"position\":1,\"name\":\"Inicio\",\"item\":\"https:\\\/\\\/www.uartes.edu.ec\\\/sitio\\\/\"},{\"@type\":\"ListItem\",\"position\":2,\"name\":\"Estudiantes UArtes crean Ravage, fotonovela inspirada en La Jet\u00e9e de Chris Marker\"}]},{\"@type\":\"WebSite\",\"@id\":\"https:\\\/\\\/www.uartes.edu.ec\\\/sitio\\\/en\\\/#website\",\"url\":\"https:\\\/\\\/www.uartes.edu.ec\\\/sitio\\\/en\\\/\",\"name\":\"Universidad de las Artes\",\"description\":\"Sitio oficial de la Universidad Nacional de las Artes del Ecuador\",\"publisher\":{\"@id\":\"https:\\\/\\\/www.uartes.edu.ec\\\/sitio\\\/en\\\/#organization\"},\"potentialAction\":[{\"@type\":\"SearchAction\",\"target\":{\"@type\":\"EntryPoint\",\"urlTemplate\":\"https:\\\/\\\/www.uartes.edu.ec\\\/sitio\\\/en\\\/?s={search_term_string}\"},\"query-input\":{\"@type\":\"PropertyValueSpecification\",\"valueRequired\":true,\"valueName\":\"search_term_string\"}}],\"inLanguage\":\"en-US\"},{\"@type\":\"Organization\",\"@id\":\"https:\\\/\\\/www.uartes.edu.ec\\\/sitio\\\/en\\\/#organization\",\"name\":\"Universidad de las Artes\",\"url\":\"https:\\\/\\\/www.uartes.edu.ec\\\/sitio\\\/en\\\/\",\"logo\":{\"@type\":\"ImageObject\",\"inLanguage\":\"en-US\",\"@id\":\"https:\\\/\\\/www.uartes.edu.ec\\\/sitio\\\/en\\\/#\\\/schema\\\/logo\\\/image\\\/\",\"url\":\"https:\\\/\\\/www.uartes.edu.ec\\\/sitio\\\/wp-content\\\/uploads\\\/2022\\\/07\\\/logo-ua-horizontal.png\",\"contentUrl\":\"https:\\\/\\\/www.uartes.edu.ec\\\/sitio\\\/wp-content\\\/uploads\\\/2022\\\/07\\\/logo-ua-horizontal.png\",\"width\":800,\"height\":276,\"caption\":\"Universidad de las Artes\"},\"image\":{\"@id\":\"https:\\\/\\\/www.uartes.edu.ec\\\/sitio\\\/en\\\/#\\\/schema\\\/logo\\\/image\\\/\"},\"sameAs\":[\"https:\\\/\\\/www.facebook.com\\\/uartesec\",\"https:\\\/\\\/x.com\\\/uartesec\",\"https:\\\/\\\/www.tiktok.com\\\/@uartesec\"]},{\"@type\":\"Person\",\"@id\":\"https:\\\/\\\/www.uartes.edu.ec\\\/sitio\\\/en\\\/#\\\/schema\\\/person\\\/f33f8c1d2af0d5c80a38c8abf458184a\",\"name\":\"Universidad de las Artes\",\"image\":{\"@type\":\"ImageObject\",\"inLanguage\":\"en-US\",\"@id\":\"https:\\\/\\\/secure.gravatar.com\\\/avatar\\\/52e4757902f5cfa5ac52d020e5be83cae5487519154b6c35482fe08d589f3c13?s=96&d=mm&r=g\",\"url\":\"https:\\\/\\\/secure.gravatar.com\\\/avatar\\\/52e4757902f5cfa5ac52d020e5be83cae5487519154b6c35482fe08d589f3c13?s=96&d=mm&r=g\",\"contentUrl\":\"https:\\\/\\\/secure.gravatar.com\\\/avatar\\\/52e4757902f5cfa5ac52d020e5be83cae5487519154b6c35482fe08d589f3c13?s=96&d=mm&r=g\",\"caption\":\"Universidad de las Artes\"},\"url\":\"https:\\\/\\\/www.uartes.edu.ec\\\/sitio\\\/en\\\/blog\\\/author\\\/dircomadm\\\/\"}]}<\/script>\n<!-- \/ Yoast SEO plugin. -->","yoast_head_json":{"title":"Universidad de las Artes - Estudiantes UArtes crean Ravage, fotonovela inspirada en La Jet\u00e9e de Chris Marker","description":"Universidad de las Artes - Estudiantes UArtes crean Ravage, fotonovela inspirada en La Jet\u00e9e de Chris Marker","robots":{"index":"index","follow":"follow","max-snippet":"max-snippet:-1","max-image-preview":"max-image-preview:large","max-video-preview":"max-video-preview:-1"},"canonical":"https:\/\/www.uartes.edu.ec\/sitio\/en\/blog\/2017\/05\/19\/estudiantes-uartes-crean-ravage-fotonovela-inspirada-en-la-jetee-de-chris-marker\/","og_locale":"en_US","og_type":"article","og_title":"Universidad de las Artes - Estudiantes UArtes crean Ravage, fotonovela inspirada en La Jet\u00e9e de Chris Marker","og_description":"Universidad de las Artes - Estudiantes UArtes crean Ravage, fotonovela inspirada en La Jet\u00e9e de Chris Marker","og_url":"https:\/\/www.uartes.edu.ec\/sitio\/en\/blog\/2017\/05\/19\/estudiantes-uartes-crean-ravage-fotonovela-inspirada-en-la-jetee-de-chris-marker\/","og_site_name":"Universidad de las Artes","article_publisher":"https:\/\/www.facebook.com\/uartesec","article_published_time":"2017-05-19T21:46:28+00:00","article_modified_time":"2024-07-04T16:54:19+00:00","author":"Universidad de las Artes","twitter_card":"summary_large_image","twitter_creator":"@uartesec","twitter_site":"@uartesec","twitter_misc":{"Written by":"Universidad de las Artes","Est. reading time":"2 minutes"},"schema":{"@context":"https:\/\/schema.org","@graph":[{"@type":"Article","@id":"https:\/\/www.uartes.edu.ec\/sitio\/en\/blog\/2017\/05\/19\/estudiantes-uartes-crean-ravage-fotonovela-inspirada-en-la-jetee-de-chris-marker\/#article","isPartOf":{"@id":"https:\/\/www.uartes.edu.ec\/sitio\/en\/blog\/2017\/05\/19\/estudiantes-uartes-crean-ravage-fotonovela-inspirada-en-la-jetee-de-chris-marker\/"},"author":{"name":"Universidad de las Artes","@id":"https:\/\/www.uartes.edu.ec\/sitio\/en\/#\/schema\/person\/f33f8c1d2af0d5c80a38c8abf458184a"},"headline":"Estudiantes UArtes crean Ravage, fotonovela inspirada en La Jet\u00e9e de Chris Marker","datePublished":"2017-05-19T21:46:28+00:00","dateModified":"2024-07-04T16:54:19+00:00","mainEntityOfPage":{"@id":"https:\/\/www.uartes.edu.ec\/sitio\/en\/blog\/2017\/05\/19\/estudiantes-uartes-crean-ravage-fotonovela-inspirada-en-la-jetee-de-chris-marker\/"},"wordCount":437,"publisher":{"@id":"https:\/\/www.uartes.edu.ec\/sitio\/en\/#organization"},"image":{"@id":"https:\/\/www.uartes.edu.ec\/sitio\/en\/blog\/2017\/05\/19\/estudiantes-uartes-crean-ravage-fotonovela-inspirada-en-la-jetee-de-chris-marker\/#primaryimage"},"thumbnailUrl":"","articleSection":["Estudiantes"],"inLanguage":"en-US"},{"@type":["WebPage","ItemPage"],"@id":"https:\/\/www.uartes.edu.ec\/sitio\/en\/blog\/2017\/05\/19\/estudiantes-uartes-crean-ravage-fotonovela-inspirada-en-la-jetee-de-chris-marker\/","url":"https:\/\/www.uartes.edu.ec\/sitio\/en\/blog\/2017\/05\/19\/estudiantes-uartes-crean-ravage-fotonovela-inspirada-en-la-jetee-de-chris-marker\/","name":"Universidad de las Artes - Estudiantes UArtes crean Ravage, fotonovela inspirada en La Jet\u00e9e de Chris Marker","isPartOf":{"@id":"https:\/\/www.uartes.edu.ec\/sitio\/en\/#website"},"primaryImageOfPage":{"@id":"https:\/\/www.uartes.edu.ec\/sitio\/en\/blog\/2017\/05\/19\/estudiantes-uartes-crean-ravage-fotonovela-inspirada-en-la-jetee-de-chris-marker\/#primaryimage"},"image":{"@id":"https:\/\/www.uartes.edu.ec\/sitio\/en\/blog\/2017\/05\/19\/estudiantes-uartes-crean-ravage-fotonovela-inspirada-en-la-jetee-de-chris-marker\/#primaryimage"},"thumbnailUrl":"","datePublished":"2017-05-19T21:46:28+00:00","dateModified":"2024-07-04T16:54:19+00:00","description":"Universidad de las Artes - Estudiantes UArtes crean Ravage, fotonovela inspirada en La Jet\u00e9e de Chris Marker","breadcrumb":{"@id":"https:\/\/www.uartes.edu.ec\/sitio\/en\/blog\/2017\/05\/19\/estudiantes-uartes-crean-ravage-fotonovela-inspirada-en-la-jetee-de-chris-marker\/#breadcrumb"},"inLanguage":"en-US","potentialAction":[{"@type":"ReadAction","target":["https:\/\/www.uartes.edu.ec\/sitio\/en\/blog\/2017\/05\/19\/estudiantes-uartes-crean-ravage-fotonovela-inspirada-en-la-jetee-de-chris-marker\/"]}]},{"@type":"ImageObject","inLanguage":"en-US","@id":"https:\/\/www.uartes.edu.ec\/sitio\/en\/blog\/2017\/05\/19\/estudiantes-uartes-crean-ravage-fotonovela-inspirada-en-la-jetee-de-chris-marker\/#primaryimage","url":"","contentUrl":""},{"@type":"BreadcrumbList","@id":"https:\/\/www.uartes.edu.ec\/sitio\/en\/blog\/2017\/05\/19\/estudiantes-uartes-crean-ravage-fotonovela-inspirada-en-la-jetee-de-chris-marker\/#breadcrumb","itemListElement":[{"@type":"ListItem","position":1,"name":"Inicio","item":"https:\/\/www.uartes.edu.ec\/sitio\/"},{"@type":"ListItem","position":2,"name":"Estudiantes UArtes crean Ravage, fotonovela inspirada en La Jet\u00e9e de Chris Marker"}]},{"@type":"WebSite","@id":"https:\/\/www.uartes.edu.ec\/sitio\/en\/#website","url":"https:\/\/www.uartes.edu.ec\/sitio\/en\/","name":"Universidad de las Artes","description":"Sitio oficial de la Universidad Nacional de las Artes del Ecuador","publisher":{"@id":"https:\/\/www.uartes.edu.ec\/sitio\/en\/#organization"},"potentialAction":[{"@type":"SearchAction","target":{"@type":"EntryPoint","urlTemplate":"https:\/\/www.uartes.edu.ec\/sitio\/en\/?s={search_term_string}"},"query-input":{"@type":"PropertyValueSpecification","valueRequired":true,"valueName":"search_term_string"}}],"inLanguage":"en-US"},{"@type":"Organization","@id":"https:\/\/www.uartes.edu.ec\/sitio\/en\/#organization","name":"Universidad de las Artes","url":"https:\/\/www.uartes.edu.ec\/sitio\/en\/","logo":{"@type":"ImageObject","inLanguage":"en-US","@id":"https:\/\/www.uartes.edu.ec\/sitio\/en\/#\/schema\/logo\/image\/","url":"https:\/\/www.uartes.edu.ec\/sitio\/wp-content\/uploads\/2022\/07\/logo-ua-horizontal.png","contentUrl":"https:\/\/www.uartes.edu.ec\/sitio\/wp-content\/uploads\/2022\/07\/logo-ua-horizontal.png","width":800,"height":276,"caption":"Universidad de las Artes"},"image":{"@id":"https:\/\/www.uartes.edu.ec\/sitio\/en\/#\/schema\/logo\/image\/"},"sameAs":["https:\/\/www.facebook.com\/uartesec","https:\/\/x.com\/uartesec","https:\/\/www.tiktok.com\/@uartesec"]},{"@type":"Person","@id":"https:\/\/www.uartes.edu.ec\/sitio\/en\/#\/schema\/person\/f33f8c1d2af0d5c80a38c8abf458184a","name":"Universidad de las Artes","image":{"@type":"ImageObject","inLanguage":"en-US","@id":"https:\/\/secure.gravatar.com\/avatar\/52e4757902f5cfa5ac52d020e5be83cae5487519154b6c35482fe08d589f3c13?s=96&d=mm&r=g","url":"https:\/\/secure.gravatar.com\/avatar\/52e4757902f5cfa5ac52d020e5be83cae5487519154b6c35482fe08d589f3c13?s=96&d=mm&r=g","contentUrl":"https:\/\/secure.gravatar.com\/avatar\/52e4757902f5cfa5ac52d020e5be83cae5487519154b6c35482fe08d589f3c13?s=96&d=mm&r=g","caption":"Universidad de las Artes"},"url":"https:\/\/www.uartes.edu.ec\/sitio\/en\/blog\/author\/dircomadm\/"}]}},"uagb_featured_image_src":{"full":false,"thumbnail":false,"medium":false,"medium_large":false,"large":false,"1536x1536":false,"2048x2048":false,"trp-custom-language-flag":false,"htmega_size_585x295":false,"htmega_size_1170x536":false,"htmega_size_396x360":false,"gb-block-post-grid-landscape":false,"gb-block-post-grid-square":false,"university-hub-thumb":false,"mailpoet_newsletter_max":false},"uagb_author_info":{"display_name":"Universidad de las Artes","author_link":"https:\/\/www.uartes.edu.ec\/sitio\/en\/blog\/author\/dircomadm\/"},"uagb_comment_info":0,"uagb_excerpt":"Bryan Portocarrero, Guillermo Samaniego, Anthony Moreno, pertenecientes a la carrera de Cine, junto a Dennisse Elizalde, estudiante de Creaci\u00f3n Teatral, y Hjalmar Vinueza, de la carrera de Artes Musicales y Sonoras, produjeron la foto novela RAVAGE, inspirada en \u2018La Jet\u00e9e\u2019 de Chris Marker (1962). La obra fue la ganadora del primer lugar en la Presentaci\u00f3n&hellip;","featured_image_src":null,"featured_image_src_square":null,"author_info":{"display_name":"Universidad de las Artes","author_link":"https:\/\/www.uartes.edu.ec\/sitio\/en\/blog\/author\/dircomadm\/"},"publishpress_future_workflow_manual_trigger":{"enabledWorkflows":[]},"distributor_meta":false,"distributor_terms":false,"distributor_media":false,"distributor_original_site_name":"Universidad de las Artes","distributor_original_site_url":"https:\/\/www.uartes.edu.ec\/sitio\/en","push-errors":false,"_links":{"self":[{"href":"https:\/\/www.uartes.edu.ec\/sitio\/en\/wp-json\/wp\/v2\/posts\/425","targetHints":{"allow":["GET"]}}],"collection":[{"href":"https:\/\/www.uartes.edu.ec\/sitio\/en\/wp-json\/wp\/v2\/posts"}],"about":[{"href":"https:\/\/www.uartes.edu.ec\/sitio\/en\/wp-json\/wp\/v2\/types\/post"}],"author":[{"embeddable":true,"href":"https:\/\/www.uartes.edu.ec\/sitio\/en\/wp-json\/wp\/v2\/users\/1"}],"replies":[{"embeddable":true,"href":"https:\/\/www.uartes.edu.ec\/sitio\/en\/wp-json\/wp\/v2\/comments?post=425"}],"version-history":[{"count":1,"href":"https:\/\/www.uartes.edu.ec\/sitio\/en\/wp-json\/wp\/v2\/posts\/425\/revisions"}],"predecessor-version":[{"id":58054,"href":"https:\/\/www.uartes.edu.ec\/sitio\/en\/wp-json\/wp\/v2\/posts\/425\/revisions\/58054"}],"wp:featuredmedia":[{"embeddable":true,"href":"https:\/\/www.uartes.edu.ec\/sitio\/en\/wp-json\/"}],"wp:attachment":[{"href":"https:\/\/www.uartes.edu.ec\/sitio\/en\/wp-json\/wp\/v2\/media?parent=425"}],"wp:term":[{"taxonomy":"category","embeddable":true,"href":"https:\/\/www.uartes.edu.ec\/sitio\/en\/wp-json\/wp\/v2\/categories?post=425"},{"taxonomy":"post_tag","embeddable":true,"href":"https:\/\/www.uartes.edu.ec\/sitio\/en\/wp-json\/wp\/v2\/tags?post=425"},{"taxonomy":"infouartes","embeddable":true,"href":"https:\/\/www.uartes.edu.ec\/sitio\/en\/wp-json\/wp\/v2\/infouartes?post=425"}],"curies":[{"name":"wp","href":"https:\/\/api.w.org\/{rel}","templated":true}]}}