{"id":42613,"date":"2023-05-31T15:58:00","date_gmt":"2023-05-31T20:58:00","guid":{"rendered":"https:\/\/www.uartes.edu.ec\/sitio\/?p=42613"},"modified":"2024-07-04T11:21:09","modified_gmt":"2024-07-04T16:21:09","slug":"proyecto-anima-laboratorio-artistico-para-la-transformacion-en-sectores-vulnerables","status":"publish","type":"post","link":"https:\/\/www.uartes.edu.ec\/sitio\/en\/blog\/2023\/05\/31\/proyecto-anima-laboratorio-artistico-para-la-transformacion-en-sectores-vulnerables\/","title":{"rendered":"Con talleres art\u00edsticos y acciones de intervenci\u00f3n, el proyecto \u00c1nima impulsa el trabajo en comunidad"},"content":{"rendered":"<p>En un video que el Consejo de Participaci\u00f3n Ciudadana y Control Social (CPCCS) ha difundido en sus redes sociales, la estudiante Jemina Jara, de la carrera Pedagog\u00eda de las Artes y Humanidades que la UArtes comparte con la UNAE, menciona los talleres con temas relativos al fortalecimiento de la transparencia y prevenci\u00f3n de la corrupci\u00f3n en los que particip\u00f3 y que considera una oportunidad para intercambiar conocimientos y llevar adelante los procesos educativos.<\/p>\n\n\n\n<p>En el audiovisual tambi\u00e9n interviene Jonnatan Vera, de la misma carrera UArtes-UNAE, quien indica ganaron experiencia y conocimientos que pondr\u00e1n en pr\u00e1ctica a lo largo de sus carreras.<\/p>\n\n\n\n<p>Estas participaciones resultan de los v\u00ednculos que la UArtes mantiene con organizaciones sociales; adem\u00e1s del CPCCS, HIAS, Comit\u00e9 Permanente por la Defensa de los Derechos Humanos (CDH) y Fundaci\u00f3n Sin L\u00edmites. Se suscitan por los proyectos que desde nuestra instituci\u00f3n se impulsan. El de la capacitaci\u00f3n mencionada corresponde a \u00c1nima: Laboratorio art\u00edstico para la transformaci\u00f3n en sectores vulnerables.<\/p>\n\n\n\n<p>El director del proyecto es Jorge Tigrero, docente de la carrera Pedagog\u00eda de las Artes y Humanidades. Integran el grupo de trabajo: Ana Mar\u00eda Gonz\u00e1lez, directora de Sala R\u00eda, de la Biblioteca de las Artes; Yanella Duarte, docente y directora de Nivelaci\u00f3n; Juan Jos\u00e9 Rocha, docente de la Escuela de Literatura; y Janina Su\u00e1rez, jefa de Pr\u00e1cticas Preprofesionales.<\/p>\n\n\n<div class=\"wp-block-image\">\n<figure class=\"aligncenter size-large\"><img fetchpriority=\"high\" decoding=\"async\" width=\"644\" height=\"429\" src=\"https:\/\/www.uartes.edu.ec\/sitio\/wp-content\/uploads\/2023\/06\/Convenio-cpccs-01-644x429.jpg\" alt=\"\" class=\"wp-image-42615\" srcset=\"https:\/\/www.uartes.edu.ec\/sitio\/wp-content\/uploads\/2023\/06\/Convenio-cpccs-01-644x429.jpg 644w, https:\/\/www.uartes.edu.ec\/sitio\/wp-content\/uploads\/2023\/06\/Convenio-cpccs-01-768x511.jpg 768w, https:\/\/www.uartes.edu.ec\/sitio\/wp-content\/uploads\/2023\/06\/Convenio-cpccs-01.jpg 2000w, https:\/\/www.uartes.edu.ec\/sitio\/wp-content\/uploads\/2023\/06\/Convenio-cpccs-01-600x399.jpg 600w, https:\/\/www.uartes.edu.ec\/sitio\/wp-content\/uploads\/2023\/06\/Convenio-cpccs-01-272x182.jpg 272w\" sizes=\"(max-width: 644px) 100vw, 644px\" \/><\/figure>\n<\/div>\n\n\n<p>\u201cDesarrollamos e implementamos estrategias de trabajo en comunidad vinculadas a talleres art\u00edsticos y acciones de&nbsp;intervenci\u00f3n\u201d, anota Tigrero y se\u00f1ala como marco proponer soluciones a diversas problem\u00e1ticas de comunidades en situaci\u00f3n de vulnerabilidad.<\/p>\n\n\n\n<p>En este contexto, agrega, trabajaron en los sectores de la Cooperativa Juan Montalvo y la Isla Trinitaria, gracias al apoyo de Fundaci\u00f3n Sin L\u00edmites y la Unidad Educativa Dr. Higinio Malav\u00e9, respectivamente. Es a trav\u00e9s de los talleres art\u00edsticos generados por los estudiantes que nos vinculamos con las diferentes comunidades asociadas a HIAS, CPCCS y CDH.<\/p>\n\n\n\n<p>Las tem\u00e1ticas de los talleres est\u00e1n enfocadas en la generaci\u00f3n y el fortalecimiento de competencias a trav\u00e9s de las artes por medio de temas, como creaci\u00f3n de m\u00e1scaras, elaboraci\u00f3n de t\u00edteres, identidad cultural, tradiciones orales, origami, danzas aut\u00f3ctonas, entre otros.<\/p>\n\n\n\n<p>\u201cTambi\u00e9n, gracias a la direcci\u00f3n de Yanella, se desarrolla el coro \u00c1nima, integrado por adultos mayores que practican semanalmente en las instalaciones de la Biblioteca de las Artes. Dichos talleres se aplican en las comunidades y de manera constante durante cada semana en Sala R\u00eda, a beneficio de toda la comunidad\u201d, expresa el docente.<\/p>\n\n\n<div class=\"wp-block-image\">\n<figure class=\"aligncenter size-large\"><img decoding=\"async\" width=\"644\" height=\"429\" src=\"https:\/\/www.uartes.edu.ec\/sitio\/wp-content\/uploads\/2023\/06\/Convenio-cpccs-02-644x429.jpg\" alt=\"\" class=\"wp-image-42616\" srcset=\"https:\/\/www.uartes.edu.ec\/sitio\/wp-content\/uploads\/2023\/06\/Convenio-cpccs-02-644x429.jpg 644w, https:\/\/www.uartes.edu.ec\/sitio\/wp-content\/uploads\/2023\/06\/Convenio-cpccs-02-768x511.jpg 768w, https:\/\/www.uartes.edu.ec\/sitio\/wp-content\/uploads\/2023\/06\/Convenio-cpccs-02.jpg 2000w, https:\/\/www.uartes.edu.ec\/sitio\/wp-content\/uploads\/2023\/06\/Convenio-cpccs-02-600x399.jpg 600w, https:\/\/www.uartes.edu.ec\/sitio\/wp-content\/uploads\/2023\/06\/Convenio-cpccs-02-272x182.jpg 272w\" sizes=\"(max-width: 644px) 100vw, 644px\" \/><\/figure>\n<\/div>\n\n\n<p>Al preguntarle por el nombre del proyecto y su significado, Tigrero indica que \u00c1NIMA significa alma \u201cy nuestra visi\u00f3n es que, a trav\u00e9s del arte, la formaci\u00f3n tanto de estudiantes como de la comunidad realmente permite el desarrollo integral de la esencia de cada persona, es decir, llega realmente a inspirar m\u00e1s all\u00e1 de lo superficial\u201d.&nbsp;<\/p>\n\n\n\n<p>\u00c1nima: Laboratorio art\u00edstico para la transformaci\u00f3n en sectores vulnerables \u201cbusca crear espacios para aplicar estrategias pedag\u00f3gicas en artes a trav\u00e9s de talleres transdisciplinares con tem\u00e1ticas afines al desarrollo&nbsp;integral de los estudiantes, prevenci\u00f3n de violencia, salud comunitaria y transformaci\u00f3n social para el fortalecimiento&nbsp;de&nbsp;capacidades en comunidades guayaquile\u00f1as en situaci\u00f3n de vulnerabilidad social\u201d.<\/p>\n\n\n\n<p>Cabe anotar que el proyecto, cuya duraci\u00f3n es de 2 a\u00f1os \u2013de abril del 2023 a abril del 2025\u2013, fue elegido como uno de los beneficiarios de la convocatoria de fondos de la Direcci\u00f3n de Vinculaci\u00f3n con la Comunidad. En este contexto, se plantea la realizaci\u00f3n de un festival en la Cooperativa Juan Montalvo, donde estudiantes, docentes, miembros de la comunidad y el p\u00fablico en general podr\u00e1n participar en un programa que contar\u00e1 con presentaciones art\u00edsticas, talleres en vivo y una feria de emprendimiento. El prop\u00f3sito es que este festival se convierta en un evento anual de integraci\u00f3n y de apoyo constante a la formaci\u00f3n integral de todos los participantes\u201d.<\/p>","protected":false},"excerpt":{"rendered":"<p>Desarrollar estrategias de trabajo en comunidad, vinculadas a talleres art\u00edsticos y acciones de intervenci\u00f3n, son los objetivos de \u00c1nima: Laboratorio art\u00edstico para la transformaci\u00f3n en sectores vulnerables. Su director es el docente Jorge Tigrero; lo integran: Ana Mar\u00eda Gonz\u00e1lez, directora de R\u00eda; Yanella Duarte, directora de Nivelaci\u00f3n; Juan Jos\u00e9 Rocha, docente de Literatura; y Janina Su\u00e1rez, jefa de PPP.<\/p>","protected":false},"author":10,"featured_media":42614,"comment_status":"open","ping_status":"open","sticky":false,"template":"","format":"standard","meta":{"_acf_changed":false,"_uag_custom_page_level_css":"","_monsterinsights_skip_tracking":false,"_monsterinsights_sitenote_active":false,"_monsterinsights_sitenote_note":"","_monsterinsights_sitenote_category":0,"cybocfi_hide_featured_image":"","footnotes":""},"categories":[713,80,82,75,76,77,175,79],"tags":[540],"infouartes":[],"class_list":["post-42613","post","type-post","status-publish","format-standard","has-post-thumbnail","hentry","category-1b","category-academico","category-artes","category-docentes","category-estudiantes","category-gestion","category-literatura","category-vinculo","tag-proyecto"],"acf":[],"yoast_head":"<!-- This site is optimized with the Yoast SEO plugin v27.4 - https:\/\/yoast.com\/product\/yoast-seo-wordpress\/ -->\n<title>Universidad de las Artes - Con talleres art\u00edsticos y acciones de intervenci\u00f3n, el proyecto \u00c1nima impulsa el trabajo en comunidad<\/title>\n<meta name=\"description\" content=\"Universidad de las Artes - Con talleres art\u00edsticos y acciones de intervenci\u00f3n, el proyecto \u00c1nima impulsa el trabajo en comunidad\" \/>\n<meta name=\"robots\" content=\"index, follow, max-snippet:-1, max-image-preview:large, max-video-preview:-1\" \/>\n<link rel=\"canonical\" href=\"https:\/\/www.uartes.edu.ec\/sitio\/en\/blog\/2023\/05\/31\/proyecto-anima-laboratorio-artistico-para-la-transformacion-en-sectores-vulnerables\/\" \/>\n<meta property=\"og:locale\" content=\"en_US\" \/>\n<meta property=\"og:type\" content=\"article\" \/>\n<meta property=\"og:title\" content=\"Universidad de las Artes - Con talleres art\u00edsticos y acciones de intervenci\u00f3n, el proyecto \u00c1nima impulsa el trabajo en comunidad\" \/>\n<meta property=\"og:description\" content=\"Universidad de las Artes - Con talleres art\u00edsticos y acciones de intervenci\u00f3n, el proyecto \u00c1nima impulsa el trabajo en comunidad\" \/>\n<meta property=\"og:url\" content=\"https:\/\/www.uartes.edu.ec\/sitio\/en\/blog\/2023\/05\/31\/proyecto-anima-laboratorio-artistico-para-la-transformacion-en-sectores-vulnerables\/\" \/>\n<meta property=\"og:site_name\" content=\"Universidad de las Artes\" \/>\n<meta property=\"article:publisher\" content=\"https:\/\/www.facebook.com\/uartesec\" \/>\n<meta property=\"article:published_time\" content=\"2023-05-31T20:58:00+00:00\" \/>\n<meta property=\"article:modified_time\" content=\"2024-07-04T16:21:09+00:00\" \/>\n<meta property=\"og:image\" content=\"https:\/\/www.uartes.edu.ec\/sitio\/wp-content\/uploads\/2023\/06\/Convenio-cpccs-03.jpg\" \/>\n\t<meta property=\"og:image:width\" content=\"2000\" \/>\n\t<meta property=\"og:image:height\" content=\"1333\" \/>\n\t<meta property=\"og:image:type\" content=\"image\/jpeg\" \/>\n<meta name=\"author\" content=\"ccortez\" \/>\n<meta name=\"twitter:card\" content=\"summary_large_image\" \/>\n<meta name=\"twitter:creator\" content=\"@uartesec\" \/>\n<meta name=\"twitter:site\" content=\"@uartesec\" \/>\n<meta name=\"twitter:label1\" content=\"Written by\" \/>\n\t<meta name=\"twitter:data1\" content=\"ccortez\" \/>\n\t<meta name=\"twitter:label2\" content=\"Est. reading time\" \/>\n\t<meta name=\"twitter:data2\" content=\"4 minutes\" \/>\n<script type=\"application\/ld+json\" class=\"yoast-schema-graph\">{\"@context\":\"https:\\\/\\\/schema.org\",\"@graph\":[{\"@type\":\"Article\",\"@id\":\"https:\\\/\\\/www.uartes.edu.ec\\\/sitio\\\/en\\\/blog\\\/2023\\\/05\\\/31\\\/proyecto-anima-laboratorio-artistico-para-la-transformacion-en-sectores-vulnerables\\\/#article\",\"isPartOf\":{\"@id\":\"https:\\\/\\\/www.uartes.edu.ec\\\/sitio\\\/en\\\/blog\\\/2023\\\/05\\\/31\\\/proyecto-anima-laboratorio-artistico-para-la-transformacion-en-sectores-vulnerables\\\/\"},\"author\":{\"name\":\"ccortez\",\"@id\":\"https:\\\/\\\/www.uartes.edu.ec\\\/sitio\\\/en\\\/#\\\/schema\\\/person\\\/efa1b8275797664fd7f13a79ccc0b1f4\"},\"headline\":\"Con talleres art\u00edsticos y acciones de intervenci\u00f3n, el proyecto \u00c1nima impulsa el trabajo en comunidad\",\"datePublished\":\"2023-05-31T20:58:00+00:00\",\"dateModified\":\"2024-07-04T16:21:09+00:00\",\"mainEntityOfPage\":{\"@id\":\"https:\\\/\\\/www.uartes.edu.ec\\\/sitio\\\/en\\\/blog\\\/2023\\\/05\\\/31\\\/proyecto-anima-laboratorio-artistico-para-la-transformacion-en-sectores-vulnerables\\\/\"},\"wordCount\":705,\"commentCount\":0,\"publisher\":{\"@id\":\"https:\\\/\\\/www.uartes.edu.ec\\\/sitio\\\/en\\\/#organization\"},\"image\":{\"@id\":\"https:\\\/\\\/www.uartes.edu.ec\\\/sitio\\\/en\\\/blog\\\/2023\\\/05\\\/31\\\/proyecto-anima-laboratorio-artistico-para-la-transformacion-en-sectores-vulnerables\\\/#primaryimage\"},\"thumbnailUrl\":\"https:\\\/\\\/www.uartes.edu.ec\\\/sitio\\\/wp-content\\\/uploads\\\/2023\\\/06\\\/Convenio-cpccs-03.jpg\",\"keywords\":[\"proyecto\"],\"articleSection\":[\"1B\",\"Acad\u00e9mico\",\"Artes\",\"Docentes\",\"Estudiantes\",\"Gesti\u00f3n\",\"Literatura\",\"V\u00ednculo\"],\"inLanguage\":\"en-US\",\"potentialAction\":[{\"@type\":\"CommentAction\",\"name\":\"Comment\",\"target\":[\"https:\\\/\\\/www.uartes.edu.ec\\\/sitio\\\/en\\\/blog\\\/2023\\\/05\\\/31\\\/proyecto-anima-laboratorio-artistico-para-la-transformacion-en-sectores-vulnerables\\\/#respond\"]}]},{\"@type\":[\"WebPage\",\"ItemPage\"],\"@id\":\"https:\\\/\\\/www.uartes.edu.ec\\\/sitio\\\/en\\\/blog\\\/2023\\\/05\\\/31\\\/proyecto-anima-laboratorio-artistico-para-la-transformacion-en-sectores-vulnerables\\\/\",\"url\":\"https:\\\/\\\/www.uartes.edu.ec\\\/sitio\\\/en\\\/blog\\\/2023\\\/05\\\/31\\\/proyecto-anima-laboratorio-artistico-para-la-transformacion-en-sectores-vulnerables\\\/\",\"name\":\"Universidad de las Artes - Con talleres art\u00edsticos y acciones de intervenci\u00f3n, el proyecto \u00c1nima impulsa el trabajo en comunidad\",\"isPartOf\":{\"@id\":\"https:\\\/\\\/www.uartes.edu.ec\\\/sitio\\\/en\\\/#website\"},\"primaryImageOfPage\":{\"@id\":\"https:\\\/\\\/www.uartes.edu.ec\\\/sitio\\\/en\\\/blog\\\/2023\\\/05\\\/31\\\/proyecto-anima-laboratorio-artistico-para-la-transformacion-en-sectores-vulnerables\\\/#primaryimage\"},\"image\":{\"@id\":\"https:\\\/\\\/www.uartes.edu.ec\\\/sitio\\\/en\\\/blog\\\/2023\\\/05\\\/31\\\/proyecto-anima-laboratorio-artistico-para-la-transformacion-en-sectores-vulnerables\\\/#primaryimage\"},\"thumbnailUrl\":\"https:\\\/\\\/www.uartes.edu.ec\\\/sitio\\\/wp-content\\\/uploads\\\/2023\\\/06\\\/Convenio-cpccs-03.jpg\",\"datePublished\":\"2023-05-31T20:58:00+00:00\",\"dateModified\":\"2024-07-04T16:21:09+00:00\",\"description\":\"Universidad de las Artes - Con talleres art\u00edsticos y acciones de intervenci\u00f3n, el proyecto \u00c1nima impulsa el trabajo en comunidad\",\"breadcrumb\":{\"@id\":\"https:\\\/\\\/www.uartes.edu.ec\\\/sitio\\\/en\\\/blog\\\/2023\\\/05\\\/31\\\/proyecto-anima-laboratorio-artistico-para-la-transformacion-en-sectores-vulnerables\\\/#breadcrumb\"},\"inLanguage\":\"en-US\",\"potentialAction\":[{\"@type\":\"ReadAction\",\"target\":[\"https:\\\/\\\/www.uartes.edu.ec\\\/sitio\\\/en\\\/blog\\\/2023\\\/05\\\/31\\\/proyecto-anima-laboratorio-artistico-para-la-transformacion-en-sectores-vulnerables\\\/\"]}]},{\"@type\":\"ImageObject\",\"inLanguage\":\"en-US\",\"@id\":\"https:\\\/\\\/www.uartes.edu.ec\\\/sitio\\\/en\\\/blog\\\/2023\\\/05\\\/31\\\/proyecto-anima-laboratorio-artistico-para-la-transformacion-en-sectores-vulnerables\\\/#primaryimage\",\"url\":\"https:\\\/\\\/www.uartes.edu.ec\\\/sitio\\\/wp-content\\\/uploads\\\/2023\\\/06\\\/Convenio-cpccs-03.jpg\",\"contentUrl\":\"https:\\\/\\\/www.uartes.edu.ec\\\/sitio\\\/wp-content\\\/uploads\\\/2023\\\/06\\\/Convenio-cpccs-03.jpg\",\"width\":2000,\"height\":1333},{\"@type\":\"BreadcrumbList\",\"@id\":\"https:\\\/\\\/www.uartes.edu.ec\\\/sitio\\\/en\\\/blog\\\/2023\\\/05\\\/31\\\/proyecto-anima-laboratorio-artistico-para-la-transformacion-en-sectores-vulnerables\\\/#breadcrumb\",\"itemListElement\":[{\"@type\":\"ListItem\",\"position\":1,\"name\":\"Inicio\",\"item\":\"https:\\\/\\\/www.uartes.edu.ec\\\/sitio\\\/\"},{\"@type\":\"ListItem\",\"position\":2,\"name\":\"Con talleres art\u00edsticos y acciones de intervenci\u00f3n, el proyecto \u00c1nima impulsa el trabajo en comunidad\"}]},{\"@type\":\"WebSite\",\"@id\":\"https:\\\/\\\/www.uartes.edu.ec\\\/sitio\\\/en\\\/#website\",\"url\":\"https:\\\/\\\/www.uartes.edu.ec\\\/sitio\\\/en\\\/\",\"name\":\"Universidad de las Artes\",\"description\":\"Sitio oficial de la Universidad Nacional de las Artes del Ecuador\",\"publisher\":{\"@id\":\"https:\\\/\\\/www.uartes.edu.ec\\\/sitio\\\/en\\\/#organization\"},\"potentialAction\":[{\"@type\":\"SearchAction\",\"target\":{\"@type\":\"EntryPoint\",\"urlTemplate\":\"https:\\\/\\\/www.uartes.edu.ec\\\/sitio\\\/en\\\/?s={search_term_string}\"},\"query-input\":{\"@type\":\"PropertyValueSpecification\",\"valueRequired\":true,\"valueName\":\"search_term_string\"}}],\"inLanguage\":\"en-US\"},{\"@type\":\"Organization\",\"@id\":\"https:\\\/\\\/www.uartes.edu.ec\\\/sitio\\\/en\\\/#organization\",\"name\":\"Universidad de las Artes\",\"url\":\"https:\\\/\\\/www.uartes.edu.ec\\\/sitio\\\/en\\\/\",\"logo\":{\"@type\":\"ImageObject\",\"inLanguage\":\"en-US\",\"@id\":\"https:\\\/\\\/www.uartes.edu.ec\\\/sitio\\\/en\\\/#\\\/schema\\\/logo\\\/image\\\/\",\"url\":\"https:\\\/\\\/www.uartes.edu.ec\\\/sitio\\\/wp-content\\\/uploads\\\/2022\\\/07\\\/logo-ua-horizontal.png\",\"contentUrl\":\"https:\\\/\\\/www.uartes.edu.ec\\\/sitio\\\/wp-content\\\/uploads\\\/2022\\\/07\\\/logo-ua-horizontal.png\",\"width\":800,\"height\":276,\"caption\":\"Universidad de las Artes\"},\"image\":{\"@id\":\"https:\\\/\\\/www.uartes.edu.ec\\\/sitio\\\/en\\\/#\\\/schema\\\/logo\\\/image\\\/\"},\"sameAs\":[\"https:\\\/\\\/www.facebook.com\\\/uartesec\",\"https:\\\/\\\/x.com\\\/uartesec\",\"https:\\\/\\\/www.tiktok.com\\\/@uartesec\"]},{\"@type\":\"Person\",\"@id\":\"https:\\\/\\\/www.uartes.edu.ec\\\/sitio\\\/en\\\/#\\\/schema\\\/person\\\/efa1b8275797664fd7f13a79ccc0b1f4\",\"name\":\"ccortez\",\"image\":{\"@type\":\"ImageObject\",\"inLanguage\":\"en-US\",\"@id\":\"https:\\\/\\\/secure.gravatar.com\\\/avatar\\\/b2a6f664a3ae8e074346ef91775736c5ec479e637ecced6842de9dc98b5da9cd?s=96&d=mm&r=g\",\"url\":\"https:\\\/\\\/secure.gravatar.com\\\/avatar\\\/b2a6f664a3ae8e074346ef91775736c5ec479e637ecced6842de9dc98b5da9cd?s=96&d=mm&r=g\",\"contentUrl\":\"https:\\\/\\\/secure.gravatar.com\\\/avatar\\\/b2a6f664a3ae8e074346ef91775736c5ec479e637ecced6842de9dc98b5da9cd?s=96&d=mm&r=g\",\"caption\":\"ccortez\"},\"url\":\"https:\\\/\\\/www.uartes.edu.ec\\\/sitio\\\/en\\\/blog\\\/author\\\/ccortez\\\/\"}]}<\/script>\n<!-- \/ Yoast SEO plugin. -->","yoast_head_json":{"title":"Universidad de las Artes - Con talleres art\u00edsticos y acciones de intervenci\u00f3n, el proyecto \u00c1nima impulsa el trabajo en comunidad","description":"Universidad de las Artes - Con talleres art\u00edsticos y acciones de intervenci\u00f3n, el proyecto \u00c1nima impulsa el trabajo en comunidad","robots":{"index":"index","follow":"follow","max-snippet":"max-snippet:-1","max-image-preview":"max-image-preview:large","max-video-preview":"max-video-preview:-1"},"canonical":"https:\/\/www.uartes.edu.ec\/sitio\/en\/blog\/2023\/05\/31\/proyecto-anima-laboratorio-artistico-para-la-transformacion-en-sectores-vulnerables\/","og_locale":"en_US","og_type":"article","og_title":"Universidad de las Artes - Con talleres art\u00edsticos y acciones de intervenci\u00f3n, el proyecto \u00c1nima impulsa el trabajo en comunidad","og_description":"Universidad de las Artes - Con talleres art\u00edsticos y acciones de intervenci\u00f3n, el proyecto \u00c1nima impulsa el trabajo en comunidad","og_url":"https:\/\/www.uartes.edu.ec\/sitio\/en\/blog\/2023\/05\/31\/proyecto-anima-laboratorio-artistico-para-la-transformacion-en-sectores-vulnerables\/","og_site_name":"Universidad de las Artes","article_publisher":"https:\/\/www.facebook.com\/uartesec","article_published_time":"2023-05-31T20:58:00+00:00","article_modified_time":"2024-07-04T16:21:09+00:00","og_image":[{"width":2000,"height":1333,"url":"https:\/\/www.uartes.edu.ec\/sitio\/wp-content\/uploads\/2023\/06\/Convenio-cpccs-03.jpg","type":"image\/jpeg"}],"author":"ccortez","twitter_card":"summary_large_image","twitter_creator":"@uartesec","twitter_site":"@uartesec","twitter_misc":{"Written by":"ccortez","Est. reading time":"4 minutes"},"schema":{"@context":"https:\/\/schema.org","@graph":[{"@type":"Article","@id":"https:\/\/www.uartes.edu.ec\/sitio\/en\/blog\/2023\/05\/31\/proyecto-anima-laboratorio-artistico-para-la-transformacion-en-sectores-vulnerables\/#article","isPartOf":{"@id":"https:\/\/www.uartes.edu.ec\/sitio\/en\/blog\/2023\/05\/31\/proyecto-anima-laboratorio-artistico-para-la-transformacion-en-sectores-vulnerables\/"},"author":{"name":"ccortez","@id":"https:\/\/www.uartes.edu.ec\/sitio\/en\/#\/schema\/person\/efa1b8275797664fd7f13a79ccc0b1f4"},"headline":"Con talleres art\u00edsticos y acciones de intervenci\u00f3n, el proyecto \u00c1nima impulsa el trabajo en comunidad","datePublished":"2023-05-31T20:58:00+00:00","dateModified":"2024-07-04T16:21:09+00:00","mainEntityOfPage":{"@id":"https:\/\/www.uartes.edu.ec\/sitio\/en\/blog\/2023\/05\/31\/proyecto-anima-laboratorio-artistico-para-la-transformacion-en-sectores-vulnerables\/"},"wordCount":705,"commentCount":0,"publisher":{"@id":"https:\/\/www.uartes.edu.ec\/sitio\/en\/#organization"},"image":{"@id":"https:\/\/www.uartes.edu.ec\/sitio\/en\/blog\/2023\/05\/31\/proyecto-anima-laboratorio-artistico-para-la-transformacion-en-sectores-vulnerables\/#primaryimage"},"thumbnailUrl":"https:\/\/www.uartes.edu.ec\/sitio\/wp-content\/uploads\/2023\/06\/Convenio-cpccs-03.jpg","keywords":["proyecto"],"articleSection":["1B","Acad\u00e9mico","Artes","Docentes","Estudiantes","Gesti\u00f3n","Literatura","V\u00ednculo"],"inLanguage":"en-US","potentialAction":[{"@type":"CommentAction","name":"Comment","target":["https:\/\/www.uartes.edu.ec\/sitio\/en\/blog\/2023\/05\/31\/proyecto-anima-laboratorio-artistico-para-la-transformacion-en-sectores-vulnerables\/#respond"]}]},{"@type":["WebPage","ItemPage"],"@id":"https:\/\/www.uartes.edu.ec\/sitio\/en\/blog\/2023\/05\/31\/proyecto-anima-laboratorio-artistico-para-la-transformacion-en-sectores-vulnerables\/","url":"https:\/\/www.uartes.edu.ec\/sitio\/en\/blog\/2023\/05\/31\/proyecto-anima-laboratorio-artistico-para-la-transformacion-en-sectores-vulnerables\/","name":"Universidad de las Artes - Con talleres art\u00edsticos y acciones de intervenci\u00f3n, el proyecto \u00c1nima impulsa el trabajo en comunidad","isPartOf":{"@id":"https:\/\/www.uartes.edu.ec\/sitio\/en\/#website"},"primaryImageOfPage":{"@id":"https:\/\/www.uartes.edu.ec\/sitio\/en\/blog\/2023\/05\/31\/proyecto-anima-laboratorio-artistico-para-la-transformacion-en-sectores-vulnerables\/#primaryimage"},"image":{"@id":"https:\/\/www.uartes.edu.ec\/sitio\/en\/blog\/2023\/05\/31\/proyecto-anima-laboratorio-artistico-para-la-transformacion-en-sectores-vulnerables\/#primaryimage"},"thumbnailUrl":"https:\/\/www.uartes.edu.ec\/sitio\/wp-content\/uploads\/2023\/06\/Convenio-cpccs-03.jpg","datePublished":"2023-05-31T20:58:00+00:00","dateModified":"2024-07-04T16:21:09+00:00","description":"Universidad de las Artes - Con talleres art\u00edsticos y acciones de intervenci\u00f3n, el proyecto \u00c1nima impulsa el trabajo en comunidad","breadcrumb":{"@id":"https:\/\/www.uartes.edu.ec\/sitio\/en\/blog\/2023\/05\/31\/proyecto-anima-laboratorio-artistico-para-la-transformacion-en-sectores-vulnerables\/#breadcrumb"},"inLanguage":"en-US","potentialAction":[{"@type":"ReadAction","target":["https:\/\/www.uartes.edu.ec\/sitio\/en\/blog\/2023\/05\/31\/proyecto-anima-laboratorio-artistico-para-la-transformacion-en-sectores-vulnerables\/"]}]},{"@type":"ImageObject","inLanguage":"en-US","@id":"https:\/\/www.uartes.edu.ec\/sitio\/en\/blog\/2023\/05\/31\/proyecto-anima-laboratorio-artistico-para-la-transformacion-en-sectores-vulnerables\/#primaryimage","url":"https:\/\/www.uartes.edu.ec\/sitio\/wp-content\/uploads\/2023\/06\/Convenio-cpccs-03.jpg","contentUrl":"https:\/\/www.uartes.edu.ec\/sitio\/wp-content\/uploads\/2023\/06\/Convenio-cpccs-03.jpg","width":2000,"height":1333},{"@type":"BreadcrumbList","@id":"https:\/\/www.uartes.edu.ec\/sitio\/en\/blog\/2023\/05\/31\/proyecto-anima-laboratorio-artistico-para-la-transformacion-en-sectores-vulnerables\/#breadcrumb","itemListElement":[{"@type":"ListItem","position":1,"name":"Inicio","item":"https:\/\/www.uartes.edu.ec\/sitio\/"},{"@type":"ListItem","position":2,"name":"Con talleres art\u00edsticos y acciones de intervenci\u00f3n, el proyecto \u00c1nima impulsa el trabajo en comunidad"}]},{"@type":"WebSite","@id":"https:\/\/www.uartes.edu.ec\/sitio\/en\/#website","url":"https:\/\/www.uartes.edu.ec\/sitio\/en\/","name":"Universidad de las Artes","description":"Sitio oficial de la Universidad Nacional de las Artes del Ecuador","publisher":{"@id":"https:\/\/www.uartes.edu.ec\/sitio\/en\/#organization"},"potentialAction":[{"@type":"SearchAction","target":{"@type":"EntryPoint","urlTemplate":"https:\/\/www.uartes.edu.ec\/sitio\/en\/?s={search_term_string}"},"query-input":{"@type":"PropertyValueSpecification","valueRequired":true,"valueName":"search_term_string"}}],"inLanguage":"en-US"},{"@type":"Organization","@id":"https:\/\/www.uartes.edu.ec\/sitio\/en\/#organization","name":"Universidad de las Artes","url":"https:\/\/www.uartes.edu.ec\/sitio\/en\/","logo":{"@type":"ImageObject","inLanguage":"en-US","@id":"https:\/\/www.uartes.edu.ec\/sitio\/en\/#\/schema\/logo\/image\/","url":"https:\/\/www.uartes.edu.ec\/sitio\/wp-content\/uploads\/2022\/07\/logo-ua-horizontal.png","contentUrl":"https:\/\/www.uartes.edu.ec\/sitio\/wp-content\/uploads\/2022\/07\/logo-ua-horizontal.png","width":800,"height":276,"caption":"Universidad de las Artes"},"image":{"@id":"https:\/\/www.uartes.edu.ec\/sitio\/en\/#\/schema\/logo\/image\/"},"sameAs":["https:\/\/www.facebook.com\/uartesec","https:\/\/x.com\/uartesec","https:\/\/www.tiktok.com\/@uartesec"]},{"@type":"Person","@id":"https:\/\/www.uartes.edu.ec\/sitio\/en\/#\/schema\/person\/efa1b8275797664fd7f13a79ccc0b1f4","name":"ccortez","image":{"@type":"ImageObject","inLanguage":"en-US","@id":"https:\/\/secure.gravatar.com\/avatar\/b2a6f664a3ae8e074346ef91775736c5ec479e637ecced6842de9dc98b5da9cd?s=96&d=mm&r=g","url":"https:\/\/secure.gravatar.com\/avatar\/b2a6f664a3ae8e074346ef91775736c5ec479e637ecced6842de9dc98b5da9cd?s=96&d=mm&r=g","contentUrl":"https:\/\/secure.gravatar.com\/avatar\/b2a6f664a3ae8e074346ef91775736c5ec479e637ecced6842de9dc98b5da9cd?s=96&d=mm&r=g","caption":"ccortez"},"url":"https:\/\/www.uartes.edu.ec\/sitio\/en\/blog\/author\/ccortez\/"}]}},"uagb_featured_image_src":{"full":["https:\/\/www.uartes.edu.ec\/sitio\/wp-content\/uploads\/2023\/06\/Convenio-cpccs-03.jpg",2000,1333,false],"thumbnail":["https:\/\/www.uartes.edu.ec\/sitio\/wp-content\/uploads\/2023\/06\/Convenio-cpccs-03-150x150.jpg",150,150,true],"medium":["https:\/\/www.uartes.edu.ec\/sitio\/wp-content\/uploads\/2023\/06\/Convenio-cpccs-03-300x200.jpg",300,200,true],"medium_large":["https:\/\/www.uartes.edu.ec\/sitio\/wp-content\/uploads\/2023\/06\/Convenio-cpccs-03-768x512.jpg",768,512,true],"large":["https:\/\/www.uartes.edu.ec\/sitio\/wp-content\/uploads\/2023\/06\/Convenio-cpccs-03-644x429.jpg",644,429,true],"1536x1536":["https:\/\/www.uartes.edu.ec\/sitio\/wp-content\/uploads\/2023\/06\/Convenio-cpccs-03-1536x1024.jpg",1536,1024,true],"2048x2048":["https:\/\/www.uartes.edu.ec\/sitio\/wp-content\/uploads\/2023\/06\/Convenio-cpccs-03.jpg",2000,1333,false],"trp-custom-language-flag":["https:\/\/www.uartes.edu.ec\/sitio\/wp-content\/uploads\/2023\/06\/Convenio-cpccs-03.jpg",18,12,false],"htmega_size_585x295":["https:\/\/www.uartes.edu.ec\/sitio\/wp-content\/uploads\/2023\/06\/Convenio-cpccs-03-585x295.jpg",585,295,true],"htmega_size_1170x536":["https:\/\/www.uartes.edu.ec\/sitio\/wp-content\/uploads\/2023\/06\/Convenio-cpccs-03-1170x536.jpg",1170,536,true],"htmega_size_396x360":["https:\/\/www.uartes.edu.ec\/sitio\/wp-content\/uploads\/2023\/06\/Convenio-cpccs-03-396x360.jpg",396,360,true],"gb-block-post-grid-landscape":["https:\/\/www.uartes.edu.ec\/sitio\/wp-content\/uploads\/2023\/06\/Convenio-cpccs-03-600x400.jpg",600,400,true],"gb-block-post-grid-square":["https:\/\/www.uartes.edu.ec\/sitio\/wp-content\/uploads\/2023\/06\/Convenio-cpccs-03-600x600.jpg",600,600,true],"university-hub-thumb":["https:\/\/www.uartes.edu.ec\/sitio\/wp-content\/uploads\/2023\/06\/Convenio-cpccs-03-400x267.jpg",400,267,true],"mailpoet_newsletter_max":["https:\/\/www.uartes.edu.ec\/sitio\/wp-content\/uploads\/2023\/06\/Convenio-cpccs-03.jpg",1320,880,false]},"uagb_author_info":{"display_name":"ccortez","author_link":"https:\/\/www.uartes.edu.ec\/sitio\/en\/blog\/author\/ccortez\/"},"uagb_comment_info":0,"uagb_excerpt":"Desarrollar estrategias de trabajo en comunidad, vinculadas a talleres art\u00edsticos y acciones de intervenci\u00f3n, son los objetivos de \u00c1nima: Laboratorio art\u00edstico para la transformaci\u00f3n en sectores vulnerables. Su director es el docente Jorge Tigrero; lo integran: Ana Mar\u00eda Gonz\u00e1lez, directora de R\u00eda; Yanella Duarte, directora de Nivelaci\u00f3n; Juan Jos\u00e9 Rocha, docente de Literatura; y Janina&hellip;","featured_image_src":"https:\/\/www.uartes.edu.ec\/sitio\/wp-content\/uploads\/2023\/06\/Convenio-cpccs-03-600x400.jpg","featured_image_src_square":"https:\/\/www.uartes.edu.ec\/sitio\/wp-content\/uploads\/2023\/06\/Convenio-cpccs-03-600x600.jpg","author_info":{"display_name":"ccortez","author_link":"https:\/\/www.uartes.edu.ec\/sitio\/en\/blog\/author\/ccortez\/"},"publishpress_future_workflow_manual_trigger":{"enabledWorkflows":[]},"distributor_meta":false,"distributor_terms":false,"distributor_media":false,"distributor_original_site_name":"Universidad de las Artes","distributor_original_site_url":"https:\/\/www.uartes.edu.ec\/sitio\/en","push-errors":false,"_links":{"self":[{"href":"https:\/\/www.uartes.edu.ec\/sitio\/en\/wp-json\/wp\/v2\/posts\/42613","targetHints":{"allow":["GET"]}}],"collection":[{"href":"https:\/\/www.uartes.edu.ec\/sitio\/en\/wp-json\/wp\/v2\/posts"}],"about":[{"href":"https:\/\/www.uartes.edu.ec\/sitio\/en\/wp-json\/wp\/v2\/types\/post"}],"author":[{"embeddable":true,"href":"https:\/\/www.uartes.edu.ec\/sitio\/en\/wp-json\/wp\/v2\/users\/10"}],"replies":[{"embeddable":true,"href":"https:\/\/www.uartes.edu.ec\/sitio\/en\/wp-json\/wp\/v2\/comments?post=42613"}],"version-history":[{"count":8,"href":"https:\/\/www.uartes.edu.ec\/sitio\/en\/wp-json\/wp\/v2\/posts\/42613\/revisions"}],"predecessor-version":[{"id":43047,"href":"https:\/\/www.uartes.edu.ec\/sitio\/en\/wp-json\/wp\/v2\/posts\/42613\/revisions\/43047"}],"wp:featuredmedia":[{"embeddable":true,"href":"https:\/\/www.uartes.edu.ec\/sitio\/en\/wp-json\/wp\/v2\/media\/42614"}],"wp:attachment":[{"href":"https:\/\/www.uartes.edu.ec\/sitio\/en\/wp-json\/wp\/v2\/media?parent=42613"}],"wp:term":[{"taxonomy":"category","embeddable":true,"href":"https:\/\/www.uartes.edu.ec\/sitio\/en\/wp-json\/wp\/v2\/categories?post=42613"},{"taxonomy":"post_tag","embeddable":true,"href":"https:\/\/www.uartes.edu.ec\/sitio\/en\/wp-json\/wp\/v2\/tags?post=42613"},{"taxonomy":"infouartes","embeddable":true,"href":"https:\/\/www.uartes.edu.ec\/sitio\/en\/wp-json\/wp\/v2\/infouartes?post=42613"}],"curies":[{"name":"wp","href":"https:\/\/api.w.org\/{rel}","templated":true}]}}