{"id":43021,"date":"2023-06-09T17:11:00","date_gmt":"2023-06-09T22:11:00","guid":{"rendered":"https:\/\/www.uartes.edu.ec\/sitio\/?p=43021"},"modified":"2024-07-04T11:21:06","modified_gmt":"2024-07-04T16:21:06","slug":"ninas-y-ninos-reflexionaron-sobre-sus-derechos-culturales-y-disfrutaron-de-un-concierto-improvisado","status":"publish","type":"post","link":"https:\/\/www.uartes.edu.ec\/sitio\/en\/blog\/2023\/06\/09\/ninas-y-ninos-reflexionaron-sobre-sus-derechos-culturales-y-disfrutaron-de-un-concierto-improvisado\/","title":{"rendered":"Ni\u00f1as y ni\u00f1os reflexionaron sobre sus derechos culturales y disfrutaron de un Cuento Concierto Improvisado"},"content":{"rendered":"<p>Y nos sentimos como ni\u00f1os. Sucedi\u00f3 este jueves 8 de junio en la Sala R\u00eda de la Biblioteca de las Artes, all\u00ed donde por la ma\u00f1ana se inici\u00f3 un recorrido por el repositorio de la UArtes, y donde luego se fueron desarrollando otras actividades pensadas para intercambiar ideas sobre el acceso que tienen las infancias a las artes.<\/p>\n\n\n\n<p>Los protagonistas, ni\u00f1os y ni\u00f1as dispuestos a no solo a participar en los espacios de creaci\u00f3n all\u00ed instalados, en la proyecci\u00f3n de cortos creados y en el paste up por sus derechos culturales, que arranc\u00f3 con unas din\u00e1micas tan geniales e interactivas como el \u201cCuento Concierto Improvisado\u201d, disfrutado al m\u00e1ximo por los peque\u00f1os visitantes, sus familiares y\/o cuidadores, en especial, por los alumnos de la Unidad Educativa Guido Garay ubicados en primera fila.<\/p>\n\n\n<div class=\"wp-block-image\">\n<figure class=\"aligncenter size-large\"><img fetchpriority=\"high\" decoding=\"async\" width=\"644\" height=\"429\" src=\"https:\/\/www.uartes.edu.ec\/sitio\/wp-content\/uploads\/2023\/06\/03-CUARTO-ENCUENTRO-CON-NINOS-644x429.jpg\" alt=\"\" class=\"wp-image-43023\" srcset=\"https:\/\/www.uartes.edu.ec\/sitio\/wp-content\/uploads\/2023\/06\/03-CUARTO-ENCUENTRO-CON-NINOS-644x429.jpg 644w, https:\/\/www.uartes.edu.ec\/sitio\/wp-content\/uploads\/2023\/06\/03-CUARTO-ENCUENTRO-CON-NINOS-768x511.jpg 768w, https:\/\/www.uartes.edu.ec\/sitio\/wp-content\/uploads\/2023\/06\/03-CUARTO-ENCUENTRO-CON-NINOS.jpg 2000w, https:\/\/www.uartes.edu.ec\/sitio\/wp-content\/uploads\/2023\/06\/03-CUARTO-ENCUENTRO-CON-NINOS-600x399.jpg 600w, https:\/\/www.uartes.edu.ec\/sitio\/wp-content\/uploads\/2023\/06\/03-CUARTO-ENCUENTRO-CON-NINOS-272x182.jpg 272w\" sizes=\"(max-width: 644px) 100vw, 644px\" \/><\/figure>\n<\/div>\n\n\n<p>En las din\u00e1micas previas a la invitaci\u00f3n para que los ni\u00f1os expresaran a trav\u00e9s de la pintura y cortos escritos sus necesidades, participaron tambi\u00e9n los adultos que los acompa\u00f1aron en el proceso. Entre ellos, el rector Willian Herrera y las directoras de Vinculaci\u00f3n con la Comunidad, Mar\u00eda Jos\u00e9 Icaza, y la Sala R\u00eda, Ana Mar\u00eda Gonz\u00e1lez. El docente Nicol\u00e1s Schvarzberg fue quien lider\u00f3 la propuesta.<\/p>\n\n\n\n<p>\u201cLa intenci\u00f3n de las primeras din\u00e1micas fue que se motivaran, que rompieran la timidez, que despertaran el cuerpo y generaran confianza, que empezaran a sacar la voz, que soltaran el cuerpo, que se vaya rompiendo el hielo para, a trav\u00e9s de otros juegos, animarlos a opinar lo que hay en las bibliotecas y cosas que les gustar\u00eda encontrar en ella\u201d, refiri\u00f3.<\/p>\n\n\n<div class=\"wp-block-image\">\n<figure class=\"aligncenter size-large\"><img decoding=\"async\" width=\"644\" height=\"429\" src=\"https:\/\/www.uartes.edu.ec\/sitio\/wp-content\/uploads\/2023\/06\/07-CUARTO-ENCUENTRO-CON-NINOS-644x429.jpg\" alt=\"\" class=\"wp-image-43024\" srcset=\"https:\/\/www.uartes.edu.ec\/sitio\/wp-content\/uploads\/2023\/06\/07-CUARTO-ENCUENTRO-CON-NINOS-644x429.jpg 644w, https:\/\/www.uartes.edu.ec\/sitio\/wp-content\/uploads\/2023\/06\/07-CUARTO-ENCUENTRO-CON-NINOS-768x511.jpg 768w, https:\/\/www.uartes.edu.ec\/sitio\/wp-content\/uploads\/2023\/06\/07-CUARTO-ENCUENTRO-CON-NINOS.jpg 2000w, https:\/\/www.uartes.edu.ec\/sitio\/wp-content\/uploads\/2023\/06\/07-CUARTO-ENCUENTRO-CON-NINOS-600x399.jpg 600w, https:\/\/www.uartes.edu.ec\/sitio\/wp-content\/uploads\/2023\/06\/07-CUARTO-ENCUENTRO-CON-NINOS-272x182.jpg 272w\" sizes=\"(max-width: 644px) 100vw, 644px\" \/><\/figure>\n<\/div>\n\n\n<p>El rector UArtes dio la bienvenida a los ni\u00f1os y ni\u00f1as de todas las edades que acudieron y les agradeci\u00f3 esa intervenci\u00f3n. Indic\u00f3 que la Biblioteca de las Artes y su Sala R\u00eda son muy importantes para la universidad, pues permiten conocer lo que ellos buscan al acudir, que ans\u00edan, que desean y opinan de todas las actividades y los servicios que ofrecen, lo cual ayuda a mejorar. Tienen una caracter\u00edstica especial, dijo, son p\u00fablicos, es decir, que est\u00e1n abiertos a toda la ciudadan\u00eda, todos pueden acceder independientemente de d\u00f3nde son, la edad.<\/p>\n\n\n\n<p>\u201cDebemos estar atentos de lo que los ciudadanos quieren, que como habitantes de la ciudad y usuarios de la biblioteca nos digan su experiencia\u201d, anot\u00f3 William Herrera y mencion\u00f3 el trabajo conjunto con Icaza y Gonz\u00e1lez. Con todas sus ideas e insumos esperamos siempre ir mejorando, ampliando los servicios, propuestas, actividades y talleres para que sea un espacio siempre pertinente para sus deseos e intereses.<\/p>\n\n\n<div class=\"wp-block-image\">\n<figure class=\"aligncenter size-large\"><img decoding=\"async\" width=\"644\" height=\"429\" src=\"https:\/\/www.uartes.edu.ec\/sitio\/wp-content\/uploads\/2023\/06\/09-CUARTO-ENCUENTRO-CON-NINOS-644x429.jpg\" alt=\"\" class=\"wp-image-43025\" srcset=\"https:\/\/www.uartes.edu.ec\/sitio\/wp-content\/uploads\/2023\/06\/09-CUARTO-ENCUENTRO-CON-NINOS-644x429.jpg 644w, https:\/\/www.uartes.edu.ec\/sitio\/wp-content\/uploads\/2023\/06\/09-CUARTO-ENCUENTRO-CON-NINOS-768x511.jpg 768w, https:\/\/www.uartes.edu.ec\/sitio\/wp-content\/uploads\/2023\/06\/09-CUARTO-ENCUENTRO-CON-NINOS.jpg 2000w, https:\/\/www.uartes.edu.ec\/sitio\/wp-content\/uploads\/2023\/06\/09-CUARTO-ENCUENTRO-CON-NINOS-600x399.jpg 600w, https:\/\/www.uartes.edu.ec\/sitio\/wp-content\/uploads\/2023\/06\/09-CUARTO-ENCUENTRO-CON-NINOS-272x182.jpg 272w\" sizes=\"(max-width: 644px) 100vw, 644px\" \/><\/figure>\n<\/div>\n\n\n<p>Justamente, la intenci\u00f3n de la intenci\u00f3n era escuchar las opiniones y los deseos de los ni\u00f1os y las ni\u00f1as para los espacios de la Sala R\u00eda. Antes de abrir el libro \u201cLos Derechos del Ni\u00f1o\u201d, con textos de Mercedes Torrents y publicado por Editorial Lumen, el docente Schvarzberg empez\u00f3 a indagar qu\u00e9 tanto sab\u00edan del tema y a reflexionar al respecto. \u201cCada ni\u00f1o tiene derecho a tener un pa\u00eds y una procedencia, a crecer en un lugar agradable, a tener una casa, a tener un pap\u00e1 y una mam\u00e1 que los cuide, tienen derecho a la cultura, a que puedan crear sus propias pel\u00edculas, su propia m\u00fasica\u2026\u201d.<\/p>\n\n\n\n<p>Los ni\u00f1os asent\u00edan y tambi\u00e9n descubr\u00edan en las ilustraciones de \u201cLos Derechos del Ni\u00f1o\u201d lo que significaban esos derechos y los culturales. Schvarzberg fue leyendo el contenido de las p\u00e1ginas y animando la reflexi\u00f3n conjunta. Con una clara idea de los derechos que los asiste, los ni\u00f1os y las ni\u00f1as fueron invitados a una nueva actividad: el paste up, que consisti\u00f3 en dise\u00f1ar algunos dibujos y recortes que quedar\u00edan pegados en las paredes de la Sala R\u00eda una vez que ellos los pinten e incluyan mensajes de lo que quieren, de lo que necesitan hacer y decir. Lo que armaron fue un universo infantil, puesto que las im\u00e1genes recortadas eran gal\u00e1cticas.<\/p>\n\n\n<div class=\"wp-block-image\">\n<figure class=\"aligncenter size-large\"><img loading=\"lazy\" decoding=\"async\" width=\"644\" height=\"429\" src=\"https:\/\/www.uartes.edu.ec\/sitio\/wp-content\/uploads\/2023\/06\/11-CUARTO-ENCUENTRO-CON-NINOS-644x429.jpg\" alt=\"\" class=\"wp-image-43026\" srcset=\"https:\/\/www.uartes.edu.ec\/sitio\/wp-content\/uploads\/2023\/06\/11-CUARTO-ENCUENTRO-CON-NINOS-644x429.jpg 644w, https:\/\/www.uartes.edu.ec\/sitio\/wp-content\/uploads\/2023\/06\/11-CUARTO-ENCUENTRO-CON-NINOS-768x511.jpg 768w, https:\/\/www.uartes.edu.ec\/sitio\/wp-content\/uploads\/2023\/06\/11-CUARTO-ENCUENTRO-CON-NINOS.jpg 2000w, https:\/\/www.uartes.edu.ec\/sitio\/wp-content\/uploads\/2023\/06\/11-CUARTO-ENCUENTRO-CON-NINOS-600x399.jpg 600w, https:\/\/www.uartes.edu.ec\/sitio\/wp-content\/uploads\/2023\/06\/11-CUARTO-ENCUENTRO-CON-NINOS-272x182.jpg 272w\" sizes=\"(max-width: 644px) 100vw, 644px\" \/><\/figure>\n<\/div>\n\n\n<p>Mientras esta actividad se cumpl\u00eda, en otro de los espacios de la Sala R\u00eda se instalaban los m\u00fasicos liderados por el docente Antonio Cepeda, para lo que se denomin\u00f3 \u201cCuento Concierto Improvisado\u201d y que puso a disfrutar al m\u00e1ximo a los alumnos de la Unidad Educativa Guido Garay, pues, dotados por instrumentos y otros recursos que provocaban sonoridad, segu\u00edan las indicaciones del artista. Realmente una jornada primera cargada de reflexiones, aprendizajes y entretenimiento.<\/p>\n\n\n\n<p>Cabe anotar que, el Encuentro de Ni\u00f1as y Ni\u00f1os con la Universidad de las Artes se realiza una vez al a\u00f1o en el mes de junio. Para esta cuarta edici\u00f3n participaron 30 estudiantes de las diferentes carreras de la UArtes, 120 ni\u00f1as y ni\u00f1os, diez docentes y personal administrativo.<\/p>\n\n\n\n<p>Fotos: Ronny Ramos, de la Direcci\u00f3n de V\u00ednculo con la Comunidad.<\/p>","protected":false},"excerpt":{"rendered":"<p>En la jornada vespertina del primer d\u00eda del IV Encuentro de Ni\u00f1as y Ni\u00f1os con la Universidad de las Artes, sus protagonistas descubrieron y reflexionaron con el docente Nicol\u00e1s Schvarzberg sobre sus derechos culturales e imprimieron en un paste up sus ideas al respecto. Tambi\u00e9n en la Sala R\u00eda participaron con el docente Antonio Cepeda y una igualmente genial banda del \u201cCuento Concierto Improvisado\u201d. <\/p>","protected":false},"author":10,"featured_media":43022,"comment_status":"open","ping_status":"open","sticky":false,"template":"","format":"standard","meta":{"_acf_changed":false,"_uag_custom_page_level_css":"","_monsterinsights_skip_tracking":false,"_monsterinsights_sitenote_active":false,"_monsterinsights_sitenote_note":"","_monsterinsights_sitenote_category":0,"cybocfi_hide_featured_image":"","footnotes":""},"categories":[712,82,75,76,77,83,85,79],"tags":[521],"infouartes":[],"class_list":["post-43021","post","type-post","status-publish","format-standard","has-post-thumbnail","hentry","category-1a","category-artes","category-docentes","category-estudiantes","category-gestion","category-sedes","category-servicios","category-vinculo","tag-encuentro"],"acf":[],"yoast_head":"<!-- This site is optimized with the Yoast SEO plugin v27.4 - https:\/\/yoast.com\/product\/yoast-seo-wordpress\/ -->\n<title>Universidad de las Artes - Ni\u00f1as y ni\u00f1os reflexionaron sobre sus derechos culturales y disfrutaron de un Cuento Concierto Improvisado<\/title>\n<meta name=\"description\" content=\"Universidad de las Artes - Ni\u00f1as y ni\u00f1os reflexionaron sobre sus derechos culturales y disfrutaron de un Cuento Concierto Improvisado\" \/>\n<meta name=\"robots\" content=\"index, follow, max-snippet:-1, max-image-preview:large, max-video-preview:-1\" \/>\n<link rel=\"canonical\" href=\"https:\/\/www.uartes.edu.ec\/sitio\/en\/blog\/2023\/06\/09\/ninas-y-ninos-reflexionaron-sobre-sus-derechos-culturales-y-disfrutaron-de-un-concierto-improvisado\/\" \/>\n<meta property=\"og:locale\" content=\"en_US\" \/>\n<meta property=\"og:type\" content=\"article\" \/>\n<meta property=\"og:title\" content=\"Universidad de las Artes - Ni\u00f1as y ni\u00f1os reflexionaron sobre sus derechos culturales y disfrutaron de un Cuento Concierto Improvisado\" \/>\n<meta property=\"og:description\" content=\"Universidad de las Artes - Ni\u00f1as y ni\u00f1os reflexionaron sobre sus derechos culturales y disfrutaron de un Cuento Concierto Improvisado\" \/>\n<meta property=\"og:url\" content=\"https:\/\/www.uartes.edu.ec\/sitio\/en\/blog\/2023\/06\/09\/ninas-y-ninos-reflexionaron-sobre-sus-derechos-culturales-y-disfrutaron-de-un-concierto-improvisado\/\" \/>\n<meta property=\"og:site_name\" content=\"Universidad de las Artes\" \/>\n<meta property=\"article:publisher\" content=\"https:\/\/www.facebook.com\/uartesec\" \/>\n<meta property=\"article:published_time\" content=\"2023-06-09T22:11:00+00:00\" \/>\n<meta property=\"article:modified_time\" content=\"2024-07-04T16:21:06+00:00\" \/>\n<meta property=\"og:image\" content=\"https:\/\/www.uartes.edu.ec\/sitio\/wp-content\/uploads\/2023\/06\/06-CUARTO-ENCUENTRO-CON-NINOS.jpg\" \/>\n\t<meta property=\"og:image:width\" content=\"2000\" \/>\n\t<meta property=\"og:image:height\" content=\"1333\" \/>\n\t<meta property=\"og:image:type\" content=\"image\/jpeg\" \/>\n<meta name=\"author\" content=\"ccortez\" \/>\n<meta name=\"twitter:card\" content=\"summary_large_image\" \/>\n<meta name=\"twitter:creator\" content=\"@uartesec\" \/>\n<meta name=\"twitter:site\" content=\"@uartesec\" \/>\n<meta name=\"twitter:label1\" content=\"Written by\" \/>\n\t<meta name=\"twitter:data1\" content=\"ccortez\" \/>\n\t<meta name=\"twitter:label2\" content=\"Est. reading time\" \/>\n\t<meta name=\"twitter:data2\" content=\"5 minutes\" \/>\n<script type=\"application\/ld+json\" class=\"yoast-schema-graph\">{\"@context\":\"https:\\\/\\\/schema.org\",\"@graph\":[{\"@type\":\"Article\",\"@id\":\"https:\\\/\\\/www.uartes.edu.ec\\\/sitio\\\/en\\\/blog\\\/2023\\\/06\\\/09\\\/ninas-y-ninos-reflexionaron-sobre-sus-derechos-culturales-y-disfrutaron-de-un-concierto-improvisado\\\/#article\",\"isPartOf\":{\"@id\":\"https:\\\/\\\/www.uartes.edu.ec\\\/sitio\\\/en\\\/blog\\\/2023\\\/06\\\/09\\\/ninas-y-ninos-reflexionaron-sobre-sus-derechos-culturales-y-disfrutaron-de-un-concierto-improvisado\\\/\"},\"author\":{\"name\":\"ccortez\",\"@id\":\"https:\\\/\\\/www.uartes.edu.ec\\\/sitio\\\/en\\\/#\\\/schema\\\/person\\\/efa1b8275797664fd7f13a79ccc0b1f4\"},\"headline\":\"Ni\u00f1as y ni\u00f1os reflexionaron sobre sus derechos culturales y disfrutaron de un Cuento Concierto Improvisado\",\"datePublished\":\"2023-06-09T22:11:00+00:00\",\"dateModified\":\"2024-07-04T16:21:06+00:00\",\"mainEntityOfPage\":{\"@id\":\"https:\\\/\\\/www.uartes.edu.ec\\\/sitio\\\/en\\\/blog\\\/2023\\\/06\\\/09\\\/ninas-y-ninos-reflexionaron-sobre-sus-derechos-culturales-y-disfrutaron-de-un-concierto-improvisado\\\/\"},\"wordCount\":856,\"commentCount\":0,\"publisher\":{\"@id\":\"https:\\\/\\\/www.uartes.edu.ec\\\/sitio\\\/en\\\/#organization\"},\"image\":{\"@id\":\"https:\\\/\\\/www.uartes.edu.ec\\\/sitio\\\/en\\\/blog\\\/2023\\\/06\\\/09\\\/ninas-y-ninos-reflexionaron-sobre-sus-derechos-culturales-y-disfrutaron-de-un-concierto-improvisado\\\/#primaryimage\"},\"thumbnailUrl\":\"https:\\\/\\\/www.uartes.edu.ec\\\/sitio\\\/wp-content\\\/uploads\\\/2023\\\/06\\\/06-CUARTO-ENCUENTRO-CON-NINOS.jpg\",\"keywords\":[\"encuentro\"],\"articleSection\":[\"1A\",\"Artes\",\"Docentes\",\"Estudiantes\",\"Gesti\u00f3n\",\"Sedes\",\"Servicios\",\"V\u00ednculo\"],\"inLanguage\":\"en-US\",\"potentialAction\":[{\"@type\":\"CommentAction\",\"name\":\"Comment\",\"target\":[\"https:\\\/\\\/www.uartes.edu.ec\\\/sitio\\\/en\\\/blog\\\/2023\\\/06\\\/09\\\/ninas-y-ninos-reflexionaron-sobre-sus-derechos-culturales-y-disfrutaron-de-un-concierto-improvisado\\\/#respond\"]}]},{\"@type\":[\"WebPage\",\"ItemPage\"],\"@id\":\"https:\\\/\\\/www.uartes.edu.ec\\\/sitio\\\/en\\\/blog\\\/2023\\\/06\\\/09\\\/ninas-y-ninos-reflexionaron-sobre-sus-derechos-culturales-y-disfrutaron-de-un-concierto-improvisado\\\/\",\"url\":\"https:\\\/\\\/www.uartes.edu.ec\\\/sitio\\\/en\\\/blog\\\/2023\\\/06\\\/09\\\/ninas-y-ninos-reflexionaron-sobre-sus-derechos-culturales-y-disfrutaron-de-un-concierto-improvisado\\\/\",\"name\":\"Universidad de las Artes - Ni\u00f1as y ni\u00f1os reflexionaron sobre sus derechos culturales y disfrutaron de un Cuento Concierto Improvisado\",\"isPartOf\":{\"@id\":\"https:\\\/\\\/www.uartes.edu.ec\\\/sitio\\\/en\\\/#website\"},\"primaryImageOfPage\":{\"@id\":\"https:\\\/\\\/www.uartes.edu.ec\\\/sitio\\\/en\\\/blog\\\/2023\\\/06\\\/09\\\/ninas-y-ninos-reflexionaron-sobre-sus-derechos-culturales-y-disfrutaron-de-un-concierto-improvisado\\\/#primaryimage\"},\"image\":{\"@id\":\"https:\\\/\\\/www.uartes.edu.ec\\\/sitio\\\/en\\\/blog\\\/2023\\\/06\\\/09\\\/ninas-y-ninos-reflexionaron-sobre-sus-derechos-culturales-y-disfrutaron-de-un-concierto-improvisado\\\/#primaryimage\"},\"thumbnailUrl\":\"https:\\\/\\\/www.uartes.edu.ec\\\/sitio\\\/wp-content\\\/uploads\\\/2023\\\/06\\\/06-CUARTO-ENCUENTRO-CON-NINOS.jpg\",\"datePublished\":\"2023-06-09T22:11:00+00:00\",\"dateModified\":\"2024-07-04T16:21:06+00:00\",\"description\":\"Universidad de las Artes - Ni\u00f1as y ni\u00f1os reflexionaron sobre sus derechos culturales y disfrutaron de un Cuento Concierto Improvisado\",\"breadcrumb\":{\"@id\":\"https:\\\/\\\/www.uartes.edu.ec\\\/sitio\\\/en\\\/blog\\\/2023\\\/06\\\/09\\\/ninas-y-ninos-reflexionaron-sobre-sus-derechos-culturales-y-disfrutaron-de-un-concierto-improvisado\\\/#breadcrumb\"},\"inLanguage\":\"en-US\",\"potentialAction\":[{\"@type\":\"ReadAction\",\"target\":[\"https:\\\/\\\/www.uartes.edu.ec\\\/sitio\\\/en\\\/blog\\\/2023\\\/06\\\/09\\\/ninas-y-ninos-reflexionaron-sobre-sus-derechos-culturales-y-disfrutaron-de-un-concierto-improvisado\\\/\"]}]},{\"@type\":\"ImageObject\",\"inLanguage\":\"en-US\",\"@id\":\"https:\\\/\\\/www.uartes.edu.ec\\\/sitio\\\/en\\\/blog\\\/2023\\\/06\\\/09\\\/ninas-y-ninos-reflexionaron-sobre-sus-derechos-culturales-y-disfrutaron-de-un-concierto-improvisado\\\/#primaryimage\",\"url\":\"https:\\\/\\\/www.uartes.edu.ec\\\/sitio\\\/wp-content\\\/uploads\\\/2023\\\/06\\\/06-CUARTO-ENCUENTRO-CON-NINOS.jpg\",\"contentUrl\":\"https:\\\/\\\/www.uartes.edu.ec\\\/sitio\\\/wp-content\\\/uploads\\\/2023\\\/06\\\/06-CUARTO-ENCUENTRO-CON-NINOS.jpg\",\"width\":2000,\"height\":1333},{\"@type\":\"BreadcrumbList\",\"@id\":\"https:\\\/\\\/www.uartes.edu.ec\\\/sitio\\\/en\\\/blog\\\/2023\\\/06\\\/09\\\/ninas-y-ninos-reflexionaron-sobre-sus-derechos-culturales-y-disfrutaron-de-un-concierto-improvisado\\\/#breadcrumb\",\"itemListElement\":[{\"@type\":\"ListItem\",\"position\":1,\"name\":\"Inicio\",\"item\":\"https:\\\/\\\/www.uartes.edu.ec\\\/sitio\\\/\"},{\"@type\":\"ListItem\",\"position\":2,\"name\":\"Ni\u00f1as y ni\u00f1os reflexionaron sobre sus derechos culturales y disfrutaron de un Cuento Concierto Improvisado\"}]},{\"@type\":\"WebSite\",\"@id\":\"https:\\\/\\\/www.uartes.edu.ec\\\/sitio\\\/en\\\/#website\",\"url\":\"https:\\\/\\\/www.uartes.edu.ec\\\/sitio\\\/en\\\/\",\"name\":\"Universidad de las Artes\",\"description\":\"Sitio oficial de la Universidad Nacional de las Artes del Ecuador\",\"publisher\":{\"@id\":\"https:\\\/\\\/www.uartes.edu.ec\\\/sitio\\\/en\\\/#organization\"},\"potentialAction\":[{\"@type\":\"SearchAction\",\"target\":{\"@type\":\"EntryPoint\",\"urlTemplate\":\"https:\\\/\\\/www.uartes.edu.ec\\\/sitio\\\/en\\\/?s={search_term_string}\"},\"query-input\":{\"@type\":\"PropertyValueSpecification\",\"valueRequired\":true,\"valueName\":\"search_term_string\"}}],\"inLanguage\":\"en-US\"},{\"@type\":\"Organization\",\"@id\":\"https:\\\/\\\/www.uartes.edu.ec\\\/sitio\\\/en\\\/#organization\",\"name\":\"Universidad de las Artes\",\"url\":\"https:\\\/\\\/www.uartes.edu.ec\\\/sitio\\\/en\\\/\",\"logo\":{\"@type\":\"ImageObject\",\"inLanguage\":\"en-US\",\"@id\":\"https:\\\/\\\/www.uartes.edu.ec\\\/sitio\\\/en\\\/#\\\/schema\\\/logo\\\/image\\\/\",\"url\":\"https:\\\/\\\/www.uartes.edu.ec\\\/sitio\\\/wp-content\\\/uploads\\\/2022\\\/07\\\/logo-ua-horizontal.png\",\"contentUrl\":\"https:\\\/\\\/www.uartes.edu.ec\\\/sitio\\\/wp-content\\\/uploads\\\/2022\\\/07\\\/logo-ua-horizontal.png\",\"width\":800,\"height\":276,\"caption\":\"Universidad de las Artes\"},\"image\":{\"@id\":\"https:\\\/\\\/www.uartes.edu.ec\\\/sitio\\\/en\\\/#\\\/schema\\\/logo\\\/image\\\/\"},\"sameAs\":[\"https:\\\/\\\/www.facebook.com\\\/uartesec\",\"https:\\\/\\\/x.com\\\/uartesec\",\"https:\\\/\\\/www.tiktok.com\\\/@uartesec\"]},{\"@type\":\"Person\",\"@id\":\"https:\\\/\\\/www.uartes.edu.ec\\\/sitio\\\/en\\\/#\\\/schema\\\/person\\\/efa1b8275797664fd7f13a79ccc0b1f4\",\"name\":\"ccortez\",\"image\":{\"@type\":\"ImageObject\",\"inLanguage\":\"en-US\",\"@id\":\"https:\\\/\\\/secure.gravatar.com\\\/avatar\\\/b2a6f664a3ae8e074346ef91775736c5ec479e637ecced6842de9dc98b5da9cd?s=96&d=mm&r=g\",\"url\":\"https:\\\/\\\/secure.gravatar.com\\\/avatar\\\/b2a6f664a3ae8e074346ef91775736c5ec479e637ecced6842de9dc98b5da9cd?s=96&d=mm&r=g\",\"contentUrl\":\"https:\\\/\\\/secure.gravatar.com\\\/avatar\\\/b2a6f664a3ae8e074346ef91775736c5ec479e637ecced6842de9dc98b5da9cd?s=96&d=mm&r=g\",\"caption\":\"ccortez\"},\"url\":\"https:\\\/\\\/www.uartes.edu.ec\\\/sitio\\\/en\\\/blog\\\/author\\\/ccortez\\\/\"}]}<\/script>\n<!-- \/ Yoast SEO plugin. -->","yoast_head_json":{"title":"Universidad de las Artes - Ni\u00f1as y ni\u00f1os reflexionaron sobre sus derechos culturales y disfrutaron de un Cuento Concierto Improvisado","description":"Universidad de las Artes - Ni\u00f1as y ni\u00f1os reflexionaron sobre sus derechos culturales y disfrutaron de un Cuento Concierto Improvisado","robots":{"index":"index","follow":"follow","max-snippet":"max-snippet:-1","max-image-preview":"max-image-preview:large","max-video-preview":"max-video-preview:-1"},"canonical":"https:\/\/www.uartes.edu.ec\/sitio\/en\/blog\/2023\/06\/09\/ninas-y-ninos-reflexionaron-sobre-sus-derechos-culturales-y-disfrutaron-de-un-concierto-improvisado\/","og_locale":"en_US","og_type":"article","og_title":"Universidad de las Artes - Ni\u00f1as y ni\u00f1os reflexionaron sobre sus derechos culturales y disfrutaron de un Cuento Concierto Improvisado","og_description":"Universidad de las Artes - Ni\u00f1as y ni\u00f1os reflexionaron sobre sus derechos culturales y disfrutaron de un Cuento Concierto Improvisado","og_url":"https:\/\/www.uartes.edu.ec\/sitio\/en\/blog\/2023\/06\/09\/ninas-y-ninos-reflexionaron-sobre-sus-derechos-culturales-y-disfrutaron-de-un-concierto-improvisado\/","og_site_name":"Universidad de las Artes","article_publisher":"https:\/\/www.facebook.com\/uartesec","article_published_time":"2023-06-09T22:11:00+00:00","article_modified_time":"2024-07-04T16:21:06+00:00","og_image":[{"width":2000,"height":1333,"url":"https:\/\/www.uartes.edu.ec\/sitio\/wp-content\/uploads\/2023\/06\/06-CUARTO-ENCUENTRO-CON-NINOS.jpg","type":"image\/jpeg"}],"author":"ccortez","twitter_card":"summary_large_image","twitter_creator":"@uartesec","twitter_site":"@uartesec","twitter_misc":{"Written by":"ccortez","Est. reading time":"5 minutes"},"schema":{"@context":"https:\/\/schema.org","@graph":[{"@type":"Article","@id":"https:\/\/www.uartes.edu.ec\/sitio\/en\/blog\/2023\/06\/09\/ninas-y-ninos-reflexionaron-sobre-sus-derechos-culturales-y-disfrutaron-de-un-concierto-improvisado\/#article","isPartOf":{"@id":"https:\/\/www.uartes.edu.ec\/sitio\/en\/blog\/2023\/06\/09\/ninas-y-ninos-reflexionaron-sobre-sus-derechos-culturales-y-disfrutaron-de-un-concierto-improvisado\/"},"author":{"name":"ccortez","@id":"https:\/\/www.uartes.edu.ec\/sitio\/en\/#\/schema\/person\/efa1b8275797664fd7f13a79ccc0b1f4"},"headline":"Ni\u00f1as y ni\u00f1os reflexionaron sobre sus derechos culturales y disfrutaron de un Cuento Concierto Improvisado","datePublished":"2023-06-09T22:11:00+00:00","dateModified":"2024-07-04T16:21:06+00:00","mainEntityOfPage":{"@id":"https:\/\/www.uartes.edu.ec\/sitio\/en\/blog\/2023\/06\/09\/ninas-y-ninos-reflexionaron-sobre-sus-derechos-culturales-y-disfrutaron-de-un-concierto-improvisado\/"},"wordCount":856,"commentCount":0,"publisher":{"@id":"https:\/\/www.uartes.edu.ec\/sitio\/en\/#organization"},"image":{"@id":"https:\/\/www.uartes.edu.ec\/sitio\/en\/blog\/2023\/06\/09\/ninas-y-ninos-reflexionaron-sobre-sus-derechos-culturales-y-disfrutaron-de-un-concierto-improvisado\/#primaryimage"},"thumbnailUrl":"https:\/\/www.uartes.edu.ec\/sitio\/wp-content\/uploads\/2023\/06\/06-CUARTO-ENCUENTRO-CON-NINOS.jpg","keywords":["encuentro"],"articleSection":["1A","Artes","Docentes","Estudiantes","Gesti\u00f3n","Sedes","Servicios","V\u00ednculo"],"inLanguage":"en-US","potentialAction":[{"@type":"CommentAction","name":"Comment","target":["https:\/\/www.uartes.edu.ec\/sitio\/en\/blog\/2023\/06\/09\/ninas-y-ninos-reflexionaron-sobre-sus-derechos-culturales-y-disfrutaron-de-un-concierto-improvisado\/#respond"]}]},{"@type":["WebPage","ItemPage"],"@id":"https:\/\/www.uartes.edu.ec\/sitio\/en\/blog\/2023\/06\/09\/ninas-y-ninos-reflexionaron-sobre-sus-derechos-culturales-y-disfrutaron-de-un-concierto-improvisado\/","url":"https:\/\/www.uartes.edu.ec\/sitio\/en\/blog\/2023\/06\/09\/ninas-y-ninos-reflexionaron-sobre-sus-derechos-culturales-y-disfrutaron-de-un-concierto-improvisado\/","name":"Universidad de las Artes - Ni\u00f1as y ni\u00f1os reflexionaron sobre sus derechos culturales y disfrutaron de un Cuento Concierto Improvisado","isPartOf":{"@id":"https:\/\/www.uartes.edu.ec\/sitio\/en\/#website"},"primaryImageOfPage":{"@id":"https:\/\/www.uartes.edu.ec\/sitio\/en\/blog\/2023\/06\/09\/ninas-y-ninos-reflexionaron-sobre-sus-derechos-culturales-y-disfrutaron-de-un-concierto-improvisado\/#primaryimage"},"image":{"@id":"https:\/\/www.uartes.edu.ec\/sitio\/en\/blog\/2023\/06\/09\/ninas-y-ninos-reflexionaron-sobre-sus-derechos-culturales-y-disfrutaron-de-un-concierto-improvisado\/#primaryimage"},"thumbnailUrl":"https:\/\/www.uartes.edu.ec\/sitio\/wp-content\/uploads\/2023\/06\/06-CUARTO-ENCUENTRO-CON-NINOS.jpg","datePublished":"2023-06-09T22:11:00+00:00","dateModified":"2024-07-04T16:21:06+00:00","description":"Universidad de las Artes - Ni\u00f1as y ni\u00f1os reflexionaron sobre sus derechos culturales y disfrutaron de un Cuento Concierto Improvisado","breadcrumb":{"@id":"https:\/\/www.uartes.edu.ec\/sitio\/en\/blog\/2023\/06\/09\/ninas-y-ninos-reflexionaron-sobre-sus-derechos-culturales-y-disfrutaron-de-un-concierto-improvisado\/#breadcrumb"},"inLanguage":"en-US","potentialAction":[{"@type":"ReadAction","target":["https:\/\/www.uartes.edu.ec\/sitio\/en\/blog\/2023\/06\/09\/ninas-y-ninos-reflexionaron-sobre-sus-derechos-culturales-y-disfrutaron-de-un-concierto-improvisado\/"]}]},{"@type":"ImageObject","inLanguage":"en-US","@id":"https:\/\/www.uartes.edu.ec\/sitio\/en\/blog\/2023\/06\/09\/ninas-y-ninos-reflexionaron-sobre-sus-derechos-culturales-y-disfrutaron-de-un-concierto-improvisado\/#primaryimage","url":"https:\/\/www.uartes.edu.ec\/sitio\/wp-content\/uploads\/2023\/06\/06-CUARTO-ENCUENTRO-CON-NINOS.jpg","contentUrl":"https:\/\/www.uartes.edu.ec\/sitio\/wp-content\/uploads\/2023\/06\/06-CUARTO-ENCUENTRO-CON-NINOS.jpg","width":2000,"height":1333},{"@type":"BreadcrumbList","@id":"https:\/\/www.uartes.edu.ec\/sitio\/en\/blog\/2023\/06\/09\/ninas-y-ninos-reflexionaron-sobre-sus-derechos-culturales-y-disfrutaron-de-un-concierto-improvisado\/#breadcrumb","itemListElement":[{"@type":"ListItem","position":1,"name":"Inicio","item":"https:\/\/www.uartes.edu.ec\/sitio\/"},{"@type":"ListItem","position":2,"name":"Ni\u00f1as y ni\u00f1os reflexionaron sobre sus derechos culturales y disfrutaron de un Cuento Concierto Improvisado"}]},{"@type":"WebSite","@id":"https:\/\/www.uartes.edu.ec\/sitio\/en\/#website","url":"https:\/\/www.uartes.edu.ec\/sitio\/en\/","name":"Universidad de las Artes","description":"Sitio oficial de la Universidad Nacional de las Artes del Ecuador","publisher":{"@id":"https:\/\/www.uartes.edu.ec\/sitio\/en\/#organization"},"potentialAction":[{"@type":"SearchAction","target":{"@type":"EntryPoint","urlTemplate":"https:\/\/www.uartes.edu.ec\/sitio\/en\/?s={search_term_string}"},"query-input":{"@type":"PropertyValueSpecification","valueRequired":true,"valueName":"search_term_string"}}],"inLanguage":"en-US"},{"@type":"Organization","@id":"https:\/\/www.uartes.edu.ec\/sitio\/en\/#organization","name":"Universidad de las Artes","url":"https:\/\/www.uartes.edu.ec\/sitio\/en\/","logo":{"@type":"ImageObject","inLanguage":"en-US","@id":"https:\/\/www.uartes.edu.ec\/sitio\/en\/#\/schema\/logo\/image\/","url":"https:\/\/www.uartes.edu.ec\/sitio\/wp-content\/uploads\/2022\/07\/logo-ua-horizontal.png","contentUrl":"https:\/\/www.uartes.edu.ec\/sitio\/wp-content\/uploads\/2022\/07\/logo-ua-horizontal.png","width":800,"height":276,"caption":"Universidad de las Artes"},"image":{"@id":"https:\/\/www.uartes.edu.ec\/sitio\/en\/#\/schema\/logo\/image\/"},"sameAs":["https:\/\/www.facebook.com\/uartesec","https:\/\/x.com\/uartesec","https:\/\/www.tiktok.com\/@uartesec"]},{"@type":"Person","@id":"https:\/\/www.uartes.edu.ec\/sitio\/en\/#\/schema\/person\/efa1b8275797664fd7f13a79ccc0b1f4","name":"ccortez","image":{"@type":"ImageObject","inLanguage":"en-US","@id":"https:\/\/secure.gravatar.com\/avatar\/b2a6f664a3ae8e074346ef91775736c5ec479e637ecced6842de9dc98b5da9cd?s=96&d=mm&r=g","url":"https:\/\/secure.gravatar.com\/avatar\/b2a6f664a3ae8e074346ef91775736c5ec479e637ecced6842de9dc98b5da9cd?s=96&d=mm&r=g","contentUrl":"https:\/\/secure.gravatar.com\/avatar\/b2a6f664a3ae8e074346ef91775736c5ec479e637ecced6842de9dc98b5da9cd?s=96&d=mm&r=g","caption":"ccortez"},"url":"https:\/\/www.uartes.edu.ec\/sitio\/en\/blog\/author\/ccortez\/"}]}},"uagb_featured_image_src":{"full":["https:\/\/www.uartes.edu.ec\/sitio\/wp-content\/uploads\/2023\/06\/06-CUARTO-ENCUENTRO-CON-NINOS.jpg",2000,1333,false],"thumbnail":["https:\/\/www.uartes.edu.ec\/sitio\/wp-content\/uploads\/2023\/06\/06-CUARTO-ENCUENTRO-CON-NINOS-150x150.jpg",150,150,true],"medium":["https:\/\/www.uartes.edu.ec\/sitio\/wp-content\/uploads\/2023\/06\/06-CUARTO-ENCUENTRO-CON-NINOS-300x200.jpg",300,200,true],"medium_large":["https:\/\/www.uartes.edu.ec\/sitio\/wp-content\/uploads\/2023\/06\/06-CUARTO-ENCUENTRO-CON-NINOS-768x512.jpg",768,512,true],"large":["https:\/\/www.uartes.edu.ec\/sitio\/wp-content\/uploads\/2023\/06\/06-CUARTO-ENCUENTRO-CON-NINOS-644x429.jpg",644,429,true],"1536x1536":["https:\/\/www.uartes.edu.ec\/sitio\/wp-content\/uploads\/2023\/06\/06-CUARTO-ENCUENTRO-CON-NINOS-1536x1024.jpg",1536,1024,true],"2048x2048":["https:\/\/www.uartes.edu.ec\/sitio\/wp-content\/uploads\/2023\/06\/06-CUARTO-ENCUENTRO-CON-NINOS.jpg",2000,1333,false],"trp-custom-language-flag":["https:\/\/www.uartes.edu.ec\/sitio\/wp-content\/uploads\/2023\/06\/06-CUARTO-ENCUENTRO-CON-NINOS.jpg",18,12,false],"htmega_size_585x295":["https:\/\/www.uartes.edu.ec\/sitio\/wp-content\/uploads\/2023\/06\/06-CUARTO-ENCUENTRO-CON-NINOS-585x295.jpg",585,295,true],"htmega_size_1170x536":["https:\/\/www.uartes.edu.ec\/sitio\/wp-content\/uploads\/2023\/06\/06-CUARTO-ENCUENTRO-CON-NINOS-1170x536.jpg",1170,536,true],"htmega_size_396x360":["https:\/\/www.uartes.edu.ec\/sitio\/wp-content\/uploads\/2023\/06\/06-CUARTO-ENCUENTRO-CON-NINOS-396x360.jpg",396,360,true],"gb-block-post-grid-landscape":["https:\/\/www.uartes.edu.ec\/sitio\/wp-content\/uploads\/2023\/06\/06-CUARTO-ENCUENTRO-CON-NINOS-600x400.jpg",600,400,true],"gb-block-post-grid-square":["https:\/\/www.uartes.edu.ec\/sitio\/wp-content\/uploads\/2023\/06\/06-CUARTO-ENCUENTRO-CON-NINOS-600x600.jpg",600,600,true],"university-hub-thumb":["https:\/\/www.uartes.edu.ec\/sitio\/wp-content\/uploads\/2023\/06\/06-CUARTO-ENCUENTRO-CON-NINOS-400x267.jpg",400,267,true],"mailpoet_newsletter_max":["https:\/\/www.uartes.edu.ec\/sitio\/wp-content\/uploads\/2023\/06\/06-CUARTO-ENCUENTRO-CON-NINOS.jpg",1320,880,false]},"uagb_author_info":{"display_name":"ccortez","author_link":"https:\/\/www.uartes.edu.ec\/sitio\/en\/blog\/author\/ccortez\/"},"uagb_comment_info":0,"uagb_excerpt":"En la jornada vespertina del primer d\u00eda del IV Encuentro de Ni\u00f1as y Ni\u00f1os con la Universidad de las Artes, sus protagonistas descubrieron y reflexionaron con el docente Nicol\u00e1s Schvarzberg sobre sus derechos culturales e imprimieron en un paste up sus ideas al respecto. Tambi\u00e9n en la Sala R\u00eda participaron con el docente Antonio Cepeda&hellip;","featured_image_src":"https:\/\/www.uartes.edu.ec\/sitio\/wp-content\/uploads\/2023\/06\/06-CUARTO-ENCUENTRO-CON-NINOS-600x400.jpg","featured_image_src_square":"https:\/\/www.uartes.edu.ec\/sitio\/wp-content\/uploads\/2023\/06\/06-CUARTO-ENCUENTRO-CON-NINOS-600x600.jpg","author_info":{"display_name":"ccortez","author_link":"https:\/\/www.uartes.edu.ec\/sitio\/en\/blog\/author\/ccortez\/"},"publishpress_future_workflow_manual_trigger":{"enabledWorkflows":[]},"distributor_meta":false,"distributor_terms":false,"distributor_media":false,"distributor_original_site_name":"Universidad de las Artes","distributor_original_site_url":"https:\/\/www.uartes.edu.ec\/sitio\/en","push-errors":false,"_links":{"self":[{"href":"https:\/\/www.uartes.edu.ec\/sitio\/en\/wp-json\/wp\/v2\/posts\/43021","targetHints":{"allow":["GET"]}}],"collection":[{"href":"https:\/\/www.uartes.edu.ec\/sitio\/en\/wp-json\/wp\/v2\/posts"}],"about":[{"href":"https:\/\/www.uartes.edu.ec\/sitio\/en\/wp-json\/wp\/v2\/types\/post"}],"author":[{"embeddable":true,"href":"https:\/\/www.uartes.edu.ec\/sitio\/en\/wp-json\/wp\/v2\/users\/10"}],"replies":[{"embeddable":true,"href":"https:\/\/www.uartes.edu.ec\/sitio\/en\/wp-json\/wp\/v2\/comments?post=43021"}],"version-history":[{"count":5,"href":"https:\/\/www.uartes.edu.ec\/sitio\/en\/wp-json\/wp\/v2\/posts\/43021\/revisions"}],"predecessor-version":[{"id":43410,"href":"https:\/\/www.uartes.edu.ec\/sitio\/en\/wp-json\/wp\/v2\/posts\/43021\/revisions\/43410"}],"wp:featuredmedia":[{"embeddable":true,"href":"https:\/\/www.uartes.edu.ec\/sitio\/en\/wp-json\/wp\/v2\/media\/43022"}],"wp:attachment":[{"href":"https:\/\/www.uartes.edu.ec\/sitio\/en\/wp-json\/wp\/v2\/media?parent=43021"}],"wp:term":[{"taxonomy":"category","embeddable":true,"href":"https:\/\/www.uartes.edu.ec\/sitio\/en\/wp-json\/wp\/v2\/categories?post=43021"},{"taxonomy":"post_tag","embeddable":true,"href":"https:\/\/www.uartes.edu.ec\/sitio\/en\/wp-json\/wp\/v2\/tags?post=43021"},{"taxonomy":"infouartes","embeddable":true,"href":"https:\/\/www.uartes.edu.ec\/sitio\/en\/wp-json\/wp\/v2\/infouartes?post=43021"}],"curies":[{"name":"wp","href":"https:\/\/api.w.org\/{rel}","templated":true}]}}