{"id":43761,"date":"2023-06-26T16:37:56","date_gmt":"2023-06-26T21:37:56","guid":{"rendered":"https:\/\/www.uartes.edu.ec\/sitio\/?p=43761"},"modified":"2024-07-04T11:21:03","modified_gmt":"2024-07-04T16:21:03","slug":"microfono-abierto-con-los-colectivos-y-la-gestion-independiente-de-la-cultura","status":"publish","type":"post","link":"https:\/\/www.uartes.edu.ec\/sitio\/en\/blog\/2023\/06\/26\/microfono-abierto-con-los-colectivos-y-la-gestion-independiente-de-la-cultura\/","title":{"rendered":"Micr\u00f3fono Abierto con los colectivos y la gesti\u00f3n independiente de la cultura"},"content":{"rendered":"<p>Para explorar los modelos de gesti\u00f3n para el arte y la cultura que cohabitan en Guayaquil, el 3er Encuentro de Pol\u00edticas y Econom\u00eda de la Cultura organizado por el Observatorio de la UArtes inici\u00f3 la primera de sus tres jornadas, programadas del 21 al 23 de junio, con Micr\u00f3fono Abierto, espacio que invit\u00f3 a los representantes de diversos proyectos a compartir experiencias, retos y aportes.<\/p>\n\n\n\n<p>A las 09:00 de este mi\u00e9rcoles 21, con Altaira Rojas, de Vinculaci\u00f3n con la Comunidad UArtes, como moderadora, tomaron la palabra Miguel Cantos, director del Instituto Cultural Nuestra Am\u00e9rica (ICNA); Eduardo Espinoza, de Butaca Paradiso; y, Marcelo Leyton, del Teatro Arawa.<\/p>\n\n\n\n<p>La sostenibilidad de la actividad art\u00edstica y cultural en Guayaquil fue el tema de apertura. Espinoza, un psic\u00f3logo que se confes\u00f3 apasionado por el mundo del arte, defini\u00f3 a Butaca Paradiso como una iniciativa cultural relacionada con el cine y la literatura, donde \u2013con C\u00e1mara, butaca y acci\u00f3n\u2013 forma a j\u00f3venes para que hagan su propia pel\u00edcula. Indic\u00f3 que en el inicio de la pandemia las actividades no solo quedaron detenidas, sino que le caus\u00f3 la incertidumbre de continuar o no, pero la pasi\u00f3n pudo m\u00e1s. Como muchos, se mud\u00f3 del espacio f\u00edsico al zoom y contin\u00faa as\u00ed. &nbsp;<\/p>\n\n\n\n<p>Leyton, quien adem\u00e1s de ser parte de Teatro Arawa es docente UArtes y se considera un teatrista \u201cporque toca desde limpiar los espacios hasta escribir los textos recreados en escena\u201d, respondi\u00f3 ahondando en la necesidad de instituciones, pues no hay actividad art\u00edstica y cultural que no se mueva y tenga una que abra las puertas. \u201cLas actividades tienen que convertirse en proyecto y de all\u00ed en procesos. As\u00ed se suman complicidades\u201d, refiri\u00f3, reflexionando en que la base de todo es la gesti\u00f3n y encontrar los recursos. \u201cLas instituciones p\u00fablicas tienen que invertir. Nuestra labor debe ser visibilizada de otra manera\u201d.<\/p>\n\n\n<div class=\"wp-block-image\">\n<figure class=\"aligncenter size-large\"><img fetchpriority=\"high\" decoding=\"async\" width=\"644\" height=\"429\" src=\"https:\/\/www.uartes.edu.ec\/sitio\/wp-content\/uploads\/2023\/06\/02-MICROFONO-ABIERTO-TERCER-ENCUENTRO-644x429.jpg\" alt=\"\" class=\"wp-image-43766\" srcset=\"https:\/\/www.uartes.edu.ec\/sitio\/wp-content\/uploads\/2023\/06\/02-MICROFONO-ABIERTO-TERCER-ENCUENTRO-644x429.jpg 644w, https:\/\/www.uartes.edu.ec\/sitio\/wp-content\/uploads\/2023\/06\/02-MICROFONO-ABIERTO-TERCER-ENCUENTRO-768x511.jpg 768w, https:\/\/www.uartes.edu.ec\/sitio\/wp-content\/uploads\/2023\/06\/02-MICROFONO-ABIERTO-TERCER-ENCUENTRO.jpg 2000w, https:\/\/www.uartes.edu.ec\/sitio\/wp-content\/uploads\/2023\/06\/02-MICROFONO-ABIERTO-TERCER-ENCUENTRO-600x399.jpg 600w, https:\/\/www.uartes.edu.ec\/sitio\/wp-content\/uploads\/2023\/06\/02-MICROFONO-ABIERTO-TERCER-ENCUENTRO-272x182.jpg 272w\" sizes=\"(max-width: 644px) 100vw, 644px\" \/><\/figure>\n<\/div>\n\n\n<p>Coincidiendo en el tema de la COVID-19 cont\u00f3 que la agrupaci\u00f3n el Gran Teatro de Monte Sina\u00ed, que form\u00f3 en ese sector de la ciudad, lleg\u00f3 a tener 16 funciones y que despu\u00e9s de pandemia los mismos integrantes quisieron retomar y como instituci\u00f3n hay que darles respuesta.<\/p>\n\n\n\n<p>\u201cLas actividades con y sin auspicios van a estar presente en Monte Sina\u00ed gracias a la Fundaci\u00f3n Misi\u00f3n Alianza, la cual tiene un festival all\u00ed y hace gesti\u00f3n\u201d, anot\u00f3 y revel\u00f3 que se atrevi\u00f3 a realizar tambi\u00e9n uno de teatro, el cual tuvo dos jornadas. \u201cIr tejiendo esas complejidades y trabajando desde ah\u00ed podemos fortalecer las actividades. Tras la pandemia centrarnos en un lugar cerrado, no, tenemos que invadir el espacio p\u00fablico y habitarlo de otra manera, con la gesti\u00f3n cultural\u201d.<\/p>\n\n\n\n<p>Cantos, quien es historiador e investigador y curs\u00f3 un programa de maestr\u00eda en la UArtes, tambi\u00e9n estim\u00f3 que la institucionalidad era importante, pero no el fin. \u201cEs una herramienta que nos permite navegar por otros circuitos\u201d. Qu\u00e9 tan f\u00e1cil o dif\u00edcil es hacer cultura, se cuestion\u00f3, considerando que es una dualidad que se marca en el contexto de pensar en qu\u00e9 sectores queremos estar, \u201cen los convencionales o crear otros espacios que nos permitan repensar el papel de la cultura y los actores\u201d.<\/p>\n\n\n\n<p>El ICNA, manifest\u00f3, no recibe fondos y adopt\u00f3 el concepto de econom\u00eda cultural colaborativa con lo cual se busca sea autosustentable y autosostenible con las propias din\u00e1micas de los sectores culturales \u201cque nos acompa\u00f1an en los procesos y a quienes acompa\u00f1amos\u201d. De lunes a viernes tienen talleres de pintura y de grabado, presentan libros y tienen conciertos de heavy metal. \u201cTratamos de vincularnos con esas din\u00e1micas. Lo interesante es determinar con qu\u00e9 sectores nos conectamos para poder generar. No tenemos que ser parte de los mismos circuitos culturales, sino buscar otros elementos propios de la ciudad\u201d.<\/p>\n\n\n\n<p>La historia y su difusi\u00f3n siempre ha sido vista desde las alturas y lo han podido bajar repensando la ciudad, las entidades, tradiciones y cotidianidades, y creando otro p\u00fablico que tambi\u00e9n est\u00e9 interesado en la historia. Como todos, se\u00f1al\u00f3, en alg\u00fan momento siempre hubo personas que les dieron la mano para ir creciendo culturalmente en base a esa reciprocidad.<\/p>\n\n\n<div class=\"wp-block-image\">\n<figure class=\"aligncenter size-large\"><img decoding=\"async\" width=\"644\" height=\"429\" src=\"https:\/\/www.uartes.edu.ec\/sitio\/wp-content\/uploads\/2023\/06\/04-MICROFONO-ABIERTO-TERCER-ENCUENTRO-644x429.jpg\" alt=\"\" class=\"wp-image-43767\" srcset=\"https:\/\/www.uartes.edu.ec\/sitio\/wp-content\/uploads\/2023\/06\/04-MICROFONO-ABIERTO-TERCER-ENCUENTRO-644x429.jpg 644w, https:\/\/www.uartes.edu.ec\/sitio\/wp-content\/uploads\/2023\/06\/04-MICROFONO-ABIERTO-TERCER-ENCUENTRO-768x511.jpg 768w, https:\/\/www.uartes.edu.ec\/sitio\/wp-content\/uploads\/2023\/06\/04-MICROFONO-ABIERTO-TERCER-ENCUENTRO.jpg 2000w, https:\/\/www.uartes.edu.ec\/sitio\/wp-content\/uploads\/2023\/06\/04-MICROFONO-ABIERTO-TERCER-ENCUENTRO-600x399.jpg 600w, https:\/\/www.uartes.edu.ec\/sitio\/wp-content\/uploads\/2023\/06\/04-MICROFONO-ABIERTO-TERCER-ENCUENTRO-272x182.jpg 272w\" sizes=\"(max-width: 644px) 100vw, 644px\" \/><\/figure>\n<\/div>\n\n\n<p>\u00bfHan tenido apoyo desde esa perspectiva de la gesti\u00f3n cultural?, cuestion\u00f3 Rojas. Leyton respondi\u00f3 que en pospandemia \u2013y a\u00fan ahora\u2013 fue complejo y desafiante. Pensaba que gesti\u00f3n era solo recursos econ\u00f3micos y no, tambi\u00e9n son los espacios en los que se puede mover con Arawa. Revel\u00f3 que en un festival internacional de teatro desarrollado en el Guasmo Sur cuando no han tenido recursos han debido pedir hospedaje en las casas del barrio y ese es un trabajo de gesti\u00f3n. \u201cDigo instituci\u00f3n, pero no son solo las magnas, sino esa casa comunal, ese espacio donde hay un dirigente que tiene una organizaci\u00f3n que permite ese acercamiento y esa confianza para desarrollar la actividad\u201d.<\/p>\n\n\n\n<p>Mencion\u00f3 que fueron con el proyecto Bibliotricimoteca a realizar una residencia en Montalvo y el Municipio solo les abri\u00f3 las puertas dos semanas, con comida y hospedaje. Al cierre de los talleres una madre de familia les pidi\u00f3 que se quedaran una semana m\u00e1s y que cobraran por los talleres, pues los chicos estaban enganchados. \u201cLa actividad cultural hay que irla empujando, abriendo espacios, descubriendo necesidades tambi\u00e9n\u201d.<\/p>\n\n\n\n<p>Consultados sobre la crisis de inseguridad y violencia que se vive en todo el pa\u00eds, Rojas pregunt\u00f3 c\u00f3mo desde la&nbsp;cultura se puede aportar y si la actividad cultural independiente de Guayaquil ha sido afectada. Espinoza consider\u00f3 que s\u00ed, pues hay temor de salir a algunos lugares, sin embargo, hay que continuar.<\/p>\n\n\n\n<p>Leyton se sum\u00f3 indicando que la inseguridad no nos debe paralizar, de que hay referentes de esa experiencia, como la colombiana donde por lo menos hay un festival de teatro organizado por estudiantes universitarios mediante gesti\u00f3n que se realiza en lugares no convencionales y perif\u00e9ricos de Bogot\u00e1 y Cali. \u201c(\u2026) La mejor manera de resistir es manteniendo con m\u00e1s firmeza la actividad con todas las dificultades y frustraciones que se tenga\u201d.<\/p>\n\n\n\n<p>Cantos dijo que el ICNA ha debido invertir en seguridad, c\u00e1maras, timbre, malla el\u00e9ctrica. Antes ten\u00edan la puerta abierta y la gente sub\u00eda, entraba e iba a los eventos, pero ahora est\u00e1n obligados a repensar las actividades y los horarios, comenzar y cerrar m\u00e1s temprano.&nbsp;<\/p>\n\n\n\n<p>Ante la pasi\u00f3n coincidente y manifestada por los panelistas, la moderadora pregunt\u00f3 cu\u00e1l era la gratificaci\u00f3n que reciben y c\u00f3mo han logrado cumplir metas personales a trav\u00e9s de lo que realizan. Para Espinoza esta llega con los resultados de lo que transmiten a quienes forman en el \u00e1mbito de la cinematograf\u00eda. Para Leyton, el poder conocer y percibir otras realidades. Para Cantos, \u201clo gratificante es generar alegr\u00eda colectiva en una sociedad que nos ha impuesto pensar individual y ego\u00edstamente. La actividad art\u00edstica genera un producto colectivo y un resultado colectivo es lo gratificante\u201d.<\/p>\n\n\n\n<p>Al t\u00e9rmino de sus intervenciones, Espinoza, Leyton y Cantos respondieron las inquietudes del p\u00fablico.<\/p>\n\n\n\n<p>Cobertura\/Texto: Carmen Cortez<\/p>","protected":false},"excerpt":{"rendered":"<p>\u201cLos colectivos y la gesti\u00f3n independiente de la cultura\u201d fue el di\u00e1logo que mantuvieron Miguel Cantos, director del Instituto Cultural Nuestra Am\u00e9rica (ICNA); Eduardo Espinoza, de Butaca Paradiso; y, Marcelo Leyton, del Teatro Arawa, en la primera de las cuatro citas de Micr\u00f3fono Abierto del 3er Encuentro de Pol\u00edticas y Econom\u00eda de la Cultura organizado por el Observatorio de la UArtes. Intervino como moderadora Altaira Rojas, de Vinculaci\u00f3n con la Comunidad.<\/p>","protected":false},"author":10,"featured_media":43765,"comment_status":"open","ping_status":"open","sticky":false,"template":"","format":"standard","meta":{"_acf_changed":false,"_uag_custom_page_level_css":"","_monsterinsights_skip_tracking":false,"_monsterinsights_sitenote_active":false,"_monsterinsights_sitenote_note":"","_monsterinsights_sitenote_category":0,"cybocfi_hide_featured_image":"","footnotes":""},"categories":[80,438,490,75,76,77,284,83],"tags":[1005],"infouartes":[],"class_list":["post-43761","post","type-post","status-publish","format-standard","has-post-thumbnail","hentry","category-academico","category-administrativos","category-alumni","category-docentes","category-estudiantes","category-gestion","category-investigacion","category-sedes","tag-encuentro-del-observatorio"],"acf":[],"yoast_head":"<!-- This site is optimized with the Yoast SEO plugin v27.4 - https:\/\/yoast.com\/product\/yoast-seo-wordpress\/ -->\n<title>Universidad de las Artes - Micr\u00f3fono Abierto con los colectivos y la gesti\u00f3n independiente de la cultura<\/title>\n<meta name=\"description\" content=\"Universidad de las Artes - Micr\u00f3fono Abierto con los colectivos y la gesti\u00f3n independiente de la cultura\" \/>\n<meta name=\"robots\" content=\"index, follow, max-snippet:-1, max-image-preview:large, max-video-preview:-1\" \/>\n<link rel=\"canonical\" href=\"https:\/\/www.uartes.edu.ec\/sitio\/en\/blog\/2023\/06\/26\/microfono-abierto-con-los-colectivos-y-la-gestion-independiente-de-la-cultura\/\" \/>\n<meta property=\"og:locale\" content=\"en_US\" \/>\n<meta property=\"og:type\" content=\"article\" \/>\n<meta property=\"og:title\" content=\"Universidad de las Artes - Micr\u00f3fono Abierto con los colectivos y la gesti\u00f3n independiente de la cultura\" \/>\n<meta property=\"og:description\" content=\"Universidad de las Artes - Micr\u00f3fono Abierto con los colectivos y la gesti\u00f3n independiente de la cultura\" \/>\n<meta property=\"og:url\" content=\"https:\/\/www.uartes.edu.ec\/sitio\/en\/blog\/2023\/06\/26\/microfono-abierto-con-los-colectivos-y-la-gestion-independiente-de-la-cultura\/\" \/>\n<meta property=\"og:site_name\" content=\"Universidad de las Artes\" \/>\n<meta property=\"article:publisher\" content=\"https:\/\/www.facebook.com\/uartesec\" \/>\n<meta property=\"article:published_time\" content=\"2023-06-26T21:37:56+00:00\" \/>\n<meta property=\"article:modified_time\" content=\"2024-07-04T16:21:03+00:00\" \/>\n<meta property=\"og:image\" content=\"https:\/\/www.uartes.edu.ec\/sitio\/wp-content\/uploads\/2023\/06\/01-MICROFONO-ABIERTO-TERCER-ENCUENTRO.jpg\" \/>\n\t<meta property=\"og:image:width\" content=\"2000\" \/>\n\t<meta property=\"og:image:height\" content=\"1333\" \/>\n\t<meta property=\"og:image:type\" content=\"image\/jpeg\" \/>\n<meta name=\"author\" content=\"ccortez\" \/>\n<meta name=\"twitter:card\" content=\"summary_large_image\" \/>\n<meta name=\"twitter:creator\" content=\"@uartesec\" \/>\n<meta name=\"twitter:site\" content=\"@uartesec\" \/>\n<meta name=\"twitter:label1\" content=\"Written by\" \/>\n\t<meta name=\"twitter:data1\" content=\"ccortez\" \/>\n\t<meta name=\"twitter:label2\" content=\"Est. reading time\" \/>\n\t<meta name=\"twitter:data2\" content=\"6 minutes\" \/>\n<script type=\"application\/ld+json\" class=\"yoast-schema-graph\">{\"@context\":\"https:\\\/\\\/schema.org\",\"@graph\":[{\"@type\":\"Article\",\"@id\":\"https:\\\/\\\/www.uartes.edu.ec\\\/sitio\\\/en\\\/blog\\\/2023\\\/06\\\/26\\\/microfono-abierto-con-los-colectivos-y-la-gestion-independiente-de-la-cultura\\\/#article\",\"isPartOf\":{\"@id\":\"https:\\\/\\\/www.uartes.edu.ec\\\/sitio\\\/en\\\/blog\\\/2023\\\/06\\\/26\\\/microfono-abierto-con-los-colectivos-y-la-gestion-independiente-de-la-cultura\\\/\"},\"author\":{\"name\":\"ccortez\",\"@id\":\"https:\\\/\\\/www.uartes.edu.ec\\\/sitio\\\/en\\\/#\\\/schema\\\/person\\\/efa1b8275797664fd7f13a79ccc0b1f4\"},\"headline\":\"Micr\u00f3fono Abierto con los colectivos y la gesti\u00f3n independiente de la cultura\",\"datePublished\":\"2023-06-26T21:37:56+00:00\",\"dateModified\":\"2024-07-04T16:21:03+00:00\",\"mainEntityOfPage\":{\"@id\":\"https:\\\/\\\/www.uartes.edu.ec\\\/sitio\\\/en\\\/blog\\\/2023\\\/06\\\/26\\\/microfono-abierto-con-los-colectivos-y-la-gestion-independiente-de-la-cultura\\\/\"},\"wordCount\":1215,\"commentCount\":0,\"publisher\":{\"@id\":\"https:\\\/\\\/www.uartes.edu.ec\\\/sitio\\\/en\\\/#organization\"},\"image\":{\"@id\":\"https:\\\/\\\/www.uartes.edu.ec\\\/sitio\\\/en\\\/blog\\\/2023\\\/06\\\/26\\\/microfono-abierto-con-los-colectivos-y-la-gestion-independiente-de-la-cultura\\\/#primaryimage\"},\"thumbnailUrl\":\"https:\\\/\\\/www.uartes.edu.ec\\\/sitio\\\/wp-content\\\/uploads\\\/2023\\\/06\\\/01-MICROFONO-ABIERTO-TERCER-ENCUENTRO.jpg\",\"keywords\":[\"encuentro del Observatorio\"],\"articleSection\":[\"Acad\u00e9mico\",\"Administrativos\",\"Alumni\",\"Docentes\",\"Estudiantes\",\"Gesti\u00f3n\",\"Investigaci\u00f3n\",\"Sedes\"],\"inLanguage\":\"en-US\",\"potentialAction\":[{\"@type\":\"CommentAction\",\"name\":\"Comment\",\"target\":[\"https:\\\/\\\/www.uartes.edu.ec\\\/sitio\\\/en\\\/blog\\\/2023\\\/06\\\/26\\\/microfono-abierto-con-los-colectivos-y-la-gestion-independiente-de-la-cultura\\\/#respond\"]}]},{\"@type\":[\"WebPage\",\"ItemPage\"],\"@id\":\"https:\\\/\\\/www.uartes.edu.ec\\\/sitio\\\/en\\\/blog\\\/2023\\\/06\\\/26\\\/microfono-abierto-con-los-colectivos-y-la-gestion-independiente-de-la-cultura\\\/\",\"url\":\"https:\\\/\\\/www.uartes.edu.ec\\\/sitio\\\/en\\\/blog\\\/2023\\\/06\\\/26\\\/microfono-abierto-con-los-colectivos-y-la-gestion-independiente-de-la-cultura\\\/\",\"name\":\"Universidad de las Artes - Micr\u00f3fono Abierto con los colectivos y la gesti\u00f3n independiente de la cultura\",\"isPartOf\":{\"@id\":\"https:\\\/\\\/www.uartes.edu.ec\\\/sitio\\\/en\\\/#website\"},\"primaryImageOfPage\":{\"@id\":\"https:\\\/\\\/www.uartes.edu.ec\\\/sitio\\\/en\\\/blog\\\/2023\\\/06\\\/26\\\/microfono-abierto-con-los-colectivos-y-la-gestion-independiente-de-la-cultura\\\/#primaryimage\"},\"image\":{\"@id\":\"https:\\\/\\\/www.uartes.edu.ec\\\/sitio\\\/en\\\/blog\\\/2023\\\/06\\\/26\\\/microfono-abierto-con-los-colectivos-y-la-gestion-independiente-de-la-cultura\\\/#primaryimage\"},\"thumbnailUrl\":\"https:\\\/\\\/www.uartes.edu.ec\\\/sitio\\\/wp-content\\\/uploads\\\/2023\\\/06\\\/01-MICROFONO-ABIERTO-TERCER-ENCUENTRO.jpg\",\"datePublished\":\"2023-06-26T21:37:56+00:00\",\"dateModified\":\"2024-07-04T16:21:03+00:00\",\"description\":\"Universidad de las Artes - Micr\u00f3fono Abierto con los colectivos y la gesti\u00f3n independiente de la cultura\",\"breadcrumb\":{\"@id\":\"https:\\\/\\\/www.uartes.edu.ec\\\/sitio\\\/en\\\/blog\\\/2023\\\/06\\\/26\\\/microfono-abierto-con-los-colectivos-y-la-gestion-independiente-de-la-cultura\\\/#breadcrumb\"},\"inLanguage\":\"en-US\",\"potentialAction\":[{\"@type\":\"ReadAction\",\"target\":[\"https:\\\/\\\/www.uartes.edu.ec\\\/sitio\\\/en\\\/blog\\\/2023\\\/06\\\/26\\\/microfono-abierto-con-los-colectivos-y-la-gestion-independiente-de-la-cultura\\\/\"]}]},{\"@type\":\"ImageObject\",\"inLanguage\":\"en-US\",\"@id\":\"https:\\\/\\\/www.uartes.edu.ec\\\/sitio\\\/en\\\/blog\\\/2023\\\/06\\\/26\\\/microfono-abierto-con-los-colectivos-y-la-gestion-independiente-de-la-cultura\\\/#primaryimage\",\"url\":\"https:\\\/\\\/www.uartes.edu.ec\\\/sitio\\\/wp-content\\\/uploads\\\/2023\\\/06\\\/01-MICROFONO-ABIERTO-TERCER-ENCUENTRO.jpg\",\"contentUrl\":\"https:\\\/\\\/www.uartes.edu.ec\\\/sitio\\\/wp-content\\\/uploads\\\/2023\\\/06\\\/01-MICROFONO-ABIERTO-TERCER-ENCUENTRO.jpg\",\"width\":2000,\"height\":1333},{\"@type\":\"BreadcrumbList\",\"@id\":\"https:\\\/\\\/www.uartes.edu.ec\\\/sitio\\\/en\\\/blog\\\/2023\\\/06\\\/26\\\/microfono-abierto-con-los-colectivos-y-la-gestion-independiente-de-la-cultura\\\/#breadcrumb\",\"itemListElement\":[{\"@type\":\"ListItem\",\"position\":1,\"name\":\"Inicio\",\"item\":\"https:\\\/\\\/www.uartes.edu.ec\\\/sitio\\\/\"},{\"@type\":\"ListItem\",\"position\":2,\"name\":\"Micr\u00f3fono Abierto con los colectivos y la gesti\u00f3n independiente de la cultura\"}]},{\"@type\":\"WebSite\",\"@id\":\"https:\\\/\\\/www.uartes.edu.ec\\\/sitio\\\/en\\\/#website\",\"url\":\"https:\\\/\\\/www.uartes.edu.ec\\\/sitio\\\/en\\\/\",\"name\":\"Universidad de las Artes\",\"description\":\"Sitio oficial de la Universidad Nacional de las Artes del Ecuador\",\"publisher\":{\"@id\":\"https:\\\/\\\/www.uartes.edu.ec\\\/sitio\\\/en\\\/#organization\"},\"potentialAction\":[{\"@type\":\"SearchAction\",\"target\":{\"@type\":\"EntryPoint\",\"urlTemplate\":\"https:\\\/\\\/www.uartes.edu.ec\\\/sitio\\\/en\\\/?s={search_term_string}\"},\"query-input\":{\"@type\":\"PropertyValueSpecification\",\"valueRequired\":true,\"valueName\":\"search_term_string\"}}],\"inLanguage\":\"en-US\"},{\"@type\":\"Organization\",\"@id\":\"https:\\\/\\\/www.uartes.edu.ec\\\/sitio\\\/en\\\/#organization\",\"name\":\"Universidad de las Artes\",\"url\":\"https:\\\/\\\/www.uartes.edu.ec\\\/sitio\\\/en\\\/\",\"logo\":{\"@type\":\"ImageObject\",\"inLanguage\":\"en-US\",\"@id\":\"https:\\\/\\\/www.uartes.edu.ec\\\/sitio\\\/en\\\/#\\\/schema\\\/logo\\\/image\\\/\",\"url\":\"https:\\\/\\\/www.uartes.edu.ec\\\/sitio\\\/wp-content\\\/uploads\\\/2022\\\/07\\\/logo-ua-horizontal.png\",\"contentUrl\":\"https:\\\/\\\/www.uartes.edu.ec\\\/sitio\\\/wp-content\\\/uploads\\\/2022\\\/07\\\/logo-ua-horizontal.png\",\"width\":800,\"height\":276,\"caption\":\"Universidad de las Artes\"},\"image\":{\"@id\":\"https:\\\/\\\/www.uartes.edu.ec\\\/sitio\\\/en\\\/#\\\/schema\\\/logo\\\/image\\\/\"},\"sameAs\":[\"https:\\\/\\\/www.facebook.com\\\/uartesec\",\"https:\\\/\\\/x.com\\\/uartesec\",\"https:\\\/\\\/www.tiktok.com\\\/@uartesec\"]},{\"@type\":\"Person\",\"@id\":\"https:\\\/\\\/www.uartes.edu.ec\\\/sitio\\\/en\\\/#\\\/schema\\\/person\\\/efa1b8275797664fd7f13a79ccc0b1f4\",\"name\":\"ccortez\",\"image\":{\"@type\":\"ImageObject\",\"inLanguage\":\"en-US\",\"@id\":\"https:\\\/\\\/secure.gravatar.com\\\/avatar\\\/b2a6f664a3ae8e074346ef91775736c5ec479e637ecced6842de9dc98b5da9cd?s=96&d=mm&r=g\",\"url\":\"https:\\\/\\\/secure.gravatar.com\\\/avatar\\\/b2a6f664a3ae8e074346ef91775736c5ec479e637ecced6842de9dc98b5da9cd?s=96&d=mm&r=g\",\"contentUrl\":\"https:\\\/\\\/secure.gravatar.com\\\/avatar\\\/b2a6f664a3ae8e074346ef91775736c5ec479e637ecced6842de9dc98b5da9cd?s=96&d=mm&r=g\",\"caption\":\"ccortez\"},\"url\":\"https:\\\/\\\/www.uartes.edu.ec\\\/sitio\\\/en\\\/blog\\\/author\\\/ccortez\\\/\"}]}<\/script>\n<!-- \/ Yoast SEO plugin. -->","yoast_head_json":{"title":"Universidad de las Artes - Micr\u00f3fono Abierto con los colectivos y la gesti\u00f3n independiente de la cultura","description":"Universidad de las Artes - Micr\u00f3fono Abierto con los colectivos y la gesti\u00f3n independiente de la cultura","robots":{"index":"index","follow":"follow","max-snippet":"max-snippet:-1","max-image-preview":"max-image-preview:large","max-video-preview":"max-video-preview:-1"},"canonical":"https:\/\/www.uartes.edu.ec\/sitio\/en\/blog\/2023\/06\/26\/microfono-abierto-con-los-colectivos-y-la-gestion-independiente-de-la-cultura\/","og_locale":"en_US","og_type":"article","og_title":"Universidad de las Artes - Micr\u00f3fono Abierto con los colectivos y la gesti\u00f3n independiente de la cultura","og_description":"Universidad de las Artes - Micr\u00f3fono Abierto con los colectivos y la gesti\u00f3n independiente de la cultura","og_url":"https:\/\/www.uartes.edu.ec\/sitio\/en\/blog\/2023\/06\/26\/microfono-abierto-con-los-colectivos-y-la-gestion-independiente-de-la-cultura\/","og_site_name":"Universidad de las Artes","article_publisher":"https:\/\/www.facebook.com\/uartesec","article_published_time":"2023-06-26T21:37:56+00:00","article_modified_time":"2024-07-04T16:21:03+00:00","og_image":[{"width":2000,"height":1333,"url":"https:\/\/www.uartes.edu.ec\/sitio\/wp-content\/uploads\/2023\/06\/01-MICROFONO-ABIERTO-TERCER-ENCUENTRO.jpg","type":"image\/jpeg"}],"author":"ccortez","twitter_card":"summary_large_image","twitter_creator":"@uartesec","twitter_site":"@uartesec","twitter_misc":{"Written by":"ccortez","Est. reading time":"6 minutes"},"schema":{"@context":"https:\/\/schema.org","@graph":[{"@type":"Article","@id":"https:\/\/www.uartes.edu.ec\/sitio\/en\/blog\/2023\/06\/26\/microfono-abierto-con-los-colectivos-y-la-gestion-independiente-de-la-cultura\/#article","isPartOf":{"@id":"https:\/\/www.uartes.edu.ec\/sitio\/en\/blog\/2023\/06\/26\/microfono-abierto-con-los-colectivos-y-la-gestion-independiente-de-la-cultura\/"},"author":{"name":"ccortez","@id":"https:\/\/www.uartes.edu.ec\/sitio\/en\/#\/schema\/person\/efa1b8275797664fd7f13a79ccc0b1f4"},"headline":"Micr\u00f3fono Abierto con los colectivos y la gesti\u00f3n independiente de la cultura","datePublished":"2023-06-26T21:37:56+00:00","dateModified":"2024-07-04T16:21:03+00:00","mainEntityOfPage":{"@id":"https:\/\/www.uartes.edu.ec\/sitio\/en\/blog\/2023\/06\/26\/microfono-abierto-con-los-colectivos-y-la-gestion-independiente-de-la-cultura\/"},"wordCount":1215,"commentCount":0,"publisher":{"@id":"https:\/\/www.uartes.edu.ec\/sitio\/en\/#organization"},"image":{"@id":"https:\/\/www.uartes.edu.ec\/sitio\/en\/blog\/2023\/06\/26\/microfono-abierto-con-los-colectivos-y-la-gestion-independiente-de-la-cultura\/#primaryimage"},"thumbnailUrl":"https:\/\/www.uartes.edu.ec\/sitio\/wp-content\/uploads\/2023\/06\/01-MICROFONO-ABIERTO-TERCER-ENCUENTRO.jpg","keywords":["encuentro del Observatorio"],"articleSection":["Acad\u00e9mico","Administrativos","Alumni","Docentes","Estudiantes","Gesti\u00f3n","Investigaci\u00f3n","Sedes"],"inLanguage":"en-US","potentialAction":[{"@type":"CommentAction","name":"Comment","target":["https:\/\/www.uartes.edu.ec\/sitio\/en\/blog\/2023\/06\/26\/microfono-abierto-con-los-colectivos-y-la-gestion-independiente-de-la-cultura\/#respond"]}]},{"@type":["WebPage","ItemPage"],"@id":"https:\/\/www.uartes.edu.ec\/sitio\/en\/blog\/2023\/06\/26\/microfono-abierto-con-los-colectivos-y-la-gestion-independiente-de-la-cultura\/","url":"https:\/\/www.uartes.edu.ec\/sitio\/en\/blog\/2023\/06\/26\/microfono-abierto-con-los-colectivos-y-la-gestion-independiente-de-la-cultura\/","name":"Universidad de las Artes - Micr\u00f3fono Abierto con los colectivos y la gesti\u00f3n independiente de la cultura","isPartOf":{"@id":"https:\/\/www.uartes.edu.ec\/sitio\/en\/#website"},"primaryImageOfPage":{"@id":"https:\/\/www.uartes.edu.ec\/sitio\/en\/blog\/2023\/06\/26\/microfono-abierto-con-los-colectivos-y-la-gestion-independiente-de-la-cultura\/#primaryimage"},"image":{"@id":"https:\/\/www.uartes.edu.ec\/sitio\/en\/blog\/2023\/06\/26\/microfono-abierto-con-los-colectivos-y-la-gestion-independiente-de-la-cultura\/#primaryimage"},"thumbnailUrl":"https:\/\/www.uartes.edu.ec\/sitio\/wp-content\/uploads\/2023\/06\/01-MICROFONO-ABIERTO-TERCER-ENCUENTRO.jpg","datePublished":"2023-06-26T21:37:56+00:00","dateModified":"2024-07-04T16:21:03+00:00","description":"Universidad de las Artes - Micr\u00f3fono Abierto con los colectivos y la gesti\u00f3n independiente de la cultura","breadcrumb":{"@id":"https:\/\/www.uartes.edu.ec\/sitio\/en\/blog\/2023\/06\/26\/microfono-abierto-con-los-colectivos-y-la-gestion-independiente-de-la-cultura\/#breadcrumb"},"inLanguage":"en-US","potentialAction":[{"@type":"ReadAction","target":["https:\/\/www.uartes.edu.ec\/sitio\/en\/blog\/2023\/06\/26\/microfono-abierto-con-los-colectivos-y-la-gestion-independiente-de-la-cultura\/"]}]},{"@type":"ImageObject","inLanguage":"en-US","@id":"https:\/\/www.uartes.edu.ec\/sitio\/en\/blog\/2023\/06\/26\/microfono-abierto-con-los-colectivos-y-la-gestion-independiente-de-la-cultura\/#primaryimage","url":"https:\/\/www.uartes.edu.ec\/sitio\/wp-content\/uploads\/2023\/06\/01-MICROFONO-ABIERTO-TERCER-ENCUENTRO.jpg","contentUrl":"https:\/\/www.uartes.edu.ec\/sitio\/wp-content\/uploads\/2023\/06\/01-MICROFONO-ABIERTO-TERCER-ENCUENTRO.jpg","width":2000,"height":1333},{"@type":"BreadcrumbList","@id":"https:\/\/www.uartes.edu.ec\/sitio\/en\/blog\/2023\/06\/26\/microfono-abierto-con-los-colectivos-y-la-gestion-independiente-de-la-cultura\/#breadcrumb","itemListElement":[{"@type":"ListItem","position":1,"name":"Inicio","item":"https:\/\/www.uartes.edu.ec\/sitio\/"},{"@type":"ListItem","position":2,"name":"Micr\u00f3fono Abierto con los colectivos y la gesti\u00f3n independiente de la cultura"}]},{"@type":"WebSite","@id":"https:\/\/www.uartes.edu.ec\/sitio\/en\/#website","url":"https:\/\/www.uartes.edu.ec\/sitio\/en\/","name":"Universidad de las Artes","description":"Sitio oficial de la Universidad Nacional de las Artes del Ecuador","publisher":{"@id":"https:\/\/www.uartes.edu.ec\/sitio\/en\/#organization"},"potentialAction":[{"@type":"SearchAction","target":{"@type":"EntryPoint","urlTemplate":"https:\/\/www.uartes.edu.ec\/sitio\/en\/?s={search_term_string}"},"query-input":{"@type":"PropertyValueSpecification","valueRequired":true,"valueName":"search_term_string"}}],"inLanguage":"en-US"},{"@type":"Organization","@id":"https:\/\/www.uartes.edu.ec\/sitio\/en\/#organization","name":"Universidad de las Artes","url":"https:\/\/www.uartes.edu.ec\/sitio\/en\/","logo":{"@type":"ImageObject","inLanguage":"en-US","@id":"https:\/\/www.uartes.edu.ec\/sitio\/en\/#\/schema\/logo\/image\/","url":"https:\/\/www.uartes.edu.ec\/sitio\/wp-content\/uploads\/2022\/07\/logo-ua-horizontal.png","contentUrl":"https:\/\/www.uartes.edu.ec\/sitio\/wp-content\/uploads\/2022\/07\/logo-ua-horizontal.png","width":800,"height":276,"caption":"Universidad de las Artes"},"image":{"@id":"https:\/\/www.uartes.edu.ec\/sitio\/en\/#\/schema\/logo\/image\/"},"sameAs":["https:\/\/www.facebook.com\/uartesec","https:\/\/x.com\/uartesec","https:\/\/www.tiktok.com\/@uartesec"]},{"@type":"Person","@id":"https:\/\/www.uartes.edu.ec\/sitio\/en\/#\/schema\/person\/efa1b8275797664fd7f13a79ccc0b1f4","name":"ccortez","image":{"@type":"ImageObject","inLanguage":"en-US","@id":"https:\/\/secure.gravatar.com\/avatar\/b2a6f664a3ae8e074346ef91775736c5ec479e637ecced6842de9dc98b5da9cd?s=96&d=mm&r=g","url":"https:\/\/secure.gravatar.com\/avatar\/b2a6f664a3ae8e074346ef91775736c5ec479e637ecced6842de9dc98b5da9cd?s=96&d=mm&r=g","contentUrl":"https:\/\/secure.gravatar.com\/avatar\/b2a6f664a3ae8e074346ef91775736c5ec479e637ecced6842de9dc98b5da9cd?s=96&d=mm&r=g","caption":"ccortez"},"url":"https:\/\/www.uartes.edu.ec\/sitio\/en\/blog\/author\/ccortez\/"}]}},"uagb_featured_image_src":{"full":["https:\/\/www.uartes.edu.ec\/sitio\/wp-content\/uploads\/2023\/06\/01-MICROFONO-ABIERTO-TERCER-ENCUENTRO.jpg",2000,1333,false],"thumbnail":["https:\/\/www.uartes.edu.ec\/sitio\/wp-content\/uploads\/2023\/06\/01-MICROFONO-ABIERTO-TERCER-ENCUENTRO-150x150.jpg",150,150,true],"medium":["https:\/\/www.uartes.edu.ec\/sitio\/wp-content\/uploads\/2023\/06\/01-MICROFONO-ABIERTO-TERCER-ENCUENTRO-300x200.jpg",300,200,true],"medium_large":["https:\/\/www.uartes.edu.ec\/sitio\/wp-content\/uploads\/2023\/06\/01-MICROFONO-ABIERTO-TERCER-ENCUENTRO-768x512.jpg",768,512,true],"large":["https:\/\/www.uartes.edu.ec\/sitio\/wp-content\/uploads\/2023\/06\/01-MICROFONO-ABIERTO-TERCER-ENCUENTRO-644x429.jpg",644,429,true],"1536x1536":["https:\/\/www.uartes.edu.ec\/sitio\/wp-content\/uploads\/2023\/06\/01-MICROFONO-ABIERTO-TERCER-ENCUENTRO-1536x1024.jpg",1536,1024,true],"2048x2048":["https:\/\/www.uartes.edu.ec\/sitio\/wp-content\/uploads\/2023\/06\/01-MICROFONO-ABIERTO-TERCER-ENCUENTRO.jpg",2000,1333,false],"trp-custom-language-flag":["https:\/\/www.uartes.edu.ec\/sitio\/wp-content\/uploads\/2023\/06\/01-MICROFONO-ABIERTO-TERCER-ENCUENTRO.jpg",18,12,false],"htmega_size_585x295":["https:\/\/www.uartes.edu.ec\/sitio\/wp-content\/uploads\/2023\/06\/01-MICROFONO-ABIERTO-TERCER-ENCUENTRO-585x295.jpg",585,295,true],"htmega_size_1170x536":["https:\/\/www.uartes.edu.ec\/sitio\/wp-content\/uploads\/2023\/06\/01-MICROFONO-ABIERTO-TERCER-ENCUENTRO-1170x536.jpg",1170,536,true],"htmega_size_396x360":["https:\/\/www.uartes.edu.ec\/sitio\/wp-content\/uploads\/2023\/06\/01-MICROFONO-ABIERTO-TERCER-ENCUENTRO-396x360.jpg",396,360,true],"gb-block-post-grid-landscape":["https:\/\/www.uartes.edu.ec\/sitio\/wp-content\/uploads\/2023\/06\/01-MICROFONO-ABIERTO-TERCER-ENCUENTRO-600x400.jpg",600,400,true],"gb-block-post-grid-square":["https:\/\/www.uartes.edu.ec\/sitio\/wp-content\/uploads\/2023\/06\/01-MICROFONO-ABIERTO-TERCER-ENCUENTRO-600x600.jpg",600,600,true],"university-hub-thumb":["https:\/\/www.uartes.edu.ec\/sitio\/wp-content\/uploads\/2023\/06\/01-MICROFONO-ABIERTO-TERCER-ENCUENTRO-400x267.jpg",400,267,true]},"uagb_author_info":{"display_name":"ccortez","author_link":"https:\/\/www.uartes.edu.ec\/sitio\/en\/blog\/author\/ccortez\/"},"uagb_comment_info":0,"uagb_excerpt":"\u201cLos colectivos y la gesti\u00f3n independiente de la cultura\u201d fue el di\u00e1logo que mantuvieron Miguel Cantos, director del Instituto Cultural Nuestra Am\u00e9rica (ICNA); Eduardo Espinoza, de Butaca Paradiso; y, Marcelo Leyton, del Teatro Arawa, en la primera de las cuatro citas de Micr\u00f3fono Abierto del 3er Encuentro de Pol\u00edticas y Econom\u00eda de la Cultura organizado&hellip;","featured_image_src":"https:\/\/www.uartes.edu.ec\/sitio\/wp-content\/uploads\/2023\/06\/01-MICROFONO-ABIERTO-TERCER-ENCUENTRO-600x400.jpg","featured_image_src_square":"https:\/\/www.uartes.edu.ec\/sitio\/wp-content\/uploads\/2023\/06\/01-MICROFONO-ABIERTO-TERCER-ENCUENTRO-600x600.jpg","author_info":{"display_name":"ccortez","author_link":"https:\/\/www.uartes.edu.ec\/sitio\/en\/blog\/author\/ccortez\/"},"publishpress_future_workflow_manual_trigger":{"enabledWorkflows":[]},"distributor_meta":false,"distributor_terms":false,"distributor_media":false,"distributor_original_site_name":"Universidad de las Artes","distributor_original_site_url":"https:\/\/www.uartes.edu.ec\/sitio\/en","push-errors":false,"_links":{"self":[{"href":"https:\/\/www.uartes.edu.ec\/sitio\/en\/wp-json\/wp\/v2\/posts\/43761","targetHints":{"allow":["GET"]}}],"collection":[{"href":"https:\/\/www.uartes.edu.ec\/sitio\/en\/wp-json\/wp\/v2\/posts"}],"about":[{"href":"https:\/\/www.uartes.edu.ec\/sitio\/en\/wp-json\/wp\/v2\/types\/post"}],"author":[{"embeddable":true,"href":"https:\/\/www.uartes.edu.ec\/sitio\/en\/wp-json\/wp\/v2\/users\/10"}],"replies":[{"embeddable":true,"href":"https:\/\/www.uartes.edu.ec\/sitio\/en\/wp-json\/wp\/v2\/comments?post=43761"}],"version-history":[{"count":3,"href":"https:\/\/www.uartes.edu.ec\/sitio\/en\/wp-json\/wp\/v2\/posts\/43761\/revisions"}],"predecessor-version":[{"id":43929,"href":"https:\/\/www.uartes.edu.ec\/sitio\/en\/wp-json\/wp\/v2\/posts\/43761\/revisions\/43929"}],"wp:featuredmedia":[{"embeddable":true,"href":"https:\/\/www.uartes.edu.ec\/sitio\/en\/wp-json\/wp\/v2\/media\/43765"}],"wp:attachment":[{"href":"https:\/\/www.uartes.edu.ec\/sitio\/en\/wp-json\/wp\/v2\/media?parent=43761"}],"wp:term":[{"taxonomy":"category","embeddable":true,"href":"https:\/\/www.uartes.edu.ec\/sitio\/en\/wp-json\/wp\/v2\/categories?post=43761"},{"taxonomy":"post_tag","embeddable":true,"href":"https:\/\/www.uartes.edu.ec\/sitio\/en\/wp-json\/wp\/v2\/tags?post=43761"},{"taxonomy":"infouartes","embeddable":true,"href":"https:\/\/www.uartes.edu.ec\/sitio\/en\/wp-json\/wp\/v2\/infouartes?post=43761"}],"curies":[{"name":"wp","href":"https:\/\/api.w.org\/{rel}","templated":true}]}}