{"id":43774,"date":"2023-06-26T16:58:00","date_gmt":"2023-06-26T21:58:00","guid":{"rendered":"https:\/\/www.uartes.edu.ec\/sitio\/?p=43774"},"modified":"2024-07-04T11:21:02","modified_gmt":"2024-07-04T16:21:02","slug":"produccion-y-exhibicion-de-artes-vivas-en-guayaquil-tema-abordado-en-encuentro-del-observatorio-uartes","status":"publish","type":"post","link":"https:\/\/www.uartes.edu.ec\/sitio\/en\/blog\/2023\/06\/26\/produccion-y-exhibicion-de-artes-vivas-en-guayaquil-tema-abordado-en-encuentro-del-observatorio-uartes\/","title":{"rendered":"\u201cProducci\u00f3n y exhibici\u00f3n de artes vivas en Guayaquil\u201d, tema abordado en 3er encuentro del Observatorio"},"content":{"rendered":"<p>Con la moderaci\u00f3n del artista y docente Benjam\u00edn Cort\u00e9s, este 21 de junio en el segundo Micr\u00f3fono Abierto de la jornada inaugural del 3er Encuentro de Pol\u00edticas y Econom\u00eda de la Cultura \u2013que el Observatorio de la UArtes realizar\u00e1 hasta el viernes 23\u2013 se trat\u00f3 acerca de la producci\u00f3n y exhibici\u00f3n de artes vivas. Participaron como panelistas Ram\u00f3n Barranco, del Teatro S\u00e1nchez Aguilar; Manuel Carvajal, de Atrako Records; y, Daniel Merch\u00e1n, de Garza Roja. &nbsp;<\/p>\n\n\n\n<p>Carvajal cont\u00f3 que Atrako Records naci\u00f3 como un sello que represente a las bandas underground, siempre pensando en la referencia de un buen mensaje en el caso del rock, de autogesti\u00f3n, lucha y continuidad. Al convertirse en algo m\u00e1s grande empez\u00f3 a implementar m\u00e1s g\u00e9neros musicales, incluso fuera del rock, y vincular m\u00e1s artes, videos, animaciones y sonido en vivo. No pod\u00edan dedicarse a una l\u00ednea, sino a todas las posibilidades. Tampoco solo tocar, sino a introducirse en la producci\u00f3n musical y poco a poco fue evolucionando. Ahora se especializa en grabaciones, montajes en vivo, imparten cursos y talleres y hacen grabaciones y mezclas.<\/p>\n\n\n\n<p>Adem\u00e1s de ser parte de Garza Roja, Merch\u00e1n, exfuncionario UArtes, se present\u00f3 como director ejecutivo de Diamante Agencia Art\u00edstica, su empresa. El parque, dijo, es un modelo de negocio que tiene un gran dispositivo art\u00edstico y recreativo entorno a la ruralidad, queda en Nobol y la fundaci\u00f3n tiene un componente de retribuci\u00f3n social.<\/p>\n\n\n<div class=\"wp-block-image\">\n<figure class=\"aligncenter size-large\"><img fetchpriority=\"high\" decoding=\"async\" width=\"644\" height=\"429\" src=\"https:\/\/www.uartes.edu.ec\/sitio\/wp-content\/uploads\/2023\/06\/MICRO-ABIERTO-04-644x429.jpg\" alt=\"\" class=\"wp-image-44002\" srcset=\"https:\/\/www.uartes.edu.ec\/sitio\/wp-content\/uploads\/2023\/06\/MICRO-ABIERTO-04-644x429.jpg 644w, https:\/\/www.uartes.edu.ec\/sitio\/wp-content\/uploads\/2023\/06\/MICRO-ABIERTO-04-768x511.jpg 768w, https:\/\/www.uartes.edu.ec\/sitio\/wp-content\/uploads\/2023\/06\/MICRO-ABIERTO-04.jpg 2000w, https:\/\/www.uartes.edu.ec\/sitio\/wp-content\/uploads\/2023\/06\/MICRO-ABIERTO-04-600x399.jpg 600w, https:\/\/www.uartes.edu.ec\/sitio\/wp-content\/uploads\/2023\/06\/MICRO-ABIERTO-04-272x182.jpg 272w\" sizes=\"(max-width: 644px) 100vw, 644px\" \/><\/figure>\n<\/div>\n\n\n<p>Barranco, en su intervenci\u00f3n, dijo que los encuentros propiciados por el Observatorio de la UArtes son de vital importancia para el crecimiento del sector cultural. Nacido en Valladolid, Espa\u00f1a, se inici\u00f3 en la gesti\u00f3n cultural cuando se la conoc\u00eda como animadores socioculturales. Dirige el Teatro S\u00e1nchez Aguilar, al cual lleg\u00f3 para ponerlo en funcionamiento. Carlos S\u00e1nchez Aguilar quer\u00eda invertir en la ciudad, ten\u00eda el terreno en Samborond\u00f3n y pidi\u00f3 un estudio de lo que hac\u00eda falta y decidi\u00f3 que se construyera el teatro. Las bases del proyecto son la exhibici\u00f3n y convertirse en una unidad de producci\u00f3n y punto importante de apoyo a lo que ya exist\u00eda en la ciudad. La fundaci\u00f3n tiene claro sus objetivos, misi\u00f3n y visi\u00f3n. En lo econ\u00f3mico el TSA no es sostenible, es sustentable.&nbsp;&nbsp;&nbsp;&nbsp;<\/p>\n\n\n\n<p>Al preguntar el moderador acerca de los procesos de producci\u00f3n, su efectividad, complicaci\u00f3n y estrategias, Carvajal anot\u00f3 que, en lo musical, manejarlo como un flujo y hacia qu\u00e9 p\u00fablico podr\u00eda ser dirigido; c\u00f3mo presentarlo, el concierto, las redes, los videoclips&#8230; Merch\u00e1n sostuvo que para que estos productos tengan claro a d\u00f3nde van tienen que tener como base la misi\u00f3n, la visi\u00f3n, el objetivo y los recursos; su expertis es la m\u00fasica y lo que ha funcionado son los productos que tienen la claridad de lo que quieren hacer.<\/p>\n\n\n\n<p>Agreg\u00f3 que un producto o un servicio que se presta para la producci\u00f3n art\u00edstica debe tener en consideraci\u00f3n el ecosistema y la plataforma en la que va a nadar para saber si es sustentable y sostenible. No podr\u00eda hacer nada que no involucre dinero, anot\u00f3 Merch\u00e1n y cont\u00f3 como experiencia que su agencia naci\u00f3 en 2010 y muri\u00f3 en 2015 por esa err\u00f3nea visi\u00f3n de tratar de articular contenidos en torno a la cultura \u201cy nos dimos cuenta de que esta es una palabra muy amplia que involucra un mont\u00f3n de diversidades y esos contenidos art\u00edsticos se consum\u00edan y articulaban, pero no se adquir\u00edan\u201d.<\/p>\n\n\n\n<p>Diamante Agencia Art\u00edstica revivi\u00f3 en 2022 con una visi\u00f3n m\u00e1s clara y la particularidad de poderse articular con contenidos nacionales e internacionales porque tiene sustentabilidad. En cuanto al Parque Garza Roja, Merch\u00e1n refiri\u00f3 que depende estrictamente de la venta de entradas, \u201csi la gente no va los cuatro fines de semana no alcanzamos a completar el mes\u201d.<\/p>\n\n\n<div class=\"wp-block-image\">\n<figure class=\"aligncenter size-large\"><img decoding=\"async\" width=\"644\" height=\"429\" src=\"https:\/\/www.uartes.edu.ec\/sitio\/wp-content\/uploads\/2023\/06\/10-MICROFONO-ABIERTO-TERCER-ENCUENTRO-644x429.jpg\" alt=\"\" class=\"wp-image-43803\" srcset=\"https:\/\/www.uartes.edu.ec\/sitio\/wp-content\/uploads\/2023\/06\/10-MICROFONO-ABIERTO-TERCER-ENCUENTRO-644x429.jpg 644w, https:\/\/www.uartes.edu.ec\/sitio\/wp-content\/uploads\/2023\/06\/10-MICROFONO-ABIERTO-TERCER-ENCUENTRO-768x511.jpg 768w, https:\/\/www.uartes.edu.ec\/sitio\/wp-content\/uploads\/2023\/06\/10-MICROFONO-ABIERTO-TERCER-ENCUENTRO.jpg 2000w, https:\/\/www.uartes.edu.ec\/sitio\/wp-content\/uploads\/2023\/06\/10-MICROFONO-ABIERTO-TERCER-ENCUENTRO-600x399.jpg 600w, https:\/\/www.uartes.edu.ec\/sitio\/wp-content\/uploads\/2023\/06\/10-MICROFONO-ABIERTO-TERCER-ENCUENTRO-272x182.jpg 272w\" sizes=\"(max-width: 644px) 100vw, 644px\" \/><\/figure>\n<\/div>\n\n\n<p>Barranco reiter\u00f3 que todo el proyecto estrat\u00e9gico del TSA se basaba en exhibici\u00f3n, producci\u00f3n propia y coproducci\u00f3n. Haciendo un repaso de su funcionamiento cont\u00f3 que los dos primeros a\u00f1os hicieron exhibiciones propias (cinco) y unas 110 en coproducci\u00f3n en el a\u00f1o. \u201c(\u2026) Hab\u00eda ganas de hacer cosas, pero notamos que hab\u00eda poca formaci\u00f3n, entonces decidimos crear nuestras propias producciones\u201d. \u00c9l lleg\u00f3 en noviembre de 2011 y convocaron a una reuni\u00f3n a la que solo aparecieron cinco personas, lo cual denotaba lo que era la producci\u00f3n en la ciudad. Decidieron comenzar a invitar a directores\/as internacionales y a trabajar con los actores de aqu\u00ed. Las obras que hac\u00edan eran de car\u00e1cter social y tambi\u00e9n comercial \u201cporque ten\u00edamos que llenar la caja\u201d.<\/p>\n\n\n\n<p>Benjam\u00edn Cort\u00e9s mencion\u00f3 que hay ganas de hacer teatro, danza, m\u00fasica en la ciudad, pero la falta de espacios profesionales detiene un poco esas intenciones. \u00bfC\u00f3mo podemos acercarnos al Parque Garza Roja, los estudios de grabaci\u00f3n y al Teatro S\u00e1nchez Aguilar?, pregunt\u00f3. Carvajal confes\u00f3 que ese es tambi\u00e9n su inter\u00e9s y que hay muy poco recurso utilizado para inversi\u00f3n y agenda culturales; quienes llevan tiempo en la m\u00fasica se reducen a hacer eventos privados y la llamada autogesti\u00f3n, a conseguir no solo el espacio, sino todo lo que implica: luces, sonido\u2026, lo cual muchas veces termina siendo un lujo \u201cporque si tienes suerte sales tabla\u201d. Consider\u00f3 que hay espacios, pero no existe iniciativa ni inversi\u00f3n p\u00fablica, todo se reduce a ciertos nichos.<\/p>\n\n\n\n<p>Merch\u00e1n opin\u00f3 que no se acercar\u00eda a un dispositivo de producci\u00f3n art\u00edstica sino tuviera algo que ofrecer. Tras muchos a\u00f1os como artista, productor y programador se dio cuenta de que era un empresario art\u00edstico y los empresarios deben tener claro que al otro le interesa algo. Lo mencion\u00f3 desde la sostenibilidad y sustentabilidad. \u201cEl caso de Garza Roja es m\u00e1s complejo por la din\u00e1mica de ir a un espacio que est\u00e1 a 45 minutos de la ciudad y quien quiera producir en el parque tiene que saber que la audiencia no es citadina, que no consume ni circula como en la ciudad. Hay mucha gente al mes que articula con el parque y no necesariamente es por plata o con plata, pero tiene que haber un inter\u00e9s de por medio; la forma de acercarse es analizar y buscar cu\u00e1n interesante puede ser esa producci\u00f3n en esos espacios\u201d.<\/p>\n\n\n<div class=\"wp-block-image\">\n<figure class=\"aligncenter size-large\"><img decoding=\"async\" width=\"644\" height=\"429\" src=\"https:\/\/www.uartes.edu.ec\/sitio\/wp-content\/uploads\/2023\/06\/MICRO-ABIERTO-03-644x429.jpg\" alt=\"\" class=\"wp-image-44003\" srcset=\"https:\/\/www.uartes.edu.ec\/sitio\/wp-content\/uploads\/2023\/06\/MICRO-ABIERTO-03-644x429.jpg 644w, https:\/\/www.uartes.edu.ec\/sitio\/wp-content\/uploads\/2023\/06\/MICRO-ABIERTO-03-768x511.jpg 768w, https:\/\/www.uartes.edu.ec\/sitio\/wp-content\/uploads\/2023\/06\/MICRO-ABIERTO-03.jpg 2000w, https:\/\/www.uartes.edu.ec\/sitio\/wp-content\/uploads\/2023\/06\/MICRO-ABIERTO-03-600x399.jpg 600w, https:\/\/www.uartes.edu.ec\/sitio\/wp-content\/uploads\/2023\/06\/MICRO-ABIERTO-03-272x182.jpg 272w\" sizes=\"(max-width: 644px) 100vw, 644px\" \/><\/figure>\n<\/div>\n\n\n<p>Barranco indic\u00f3 que lleg\u00f3 a Latinoam\u00e9rica a conocer la mayor\u00eda de los festivales que se hac\u00edan entre 2006 y 2007, y se empezaron a suscitar encuentros entre programadores y compa\u00f1\u00edas, como el Mercado de las Artes de Guayaquil realizado en la UArtes en 2022, en la Plaza P\u00fablica. \u201cEs m\u00e1s f\u00e1cil ahora que hace 40 a\u00f1os porque podemos entrar en las redes e informarnos m\u00e1s y saber cu\u00e1l es su l\u00ednea y sustentabilidad\u201d. En su caso, ya en el lado de recibir propuestas y programar, la pregunta a responder es qui\u00e9n vende el espect\u00e1culo.&nbsp;&nbsp;<\/p>\n\n\n\n<p>Cort\u00e9s indag\u00f3 en qu\u00e9 tanta responsabilidad tienen o deber\u00edan tener las instituciones p\u00fablicas, los gobiernos cantonales, municipales y nacionales en la producci\u00f3n, distribuci\u00f3n y exhibici\u00f3n de las artes vivas. Carvajal indic\u00f3 que una grande, \u201ces un flujo que refleja muchas cosas, no solo los artistas. En el montaje de un espect\u00e1culo musical hay gente trabajando en el sonido, las luces, la preproducci\u00f3n\u2026 Un fomento para actividades de ingreso monetario para varias \u00e1reas\u201d.<\/p>\n\n\n\n<p>Merch\u00e1n estim\u00f3 complejo de entender por quienes est\u00e1n inmersos en el ecosistema de los contenidos art\u00edsticos. Hay leyes que avalan la responsabilidad que tienen los dispositivos p\u00fablicos, pero se van a ejecutar si se insiste para tal cumplimiento. \u201cSi no existe figura gremial (agrupaciones, sindicato, asociaci\u00f3n de m\u00fasicos, teatreros, editores, guionistas, productores\u2026) no se va a mover, pese a que existan partidas presupuestarias\u201d. En consecuencia, existe la voluntad de ayudar cuando se lo pide y exige. \u201c(\u2026) El IFCI tiene la obligaci\u00f3n de acompa\u00f1ar esos procesos presupuestarios para que el artista circule, pero no le va a decir que vaya a un festival o que presente el proyecto. Que se ejecute depende del privado, del independiente\u201d.<\/p>\n\n\n<div class=\"wp-block-image\">\n<figure class=\"aligncenter size-large\"><img loading=\"lazy\" decoding=\"async\" width=\"644\" height=\"429\" src=\"https:\/\/www.uartes.edu.ec\/sitio\/wp-content\/uploads\/2023\/06\/07-MICROFONO-ABIERTO-TERCER-ENCUENTRO-644x429.jpg\" alt=\"\" class=\"wp-image-43777\" srcset=\"https:\/\/www.uartes.edu.ec\/sitio\/wp-content\/uploads\/2023\/06\/07-MICROFONO-ABIERTO-TERCER-ENCUENTRO-644x429.jpg 644w, https:\/\/www.uartes.edu.ec\/sitio\/wp-content\/uploads\/2023\/06\/07-MICROFONO-ABIERTO-TERCER-ENCUENTRO-768x511.jpg 768w, https:\/\/www.uartes.edu.ec\/sitio\/wp-content\/uploads\/2023\/06\/07-MICROFONO-ABIERTO-TERCER-ENCUENTRO.jpg 2000w, https:\/\/www.uartes.edu.ec\/sitio\/wp-content\/uploads\/2023\/06\/07-MICROFONO-ABIERTO-TERCER-ENCUENTRO-600x399.jpg 600w, https:\/\/www.uartes.edu.ec\/sitio\/wp-content\/uploads\/2023\/06\/07-MICROFONO-ABIERTO-TERCER-ENCUENTRO-272x182.jpg 272w\" sizes=\"(max-width: 644px) 100vw, 644px\" \/><\/figure>\n<\/div>\n\n\n<p>Barranco coincidi\u00f3 y agreg\u00f3 que, al igual que la educaci\u00f3n, la cultura la tienen los organismos p\u00fablicos. \u201cLo que le falta al Municipio de esta ciudad es, de una vez, un teatro y unas salas de conciertos\u201d, refiri\u00f3 recordando que el Centro C\u00edvico y el MAAC dependen del Ministerio de Cultura y Patrimonio (MCyP); mencion\u00f3 tambi\u00e9n que se han creado proyectos: Mu\u00e9gano Teatro, Zona Escena, que rehabilit\u00f3 un espacio, pero no puede funcionar por falta de la firma de final de obra; Estudio Paulsen, La Bota y Guayarte, que no est\u00e1 en buenas condiciones. \u201cLa \u00fanica manera de obligarlos es que los agentes culturales nos organicemos\u201d.<\/p>\n\n\n\n<p>\u00bfQu\u00e9 tanto ayuda o afecta la distribuci\u00f3n gratuita del arte?, pregunt\u00f3 el moderador. Barranco la desestim\u00f3 porque se paga hasta 12 d\u00f3lares en el cine\u2026 No obstante, algunas cosas que monte el Estado deben ser gratuitas. \u201cNo creas m\u00e1s p\u00fablico porque sea gratuito. La gente est\u00e1 dispuesta a pagar si ofreces algo que le interese\u201d.<\/p>\n\n\n\n<p>Carvajal tambi\u00e9n consider\u00f3 que los eventos gratuitos deben estar a cargo del Municipio o el Gobierno y que hay falta de p\u00fablico. \u201cLa gratuidad es para los intercolegiales; se deben anunciar nuevos proyectos y destinarse all\u00ed el dinero a cultura\u201d.<\/p>\n\n\n\n<p>Como empresario art\u00edstico, para Merch\u00e1n no existe gratuidad, pues necesita que el proyecto se sustente econ\u00f3micamente; como gestor cultural y art\u00edstico refiri\u00f3 existe la visi\u00f3n de utilizar un presupuesto para poner en programaci\u00f3n actividades que ciertos p\u00fablicos no van a poder consumir. \u201cHay que diferenciar la formaci\u00f3n de p\u00fablicos de la construcci\u00f3n de p\u00fablico. La primera es la din\u00e1mica de poner en consideraci\u00f3n contenidos para que las audiencias se puedan formar, informar, instruir y conocer contenidos por los que no pagar\u00eda porque son muy intelectuales o tienen un discurso social muy puntual; la formaci\u00f3n de p\u00fablicos tiene un lado negativo porque los acostumbra a que los contenidos sean gratuitos. Hay que tener cuidado con la gratuidad\u201d.<\/p>\n\n\n\n<p>Cobertura\/Texto: Carmen Cortez<\/p>","protected":false},"excerpt":{"rendered":"<p>En di\u00e1logo con Benjam\u00edn Cort\u00e9s, artista y docente UArtes, Ram\u00f3n Barranco, del Teatro S\u00e1nchez Aguilar; Manuel Carvajal, de Atrako Records; y, Daniel Merch\u00e1n, de Garza Roja, analizaron c\u00f3mo est\u00e1 la producci\u00f3n y exhibici\u00f3n de artes vivas en Guayaquil. El di\u00e1logo se dio en la segunda cita del espacio Micr\u00f3fono Abierto del 3er Encuentro de Pol\u00edticas y Econom\u00eda de la Cultura, organizado por Observatorio.<\/p>","protected":false},"author":10,"featured_media":43803,"comment_status":"open","ping_status":"open","sticky":false,"template":"","format":"standard","meta":{"_acf_changed":false,"_uag_custom_page_level_css":"","_monsterinsights_skip_tracking":false,"_monsterinsights_sitenote_active":false,"_monsterinsights_sitenote_note":"","_monsterinsights_sitenote_category":0,"cybocfi_hide_featured_image":"","footnotes":""},"categories":[80,438,490,82,75,76,77,284,83],"tags":[1005],"infouartes":[],"class_list":["post-43774","post","type-post","status-publish","format-standard","has-post-thumbnail","hentry","category-academico","category-administrativos","category-alumni","category-artes","category-docentes","category-estudiantes","category-gestion","category-investigacion","category-sedes","tag-encuentro-del-observatorio"],"acf":[],"yoast_head":"<!-- This site is optimized with the Yoast SEO plugin v27.4 - https:\/\/yoast.com\/product\/yoast-seo-wordpress\/ -->\n<title>Universidad de las Artes - \u201cProducci\u00f3n y exhibici\u00f3n de artes vivas en Guayaquil\u201d, tema abordado en 3er encuentro del Observatorio<\/title>\n<meta name=\"description\" content=\"Universidad de las Artes - \u201cProducci\u00f3n y exhibici\u00f3n de artes vivas en Guayaquil\u201d, tema abordado en 3er encuentro del Observatorio\" \/>\n<meta name=\"robots\" content=\"index, follow, max-snippet:-1, max-image-preview:large, max-video-preview:-1\" \/>\n<link rel=\"canonical\" href=\"https:\/\/www.uartes.edu.ec\/sitio\/en\/blog\/2023\/06\/26\/produccion-y-exhibicion-de-artes-vivas-en-guayaquil-tema-abordado-en-encuentro-del-observatorio-uartes\/\" \/>\n<meta property=\"og:locale\" content=\"en_US\" \/>\n<meta property=\"og:type\" content=\"article\" \/>\n<meta property=\"og:title\" content=\"Universidad de las Artes - \u201cProducci\u00f3n y exhibici\u00f3n de artes vivas en Guayaquil\u201d, tema abordado en 3er encuentro del Observatorio\" \/>\n<meta property=\"og:description\" content=\"Universidad de las Artes - \u201cProducci\u00f3n y exhibici\u00f3n de artes vivas en Guayaquil\u201d, tema abordado en 3er encuentro del Observatorio\" \/>\n<meta property=\"og:url\" content=\"https:\/\/www.uartes.edu.ec\/sitio\/en\/blog\/2023\/06\/26\/produccion-y-exhibicion-de-artes-vivas-en-guayaquil-tema-abordado-en-encuentro-del-observatorio-uartes\/\" \/>\n<meta property=\"og:site_name\" content=\"Universidad de las Artes\" \/>\n<meta property=\"article:publisher\" content=\"https:\/\/www.facebook.com\/uartesec\" \/>\n<meta property=\"article:published_time\" content=\"2023-06-26T21:58:00+00:00\" \/>\n<meta property=\"article:modified_time\" content=\"2024-07-04T16:21:02+00:00\" \/>\n<meta property=\"og:image\" content=\"https:\/\/www.uartes.edu.ec\/sitio\/wp-content\/uploads\/2023\/06\/10-MICROFONO-ABIERTO-TERCER-ENCUENTRO.jpg\" \/>\n\t<meta property=\"og:image:width\" content=\"2000\" \/>\n\t<meta property=\"og:image:height\" content=\"1333\" \/>\n\t<meta property=\"og:image:type\" content=\"image\/jpeg\" \/>\n<meta name=\"author\" content=\"ccortez\" \/>\n<meta name=\"twitter:card\" content=\"summary_large_image\" \/>\n<meta name=\"twitter:creator\" content=\"@uartesec\" \/>\n<meta name=\"twitter:site\" content=\"@uartesec\" \/>\n<meta name=\"twitter:label1\" content=\"Written by\" \/>\n\t<meta name=\"twitter:data1\" content=\"ccortez\" \/>\n\t<meta name=\"twitter:label2\" content=\"Est. reading time\" \/>\n\t<meta name=\"twitter:data2\" content=\"9 minutes\" \/>\n<script type=\"application\/ld+json\" class=\"yoast-schema-graph\">{\"@context\":\"https:\\\/\\\/schema.org\",\"@graph\":[{\"@type\":\"Article\",\"@id\":\"https:\\\/\\\/www.uartes.edu.ec\\\/sitio\\\/en\\\/blog\\\/2023\\\/06\\\/26\\\/produccion-y-exhibicion-de-artes-vivas-en-guayaquil-tema-abordado-en-encuentro-del-observatorio-uartes\\\/#article\",\"isPartOf\":{\"@id\":\"https:\\\/\\\/www.uartes.edu.ec\\\/sitio\\\/en\\\/blog\\\/2023\\\/06\\\/26\\\/produccion-y-exhibicion-de-artes-vivas-en-guayaquil-tema-abordado-en-encuentro-del-observatorio-uartes\\\/\"},\"author\":{\"name\":\"ccortez\",\"@id\":\"https:\\\/\\\/www.uartes.edu.ec\\\/sitio\\\/en\\\/#\\\/schema\\\/person\\\/efa1b8275797664fd7f13a79ccc0b1f4\"},\"headline\":\"\u201cProducci\u00f3n y exhibici\u00f3n de artes vivas en Guayaquil\u201d, tema abordado en 3er encuentro del Observatorio\",\"datePublished\":\"2023-06-26T21:58:00+00:00\",\"dateModified\":\"2024-07-04T16:21:02+00:00\",\"mainEntityOfPage\":{\"@id\":\"https:\\\/\\\/www.uartes.edu.ec\\\/sitio\\\/en\\\/blog\\\/2023\\\/06\\\/26\\\/produccion-y-exhibicion-de-artes-vivas-en-guayaquil-tema-abordado-en-encuentro-del-observatorio-uartes\\\/\"},\"wordCount\":1774,\"commentCount\":0,\"publisher\":{\"@id\":\"https:\\\/\\\/www.uartes.edu.ec\\\/sitio\\\/en\\\/#organization\"},\"image\":{\"@id\":\"https:\\\/\\\/www.uartes.edu.ec\\\/sitio\\\/en\\\/blog\\\/2023\\\/06\\\/26\\\/produccion-y-exhibicion-de-artes-vivas-en-guayaquil-tema-abordado-en-encuentro-del-observatorio-uartes\\\/#primaryimage\"},\"thumbnailUrl\":\"https:\\\/\\\/www.uartes.edu.ec\\\/sitio\\\/wp-content\\\/uploads\\\/2023\\\/06\\\/10-MICROFONO-ABIERTO-TERCER-ENCUENTRO.jpg\",\"keywords\":[\"encuentro del Observatorio\"],\"articleSection\":[\"Acad\u00e9mico\",\"Administrativos\",\"Alumni\",\"Artes\",\"Docentes\",\"Estudiantes\",\"Gesti\u00f3n\",\"Investigaci\u00f3n\",\"Sedes\"],\"inLanguage\":\"en-US\",\"potentialAction\":[{\"@type\":\"CommentAction\",\"name\":\"Comment\",\"target\":[\"https:\\\/\\\/www.uartes.edu.ec\\\/sitio\\\/en\\\/blog\\\/2023\\\/06\\\/26\\\/produccion-y-exhibicion-de-artes-vivas-en-guayaquil-tema-abordado-en-encuentro-del-observatorio-uartes\\\/#respond\"]}]},{\"@type\":[\"WebPage\",\"ItemPage\"],\"@id\":\"https:\\\/\\\/www.uartes.edu.ec\\\/sitio\\\/en\\\/blog\\\/2023\\\/06\\\/26\\\/produccion-y-exhibicion-de-artes-vivas-en-guayaquil-tema-abordado-en-encuentro-del-observatorio-uartes\\\/\",\"url\":\"https:\\\/\\\/www.uartes.edu.ec\\\/sitio\\\/en\\\/blog\\\/2023\\\/06\\\/26\\\/produccion-y-exhibicion-de-artes-vivas-en-guayaquil-tema-abordado-en-encuentro-del-observatorio-uartes\\\/\",\"name\":\"Universidad de las Artes - \u201cProducci\u00f3n y exhibici\u00f3n de artes vivas en Guayaquil\u201d, tema abordado en 3er encuentro del Observatorio\",\"isPartOf\":{\"@id\":\"https:\\\/\\\/www.uartes.edu.ec\\\/sitio\\\/en\\\/#website\"},\"primaryImageOfPage\":{\"@id\":\"https:\\\/\\\/www.uartes.edu.ec\\\/sitio\\\/en\\\/blog\\\/2023\\\/06\\\/26\\\/produccion-y-exhibicion-de-artes-vivas-en-guayaquil-tema-abordado-en-encuentro-del-observatorio-uartes\\\/#primaryimage\"},\"image\":{\"@id\":\"https:\\\/\\\/www.uartes.edu.ec\\\/sitio\\\/en\\\/blog\\\/2023\\\/06\\\/26\\\/produccion-y-exhibicion-de-artes-vivas-en-guayaquil-tema-abordado-en-encuentro-del-observatorio-uartes\\\/#primaryimage\"},\"thumbnailUrl\":\"https:\\\/\\\/www.uartes.edu.ec\\\/sitio\\\/wp-content\\\/uploads\\\/2023\\\/06\\\/10-MICROFONO-ABIERTO-TERCER-ENCUENTRO.jpg\",\"datePublished\":\"2023-06-26T21:58:00+00:00\",\"dateModified\":\"2024-07-04T16:21:02+00:00\",\"description\":\"Universidad de las Artes - \u201cProducci\u00f3n y exhibici\u00f3n de artes vivas en Guayaquil\u201d, tema abordado en 3er encuentro del Observatorio\",\"breadcrumb\":{\"@id\":\"https:\\\/\\\/www.uartes.edu.ec\\\/sitio\\\/en\\\/blog\\\/2023\\\/06\\\/26\\\/produccion-y-exhibicion-de-artes-vivas-en-guayaquil-tema-abordado-en-encuentro-del-observatorio-uartes\\\/#breadcrumb\"},\"inLanguage\":\"en-US\",\"potentialAction\":[{\"@type\":\"ReadAction\",\"target\":[\"https:\\\/\\\/www.uartes.edu.ec\\\/sitio\\\/en\\\/blog\\\/2023\\\/06\\\/26\\\/produccion-y-exhibicion-de-artes-vivas-en-guayaquil-tema-abordado-en-encuentro-del-observatorio-uartes\\\/\"]}]},{\"@type\":\"ImageObject\",\"inLanguage\":\"en-US\",\"@id\":\"https:\\\/\\\/www.uartes.edu.ec\\\/sitio\\\/en\\\/blog\\\/2023\\\/06\\\/26\\\/produccion-y-exhibicion-de-artes-vivas-en-guayaquil-tema-abordado-en-encuentro-del-observatorio-uartes\\\/#primaryimage\",\"url\":\"https:\\\/\\\/www.uartes.edu.ec\\\/sitio\\\/wp-content\\\/uploads\\\/2023\\\/06\\\/10-MICROFONO-ABIERTO-TERCER-ENCUENTRO.jpg\",\"contentUrl\":\"https:\\\/\\\/www.uartes.edu.ec\\\/sitio\\\/wp-content\\\/uploads\\\/2023\\\/06\\\/10-MICROFONO-ABIERTO-TERCER-ENCUENTRO.jpg\",\"width\":2000,\"height\":1333},{\"@type\":\"BreadcrumbList\",\"@id\":\"https:\\\/\\\/www.uartes.edu.ec\\\/sitio\\\/en\\\/blog\\\/2023\\\/06\\\/26\\\/produccion-y-exhibicion-de-artes-vivas-en-guayaquil-tema-abordado-en-encuentro-del-observatorio-uartes\\\/#breadcrumb\",\"itemListElement\":[{\"@type\":\"ListItem\",\"position\":1,\"name\":\"Inicio\",\"item\":\"https:\\\/\\\/www.uartes.edu.ec\\\/sitio\\\/\"},{\"@type\":\"ListItem\",\"position\":2,\"name\":\"\u201cProducci\u00f3n y exhibici\u00f3n de artes vivas en Guayaquil\u201d, tema abordado en 3er encuentro del Observatorio\"}]},{\"@type\":\"WebSite\",\"@id\":\"https:\\\/\\\/www.uartes.edu.ec\\\/sitio\\\/en\\\/#website\",\"url\":\"https:\\\/\\\/www.uartes.edu.ec\\\/sitio\\\/en\\\/\",\"name\":\"Universidad de las Artes\",\"description\":\"Sitio oficial de la Universidad Nacional de las Artes del Ecuador\",\"publisher\":{\"@id\":\"https:\\\/\\\/www.uartes.edu.ec\\\/sitio\\\/en\\\/#organization\"},\"potentialAction\":[{\"@type\":\"SearchAction\",\"target\":{\"@type\":\"EntryPoint\",\"urlTemplate\":\"https:\\\/\\\/www.uartes.edu.ec\\\/sitio\\\/en\\\/?s={search_term_string}\"},\"query-input\":{\"@type\":\"PropertyValueSpecification\",\"valueRequired\":true,\"valueName\":\"search_term_string\"}}],\"inLanguage\":\"en-US\"},{\"@type\":\"Organization\",\"@id\":\"https:\\\/\\\/www.uartes.edu.ec\\\/sitio\\\/en\\\/#organization\",\"name\":\"Universidad de las Artes\",\"url\":\"https:\\\/\\\/www.uartes.edu.ec\\\/sitio\\\/en\\\/\",\"logo\":{\"@type\":\"ImageObject\",\"inLanguage\":\"en-US\",\"@id\":\"https:\\\/\\\/www.uartes.edu.ec\\\/sitio\\\/en\\\/#\\\/schema\\\/logo\\\/image\\\/\",\"url\":\"https:\\\/\\\/www.uartes.edu.ec\\\/sitio\\\/wp-content\\\/uploads\\\/2022\\\/07\\\/logo-ua-horizontal.png\",\"contentUrl\":\"https:\\\/\\\/www.uartes.edu.ec\\\/sitio\\\/wp-content\\\/uploads\\\/2022\\\/07\\\/logo-ua-horizontal.png\",\"width\":800,\"height\":276,\"caption\":\"Universidad de las Artes\"},\"image\":{\"@id\":\"https:\\\/\\\/www.uartes.edu.ec\\\/sitio\\\/en\\\/#\\\/schema\\\/logo\\\/image\\\/\"},\"sameAs\":[\"https:\\\/\\\/www.facebook.com\\\/uartesec\",\"https:\\\/\\\/x.com\\\/uartesec\",\"https:\\\/\\\/www.tiktok.com\\\/@uartesec\"]},{\"@type\":\"Person\",\"@id\":\"https:\\\/\\\/www.uartes.edu.ec\\\/sitio\\\/en\\\/#\\\/schema\\\/person\\\/efa1b8275797664fd7f13a79ccc0b1f4\",\"name\":\"ccortez\",\"image\":{\"@type\":\"ImageObject\",\"inLanguage\":\"en-US\",\"@id\":\"https:\\\/\\\/secure.gravatar.com\\\/avatar\\\/b2a6f664a3ae8e074346ef91775736c5ec479e637ecced6842de9dc98b5da9cd?s=96&d=mm&r=g\",\"url\":\"https:\\\/\\\/secure.gravatar.com\\\/avatar\\\/b2a6f664a3ae8e074346ef91775736c5ec479e637ecced6842de9dc98b5da9cd?s=96&d=mm&r=g\",\"contentUrl\":\"https:\\\/\\\/secure.gravatar.com\\\/avatar\\\/b2a6f664a3ae8e074346ef91775736c5ec479e637ecced6842de9dc98b5da9cd?s=96&d=mm&r=g\",\"caption\":\"ccortez\"},\"url\":\"https:\\\/\\\/www.uartes.edu.ec\\\/sitio\\\/en\\\/blog\\\/author\\\/ccortez\\\/\"}]}<\/script>\n<!-- \/ Yoast SEO plugin. -->","yoast_head_json":{"title":"Universidad de las Artes - \u201cProducci\u00f3n y exhibici\u00f3n de artes vivas en Guayaquil\u201d, tema abordado en 3er encuentro del Observatorio","description":"Universidad de las Artes - \u201cProducci\u00f3n y exhibici\u00f3n de artes vivas en Guayaquil\u201d, tema abordado en 3er encuentro del Observatorio","robots":{"index":"index","follow":"follow","max-snippet":"max-snippet:-1","max-image-preview":"max-image-preview:large","max-video-preview":"max-video-preview:-1"},"canonical":"https:\/\/www.uartes.edu.ec\/sitio\/en\/blog\/2023\/06\/26\/produccion-y-exhibicion-de-artes-vivas-en-guayaquil-tema-abordado-en-encuentro-del-observatorio-uartes\/","og_locale":"en_US","og_type":"article","og_title":"Universidad de las Artes - \u201cProducci\u00f3n y exhibici\u00f3n de artes vivas en Guayaquil\u201d, tema abordado en 3er encuentro del Observatorio","og_description":"Universidad de las Artes - \u201cProducci\u00f3n y exhibici\u00f3n de artes vivas en Guayaquil\u201d, tema abordado en 3er encuentro del Observatorio","og_url":"https:\/\/www.uartes.edu.ec\/sitio\/en\/blog\/2023\/06\/26\/produccion-y-exhibicion-de-artes-vivas-en-guayaquil-tema-abordado-en-encuentro-del-observatorio-uartes\/","og_site_name":"Universidad de las Artes","article_publisher":"https:\/\/www.facebook.com\/uartesec","article_published_time":"2023-06-26T21:58:00+00:00","article_modified_time":"2024-07-04T16:21:02+00:00","og_image":[{"width":2000,"height":1333,"url":"https:\/\/www.uartes.edu.ec\/sitio\/wp-content\/uploads\/2023\/06\/10-MICROFONO-ABIERTO-TERCER-ENCUENTRO.jpg","type":"image\/jpeg"}],"author":"ccortez","twitter_card":"summary_large_image","twitter_creator":"@uartesec","twitter_site":"@uartesec","twitter_misc":{"Written by":"ccortez","Est. reading time":"9 minutes"},"schema":{"@context":"https:\/\/schema.org","@graph":[{"@type":"Article","@id":"https:\/\/www.uartes.edu.ec\/sitio\/en\/blog\/2023\/06\/26\/produccion-y-exhibicion-de-artes-vivas-en-guayaquil-tema-abordado-en-encuentro-del-observatorio-uartes\/#article","isPartOf":{"@id":"https:\/\/www.uartes.edu.ec\/sitio\/en\/blog\/2023\/06\/26\/produccion-y-exhibicion-de-artes-vivas-en-guayaquil-tema-abordado-en-encuentro-del-observatorio-uartes\/"},"author":{"name":"ccortez","@id":"https:\/\/www.uartes.edu.ec\/sitio\/en\/#\/schema\/person\/efa1b8275797664fd7f13a79ccc0b1f4"},"headline":"\u201cProducci\u00f3n y exhibici\u00f3n de artes vivas en Guayaquil\u201d, tema abordado en 3er encuentro del Observatorio","datePublished":"2023-06-26T21:58:00+00:00","dateModified":"2024-07-04T16:21:02+00:00","mainEntityOfPage":{"@id":"https:\/\/www.uartes.edu.ec\/sitio\/en\/blog\/2023\/06\/26\/produccion-y-exhibicion-de-artes-vivas-en-guayaquil-tema-abordado-en-encuentro-del-observatorio-uartes\/"},"wordCount":1774,"commentCount":0,"publisher":{"@id":"https:\/\/www.uartes.edu.ec\/sitio\/en\/#organization"},"image":{"@id":"https:\/\/www.uartes.edu.ec\/sitio\/en\/blog\/2023\/06\/26\/produccion-y-exhibicion-de-artes-vivas-en-guayaquil-tema-abordado-en-encuentro-del-observatorio-uartes\/#primaryimage"},"thumbnailUrl":"https:\/\/www.uartes.edu.ec\/sitio\/wp-content\/uploads\/2023\/06\/10-MICROFONO-ABIERTO-TERCER-ENCUENTRO.jpg","keywords":["encuentro del Observatorio"],"articleSection":["Acad\u00e9mico","Administrativos","Alumni","Artes","Docentes","Estudiantes","Gesti\u00f3n","Investigaci\u00f3n","Sedes"],"inLanguage":"en-US","potentialAction":[{"@type":"CommentAction","name":"Comment","target":["https:\/\/www.uartes.edu.ec\/sitio\/en\/blog\/2023\/06\/26\/produccion-y-exhibicion-de-artes-vivas-en-guayaquil-tema-abordado-en-encuentro-del-observatorio-uartes\/#respond"]}]},{"@type":["WebPage","ItemPage"],"@id":"https:\/\/www.uartes.edu.ec\/sitio\/en\/blog\/2023\/06\/26\/produccion-y-exhibicion-de-artes-vivas-en-guayaquil-tema-abordado-en-encuentro-del-observatorio-uartes\/","url":"https:\/\/www.uartes.edu.ec\/sitio\/en\/blog\/2023\/06\/26\/produccion-y-exhibicion-de-artes-vivas-en-guayaquil-tema-abordado-en-encuentro-del-observatorio-uartes\/","name":"Universidad de las Artes - \u201cProducci\u00f3n y exhibici\u00f3n de artes vivas en Guayaquil\u201d, tema abordado en 3er encuentro del Observatorio","isPartOf":{"@id":"https:\/\/www.uartes.edu.ec\/sitio\/en\/#website"},"primaryImageOfPage":{"@id":"https:\/\/www.uartes.edu.ec\/sitio\/en\/blog\/2023\/06\/26\/produccion-y-exhibicion-de-artes-vivas-en-guayaquil-tema-abordado-en-encuentro-del-observatorio-uartes\/#primaryimage"},"image":{"@id":"https:\/\/www.uartes.edu.ec\/sitio\/en\/blog\/2023\/06\/26\/produccion-y-exhibicion-de-artes-vivas-en-guayaquil-tema-abordado-en-encuentro-del-observatorio-uartes\/#primaryimage"},"thumbnailUrl":"https:\/\/www.uartes.edu.ec\/sitio\/wp-content\/uploads\/2023\/06\/10-MICROFONO-ABIERTO-TERCER-ENCUENTRO.jpg","datePublished":"2023-06-26T21:58:00+00:00","dateModified":"2024-07-04T16:21:02+00:00","description":"Universidad de las Artes - \u201cProducci\u00f3n y exhibici\u00f3n de artes vivas en Guayaquil\u201d, tema abordado en 3er encuentro del Observatorio","breadcrumb":{"@id":"https:\/\/www.uartes.edu.ec\/sitio\/en\/blog\/2023\/06\/26\/produccion-y-exhibicion-de-artes-vivas-en-guayaquil-tema-abordado-en-encuentro-del-observatorio-uartes\/#breadcrumb"},"inLanguage":"en-US","potentialAction":[{"@type":"ReadAction","target":["https:\/\/www.uartes.edu.ec\/sitio\/en\/blog\/2023\/06\/26\/produccion-y-exhibicion-de-artes-vivas-en-guayaquil-tema-abordado-en-encuentro-del-observatorio-uartes\/"]}]},{"@type":"ImageObject","inLanguage":"en-US","@id":"https:\/\/www.uartes.edu.ec\/sitio\/en\/blog\/2023\/06\/26\/produccion-y-exhibicion-de-artes-vivas-en-guayaquil-tema-abordado-en-encuentro-del-observatorio-uartes\/#primaryimage","url":"https:\/\/www.uartes.edu.ec\/sitio\/wp-content\/uploads\/2023\/06\/10-MICROFONO-ABIERTO-TERCER-ENCUENTRO.jpg","contentUrl":"https:\/\/www.uartes.edu.ec\/sitio\/wp-content\/uploads\/2023\/06\/10-MICROFONO-ABIERTO-TERCER-ENCUENTRO.jpg","width":2000,"height":1333},{"@type":"BreadcrumbList","@id":"https:\/\/www.uartes.edu.ec\/sitio\/en\/blog\/2023\/06\/26\/produccion-y-exhibicion-de-artes-vivas-en-guayaquil-tema-abordado-en-encuentro-del-observatorio-uartes\/#breadcrumb","itemListElement":[{"@type":"ListItem","position":1,"name":"Inicio","item":"https:\/\/www.uartes.edu.ec\/sitio\/"},{"@type":"ListItem","position":2,"name":"\u201cProducci\u00f3n y exhibici\u00f3n de artes vivas en Guayaquil\u201d, tema abordado en 3er encuentro del Observatorio"}]},{"@type":"WebSite","@id":"https:\/\/www.uartes.edu.ec\/sitio\/en\/#website","url":"https:\/\/www.uartes.edu.ec\/sitio\/en\/","name":"Universidad de las Artes","description":"Sitio oficial de la Universidad Nacional de las Artes del Ecuador","publisher":{"@id":"https:\/\/www.uartes.edu.ec\/sitio\/en\/#organization"},"potentialAction":[{"@type":"SearchAction","target":{"@type":"EntryPoint","urlTemplate":"https:\/\/www.uartes.edu.ec\/sitio\/en\/?s={search_term_string}"},"query-input":{"@type":"PropertyValueSpecification","valueRequired":true,"valueName":"search_term_string"}}],"inLanguage":"en-US"},{"@type":"Organization","@id":"https:\/\/www.uartes.edu.ec\/sitio\/en\/#organization","name":"Universidad de las Artes","url":"https:\/\/www.uartes.edu.ec\/sitio\/en\/","logo":{"@type":"ImageObject","inLanguage":"en-US","@id":"https:\/\/www.uartes.edu.ec\/sitio\/en\/#\/schema\/logo\/image\/","url":"https:\/\/www.uartes.edu.ec\/sitio\/wp-content\/uploads\/2022\/07\/logo-ua-horizontal.png","contentUrl":"https:\/\/www.uartes.edu.ec\/sitio\/wp-content\/uploads\/2022\/07\/logo-ua-horizontal.png","width":800,"height":276,"caption":"Universidad de las Artes"},"image":{"@id":"https:\/\/www.uartes.edu.ec\/sitio\/en\/#\/schema\/logo\/image\/"},"sameAs":["https:\/\/www.facebook.com\/uartesec","https:\/\/x.com\/uartesec","https:\/\/www.tiktok.com\/@uartesec"]},{"@type":"Person","@id":"https:\/\/www.uartes.edu.ec\/sitio\/en\/#\/schema\/person\/efa1b8275797664fd7f13a79ccc0b1f4","name":"ccortez","image":{"@type":"ImageObject","inLanguage":"en-US","@id":"https:\/\/secure.gravatar.com\/avatar\/b2a6f664a3ae8e074346ef91775736c5ec479e637ecced6842de9dc98b5da9cd?s=96&d=mm&r=g","url":"https:\/\/secure.gravatar.com\/avatar\/b2a6f664a3ae8e074346ef91775736c5ec479e637ecced6842de9dc98b5da9cd?s=96&d=mm&r=g","contentUrl":"https:\/\/secure.gravatar.com\/avatar\/b2a6f664a3ae8e074346ef91775736c5ec479e637ecced6842de9dc98b5da9cd?s=96&d=mm&r=g","caption":"ccortez"},"url":"https:\/\/www.uartes.edu.ec\/sitio\/en\/blog\/author\/ccortez\/"}]}},"uagb_featured_image_src":{"full":["https:\/\/www.uartes.edu.ec\/sitio\/wp-content\/uploads\/2023\/06\/10-MICROFONO-ABIERTO-TERCER-ENCUENTRO.jpg",2000,1333,false],"thumbnail":["https:\/\/www.uartes.edu.ec\/sitio\/wp-content\/uploads\/2023\/06\/10-MICROFONO-ABIERTO-TERCER-ENCUENTRO-150x150.jpg",150,150,true],"medium":["https:\/\/www.uartes.edu.ec\/sitio\/wp-content\/uploads\/2023\/06\/10-MICROFONO-ABIERTO-TERCER-ENCUENTRO-300x300.jpg",300,300,true],"medium_large":["https:\/\/www.uartes.edu.ec\/sitio\/wp-content\/uploads\/2023\/06\/10-MICROFONO-ABIERTO-TERCER-ENCUENTRO-768x511.jpg",768,511,true],"large":["https:\/\/www.uartes.edu.ec\/sitio\/wp-content\/uploads\/2023\/06\/10-MICROFONO-ABIERTO-TERCER-ENCUENTRO-644x429.jpg",644,429,true],"1536x1536":["https:\/\/www.uartes.edu.ec\/sitio\/wp-content\/uploads\/2023\/06\/10-MICROFONO-ABIERTO-TERCER-ENCUENTRO-1536x1536.jpg",1536,1536,true],"2048x2048":["https:\/\/www.uartes.edu.ec\/sitio\/wp-content\/uploads\/2023\/06\/10-MICROFONO-ABIERTO-TERCER-ENCUENTRO-2000x1333.jpg",2000,1333,true],"trp-custom-language-flag":["https:\/\/www.uartes.edu.ec\/sitio\/wp-content\/uploads\/2023\/06\/10-MICROFONO-ABIERTO-TERCER-ENCUENTRO.jpg",18,12,false],"htmega_size_585x295":["https:\/\/www.uartes.edu.ec\/sitio\/wp-content\/uploads\/2023\/06\/10-MICROFONO-ABIERTO-TERCER-ENCUENTRO-585x295.jpg",585,295,true],"htmega_size_1170x536":["https:\/\/www.uartes.edu.ec\/sitio\/wp-content\/uploads\/2023\/06\/10-MICROFONO-ABIERTO-TERCER-ENCUENTRO-1170x536.jpg",1170,536,true],"htmega_size_396x360":["https:\/\/www.uartes.edu.ec\/sitio\/wp-content\/uploads\/2023\/06\/10-MICROFONO-ABIERTO-TERCER-ENCUENTRO-396x360.jpg",396,360,true],"gb-block-post-grid-landscape":["https:\/\/www.uartes.edu.ec\/sitio\/wp-content\/uploads\/2023\/06\/10-MICROFONO-ABIERTO-TERCER-ENCUENTRO-600x400.jpg",600,400,true],"gb-block-post-grid-square":["https:\/\/www.uartes.edu.ec\/sitio\/wp-content\/uploads\/2023\/06\/10-MICROFONO-ABIERTO-TERCER-ENCUENTRO-600x600.jpg",600,600,true],"university-hub-thumb":["https:\/\/www.uartes.edu.ec\/sitio\/wp-content\/uploads\/2023\/06\/10-MICROFONO-ABIERTO-TERCER-ENCUENTRO-400x300.jpg",400,300,true]},"uagb_author_info":{"display_name":"ccortez","author_link":"https:\/\/www.uartes.edu.ec\/sitio\/en\/blog\/author\/ccortez\/"},"uagb_comment_info":0,"uagb_excerpt":"En di\u00e1logo con Benjam\u00edn Cort\u00e9s, artista y docente UArtes, Ram\u00f3n Barranco, del Teatro S\u00e1nchez Aguilar; Manuel Carvajal, de Atrako Records; y, Daniel Merch\u00e1n, de Garza Roja, analizaron c\u00f3mo est\u00e1 la producci\u00f3n y exhibici\u00f3n de artes vivas en Guayaquil. El di\u00e1logo se dio en la segunda cita del espacio Micr\u00f3fono Abierto del 3er Encuentro de Pol\u00edticas&hellip;","featured_image_src":"https:\/\/www.uartes.edu.ec\/sitio\/wp-content\/uploads\/2023\/06\/10-MICROFONO-ABIERTO-TERCER-ENCUENTRO-600x400.jpg","featured_image_src_square":"https:\/\/www.uartes.edu.ec\/sitio\/wp-content\/uploads\/2023\/06\/10-MICROFONO-ABIERTO-TERCER-ENCUENTRO-600x600.jpg","author_info":{"display_name":"ccortez","author_link":"https:\/\/www.uartes.edu.ec\/sitio\/en\/blog\/author\/ccortez\/"},"publishpress_future_workflow_manual_trigger":{"enabledWorkflows":[]},"distributor_meta":false,"distributor_terms":false,"distributor_media":false,"distributor_original_site_name":"Universidad de las Artes","distributor_original_site_url":"https:\/\/www.uartes.edu.ec\/sitio\/en","push-errors":false,"_links":{"self":[{"href":"https:\/\/www.uartes.edu.ec\/sitio\/en\/wp-json\/wp\/v2\/posts\/43774","targetHints":{"allow":["GET"]}}],"collection":[{"href":"https:\/\/www.uartes.edu.ec\/sitio\/en\/wp-json\/wp\/v2\/posts"}],"about":[{"href":"https:\/\/www.uartes.edu.ec\/sitio\/en\/wp-json\/wp\/v2\/types\/post"}],"author":[{"embeddable":true,"href":"https:\/\/www.uartes.edu.ec\/sitio\/en\/wp-json\/wp\/v2\/users\/10"}],"replies":[{"embeddable":true,"href":"https:\/\/www.uartes.edu.ec\/sitio\/en\/wp-json\/wp\/v2\/comments?post=43774"}],"version-history":[{"count":7,"href":"https:\/\/www.uartes.edu.ec\/sitio\/en\/wp-json\/wp\/v2\/posts\/43774\/revisions"}],"predecessor-version":[{"id":54289,"href":"https:\/\/www.uartes.edu.ec\/sitio\/en\/wp-json\/wp\/v2\/posts\/43774\/revisions\/54289"}],"wp:featuredmedia":[{"embeddable":true,"href":"https:\/\/www.uartes.edu.ec\/sitio\/en\/wp-json\/wp\/v2\/media\/43803"}],"wp:attachment":[{"href":"https:\/\/www.uartes.edu.ec\/sitio\/en\/wp-json\/wp\/v2\/media?parent=43774"}],"wp:term":[{"taxonomy":"category","embeddable":true,"href":"https:\/\/www.uartes.edu.ec\/sitio\/en\/wp-json\/wp\/v2\/categories?post=43774"},{"taxonomy":"post_tag","embeddable":true,"href":"https:\/\/www.uartes.edu.ec\/sitio\/en\/wp-json\/wp\/v2\/tags?post=43774"},{"taxonomy":"infouartes","embeddable":true,"href":"https:\/\/www.uartes.edu.ec\/sitio\/en\/wp-json\/wp\/v2\/infouartes?post=43774"}],"curies":[{"name":"wp","href":"https:\/\/api.w.org\/{rel}","templated":true}]}}