{"id":4491,"date":"2019-10-14T16:49:16","date_gmt":"2019-10-14T21:49:16","guid":{"rendered":"http:\/\/www.uartes.edu.ec\/sitio\/?p=4491"},"modified":"2024-07-04T11:50:01","modified_gmt":"2024-07-04T16:50:01","slug":"taller-de-herramientas-artisticas-para-red-comunitaria-de-defensoras-y-defensores-de-derechos-humanos","status":"publish","type":"post","link":"https:\/\/www.uartes.edu.ec\/sitio\/en\/blog\/2019\/10\/14\/taller-de-herramientas-artisticas-para-red-comunitaria-de-defensoras-y-defensores-de-derechos-humanos\/","title":{"rendered":"Taller de herramientas art\u00edsticas para Red Comunitaria  de Defensoras y Defensores de Derechos Humanos"},"content":{"rendered":"<p style=\"text-align:right\"><em>Se realizar\u00e1 este viernes 18 y s\u00e1bado 19 de octubre. Es la primera\nacci\u00f3n conjunta entre la UArtes, el CDH y la ACNUR.<\/em> <em>Su objetivo es desarrollar procesos de\nconstrucci\u00f3n conjunta de actividades art\u00edsticas y radiales para la reflexi\u00f3n\nsobre xenofobia, discriminaci\u00f3n y bullying con las organizaciones comunitarias\ne instituciones educativas del noroeste de Guayaquil. <\/em><\/p>\n\n\n\n<p>La c\u00e1tedra Laboratorio en Comunidad Paralelo 3 de la Unidad\nTransversal de Teor\u00edas Cr\u00edticas y Pr\u00e1cticas Experimentales de la Universidad de\nlas Artes se encuentra organizando el Taller de Herramientas Art\u00edsticas para la\nRed Comunitaria de Defensoras y Defensores de Derechos Humanos y de la\nNaturaleza de Guayaquil. La actividad, que cuenta con el apoyo de la Direcci\u00f3n\nde Vinculaci\u00f3n con la Comunidad, se realizar\u00e1 en las instalaciones de la UArtes\nlos d\u00edas viernes 18 y s\u00e1bado 19 de octubre de 2019, de 14h00 a 18h00 y de 10h00\na 14h00, respectivamente.<\/p>\n\n\n\n<p>Se trata de la primera acci\u00f3n conjunta entre la UArtes, el Comit\u00e9\nPermanente por la Defensa de los Derechos Humanos (CDH) y la Agencia de la ONU\npara los Refugiados (ACNUR), para el fortalecimiento de las organizaciones de\nla Red Comunitaria de Defensoras y Defensores de Derechos Humanos y de la\nNaturaleza de Guayaquil.<\/p>\n\n\n\n<p>Es importante destacar que el CDH viene trabajando en la\nconformaci\u00f3n y consolidaci\u00f3n de la Red para que las personas act\u00faen como agentes\npara la promoci\u00f3n, defensa y exigibilidad de los Derechos Humanos de nacionales\ny poblaci\u00f3n en movilidad. En la Red las personas est\u00e1n desarrollando\nhabilidades para la identificaci\u00f3n de situaciones que constituyen violaci\u00f3n a\nlos Derechos Humanos, para establecer las entidades p\u00fablicas que podr\u00edan dar\nuna respuesta frente a la vulneraci\u00f3n y para buscar la estrategia inicial para\nla verificaci\u00f3n documental de los hechos y emprender acciones de exigibilidad\ncon participaci\u00f3n protag\u00f3nica de afectados.&nbsp;\n<\/p>\n\n\n\n<p>Dicha acci\u00f3n es parte de un plan denominado Talleres de Producci\u00f3n\nArt\u00edstica y Radial para la Red Comunitaria de Defensoras y Defensores de\nDerechos Humanos y de la Naturaleza de Guayaquil, cuyo objetivo es desarrollar\nprocesos de construcci\u00f3n conjunta de actividades art\u00edsticas y radiales para la\nreflexi\u00f3n sobre xenofobia, discriminaci\u00f3n y bullying con las organizaciones\ncomunitarias e instituciones educativas del noroeste de Guayaquil. <\/p>\n\n\n\n<p>Este plan se ejecutar\u00e1 de octubre de 2019 a febrero de 2020, en el\nmarco de la c\u00e1tedra Laboratorio en Comunidad Paralelo 3, impartida por la\ndocente Janina Su\u00e1rez Pinz\u00f3n. As\u00ed tambi\u00e9n vincular\u00e1 en el proceso radiof\u00f3nico y\npedag\u00f3gico a las c\u00e1tedras de Producci\u00f3n de Sonido para Radio y Televisi\u00f3n y\nLaboratorio de Aproximaci\u00f3n Diagn\u00f3stica: Taller con la Comunidad I, dictadas\npor los docentes Andr\u00e9s Bracero y Jorge Tigrero, respectivamente.<\/p>\n\n\n\n<p>Como resultado de este plan se espera que las y los estudiantes de\nla UArtes ideen, dise\u00f1en y produzcan mini proyectos transdisciplinares junto a\nlas organizaciones comunitarias y a tres delegaciones de colegios del noroeste\nde Guayaquil, a fin de imaginar soluciones posibles ante problem\u00e1ticas afines\ncon la xenofobia, la discriminaci\u00f3n y el bullying, desde un enfoque de\nderechos, equidad y responsabilidad social.<\/p>","protected":false},"excerpt":{"rendered":"<p>Se realizar\u00e1 este viernes 18 y s\u00e1bado 19 de octubre. Es la primera acci\u00f3n conjunta entre la UArtes, el CDH y la ACNUR. Su objetivo es desarrollar procesos de construcci\u00f3n conjunta de actividades art\u00edsticas y radiales para la reflexi\u00f3n sobre xenofobia, discriminaci\u00f3n y bullying con las organizaciones comunitarias e instituciones educativas del noroeste de Guayaquil. [&hellip;]<\/p>\n","protected":false},"author":1,"featured_media":4492,"comment_status":"closed","ping_status":"closed","sticky":false,"template":"","format":"standard","meta":{"_acf_changed":false,"_uag_custom_page_level_css":"","_monsterinsights_skip_tracking":false,"_monsterinsights_sitenote_active":false,"_monsterinsights_sitenote_note":"","_monsterinsights_sitenote_category":0,"cybocfi_hide_featured_image":"","footnotes":""},"categories":[80,79],"tags":[],"infouartes":[],"class_list":["post-4491","post","type-post","status-publish","format-standard","has-post-thumbnail","hentry","category-academico","category-vinculo"],"acf":[],"yoast_head":"<!-- This site is optimized with the Yoast SEO plugin v27.4 - https:\/\/yoast.com\/product\/yoast-seo-wordpress\/ -->\n<title>Universidad de las Artes - Taller de herramientas art\u00edsticas para Red Comunitaria de Defensoras y Defensores de Derechos Humanos<\/title>\n<meta name=\"description\" content=\"Universidad de las Artes - Taller de herramientas art\u00edsticas para Red Comunitaria de Defensoras y Defensores de Derechos Humanos\" \/>\n<meta name=\"robots\" content=\"index, follow, max-snippet:-1, max-image-preview:large, max-video-preview:-1\" \/>\n<link rel=\"canonical\" href=\"https:\/\/www.uartes.edu.ec\/sitio\/en\/blog\/2019\/10\/14\/taller-de-herramientas-artisticas-para-red-comunitaria-de-defensoras-y-defensores-de-derechos-humanos\/\" \/>\n<meta property=\"og:locale\" content=\"en_US\" \/>\n<meta property=\"og:type\" content=\"article\" \/>\n<meta property=\"og:title\" content=\"Universidad de las Artes - Taller de herramientas art\u00edsticas para Red Comunitaria de Defensoras y Defensores de Derechos Humanos\" \/>\n<meta property=\"og:description\" content=\"Universidad de las Artes - Taller de herramientas art\u00edsticas para Red Comunitaria de Defensoras y Defensores de Derechos Humanos\" \/>\n<meta property=\"og:url\" content=\"https:\/\/www.uartes.edu.ec\/sitio\/en\/blog\/2019\/10\/14\/taller-de-herramientas-artisticas-para-red-comunitaria-de-defensoras-y-defensores-de-derechos-humanos\/\" \/>\n<meta property=\"og:site_name\" content=\"Universidad de las Artes\" \/>\n<meta property=\"article:publisher\" content=\"https:\/\/www.facebook.com\/uartesec\" \/>\n<meta property=\"article:published_time\" content=\"2019-10-14T21:49:16+00:00\" \/>\n<meta property=\"article:modified_time\" content=\"2024-07-04T16:50:01+00:00\" \/>\n<meta property=\"og:image\" content=\"https:\/\/www.uartes.edu.ec\/sitio\/wp-content\/uploads\/2019\/10\/janina.jpg\" \/>\n\t<meta property=\"og:image:width\" content=\"1500\" \/>\n\t<meta property=\"og:image:height\" content=\"1000\" \/>\n\t<meta property=\"og:image:type\" content=\"image\/jpeg\" \/>\n<meta name=\"author\" content=\"Universidad de las Artes\" \/>\n<meta name=\"twitter:card\" content=\"summary_large_image\" \/>\n<meta name=\"twitter:creator\" content=\"@uartesec\" \/>\n<meta name=\"twitter:site\" content=\"@uartesec\" \/>\n<meta name=\"twitter:label1\" content=\"Written by\" \/>\n\t<meta name=\"twitter:data1\" content=\"Universidad de las Artes\" \/>\n\t<meta name=\"twitter:label2\" content=\"Est. reading time\" \/>\n\t<meta name=\"twitter:data2\" content=\"3 minutes\" \/>\n<script type=\"application\/ld+json\" class=\"yoast-schema-graph\">{\"@context\":\"https:\\\/\\\/schema.org\",\"@graph\":[{\"@type\":\"Article\",\"@id\":\"https:\\\/\\\/www.uartes.edu.ec\\\/sitio\\\/en\\\/blog\\\/2019\\\/10\\\/14\\\/taller-de-herramientas-artisticas-para-red-comunitaria-de-defensoras-y-defensores-de-derechos-humanos\\\/#article\",\"isPartOf\":{\"@id\":\"https:\\\/\\\/www.uartes.edu.ec\\\/sitio\\\/en\\\/blog\\\/2019\\\/10\\\/14\\\/taller-de-herramientas-artisticas-para-red-comunitaria-de-defensoras-y-defensores-de-derechos-humanos\\\/\"},\"author\":{\"name\":\"Universidad de las Artes\",\"@id\":\"https:\\\/\\\/www.uartes.edu.ec\\\/sitio\\\/en\\\/#\\\/schema\\\/person\\\/f33f8c1d2af0d5c80a38c8abf458184a\"},\"headline\":\"Taller de herramientas art\u00edsticas para Red Comunitaria de Defensoras y Defensores de Derechos Humanos\",\"datePublished\":\"2019-10-14T21:49:16+00:00\",\"dateModified\":\"2024-07-04T16:50:01+00:00\",\"mainEntityOfPage\":{\"@id\":\"https:\\\/\\\/www.uartes.edu.ec\\\/sitio\\\/en\\\/blog\\\/2019\\\/10\\\/14\\\/taller-de-herramientas-artisticas-para-red-comunitaria-de-defensoras-y-defensores-de-derechos-humanos\\\/\"},\"wordCount\":552,\"publisher\":{\"@id\":\"https:\\\/\\\/www.uartes.edu.ec\\\/sitio\\\/en\\\/#organization\"},\"image\":{\"@id\":\"https:\\\/\\\/www.uartes.edu.ec\\\/sitio\\\/en\\\/blog\\\/2019\\\/10\\\/14\\\/taller-de-herramientas-artisticas-para-red-comunitaria-de-defensoras-y-defensores-de-derechos-humanos\\\/#primaryimage\"},\"thumbnailUrl\":\"https:\\\/\\\/www.uartes.edu.ec\\\/sitio\\\/wp-content\\\/uploads\\\/2019\\\/10\\\/janina.jpg\",\"articleSection\":[\"Acad\u00e9mico\",\"V\u00ednculo\"],\"inLanguage\":\"en-US\"},{\"@type\":[\"WebPage\",\"ItemPage\"],\"@id\":\"https:\\\/\\\/www.uartes.edu.ec\\\/sitio\\\/en\\\/blog\\\/2019\\\/10\\\/14\\\/taller-de-herramientas-artisticas-para-red-comunitaria-de-defensoras-y-defensores-de-derechos-humanos\\\/\",\"url\":\"https:\\\/\\\/www.uartes.edu.ec\\\/sitio\\\/en\\\/blog\\\/2019\\\/10\\\/14\\\/taller-de-herramientas-artisticas-para-red-comunitaria-de-defensoras-y-defensores-de-derechos-humanos\\\/\",\"name\":\"Universidad de las Artes - Taller de herramientas art\u00edsticas para Red Comunitaria de Defensoras y Defensores de Derechos Humanos\",\"isPartOf\":{\"@id\":\"https:\\\/\\\/www.uartes.edu.ec\\\/sitio\\\/en\\\/#website\"},\"primaryImageOfPage\":{\"@id\":\"https:\\\/\\\/www.uartes.edu.ec\\\/sitio\\\/en\\\/blog\\\/2019\\\/10\\\/14\\\/taller-de-herramientas-artisticas-para-red-comunitaria-de-defensoras-y-defensores-de-derechos-humanos\\\/#primaryimage\"},\"image\":{\"@id\":\"https:\\\/\\\/www.uartes.edu.ec\\\/sitio\\\/en\\\/blog\\\/2019\\\/10\\\/14\\\/taller-de-herramientas-artisticas-para-red-comunitaria-de-defensoras-y-defensores-de-derechos-humanos\\\/#primaryimage\"},\"thumbnailUrl\":\"https:\\\/\\\/www.uartes.edu.ec\\\/sitio\\\/wp-content\\\/uploads\\\/2019\\\/10\\\/janina.jpg\",\"datePublished\":\"2019-10-14T21:49:16+00:00\",\"dateModified\":\"2024-07-04T16:50:01+00:00\",\"description\":\"Universidad de las Artes - Taller de herramientas art\u00edsticas para Red Comunitaria de Defensoras y Defensores de Derechos Humanos\",\"breadcrumb\":{\"@id\":\"https:\\\/\\\/www.uartes.edu.ec\\\/sitio\\\/en\\\/blog\\\/2019\\\/10\\\/14\\\/taller-de-herramientas-artisticas-para-red-comunitaria-de-defensoras-y-defensores-de-derechos-humanos\\\/#breadcrumb\"},\"inLanguage\":\"en-US\",\"potentialAction\":[{\"@type\":\"ReadAction\",\"target\":[\"https:\\\/\\\/www.uartes.edu.ec\\\/sitio\\\/en\\\/blog\\\/2019\\\/10\\\/14\\\/taller-de-herramientas-artisticas-para-red-comunitaria-de-defensoras-y-defensores-de-derechos-humanos\\\/\"]}]},{\"@type\":\"ImageObject\",\"inLanguage\":\"en-US\",\"@id\":\"https:\\\/\\\/www.uartes.edu.ec\\\/sitio\\\/en\\\/blog\\\/2019\\\/10\\\/14\\\/taller-de-herramientas-artisticas-para-red-comunitaria-de-defensoras-y-defensores-de-derechos-humanos\\\/#primaryimage\",\"url\":\"https:\\\/\\\/www.uartes.edu.ec\\\/sitio\\\/wp-content\\\/uploads\\\/2019\\\/10\\\/janina.jpg\",\"contentUrl\":\"https:\\\/\\\/www.uartes.edu.ec\\\/sitio\\\/wp-content\\\/uploads\\\/2019\\\/10\\\/janina.jpg\",\"width\":1500,\"height\":1000},{\"@type\":\"BreadcrumbList\",\"@id\":\"https:\\\/\\\/www.uartes.edu.ec\\\/sitio\\\/en\\\/blog\\\/2019\\\/10\\\/14\\\/taller-de-herramientas-artisticas-para-red-comunitaria-de-defensoras-y-defensores-de-derechos-humanos\\\/#breadcrumb\",\"itemListElement\":[{\"@type\":\"ListItem\",\"position\":1,\"name\":\"Inicio\",\"item\":\"https:\\\/\\\/www.uartes.edu.ec\\\/sitio\\\/\"},{\"@type\":\"ListItem\",\"position\":2,\"name\":\"Taller de herramientas art\u00edsticas para Red Comunitaria de Defensoras y Defensores de Derechos Humanos\"}]},{\"@type\":\"WebSite\",\"@id\":\"https:\\\/\\\/www.uartes.edu.ec\\\/sitio\\\/en\\\/#website\",\"url\":\"https:\\\/\\\/www.uartes.edu.ec\\\/sitio\\\/en\\\/\",\"name\":\"Universidad de las Artes\",\"description\":\"Sitio oficial de la Universidad Nacional de las Artes del Ecuador\",\"publisher\":{\"@id\":\"https:\\\/\\\/www.uartes.edu.ec\\\/sitio\\\/en\\\/#organization\"},\"potentialAction\":[{\"@type\":\"SearchAction\",\"target\":{\"@type\":\"EntryPoint\",\"urlTemplate\":\"https:\\\/\\\/www.uartes.edu.ec\\\/sitio\\\/en\\\/?s={search_term_string}\"},\"query-input\":{\"@type\":\"PropertyValueSpecification\",\"valueRequired\":true,\"valueName\":\"search_term_string\"}}],\"inLanguage\":\"en-US\"},{\"@type\":\"Organization\",\"@id\":\"https:\\\/\\\/www.uartes.edu.ec\\\/sitio\\\/en\\\/#organization\",\"name\":\"Universidad de las Artes\",\"url\":\"https:\\\/\\\/www.uartes.edu.ec\\\/sitio\\\/en\\\/\",\"logo\":{\"@type\":\"ImageObject\",\"inLanguage\":\"en-US\",\"@id\":\"https:\\\/\\\/www.uartes.edu.ec\\\/sitio\\\/en\\\/#\\\/schema\\\/logo\\\/image\\\/\",\"url\":\"https:\\\/\\\/www.uartes.edu.ec\\\/sitio\\\/wp-content\\\/uploads\\\/2022\\\/07\\\/logo-ua-horizontal.png\",\"contentUrl\":\"https:\\\/\\\/www.uartes.edu.ec\\\/sitio\\\/wp-content\\\/uploads\\\/2022\\\/07\\\/logo-ua-horizontal.png\",\"width\":800,\"height\":276,\"caption\":\"Universidad de las Artes\"},\"image\":{\"@id\":\"https:\\\/\\\/www.uartes.edu.ec\\\/sitio\\\/en\\\/#\\\/schema\\\/logo\\\/image\\\/\"},\"sameAs\":[\"https:\\\/\\\/www.facebook.com\\\/uartesec\",\"https:\\\/\\\/x.com\\\/uartesec\",\"https:\\\/\\\/www.tiktok.com\\\/@uartesec\"]},{\"@type\":\"Person\",\"@id\":\"https:\\\/\\\/www.uartes.edu.ec\\\/sitio\\\/en\\\/#\\\/schema\\\/person\\\/f33f8c1d2af0d5c80a38c8abf458184a\",\"name\":\"Universidad de las Artes\",\"image\":{\"@type\":\"ImageObject\",\"inLanguage\":\"en-US\",\"@id\":\"https:\\\/\\\/secure.gravatar.com\\\/avatar\\\/52e4757902f5cfa5ac52d020e5be83cae5487519154b6c35482fe08d589f3c13?s=96&d=mm&r=g\",\"url\":\"https:\\\/\\\/secure.gravatar.com\\\/avatar\\\/52e4757902f5cfa5ac52d020e5be83cae5487519154b6c35482fe08d589f3c13?s=96&d=mm&r=g\",\"contentUrl\":\"https:\\\/\\\/secure.gravatar.com\\\/avatar\\\/52e4757902f5cfa5ac52d020e5be83cae5487519154b6c35482fe08d589f3c13?s=96&d=mm&r=g\",\"caption\":\"Universidad de las Artes\"},\"url\":\"https:\\\/\\\/www.uartes.edu.ec\\\/sitio\\\/en\\\/blog\\\/author\\\/dircomadm\\\/\"}]}<\/script>\n<!-- \/ Yoast SEO plugin. -->","yoast_head_json":{"title":"Universidad de las Artes - Taller de herramientas art\u00edsticas para Red Comunitaria de Defensoras y Defensores de Derechos Humanos","description":"Universidad de las Artes - Taller de herramientas art\u00edsticas para Red Comunitaria de Defensoras y Defensores de Derechos Humanos","robots":{"index":"index","follow":"follow","max-snippet":"max-snippet:-1","max-image-preview":"max-image-preview:large","max-video-preview":"max-video-preview:-1"},"canonical":"https:\/\/www.uartes.edu.ec\/sitio\/en\/blog\/2019\/10\/14\/taller-de-herramientas-artisticas-para-red-comunitaria-de-defensoras-y-defensores-de-derechos-humanos\/","og_locale":"en_US","og_type":"article","og_title":"Universidad de las Artes - Taller de herramientas art\u00edsticas para Red Comunitaria de Defensoras y Defensores de Derechos Humanos","og_description":"Universidad de las Artes - Taller de herramientas art\u00edsticas para Red Comunitaria de Defensoras y Defensores de Derechos Humanos","og_url":"https:\/\/www.uartes.edu.ec\/sitio\/en\/blog\/2019\/10\/14\/taller-de-herramientas-artisticas-para-red-comunitaria-de-defensoras-y-defensores-de-derechos-humanos\/","og_site_name":"Universidad de las Artes","article_publisher":"https:\/\/www.facebook.com\/uartesec","article_published_time":"2019-10-14T21:49:16+00:00","article_modified_time":"2024-07-04T16:50:01+00:00","og_image":[{"width":1500,"height":1000,"url":"https:\/\/www.uartes.edu.ec\/sitio\/wp-content\/uploads\/2019\/10\/janina.jpg","type":"image\/jpeg"}],"author":"Universidad de las Artes","twitter_card":"summary_large_image","twitter_creator":"@uartesec","twitter_site":"@uartesec","twitter_misc":{"Written by":"Universidad de las Artes","Est. reading time":"3 minutes"},"schema":{"@context":"https:\/\/schema.org","@graph":[{"@type":"Article","@id":"https:\/\/www.uartes.edu.ec\/sitio\/en\/blog\/2019\/10\/14\/taller-de-herramientas-artisticas-para-red-comunitaria-de-defensoras-y-defensores-de-derechos-humanos\/#article","isPartOf":{"@id":"https:\/\/www.uartes.edu.ec\/sitio\/en\/blog\/2019\/10\/14\/taller-de-herramientas-artisticas-para-red-comunitaria-de-defensoras-y-defensores-de-derechos-humanos\/"},"author":{"name":"Universidad de las Artes","@id":"https:\/\/www.uartes.edu.ec\/sitio\/en\/#\/schema\/person\/f33f8c1d2af0d5c80a38c8abf458184a"},"headline":"Taller de herramientas art\u00edsticas para Red Comunitaria de Defensoras y Defensores de Derechos Humanos","datePublished":"2019-10-14T21:49:16+00:00","dateModified":"2024-07-04T16:50:01+00:00","mainEntityOfPage":{"@id":"https:\/\/www.uartes.edu.ec\/sitio\/en\/blog\/2019\/10\/14\/taller-de-herramientas-artisticas-para-red-comunitaria-de-defensoras-y-defensores-de-derechos-humanos\/"},"wordCount":552,"publisher":{"@id":"https:\/\/www.uartes.edu.ec\/sitio\/en\/#organization"},"image":{"@id":"https:\/\/www.uartes.edu.ec\/sitio\/en\/blog\/2019\/10\/14\/taller-de-herramientas-artisticas-para-red-comunitaria-de-defensoras-y-defensores-de-derechos-humanos\/#primaryimage"},"thumbnailUrl":"https:\/\/www.uartes.edu.ec\/sitio\/wp-content\/uploads\/2019\/10\/janina.jpg","articleSection":["Acad\u00e9mico","V\u00ednculo"],"inLanguage":"en-US"},{"@type":["WebPage","ItemPage"],"@id":"https:\/\/www.uartes.edu.ec\/sitio\/en\/blog\/2019\/10\/14\/taller-de-herramientas-artisticas-para-red-comunitaria-de-defensoras-y-defensores-de-derechos-humanos\/","url":"https:\/\/www.uartes.edu.ec\/sitio\/en\/blog\/2019\/10\/14\/taller-de-herramientas-artisticas-para-red-comunitaria-de-defensoras-y-defensores-de-derechos-humanos\/","name":"Universidad de las Artes - Taller de herramientas art\u00edsticas para Red Comunitaria de Defensoras y Defensores de Derechos Humanos","isPartOf":{"@id":"https:\/\/www.uartes.edu.ec\/sitio\/en\/#website"},"primaryImageOfPage":{"@id":"https:\/\/www.uartes.edu.ec\/sitio\/en\/blog\/2019\/10\/14\/taller-de-herramientas-artisticas-para-red-comunitaria-de-defensoras-y-defensores-de-derechos-humanos\/#primaryimage"},"image":{"@id":"https:\/\/www.uartes.edu.ec\/sitio\/en\/blog\/2019\/10\/14\/taller-de-herramientas-artisticas-para-red-comunitaria-de-defensoras-y-defensores-de-derechos-humanos\/#primaryimage"},"thumbnailUrl":"https:\/\/www.uartes.edu.ec\/sitio\/wp-content\/uploads\/2019\/10\/janina.jpg","datePublished":"2019-10-14T21:49:16+00:00","dateModified":"2024-07-04T16:50:01+00:00","description":"Universidad de las Artes - Taller de herramientas art\u00edsticas para Red Comunitaria de Defensoras y Defensores de Derechos Humanos","breadcrumb":{"@id":"https:\/\/www.uartes.edu.ec\/sitio\/en\/blog\/2019\/10\/14\/taller-de-herramientas-artisticas-para-red-comunitaria-de-defensoras-y-defensores-de-derechos-humanos\/#breadcrumb"},"inLanguage":"en-US","potentialAction":[{"@type":"ReadAction","target":["https:\/\/www.uartes.edu.ec\/sitio\/en\/blog\/2019\/10\/14\/taller-de-herramientas-artisticas-para-red-comunitaria-de-defensoras-y-defensores-de-derechos-humanos\/"]}]},{"@type":"ImageObject","inLanguage":"en-US","@id":"https:\/\/www.uartes.edu.ec\/sitio\/en\/blog\/2019\/10\/14\/taller-de-herramientas-artisticas-para-red-comunitaria-de-defensoras-y-defensores-de-derechos-humanos\/#primaryimage","url":"https:\/\/www.uartes.edu.ec\/sitio\/wp-content\/uploads\/2019\/10\/janina.jpg","contentUrl":"https:\/\/www.uartes.edu.ec\/sitio\/wp-content\/uploads\/2019\/10\/janina.jpg","width":1500,"height":1000},{"@type":"BreadcrumbList","@id":"https:\/\/www.uartes.edu.ec\/sitio\/en\/blog\/2019\/10\/14\/taller-de-herramientas-artisticas-para-red-comunitaria-de-defensoras-y-defensores-de-derechos-humanos\/#breadcrumb","itemListElement":[{"@type":"ListItem","position":1,"name":"Inicio","item":"https:\/\/www.uartes.edu.ec\/sitio\/"},{"@type":"ListItem","position":2,"name":"Taller de herramientas art\u00edsticas para Red Comunitaria de Defensoras y Defensores de Derechos Humanos"}]},{"@type":"WebSite","@id":"https:\/\/www.uartes.edu.ec\/sitio\/en\/#website","url":"https:\/\/www.uartes.edu.ec\/sitio\/en\/","name":"Universidad de las Artes","description":"Sitio oficial de la Universidad Nacional de las Artes del Ecuador","publisher":{"@id":"https:\/\/www.uartes.edu.ec\/sitio\/en\/#organization"},"potentialAction":[{"@type":"SearchAction","target":{"@type":"EntryPoint","urlTemplate":"https:\/\/www.uartes.edu.ec\/sitio\/en\/?s={search_term_string}"},"query-input":{"@type":"PropertyValueSpecification","valueRequired":true,"valueName":"search_term_string"}}],"inLanguage":"en-US"},{"@type":"Organization","@id":"https:\/\/www.uartes.edu.ec\/sitio\/en\/#organization","name":"Universidad de las Artes","url":"https:\/\/www.uartes.edu.ec\/sitio\/en\/","logo":{"@type":"ImageObject","inLanguage":"en-US","@id":"https:\/\/www.uartes.edu.ec\/sitio\/en\/#\/schema\/logo\/image\/","url":"https:\/\/www.uartes.edu.ec\/sitio\/wp-content\/uploads\/2022\/07\/logo-ua-horizontal.png","contentUrl":"https:\/\/www.uartes.edu.ec\/sitio\/wp-content\/uploads\/2022\/07\/logo-ua-horizontal.png","width":800,"height":276,"caption":"Universidad de las Artes"},"image":{"@id":"https:\/\/www.uartes.edu.ec\/sitio\/en\/#\/schema\/logo\/image\/"},"sameAs":["https:\/\/www.facebook.com\/uartesec","https:\/\/x.com\/uartesec","https:\/\/www.tiktok.com\/@uartesec"]},{"@type":"Person","@id":"https:\/\/www.uartes.edu.ec\/sitio\/en\/#\/schema\/person\/f33f8c1d2af0d5c80a38c8abf458184a","name":"Universidad de las Artes","image":{"@type":"ImageObject","inLanguage":"en-US","@id":"https:\/\/secure.gravatar.com\/avatar\/52e4757902f5cfa5ac52d020e5be83cae5487519154b6c35482fe08d589f3c13?s=96&d=mm&r=g","url":"https:\/\/secure.gravatar.com\/avatar\/52e4757902f5cfa5ac52d020e5be83cae5487519154b6c35482fe08d589f3c13?s=96&d=mm&r=g","contentUrl":"https:\/\/secure.gravatar.com\/avatar\/52e4757902f5cfa5ac52d020e5be83cae5487519154b6c35482fe08d589f3c13?s=96&d=mm&r=g","caption":"Universidad de las Artes"},"url":"https:\/\/www.uartes.edu.ec\/sitio\/en\/blog\/author\/dircomadm\/"}]}},"uagb_featured_image_src":{"full":["https:\/\/www.uartes.edu.ec\/sitio\/wp-content\/uploads\/2019\/10\/janina.jpg",1500,1000,false],"thumbnail":["https:\/\/www.uartes.edu.ec\/sitio\/wp-content\/uploads\/2019\/10\/janina-150x150.jpg",150,150,true],"medium":["https:\/\/www.uartes.edu.ec\/sitio\/wp-content\/uploads\/2019\/10\/janina-300x200.jpg",300,200,true],"medium_large":["https:\/\/www.uartes.edu.ec\/sitio\/wp-content\/uploads\/2019\/10\/janina-768x512.jpg",768,512,true],"large":["https:\/\/www.uartes.edu.ec\/sitio\/wp-content\/uploads\/2019\/10\/janina-644x429.jpg",644,429,true],"1536x1536":["https:\/\/www.uartes.edu.ec\/sitio\/wp-content\/uploads\/2019\/10\/janina.jpg",1500,1000,false],"2048x2048":["https:\/\/www.uartes.edu.ec\/sitio\/wp-content\/uploads\/2019\/10\/janina.jpg",1500,1000,false],"trp-custom-language-flag":["https:\/\/www.uartes.edu.ec\/sitio\/wp-content\/uploads\/2019\/10\/janina.jpg",18,12,false],"htmega_size_585x295":["https:\/\/www.uartes.edu.ec\/sitio\/wp-content\/uploads\/2019\/10\/janina.jpg",443,295,false],"htmega_size_1170x536":["https:\/\/www.uartes.edu.ec\/sitio\/wp-content\/uploads\/2019\/10\/janina.jpg",804,536,false],"htmega_size_396x360":["https:\/\/www.uartes.edu.ec\/sitio\/wp-content\/uploads\/2019\/10\/janina.jpg",396,264,false],"gb-block-post-grid-landscape":["https:\/\/www.uartes.edu.ec\/sitio\/wp-content\/uploads\/2019\/10\/janina.jpg",600,400,false],"gb-block-post-grid-square":["https:\/\/www.uartes.edu.ec\/sitio\/wp-content\/uploads\/2019\/10\/janina.jpg",600,400,false],"university-hub-thumb":["https:\/\/www.uartes.edu.ec\/sitio\/wp-content\/uploads\/2019\/10\/janina-400x267.jpg",400,267,true],"mailpoet_newsletter_max":["https:\/\/www.uartes.edu.ec\/sitio\/wp-content\/uploads\/2019\/10\/janina.jpg",1320,880,false]},"uagb_author_info":{"display_name":"Universidad de las Artes","author_link":"https:\/\/www.uartes.edu.ec\/sitio\/en\/blog\/author\/dircomadm\/"},"uagb_comment_info":0,"uagb_excerpt":"Se realizar\u00e1 este viernes 18 y s\u00e1bado 19 de octubre. Es la primera acci\u00f3n conjunta entre la UArtes, el CDH y la ACNUR. Su objetivo es desarrollar procesos de construcci\u00f3n conjunta de actividades art\u00edsticas y radiales para la reflexi\u00f3n sobre xenofobia, discriminaci\u00f3n y bullying con las organizaciones comunitarias e instituciones educativas del noroeste de Guayaquil.&hellip;","featured_image_src":"https:\/\/www.uartes.edu.ec\/sitio\/wp-content\/uploads\/2019\/10\/janina.jpg","featured_image_src_square":"https:\/\/www.uartes.edu.ec\/sitio\/wp-content\/uploads\/2019\/10\/janina.jpg","author_info":{"display_name":"Universidad de las Artes","author_link":"https:\/\/www.uartes.edu.ec\/sitio\/en\/blog\/author\/dircomadm\/"},"publishpress_future_workflow_manual_trigger":{"enabledWorkflows":[]},"distributor_meta":false,"distributor_terms":false,"distributor_media":false,"distributor_original_site_name":"Universidad de las Artes","distributor_original_site_url":"https:\/\/www.uartes.edu.ec\/sitio\/en","push-errors":false,"_links":{"self":[{"href":"https:\/\/www.uartes.edu.ec\/sitio\/en\/wp-json\/wp\/v2\/posts\/4491","targetHints":{"allow":["GET"]}}],"collection":[{"href":"https:\/\/www.uartes.edu.ec\/sitio\/en\/wp-json\/wp\/v2\/posts"}],"about":[{"href":"https:\/\/www.uartes.edu.ec\/sitio\/en\/wp-json\/wp\/v2\/types\/post"}],"author":[{"embeddable":true,"href":"https:\/\/www.uartes.edu.ec\/sitio\/en\/wp-json\/wp\/v2\/users\/1"}],"replies":[{"embeddable":true,"href":"https:\/\/www.uartes.edu.ec\/sitio\/en\/wp-json\/wp\/v2\/comments?post=4491"}],"version-history":[{"count":1,"href":"https:\/\/www.uartes.edu.ec\/sitio\/en\/wp-json\/wp\/v2\/posts\/4491\/revisions"}],"predecessor-version":[{"id":4493,"href":"https:\/\/www.uartes.edu.ec\/sitio\/en\/wp-json\/wp\/v2\/posts\/4491\/revisions\/4493"}],"wp:featuredmedia":[{"embeddable":true,"href":"https:\/\/www.uartes.edu.ec\/sitio\/en\/wp-json\/wp\/v2\/media\/4492"}],"wp:attachment":[{"href":"https:\/\/www.uartes.edu.ec\/sitio\/en\/wp-json\/wp\/v2\/media?parent=4491"}],"wp:term":[{"taxonomy":"category","embeddable":true,"href":"https:\/\/www.uartes.edu.ec\/sitio\/en\/wp-json\/wp\/v2\/categories?post=4491"},{"taxonomy":"post_tag","embeddable":true,"href":"https:\/\/www.uartes.edu.ec\/sitio\/en\/wp-json\/wp\/v2\/tags?post=4491"},{"taxonomy":"infouartes","embeddable":true,"href":"https:\/\/www.uartes.edu.ec\/sitio\/en\/wp-json\/wp\/v2\/infouartes?post=4491"}],"curies":[{"name":"wp","href":"https:\/\/api.w.org\/{rel}","templated":true}]}}