{"id":45508,"date":"2023-07-27T18:27:20","date_gmt":"2023-07-27T23:27:20","guid":{"rendered":"https:\/\/www.uartes.edu.ec\/sitio\/?p=45508"},"modified":"2024-07-04T11:20:53","modified_gmt":"2024-07-04T16:20:53","slug":"con-instrucciones-para-leer-el-mundo-arranca-la-coleccion-infancias-de-uartes-ediciones","status":"publish","type":"post","link":"https:\/\/www.uartes.edu.ec\/sitio\/en\/blog\/2023\/07\/27\/con-instrucciones-para-leer-el-mundo-arranca-la-coleccion-infancias-de-uartes-ediciones\/","title":{"rendered":"Con libro-\u00e1lbum \u201cInstrucciones para leer el mundo\u201d arranca la Colecci\u00f3n Infancias de UArtes Ediciones"},"content":{"rendered":"<p>Es oficial y Mar\u00eda Alejandra Zambrano, directora de la Escuela de Literatura, lo dio a conocer en las redes sociales. UArtes Ediciones suma a sus colecciones Infancias, cuyo primer libro impreso es \u201cInstrucciones para leer el mundo\u201d, con textos de Daniela D\u00e1vila e ilustraciones de Carmen Luc\u00eda P\u00e1ez. Zambrano es su editora y por ello ni bien tuvo la publicaci\u00f3n en sus manos la mostr\u00f3 con suma emoci\u00f3n v\u00eda online.<\/p>\n\n\n\n<p>\u201cInstrucciones para leer el mundo\u201d, incluso, tuvo a inicios de mes un lanzamiento en Quito (en el Centro Cultural&nbsp;Benjam\u00edn Carri\u00f3n) y otro en Cuenca (en la Biblioteca Manuel Mu\u00f1oz Cueva de la Casa de la Cultura N\u00facleo del Azuay); en Guayaquil hubo uno preliminar en la Biblioteca de las Artes. La oficial, donde tambi\u00e9n se presentar\u00e1 la Colecci\u00f3n Infancias, a\u00fan no tiene fecha.&nbsp;<\/p>\n\n\n\n<p>Originalmente estaba programada para inicios de agosto, indic\u00f3 Jos\u00e9 Miguel Cabrera, director de UArtes Ediciones. No obstante, un encuentro literario en el extranjero se atraves\u00f3 en las fechas y la obra se presentar\u00e1 en el exterior primero y de all\u00ed se decidir\u00e1 la fecha para Guayaquil.<\/p>\n\n\n\n<h3 class=\"wp-block-heading\">El origen de la colecci\u00f3n<\/h3>\n\n\n\n<p>\u00bfC\u00f3mo surge Infancias? Cabrera respondi\u00f3 que se gest\u00f3 a trav\u00e9s de Mar\u00eda Alejandra Zambrano, especializada en literatura infantil, con quien se reuni\u00f3 a mediados de 2022, pues ten\u00eda un par de proyectos en la mira, lo cual los llev\u00f3 a pensar en la posibilidad de crear una colecci\u00f3n dedicada a edades tempranas que fomentaran el v\u00ednculo entre los libros y los ni\u00f1os.<\/p>\n\n\n\n<p>\u201cA muchos nos pasa que, cuando crecemos, queremos leer sobre temas m\u00e1s pr\u00f3ximos a nuestra edad y nos olvidamos de que la lectura es una actividad que empieza con libros infantiles, pero quienes estamos a cargo debemos pensar en eso. S\u00ed hay un fuerte sector editorial a nivel nacional enfocado a los ni\u00f1os y adolescentes, con nombres reconocibles de autoras como Mar\u00eda Fernanda Heredia o Sandra de la Torre. Eso s\u00ed, la mayor\u00eda de los esfuerzos editoriales para ni\u00f1os est\u00e1 pensada desde los libros escolares\u201d, anot\u00f3 Cabrera.<\/p>\n\n\n\t\t\t\t\t<div\n\t\t\t\t\t\tclass=\"wp-block-uagb-image-gallery uagb-block-3aa82101\"\n\t\t\t\t\t\tstyle=\"\"\n\t\t\t\t\t>\n\t\t\t\t\t\t\t\t\t\t\t<div class=\"spectra-image-gallery spectra-image-gallery__layout--grid spectra-image-gallery__layout--grid-col-2 spectra-image-gallery__layout--grid-col-tab-2 spectra-image-gallery__layout--grid-col-mob-2\">\n\t\t\t\t\t\t\t\t\t\t\t<div class='spectra-image-gallery__media-wrapper' data-spectra-gallery-image-id='45511' tabindex=\"0\">\n\t\t\t\t\t\t\t<div class=\"spectra-image-gallery__media spectra-image-gallery__media--grid\">\n\t\t\t\t<picture>\n\t\t\t\t\t<source media=\"(min-width: 1024px)\" srcset=\"https:\/\/www.uartes.edu.ec\/sitio\/wp-content\/uploads\/2023\/07\/jose-miguel-cabrera-644x429.jpg\">\n\t\t\t\t\t<source media=\"(min-width: 768px)\" srcset=\"https:\/\/www.uartes.edu.ec\/sitio\/wp-content\/uploads\/2023\/07\/jose-miguel-cabrera-644x429.jpg\">\n\t\t\t\t\t<img decoding=\"async\" class=\"spectra-image-gallery__media-thumbnail spectra-image-gallery__media-thumbnail--grid\" src=\"https:\/\/www.uartes.edu.ec\/sitio\/wp-content\/uploads\/2023\/07\/jose-miguel-cabrera-300x200.jpg\" alt=\"\" loading=\"lazy\" \/>\n\t\t\t\t<\/picture>\n\t\t\t\t<div class=\"spectra-image-gallery__media-thumbnail-blurrer\"><\/div>\n\t\t\t\t\t\t\t\t\t\t\t<div class=\"spectra-image-gallery__media-thumbnail-caption-wrapper spectra-image-gallery__media-thumbnail-caption-wrapper--overlay\">\n\t\t\t\t\t\t\t\t\t\t\t<div class=\"spectra-image-gallery__media-thumbnail-caption spectra-image-gallery__media-thumbnail-caption--overlay\">\n\t\t\t\t\tNo Caption\t\t\t\t<\/div>\n\t\t\t\t\t\t\t\t\t\t<\/div>\n\t\t\t\t\t\t\t\t\t<\/div>\n\t\t\t\t\t\t<\/div>\n\t\t\t\t\t\t<div class='spectra-image-gallery__media-wrapper' data-spectra-gallery-image-id='45510' tabindex=\"0\">\n\t\t\t\t\t\t\t<div class=\"spectra-image-gallery__media spectra-image-gallery__media--grid\">\n\t\t\t\t<picture>\n\t\t\t\t\t<source media=\"(min-width: 1024px)\" srcset=\"https:\/\/www.uartes.edu.ec\/sitio\/wp-content\/uploads\/2023\/07\/ALEJANDRA-ZAMBRANO-FINAL-644x429.jpg\">\n\t\t\t\t\t<source media=\"(min-width: 768px)\" srcset=\"https:\/\/www.uartes.edu.ec\/sitio\/wp-content\/uploads\/2023\/07\/ALEJANDRA-ZAMBRANO-FINAL-644x429.jpg\">\n\t\t\t\t\t<img decoding=\"async\" class=\"spectra-image-gallery__media-thumbnail spectra-image-gallery__media-thumbnail--grid\" src=\"https:\/\/www.uartes.edu.ec\/sitio\/wp-content\/uploads\/2023\/07\/ALEJANDRA-ZAMBRANO-FINAL-300x200.jpg\" alt=\"\" loading=\"lazy\" \/>\n\t\t\t\t<\/picture>\n\t\t\t\t<div class=\"spectra-image-gallery__media-thumbnail-blurrer\"><\/div>\n\t\t\t\t\t\t\t\t\t\t\t<div class=\"spectra-image-gallery__media-thumbnail-caption-wrapper spectra-image-gallery__media-thumbnail-caption-wrapper--overlay\">\n\t\t\t\t\t\t\t\t\t\t\t<div class=\"spectra-image-gallery__media-thumbnail-caption spectra-image-gallery__media-thumbnail-caption--overlay\">\n\t\t\t\t\tNo Caption\t\t\t\t<\/div>\n\t\t\t\t\t\t\t\t\t\t<\/div>\n\t\t\t\t\t\t\t\t\t<\/div>\n\t\t\t\t\t\t<\/div>\n\t\t\t\t\t\t\t\t\t\t<\/div>\n\t\t\t\t\t\t\t\t\t\t\t\t\t\t\t\t\t\t<\/div>\n\t\t\t\t\t\t\t\t\t\n\n\n<p>Para septiembre, a\u00f1adi\u00f3, eran cuatro las propuestas de libros que se llevaron al Consejo Editorial de UArtes Ediciones, cuyos miembros lo aprobaron por la importancia en la creaci\u00f3n de nuevos p\u00fablicos, lo cual es un objetivo de la Universidad de las Artes \u201cy, m\u00e1s espec\u00edficamente, del MZ14 Centro de Producci\u00f3n e Innovaci\u00f3n, la unidad a la que se adscribe la editorial\u201d.<\/p>\n\n\n\n<h3 class=\"wp-block-heading\">Gan\u00f3 fondos del IFCI<\/h3>\n\n\n\n<p>Del libro-\u00e1lbum \u201cInstrucciones para leer el mundo\u201d, Zambrano indic\u00f3 que el texto hab\u00eda ganado los fondos del IFCI, de la convocatoria editorial para publicaci\u00f3n, y que luego de ello D\u00e1vila y P\u00e1ez le pidieron que lo editara, as\u00ed surgi\u00f3 la idea de hacerlo con el sello editorial de la UArtes, a fin de que se inaugure oficialmente la Colecci\u00f3n Infancias. La conceptualizaci\u00f3n de la obra fue diagramada y dise\u00f1ada por Mar\u00eda Mercedes Salgado.<\/p>\n\n\n\n<p>De los lanzamientos en Quito y Cuenca, medios como <a href=\"http:\/\/www.quitoinforma.gob.ec\/\">http:\/\/www.quitoinforma.gob.ec\/<\/a> and <a href=\"https:\/\/www.elcomercio.com\/\">https:\/\/www.elcomercio.com\/<\/a> dieron cuenta de su contenido a partir del di\u00e1logo con D\u00e1vila y P\u00e1ez, quienes se\u00f1alaron a su libro-\u00e1lbum ilustrado como un incentivo para pensar la cotidianidad desde el juego, los afectos, la emocionalidad y la ternura.<\/p>\n\n\n\n<h3 class=\"wp-block-heading\">Instrucciones ilustradas<\/h3>\n\n\n\n<p>La obra recopila instrucciones ilustradas para pensarnos desde los detalles y la intimidad de una manera curiosa; apela a las sensibilidades de la infancia y abre tambi\u00e9n la puerta a p\u00fablicos j\u00f3venes y adultos. Est\u00e1 dirigido a lectores a partir de los 9 a\u00f1os de edad y para quienes desean explorar y jugar.<\/p>\n\n\n\n<p>De las autoras se indic\u00f3 tambi\u00e9n que \u201cpensar desde la intimidad nos ha permitido conectar con lo com\u00fan, y mientras m\u00e1s \u00edntimos y honestos son nuestros relatos, encontramos mayor posibilidad de conexi\u00f3n con quienes nos escuchan o leen. Queremos reivindicar la posibilidad de sentir y atravesar nuestras emociones de una manera amable y ligera, incluso cuando estas nos resultan dif\u00edciles y desafiantes. As\u00ed, proponemos estimular el pensamiento abstracto y resaltar la importancia de desarrollar e indagar en la conciencia emocional\u201d.<\/p>\n\n\n\n<p>Son&nbsp;nueve las instrucciones. Cada una viene en forma de acorde\u00f3n en el que cada cara tiene un paso. Hay las instrucciones para encontrar la escucha, para salir de la tristeza, para despedirse, para subir monta\u00f1as, para migrar, para notar los peque\u00f1os detalles, entre otros.<\/p>\n\n\n\n<h3 class=\"wp-block-heading\">Los siguientes proyectos<\/h3>\n\n\n\n<p>El segundo de los cuatro proyectos que dan vida a la Colecci\u00f3n Infancias es \u201cSo\u00f1ar y vivir la selva: poes\u00eda desde el Yasun\u00ed\u201d, el cual gan\u00f3 una beca de Sappi, un fabricante de papel estadounidense, gestionada a trav\u00e9s de Natacha Poggio, profesora de dise\u00f1o de la Universidad de Houston quien estuvo un semestre en la UArtes como becaria del Programa Fulbright, sostuvo Zambrano. El tercer producto es uno sin t\u00edtulo definitivo a\u00fan, pero se lo menciona como &#8216;El libro del jaguar&#8217;\u201d.<\/p>\n\n\n\n<p>Zambrano adelant\u00f3 que la obra sobre el Yasun\u00ed y el bosque tropical amaz\u00f3nico es colectiva y tiene diez ilustraciones de igual n\u00famero de ilustradoras e ilustradores importantes de la literatura infantil del pa\u00eds y textos de poetas como Maritza Cino y Mar\u00eda Auxiliadora Balladares, de alumni como Yuliana Ortiz, Olmedo Guerra, Antonio Guerrero y Marieta Altamirano.<\/p>\n\n\n\n<p>En esa edici\u00f3n, la directora de la Escuela de Literatura UArtes tiene un texto, as\u00ed como Diego Mosquera, ec\u00f3logo que trabaj\u00f3 en la estaci\u00f3n de biodiversidad de Tiputini en el Yasun\u00ed y con quien vienen trabajando desde hace algunos a\u00f1os en un proyecto de educaci\u00f3n art\u00edstico ambiental.<\/p>\n\n\n\n<h3 class=\"wp-block-heading\">Antes se edit\u00f3 \u201cNishpa Nikuna\u201d<\/h3>\n\n\n\n<p>El director de UArtes Ediciones refiri\u00f3 que, aunque la Colecci\u00f3n Infancias es nueva, antes ya se hab\u00eda trabajado en un libro infantil. Su t\u00edtulo es &#8216;Nishpa Nikuna&#8217; (&#8216;Contar Contando&#8217; en kichwa) y en su contenido recoge historias de la tradici\u00f3n oral de los pueblos de la Costa ecuatoriana y los presentaba en kichwa y en espa\u00f1ol\u201d.<\/p>\n\n\n\n<p>El autor de \u201cNishpa Nikuna\u201d es el docente Pedro Mujica, de la Escuela de Literatura, y producto de un proyecto de vinculaci\u00f3n con la comunidad; su edici\u00f3n es digital, est\u00e1 colgado en una p\u00e1gina web, pero no a\u00fan publicado en impreso, anot\u00f3 Zambrano.<\/p>\n\n\n\n<p>\u201cEl compromiso para con las infancias de las editoriales universitarias de las instituciones p\u00fablicas es sacar textos que sean diferentes y no con el \u00e1nimo comercial que tienen otras editoriales. El libro del Yasun\u00ed es algo l\u00fadico hasta en su armado, pues es cosido a mano, tiene lo artesanal, no es tan industrializado\u201d, dijo.<\/p>","protected":false},"excerpt":{"rendered":"<p>Es el primero de cuatro proyectos con los que surge la nueva serie de publicaciones de UArtes Ediciones. Su director, Jos\u00e9 Miguel Cabrera, da cuenta de la g\u00e9nesis de la Colecci\u00f3n Infancias, concebida conjuntamente con Mar\u00eda Alejandra Zambrano, directora de la Escuela de Literatura, quien edit\u00f3 el libro-\u00e1lbum \u201cInstrucciones para leer el mundo\u201d, con textos de Daniela D\u00e1vila e ilustraciones de Carmen Luc\u00eda P\u00e1ez.<\/p>","protected":false},"author":10,"featured_media":45509,"comment_status":"open","ping_status":"open","sticky":false,"template":"","format":"standard","meta":{"_acf_changed":false,"_uag_custom_page_level_css":"","_monsterinsights_skip_tracking":false,"_monsterinsights_sitenote_active":false,"_monsterinsights_sitenote_note":"","_monsterinsights_sitenote_category":0,"cybocfi_hide_featured_image":"","footnotes":""},"categories":[82,77,175,79],"tags":[527],"infouartes":[],"class_list":["post-45508","post","type-post","status-publish","format-standard","has-post-thumbnail","hentry","category-artes","category-gestion","category-literatura","category-vinculo","tag-publicacion"],"acf":[],"yoast_head":"<!-- This site is optimized with the Yoast SEO plugin v27.4 - https:\/\/yoast.com\/product\/yoast-seo-wordpress\/ -->\n<title>Universidad de las Artes - Con libro-\u00e1lbum \u201cInstrucciones para leer el mundo\u201d arranca la Colecci\u00f3n Infancias de UArtes Ediciones<\/title>\n<meta name=\"description\" content=\"Universidad de las Artes - Con libro-\u00e1lbum \u201cInstrucciones para leer el mundo\u201d arranca la Colecci\u00f3n Infancias de UArtes Ediciones\" \/>\n<meta name=\"robots\" content=\"index, follow, max-snippet:-1, max-image-preview:large, max-video-preview:-1\" \/>\n<link rel=\"canonical\" href=\"https:\/\/www.uartes.edu.ec\/sitio\/en\/blog\/2023\/07\/27\/con-instrucciones-para-leer-el-mundo-arranca-la-coleccion-infancias-de-uartes-ediciones\/\" \/>\n<meta property=\"og:locale\" content=\"en_US\" \/>\n<meta property=\"og:type\" content=\"article\" \/>\n<meta property=\"og:title\" content=\"Universidad de las Artes - Con libro-\u00e1lbum \u201cInstrucciones para leer el mundo\u201d arranca la Colecci\u00f3n Infancias de UArtes Ediciones\" \/>\n<meta property=\"og:description\" content=\"Universidad de las Artes - Con libro-\u00e1lbum \u201cInstrucciones para leer el mundo\u201d arranca la Colecci\u00f3n Infancias de UArtes Ediciones\" \/>\n<meta property=\"og:url\" content=\"https:\/\/www.uartes.edu.ec\/sitio\/en\/blog\/2023\/07\/27\/con-instrucciones-para-leer-el-mundo-arranca-la-coleccion-infancias-de-uartes-ediciones\/\" \/>\n<meta property=\"og:site_name\" content=\"Universidad de las Artes\" \/>\n<meta property=\"article:publisher\" content=\"https:\/\/www.facebook.com\/uartesec\" \/>\n<meta property=\"article:published_time\" content=\"2023-07-27T23:27:20+00:00\" \/>\n<meta property=\"article:modified_time\" content=\"2024-07-04T16:20:53+00:00\" \/>\n<meta property=\"og:image\" content=\"https:\/\/www.uartes.edu.ec\/sitio\/wp-content\/uploads\/2023\/07\/INSTRUCCIONES-PARA-LEER-EL-MUNDO.jpg\" \/>\n\t<meta property=\"og:image:width\" content=\"2000\" \/>\n\t<meta property=\"og:image:height\" content=\"1333\" \/>\n\t<meta property=\"og:image:type\" content=\"image\/jpeg\" \/>\n<meta name=\"author\" content=\"ccortez\" \/>\n<meta name=\"twitter:card\" content=\"summary_large_image\" \/>\n<meta name=\"twitter:creator\" content=\"@uartesec\" \/>\n<meta name=\"twitter:site\" content=\"@uartesec\" \/>\n<meta name=\"twitter:label1\" content=\"Written by\" \/>\n\t<meta name=\"twitter:data1\" content=\"ccortez\" \/>\n\t<meta name=\"twitter:label2\" content=\"Est. reading time\" \/>\n\t<meta name=\"twitter:data2\" content=\"5 minutes\" \/>\n<script type=\"application\/ld+json\" class=\"yoast-schema-graph\">{\"@context\":\"https:\\\/\\\/schema.org\",\"@graph\":[{\"@type\":\"Article\",\"@id\":\"https:\\\/\\\/www.uartes.edu.ec\\\/sitio\\\/en\\\/blog\\\/2023\\\/07\\\/27\\\/con-instrucciones-para-leer-el-mundo-arranca-la-coleccion-infancias-de-uartes-ediciones\\\/#article\",\"isPartOf\":{\"@id\":\"https:\\\/\\\/www.uartes.edu.ec\\\/sitio\\\/en\\\/blog\\\/2023\\\/07\\\/27\\\/con-instrucciones-para-leer-el-mundo-arranca-la-coleccion-infancias-de-uartes-ediciones\\\/\"},\"author\":{\"name\":\"ccortez\",\"@id\":\"https:\\\/\\\/www.uartes.edu.ec\\\/sitio\\\/en\\\/#\\\/schema\\\/person\\\/efa1b8275797664fd7f13a79ccc0b1f4\"},\"headline\":\"Con libro-\u00e1lbum \u201cInstrucciones para leer el mundo\u201d arranca la Colecci\u00f3n Infancias de UArtes Ediciones\",\"datePublished\":\"2023-07-27T23:27:20+00:00\",\"dateModified\":\"2024-07-04T16:20:53+00:00\",\"mainEntityOfPage\":{\"@id\":\"https:\\\/\\\/www.uartes.edu.ec\\\/sitio\\\/en\\\/blog\\\/2023\\\/07\\\/27\\\/con-instrucciones-para-leer-el-mundo-arranca-la-coleccion-infancias-de-uartes-ediciones\\\/\"},\"wordCount\":1158,\"commentCount\":0,\"publisher\":{\"@id\":\"https:\\\/\\\/www.uartes.edu.ec\\\/sitio\\\/en\\\/#organization\"},\"image\":{\"@id\":\"https:\\\/\\\/www.uartes.edu.ec\\\/sitio\\\/en\\\/blog\\\/2023\\\/07\\\/27\\\/con-instrucciones-para-leer-el-mundo-arranca-la-coleccion-infancias-de-uartes-ediciones\\\/#primaryimage\"},\"thumbnailUrl\":\"https:\\\/\\\/www.uartes.edu.ec\\\/sitio\\\/wp-content\\\/uploads\\\/2023\\\/07\\\/INSTRUCCIONES-PARA-LEER-EL-MUNDO.jpg\",\"keywords\":[\"publicaci\u00f3n\"],\"articleSection\":[\"Artes\",\"Gesti\u00f3n\",\"Literatura\",\"V\u00ednculo\"],\"inLanguage\":\"en-US\",\"potentialAction\":[{\"@type\":\"CommentAction\",\"name\":\"Comment\",\"target\":[\"https:\\\/\\\/www.uartes.edu.ec\\\/sitio\\\/en\\\/blog\\\/2023\\\/07\\\/27\\\/con-instrucciones-para-leer-el-mundo-arranca-la-coleccion-infancias-de-uartes-ediciones\\\/#respond\"]}]},{\"@type\":[\"WebPage\",\"ItemPage\"],\"@id\":\"https:\\\/\\\/www.uartes.edu.ec\\\/sitio\\\/en\\\/blog\\\/2023\\\/07\\\/27\\\/con-instrucciones-para-leer-el-mundo-arranca-la-coleccion-infancias-de-uartes-ediciones\\\/\",\"url\":\"https:\\\/\\\/www.uartes.edu.ec\\\/sitio\\\/en\\\/blog\\\/2023\\\/07\\\/27\\\/con-instrucciones-para-leer-el-mundo-arranca-la-coleccion-infancias-de-uartes-ediciones\\\/\",\"name\":\"Universidad de las Artes - Con libro-\u00e1lbum \u201cInstrucciones para leer el mundo\u201d arranca la Colecci\u00f3n Infancias de UArtes Ediciones\",\"isPartOf\":{\"@id\":\"https:\\\/\\\/www.uartes.edu.ec\\\/sitio\\\/en\\\/#website\"},\"primaryImageOfPage\":{\"@id\":\"https:\\\/\\\/www.uartes.edu.ec\\\/sitio\\\/en\\\/blog\\\/2023\\\/07\\\/27\\\/con-instrucciones-para-leer-el-mundo-arranca-la-coleccion-infancias-de-uartes-ediciones\\\/#primaryimage\"},\"image\":{\"@id\":\"https:\\\/\\\/www.uartes.edu.ec\\\/sitio\\\/en\\\/blog\\\/2023\\\/07\\\/27\\\/con-instrucciones-para-leer-el-mundo-arranca-la-coleccion-infancias-de-uartes-ediciones\\\/#primaryimage\"},\"thumbnailUrl\":\"https:\\\/\\\/www.uartes.edu.ec\\\/sitio\\\/wp-content\\\/uploads\\\/2023\\\/07\\\/INSTRUCCIONES-PARA-LEER-EL-MUNDO.jpg\",\"datePublished\":\"2023-07-27T23:27:20+00:00\",\"dateModified\":\"2024-07-04T16:20:53+00:00\",\"description\":\"Universidad de las Artes - Con libro-\u00e1lbum \u201cInstrucciones para leer el mundo\u201d arranca la Colecci\u00f3n Infancias de UArtes Ediciones\",\"breadcrumb\":{\"@id\":\"https:\\\/\\\/www.uartes.edu.ec\\\/sitio\\\/en\\\/blog\\\/2023\\\/07\\\/27\\\/con-instrucciones-para-leer-el-mundo-arranca-la-coleccion-infancias-de-uartes-ediciones\\\/#breadcrumb\"},\"inLanguage\":\"en-US\",\"potentialAction\":[{\"@type\":\"ReadAction\",\"target\":[\"https:\\\/\\\/www.uartes.edu.ec\\\/sitio\\\/en\\\/blog\\\/2023\\\/07\\\/27\\\/con-instrucciones-para-leer-el-mundo-arranca-la-coleccion-infancias-de-uartes-ediciones\\\/\"]}]},{\"@type\":\"ImageObject\",\"inLanguage\":\"en-US\",\"@id\":\"https:\\\/\\\/www.uartes.edu.ec\\\/sitio\\\/en\\\/blog\\\/2023\\\/07\\\/27\\\/con-instrucciones-para-leer-el-mundo-arranca-la-coleccion-infancias-de-uartes-ediciones\\\/#primaryimage\",\"url\":\"https:\\\/\\\/www.uartes.edu.ec\\\/sitio\\\/wp-content\\\/uploads\\\/2023\\\/07\\\/INSTRUCCIONES-PARA-LEER-EL-MUNDO.jpg\",\"contentUrl\":\"https:\\\/\\\/www.uartes.edu.ec\\\/sitio\\\/wp-content\\\/uploads\\\/2023\\\/07\\\/INSTRUCCIONES-PARA-LEER-EL-MUNDO.jpg\",\"width\":2000,\"height\":1333},{\"@type\":\"BreadcrumbList\",\"@id\":\"https:\\\/\\\/www.uartes.edu.ec\\\/sitio\\\/en\\\/blog\\\/2023\\\/07\\\/27\\\/con-instrucciones-para-leer-el-mundo-arranca-la-coleccion-infancias-de-uartes-ediciones\\\/#breadcrumb\",\"itemListElement\":[{\"@type\":\"ListItem\",\"position\":1,\"name\":\"Inicio\",\"item\":\"https:\\\/\\\/www.uartes.edu.ec\\\/sitio\\\/\"},{\"@type\":\"ListItem\",\"position\":2,\"name\":\"Con libro-\u00e1lbum \u201cInstrucciones para leer el mundo\u201d arranca la Colecci\u00f3n Infancias de UArtes Ediciones\"}]},{\"@type\":\"WebSite\",\"@id\":\"https:\\\/\\\/www.uartes.edu.ec\\\/sitio\\\/en\\\/#website\",\"url\":\"https:\\\/\\\/www.uartes.edu.ec\\\/sitio\\\/en\\\/\",\"name\":\"Universidad de las Artes\",\"description\":\"Sitio oficial de la Universidad Nacional de las Artes del Ecuador\",\"publisher\":{\"@id\":\"https:\\\/\\\/www.uartes.edu.ec\\\/sitio\\\/en\\\/#organization\"},\"potentialAction\":[{\"@type\":\"SearchAction\",\"target\":{\"@type\":\"EntryPoint\",\"urlTemplate\":\"https:\\\/\\\/www.uartes.edu.ec\\\/sitio\\\/en\\\/?s={search_term_string}\"},\"query-input\":{\"@type\":\"PropertyValueSpecification\",\"valueRequired\":true,\"valueName\":\"search_term_string\"}}],\"inLanguage\":\"en-US\"},{\"@type\":\"Organization\",\"@id\":\"https:\\\/\\\/www.uartes.edu.ec\\\/sitio\\\/en\\\/#organization\",\"name\":\"Universidad de las Artes\",\"url\":\"https:\\\/\\\/www.uartes.edu.ec\\\/sitio\\\/en\\\/\",\"logo\":{\"@type\":\"ImageObject\",\"inLanguage\":\"en-US\",\"@id\":\"https:\\\/\\\/www.uartes.edu.ec\\\/sitio\\\/en\\\/#\\\/schema\\\/logo\\\/image\\\/\",\"url\":\"https:\\\/\\\/www.uartes.edu.ec\\\/sitio\\\/wp-content\\\/uploads\\\/2022\\\/07\\\/logo-ua-horizontal.png\",\"contentUrl\":\"https:\\\/\\\/www.uartes.edu.ec\\\/sitio\\\/wp-content\\\/uploads\\\/2022\\\/07\\\/logo-ua-horizontal.png\",\"width\":800,\"height\":276,\"caption\":\"Universidad de las Artes\"},\"image\":{\"@id\":\"https:\\\/\\\/www.uartes.edu.ec\\\/sitio\\\/en\\\/#\\\/schema\\\/logo\\\/image\\\/\"},\"sameAs\":[\"https:\\\/\\\/www.facebook.com\\\/uartesec\",\"https:\\\/\\\/x.com\\\/uartesec\",\"https:\\\/\\\/www.tiktok.com\\\/@uartesec\"]},{\"@type\":\"Person\",\"@id\":\"https:\\\/\\\/www.uartes.edu.ec\\\/sitio\\\/en\\\/#\\\/schema\\\/person\\\/efa1b8275797664fd7f13a79ccc0b1f4\",\"name\":\"ccortez\",\"image\":{\"@type\":\"ImageObject\",\"inLanguage\":\"en-US\",\"@id\":\"https:\\\/\\\/secure.gravatar.com\\\/avatar\\\/b2a6f664a3ae8e074346ef91775736c5ec479e637ecced6842de9dc98b5da9cd?s=96&d=mm&r=g\",\"url\":\"https:\\\/\\\/secure.gravatar.com\\\/avatar\\\/b2a6f664a3ae8e074346ef91775736c5ec479e637ecced6842de9dc98b5da9cd?s=96&d=mm&r=g\",\"contentUrl\":\"https:\\\/\\\/secure.gravatar.com\\\/avatar\\\/b2a6f664a3ae8e074346ef91775736c5ec479e637ecced6842de9dc98b5da9cd?s=96&d=mm&r=g\",\"caption\":\"ccortez\"},\"url\":\"https:\\\/\\\/www.uartes.edu.ec\\\/sitio\\\/en\\\/blog\\\/author\\\/ccortez\\\/\"}]}<\/script>\n<!-- \/ Yoast SEO plugin. -->","yoast_head_json":{"title":"Universidad de las Artes - Con libro-\u00e1lbum \u201cInstrucciones para leer el mundo\u201d arranca la Colecci\u00f3n Infancias de UArtes Ediciones","description":"Universidad de las Artes - Con libro-\u00e1lbum \u201cInstrucciones para leer el mundo\u201d arranca la Colecci\u00f3n Infancias de UArtes Ediciones","robots":{"index":"index","follow":"follow","max-snippet":"max-snippet:-1","max-image-preview":"max-image-preview:large","max-video-preview":"max-video-preview:-1"},"canonical":"https:\/\/www.uartes.edu.ec\/sitio\/en\/blog\/2023\/07\/27\/con-instrucciones-para-leer-el-mundo-arranca-la-coleccion-infancias-de-uartes-ediciones\/","og_locale":"en_US","og_type":"article","og_title":"Universidad de las Artes - Con libro-\u00e1lbum \u201cInstrucciones para leer el mundo\u201d arranca la Colecci\u00f3n Infancias de UArtes Ediciones","og_description":"Universidad de las Artes - Con libro-\u00e1lbum \u201cInstrucciones para leer el mundo\u201d arranca la Colecci\u00f3n Infancias de UArtes Ediciones","og_url":"https:\/\/www.uartes.edu.ec\/sitio\/en\/blog\/2023\/07\/27\/con-instrucciones-para-leer-el-mundo-arranca-la-coleccion-infancias-de-uartes-ediciones\/","og_site_name":"Universidad de las Artes","article_publisher":"https:\/\/www.facebook.com\/uartesec","article_published_time":"2023-07-27T23:27:20+00:00","article_modified_time":"2024-07-04T16:20:53+00:00","og_image":[{"width":2000,"height":1333,"url":"https:\/\/www.uartes.edu.ec\/sitio\/wp-content\/uploads\/2023\/07\/INSTRUCCIONES-PARA-LEER-EL-MUNDO.jpg","type":"image\/jpeg"}],"author":"ccortez","twitter_card":"summary_large_image","twitter_creator":"@uartesec","twitter_site":"@uartesec","twitter_misc":{"Written by":"ccortez","Est. reading time":"5 minutes"},"schema":{"@context":"https:\/\/schema.org","@graph":[{"@type":"Article","@id":"https:\/\/www.uartes.edu.ec\/sitio\/en\/blog\/2023\/07\/27\/con-instrucciones-para-leer-el-mundo-arranca-la-coleccion-infancias-de-uartes-ediciones\/#article","isPartOf":{"@id":"https:\/\/www.uartes.edu.ec\/sitio\/en\/blog\/2023\/07\/27\/con-instrucciones-para-leer-el-mundo-arranca-la-coleccion-infancias-de-uartes-ediciones\/"},"author":{"name":"ccortez","@id":"https:\/\/www.uartes.edu.ec\/sitio\/en\/#\/schema\/person\/efa1b8275797664fd7f13a79ccc0b1f4"},"headline":"Con libro-\u00e1lbum \u201cInstrucciones para leer el mundo\u201d arranca la Colecci\u00f3n Infancias de UArtes Ediciones","datePublished":"2023-07-27T23:27:20+00:00","dateModified":"2024-07-04T16:20:53+00:00","mainEntityOfPage":{"@id":"https:\/\/www.uartes.edu.ec\/sitio\/en\/blog\/2023\/07\/27\/con-instrucciones-para-leer-el-mundo-arranca-la-coleccion-infancias-de-uartes-ediciones\/"},"wordCount":1158,"commentCount":0,"publisher":{"@id":"https:\/\/www.uartes.edu.ec\/sitio\/en\/#organization"},"image":{"@id":"https:\/\/www.uartes.edu.ec\/sitio\/en\/blog\/2023\/07\/27\/con-instrucciones-para-leer-el-mundo-arranca-la-coleccion-infancias-de-uartes-ediciones\/#primaryimage"},"thumbnailUrl":"https:\/\/www.uartes.edu.ec\/sitio\/wp-content\/uploads\/2023\/07\/INSTRUCCIONES-PARA-LEER-EL-MUNDO.jpg","keywords":["publicaci\u00f3n"],"articleSection":["Artes","Gesti\u00f3n","Literatura","V\u00ednculo"],"inLanguage":"en-US","potentialAction":[{"@type":"CommentAction","name":"Comment","target":["https:\/\/www.uartes.edu.ec\/sitio\/en\/blog\/2023\/07\/27\/con-instrucciones-para-leer-el-mundo-arranca-la-coleccion-infancias-de-uartes-ediciones\/#respond"]}]},{"@type":["WebPage","ItemPage"],"@id":"https:\/\/www.uartes.edu.ec\/sitio\/en\/blog\/2023\/07\/27\/con-instrucciones-para-leer-el-mundo-arranca-la-coleccion-infancias-de-uartes-ediciones\/","url":"https:\/\/www.uartes.edu.ec\/sitio\/en\/blog\/2023\/07\/27\/con-instrucciones-para-leer-el-mundo-arranca-la-coleccion-infancias-de-uartes-ediciones\/","name":"Universidad de las Artes - Con libro-\u00e1lbum \u201cInstrucciones para leer el mundo\u201d arranca la Colecci\u00f3n Infancias de UArtes Ediciones","isPartOf":{"@id":"https:\/\/www.uartes.edu.ec\/sitio\/en\/#website"},"primaryImageOfPage":{"@id":"https:\/\/www.uartes.edu.ec\/sitio\/en\/blog\/2023\/07\/27\/con-instrucciones-para-leer-el-mundo-arranca-la-coleccion-infancias-de-uartes-ediciones\/#primaryimage"},"image":{"@id":"https:\/\/www.uartes.edu.ec\/sitio\/en\/blog\/2023\/07\/27\/con-instrucciones-para-leer-el-mundo-arranca-la-coleccion-infancias-de-uartes-ediciones\/#primaryimage"},"thumbnailUrl":"https:\/\/www.uartes.edu.ec\/sitio\/wp-content\/uploads\/2023\/07\/INSTRUCCIONES-PARA-LEER-EL-MUNDO.jpg","datePublished":"2023-07-27T23:27:20+00:00","dateModified":"2024-07-04T16:20:53+00:00","description":"Universidad de las Artes - Con libro-\u00e1lbum \u201cInstrucciones para leer el mundo\u201d arranca la Colecci\u00f3n Infancias de UArtes Ediciones","breadcrumb":{"@id":"https:\/\/www.uartes.edu.ec\/sitio\/en\/blog\/2023\/07\/27\/con-instrucciones-para-leer-el-mundo-arranca-la-coleccion-infancias-de-uartes-ediciones\/#breadcrumb"},"inLanguage":"en-US","potentialAction":[{"@type":"ReadAction","target":["https:\/\/www.uartes.edu.ec\/sitio\/en\/blog\/2023\/07\/27\/con-instrucciones-para-leer-el-mundo-arranca-la-coleccion-infancias-de-uartes-ediciones\/"]}]},{"@type":"ImageObject","inLanguage":"en-US","@id":"https:\/\/www.uartes.edu.ec\/sitio\/en\/blog\/2023\/07\/27\/con-instrucciones-para-leer-el-mundo-arranca-la-coleccion-infancias-de-uartes-ediciones\/#primaryimage","url":"https:\/\/www.uartes.edu.ec\/sitio\/wp-content\/uploads\/2023\/07\/INSTRUCCIONES-PARA-LEER-EL-MUNDO.jpg","contentUrl":"https:\/\/www.uartes.edu.ec\/sitio\/wp-content\/uploads\/2023\/07\/INSTRUCCIONES-PARA-LEER-EL-MUNDO.jpg","width":2000,"height":1333},{"@type":"BreadcrumbList","@id":"https:\/\/www.uartes.edu.ec\/sitio\/en\/blog\/2023\/07\/27\/con-instrucciones-para-leer-el-mundo-arranca-la-coleccion-infancias-de-uartes-ediciones\/#breadcrumb","itemListElement":[{"@type":"ListItem","position":1,"name":"Inicio","item":"https:\/\/www.uartes.edu.ec\/sitio\/"},{"@type":"ListItem","position":2,"name":"Con libro-\u00e1lbum \u201cInstrucciones para leer el mundo\u201d arranca la Colecci\u00f3n Infancias de UArtes Ediciones"}]},{"@type":"WebSite","@id":"https:\/\/www.uartes.edu.ec\/sitio\/en\/#website","url":"https:\/\/www.uartes.edu.ec\/sitio\/en\/","name":"Universidad de las Artes","description":"Sitio oficial de la Universidad Nacional de las Artes del Ecuador","publisher":{"@id":"https:\/\/www.uartes.edu.ec\/sitio\/en\/#organization"},"potentialAction":[{"@type":"SearchAction","target":{"@type":"EntryPoint","urlTemplate":"https:\/\/www.uartes.edu.ec\/sitio\/en\/?s={search_term_string}"},"query-input":{"@type":"PropertyValueSpecification","valueRequired":true,"valueName":"search_term_string"}}],"inLanguage":"en-US"},{"@type":"Organization","@id":"https:\/\/www.uartes.edu.ec\/sitio\/en\/#organization","name":"Universidad de las Artes","url":"https:\/\/www.uartes.edu.ec\/sitio\/en\/","logo":{"@type":"ImageObject","inLanguage":"en-US","@id":"https:\/\/www.uartes.edu.ec\/sitio\/en\/#\/schema\/logo\/image\/","url":"https:\/\/www.uartes.edu.ec\/sitio\/wp-content\/uploads\/2022\/07\/logo-ua-horizontal.png","contentUrl":"https:\/\/www.uartes.edu.ec\/sitio\/wp-content\/uploads\/2022\/07\/logo-ua-horizontal.png","width":800,"height":276,"caption":"Universidad de las Artes"},"image":{"@id":"https:\/\/www.uartes.edu.ec\/sitio\/en\/#\/schema\/logo\/image\/"},"sameAs":["https:\/\/www.facebook.com\/uartesec","https:\/\/x.com\/uartesec","https:\/\/www.tiktok.com\/@uartesec"]},{"@type":"Person","@id":"https:\/\/www.uartes.edu.ec\/sitio\/en\/#\/schema\/person\/efa1b8275797664fd7f13a79ccc0b1f4","name":"ccortez","image":{"@type":"ImageObject","inLanguage":"en-US","@id":"https:\/\/secure.gravatar.com\/avatar\/b2a6f664a3ae8e074346ef91775736c5ec479e637ecced6842de9dc98b5da9cd?s=96&d=mm&r=g","url":"https:\/\/secure.gravatar.com\/avatar\/b2a6f664a3ae8e074346ef91775736c5ec479e637ecced6842de9dc98b5da9cd?s=96&d=mm&r=g","contentUrl":"https:\/\/secure.gravatar.com\/avatar\/b2a6f664a3ae8e074346ef91775736c5ec479e637ecced6842de9dc98b5da9cd?s=96&d=mm&r=g","caption":"ccortez"},"url":"https:\/\/www.uartes.edu.ec\/sitio\/en\/blog\/author\/ccortez\/"}]}},"uagb_featured_image_src":{"full":["https:\/\/www.uartes.edu.ec\/sitio\/wp-content\/uploads\/2023\/07\/INSTRUCCIONES-PARA-LEER-EL-MUNDO.jpg",2000,1333,false],"thumbnail":["https:\/\/www.uartes.edu.ec\/sitio\/wp-content\/uploads\/2023\/07\/INSTRUCCIONES-PARA-LEER-EL-MUNDO-150x150.jpg",150,150,true],"medium":["https:\/\/www.uartes.edu.ec\/sitio\/wp-content\/uploads\/2023\/07\/INSTRUCCIONES-PARA-LEER-EL-MUNDO-300x200.jpg",300,200,true],"medium_large":["https:\/\/www.uartes.edu.ec\/sitio\/wp-content\/uploads\/2023\/07\/INSTRUCCIONES-PARA-LEER-EL-MUNDO-768x512.jpg",768,512,true],"large":["https:\/\/www.uartes.edu.ec\/sitio\/wp-content\/uploads\/2023\/07\/INSTRUCCIONES-PARA-LEER-EL-MUNDO-644x429.jpg",644,429,true],"1536x1536":["https:\/\/www.uartes.edu.ec\/sitio\/wp-content\/uploads\/2023\/07\/INSTRUCCIONES-PARA-LEER-EL-MUNDO-1536x1024.jpg",1536,1024,true],"2048x2048":["https:\/\/www.uartes.edu.ec\/sitio\/wp-content\/uploads\/2023\/07\/INSTRUCCIONES-PARA-LEER-EL-MUNDO.jpg",2000,1333,false],"trp-custom-language-flag":["https:\/\/www.uartes.edu.ec\/sitio\/wp-content\/uploads\/2023\/07\/INSTRUCCIONES-PARA-LEER-EL-MUNDO.jpg",18,12,false],"htmega_size_585x295":["https:\/\/www.uartes.edu.ec\/sitio\/wp-content\/uploads\/2023\/07\/INSTRUCCIONES-PARA-LEER-EL-MUNDO-585x295.jpg",585,295,true],"htmega_size_1170x536":["https:\/\/www.uartes.edu.ec\/sitio\/wp-content\/uploads\/2023\/07\/INSTRUCCIONES-PARA-LEER-EL-MUNDO-1170x536.jpg",1170,536,true],"htmega_size_396x360":["https:\/\/www.uartes.edu.ec\/sitio\/wp-content\/uploads\/2023\/07\/INSTRUCCIONES-PARA-LEER-EL-MUNDO-396x360.jpg",396,360,true],"gb-block-post-grid-landscape":["https:\/\/www.uartes.edu.ec\/sitio\/wp-content\/uploads\/2023\/07\/INSTRUCCIONES-PARA-LEER-EL-MUNDO-600x400.jpg",600,400,true],"gb-block-post-grid-square":["https:\/\/www.uartes.edu.ec\/sitio\/wp-content\/uploads\/2023\/07\/INSTRUCCIONES-PARA-LEER-EL-MUNDO-600x600.jpg",600,600,true],"university-hub-thumb":["https:\/\/www.uartes.edu.ec\/sitio\/wp-content\/uploads\/2023\/07\/INSTRUCCIONES-PARA-LEER-EL-MUNDO-400x267.jpg",400,267,true],"mailpoet_newsletter_max":["https:\/\/www.uartes.edu.ec\/sitio\/wp-content\/uploads\/2023\/07\/INSTRUCCIONES-PARA-LEER-EL-MUNDO.jpg",1320,880,false]},"uagb_author_info":{"display_name":"ccortez","author_link":"https:\/\/www.uartes.edu.ec\/sitio\/en\/blog\/author\/ccortez\/"},"uagb_comment_info":0,"uagb_excerpt":"Es el primero de cuatro proyectos con los que surge la nueva serie de publicaciones de UArtes Ediciones. Su director, Jos\u00e9 Miguel Cabrera, da cuenta de la g\u00e9nesis de la Colecci\u00f3n Infancias, concebida conjuntamente con Mar\u00eda Alejandra Zambrano, directora de la Escuela de Literatura, quien edit\u00f3 el libro-\u00e1lbum \u201cInstrucciones para leer el mundo\u201d, con textos&hellip;","featured_image_src":"https:\/\/www.uartes.edu.ec\/sitio\/wp-content\/uploads\/2023\/07\/INSTRUCCIONES-PARA-LEER-EL-MUNDO-600x400.jpg","featured_image_src_square":"https:\/\/www.uartes.edu.ec\/sitio\/wp-content\/uploads\/2023\/07\/INSTRUCCIONES-PARA-LEER-EL-MUNDO-600x600.jpg","author_info":{"display_name":"ccortez","author_link":"https:\/\/www.uartes.edu.ec\/sitio\/en\/blog\/author\/ccortez\/"},"publishpress_future_workflow_manual_trigger":{"enabledWorkflows":[]},"distributor_meta":false,"distributor_terms":false,"distributor_media":false,"distributor_original_site_name":"Universidad de las Artes","distributor_original_site_url":"https:\/\/www.uartes.edu.ec\/sitio\/en","push-errors":false,"_links":{"self":[{"href":"https:\/\/www.uartes.edu.ec\/sitio\/en\/wp-json\/wp\/v2\/posts\/45508","targetHints":{"allow":["GET"]}}],"collection":[{"href":"https:\/\/www.uartes.edu.ec\/sitio\/en\/wp-json\/wp\/v2\/posts"}],"about":[{"href":"https:\/\/www.uartes.edu.ec\/sitio\/en\/wp-json\/wp\/v2\/types\/post"}],"author":[{"embeddable":true,"href":"https:\/\/www.uartes.edu.ec\/sitio\/en\/wp-json\/wp\/v2\/users\/10"}],"replies":[{"embeddable":true,"href":"https:\/\/www.uartes.edu.ec\/sitio\/en\/wp-json\/wp\/v2\/comments?post=45508"}],"version-history":[{"count":2,"href":"https:\/\/www.uartes.edu.ec\/sitio\/en\/wp-json\/wp\/v2\/posts\/45508\/revisions"}],"predecessor-version":[{"id":45514,"href":"https:\/\/www.uartes.edu.ec\/sitio\/en\/wp-json\/wp\/v2\/posts\/45508\/revisions\/45514"}],"wp:featuredmedia":[{"embeddable":true,"href":"https:\/\/www.uartes.edu.ec\/sitio\/en\/wp-json\/wp\/v2\/media\/45509"}],"wp:attachment":[{"href":"https:\/\/www.uartes.edu.ec\/sitio\/en\/wp-json\/wp\/v2\/media?parent=45508"}],"wp:term":[{"taxonomy":"category","embeddable":true,"href":"https:\/\/www.uartes.edu.ec\/sitio\/en\/wp-json\/wp\/v2\/categories?post=45508"},{"taxonomy":"post_tag","embeddable":true,"href":"https:\/\/www.uartes.edu.ec\/sitio\/en\/wp-json\/wp\/v2\/tags?post=45508"},{"taxonomy":"infouartes","embeddable":true,"href":"https:\/\/www.uartes.edu.ec\/sitio\/en\/wp-json\/wp\/v2\/infouartes?post=45508"}],"curies":[{"name":"wp","href":"https:\/\/api.w.org\/{rel}","templated":true}]}}