{"id":45517,"date":"2023-07-31T18:48:53","date_gmt":"2023-07-31T23:48:53","guid":{"rendered":"https:\/\/www.uartes.edu.ec\/sitio\/?p=45517"},"modified":"2024-07-04T11:20:52","modified_gmt":"2024-07-04T16:20:52","slug":"felipe-moreno-de-la-universidad-ean-de-colombia-cumple-estancia-en-ilia-por-proyecto-de-investigacion","status":"publish","type":"post","link":"https:\/\/www.uartes.edu.ec\/sitio\/en\/blog\/2023\/07\/31\/felipe-moreno-de-la-universidad-ean-de-colombia-cumple-estancia-en-ilia-por-proyecto-de-investigacion\/","title":{"rendered":"Felipe Moreno, de la Universidad EAN de Colombia, cumple estancia en el ILIA por proyecto de investigaci\u00f3n"},"content":{"rendered":"<p>En la Universidad EAN, Felipe Moreno cursa el s\u00e9ptimo de ocho semestres del Programa de Estudios y Gesti\u00f3n de la Cultura. Desde junio pasado \u00e9l se encuentra en la Universidad de las Artes realizando una estancia en el Instituto Latinoamericano de Investigaci\u00f3n en Artes (ILIA), donde participa junto a otros investigadores de la IES colombiana en un proyecto vigente.<\/p>\n\n\n\n<p>Su presencia y participaci\u00f3n en el ILIA es posible por los dos convenios que la UArtes&nbsp;mantiene con la Universidad EAN, ambos de cooperaci\u00f3n interinstitucional. El primero, suscrito en agosto de 2022, para generar proyectos y actividades acad\u00e9micas, de investigaci\u00f3n, producci\u00f3n, difusi\u00f3n e innovaci\u00f3n.&nbsp;El segundo, firmado en enero 2023, para la investigaci\u00f3n aplicada en temas de pol\u00edticas y econom\u00eda para la cultura.<\/p>\n\n\n\n<p>El prop\u00f3sito del segundo convenio es promover el an\u00e1lisis, el debate y la divulgaci\u00f3n de informaci\u00f3n estad\u00edstica relevante, as\u00ed como indicadores cuantitativos y cualitativos que sirvan de sustento para la creaci\u00f3n de pol\u00edticas p\u00fablicas enfocadas al desarrollo de actividades art\u00edsticas, culturales y creativas en Colombia y Ecuador.<\/p>\n\n\n\n<p>Acerca de su estancia en el ILIA, Moreno revel\u00f3 su inter\u00e9s por realizar un intercambio acad\u00e9mico para seguir cursando materias o hacer sus practicas profesionales en un escenario internacional. El profesor Jos\u00e9 Luis Ni\u00f1o, de la Universidad EAN, lo guio en la b\u00fasqueda de algunas instituciones con las que existieran convenios y estuvieran adelantando investigaciones en temas relacionados a la internacionalizaci\u00f3n de territorios, cultura y econom\u00eda.<\/p>\n\n\n\n<p>Moreno confes\u00f3 que de nuestra instituci\u00f3n no sab\u00eda mucho; sin embargo, al conocer el estado pol\u00edtico del Ecuador, el contexto del Municipio de Guayaquil, los term\u00f3metros del Observatorio de Pol\u00edticas y Econom\u00eda de la Cultura junto a mayor informaci\u00f3n de la UArtes se anim\u00f3 a venir.<\/p>\n\n\n<div class=\"wp-block-image\">\n<figure class=\"aligncenter size-large\"><img fetchpriority=\"high\" decoding=\"async\" width=\"644\" height=\"429\" src=\"https:\/\/www.uartes.edu.ec\/sitio\/wp-content\/uploads\/2023\/07\/04-FELIPE-MORENO-EAN-COLOMBIA-644x429.jpg\" alt=\"\" class=\"wp-image-45519\" srcset=\"https:\/\/www.uartes.edu.ec\/sitio\/wp-content\/uploads\/2023\/07\/04-FELIPE-MORENO-EAN-COLOMBIA-644x429.jpg 644w, https:\/\/www.uartes.edu.ec\/sitio\/wp-content\/uploads\/2023\/07\/04-FELIPE-MORENO-EAN-COLOMBIA-768x511.jpg 768w, https:\/\/www.uartes.edu.ec\/sitio\/wp-content\/uploads\/2023\/07\/04-FELIPE-MORENO-EAN-COLOMBIA.jpg 2000w, https:\/\/www.uartes.edu.ec\/sitio\/wp-content\/uploads\/2023\/07\/04-FELIPE-MORENO-EAN-COLOMBIA-600x399.jpg 600w, https:\/\/www.uartes.edu.ec\/sitio\/wp-content\/uploads\/2023\/07\/04-FELIPE-MORENO-EAN-COLOMBIA-272x182.jpg 272w\" sizes=\"(max-width: 644px) 100vw, 644px\" \/><\/figure>\n<\/div>\n\n\n<p>Al siguiente d\u00eda de su arribo, Moreno recorri\u00f3 con el equipo de Relaciones Internacionales las sedes de la universidad; su primera actividad como colaborador del ILIA fue apoyar al desarrollo del III Encuentro de Pol\u00edticas y Econom\u00eda de la Cultura, una gran oportunidad para conocer a la comunidad universitaria y a los invitados de la cita, as\u00ed como del Sistema Nacional de Cultura del Ecuador, las instituciones culturales de orden p\u00fablico y privado y algunas iniciativas independientes relacionadas con m\u00fasica, artes esc\u00e9nicas, artes pl\u00e1sticas, teatro, museos, etc.<\/p>\n\n\n\n<p>De la UArtes llam\u00f3 mucho su atenci\u00f3n la infraestructura \u201cy los diferentes ejes misionales, mecanismos de investigaci\u00f3n y programa de vinculaci\u00f3n con la comunidad. Del funcionamiento del ILIA he estado gratamente sorprendido de sus alcances, cada d\u00eda aprendo m\u00e1s de la dimensi\u00f3n y del impacto de la labor que realiza como nodo para el desarrollo y creaci\u00f3n de pensamiento cultural en Guayaquil\u201d.<\/p>\n\n\n\n<p>En nuestra instituci\u00f3n de educaci\u00f3n superior, Moreno y el docente Jos\u00e9 Luis Ni\u00f1o, quien dirige el grupo de investigaci\u00f3n Pol\u00edtica y Sostenibilidad, vieron una gran plataforma \u201cpara recibir una transferencia de metodolog\u00eda para implementar un instrumento de investigaci\u00f3n que permita el an\u00e1lisis de datos y variables relacionados a las condiciones laborales de los trabajadores del arte y de la cultura a nivel nacional. Una iniciativa, apoyada y proyectada por la Universidad EAN\u201d.<\/p>\n\n\n\n<p>Moreno explic\u00f3 que el desarrollo de la transferencia y aplicaci\u00f3n del instrumento se efectuar\u00e1 en cooperaci\u00f3n con los dem\u00e1s estudiantes del Seminario de Investigaci\u00f3n del semestre 2023-2 del Programa de Estudios y Gesti\u00f3n de la Cultura. \u201cSe han designado dos grupos para hacer la aplicaci\u00f3n. Uno desarrollar\u00e1 y aplicar\u00e1 el mecanismo para el sector de las artes esc\u00e9nicas. El otro har\u00e1 lo mismo, pero para el sector de la m\u00fasica\u201d.<\/p>\n\n\n\n<p>Su estancia en la UArtes, agreg\u00f3, posibilitar\u00e1 ampliar los detalles del proceso de convocatoria, difusi\u00f3n y aplicaci\u00f3n. \u201cEsto permitir\u00e1 una mayor celeridad y la reducci\u00f3n de posibilidades de cometer errores en el desarrollo de la aplicaci\u00f3n\u201d.<\/p>\n\n\n\n<p>Es uno de los primeros estudios de investigaci\u00f3n a nivel nacional a desarrollar con base en el estado de las condiciones laborales de los trabajadores de las artes y la cultura en Colombia. Se espera obtener una informaci\u00f3n lo suficientemente consolidada como para fomentar la investigaci\u00f3n y el an\u00e1lisis de datos para caracterizar las necesidades del sector y en la misma medida formalizar y ampliar las posibilidades de mejorar sus din\u00e1micas en el futuro, precis\u00f3.<\/p>\n\n\n\n<p>\u201cEl progreso del instrumento ser\u00e1 desarrollado en diferentes etapas, para lo cual necesitaremos de la creaci\u00f3n de alianzas con sociedades de gesti\u00f3n colectiva, los diferentes clusters de m\u00fasica del pa\u00eds, la Confec\u00e1maras (Confederaci\u00f3n Colombiana de C\u00e1maras de Comercio), los ministerios de Cultura y Trabajo de Colombia, entre otras entidades, gremios y asociaciones que permitan dar una gran difusi\u00f3n a la encuesta para recopilar la mayor cantidad de datos posibles\u201d.<\/p>\n\n\n\n<p>Se espera que la encuesta este dispuesta para agosto y pueda ser diligenciada por artistas y agentes del sector durante ese mes y septiembre. \u201cUna vez cierre la etapa de recolecci\u00f3n de datos, se entregar\u00e1 un primer an\u00e1lisis durante el Congreso de Econom\u00eda Creativa que se efectuar\u00e1 en la Universidad EAN en octubre\u201d, dijo.<\/p>","protected":false},"excerpt":{"rendered":"<p>La UArtes y la IES colombiana mantienen convenios de cooperaci\u00f3n que le posibilitaron al estudiante venir para conocer de la metodolog\u00eda utilizada por nuestro Observatorio, en el desarrollo de la encuesta nacional por cuyos resultados se pudieron determinar las condiciones laborales de los trabajadores de la cultura. Este instrumento de investigaci\u00f3n pondr\u00e1 en pr\u00e1ctica en su pa\u00eds.<\/p>","protected":false},"author":10,"featured_media":45518,"comment_status":"open","ping_status":"open","sticky":false,"template":"","format":"standard","meta":{"_acf_changed":false,"_uag_custom_page_level_css":"","_monsterinsights_skip_tracking":false,"_monsterinsights_sitenote_active":false,"_monsterinsights_sitenote_note":"","_monsterinsights_sitenote_category":0,"cybocfi_hide_featured_image":"","footnotes":""},"categories":[80,82,76,77,284,79],"tags":[978],"infouartes":[],"class_list":["post-45517","post","type-post","status-publish","format-standard","has-post-thumbnail","hentry","category-academico","category-artes","category-estudiantes","category-gestion","category-investigacion","category-vinculo","tag-intercambio"],"acf":[],"yoast_head":"<!-- This site is optimized with the Yoast SEO plugin v27.4 - https:\/\/yoast.com\/product\/yoast-seo-wordpress\/ -->\n<title>Universidad de las Artes - Felipe Moreno, de la Universidad EAN de Colombia, cumple estancia en el ILIA por proyecto de investigaci\u00f3n<\/title>\n<meta name=\"description\" content=\"Universidad de las Artes - Felipe Moreno, de la Universidad EAN de Colombia, cumple estancia en el ILIA por proyecto de investigaci\u00f3n\" \/>\n<meta name=\"robots\" content=\"index, follow, max-snippet:-1, max-image-preview:large, max-video-preview:-1\" \/>\n<link rel=\"canonical\" href=\"https:\/\/www.uartes.edu.ec\/sitio\/en\/blog\/2023\/07\/31\/felipe-moreno-de-la-universidad-ean-de-colombia-cumple-estancia-en-ilia-por-proyecto-de-investigacion\/\" \/>\n<meta property=\"og:locale\" content=\"en_US\" \/>\n<meta property=\"og:type\" content=\"article\" \/>\n<meta property=\"og:title\" content=\"Universidad de las Artes - Felipe Moreno, de la Universidad EAN de Colombia, cumple estancia en el ILIA por proyecto de investigaci\u00f3n\" \/>\n<meta property=\"og:description\" content=\"Universidad de las Artes - Felipe Moreno, de la Universidad EAN de Colombia, cumple estancia en el ILIA por proyecto de investigaci\u00f3n\" \/>\n<meta property=\"og:url\" content=\"https:\/\/www.uartes.edu.ec\/sitio\/en\/blog\/2023\/07\/31\/felipe-moreno-de-la-universidad-ean-de-colombia-cumple-estancia-en-ilia-por-proyecto-de-investigacion\/\" \/>\n<meta property=\"og:site_name\" content=\"Universidad de las Artes\" \/>\n<meta property=\"article:publisher\" content=\"https:\/\/www.facebook.com\/uartesec\" \/>\n<meta property=\"article:published_time\" content=\"2023-07-31T23:48:53+00:00\" \/>\n<meta property=\"article:modified_time\" content=\"2024-07-04T16:20:52+00:00\" \/>\n<meta property=\"og:image\" content=\"https:\/\/www.uartes.edu.ec\/sitio\/wp-content\/uploads\/2023\/07\/03-FELIPE-MORENO-EAN-COLOMBIA-1.jpg\" \/>\n\t<meta property=\"og:image:width\" content=\"2000\" \/>\n\t<meta property=\"og:image:height\" content=\"1333\" \/>\n\t<meta property=\"og:image:type\" content=\"image\/jpeg\" \/>\n<meta name=\"author\" content=\"ccortez\" \/>\n<meta name=\"twitter:card\" content=\"summary_large_image\" \/>\n<meta name=\"twitter:creator\" content=\"@uartesec\" \/>\n<meta name=\"twitter:site\" content=\"@uartesec\" \/>\n<meta name=\"twitter:label1\" content=\"Written by\" \/>\n\t<meta name=\"twitter:data1\" content=\"ccortez\" \/>\n\t<meta name=\"twitter:label2\" content=\"Est. reading time\" \/>\n\t<meta name=\"twitter:data2\" content=\"4 minutes\" \/>\n<script type=\"application\/ld+json\" class=\"yoast-schema-graph\">{\"@context\":\"https:\\\/\\\/schema.org\",\"@graph\":[{\"@type\":\"Article\",\"@id\":\"https:\\\/\\\/www.uartes.edu.ec\\\/sitio\\\/en\\\/blog\\\/2023\\\/07\\\/31\\\/felipe-moreno-de-la-universidad-ean-de-colombia-cumple-estancia-en-ilia-por-proyecto-de-investigacion\\\/#article\",\"isPartOf\":{\"@id\":\"https:\\\/\\\/www.uartes.edu.ec\\\/sitio\\\/en\\\/blog\\\/2023\\\/07\\\/31\\\/felipe-moreno-de-la-universidad-ean-de-colombia-cumple-estancia-en-ilia-por-proyecto-de-investigacion\\\/\"},\"author\":{\"name\":\"ccortez\",\"@id\":\"https:\\\/\\\/www.uartes.edu.ec\\\/sitio\\\/en\\\/#\\\/schema\\\/person\\\/efa1b8275797664fd7f13a79ccc0b1f4\"},\"headline\":\"Felipe Moreno, de la Universidad EAN de Colombia, cumple estancia en el ILIA por proyecto de investigaci\u00f3n\",\"datePublished\":\"2023-07-31T23:48:53+00:00\",\"dateModified\":\"2024-07-04T16:20:52+00:00\",\"mainEntityOfPage\":{\"@id\":\"https:\\\/\\\/www.uartes.edu.ec\\\/sitio\\\/en\\\/blog\\\/2023\\\/07\\\/31\\\/felipe-moreno-de-la-universidad-ean-de-colombia-cumple-estancia-en-ilia-por-proyecto-de-investigacion\\\/\"},\"wordCount\":909,\"commentCount\":0,\"publisher\":{\"@id\":\"https:\\\/\\\/www.uartes.edu.ec\\\/sitio\\\/en\\\/#organization\"},\"image\":{\"@id\":\"https:\\\/\\\/www.uartes.edu.ec\\\/sitio\\\/en\\\/blog\\\/2023\\\/07\\\/31\\\/felipe-moreno-de-la-universidad-ean-de-colombia-cumple-estancia-en-ilia-por-proyecto-de-investigacion\\\/#primaryimage\"},\"thumbnailUrl\":\"https:\\\/\\\/www.uartes.edu.ec\\\/sitio\\\/wp-content\\\/uploads\\\/2023\\\/07\\\/03-FELIPE-MORENO-EAN-COLOMBIA-1.jpg\",\"keywords\":[\"intercambio\"],\"articleSection\":[\"Acad\u00e9mico\",\"Artes\",\"Estudiantes\",\"Gesti\u00f3n\",\"Investigaci\u00f3n\",\"V\u00ednculo\"],\"inLanguage\":\"en-US\",\"potentialAction\":[{\"@type\":\"CommentAction\",\"name\":\"Comment\",\"target\":[\"https:\\\/\\\/www.uartes.edu.ec\\\/sitio\\\/en\\\/blog\\\/2023\\\/07\\\/31\\\/felipe-moreno-de-la-universidad-ean-de-colombia-cumple-estancia-en-ilia-por-proyecto-de-investigacion\\\/#respond\"]}]},{\"@type\":[\"WebPage\",\"ItemPage\"],\"@id\":\"https:\\\/\\\/www.uartes.edu.ec\\\/sitio\\\/en\\\/blog\\\/2023\\\/07\\\/31\\\/felipe-moreno-de-la-universidad-ean-de-colombia-cumple-estancia-en-ilia-por-proyecto-de-investigacion\\\/\",\"url\":\"https:\\\/\\\/www.uartes.edu.ec\\\/sitio\\\/en\\\/blog\\\/2023\\\/07\\\/31\\\/felipe-moreno-de-la-universidad-ean-de-colombia-cumple-estancia-en-ilia-por-proyecto-de-investigacion\\\/\",\"name\":\"Universidad de las Artes - Felipe Moreno, de la Universidad EAN de Colombia, cumple estancia en el ILIA por proyecto de investigaci\u00f3n\",\"isPartOf\":{\"@id\":\"https:\\\/\\\/www.uartes.edu.ec\\\/sitio\\\/en\\\/#website\"},\"primaryImageOfPage\":{\"@id\":\"https:\\\/\\\/www.uartes.edu.ec\\\/sitio\\\/en\\\/blog\\\/2023\\\/07\\\/31\\\/felipe-moreno-de-la-universidad-ean-de-colombia-cumple-estancia-en-ilia-por-proyecto-de-investigacion\\\/#primaryimage\"},\"image\":{\"@id\":\"https:\\\/\\\/www.uartes.edu.ec\\\/sitio\\\/en\\\/blog\\\/2023\\\/07\\\/31\\\/felipe-moreno-de-la-universidad-ean-de-colombia-cumple-estancia-en-ilia-por-proyecto-de-investigacion\\\/#primaryimage\"},\"thumbnailUrl\":\"https:\\\/\\\/www.uartes.edu.ec\\\/sitio\\\/wp-content\\\/uploads\\\/2023\\\/07\\\/03-FELIPE-MORENO-EAN-COLOMBIA-1.jpg\",\"datePublished\":\"2023-07-31T23:48:53+00:00\",\"dateModified\":\"2024-07-04T16:20:52+00:00\",\"description\":\"Universidad de las Artes - Felipe Moreno, de la Universidad EAN de Colombia, cumple estancia en el ILIA por proyecto de investigaci\u00f3n\",\"breadcrumb\":{\"@id\":\"https:\\\/\\\/www.uartes.edu.ec\\\/sitio\\\/en\\\/blog\\\/2023\\\/07\\\/31\\\/felipe-moreno-de-la-universidad-ean-de-colombia-cumple-estancia-en-ilia-por-proyecto-de-investigacion\\\/#breadcrumb\"},\"inLanguage\":\"en-US\",\"potentialAction\":[{\"@type\":\"ReadAction\",\"target\":[\"https:\\\/\\\/www.uartes.edu.ec\\\/sitio\\\/en\\\/blog\\\/2023\\\/07\\\/31\\\/felipe-moreno-de-la-universidad-ean-de-colombia-cumple-estancia-en-ilia-por-proyecto-de-investigacion\\\/\"]}]},{\"@type\":\"ImageObject\",\"inLanguage\":\"en-US\",\"@id\":\"https:\\\/\\\/www.uartes.edu.ec\\\/sitio\\\/en\\\/blog\\\/2023\\\/07\\\/31\\\/felipe-moreno-de-la-universidad-ean-de-colombia-cumple-estancia-en-ilia-por-proyecto-de-investigacion\\\/#primaryimage\",\"url\":\"https:\\\/\\\/www.uartes.edu.ec\\\/sitio\\\/wp-content\\\/uploads\\\/2023\\\/07\\\/03-FELIPE-MORENO-EAN-COLOMBIA-1.jpg\",\"contentUrl\":\"https:\\\/\\\/www.uartes.edu.ec\\\/sitio\\\/wp-content\\\/uploads\\\/2023\\\/07\\\/03-FELIPE-MORENO-EAN-COLOMBIA-1.jpg\",\"width\":2000,\"height\":1333},{\"@type\":\"BreadcrumbList\",\"@id\":\"https:\\\/\\\/www.uartes.edu.ec\\\/sitio\\\/en\\\/blog\\\/2023\\\/07\\\/31\\\/felipe-moreno-de-la-universidad-ean-de-colombia-cumple-estancia-en-ilia-por-proyecto-de-investigacion\\\/#breadcrumb\",\"itemListElement\":[{\"@type\":\"ListItem\",\"position\":1,\"name\":\"Inicio\",\"item\":\"https:\\\/\\\/www.uartes.edu.ec\\\/sitio\\\/\"},{\"@type\":\"ListItem\",\"position\":2,\"name\":\"Felipe Moreno, de la Universidad EAN de Colombia, cumple estancia en el ILIA por proyecto de investigaci\u00f3n\"}]},{\"@type\":\"WebSite\",\"@id\":\"https:\\\/\\\/www.uartes.edu.ec\\\/sitio\\\/en\\\/#website\",\"url\":\"https:\\\/\\\/www.uartes.edu.ec\\\/sitio\\\/en\\\/\",\"name\":\"Universidad de las Artes\",\"description\":\"Sitio oficial de la Universidad Nacional de las Artes del Ecuador\",\"publisher\":{\"@id\":\"https:\\\/\\\/www.uartes.edu.ec\\\/sitio\\\/en\\\/#organization\"},\"potentialAction\":[{\"@type\":\"SearchAction\",\"target\":{\"@type\":\"EntryPoint\",\"urlTemplate\":\"https:\\\/\\\/www.uartes.edu.ec\\\/sitio\\\/en\\\/?s={search_term_string}\"},\"query-input\":{\"@type\":\"PropertyValueSpecification\",\"valueRequired\":true,\"valueName\":\"search_term_string\"}}],\"inLanguage\":\"en-US\"},{\"@type\":\"Organization\",\"@id\":\"https:\\\/\\\/www.uartes.edu.ec\\\/sitio\\\/en\\\/#organization\",\"name\":\"Universidad de las Artes\",\"url\":\"https:\\\/\\\/www.uartes.edu.ec\\\/sitio\\\/en\\\/\",\"logo\":{\"@type\":\"ImageObject\",\"inLanguage\":\"en-US\",\"@id\":\"https:\\\/\\\/www.uartes.edu.ec\\\/sitio\\\/en\\\/#\\\/schema\\\/logo\\\/image\\\/\",\"url\":\"https:\\\/\\\/www.uartes.edu.ec\\\/sitio\\\/wp-content\\\/uploads\\\/2022\\\/07\\\/logo-ua-horizontal.png\",\"contentUrl\":\"https:\\\/\\\/www.uartes.edu.ec\\\/sitio\\\/wp-content\\\/uploads\\\/2022\\\/07\\\/logo-ua-horizontal.png\",\"width\":800,\"height\":276,\"caption\":\"Universidad de las Artes\"},\"image\":{\"@id\":\"https:\\\/\\\/www.uartes.edu.ec\\\/sitio\\\/en\\\/#\\\/schema\\\/logo\\\/image\\\/\"},\"sameAs\":[\"https:\\\/\\\/www.facebook.com\\\/uartesec\",\"https:\\\/\\\/x.com\\\/uartesec\",\"https:\\\/\\\/www.tiktok.com\\\/@uartesec\"]},{\"@type\":\"Person\",\"@id\":\"https:\\\/\\\/www.uartes.edu.ec\\\/sitio\\\/en\\\/#\\\/schema\\\/person\\\/efa1b8275797664fd7f13a79ccc0b1f4\",\"name\":\"ccortez\",\"image\":{\"@type\":\"ImageObject\",\"inLanguage\":\"en-US\",\"@id\":\"https:\\\/\\\/secure.gravatar.com\\\/avatar\\\/b2a6f664a3ae8e074346ef91775736c5ec479e637ecced6842de9dc98b5da9cd?s=96&d=mm&r=g\",\"url\":\"https:\\\/\\\/secure.gravatar.com\\\/avatar\\\/b2a6f664a3ae8e074346ef91775736c5ec479e637ecced6842de9dc98b5da9cd?s=96&d=mm&r=g\",\"contentUrl\":\"https:\\\/\\\/secure.gravatar.com\\\/avatar\\\/b2a6f664a3ae8e074346ef91775736c5ec479e637ecced6842de9dc98b5da9cd?s=96&d=mm&r=g\",\"caption\":\"ccortez\"},\"url\":\"https:\\\/\\\/www.uartes.edu.ec\\\/sitio\\\/en\\\/blog\\\/author\\\/ccortez\\\/\"}]}<\/script>\n<!-- \/ Yoast SEO plugin. -->","yoast_head_json":{"title":"Universidad de las Artes - Felipe Moreno, de la Universidad EAN de Colombia, cumple estancia en el ILIA por proyecto de investigaci\u00f3n","description":"Universidad de las Artes - Felipe Moreno, de la Universidad EAN de Colombia, cumple estancia en el ILIA por proyecto de investigaci\u00f3n","robots":{"index":"index","follow":"follow","max-snippet":"max-snippet:-1","max-image-preview":"max-image-preview:large","max-video-preview":"max-video-preview:-1"},"canonical":"https:\/\/www.uartes.edu.ec\/sitio\/en\/blog\/2023\/07\/31\/felipe-moreno-de-la-universidad-ean-de-colombia-cumple-estancia-en-ilia-por-proyecto-de-investigacion\/","og_locale":"en_US","og_type":"article","og_title":"Universidad de las Artes - Felipe Moreno, de la Universidad EAN de Colombia, cumple estancia en el ILIA por proyecto de investigaci\u00f3n","og_description":"Universidad de las Artes - Felipe Moreno, de la Universidad EAN de Colombia, cumple estancia en el ILIA por proyecto de investigaci\u00f3n","og_url":"https:\/\/www.uartes.edu.ec\/sitio\/en\/blog\/2023\/07\/31\/felipe-moreno-de-la-universidad-ean-de-colombia-cumple-estancia-en-ilia-por-proyecto-de-investigacion\/","og_site_name":"Universidad de las Artes","article_publisher":"https:\/\/www.facebook.com\/uartesec","article_published_time":"2023-07-31T23:48:53+00:00","article_modified_time":"2024-07-04T16:20:52+00:00","og_image":[{"width":2000,"height":1333,"url":"https:\/\/www.uartes.edu.ec\/sitio\/wp-content\/uploads\/2023\/07\/03-FELIPE-MORENO-EAN-COLOMBIA-1.jpg","type":"image\/jpeg"}],"author":"ccortez","twitter_card":"summary_large_image","twitter_creator":"@uartesec","twitter_site":"@uartesec","twitter_misc":{"Written by":"ccortez","Est. reading time":"4 minutes"},"schema":{"@context":"https:\/\/schema.org","@graph":[{"@type":"Article","@id":"https:\/\/www.uartes.edu.ec\/sitio\/en\/blog\/2023\/07\/31\/felipe-moreno-de-la-universidad-ean-de-colombia-cumple-estancia-en-ilia-por-proyecto-de-investigacion\/#article","isPartOf":{"@id":"https:\/\/www.uartes.edu.ec\/sitio\/en\/blog\/2023\/07\/31\/felipe-moreno-de-la-universidad-ean-de-colombia-cumple-estancia-en-ilia-por-proyecto-de-investigacion\/"},"author":{"name":"ccortez","@id":"https:\/\/www.uartes.edu.ec\/sitio\/en\/#\/schema\/person\/efa1b8275797664fd7f13a79ccc0b1f4"},"headline":"Felipe Moreno, de la Universidad EAN de Colombia, cumple estancia en el ILIA por proyecto de investigaci\u00f3n","datePublished":"2023-07-31T23:48:53+00:00","dateModified":"2024-07-04T16:20:52+00:00","mainEntityOfPage":{"@id":"https:\/\/www.uartes.edu.ec\/sitio\/en\/blog\/2023\/07\/31\/felipe-moreno-de-la-universidad-ean-de-colombia-cumple-estancia-en-ilia-por-proyecto-de-investigacion\/"},"wordCount":909,"commentCount":0,"publisher":{"@id":"https:\/\/www.uartes.edu.ec\/sitio\/en\/#organization"},"image":{"@id":"https:\/\/www.uartes.edu.ec\/sitio\/en\/blog\/2023\/07\/31\/felipe-moreno-de-la-universidad-ean-de-colombia-cumple-estancia-en-ilia-por-proyecto-de-investigacion\/#primaryimage"},"thumbnailUrl":"https:\/\/www.uartes.edu.ec\/sitio\/wp-content\/uploads\/2023\/07\/03-FELIPE-MORENO-EAN-COLOMBIA-1.jpg","keywords":["intercambio"],"articleSection":["Acad\u00e9mico","Artes","Estudiantes","Gesti\u00f3n","Investigaci\u00f3n","V\u00ednculo"],"inLanguage":"en-US","potentialAction":[{"@type":"CommentAction","name":"Comment","target":["https:\/\/www.uartes.edu.ec\/sitio\/en\/blog\/2023\/07\/31\/felipe-moreno-de-la-universidad-ean-de-colombia-cumple-estancia-en-ilia-por-proyecto-de-investigacion\/#respond"]}]},{"@type":["WebPage","ItemPage"],"@id":"https:\/\/www.uartes.edu.ec\/sitio\/en\/blog\/2023\/07\/31\/felipe-moreno-de-la-universidad-ean-de-colombia-cumple-estancia-en-ilia-por-proyecto-de-investigacion\/","url":"https:\/\/www.uartes.edu.ec\/sitio\/en\/blog\/2023\/07\/31\/felipe-moreno-de-la-universidad-ean-de-colombia-cumple-estancia-en-ilia-por-proyecto-de-investigacion\/","name":"Universidad de las Artes - Felipe Moreno, de la Universidad EAN de Colombia, cumple estancia en el ILIA por proyecto de investigaci\u00f3n","isPartOf":{"@id":"https:\/\/www.uartes.edu.ec\/sitio\/en\/#website"},"primaryImageOfPage":{"@id":"https:\/\/www.uartes.edu.ec\/sitio\/en\/blog\/2023\/07\/31\/felipe-moreno-de-la-universidad-ean-de-colombia-cumple-estancia-en-ilia-por-proyecto-de-investigacion\/#primaryimage"},"image":{"@id":"https:\/\/www.uartes.edu.ec\/sitio\/en\/blog\/2023\/07\/31\/felipe-moreno-de-la-universidad-ean-de-colombia-cumple-estancia-en-ilia-por-proyecto-de-investigacion\/#primaryimage"},"thumbnailUrl":"https:\/\/www.uartes.edu.ec\/sitio\/wp-content\/uploads\/2023\/07\/03-FELIPE-MORENO-EAN-COLOMBIA-1.jpg","datePublished":"2023-07-31T23:48:53+00:00","dateModified":"2024-07-04T16:20:52+00:00","description":"Universidad de las Artes - Felipe Moreno, de la Universidad EAN de Colombia, cumple estancia en el ILIA por proyecto de investigaci\u00f3n","breadcrumb":{"@id":"https:\/\/www.uartes.edu.ec\/sitio\/en\/blog\/2023\/07\/31\/felipe-moreno-de-la-universidad-ean-de-colombia-cumple-estancia-en-ilia-por-proyecto-de-investigacion\/#breadcrumb"},"inLanguage":"en-US","potentialAction":[{"@type":"ReadAction","target":["https:\/\/www.uartes.edu.ec\/sitio\/en\/blog\/2023\/07\/31\/felipe-moreno-de-la-universidad-ean-de-colombia-cumple-estancia-en-ilia-por-proyecto-de-investigacion\/"]}]},{"@type":"ImageObject","inLanguage":"en-US","@id":"https:\/\/www.uartes.edu.ec\/sitio\/en\/blog\/2023\/07\/31\/felipe-moreno-de-la-universidad-ean-de-colombia-cumple-estancia-en-ilia-por-proyecto-de-investigacion\/#primaryimage","url":"https:\/\/www.uartes.edu.ec\/sitio\/wp-content\/uploads\/2023\/07\/03-FELIPE-MORENO-EAN-COLOMBIA-1.jpg","contentUrl":"https:\/\/www.uartes.edu.ec\/sitio\/wp-content\/uploads\/2023\/07\/03-FELIPE-MORENO-EAN-COLOMBIA-1.jpg","width":2000,"height":1333},{"@type":"BreadcrumbList","@id":"https:\/\/www.uartes.edu.ec\/sitio\/en\/blog\/2023\/07\/31\/felipe-moreno-de-la-universidad-ean-de-colombia-cumple-estancia-en-ilia-por-proyecto-de-investigacion\/#breadcrumb","itemListElement":[{"@type":"ListItem","position":1,"name":"Inicio","item":"https:\/\/www.uartes.edu.ec\/sitio\/"},{"@type":"ListItem","position":2,"name":"Felipe Moreno, de la Universidad EAN de Colombia, cumple estancia en el ILIA por proyecto de investigaci\u00f3n"}]},{"@type":"WebSite","@id":"https:\/\/www.uartes.edu.ec\/sitio\/en\/#website","url":"https:\/\/www.uartes.edu.ec\/sitio\/en\/","name":"Universidad de las Artes","description":"Sitio oficial de la Universidad Nacional de las Artes del Ecuador","publisher":{"@id":"https:\/\/www.uartes.edu.ec\/sitio\/en\/#organization"},"potentialAction":[{"@type":"SearchAction","target":{"@type":"EntryPoint","urlTemplate":"https:\/\/www.uartes.edu.ec\/sitio\/en\/?s={search_term_string}"},"query-input":{"@type":"PropertyValueSpecification","valueRequired":true,"valueName":"search_term_string"}}],"inLanguage":"en-US"},{"@type":"Organization","@id":"https:\/\/www.uartes.edu.ec\/sitio\/en\/#organization","name":"Universidad de las Artes","url":"https:\/\/www.uartes.edu.ec\/sitio\/en\/","logo":{"@type":"ImageObject","inLanguage":"en-US","@id":"https:\/\/www.uartes.edu.ec\/sitio\/en\/#\/schema\/logo\/image\/","url":"https:\/\/www.uartes.edu.ec\/sitio\/wp-content\/uploads\/2022\/07\/logo-ua-horizontal.png","contentUrl":"https:\/\/www.uartes.edu.ec\/sitio\/wp-content\/uploads\/2022\/07\/logo-ua-horizontal.png","width":800,"height":276,"caption":"Universidad de las Artes"},"image":{"@id":"https:\/\/www.uartes.edu.ec\/sitio\/en\/#\/schema\/logo\/image\/"},"sameAs":["https:\/\/www.facebook.com\/uartesec","https:\/\/x.com\/uartesec","https:\/\/www.tiktok.com\/@uartesec"]},{"@type":"Person","@id":"https:\/\/www.uartes.edu.ec\/sitio\/en\/#\/schema\/person\/efa1b8275797664fd7f13a79ccc0b1f4","name":"ccortez","image":{"@type":"ImageObject","inLanguage":"en-US","@id":"https:\/\/secure.gravatar.com\/avatar\/b2a6f664a3ae8e074346ef91775736c5ec479e637ecced6842de9dc98b5da9cd?s=96&d=mm&r=g","url":"https:\/\/secure.gravatar.com\/avatar\/b2a6f664a3ae8e074346ef91775736c5ec479e637ecced6842de9dc98b5da9cd?s=96&d=mm&r=g","contentUrl":"https:\/\/secure.gravatar.com\/avatar\/b2a6f664a3ae8e074346ef91775736c5ec479e637ecced6842de9dc98b5da9cd?s=96&d=mm&r=g","caption":"ccortez"},"url":"https:\/\/www.uartes.edu.ec\/sitio\/en\/blog\/author\/ccortez\/"}]}},"uagb_featured_image_src":{"full":["https:\/\/www.uartes.edu.ec\/sitio\/wp-content\/uploads\/2023\/07\/03-FELIPE-MORENO-EAN-COLOMBIA-1.jpg",2000,1333,false],"thumbnail":["https:\/\/www.uartes.edu.ec\/sitio\/wp-content\/uploads\/2023\/07\/03-FELIPE-MORENO-EAN-COLOMBIA-1-150x150.jpg",150,150,true],"medium":["https:\/\/www.uartes.edu.ec\/sitio\/wp-content\/uploads\/2023\/07\/03-FELIPE-MORENO-EAN-COLOMBIA-1-300x200.jpg",300,200,true],"medium_large":["https:\/\/www.uartes.edu.ec\/sitio\/wp-content\/uploads\/2023\/07\/03-FELIPE-MORENO-EAN-COLOMBIA-1-768x512.jpg",768,512,true],"large":["https:\/\/www.uartes.edu.ec\/sitio\/wp-content\/uploads\/2023\/07\/03-FELIPE-MORENO-EAN-COLOMBIA-1-644x429.jpg",644,429,true],"1536x1536":["https:\/\/www.uartes.edu.ec\/sitio\/wp-content\/uploads\/2023\/07\/03-FELIPE-MORENO-EAN-COLOMBIA-1-1536x1024.jpg",1536,1024,true],"2048x2048":["https:\/\/www.uartes.edu.ec\/sitio\/wp-content\/uploads\/2023\/07\/03-FELIPE-MORENO-EAN-COLOMBIA-1.jpg",2000,1333,false],"trp-custom-language-flag":["https:\/\/www.uartes.edu.ec\/sitio\/wp-content\/uploads\/2023\/07\/03-FELIPE-MORENO-EAN-COLOMBIA-1.jpg",18,12,false],"htmega_size_585x295":["https:\/\/www.uartes.edu.ec\/sitio\/wp-content\/uploads\/2023\/07\/03-FELIPE-MORENO-EAN-COLOMBIA-1-585x295.jpg",585,295,true],"htmega_size_1170x536":["https:\/\/www.uartes.edu.ec\/sitio\/wp-content\/uploads\/2023\/07\/03-FELIPE-MORENO-EAN-COLOMBIA-1-1170x536.jpg",1170,536,true],"htmega_size_396x360":["https:\/\/www.uartes.edu.ec\/sitio\/wp-content\/uploads\/2023\/07\/03-FELIPE-MORENO-EAN-COLOMBIA-1-396x360.jpg",396,360,true],"gb-block-post-grid-landscape":["https:\/\/www.uartes.edu.ec\/sitio\/wp-content\/uploads\/2023\/07\/03-FELIPE-MORENO-EAN-COLOMBIA-1-600x400.jpg",600,400,true],"gb-block-post-grid-square":["https:\/\/www.uartes.edu.ec\/sitio\/wp-content\/uploads\/2023\/07\/03-FELIPE-MORENO-EAN-COLOMBIA-1-600x600.jpg",600,600,true],"university-hub-thumb":["https:\/\/www.uartes.edu.ec\/sitio\/wp-content\/uploads\/2023\/07\/03-FELIPE-MORENO-EAN-COLOMBIA-1-400x267.jpg",400,267,true]},"uagb_author_info":{"display_name":"ccortez","author_link":"https:\/\/www.uartes.edu.ec\/sitio\/en\/blog\/author\/ccortez\/"},"uagb_comment_info":0,"uagb_excerpt":"La UArtes y la IES colombiana mantienen convenios de cooperaci\u00f3n que le posibilitaron al estudiante venir para conocer de la metodolog\u00eda utilizada por nuestro Observatorio, en el desarrollo de la encuesta nacional por cuyos resultados se pudieron determinar las condiciones laborales de los trabajadores de la cultura. Este instrumento de investigaci\u00f3n pondr\u00e1 en pr\u00e1ctica en&hellip;","featured_image_src":"https:\/\/www.uartes.edu.ec\/sitio\/wp-content\/uploads\/2023\/07\/03-FELIPE-MORENO-EAN-COLOMBIA-1-600x400.jpg","featured_image_src_square":"https:\/\/www.uartes.edu.ec\/sitio\/wp-content\/uploads\/2023\/07\/03-FELIPE-MORENO-EAN-COLOMBIA-1-600x600.jpg","author_info":{"display_name":"ccortez","author_link":"https:\/\/www.uartes.edu.ec\/sitio\/en\/blog\/author\/ccortez\/"},"publishpress_future_workflow_manual_trigger":{"enabledWorkflows":[]},"distributor_meta":false,"distributor_terms":false,"distributor_media":false,"distributor_original_site_name":"Universidad de las Artes","distributor_original_site_url":"https:\/\/www.uartes.edu.ec\/sitio\/en","push-errors":false,"_links":{"self":[{"href":"https:\/\/www.uartes.edu.ec\/sitio\/en\/wp-json\/wp\/v2\/posts\/45517","targetHints":{"allow":["GET"]}}],"collection":[{"href":"https:\/\/www.uartes.edu.ec\/sitio\/en\/wp-json\/wp\/v2\/posts"}],"about":[{"href":"https:\/\/www.uartes.edu.ec\/sitio\/en\/wp-json\/wp\/v2\/types\/post"}],"author":[{"embeddable":true,"href":"https:\/\/www.uartes.edu.ec\/sitio\/en\/wp-json\/wp\/v2\/users\/10"}],"replies":[{"embeddable":true,"href":"https:\/\/www.uartes.edu.ec\/sitio\/en\/wp-json\/wp\/v2\/comments?post=45517"}],"version-history":[{"count":8,"href":"https:\/\/www.uartes.edu.ec\/sitio\/en\/wp-json\/wp\/v2\/posts\/45517\/revisions"}],"predecessor-version":[{"id":46589,"href":"https:\/\/www.uartes.edu.ec\/sitio\/en\/wp-json\/wp\/v2\/posts\/45517\/revisions\/46589"}],"wp:featuredmedia":[{"embeddable":true,"href":"https:\/\/www.uartes.edu.ec\/sitio\/en\/wp-json\/wp\/v2\/media\/45518"}],"wp:attachment":[{"href":"https:\/\/www.uartes.edu.ec\/sitio\/en\/wp-json\/wp\/v2\/media?parent=45517"}],"wp:term":[{"taxonomy":"category","embeddable":true,"href":"https:\/\/www.uartes.edu.ec\/sitio\/en\/wp-json\/wp\/v2\/categories?post=45517"},{"taxonomy":"post_tag","embeddable":true,"href":"https:\/\/www.uartes.edu.ec\/sitio\/en\/wp-json\/wp\/v2\/tags?post=45517"},{"taxonomy":"infouartes","embeddable":true,"href":"https:\/\/www.uartes.edu.ec\/sitio\/en\/wp-json\/wp\/v2\/infouartes?post=45517"}],"curies":[{"name":"wp","href":"https:\/\/api.w.org\/{rel}","templated":true}]}}