{"id":45542,"date":"2023-08-02T12:34:00","date_gmt":"2023-08-02T17:34:00","guid":{"rendered":"https:\/\/www.uartes.edu.ec\/sitio\/?p=45542"},"modified":"2024-07-04T11:20:52","modified_gmt":"2024-07-04T16:20:52","slug":"paolo-vignola-investigador-asociado-nest-trato-el-marco-conceptual-del-proyecto-de-investigacion","status":"publish","type":"post","link":"https:\/\/www.uartes.edu.ec\/sitio\/en\/blog\/2023\/08\/02\/paolo-vignola-investigador-asociado-nest-trato-el-marco-conceptual-del-proyecto-de-investigacion\/","title":{"rendered":"Paolo Vignola, investigador asociado NEST, trat\u00f3 el marco conceptual del proyecto y el encuentro internacional"},"content":{"rendered":"<p>En el primer d\u00eda del encuentro art\u00edstico y simposio Internacional \u201cLocalidad y Tecnodiversidad: Hacia territorios art\u00edstica y ecol\u00f3gicamente inteligentes\u201d, iniciado este 1 de agosto, Paolo Vignola, investigador asociado del proyecto transdisciplinar e internacional NEST, brind\u00f3 una ponencia en la que abord\u00f3 su marco m\u00e1s conceptual.<\/p>\n\n\n\n<p>Tuvo lugar en el MZ14 Centro de Producci\u00f3n e Innovaci\u00f3n de la Universidad de las Artes, donde hasta el domingo 6 se desarrollar\u00e1n el simposio internacional, as\u00ed como exposiciones art\u00edsticas, recitales musicales, cine, proyecciones audiovisuales, acciones po\u00e9ticas, presentaci\u00f3n de proyectos de investigaci\u00f3n en artes, de procesos pedag\u00f3gico-art\u00edsticos y de v\u00ednculo con la sociedad.<\/p>\n\n\n\n<p>\u201cPasamos de una cr\u00edtica radical al urbanismo neoliberal, a una cr\u00edtica radical de la tecnolog\u00eda en los territorios. NEST ser\u00eda la continuaci\u00f3n y tambi\u00e9n el coloquio sobre localidad y tecnodiversidad quiere ser un poco la extensi\u00f3n y continuaci\u00f3n de Guayaquil Archipi\u00e9lago\u201d, dijo.<\/p>\n\n\n\n<p>Esta es una met\u00e1fora del archipi\u00e9lago que se nos ocurri\u00f3 a Sara Baranzoni, tambi\u00e9n investigadora asociada, y Noel Fitzpatrick, director general de NEST, de la Universidad TU Dublin. Estaban frente al MZ14 \u201cy conversando, conversando, pensamos un poco en la morfolog\u00eda de Guayaquil y en los barrios que est\u00e1n muy fragmentados, muy aislados y que, al mismo tiempo, pueden conectarse y se conectan desde sus propias singularidades\u201d. Un poco como el archipi\u00e9lago que est\u00e1 hecho de islas, cada una distinta, diferente y en comunicaci\u00f3n con las dem\u00e1s.<\/p>\n\n\n\n<p>La met\u00e1fora del archipi\u00e9lago significaba repensar la ciudad tambi\u00e9n a trav\u00e9s de la tecnolog\u00eda. No descartarla solamente porque se desarrolla en el marco de una econom\u00eda pol\u00edtica que es ajena a nosotros, a nuestros trabajos y existencias. Hay que tomar la potencia de la tecnolog\u00eda y darle la vuelta, precisamente pensando en las existencias de la gente, de los territorios, de los barrios y esto a trav\u00e9s de las artes. Conectando territorios art\u00edstica y ecol\u00f3gicamente inteligentes, dijo.<\/p>\n\n\n<div class=\"wp-block-image\">\n<figure class=\"aligncenter size-large\"><img fetchpriority=\"high\" decoding=\"async\" width=\"644\" height=\"429\" src=\"https:\/\/www.uartes.edu.ec\/sitio\/wp-content\/uploads\/2023\/08\/03-LOCALIDAD-Y-TECNODIVERSIDAD-CALIDAD-WEB-644x429.jpg\" alt=\"\" class=\"wp-image-45562\" srcset=\"https:\/\/www.uartes.edu.ec\/sitio\/wp-content\/uploads\/2023\/08\/03-LOCALIDAD-Y-TECNODIVERSIDAD-CALIDAD-WEB-644x429.jpg 644w, https:\/\/www.uartes.edu.ec\/sitio\/wp-content\/uploads\/2023\/08\/03-LOCALIDAD-Y-TECNODIVERSIDAD-CALIDAD-WEB-300x200.jpg 300w, https:\/\/www.uartes.edu.ec\/sitio\/wp-content\/uploads\/2023\/08\/03-LOCALIDAD-Y-TECNODIVERSIDAD-CALIDAD-WEB-768x512.jpg 768w, https:\/\/www.uartes.edu.ec\/sitio\/wp-content\/uploads\/2023\/08\/03-LOCALIDAD-Y-TECNODIVERSIDAD-CALIDAD-WEB-1536x1024.jpg 1536w, https:\/\/www.uartes.edu.ec\/sitio\/wp-content\/uploads\/2023\/08\/03-LOCALIDAD-Y-TECNODIVERSIDAD-CALIDAD-WEB-600x400.jpg 600w, https:\/\/www.uartes.edu.ec\/sitio\/wp-content\/uploads\/2023\/08\/03-LOCALIDAD-Y-TECNODIVERSIDAD-CALIDAD-WEB-400x267.jpg 400w, https:\/\/www.uartes.edu.ec\/sitio\/wp-content\/uploads\/2023\/08\/03-LOCALIDAD-Y-TECNODIVERSIDAD-CALIDAD-WEB-272x182.jpg 272w, https:\/\/www.uartes.edu.ec\/sitio\/wp-content\/uploads\/2023\/08\/03-LOCALIDAD-Y-TECNODIVERSIDAD-CALIDAD-WEB.jpg 2000w\" sizes=\"(max-width: 644px) 100vw, 644px\" \/><\/figure>\n<\/div>\n\n\n<p>\u201c(\u2026) Logramos pensar el archipi\u00e9lago como una alternativa te\u00f3rica y sociot\u00e9cnica al concepto de red, de network. Pensemos qu\u00e9 es una red digital y c\u00f3mo funciona. Lo transforma todo en nudos que se pueden conectar, lo transforma todo en elementos que se pueden calcular y hasta anticipar y ah\u00ed se pierde la singularidad de un territorio, de una localidad, de un individuo, de un elemento\u201d.<\/p>\n\n\n\n<p>Paolo Vignola cit\u00f3 la frase de un pensador latinoamericano y descolonial, quien se\u00f1ala que \u201cel acto de extracci\u00f3n elimina todas las relaciones que dan sentido a lo que se extrae\u201d. \u201cAl extraer algo de un territorio estamos eliminando, coartando las relaciones que le daban sentido a lo que estamos extrayendo. Sea del subsuelo o nuestros datos, al extraerlos vamos perdiendo algo. \u00bfQu\u00e9 hacer para resistir o superar el extractivismo? Ese es el reto pol\u00edtico del proyecto y tambi\u00e9n a nivel est\u00e9tico, art\u00edstico y te\u00f3rico del coloquio y de la exposici\u00f3n\u201d.<\/p>\n\n\n\n<h3 class=\"wp-block-heading\">Los conceptos de localidad y tecnodiversidad<\/h3>\n\n\n\n<p>Tambi\u00e9n hizo referencia al t\u00edtulo de localidad y tecnodiversidad del encuentro. De la primera palabra se puede pensar en un lugar, una calle, una ciudad, un pueblo. Algo que, tal vez, defina nuestra identidad, pero si pensamos cu\u00e1l puede ser la potencia de una localidad, entonces tal vez podamos entender qu\u00e9 es algo que va mucho m\u00e1s all\u00e1 de la identidad. Una localidad es el sentido de un lugar, que es, a la vez, material e inmaterial.<\/p>\n\n\n\n<p>El sentido es lo que podemos recoger de un lugar y, creo, no termina un lugar. \u201c(\u2026) Pensar la localidad primero como un lugar, de acuerdo, pero un lugar de enunciaci\u00f3n, o un punto de vista, o de creaci\u00f3n, o de sentido, que \u2013para nosotros\u2013 no tiene que encerrarse como una postura, hay que pensar esa localidad como la singularidad irrepetible, algo que existe por s\u00ed, por su diferencia y que, sin embargo, se relaciona con otras localidades y ese es tambi\u00e9n el sentido de conectar art\u00edstica y ecol\u00f3gicamente territorios. Si pensamos la localidad as\u00ed, ya no es la expresi\u00f3n de una identidad, sino que tal vez sea potencia de expresi\u00f3n y potencia de relaci\u00f3n con los otros, con los dem\u00e1s lugares\u201d.<\/p>\n\n\n\n<p>El concepto de tecnodiversidad gan\u00f3 bastante espacio en el discurso filos\u00f3fico, ecol\u00f3gico y pol\u00edtico. Se lo debe al fil\u00f3sofo chino Yuk Hui, quien, anot\u00f3 Vignola, de alguna u otra manera colabora con el proyecto. \u201c(\u2026) La humanidad, desde la m\u00e1s diversas localidades, siempre ha desarrollado tantas cosmovisiones cuantas tecnolog\u00edas. Pensemos en los distintos sistemas de comunicaci\u00f3n y memorizaci\u00f3n, desde la escritura alfab\u00e9tica hasta el quipu hay tecnodiversidad. Cada localidad, pa\u00eds, regi\u00f3n y cultura desarrolla su propia tecnolog\u00eda o hasta la tecnolog\u00eda de cada regi\u00f3n, pa\u00eds, localidad desarrolla su propia cultura. Hay toda una comuni\u00f3n entre existencia, cultura, valores espirituales y las t\u00e9cnicas y tecnolog\u00edas que estructuran estos valores\u201d.<\/p>\n\n\n\n<p>Pensemos en las diferentes formas de trabajar la tierra, de gestionar el agua, el clima, los animales crear m\u00e1quinas, inventar formas art\u00edsticas, etc\u00e9tera. Cada pa\u00eds lo desarrolla a su manera. Una cosmolog\u00eda o cosmovisi\u00f3n como articulaci\u00f3n del orden natural y el orden espiritual o moral siempre dependen de las t\u00e9cnicas que se aplican o hasta se inventan en un determinado lugar, es lo que dice Yuk Hui, mencion\u00f3 el acad\u00e9mico.<\/p>\n\n\n\n<p>Vignola concluy\u00f3 en pensar en la tecnodiversidad como un horizonte, como algo por venir, que podr\u00edamos construir. Un objetivo a la vez te\u00f3rico, epistemol\u00f3gico, est\u00e9tico y pol\u00edtico, \u201cas\u00ed como se habla de ecolog\u00eda de los saberes, de una comuni\u00f3n y convivencia de distintos saberes cient\u00edficos, espirituales, etc., As\u00ed como se habla de una ecolog\u00eda de saberes podamos pensar en una ecolog\u00eda de las tecnolog\u00edas; procedentes de varias tradiciones y cosmolog\u00edas puedan conectarse para pensar en una tecnolog\u00eda pluralista y hecha de elementos heterog\u00e9neos para el porvenir.<\/p>\n\n\n\n<p>\u201cTal vez sea esta la forma no solo de resistir a la tecnolog\u00eda presente y occidental, sino de superarla e ir m\u00e1s all\u00e1 de la inteligencia artificial que parece dominarnos y esto tal vez se pueda desde las artes, porque finalmente quien trabaja en la tecnolog\u00eda desde siempre, quien hace que sea creaci\u00f3n son los artistas antes que los pol\u00edticos y fil\u00f3sofos\u201d, expres\u00f3 y agreg\u00f3: Tal vez se trabaja la t\u00e9cnica, est\u00e9ticamente s\u00ed se puede imaginar un mundo tecnol\u00f3gico distinto, donde la diferencia est\u00e1 valorizada y no es algo que tengamos que tenerle miedo; hay que valorizar la diferencia, inclusive dentro de la tecnolog\u00eda.<\/p>","protected":false},"excerpt":{"rendered":"<p>En el primer d\u00eda del encuentro art\u00edstico y simposio Internacional \u201cLocalidad y Tecnodiversidad: Hacia territorios art\u00edstica y ecol\u00f3gicamente inteligentes\u201d, iniciado este 1 de agosto, Paolo Vignola, investigador asociado del proyecto transdisciplinar e internacional NEST, brind\u00f3 una ponencia en la que abord\u00f3 su marco m\u00e1s conceptual. El coloquio, dijo, era un poco la extensi\u00f3n y continuaci\u00f3n de Guayaquil Archipi\u00e9lago.<\/p>","protected":false},"author":1,"featured_media":45579,"comment_status":"open","ping_status":"open","sticky":false,"template":"","format":"standard","meta":{"_acf_changed":false,"_uag_custom_page_level_css":"","_monsterinsights_skip_tracking":false,"_monsterinsights_sitenote_active":false,"_monsterinsights_sitenote_note":"","_monsterinsights_sitenote_category":0,"cybocfi_hide_featured_image":"","footnotes":""},"categories":[80,82,75,76,77,284,83],"tags":[643],"infouartes":[],"class_list":["post-45542","post","type-post","status-publish","format-standard","has-post-thumbnail","hentry","category-academico","category-artes","category-docentes","category-estudiantes","category-gestion","category-investigacion","category-sedes","tag-encuentro-internacional"],"acf":[],"yoast_head":"<!-- This site is optimized with the Yoast SEO plugin v27.4 - https:\/\/yoast.com\/product\/yoast-seo-wordpress\/ -->\n<title>Universidad de las Artes - Paolo Vignola, investigador asociado NEST, trat\u00f3 el marco conceptual del proyecto y el encuentro internacional<\/title>\n<meta name=\"description\" content=\"Universidad de las Artes - Paolo Vignola, investigador asociado NEST, trat\u00f3 el marco conceptual del proyecto y el encuentro internacional\" \/>\n<meta name=\"robots\" content=\"index, follow, max-snippet:-1, max-image-preview:large, max-video-preview:-1\" \/>\n<link rel=\"canonical\" href=\"https:\/\/www.uartes.edu.ec\/sitio\/en\/blog\/2023\/08\/02\/paolo-vignola-investigador-asociado-nest-trato-el-marco-conceptual-del-proyecto-de-investigacion\/\" \/>\n<meta property=\"og:locale\" content=\"en_US\" \/>\n<meta property=\"og:type\" content=\"article\" \/>\n<meta property=\"og:title\" content=\"Universidad de las Artes - Paolo Vignola, investigador asociado NEST, trat\u00f3 el marco conceptual del proyecto y el encuentro internacional\" \/>\n<meta property=\"og:description\" content=\"Universidad de las Artes - Paolo Vignola, investigador asociado NEST, trat\u00f3 el marco conceptual del proyecto y el encuentro internacional\" \/>\n<meta property=\"og:url\" content=\"https:\/\/www.uartes.edu.ec\/sitio\/en\/blog\/2023\/08\/02\/paolo-vignola-investigador-asociado-nest-trato-el-marco-conceptual-del-proyecto-de-investigacion\/\" \/>\n<meta property=\"og:site_name\" content=\"Universidad de las Artes\" \/>\n<meta property=\"article:publisher\" content=\"https:\/\/www.facebook.com\/uartesec\" \/>\n<meta property=\"article:published_time\" content=\"2023-08-02T17:34:00+00:00\" \/>\n<meta property=\"article:modified_time\" content=\"2024-07-04T16:20:52+00:00\" \/>\n<meta property=\"og:image\" content=\"https:\/\/www.uartes.edu.ec\/sitio\/wp-content\/uploads\/2023\/08\/07-LOCALIDAD-Y-TECNODIVERSIDAD-CALIDAD-WEB.jpg\" \/>\n\t<meta property=\"og:image:width\" content=\"2000\" \/>\n\t<meta property=\"og:image:height\" content=\"1333\" \/>\n\t<meta property=\"og:image:type\" content=\"image\/jpeg\" \/>\n<meta name=\"author\" content=\"Universidad de las Artes\" \/>\n<meta name=\"twitter:card\" content=\"summary_large_image\" \/>\n<meta name=\"twitter:creator\" content=\"@uartesec\" \/>\n<meta name=\"twitter:site\" content=\"@uartesec\" \/>\n<meta name=\"twitter:label1\" content=\"Written by\" \/>\n\t<meta name=\"twitter:data1\" content=\"Universidad de las Artes\" \/>\n\t<meta name=\"twitter:label2\" content=\"Est. reading time\" \/>\n\t<meta name=\"twitter:data2\" content=\"5 minutes\" \/>\n<script type=\"application\/ld+json\" class=\"yoast-schema-graph\">{\"@context\":\"https:\\\/\\\/schema.org\",\"@graph\":[{\"@type\":\"Article\",\"@id\":\"https:\\\/\\\/www.uartes.edu.ec\\\/sitio\\\/en\\\/blog\\\/2023\\\/08\\\/02\\\/paolo-vignola-investigador-asociado-nest-trato-el-marco-conceptual-del-proyecto-de-investigacion\\\/#article\",\"isPartOf\":{\"@id\":\"https:\\\/\\\/www.uartes.edu.ec\\\/sitio\\\/en\\\/blog\\\/2023\\\/08\\\/02\\\/paolo-vignola-investigador-asociado-nest-trato-el-marco-conceptual-del-proyecto-de-investigacion\\\/\"},\"author\":{\"name\":\"Universidad de las Artes\",\"@id\":\"https:\\\/\\\/www.uartes.edu.ec\\\/sitio\\\/en\\\/#\\\/schema\\\/person\\\/f33f8c1d2af0d5c80a38c8abf458184a\"},\"headline\":\"Paolo Vignola, investigador asociado NEST, trat\u00f3 el marco conceptual del proyecto y el encuentro internacional\",\"datePublished\":\"2023-08-02T17:34:00+00:00\",\"dateModified\":\"2024-07-04T16:20:52+00:00\",\"mainEntityOfPage\":{\"@id\":\"https:\\\/\\\/www.uartes.edu.ec\\\/sitio\\\/en\\\/blog\\\/2023\\\/08\\\/02\\\/paolo-vignola-investigador-asociado-nest-trato-el-marco-conceptual-del-proyecto-de-investigacion\\\/\"},\"wordCount\":1161,\"commentCount\":0,\"publisher\":{\"@id\":\"https:\\\/\\\/www.uartes.edu.ec\\\/sitio\\\/en\\\/#organization\"},\"image\":{\"@id\":\"https:\\\/\\\/www.uartes.edu.ec\\\/sitio\\\/en\\\/blog\\\/2023\\\/08\\\/02\\\/paolo-vignola-investigador-asociado-nest-trato-el-marco-conceptual-del-proyecto-de-investigacion\\\/#primaryimage\"},\"thumbnailUrl\":\"https:\\\/\\\/www.uartes.edu.ec\\\/sitio\\\/wp-content\\\/uploads\\\/2023\\\/08\\\/07-LOCALIDAD-Y-TECNODIVERSIDAD-CALIDAD-WEB.jpg\",\"keywords\":[\"encuentro internacional\"],\"articleSection\":[\"Acad\u00e9mico\",\"Artes\",\"Docentes\",\"Estudiantes\",\"Gesti\u00f3n\",\"Investigaci\u00f3n\",\"Sedes\"],\"inLanguage\":\"en-US\",\"potentialAction\":[{\"@type\":\"CommentAction\",\"name\":\"Comment\",\"target\":[\"https:\\\/\\\/www.uartes.edu.ec\\\/sitio\\\/en\\\/blog\\\/2023\\\/08\\\/02\\\/paolo-vignola-investigador-asociado-nest-trato-el-marco-conceptual-del-proyecto-de-investigacion\\\/#respond\"]}]},{\"@type\":[\"WebPage\",\"ItemPage\"],\"@id\":\"https:\\\/\\\/www.uartes.edu.ec\\\/sitio\\\/en\\\/blog\\\/2023\\\/08\\\/02\\\/paolo-vignola-investigador-asociado-nest-trato-el-marco-conceptual-del-proyecto-de-investigacion\\\/\",\"url\":\"https:\\\/\\\/www.uartes.edu.ec\\\/sitio\\\/en\\\/blog\\\/2023\\\/08\\\/02\\\/paolo-vignola-investigador-asociado-nest-trato-el-marco-conceptual-del-proyecto-de-investigacion\\\/\",\"name\":\"Universidad de las Artes - Paolo Vignola, investigador asociado NEST, trat\u00f3 el marco conceptual del proyecto y el encuentro internacional\",\"isPartOf\":{\"@id\":\"https:\\\/\\\/www.uartes.edu.ec\\\/sitio\\\/en\\\/#website\"},\"primaryImageOfPage\":{\"@id\":\"https:\\\/\\\/www.uartes.edu.ec\\\/sitio\\\/en\\\/blog\\\/2023\\\/08\\\/02\\\/paolo-vignola-investigador-asociado-nest-trato-el-marco-conceptual-del-proyecto-de-investigacion\\\/#primaryimage\"},\"image\":{\"@id\":\"https:\\\/\\\/www.uartes.edu.ec\\\/sitio\\\/en\\\/blog\\\/2023\\\/08\\\/02\\\/paolo-vignola-investigador-asociado-nest-trato-el-marco-conceptual-del-proyecto-de-investigacion\\\/#primaryimage\"},\"thumbnailUrl\":\"https:\\\/\\\/www.uartes.edu.ec\\\/sitio\\\/wp-content\\\/uploads\\\/2023\\\/08\\\/07-LOCALIDAD-Y-TECNODIVERSIDAD-CALIDAD-WEB.jpg\",\"datePublished\":\"2023-08-02T17:34:00+00:00\",\"dateModified\":\"2024-07-04T16:20:52+00:00\",\"description\":\"Universidad de las Artes - Paolo Vignola, investigador asociado NEST, trat\u00f3 el marco conceptual del proyecto y el encuentro internacional\",\"breadcrumb\":{\"@id\":\"https:\\\/\\\/www.uartes.edu.ec\\\/sitio\\\/en\\\/blog\\\/2023\\\/08\\\/02\\\/paolo-vignola-investigador-asociado-nest-trato-el-marco-conceptual-del-proyecto-de-investigacion\\\/#breadcrumb\"},\"inLanguage\":\"en-US\",\"potentialAction\":[{\"@type\":\"ReadAction\",\"target\":[\"https:\\\/\\\/www.uartes.edu.ec\\\/sitio\\\/en\\\/blog\\\/2023\\\/08\\\/02\\\/paolo-vignola-investigador-asociado-nest-trato-el-marco-conceptual-del-proyecto-de-investigacion\\\/\"]}]},{\"@type\":\"ImageObject\",\"inLanguage\":\"en-US\",\"@id\":\"https:\\\/\\\/www.uartes.edu.ec\\\/sitio\\\/en\\\/blog\\\/2023\\\/08\\\/02\\\/paolo-vignola-investigador-asociado-nest-trato-el-marco-conceptual-del-proyecto-de-investigacion\\\/#primaryimage\",\"url\":\"https:\\\/\\\/www.uartes.edu.ec\\\/sitio\\\/wp-content\\\/uploads\\\/2023\\\/08\\\/07-LOCALIDAD-Y-TECNODIVERSIDAD-CALIDAD-WEB.jpg\",\"contentUrl\":\"https:\\\/\\\/www.uartes.edu.ec\\\/sitio\\\/wp-content\\\/uploads\\\/2023\\\/08\\\/07-LOCALIDAD-Y-TECNODIVERSIDAD-CALIDAD-WEB.jpg\",\"width\":2000,\"height\":1333},{\"@type\":\"BreadcrumbList\",\"@id\":\"https:\\\/\\\/www.uartes.edu.ec\\\/sitio\\\/en\\\/blog\\\/2023\\\/08\\\/02\\\/paolo-vignola-investigador-asociado-nest-trato-el-marco-conceptual-del-proyecto-de-investigacion\\\/#breadcrumb\",\"itemListElement\":[{\"@type\":\"ListItem\",\"position\":1,\"name\":\"Inicio\",\"item\":\"https:\\\/\\\/www.uartes.edu.ec\\\/sitio\\\/\"},{\"@type\":\"ListItem\",\"position\":2,\"name\":\"Paolo Vignola, investigador asociado NEST, trat\u00f3 el marco conceptual del proyecto y el encuentro internacional\"}]},{\"@type\":\"WebSite\",\"@id\":\"https:\\\/\\\/www.uartes.edu.ec\\\/sitio\\\/en\\\/#website\",\"url\":\"https:\\\/\\\/www.uartes.edu.ec\\\/sitio\\\/en\\\/\",\"name\":\"Universidad de las Artes\",\"description\":\"Sitio oficial de la Universidad Nacional de las Artes del Ecuador\",\"publisher\":{\"@id\":\"https:\\\/\\\/www.uartes.edu.ec\\\/sitio\\\/en\\\/#organization\"},\"potentialAction\":[{\"@type\":\"SearchAction\",\"target\":{\"@type\":\"EntryPoint\",\"urlTemplate\":\"https:\\\/\\\/www.uartes.edu.ec\\\/sitio\\\/en\\\/?s={search_term_string}\"},\"query-input\":{\"@type\":\"PropertyValueSpecification\",\"valueRequired\":true,\"valueName\":\"search_term_string\"}}],\"inLanguage\":\"en-US\"},{\"@type\":\"Organization\",\"@id\":\"https:\\\/\\\/www.uartes.edu.ec\\\/sitio\\\/en\\\/#organization\",\"name\":\"Universidad de las Artes\",\"url\":\"https:\\\/\\\/www.uartes.edu.ec\\\/sitio\\\/en\\\/\",\"logo\":{\"@type\":\"ImageObject\",\"inLanguage\":\"en-US\",\"@id\":\"https:\\\/\\\/www.uartes.edu.ec\\\/sitio\\\/en\\\/#\\\/schema\\\/logo\\\/image\\\/\",\"url\":\"https:\\\/\\\/www.uartes.edu.ec\\\/sitio\\\/wp-content\\\/uploads\\\/2022\\\/07\\\/logo-ua-horizontal.png\",\"contentUrl\":\"https:\\\/\\\/www.uartes.edu.ec\\\/sitio\\\/wp-content\\\/uploads\\\/2022\\\/07\\\/logo-ua-horizontal.png\",\"width\":800,\"height\":276,\"caption\":\"Universidad de las Artes\"},\"image\":{\"@id\":\"https:\\\/\\\/www.uartes.edu.ec\\\/sitio\\\/en\\\/#\\\/schema\\\/logo\\\/image\\\/\"},\"sameAs\":[\"https:\\\/\\\/www.facebook.com\\\/uartesec\",\"https:\\\/\\\/x.com\\\/uartesec\",\"https:\\\/\\\/www.tiktok.com\\\/@uartesec\"]},{\"@type\":\"Person\",\"@id\":\"https:\\\/\\\/www.uartes.edu.ec\\\/sitio\\\/en\\\/#\\\/schema\\\/person\\\/f33f8c1d2af0d5c80a38c8abf458184a\",\"name\":\"Universidad de las Artes\",\"image\":{\"@type\":\"ImageObject\",\"inLanguage\":\"en-US\",\"@id\":\"https:\\\/\\\/secure.gravatar.com\\\/avatar\\\/52e4757902f5cfa5ac52d020e5be83cae5487519154b6c35482fe08d589f3c13?s=96&d=mm&r=g\",\"url\":\"https:\\\/\\\/secure.gravatar.com\\\/avatar\\\/52e4757902f5cfa5ac52d020e5be83cae5487519154b6c35482fe08d589f3c13?s=96&d=mm&r=g\",\"contentUrl\":\"https:\\\/\\\/secure.gravatar.com\\\/avatar\\\/52e4757902f5cfa5ac52d020e5be83cae5487519154b6c35482fe08d589f3c13?s=96&d=mm&r=g\",\"caption\":\"Universidad de las Artes\"},\"url\":\"https:\\\/\\\/www.uartes.edu.ec\\\/sitio\\\/en\\\/blog\\\/author\\\/dircomadm\\\/\"}]}<\/script>\n<!-- \/ Yoast SEO plugin. -->","yoast_head_json":{"title":"Universidad de las Artes - Paolo Vignola, investigador asociado NEST, trat\u00f3 el marco conceptual del proyecto y el encuentro internacional","description":"Universidad de las Artes - Paolo Vignola, investigador asociado NEST, trat\u00f3 el marco conceptual del proyecto y el encuentro internacional","robots":{"index":"index","follow":"follow","max-snippet":"max-snippet:-1","max-image-preview":"max-image-preview:large","max-video-preview":"max-video-preview:-1"},"canonical":"https:\/\/www.uartes.edu.ec\/sitio\/en\/blog\/2023\/08\/02\/paolo-vignola-investigador-asociado-nest-trato-el-marco-conceptual-del-proyecto-de-investigacion\/","og_locale":"en_US","og_type":"article","og_title":"Universidad de las Artes - Paolo Vignola, investigador asociado NEST, trat\u00f3 el marco conceptual del proyecto y el encuentro internacional","og_description":"Universidad de las Artes - Paolo Vignola, investigador asociado NEST, trat\u00f3 el marco conceptual del proyecto y el encuentro internacional","og_url":"https:\/\/www.uartes.edu.ec\/sitio\/en\/blog\/2023\/08\/02\/paolo-vignola-investigador-asociado-nest-trato-el-marco-conceptual-del-proyecto-de-investigacion\/","og_site_name":"Universidad de las Artes","article_publisher":"https:\/\/www.facebook.com\/uartesec","article_published_time":"2023-08-02T17:34:00+00:00","article_modified_time":"2024-07-04T16:20:52+00:00","og_image":[{"width":2000,"height":1333,"url":"https:\/\/www.uartes.edu.ec\/sitio\/wp-content\/uploads\/2023\/08\/07-LOCALIDAD-Y-TECNODIVERSIDAD-CALIDAD-WEB.jpg","type":"image\/jpeg"}],"author":"Universidad de las Artes","twitter_card":"summary_large_image","twitter_creator":"@uartesec","twitter_site":"@uartesec","twitter_misc":{"Written by":"Universidad de las Artes","Est. reading time":"5 minutes"},"schema":{"@context":"https:\/\/schema.org","@graph":[{"@type":"Article","@id":"https:\/\/www.uartes.edu.ec\/sitio\/en\/blog\/2023\/08\/02\/paolo-vignola-investigador-asociado-nest-trato-el-marco-conceptual-del-proyecto-de-investigacion\/#article","isPartOf":{"@id":"https:\/\/www.uartes.edu.ec\/sitio\/en\/blog\/2023\/08\/02\/paolo-vignola-investigador-asociado-nest-trato-el-marco-conceptual-del-proyecto-de-investigacion\/"},"author":{"name":"Universidad de las Artes","@id":"https:\/\/www.uartes.edu.ec\/sitio\/en\/#\/schema\/person\/f33f8c1d2af0d5c80a38c8abf458184a"},"headline":"Paolo Vignola, investigador asociado NEST, trat\u00f3 el marco conceptual del proyecto y el encuentro internacional","datePublished":"2023-08-02T17:34:00+00:00","dateModified":"2024-07-04T16:20:52+00:00","mainEntityOfPage":{"@id":"https:\/\/www.uartes.edu.ec\/sitio\/en\/blog\/2023\/08\/02\/paolo-vignola-investigador-asociado-nest-trato-el-marco-conceptual-del-proyecto-de-investigacion\/"},"wordCount":1161,"commentCount":0,"publisher":{"@id":"https:\/\/www.uartes.edu.ec\/sitio\/en\/#organization"},"image":{"@id":"https:\/\/www.uartes.edu.ec\/sitio\/en\/blog\/2023\/08\/02\/paolo-vignola-investigador-asociado-nest-trato-el-marco-conceptual-del-proyecto-de-investigacion\/#primaryimage"},"thumbnailUrl":"https:\/\/www.uartes.edu.ec\/sitio\/wp-content\/uploads\/2023\/08\/07-LOCALIDAD-Y-TECNODIVERSIDAD-CALIDAD-WEB.jpg","keywords":["encuentro internacional"],"articleSection":["Acad\u00e9mico","Artes","Docentes","Estudiantes","Gesti\u00f3n","Investigaci\u00f3n","Sedes"],"inLanguage":"en-US","potentialAction":[{"@type":"CommentAction","name":"Comment","target":["https:\/\/www.uartes.edu.ec\/sitio\/en\/blog\/2023\/08\/02\/paolo-vignola-investigador-asociado-nest-trato-el-marco-conceptual-del-proyecto-de-investigacion\/#respond"]}]},{"@type":["WebPage","ItemPage"],"@id":"https:\/\/www.uartes.edu.ec\/sitio\/en\/blog\/2023\/08\/02\/paolo-vignola-investigador-asociado-nest-trato-el-marco-conceptual-del-proyecto-de-investigacion\/","url":"https:\/\/www.uartes.edu.ec\/sitio\/en\/blog\/2023\/08\/02\/paolo-vignola-investigador-asociado-nest-trato-el-marco-conceptual-del-proyecto-de-investigacion\/","name":"Universidad de las Artes - Paolo Vignola, investigador asociado NEST, trat\u00f3 el marco conceptual del proyecto y el encuentro internacional","isPartOf":{"@id":"https:\/\/www.uartes.edu.ec\/sitio\/en\/#website"},"primaryImageOfPage":{"@id":"https:\/\/www.uartes.edu.ec\/sitio\/en\/blog\/2023\/08\/02\/paolo-vignola-investigador-asociado-nest-trato-el-marco-conceptual-del-proyecto-de-investigacion\/#primaryimage"},"image":{"@id":"https:\/\/www.uartes.edu.ec\/sitio\/en\/blog\/2023\/08\/02\/paolo-vignola-investigador-asociado-nest-trato-el-marco-conceptual-del-proyecto-de-investigacion\/#primaryimage"},"thumbnailUrl":"https:\/\/www.uartes.edu.ec\/sitio\/wp-content\/uploads\/2023\/08\/07-LOCALIDAD-Y-TECNODIVERSIDAD-CALIDAD-WEB.jpg","datePublished":"2023-08-02T17:34:00+00:00","dateModified":"2024-07-04T16:20:52+00:00","description":"Universidad de las Artes - Paolo Vignola, investigador asociado NEST, trat\u00f3 el marco conceptual del proyecto y el encuentro internacional","breadcrumb":{"@id":"https:\/\/www.uartes.edu.ec\/sitio\/en\/blog\/2023\/08\/02\/paolo-vignola-investigador-asociado-nest-trato-el-marco-conceptual-del-proyecto-de-investigacion\/#breadcrumb"},"inLanguage":"en-US","potentialAction":[{"@type":"ReadAction","target":["https:\/\/www.uartes.edu.ec\/sitio\/en\/blog\/2023\/08\/02\/paolo-vignola-investigador-asociado-nest-trato-el-marco-conceptual-del-proyecto-de-investigacion\/"]}]},{"@type":"ImageObject","inLanguage":"en-US","@id":"https:\/\/www.uartes.edu.ec\/sitio\/en\/blog\/2023\/08\/02\/paolo-vignola-investigador-asociado-nest-trato-el-marco-conceptual-del-proyecto-de-investigacion\/#primaryimage","url":"https:\/\/www.uartes.edu.ec\/sitio\/wp-content\/uploads\/2023\/08\/07-LOCALIDAD-Y-TECNODIVERSIDAD-CALIDAD-WEB.jpg","contentUrl":"https:\/\/www.uartes.edu.ec\/sitio\/wp-content\/uploads\/2023\/08\/07-LOCALIDAD-Y-TECNODIVERSIDAD-CALIDAD-WEB.jpg","width":2000,"height":1333},{"@type":"BreadcrumbList","@id":"https:\/\/www.uartes.edu.ec\/sitio\/en\/blog\/2023\/08\/02\/paolo-vignola-investigador-asociado-nest-trato-el-marco-conceptual-del-proyecto-de-investigacion\/#breadcrumb","itemListElement":[{"@type":"ListItem","position":1,"name":"Inicio","item":"https:\/\/www.uartes.edu.ec\/sitio\/"},{"@type":"ListItem","position":2,"name":"Paolo Vignola, investigador asociado NEST, trat\u00f3 el marco conceptual del proyecto y el encuentro internacional"}]},{"@type":"WebSite","@id":"https:\/\/www.uartes.edu.ec\/sitio\/en\/#website","url":"https:\/\/www.uartes.edu.ec\/sitio\/en\/","name":"Universidad de las Artes","description":"Sitio oficial de la Universidad Nacional de las Artes del Ecuador","publisher":{"@id":"https:\/\/www.uartes.edu.ec\/sitio\/en\/#organization"},"potentialAction":[{"@type":"SearchAction","target":{"@type":"EntryPoint","urlTemplate":"https:\/\/www.uartes.edu.ec\/sitio\/en\/?s={search_term_string}"},"query-input":{"@type":"PropertyValueSpecification","valueRequired":true,"valueName":"search_term_string"}}],"inLanguage":"en-US"},{"@type":"Organization","@id":"https:\/\/www.uartes.edu.ec\/sitio\/en\/#organization","name":"Universidad de las Artes","url":"https:\/\/www.uartes.edu.ec\/sitio\/en\/","logo":{"@type":"ImageObject","inLanguage":"en-US","@id":"https:\/\/www.uartes.edu.ec\/sitio\/en\/#\/schema\/logo\/image\/","url":"https:\/\/www.uartes.edu.ec\/sitio\/wp-content\/uploads\/2022\/07\/logo-ua-horizontal.png","contentUrl":"https:\/\/www.uartes.edu.ec\/sitio\/wp-content\/uploads\/2022\/07\/logo-ua-horizontal.png","width":800,"height":276,"caption":"Universidad de las Artes"},"image":{"@id":"https:\/\/www.uartes.edu.ec\/sitio\/en\/#\/schema\/logo\/image\/"},"sameAs":["https:\/\/www.facebook.com\/uartesec","https:\/\/x.com\/uartesec","https:\/\/www.tiktok.com\/@uartesec"]},{"@type":"Person","@id":"https:\/\/www.uartes.edu.ec\/sitio\/en\/#\/schema\/person\/f33f8c1d2af0d5c80a38c8abf458184a","name":"Universidad de las Artes","image":{"@type":"ImageObject","inLanguage":"en-US","@id":"https:\/\/secure.gravatar.com\/avatar\/52e4757902f5cfa5ac52d020e5be83cae5487519154b6c35482fe08d589f3c13?s=96&d=mm&r=g","url":"https:\/\/secure.gravatar.com\/avatar\/52e4757902f5cfa5ac52d020e5be83cae5487519154b6c35482fe08d589f3c13?s=96&d=mm&r=g","contentUrl":"https:\/\/secure.gravatar.com\/avatar\/52e4757902f5cfa5ac52d020e5be83cae5487519154b6c35482fe08d589f3c13?s=96&d=mm&r=g","caption":"Universidad de las Artes"},"url":"https:\/\/www.uartes.edu.ec\/sitio\/en\/blog\/author\/dircomadm\/"}]}},"uagb_featured_image_src":{"full":["https:\/\/www.uartes.edu.ec\/sitio\/wp-content\/uploads\/2023\/08\/07-LOCALIDAD-Y-TECNODIVERSIDAD-CALIDAD-WEB.jpg",2000,1333,false],"thumbnail":["https:\/\/www.uartes.edu.ec\/sitio\/wp-content\/uploads\/2023\/08\/07-LOCALIDAD-Y-TECNODIVERSIDAD-CALIDAD-WEB-150x150.jpg",150,150,true],"medium":["https:\/\/www.uartes.edu.ec\/sitio\/wp-content\/uploads\/2023\/08\/07-LOCALIDAD-Y-TECNODIVERSIDAD-CALIDAD-WEB-300x200.jpg",300,200,true],"medium_large":["https:\/\/www.uartes.edu.ec\/sitio\/wp-content\/uploads\/2023\/08\/07-LOCALIDAD-Y-TECNODIVERSIDAD-CALIDAD-WEB-768x512.jpg",768,512,true],"large":["https:\/\/www.uartes.edu.ec\/sitio\/wp-content\/uploads\/2023\/08\/07-LOCALIDAD-Y-TECNODIVERSIDAD-CALIDAD-WEB-644x429.jpg",644,429,true],"1536x1536":["https:\/\/www.uartes.edu.ec\/sitio\/wp-content\/uploads\/2023\/08\/07-LOCALIDAD-Y-TECNODIVERSIDAD-CALIDAD-WEB-1536x1024.jpg",1536,1024,true],"2048x2048":["https:\/\/www.uartes.edu.ec\/sitio\/wp-content\/uploads\/2023\/08\/07-LOCALIDAD-Y-TECNODIVERSIDAD-CALIDAD-WEB.jpg",2000,1333,false],"trp-custom-language-flag":["https:\/\/www.uartes.edu.ec\/sitio\/wp-content\/uploads\/2023\/08\/07-LOCALIDAD-Y-TECNODIVERSIDAD-CALIDAD-WEB.jpg",18,12,false],"htmega_size_585x295":["https:\/\/www.uartes.edu.ec\/sitio\/wp-content\/uploads\/2023\/08\/07-LOCALIDAD-Y-TECNODIVERSIDAD-CALIDAD-WEB-585x295.jpg",585,295,true],"htmega_size_1170x536":["https:\/\/www.uartes.edu.ec\/sitio\/wp-content\/uploads\/2023\/08\/07-LOCALIDAD-Y-TECNODIVERSIDAD-CALIDAD-WEB-1170x536.jpg",1170,536,true],"htmega_size_396x360":["https:\/\/www.uartes.edu.ec\/sitio\/wp-content\/uploads\/2023\/08\/07-LOCALIDAD-Y-TECNODIVERSIDAD-CALIDAD-WEB-396x360.jpg",396,360,true],"gb-block-post-grid-landscape":["https:\/\/www.uartes.edu.ec\/sitio\/wp-content\/uploads\/2023\/08\/07-LOCALIDAD-Y-TECNODIVERSIDAD-CALIDAD-WEB-600x400.jpg",600,400,true],"gb-block-post-grid-square":["https:\/\/www.uartes.edu.ec\/sitio\/wp-content\/uploads\/2023\/08\/07-LOCALIDAD-Y-TECNODIVERSIDAD-CALIDAD-WEB-600x600.jpg",600,600,true],"university-hub-thumb":["https:\/\/www.uartes.edu.ec\/sitio\/wp-content\/uploads\/2023\/08\/07-LOCALIDAD-Y-TECNODIVERSIDAD-CALIDAD-WEB-400x267.jpg",400,267,true]},"uagb_author_info":{"display_name":"Universidad de las Artes","author_link":"https:\/\/www.uartes.edu.ec\/sitio\/en\/blog\/author\/dircomadm\/"},"uagb_comment_info":0,"uagb_excerpt":"En el primer d\u00eda del encuentro art\u00edstico y simposio Internacional \u201cLocalidad y Tecnodiversidad: Hacia territorios art\u00edstica y ecol\u00f3gicamente inteligentes\u201d, iniciado este 1 de agosto, Paolo Vignola, investigador asociado del proyecto transdisciplinar e internacional NEST, brind\u00f3 una ponencia en la que abord\u00f3 su marco m\u00e1s conceptual. El coloquio, dijo, era un poco la extensi\u00f3n y continuaci\u00f3n&hellip;","featured_image_src":"https:\/\/www.uartes.edu.ec\/sitio\/wp-content\/uploads\/2023\/08\/07-LOCALIDAD-Y-TECNODIVERSIDAD-CALIDAD-WEB-600x400.jpg","featured_image_src_square":"https:\/\/www.uartes.edu.ec\/sitio\/wp-content\/uploads\/2023\/08\/07-LOCALIDAD-Y-TECNODIVERSIDAD-CALIDAD-WEB-600x600.jpg","author_info":{"display_name":"Universidad de las Artes","author_link":"https:\/\/www.uartes.edu.ec\/sitio\/en\/blog\/author\/dircomadm\/"},"publishpress_future_workflow_manual_trigger":{"enabledWorkflows":[]},"distributor_meta":false,"distributor_terms":false,"distributor_media":false,"distributor_original_site_name":"Universidad de las Artes","distributor_original_site_url":"https:\/\/www.uartes.edu.ec\/sitio\/en","push-errors":false,"_links":{"self":[{"href":"https:\/\/www.uartes.edu.ec\/sitio\/en\/wp-json\/wp\/v2\/posts\/45542","targetHints":{"allow":["GET"]}}],"collection":[{"href":"https:\/\/www.uartes.edu.ec\/sitio\/en\/wp-json\/wp\/v2\/posts"}],"about":[{"href":"https:\/\/www.uartes.edu.ec\/sitio\/en\/wp-json\/wp\/v2\/types\/post"}],"author":[{"embeddable":true,"href":"https:\/\/www.uartes.edu.ec\/sitio\/en\/wp-json\/wp\/v2\/users\/1"}],"replies":[{"embeddable":true,"href":"https:\/\/www.uartes.edu.ec\/sitio\/en\/wp-json\/wp\/v2\/comments?post=45542"}],"version-history":[{"count":4,"href":"https:\/\/www.uartes.edu.ec\/sitio\/en\/wp-json\/wp\/v2\/posts\/45542\/revisions"}],"predecessor-version":[{"id":45592,"href":"https:\/\/www.uartes.edu.ec\/sitio\/en\/wp-json\/wp\/v2\/posts\/45542\/revisions\/45592"}],"wp:featuredmedia":[{"embeddable":true,"href":"https:\/\/www.uartes.edu.ec\/sitio\/en\/wp-json\/wp\/v2\/media\/45579"}],"wp:attachment":[{"href":"https:\/\/www.uartes.edu.ec\/sitio\/en\/wp-json\/wp\/v2\/media?parent=45542"}],"wp:term":[{"taxonomy":"category","embeddable":true,"href":"https:\/\/www.uartes.edu.ec\/sitio\/en\/wp-json\/wp\/v2\/categories?post=45542"},{"taxonomy":"post_tag","embeddable":true,"href":"https:\/\/www.uartes.edu.ec\/sitio\/en\/wp-json\/wp\/v2\/tags?post=45542"},{"taxonomy":"infouartes","embeddable":true,"href":"https:\/\/www.uartes.edu.ec\/sitio\/en\/wp-json\/wp\/v2\/infouartes?post=45542"}],"curies":[{"name":"wp","href":"https:\/\/api.w.org\/{rel}","templated":true}]}}