{"id":45544,"date":"2023-08-02T10:18:00","date_gmt":"2023-08-02T15:18:00","guid":{"rendered":"https:\/\/www.uartes.edu.ec\/sitio\/?p=45544"},"modified":"2024-07-04T11:20:52","modified_gmt":"2024-07-04T16:20:52","slug":"localidad-y-tecnodiversidad-hacia-territorios-artistica-y-ecologicamente-inteligentes","status":"publish","type":"post","link":"https:\/\/www.uartes.edu.ec\/sitio\/en\/blog\/2023\/08\/02\/localidad-y-tecnodiversidad-hacia-territorios-artistica-y-ecologicamente-inteligentes\/","title":{"rendered":"\u201cLocalidad y Tecnodiversidad: Hacia territorios art\u00edstica y ecol\u00f3gicamente inteligentes\u201d, encuentro y simposio"},"content":{"rendered":"<p>Organizado por la Direcci\u00f3n de Pol\u00edticas de Investigaci\u00f3n de la Universidad de las Artes, este martes 1 de agosto se dio inicio en el MZ14 Centro de Producci\u00f3n e Innovaci\u00f3n al encuentro art\u00edstico y simposio internacional \u201cLocalidad y Tecnodiversidad: Hacia territorios art\u00edstica y ecol\u00f3gicamente inteligentes\u201d, que hasta el domingo 6 tendr\u00e1 entre sus actividades ponencias, exposiciones, recitales musicales, proyecciones audiovisuales y acciones po\u00e9ticas.<\/p>\n\n\n\n<p>Tambi\u00e9n se presentar\u00e1n proyectos de investigaci\u00f3n en artes, de procesos pedag\u00f3gico-art\u00edsticos y de v\u00ednculo con la sociedad.<\/p>\n\n\n\n<p>Sara Baranzoni, doctora e investigadora asociada al proyecto NEST (Networking Ecologically Smart Territories) y exdocente UArtes, resalt\u00f3 el trabajo que a la distancia se viene desarrollando con esta red de investigaci\u00f3n internacional, dirigida en Ecuador por Gabriela Rivadeneira Crespo, titular de la Direcci\u00f3n de Pol\u00edticas de Investigaci\u00f3n en Artes. Expres\u00f3 tambi\u00e9n la emoci\u00f3n de volver a la universidad, donde est\u00e1n los recuerdos y las amistades, que tambi\u00e9n hicieron parte del momento.<\/p>\n\n\n<div class=\"wp-block-image\">\n<figure class=\"aligncenter size-large\"><img fetchpriority=\"high\" decoding=\"async\" width=\"644\" height=\"429\" src=\"https:\/\/www.uartes.edu.ec\/sitio\/wp-content\/uploads\/2023\/08\/01-LOCALIDAD-Y-TECNODIVERSIDAD-CALIDAD-WEB-644x429.jpg\" alt=\"\" class=\"wp-image-45560\" srcset=\"https:\/\/www.uartes.edu.ec\/sitio\/wp-content\/uploads\/2023\/08\/01-LOCALIDAD-Y-TECNODIVERSIDAD-CALIDAD-WEB-644x429.jpg 644w, https:\/\/www.uartes.edu.ec\/sitio\/wp-content\/uploads\/2023\/08\/01-LOCALIDAD-Y-TECNODIVERSIDAD-CALIDAD-WEB-300x200.jpg 300w, https:\/\/www.uartes.edu.ec\/sitio\/wp-content\/uploads\/2023\/08\/01-LOCALIDAD-Y-TECNODIVERSIDAD-CALIDAD-WEB-768x512.jpg 768w, https:\/\/www.uartes.edu.ec\/sitio\/wp-content\/uploads\/2023\/08\/01-LOCALIDAD-Y-TECNODIVERSIDAD-CALIDAD-WEB-1536x1024.jpg 1536w, https:\/\/www.uartes.edu.ec\/sitio\/wp-content\/uploads\/2023\/08\/01-LOCALIDAD-Y-TECNODIVERSIDAD-CALIDAD-WEB-600x400.jpg 600w, https:\/\/www.uartes.edu.ec\/sitio\/wp-content\/uploads\/2023\/08\/01-LOCALIDAD-Y-TECNODIVERSIDAD-CALIDAD-WEB-400x267.jpg 400w, https:\/\/www.uartes.edu.ec\/sitio\/wp-content\/uploads\/2023\/08\/01-LOCALIDAD-Y-TECNODIVERSIDAD-CALIDAD-WEB-272x182.jpg 272w, https:\/\/www.uartes.edu.ec\/sitio\/wp-content\/uploads\/2023\/08\/01-LOCALIDAD-Y-TECNODIVERSIDAD-CALIDAD-WEB.jpg 2000w\" sizes=\"(max-width: 644px) 100vw, 644px\" \/><\/figure>\n<\/div>\n\n\n<p>En su intervenci\u00f3n, el rector William Herrera anot\u00f3 que siempre es importante agradecer y as\u00ed lo hizo, mencionando a todos los equipos inmersos en la organizaci\u00f3n del simposio y en el proyecto. Como universidad este tipo de actividades nos conducen a preguntas b\u00e1sicas que debemos plantearnos, dijo y record\u00f3 que se formularon en la inauguraci\u00f3n del congreso Manglar: Educaci\u00f3n Art\u00edstica e Interculturalidad, recientemente desarrollado.<\/p>\n\n\n\n<p>\u00bfQu\u00e9 sociedad y universidad queremos?, \u00bfqu\u00e9 tipo de investigaci\u00f3n queremos hacer?, cuestion\u00f3 y sostuvo que no debemos esquivar la reflexi\u00f3n acerca de la pertinencia que tienen las universidades con su entorno, la pertinencia que tienen los proyectos de investigaci\u00f3n con las problem\u00e1ticas actuales, con los desaf\u00edos que enfrentamos como sociedad y humanidad. En el caso nuestro, esas preguntas deben estar relacionadas con cuatro dimensiones que podr\u00edan identificarla.<\/p>\n\n\n\n<p>La primera, justamente, que es una Universidad de las Artes dedicada a los procesos de formaci\u00f3n e investigaci\u00f3n art\u00edstica y a generar conocimiento sensible. La segunda, nuestra condici\u00f3n de universidad p\u00fablica y lo fundamental que es la educaci\u00f3n p\u00fablica en el contexto guayaquile\u00f1o, ecuatoriano y latinoamericano. La tercera, que somos una universidad ecuatoriana y latinoamericana y que somos lo que somos por esa historia en com\u00fan que tenemos con los pa\u00edses y pueblos latinoamericanos. La cuarta, preguntarnos c\u00f3mo hacemos investigaci\u00f3n en el siglo 21 y qui\u00e9nes participan en los procesos de investigaci\u00f3n.<\/p>\n\n\n<div class=\"wp-block-image\">\n<figure class=\"aligncenter size-large\"><img decoding=\"async\" width=\"644\" height=\"429\" src=\"https:\/\/www.uartes.edu.ec\/sitio\/wp-content\/uploads\/2023\/08\/02-LOCALIDAD-Y-TECNODIVERSIDAD-CALIDAD-WEB-644x429.jpg\" alt=\"\" class=\"wp-image-45561\" srcset=\"https:\/\/www.uartes.edu.ec\/sitio\/wp-content\/uploads\/2023\/08\/02-LOCALIDAD-Y-TECNODIVERSIDAD-CALIDAD-WEB-644x429.jpg 644w, https:\/\/www.uartes.edu.ec\/sitio\/wp-content\/uploads\/2023\/08\/02-LOCALIDAD-Y-TECNODIVERSIDAD-CALIDAD-WEB-300x200.jpg 300w, https:\/\/www.uartes.edu.ec\/sitio\/wp-content\/uploads\/2023\/08\/02-LOCALIDAD-Y-TECNODIVERSIDAD-CALIDAD-WEB-768x512.jpg 768w, https:\/\/www.uartes.edu.ec\/sitio\/wp-content\/uploads\/2023\/08\/02-LOCALIDAD-Y-TECNODIVERSIDAD-CALIDAD-WEB-1536x1024.jpg 1536w, https:\/\/www.uartes.edu.ec\/sitio\/wp-content\/uploads\/2023\/08\/02-LOCALIDAD-Y-TECNODIVERSIDAD-CALIDAD-WEB-600x400.jpg 600w, https:\/\/www.uartes.edu.ec\/sitio\/wp-content\/uploads\/2023\/08\/02-LOCALIDAD-Y-TECNODIVERSIDAD-CALIDAD-WEB-400x267.jpg 400w, https:\/\/www.uartes.edu.ec\/sitio\/wp-content\/uploads\/2023\/08\/02-LOCALIDAD-Y-TECNODIVERSIDAD-CALIDAD-WEB-272x182.jpg 272w, https:\/\/www.uartes.edu.ec\/sitio\/wp-content\/uploads\/2023\/08\/02-LOCALIDAD-Y-TECNODIVERSIDAD-CALIDAD-WEB.jpg 2000w\" sizes=\"(max-width: 644px) 100vw, 644px\" \/><\/figure>\n<\/div>\n\n\n<p>Agreg\u00f3 que hablar de localidad y tecnodiversidades y de los desaf\u00edos intelectuales, contempor\u00e1neos, sociales y reales que plantea el proyecto NEST \u201cnos est\u00e1 marcando uno de los rumbos m\u00e1s fruct\u00edferos y estimulantes que tiene en este momento la Universidad de las Artes en el campo de investigaci\u00f3n\u201d. El rector hizo votos porque las jornadas del encuentro sean enriquecedoras para los participantes y asistentes a las distintas actividades. Dio tambi\u00e9n la bienvenida a quienes nos visitan.<\/p>\n\n\n\n<p>Antes de dar paso a la doctora Rivadeneira, Baranzoni expres\u00f3 la importancia de comprender, entender y apoyar las expresiones de las distintas inteligencias, modos de pensar territoriales y locales. \u201cSabemos muy bien que la universidad tiene un recorrido importante dentro de ese campo y realmente la contribuci\u00f3n de esta instituci\u00f3n al proyecto es muy fuerte\u201d.<\/p>\n\n\n\n<p>Un grupo especial de artistas toman parte en el encuentro, as\u00ed como investigadores y te\u00f3ricos venidos de diferentes partes de Ecuador y del mundo, indic\u00f3 Rivadeneira tras agradecer las participaciones y audiencias. Tambi\u00e9n agradeci\u00f3 a su equipo de la Direcci\u00f3n de Pol\u00edticas de Investigaci\u00f3n de la Artes por sacar adelante la programaci\u00f3n a desarrollar y a todos los equipos de la universidad que siempre hacen que sea posible estos encuentros.<\/p>\n\n\n<div class=\"wp-block-image\">\n<figure class=\"aligncenter size-large\"><img decoding=\"async\" width=\"644\" height=\"429\" src=\"https:\/\/www.uartes.edu.ec\/sitio\/wp-content\/uploads\/2023\/08\/04-LOCALIDAD-Y-TECNODIVERSIDAD-CALIDAD-WEB-644x429.jpg\" alt=\"\" class=\"wp-image-45563\" srcset=\"https:\/\/www.uartes.edu.ec\/sitio\/wp-content\/uploads\/2023\/08\/04-LOCALIDAD-Y-TECNODIVERSIDAD-CALIDAD-WEB-644x429.jpg 644w, https:\/\/www.uartes.edu.ec\/sitio\/wp-content\/uploads\/2023\/08\/04-LOCALIDAD-Y-TECNODIVERSIDAD-CALIDAD-WEB-300x200.jpg 300w, https:\/\/www.uartes.edu.ec\/sitio\/wp-content\/uploads\/2023\/08\/04-LOCALIDAD-Y-TECNODIVERSIDAD-CALIDAD-WEB-768x512.jpg 768w, https:\/\/www.uartes.edu.ec\/sitio\/wp-content\/uploads\/2023\/08\/04-LOCALIDAD-Y-TECNODIVERSIDAD-CALIDAD-WEB-1536x1024.jpg 1536w, https:\/\/www.uartes.edu.ec\/sitio\/wp-content\/uploads\/2023\/08\/04-LOCALIDAD-Y-TECNODIVERSIDAD-CALIDAD-WEB-600x400.jpg 600w, https:\/\/www.uartes.edu.ec\/sitio\/wp-content\/uploads\/2023\/08\/04-LOCALIDAD-Y-TECNODIVERSIDAD-CALIDAD-WEB-400x267.jpg 400w, https:\/\/www.uartes.edu.ec\/sitio\/wp-content\/uploads\/2023\/08\/04-LOCALIDAD-Y-TECNODIVERSIDAD-CALIDAD-WEB-272x182.jpg 272w, https:\/\/www.uartes.edu.ec\/sitio\/wp-content\/uploads\/2023\/08\/04-LOCALIDAD-Y-TECNODIVERSIDAD-CALIDAD-WEB.jpg 2000w\" sizes=\"(max-width: 644px) 100vw, 644px\" \/><\/figure>\n<\/div>\n\n\n<p>Se refiri\u00f3 de la presentaci\u00f3n en la misma jornada inaugural del ensamble l\u00fadico experimental de una muestra del m\u00e9todo de direcci\u00f3n gestual aplicado en el proyecto de v\u00ednculo con la sociedad \u201cBarrio Acogiente: estrategias de educaci\u00f3n no formal para la reducci\u00f3n de la xenofobia\u201d, en el que intervienen Antonio Cepeda y Janina Su\u00e1rez.<\/p>\n\n\n\n<p>Se\u00f1al\u00f3 que en la galer\u00eda y la b\u00f3veda del CIF, as\u00ed como en el Proyect Room, se inauguraban obras de artistas investigadores nacionales e internacionales. \u201cEco-localidades\u201d en los primeros espacios expositivos en menci\u00f3n (planta baja del MZ14), con propuestas de Luvin Aldemar Caug, Miguel Alvear Chopin Themes, lan Albino, Jes\u00fas Basante, John Benavides, Juan Sebasti\u00e1n Bravo, Heidy Carmona Gordillo, Isabel Cortez Lagos, Danna Garz\u00f3n, Mar\u00eda Jos\u00e9 Gonz\u00e1lez, Javier G\u00f3mez Mu\u00f1oz, Jerson Guerrero Galarraga, Patricia Mart\u00ednez, Germ\u00e1n Monederos, Teo Monsnive, Alexandra S\u00e1nchez, Pilar Soto y la suya propia, conjuntamente con Hugo Idrovo.<\/p>\n\n\n\n<p>En el Proyect Room (primer piso del MZ14), el artista Teodoro Monsalve con la obra CESO (2018-2023), curada por Guadalupe \u00c1lvarez, docente UArtes. &nbsp;<\/p>\n\n\n<div class=\"wp-block-image\">\n<figure class=\"aligncenter size-large\"><img loading=\"lazy\" decoding=\"async\" width=\"644\" height=\"429\" src=\"https:\/\/www.uartes.edu.ec\/sitio\/wp-content\/uploads\/2023\/08\/05-LOCALIDAD-Y-TECNODIVERSIDAD-CALIDAD-WEB-644x429.jpg\" alt=\"\" class=\"wp-image-45564\" srcset=\"https:\/\/www.uartes.edu.ec\/sitio\/wp-content\/uploads\/2023\/08\/05-LOCALIDAD-Y-TECNODIVERSIDAD-CALIDAD-WEB-644x429.jpg 644w, https:\/\/www.uartes.edu.ec\/sitio\/wp-content\/uploads\/2023\/08\/05-LOCALIDAD-Y-TECNODIVERSIDAD-CALIDAD-WEB-300x200.jpg 300w, https:\/\/www.uartes.edu.ec\/sitio\/wp-content\/uploads\/2023\/08\/05-LOCALIDAD-Y-TECNODIVERSIDAD-CALIDAD-WEB-768x512.jpg 768w, https:\/\/www.uartes.edu.ec\/sitio\/wp-content\/uploads\/2023\/08\/05-LOCALIDAD-Y-TECNODIVERSIDAD-CALIDAD-WEB-1536x1024.jpg 1536w, https:\/\/www.uartes.edu.ec\/sitio\/wp-content\/uploads\/2023\/08\/05-LOCALIDAD-Y-TECNODIVERSIDAD-CALIDAD-WEB-600x400.jpg 600w, https:\/\/www.uartes.edu.ec\/sitio\/wp-content\/uploads\/2023\/08\/05-LOCALIDAD-Y-TECNODIVERSIDAD-CALIDAD-WEB-400x267.jpg 400w, https:\/\/www.uartes.edu.ec\/sitio\/wp-content\/uploads\/2023\/08\/05-LOCALIDAD-Y-TECNODIVERSIDAD-CALIDAD-WEB-272x182.jpg 272w, https:\/\/www.uartes.edu.ec\/sitio\/wp-content\/uploads\/2023\/08\/05-LOCALIDAD-Y-TECNODIVERSIDAD-CALIDAD-WEB.jpg 2000w\" sizes=\"(max-width: 644px) 100vw, 644px\" \/><\/figure>\n<\/div>\n\n\n<p>Coment\u00f3 tambi\u00e9n que las propuestas son el resultado de un proyecto de investigaci\u00f3n de la universidad en el que participan diez docentes investigadores. \u201cMuchos somos artistas y otros, de corte m\u00e1s te\u00f3rico-cient\u00edfico. Vamos a tener tambi\u00e9n (el viernes 4) al mexicano Manuel DeLanda, vamos a tener posibilidad de ver su obra\u201d.<\/p>\n\n\n\n<p>A\u00f1adi\u00f3 que este proyecto es parte de un consorcio de universidades de Francia, Polonia, Irlanda, Estados Unidos y Ecuador, financiado por la Uni\u00f3n Europea, por una l\u00ednea de fomento que promueve las estancias de investigaci\u00f3n. \u201cNuestros investigadores hacen estancias de investigaci\u00f3n en estos pa\u00edses y encuentran a sus hom\u00f3logos y pares que est\u00e1n desarrollando investigaciones similares en temas de tecnodiversidad, localidad y territorio\u201d.<\/p>\n\n\n\n<p>De este grupo de investigadores de los pa\u00edses del consorcio tenemos ya visitas, as\u00ed como algunos de nuestros investigadores han salido a otros pa\u00edses, lo cual se seguir\u00e1 haciendo este a\u00f1o y el pr\u00f3ximo, dijo Rivadeneira antes de presentar a Paolo Vignola con el marco m\u00e1s conceptual del proyecto NEST.<\/p>\n\n\n\n<p>En im\u00e1genes, los doctores Sara Baranzoni, investigadora y acad\u00e9mica; William Herrera, rector de la  UArtes; y Ana Gabriela Rivadeneira Crespo, directora de Pol\u00edticas de Investigaci\u00f3n en Artes. <\/p>","protected":false},"excerpt":{"rendered":"<p>Organizado por la Direcci\u00f3n de Pol\u00edticas de Investigaci\u00f3n de la UArtes, este 1 de agosto se dio inicio en el MZ14 al encuentro art\u00edstico y simposio internacional \u201cLocalidad y Tecnodiversidad: Hacia territorios art\u00edstica y ecol\u00f3gicamente inteligentes\u201d, que hasta el domingo 6 tendr\u00e1 ponencias, exposiciones, recitales, proyecciones audiovisuales, acciones po\u00e9ticas, entre otras actividades.<\/p>","protected":false},"author":1,"featured_media":45562,"comment_status":"open","ping_status":"open","sticky":false,"template":"","format":"standard","meta":{"_acf_changed":false,"_uag_custom_page_level_css":"","_monsterinsights_skip_tracking":false,"_monsterinsights_sitenote_active":false,"_monsterinsights_sitenote_note":"","_monsterinsights_sitenote_category":0,"cybocfi_hide_featured_image":"","footnotes":""},"categories":[80,82,75,76,284,83,79],"tags":[521],"infouartes":[],"class_list":["post-45544","post","type-post","status-publish","format-standard","has-post-thumbnail","hentry","category-academico","category-artes","category-docentes","category-estudiantes","category-investigacion","category-sedes","category-vinculo","tag-encuentro"],"acf":[],"yoast_head":"<!-- This site is optimized with the Yoast SEO plugin v27.4 - https:\/\/yoast.com\/product\/yoast-seo-wordpress\/ -->\n<title>Universidad de las Artes - \u201cLocalidad y Tecnodiversidad: Hacia territorios art\u00edstica y ecol\u00f3gicamente inteligentes\u201d, encuentro y simposio<\/title>\n<meta name=\"description\" content=\"Universidad de las Artes - \u201cLocalidad y Tecnodiversidad: Hacia territorios art\u00edstica y ecol\u00f3gicamente inteligentes\u201d, encuentro y simposio\" \/>\n<meta name=\"robots\" content=\"index, follow, max-snippet:-1, max-image-preview:large, max-video-preview:-1\" \/>\n<link rel=\"canonical\" href=\"https:\/\/www.uartes.edu.ec\/sitio\/en\/blog\/2023\/08\/02\/localidad-y-tecnodiversidad-hacia-territorios-artistica-y-ecologicamente-inteligentes\/\" \/>\n<meta property=\"og:locale\" content=\"en_US\" \/>\n<meta property=\"og:type\" content=\"article\" \/>\n<meta property=\"og:title\" content=\"Universidad de las Artes - \u201cLocalidad y Tecnodiversidad: Hacia territorios art\u00edstica y ecol\u00f3gicamente inteligentes\u201d, encuentro y simposio\" \/>\n<meta property=\"og:description\" content=\"Universidad de las Artes - \u201cLocalidad y Tecnodiversidad: Hacia territorios art\u00edstica y ecol\u00f3gicamente inteligentes\u201d, encuentro y simposio\" \/>\n<meta property=\"og:url\" content=\"https:\/\/www.uartes.edu.ec\/sitio\/en\/blog\/2023\/08\/02\/localidad-y-tecnodiversidad-hacia-territorios-artistica-y-ecologicamente-inteligentes\/\" \/>\n<meta property=\"og:site_name\" content=\"Universidad de las Artes\" \/>\n<meta property=\"article:publisher\" content=\"https:\/\/www.facebook.com\/uartesec\" \/>\n<meta property=\"article:published_time\" content=\"2023-08-02T15:18:00+00:00\" \/>\n<meta property=\"article:modified_time\" content=\"2024-07-04T16:20:52+00:00\" \/>\n<meta property=\"og:image\" content=\"https:\/\/www.uartes.edu.ec\/sitio\/wp-content\/uploads\/2023\/08\/03-LOCALIDAD-Y-TECNODIVERSIDAD-CALIDAD-WEB.jpg\" \/>\n\t<meta property=\"og:image:width\" content=\"2000\" \/>\n\t<meta property=\"og:image:height\" content=\"1333\" \/>\n\t<meta property=\"og:image:type\" content=\"image\/jpeg\" \/>\n<meta name=\"author\" content=\"Universidad de las Artes\" \/>\n<meta name=\"twitter:card\" content=\"summary_large_image\" \/>\n<meta name=\"twitter:creator\" content=\"@uartesec\" \/>\n<meta name=\"twitter:site\" content=\"@uartesec\" \/>\n<meta name=\"twitter:label1\" content=\"Written by\" \/>\n\t<meta name=\"twitter:data1\" content=\"Universidad de las Artes\" \/>\n\t<meta name=\"twitter:label2\" content=\"Est. reading time\" \/>\n\t<meta name=\"twitter:data2\" content=\"6 minutes\" \/>\n<script type=\"application\/ld+json\" class=\"yoast-schema-graph\">{\"@context\":\"https:\\\/\\\/schema.org\",\"@graph\":[{\"@type\":\"Article\",\"@id\":\"https:\\\/\\\/www.uartes.edu.ec\\\/sitio\\\/en\\\/blog\\\/2023\\\/08\\\/02\\\/localidad-y-tecnodiversidad-hacia-territorios-artistica-y-ecologicamente-inteligentes\\\/#article\",\"isPartOf\":{\"@id\":\"https:\\\/\\\/www.uartes.edu.ec\\\/sitio\\\/en\\\/blog\\\/2023\\\/08\\\/02\\\/localidad-y-tecnodiversidad-hacia-territorios-artistica-y-ecologicamente-inteligentes\\\/\"},\"author\":{\"name\":\"Universidad de las Artes\",\"@id\":\"https:\\\/\\\/www.uartes.edu.ec\\\/sitio\\\/en\\\/#\\\/schema\\\/person\\\/f33f8c1d2af0d5c80a38c8abf458184a\"},\"headline\":\"\u201cLocalidad y Tecnodiversidad: Hacia territorios art\u00edstica y ecol\u00f3gicamente inteligentes\u201d, encuentro y simposio\",\"datePublished\":\"2023-08-02T15:18:00+00:00\",\"dateModified\":\"2024-07-04T16:20:52+00:00\",\"mainEntityOfPage\":{\"@id\":\"https:\\\/\\\/www.uartes.edu.ec\\\/sitio\\\/en\\\/blog\\\/2023\\\/08\\\/02\\\/localidad-y-tecnodiversidad-hacia-territorios-artistica-y-ecologicamente-inteligentes\\\/\"},\"wordCount\":1051,\"commentCount\":0,\"publisher\":{\"@id\":\"https:\\\/\\\/www.uartes.edu.ec\\\/sitio\\\/en\\\/#organization\"},\"image\":{\"@id\":\"https:\\\/\\\/www.uartes.edu.ec\\\/sitio\\\/en\\\/blog\\\/2023\\\/08\\\/02\\\/localidad-y-tecnodiversidad-hacia-territorios-artistica-y-ecologicamente-inteligentes\\\/#primaryimage\"},\"thumbnailUrl\":\"https:\\\/\\\/www.uartes.edu.ec\\\/sitio\\\/wp-content\\\/uploads\\\/2023\\\/08\\\/03-LOCALIDAD-Y-TECNODIVERSIDAD-CALIDAD-WEB.jpg\",\"keywords\":[\"encuentro\"],\"articleSection\":[\"Acad\u00e9mico\",\"Artes\",\"Docentes\",\"Estudiantes\",\"Investigaci\u00f3n\",\"Sedes\",\"V\u00ednculo\"],\"inLanguage\":\"en-US\",\"potentialAction\":[{\"@type\":\"CommentAction\",\"name\":\"Comment\",\"target\":[\"https:\\\/\\\/www.uartes.edu.ec\\\/sitio\\\/en\\\/blog\\\/2023\\\/08\\\/02\\\/localidad-y-tecnodiversidad-hacia-territorios-artistica-y-ecologicamente-inteligentes\\\/#respond\"]}]},{\"@type\":[\"WebPage\",\"ItemPage\"],\"@id\":\"https:\\\/\\\/www.uartes.edu.ec\\\/sitio\\\/en\\\/blog\\\/2023\\\/08\\\/02\\\/localidad-y-tecnodiversidad-hacia-territorios-artistica-y-ecologicamente-inteligentes\\\/\",\"url\":\"https:\\\/\\\/www.uartes.edu.ec\\\/sitio\\\/en\\\/blog\\\/2023\\\/08\\\/02\\\/localidad-y-tecnodiversidad-hacia-territorios-artistica-y-ecologicamente-inteligentes\\\/\",\"name\":\"Universidad de las Artes - \u201cLocalidad y Tecnodiversidad: Hacia territorios art\u00edstica y ecol\u00f3gicamente inteligentes\u201d, encuentro y simposio\",\"isPartOf\":{\"@id\":\"https:\\\/\\\/www.uartes.edu.ec\\\/sitio\\\/en\\\/#website\"},\"primaryImageOfPage\":{\"@id\":\"https:\\\/\\\/www.uartes.edu.ec\\\/sitio\\\/en\\\/blog\\\/2023\\\/08\\\/02\\\/localidad-y-tecnodiversidad-hacia-territorios-artistica-y-ecologicamente-inteligentes\\\/#primaryimage\"},\"image\":{\"@id\":\"https:\\\/\\\/www.uartes.edu.ec\\\/sitio\\\/en\\\/blog\\\/2023\\\/08\\\/02\\\/localidad-y-tecnodiversidad-hacia-territorios-artistica-y-ecologicamente-inteligentes\\\/#primaryimage\"},\"thumbnailUrl\":\"https:\\\/\\\/www.uartes.edu.ec\\\/sitio\\\/wp-content\\\/uploads\\\/2023\\\/08\\\/03-LOCALIDAD-Y-TECNODIVERSIDAD-CALIDAD-WEB.jpg\",\"datePublished\":\"2023-08-02T15:18:00+00:00\",\"dateModified\":\"2024-07-04T16:20:52+00:00\",\"description\":\"Universidad de las Artes - \u201cLocalidad y Tecnodiversidad: Hacia territorios art\u00edstica y ecol\u00f3gicamente inteligentes\u201d, encuentro y simposio\",\"breadcrumb\":{\"@id\":\"https:\\\/\\\/www.uartes.edu.ec\\\/sitio\\\/en\\\/blog\\\/2023\\\/08\\\/02\\\/localidad-y-tecnodiversidad-hacia-territorios-artistica-y-ecologicamente-inteligentes\\\/#breadcrumb\"},\"inLanguage\":\"en-US\",\"potentialAction\":[{\"@type\":\"ReadAction\",\"target\":[\"https:\\\/\\\/www.uartes.edu.ec\\\/sitio\\\/en\\\/blog\\\/2023\\\/08\\\/02\\\/localidad-y-tecnodiversidad-hacia-territorios-artistica-y-ecologicamente-inteligentes\\\/\"]}]},{\"@type\":\"ImageObject\",\"inLanguage\":\"en-US\",\"@id\":\"https:\\\/\\\/www.uartes.edu.ec\\\/sitio\\\/en\\\/blog\\\/2023\\\/08\\\/02\\\/localidad-y-tecnodiversidad-hacia-territorios-artistica-y-ecologicamente-inteligentes\\\/#primaryimage\",\"url\":\"https:\\\/\\\/www.uartes.edu.ec\\\/sitio\\\/wp-content\\\/uploads\\\/2023\\\/08\\\/03-LOCALIDAD-Y-TECNODIVERSIDAD-CALIDAD-WEB.jpg\",\"contentUrl\":\"https:\\\/\\\/www.uartes.edu.ec\\\/sitio\\\/wp-content\\\/uploads\\\/2023\\\/08\\\/03-LOCALIDAD-Y-TECNODIVERSIDAD-CALIDAD-WEB.jpg\",\"width\":2000,\"height\":1333},{\"@type\":\"BreadcrumbList\",\"@id\":\"https:\\\/\\\/www.uartes.edu.ec\\\/sitio\\\/en\\\/blog\\\/2023\\\/08\\\/02\\\/localidad-y-tecnodiversidad-hacia-territorios-artistica-y-ecologicamente-inteligentes\\\/#breadcrumb\",\"itemListElement\":[{\"@type\":\"ListItem\",\"position\":1,\"name\":\"Inicio\",\"item\":\"https:\\\/\\\/www.uartes.edu.ec\\\/sitio\\\/\"},{\"@type\":\"ListItem\",\"position\":2,\"name\":\"\u201cLocalidad y Tecnodiversidad: Hacia territorios art\u00edstica y ecol\u00f3gicamente inteligentes\u201d, encuentro y simposio\"}]},{\"@type\":\"WebSite\",\"@id\":\"https:\\\/\\\/www.uartes.edu.ec\\\/sitio\\\/en\\\/#website\",\"url\":\"https:\\\/\\\/www.uartes.edu.ec\\\/sitio\\\/en\\\/\",\"name\":\"Universidad de las Artes\",\"description\":\"Sitio oficial de la Universidad Nacional de las Artes del Ecuador\",\"publisher\":{\"@id\":\"https:\\\/\\\/www.uartes.edu.ec\\\/sitio\\\/en\\\/#organization\"},\"potentialAction\":[{\"@type\":\"SearchAction\",\"target\":{\"@type\":\"EntryPoint\",\"urlTemplate\":\"https:\\\/\\\/www.uartes.edu.ec\\\/sitio\\\/en\\\/?s={search_term_string}\"},\"query-input\":{\"@type\":\"PropertyValueSpecification\",\"valueRequired\":true,\"valueName\":\"search_term_string\"}}],\"inLanguage\":\"en-US\"},{\"@type\":\"Organization\",\"@id\":\"https:\\\/\\\/www.uartes.edu.ec\\\/sitio\\\/en\\\/#organization\",\"name\":\"Universidad de las Artes\",\"url\":\"https:\\\/\\\/www.uartes.edu.ec\\\/sitio\\\/en\\\/\",\"logo\":{\"@type\":\"ImageObject\",\"inLanguage\":\"en-US\",\"@id\":\"https:\\\/\\\/www.uartes.edu.ec\\\/sitio\\\/en\\\/#\\\/schema\\\/logo\\\/image\\\/\",\"url\":\"https:\\\/\\\/www.uartes.edu.ec\\\/sitio\\\/wp-content\\\/uploads\\\/2022\\\/07\\\/logo-ua-horizontal.png\",\"contentUrl\":\"https:\\\/\\\/www.uartes.edu.ec\\\/sitio\\\/wp-content\\\/uploads\\\/2022\\\/07\\\/logo-ua-horizontal.png\",\"width\":800,\"height\":276,\"caption\":\"Universidad de las Artes\"},\"image\":{\"@id\":\"https:\\\/\\\/www.uartes.edu.ec\\\/sitio\\\/en\\\/#\\\/schema\\\/logo\\\/image\\\/\"},\"sameAs\":[\"https:\\\/\\\/www.facebook.com\\\/uartesec\",\"https:\\\/\\\/x.com\\\/uartesec\",\"https:\\\/\\\/www.tiktok.com\\\/@uartesec\"]},{\"@type\":\"Person\",\"@id\":\"https:\\\/\\\/www.uartes.edu.ec\\\/sitio\\\/en\\\/#\\\/schema\\\/person\\\/f33f8c1d2af0d5c80a38c8abf458184a\",\"name\":\"Universidad de las Artes\",\"image\":{\"@type\":\"ImageObject\",\"inLanguage\":\"en-US\",\"@id\":\"https:\\\/\\\/secure.gravatar.com\\\/avatar\\\/52e4757902f5cfa5ac52d020e5be83cae5487519154b6c35482fe08d589f3c13?s=96&d=mm&r=g\",\"url\":\"https:\\\/\\\/secure.gravatar.com\\\/avatar\\\/52e4757902f5cfa5ac52d020e5be83cae5487519154b6c35482fe08d589f3c13?s=96&d=mm&r=g\",\"contentUrl\":\"https:\\\/\\\/secure.gravatar.com\\\/avatar\\\/52e4757902f5cfa5ac52d020e5be83cae5487519154b6c35482fe08d589f3c13?s=96&d=mm&r=g\",\"caption\":\"Universidad de las Artes\"},\"url\":\"https:\\\/\\\/www.uartes.edu.ec\\\/sitio\\\/en\\\/blog\\\/author\\\/dircomadm\\\/\"}]}<\/script>\n<!-- \/ Yoast SEO plugin. -->","yoast_head_json":{"title":"Universidad de las Artes - \u201cLocalidad y Tecnodiversidad: Hacia territorios art\u00edstica y ecol\u00f3gicamente inteligentes\u201d, encuentro y simposio","description":"Universidad de las Artes - \u201cLocalidad y Tecnodiversidad: Hacia territorios art\u00edstica y ecol\u00f3gicamente inteligentes\u201d, encuentro y simposio","robots":{"index":"index","follow":"follow","max-snippet":"max-snippet:-1","max-image-preview":"max-image-preview:large","max-video-preview":"max-video-preview:-1"},"canonical":"https:\/\/www.uartes.edu.ec\/sitio\/en\/blog\/2023\/08\/02\/localidad-y-tecnodiversidad-hacia-territorios-artistica-y-ecologicamente-inteligentes\/","og_locale":"en_US","og_type":"article","og_title":"Universidad de las Artes - \u201cLocalidad y Tecnodiversidad: Hacia territorios art\u00edstica y ecol\u00f3gicamente inteligentes\u201d, encuentro y simposio","og_description":"Universidad de las Artes - \u201cLocalidad y Tecnodiversidad: Hacia territorios art\u00edstica y ecol\u00f3gicamente inteligentes\u201d, encuentro y simposio","og_url":"https:\/\/www.uartes.edu.ec\/sitio\/en\/blog\/2023\/08\/02\/localidad-y-tecnodiversidad-hacia-territorios-artistica-y-ecologicamente-inteligentes\/","og_site_name":"Universidad de las Artes","article_publisher":"https:\/\/www.facebook.com\/uartesec","article_published_time":"2023-08-02T15:18:00+00:00","article_modified_time":"2024-07-04T16:20:52+00:00","og_image":[{"width":2000,"height":1333,"url":"https:\/\/www.uartes.edu.ec\/sitio\/wp-content\/uploads\/2023\/08\/03-LOCALIDAD-Y-TECNODIVERSIDAD-CALIDAD-WEB.jpg","type":"image\/jpeg"}],"author":"Universidad de las Artes","twitter_card":"summary_large_image","twitter_creator":"@uartesec","twitter_site":"@uartesec","twitter_misc":{"Written by":"Universidad de las Artes","Est. reading time":"6 minutes"},"schema":{"@context":"https:\/\/schema.org","@graph":[{"@type":"Article","@id":"https:\/\/www.uartes.edu.ec\/sitio\/en\/blog\/2023\/08\/02\/localidad-y-tecnodiversidad-hacia-territorios-artistica-y-ecologicamente-inteligentes\/#article","isPartOf":{"@id":"https:\/\/www.uartes.edu.ec\/sitio\/en\/blog\/2023\/08\/02\/localidad-y-tecnodiversidad-hacia-territorios-artistica-y-ecologicamente-inteligentes\/"},"author":{"name":"Universidad de las Artes","@id":"https:\/\/www.uartes.edu.ec\/sitio\/en\/#\/schema\/person\/f33f8c1d2af0d5c80a38c8abf458184a"},"headline":"\u201cLocalidad y Tecnodiversidad: Hacia territorios art\u00edstica y ecol\u00f3gicamente inteligentes\u201d, encuentro y simposio","datePublished":"2023-08-02T15:18:00+00:00","dateModified":"2024-07-04T16:20:52+00:00","mainEntityOfPage":{"@id":"https:\/\/www.uartes.edu.ec\/sitio\/en\/blog\/2023\/08\/02\/localidad-y-tecnodiversidad-hacia-territorios-artistica-y-ecologicamente-inteligentes\/"},"wordCount":1051,"commentCount":0,"publisher":{"@id":"https:\/\/www.uartes.edu.ec\/sitio\/en\/#organization"},"image":{"@id":"https:\/\/www.uartes.edu.ec\/sitio\/en\/blog\/2023\/08\/02\/localidad-y-tecnodiversidad-hacia-territorios-artistica-y-ecologicamente-inteligentes\/#primaryimage"},"thumbnailUrl":"https:\/\/www.uartes.edu.ec\/sitio\/wp-content\/uploads\/2023\/08\/03-LOCALIDAD-Y-TECNODIVERSIDAD-CALIDAD-WEB.jpg","keywords":["encuentro"],"articleSection":["Acad\u00e9mico","Artes","Docentes","Estudiantes","Investigaci\u00f3n","Sedes","V\u00ednculo"],"inLanguage":"en-US","potentialAction":[{"@type":"CommentAction","name":"Comment","target":["https:\/\/www.uartes.edu.ec\/sitio\/en\/blog\/2023\/08\/02\/localidad-y-tecnodiversidad-hacia-territorios-artistica-y-ecologicamente-inteligentes\/#respond"]}]},{"@type":["WebPage","ItemPage"],"@id":"https:\/\/www.uartes.edu.ec\/sitio\/en\/blog\/2023\/08\/02\/localidad-y-tecnodiversidad-hacia-territorios-artistica-y-ecologicamente-inteligentes\/","url":"https:\/\/www.uartes.edu.ec\/sitio\/en\/blog\/2023\/08\/02\/localidad-y-tecnodiversidad-hacia-territorios-artistica-y-ecologicamente-inteligentes\/","name":"Universidad de las Artes - \u201cLocalidad y Tecnodiversidad: Hacia territorios art\u00edstica y ecol\u00f3gicamente inteligentes\u201d, encuentro y simposio","isPartOf":{"@id":"https:\/\/www.uartes.edu.ec\/sitio\/en\/#website"},"primaryImageOfPage":{"@id":"https:\/\/www.uartes.edu.ec\/sitio\/en\/blog\/2023\/08\/02\/localidad-y-tecnodiversidad-hacia-territorios-artistica-y-ecologicamente-inteligentes\/#primaryimage"},"image":{"@id":"https:\/\/www.uartes.edu.ec\/sitio\/en\/blog\/2023\/08\/02\/localidad-y-tecnodiversidad-hacia-territorios-artistica-y-ecologicamente-inteligentes\/#primaryimage"},"thumbnailUrl":"https:\/\/www.uartes.edu.ec\/sitio\/wp-content\/uploads\/2023\/08\/03-LOCALIDAD-Y-TECNODIVERSIDAD-CALIDAD-WEB.jpg","datePublished":"2023-08-02T15:18:00+00:00","dateModified":"2024-07-04T16:20:52+00:00","description":"Universidad de las Artes - \u201cLocalidad y Tecnodiversidad: Hacia territorios art\u00edstica y ecol\u00f3gicamente inteligentes\u201d, encuentro y simposio","breadcrumb":{"@id":"https:\/\/www.uartes.edu.ec\/sitio\/en\/blog\/2023\/08\/02\/localidad-y-tecnodiversidad-hacia-territorios-artistica-y-ecologicamente-inteligentes\/#breadcrumb"},"inLanguage":"en-US","potentialAction":[{"@type":"ReadAction","target":["https:\/\/www.uartes.edu.ec\/sitio\/en\/blog\/2023\/08\/02\/localidad-y-tecnodiversidad-hacia-territorios-artistica-y-ecologicamente-inteligentes\/"]}]},{"@type":"ImageObject","inLanguage":"en-US","@id":"https:\/\/www.uartes.edu.ec\/sitio\/en\/blog\/2023\/08\/02\/localidad-y-tecnodiversidad-hacia-territorios-artistica-y-ecologicamente-inteligentes\/#primaryimage","url":"https:\/\/www.uartes.edu.ec\/sitio\/wp-content\/uploads\/2023\/08\/03-LOCALIDAD-Y-TECNODIVERSIDAD-CALIDAD-WEB.jpg","contentUrl":"https:\/\/www.uartes.edu.ec\/sitio\/wp-content\/uploads\/2023\/08\/03-LOCALIDAD-Y-TECNODIVERSIDAD-CALIDAD-WEB.jpg","width":2000,"height":1333},{"@type":"BreadcrumbList","@id":"https:\/\/www.uartes.edu.ec\/sitio\/en\/blog\/2023\/08\/02\/localidad-y-tecnodiversidad-hacia-territorios-artistica-y-ecologicamente-inteligentes\/#breadcrumb","itemListElement":[{"@type":"ListItem","position":1,"name":"Inicio","item":"https:\/\/www.uartes.edu.ec\/sitio\/"},{"@type":"ListItem","position":2,"name":"\u201cLocalidad y Tecnodiversidad: Hacia territorios art\u00edstica y ecol\u00f3gicamente inteligentes\u201d, encuentro y simposio"}]},{"@type":"WebSite","@id":"https:\/\/www.uartes.edu.ec\/sitio\/en\/#website","url":"https:\/\/www.uartes.edu.ec\/sitio\/en\/","name":"Universidad de las Artes","description":"Sitio oficial de la Universidad Nacional de las Artes del Ecuador","publisher":{"@id":"https:\/\/www.uartes.edu.ec\/sitio\/en\/#organization"},"potentialAction":[{"@type":"SearchAction","target":{"@type":"EntryPoint","urlTemplate":"https:\/\/www.uartes.edu.ec\/sitio\/en\/?s={search_term_string}"},"query-input":{"@type":"PropertyValueSpecification","valueRequired":true,"valueName":"search_term_string"}}],"inLanguage":"en-US"},{"@type":"Organization","@id":"https:\/\/www.uartes.edu.ec\/sitio\/en\/#organization","name":"Universidad de las Artes","url":"https:\/\/www.uartes.edu.ec\/sitio\/en\/","logo":{"@type":"ImageObject","inLanguage":"en-US","@id":"https:\/\/www.uartes.edu.ec\/sitio\/en\/#\/schema\/logo\/image\/","url":"https:\/\/www.uartes.edu.ec\/sitio\/wp-content\/uploads\/2022\/07\/logo-ua-horizontal.png","contentUrl":"https:\/\/www.uartes.edu.ec\/sitio\/wp-content\/uploads\/2022\/07\/logo-ua-horizontal.png","width":800,"height":276,"caption":"Universidad de las Artes"},"image":{"@id":"https:\/\/www.uartes.edu.ec\/sitio\/en\/#\/schema\/logo\/image\/"},"sameAs":["https:\/\/www.facebook.com\/uartesec","https:\/\/x.com\/uartesec","https:\/\/www.tiktok.com\/@uartesec"]},{"@type":"Person","@id":"https:\/\/www.uartes.edu.ec\/sitio\/en\/#\/schema\/person\/f33f8c1d2af0d5c80a38c8abf458184a","name":"Universidad de las Artes","image":{"@type":"ImageObject","inLanguage":"en-US","@id":"https:\/\/secure.gravatar.com\/avatar\/52e4757902f5cfa5ac52d020e5be83cae5487519154b6c35482fe08d589f3c13?s=96&d=mm&r=g","url":"https:\/\/secure.gravatar.com\/avatar\/52e4757902f5cfa5ac52d020e5be83cae5487519154b6c35482fe08d589f3c13?s=96&d=mm&r=g","contentUrl":"https:\/\/secure.gravatar.com\/avatar\/52e4757902f5cfa5ac52d020e5be83cae5487519154b6c35482fe08d589f3c13?s=96&d=mm&r=g","caption":"Universidad de las Artes"},"url":"https:\/\/www.uartes.edu.ec\/sitio\/en\/blog\/author\/dircomadm\/"}]}},"uagb_featured_image_src":{"full":["https:\/\/www.uartes.edu.ec\/sitio\/wp-content\/uploads\/2023\/08\/03-LOCALIDAD-Y-TECNODIVERSIDAD-CALIDAD-WEB.jpg",2000,1333,false],"thumbnail":["https:\/\/www.uartes.edu.ec\/sitio\/wp-content\/uploads\/2023\/08\/03-LOCALIDAD-Y-TECNODIVERSIDAD-CALIDAD-WEB-150x150.jpg",150,150,true],"medium":["https:\/\/www.uartes.edu.ec\/sitio\/wp-content\/uploads\/2023\/08\/03-LOCALIDAD-Y-TECNODIVERSIDAD-CALIDAD-WEB-300x200.jpg",300,200,true],"medium_large":["https:\/\/www.uartes.edu.ec\/sitio\/wp-content\/uploads\/2023\/08\/03-LOCALIDAD-Y-TECNODIVERSIDAD-CALIDAD-WEB-768x512.jpg",768,512,true],"large":["https:\/\/www.uartes.edu.ec\/sitio\/wp-content\/uploads\/2023\/08\/03-LOCALIDAD-Y-TECNODIVERSIDAD-CALIDAD-WEB-644x429.jpg",644,429,true],"1536x1536":["https:\/\/www.uartes.edu.ec\/sitio\/wp-content\/uploads\/2023\/08\/03-LOCALIDAD-Y-TECNODIVERSIDAD-CALIDAD-WEB-1536x1024.jpg",1536,1024,true],"2048x2048":["https:\/\/www.uartes.edu.ec\/sitio\/wp-content\/uploads\/2023\/08\/03-LOCALIDAD-Y-TECNODIVERSIDAD-CALIDAD-WEB.jpg",2000,1333,false],"trp-custom-language-flag":["https:\/\/www.uartes.edu.ec\/sitio\/wp-content\/uploads\/2023\/08\/03-LOCALIDAD-Y-TECNODIVERSIDAD-CALIDAD-WEB.jpg",18,12,false],"htmega_size_585x295":["https:\/\/www.uartes.edu.ec\/sitio\/wp-content\/uploads\/2023\/08\/03-LOCALIDAD-Y-TECNODIVERSIDAD-CALIDAD-WEB-585x295.jpg",585,295,true],"htmega_size_1170x536":["https:\/\/www.uartes.edu.ec\/sitio\/wp-content\/uploads\/2023\/08\/03-LOCALIDAD-Y-TECNODIVERSIDAD-CALIDAD-WEB-1170x536.jpg",1170,536,true],"htmega_size_396x360":["https:\/\/www.uartes.edu.ec\/sitio\/wp-content\/uploads\/2023\/08\/03-LOCALIDAD-Y-TECNODIVERSIDAD-CALIDAD-WEB-396x360.jpg",396,360,true],"gb-block-post-grid-landscape":["https:\/\/www.uartes.edu.ec\/sitio\/wp-content\/uploads\/2023\/08\/03-LOCALIDAD-Y-TECNODIVERSIDAD-CALIDAD-WEB-600x400.jpg",600,400,true],"gb-block-post-grid-square":["https:\/\/www.uartes.edu.ec\/sitio\/wp-content\/uploads\/2023\/08\/03-LOCALIDAD-Y-TECNODIVERSIDAD-CALIDAD-WEB-600x600.jpg",600,600,true],"university-hub-thumb":["https:\/\/www.uartes.edu.ec\/sitio\/wp-content\/uploads\/2023\/08\/03-LOCALIDAD-Y-TECNODIVERSIDAD-CALIDAD-WEB-400x267.jpg",400,267,true]},"uagb_author_info":{"display_name":"Universidad de las Artes","author_link":"https:\/\/www.uartes.edu.ec\/sitio\/en\/blog\/author\/dircomadm\/"},"uagb_comment_info":0,"uagb_excerpt":"Organizado por la Direcci\u00f3n de Pol\u00edticas de Investigaci\u00f3n de la UArtes, este 1 de agosto se dio inicio en el MZ14 al encuentro art\u00edstico y simposio internacional \u201cLocalidad y Tecnodiversidad: Hacia territorios art\u00edstica y ecol\u00f3gicamente inteligentes\u201d, que hasta el domingo 6 tendr\u00e1 ponencias, exposiciones, recitales, proyecciones audiovisuales, acciones po\u00e9ticas, entre otras actividades.","featured_image_src":"https:\/\/www.uartes.edu.ec\/sitio\/wp-content\/uploads\/2023\/08\/03-LOCALIDAD-Y-TECNODIVERSIDAD-CALIDAD-WEB-600x400.jpg","featured_image_src_square":"https:\/\/www.uartes.edu.ec\/sitio\/wp-content\/uploads\/2023\/08\/03-LOCALIDAD-Y-TECNODIVERSIDAD-CALIDAD-WEB-600x600.jpg","author_info":{"display_name":"Universidad de las Artes","author_link":"https:\/\/www.uartes.edu.ec\/sitio\/en\/blog\/author\/dircomadm\/"},"publishpress_future_workflow_manual_trigger":{"enabledWorkflows":[]},"distributor_meta":false,"distributor_terms":false,"distributor_media":false,"distributor_original_site_name":"Universidad de las Artes","distributor_original_site_url":"https:\/\/www.uartes.edu.ec\/sitio\/en","push-errors":false,"_links":{"self":[{"href":"https:\/\/www.uartes.edu.ec\/sitio\/en\/wp-json\/wp\/v2\/posts\/45544","targetHints":{"allow":["GET"]}}],"collection":[{"href":"https:\/\/www.uartes.edu.ec\/sitio\/en\/wp-json\/wp\/v2\/posts"}],"about":[{"href":"https:\/\/www.uartes.edu.ec\/sitio\/en\/wp-json\/wp\/v2\/types\/post"}],"author":[{"embeddable":true,"href":"https:\/\/www.uartes.edu.ec\/sitio\/en\/wp-json\/wp\/v2\/users\/1"}],"replies":[{"embeddable":true,"href":"https:\/\/www.uartes.edu.ec\/sitio\/en\/wp-json\/wp\/v2\/comments?post=45544"}],"version-history":[{"count":7,"href":"https:\/\/www.uartes.edu.ec\/sitio\/en\/wp-json\/wp\/v2\/posts\/45544\/revisions"}],"predecessor-version":[{"id":45576,"href":"https:\/\/www.uartes.edu.ec\/sitio\/en\/wp-json\/wp\/v2\/posts\/45544\/revisions\/45576"}],"wp:featuredmedia":[{"embeddable":true,"href":"https:\/\/www.uartes.edu.ec\/sitio\/en\/wp-json\/wp\/v2\/media\/45562"}],"wp:attachment":[{"href":"https:\/\/www.uartes.edu.ec\/sitio\/en\/wp-json\/wp\/v2\/media?parent=45544"}],"wp:term":[{"taxonomy":"category","embeddable":true,"href":"https:\/\/www.uartes.edu.ec\/sitio\/en\/wp-json\/wp\/v2\/categories?post=45544"},{"taxonomy":"post_tag","embeddable":true,"href":"https:\/\/www.uartes.edu.ec\/sitio\/en\/wp-json\/wp\/v2\/tags?post=45544"},{"taxonomy":"infouartes","embeddable":true,"href":"https:\/\/www.uartes.edu.ec\/sitio\/en\/wp-json\/wp\/v2\/infouartes?post=45544"}],"curies":[{"name":"wp","href":"https:\/\/api.w.org\/{rel}","templated":true}]}}