{"id":45546,"date":"2023-08-03T15:02:00","date_gmt":"2023-08-03T20:02:00","guid":{"rendered":"https:\/\/www.uartes.edu.ec\/sitio\/?p=45546"},"modified":"2024-07-04T11:20:52","modified_gmt":"2024-07-04T16:20:52","slug":"artistas-e-investigadores-nacionales-y-extranjeros-exponen-en-galeria-del-cif-las-bovedas-y-project-room","status":"publish","type":"post","link":"https:\/\/www.uartes.edu.ec\/sitio\/en\/blog\/2023\/08\/03\/artistas-e-investigadores-nacionales-y-extranjeros-exponen-en-galeria-del-cif-las-bovedas-y-project-room\/","title":{"rendered":"Artistas e investigadores nacionales y extranjeros exponen en Galer\u00eda del CIF, las b\u00f3vedas y el Project Room"},"content":{"rendered":"<p>Se inauguraron este martes 1 de agosto en el marco del encuentro art\u00edstico y simposio internacional \u201cLocalidad y Tecnodiversidad: Hacia territorios art\u00edstica y ecol\u00f3gicamente inteligentes\u201d, organizado por la Universidad de las Artes, a trav\u00e9s de su Direcci\u00f3n de Pol\u00edticas de Investigaci\u00f3n en Artes y el apoyo de un consorcio de once instituciones de cinco pa\u00edses: Francia, Irlanda, Polonia, EEUU y Ecuador, asociados al proyecto internacional NEST. Son las obras de las muestras \u201cEco-localidades\u201d y \u00abCESO\u00bb, que se encuentran en la Galer\u00eda del CIF, las b\u00f3vedas y el Project Room del MZ14, donde se podr\u00e1n visitar hasta el s\u00e1bado 12.<\/p>\n\n\n\n<p>En el CIF, el texto curatorial de \u201cEco-localidades\u201d recibe al p\u00fablico casi a la entrada de la sala expositiva, ubicada en la planta baja del MZ14. De la autor\u00eda de Sara Baranzoni y Paolo Vignola, investigadores asociados del proyecto transdisciplinar e internacional NEST, se lee que \u201cEco-localidades\u201d apunta a una redefinici\u00f3n del gesto de ver, para concentrarse en el acto creador de mundos, que produce relatos multiformes y multiespecie.<\/p>\n\n\n<div class=\"wp-block-image\">\n<figure class=\"aligncenter size-large\"><img fetchpriority=\"high\" decoding=\"async\" width=\"644\" height=\"429\" src=\"https:\/\/www.uartes.edu.ec\/sitio\/wp-content\/uploads\/2023\/08\/7-L-1-644x429.jpg\" alt=\"\" class=\"wp-image-45615\" srcset=\"https:\/\/www.uartes.edu.ec\/sitio\/wp-content\/uploads\/2023\/08\/7-L-1-644x429.jpg 644w, https:\/\/www.uartes.edu.ec\/sitio\/wp-content\/uploads\/2023\/08\/7-L-1-768x511.jpg 768w, https:\/\/www.uartes.edu.ec\/sitio\/wp-content\/uploads\/2023\/08\/7-L-1.jpg 2000w, https:\/\/www.uartes.edu.ec\/sitio\/wp-content\/uploads\/2023\/08\/7-L-1-600x399.jpg 600w, https:\/\/www.uartes.edu.ec\/sitio\/wp-content\/uploads\/2023\/08\/7-L-1-272x182.jpg 272w\" sizes=\"(max-width: 644px) 100vw, 644px\" \/><\/figure>\n<\/div>\n\n\t\t\t\t\t<div\n\t\t\t\t\t\tclass=\"wp-block-uagb-image-gallery uagb-block-4b8374ab\"\n\t\t\t\t\t\tstyle=\"\"\n\t\t\t\t\t>\n\t\t\t\t\t\t\t\t\t\t\t<div class=\"spectra-image-gallery spectra-image-gallery__layout--grid spectra-image-gallery__layout--grid-col-2 spectra-image-gallery__layout--grid-col-tab-2 spectra-image-gallery__layout--grid-col-mob-2\">\n\t\t\t\t\t\t\t\t\t\t\t<div class='spectra-image-gallery__media-wrapper' data-spectra-gallery-image-id='45607' tabindex=\"0\">\n\t\t\t\t\t\t\t<div class=\"spectra-image-gallery__media spectra-image-gallery__media--grid\">\n\t\t\t\t<picture>\n\t\t\t\t\t<source media=\"(min-width: 1024px)\" srcset=\"https:\/\/www.uartes.edu.ec\/sitio\/wp-content\/uploads\/2023\/08\/8-L-644x429.jpg\">\n\t\t\t\t\t<source media=\"(min-width: 768px)\" srcset=\"https:\/\/www.uartes.edu.ec\/sitio\/wp-content\/uploads\/2023\/08\/8-L-644x429.jpg\">\n\t\t\t\t\t<img decoding=\"async\" class=\"spectra-image-gallery__media-thumbnail spectra-image-gallery__media-thumbnail--grid\" src=\"https:\/\/www.uartes.edu.ec\/sitio\/wp-content\/uploads\/2023\/08\/8-L-300x200.jpg\" alt=\"\" loading=\"lazy\" \/>\n\t\t\t\t<\/picture>\n\t\t\t\t<div class=\"spectra-image-gallery__media-thumbnail-blurrer\"><\/div>\n\t\t\t\t\t\t\t\t\t\t\t<div class=\"spectra-image-gallery__media-thumbnail-caption-wrapper spectra-image-gallery__media-thumbnail-caption-wrapper--overlay\">\n\t\t\t\t\t\t\t\t\t\t\t<div class=\"spectra-image-gallery__media-thumbnail-caption spectra-image-gallery__media-thumbnail-caption--overlay\">\n\t\t\t\t\tNo Caption\t\t\t\t<\/div>\n\t\t\t\t\t\t\t\t\t\t<\/div>\n\t\t\t\t\t\t\t\t\t<\/div>\n\t\t\t\t\t\t<\/div>\n\t\t\t\t\t\t<div class='spectra-image-gallery__media-wrapper' data-spectra-gallery-image-id='45612' tabindex=\"0\">\n\t\t\t\t\t\t\t<div class=\"spectra-image-gallery__media spectra-image-gallery__media--grid\">\n\t\t\t\t<picture>\n\t\t\t\t\t<source media=\"(min-width: 1024px)\" srcset=\"https:\/\/www.uartes.edu.ec\/sitio\/wp-content\/uploads\/2023\/08\/3-L-644x429.jpg\">\n\t\t\t\t\t<source media=\"(min-width: 768px)\" srcset=\"https:\/\/www.uartes.edu.ec\/sitio\/wp-content\/uploads\/2023\/08\/3-L-644x429.jpg\">\n\t\t\t\t\t<img decoding=\"async\" class=\"spectra-image-gallery__media-thumbnail spectra-image-gallery__media-thumbnail--grid\" src=\"https:\/\/www.uartes.edu.ec\/sitio\/wp-content\/uploads\/2023\/08\/3-L-300x200.jpg\" alt=\"\" loading=\"lazy\" \/>\n\t\t\t\t<\/picture>\n\t\t\t\t<div class=\"spectra-image-gallery__media-thumbnail-blurrer\"><\/div>\n\t\t\t\t\t\t\t\t\t\t\t<div class=\"spectra-image-gallery__media-thumbnail-caption-wrapper spectra-image-gallery__media-thumbnail-caption-wrapper--overlay\">\n\t\t\t\t\t\t\t\t\t\t\t<div class=\"spectra-image-gallery__media-thumbnail-caption spectra-image-gallery__media-thumbnail-caption--overlay\">\n\t\t\t\t\tNo Caption\t\t\t\t<\/div>\n\t\t\t\t\t\t\t\t\t\t<\/div>\n\t\t\t\t\t\t\t\t\t<\/div>\n\t\t\t\t\t\t<\/div>\n\t\t\t\t\t\t\t\t\t\t<\/div>\n\t\t\t\t\t\t\t\t\t\t\t\t\t\t\t\t\t\t<\/div>\n\t\t\t\t\t\t\t\t\t\n\n\n<p>\u201c(\u2026) Las obras expuestas componen eco-epistemolog\u00edas de la localidad que nos permiten mundos creados o reinventados a partir de puntos de vista situados, de sus genealog\u00edas y geopoliticas, expresando un caleidoscopio de la tecnodiversidad y acompa\u00f1\u00e1ndonos en este camino especulativo donde tal vez se pierda la palabra del logos, mientras se recuperan o se reinventan v\u00ednculos est\u00e9ticos, ecol\u00f3gicos y pol\u00edticos invisibilizados por las cosmovisiones dominantes\u201d.<br><br>En la galer\u00eda se pueden apreciar las obras \u201cPor arriba corre el agua, por abajo las piedritas\u201d de Miguel Alvear, Chopin Thermes, curada por Lupe \u00c1lvarez, docente UArtes. \u201cEl Siglo\u201d, de Gabriela Rivadeneira Crespo y Hugo Idrovo. \u201cEcografismos panamaz\u00f3nicos\u201d, de John Felipe Benavides, Heidy Carmona y Germ\u00e1n Monederos. \u201cTran(s)(c) itar agua\u201d, de Javier G\u00f3mez e Isabel Cortez. \u201cInventario ilustrado de insectos h\u00edbridos Vol I-II\u201d, de Alexandra S\u00e1nchez Alarc\u00f3n e Ian Albi\u00f1o. \u201cPistola lanza semillas\u201d, de Juan Sebasti\u00e1n Bravo Carre\u00f1o, Danna Garz\u00f3n y Mar\u00eda Jos\u00e9 Gonz\u00e1lez.<\/p>\n\n\n<div class=\"wp-block-image\">\n<figure class=\"aligncenter size-large\"><img decoding=\"async\" width=\"644\" height=\"429\" src=\"https:\/\/www.uartes.edu.ec\/sitio\/wp-content\/uploads\/2023\/08\/1-L-644x429.jpg\" alt=\"\" class=\"wp-image-45610\" srcset=\"https:\/\/www.uartes.edu.ec\/sitio\/wp-content\/uploads\/2023\/08\/1-L-644x429.jpg 644w, https:\/\/www.uartes.edu.ec\/sitio\/wp-content\/uploads\/2023\/08\/1-L-300x200.jpg 300w, https:\/\/www.uartes.edu.ec\/sitio\/wp-content\/uploads\/2023\/08\/1-L-768x512.jpg 768w, https:\/\/www.uartes.edu.ec\/sitio\/wp-content\/uploads\/2023\/08\/1-L-1536x1024.jpg 1536w, https:\/\/www.uartes.edu.ec\/sitio\/wp-content\/uploads\/2023\/08\/1-L-600x400.jpg 600w, https:\/\/www.uartes.edu.ec\/sitio\/wp-content\/uploads\/2023\/08\/1-L-400x267.jpg 400w, https:\/\/www.uartes.edu.ec\/sitio\/wp-content\/uploads\/2023\/08\/1-L-272x182.jpg 272w, https:\/\/www.uartes.edu.ec\/sitio\/wp-content\/uploads\/2023\/08\/1-L.jpg 2000w\" sizes=\"(max-width: 644px) 100vw, 644px\" \/><\/figure>\n<\/div>\n\n\n<p>Tambi\u00e9n, las propuestas y creaciones de Pilar Soto, con el video \u201cHerbario Sonoro\u201d. Jerson Guerrero Gal\u00e1rraga, con la instalaci\u00f3n \u201cDTN-rezagos l\u00edquidos\u201d. Luvin Aldemar Caez, con el video experimental \u201cVibraciones\u201d. Jes\u00fas Basante, con las seis fotograf\u00edas de \u201cMetamorfosis del agua\u201d. Y, Patricia Mart\u00ednez con \u201cCuerpo a cuerpo\u201d, compuesta por tres videos: \u201cDesierto de Lima\u201d (50 min), \u201cViaje on\u00edrico\u201d (8:37 min); \u201cCielo invertido\u201d (3:30 min); e, \u201cInfinito profundo\u201d (1:55 min).<\/p>\n\n\n\n<p>Un grupo de los artistas expositores viene de la Universidad de Nari\u00f1o, de Colombia, como John Benavides, Heidy Carmona, Germ\u00e1n Monederos, Javier G\u00f3mez e Isabel Cortez, mencion\u00f3 Gabriela Rivadeneira Crespo, titular de la Direcci\u00f3n de Pol\u00edtica de Investigaci\u00f3n de la UArtes. En las b\u00f3vedas, precis\u00f3, se encuentran las propuestas de Alexandra S\u00e1nchez e Ian Albino, las cuales fueron curadas por el artista y docente UArtes Christian Villavicencio.<\/p>\n\n\n<div class=\"wp-block-image\">\n<figure class=\"aligncenter size-large\"><img decoding=\"async\" width=\"644\" height=\"429\" src=\"https:\/\/www.uartes.edu.ec\/sitio\/wp-content\/uploads\/2023\/08\/4-L-644x429.jpg\" alt=\"\" class=\"wp-image-45609\" srcset=\"https:\/\/www.uartes.edu.ec\/sitio\/wp-content\/uploads\/2023\/08\/4-L-644x429.jpg 644w, https:\/\/www.uartes.edu.ec\/sitio\/wp-content\/uploads\/2023\/08\/4-L-300x200.jpg 300w, https:\/\/www.uartes.edu.ec\/sitio\/wp-content\/uploads\/2023\/08\/4-L-768x512.jpg 768w, https:\/\/www.uartes.edu.ec\/sitio\/wp-content\/uploads\/2023\/08\/4-L-1536x1024.jpg 1536w, https:\/\/www.uartes.edu.ec\/sitio\/wp-content\/uploads\/2023\/08\/4-L-600x400.jpg 600w, https:\/\/www.uartes.edu.ec\/sitio\/wp-content\/uploads\/2023\/08\/4-L-400x267.jpg 400w, https:\/\/www.uartes.edu.ec\/sitio\/wp-content\/uploads\/2023\/08\/4-L-272x182.jpg 272w, https:\/\/www.uartes.edu.ec\/sitio\/wp-content\/uploads\/2023\/08\/4-L.jpg 2000w\" sizes=\"(max-width: 644px) 100vw, 644px\" \/><\/figure>\n<\/div>\n\n\n<p>En el Project Room, se encuentra \u201cCESO\u201d, obra de Teodoro Monsalve, resultado del proceso de investigaci\u00f3n y de las experiencias que provocaron la emergencia del Centro de Exploraciones en el Sector Oculto (cuyas siglas dan nombre a la propuesta). Este proyecto, en desarrollo desde el 2018, toma como punto de partida lenguajes visuales abstractos, como graf\u00edas precolombinas y gr\u00e1ficos de aceleradores de part\u00edculas para entablar un di\u00e1logo entre diversas formas de crear y compartir conocimientos. Planteando una metodolog\u00eda de investigaci\u00f3n hibrida, el proyecto toma forma de pinturas\/objetos de distintos formatos que funcionan como portales a otras dimensiones.<\/p>\n\n\n\n<p>\u00abCESO\u00bb ha sido galardonada con una menci\u00f3n de honor en el Premio Brasil 2020 y con el Premio Mariano Aguilera 2022\/2023.<\/p>\n\n\n\t\t\t\t\t<div\n\t\t\t\t\t\tclass=\"wp-block-uagb-image-gallery uagb-block-af69623c\"\n\t\t\t\t\t\tstyle=\"\"\n\t\t\t\t\t>\n\t\t\t\t\t\t\t\t\t\t\t<div class=\"spectra-image-gallery spectra-image-gallery__layout--grid spectra-image-gallery__layout--grid-col-2 spectra-image-gallery__layout--grid-col-tab-2 spectra-image-gallery__layout--grid-col-mob-2\">\n\t\t\t\t\t\t\t\t\t\t\t<div class='spectra-image-gallery__media-wrapper' data-spectra-gallery-image-id='45616' tabindex=\"0\">\n\t\t\t\t\t\t\t<div class=\"spectra-image-gallery__media spectra-image-gallery__media--grid\">\n\t\t\t\t<picture>\n\t\t\t\t\t<source media=\"(min-width: 1024px)\" srcset=\"https:\/\/www.uartes.edu.ec\/sitio\/wp-content\/uploads\/2023\/08\/6-L-644x429.jpg\">\n\t\t\t\t\t<source media=\"(min-width: 768px)\" srcset=\"https:\/\/www.uartes.edu.ec\/sitio\/wp-content\/uploads\/2023\/08\/6-L-644x429.jpg\">\n\t\t\t\t\t<img decoding=\"async\" class=\"spectra-image-gallery__media-thumbnail spectra-image-gallery__media-thumbnail--grid\" src=\"https:\/\/www.uartes.edu.ec\/sitio\/wp-content\/uploads\/2023\/08\/6-L-300x200.jpg\" alt=\"\" loading=\"lazy\" \/>\n\t\t\t\t<\/picture>\n\t\t\t\t<div class=\"spectra-image-gallery__media-thumbnail-blurrer\"><\/div>\n\t\t\t\t\t\t\t\t\t\t\t<div class=\"spectra-image-gallery__media-thumbnail-caption-wrapper spectra-image-gallery__media-thumbnail-caption-wrapper--overlay\">\n\t\t\t\t\t\t\t\t\t\t\t<div class=\"spectra-image-gallery__media-thumbnail-caption spectra-image-gallery__media-thumbnail-caption--overlay\">\n\t\t\t\t\tNo Caption\t\t\t\t<\/div>\n\t\t\t\t\t\t\t\t\t\t<\/div>\n\t\t\t\t\t\t\t\t\t<\/div>\n\t\t\t\t\t\t<\/div>\n\t\t\t\t\t\t<div class='spectra-image-gallery__media-wrapper' data-spectra-gallery-image-id='45617' tabindex=\"0\">\n\t\t\t\t\t\t\t<div class=\"spectra-image-gallery__media spectra-image-gallery__media--grid\">\n\t\t\t\t<picture>\n\t\t\t\t\t<source media=\"(min-width: 1024px)\" srcset=\"https:\/\/www.uartes.edu.ec\/sitio\/wp-content\/uploads\/2023\/08\/5-L-644x429.jpg\">\n\t\t\t\t\t<source media=\"(min-width: 768px)\" srcset=\"https:\/\/www.uartes.edu.ec\/sitio\/wp-content\/uploads\/2023\/08\/5-L-644x429.jpg\">\n\t\t\t\t\t<img decoding=\"async\" class=\"spectra-image-gallery__media-thumbnail spectra-image-gallery__media-thumbnail--grid\" src=\"https:\/\/www.uartes.edu.ec\/sitio\/wp-content\/uploads\/2023\/08\/5-L-300x200.jpg\" alt=\"\" loading=\"lazy\" \/>\n\t\t\t\t<\/picture>\n\t\t\t\t<div class=\"spectra-image-gallery__media-thumbnail-blurrer\"><\/div>\n\t\t\t\t\t\t\t\t\t\t\t<div class=\"spectra-image-gallery__media-thumbnail-caption-wrapper spectra-image-gallery__media-thumbnail-caption-wrapper--overlay\">\n\t\t\t\t\t\t\t\t\t\t\t<div class=\"spectra-image-gallery__media-thumbnail-caption spectra-image-gallery__media-thumbnail-caption--overlay\">\n\t\t\t\t\tNo Caption\t\t\t\t<\/div>\n\t\t\t\t\t\t\t\t\t\t<\/div>\n\t\t\t\t\t\t\t\t\t<\/div>\n\t\t\t\t\t\t<\/div>\n\t\t\t\t\t\t\t\t\t\t<\/div>\n\t\t\t\t\t\t\t\t\t\t\t\t\t\t\t\t\t\t<\/div>","protected":false},"excerpt":{"rendered":"<p>Se inauguraron en el marco del encuentro \u201cLocalidad y Tecnodiversidad: Hacia territorios art\u00edstica y ecol\u00f3gicamente inteligentes\u201d, organizado por la UArtes y su Direcci\u00f3n de Pol\u00edticas de Investigaci\u00f3n en Artes con apoyo de un consorcio de 11 instituciones de 5 pa\u00edses: Francia, Irlanda, Polonia, EEUU y Ecuador, asociados a NEST. Son las muestras \u201cEco-localidades\u201d y \u00abCESO\u00bb, que estar\u00e1n en el MZ14 hasta el s\u00e1bado 12.<\/p>","protected":false},"author":1,"featured_media":45606,"comment_status":"open","ping_status":"open","sticky":false,"template":"","format":"standard","meta":{"_acf_changed":false,"_uag_custom_page_level_css":"","_monsterinsights_skip_tracking":false,"_monsterinsights_sitenote_active":false,"_monsterinsights_sitenote_note":"","_monsterinsights_sitenote_category":0,"cybocfi_hide_featured_image":"","footnotes":""},"categories":[80,82,75,76,77,284,83,79],"tags":[643],"infouartes":[],"class_list":["post-45546","post","type-post","status-publish","format-standard","has-post-thumbnail","hentry","category-academico","category-artes","category-docentes","category-estudiantes","category-gestion","category-investigacion","category-sedes","category-vinculo","tag-encuentro-internacional"],"acf":[],"yoast_head":"<!-- This site is optimized with the Yoast SEO plugin v27.4 - https:\/\/yoast.com\/product\/yoast-seo-wordpress\/ -->\n<title>Universidad de las Artes - Artistas e investigadores nacionales y extranjeros exponen en Galer\u00eda del CIF, las b\u00f3vedas y el Project Room<\/title>\n<meta name=\"description\" content=\"Universidad de las Artes - Artistas e investigadores nacionales y extranjeros exponen en Galer\u00eda del CIF, las b\u00f3vedas y el Project Room\" \/>\n<meta name=\"robots\" content=\"index, follow, max-snippet:-1, max-image-preview:large, max-video-preview:-1\" \/>\n<link rel=\"canonical\" href=\"https:\/\/www.uartes.edu.ec\/sitio\/en\/blog\/2023\/08\/03\/artistas-e-investigadores-nacionales-y-extranjeros-exponen-en-galeria-del-cif-las-bovedas-y-project-room\/\" \/>\n<meta property=\"og:locale\" content=\"en_US\" \/>\n<meta property=\"og:type\" content=\"article\" \/>\n<meta property=\"og:title\" content=\"Universidad de las Artes - Artistas e investigadores nacionales y extranjeros exponen en Galer\u00eda del CIF, las b\u00f3vedas y el Project Room\" \/>\n<meta property=\"og:description\" content=\"Universidad de las Artes - Artistas e investigadores nacionales y extranjeros exponen en Galer\u00eda del CIF, las b\u00f3vedas y el Project Room\" \/>\n<meta property=\"og:url\" content=\"https:\/\/www.uartes.edu.ec\/sitio\/en\/blog\/2023\/08\/03\/artistas-e-investigadores-nacionales-y-extranjeros-exponen-en-galeria-del-cif-las-bovedas-y-project-room\/\" \/>\n<meta property=\"og:site_name\" content=\"Universidad de las Artes\" \/>\n<meta property=\"article:publisher\" content=\"https:\/\/www.facebook.com\/uartesec\" \/>\n<meta property=\"article:published_time\" content=\"2023-08-03T20:02:00+00:00\" \/>\n<meta property=\"article:modified_time\" content=\"2024-07-04T16:20:52+00:00\" \/>\n<meta property=\"og:image\" content=\"https:\/\/www.uartes.edu.ec\/sitio\/wp-content\/uploads\/2023\/08\/2-L.jpg\" \/>\n\t<meta property=\"og:image:width\" content=\"2000\" \/>\n\t<meta property=\"og:image:height\" content=\"1333\" \/>\n\t<meta property=\"og:image:type\" content=\"image\/jpeg\" \/>\n<meta name=\"author\" content=\"Universidad de las Artes\" \/>\n<meta name=\"twitter:card\" content=\"summary_large_image\" \/>\n<meta name=\"twitter:creator\" content=\"@uartesec\" \/>\n<meta name=\"twitter:site\" content=\"@uartesec\" \/>\n<meta name=\"twitter:label1\" content=\"Written by\" \/>\n\t<meta name=\"twitter:data1\" content=\"Universidad de las Artes\" \/>\n\t<meta name=\"twitter:label2\" content=\"Est. reading time\" \/>\n\t<meta name=\"twitter:data2\" content=\"4 minutes\" \/>\n<script type=\"application\/ld+json\" class=\"yoast-schema-graph\">{\"@context\":\"https:\\\/\\\/schema.org\",\"@graph\":[{\"@type\":\"Article\",\"@id\":\"https:\\\/\\\/www.uartes.edu.ec\\\/sitio\\\/en\\\/blog\\\/2023\\\/08\\\/03\\\/artistas-e-investigadores-nacionales-y-extranjeros-exponen-en-galeria-del-cif-las-bovedas-y-project-room\\\/#article\",\"isPartOf\":{\"@id\":\"https:\\\/\\\/www.uartes.edu.ec\\\/sitio\\\/en\\\/blog\\\/2023\\\/08\\\/03\\\/artistas-e-investigadores-nacionales-y-extranjeros-exponen-en-galeria-del-cif-las-bovedas-y-project-room\\\/\"},\"author\":{\"name\":\"Universidad de las Artes\",\"@id\":\"https:\\\/\\\/www.uartes.edu.ec\\\/sitio\\\/en\\\/#\\\/schema\\\/person\\\/f33f8c1d2af0d5c80a38c8abf458184a\"},\"headline\":\"Artistas e investigadores nacionales y extranjeros exponen en Galer\u00eda del CIF, las b\u00f3vedas y el Project Room\",\"datePublished\":\"2023-08-03T20:02:00+00:00\",\"dateModified\":\"2024-07-04T16:20:52+00:00\",\"mainEntityOfPage\":{\"@id\":\"https:\\\/\\\/www.uartes.edu.ec\\\/sitio\\\/en\\\/blog\\\/2023\\\/08\\\/03\\\/artistas-e-investigadores-nacionales-y-extranjeros-exponen-en-galeria-del-cif-las-bovedas-y-project-room\\\/\"},\"wordCount\":642,\"commentCount\":0,\"publisher\":{\"@id\":\"https:\\\/\\\/www.uartes.edu.ec\\\/sitio\\\/en\\\/#organization\"},\"image\":{\"@id\":\"https:\\\/\\\/www.uartes.edu.ec\\\/sitio\\\/en\\\/blog\\\/2023\\\/08\\\/03\\\/artistas-e-investigadores-nacionales-y-extranjeros-exponen-en-galeria-del-cif-las-bovedas-y-project-room\\\/#primaryimage\"},\"thumbnailUrl\":\"https:\\\/\\\/www.uartes.edu.ec\\\/sitio\\\/wp-content\\\/uploads\\\/2023\\\/08\\\/2-L.jpg\",\"keywords\":[\"encuentro internacional\"],\"articleSection\":[\"Acad\u00e9mico\",\"Artes\",\"Docentes\",\"Estudiantes\",\"Gesti\u00f3n\",\"Investigaci\u00f3n\",\"Sedes\",\"V\u00ednculo\"],\"inLanguage\":\"en-US\",\"potentialAction\":[{\"@type\":\"CommentAction\",\"name\":\"Comment\",\"target\":[\"https:\\\/\\\/www.uartes.edu.ec\\\/sitio\\\/en\\\/blog\\\/2023\\\/08\\\/03\\\/artistas-e-investigadores-nacionales-y-extranjeros-exponen-en-galeria-del-cif-las-bovedas-y-project-room\\\/#respond\"]}]},{\"@type\":[\"WebPage\",\"ItemPage\"],\"@id\":\"https:\\\/\\\/www.uartes.edu.ec\\\/sitio\\\/en\\\/blog\\\/2023\\\/08\\\/03\\\/artistas-e-investigadores-nacionales-y-extranjeros-exponen-en-galeria-del-cif-las-bovedas-y-project-room\\\/\",\"url\":\"https:\\\/\\\/www.uartes.edu.ec\\\/sitio\\\/en\\\/blog\\\/2023\\\/08\\\/03\\\/artistas-e-investigadores-nacionales-y-extranjeros-exponen-en-galeria-del-cif-las-bovedas-y-project-room\\\/\",\"name\":\"Universidad de las Artes - Artistas e investigadores nacionales y extranjeros exponen en Galer\u00eda del CIF, las b\u00f3vedas y el Project Room\",\"isPartOf\":{\"@id\":\"https:\\\/\\\/www.uartes.edu.ec\\\/sitio\\\/en\\\/#website\"},\"primaryImageOfPage\":{\"@id\":\"https:\\\/\\\/www.uartes.edu.ec\\\/sitio\\\/en\\\/blog\\\/2023\\\/08\\\/03\\\/artistas-e-investigadores-nacionales-y-extranjeros-exponen-en-galeria-del-cif-las-bovedas-y-project-room\\\/#primaryimage\"},\"image\":{\"@id\":\"https:\\\/\\\/www.uartes.edu.ec\\\/sitio\\\/en\\\/blog\\\/2023\\\/08\\\/03\\\/artistas-e-investigadores-nacionales-y-extranjeros-exponen-en-galeria-del-cif-las-bovedas-y-project-room\\\/#primaryimage\"},\"thumbnailUrl\":\"https:\\\/\\\/www.uartes.edu.ec\\\/sitio\\\/wp-content\\\/uploads\\\/2023\\\/08\\\/2-L.jpg\",\"datePublished\":\"2023-08-03T20:02:00+00:00\",\"dateModified\":\"2024-07-04T16:20:52+00:00\",\"description\":\"Universidad de las Artes - Artistas e investigadores nacionales y extranjeros exponen en Galer\u00eda del CIF, las b\u00f3vedas y el Project Room\",\"breadcrumb\":{\"@id\":\"https:\\\/\\\/www.uartes.edu.ec\\\/sitio\\\/en\\\/blog\\\/2023\\\/08\\\/03\\\/artistas-e-investigadores-nacionales-y-extranjeros-exponen-en-galeria-del-cif-las-bovedas-y-project-room\\\/#breadcrumb\"},\"inLanguage\":\"en-US\",\"potentialAction\":[{\"@type\":\"ReadAction\",\"target\":[\"https:\\\/\\\/www.uartes.edu.ec\\\/sitio\\\/en\\\/blog\\\/2023\\\/08\\\/03\\\/artistas-e-investigadores-nacionales-y-extranjeros-exponen-en-galeria-del-cif-las-bovedas-y-project-room\\\/\"]}]},{\"@type\":\"ImageObject\",\"inLanguage\":\"en-US\",\"@id\":\"https:\\\/\\\/www.uartes.edu.ec\\\/sitio\\\/en\\\/blog\\\/2023\\\/08\\\/03\\\/artistas-e-investigadores-nacionales-y-extranjeros-exponen-en-galeria-del-cif-las-bovedas-y-project-room\\\/#primaryimage\",\"url\":\"https:\\\/\\\/www.uartes.edu.ec\\\/sitio\\\/wp-content\\\/uploads\\\/2023\\\/08\\\/2-L.jpg\",\"contentUrl\":\"https:\\\/\\\/www.uartes.edu.ec\\\/sitio\\\/wp-content\\\/uploads\\\/2023\\\/08\\\/2-L.jpg\",\"width\":2000,\"height\":1333},{\"@type\":\"BreadcrumbList\",\"@id\":\"https:\\\/\\\/www.uartes.edu.ec\\\/sitio\\\/en\\\/blog\\\/2023\\\/08\\\/03\\\/artistas-e-investigadores-nacionales-y-extranjeros-exponen-en-galeria-del-cif-las-bovedas-y-project-room\\\/#breadcrumb\",\"itemListElement\":[{\"@type\":\"ListItem\",\"position\":1,\"name\":\"Inicio\",\"item\":\"https:\\\/\\\/www.uartes.edu.ec\\\/sitio\\\/\"},{\"@type\":\"ListItem\",\"position\":2,\"name\":\"Artistas e investigadores nacionales y extranjeros exponen en Galer\u00eda del CIF, las b\u00f3vedas y el Project Room\"}]},{\"@type\":\"WebSite\",\"@id\":\"https:\\\/\\\/www.uartes.edu.ec\\\/sitio\\\/en\\\/#website\",\"url\":\"https:\\\/\\\/www.uartes.edu.ec\\\/sitio\\\/en\\\/\",\"name\":\"Universidad de las Artes\",\"description\":\"Sitio oficial de la Universidad Nacional de las Artes del Ecuador\",\"publisher\":{\"@id\":\"https:\\\/\\\/www.uartes.edu.ec\\\/sitio\\\/en\\\/#organization\"},\"potentialAction\":[{\"@type\":\"SearchAction\",\"target\":{\"@type\":\"EntryPoint\",\"urlTemplate\":\"https:\\\/\\\/www.uartes.edu.ec\\\/sitio\\\/en\\\/?s={search_term_string}\"},\"query-input\":{\"@type\":\"PropertyValueSpecification\",\"valueRequired\":true,\"valueName\":\"search_term_string\"}}],\"inLanguage\":\"en-US\"},{\"@type\":\"Organization\",\"@id\":\"https:\\\/\\\/www.uartes.edu.ec\\\/sitio\\\/en\\\/#organization\",\"name\":\"Universidad de las Artes\",\"url\":\"https:\\\/\\\/www.uartes.edu.ec\\\/sitio\\\/en\\\/\",\"logo\":{\"@type\":\"ImageObject\",\"inLanguage\":\"en-US\",\"@id\":\"https:\\\/\\\/www.uartes.edu.ec\\\/sitio\\\/en\\\/#\\\/schema\\\/logo\\\/image\\\/\",\"url\":\"https:\\\/\\\/www.uartes.edu.ec\\\/sitio\\\/wp-content\\\/uploads\\\/2022\\\/07\\\/logo-ua-horizontal.png\",\"contentUrl\":\"https:\\\/\\\/www.uartes.edu.ec\\\/sitio\\\/wp-content\\\/uploads\\\/2022\\\/07\\\/logo-ua-horizontal.png\",\"width\":800,\"height\":276,\"caption\":\"Universidad de las Artes\"},\"image\":{\"@id\":\"https:\\\/\\\/www.uartes.edu.ec\\\/sitio\\\/en\\\/#\\\/schema\\\/logo\\\/image\\\/\"},\"sameAs\":[\"https:\\\/\\\/www.facebook.com\\\/uartesec\",\"https:\\\/\\\/x.com\\\/uartesec\",\"https:\\\/\\\/www.tiktok.com\\\/@uartesec\"]},{\"@type\":\"Person\",\"@id\":\"https:\\\/\\\/www.uartes.edu.ec\\\/sitio\\\/en\\\/#\\\/schema\\\/person\\\/f33f8c1d2af0d5c80a38c8abf458184a\",\"name\":\"Universidad de las Artes\",\"image\":{\"@type\":\"ImageObject\",\"inLanguage\":\"en-US\",\"@id\":\"https:\\\/\\\/secure.gravatar.com\\\/avatar\\\/52e4757902f5cfa5ac52d020e5be83cae5487519154b6c35482fe08d589f3c13?s=96&d=mm&r=g\",\"url\":\"https:\\\/\\\/secure.gravatar.com\\\/avatar\\\/52e4757902f5cfa5ac52d020e5be83cae5487519154b6c35482fe08d589f3c13?s=96&d=mm&r=g\",\"contentUrl\":\"https:\\\/\\\/secure.gravatar.com\\\/avatar\\\/52e4757902f5cfa5ac52d020e5be83cae5487519154b6c35482fe08d589f3c13?s=96&d=mm&r=g\",\"caption\":\"Universidad de las Artes\"},\"url\":\"https:\\\/\\\/www.uartes.edu.ec\\\/sitio\\\/en\\\/blog\\\/author\\\/dircomadm\\\/\"}]}<\/script>\n<!-- \/ Yoast SEO plugin. -->","yoast_head_json":{"title":"Universidad de las Artes - Artistas e investigadores nacionales y extranjeros exponen en Galer\u00eda del CIF, las b\u00f3vedas y el Project Room","description":"Universidad de las Artes - Artistas e investigadores nacionales y extranjeros exponen en Galer\u00eda del CIF, las b\u00f3vedas y el Project Room","robots":{"index":"index","follow":"follow","max-snippet":"max-snippet:-1","max-image-preview":"max-image-preview:large","max-video-preview":"max-video-preview:-1"},"canonical":"https:\/\/www.uartes.edu.ec\/sitio\/en\/blog\/2023\/08\/03\/artistas-e-investigadores-nacionales-y-extranjeros-exponen-en-galeria-del-cif-las-bovedas-y-project-room\/","og_locale":"en_US","og_type":"article","og_title":"Universidad de las Artes - Artistas e investigadores nacionales y extranjeros exponen en Galer\u00eda del CIF, las b\u00f3vedas y el Project Room","og_description":"Universidad de las Artes - Artistas e investigadores nacionales y extranjeros exponen en Galer\u00eda del CIF, las b\u00f3vedas y el Project Room","og_url":"https:\/\/www.uartes.edu.ec\/sitio\/en\/blog\/2023\/08\/03\/artistas-e-investigadores-nacionales-y-extranjeros-exponen-en-galeria-del-cif-las-bovedas-y-project-room\/","og_site_name":"Universidad de las Artes","article_publisher":"https:\/\/www.facebook.com\/uartesec","article_published_time":"2023-08-03T20:02:00+00:00","article_modified_time":"2024-07-04T16:20:52+00:00","og_image":[{"width":2000,"height":1333,"url":"https:\/\/www.uartes.edu.ec\/sitio\/wp-content\/uploads\/2023\/08\/2-L.jpg","type":"image\/jpeg"}],"author":"Universidad de las Artes","twitter_card":"summary_large_image","twitter_creator":"@uartesec","twitter_site":"@uartesec","twitter_misc":{"Written by":"Universidad de las Artes","Est. reading time":"4 minutes"},"schema":{"@context":"https:\/\/schema.org","@graph":[{"@type":"Article","@id":"https:\/\/www.uartes.edu.ec\/sitio\/en\/blog\/2023\/08\/03\/artistas-e-investigadores-nacionales-y-extranjeros-exponen-en-galeria-del-cif-las-bovedas-y-project-room\/#article","isPartOf":{"@id":"https:\/\/www.uartes.edu.ec\/sitio\/en\/blog\/2023\/08\/03\/artistas-e-investigadores-nacionales-y-extranjeros-exponen-en-galeria-del-cif-las-bovedas-y-project-room\/"},"author":{"name":"Universidad de las Artes","@id":"https:\/\/www.uartes.edu.ec\/sitio\/en\/#\/schema\/person\/f33f8c1d2af0d5c80a38c8abf458184a"},"headline":"Artistas e investigadores nacionales y extranjeros exponen en Galer\u00eda del CIF, las b\u00f3vedas y el Project Room","datePublished":"2023-08-03T20:02:00+00:00","dateModified":"2024-07-04T16:20:52+00:00","mainEntityOfPage":{"@id":"https:\/\/www.uartes.edu.ec\/sitio\/en\/blog\/2023\/08\/03\/artistas-e-investigadores-nacionales-y-extranjeros-exponen-en-galeria-del-cif-las-bovedas-y-project-room\/"},"wordCount":642,"commentCount":0,"publisher":{"@id":"https:\/\/www.uartes.edu.ec\/sitio\/en\/#organization"},"image":{"@id":"https:\/\/www.uartes.edu.ec\/sitio\/en\/blog\/2023\/08\/03\/artistas-e-investigadores-nacionales-y-extranjeros-exponen-en-galeria-del-cif-las-bovedas-y-project-room\/#primaryimage"},"thumbnailUrl":"https:\/\/www.uartes.edu.ec\/sitio\/wp-content\/uploads\/2023\/08\/2-L.jpg","keywords":["encuentro internacional"],"articleSection":["Acad\u00e9mico","Artes","Docentes","Estudiantes","Gesti\u00f3n","Investigaci\u00f3n","Sedes","V\u00ednculo"],"inLanguage":"en-US","potentialAction":[{"@type":"CommentAction","name":"Comment","target":["https:\/\/www.uartes.edu.ec\/sitio\/en\/blog\/2023\/08\/03\/artistas-e-investigadores-nacionales-y-extranjeros-exponen-en-galeria-del-cif-las-bovedas-y-project-room\/#respond"]}]},{"@type":["WebPage","ItemPage"],"@id":"https:\/\/www.uartes.edu.ec\/sitio\/en\/blog\/2023\/08\/03\/artistas-e-investigadores-nacionales-y-extranjeros-exponen-en-galeria-del-cif-las-bovedas-y-project-room\/","url":"https:\/\/www.uartes.edu.ec\/sitio\/en\/blog\/2023\/08\/03\/artistas-e-investigadores-nacionales-y-extranjeros-exponen-en-galeria-del-cif-las-bovedas-y-project-room\/","name":"Universidad de las Artes - Artistas e investigadores nacionales y extranjeros exponen en Galer\u00eda del CIF, las b\u00f3vedas y el Project Room","isPartOf":{"@id":"https:\/\/www.uartes.edu.ec\/sitio\/en\/#website"},"primaryImageOfPage":{"@id":"https:\/\/www.uartes.edu.ec\/sitio\/en\/blog\/2023\/08\/03\/artistas-e-investigadores-nacionales-y-extranjeros-exponen-en-galeria-del-cif-las-bovedas-y-project-room\/#primaryimage"},"image":{"@id":"https:\/\/www.uartes.edu.ec\/sitio\/en\/blog\/2023\/08\/03\/artistas-e-investigadores-nacionales-y-extranjeros-exponen-en-galeria-del-cif-las-bovedas-y-project-room\/#primaryimage"},"thumbnailUrl":"https:\/\/www.uartes.edu.ec\/sitio\/wp-content\/uploads\/2023\/08\/2-L.jpg","datePublished":"2023-08-03T20:02:00+00:00","dateModified":"2024-07-04T16:20:52+00:00","description":"Universidad de las Artes - Artistas e investigadores nacionales y extranjeros exponen en Galer\u00eda del CIF, las b\u00f3vedas y el Project Room","breadcrumb":{"@id":"https:\/\/www.uartes.edu.ec\/sitio\/en\/blog\/2023\/08\/03\/artistas-e-investigadores-nacionales-y-extranjeros-exponen-en-galeria-del-cif-las-bovedas-y-project-room\/#breadcrumb"},"inLanguage":"en-US","potentialAction":[{"@type":"ReadAction","target":["https:\/\/www.uartes.edu.ec\/sitio\/en\/blog\/2023\/08\/03\/artistas-e-investigadores-nacionales-y-extranjeros-exponen-en-galeria-del-cif-las-bovedas-y-project-room\/"]}]},{"@type":"ImageObject","inLanguage":"en-US","@id":"https:\/\/www.uartes.edu.ec\/sitio\/en\/blog\/2023\/08\/03\/artistas-e-investigadores-nacionales-y-extranjeros-exponen-en-galeria-del-cif-las-bovedas-y-project-room\/#primaryimage","url":"https:\/\/www.uartes.edu.ec\/sitio\/wp-content\/uploads\/2023\/08\/2-L.jpg","contentUrl":"https:\/\/www.uartes.edu.ec\/sitio\/wp-content\/uploads\/2023\/08\/2-L.jpg","width":2000,"height":1333},{"@type":"BreadcrumbList","@id":"https:\/\/www.uartes.edu.ec\/sitio\/en\/blog\/2023\/08\/03\/artistas-e-investigadores-nacionales-y-extranjeros-exponen-en-galeria-del-cif-las-bovedas-y-project-room\/#breadcrumb","itemListElement":[{"@type":"ListItem","position":1,"name":"Inicio","item":"https:\/\/www.uartes.edu.ec\/sitio\/"},{"@type":"ListItem","position":2,"name":"Artistas e investigadores nacionales y extranjeros exponen en Galer\u00eda del CIF, las b\u00f3vedas y el Project Room"}]},{"@type":"WebSite","@id":"https:\/\/www.uartes.edu.ec\/sitio\/en\/#website","url":"https:\/\/www.uartes.edu.ec\/sitio\/en\/","name":"Universidad de las Artes","description":"Sitio oficial de la Universidad Nacional de las Artes del Ecuador","publisher":{"@id":"https:\/\/www.uartes.edu.ec\/sitio\/en\/#organization"},"potentialAction":[{"@type":"SearchAction","target":{"@type":"EntryPoint","urlTemplate":"https:\/\/www.uartes.edu.ec\/sitio\/en\/?s={search_term_string}"},"query-input":{"@type":"PropertyValueSpecification","valueRequired":true,"valueName":"search_term_string"}}],"inLanguage":"en-US"},{"@type":"Organization","@id":"https:\/\/www.uartes.edu.ec\/sitio\/en\/#organization","name":"Universidad de las Artes","url":"https:\/\/www.uartes.edu.ec\/sitio\/en\/","logo":{"@type":"ImageObject","inLanguage":"en-US","@id":"https:\/\/www.uartes.edu.ec\/sitio\/en\/#\/schema\/logo\/image\/","url":"https:\/\/www.uartes.edu.ec\/sitio\/wp-content\/uploads\/2022\/07\/logo-ua-horizontal.png","contentUrl":"https:\/\/www.uartes.edu.ec\/sitio\/wp-content\/uploads\/2022\/07\/logo-ua-horizontal.png","width":800,"height":276,"caption":"Universidad de las Artes"},"image":{"@id":"https:\/\/www.uartes.edu.ec\/sitio\/en\/#\/schema\/logo\/image\/"},"sameAs":["https:\/\/www.facebook.com\/uartesec","https:\/\/x.com\/uartesec","https:\/\/www.tiktok.com\/@uartesec"]},{"@type":"Person","@id":"https:\/\/www.uartes.edu.ec\/sitio\/en\/#\/schema\/person\/f33f8c1d2af0d5c80a38c8abf458184a","name":"Universidad de las Artes","image":{"@type":"ImageObject","inLanguage":"en-US","@id":"https:\/\/secure.gravatar.com\/avatar\/52e4757902f5cfa5ac52d020e5be83cae5487519154b6c35482fe08d589f3c13?s=96&d=mm&r=g","url":"https:\/\/secure.gravatar.com\/avatar\/52e4757902f5cfa5ac52d020e5be83cae5487519154b6c35482fe08d589f3c13?s=96&d=mm&r=g","contentUrl":"https:\/\/secure.gravatar.com\/avatar\/52e4757902f5cfa5ac52d020e5be83cae5487519154b6c35482fe08d589f3c13?s=96&d=mm&r=g","caption":"Universidad de las Artes"},"url":"https:\/\/www.uartes.edu.ec\/sitio\/en\/blog\/author\/dircomadm\/"}]}},"uagb_featured_image_src":{"full":["https:\/\/www.uartes.edu.ec\/sitio\/wp-content\/uploads\/2023\/08\/2-L.jpg",2000,1333,false],"thumbnail":["https:\/\/www.uartes.edu.ec\/sitio\/wp-content\/uploads\/2023\/08\/2-L-150x150.jpg",150,150,true],"medium":["https:\/\/www.uartes.edu.ec\/sitio\/wp-content\/uploads\/2023\/08\/2-L-300x200.jpg",300,200,true],"medium_large":["https:\/\/www.uartes.edu.ec\/sitio\/wp-content\/uploads\/2023\/08\/2-L-768x512.jpg",768,512,true],"large":["https:\/\/www.uartes.edu.ec\/sitio\/wp-content\/uploads\/2023\/08\/2-L-644x429.jpg",644,429,true],"1536x1536":["https:\/\/www.uartes.edu.ec\/sitio\/wp-content\/uploads\/2023\/08\/2-L-1536x1024.jpg",1536,1024,true],"2048x2048":["https:\/\/www.uartes.edu.ec\/sitio\/wp-content\/uploads\/2023\/08\/2-L.jpg",2000,1333,false],"trp-custom-language-flag":["https:\/\/www.uartes.edu.ec\/sitio\/wp-content\/uploads\/2023\/08\/2-L.jpg",18,12,false],"htmega_size_585x295":["https:\/\/www.uartes.edu.ec\/sitio\/wp-content\/uploads\/2023\/08\/2-L-585x295.jpg",585,295,true],"htmega_size_1170x536":["https:\/\/www.uartes.edu.ec\/sitio\/wp-content\/uploads\/2023\/08\/2-L-1170x536.jpg",1170,536,true],"htmega_size_396x360":["https:\/\/www.uartes.edu.ec\/sitio\/wp-content\/uploads\/2023\/08\/2-L-396x360.jpg",396,360,true],"gb-block-post-grid-landscape":["https:\/\/www.uartes.edu.ec\/sitio\/wp-content\/uploads\/2023\/08\/2-L-600x400.jpg",600,400,true],"gb-block-post-grid-square":["https:\/\/www.uartes.edu.ec\/sitio\/wp-content\/uploads\/2023\/08\/2-L-600x600.jpg",600,600,true],"university-hub-thumb":["https:\/\/www.uartes.edu.ec\/sitio\/wp-content\/uploads\/2023\/08\/2-L-400x267.jpg",400,267,true]},"uagb_author_info":{"display_name":"Universidad de las Artes","author_link":"https:\/\/www.uartes.edu.ec\/sitio\/en\/blog\/author\/dircomadm\/"},"uagb_comment_info":0,"uagb_excerpt":"Se inauguraron en el marco del encuentro \u201cLocalidad y Tecnodiversidad: Hacia territorios art\u00edstica y ecol\u00f3gicamente inteligentes\u201d, organizado por la UArtes y su Direcci\u00f3n de Pol\u00edticas de Investigaci\u00f3n en Artes con apoyo de un consorcio de 11 instituciones de 5 pa\u00edses: Francia, Irlanda, Polonia, EEUU y Ecuador, asociados a NEST. Son las muestras \u201cEco-localidades\u201d y \"CESO\",&hellip;","featured_image_src":"https:\/\/www.uartes.edu.ec\/sitio\/wp-content\/uploads\/2023\/08\/2-L-600x400.jpg","featured_image_src_square":"https:\/\/www.uartes.edu.ec\/sitio\/wp-content\/uploads\/2023\/08\/2-L-600x600.jpg","author_info":{"display_name":"Universidad de las Artes","author_link":"https:\/\/www.uartes.edu.ec\/sitio\/en\/blog\/author\/dircomadm\/"},"publishpress_future_workflow_manual_trigger":{"enabledWorkflows":[]},"distributor_meta":false,"distributor_terms":false,"distributor_media":false,"distributor_original_site_name":"Universidad de las Artes","distributor_original_site_url":"https:\/\/www.uartes.edu.ec\/sitio\/en","push-errors":false,"_links":{"self":[{"href":"https:\/\/www.uartes.edu.ec\/sitio\/en\/wp-json\/wp\/v2\/posts\/45546","targetHints":{"allow":["GET"]}}],"collection":[{"href":"https:\/\/www.uartes.edu.ec\/sitio\/en\/wp-json\/wp\/v2\/posts"}],"about":[{"href":"https:\/\/www.uartes.edu.ec\/sitio\/en\/wp-json\/wp\/v2\/types\/post"}],"author":[{"embeddable":true,"href":"https:\/\/www.uartes.edu.ec\/sitio\/en\/wp-json\/wp\/v2\/users\/1"}],"replies":[{"embeddable":true,"href":"https:\/\/www.uartes.edu.ec\/sitio\/en\/wp-json\/wp\/v2\/comments?post=45546"}],"version-history":[{"count":13,"href":"https:\/\/www.uartes.edu.ec\/sitio\/en\/wp-json\/wp\/v2\/posts\/45546\/revisions"}],"predecessor-version":[{"id":45643,"href":"https:\/\/www.uartes.edu.ec\/sitio\/en\/wp-json\/wp\/v2\/posts\/45546\/revisions\/45643"}],"wp:featuredmedia":[{"embeddable":true,"href":"https:\/\/www.uartes.edu.ec\/sitio\/en\/wp-json\/wp\/v2\/media\/45606"}],"wp:attachment":[{"href":"https:\/\/www.uartes.edu.ec\/sitio\/en\/wp-json\/wp\/v2\/media?parent=45546"}],"wp:term":[{"taxonomy":"category","embeddable":true,"href":"https:\/\/www.uartes.edu.ec\/sitio\/en\/wp-json\/wp\/v2\/categories?post=45546"},{"taxonomy":"post_tag","embeddable":true,"href":"https:\/\/www.uartes.edu.ec\/sitio\/en\/wp-json\/wp\/v2\/tags?post=45546"},{"taxonomy":"infouartes","embeddable":true,"href":"https:\/\/www.uartes.edu.ec\/sitio\/en\/wp-json\/wp\/v2\/infouartes?post=45546"}],"curies":[{"name":"wp","href":"https:\/\/api.w.org\/{rel}","templated":true}]}}