{"id":45548,"date":"2023-08-03T14:33:00","date_gmt":"2023-08-03T19:33:00","guid":{"rendered":"https:\/\/www.uartes.edu.ec\/sitio\/?p=45548"},"modified":"2024-07-04T11:20:52","modified_gmt":"2024-07-04T16:20:52","slug":"antonio-cepeda-y-estudiantes-de-la-eas-mostraron-metodo-de-direccion-gestual-aplicado-en-proyecto-barrio-acogiente","status":"publish","type":"post","link":"https:\/\/www.uartes.edu.ec\/sitio\/en\/blog\/2023\/08\/03\/antonio-cepeda-y-estudiantes-de-la-eas-mostraron-metodo-de-direccion-gestual-aplicado-en-proyecto-barrio-acogiente\/","title":{"rendered":"Antonio Cepeda y estudiantes de la EAS mostraron m\u00e9todo de direcci\u00f3n gestual aplicado en \u201cBarrio Acogiente\u201d"},"content":{"rendered":"<p>Solo se trat\u00f3 de una muestra, de una improvisaci\u00f3n con direcci\u00f3n gestual y c\u00f3digos creados con los\/las estudiantes, manifest\u00f3 Antonio Cepeda, docente de la Escuela de Artes Sonoras de la UArtes, cuando este martes 1 de agosto present\u00f3 al ensamble que cerr\u00f3 el acto inaugural del encuentro art\u00edstico y simposio Internacional \u201cLocalidad y Tecnodiversidad: Hacia territorios art\u00edstica y ecol\u00f3gicamente inteligentes\u201d.<\/p>\n\n\n\n<p>Aunque solo se trat\u00f3 de una muestra, los integrantes del ensamble y sus instrumentos de percusi\u00f3n, guitarras y teclados pusieron a bailar a quienes acudieron a la inauguraci\u00f3n del encuentro organizado por la Universidad de las Artes a trav\u00e9s de la Direcci\u00f3n de Pol\u00edticas de Investigaci\u00f3n, con el apoyo de un consorcio de once instituciones de cinco pa\u00edses: Francia, Irlanda, Polonia, EEUU y Ecuador, asociados al proyecto internacional NEST.<\/p>\n\n\n\n<p>Cabe anotar que, el m\u00e9todo de direcci\u00f3n gestual ha sido aplicado en el proyecto de Vinculaci\u00f3n con la Sociedad \u201cBarrio Acogiente: estrategias de educaci\u00f3n no formal para la reducci\u00f3n de la xenofobia\u201d de la UArtes, en el que junto a Cepeda intervienen los docentes Janina Su\u00e1rez, Jorge Tigrero y Gioconda Coello, su actual directora.<\/p>\n\n\n\n<p>\u201cBarrio Acogiente\u201d se encuentra en su \u00faltimo a\u00f1o como proyecto aprobado, anota Coello y detalla que al momento funcionan dos programas enfocados al ejercicio de derechos al bienestar y la educaci\u00f3n a trav\u00e9s de talleres de artes interdisciplinares que engloban expresi\u00f3n corporal, pintura y m\u00fasica.<\/p>\n\n\n\n<p>Uno de los programas est\u00e1 a cargo de&nbsp;Jorge Tigrero, quien trabaja con la Fundaci\u00f3n Sin L\u00edmites en Juan Montalvo. En el otro, Coello trabaja junto&nbsp;con Cepeda y Su\u00e1rez en el Centro Diurno de Desarrollo Integral para Personas con Discapacidad. All\u00ed es donde se realizan pr\u00e1cticas l\u00fadico-art\u00edsticas para la inclusi\u00f3n social. &nbsp;<\/p>\n\n\n\n<p>En un texto que Janina Su\u00e1rez, docente y jefa de Pr\u00e1cticas PreProfesionales, comparti\u00f3 con InfoUArtes, se indica que el Ensamble L\u00fadico Experimental es una asignatura de las carreras de Artes Musicales y de Producci\u00f3n Musical de la Escuela de Artes Sonoras. Est\u00e1 orientada hacia la interdisciplinariedad, por la que transitan estudiantes de todas las carreras de la Universidad de las Artes.<\/p>\n\n\n\n<p>El funcionamiento del ensamble, se lee en el art\u00edculo, ocurre a trav\u00e9s de un juego de improvisaci\u00f3n para llegar a una creaci\u00f3n colectiva. En dicho juego se gesta una serie de comandos gestuales que sirven para guiar la improvisaci\u00f3n individual y grupal del ensamble. El rol de la direcci\u00f3n es intercambiable entre los y las integrantes, quienes interpretan composiciones semiestructuradas e improvisaciones libres con la finalidad de fomentar las capacidades creativas que conjugan la teor\u00eda y la praxis aprendida en el aula.<\/p>","protected":false},"excerpt":{"rendered":"<p>En inauguraci\u00f3n del encuentro \u201cLocalidad y Tecnodiversidad: Hacia territorios art\u00edstica y ecol\u00f3gicamente inteligentes\u201d, se present\u00f3 un ensamble l\u00fadico experimental con un concierto que demostr\u00f3 el m\u00e9todo de direcci\u00f3n gestual aplicado en el proyecto de Vinculaci\u00f3n con la Sociedad \u201cBarrio Acogiente: estrategias de educaci\u00f3n no formal para la reducci\u00f3n de la xenofobia\u201d<\/p>","protected":false},"author":1,"featured_media":45598,"comment_status":"open","ping_status":"open","sticky":false,"template":"","format":"standard","meta":{"_acf_changed":false,"_uag_custom_page_level_css":"","_monsterinsights_skip_tracking":false,"_monsterinsights_sitenote_active":false,"_monsterinsights_sitenote_note":"","_monsterinsights_sitenote_category":0,"cybocfi_hide_featured_image":"","footnotes":""},"categories":[80,82,75,76,77,182,83,79],"tags":[643],"infouartes":[],"class_list":["post-45548","post","type-post","status-publish","format-standard","has-post-thumbnail","hentry","category-academico","category-artes","category-docentes","category-estudiantes","category-gestion","category-infouartes","category-sedes","category-vinculo","tag-encuentro-internacional"],"acf":[],"yoast_head":"<!-- This site is optimized with the Yoast SEO plugin v27.4 - https:\/\/yoast.com\/product\/yoast-seo-wordpress\/ -->\n<title>Universidad de las Artes - Antonio Cepeda y estudiantes de la EAS mostraron m\u00e9todo de direcci\u00f3n gestual aplicado en \u201cBarrio Acogiente\u201d<\/title>\n<meta name=\"description\" content=\"Universidad de las Artes - Antonio Cepeda y estudiantes de la EAS mostraron m\u00e9todo de direcci\u00f3n gestual aplicado en \u201cBarrio Acogiente\u201d\" \/>\n<meta name=\"robots\" content=\"index, follow, max-snippet:-1, max-image-preview:large, max-video-preview:-1\" \/>\n<link rel=\"canonical\" href=\"https:\/\/www.uartes.edu.ec\/sitio\/en\/blog\/2023\/08\/03\/antonio-cepeda-y-estudiantes-de-la-eas-mostraron-metodo-de-direccion-gestual-aplicado-en-proyecto-barrio-acogiente\/\" \/>\n<meta property=\"og:locale\" content=\"en_US\" \/>\n<meta property=\"og:type\" content=\"article\" \/>\n<meta property=\"og:title\" content=\"Universidad de las Artes - Antonio Cepeda y estudiantes de la EAS mostraron m\u00e9todo de direcci\u00f3n gestual aplicado en \u201cBarrio Acogiente\u201d\" \/>\n<meta property=\"og:description\" content=\"Universidad de las Artes - Antonio Cepeda y estudiantes de la EAS mostraron m\u00e9todo de direcci\u00f3n gestual aplicado en \u201cBarrio Acogiente\u201d\" \/>\n<meta property=\"og:url\" content=\"https:\/\/www.uartes.edu.ec\/sitio\/en\/blog\/2023\/08\/03\/antonio-cepeda-y-estudiantes-de-la-eas-mostraron-metodo-de-direccion-gestual-aplicado-en-proyecto-barrio-acogiente\/\" \/>\n<meta property=\"og:site_name\" content=\"Universidad de las Artes\" \/>\n<meta property=\"article:publisher\" content=\"https:\/\/www.facebook.com\/uartesec\" \/>\n<meta property=\"article:published_time\" content=\"2023-08-03T19:33:00+00:00\" \/>\n<meta property=\"article:modified_time\" content=\"2024-07-04T16:20:52+00:00\" \/>\n<meta property=\"og:image\" content=\"https:\/\/www.uartes.edu.ec\/sitio\/wp-content\/uploads\/2023\/08\/06-LOCALIDAD-Y-TECNODIVERSIDAD-CALIDAD-WEB.jpg\" \/>\n\t<meta property=\"og:image:width\" content=\"2000\" \/>\n\t<meta property=\"og:image:height\" content=\"1333\" \/>\n\t<meta property=\"og:image:type\" content=\"image\/jpeg\" \/>\n<meta name=\"author\" content=\"Universidad de las Artes\" \/>\n<meta name=\"twitter:card\" content=\"summary_large_image\" \/>\n<meta name=\"twitter:creator\" content=\"@uartesec\" \/>\n<meta name=\"twitter:site\" content=\"@uartesec\" \/>\n<meta name=\"twitter:label1\" content=\"Written by\" \/>\n\t<meta name=\"twitter:data1\" content=\"Universidad de las Artes\" \/>\n\t<meta name=\"twitter:label2\" content=\"Est. reading time\" \/>\n\t<meta name=\"twitter:data2\" content=\"2 minutes\" \/>\n<script type=\"application\/ld+json\" class=\"yoast-schema-graph\">{\"@context\":\"https:\\\/\\\/schema.org\",\"@graph\":[{\"@type\":\"Article\",\"@id\":\"https:\\\/\\\/www.uartes.edu.ec\\\/sitio\\\/en\\\/blog\\\/2023\\\/08\\\/03\\\/antonio-cepeda-y-estudiantes-de-la-eas-mostraron-metodo-de-direccion-gestual-aplicado-en-proyecto-barrio-acogiente\\\/#article\",\"isPartOf\":{\"@id\":\"https:\\\/\\\/www.uartes.edu.ec\\\/sitio\\\/en\\\/blog\\\/2023\\\/08\\\/03\\\/antonio-cepeda-y-estudiantes-de-la-eas-mostraron-metodo-de-direccion-gestual-aplicado-en-proyecto-barrio-acogiente\\\/\"},\"author\":{\"name\":\"Universidad de las Artes\",\"@id\":\"https:\\\/\\\/www.uartes.edu.ec\\\/sitio\\\/en\\\/#\\\/schema\\\/person\\\/f33f8c1d2af0d5c80a38c8abf458184a\"},\"headline\":\"Antonio Cepeda y estudiantes de la EAS mostraron m\u00e9todo de direcci\u00f3n gestual aplicado en \u201cBarrio Acogiente\u201d\",\"datePublished\":\"2023-08-03T19:33:00+00:00\",\"dateModified\":\"2024-07-04T16:20:52+00:00\",\"mainEntityOfPage\":{\"@id\":\"https:\\\/\\\/www.uartes.edu.ec\\\/sitio\\\/en\\\/blog\\\/2023\\\/08\\\/03\\\/antonio-cepeda-y-estudiantes-de-la-eas-mostraron-metodo-de-direccion-gestual-aplicado-en-proyecto-barrio-acogiente\\\/\"},\"wordCount\":486,\"commentCount\":0,\"publisher\":{\"@id\":\"https:\\\/\\\/www.uartes.edu.ec\\\/sitio\\\/en\\\/#organization\"},\"image\":{\"@id\":\"https:\\\/\\\/www.uartes.edu.ec\\\/sitio\\\/en\\\/blog\\\/2023\\\/08\\\/03\\\/antonio-cepeda-y-estudiantes-de-la-eas-mostraron-metodo-de-direccion-gestual-aplicado-en-proyecto-barrio-acogiente\\\/#primaryimage\"},\"thumbnailUrl\":\"https:\\\/\\\/www.uartes.edu.ec\\\/sitio\\\/wp-content\\\/uploads\\\/2023\\\/08\\\/06-LOCALIDAD-Y-TECNODIVERSIDAD-CALIDAD-WEB.jpg\",\"keywords\":[\"encuentro internacional\"],\"articleSection\":[\"Acad\u00e9mico\",\"Artes\",\"Docentes\",\"Estudiantes\",\"Gesti\u00f3n\",\"InfoUArtes\",\"Sedes\",\"V\u00ednculo\"],\"inLanguage\":\"en-US\",\"potentialAction\":[{\"@type\":\"CommentAction\",\"name\":\"Comment\",\"target\":[\"https:\\\/\\\/www.uartes.edu.ec\\\/sitio\\\/en\\\/blog\\\/2023\\\/08\\\/03\\\/antonio-cepeda-y-estudiantes-de-la-eas-mostraron-metodo-de-direccion-gestual-aplicado-en-proyecto-barrio-acogiente\\\/#respond\"]}]},{\"@type\":[\"WebPage\",\"ItemPage\"],\"@id\":\"https:\\\/\\\/www.uartes.edu.ec\\\/sitio\\\/en\\\/blog\\\/2023\\\/08\\\/03\\\/antonio-cepeda-y-estudiantes-de-la-eas-mostraron-metodo-de-direccion-gestual-aplicado-en-proyecto-barrio-acogiente\\\/\",\"url\":\"https:\\\/\\\/www.uartes.edu.ec\\\/sitio\\\/en\\\/blog\\\/2023\\\/08\\\/03\\\/antonio-cepeda-y-estudiantes-de-la-eas-mostraron-metodo-de-direccion-gestual-aplicado-en-proyecto-barrio-acogiente\\\/\",\"name\":\"Universidad de las Artes - Antonio Cepeda y estudiantes de la EAS mostraron m\u00e9todo de direcci\u00f3n gestual aplicado en \u201cBarrio Acogiente\u201d\",\"isPartOf\":{\"@id\":\"https:\\\/\\\/www.uartes.edu.ec\\\/sitio\\\/en\\\/#website\"},\"primaryImageOfPage\":{\"@id\":\"https:\\\/\\\/www.uartes.edu.ec\\\/sitio\\\/en\\\/blog\\\/2023\\\/08\\\/03\\\/antonio-cepeda-y-estudiantes-de-la-eas-mostraron-metodo-de-direccion-gestual-aplicado-en-proyecto-barrio-acogiente\\\/#primaryimage\"},\"image\":{\"@id\":\"https:\\\/\\\/www.uartes.edu.ec\\\/sitio\\\/en\\\/blog\\\/2023\\\/08\\\/03\\\/antonio-cepeda-y-estudiantes-de-la-eas-mostraron-metodo-de-direccion-gestual-aplicado-en-proyecto-barrio-acogiente\\\/#primaryimage\"},\"thumbnailUrl\":\"https:\\\/\\\/www.uartes.edu.ec\\\/sitio\\\/wp-content\\\/uploads\\\/2023\\\/08\\\/06-LOCALIDAD-Y-TECNODIVERSIDAD-CALIDAD-WEB.jpg\",\"datePublished\":\"2023-08-03T19:33:00+00:00\",\"dateModified\":\"2024-07-04T16:20:52+00:00\",\"description\":\"Universidad de las Artes - Antonio Cepeda y estudiantes de la EAS mostraron m\u00e9todo de direcci\u00f3n gestual aplicado en \u201cBarrio Acogiente\u201d\",\"breadcrumb\":{\"@id\":\"https:\\\/\\\/www.uartes.edu.ec\\\/sitio\\\/en\\\/blog\\\/2023\\\/08\\\/03\\\/antonio-cepeda-y-estudiantes-de-la-eas-mostraron-metodo-de-direccion-gestual-aplicado-en-proyecto-barrio-acogiente\\\/#breadcrumb\"},\"inLanguage\":\"en-US\",\"potentialAction\":[{\"@type\":\"ReadAction\",\"target\":[\"https:\\\/\\\/www.uartes.edu.ec\\\/sitio\\\/en\\\/blog\\\/2023\\\/08\\\/03\\\/antonio-cepeda-y-estudiantes-de-la-eas-mostraron-metodo-de-direccion-gestual-aplicado-en-proyecto-barrio-acogiente\\\/\"]}]},{\"@type\":\"ImageObject\",\"inLanguage\":\"en-US\",\"@id\":\"https:\\\/\\\/www.uartes.edu.ec\\\/sitio\\\/en\\\/blog\\\/2023\\\/08\\\/03\\\/antonio-cepeda-y-estudiantes-de-la-eas-mostraron-metodo-de-direccion-gestual-aplicado-en-proyecto-barrio-acogiente\\\/#primaryimage\",\"url\":\"https:\\\/\\\/www.uartes.edu.ec\\\/sitio\\\/wp-content\\\/uploads\\\/2023\\\/08\\\/06-LOCALIDAD-Y-TECNODIVERSIDAD-CALIDAD-WEB.jpg\",\"contentUrl\":\"https:\\\/\\\/www.uartes.edu.ec\\\/sitio\\\/wp-content\\\/uploads\\\/2023\\\/08\\\/06-LOCALIDAD-Y-TECNODIVERSIDAD-CALIDAD-WEB.jpg\",\"width\":2000,\"height\":1333},{\"@type\":\"BreadcrumbList\",\"@id\":\"https:\\\/\\\/www.uartes.edu.ec\\\/sitio\\\/en\\\/blog\\\/2023\\\/08\\\/03\\\/antonio-cepeda-y-estudiantes-de-la-eas-mostraron-metodo-de-direccion-gestual-aplicado-en-proyecto-barrio-acogiente\\\/#breadcrumb\",\"itemListElement\":[{\"@type\":\"ListItem\",\"position\":1,\"name\":\"Inicio\",\"item\":\"https:\\\/\\\/www.uartes.edu.ec\\\/sitio\\\/\"},{\"@type\":\"ListItem\",\"position\":2,\"name\":\"Antonio Cepeda y estudiantes de la EAS mostraron m\u00e9todo de direcci\u00f3n gestual aplicado en \u201cBarrio Acogiente\u201d\"}]},{\"@type\":\"WebSite\",\"@id\":\"https:\\\/\\\/www.uartes.edu.ec\\\/sitio\\\/en\\\/#website\",\"url\":\"https:\\\/\\\/www.uartes.edu.ec\\\/sitio\\\/en\\\/\",\"name\":\"Universidad de las Artes\",\"description\":\"Sitio oficial de la Universidad Nacional de las Artes del Ecuador\",\"publisher\":{\"@id\":\"https:\\\/\\\/www.uartes.edu.ec\\\/sitio\\\/en\\\/#organization\"},\"potentialAction\":[{\"@type\":\"SearchAction\",\"target\":{\"@type\":\"EntryPoint\",\"urlTemplate\":\"https:\\\/\\\/www.uartes.edu.ec\\\/sitio\\\/en\\\/?s={search_term_string}\"},\"query-input\":{\"@type\":\"PropertyValueSpecification\",\"valueRequired\":true,\"valueName\":\"search_term_string\"}}],\"inLanguage\":\"en-US\"},{\"@type\":\"Organization\",\"@id\":\"https:\\\/\\\/www.uartes.edu.ec\\\/sitio\\\/en\\\/#organization\",\"name\":\"Universidad de las Artes\",\"url\":\"https:\\\/\\\/www.uartes.edu.ec\\\/sitio\\\/en\\\/\",\"logo\":{\"@type\":\"ImageObject\",\"inLanguage\":\"en-US\",\"@id\":\"https:\\\/\\\/www.uartes.edu.ec\\\/sitio\\\/en\\\/#\\\/schema\\\/logo\\\/image\\\/\",\"url\":\"https:\\\/\\\/www.uartes.edu.ec\\\/sitio\\\/wp-content\\\/uploads\\\/2022\\\/07\\\/logo-ua-horizontal.png\",\"contentUrl\":\"https:\\\/\\\/www.uartes.edu.ec\\\/sitio\\\/wp-content\\\/uploads\\\/2022\\\/07\\\/logo-ua-horizontal.png\",\"width\":800,\"height\":276,\"caption\":\"Universidad de las Artes\"},\"image\":{\"@id\":\"https:\\\/\\\/www.uartes.edu.ec\\\/sitio\\\/en\\\/#\\\/schema\\\/logo\\\/image\\\/\"},\"sameAs\":[\"https:\\\/\\\/www.facebook.com\\\/uartesec\",\"https:\\\/\\\/x.com\\\/uartesec\",\"https:\\\/\\\/www.tiktok.com\\\/@uartesec\"]},{\"@type\":\"Person\",\"@id\":\"https:\\\/\\\/www.uartes.edu.ec\\\/sitio\\\/en\\\/#\\\/schema\\\/person\\\/f33f8c1d2af0d5c80a38c8abf458184a\",\"name\":\"Universidad de las Artes\",\"image\":{\"@type\":\"ImageObject\",\"inLanguage\":\"en-US\",\"@id\":\"https:\\\/\\\/secure.gravatar.com\\\/avatar\\\/52e4757902f5cfa5ac52d020e5be83cae5487519154b6c35482fe08d589f3c13?s=96&d=mm&r=g\",\"url\":\"https:\\\/\\\/secure.gravatar.com\\\/avatar\\\/52e4757902f5cfa5ac52d020e5be83cae5487519154b6c35482fe08d589f3c13?s=96&d=mm&r=g\",\"contentUrl\":\"https:\\\/\\\/secure.gravatar.com\\\/avatar\\\/52e4757902f5cfa5ac52d020e5be83cae5487519154b6c35482fe08d589f3c13?s=96&d=mm&r=g\",\"caption\":\"Universidad de las Artes\"},\"url\":\"https:\\\/\\\/www.uartes.edu.ec\\\/sitio\\\/en\\\/blog\\\/author\\\/dircomadm\\\/\"}]}<\/script>\n<!-- \/ Yoast SEO plugin. -->","yoast_head_json":{"title":"Universidad de las Artes - Antonio Cepeda y estudiantes de la EAS mostraron m\u00e9todo de direcci\u00f3n gestual aplicado en \u201cBarrio Acogiente\u201d","description":"Universidad de las Artes - Antonio Cepeda y estudiantes de la EAS mostraron m\u00e9todo de direcci\u00f3n gestual aplicado en \u201cBarrio Acogiente\u201d","robots":{"index":"index","follow":"follow","max-snippet":"max-snippet:-1","max-image-preview":"max-image-preview:large","max-video-preview":"max-video-preview:-1"},"canonical":"https:\/\/www.uartes.edu.ec\/sitio\/en\/blog\/2023\/08\/03\/antonio-cepeda-y-estudiantes-de-la-eas-mostraron-metodo-de-direccion-gestual-aplicado-en-proyecto-barrio-acogiente\/","og_locale":"en_US","og_type":"article","og_title":"Universidad de las Artes - Antonio Cepeda y estudiantes de la EAS mostraron m\u00e9todo de direcci\u00f3n gestual aplicado en \u201cBarrio Acogiente\u201d","og_description":"Universidad de las Artes - Antonio Cepeda y estudiantes de la EAS mostraron m\u00e9todo de direcci\u00f3n gestual aplicado en \u201cBarrio Acogiente\u201d","og_url":"https:\/\/www.uartes.edu.ec\/sitio\/en\/blog\/2023\/08\/03\/antonio-cepeda-y-estudiantes-de-la-eas-mostraron-metodo-de-direccion-gestual-aplicado-en-proyecto-barrio-acogiente\/","og_site_name":"Universidad de las Artes","article_publisher":"https:\/\/www.facebook.com\/uartesec","article_published_time":"2023-08-03T19:33:00+00:00","article_modified_time":"2024-07-04T16:20:52+00:00","og_image":[{"width":2000,"height":1333,"url":"https:\/\/www.uartes.edu.ec\/sitio\/wp-content\/uploads\/2023\/08\/06-LOCALIDAD-Y-TECNODIVERSIDAD-CALIDAD-WEB.jpg","type":"image\/jpeg"}],"author":"Universidad de las Artes","twitter_card":"summary_large_image","twitter_creator":"@uartesec","twitter_site":"@uartesec","twitter_misc":{"Written by":"Universidad de las Artes","Est. reading time":"2 minutes"},"schema":{"@context":"https:\/\/schema.org","@graph":[{"@type":"Article","@id":"https:\/\/www.uartes.edu.ec\/sitio\/en\/blog\/2023\/08\/03\/antonio-cepeda-y-estudiantes-de-la-eas-mostraron-metodo-de-direccion-gestual-aplicado-en-proyecto-barrio-acogiente\/#article","isPartOf":{"@id":"https:\/\/www.uartes.edu.ec\/sitio\/en\/blog\/2023\/08\/03\/antonio-cepeda-y-estudiantes-de-la-eas-mostraron-metodo-de-direccion-gestual-aplicado-en-proyecto-barrio-acogiente\/"},"author":{"name":"Universidad de las Artes","@id":"https:\/\/www.uartes.edu.ec\/sitio\/en\/#\/schema\/person\/f33f8c1d2af0d5c80a38c8abf458184a"},"headline":"Antonio Cepeda y estudiantes de la EAS mostraron m\u00e9todo de direcci\u00f3n gestual aplicado en \u201cBarrio Acogiente\u201d","datePublished":"2023-08-03T19:33:00+00:00","dateModified":"2024-07-04T16:20:52+00:00","mainEntityOfPage":{"@id":"https:\/\/www.uartes.edu.ec\/sitio\/en\/blog\/2023\/08\/03\/antonio-cepeda-y-estudiantes-de-la-eas-mostraron-metodo-de-direccion-gestual-aplicado-en-proyecto-barrio-acogiente\/"},"wordCount":486,"commentCount":0,"publisher":{"@id":"https:\/\/www.uartes.edu.ec\/sitio\/en\/#organization"},"image":{"@id":"https:\/\/www.uartes.edu.ec\/sitio\/en\/blog\/2023\/08\/03\/antonio-cepeda-y-estudiantes-de-la-eas-mostraron-metodo-de-direccion-gestual-aplicado-en-proyecto-barrio-acogiente\/#primaryimage"},"thumbnailUrl":"https:\/\/www.uartes.edu.ec\/sitio\/wp-content\/uploads\/2023\/08\/06-LOCALIDAD-Y-TECNODIVERSIDAD-CALIDAD-WEB.jpg","keywords":["encuentro internacional"],"articleSection":["Acad\u00e9mico","Artes","Docentes","Estudiantes","Gesti\u00f3n","InfoUArtes","Sedes","V\u00ednculo"],"inLanguage":"en-US","potentialAction":[{"@type":"CommentAction","name":"Comment","target":["https:\/\/www.uartes.edu.ec\/sitio\/en\/blog\/2023\/08\/03\/antonio-cepeda-y-estudiantes-de-la-eas-mostraron-metodo-de-direccion-gestual-aplicado-en-proyecto-barrio-acogiente\/#respond"]}]},{"@type":["WebPage","ItemPage"],"@id":"https:\/\/www.uartes.edu.ec\/sitio\/en\/blog\/2023\/08\/03\/antonio-cepeda-y-estudiantes-de-la-eas-mostraron-metodo-de-direccion-gestual-aplicado-en-proyecto-barrio-acogiente\/","url":"https:\/\/www.uartes.edu.ec\/sitio\/en\/blog\/2023\/08\/03\/antonio-cepeda-y-estudiantes-de-la-eas-mostraron-metodo-de-direccion-gestual-aplicado-en-proyecto-barrio-acogiente\/","name":"Universidad de las Artes - Antonio Cepeda y estudiantes de la EAS mostraron m\u00e9todo de direcci\u00f3n gestual aplicado en \u201cBarrio Acogiente\u201d","isPartOf":{"@id":"https:\/\/www.uartes.edu.ec\/sitio\/en\/#website"},"primaryImageOfPage":{"@id":"https:\/\/www.uartes.edu.ec\/sitio\/en\/blog\/2023\/08\/03\/antonio-cepeda-y-estudiantes-de-la-eas-mostraron-metodo-de-direccion-gestual-aplicado-en-proyecto-barrio-acogiente\/#primaryimage"},"image":{"@id":"https:\/\/www.uartes.edu.ec\/sitio\/en\/blog\/2023\/08\/03\/antonio-cepeda-y-estudiantes-de-la-eas-mostraron-metodo-de-direccion-gestual-aplicado-en-proyecto-barrio-acogiente\/#primaryimage"},"thumbnailUrl":"https:\/\/www.uartes.edu.ec\/sitio\/wp-content\/uploads\/2023\/08\/06-LOCALIDAD-Y-TECNODIVERSIDAD-CALIDAD-WEB.jpg","datePublished":"2023-08-03T19:33:00+00:00","dateModified":"2024-07-04T16:20:52+00:00","description":"Universidad de las Artes - Antonio Cepeda y estudiantes de la EAS mostraron m\u00e9todo de direcci\u00f3n gestual aplicado en \u201cBarrio Acogiente\u201d","breadcrumb":{"@id":"https:\/\/www.uartes.edu.ec\/sitio\/en\/blog\/2023\/08\/03\/antonio-cepeda-y-estudiantes-de-la-eas-mostraron-metodo-de-direccion-gestual-aplicado-en-proyecto-barrio-acogiente\/#breadcrumb"},"inLanguage":"en-US","potentialAction":[{"@type":"ReadAction","target":["https:\/\/www.uartes.edu.ec\/sitio\/en\/blog\/2023\/08\/03\/antonio-cepeda-y-estudiantes-de-la-eas-mostraron-metodo-de-direccion-gestual-aplicado-en-proyecto-barrio-acogiente\/"]}]},{"@type":"ImageObject","inLanguage":"en-US","@id":"https:\/\/www.uartes.edu.ec\/sitio\/en\/blog\/2023\/08\/03\/antonio-cepeda-y-estudiantes-de-la-eas-mostraron-metodo-de-direccion-gestual-aplicado-en-proyecto-barrio-acogiente\/#primaryimage","url":"https:\/\/www.uartes.edu.ec\/sitio\/wp-content\/uploads\/2023\/08\/06-LOCALIDAD-Y-TECNODIVERSIDAD-CALIDAD-WEB.jpg","contentUrl":"https:\/\/www.uartes.edu.ec\/sitio\/wp-content\/uploads\/2023\/08\/06-LOCALIDAD-Y-TECNODIVERSIDAD-CALIDAD-WEB.jpg","width":2000,"height":1333},{"@type":"BreadcrumbList","@id":"https:\/\/www.uartes.edu.ec\/sitio\/en\/blog\/2023\/08\/03\/antonio-cepeda-y-estudiantes-de-la-eas-mostraron-metodo-de-direccion-gestual-aplicado-en-proyecto-barrio-acogiente\/#breadcrumb","itemListElement":[{"@type":"ListItem","position":1,"name":"Inicio","item":"https:\/\/www.uartes.edu.ec\/sitio\/"},{"@type":"ListItem","position":2,"name":"Antonio Cepeda y estudiantes de la EAS mostraron m\u00e9todo de direcci\u00f3n gestual aplicado en \u201cBarrio Acogiente\u201d"}]},{"@type":"WebSite","@id":"https:\/\/www.uartes.edu.ec\/sitio\/en\/#website","url":"https:\/\/www.uartes.edu.ec\/sitio\/en\/","name":"Universidad de las Artes","description":"Sitio oficial de la Universidad Nacional de las Artes del Ecuador","publisher":{"@id":"https:\/\/www.uartes.edu.ec\/sitio\/en\/#organization"},"potentialAction":[{"@type":"SearchAction","target":{"@type":"EntryPoint","urlTemplate":"https:\/\/www.uartes.edu.ec\/sitio\/en\/?s={search_term_string}"},"query-input":{"@type":"PropertyValueSpecification","valueRequired":true,"valueName":"search_term_string"}}],"inLanguage":"en-US"},{"@type":"Organization","@id":"https:\/\/www.uartes.edu.ec\/sitio\/en\/#organization","name":"Universidad de las Artes","url":"https:\/\/www.uartes.edu.ec\/sitio\/en\/","logo":{"@type":"ImageObject","inLanguage":"en-US","@id":"https:\/\/www.uartes.edu.ec\/sitio\/en\/#\/schema\/logo\/image\/","url":"https:\/\/www.uartes.edu.ec\/sitio\/wp-content\/uploads\/2022\/07\/logo-ua-horizontal.png","contentUrl":"https:\/\/www.uartes.edu.ec\/sitio\/wp-content\/uploads\/2022\/07\/logo-ua-horizontal.png","width":800,"height":276,"caption":"Universidad de las Artes"},"image":{"@id":"https:\/\/www.uartes.edu.ec\/sitio\/en\/#\/schema\/logo\/image\/"},"sameAs":["https:\/\/www.facebook.com\/uartesec","https:\/\/x.com\/uartesec","https:\/\/www.tiktok.com\/@uartesec"]},{"@type":"Person","@id":"https:\/\/www.uartes.edu.ec\/sitio\/en\/#\/schema\/person\/f33f8c1d2af0d5c80a38c8abf458184a","name":"Universidad de las Artes","image":{"@type":"ImageObject","inLanguage":"en-US","@id":"https:\/\/secure.gravatar.com\/avatar\/52e4757902f5cfa5ac52d020e5be83cae5487519154b6c35482fe08d589f3c13?s=96&d=mm&r=g","url":"https:\/\/secure.gravatar.com\/avatar\/52e4757902f5cfa5ac52d020e5be83cae5487519154b6c35482fe08d589f3c13?s=96&d=mm&r=g","contentUrl":"https:\/\/secure.gravatar.com\/avatar\/52e4757902f5cfa5ac52d020e5be83cae5487519154b6c35482fe08d589f3c13?s=96&d=mm&r=g","caption":"Universidad de las Artes"},"url":"https:\/\/www.uartes.edu.ec\/sitio\/en\/blog\/author\/dircomadm\/"}]}},"uagb_featured_image_src":{"full":["https:\/\/www.uartes.edu.ec\/sitio\/wp-content\/uploads\/2023\/08\/06-LOCALIDAD-Y-TECNODIVERSIDAD-CALIDAD-WEB.jpg",2000,1333,false],"thumbnail":["https:\/\/www.uartes.edu.ec\/sitio\/wp-content\/uploads\/2023\/08\/06-LOCALIDAD-Y-TECNODIVERSIDAD-CALIDAD-WEB-150x150.jpg",150,150,true],"medium":["https:\/\/www.uartes.edu.ec\/sitio\/wp-content\/uploads\/2023\/08\/06-LOCALIDAD-Y-TECNODIVERSIDAD-CALIDAD-WEB-300x200.jpg",300,200,true],"medium_large":["https:\/\/www.uartes.edu.ec\/sitio\/wp-content\/uploads\/2023\/08\/06-LOCALIDAD-Y-TECNODIVERSIDAD-CALIDAD-WEB-768x512.jpg",768,512,true],"large":["https:\/\/www.uartes.edu.ec\/sitio\/wp-content\/uploads\/2023\/08\/06-LOCALIDAD-Y-TECNODIVERSIDAD-CALIDAD-WEB-644x429.jpg",644,429,true],"1536x1536":["https:\/\/www.uartes.edu.ec\/sitio\/wp-content\/uploads\/2023\/08\/06-LOCALIDAD-Y-TECNODIVERSIDAD-CALIDAD-WEB-1536x1024.jpg",1536,1024,true],"2048x2048":["https:\/\/www.uartes.edu.ec\/sitio\/wp-content\/uploads\/2023\/08\/06-LOCALIDAD-Y-TECNODIVERSIDAD-CALIDAD-WEB.jpg",2000,1333,false],"trp-custom-language-flag":["https:\/\/www.uartes.edu.ec\/sitio\/wp-content\/uploads\/2023\/08\/06-LOCALIDAD-Y-TECNODIVERSIDAD-CALIDAD-WEB.jpg",18,12,false],"htmega_size_585x295":["https:\/\/www.uartes.edu.ec\/sitio\/wp-content\/uploads\/2023\/08\/06-LOCALIDAD-Y-TECNODIVERSIDAD-CALIDAD-WEB-585x295.jpg",585,295,true],"htmega_size_1170x536":["https:\/\/www.uartes.edu.ec\/sitio\/wp-content\/uploads\/2023\/08\/06-LOCALIDAD-Y-TECNODIVERSIDAD-CALIDAD-WEB-1170x536.jpg",1170,536,true],"htmega_size_396x360":["https:\/\/www.uartes.edu.ec\/sitio\/wp-content\/uploads\/2023\/08\/06-LOCALIDAD-Y-TECNODIVERSIDAD-CALIDAD-WEB-396x360.jpg",396,360,true],"gb-block-post-grid-landscape":["https:\/\/www.uartes.edu.ec\/sitio\/wp-content\/uploads\/2023\/08\/06-LOCALIDAD-Y-TECNODIVERSIDAD-CALIDAD-WEB-600x400.jpg",600,400,true],"gb-block-post-grid-square":["https:\/\/www.uartes.edu.ec\/sitio\/wp-content\/uploads\/2023\/08\/06-LOCALIDAD-Y-TECNODIVERSIDAD-CALIDAD-WEB-600x600.jpg",600,600,true],"university-hub-thumb":["https:\/\/www.uartes.edu.ec\/sitio\/wp-content\/uploads\/2023\/08\/06-LOCALIDAD-Y-TECNODIVERSIDAD-CALIDAD-WEB-400x267.jpg",400,267,true]},"uagb_author_info":{"display_name":"Universidad de las Artes","author_link":"https:\/\/www.uartes.edu.ec\/sitio\/en\/blog\/author\/dircomadm\/"},"uagb_comment_info":0,"uagb_excerpt":"En inauguraci\u00f3n del encuentro \u201cLocalidad y Tecnodiversidad: Hacia territorios art\u00edstica y ecol\u00f3gicamente inteligentes\u201d, se present\u00f3 un ensamble l\u00fadico experimental con un concierto que demostr\u00f3 el m\u00e9todo de direcci\u00f3n gestual aplicado en el proyecto de Vinculaci\u00f3n con la Sociedad \u201cBarrio Acogiente: estrategias de educaci\u00f3n no formal para la reducci\u00f3n de la xenofobia\u201d","featured_image_src":"https:\/\/www.uartes.edu.ec\/sitio\/wp-content\/uploads\/2023\/08\/06-LOCALIDAD-Y-TECNODIVERSIDAD-CALIDAD-WEB-600x400.jpg","featured_image_src_square":"https:\/\/www.uartes.edu.ec\/sitio\/wp-content\/uploads\/2023\/08\/06-LOCALIDAD-Y-TECNODIVERSIDAD-CALIDAD-WEB-600x600.jpg","author_info":{"display_name":"Universidad de las Artes","author_link":"https:\/\/www.uartes.edu.ec\/sitio\/en\/blog\/author\/dircomadm\/"},"publishpress_future_workflow_manual_trigger":{"enabledWorkflows":[]},"distributor_meta":false,"distributor_terms":false,"distributor_media":false,"distributor_original_site_name":"Universidad de las Artes","distributor_original_site_url":"https:\/\/www.uartes.edu.ec\/sitio\/en","push-errors":false,"_links":{"self":[{"href":"https:\/\/www.uartes.edu.ec\/sitio\/en\/wp-json\/wp\/v2\/posts\/45548","targetHints":{"allow":["GET"]}}],"collection":[{"href":"https:\/\/www.uartes.edu.ec\/sitio\/en\/wp-json\/wp\/v2\/posts"}],"about":[{"href":"https:\/\/www.uartes.edu.ec\/sitio\/en\/wp-json\/wp\/v2\/types\/post"}],"author":[{"embeddable":true,"href":"https:\/\/www.uartes.edu.ec\/sitio\/en\/wp-json\/wp\/v2\/users\/1"}],"replies":[{"embeddable":true,"href":"https:\/\/www.uartes.edu.ec\/sitio\/en\/wp-json\/wp\/v2\/comments?post=45548"}],"version-history":[{"count":3,"href":"https:\/\/www.uartes.edu.ec\/sitio\/en\/wp-json\/wp\/v2\/posts\/45548\/revisions"}],"predecessor-version":[{"id":45601,"href":"https:\/\/www.uartes.edu.ec\/sitio\/en\/wp-json\/wp\/v2\/posts\/45548\/revisions\/45601"}],"wp:featuredmedia":[{"embeddable":true,"href":"https:\/\/www.uartes.edu.ec\/sitio\/en\/wp-json\/wp\/v2\/media\/45598"}],"wp:attachment":[{"href":"https:\/\/www.uartes.edu.ec\/sitio\/en\/wp-json\/wp\/v2\/media?parent=45548"}],"wp:term":[{"taxonomy":"category","embeddable":true,"href":"https:\/\/www.uartes.edu.ec\/sitio\/en\/wp-json\/wp\/v2\/categories?post=45548"},{"taxonomy":"post_tag","embeddable":true,"href":"https:\/\/www.uartes.edu.ec\/sitio\/en\/wp-json\/wp\/v2\/tags?post=45548"},{"taxonomy":"infouartes","embeddable":true,"href":"https:\/\/www.uartes.edu.ec\/sitio\/en\/wp-json\/wp\/v2\/infouartes?post=45548"}],"curies":[{"name":"wp","href":"https:\/\/api.w.org\/{rel}","templated":true}]}}