{"id":45841,"date":"2023-08-07T20:47:00","date_gmt":"2023-08-08T01:47:00","guid":{"rendered":"https:\/\/www.uartes.edu.ec\/sitio\/?p=45841"},"modified":"2024-07-04T11:20:51","modified_gmt":"2024-07-04T16:20:51","slug":"amalina-bomnin-presenta-el-poemario-golosinas-canibales-escrito-en-tres-tiempos-diferentes","status":"publish","type":"post","link":"https:\/\/www.uartes.edu.ec\/sitio\/en\/blog\/2023\/08\/07\/amalina-bomnin-presenta-el-poemario-golosinas-canibales-escrito-en-tres-tiempos-diferentes\/","title":{"rendered":"\u201cGolosinas can\u00edbales\u201d, el poemario de la docente UArtes Amalina Bomnin"},"content":{"rendered":"<p>Experiencias, b\u00fasquedas frontales que desechan los estereotipos de toda \u00edndole, apetitos e infidencias de tres tiempos diferentes convergen en el poemario \u201cGolosinas can\u00edbales\u201d de Amalina Bomnin Hern\u00e1ndez, Ph.D., cuyo lanzamiento tendr\u00e1 lugar este 17 de agosto, a las 16:00, en el primer piso de la Biblioteca de las Artes.<\/p>\n\n\n\n<p>La presentaci\u00f3n correr\u00e1 a cargo del tambi\u00e9n escritor y docente investigador de la Universidad de las Artes, Ph.D. Andr\u00e9s Land\u00e1zuri Su\u00e1rez. De los tiempos que convergen en su obra, la autora se\u00f1ala que corresponden, el primero, a la secci\u00f3n \u201cLa habitaci\u00f3n del gemelo\u201d (1990-2000), donde la vida en la isla marca para ella un acontecer delimitado por las contingencias, la precariedad y el amor, sin que est\u00e9 ausente en cada episodio y momento la reflexi\u00f3n filos\u00f3fica.<\/p>\n\n\n\n<p>Agrega que el segundo segmento, al que titul\u00f3 \u201cSobrevolando el interior\u201d (2001-2015), corresponde a un tiempo de cierta madurez creativa, donde la escritura, unida al deseo de producir dentro del campo art\u00edstico, provocar\u00e1 un pertinaz deseo de experimentaci\u00f3n que desborda ese universo interior o ese marco estrictamente territorial de la isla para abrirse hacia otras posibilidades existenciales y espaciales que comportan riesgo.<\/p>\n\n\n\n<p>La tercera y \u00faltima secci\u00f3n son poemas construidos entre 2016 y 2023, los cuales responden al cuaderno \u201cGolosinas can\u00edbales\u201d, que tambi\u00e9n da t\u00edtulo al libro en su totalidad. Estos \u00faltimos versos deben su nombre al ox\u00edmoron que us\u00f3, primero Stevenson y m\u00e1s tarde Georges Bataille, para aludir a los ojos comidos por los can\u00edbales despu\u00e9s de dar muerte a sus v\u00edctimas.<\/p>\n\n\n\n<p>En el caso de Bataille, detalla Bomnin, hace referencias a la \u00abmuerte por mil y un cortes\u00bb establecida en China como pr\u00e1ctica milenaria para ajusticiar a quienes ten\u00edan una postura de desautorizaci\u00f3n o atentaban contra la realeza. Tambi\u00e9n llamada <em>Ling Chi o Leng T&#8217;ch\u00e9.<\/em><\/p>\n\n\n<div class=\"wp-block-image\">\n<figure class=\"aligncenter size-large\"><img fetchpriority=\"high\" decoding=\"async\" width=\"644\" height=\"402\" src=\"https:\/\/www.uartes.edu.ec\/sitio\/wp-content\/uploads\/2023\/08\/AMALINA-644x402.jpg\" alt=\"\" class=\"wp-image-45863\" srcset=\"https:\/\/www.uartes.edu.ec\/sitio\/wp-content\/uploads\/2023\/08\/AMALINA-644x402.jpg 644w, https:\/\/www.uartes.edu.ec\/sitio\/wp-content\/uploads\/2023\/08\/AMALINA-768x480.jpg 768w, https:\/\/www.uartes.edu.ec\/sitio\/wp-content\/uploads\/2023\/08\/AMALINA-600x375.jpg 600w\" sizes=\"(max-width: 644px) 100vw, 644px\" \/><\/figure>\n<\/div>\n\n\n<p>El car\u00e1cter lento de la tortura que, generalmente, duraba horas ha sido referenciado en fotograf\u00edas y varias obras literarias. Hab\u00eda un p\u00fablico gustoso de espectar este evento, adem\u00e1s de que cuando hab\u00eda que aplicar los castigos se prefer\u00eda siempre \u00e9ste que se distend\u00eda en el tiempo, explica.<\/p>\n\n\n\n<h3 class=\"wp-block-heading\">Trayectoria de la autora<\/h3>\n\n\n\n<p>Amalina Bomnin Hern\u00e1ndez (Cuba, 1971) es curadora, cr\u00edtica de arte, docente, poeta e investigadora ecuatoriana acreditada por la Secretar\u00eda de Educaci\u00f3n Superior, Ciencia, Tecnolog\u00eda e Innovaci\u00f3n (SENESCYT), Ecuador. Es tambi\u00e9n licenciada en Historia del Arte, Universidad de La Habana, Cuba; MSc. en Planificaci\u00f3n, Evaluaci\u00f3n y Acreditaci\u00f3n de la Educaci\u00f3n Superior, Facultad de Filosof\u00eda y Letras de la Universidad de Guayaquil, Ecuador; y, Ph.D. en Ciencias sobre Arte, Facultad de Artes y Letras de la Universidad de La Habana, Cuba.<\/p>\n\n\n\n<p>Es miembro de la Asociaci\u00f3n Internacional de Cr\u00edticos de Arte (AICA Internacional) Open Section\/Reino Unido. Ha curado exposiciones para La Bienal de La Habana, Cuba, y para varias instituciones ecuatorianas. Sus art\u00edculos aparecen publicados en antolog\u00edas de arte latinoamericano y cubano, as\u00ed como en diversas revistas internacionales: <em>ArtNexus, Switch<\/em> (<em>on Paper<\/em>), <em>Index<\/em>, revista de arte contempor\u00e1neo; <em>ArteporExcelencias <\/em>y revista de cine <em>Fuera de campo.<\/em> Varias revistas y antolog\u00edas cubanas tambi\u00e9n han publicado su poes\u00eda.<\/p>\n\n\n\n<p>Bomnin dirigi\u00f3 el Centro de Desarrollo de las Artes Visuales, Pinar del R\u00edo, Cuba. Ha dictado c\u00e1tedra en programas de posgrado de ense\u00f1anza art\u00edstica y ha ofrecido seminarios, conferencias y ponencias en diversas instituciones (Cuba, Ecuador, M\u00e9xico, Estados Unidos). Se ha desempe\u00f1ado como catedr\u00e1tica en el Instituto Tecnol\u00f3gico de Artes del Ecuador (ITAE), la Escuela Polit\u00e9cnica del Litoral (Espol) y la Universidad de Especialidades Esp\u00edritu Santo (UEES).<\/p>\n\n\n\n<p>Docente de la Universidad de las Artes, Amalina Bomnin integra la planta de acad\u00e9micos del Departamento Transversal de Teor\u00edas Cr\u00edticas y Pr\u00e1cticas Experimentales. Vale destacar que, a trav\u00e9s de su carrera, ha recibido varios reconocimientos en el \u00e1mbito de la creaci\u00f3n art\u00edstica, as\u00ed como por su labor autoral.<\/p>\n\n\n<div class=\"wp-block-image\">\n<figure class=\"aligncenter size-large\"><img decoding=\"async\" width=\"644\" height=\"429\" src=\"https:\/\/www.uartes.edu.ec\/sitio\/wp-content\/uploads\/2023\/08\/GOLOSINAS-CANIBALES-644x429.jpg\" alt=\"\" class=\"wp-image-45842\" srcset=\"https:\/\/www.uartes.edu.ec\/sitio\/wp-content\/uploads\/2023\/08\/GOLOSINAS-CANIBALES-644x429.jpg 644w, https:\/\/www.uartes.edu.ec\/sitio\/wp-content\/uploads\/2023\/08\/GOLOSINAS-CANIBALES-768x511.jpg 768w, https:\/\/www.uartes.edu.ec\/sitio\/wp-content\/uploads\/2023\/08\/GOLOSINAS-CANIBALES.jpg 2000w, https:\/\/www.uartes.edu.ec\/sitio\/wp-content\/uploads\/2023\/08\/GOLOSINAS-CANIBALES-600x399.jpg 600w, https:\/\/www.uartes.edu.ec\/sitio\/wp-content\/uploads\/2023\/08\/GOLOSINAS-CANIBALES-272x182.jpg 272w\" sizes=\"(max-width: 644px) 100vw, 644px\" \/><\/figure>\n<\/div>","protected":false},"excerpt":{"rendered":"<p>Experiencias, b\u00fasquedas frontales que desechan los estereotipos de toda \u00edndole, apetitos e infidencias de tres tiempos diferentes convergen en el poemario \u201cGolosinas can\u00edbales\u201d de Amalina Bomnin Hern\u00e1ndez, Ph.D. Estos son: \u201cLa habitaci\u00f3n del gemelo\u201d (1990-2000), \u201cSobrevolando el interior\u201d (2001-2015) y el hom\u00f3nimo al t\u00edtulo de la obra, con poemas construidos entre 2016 y 2023. El lanzamiento ser\u00e1 el 17 de agosto, a las 16:00, en la Biblioteca de las Artes.  <\/p>","protected":false},"author":10,"featured_media":45862,"comment_status":"open","ping_status":"open","sticky":false,"template":"","format":"standard","meta":{"_acf_changed":false,"_uag_custom_page_level_css":"","_monsterinsights_skip_tracking":false,"_monsterinsights_sitenote_active":false,"_monsterinsights_sitenote_note":"","_monsterinsights_sitenote_category":0,"cybocfi_hide_featured_image":"","footnotes":""},"categories":[82,75,174],"tags":[793],"infouartes":[],"class_list":["post-45841","post","type-post","status-publish","format-standard","has-post-thumbnail","hentry","category-artes","category-docentes","category-transversal","tag-presentacion-de-obra"],"acf":[],"yoast_head":"<!-- This site is optimized with the Yoast SEO plugin v27.4 - https:\/\/yoast.com\/product\/yoast-seo-wordpress\/ -->\n<title>Universidad de las Artes - \u201cGolosinas can\u00edbales\u201d, el poemario de la docente UArtes Amalina Bomnin<\/title>\n<meta name=\"description\" content=\"Universidad de las Artes - \u201cGolosinas can\u00edbales\u201d, el poemario de la docente UArtes Amalina Bomnin\" \/>\n<meta name=\"robots\" content=\"index, follow, max-snippet:-1, max-image-preview:large, max-video-preview:-1\" \/>\n<link rel=\"canonical\" href=\"https:\/\/www.uartes.edu.ec\/sitio\/en\/blog\/2023\/08\/07\/amalina-bomnin-presenta-el-poemario-golosinas-canibales-escrito-en-tres-tiempos-diferentes\/\" \/>\n<meta property=\"og:locale\" content=\"en_US\" \/>\n<meta property=\"og:type\" content=\"article\" \/>\n<meta property=\"og:title\" content=\"Universidad de las Artes - \u201cGolosinas can\u00edbales\u201d, el poemario de la docente UArtes Amalina Bomnin\" \/>\n<meta property=\"og:description\" content=\"Universidad de las Artes - \u201cGolosinas can\u00edbales\u201d, el poemario de la docente UArtes Amalina Bomnin\" \/>\n<meta property=\"og:url\" content=\"https:\/\/www.uartes.edu.ec\/sitio\/en\/blog\/2023\/08\/07\/amalina-bomnin-presenta-el-poemario-golosinas-canibales-escrito-en-tres-tiempos-diferentes\/\" \/>\n<meta property=\"og:site_name\" content=\"Universidad de las Artes\" \/>\n<meta property=\"article:publisher\" content=\"https:\/\/www.facebook.com\/uartesec\" \/>\n<meta property=\"article:published_time\" content=\"2023-08-08T01:47:00+00:00\" \/>\n<meta property=\"article:modified_time\" content=\"2024-07-04T16:20:51+00:00\" \/>\n<meta property=\"og:image\" content=\"https:\/\/www.uartes.edu.ec\/sitio\/wp-content\/uploads\/2023\/08\/AMALINA-B-1.jpg\" \/>\n\t<meta property=\"og:image:width\" content=\"2000\" \/>\n\t<meta property=\"og:image:height\" content=\"1333\" \/>\n\t<meta property=\"og:image:type\" content=\"image\/jpeg\" \/>\n<meta name=\"author\" content=\"ccortez\" \/>\n<meta name=\"twitter:card\" content=\"summary_large_image\" \/>\n<meta name=\"twitter:creator\" content=\"@uartesec\" \/>\n<meta name=\"twitter:site\" content=\"@uartesec\" \/>\n<meta name=\"twitter:label1\" content=\"Written by\" \/>\n\t<meta name=\"twitter:data1\" content=\"ccortez\" \/>\n\t<meta name=\"twitter:label2\" content=\"Est. reading time\" \/>\n\t<meta name=\"twitter:data2\" content=\"4 minutes\" \/>\n<script type=\"application\/ld+json\" class=\"yoast-schema-graph\">{\"@context\":\"https:\\\/\\\/schema.org\",\"@graph\":[{\"@type\":\"Article\",\"@id\":\"https:\\\/\\\/www.uartes.edu.ec\\\/sitio\\\/en\\\/blog\\\/2023\\\/08\\\/07\\\/amalina-bomnin-presenta-el-poemario-golosinas-canibales-escrito-en-tres-tiempos-diferentes\\\/#article\",\"isPartOf\":{\"@id\":\"https:\\\/\\\/www.uartes.edu.ec\\\/sitio\\\/en\\\/blog\\\/2023\\\/08\\\/07\\\/amalina-bomnin-presenta-el-poemario-golosinas-canibales-escrito-en-tres-tiempos-diferentes\\\/\"},\"author\":{\"name\":\"ccortez\",\"@id\":\"https:\\\/\\\/www.uartes.edu.ec\\\/sitio\\\/en\\\/#\\\/schema\\\/person\\\/efa1b8275797664fd7f13a79ccc0b1f4\"},\"headline\":\"\u201cGolosinas can\u00edbales\u201d, el poemario de la docente UArtes Amalina Bomnin\",\"datePublished\":\"2023-08-08T01:47:00+00:00\",\"dateModified\":\"2024-07-04T16:20:51+00:00\",\"mainEntityOfPage\":{\"@id\":\"https:\\\/\\\/www.uartes.edu.ec\\\/sitio\\\/en\\\/blog\\\/2023\\\/08\\\/07\\\/amalina-bomnin-presenta-el-poemario-golosinas-canibales-escrito-en-tres-tiempos-diferentes\\\/\"},\"wordCount\":695,\"commentCount\":0,\"publisher\":{\"@id\":\"https:\\\/\\\/www.uartes.edu.ec\\\/sitio\\\/en\\\/#organization\"},\"image\":{\"@id\":\"https:\\\/\\\/www.uartes.edu.ec\\\/sitio\\\/en\\\/blog\\\/2023\\\/08\\\/07\\\/amalina-bomnin-presenta-el-poemario-golosinas-canibales-escrito-en-tres-tiempos-diferentes\\\/#primaryimage\"},\"thumbnailUrl\":\"https:\\\/\\\/www.uartes.edu.ec\\\/sitio\\\/wp-content\\\/uploads\\\/2023\\\/08\\\/AMALINA-B-1.jpg\",\"keywords\":[\"presentaci\u00f3n de obra\"],\"articleSection\":[\"Artes\",\"Docentes\",\"Transversal\"],\"inLanguage\":\"en-US\",\"potentialAction\":[{\"@type\":\"CommentAction\",\"name\":\"Comment\",\"target\":[\"https:\\\/\\\/www.uartes.edu.ec\\\/sitio\\\/en\\\/blog\\\/2023\\\/08\\\/07\\\/amalina-bomnin-presenta-el-poemario-golosinas-canibales-escrito-en-tres-tiempos-diferentes\\\/#respond\"]}]},{\"@type\":[\"WebPage\",\"ItemPage\"],\"@id\":\"https:\\\/\\\/www.uartes.edu.ec\\\/sitio\\\/en\\\/blog\\\/2023\\\/08\\\/07\\\/amalina-bomnin-presenta-el-poemario-golosinas-canibales-escrito-en-tres-tiempos-diferentes\\\/\",\"url\":\"https:\\\/\\\/www.uartes.edu.ec\\\/sitio\\\/en\\\/blog\\\/2023\\\/08\\\/07\\\/amalina-bomnin-presenta-el-poemario-golosinas-canibales-escrito-en-tres-tiempos-diferentes\\\/\",\"name\":\"Universidad de las Artes - \u201cGolosinas can\u00edbales\u201d, el poemario de la docente UArtes Amalina Bomnin\",\"isPartOf\":{\"@id\":\"https:\\\/\\\/www.uartes.edu.ec\\\/sitio\\\/en\\\/#website\"},\"primaryImageOfPage\":{\"@id\":\"https:\\\/\\\/www.uartes.edu.ec\\\/sitio\\\/en\\\/blog\\\/2023\\\/08\\\/07\\\/amalina-bomnin-presenta-el-poemario-golosinas-canibales-escrito-en-tres-tiempos-diferentes\\\/#primaryimage\"},\"image\":{\"@id\":\"https:\\\/\\\/www.uartes.edu.ec\\\/sitio\\\/en\\\/blog\\\/2023\\\/08\\\/07\\\/amalina-bomnin-presenta-el-poemario-golosinas-canibales-escrito-en-tres-tiempos-diferentes\\\/#primaryimage\"},\"thumbnailUrl\":\"https:\\\/\\\/www.uartes.edu.ec\\\/sitio\\\/wp-content\\\/uploads\\\/2023\\\/08\\\/AMALINA-B-1.jpg\",\"datePublished\":\"2023-08-08T01:47:00+00:00\",\"dateModified\":\"2024-07-04T16:20:51+00:00\",\"description\":\"Universidad de las Artes - \u201cGolosinas can\u00edbales\u201d, el poemario de la docente UArtes Amalina Bomnin\",\"breadcrumb\":{\"@id\":\"https:\\\/\\\/www.uartes.edu.ec\\\/sitio\\\/en\\\/blog\\\/2023\\\/08\\\/07\\\/amalina-bomnin-presenta-el-poemario-golosinas-canibales-escrito-en-tres-tiempos-diferentes\\\/#breadcrumb\"},\"inLanguage\":\"en-US\",\"potentialAction\":[{\"@type\":\"ReadAction\",\"target\":[\"https:\\\/\\\/www.uartes.edu.ec\\\/sitio\\\/en\\\/blog\\\/2023\\\/08\\\/07\\\/amalina-bomnin-presenta-el-poemario-golosinas-canibales-escrito-en-tres-tiempos-diferentes\\\/\"]}]},{\"@type\":\"ImageObject\",\"inLanguage\":\"en-US\",\"@id\":\"https:\\\/\\\/www.uartes.edu.ec\\\/sitio\\\/en\\\/blog\\\/2023\\\/08\\\/07\\\/amalina-bomnin-presenta-el-poemario-golosinas-canibales-escrito-en-tres-tiempos-diferentes\\\/#primaryimage\",\"url\":\"https:\\\/\\\/www.uartes.edu.ec\\\/sitio\\\/wp-content\\\/uploads\\\/2023\\\/08\\\/AMALINA-B-1.jpg\",\"contentUrl\":\"https:\\\/\\\/www.uartes.edu.ec\\\/sitio\\\/wp-content\\\/uploads\\\/2023\\\/08\\\/AMALINA-B-1.jpg\",\"width\":2000,\"height\":1333},{\"@type\":\"BreadcrumbList\",\"@id\":\"https:\\\/\\\/www.uartes.edu.ec\\\/sitio\\\/en\\\/blog\\\/2023\\\/08\\\/07\\\/amalina-bomnin-presenta-el-poemario-golosinas-canibales-escrito-en-tres-tiempos-diferentes\\\/#breadcrumb\",\"itemListElement\":[{\"@type\":\"ListItem\",\"position\":1,\"name\":\"Inicio\",\"item\":\"https:\\\/\\\/www.uartes.edu.ec\\\/sitio\\\/\"},{\"@type\":\"ListItem\",\"position\":2,\"name\":\"\u201cGolosinas can\u00edbales\u201d, el poemario de la docente UArtes Amalina Bomnin\"}]},{\"@type\":\"WebSite\",\"@id\":\"https:\\\/\\\/www.uartes.edu.ec\\\/sitio\\\/en\\\/#website\",\"url\":\"https:\\\/\\\/www.uartes.edu.ec\\\/sitio\\\/en\\\/\",\"name\":\"Universidad de las Artes\",\"description\":\"Sitio oficial de la Universidad Nacional de las Artes del Ecuador\",\"publisher\":{\"@id\":\"https:\\\/\\\/www.uartes.edu.ec\\\/sitio\\\/en\\\/#organization\"},\"potentialAction\":[{\"@type\":\"SearchAction\",\"target\":{\"@type\":\"EntryPoint\",\"urlTemplate\":\"https:\\\/\\\/www.uartes.edu.ec\\\/sitio\\\/en\\\/?s={search_term_string}\"},\"query-input\":{\"@type\":\"PropertyValueSpecification\",\"valueRequired\":true,\"valueName\":\"search_term_string\"}}],\"inLanguage\":\"en-US\"},{\"@type\":\"Organization\",\"@id\":\"https:\\\/\\\/www.uartes.edu.ec\\\/sitio\\\/en\\\/#organization\",\"name\":\"Universidad de las Artes\",\"url\":\"https:\\\/\\\/www.uartes.edu.ec\\\/sitio\\\/en\\\/\",\"logo\":{\"@type\":\"ImageObject\",\"inLanguage\":\"en-US\",\"@id\":\"https:\\\/\\\/www.uartes.edu.ec\\\/sitio\\\/en\\\/#\\\/schema\\\/logo\\\/image\\\/\",\"url\":\"https:\\\/\\\/www.uartes.edu.ec\\\/sitio\\\/wp-content\\\/uploads\\\/2022\\\/07\\\/logo-ua-horizontal.png\",\"contentUrl\":\"https:\\\/\\\/www.uartes.edu.ec\\\/sitio\\\/wp-content\\\/uploads\\\/2022\\\/07\\\/logo-ua-horizontal.png\",\"width\":800,\"height\":276,\"caption\":\"Universidad de las Artes\"},\"image\":{\"@id\":\"https:\\\/\\\/www.uartes.edu.ec\\\/sitio\\\/en\\\/#\\\/schema\\\/logo\\\/image\\\/\"},\"sameAs\":[\"https:\\\/\\\/www.facebook.com\\\/uartesec\",\"https:\\\/\\\/x.com\\\/uartesec\",\"https:\\\/\\\/www.tiktok.com\\\/@uartesec\"]},{\"@type\":\"Person\",\"@id\":\"https:\\\/\\\/www.uartes.edu.ec\\\/sitio\\\/en\\\/#\\\/schema\\\/person\\\/efa1b8275797664fd7f13a79ccc0b1f4\",\"name\":\"ccortez\",\"image\":{\"@type\":\"ImageObject\",\"inLanguage\":\"en-US\",\"@id\":\"https:\\\/\\\/secure.gravatar.com\\\/avatar\\\/b2a6f664a3ae8e074346ef91775736c5ec479e637ecced6842de9dc98b5da9cd?s=96&d=mm&r=g\",\"url\":\"https:\\\/\\\/secure.gravatar.com\\\/avatar\\\/b2a6f664a3ae8e074346ef91775736c5ec479e637ecced6842de9dc98b5da9cd?s=96&d=mm&r=g\",\"contentUrl\":\"https:\\\/\\\/secure.gravatar.com\\\/avatar\\\/b2a6f664a3ae8e074346ef91775736c5ec479e637ecced6842de9dc98b5da9cd?s=96&d=mm&r=g\",\"caption\":\"ccortez\"},\"url\":\"https:\\\/\\\/www.uartes.edu.ec\\\/sitio\\\/en\\\/blog\\\/author\\\/ccortez\\\/\"}]}<\/script>\n<!-- \/ Yoast SEO plugin. -->","yoast_head_json":{"title":"Universidad de las Artes - \u201cGolosinas can\u00edbales\u201d, el poemario de la docente UArtes Amalina Bomnin","description":"Universidad de las Artes - \u201cGolosinas can\u00edbales\u201d, el poemario de la docente UArtes Amalina Bomnin","robots":{"index":"index","follow":"follow","max-snippet":"max-snippet:-1","max-image-preview":"max-image-preview:large","max-video-preview":"max-video-preview:-1"},"canonical":"https:\/\/www.uartes.edu.ec\/sitio\/en\/blog\/2023\/08\/07\/amalina-bomnin-presenta-el-poemario-golosinas-canibales-escrito-en-tres-tiempos-diferentes\/","og_locale":"en_US","og_type":"article","og_title":"Universidad de las Artes - \u201cGolosinas can\u00edbales\u201d, el poemario de la docente UArtes Amalina Bomnin","og_description":"Universidad de las Artes - \u201cGolosinas can\u00edbales\u201d, el poemario de la docente UArtes Amalina Bomnin","og_url":"https:\/\/www.uartes.edu.ec\/sitio\/en\/blog\/2023\/08\/07\/amalina-bomnin-presenta-el-poemario-golosinas-canibales-escrito-en-tres-tiempos-diferentes\/","og_site_name":"Universidad de las Artes","article_publisher":"https:\/\/www.facebook.com\/uartesec","article_published_time":"2023-08-08T01:47:00+00:00","article_modified_time":"2024-07-04T16:20:51+00:00","og_image":[{"width":2000,"height":1333,"url":"https:\/\/www.uartes.edu.ec\/sitio\/wp-content\/uploads\/2023\/08\/AMALINA-B-1.jpg","type":"image\/jpeg"}],"author":"ccortez","twitter_card":"summary_large_image","twitter_creator":"@uartesec","twitter_site":"@uartesec","twitter_misc":{"Written by":"ccortez","Est. reading time":"4 minutes"},"schema":{"@context":"https:\/\/schema.org","@graph":[{"@type":"Article","@id":"https:\/\/www.uartes.edu.ec\/sitio\/en\/blog\/2023\/08\/07\/amalina-bomnin-presenta-el-poemario-golosinas-canibales-escrito-en-tres-tiempos-diferentes\/#article","isPartOf":{"@id":"https:\/\/www.uartes.edu.ec\/sitio\/en\/blog\/2023\/08\/07\/amalina-bomnin-presenta-el-poemario-golosinas-canibales-escrito-en-tres-tiempos-diferentes\/"},"author":{"name":"ccortez","@id":"https:\/\/www.uartes.edu.ec\/sitio\/en\/#\/schema\/person\/efa1b8275797664fd7f13a79ccc0b1f4"},"headline":"\u201cGolosinas can\u00edbales\u201d, el poemario de la docente UArtes Amalina Bomnin","datePublished":"2023-08-08T01:47:00+00:00","dateModified":"2024-07-04T16:20:51+00:00","mainEntityOfPage":{"@id":"https:\/\/www.uartes.edu.ec\/sitio\/en\/blog\/2023\/08\/07\/amalina-bomnin-presenta-el-poemario-golosinas-canibales-escrito-en-tres-tiempos-diferentes\/"},"wordCount":695,"commentCount":0,"publisher":{"@id":"https:\/\/www.uartes.edu.ec\/sitio\/en\/#organization"},"image":{"@id":"https:\/\/www.uartes.edu.ec\/sitio\/en\/blog\/2023\/08\/07\/amalina-bomnin-presenta-el-poemario-golosinas-canibales-escrito-en-tres-tiempos-diferentes\/#primaryimage"},"thumbnailUrl":"https:\/\/www.uartes.edu.ec\/sitio\/wp-content\/uploads\/2023\/08\/AMALINA-B-1.jpg","keywords":["presentaci\u00f3n de obra"],"articleSection":["Artes","Docentes","Transversal"],"inLanguage":"en-US","potentialAction":[{"@type":"CommentAction","name":"Comment","target":["https:\/\/www.uartes.edu.ec\/sitio\/en\/blog\/2023\/08\/07\/amalina-bomnin-presenta-el-poemario-golosinas-canibales-escrito-en-tres-tiempos-diferentes\/#respond"]}]},{"@type":["WebPage","ItemPage"],"@id":"https:\/\/www.uartes.edu.ec\/sitio\/en\/blog\/2023\/08\/07\/amalina-bomnin-presenta-el-poemario-golosinas-canibales-escrito-en-tres-tiempos-diferentes\/","url":"https:\/\/www.uartes.edu.ec\/sitio\/en\/blog\/2023\/08\/07\/amalina-bomnin-presenta-el-poemario-golosinas-canibales-escrito-en-tres-tiempos-diferentes\/","name":"Universidad de las Artes - \u201cGolosinas can\u00edbales\u201d, el poemario de la docente UArtes Amalina Bomnin","isPartOf":{"@id":"https:\/\/www.uartes.edu.ec\/sitio\/en\/#website"},"primaryImageOfPage":{"@id":"https:\/\/www.uartes.edu.ec\/sitio\/en\/blog\/2023\/08\/07\/amalina-bomnin-presenta-el-poemario-golosinas-canibales-escrito-en-tres-tiempos-diferentes\/#primaryimage"},"image":{"@id":"https:\/\/www.uartes.edu.ec\/sitio\/en\/blog\/2023\/08\/07\/amalina-bomnin-presenta-el-poemario-golosinas-canibales-escrito-en-tres-tiempos-diferentes\/#primaryimage"},"thumbnailUrl":"https:\/\/www.uartes.edu.ec\/sitio\/wp-content\/uploads\/2023\/08\/AMALINA-B-1.jpg","datePublished":"2023-08-08T01:47:00+00:00","dateModified":"2024-07-04T16:20:51+00:00","description":"Universidad de las Artes - \u201cGolosinas can\u00edbales\u201d, el poemario de la docente UArtes Amalina Bomnin","breadcrumb":{"@id":"https:\/\/www.uartes.edu.ec\/sitio\/en\/blog\/2023\/08\/07\/amalina-bomnin-presenta-el-poemario-golosinas-canibales-escrito-en-tres-tiempos-diferentes\/#breadcrumb"},"inLanguage":"en-US","potentialAction":[{"@type":"ReadAction","target":["https:\/\/www.uartes.edu.ec\/sitio\/en\/blog\/2023\/08\/07\/amalina-bomnin-presenta-el-poemario-golosinas-canibales-escrito-en-tres-tiempos-diferentes\/"]}]},{"@type":"ImageObject","inLanguage":"en-US","@id":"https:\/\/www.uartes.edu.ec\/sitio\/en\/blog\/2023\/08\/07\/amalina-bomnin-presenta-el-poemario-golosinas-canibales-escrito-en-tres-tiempos-diferentes\/#primaryimage","url":"https:\/\/www.uartes.edu.ec\/sitio\/wp-content\/uploads\/2023\/08\/AMALINA-B-1.jpg","contentUrl":"https:\/\/www.uartes.edu.ec\/sitio\/wp-content\/uploads\/2023\/08\/AMALINA-B-1.jpg","width":2000,"height":1333},{"@type":"BreadcrumbList","@id":"https:\/\/www.uartes.edu.ec\/sitio\/en\/blog\/2023\/08\/07\/amalina-bomnin-presenta-el-poemario-golosinas-canibales-escrito-en-tres-tiempos-diferentes\/#breadcrumb","itemListElement":[{"@type":"ListItem","position":1,"name":"Inicio","item":"https:\/\/www.uartes.edu.ec\/sitio\/"},{"@type":"ListItem","position":2,"name":"\u201cGolosinas can\u00edbales\u201d, el poemario de la docente UArtes Amalina Bomnin"}]},{"@type":"WebSite","@id":"https:\/\/www.uartes.edu.ec\/sitio\/en\/#website","url":"https:\/\/www.uartes.edu.ec\/sitio\/en\/","name":"Universidad de las Artes","description":"Sitio oficial de la Universidad Nacional de las Artes del Ecuador","publisher":{"@id":"https:\/\/www.uartes.edu.ec\/sitio\/en\/#organization"},"potentialAction":[{"@type":"SearchAction","target":{"@type":"EntryPoint","urlTemplate":"https:\/\/www.uartes.edu.ec\/sitio\/en\/?s={search_term_string}"},"query-input":{"@type":"PropertyValueSpecification","valueRequired":true,"valueName":"search_term_string"}}],"inLanguage":"en-US"},{"@type":"Organization","@id":"https:\/\/www.uartes.edu.ec\/sitio\/en\/#organization","name":"Universidad de las Artes","url":"https:\/\/www.uartes.edu.ec\/sitio\/en\/","logo":{"@type":"ImageObject","inLanguage":"en-US","@id":"https:\/\/www.uartes.edu.ec\/sitio\/en\/#\/schema\/logo\/image\/","url":"https:\/\/www.uartes.edu.ec\/sitio\/wp-content\/uploads\/2022\/07\/logo-ua-horizontal.png","contentUrl":"https:\/\/www.uartes.edu.ec\/sitio\/wp-content\/uploads\/2022\/07\/logo-ua-horizontal.png","width":800,"height":276,"caption":"Universidad de las Artes"},"image":{"@id":"https:\/\/www.uartes.edu.ec\/sitio\/en\/#\/schema\/logo\/image\/"},"sameAs":["https:\/\/www.facebook.com\/uartesec","https:\/\/x.com\/uartesec","https:\/\/www.tiktok.com\/@uartesec"]},{"@type":"Person","@id":"https:\/\/www.uartes.edu.ec\/sitio\/en\/#\/schema\/person\/efa1b8275797664fd7f13a79ccc0b1f4","name":"ccortez","image":{"@type":"ImageObject","inLanguage":"en-US","@id":"https:\/\/secure.gravatar.com\/avatar\/b2a6f664a3ae8e074346ef91775736c5ec479e637ecced6842de9dc98b5da9cd?s=96&d=mm&r=g","url":"https:\/\/secure.gravatar.com\/avatar\/b2a6f664a3ae8e074346ef91775736c5ec479e637ecced6842de9dc98b5da9cd?s=96&d=mm&r=g","contentUrl":"https:\/\/secure.gravatar.com\/avatar\/b2a6f664a3ae8e074346ef91775736c5ec479e637ecced6842de9dc98b5da9cd?s=96&d=mm&r=g","caption":"ccortez"},"url":"https:\/\/www.uartes.edu.ec\/sitio\/en\/blog\/author\/ccortez\/"}]}},"uagb_featured_image_src":{"full":["https:\/\/www.uartes.edu.ec\/sitio\/wp-content\/uploads\/2023\/08\/AMALINA-B-1.jpg",2000,1333,false],"thumbnail":["https:\/\/www.uartes.edu.ec\/sitio\/wp-content\/uploads\/2023\/08\/AMALINA-B-1-150x150.jpg",150,150,true],"medium":["https:\/\/www.uartes.edu.ec\/sitio\/wp-content\/uploads\/2023\/08\/AMALINA-B-1-300x200.jpg",300,200,true],"medium_large":["https:\/\/www.uartes.edu.ec\/sitio\/wp-content\/uploads\/2023\/08\/AMALINA-B-1-768x512.jpg",768,512,true],"large":["https:\/\/www.uartes.edu.ec\/sitio\/wp-content\/uploads\/2023\/08\/AMALINA-B-1-644x429.jpg",644,429,true],"1536x1536":["https:\/\/www.uartes.edu.ec\/sitio\/wp-content\/uploads\/2023\/08\/AMALINA-B-1-1536x1024.jpg",1536,1024,true],"2048x2048":["https:\/\/www.uartes.edu.ec\/sitio\/wp-content\/uploads\/2023\/08\/AMALINA-B-1.jpg",2000,1333,false],"trp-custom-language-flag":["https:\/\/www.uartes.edu.ec\/sitio\/wp-content\/uploads\/2023\/08\/AMALINA-B-1.jpg",18,12,false],"htmega_size_585x295":["https:\/\/www.uartes.edu.ec\/sitio\/wp-content\/uploads\/2023\/08\/AMALINA-B-1-585x295.jpg",585,295,true],"htmega_size_1170x536":["https:\/\/www.uartes.edu.ec\/sitio\/wp-content\/uploads\/2023\/08\/AMALINA-B-1-1170x536.jpg",1170,536,true],"htmega_size_396x360":["https:\/\/www.uartes.edu.ec\/sitio\/wp-content\/uploads\/2023\/08\/AMALINA-B-1-396x360.jpg",396,360,true],"gb-block-post-grid-landscape":["https:\/\/www.uartes.edu.ec\/sitio\/wp-content\/uploads\/2023\/08\/AMALINA-B-1-600x400.jpg",600,400,true],"gb-block-post-grid-square":["https:\/\/www.uartes.edu.ec\/sitio\/wp-content\/uploads\/2023\/08\/AMALINA-B-1-600x600.jpg",600,600,true],"university-hub-thumb":["https:\/\/www.uartes.edu.ec\/sitio\/wp-content\/uploads\/2023\/08\/AMALINA-B-1-400x267.jpg",400,267,true]},"uagb_author_info":{"display_name":"ccortez","author_link":"https:\/\/www.uartes.edu.ec\/sitio\/en\/blog\/author\/ccortez\/"},"uagb_comment_info":0,"uagb_excerpt":"Experiencias, b\u00fasquedas frontales que desechan los estereotipos de toda \u00edndole, apetitos e infidencias de tres tiempos diferentes convergen en el poemario \u201cGolosinas can\u00edbales\u201d de Amalina Bomnin Hern\u00e1ndez, Ph.D. Estos son: \u201cLa habitaci\u00f3n del gemelo\u201d (1990-2000), \u201cSobrevolando el interior\u201d (2001-2015) y el hom\u00f3nimo al t\u00edtulo de la obra, con poemas construidos entre 2016 y 2023. El&hellip;","featured_image_src":"https:\/\/www.uartes.edu.ec\/sitio\/wp-content\/uploads\/2023\/08\/AMALINA-B-1-600x400.jpg","featured_image_src_square":"https:\/\/www.uartes.edu.ec\/sitio\/wp-content\/uploads\/2023\/08\/AMALINA-B-1-600x600.jpg","author_info":{"display_name":"ccortez","author_link":"https:\/\/www.uartes.edu.ec\/sitio\/en\/blog\/author\/ccortez\/"},"publishpress_future_workflow_manual_trigger":{"enabledWorkflows":[]},"distributor_meta":false,"distributor_terms":false,"distributor_media":false,"distributor_original_site_name":"Universidad de las Artes","distributor_original_site_url":"https:\/\/www.uartes.edu.ec\/sitio\/en","push-errors":false,"_links":{"self":[{"href":"https:\/\/www.uartes.edu.ec\/sitio\/en\/wp-json\/wp\/v2\/posts\/45841","targetHints":{"allow":["GET"]}}],"collection":[{"href":"https:\/\/www.uartes.edu.ec\/sitio\/en\/wp-json\/wp\/v2\/posts"}],"about":[{"href":"https:\/\/www.uartes.edu.ec\/sitio\/en\/wp-json\/wp\/v2\/types\/post"}],"author":[{"embeddable":true,"href":"https:\/\/www.uartes.edu.ec\/sitio\/en\/wp-json\/wp\/v2\/users\/10"}],"replies":[{"embeddable":true,"href":"https:\/\/www.uartes.edu.ec\/sitio\/en\/wp-json\/wp\/v2\/comments?post=45841"}],"version-history":[{"count":10,"href":"https:\/\/www.uartes.edu.ec\/sitio\/en\/wp-json\/wp\/v2\/posts\/45841\/revisions"}],"predecessor-version":[{"id":45884,"href":"https:\/\/www.uartes.edu.ec\/sitio\/en\/wp-json\/wp\/v2\/posts\/45841\/revisions\/45884"}],"wp:featuredmedia":[{"embeddable":true,"href":"https:\/\/www.uartes.edu.ec\/sitio\/en\/wp-json\/wp\/v2\/media\/45862"}],"wp:attachment":[{"href":"https:\/\/www.uartes.edu.ec\/sitio\/en\/wp-json\/wp\/v2\/media?parent=45841"}],"wp:term":[{"taxonomy":"category","embeddable":true,"href":"https:\/\/www.uartes.edu.ec\/sitio\/en\/wp-json\/wp\/v2\/categories?post=45841"},{"taxonomy":"post_tag","embeddable":true,"href":"https:\/\/www.uartes.edu.ec\/sitio\/en\/wp-json\/wp\/v2\/tags?post=45841"},{"taxonomy":"infouartes","embeddable":true,"href":"https:\/\/www.uartes.edu.ec\/sitio\/en\/wp-json\/wp\/v2\/infouartes?post=45841"}],"curies":[{"name":"wp","href":"https:\/\/api.w.org\/{rel}","templated":true}]}}