{"id":45859,"date":"2023-08-07T20:29:00","date_gmt":"2023-08-08T01:29:00","guid":{"rendered":"https:\/\/www.uartes.edu.ec\/sitio\/?p=45859"},"modified":"2024-07-04T11:20:51","modified_gmt":"2024-07-04T16:20:51","slug":"graduados-uartes-conforman-colectivo-y-organizan-el-1er-festival-internacional-de-cine-de-santa-elena","status":"publish","type":"post","link":"https:\/\/www.uartes.edu.ec\/sitio\/en\/blog\/2023\/08\/07\/graduados-uartes-conforman-colectivo-y-organizan-el-1er-festival-internacional-de-cine-de-santa-elena\/","title":{"rendered":"Graduados UArtes conforman colectivo y organizan el 1er Festival Internacional de Cine de Santa Elena"},"content":{"rendered":"<p>Joselyne Merch\u00e1n, Eduardo Valiente, Gabriela Borbor y Sandra Figueroa son licenciados en Cine, graduados en la Universidad de las Artes. Braulio Gonz\u00e1lez curs\u00f3 la misma carrera y se titul\u00f3 en el INCINE. Juntos integran desde febrero pasado el Colectivo de Productores Audiovisuales Peninsulares (CPAP), el cual decidieron conformar ante la escasa producci\u00f3n cinematogr\u00e1fica en Santa Elena.<\/p>\n\n\n\n<p>El 26 de junio pasado lanzaron una convocatoria para animar a j\u00f3venes y a experimentados directores a participar en la 1era Edici\u00f3n del Festival Internacional de Cine de Santa Elena (FICSE). El llamado para la inscripci\u00f3n cerr\u00f3 el 13 de julio con una importante respuesta de postulantes a las cuatro categor\u00edas establecidas: Mirada Peninsular, Mirada Internacional, Mirada Nacional e Historias Costeras.<\/p>\n\n\n\n<p>El colectivo admite que al principio consider\u00f3 que definir al certamen como internacional sonaba ambicioso y que quiz\u00e1s no tendr\u00eda impacto. Sin embargo, los cortometrajes internacionales han sido los m\u00e1s postulados a la cita. Se receptaron un total de 130 producciones, entre cortos peninsulares, nacionales y extranjeros. Se hizo la respectiva curadur\u00eda y, finalmente, para la selecci\u00f3n oficial figuran 42 las producciones en competencia.<\/p>\n\n\n\n<h3 class=\"wp-block-heading\">Las categor\u00edas y el jurado<\/h3>\n\n\n\n<p>Cuatro en la categor\u00eda Historias Costeras, otras cuatro en Mirada Peninsular, quince en Mirada Nacional y 19 en Mirada Internacional, con participantes provenientes de Per\u00fa, Bolivia, Chile, Uruguay, Espa\u00f1a y Francia.<\/p>\n\n\n\n<p>El FICSE cuenta con el apoyo y el aval de la Casa de la Cultura N\u00facleo de Santa Elena y se efectuar\u00e1 del lunes 14 de agosto al jueves 17 en el Teatro Carlos Rubira Infante.<\/p>\n\n\n\n<p>Como jurados intervendr\u00e1n Pa\u00fal Narv\u00e1ez, investigador audiovisual y documentalista que trabaja en el colectivo Sindicato Audiovisual desde el 2012, construyendo plataformas web pensadas como herramientas de educaci\u00f3n y salud p\u00fablica; actualmente dirige la Cinemateca Nacional del Ecuador Ulises Estrella. Y Juan Mart\u00edn Cueva, quien es director de Cine Documental y entre 2003 y 2009 dirigi\u00f3 el Festival de Cine Cero Latitud; es fundador del Festival de Cine Encuentros del Otro Cine (EDOC) y exdocente de la Escuela de Cine de la UArtes.<\/p>\n\n\n\n<p>Como jurado internacional participar\u00e1 Julie Tom\u00e9, guionista y directora francesa graduada en 2014 de la Femis, Escuela Nacional Superior de los Oficios de la Imagen y del Sonido; desde 2015 es docente de la Escuela de Cine de la Universidad de las Artes.<\/p>\n\n\n\n<h3 class=\"wp-block-heading\">Proyecci\u00f3n y conversatorios<\/h3>\n\n\n\n<p>En la semana del FICSE se desarrollar\u00e1n varias actividades. Para su inauguraci\u00f3n, el lunes 14 de agosto de 17:00 a 19:30, est\u00e1 programada la proyecci\u00f3n de la pel\u00edcula ecuatoriana \u201cGafas Amarillas\u201d del director Iv\u00e1n Mora (Ecuador-Brasil, 2020) y luego un cine foro con Cinthia Velasco, jefa de producci\u00f3n de la pel\u00edcula.<\/p>\n\n\n\n<p>El martes 15 de agosto habr\u00e1 de 10:00 a 12:00 un segundo conversatorio. Ser\u00e1 sobre \u201cModelos de producci\u00f3n y c\u00f3mo aplicarlos a diferentes proyectos audiovisuales\u201d y estar\u00e1 tambi\u00e9n a cargo de Cinthia Velasco. Ese mismo d\u00eda se realizar\u00e1 dos jornadas de proyecciones. La primera, de 15:00 a 16:30 y la segunda, 19:00 a 20:30.<\/p>\n\n\n\n<p>El mi\u00e9rcoles 16 de agosto las proyecciones continuar\u00e1n de 10:00 a 11:30 y de 15:00 a 16:30. Al t\u00e9rmino de esta jornada \u2013de 19:00 a 20:30\u2013 se realizar\u00e1 un tercer conversatorio, el cual ser\u00e1 online y a cargo de Andr\u00e9s Crespo.<\/p>\n\n\n\n<p>El jueves 17 de agosto se efectuar\u00e1 de 15:00 a 16:30 la \u00faltima proyecci\u00f3n de cortometrajes y de 18:00 a 19:30 se har\u00e1 la ceremonia de premiaci\u00f3n y clausura del FICSE.<\/p>\n\n\n\n<p>En Instagram, Facebook y TikTok:&nbsp;@festicinesantaelena<\/p>","protected":false},"excerpt":{"rendered":"<p>Los alumni Joselyne Merch\u00e1n, Eduardo Valiente, Gabriela Borbor y Sandra Figueroa realizar\u00e1n el certamen junto a Braulio Gonz\u00e1lez, graduado del INCINE, del 14 al 17 de agosto en el Teatro Municipal Carlos Rubira Infante, en v\u00ednculo con la Casa de la Cultura N\u00facleo de Santa Elena. Ellos conformaron en febrero pasado el Colectivo de Productores Audiovisuales Peninsulares (CPAP).<\/p>","protected":false},"author":10,"featured_media":45860,"comment_status":"open","ping_status":"open","sticky":false,"template":"","format":"standard","meta":{"_acf_changed":false,"_uag_custom_page_level_css":"","_monsterinsights_skip_tracking":false,"_monsterinsights_sitenote_active":false,"_monsterinsights_sitenote_note":"","_monsterinsights_sitenote_category":0,"cybocfi_hide_featured_image":"","footnotes":""},"categories":[490,82,147,77],"tags":[1031],"infouartes":[],"class_list":["post-45859","post","type-post","status-publish","format-standard","has-post-thumbnail","hentry","category-alumni","category-artes","category-cine","category-gestion","tag-certamen"],"acf":[],"yoast_head":"<!-- This site is optimized with the Yoast SEO plugin v27.4 - https:\/\/yoast.com\/product\/yoast-seo-wordpress\/ -->\n<title>Universidad de las Artes - Graduados UArtes conforman colectivo y organizan el 1er Festival Internacional de Cine de Santa Elena<\/title>\n<meta name=\"description\" content=\"Universidad de las Artes - Graduados UArtes conforman colectivo y organizan el 1er Festival Internacional de Cine de Santa Elena\" \/>\n<meta name=\"robots\" content=\"index, follow, max-snippet:-1, max-image-preview:large, max-video-preview:-1\" \/>\n<link rel=\"canonical\" href=\"https:\/\/www.uartes.edu.ec\/sitio\/en\/blog\/2023\/08\/07\/graduados-uartes-conforman-colectivo-y-organizan-el-1er-festival-internacional-de-cine-de-santa-elena\/\" \/>\n<meta property=\"og:locale\" content=\"en_US\" \/>\n<meta property=\"og:type\" content=\"article\" \/>\n<meta property=\"og:title\" content=\"Universidad de las Artes - Graduados UArtes conforman colectivo y organizan el 1er Festival Internacional de Cine de Santa Elena\" \/>\n<meta property=\"og:description\" content=\"Universidad de las Artes - Graduados UArtes conforman colectivo y organizan el 1er Festival Internacional de Cine de Santa Elena\" \/>\n<meta property=\"og:url\" content=\"https:\/\/www.uartes.edu.ec\/sitio\/en\/blog\/2023\/08\/07\/graduados-uartes-conforman-colectivo-y-organizan-el-1er-festival-internacional-de-cine-de-santa-elena\/\" \/>\n<meta property=\"og:site_name\" content=\"Universidad de las Artes\" \/>\n<meta property=\"article:publisher\" content=\"https:\/\/www.facebook.com\/uartesec\" \/>\n<meta property=\"article:published_time\" content=\"2023-08-08T01:29:00+00:00\" \/>\n<meta property=\"article:modified_time\" content=\"2024-07-04T16:20:51+00:00\" \/>\n<meta property=\"og:image\" content=\"https:\/\/www.uartes.edu.ec\/sitio\/wp-content\/uploads\/2023\/08\/COLECTIVO-CINE-ALUMNI.jpg\" \/>\n\t<meta property=\"og:image:width\" content=\"2000\" \/>\n\t<meta property=\"og:image:height\" content=\"1333\" \/>\n\t<meta property=\"og:image:type\" content=\"image\/jpeg\" \/>\n<meta name=\"author\" content=\"ccortez\" \/>\n<meta name=\"twitter:card\" content=\"summary_large_image\" \/>\n<meta name=\"twitter:creator\" content=\"@uartesec\" \/>\n<meta name=\"twitter:site\" content=\"@uartesec\" \/>\n<meta name=\"twitter:label1\" content=\"Written by\" \/>\n\t<meta name=\"twitter:data1\" content=\"ccortez\" \/>\n\t<meta name=\"twitter:label2\" content=\"Est. reading time\" \/>\n\t<meta name=\"twitter:data2\" content=\"3 minutes\" \/>\n<script type=\"application\/ld+json\" class=\"yoast-schema-graph\">{\"@context\":\"https:\\\/\\\/schema.org\",\"@graph\":[{\"@type\":\"Article\",\"@id\":\"https:\\\/\\\/www.uartes.edu.ec\\\/sitio\\\/en\\\/blog\\\/2023\\\/08\\\/07\\\/graduados-uartes-conforman-colectivo-y-organizan-el-1er-festival-internacional-de-cine-de-santa-elena\\\/#article\",\"isPartOf\":{\"@id\":\"https:\\\/\\\/www.uartes.edu.ec\\\/sitio\\\/en\\\/blog\\\/2023\\\/08\\\/07\\\/graduados-uartes-conforman-colectivo-y-organizan-el-1er-festival-internacional-de-cine-de-santa-elena\\\/\"},\"author\":{\"name\":\"ccortez\",\"@id\":\"https:\\\/\\\/www.uartes.edu.ec\\\/sitio\\\/en\\\/#\\\/schema\\\/person\\\/efa1b8275797664fd7f13a79ccc0b1f4\"},\"headline\":\"Graduados UArtes conforman colectivo y organizan el 1er Festival Internacional de Cine de Santa Elena\",\"datePublished\":\"2023-08-08T01:29:00+00:00\",\"dateModified\":\"2024-07-04T16:20:51+00:00\",\"mainEntityOfPage\":{\"@id\":\"https:\\\/\\\/www.uartes.edu.ec\\\/sitio\\\/en\\\/blog\\\/2023\\\/08\\\/07\\\/graduados-uartes-conforman-colectivo-y-organizan-el-1er-festival-internacional-de-cine-de-santa-elena\\\/\"},\"wordCount\":586,\"commentCount\":0,\"publisher\":{\"@id\":\"https:\\\/\\\/www.uartes.edu.ec\\\/sitio\\\/en\\\/#organization\"},\"image\":{\"@id\":\"https:\\\/\\\/www.uartes.edu.ec\\\/sitio\\\/en\\\/blog\\\/2023\\\/08\\\/07\\\/graduados-uartes-conforman-colectivo-y-organizan-el-1er-festival-internacional-de-cine-de-santa-elena\\\/#primaryimage\"},\"thumbnailUrl\":\"https:\\\/\\\/www.uartes.edu.ec\\\/sitio\\\/wp-content\\\/uploads\\\/2023\\\/08\\\/COLECTIVO-CINE-ALUMNI.jpg\",\"keywords\":[\"certamen\"],\"articleSection\":[\"Alumni\",\"Artes\",\"Cine\",\"Gesti\u00f3n\"],\"inLanguage\":\"en-US\",\"potentialAction\":[{\"@type\":\"CommentAction\",\"name\":\"Comment\",\"target\":[\"https:\\\/\\\/www.uartes.edu.ec\\\/sitio\\\/en\\\/blog\\\/2023\\\/08\\\/07\\\/graduados-uartes-conforman-colectivo-y-organizan-el-1er-festival-internacional-de-cine-de-santa-elena\\\/#respond\"]}]},{\"@type\":[\"WebPage\",\"ItemPage\"],\"@id\":\"https:\\\/\\\/www.uartes.edu.ec\\\/sitio\\\/en\\\/blog\\\/2023\\\/08\\\/07\\\/graduados-uartes-conforman-colectivo-y-organizan-el-1er-festival-internacional-de-cine-de-santa-elena\\\/\",\"url\":\"https:\\\/\\\/www.uartes.edu.ec\\\/sitio\\\/en\\\/blog\\\/2023\\\/08\\\/07\\\/graduados-uartes-conforman-colectivo-y-organizan-el-1er-festival-internacional-de-cine-de-santa-elena\\\/\",\"name\":\"Universidad de las Artes - Graduados UArtes conforman colectivo y organizan el 1er Festival Internacional de Cine de Santa Elena\",\"isPartOf\":{\"@id\":\"https:\\\/\\\/www.uartes.edu.ec\\\/sitio\\\/en\\\/#website\"},\"primaryImageOfPage\":{\"@id\":\"https:\\\/\\\/www.uartes.edu.ec\\\/sitio\\\/en\\\/blog\\\/2023\\\/08\\\/07\\\/graduados-uartes-conforman-colectivo-y-organizan-el-1er-festival-internacional-de-cine-de-santa-elena\\\/#primaryimage\"},\"image\":{\"@id\":\"https:\\\/\\\/www.uartes.edu.ec\\\/sitio\\\/en\\\/blog\\\/2023\\\/08\\\/07\\\/graduados-uartes-conforman-colectivo-y-organizan-el-1er-festival-internacional-de-cine-de-santa-elena\\\/#primaryimage\"},\"thumbnailUrl\":\"https:\\\/\\\/www.uartes.edu.ec\\\/sitio\\\/wp-content\\\/uploads\\\/2023\\\/08\\\/COLECTIVO-CINE-ALUMNI.jpg\",\"datePublished\":\"2023-08-08T01:29:00+00:00\",\"dateModified\":\"2024-07-04T16:20:51+00:00\",\"description\":\"Universidad de las Artes - Graduados UArtes conforman colectivo y organizan el 1er Festival Internacional de Cine de Santa Elena\",\"breadcrumb\":{\"@id\":\"https:\\\/\\\/www.uartes.edu.ec\\\/sitio\\\/en\\\/blog\\\/2023\\\/08\\\/07\\\/graduados-uartes-conforman-colectivo-y-organizan-el-1er-festival-internacional-de-cine-de-santa-elena\\\/#breadcrumb\"},\"inLanguage\":\"en-US\",\"potentialAction\":[{\"@type\":\"ReadAction\",\"target\":[\"https:\\\/\\\/www.uartes.edu.ec\\\/sitio\\\/en\\\/blog\\\/2023\\\/08\\\/07\\\/graduados-uartes-conforman-colectivo-y-organizan-el-1er-festival-internacional-de-cine-de-santa-elena\\\/\"]}]},{\"@type\":\"ImageObject\",\"inLanguage\":\"en-US\",\"@id\":\"https:\\\/\\\/www.uartes.edu.ec\\\/sitio\\\/en\\\/blog\\\/2023\\\/08\\\/07\\\/graduados-uartes-conforman-colectivo-y-organizan-el-1er-festival-internacional-de-cine-de-santa-elena\\\/#primaryimage\",\"url\":\"https:\\\/\\\/www.uartes.edu.ec\\\/sitio\\\/wp-content\\\/uploads\\\/2023\\\/08\\\/COLECTIVO-CINE-ALUMNI.jpg\",\"contentUrl\":\"https:\\\/\\\/www.uartes.edu.ec\\\/sitio\\\/wp-content\\\/uploads\\\/2023\\\/08\\\/COLECTIVO-CINE-ALUMNI.jpg\",\"width\":2000,\"height\":1333},{\"@type\":\"BreadcrumbList\",\"@id\":\"https:\\\/\\\/www.uartes.edu.ec\\\/sitio\\\/en\\\/blog\\\/2023\\\/08\\\/07\\\/graduados-uartes-conforman-colectivo-y-organizan-el-1er-festival-internacional-de-cine-de-santa-elena\\\/#breadcrumb\",\"itemListElement\":[{\"@type\":\"ListItem\",\"position\":1,\"name\":\"Inicio\",\"item\":\"https:\\\/\\\/www.uartes.edu.ec\\\/sitio\\\/\"},{\"@type\":\"ListItem\",\"position\":2,\"name\":\"Graduados UArtes conforman colectivo y organizan el 1er Festival Internacional de Cine de Santa Elena\"}]},{\"@type\":\"WebSite\",\"@id\":\"https:\\\/\\\/www.uartes.edu.ec\\\/sitio\\\/en\\\/#website\",\"url\":\"https:\\\/\\\/www.uartes.edu.ec\\\/sitio\\\/en\\\/\",\"name\":\"Universidad de las Artes\",\"description\":\"Sitio oficial de la Universidad Nacional de las Artes del Ecuador\",\"publisher\":{\"@id\":\"https:\\\/\\\/www.uartes.edu.ec\\\/sitio\\\/en\\\/#organization\"},\"potentialAction\":[{\"@type\":\"SearchAction\",\"target\":{\"@type\":\"EntryPoint\",\"urlTemplate\":\"https:\\\/\\\/www.uartes.edu.ec\\\/sitio\\\/en\\\/?s={search_term_string}\"},\"query-input\":{\"@type\":\"PropertyValueSpecification\",\"valueRequired\":true,\"valueName\":\"search_term_string\"}}],\"inLanguage\":\"en-US\"},{\"@type\":\"Organization\",\"@id\":\"https:\\\/\\\/www.uartes.edu.ec\\\/sitio\\\/en\\\/#organization\",\"name\":\"Universidad de las Artes\",\"url\":\"https:\\\/\\\/www.uartes.edu.ec\\\/sitio\\\/en\\\/\",\"logo\":{\"@type\":\"ImageObject\",\"inLanguage\":\"en-US\",\"@id\":\"https:\\\/\\\/www.uartes.edu.ec\\\/sitio\\\/en\\\/#\\\/schema\\\/logo\\\/image\\\/\",\"url\":\"https:\\\/\\\/www.uartes.edu.ec\\\/sitio\\\/wp-content\\\/uploads\\\/2022\\\/07\\\/logo-ua-horizontal.png\",\"contentUrl\":\"https:\\\/\\\/www.uartes.edu.ec\\\/sitio\\\/wp-content\\\/uploads\\\/2022\\\/07\\\/logo-ua-horizontal.png\",\"width\":800,\"height\":276,\"caption\":\"Universidad de las Artes\"},\"image\":{\"@id\":\"https:\\\/\\\/www.uartes.edu.ec\\\/sitio\\\/en\\\/#\\\/schema\\\/logo\\\/image\\\/\"},\"sameAs\":[\"https:\\\/\\\/www.facebook.com\\\/uartesec\",\"https:\\\/\\\/x.com\\\/uartesec\",\"https:\\\/\\\/www.tiktok.com\\\/@uartesec\"]},{\"@type\":\"Person\",\"@id\":\"https:\\\/\\\/www.uartes.edu.ec\\\/sitio\\\/en\\\/#\\\/schema\\\/person\\\/efa1b8275797664fd7f13a79ccc0b1f4\",\"name\":\"ccortez\",\"image\":{\"@type\":\"ImageObject\",\"inLanguage\":\"en-US\",\"@id\":\"https:\\\/\\\/secure.gravatar.com\\\/avatar\\\/b2a6f664a3ae8e074346ef91775736c5ec479e637ecced6842de9dc98b5da9cd?s=96&d=mm&r=g\",\"url\":\"https:\\\/\\\/secure.gravatar.com\\\/avatar\\\/b2a6f664a3ae8e074346ef91775736c5ec479e637ecced6842de9dc98b5da9cd?s=96&d=mm&r=g\",\"contentUrl\":\"https:\\\/\\\/secure.gravatar.com\\\/avatar\\\/b2a6f664a3ae8e074346ef91775736c5ec479e637ecced6842de9dc98b5da9cd?s=96&d=mm&r=g\",\"caption\":\"ccortez\"},\"url\":\"https:\\\/\\\/www.uartes.edu.ec\\\/sitio\\\/en\\\/blog\\\/author\\\/ccortez\\\/\"}]}<\/script>\n<!-- \/ Yoast SEO plugin. -->","yoast_head_json":{"title":"Universidad de las Artes - Graduados UArtes conforman colectivo y organizan el 1er Festival Internacional de Cine de Santa Elena","description":"Universidad de las Artes - Graduados UArtes conforman colectivo y organizan el 1er Festival Internacional de Cine de Santa Elena","robots":{"index":"index","follow":"follow","max-snippet":"max-snippet:-1","max-image-preview":"max-image-preview:large","max-video-preview":"max-video-preview:-1"},"canonical":"https:\/\/www.uartes.edu.ec\/sitio\/en\/blog\/2023\/08\/07\/graduados-uartes-conforman-colectivo-y-organizan-el-1er-festival-internacional-de-cine-de-santa-elena\/","og_locale":"en_US","og_type":"article","og_title":"Universidad de las Artes - Graduados UArtes conforman colectivo y organizan el 1er Festival Internacional de Cine de Santa Elena","og_description":"Universidad de las Artes - Graduados UArtes conforman colectivo y organizan el 1er Festival Internacional de Cine de Santa Elena","og_url":"https:\/\/www.uartes.edu.ec\/sitio\/en\/blog\/2023\/08\/07\/graduados-uartes-conforman-colectivo-y-organizan-el-1er-festival-internacional-de-cine-de-santa-elena\/","og_site_name":"Universidad de las Artes","article_publisher":"https:\/\/www.facebook.com\/uartesec","article_published_time":"2023-08-08T01:29:00+00:00","article_modified_time":"2024-07-04T16:20:51+00:00","og_image":[{"width":2000,"height":1333,"url":"https:\/\/www.uartes.edu.ec\/sitio\/wp-content\/uploads\/2023\/08\/COLECTIVO-CINE-ALUMNI.jpg","type":"image\/jpeg"}],"author":"ccortez","twitter_card":"summary_large_image","twitter_creator":"@uartesec","twitter_site":"@uartesec","twitter_misc":{"Written by":"ccortez","Est. reading time":"3 minutes"},"schema":{"@context":"https:\/\/schema.org","@graph":[{"@type":"Article","@id":"https:\/\/www.uartes.edu.ec\/sitio\/en\/blog\/2023\/08\/07\/graduados-uartes-conforman-colectivo-y-organizan-el-1er-festival-internacional-de-cine-de-santa-elena\/#article","isPartOf":{"@id":"https:\/\/www.uartes.edu.ec\/sitio\/en\/blog\/2023\/08\/07\/graduados-uartes-conforman-colectivo-y-organizan-el-1er-festival-internacional-de-cine-de-santa-elena\/"},"author":{"name":"ccortez","@id":"https:\/\/www.uartes.edu.ec\/sitio\/en\/#\/schema\/person\/efa1b8275797664fd7f13a79ccc0b1f4"},"headline":"Graduados UArtes conforman colectivo y organizan el 1er Festival Internacional de Cine de Santa Elena","datePublished":"2023-08-08T01:29:00+00:00","dateModified":"2024-07-04T16:20:51+00:00","mainEntityOfPage":{"@id":"https:\/\/www.uartes.edu.ec\/sitio\/en\/blog\/2023\/08\/07\/graduados-uartes-conforman-colectivo-y-organizan-el-1er-festival-internacional-de-cine-de-santa-elena\/"},"wordCount":586,"commentCount":0,"publisher":{"@id":"https:\/\/www.uartes.edu.ec\/sitio\/en\/#organization"},"image":{"@id":"https:\/\/www.uartes.edu.ec\/sitio\/en\/blog\/2023\/08\/07\/graduados-uartes-conforman-colectivo-y-organizan-el-1er-festival-internacional-de-cine-de-santa-elena\/#primaryimage"},"thumbnailUrl":"https:\/\/www.uartes.edu.ec\/sitio\/wp-content\/uploads\/2023\/08\/COLECTIVO-CINE-ALUMNI.jpg","keywords":["certamen"],"articleSection":["Alumni","Artes","Cine","Gesti\u00f3n"],"inLanguage":"en-US","potentialAction":[{"@type":"CommentAction","name":"Comment","target":["https:\/\/www.uartes.edu.ec\/sitio\/en\/blog\/2023\/08\/07\/graduados-uartes-conforman-colectivo-y-organizan-el-1er-festival-internacional-de-cine-de-santa-elena\/#respond"]}]},{"@type":["WebPage","ItemPage"],"@id":"https:\/\/www.uartes.edu.ec\/sitio\/en\/blog\/2023\/08\/07\/graduados-uartes-conforman-colectivo-y-organizan-el-1er-festival-internacional-de-cine-de-santa-elena\/","url":"https:\/\/www.uartes.edu.ec\/sitio\/en\/blog\/2023\/08\/07\/graduados-uartes-conforman-colectivo-y-organizan-el-1er-festival-internacional-de-cine-de-santa-elena\/","name":"Universidad de las Artes - Graduados UArtes conforman colectivo y organizan el 1er Festival Internacional de Cine de Santa Elena","isPartOf":{"@id":"https:\/\/www.uartes.edu.ec\/sitio\/en\/#website"},"primaryImageOfPage":{"@id":"https:\/\/www.uartes.edu.ec\/sitio\/en\/blog\/2023\/08\/07\/graduados-uartes-conforman-colectivo-y-organizan-el-1er-festival-internacional-de-cine-de-santa-elena\/#primaryimage"},"image":{"@id":"https:\/\/www.uartes.edu.ec\/sitio\/en\/blog\/2023\/08\/07\/graduados-uartes-conforman-colectivo-y-organizan-el-1er-festival-internacional-de-cine-de-santa-elena\/#primaryimage"},"thumbnailUrl":"https:\/\/www.uartes.edu.ec\/sitio\/wp-content\/uploads\/2023\/08\/COLECTIVO-CINE-ALUMNI.jpg","datePublished":"2023-08-08T01:29:00+00:00","dateModified":"2024-07-04T16:20:51+00:00","description":"Universidad de las Artes - Graduados UArtes conforman colectivo y organizan el 1er Festival Internacional de Cine de Santa Elena","breadcrumb":{"@id":"https:\/\/www.uartes.edu.ec\/sitio\/en\/blog\/2023\/08\/07\/graduados-uartes-conforman-colectivo-y-organizan-el-1er-festival-internacional-de-cine-de-santa-elena\/#breadcrumb"},"inLanguage":"en-US","potentialAction":[{"@type":"ReadAction","target":["https:\/\/www.uartes.edu.ec\/sitio\/en\/blog\/2023\/08\/07\/graduados-uartes-conforman-colectivo-y-organizan-el-1er-festival-internacional-de-cine-de-santa-elena\/"]}]},{"@type":"ImageObject","inLanguage":"en-US","@id":"https:\/\/www.uartes.edu.ec\/sitio\/en\/blog\/2023\/08\/07\/graduados-uartes-conforman-colectivo-y-organizan-el-1er-festival-internacional-de-cine-de-santa-elena\/#primaryimage","url":"https:\/\/www.uartes.edu.ec\/sitio\/wp-content\/uploads\/2023\/08\/COLECTIVO-CINE-ALUMNI.jpg","contentUrl":"https:\/\/www.uartes.edu.ec\/sitio\/wp-content\/uploads\/2023\/08\/COLECTIVO-CINE-ALUMNI.jpg","width":2000,"height":1333},{"@type":"BreadcrumbList","@id":"https:\/\/www.uartes.edu.ec\/sitio\/en\/blog\/2023\/08\/07\/graduados-uartes-conforman-colectivo-y-organizan-el-1er-festival-internacional-de-cine-de-santa-elena\/#breadcrumb","itemListElement":[{"@type":"ListItem","position":1,"name":"Inicio","item":"https:\/\/www.uartes.edu.ec\/sitio\/"},{"@type":"ListItem","position":2,"name":"Graduados UArtes conforman colectivo y organizan el 1er Festival Internacional de Cine de Santa Elena"}]},{"@type":"WebSite","@id":"https:\/\/www.uartes.edu.ec\/sitio\/en\/#website","url":"https:\/\/www.uartes.edu.ec\/sitio\/en\/","name":"Universidad de las Artes","description":"Sitio oficial de la Universidad Nacional de las Artes del Ecuador","publisher":{"@id":"https:\/\/www.uartes.edu.ec\/sitio\/en\/#organization"},"potentialAction":[{"@type":"SearchAction","target":{"@type":"EntryPoint","urlTemplate":"https:\/\/www.uartes.edu.ec\/sitio\/en\/?s={search_term_string}"},"query-input":{"@type":"PropertyValueSpecification","valueRequired":true,"valueName":"search_term_string"}}],"inLanguage":"en-US"},{"@type":"Organization","@id":"https:\/\/www.uartes.edu.ec\/sitio\/en\/#organization","name":"Universidad de las Artes","url":"https:\/\/www.uartes.edu.ec\/sitio\/en\/","logo":{"@type":"ImageObject","inLanguage":"en-US","@id":"https:\/\/www.uartes.edu.ec\/sitio\/en\/#\/schema\/logo\/image\/","url":"https:\/\/www.uartes.edu.ec\/sitio\/wp-content\/uploads\/2022\/07\/logo-ua-horizontal.png","contentUrl":"https:\/\/www.uartes.edu.ec\/sitio\/wp-content\/uploads\/2022\/07\/logo-ua-horizontal.png","width":800,"height":276,"caption":"Universidad de las Artes"},"image":{"@id":"https:\/\/www.uartes.edu.ec\/sitio\/en\/#\/schema\/logo\/image\/"},"sameAs":["https:\/\/www.facebook.com\/uartesec","https:\/\/x.com\/uartesec","https:\/\/www.tiktok.com\/@uartesec"]},{"@type":"Person","@id":"https:\/\/www.uartes.edu.ec\/sitio\/en\/#\/schema\/person\/efa1b8275797664fd7f13a79ccc0b1f4","name":"ccortez","image":{"@type":"ImageObject","inLanguage":"en-US","@id":"https:\/\/secure.gravatar.com\/avatar\/b2a6f664a3ae8e074346ef91775736c5ec479e637ecced6842de9dc98b5da9cd?s=96&d=mm&r=g","url":"https:\/\/secure.gravatar.com\/avatar\/b2a6f664a3ae8e074346ef91775736c5ec479e637ecced6842de9dc98b5da9cd?s=96&d=mm&r=g","contentUrl":"https:\/\/secure.gravatar.com\/avatar\/b2a6f664a3ae8e074346ef91775736c5ec479e637ecced6842de9dc98b5da9cd?s=96&d=mm&r=g","caption":"ccortez"},"url":"https:\/\/www.uartes.edu.ec\/sitio\/en\/blog\/author\/ccortez\/"}]}},"uagb_featured_image_src":{"full":["https:\/\/www.uartes.edu.ec\/sitio\/wp-content\/uploads\/2023\/08\/COLECTIVO-CINE-ALUMNI.jpg",2000,1333,false],"thumbnail":["https:\/\/www.uartes.edu.ec\/sitio\/wp-content\/uploads\/2023\/08\/COLECTIVO-CINE-ALUMNI-150x150.jpg",150,150,true],"medium":["https:\/\/www.uartes.edu.ec\/sitio\/wp-content\/uploads\/2023\/08\/COLECTIVO-CINE-ALUMNI-300x200.jpg",300,200,true],"medium_large":["https:\/\/www.uartes.edu.ec\/sitio\/wp-content\/uploads\/2023\/08\/COLECTIVO-CINE-ALUMNI-768x512.jpg",768,512,true],"large":["https:\/\/www.uartes.edu.ec\/sitio\/wp-content\/uploads\/2023\/08\/COLECTIVO-CINE-ALUMNI-644x429.jpg",644,429,true],"1536x1536":["https:\/\/www.uartes.edu.ec\/sitio\/wp-content\/uploads\/2023\/08\/COLECTIVO-CINE-ALUMNI-1536x1024.jpg",1536,1024,true],"2048x2048":["https:\/\/www.uartes.edu.ec\/sitio\/wp-content\/uploads\/2023\/08\/COLECTIVO-CINE-ALUMNI.jpg",2000,1333,false],"trp-custom-language-flag":["https:\/\/www.uartes.edu.ec\/sitio\/wp-content\/uploads\/2023\/08\/COLECTIVO-CINE-ALUMNI.jpg",18,12,false],"htmega_size_585x295":["https:\/\/www.uartes.edu.ec\/sitio\/wp-content\/uploads\/2023\/08\/COLECTIVO-CINE-ALUMNI-585x295.jpg",585,295,true],"htmega_size_1170x536":["https:\/\/www.uartes.edu.ec\/sitio\/wp-content\/uploads\/2023\/08\/COLECTIVO-CINE-ALUMNI-1170x536.jpg",1170,536,true],"htmega_size_396x360":["https:\/\/www.uartes.edu.ec\/sitio\/wp-content\/uploads\/2023\/08\/COLECTIVO-CINE-ALUMNI-396x360.jpg",396,360,true],"gb-block-post-grid-landscape":["https:\/\/www.uartes.edu.ec\/sitio\/wp-content\/uploads\/2023\/08\/COLECTIVO-CINE-ALUMNI-600x400.jpg",600,400,true],"gb-block-post-grid-square":["https:\/\/www.uartes.edu.ec\/sitio\/wp-content\/uploads\/2023\/08\/COLECTIVO-CINE-ALUMNI-600x600.jpg",600,600,true],"university-hub-thumb":["https:\/\/www.uartes.edu.ec\/sitio\/wp-content\/uploads\/2023\/08\/COLECTIVO-CINE-ALUMNI-400x267.jpg",400,267,true],"mailpoet_newsletter_max":["https:\/\/www.uartes.edu.ec\/sitio\/wp-content\/uploads\/2023\/08\/COLECTIVO-CINE-ALUMNI.jpg",1320,880,false]},"uagb_author_info":{"display_name":"ccortez","author_link":"https:\/\/www.uartes.edu.ec\/sitio\/en\/blog\/author\/ccortez\/"},"uagb_comment_info":0,"uagb_excerpt":"Los alumni Joselyne Merch\u00e1n, Eduardo Valiente, Gabriela Borbor y Sandra Figueroa realizar\u00e1n el certamen junto a Braulio Gonz\u00e1lez, graduado del INCINE, del 14 al 17 de agosto en el Teatro Municipal Carlos Rubira Infante, en v\u00ednculo con la Casa de la Cultura N\u00facleo de Santa Elena. Ellos conformaron en febrero pasado el Colectivo de Productores&hellip;","featured_image_src":"https:\/\/www.uartes.edu.ec\/sitio\/wp-content\/uploads\/2023\/08\/COLECTIVO-CINE-ALUMNI-600x400.jpg","featured_image_src_square":"https:\/\/www.uartes.edu.ec\/sitio\/wp-content\/uploads\/2023\/08\/COLECTIVO-CINE-ALUMNI-600x600.jpg","author_info":{"display_name":"ccortez","author_link":"https:\/\/www.uartes.edu.ec\/sitio\/en\/blog\/author\/ccortez\/"},"publishpress_future_workflow_manual_trigger":{"enabledWorkflows":[]},"distributor_meta":false,"distributor_terms":false,"distributor_media":false,"distributor_original_site_name":"Universidad de las Artes","distributor_original_site_url":"https:\/\/www.uartes.edu.ec\/sitio\/en","push-errors":false,"_links":{"self":[{"href":"https:\/\/www.uartes.edu.ec\/sitio\/en\/wp-json\/wp\/v2\/posts\/45859","targetHints":{"allow":["GET"]}}],"collection":[{"href":"https:\/\/www.uartes.edu.ec\/sitio\/en\/wp-json\/wp\/v2\/posts"}],"about":[{"href":"https:\/\/www.uartes.edu.ec\/sitio\/en\/wp-json\/wp\/v2\/types\/post"}],"author":[{"embeddable":true,"href":"https:\/\/www.uartes.edu.ec\/sitio\/en\/wp-json\/wp\/v2\/users\/10"}],"replies":[{"embeddable":true,"href":"https:\/\/www.uartes.edu.ec\/sitio\/en\/wp-json\/wp\/v2\/comments?post=45859"}],"version-history":[{"count":1,"href":"https:\/\/www.uartes.edu.ec\/sitio\/en\/wp-json\/wp\/v2\/posts\/45859\/revisions"}],"predecessor-version":[{"id":45861,"href":"https:\/\/www.uartes.edu.ec\/sitio\/en\/wp-json\/wp\/v2\/posts\/45859\/revisions\/45861"}],"wp:featuredmedia":[{"embeddable":true,"href":"https:\/\/www.uartes.edu.ec\/sitio\/en\/wp-json\/wp\/v2\/media\/45860"}],"wp:attachment":[{"href":"https:\/\/www.uartes.edu.ec\/sitio\/en\/wp-json\/wp\/v2\/media?parent=45859"}],"wp:term":[{"taxonomy":"category","embeddable":true,"href":"https:\/\/www.uartes.edu.ec\/sitio\/en\/wp-json\/wp\/v2\/categories?post=45859"},{"taxonomy":"post_tag","embeddable":true,"href":"https:\/\/www.uartes.edu.ec\/sitio\/en\/wp-json\/wp\/v2\/tags?post=45859"},{"taxonomy":"infouartes","embeddable":true,"href":"https:\/\/www.uartes.edu.ec\/sitio\/en\/wp-json\/wp\/v2\/infouartes?post=45859"}],"curies":[{"name":"wp","href":"https:\/\/api.w.org\/{rel}","templated":true}]}}