{"id":46065,"date":"2023-08-16T14:11:00","date_gmt":"2023-08-16T19:11:00","guid":{"rendered":"https:\/\/www.uartes.edu.ec\/sitio\/?p=46065"},"modified":"2024-07-04T11:20:49","modified_gmt":"2024-07-04T16:20:49","slug":"proyecto-de-movilidad-academica-entre-uartes-y-tecnologico-de-artes-debora-arango-gana-fondos-del-icetex","status":"publish","type":"post","link":"https:\/\/www.uartes.edu.ec\/sitio\/en\/blog\/2023\/08\/16\/proyecto-de-movilidad-academica-entre-uartes-y-tecnologico-de-artes-debora-arango-gana-fondos-del-icetex\/","title":{"rendered":"La UArtes y el Tecnol\u00f3gico de Artes D\u00e9bora Arango ganan fondos ICETEX"},"content":{"rendered":"<p>El proyecto de movilidad acad\u00e9mica internacional entre la Universidad de las Artes y el Tecnol\u00f3gico de Artes D\u00e9bora Arango de Colombia gana fondos de la convocatoria impulsada desde el ICETEX.<\/p>\n\n\n\n<p>El ICETEX es una entidad del Estado colombiano que promueve la educaci\u00f3n superior a trav\u00e9s del otorgamiento de cr\u00e9ditos educativos y subvenciones a la poblaci\u00f3n con menores posibilidades econ\u00f3micas y buen desempe\u00f1o acad\u00e9mico, as\u00ed como a instituciones de educaci\u00f3n superior colombianas. Esta instituci\u00f3n creada en 2005 cuenta con autonom\u00eda administrativa y patrimonio propio y est\u00e1 vinculada al Ministerio de Educaci\u00f3n Nacional de Colombia.<\/p>\n\n\n\n<p>En mayo 2023, el ICETEX lanz\u00f3 su convocatoria de subvenciones 2023 de proyectos y movilidad internacional, que se encuentra dentro del programa \u201cExpertos Internacionales\u201d, el cual apoya la internacionalizaci\u00f3n en Colombia, a trav\u00e9s de una serie de herramientas que les permiten a las instituciones inscritas generar actividades presenciales y virtuales con enfoque internacional.<\/p>\n\n\n\n<p>Esta convocatoria estuvo dirigida a todas las Instituciones de Educaci\u00f3n Superior colombianas que hacen parte del programa Expertos Internacionales del ICETEX, y tiene como objetivo fomentar el desarrollo de la internacionalizaci\u00f3n y la calidad de la educaci\u00f3n superior del pa\u00eds a trav\u00e9s de la cooperaci\u00f3n universitaria y la movilidad internacional.<\/p>\n\n\n\n<p><strong>Investigaci\u00f3n + creaci\u00f3n internacional<\/strong><\/p>\n\n\n\n<p>En este contexto, el Tecnol\u00f3gico de Artes D\u00e9bora Arango y la Universidad de las Artes, por sus fuertes y productivos lazos de cooperaci\u00f3n internacionales que se han mantenido desde el 2018 hasta la actualidad, presentaron el proyecto de movilidad acad\u00e9mica: investigaci\u00f3n + creaci\u00f3n internacional en la convocatoria de subvenciones impulsada desde el ICETEX, el cual fue seleccionado como uno de los ganadores y acreedor de fondos para su ejecuci\u00f3n. &nbsp;<\/p>\n\n\n\n<p>El proyecto contempla la movilidad de 18 estudiantes del Tecnol\u00f3gico de Artes D\u00e9bora Arango, junto con el decano de la Facultad de Artes de la instituci\u00f3n colombiana, a la Universidad de las Artes durante dos semanas en el pr\u00f3ximo mes de octubre.<\/p>\n\n\n\n<p>Durante su estad\u00eda se ha programado que los y las estudiantes y el decano asistan como oyentes al VII Encuentro Internacional de Investigaci\u00f3n en Artes que, organizado por el Instituto Latinoamericano de Investigaci\u00f3n en Artes, se desarrolle del 2 al 6 de octubre. Se ha programado tambi\u00e9n que participen en talleres de creaci\u00f3n de hibridaci\u00f3n arte y tecnolog\u00eda, que se realizar\u00e1n con el artista y docente UArtes Cristian Villavicencio.<\/p>\n\n\n\n<p>Se busca tambi\u00e9n explorar la posibilidad de trabajar en un semillero de investigaci\u00f3n en el que participen estudiantes y docentes de la instituci\u00f3n colombiana y de la UArtes, impulsando de esta forma iniciativas de cooperaci\u00f3n e investigaci\u00f3n a nivel internacional. &nbsp;<\/p>\n\n\n\n<p>Texto: Direcci\u00f3n de Relaciones Internacionales UArtes.<\/p>","protected":false},"excerpt":{"rendered":"<p>Participaron de manera conjunta en un proyecto de movilidad acad\u00e9mica internacional con el cual respondieron a la convocatoria de subvenciones impulsada desde el ICETEX. La propuesta result\u00f3 ganadora y como tal se hizo acreedora a los fondos para su ejecuci\u00f3n. La Universidad de las Artes y el Tecnol\u00f3gico de Artes D\u00e9bora Arango de Colombia mantienen lazos de cooperaci\u00f3n desde 2018 hasta la actualidad. <\/p>","protected":false},"author":10,"featured_media":46066,"comment_status":"open","ping_status":"open","sticky":false,"template":"","format":"standard","meta":{"_acf_changed":false,"_uag_custom_page_level_css":"","_monsterinsights_skip_tracking":false,"_monsterinsights_sitenote_active":false,"_monsterinsights_sitenote_note":"","_monsterinsights_sitenote_category":0,"cybocfi_hide_featured_image":"","footnotes":""},"categories":[80,82,77,284,79],"tags":[1000,62,279],"infouartes":[],"class_list":["post-46065","post","type-post","status-publish","format-standard","has-post-thumbnail","hentry","category-academico","category-artes","category-gestion","category-investigacion","category-vinculo","tag-alianza-estrategica","tag-internacional","tag-relaciones-internacionales"],"acf":[],"yoast_head":"<!-- This site is optimized with the Yoast SEO plugin v27.4 - https:\/\/yoast.com\/product\/yoast-seo-wordpress\/ -->\n<title>Universidad de las Artes - La UArtes y el Tecnol\u00f3gico de Artes D\u00e9bora Arango ganan fondos ICETEX<\/title>\n<meta name=\"description\" content=\"Universidad de las Artes - La UArtes y el Tecnol\u00f3gico de Artes D\u00e9bora Arango ganan fondos ICETEX\" \/>\n<meta name=\"robots\" content=\"index, follow, max-snippet:-1, max-image-preview:large, max-video-preview:-1\" \/>\n<link rel=\"canonical\" href=\"https:\/\/www.uartes.edu.ec\/sitio\/en\/blog\/2023\/08\/16\/proyecto-de-movilidad-academica-entre-uartes-y-tecnologico-de-artes-debora-arango-gana-fondos-del-icetex\/\" \/>\n<meta property=\"og:locale\" content=\"en_US\" \/>\n<meta property=\"og:type\" content=\"article\" \/>\n<meta property=\"og:title\" content=\"Universidad de las Artes - La UArtes y el Tecnol\u00f3gico de Artes D\u00e9bora Arango ganan fondos ICETEX\" \/>\n<meta property=\"og:description\" content=\"Universidad de las Artes - La UArtes y el Tecnol\u00f3gico de Artes D\u00e9bora Arango ganan fondos ICETEX\" \/>\n<meta property=\"og:url\" content=\"https:\/\/www.uartes.edu.ec\/sitio\/en\/blog\/2023\/08\/16\/proyecto-de-movilidad-academica-entre-uartes-y-tecnologico-de-artes-debora-arango-gana-fondos-del-icetex\/\" \/>\n<meta property=\"og:site_name\" content=\"Universidad de las Artes\" \/>\n<meta property=\"article:publisher\" content=\"https:\/\/www.facebook.com\/uartesec\" \/>\n<meta property=\"article:published_time\" content=\"2023-08-16T19:11:00+00:00\" \/>\n<meta property=\"article:modified_time\" content=\"2024-07-04T16:20:49+00:00\" \/>\n<meta property=\"og:image\" content=\"https:\/\/www.uartes.edu.ec\/sitio\/wp-content\/uploads\/2023\/08\/ARANGO-UARTES.jpg\" \/>\n\t<meta property=\"og:image:width\" content=\"2000\" \/>\n\t<meta property=\"og:image:height\" content=\"1333\" \/>\n\t<meta property=\"og:image:type\" content=\"image\/jpeg\" \/>\n<meta name=\"author\" content=\"ccortez\" \/>\n<meta name=\"twitter:card\" content=\"summary_large_image\" \/>\n<meta name=\"twitter:creator\" content=\"@uartesec\" \/>\n<meta name=\"twitter:site\" content=\"@uartesec\" \/>\n<meta name=\"twitter:label1\" content=\"Written by\" \/>\n\t<meta name=\"twitter:data1\" content=\"ccortez\" \/>\n\t<meta name=\"twitter:label2\" content=\"Est. reading time\" \/>\n\t<meta name=\"twitter:data2\" content=\"2 minutes\" \/>\n<script type=\"application\/ld+json\" class=\"yoast-schema-graph\">{\"@context\":\"https:\\\/\\\/schema.org\",\"@graph\":[{\"@type\":\"Article\",\"@id\":\"https:\\\/\\\/www.uartes.edu.ec\\\/sitio\\\/en\\\/blog\\\/2023\\\/08\\\/16\\\/proyecto-de-movilidad-academica-entre-uartes-y-tecnologico-de-artes-debora-arango-gana-fondos-del-icetex\\\/#article\",\"isPartOf\":{\"@id\":\"https:\\\/\\\/www.uartes.edu.ec\\\/sitio\\\/en\\\/blog\\\/2023\\\/08\\\/16\\\/proyecto-de-movilidad-academica-entre-uartes-y-tecnologico-de-artes-debora-arango-gana-fondos-del-icetex\\\/\"},\"author\":{\"name\":\"ccortez\",\"@id\":\"https:\\\/\\\/www.uartes.edu.ec\\\/sitio\\\/en\\\/#\\\/schema\\\/person\\\/efa1b8275797664fd7f13a79ccc0b1f4\"},\"headline\":\"La UArtes y el Tecnol\u00f3gico de Artes D\u00e9bora Arango ganan fondos ICETEX\",\"datePublished\":\"2023-08-16T19:11:00+00:00\",\"dateModified\":\"2024-07-04T16:20:49+00:00\",\"mainEntityOfPage\":{\"@id\":\"https:\\\/\\\/www.uartes.edu.ec\\\/sitio\\\/en\\\/blog\\\/2023\\\/08\\\/16\\\/proyecto-de-movilidad-academica-entre-uartes-y-tecnologico-de-artes-debora-arango-gana-fondos-del-icetex\\\/\"},\"wordCount\":482,\"commentCount\":0,\"publisher\":{\"@id\":\"https:\\\/\\\/www.uartes.edu.ec\\\/sitio\\\/en\\\/#organization\"},\"image\":{\"@id\":\"https:\\\/\\\/www.uartes.edu.ec\\\/sitio\\\/en\\\/blog\\\/2023\\\/08\\\/16\\\/proyecto-de-movilidad-academica-entre-uartes-y-tecnologico-de-artes-debora-arango-gana-fondos-del-icetex\\\/#primaryimage\"},\"thumbnailUrl\":\"https:\\\/\\\/www.uartes.edu.ec\\\/sitio\\\/wp-content\\\/uploads\\\/2023\\\/08\\\/ARANGO-UARTES.jpg\",\"keywords\":[\"alianza estrat\u00e9gica\",\"internacional\",\"relaciones internacionales\"],\"articleSection\":[\"Acad\u00e9mico\",\"Artes\",\"Gesti\u00f3n\",\"Investigaci\u00f3n\",\"V\u00ednculo\"],\"inLanguage\":\"en-US\",\"potentialAction\":[{\"@type\":\"CommentAction\",\"name\":\"Comment\",\"target\":[\"https:\\\/\\\/www.uartes.edu.ec\\\/sitio\\\/en\\\/blog\\\/2023\\\/08\\\/16\\\/proyecto-de-movilidad-academica-entre-uartes-y-tecnologico-de-artes-debora-arango-gana-fondos-del-icetex\\\/#respond\"]}]},{\"@type\":[\"WebPage\",\"ItemPage\"],\"@id\":\"https:\\\/\\\/www.uartes.edu.ec\\\/sitio\\\/en\\\/blog\\\/2023\\\/08\\\/16\\\/proyecto-de-movilidad-academica-entre-uartes-y-tecnologico-de-artes-debora-arango-gana-fondos-del-icetex\\\/\",\"url\":\"https:\\\/\\\/www.uartes.edu.ec\\\/sitio\\\/en\\\/blog\\\/2023\\\/08\\\/16\\\/proyecto-de-movilidad-academica-entre-uartes-y-tecnologico-de-artes-debora-arango-gana-fondos-del-icetex\\\/\",\"name\":\"Universidad de las Artes - La UArtes y el Tecnol\u00f3gico de Artes D\u00e9bora Arango ganan fondos ICETEX\",\"isPartOf\":{\"@id\":\"https:\\\/\\\/www.uartes.edu.ec\\\/sitio\\\/en\\\/#website\"},\"primaryImageOfPage\":{\"@id\":\"https:\\\/\\\/www.uartes.edu.ec\\\/sitio\\\/en\\\/blog\\\/2023\\\/08\\\/16\\\/proyecto-de-movilidad-academica-entre-uartes-y-tecnologico-de-artes-debora-arango-gana-fondos-del-icetex\\\/#primaryimage\"},\"image\":{\"@id\":\"https:\\\/\\\/www.uartes.edu.ec\\\/sitio\\\/en\\\/blog\\\/2023\\\/08\\\/16\\\/proyecto-de-movilidad-academica-entre-uartes-y-tecnologico-de-artes-debora-arango-gana-fondos-del-icetex\\\/#primaryimage\"},\"thumbnailUrl\":\"https:\\\/\\\/www.uartes.edu.ec\\\/sitio\\\/wp-content\\\/uploads\\\/2023\\\/08\\\/ARANGO-UARTES.jpg\",\"datePublished\":\"2023-08-16T19:11:00+00:00\",\"dateModified\":\"2024-07-04T16:20:49+00:00\",\"description\":\"Universidad de las Artes - La UArtes y el Tecnol\u00f3gico de Artes D\u00e9bora Arango ganan fondos ICETEX\",\"breadcrumb\":{\"@id\":\"https:\\\/\\\/www.uartes.edu.ec\\\/sitio\\\/en\\\/blog\\\/2023\\\/08\\\/16\\\/proyecto-de-movilidad-academica-entre-uartes-y-tecnologico-de-artes-debora-arango-gana-fondos-del-icetex\\\/#breadcrumb\"},\"inLanguage\":\"en-US\",\"potentialAction\":[{\"@type\":\"ReadAction\",\"target\":[\"https:\\\/\\\/www.uartes.edu.ec\\\/sitio\\\/en\\\/blog\\\/2023\\\/08\\\/16\\\/proyecto-de-movilidad-academica-entre-uartes-y-tecnologico-de-artes-debora-arango-gana-fondos-del-icetex\\\/\"]}]},{\"@type\":\"ImageObject\",\"inLanguage\":\"en-US\",\"@id\":\"https:\\\/\\\/www.uartes.edu.ec\\\/sitio\\\/en\\\/blog\\\/2023\\\/08\\\/16\\\/proyecto-de-movilidad-academica-entre-uartes-y-tecnologico-de-artes-debora-arango-gana-fondos-del-icetex\\\/#primaryimage\",\"url\":\"https:\\\/\\\/www.uartes.edu.ec\\\/sitio\\\/wp-content\\\/uploads\\\/2023\\\/08\\\/ARANGO-UARTES.jpg\",\"contentUrl\":\"https:\\\/\\\/www.uartes.edu.ec\\\/sitio\\\/wp-content\\\/uploads\\\/2023\\\/08\\\/ARANGO-UARTES.jpg\",\"width\":2000,\"height\":1333},{\"@type\":\"BreadcrumbList\",\"@id\":\"https:\\\/\\\/www.uartes.edu.ec\\\/sitio\\\/en\\\/blog\\\/2023\\\/08\\\/16\\\/proyecto-de-movilidad-academica-entre-uartes-y-tecnologico-de-artes-debora-arango-gana-fondos-del-icetex\\\/#breadcrumb\",\"itemListElement\":[{\"@type\":\"ListItem\",\"position\":1,\"name\":\"Inicio\",\"item\":\"https:\\\/\\\/www.uartes.edu.ec\\\/sitio\\\/\"},{\"@type\":\"ListItem\",\"position\":2,\"name\":\"La UArtes y el Tecnol\u00f3gico de Artes D\u00e9bora Arango ganan fondos ICETEX\"}]},{\"@type\":\"WebSite\",\"@id\":\"https:\\\/\\\/www.uartes.edu.ec\\\/sitio\\\/en\\\/#website\",\"url\":\"https:\\\/\\\/www.uartes.edu.ec\\\/sitio\\\/en\\\/\",\"name\":\"Universidad de las Artes\",\"description\":\"Sitio oficial de la Universidad Nacional de las Artes del Ecuador\",\"publisher\":{\"@id\":\"https:\\\/\\\/www.uartes.edu.ec\\\/sitio\\\/en\\\/#organization\"},\"potentialAction\":[{\"@type\":\"SearchAction\",\"target\":{\"@type\":\"EntryPoint\",\"urlTemplate\":\"https:\\\/\\\/www.uartes.edu.ec\\\/sitio\\\/en\\\/?s={search_term_string}\"},\"query-input\":{\"@type\":\"PropertyValueSpecification\",\"valueRequired\":true,\"valueName\":\"search_term_string\"}}],\"inLanguage\":\"en-US\"},{\"@type\":\"Organization\",\"@id\":\"https:\\\/\\\/www.uartes.edu.ec\\\/sitio\\\/en\\\/#organization\",\"name\":\"Universidad de las Artes\",\"url\":\"https:\\\/\\\/www.uartes.edu.ec\\\/sitio\\\/en\\\/\",\"logo\":{\"@type\":\"ImageObject\",\"inLanguage\":\"en-US\",\"@id\":\"https:\\\/\\\/www.uartes.edu.ec\\\/sitio\\\/en\\\/#\\\/schema\\\/logo\\\/image\\\/\",\"url\":\"https:\\\/\\\/www.uartes.edu.ec\\\/sitio\\\/wp-content\\\/uploads\\\/2022\\\/07\\\/logo-ua-horizontal.png\",\"contentUrl\":\"https:\\\/\\\/www.uartes.edu.ec\\\/sitio\\\/wp-content\\\/uploads\\\/2022\\\/07\\\/logo-ua-horizontal.png\",\"width\":800,\"height\":276,\"caption\":\"Universidad de las Artes\"},\"image\":{\"@id\":\"https:\\\/\\\/www.uartes.edu.ec\\\/sitio\\\/en\\\/#\\\/schema\\\/logo\\\/image\\\/\"},\"sameAs\":[\"https:\\\/\\\/www.facebook.com\\\/uartesec\",\"https:\\\/\\\/x.com\\\/uartesec\",\"https:\\\/\\\/www.tiktok.com\\\/@uartesec\"]},{\"@type\":\"Person\",\"@id\":\"https:\\\/\\\/www.uartes.edu.ec\\\/sitio\\\/en\\\/#\\\/schema\\\/person\\\/efa1b8275797664fd7f13a79ccc0b1f4\",\"name\":\"ccortez\",\"image\":{\"@type\":\"ImageObject\",\"inLanguage\":\"en-US\",\"@id\":\"https:\\\/\\\/secure.gravatar.com\\\/avatar\\\/b2a6f664a3ae8e074346ef91775736c5ec479e637ecced6842de9dc98b5da9cd?s=96&d=mm&r=g\",\"url\":\"https:\\\/\\\/secure.gravatar.com\\\/avatar\\\/b2a6f664a3ae8e074346ef91775736c5ec479e637ecced6842de9dc98b5da9cd?s=96&d=mm&r=g\",\"contentUrl\":\"https:\\\/\\\/secure.gravatar.com\\\/avatar\\\/b2a6f664a3ae8e074346ef91775736c5ec479e637ecced6842de9dc98b5da9cd?s=96&d=mm&r=g\",\"caption\":\"ccortez\"},\"url\":\"https:\\\/\\\/www.uartes.edu.ec\\\/sitio\\\/en\\\/blog\\\/author\\\/ccortez\\\/\"}]}<\/script>\n<!-- \/ Yoast SEO plugin. -->","yoast_head_json":{"title":"Universidad de las Artes - La UArtes y el Tecnol\u00f3gico de Artes D\u00e9bora Arango ganan fondos ICETEX","description":"Universidad de las Artes - La UArtes y el Tecnol\u00f3gico de Artes D\u00e9bora Arango ganan fondos ICETEX","robots":{"index":"index","follow":"follow","max-snippet":"max-snippet:-1","max-image-preview":"max-image-preview:large","max-video-preview":"max-video-preview:-1"},"canonical":"https:\/\/www.uartes.edu.ec\/sitio\/en\/blog\/2023\/08\/16\/proyecto-de-movilidad-academica-entre-uartes-y-tecnologico-de-artes-debora-arango-gana-fondos-del-icetex\/","og_locale":"en_US","og_type":"article","og_title":"Universidad de las Artes - La UArtes y el Tecnol\u00f3gico de Artes D\u00e9bora Arango ganan fondos ICETEX","og_description":"Universidad de las Artes - La UArtes y el Tecnol\u00f3gico de Artes D\u00e9bora Arango ganan fondos ICETEX","og_url":"https:\/\/www.uartes.edu.ec\/sitio\/en\/blog\/2023\/08\/16\/proyecto-de-movilidad-academica-entre-uartes-y-tecnologico-de-artes-debora-arango-gana-fondos-del-icetex\/","og_site_name":"Universidad de las Artes","article_publisher":"https:\/\/www.facebook.com\/uartesec","article_published_time":"2023-08-16T19:11:00+00:00","article_modified_time":"2024-07-04T16:20:49+00:00","og_image":[{"width":2000,"height":1333,"url":"https:\/\/www.uartes.edu.ec\/sitio\/wp-content\/uploads\/2023\/08\/ARANGO-UARTES.jpg","type":"image\/jpeg"}],"author":"ccortez","twitter_card":"summary_large_image","twitter_creator":"@uartesec","twitter_site":"@uartesec","twitter_misc":{"Written by":"ccortez","Est. reading time":"2 minutes"},"schema":{"@context":"https:\/\/schema.org","@graph":[{"@type":"Article","@id":"https:\/\/www.uartes.edu.ec\/sitio\/en\/blog\/2023\/08\/16\/proyecto-de-movilidad-academica-entre-uartes-y-tecnologico-de-artes-debora-arango-gana-fondos-del-icetex\/#article","isPartOf":{"@id":"https:\/\/www.uartes.edu.ec\/sitio\/en\/blog\/2023\/08\/16\/proyecto-de-movilidad-academica-entre-uartes-y-tecnologico-de-artes-debora-arango-gana-fondos-del-icetex\/"},"author":{"name":"ccortez","@id":"https:\/\/www.uartes.edu.ec\/sitio\/en\/#\/schema\/person\/efa1b8275797664fd7f13a79ccc0b1f4"},"headline":"La UArtes y el Tecnol\u00f3gico de Artes D\u00e9bora Arango ganan fondos ICETEX","datePublished":"2023-08-16T19:11:00+00:00","dateModified":"2024-07-04T16:20:49+00:00","mainEntityOfPage":{"@id":"https:\/\/www.uartes.edu.ec\/sitio\/en\/blog\/2023\/08\/16\/proyecto-de-movilidad-academica-entre-uartes-y-tecnologico-de-artes-debora-arango-gana-fondos-del-icetex\/"},"wordCount":482,"commentCount":0,"publisher":{"@id":"https:\/\/www.uartes.edu.ec\/sitio\/en\/#organization"},"image":{"@id":"https:\/\/www.uartes.edu.ec\/sitio\/en\/blog\/2023\/08\/16\/proyecto-de-movilidad-academica-entre-uartes-y-tecnologico-de-artes-debora-arango-gana-fondos-del-icetex\/#primaryimage"},"thumbnailUrl":"https:\/\/www.uartes.edu.ec\/sitio\/wp-content\/uploads\/2023\/08\/ARANGO-UARTES.jpg","keywords":["alianza estrat\u00e9gica","internacional","relaciones internacionales"],"articleSection":["Acad\u00e9mico","Artes","Gesti\u00f3n","Investigaci\u00f3n","V\u00ednculo"],"inLanguage":"en-US","potentialAction":[{"@type":"CommentAction","name":"Comment","target":["https:\/\/www.uartes.edu.ec\/sitio\/en\/blog\/2023\/08\/16\/proyecto-de-movilidad-academica-entre-uartes-y-tecnologico-de-artes-debora-arango-gana-fondos-del-icetex\/#respond"]}]},{"@type":["WebPage","ItemPage"],"@id":"https:\/\/www.uartes.edu.ec\/sitio\/en\/blog\/2023\/08\/16\/proyecto-de-movilidad-academica-entre-uartes-y-tecnologico-de-artes-debora-arango-gana-fondos-del-icetex\/","url":"https:\/\/www.uartes.edu.ec\/sitio\/en\/blog\/2023\/08\/16\/proyecto-de-movilidad-academica-entre-uartes-y-tecnologico-de-artes-debora-arango-gana-fondos-del-icetex\/","name":"Universidad de las Artes - La UArtes y el Tecnol\u00f3gico de Artes D\u00e9bora Arango ganan fondos ICETEX","isPartOf":{"@id":"https:\/\/www.uartes.edu.ec\/sitio\/en\/#website"},"primaryImageOfPage":{"@id":"https:\/\/www.uartes.edu.ec\/sitio\/en\/blog\/2023\/08\/16\/proyecto-de-movilidad-academica-entre-uartes-y-tecnologico-de-artes-debora-arango-gana-fondos-del-icetex\/#primaryimage"},"image":{"@id":"https:\/\/www.uartes.edu.ec\/sitio\/en\/blog\/2023\/08\/16\/proyecto-de-movilidad-academica-entre-uartes-y-tecnologico-de-artes-debora-arango-gana-fondos-del-icetex\/#primaryimage"},"thumbnailUrl":"https:\/\/www.uartes.edu.ec\/sitio\/wp-content\/uploads\/2023\/08\/ARANGO-UARTES.jpg","datePublished":"2023-08-16T19:11:00+00:00","dateModified":"2024-07-04T16:20:49+00:00","description":"Universidad de las Artes - La UArtes y el Tecnol\u00f3gico de Artes D\u00e9bora Arango ganan fondos ICETEX","breadcrumb":{"@id":"https:\/\/www.uartes.edu.ec\/sitio\/en\/blog\/2023\/08\/16\/proyecto-de-movilidad-academica-entre-uartes-y-tecnologico-de-artes-debora-arango-gana-fondos-del-icetex\/#breadcrumb"},"inLanguage":"en-US","potentialAction":[{"@type":"ReadAction","target":["https:\/\/www.uartes.edu.ec\/sitio\/en\/blog\/2023\/08\/16\/proyecto-de-movilidad-academica-entre-uartes-y-tecnologico-de-artes-debora-arango-gana-fondos-del-icetex\/"]}]},{"@type":"ImageObject","inLanguage":"en-US","@id":"https:\/\/www.uartes.edu.ec\/sitio\/en\/blog\/2023\/08\/16\/proyecto-de-movilidad-academica-entre-uartes-y-tecnologico-de-artes-debora-arango-gana-fondos-del-icetex\/#primaryimage","url":"https:\/\/www.uartes.edu.ec\/sitio\/wp-content\/uploads\/2023\/08\/ARANGO-UARTES.jpg","contentUrl":"https:\/\/www.uartes.edu.ec\/sitio\/wp-content\/uploads\/2023\/08\/ARANGO-UARTES.jpg","width":2000,"height":1333},{"@type":"BreadcrumbList","@id":"https:\/\/www.uartes.edu.ec\/sitio\/en\/blog\/2023\/08\/16\/proyecto-de-movilidad-academica-entre-uartes-y-tecnologico-de-artes-debora-arango-gana-fondos-del-icetex\/#breadcrumb","itemListElement":[{"@type":"ListItem","position":1,"name":"Inicio","item":"https:\/\/www.uartes.edu.ec\/sitio\/"},{"@type":"ListItem","position":2,"name":"La UArtes y el Tecnol\u00f3gico de Artes D\u00e9bora Arango ganan fondos ICETEX"}]},{"@type":"WebSite","@id":"https:\/\/www.uartes.edu.ec\/sitio\/en\/#website","url":"https:\/\/www.uartes.edu.ec\/sitio\/en\/","name":"Universidad de las Artes","description":"Sitio oficial de la Universidad Nacional de las Artes del Ecuador","publisher":{"@id":"https:\/\/www.uartes.edu.ec\/sitio\/en\/#organization"},"potentialAction":[{"@type":"SearchAction","target":{"@type":"EntryPoint","urlTemplate":"https:\/\/www.uartes.edu.ec\/sitio\/en\/?s={search_term_string}"},"query-input":{"@type":"PropertyValueSpecification","valueRequired":true,"valueName":"search_term_string"}}],"inLanguage":"en-US"},{"@type":"Organization","@id":"https:\/\/www.uartes.edu.ec\/sitio\/en\/#organization","name":"Universidad de las Artes","url":"https:\/\/www.uartes.edu.ec\/sitio\/en\/","logo":{"@type":"ImageObject","inLanguage":"en-US","@id":"https:\/\/www.uartes.edu.ec\/sitio\/en\/#\/schema\/logo\/image\/","url":"https:\/\/www.uartes.edu.ec\/sitio\/wp-content\/uploads\/2022\/07\/logo-ua-horizontal.png","contentUrl":"https:\/\/www.uartes.edu.ec\/sitio\/wp-content\/uploads\/2022\/07\/logo-ua-horizontal.png","width":800,"height":276,"caption":"Universidad de las Artes"},"image":{"@id":"https:\/\/www.uartes.edu.ec\/sitio\/en\/#\/schema\/logo\/image\/"},"sameAs":["https:\/\/www.facebook.com\/uartesec","https:\/\/x.com\/uartesec","https:\/\/www.tiktok.com\/@uartesec"]},{"@type":"Person","@id":"https:\/\/www.uartes.edu.ec\/sitio\/en\/#\/schema\/person\/efa1b8275797664fd7f13a79ccc0b1f4","name":"ccortez","image":{"@type":"ImageObject","inLanguage":"en-US","@id":"https:\/\/secure.gravatar.com\/avatar\/b2a6f664a3ae8e074346ef91775736c5ec479e637ecced6842de9dc98b5da9cd?s=96&d=mm&r=g","url":"https:\/\/secure.gravatar.com\/avatar\/b2a6f664a3ae8e074346ef91775736c5ec479e637ecced6842de9dc98b5da9cd?s=96&d=mm&r=g","contentUrl":"https:\/\/secure.gravatar.com\/avatar\/b2a6f664a3ae8e074346ef91775736c5ec479e637ecced6842de9dc98b5da9cd?s=96&d=mm&r=g","caption":"ccortez"},"url":"https:\/\/www.uartes.edu.ec\/sitio\/en\/blog\/author\/ccortez\/"}]}},"uagb_featured_image_src":{"full":["https:\/\/www.uartes.edu.ec\/sitio\/wp-content\/uploads\/2023\/08\/ARANGO-UARTES.jpg",2000,1333,false],"thumbnail":["https:\/\/www.uartes.edu.ec\/sitio\/wp-content\/uploads\/2023\/08\/ARANGO-UARTES-150x150.jpg",150,150,true],"medium":["https:\/\/www.uartes.edu.ec\/sitio\/wp-content\/uploads\/2023\/08\/ARANGO-UARTES-300x200.jpg",300,200,true],"medium_large":["https:\/\/www.uartes.edu.ec\/sitio\/wp-content\/uploads\/2023\/08\/ARANGO-UARTES-768x512.jpg",768,512,true],"large":["https:\/\/www.uartes.edu.ec\/sitio\/wp-content\/uploads\/2023\/08\/ARANGO-UARTES-644x429.jpg",644,429,true],"1536x1536":["https:\/\/www.uartes.edu.ec\/sitio\/wp-content\/uploads\/2023\/08\/ARANGO-UARTES-1536x1024.jpg",1536,1024,true],"2048x2048":["https:\/\/www.uartes.edu.ec\/sitio\/wp-content\/uploads\/2023\/08\/ARANGO-UARTES.jpg",2000,1333,false],"trp-custom-language-flag":["https:\/\/www.uartes.edu.ec\/sitio\/wp-content\/uploads\/2023\/08\/ARANGO-UARTES.jpg",18,12,false],"htmega_size_585x295":["https:\/\/www.uartes.edu.ec\/sitio\/wp-content\/uploads\/2023\/08\/ARANGO-UARTES-585x295.jpg",585,295,true],"htmega_size_1170x536":["https:\/\/www.uartes.edu.ec\/sitio\/wp-content\/uploads\/2023\/08\/ARANGO-UARTES-1170x536.jpg",1170,536,true],"htmega_size_396x360":["https:\/\/www.uartes.edu.ec\/sitio\/wp-content\/uploads\/2023\/08\/ARANGO-UARTES-396x360.jpg",396,360,true],"gb-block-post-grid-landscape":["https:\/\/www.uartes.edu.ec\/sitio\/wp-content\/uploads\/2023\/08\/ARANGO-UARTES-600x400.jpg",600,400,true],"gb-block-post-grid-square":["https:\/\/www.uartes.edu.ec\/sitio\/wp-content\/uploads\/2023\/08\/ARANGO-UARTES-600x600.jpg",600,600,true],"university-hub-thumb":["https:\/\/www.uartes.edu.ec\/sitio\/wp-content\/uploads\/2023\/08\/ARANGO-UARTES-400x267.jpg",400,267,true]},"uagb_author_info":{"display_name":"ccortez","author_link":"https:\/\/www.uartes.edu.ec\/sitio\/en\/blog\/author\/ccortez\/"},"uagb_comment_info":0,"uagb_excerpt":"Participaron de manera conjunta en un proyecto de movilidad acad\u00e9mica internacional con el cual respondieron a la convocatoria de subvenciones impulsada desde el ICETEX. La propuesta result\u00f3 ganadora y como tal se hizo acreedora a los fondos para su ejecuci\u00f3n. La Universidad de las Artes y el Tecnol\u00f3gico de Artes D\u00e9bora Arango de Colombia mantienen&hellip;","featured_image_src":"https:\/\/www.uartes.edu.ec\/sitio\/wp-content\/uploads\/2023\/08\/ARANGO-UARTES-600x400.jpg","featured_image_src_square":"https:\/\/www.uartes.edu.ec\/sitio\/wp-content\/uploads\/2023\/08\/ARANGO-UARTES-600x600.jpg","author_info":{"display_name":"ccortez","author_link":"https:\/\/www.uartes.edu.ec\/sitio\/en\/blog\/author\/ccortez\/"},"publishpress_future_workflow_manual_trigger":{"enabledWorkflows":[]},"distributor_meta":false,"distributor_terms":false,"distributor_media":false,"distributor_original_site_name":"Universidad de las Artes","distributor_original_site_url":"https:\/\/www.uartes.edu.ec\/sitio\/en","push-errors":false,"_links":{"self":[{"href":"https:\/\/www.uartes.edu.ec\/sitio\/en\/wp-json\/wp\/v2\/posts\/46065","targetHints":{"allow":["GET"]}}],"collection":[{"href":"https:\/\/www.uartes.edu.ec\/sitio\/en\/wp-json\/wp\/v2\/posts"}],"about":[{"href":"https:\/\/www.uartes.edu.ec\/sitio\/en\/wp-json\/wp\/v2\/types\/post"}],"author":[{"embeddable":true,"href":"https:\/\/www.uartes.edu.ec\/sitio\/en\/wp-json\/wp\/v2\/users\/10"}],"replies":[{"embeddable":true,"href":"https:\/\/www.uartes.edu.ec\/sitio\/en\/wp-json\/wp\/v2\/comments?post=46065"}],"version-history":[{"count":6,"href":"https:\/\/www.uartes.edu.ec\/sitio\/en\/wp-json\/wp\/v2\/posts\/46065\/revisions"}],"predecessor-version":[{"id":56988,"href":"https:\/\/www.uartes.edu.ec\/sitio\/en\/wp-json\/wp\/v2\/posts\/46065\/revisions\/56988"}],"wp:featuredmedia":[{"embeddable":true,"href":"https:\/\/www.uartes.edu.ec\/sitio\/en\/wp-json\/wp\/v2\/media\/46066"}],"wp:attachment":[{"href":"https:\/\/www.uartes.edu.ec\/sitio\/en\/wp-json\/wp\/v2\/media?parent=46065"}],"wp:term":[{"taxonomy":"category","embeddable":true,"href":"https:\/\/www.uartes.edu.ec\/sitio\/en\/wp-json\/wp\/v2\/categories?post=46065"},{"taxonomy":"post_tag","embeddable":true,"href":"https:\/\/www.uartes.edu.ec\/sitio\/en\/wp-json\/wp\/v2\/tags?post=46065"},{"taxonomy":"infouartes","embeddable":true,"href":"https:\/\/www.uartes.edu.ec\/sitio\/en\/wp-json\/wp\/v2\/infouartes?post=46065"}],"curies":[{"name":"wp","href":"https:\/\/api.w.org\/{rel}","templated":true}]}}