{"id":46240,"date":"2023-08-24T18:51:22","date_gmt":"2023-08-24T23:51:22","guid":{"rendered":"https:\/\/www.uartes.edu.ec\/sitio\/?p=46240"},"modified":"2024-07-04T11:20:48","modified_gmt":"2024-07-04T16:20:48","slug":"dos-propuestas-que-en-la-mmat-hizo-al-publico-escuchar-el-tiempo","status":"publish","type":"post","link":"https:\/\/www.uartes.edu.ec\/sitio\/en\/blog\/2023\/08\/24\/dos-propuestas-que-en-la-mmat-hizo-al-publico-escuchar-el-tiempo\/","title":{"rendered":"Dos propuestas que en la MMAT hizo al p\u00fablico \u201cescuchar el tiempo\u201d"},"content":{"rendered":"<p>La d\u00e9cima edici\u00f3n de la Minga Multimedia de Arte y Tecnolog\u00eda (MMAT) tuvo su inicio este 23 de agosto y se mantendr\u00e1 hasta el 8 de septiembre pr\u00f3ximo. Organizada por la Universidad de las Artes y su Escuela de Artes Sonoras, en este a\u00f1o su concepci\u00f3n conllev\u00f3 a la realizaci\u00f3n de la primera edici\u00f3n Minga Latinoamericana de Arte y Tecnolog\u00eda (MLAT). El cronograma de actividades de ambas citas es amplio y diverso. Abarca conferencias, talleres, muestras y conciertos.<\/p>\n\n\n\n<p>En la tarde de la jornada inicial, la intervenci\u00f3n de las campanas del patrimonial edificio El Tel\u00e9grafo atrajo la atenci\u00f3n de muchos. Se fij\u00f3 a las 15:00, con la participaci\u00f3n de Andrey Astaiza, director de la Escuela de Artes Sonoras; Gianni Candel, Juan Mart\u00edn Sol\u00f3rzano y David Barber\u00e1n. All\u00ed, la comunidad universitaria escuch\u00f3 atenta el sonar del antiguo campanario de la torre que sobresale en toda la esquina de Boyac\u00e1 y 10 de Agosto.<\/p>\n\n\n<div class=\"wp-block-image\">\n<figure class=\"aligncenter size-large\"><img fetchpriority=\"high\" decoding=\"async\" width=\"644\" height=\"429\" src=\"https:\/\/www.uartes.edu.ec\/sitio\/wp-content\/uploads\/2023\/08\/06-minga-multimedia-inauguracion-644x429.jpg\" alt=\"\" class=\"wp-image-46242\" srcset=\"https:\/\/www.uartes.edu.ec\/sitio\/wp-content\/uploads\/2023\/08\/06-minga-multimedia-inauguracion-644x429.jpg 644w, https:\/\/www.uartes.edu.ec\/sitio\/wp-content\/uploads\/2023\/08\/06-minga-multimedia-inauguracion-768x511.jpg 768w, https:\/\/www.uartes.edu.ec\/sitio\/wp-content\/uploads\/2023\/08\/06-minga-multimedia-inauguracion.jpg 2000w, https:\/\/www.uartes.edu.ec\/sitio\/wp-content\/uploads\/2023\/08\/06-minga-multimedia-inauguracion-600x399.jpg 600w, https:\/\/www.uartes.edu.ec\/sitio\/wp-content\/uploads\/2023\/08\/06-minga-multimedia-inauguracion-272x182.jpg 272w\" sizes=\"(max-width: 644px) 100vw, 644px\" \/><\/figure>\n<\/div>\n\n\n<p>Y es que mirar el tiempo de frente nos insta a adoptar una perspectiva tecnol\u00f3gica, a abrazar la techno-log\u00eda del sonido. Esto significa sumergirse en la l\u00f3gica t\u00e9cnica de las sensaciones sonoras, descubrir c\u00f3mo la tecnolog\u00eda no solo altera la forma en que escuchamos, sino tambi\u00e9n c\u00f3mo interpretamos el tiempo. Nuestra relaci\u00f3n con el tiempo, por lo tanto, se convierte en una danza entre lo ancestral y lo moderno, lo org\u00e1nico y lo artificial.<\/p>\n\n\n\n<p>En los pliegues del universo yace una entidad omnipresente y constante: el tiempo, esa dimensi\u00f3n inmutable que deja su huella en el flujo de la materia y en la danza de la vida que da forma a nuestros mundos. Sin embargo, la tradici\u00f3n, esa cadena de conexiones con el pasado, se entrelaza de manera inextricable con el tiempo. Se pliega y se retuerce, como una hoja atrapada en la corriente de la transmisi\u00f3n t\u00e9cnica, formando una memoria colectiva que es vigilada de cerca por la sincron\u00eda universal.<\/p>\n\n\n\t\t\t\t\t<div\n\t\t\t\t\t\tclass=\"wp-block-uagb-image-gallery uagb-block-5cdc76f8\"\n\t\t\t\t\t\tstyle=\"\"\n\t\t\t\t\t>\n\t\t\t\t\t\t\t\t\t\t\t<div class=\"spectra-image-gallery spectra-image-gallery__layout--grid spectra-image-gallery__layout--grid-col-2 spectra-image-gallery__layout--grid-col-tab-2 spectra-image-gallery__layout--grid-col-mob-2\">\n\t\t\t\t\t\t\t\t\t\t\t<div class='spectra-image-gallery__media-wrapper' data-spectra-gallery-image-id='46244' tabindex=\"0\">\n\t\t\t\t\t\t\t<div class=\"spectra-image-gallery__media spectra-image-gallery__media--grid\">\n\t\t\t\t<picture>\n\t\t\t\t\t<source media=\"(min-width: 1024px)\" srcset=\"https:\/\/www.uartes.edu.ec\/sitio\/wp-content\/uploads\/2023\/08\/07-minga-multimedia-inauguracion-644x429.jpg\">\n\t\t\t\t\t<source media=\"(min-width: 768px)\" srcset=\"https:\/\/www.uartes.edu.ec\/sitio\/wp-content\/uploads\/2023\/08\/07-minga-multimedia-inauguracion-644x429.jpg\">\n\t\t\t\t\t<img decoding=\"async\" class=\"spectra-image-gallery__media-thumbnail spectra-image-gallery__media-thumbnail--grid\" src=\"https:\/\/www.uartes.edu.ec\/sitio\/wp-content\/uploads\/2023\/08\/07-minga-multimedia-inauguracion-300x200.jpg\" alt=\"\" loading=\"lazy\" \/>\n\t\t\t\t<\/picture>\n\t\t\t\t<div class=\"spectra-image-gallery__media-thumbnail-blurrer\"><\/div>\n\t\t\t\t\t\t\t\t\t\t\t<div class=\"spectra-image-gallery__media-thumbnail-caption-wrapper spectra-image-gallery__media-thumbnail-caption-wrapper--overlay\">\n\t\t\t\t\t\t\t\t\t\t\t<div class=\"spectra-image-gallery__media-thumbnail-caption spectra-image-gallery__media-thumbnail-caption--overlay\">\n\t\t\t\t\tNo Caption\t\t\t\t<\/div>\n\t\t\t\t\t\t\t\t\t\t<\/div>\n\t\t\t\t\t\t\t\t\t<\/div>\n\t\t\t\t\t\t<\/div>\n\t\t\t\t\t\t<div class='spectra-image-gallery__media-wrapper' data-spectra-gallery-image-id='46243' tabindex=\"0\">\n\t\t\t\t\t\t\t<div class=\"spectra-image-gallery__media spectra-image-gallery__media--grid\">\n\t\t\t\t<picture>\n\t\t\t\t\t<source media=\"(min-width: 1024px)\" srcset=\"https:\/\/www.uartes.edu.ec\/sitio\/wp-content\/uploads\/2023\/08\/10-minga-multimedia-inauguracion-644x429.jpg\">\n\t\t\t\t\t<source media=\"(min-width: 768px)\" srcset=\"https:\/\/www.uartes.edu.ec\/sitio\/wp-content\/uploads\/2023\/08\/10-minga-multimedia-inauguracion-644x429.jpg\">\n\t\t\t\t\t<img decoding=\"async\" class=\"spectra-image-gallery__media-thumbnail spectra-image-gallery__media-thumbnail--grid\" src=\"https:\/\/www.uartes.edu.ec\/sitio\/wp-content\/uploads\/2023\/08\/10-minga-multimedia-inauguracion-300x200.jpg\" alt=\"\" loading=\"lazy\" \/>\n\t\t\t\t<\/picture>\n\t\t\t\t<div class=\"spectra-image-gallery__media-thumbnail-blurrer\"><\/div>\n\t\t\t\t\t\t\t\t\t\t\t<div class=\"spectra-image-gallery__media-thumbnail-caption-wrapper spectra-image-gallery__media-thumbnail-caption-wrapper--overlay\">\n\t\t\t\t\t\t\t\t\t\t\t<div class=\"spectra-image-gallery__media-thumbnail-caption spectra-image-gallery__media-thumbnail-caption--overlay\">\n\t\t\t\t\tNo Caption\t\t\t\t<\/div>\n\t\t\t\t\t\t\t\t\t\t<\/div>\n\t\t\t\t\t\t\t\t\t<\/div>\n\t\t\t\t\t\t<\/div>\n\t\t\t\t\t\t\t\t\t\t<\/div>\n\t\t\t\t\t\t\t\t\t\t\t\t\t\t\t\t\t\t<\/div>\n\t\t\t\t\t\t\t\t\t\n\n\n<p>Luego de tan interesante propuesta de sensaciones sonoras hab\u00eda que encaminarse para otra de las presentaciones programadas en la tarde del 23. El punto de encuentro esta vez era el MZ14 Centro de Producci\u00f3n e Innovaci\u00f3n de la UArtes. Se trat\u00f3 del homenaje al compositor y catedr\u00e1tico colombiano Javier \u00c1lvarez, con la espacializaci\u00f3n del docente Fredy Vallejos (foto abajo).<\/p>\n\n\n\n<p>Por audios provisionados por su hijo se consigui\u00f3 o\u00edr nuevamente a \u00c1lvarez, cuyo tejido de pasado y presente propiciaron inquietudes como \u00bfqu\u00e9 tradiciones elegimos retener en nuestras mentes y cu\u00e1les se desvanecen en el olvido?, \u00bfqu\u00e9 t\u00e9cnicas abrazamos con voluntad y cu\u00e1les nos son impuestas por la marea del tiempo? En medio de esta reflexi\u00f3n, surge la importancia de sintonizar con el tiempo, de captar c\u00f3mo se moldea nuestra memoria musical y c\u00f3mo se esculpe nuestra subjetividad sonora en la fragua del tiempo.<\/p>\n\n\n<div class=\"wp-block-image\">\n<figure class=\"aligncenter size-large\"><img decoding=\"async\" width=\"644\" height=\"429\" src=\"https:\/\/www.uartes.edu.ec\/sitio\/wp-content\/uploads\/2023\/08\/10-minga-multimedia-HOMENAJE-ALVAREZ-644x429.jpg\" alt=\"\" class=\"wp-image-46319\" srcset=\"https:\/\/www.uartes.edu.ec\/sitio\/wp-content\/uploads\/2023\/08\/10-minga-multimedia-HOMENAJE-ALVAREZ-644x429.jpg 644w, https:\/\/www.uartes.edu.ec\/sitio\/wp-content\/uploads\/2023\/08\/10-minga-multimedia-HOMENAJE-ALVAREZ-768x511.jpg 768w, https:\/\/www.uartes.edu.ec\/sitio\/wp-content\/uploads\/2023\/08\/10-minga-multimedia-HOMENAJE-ALVAREZ.jpg 2000w, https:\/\/www.uartes.edu.ec\/sitio\/wp-content\/uploads\/2023\/08\/10-minga-multimedia-HOMENAJE-ALVAREZ-600x399.jpg 600w, https:\/\/www.uartes.edu.ec\/sitio\/wp-content\/uploads\/2023\/08\/10-minga-multimedia-HOMENAJE-ALVAREZ-272x182.jpg 272w\" sizes=\"(max-width: 644px) 100vw, 644px\" \/><\/figure>\n<\/div>\n\n\n<p>Sin embargo, esta danza temporal no es una sinfon\u00eda solitaria. En el escenario de nuestra existencia, tambi\u00e9n danzan resonancias, ruidos y ritmos, cada uno contribuyendo a la vibraci\u00f3n \u00fanica de nuestros mundos. Algunos ritmos encajan perfectamente en la cadencia del tiempo, mientras que otros resuenan a destiempo, creando una polifon\u00eda de experiencias y emociones. Explorar las modalidades sincopadas de nuestros recuerdos es como desentra\u00f1ar un enigma, descubriendo c\u00f3mo los tiempos entrelazados se entretejen en nuestra percepci\u00f3n.<\/p>\n\n\n\n<p>En \u00faltima instancia, sumergirse en la escucha del tiempo no es solo adentrarse en el flujo temporal, sino tambi\u00e9n en la materia misma que lo abraza. Es sumergirse en las ondas, en las vibraciones que viajan a trav\u00e9s del \u00e9ter, llevando consigo significados y emociones que se despliegan en cada rinc\u00f3n de nuestro ser. Un zumbido de una mosca que culmine con el callar de una balacera, es un acto de apropiaci\u00f3n del tiempo y del sonido, una oportunidad de introducir nuevas capas de significado en nuestra comprensi\u00f3n de la existencia.<\/p>\n\n\n<div class=\"wp-block-image\">\n<figure class=\"aligncenter size-large\"><img decoding=\"async\" width=\"644\" height=\"429\" src=\"https:\/\/www.uartes.edu.ec\/sitio\/wp-content\/uploads\/2023\/08\/11-minga-multimedia-HOMENAJE-ALVAREZ-644x429.jpg\" alt=\"\" class=\"wp-image-46320\" srcset=\"https:\/\/www.uartes.edu.ec\/sitio\/wp-content\/uploads\/2023\/08\/11-minga-multimedia-HOMENAJE-ALVAREZ-644x429.jpg 644w, https:\/\/www.uartes.edu.ec\/sitio\/wp-content\/uploads\/2023\/08\/11-minga-multimedia-HOMENAJE-ALVAREZ-768x511.jpg 768w, https:\/\/www.uartes.edu.ec\/sitio\/wp-content\/uploads\/2023\/08\/11-minga-multimedia-HOMENAJE-ALVAREZ.jpg 2000w, https:\/\/www.uartes.edu.ec\/sitio\/wp-content\/uploads\/2023\/08\/11-minga-multimedia-HOMENAJE-ALVAREZ-600x399.jpg 600w, https:\/\/www.uartes.edu.ec\/sitio\/wp-content\/uploads\/2023\/08\/11-minga-multimedia-HOMENAJE-ALVAREZ-272x182.jpg 272w\" sizes=\"(max-width: 644px) 100vw, 644px\" \/><\/figure>\n<\/div>\n\n\n<p>As\u00ed que, mientras el tiempo sigue su marcha implacable, recordemos que nuestras tradiciones y t\u00e9cnicas son parte del tapiz que tejemos a lo largo de nuestras vidas. Escuchar el tiempo es navegar en las corrientes de la memoria y la innovaci\u00f3n, en busca de las melod\u00edas que resuenan con la esencia misma de lo que somos.<\/p>\n\n\n\n<p>Texto: Eleinn Ewmanothva Rivera Sol\u00eds, estudiante de la carrera de Literatura.<br>Fotos: Tyrone Maridue\u00f1a\/Camila Guerrero<\/p>","protected":false},"excerpt":{"rendered":"<p>En la tarde de la jornada inicial de la d\u00e9cima edici\u00f3n de la MMAT, la intervenci\u00f3n de las campanas del edificio El Tel\u00e9grafo atrajo la atenci\u00f3n de muchos. Se fij\u00f3 a las 15:00, con la participaci\u00f3n de Andrey Astaiza, director de la Escuela de Artes Sonoras; Gianni Candel, Juan Mart\u00edn Sol\u00f3rzano y David Barber\u00e1n. All\u00ed, la comunidad universitaria escuch\u00f3 el sonar del antiguo campanario de la torre que sobresale en toda la esquina de Boyac\u00e1 y 10 de Agosto. La propuesta fue \u201cescuchar el tiempo\u201d.<\/p>","protected":false},"author":10,"featured_media":46241,"comment_status":"open","ping_status":"open","sticky":false,"template":"","format":"standard","meta":{"_acf_changed":false,"_uag_custom_page_level_css":"","_monsterinsights_skip_tracking":false,"_monsterinsights_sitenote_active":false,"_monsterinsights_sitenote_note":"","_monsterinsights_sitenote_category":0,"cybocfi_hide_featured_image":"","footnotes":""},"categories":[80,490,150,75,76,284],"tags":[753],"infouartes":[],"class_list":["post-46240","post","type-post","status-publish","format-standard","has-post-thumbnail","hentry","category-academico","category-alumni","category-artes-sonoras","category-docentes","category-estudiantes","category-investigacion","tag-minga-multimedia"],"acf":[],"yoast_head":"<!-- This site is optimized with the Yoast SEO plugin v27.4 - https:\/\/yoast.com\/product\/yoast-seo-wordpress\/ -->\n<title>Universidad de las Artes - Dos propuestas que en la MMAT hizo al p\u00fablico \u201cescuchar el tiempo\u201d<\/title>\n<meta name=\"description\" content=\"Universidad de las Artes - Dos propuestas que en la MMAT hizo al p\u00fablico \u201cescuchar el tiempo\u201d\" \/>\n<meta name=\"robots\" content=\"index, follow, max-snippet:-1, max-image-preview:large, max-video-preview:-1\" \/>\n<link rel=\"canonical\" href=\"https:\/\/www.uartes.edu.ec\/sitio\/en\/blog\/2023\/08\/24\/dos-propuestas-que-en-la-mmat-hizo-al-publico-escuchar-el-tiempo\/\" \/>\n<meta property=\"og:locale\" content=\"en_US\" \/>\n<meta property=\"og:type\" content=\"article\" \/>\n<meta property=\"og:title\" content=\"Universidad de las Artes - Dos propuestas que en la MMAT hizo al p\u00fablico \u201cescuchar el tiempo\u201d\" \/>\n<meta property=\"og:description\" content=\"Universidad de las Artes - Dos propuestas que en la MMAT hizo al p\u00fablico \u201cescuchar el tiempo\u201d\" \/>\n<meta property=\"og:url\" content=\"https:\/\/www.uartes.edu.ec\/sitio\/en\/blog\/2023\/08\/24\/dos-propuestas-que-en-la-mmat-hizo-al-publico-escuchar-el-tiempo\/\" \/>\n<meta property=\"og:site_name\" content=\"Universidad de las Artes\" \/>\n<meta property=\"article:publisher\" content=\"https:\/\/www.facebook.com\/uartesec\" \/>\n<meta property=\"article:published_time\" content=\"2023-08-24T23:51:22+00:00\" \/>\n<meta property=\"article:modified_time\" content=\"2024-07-04T16:20:48+00:00\" \/>\n<meta property=\"og:image\" content=\"https:\/\/www.uartes.edu.ec\/sitio\/wp-content\/uploads\/2023\/08\/09-minga-multimedia-inauguracion.jpg\" \/>\n\t<meta property=\"og:image:width\" content=\"2000\" \/>\n\t<meta property=\"og:image:height\" content=\"1333\" \/>\n\t<meta property=\"og:image:type\" content=\"image\/jpeg\" \/>\n<meta name=\"author\" content=\"ccortez\" \/>\n<meta name=\"twitter:card\" content=\"summary_large_image\" \/>\n<meta name=\"twitter:creator\" content=\"@uartesec\" \/>\n<meta name=\"twitter:site\" content=\"@uartesec\" \/>\n<meta name=\"twitter:label1\" content=\"Written by\" \/>\n\t<meta name=\"twitter:data1\" content=\"ccortez\" \/>\n\t<meta name=\"twitter:label2\" content=\"Est. reading time\" \/>\n\t<meta name=\"twitter:data2\" content=\"4 minutes\" \/>\n<script type=\"application\/ld+json\" class=\"yoast-schema-graph\">{\"@context\":\"https:\\\/\\\/schema.org\",\"@graph\":[{\"@type\":\"Article\",\"@id\":\"https:\\\/\\\/www.uartes.edu.ec\\\/sitio\\\/en\\\/blog\\\/2023\\\/08\\\/24\\\/dos-propuestas-que-en-la-mmat-hizo-al-publico-escuchar-el-tiempo\\\/#article\",\"isPartOf\":{\"@id\":\"https:\\\/\\\/www.uartes.edu.ec\\\/sitio\\\/en\\\/blog\\\/2023\\\/08\\\/24\\\/dos-propuestas-que-en-la-mmat-hizo-al-publico-escuchar-el-tiempo\\\/\"},\"author\":{\"name\":\"ccortez\",\"@id\":\"https:\\\/\\\/www.uartes.edu.ec\\\/sitio\\\/en\\\/#\\\/schema\\\/person\\\/efa1b8275797664fd7f13a79ccc0b1f4\"},\"headline\":\"Dos propuestas que en la MMAT hizo al p\u00fablico \u201cescuchar el tiempo\u201d\",\"datePublished\":\"2023-08-24T23:51:22+00:00\",\"dateModified\":\"2024-07-04T16:20:48+00:00\",\"mainEntityOfPage\":{\"@id\":\"https:\\\/\\\/www.uartes.edu.ec\\\/sitio\\\/en\\\/blog\\\/2023\\\/08\\\/24\\\/dos-propuestas-que-en-la-mmat-hizo-al-publico-escuchar-el-tiempo\\\/\"},\"wordCount\":762,\"commentCount\":0,\"publisher\":{\"@id\":\"https:\\\/\\\/www.uartes.edu.ec\\\/sitio\\\/en\\\/#organization\"},\"image\":{\"@id\":\"https:\\\/\\\/www.uartes.edu.ec\\\/sitio\\\/en\\\/blog\\\/2023\\\/08\\\/24\\\/dos-propuestas-que-en-la-mmat-hizo-al-publico-escuchar-el-tiempo\\\/#primaryimage\"},\"thumbnailUrl\":\"https:\\\/\\\/www.uartes.edu.ec\\\/sitio\\\/wp-content\\\/uploads\\\/2023\\\/08\\\/09-minga-multimedia-inauguracion.jpg\",\"keywords\":[\"minga multimedia\"],\"articleSection\":[\"Acad\u00e9mico\",\"Alumni\",\"Artes Sonoras\",\"Docentes\",\"Estudiantes\",\"Investigaci\u00f3n\"],\"inLanguage\":\"en-US\",\"potentialAction\":[{\"@type\":\"CommentAction\",\"name\":\"Comment\",\"target\":[\"https:\\\/\\\/www.uartes.edu.ec\\\/sitio\\\/en\\\/blog\\\/2023\\\/08\\\/24\\\/dos-propuestas-que-en-la-mmat-hizo-al-publico-escuchar-el-tiempo\\\/#respond\"]}]},{\"@type\":[\"WebPage\",\"ItemPage\"],\"@id\":\"https:\\\/\\\/www.uartes.edu.ec\\\/sitio\\\/en\\\/blog\\\/2023\\\/08\\\/24\\\/dos-propuestas-que-en-la-mmat-hizo-al-publico-escuchar-el-tiempo\\\/\",\"url\":\"https:\\\/\\\/www.uartes.edu.ec\\\/sitio\\\/en\\\/blog\\\/2023\\\/08\\\/24\\\/dos-propuestas-que-en-la-mmat-hizo-al-publico-escuchar-el-tiempo\\\/\",\"name\":\"Universidad de las Artes - Dos propuestas que en la MMAT hizo al p\u00fablico \u201cescuchar el tiempo\u201d\",\"isPartOf\":{\"@id\":\"https:\\\/\\\/www.uartes.edu.ec\\\/sitio\\\/en\\\/#website\"},\"primaryImageOfPage\":{\"@id\":\"https:\\\/\\\/www.uartes.edu.ec\\\/sitio\\\/en\\\/blog\\\/2023\\\/08\\\/24\\\/dos-propuestas-que-en-la-mmat-hizo-al-publico-escuchar-el-tiempo\\\/#primaryimage\"},\"image\":{\"@id\":\"https:\\\/\\\/www.uartes.edu.ec\\\/sitio\\\/en\\\/blog\\\/2023\\\/08\\\/24\\\/dos-propuestas-que-en-la-mmat-hizo-al-publico-escuchar-el-tiempo\\\/#primaryimage\"},\"thumbnailUrl\":\"https:\\\/\\\/www.uartes.edu.ec\\\/sitio\\\/wp-content\\\/uploads\\\/2023\\\/08\\\/09-minga-multimedia-inauguracion.jpg\",\"datePublished\":\"2023-08-24T23:51:22+00:00\",\"dateModified\":\"2024-07-04T16:20:48+00:00\",\"description\":\"Universidad de las Artes - Dos propuestas que en la MMAT hizo al p\u00fablico \u201cescuchar el tiempo\u201d\",\"breadcrumb\":{\"@id\":\"https:\\\/\\\/www.uartes.edu.ec\\\/sitio\\\/en\\\/blog\\\/2023\\\/08\\\/24\\\/dos-propuestas-que-en-la-mmat-hizo-al-publico-escuchar-el-tiempo\\\/#breadcrumb\"},\"inLanguage\":\"en-US\",\"potentialAction\":[{\"@type\":\"ReadAction\",\"target\":[\"https:\\\/\\\/www.uartes.edu.ec\\\/sitio\\\/en\\\/blog\\\/2023\\\/08\\\/24\\\/dos-propuestas-que-en-la-mmat-hizo-al-publico-escuchar-el-tiempo\\\/\"]}]},{\"@type\":\"ImageObject\",\"inLanguage\":\"en-US\",\"@id\":\"https:\\\/\\\/www.uartes.edu.ec\\\/sitio\\\/en\\\/blog\\\/2023\\\/08\\\/24\\\/dos-propuestas-que-en-la-mmat-hizo-al-publico-escuchar-el-tiempo\\\/#primaryimage\",\"url\":\"https:\\\/\\\/www.uartes.edu.ec\\\/sitio\\\/wp-content\\\/uploads\\\/2023\\\/08\\\/09-minga-multimedia-inauguracion.jpg\",\"contentUrl\":\"https:\\\/\\\/www.uartes.edu.ec\\\/sitio\\\/wp-content\\\/uploads\\\/2023\\\/08\\\/09-minga-multimedia-inauguracion.jpg\",\"width\":2000,\"height\":1333},{\"@type\":\"BreadcrumbList\",\"@id\":\"https:\\\/\\\/www.uartes.edu.ec\\\/sitio\\\/en\\\/blog\\\/2023\\\/08\\\/24\\\/dos-propuestas-que-en-la-mmat-hizo-al-publico-escuchar-el-tiempo\\\/#breadcrumb\",\"itemListElement\":[{\"@type\":\"ListItem\",\"position\":1,\"name\":\"Inicio\",\"item\":\"https:\\\/\\\/www.uartes.edu.ec\\\/sitio\\\/\"},{\"@type\":\"ListItem\",\"position\":2,\"name\":\"Dos propuestas que en la MMAT hizo al p\u00fablico \u201cescuchar el tiempo\u201d\"}]},{\"@type\":\"WebSite\",\"@id\":\"https:\\\/\\\/www.uartes.edu.ec\\\/sitio\\\/en\\\/#website\",\"url\":\"https:\\\/\\\/www.uartes.edu.ec\\\/sitio\\\/en\\\/\",\"name\":\"Universidad de las Artes\",\"description\":\"Sitio oficial de la Universidad Nacional de las Artes del Ecuador\",\"publisher\":{\"@id\":\"https:\\\/\\\/www.uartes.edu.ec\\\/sitio\\\/en\\\/#organization\"},\"potentialAction\":[{\"@type\":\"SearchAction\",\"target\":{\"@type\":\"EntryPoint\",\"urlTemplate\":\"https:\\\/\\\/www.uartes.edu.ec\\\/sitio\\\/en\\\/?s={search_term_string}\"},\"query-input\":{\"@type\":\"PropertyValueSpecification\",\"valueRequired\":true,\"valueName\":\"search_term_string\"}}],\"inLanguage\":\"en-US\"},{\"@type\":\"Organization\",\"@id\":\"https:\\\/\\\/www.uartes.edu.ec\\\/sitio\\\/en\\\/#organization\",\"name\":\"Universidad de las Artes\",\"url\":\"https:\\\/\\\/www.uartes.edu.ec\\\/sitio\\\/en\\\/\",\"logo\":{\"@type\":\"ImageObject\",\"inLanguage\":\"en-US\",\"@id\":\"https:\\\/\\\/www.uartes.edu.ec\\\/sitio\\\/en\\\/#\\\/schema\\\/logo\\\/image\\\/\",\"url\":\"https:\\\/\\\/www.uartes.edu.ec\\\/sitio\\\/wp-content\\\/uploads\\\/2022\\\/07\\\/logo-ua-horizontal.png\",\"contentUrl\":\"https:\\\/\\\/www.uartes.edu.ec\\\/sitio\\\/wp-content\\\/uploads\\\/2022\\\/07\\\/logo-ua-horizontal.png\",\"width\":800,\"height\":276,\"caption\":\"Universidad de las Artes\"},\"image\":{\"@id\":\"https:\\\/\\\/www.uartes.edu.ec\\\/sitio\\\/en\\\/#\\\/schema\\\/logo\\\/image\\\/\"},\"sameAs\":[\"https:\\\/\\\/www.facebook.com\\\/uartesec\",\"https:\\\/\\\/x.com\\\/uartesec\",\"https:\\\/\\\/www.tiktok.com\\\/@uartesec\"]},{\"@type\":\"Person\",\"@id\":\"https:\\\/\\\/www.uartes.edu.ec\\\/sitio\\\/en\\\/#\\\/schema\\\/person\\\/efa1b8275797664fd7f13a79ccc0b1f4\",\"name\":\"ccortez\",\"image\":{\"@type\":\"ImageObject\",\"inLanguage\":\"en-US\",\"@id\":\"https:\\\/\\\/secure.gravatar.com\\\/avatar\\\/b2a6f664a3ae8e074346ef91775736c5ec479e637ecced6842de9dc98b5da9cd?s=96&d=mm&r=g\",\"url\":\"https:\\\/\\\/secure.gravatar.com\\\/avatar\\\/b2a6f664a3ae8e074346ef91775736c5ec479e637ecced6842de9dc98b5da9cd?s=96&d=mm&r=g\",\"contentUrl\":\"https:\\\/\\\/secure.gravatar.com\\\/avatar\\\/b2a6f664a3ae8e074346ef91775736c5ec479e637ecced6842de9dc98b5da9cd?s=96&d=mm&r=g\",\"caption\":\"ccortez\"},\"url\":\"https:\\\/\\\/www.uartes.edu.ec\\\/sitio\\\/en\\\/blog\\\/author\\\/ccortez\\\/\"}]}<\/script>\n<!-- \/ Yoast SEO plugin. -->","yoast_head_json":{"title":"Universidad de las Artes - Dos propuestas que en la MMAT hizo al p\u00fablico \u201cescuchar el tiempo\u201d","description":"Universidad de las Artes - Dos propuestas que en la MMAT hizo al p\u00fablico \u201cescuchar el tiempo\u201d","robots":{"index":"index","follow":"follow","max-snippet":"max-snippet:-1","max-image-preview":"max-image-preview:large","max-video-preview":"max-video-preview:-1"},"canonical":"https:\/\/www.uartes.edu.ec\/sitio\/en\/blog\/2023\/08\/24\/dos-propuestas-que-en-la-mmat-hizo-al-publico-escuchar-el-tiempo\/","og_locale":"en_US","og_type":"article","og_title":"Universidad de las Artes - Dos propuestas que en la MMAT hizo al p\u00fablico \u201cescuchar el tiempo\u201d","og_description":"Universidad de las Artes - Dos propuestas que en la MMAT hizo al p\u00fablico \u201cescuchar el tiempo\u201d","og_url":"https:\/\/www.uartes.edu.ec\/sitio\/en\/blog\/2023\/08\/24\/dos-propuestas-que-en-la-mmat-hizo-al-publico-escuchar-el-tiempo\/","og_site_name":"Universidad de las Artes","article_publisher":"https:\/\/www.facebook.com\/uartesec","article_published_time":"2023-08-24T23:51:22+00:00","article_modified_time":"2024-07-04T16:20:48+00:00","og_image":[{"width":2000,"height":1333,"url":"https:\/\/www.uartes.edu.ec\/sitio\/wp-content\/uploads\/2023\/08\/09-minga-multimedia-inauguracion.jpg","type":"image\/jpeg"}],"author":"ccortez","twitter_card":"summary_large_image","twitter_creator":"@uartesec","twitter_site":"@uartesec","twitter_misc":{"Written by":"ccortez","Est. reading time":"4 minutes"},"schema":{"@context":"https:\/\/schema.org","@graph":[{"@type":"Article","@id":"https:\/\/www.uartes.edu.ec\/sitio\/en\/blog\/2023\/08\/24\/dos-propuestas-que-en-la-mmat-hizo-al-publico-escuchar-el-tiempo\/#article","isPartOf":{"@id":"https:\/\/www.uartes.edu.ec\/sitio\/en\/blog\/2023\/08\/24\/dos-propuestas-que-en-la-mmat-hizo-al-publico-escuchar-el-tiempo\/"},"author":{"name":"ccortez","@id":"https:\/\/www.uartes.edu.ec\/sitio\/en\/#\/schema\/person\/efa1b8275797664fd7f13a79ccc0b1f4"},"headline":"Dos propuestas que en la MMAT hizo al p\u00fablico \u201cescuchar el tiempo\u201d","datePublished":"2023-08-24T23:51:22+00:00","dateModified":"2024-07-04T16:20:48+00:00","mainEntityOfPage":{"@id":"https:\/\/www.uartes.edu.ec\/sitio\/en\/blog\/2023\/08\/24\/dos-propuestas-que-en-la-mmat-hizo-al-publico-escuchar-el-tiempo\/"},"wordCount":762,"commentCount":0,"publisher":{"@id":"https:\/\/www.uartes.edu.ec\/sitio\/en\/#organization"},"image":{"@id":"https:\/\/www.uartes.edu.ec\/sitio\/en\/blog\/2023\/08\/24\/dos-propuestas-que-en-la-mmat-hizo-al-publico-escuchar-el-tiempo\/#primaryimage"},"thumbnailUrl":"https:\/\/www.uartes.edu.ec\/sitio\/wp-content\/uploads\/2023\/08\/09-minga-multimedia-inauguracion.jpg","keywords":["minga multimedia"],"articleSection":["Acad\u00e9mico","Alumni","Artes Sonoras","Docentes","Estudiantes","Investigaci\u00f3n"],"inLanguage":"en-US","potentialAction":[{"@type":"CommentAction","name":"Comment","target":["https:\/\/www.uartes.edu.ec\/sitio\/en\/blog\/2023\/08\/24\/dos-propuestas-que-en-la-mmat-hizo-al-publico-escuchar-el-tiempo\/#respond"]}]},{"@type":["WebPage","ItemPage"],"@id":"https:\/\/www.uartes.edu.ec\/sitio\/en\/blog\/2023\/08\/24\/dos-propuestas-que-en-la-mmat-hizo-al-publico-escuchar-el-tiempo\/","url":"https:\/\/www.uartes.edu.ec\/sitio\/en\/blog\/2023\/08\/24\/dos-propuestas-que-en-la-mmat-hizo-al-publico-escuchar-el-tiempo\/","name":"Universidad de las Artes - Dos propuestas que en la MMAT hizo al p\u00fablico \u201cescuchar el tiempo\u201d","isPartOf":{"@id":"https:\/\/www.uartes.edu.ec\/sitio\/en\/#website"},"primaryImageOfPage":{"@id":"https:\/\/www.uartes.edu.ec\/sitio\/en\/blog\/2023\/08\/24\/dos-propuestas-que-en-la-mmat-hizo-al-publico-escuchar-el-tiempo\/#primaryimage"},"image":{"@id":"https:\/\/www.uartes.edu.ec\/sitio\/en\/blog\/2023\/08\/24\/dos-propuestas-que-en-la-mmat-hizo-al-publico-escuchar-el-tiempo\/#primaryimage"},"thumbnailUrl":"https:\/\/www.uartes.edu.ec\/sitio\/wp-content\/uploads\/2023\/08\/09-minga-multimedia-inauguracion.jpg","datePublished":"2023-08-24T23:51:22+00:00","dateModified":"2024-07-04T16:20:48+00:00","description":"Universidad de las Artes - Dos propuestas que en la MMAT hizo al p\u00fablico \u201cescuchar el tiempo\u201d","breadcrumb":{"@id":"https:\/\/www.uartes.edu.ec\/sitio\/en\/blog\/2023\/08\/24\/dos-propuestas-que-en-la-mmat-hizo-al-publico-escuchar-el-tiempo\/#breadcrumb"},"inLanguage":"en-US","potentialAction":[{"@type":"ReadAction","target":["https:\/\/www.uartes.edu.ec\/sitio\/en\/blog\/2023\/08\/24\/dos-propuestas-que-en-la-mmat-hizo-al-publico-escuchar-el-tiempo\/"]}]},{"@type":"ImageObject","inLanguage":"en-US","@id":"https:\/\/www.uartes.edu.ec\/sitio\/en\/blog\/2023\/08\/24\/dos-propuestas-que-en-la-mmat-hizo-al-publico-escuchar-el-tiempo\/#primaryimage","url":"https:\/\/www.uartes.edu.ec\/sitio\/wp-content\/uploads\/2023\/08\/09-minga-multimedia-inauguracion.jpg","contentUrl":"https:\/\/www.uartes.edu.ec\/sitio\/wp-content\/uploads\/2023\/08\/09-minga-multimedia-inauguracion.jpg","width":2000,"height":1333},{"@type":"BreadcrumbList","@id":"https:\/\/www.uartes.edu.ec\/sitio\/en\/blog\/2023\/08\/24\/dos-propuestas-que-en-la-mmat-hizo-al-publico-escuchar-el-tiempo\/#breadcrumb","itemListElement":[{"@type":"ListItem","position":1,"name":"Inicio","item":"https:\/\/www.uartes.edu.ec\/sitio\/"},{"@type":"ListItem","position":2,"name":"Dos propuestas que en la MMAT hizo al p\u00fablico \u201cescuchar el tiempo\u201d"}]},{"@type":"WebSite","@id":"https:\/\/www.uartes.edu.ec\/sitio\/en\/#website","url":"https:\/\/www.uartes.edu.ec\/sitio\/en\/","name":"Universidad de las Artes","description":"Sitio oficial de la Universidad Nacional de las Artes del Ecuador","publisher":{"@id":"https:\/\/www.uartes.edu.ec\/sitio\/en\/#organization"},"potentialAction":[{"@type":"SearchAction","target":{"@type":"EntryPoint","urlTemplate":"https:\/\/www.uartes.edu.ec\/sitio\/en\/?s={search_term_string}"},"query-input":{"@type":"PropertyValueSpecification","valueRequired":true,"valueName":"search_term_string"}}],"inLanguage":"en-US"},{"@type":"Organization","@id":"https:\/\/www.uartes.edu.ec\/sitio\/en\/#organization","name":"Universidad de las Artes","url":"https:\/\/www.uartes.edu.ec\/sitio\/en\/","logo":{"@type":"ImageObject","inLanguage":"en-US","@id":"https:\/\/www.uartes.edu.ec\/sitio\/en\/#\/schema\/logo\/image\/","url":"https:\/\/www.uartes.edu.ec\/sitio\/wp-content\/uploads\/2022\/07\/logo-ua-horizontal.png","contentUrl":"https:\/\/www.uartes.edu.ec\/sitio\/wp-content\/uploads\/2022\/07\/logo-ua-horizontal.png","width":800,"height":276,"caption":"Universidad de las Artes"},"image":{"@id":"https:\/\/www.uartes.edu.ec\/sitio\/en\/#\/schema\/logo\/image\/"},"sameAs":["https:\/\/www.facebook.com\/uartesec","https:\/\/x.com\/uartesec","https:\/\/www.tiktok.com\/@uartesec"]},{"@type":"Person","@id":"https:\/\/www.uartes.edu.ec\/sitio\/en\/#\/schema\/person\/efa1b8275797664fd7f13a79ccc0b1f4","name":"ccortez","image":{"@type":"ImageObject","inLanguage":"en-US","@id":"https:\/\/secure.gravatar.com\/avatar\/b2a6f664a3ae8e074346ef91775736c5ec479e637ecced6842de9dc98b5da9cd?s=96&d=mm&r=g","url":"https:\/\/secure.gravatar.com\/avatar\/b2a6f664a3ae8e074346ef91775736c5ec479e637ecced6842de9dc98b5da9cd?s=96&d=mm&r=g","contentUrl":"https:\/\/secure.gravatar.com\/avatar\/b2a6f664a3ae8e074346ef91775736c5ec479e637ecced6842de9dc98b5da9cd?s=96&d=mm&r=g","caption":"ccortez"},"url":"https:\/\/www.uartes.edu.ec\/sitio\/en\/blog\/author\/ccortez\/"}]}},"uagb_featured_image_src":{"full":["https:\/\/www.uartes.edu.ec\/sitio\/wp-content\/uploads\/2023\/08\/09-minga-multimedia-inauguracion.jpg",2000,1333,false],"thumbnail":["https:\/\/www.uartes.edu.ec\/sitio\/wp-content\/uploads\/2023\/08\/09-minga-multimedia-inauguracion-150x150.jpg",150,150,true],"medium":["https:\/\/www.uartes.edu.ec\/sitio\/wp-content\/uploads\/2023\/08\/09-minga-multimedia-inauguracion-300x200.jpg",300,200,true],"medium_large":["https:\/\/www.uartes.edu.ec\/sitio\/wp-content\/uploads\/2023\/08\/09-minga-multimedia-inauguracion-768x512.jpg",768,512,true],"large":["https:\/\/www.uartes.edu.ec\/sitio\/wp-content\/uploads\/2023\/08\/09-minga-multimedia-inauguracion-644x429.jpg",644,429,true],"1536x1536":["https:\/\/www.uartes.edu.ec\/sitio\/wp-content\/uploads\/2023\/08\/09-minga-multimedia-inauguracion-1536x1024.jpg",1536,1024,true],"2048x2048":["https:\/\/www.uartes.edu.ec\/sitio\/wp-content\/uploads\/2023\/08\/09-minga-multimedia-inauguracion.jpg",2000,1333,false],"trp-custom-language-flag":["https:\/\/www.uartes.edu.ec\/sitio\/wp-content\/uploads\/2023\/08\/09-minga-multimedia-inauguracion.jpg",18,12,false],"htmega_size_585x295":["https:\/\/www.uartes.edu.ec\/sitio\/wp-content\/uploads\/2023\/08\/09-minga-multimedia-inauguracion-585x295.jpg",585,295,true],"htmega_size_1170x536":["https:\/\/www.uartes.edu.ec\/sitio\/wp-content\/uploads\/2023\/08\/09-minga-multimedia-inauguracion-1170x536.jpg",1170,536,true],"htmega_size_396x360":["https:\/\/www.uartes.edu.ec\/sitio\/wp-content\/uploads\/2023\/08\/09-minga-multimedia-inauguracion-396x360.jpg",396,360,true],"gb-block-post-grid-landscape":["https:\/\/www.uartes.edu.ec\/sitio\/wp-content\/uploads\/2023\/08\/09-minga-multimedia-inauguracion-600x400.jpg",600,400,true],"gb-block-post-grid-square":["https:\/\/www.uartes.edu.ec\/sitio\/wp-content\/uploads\/2023\/08\/09-minga-multimedia-inauguracion-600x600.jpg",600,600,true],"university-hub-thumb":["https:\/\/www.uartes.edu.ec\/sitio\/wp-content\/uploads\/2023\/08\/09-minga-multimedia-inauguracion-400x267.jpg",400,267,true]},"uagb_author_info":{"display_name":"ccortez","author_link":"https:\/\/www.uartes.edu.ec\/sitio\/en\/blog\/author\/ccortez\/"},"uagb_comment_info":0,"uagb_excerpt":"En la tarde de la jornada inicial de la d\u00e9cima edici\u00f3n de la MMAT, la intervenci\u00f3n de las campanas del edificio El Tel\u00e9grafo atrajo la atenci\u00f3n de muchos. Se fij\u00f3 a las 15:00, con la participaci\u00f3n de Andrey Astaiza, director de la Escuela de Artes Sonoras; Gianni Candel, Juan Mart\u00edn Sol\u00f3rzano y David Barber\u00e1n. All\u00ed,&hellip;","featured_image_src":"https:\/\/www.uartes.edu.ec\/sitio\/wp-content\/uploads\/2023\/08\/09-minga-multimedia-inauguracion-600x400.jpg","featured_image_src_square":"https:\/\/www.uartes.edu.ec\/sitio\/wp-content\/uploads\/2023\/08\/09-minga-multimedia-inauguracion-600x600.jpg","author_info":{"display_name":"ccortez","author_link":"https:\/\/www.uartes.edu.ec\/sitio\/en\/blog\/author\/ccortez\/"},"publishpress_future_workflow_manual_trigger":{"enabledWorkflows":[]},"distributor_meta":false,"distributor_terms":false,"distributor_media":false,"distributor_original_site_name":"Universidad de las Artes","distributor_original_site_url":"https:\/\/www.uartes.edu.ec\/sitio\/en","push-errors":false,"_links":{"self":[{"href":"https:\/\/www.uartes.edu.ec\/sitio\/en\/wp-json\/wp\/v2\/posts\/46240","targetHints":{"allow":["GET"]}}],"collection":[{"href":"https:\/\/www.uartes.edu.ec\/sitio\/en\/wp-json\/wp\/v2\/posts"}],"about":[{"href":"https:\/\/www.uartes.edu.ec\/sitio\/en\/wp-json\/wp\/v2\/types\/post"}],"author":[{"embeddable":true,"href":"https:\/\/www.uartes.edu.ec\/sitio\/en\/wp-json\/wp\/v2\/users\/10"}],"replies":[{"embeddable":true,"href":"https:\/\/www.uartes.edu.ec\/sitio\/en\/wp-json\/wp\/v2\/comments?post=46240"}],"version-history":[{"count":2,"href":"https:\/\/www.uartes.edu.ec\/sitio\/en\/wp-json\/wp\/v2\/posts\/46240\/revisions"}],"predecessor-version":[{"id":46321,"href":"https:\/\/www.uartes.edu.ec\/sitio\/en\/wp-json\/wp\/v2\/posts\/46240\/revisions\/46321"}],"wp:featuredmedia":[{"embeddable":true,"href":"https:\/\/www.uartes.edu.ec\/sitio\/en\/wp-json\/wp\/v2\/media\/46241"}],"wp:attachment":[{"href":"https:\/\/www.uartes.edu.ec\/sitio\/en\/wp-json\/wp\/v2\/media?parent=46240"}],"wp:term":[{"taxonomy":"category","embeddable":true,"href":"https:\/\/www.uartes.edu.ec\/sitio\/en\/wp-json\/wp\/v2\/categories?post=46240"},{"taxonomy":"post_tag","embeddable":true,"href":"https:\/\/www.uartes.edu.ec\/sitio\/en\/wp-json\/wp\/v2\/tags?post=46240"},{"taxonomy":"infouartes","embeddable":true,"href":"https:\/\/www.uartes.edu.ec\/sitio\/en\/wp-json\/wp\/v2\/infouartes?post=46240"}],"curies":[{"name":"wp","href":"https:\/\/api.w.org\/{rel}","templated":true}]}}