{"id":46425,"date":"2023-08-28T15:54:00","date_gmt":"2023-08-28T20:54:00","guid":{"rendered":"https:\/\/www.uartes.edu.ec\/sitio\/?p=46425"},"modified":"2024-07-04T11:20:47","modified_gmt":"2024-07-04T16:20:47","slug":"ganadores-de-la-1era-edicion-del-festival-internacional-de-cine-de-santa-elena-ficse-son-de-la-uartes","status":"publish","type":"post","link":"https:\/\/www.uartes.edu.ec\/sitio\/en\/blog\/2023\/08\/28\/ganadores-de-la-1era-edicion-del-festival-internacional-de-cine-de-santa-elena-ficse-son-de-la-uartes\/","title":{"rendered":"Ganadores del Festival Internacional de Cine de Santa Elena son de UArtes"},"content":{"rendered":"<p>De las cuatro categor\u00edas que tuvo la 1era Edici\u00f3n del Festival Internacional de Cine de Santa Elena (FICSE), organizada por el Colectivo de Productores Audiovisuales Peninsulares (CPAP), todas fueron conquistadas por graduados y estudiantes de la Universidad de las Artes. La cita se cumpli\u00f3 del 14 al 17 de agosto en el Teatro Carlos Rubira Infante de la ciudad de la Costa ecuatoriana; junto con la proyecci\u00f3n de los cortos en competencia hubo cine foro, talleres y charlas.<\/p>\n\n\n\n<p>En la categor\u00eda Mirada Peninsular, el premio fue para el cortometraje \u201cAsca\u201d, dirigido por Katherine Noguera de la UArtes. En la categor\u00eda Historias Costeras, la producci\u00f3n ganadora fue \u201cR\u00edo Perdido\u201d, dirigida por Mayra Pluas de la UArtes. En la categor\u00eda Mirada Nacional, el reconocimiento se dividi\u00f3 entre los cortometrajes \u201cSombras Envolventes\u201d, de Michael Lojano, graduado UArtes, y \u201cEntra\u00f1as\u201d, de Mayky Alvarado de la UDLA. En el apartado internacional gan\u00f3 \u201cEl sue\u00f1o de la actriz\u201d, de la directora uruguaya Clara Castagno, y en este rubro el Premio Voto del P\u00fablico lo obtuvo \u201cArutam\u201d, dirigido por Jonathan Carchi de la UArtes.<\/p>\n\n\n\n<p>InfoUArtes dialog\u00f3 con Joselyne Merch\u00e1n, miembro del Colectivo de Productores Audiovisuales Peninsulares (CPAP), para conocer del desarrollo del certamen de cine internacional y sus procesos. Ella obtuvo su licenciatura en Cine en la UArtes, al igual que varios de los otros integrantes del CPAP. Se\u00f1ala que, justamente, por haber estudiado la carrera es que quisieron juntarse para sacar adelante la cinematograf\u00eda en Santa Elena, cant\u00f3n situado en la provincia del mismo nombre.<\/p>\n\n\n<div class=\"wp-block-image\">\n<figure class=\"aligncenter size-large\"><img fetchpriority=\"high\" decoding=\"async\" width=\"644\" height=\"429\" src=\"https:\/\/www.uartes.edu.ec\/sitio\/wp-content\/uploads\/2023\/09\/02-FESTIVAL-CINE-S-ELENA-644x429.jpeg\" alt=\"\" class=\"wp-image-46427\" srcset=\"https:\/\/www.uartes.edu.ec\/sitio\/wp-content\/uploads\/2023\/09\/02-FESTIVAL-CINE-S-ELENA-644x429.jpeg 644w, https:\/\/www.uartes.edu.ec\/sitio\/wp-content\/uploads\/2023\/09\/02-FESTIVAL-CINE-S-ELENA-768x511.jpeg 768w, https:\/\/www.uartes.edu.ec\/sitio\/wp-content\/uploads\/2023\/09\/02-FESTIVAL-CINE-S-ELENA.jpeg 2000w, https:\/\/www.uartes.edu.ec\/sitio\/wp-content\/uploads\/2023\/09\/02-FESTIVAL-CINE-S-ELENA-600x399.jpeg 600w, https:\/\/www.uartes.edu.ec\/sitio\/wp-content\/uploads\/2023\/09\/02-FESTIVAL-CINE-S-ELENA-272x182.jpeg 272w\" sizes=\"(max-width: 644px) 100vw, 644px\" \/><\/figure>\n<\/div>\n\n\n<h3 class=\"wp-block-heading\">Ellos comparten la experiencia de participar<\/h3>\n\n\n\n<p>Consultados por InfoUArtes, los ganadores UArtes de las categor\u00edas mencionadas comparten la experiencia de participar en la primera edici\u00f3n del FICSE. Mayra Pl\u00faas anot\u00f3 que haber tomado parte fue memorable y la llena de satisfacci\u00f3n la menci\u00f3n obtenida. Su cortodocumental \u201cR\u00edo Perdido\u201d aborda la historia de un r\u00edo que ha perdido su importancia en la comunidad de San Pablo, Guayas. \u201cEnvi\u00e9 mi proyecto tras enterarme por un amigo del certamen y fue seleccionado entre m\u00e1s de 150 trabajos. La proyecci\u00f3n y clausura fueron momentos emocionantes, y ganar la menci\u00f3n en la categor\u00eda Historias Costeras fue impactante y me alienta a seguir en mi carrera cinematogr\u00e1fica y a participar en m\u00e1s festivales\u201d.<\/p>\n\n\n\n<p>Katherine Noguera, quien sobresali\u00f3 con \u201cAsca\u201d en Mirada Peninsular, expres\u00f3 que los festivales de cine \u201cson oportunidades valiosas para presentar nuestras obras y promover diversas perspectivas cinematogr\u00e1ficas. Agradezco a FICSE por su labor a favor de las artes cinematogr\u00e1ficas y por esta oportunidad\u201d.<\/p>\n\n\n\n<p>Cont\u00f3 que en \u201cAsca\u201d se marc\u00f3 como prop\u00f3sito mostrar la realidad de los funcionarios p\u00fablicos que ofrecen cambios y obras que nunca llegan, alejados de las necesidades de la gente. La historia se centra en la comunidad rural de San Jos\u00e9, donde la pol\u00edtica se basa en la administraci\u00f3n comunal interna. \u201cEleg\u00ed el g\u00e9nero experimental para explorar nuevas formas narrativas y visuales y expresar emociones y conceptos. Estoy feliz por la visibilidad de mi trabajo y agradecida por el jurado y el p\u00fablico\u201d.<\/p>\n\n\n<div class=\"wp-block-image\">\n<figure class=\"aligncenter size-large\"><img decoding=\"async\" width=\"644\" height=\"429\" src=\"https:\/\/www.uartes.edu.ec\/sitio\/wp-content\/uploads\/2023\/09\/sombras-envolventes-Lojano-644x429.jpg\" alt=\"\" class=\"wp-image-46428\" srcset=\"https:\/\/www.uartes.edu.ec\/sitio\/wp-content\/uploads\/2023\/09\/sombras-envolventes-Lojano-644x429.jpg 644w, https:\/\/www.uartes.edu.ec\/sitio\/wp-content\/uploads\/2023\/09\/sombras-envolventes-Lojano-768x511.jpg 768w, https:\/\/www.uartes.edu.ec\/sitio\/wp-content\/uploads\/2023\/09\/sombras-envolventes-Lojano.jpg 2000w, https:\/\/www.uartes.edu.ec\/sitio\/wp-content\/uploads\/2023\/09\/sombras-envolventes-Lojano-600x399.jpg 600w, https:\/\/www.uartes.edu.ec\/sitio\/wp-content\/uploads\/2023\/09\/sombras-envolventes-Lojano-272x182.jpg 272w\" sizes=\"(max-width: 644px) 100vw, 644px\" \/><\/figure>\n<\/div>\n\n\n<p>Con otras intervenciones en festivales nacionales e internacionales, donde \u201cSombras Envolventes\u201d tambi\u00e9n ha ganado reconocimientos, Michael Lojano denomin\u00f3 como gratificante su reciente experiencia en el FICSE. \u201cMe alegra ver c\u00f3mo un cortometraje que naci\u00f3 en la Escuela de Cine, durante la materia de Desarrollo de Proyectos, ha sido proyectado en varios lugares del Ecuador\u201d.<\/p>\n\n\n\n<p>Adelant\u00f3 Lojano que su producci\u00f3n se mostrar\u00e1 en el Festival Internacional de Artes Vivas Loja en noviembre pr\u00f3ximo y que formar\u00e1 parte de una muestra en la Sala de Cine del MZ14. \u201cEstoy satisfecho de que siga siendo vista tras su estreno en 2019 y de que contin\u00fae generando di\u00e1logo con nuevas generaciones y el p\u00fablico. Ganar en la categor\u00eda Mirada Nacional fue una sorpresa, especialmente al competir con otros cortos con tem\u00e1ticas m\u00e1s intensas\u201d.<\/p>\n\n\n\n<p>Del reconocimiento que le otorg\u00f3 el p\u00fablico por \u201cArutam\u201d, su director, Jonathan Carchi, se manifest\u00f3 satisfecho. Competir con cortometrajes internacionales resalta el impacto de su propuesta los espectadores, ya que, como producci\u00f3n nacional, conecta con la audiencia de manera cercana y evoca recuerdos. \u201cLograr concienciar sobre la Amazon\u00eda a trav\u00e9s de mi pel\u00edcula es gratificante como cineasta. Estoy agradecido con los organizadores, amigos, colegas y todas las personas con las que pude compartir sobre cine y la vida misma. Sigamos expandiendo las posibilidades del cine vanguardista\u201d.<\/p>\n\n\n\n<h3 class=\"wp-block-heading\">El certamen, los organizadores y el resultado<\/h3>\n\n\n\n<p>Sobre FICSE, vale recordar que el proyecto naci\u00f3 como una idea en febrero pasado y logr\u00f3 materializarse gracias al esfuerzo conjunto de los integrantes del CPAP. Se unieron con entusiasmo con el prop\u00f3sito de impulsar la producci\u00f3n cinematogr\u00e1fica a nivel local y en primera instancia se plantearon realizar un festival nacional, pero se convirti\u00f3 en internacional con todos los desaf\u00edos que ello implica. Con Joselyn Merch\u00e1n lo integran, entre otros, Eduardo Valiente, Gabriela Borbor y Sandra Figueroa (UArtes) y Braulio Gonz\u00e1lez (INCINE).<\/p>\n\n\n\n<p>La inauguraci\u00f3n del certamen marc\u00f3 el comienzo de una experiencia \u00fanica, indic\u00f3 Merch\u00e1n. Unas cien personas se reunieron para celebrar la primera cita del tambi\u00e9n primer Festival Internacional de Cine en Santa Elena. Entre ellos, estudiantes de Comunicaci\u00f3n Social de la UPSE (Universidad Estatal Pen\u00ednsula de Santa Elena) y amantes del cine. A pesar de los contratiempos, la asistencia fue satisfactoria y el entusiasmo del p\u00fablico palpable, dijo.<\/p>\n\n\n<div class=\"wp-block-image\">\n<figure class=\"aligncenter size-large\"><img decoding=\"async\" width=\"644\" height=\"429\" src=\"https:\/\/www.uartes.edu.ec\/sitio\/wp-content\/uploads\/2023\/09\/07-FESTIVAL-CINE-S-ELENA-644x429.jpeg\" alt=\"\" class=\"wp-image-46429\" srcset=\"https:\/\/www.uartes.edu.ec\/sitio\/wp-content\/uploads\/2023\/09\/07-FESTIVAL-CINE-S-ELENA-644x429.jpeg 644w, https:\/\/www.uartes.edu.ec\/sitio\/wp-content\/uploads\/2023\/09\/07-FESTIVAL-CINE-S-ELENA-768x511.jpeg 768w, https:\/\/www.uartes.edu.ec\/sitio\/wp-content\/uploads\/2023\/09\/07-FESTIVAL-CINE-S-ELENA.jpeg 2000w, https:\/\/www.uartes.edu.ec\/sitio\/wp-content\/uploads\/2023\/09\/07-FESTIVAL-CINE-S-ELENA-600x399.jpeg 600w, https:\/\/www.uartes.edu.ec\/sitio\/wp-content\/uploads\/2023\/09\/07-FESTIVAL-CINE-S-ELENA-272x182.jpeg 272w\" sizes=\"(max-width: 644px) 100vw, 644px\" \/><\/figure>\n<\/div>\n\n\n<p>Indic\u00f3 que los talleres dirigidos por Cintia Velasco y Andr\u00e9s Crespo agregaron un componente educativo valioso al festival; estos fueron junto al cine foro parte de las varias actividades programadas. La participaci\u00f3n fue s\u00f3lida, con alrededor de cien personas en el taller presencial y m\u00e1s de sesenta inscritos para el taller virtual. Durante las proyecciones, aunque el p\u00fablico no fue abrumador, la constancia de unas veinte personas que asistieron a todas las funciones fue destacable. Esto demostr\u00f3 un genuino inter\u00e9s por el cine y el evento, recalc\u00f3 Merch\u00e1n.<\/p>\n\n\n\n<p>El apoyo no solo vino del p\u00fablico, agreg\u00f3, sino tambi\u00e9n de los medios de comunicaci\u00f3n y diversas organizaciones. La productora RFC brind\u00f3 un desinteresado respaldo para transmitir en vivo la inauguraci\u00f3n y la clausura. Adem\u00e1s, el hotel Ensenada y la Casa de la Cultura N\u00facleo de Santa Elena tambi\u00e9n se sumaron a la causa, proporcionando hospedaje y aval, respectivamente, para los invitados.<\/p>\n\n\n\n<p>La interacci\u00f3n con el p\u00fablico fue uno de los aspectos m\u00e1s enriquecedores del festival. Los foros despu\u00e9s de las proyecciones permitieron compartir impresiones y reflexiones. Incluso los directores invitados se sumaron a la conversaci\u00f3n, brindando una visi\u00f3n m\u00e1s profunda de los procesos creativos y tiempo de producci\u00f3n; tambi\u00e9n respondieron inquietudes del p\u00fablico.<\/p>\n\n\n\n<p>Pese a los retos de financiaci\u00f3n, el festival cumpli\u00f3 con su objetivo. Dej\u00f3 una marca en Santa Elena y sembr\u00f3 su semilla de inter\u00e9s por el cine local, ecuatoriano y peninsular. El colectivo, ahora compuesto por ocho personas, tiene planes ambiciosos para el futuro. Ciclos y muestras de cine peninsular, y la b\u00fasqueda de apoyo gubernamental para solventar costos son algunas de las metas en mente.<\/p>\n\n\n\n<p>El festival concluy\u00f3 con \u00e9xito, habiendo superado expectativas y dejado un impacto en la comunidad. La pasi\u00f3n por el cine y el deseo de cultivar el arte cinematogr\u00e1fico en la provincia de Santa Elena contin\u00faan siendo el motor que impulsa a este colectivo a seguir adelante para que en futuros proyectos estos trabajos puedan ser monetizados, expres\u00f3 Merch\u00e1n.<\/p>\n\n\n\n<p>Fotos: Cortes\u00eda FICSE<br>Texto: Eleinn Ewmanothva Rivera Sol\u00eds, estudiante de Literatura.\/Edici\u00f3n: Carmen Cortez<\/p>","protected":false},"excerpt":{"rendered":"<p>De las cuatro categor\u00edas que tuvo la 1era edici\u00f3n del FICSE, organizada por el Colectivo de Productores Audiovisuales Peninsulares, todas las conquistaron graduados UArtes. En Mirada Peninsular, el premio fue para el corto \u201cAsca\u201d, dirigido por Katherine Noguera; en Historias Costeras gan\u00f3 \u201cR\u00edo Perdido\u201d, de Mayra Pluas; en Mirada Nacional, \u201cSombras Envolventes\u201d de Michael Lojano; y, en Mirada Internacional, \u201cArutam\u201d de Jonathan Carchi se llev\u00f3 el Voto del P\u00fablico.<\/p>","protected":false},"author":10,"featured_media":46426,"comment_status":"open","ping_status":"open","sticky":false,"template":"","format":"standard","meta":{"_acf_changed":false,"_uag_custom_page_level_css":"","_monsterinsights_skip_tracking":false,"_monsterinsights_sitenote_active":false,"_monsterinsights_sitenote_note":"","_monsterinsights_sitenote_category":0,"cybocfi_hide_featured_image":"","footnotes":""},"categories":[80,490,82,147,76,77],"tags":[1031],"infouartes":[],"class_list":["post-46425","post","type-post","status-publish","format-standard","has-post-thumbnail","hentry","category-academico","category-alumni","category-artes","category-cine","category-estudiantes","category-gestion","tag-certamen"],"acf":[],"yoast_head":"<!-- This site is optimized with the Yoast SEO plugin v27.4 - https:\/\/yoast.com\/product\/yoast-seo-wordpress\/ -->\n<title>Universidad de las Artes - Ganadores del Festival Internacional de Cine de Santa Elena son de UArtes<\/title>\n<meta name=\"description\" content=\"Universidad de las Artes - Ganadores del Festival Internacional de Cine de Santa Elena son de UArtes\" \/>\n<meta name=\"robots\" content=\"index, follow, max-snippet:-1, max-image-preview:large, max-video-preview:-1\" \/>\n<link rel=\"canonical\" href=\"https:\/\/www.uartes.edu.ec\/sitio\/en\/blog\/2023\/08\/28\/ganadores-de-la-1era-edicion-del-festival-internacional-de-cine-de-santa-elena-ficse-son-de-la-uartes\/\" \/>\n<meta property=\"og:locale\" content=\"en_US\" \/>\n<meta property=\"og:type\" content=\"article\" \/>\n<meta property=\"og:title\" content=\"Universidad de las Artes - Ganadores del Festival Internacional de Cine de Santa Elena son de UArtes\" \/>\n<meta property=\"og:description\" content=\"Universidad de las Artes - Ganadores del Festival Internacional de Cine de Santa Elena son de UArtes\" \/>\n<meta property=\"og:url\" content=\"https:\/\/www.uartes.edu.ec\/sitio\/en\/blog\/2023\/08\/28\/ganadores-de-la-1era-edicion-del-festival-internacional-de-cine-de-santa-elena-ficse-son-de-la-uartes\/\" \/>\n<meta property=\"og:site_name\" content=\"Universidad de las Artes\" \/>\n<meta property=\"article:publisher\" content=\"https:\/\/www.facebook.com\/uartesec\" \/>\n<meta property=\"article:published_time\" content=\"2023-08-28T20:54:00+00:00\" \/>\n<meta property=\"article:modified_time\" content=\"2024-07-04T16:20:47+00:00\" \/>\n<meta property=\"og:image\" content=\"https:\/\/www.uartes.edu.ec\/sitio\/wp-content\/uploads\/2023\/09\/04-FESTIVAL-CINE-S-ELENA.jpeg\" \/>\n\t<meta property=\"og:image:width\" content=\"2000\" \/>\n\t<meta property=\"og:image:height\" content=\"1333\" \/>\n\t<meta property=\"og:image:type\" content=\"image\/jpeg\" \/>\n<meta name=\"author\" content=\"ccortez\" \/>\n<meta name=\"twitter:card\" content=\"summary_large_image\" \/>\n<meta name=\"twitter:creator\" content=\"@uartesec\" \/>\n<meta name=\"twitter:site\" content=\"@uartesec\" \/>\n<meta name=\"twitter:label1\" content=\"Written by\" \/>\n\t<meta name=\"twitter:data1\" content=\"ccortez\" \/>\n\t<meta name=\"twitter:label2\" content=\"Est. reading time\" \/>\n\t<meta name=\"twitter:data2\" content=\"7 minutes\" \/>\n<script type=\"application\/ld+json\" class=\"yoast-schema-graph\">{\"@context\":\"https:\\\/\\\/schema.org\",\"@graph\":[{\"@type\":\"Article\",\"@id\":\"https:\\\/\\\/www.uartes.edu.ec\\\/sitio\\\/en\\\/blog\\\/2023\\\/08\\\/28\\\/ganadores-de-la-1era-edicion-del-festival-internacional-de-cine-de-santa-elena-ficse-son-de-la-uartes\\\/#article\",\"isPartOf\":{\"@id\":\"https:\\\/\\\/www.uartes.edu.ec\\\/sitio\\\/en\\\/blog\\\/2023\\\/08\\\/28\\\/ganadores-de-la-1era-edicion-del-festival-internacional-de-cine-de-santa-elena-ficse-son-de-la-uartes\\\/\"},\"author\":{\"name\":\"ccortez\",\"@id\":\"https:\\\/\\\/www.uartes.edu.ec\\\/sitio\\\/en\\\/#\\\/schema\\\/person\\\/efa1b8275797664fd7f13a79ccc0b1f4\"},\"headline\":\"Ganadores del Festival Internacional de Cine de Santa Elena son de UArtes\",\"datePublished\":\"2023-08-28T20:54:00+00:00\",\"dateModified\":\"2024-07-04T16:20:47+00:00\",\"mainEntityOfPage\":{\"@id\":\"https:\\\/\\\/www.uartes.edu.ec\\\/sitio\\\/en\\\/blog\\\/2023\\\/08\\\/28\\\/ganadores-de-la-1era-edicion-del-festival-internacional-de-cine-de-santa-elena-ficse-son-de-la-uartes\\\/\"},\"wordCount\":1308,\"commentCount\":0,\"publisher\":{\"@id\":\"https:\\\/\\\/www.uartes.edu.ec\\\/sitio\\\/en\\\/#organization\"},\"image\":{\"@id\":\"https:\\\/\\\/www.uartes.edu.ec\\\/sitio\\\/en\\\/blog\\\/2023\\\/08\\\/28\\\/ganadores-de-la-1era-edicion-del-festival-internacional-de-cine-de-santa-elena-ficse-son-de-la-uartes\\\/#primaryimage\"},\"thumbnailUrl\":\"https:\\\/\\\/www.uartes.edu.ec\\\/sitio\\\/wp-content\\\/uploads\\\/2023\\\/09\\\/04-FESTIVAL-CINE-S-ELENA.jpeg\",\"keywords\":[\"certamen\"],\"articleSection\":[\"Acad\u00e9mico\",\"Alumni\",\"Artes\",\"Cine\",\"Estudiantes\",\"Gesti\u00f3n\"],\"inLanguage\":\"en-US\",\"potentialAction\":[{\"@type\":\"CommentAction\",\"name\":\"Comment\",\"target\":[\"https:\\\/\\\/www.uartes.edu.ec\\\/sitio\\\/en\\\/blog\\\/2023\\\/08\\\/28\\\/ganadores-de-la-1era-edicion-del-festival-internacional-de-cine-de-santa-elena-ficse-son-de-la-uartes\\\/#respond\"]}]},{\"@type\":[\"WebPage\",\"ItemPage\"],\"@id\":\"https:\\\/\\\/www.uartes.edu.ec\\\/sitio\\\/en\\\/blog\\\/2023\\\/08\\\/28\\\/ganadores-de-la-1era-edicion-del-festival-internacional-de-cine-de-santa-elena-ficse-son-de-la-uartes\\\/\",\"url\":\"https:\\\/\\\/www.uartes.edu.ec\\\/sitio\\\/en\\\/blog\\\/2023\\\/08\\\/28\\\/ganadores-de-la-1era-edicion-del-festival-internacional-de-cine-de-santa-elena-ficse-son-de-la-uartes\\\/\",\"name\":\"Universidad de las Artes - Ganadores del Festival Internacional de Cine de Santa Elena son de UArtes\",\"isPartOf\":{\"@id\":\"https:\\\/\\\/www.uartes.edu.ec\\\/sitio\\\/en\\\/#website\"},\"primaryImageOfPage\":{\"@id\":\"https:\\\/\\\/www.uartes.edu.ec\\\/sitio\\\/en\\\/blog\\\/2023\\\/08\\\/28\\\/ganadores-de-la-1era-edicion-del-festival-internacional-de-cine-de-santa-elena-ficse-son-de-la-uartes\\\/#primaryimage\"},\"image\":{\"@id\":\"https:\\\/\\\/www.uartes.edu.ec\\\/sitio\\\/en\\\/blog\\\/2023\\\/08\\\/28\\\/ganadores-de-la-1era-edicion-del-festival-internacional-de-cine-de-santa-elena-ficse-son-de-la-uartes\\\/#primaryimage\"},\"thumbnailUrl\":\"https:\\\/\\\/www.uartes.edu.ec\\\/sitio\\\/wp-content\\\/uploads\\\/2023\\\/09\\\/04-FESTIVAL-CINE-S-ELENA.jpeg\",\"datePublished\":\"2023-08-28T20:54:00+00:00\",\"dateModified\":\"2024-07-04T16:20:47+00:00\",\"description\":\"Universidad de las Artes - Ganadores del Festival Internacional de Cine de Santa Elena son de UArtes\",\"breadcrumb\":{\"@id\":\"https:\\\/\\\/www.uartes.edu.ec\\\/sitio\\\/en\\\/blog\\\/2023\\\/08\\\/28\\\/ganadores-de-la-1era-edicion-del-festival-internacional-de-cine-de-santa-elena-ficse-son-de-la-uartes\\\/#breadcrumb\"},\"inLanguage\":\"en-US\",\"potentialAction\":[{\"@type\":\"ReadAction\",\"target\":[\"https:\\\/\\\/www.uartes.edu.ec\\\/sitio\\\/en\\\/blog\\\/2023\\\/08\\\/28\\\/ganadores-de-la-1era-edicion-del-festival-internacional-de-cine-de-santa-elena-ficse-son-de-la-uartes\\\/\"]}]},{\"@type\":\"ImageObject\",\"inLanguage\":\"en-US\",\"@id\":\"https:\\\/\\\/www.uartes.edu.ec\\\/sitio\\\/en\\\/blog\\\/2023\\\/08\\\/28\\\/ganadores-de-la-1era-edicion-del-festival-internacional-de-cine-de-santa-elena-ficse-son-de-la-uartes\\\/#primaryimage\",\"url\":\"https:\\\/\\\/www.uartes.edu.ec\\\/sitio\\\/wp-content\\\/uploads\\\/2023\\\/09\\\/04-FESTIVAL-CINE-S-ELENA.jpeg\",\"contentUrl\":\"https:\\\/\\\/www.uartes.edu.ec\\\/sitio\\\/wp-content\\\/uploads\\\/2023\\\/09\\\/04-FESTIVAL-CINE-S-ELENA.jpeg\",\"width\":2000,\"height\":1333},{\"@type\":\"BreadcrumbList\",\"@id\":\"https:\\\/\\\/www.uartes.edu.ec\\\/sitio\\\/en\\\/blog\\\/2023\\\/08\\\/28\\\/ganadores-de-la-1era-edicion-del-festival-internacional-de-cine-de-santa-elena-ficse-son-de-la-uartes\\\/#breadcrumb\",\"itemListElement\":[{\"@type\":\"ListItem\",\"position\":1,\"name\":\"Inicio\",\"item\":\"https:\\\/\\\/www.uartes.edu.ec\\\/sitio\\\/\"},{\"@type\":\"ListItem\",\"position\":2,\"name\":\"Ganadores del Festival Internacional de Cine de Santa Elena son de UArtes\"}]},{\"@type\":\"WebSite\",\"@id\":\"https:\\\/\\\/www.uartes.edu.ec\\\/sitio\\\/en\\\/#website\",\"url\":\"https:\\\/\\\/www.uartes.edu.ec\\\/sitio\\\/en\\\/\",\"name\":\"Universidad de las Artes\",\"description\":\"Sitio oficial de la Universidad Nacional de las Artes del Ecuador\",\"publisher\":{\"@id\":\"https:\\\/\\\/www.uartes.edu.ec\\\/sitio\\\/en\\\/#organization\"},\"potentialAction\":[{\"@type\":\"SearchAction\",\"target\":{\"@type\":\"EntryPoint\",\"urlTemplate\":\"https:\\\/\\\/www.uartes.edu.ec\\\/sitio\\\/en\\\/?s={search_term_string}\"},\"query-input\":{\"@type\":\"PropertyValueSpecification\",\"valueRequired\":true,\"valueName\":\"search_term_string\"}}],\"inLanguage\":\"en-US\"},{\"@type\":\"Organization\",\"@id\":\"https:\\\/\\\/www.uartes.edu.ec\\\/sitio\\\/en\\\/#organization\",\"name\":\"Universidad de las Artes\",\"url\":\"https:\\\/\\\/www.uartes.edu.ec\\\/sitio\\\/en\\\/\",\"logo\":{\"@type\":\"ImageObject\",\"inLanguage\":\"en-US\",\"@id\":\"https:\\\/\\\/www.uartes.edu.ec\\\/sitio\\\/en\\\/#\\\/schema\\\/logo\\\/image\\\/\",\"url\":\"https:\\\/\\\/www.uartes.edu.ec\\\/sitio\\\/wp-content\\\/uploads\\\/2022\\\/07\\\/logo-ua-horizontal.png\",\"contentUrl\":\"https:\\\/\\\/www.uartes.edu.ec\\\/sitio\\\/wp-content\\\/uploads\\\/2022\\\/07\\\/logo-ua-horizontal.png\",\"width\":800,\"height\":276,\"caption\":\"Universidad de las Artes\"},\"image\":{\"@id\":\"https:\\\/\\\/www.uartes.edu.ec\\\/sitio\\\/en\\\/#\\\/schema\\\/logo\\\/image\\\/\"},\"sameAs\":[\"https:\\\/\\\/www.facebook.com\\\/uartesec\",\"https:\\\/\\\/x.com\\\/uartesec\",\"https:\\\/\\\/www.tiktok.com\\\/@uartesec\"]},{\"@type\":\"Person\",\"@id\":\"https:\\\/\\\/www.uartes.edu.ec\\\/sitio\\\/en\\\/#\\\/schema\\\/person\\\/efa1b8275797664fd7f13a79ccc0b1f4\",\"name\":\"ccortez\",\"image\":{\"@type\":\"ImageObject\",\"inLanguage\":\"en-US\",\"@id\":\"https:\\\/\\\/secure.gravatar.com\\\/avatar\\\/b2a6f664a3ae8e074346ef91775736c5ec479e637ecced6842de9dc98b5da9cd?s=96&d=mm&r=g\",\"url\":\"https:\\\/\\\/secure.gravatar.com\\\/avatar\\\/b2a6f664a3ae8e074346ef91775736c5ec479e637ecced6842de9dc98b5da9cd?s=96&d=mm&r=g\",\"contentUrl\":\"https:\\\/\\\/secure.gravatar.com\\\/avatar\\\/b2a6f664a3ae8e074346ef91775736c5ec479e637ecced6842de9dc98b5da9cd?s=96&d=mm&r=g\",\"caption\":\"ccortez\"},\"url\":\"https:\\\/\\\/www.uartes.edu.ec\\\/sitio\\\/en\\\/blog\\\/author\\\/ccortez\\\/\"}]}<\/script>\n<!-- \/ Yoast SEO plugin. -->","yoast_head_json":{"title":"Universidad de las Artes - Ganadores del Festival Internacional de Cine de Santa Elena son de UArtes","description":"Universidad de las Artes - Ganadores del Festival Internacional de Cine de Santa Elena son de UArtes","robots":{"index":"index","follow":"follow","max-snippet":"max-snippet:-1","max-image-preview":"max-image-preview:large","max-video-preview":"max-video-preview:-1"},"canonical":"https:\/\/www.uartes.edu.ec\/sitio\/en\/blog\/2023\/08\/28\/ganadores-de-la-1era-edicion-del-festival-internacional-de-cine-de-santa-elena-ficse-son-de-la-uartes\/","og_locale":"en_US","og_type":"article","og_title":"Universidad de las Artes - Ganadores del Festival Internacional de Cine de Santa Elena son de UArtes","og_description":"Universidad de las Artes - Ganadores del Festival Internacional de Cine de Santa Elena son de UArtes","og_url":"https:\/\/www.uartes.edu.ec\/sitio\/en\/blog\/2023\/08\/28\/ganadores-de-la-1era-edicion-del-festival-internacional-de-cine-de-santa-elena-ficse-son-de-la-uartes\/","og_site_name":"Universidad de las Artes","article_publisher":"https:\/\/www.facebook.com\/uartesec","article_published_time":"2023-08-28T20:54:00+00:00","article_modified_time":"2024-07-04T16:20:47+00:00","og_image":[{"width":2000,"height":1333,"url":"https:\/\/www.uartes.edu.ec\/sitio\/wp-content\/uploads\/2023\/09\/04-FESTIVAL-CINE-S-ELENA.jpeg","type":"image\/jpeg"}],"author":"ccortez","twitter_card":"summary_large_image","twitter_creator":"@uartesec","twitter_site":"@uartesec","twitter_misc":{"Written by":"ccortez","Est. reading time":"7 minutes"},"schema":{"@context":"https:\/\/schema.org","@graph":[{"@type":"Article","@id":"https:\/\/www.uartes.edu.ec\/sitio\/en\/blog\/2023\/08\/28\/ganadores-de-la-1era-edicion-del-festival-internacional-de-cine-de-santa-elena-ficse-son-de-la-uartes\/#article","isPartOf":{"@id":"https:\/\/www.uartes.edu.ec\/sitio\/en\/blog\/2023\/08\/28\/ganadores-de-la-1era-edicion-del-festival-internacional-de-cine-de-santa-elena-ficse-son-de-la-uartes\/"},"author":{"name":"ccortez","@id":"https:\/\/www.uartes.edu.ec\/sitio\/en\/#\/schema\/person\/efa1b8275797664fd7f13a79ccc0b1f4"},"headline":"Ganadores del Festival Internacional de Cine de Santa Elena son de UArtes","datePublished":"2023-08-28T20:54:00+00:00","dateModified":"2024-07-04T16:20:47+00:00","mainEntityOfPage":{"@id":"https:\/\/www.uartes.edu.ec\/sitio\/en\/blog\/2023\/08\/28\/ganadores-de-la-1era-edicion-del-festival-internacional-de-cine-de-santa-elena-ficse-son-de-la-uartes\/"},"wordCount":1308,"commentCount":0,"publisher":{"@id":"https:\/\/www.uartes.edu.ec\/sitio\/en\/#organization"},"image":{"@id":"https:\/\/www.uartes.edu.ec\/sitio\/en\/blog\/2023\/08\/28\/ganadores-de-la-1era-edicion-del-festival-internacional-de-cine-de-santa-elena-ficse-son-de-la-uartes\/#primaryimage"},"thumbnailUrl":"https:\/\/www.uartes.edu.ec\/sitio\/wp-content\/uploads\/2023\/09\/04-FESTIVAL-CINE-S-ELENA.jpeg","keywords":["certamen"],"articleSection":["Acad\u00e9mico","Alumni","Artes","Cine","Estudiantes","Gesti\u00f3n"],"inLanguage":"en-US","potentialAction":[{"@type":"CommentAction","name":"Comment","target":["https:\/\/www.uartes.edu.ec\/sitio\/en\/blog\/2023\/08\/28\/ganadores-de-la-1era-edicion-del-festival-internacional-de-cine-de-santa-elena-ficse-son-de-la-uartes\/#respond"]}]},{"@type":["WebPage","ItemPage"],"@id":"https:\/\/www.uartes.edu.ec\/sitio\/en\/blog\/2023\/08\/28\/ganadores-de-la-1era-edicion-del-festival-internacional-de-cine-de-santa-elena-ficse-son-de-la-uartes\/","url":"https:\/\/www.uartes.edu.ec\/sitio\/en\/blog\/2023\/08\/28\/ganadores-de-la-1era-edicion-del-festival-internacional-de-cine-de-santa-elena-ficse-son-de-la-uartes\/","name":"Universidad de las Artes - Ganadores del Festival Internacional de Cine de Santa Elena son de UArtes","isPartOf":{"@id":"https:\/\/www.uartes.edu.ec\/sitio\/en\/#website"},"primaryImageOfPage":{"@id":"https:\/\/www.uartes.edu.ec\/sitio\/en\/blog\/2023\/08\/28\/ganadores-de-la-1era-edicion-del-festival-internacional-de-cine-de-santa-elena-ficse-son-de-la-uartes\/#primaryimage"},"image":{"@id":"https:\/\/www.uartes.edu.ec\/sitio\/en\/blog\/2023\/08\/28\/ganadores-de-la-1era-edicion-del-festival-internacional-de-cine-de-santa-elena-ficse-son-de-la-uartes\/#primaryimage"},"thumbnailUrl":"https:\/\/www.uartes.edu.ec\/sitio\/wp-content\/uploads\/2023\/09\/04-FESTIVAL-CINE-S-ELENA.jpeg","datePublished":"2023-08-28T20:54:00+00:00","dateModified":"2024-07-04T16:20:47+00:00","description":"Universidad de las Artes - Ganadores del Festival Internacional de Cine de Santa Elena son de UArtes","breadcrumb":{"@id":"https:\/\/www.uartes.edu.ec\/sitio\/en\/blog\/2023\/08\/28\/ganadores-de-la-1era-edicion-del-festival-internacional-de-cine-de-santa-elena-ficse-son-de-la-uartes\/#breadcrumb"},"inLanguage":"en-US","potentialAction":[{"@type":"ReadAction","target":["https:\/\/www.uartes.edu.ec\/sitio\/en\/blog\/2023\/08\/28\/ganadores-de-la-1era-edicion-del-festival-internacional-de-cine-de-santa-elena-ficse-son-de-la-uartes\/"]}]},{"@type":"ImageObject","inLanguage":"en-US","@id":"https:\/\/www.uartes.edu.ec\/sitio\/en\/blog\/2023\/08\/28\/ganadores-de-la-1era-edicion-del-festival-internacional-de-cine-de-santa-elena-ficse-son-de-la-uartes\/#primaryimage","url":"https:\/\/www.uartes.edu.ec\/sitio\/wp-content\/uploads\/2023\/09\/04-FESTIVAL-CINE-S-ELENA.jpeg","contentUrl":"https:\/\/www.uartes.edu.ec\/sitio\/wp-content\/uploads\/2023\/09\/04-FESTIVAL-CINE-S-ELENA.jpeg","width":2000,"height":1333},{"@type":"BreadcrumbList","@id":"https:\/\/www.uartes.edu.ec\/sitio\/en\/blog\/2023\/08\/28\/ganadores-de-la-1era-edicion-del-festival-internacional-de-cine-de-santa-elena-ficse-son-de-la-uartes\/#breadcrumb","itemListElement":[{"@type":"ListItem","position":1,"name":"Inicio","item":"https:\/\/www.uartes.edu.ec\/sitio\/"},{"@type":"ListItem","position":2,"name":"Ganadores del Festival Internacional de Cine de Santa Elena son de UArtes"}]},{"@type":"WebSite","@id":"https:\/\/www.uartes.edu.ec\/sitio\/en\/#website","url":"https:\/\/www.uartes.edu.ec\/sitio\/en\/","name":"Universidad de las Artes","description":"Sitio oficial de la Universidad Nacional de las Artes del Ecuador","publisher":{"@id":"https:\/\/www.uartes.edu.ec\/sitio\/en\/#organization"},"potentialAction":[{"@type":"SearchAction","target":{"@type":"EntryPoint","urlTemplate":"https:\/\/www.uartes.edu.ec\/sitio\/en\/?s={search_term_string}"},"query-input":{"@type":"PropertyValueSpecification","valueRequired":true,"valueName":"search_term_string"}}],"inLanguage":"en-US"},{"@type":"Organization","@id":"https:\/\/www.uartes.edu.ec\/sitio\/en\/#organization","name":"Universidad de las Artes","url":"https:\/\/www.uartes.edu.ec\/sitio\/en\/","logo":{"@type":"ImageObject","inLanguage":"en-US","@id":"https:\/\/www.uartes.edu.ec\/sitio\/en\/#\/schema\/logo\/image\/","url":"https:\/\/www.uartes.edu.ec\/sitio\/wp-content\/uploads\/2022\/07\/logo-ua-horizontal.png","contentUrl":"https:\/\/www.uartes.edu.ec\/sitio\/wp-content\/uploads\/2022\/07\/logo-ua-horizontal.png","width":800,"height":276,"caption":"Universidad de las Artes"},"image":{"@id":"https:\/\/www.uartes.edu.ec\/sitio\/en\/#\/schema\/logo\/image\/"},"sameAs":["https:\/\/www.facebook.com\/uartesec","https:\/\/x.com\/uartesec","https:\/\/www.tiktok.com\/@uartesec"]},{"@type":"Person","@id":"https:\/\/www.uartes.edu.ec\/sitio\/en\/#\/schema\/person\/efa1b8275797664fd7f13a79ccc0b1f4","name":"ccortez","image":{"@type":"ImageObject","inLanguage":"en-US","@id":"https:\/\/secure.gravatar.com\/avatar\/b2a6f664a3ae8e074346ef91775736c5ec479e637ecced6842de9dc98b5da9cd?s=96&d=mm&r=g","url":"https:\/\/secure.gravatar.com\/avatar\/b2a6f664a3ae8e074346ef91775736c5ec479e637ecced6842de9dc98b5da9cd?s=96&d=mm&r=g","contentUrl":"https:\/\/secure.gravatar.com\/avatar\/b2a6f664a3ae8e074346ef91775736c5ec479e637ecced6842de9dc98b5da9cd?s=96&d=mm&r=g","caption":"ccortez"},"url":"https:\/\/www.uartes.edu.ec\/sitio\/en\/blog\/author\/ccortez\/"}]}},"uagb_featured_image_src":{"full":["https:\/\/www.uartes.edu.ec\/sitio\/wp-content\/uploads\/2023\/09\/04-FESTIVAL-CINE-S-ELENA.jpeg",2000,1333,false],"thumbnail":["https:\/\/www.uartes.edu.ec\/sitio\/wp-content\/uploads\/2023\/09\/04-FESTIVAL-CINE-S-ELENA-150x150.jpeg",150,150,true],"medium":["https:\/\/www.uartes.edu.ec\/sitio\/wp-content\/uploads\/2023\/09\/04-FESTIVAL-CINE-S-ELENA-300x200.jpeg",300,200,true],"medium_large":["https:\/\/www.uartes.edu.ec\/sitio\/wp-content\/uploads\/2023\/09\/04-FESTIVAL-CINE-S-ELENA-768x512.jpeg",768,512,true],"large":["https:\/\/www.uartes.edu.ec\/sitio\/wp-content\/uploads\/2023\/09\/04-FESTIVAL-CINE-S-ELENA-644x429.jpeg",644,429,true],"1536x1536":["https:\/\/www.uartes.edu.ec\/sitio\/wp-content\/uploads\/2023\/09\/04-FESTIVAL-CINE-S-ELENA-1536x1024.jpeg",1536,1024,true],"2048x2048":["https:\/\/www.uartes.edu.ec\/sitio\/wp-content\/uploads\/2023\/09\/04-FESTIVAL-CINE-S-ELENA.jpeg",2000,1333,false],"trp-custom-language-flag":["https:\/\/www.uartes.edu.ec\/sitio\/wp-content\/uploads\/2023\/09\/04-FESTIVAL-CINE-S-ELENA.jpeg",18,12,false],"htmega_size_585x295":["https:\/\/www.uartes.edu.ec\/sitio\/wp-content\/uploads\/2023\/09\/04-FESTIVAL-CINE-S-ELENA-585x295.jpeg",585,295,true],"htmega_size_1170x536":["https:\/\/www.uartes.edu.ec\/sitio\/wp-content\/uploads\/2023\/09\/04-FESTIVAL-CINE-S-ELENA-1170x536.jpeg",1170,536,true],"htmega_size_396x360":["https:\/\/www.uartes.edu.ec\/sitio\/wp-content\/uploads\/2023\/09\/04-FESTIVAL-CINE-S-ELENA-396x360.jpeg",396,360,true],"gb-block-post-grid-landscape":["https:\/\/www.uartes.edu.ec\/sitio\/wp-content\/uploads\/2023\/09\/04-FESTIVAL-CINE-S-ELENA-600x400.jpeg",600,400,true],"gb-block-post-grid-square":["https:\/\/www.uartes.edu.ec\/sitio\/wp-content\/uploads\/2023\/09\/04-FESTIVAL-CINE-S-ELENA-600x600.jpeg",600,600,true],"university-hub-thumb":["https:\/\/www.uartes.edu.ec\/sitio\/wp-content\/uploads\/2023\/09\/04-FESTIVAL-CINE-S-ELENA-400x267.jpeg",400,267,true]},"uagb_author_info":{"display_name":"ccortez","author_link":"https:\/\/www.uartes.edu.ec\/sitio\/en\/blog\/author\/ccortez\/"},"uagb_comment_info":0,"uagb_excerpt":"De las cuatro categor\u00edas que tuvo la 1era edici\u00f3n del FICSE, organizada por el Colectivo de Productores Audiovisuales Peninsulares, todas las conquistaron graduados UArtes. En Mirada Peninsular, el premio fue para el corto \u201cAsca\u201d, dirigido por Katherine Noguera; en Historias Costeras gan\u00f3 \u201cR\u00edo Perdido\u201d, de Mayra Pluas; en Mirada Nacional, \u201cSombras Envolventes\u201d de Michael Lojano;&hellip;","featured_image_src":"https:\/\/www.uartes.edu.ec\/sitio\/wp-content\/uploads\/2023\/09\/04-FESTIVAL-CINE-S-ELENA-600x400.jpeg","featured_image_src_square":"https:\/\/www.uartes.edu.ec\/sitio\/wp-content\/uploads\/2023\/09\/04-FESTIVAL-CINE-S-ELENA-600x600.jpeg","author_info":{"display_name":"ccortez","author_link":"https:\/\/www.uartes.edu.ec\/sitio\/en\/blog\/author\/ccortez\/"},"publishpress_future_workflow_manual_trigger":{"enabledWorkflows":[]},"distributor_meta":false,"distributor_terms":false,"distributor_media":false,"distributor_original_site_name":"Universidad de las Artes","distributor_original_site_url":"https:\/\/www.uartes.edu.ec\/sitio\/en","push-errors":false,"_links":{"self":[{"href":"https:\/\/www.uartes.edu.ec\/sitio\/en\/wp-json\/wp\/v2\/posts\/46425","targetHints":{"allow":["GET"]}}],"collection":[{"href":"https:\/\/www.uartes.edu.ec\/sitio\/en\/wp-json\/wp\/v2\/posts"}],"about":[{"href":"https:\/\/www.uartes.edu.ec\/sitio\/en\/wp-json\/wp\/v2\/types\/post"}],"author":[{"embeddable":true,"href":"https:\/\/www.uartes.edu.ec\/sitio\/en\/wp-json\/wp\/v2\/users\/10"}],"replies":[{"embeddable":true,"href":"https:\/\/www.uartes.edu.ec\/sitio\/en\/wp-json\/wp\/v2\/comments?post=46425"}],"version-history":[{"count":6,"href":"https:\/\/www.uartes.edu.ec\/sitio\/en\/wp-json\/wp\/v2\/posts\/46425\/revisions"}],"predecessor-version":[{"id":56982,"href":"https:\/\/www.uartes.edu.ec\/sitio\/en\/wp-json\/wp\/v2\/posts\/46425\/revisions\/56982"}],"wp:featuredmedia":[{"embeddable":true,"href":"https:\/\/www.uartes.edu.ec\/sitio\/en\/wp-json\/wp\/v2\/media\/46426"}],"wp:attachment":[{"href":"https:\/\/www.uartes.edu.ec\/sitio\/en\/wp-json\/wp\/v2\/media?parent=46425"}],"wp:term":[{"taxonomy":"category","embeddable":true,"href":"https:\/\/www.uartes.edu.ec\/sitio\/en\/wp-json\/wp\/v2\/categories?post=46425"},{"taxonomy":"post_tag","embeddable":true,"href":"https:\/\/www.uartes.edu.ec\/sitio\/en\/wp-json\/wp\/v2\/tags?post=46425"},{"taxonomy":"infouartes","embeddable":true,"href":"https:\/\/www.uartes.edu.ec\/sitio\/en\/wp-json\/wp\/v2\/infouartes?post=46425"}],"curies":[{"name":"wp","href":"https:\/\/api.w.org\/{rel}","templated":true}]}}