{"id":46437,"date":"2023-08-28T15:16:00","date_gmt":"2023-08-28T20:16:00","guid":{"rendered":"https:\/\/www.uartes.edu.ec\/sitio\/?p=46437"},"modified":"2024-07-04T11:20:47","modified_gmt":"2024-07-04T16:20:47","slug":"anec-la-mas-reciente-produccion-musical-de-la-cantautora-jenny-villafuerte-docente-de-la-eas","status":"publish","type":"post","link":"https:\/\/www.uartes.edu.ec\/sitio\/en\/blog\/2023\/08\/28\/anec-la-mas-reciente-produccion-musical-de-la-cantautora-jenny-villafuerte-docente-de-la-eas\/","title":{"rendered":"\u201cANEC\u201d, la m\u00e1s reciente producci\u00f3n musical de la cantante y compositora Jenny Villafuerte, docente de la EAS"},"content":{"rendered":"<p>\u201cANEC\u201d es la m\u00e1s reciente producci\u00f3n musical de la cantautora Jenny Villafuerte, docente de la Escuela de Artes Sonoras de la Universidad de las Artes. El t\u00edtulo del sencillo son las siglas de \u201cAunque no est\u00e9 contigo\u201d, una balada rom\u00e1ntica y envolvente para quien la escucha que est\u00e1 disponible desde el 18 de julio en todas las plataformas digitales y desde el 24 de agosto en la plataforma YouTube junto con el estreno de su v\u00eddeo.<\/p>\n\n\n\n<p>El tema es el segundo adelanto del EP (extended play) que saldr\u00e1 al mercado en los pr\u00f3ximos meses. Es tambi\u00e9n el proyecto musical con el que Jenny Villafuerte particip\u00f3 en la convocatoria de la XVIII edici\u00f3n del Festival Ecuador Jazz 2023, quedando entre los seleccionados. El evento se realizar\u00e1 del 14 al 24 de septiembre pr\u00f3ximo en Quito y su presentaci\u00f3n est\u00e1 programada para el domingo 17, a las 18:00, en el Teatro Nacional Sucre.<\/p>\n\n\n\n<p>Tambi\u00e9n de la UArtes tienen presencia en el Ecuador Jazz 2023 los docentes Carlos Iturralde con la agrupaci\u00f3n Pies en la Tierra y el disco de big band con el que celebra 20 a\u00f1os en los escenarios \u2013su presentaci\u00f3n ser\u00e1 el s\u00e1bado 16, a las 19:00, en el Teatro Nacional Sucre\u2013, y Andrey Astaiza, director de la Escuela de Artes Sonoras, quien interviene con \u201cChonta Madre\u201d, t\u00edtulo del tema que da nombre al \u00e1lbum que lo contiene; se presentar\u00e1 el domingo 24, a las 11:00, en el Centro Cultural Itchimb\u00eda.<\/p>\n\n\n<div class=\"wp-block-image\">\n<figure class=\"aligncenter size-large\"><img fetchpriority=\"high\" decoding=\"async\" width=\"644\" height=\"429\" src=\"https:\/\/www.uartes.edu.ec\/sitio\/wp-content\/uploads\/2023\/09\/JENNY-644x429.jpg\" alt=\"\" class=\"wp-image-46439\" srcset=\"https:\/\/www.uartes.edu.ec\/sitio\/wp-content\/uploads\/2023\/09\/JENNY-644x429.jpg 644w, https:\/\/www.uartes.edu.ec\/sitio\/wp-content\/uploads\/2023\/09\/JENNY-768x511.jpg 768w, https:\/\/www.uartes.edu.ec\/sitio\/wp-content\/uploads\/2023\/09\/JENNY.jpg 2000w, https:\/\/www.uartes.edu.ec\/sitio\/wp-content\/uploads\/2023\/09\/JENNY-600x399.jpg 600w, https:\/\/www.uartes.edu.ec\/sitio\/wp-content\/uploads\/2023\/09\/JENNY-272x182.jpg 272w\" sizes=\"(max-width: 644px) 100vw, 644px\" \/><\/figure>\n<\/div>\n\n\n<p>Sobre \u201cANEC\u201d, Jenny Villafuerte comenta que en su letra narra ese momento de ruptura con los que muchos podr\u00e1n identificarse. Ese remolino de emociones que esta genera, como la culpa, la cobard\u00eda, la incertidumbre y el miedo, todas transitando en nuestro interior.<\/p>\n\n\n\n<p>Disponible desde el 18 de julio en todas las plataformas digitales y desde este 24 de agosto en la plataforma YouTube, con el estreno de su video, en su producci\u00f3n intervino Ra\u00fal Molina, en la co-producci\u00f3n la misma Jenny y en la mezcla y mastering Miguel \u00c1ngel Espinoza.<\/p>\n\n\n\n<p>Musicalmente, en el pa\u00eds el sonido de Jenny Villafuerte es considerado pionero en la fusi\u00f3n del pop con otros g\u00e9neros musicales. Su m\u00fasica est\u00e1 influenciada por el soul, funk y jazz, los cuales, junto a su voz y su guitarra ac\u00fastica, dan como resultado una fusi\u00f3n innovadora poco explorada por una cantautora guayaquile\u00f1a en la primera d\u00e9cada del 2000.<\/p>\n\n\n\n<p>El debut de Jenny Villafuerte como solista se dio en 2016 con el \u00e1lbum \u00abDa\u00f1ino\u00bb. En 2020 lanz\u00f3 \u201cMagia\u201d junto a Mirella Cesa y El Cholo, y en 2022 \u00abDe ti\u00bb, un r&amp;b cargado de sensualidad y de emociones que provoca el amor, marcando una nueva etapa de la artista. Ese mismo a\u00f1o, la Universidad de las Artes le otorg\u00f3 por el \u00e1lbum \u201cDa\u00f1ino\u201d el reconocimiento como Obra Art\u00edstica Relevante.<\/p>\n\n\n\n<p>Fotos: Cortes\u00eda Jenny Villafuerte<br>Texto: Carmen Cortez\/Andrea Berm\u00fadez, estudiante de Literatura.<\/p>","protected":false},"excerpt":{"rendered":"<p>El sencillo es el segundo adelanto del EP que prepara y tambi\u00e9n es el proyecto musical con el que participar\u00e1 en el XVIII Festival Ecuador Jazz que se realizar\u00e1 en Quito. En esa cita de relevancia internacional, de la Universidad de las Artes tendr\u00e1n igualmente presencia Andrey Astaiza, director de la Escuela de Artes Sonoras, y el docente Carlos Iturralde, integrante fundador de la agrupaci\u00f3n Pies en la Tierra.<\/p>","protected":false},"author":10,"featured_media":46438,"comment_status":"open","ping_status":"open","sticky":false,"template":"","format":"standard","meta":{"_acf_changed":false,"_uag_custom_page_level_css":"","_monsterinsights_skip_tracking":false,"_monsterinsights_sitenote_active":false,"_monsterinsights_sitenote_note":"","_monsterinsights_sitenote_category":0,"cybocfi_hide_featured_image":"","footnotes":""},"categories":[82,150,75],"tags":[496],"infouartes":[],"class_list":["post-46437","post","type-post","status-publish","format-standard","has-post-thumbnail","hentry","category-artes","category-artes-sonoras","category-docentes","tag-produccion-musical"],"acf":[],"yoast_head":"<!-- This site is optimized with the Yoast SEO plugin v27.4 - https:\/\/yoast.com\/product\/yoast-seo-wordpress\/ -->\n<title>Universidad de las Artes - \u201cANEC\u201d, la m\u00e1s reciente producci\u00f3n musical de la cantante y compositora Jenny Villafuerte, docente de la EAS<\/title>\n<meta name=\"description\" content=\"Universidad de las Artes - \u201cANEC\u201d, la m\u00e1s reciente producci\u00f3n musical de la cantante y compositora Jenny Villafuerte, docente de la EAS\" \/>\n<meta name=\"robots\" content=\"index, follow, max-snippet:-1, max-image-preview:large, max-video-preview:-1\" \/>\n<link rel=\"canonical\" href=\"https:\/\/www.uartes.edu.ec\/sitio\/en\/blog\/2023\/08\/28\/anec-la-mas-reciente-produccion-musical-de-la-cantautora-jenny-villafuerte-docente-de-la-eas\/\" \/>\n<meta property=\"og:locale\" content=\"en_US\" \/>\n<meta property=\"og:type\" content=\"article\" \/>\n<meta property=\"og:title\" content=\"Universidad de las Artes - \u201cANEC\u201d, la m\u00e1s reciente producci\u00f3n musical de la cantante y compositora Jenny Villafuerte, docente de la EAS\" \/>\n<meta property=\"og:description\" content=\"Universidad de las Artes - \u201cANEC\u201d, la m\u00e1s reciente producci\u00f3n musical de la cantante y compositora Jenny Villafuerte, docente de la EAS\" \/>\n<meta property=\"og:url\" content=\"https:\/\/www.uartes.edu.ec\/sitio\/en\/blog\/2023\/08\/28\/anec-la-mas-reciente-produccion-musical-de-la-cantautora-jenny-villafuerte-docente-de-la-eas\/\" \/>\n<meta property=\"og:site_name\" content=\"Universidad de las Artes\" \/>\n<meta property=\"article:publisher\" content=\"https:\/\/www.facebook.com\/uartesec\" \/>\n<meta property=\"article:published_time\" content=\"2023-08-28T20:16:00+00:00\" \/>\n<meta property=\"article:modified_time\" content=\"2024-07-04T16:20:47+00:00\" \/>\n<meta property=\"og:image\" content=\"https:\/\/www.uartes.edu.ec\/sitio\/wp-content\/uploads\/2023\/09\/JVILLAFUERTE-ANEC-01.jpg\" \/>\n\t<meta property=\"og:image:width\" content=\"2000\" \/>\n\t<meta property=\"og:image:height\" content=\"1333\" \/>\n\t<meta property=\"og:image:type\" content=\"image\/jpeg\" \/>\n<meta name=\"author\" content=\"ccortez\" \/>\n<meta name=\"twitter:card\" content=\"summary_large_image\" \/>\n<meta name=\"twitter:creator\" content=\"@uartesec\" \/>\n<meta name=\"twitter:site\" content=\"@uartesec\" \/>\n<meta name=\"twitter:label1\" content=\"Written by\" \/>\n\t<meta name=\"twitter:data1\" content=\"ccortez\" \/>\n\t<meta name=\"twitter:label2\" content=\"Est. reading time\" \/>\n\t<meta name=\"twitter:data2\" content=\"3 minutes\" \/>\n<script type=\"application\/ld+json\" class=\"yoast-schema-graph\">{\"@context\":\"https:\\\/\\\/schema.org\",\"@graph\":[{\"@type\":\"Article\",\"@id\":\"https:\\\/\\\/www.uartes.edu.ec\\\/sitio\\\/en\\\/blog\\\/2023\\\/08\\\/28\\\/anec-la-mas-reciente-produccion-musical-de-la-cantautora-jenny-villafuerte-docente-de-la-eas\\\/#article\",\"isPartOf\":{\"@id\":\"https:\\\/\\\/www.uartes.edu.ec\\\/sitio\\\/en\\\/blog\\\/2023\\\/08\\\/28\\\/anec-la-mas-reciente-produccion-musical-de-la-cantautora-jenny-villafuerte-docente-de-la-eas\\\/\"},\"author\":{\"name\":\"ccortez\",\"@id\":\"https:\\\/\\\/www.uartes.edu.ec\\\/sitio\\\/en\\\/#\\\/schema\\\/person\\\/efa1b8275797664fd7f13a79ccc0b1f4\"},\"headline\":\"\u201cANEC\u201d, la m\u00e1s reciente producci\u00f3n musical de la cantante y compositora Jenny Villafuerte, docente de la EAS\",\"datePublished\":\"2023-08-28T20:16:00+00:00\",\"dateModified\":\"2024-07-04T16:20:47+00:00\",\"mainEntityOfPage\":{\"@id\":\"https:\\\/\\\/www.uartes.edu.ec\\\/sitio\\\/en\\\/blog\\\/2023\\\/08\\\/28\\\/anec-la-mas-reciente-produccion-musical-de-la-cantautora-jenny-villafuerte-docente-de-la-eas\\\/\"},\"wordCount\":509,\"commentCount\":0,\"publisher\":{\"@id\":\"https:\\\/\\\/www.uartes.edu.ec\\\/sitio\\\/en\\\/#organization\"},\"image\":{\"@id\":\"https:\\\/\\\/www.uartes.edu.ec\\\/sitio\\\/en\\\/blog\\\/2023\\\/08\\\/28\\\/anec-la-mas-reciente-produccion-musical-de-la-cantautora-jenny-villafuerte-docente-de-la-eas\\\/#primaryimage\"},\"thumbnailUrl\":\"https:\\\/\\\/www.uartes.edu.ec\\\/sitio\\\/wp-content\\\/uploads\\\/2023\\\/09\\\/JVILLAFUERTE-ANEC-01.jpg\",\"keywords\":[\"producci\u00f3n musical\"],\"articleSection\":[\"Artes\",\"Artes Sonoras\",\"Docentes\"],\"inLanguage\":\"en-US\",\"potentialAction\":[{\"@type\":\"CommentAction\",\"name\":\"Comment\",\"target\":[\"https:\\\/\\\/www.uartes.edu.ec\\\/sitio\\\/en\\\/blog\\\/2023\\\/08\\\/28\\\/anec-la-mas-reciente-produccion-musical-de-la-cantautora-jenny-villafuerte-docente-de-la-eas\\\/#respond\"]}]},{\"@type\":[\"WebPage\",\"ItemPage\"],\"@id\":\"https:\\\/\\\/www.uartes.edu.ec\\\/sitio\\\/en\\\/blog\\\/2023\\\/08\\\/28\\\/anec-la-mas-reciente-produccion-musical-de-la-cantautora-jenny-villafuerte-docente-de-la-eas\\\/\",\"url\":\"https:\\\/\\\/www.uartes.edu.ec\\\/sitio\\\/en\\\/blog\\\/2023\\\/08\\\/28\\\/anec-la-mas-reciente-produccion-musical-de-la-cantautora-jenny-villafuerte-docente-de-la-eas\\\/\",\"name\":\"Universidad de las Artes - \u201cANEC\u201d, la m\u00e1s reciente producci\u00f3n musical de la cantante y compositora Jenny Villafuerte, docente de la EAS\",\"isPartOf\":{\"@id\":\"https:\\\/\\\/www.uartes.edu.ec\\\/sitio\\\/en\\\/#website\"},\"primaryImageOfPage\":{\"@id\":\"https:\\\/\\\/www.uartes.edu.ec\\\/sitio\\\/en\\\/blog\\\/2023\\\/08\\\/28\\\/anec-la-mas-reciente-produccion-musical-de-la-cantautora-jenny-villafuerte-docente-de-la-eas\\\/#primaryimage\"},\"image\":{\"@id\":\"https:\\\/\\\/www.uartes.edu.ec\\\/sitio\\\/en\\\/blog\\\/2023\\\/08\\\/28\\\/anec-la-mas-reciente-produccion-musical-de-la-cantautora-jenny-villafuerte-docente-de-la-eas\\\/#primaryimage\"},\"thumbnailUrl\":\"https:\\\/\\\/www.uartes.edu.ec\\\/sitio\\\/wp-content\\\/uploads\\\/2023\\\/09\\\/JVILLAFUERTE-ANEC-01.jpg\",\"datePublished\":\"2023-08-28T20:16:00+00:00\",\"dateModified\":\"2024-07-04T16:20:47+00:00\",\"description\":\"Universidad de las Artes - \u201cANEC\u201d, la m\u00e1s reciente producci\u00f3n musical de la cantante y compositora Jenny Villafuerte, docente de la EAS\",\"breadcrumb\":{\"@id\":\"https:\\\/\\\/www.uartes.edu.ec\\\/sitio\\\/en\\\/blog\\\/2023\\\/08\\\/28\\\/anec-la-mas-reciente-produccion-musical-de-la-cantautora-jenny-villafuerte-docente-de-la-eas\\\/#breadcrumb\"},\"inLanguage\":\"en-US\",\"potentialAction\":[{\"@type\":\"ReadAction\",\"target\":[\"https:\\\/\\\/www.uartes.edu.ec\\\/sitio\\\/en\\\/blog\\\/2023\\\/08\\\/28\\\/anec-la-mas-reciente-produccion-musical-de-la-cantautora-jenny-villafuerte-docente-de-la-eas\\\/\"]}]},{\"@type\":\"ImageObject\",\"inLanguage\":\"en-US\",\"@id\":\"https:\\\/\\\/www.uartes.edu.ec\\\/sitio\\\/en\\\/blog\\\/2023\\\/08\\\/28\\\/anec-la-mas-reciente-produccion-musical-de-la-cantautora-jenny-villafuerte-docente-de-la-eas\\\/#primaryimage\",\"url\":\"https:\\\/\\\/www.uartes.edu.ec\\\/sitio\\\/wp-content\\\/uploads\\\/2023\\\/09\\\/JVILLAFUERTE-ANEC-01.jpg\",\"contentUrl\":\"https:\\\/\\\/www.uartes.edu.ec\\\/sitio\\\/wp-content\\\/uploads\\\/2023\\\/09\\\/JVILLAFUERTE-ANEC-01.jpg\",\"width\":2000,\"height\":1333},{\"@type\":\"BreadcrumbList\",\"@id\":\"https:\\\/\\\/www.uartes.edu.ec\\\/sitio\\\/en\\\/blog\\\/2023\\\/08\\\/28\\\/anec-la-mas-reciente-produccion-musical-de-la-cantautora-jenny-villafuerte-docente-de-la-eas\\\/#breadcrumb\",\"itemListElement\":[{\"@type\":\"ListItem\",\"position\":1,\"name\":\"Inicio\",\"item\":\"https:\\\/\\\/www.uartes.edu.ec\\\/sitio\\\/\"},{\"@type\":\"ListItem\",\"position\":2,\"name\":\"\u201cANEC\u201d, la m\u00e1s reciente producci\u00f3n musical de la cantante y compositora Jenny Villafuerte, docente de la EAS\"}]},{\"@type\":\"WebSite\",\"@id\":\"https:\\\/\\\/www.uartes.edu.ec\\\/sitio\\\/en\\\/#website\",\"url\":\"https:\\\/\\\/www.uartes.edu.ec\\\/sitio\\\/en\\\/\",\"name\":\"Universidad de las Artes\",\"description\":\"Sitio oficial de la Universidad Nacional de las Artes del Ecuador\",\"publisher\":{\"@id\":\"https:\\\/\\\/www.uartes.edu.ec\\\/sitio\\\/en\\\/#organization\"},\"potentialAction\":[{\"@type\":\"SearchAction\",\"target\":{\"@type\":\"EntryPoint\",\"urlTemplate\":\"https:\\\/\\\/www.uartes.edu.ec\\\/sitio\\\/en\\\/?s={search_term_string}\"},\"query-input\":{\"@type\":\"PropertyValueSpecification\",\"valueRequired\":true,\"valueName\":\"search_term_string\"}}],\"inLanguage\":\"en-US\"},{\"@type\":\"Organization\",\"@id\":\"https:\\\/\\\/www.uartes.edu.ec\\\/sitio\\\/en\\\/#organization\",\"name\":\"Universidad de las Artes\",\"url\":\"https:\\\/\\\/www.uartes.edu.ec\\\/sitio\\\/en\\\/\",\"logo\":{\"@type\":\"ImageObject\",\"inLanguage\":\"en-US\",\"@id\":\"https:\\\/\\\/www.uartes.edu.ec\\\/sitio\\\/en\\\/#\\\/schema\\\/logo\\\/image\\\/\",\"url\":\"https:\\\/\\\/www.uartes.edu.ec\\\/sitio\\\/wp-content\\\/uploads\\\/2022\\\/07\\\/logo-ua-horizontal.png\",\"contentUrl\":\"https:\\\/\\\/www.uartes.edu.ec\\\/sitio\\\/wp-content\\\/uploads\\\/2022\\\/07\\\/logo-ua-horizontal.png\",\"width\":800,\"height\":276,\"caption\":\"Universidad de las Artes\"},\"image\":{\"@id\":\"https:\\\/\\\/www.uartes.edu.ec\\\/sitio\\\/en\\\/#\\\/schema\\\/logo\\\/image\\\/\"},\"sameAs\":[\"https:\\\/\\\/www.facebook.com\\\/uartesec\",\"https:\\\/\\\/x.com\\\/uartesec\",\"https:\\\/\\\/www.tiktok.com\\\/@uartesec\"]},{\"@type\":\"Person\",\"@id\":\"https:\\\/\\\/www.uartes.edu.ec\\\/sitio\\\/en\\\/#\\\/schema\\\/person\\\/efa1b8275797664fd7f13a79ccc0b1f4\",\"name\":\"ccortez\",\"image\":{\"@type\":\"ImageObject\",\"inLanguage\":\"en-US\",\"@id\":\"https:\\\/\\\/secure.gravatar.com\\\/avatar\\\/b2a6f664a3ae8e074346ef91775736c5ec479e637ecced6842de9dc98b5da9cd?s=96&d=mm&r=g\",\"url\":\"https:\\\/\\\/secure.gravatar.com\\\/avatar\\\/b2a6f664a3ae8e074346ef91775736c5ec479e637ecced6842de9dc98b5da9cd?s=96&d=mm&r=g\",\"contentUrl\":\"https:\\\/\\\/secure.gravatar.com\\\/avatar\\\/b2a6f664a3ae8e074346ef91775736c5ec479e637ecced6842de9dc98b5da9cd?s=96&d=mm&r=g\",\"caption\":\"ccortez\"},\"url\":\"https:\\\/\\\/www.uartes.edu.ec\\\/sitio\\\/en\\\/blog\\\/author\\\/ccortez\\\/\"}]}<\/script>\n<!-- \/ Yoast SEO plugin. -->","yoast_head_json":{"title":"Universidad de las Artes - \u201cANEC\u201d, la m\u00e1s reciente producci\u00f3n musical de la cantante y compositora Jenny Villafuerte, docente de la EAS","description":"Universidad de las Artes - \u201cANEC\u201d, la m\u00e1s reciente producci\u00f3n musical de la cantante y compositora Jenny Villafuerte, docente de la EAS","robots":{"index":"index","follow":"follow","max-snippet":"max-snippet:-1","max-image-preview":"max-image-preview:large","max-video-preview":"max-video-preview:-1"},"canonical":"https:\/\/www.uartes.edu.ec\/sitio\/en\/blog\/2023\/08\/28\/anec-la-mas-reciente-produccion-musical-de-la-cantautora-jenny-villafuerte-docente-de-la-eas\/","og_locale":"en_US","og_type":"article","og_title":"Universidad de las Artes - \u201cANEC\u201d, la m\u00e1s reciente producci\u00f3n musical de la cantante y compositora Jenny Villafuerte, docente de la EAS","og_description":"Universidad de las Artes - \u201cANEC\u201d, la m\u00e1s reciente producci\u00f3n musical de la cantante y compositora Jenny Villafuerte, docente de la EAS","og_url":"https:\/\/www.uartes.edu.ec\/sitio\/en\/blog\/2023\/08\/28\/anec-la-mas-reciente-produccion-musical-de-la-cantautora-jenny-villafuerte-docente-de-la-eas\/","og_site_name":"Universidad de las Artes","article_publisher":"https:\/\/www.facebook.com\/uartesec","article_published_time":"2023-08-28T20:16:00+00:00","article_modified_time":"2024-07-04T16:20:47+00:00","og_image":[{"width":2000,"height":1333,"url":"https:\/\/www.uartes.edu.ec\/sitio\/wp-content\/uploads\/2023\/09\/JVILLAFUERTE-ANEC-01.jpg","type":"image\/jpeg"}],"author":"ccortez","twitter_card":"summary_large_image","twitter_creator":"@uartesec","twitter_site":"@uartesec","twitter_misc":{"Written by":"ccortez","Est. reading time":"3 minutes"},"schema":{"@context":"https:\/\/schema.org","@graph":[{"@type":"Article","@id":"https:\/\/www.uartes.edu.ec\/sitio\/en\/blog\/2023\/08\/28\/anec-la-mas-reciente-produccion-musical-de-la-cantautora-jenny-villafuerte-docente-de-la-eas\/#article","isPartOf":{"@id":"https:\/\/www.uartes.edu.ec\/sitio\/en\/blog\/2023\/08\/28\/anec-la-mas-reciente-produccion-musical-de-la-cantautora-jenny-villafuerte-docente-de-la-eas\/"},"author":{"name":"ccortez","@id":"https:\/\/www.uartes.edu.ec\/sitio\/en\/#\/schema\/person\/efa1b8275797664fd7f13a79ccc0b1f4"},"headline":"\u201cANEC\u201d, la m\u00e1s reciente producci\u00f3n musical de la cantante y compositora Jenny Villafuerte, docente de la EAS","datePublished":"2023-08-28T20:16:00+00:00","dateModified":"2024-07-04T16:20:47+00:00","mainEntityOfPage":{"@id":"https:\/\/www.uartes.edu.ec\/sitio\/en\/blog\/2023\/08\/28\/anec-la-mas-reciente-produccion-musical-de-la-cantautora-jenny-villafuerte-docente-de-la-eas\/"},"wordCount":509,"commentCount":0,"publisher":{"@id":"https:\/\/www.uartes.edu.ec\/sitio\/en\/#organization"},"image":{"@id":"https:\/\/www.uartes.edu.ec\/sitio\/en\/blog\/2023\/08\/28\/anec-la-mas-reciente-produccion-musical-de-la-cantautora-jenny-villafuerte-docente-de-la-eas\/#primaryimage"},"thumbnailUrl":"https:\/\/www.uartes.edu.ec\/sitio\/wp-content\/uploads\/2023\/09\/JVILLAFUERTE-ANEC-01.jpg","keywords":["producci\u00f3n musical"],"articleSection":["Artes","Artes Sonoras","Docentes"],"inLanguage":"en-US","potentialAction":[{"@type":"CommentAction","name":"Comment","target":["https:\/\/www.uartes.edu.ec\/sitio\/en\/blog\/2023\/08\/28\/anec-la-mas-reciente-produccion-musical-de-la-cantautora-jenny-villafuerte-docente-de-la-eas\/#respond"]}]},{"@type":["WebPage","ItemPage"],"@id":"https:\/\/www.uartes.edu.ec\/sitio\/en\/blog\/2023\/08\/28\/anec-la-mas-reciente-produccion-musical-de-la-cantautora-jenny-villafuerte-docente-de-la-eas\/","url":"https:\/\/www.uartes.edu.ec\/sitio\/en\/blog\/2023\/08\/28\/anec-la-mas-reciente-produccion-musical-de-la-cantautora-jenny-villafuerte-docente-de-la-eas\/","name":"Universidad de las Artes - \u201cANEC\u201d, la m\u00e1s reciente producci\u00f3n musical de la cantante y compositora Jenny Villafuerte, docente de la EAS","isPartOf":{"@id":"https:\/\/www.uartes.edu.ec\/sitio\/en\/#website"},"primaryImageOfPage":{"@id":"https:\/\/www.uartes.edu.ec\/sitio\/en\/blog\/2023\/08\/28\/anec-la-mas-reciente-produccion-musical-de-la-cantautora-jenny-villafuerte-docente-de-la-eas\/#primaryimage"},"image":{"@id":"https:\/\/www.uartes.edu.ec\/sitio\/en\/blog\/2023\/08\/28\/anec-la-mas-reciente-produccion-musical-de-la-cantautora-jenny-villafuerte-docente-de-la-eas\/#primaryimage"},"thumbnailUrl":"https:\/\/www.uartes.edu.ec\/sitio\/wp-content\/uploads\/2023\/09\/JVILLAFUERTE-ANEC-01.jpg","datePublished":"2023-08-28T20:16:00+00:00","dateModified":"2024-07-04T16:20:47+00:00","description":"Universidad de las Artes - \u201cANEC\u201d, la m\u00e1s reciente producci\u00f3n musical de la cantante y compositora Jenny Villafuerte, docente de la EAS","breadcrumb":{"@id":"https:\/\/www.uartes.edu.ec\/sitio\/en\/blog\/2023\/08\/28\/anec-la-mas-reciente-produccion-musical-de-la-cantautora-jenny-villafuerte-docente-de-la-eas\/#breadcrumb"},"inLanguage":"en-US","potentialAction":[{"@type":"ReadAction","target":["https:\/\/www.uartes.edu.ec\/sitio\/en\/blog\/2023\/08\/28\/anec-la-mas-reciente-produccion-musical-de-la-cantautora-jenny-villafuerte-docente-de-la-eas\/"]}]},{"@type":"ImageObject","inLanguage":"en-US","@id":"https:\/\/www.uartes.edu.ec\/sitio\/en\/blog\/2023\/08\/28\/anec-la-mas-reciente-produccion-musical-de-la-cantautora-jenny-villafuerte-docente-de-la-eas\/#primaryimage","url":"https:\/\/www.uartes.edu.ec\/sitio\/wp-content\/uploads\/2023\/09\/JVILLAFUERTE-ANEC-01.jpg","contentUrl":"https:\/\/www.uartes.edu.ec\/sitio\/wp-content\/uploads\/2023\/09\/JVILLAFUERTE-ANEC-01.jpg","width":2000,"height":1333},{"@type":"BreadcrumbList","@id":"https:\/\/www.uartes.edu.ec\/sitio\/en\/blog\/2023\/08\/28\/anec-la-mas-reciente-produccion-musical-de-la-cantautora-jenny-villafuerte-docente-de-la-eas\/#breadcrumb","itemListElement":[{"@type":"ListItem","position":1,"name":"Inicio","item":"https:\/\/www.uartes.edu.ec\/sitio\/"},{"@type":"ListItem","position":2,"name":"\u201cANEC\u201d, la m\u00e1s reciente producci\u00f3n musical de la cantante y compositora Jenny Villafuerte, docente de la EAS"}]},{"@type":"WebSite","@id":"https:\/\/www.uartes.edu.ec\/sitio\/en\/#website","url":"https:\/\/www.uartes.edu.ec\/sitio\/en\/","name":"Universidad de las Artes","description":"Sitio oficial de la Universidad Nacional de las Artes del Ecuador","publisher":{"@id":"https:\/\/www.uartes.edu.ec\/sitio\/en\/#organization"},"potentialAction":[{"@type":"SearchAction","target":{"@type":"EntryPoint","urlTemplate":"https:\/\/www.uartes.edu.ec\/sitio\/en\/?s={search_term_string}"},"query-input":{"@type":"PropertyValueSpecification","valueRequired":true,"valueName":"search_term_string"}}],"inLanguage":"en-US"},{"@type":"Organization","@id":"https:\/\/www.uartes.edu.ec\/sitio\/en\/#organization","name":"Universidad de las Artes","url":"https:\/\/www.uartes.edu.ec\/sitio\/en\/","logo":{"@type":"ImageObject","inLanguage":"en-US","@id":"https:\/\/www.uartes.edu.ec\/sitio\/en\/#\/schema\/logo\/image\/","url":"https:\/\/www.uartes.edu.ec\/sitio\/wp-content\/uploads\/2022\/07\/logo-ua-horizontal.png","contentUrl":"https:\/\/www.uartes.edu.ec\/sitio\/wp-content\/uploads\/2022\/07\/logo-ua-horizontal.png","width":800,"height":276,"caption":"Universidad de las Artes"},"image":{"@id":"https:\/\/www.uartes.edu.ec\/sitio\/en\/#\/schema\/logo\/image\/"},"sameAs":["https:\/\/www.facebook.com\/uartesec","https:\/\/x.com\/uartesec","https:\/\/www.tiktok.com\/@uartesec"]},{"@type":"Person","@id":"https:\/\/www.uartes.edu.ec\/sitio\/en\/#\/schema\/person\/efa1b8275797664fd7f13a79ccc0b1f4","name":"ccortez","image":{"@type":"ImageObject","inLanguage":"en-US","@id":"https:\/\/secure.gravatar.com\/avatar\/b2a6f664a3ae8e074346ef91775736c5ec479e637ecced6842de9dc98b5da9cd?s=96&d=mm&r=g","url":"https:\/\/secure.gravatar.com\/avatar\/b2a6f664a3ae8e074346ef91775736c5ec479e637ecced6842de9dc98b5da9cd?s=96&d=mm&r=g","contentUrl":"https:\/\/secure.gravatar.com\/avatar\/b2a6f664a3ae8e074346ef91775736c5ec479e637ecced6842de9dc98b5da9cd?s=96&d=mm&r=g","caption":"ccortez"},"url":"https:\/\/www.uartes.edu.ec\/sitio\/en\/blog\/author\/ccortez\/"}]}},"uagb_featured_image_src":{"full":["https:\/\/www.uartes.edu.ec\/sitio\/wp-content\/uploads\/2023\/09\/JVILLAFUERTE-ANEC-01.jpg",2000,1333,false],"thumbnail":["https:\/\/www.uartes.edu.ec\/sitio\/wp-content\/uploads\/2023\/09\/JVILLAFUERTE-ANEC-01-150x150.jpg",150,150,true],"medium":["https:\/\/www.uartes.edu.ec\/sitio\/wp-content\/uploads\/2023\/09\/JVILLAFUERTE-ANEC-01-300x200.jpg",300,200,true],"medium_large":["https:\/\/www.uartes.edu.ec\/sitio\/wp-content\/uploads\/2023\/09\/JVILLAFUERTE-ANEC-01-768x512.jpg",768,512,true],"large":["https:\/\/www.uartes.edu.ec\/sitio\/wp-content\/uploads\/2023\/09\/JVILLAFUERTE-ANEC-01-644x429.jpg",644,429,true],"1536x1536":["https:\/\/www.uartes.edu.ec\/sitio\/wp-content\/uploads\/2023\/09\/JVILLAFUERTE-ANEC-01-1536x1024.jpg",1536,1024,true],"2048x2048":["https:\/\/www.uartes.edu.ec\/sitio\/wp-content\/uploads\/2023\/09\/JVILLAFUERTE-ANEC-01.jpg",2000,1333,false],"trp-custom-language-flag":["https:\/\/www.uartes.edu.ec\/sitio\/wp-content\/uploads\/2023\/09\/JVILLAFUERTE-ANEC-01.jpg",18,12,false],"htmega_size_585x295":["https:\/\/www.uartes.edu.ec\/sitio\/wp-content\/uploads\/2023\/09\/JVILLAFUERTE-ANEC-01-585x295.jpg",585,295,true],"htmega_size_1170x536":["https:\/\/www.uartes.edu.ec\/sitio\/wp-content\/uploads\/2023\/09\/JVILLAFUERTE-ANEC-01-1170x536.jpg",1170,536,true],"htmega_size_396x360":["https:\/\/www.uartes.edu.ec\/sitio\/wp-content\/uploads\/2023\/09\/JVILLAFUERTE-ANEC-01-396x360.jpg",396,360,true],"gb-block-post-grid-landscape":["https:\/\/www.uartes.edu.ec\/sitio\/wp-content\/uploads\/2023\/09\/JVILLAFUERTE-ANEC-01-600x400.jpg",600,400,true],"gb-block-post-grid-square":["https:\/\/www.uartes.edu.ec\/sitio\/wp-content\/uploads\/2023\/09\/JVILLAFUERTE-ANEC-01-600x600.jpg",600,600,true],"university-hub-thumb":["https:\/\/www.uartes.edu.ec\/sitio\/wp-content\/uploads\/2023\/09\/JVILLAFUERTE-ANEC-01-400x267.jpg",400,267,true]},"uagb_author_info":{"display_name":"ccortez","author_link":"https:\/\/www.uartes.edu.ec\/sitio\/en\/blog\/author\/ccortez\/"},"uagb_comment_info":0,"uagb_excerpt":"El sencillo es el segundo adelanto del EP que prepara y tambi\u00e9n es el proyecto musical con el que participar\u00e1 en el XVIII Festival Ecuador Jazz que se realizar\u00e1 en Quito. En esa cita de relevancia internacional, de la Universidad de las Artes tendr\u00e1n igualmente presencia Andrey Astaiza, director de la Escuela de Artes Sonoras,&hellip;","featured_image_src":"https:\/\/www.uartes.edu.ec\/sitio\/wp-content\/uploads\/2023\/09\/JVILLAFUERTE-ANEC-01-600x400.jpg","featured_image_src_square":"https:\/\/www.uartes.edu.ec\/sitio\/wp-content\/uploads\/2023\/09\/JVILLAFUERTE-ANEC-01-600x600.jpg","author_info":{"display_name":"ccortez","author_link":"https:\/\/www.uartes.edu.ec\/sitio\/en\/blog\/author\/ccortez\/"},"publishpress_future_workflow_manual_trigger":{"enabledWorkflows":[]},"distributor_meta":false,"distributor_terms":false,"distributor_media":false,"distributor_original_site_name":"Universidad de las Artes","distributor_original_site_url":"https:\/\/www.uartes.edu.ec\/sitio\/en","push-errors":false,"_links":{"self":[{"href":"https:\/\/www.uartes.edu.ec\/sitio\/en\/wp-json\/wp\/v2\/posts\/46437","targetHints":{"allow":["GET"]}}],"collection":[{"href":"https:\/\/www.uartes.edu.ec\/sitio\/en\/wp-json\/wp\/v2\/posts"}],"about":[{"href":"https:\/\/www.uartes.edu.ec\/sitio\/en\/wp-json\/wp\/v2\/types\/post"}],"author":[{"embeddable":true,"href":"https:\/\/www.uartes.edu.ec\/sitio\/en\/wp-json\/wp\/v2\/users\/10"}],"replies":[{"embeddable":true,"href":"https:\/\/www.uartes.edu.ec\/sitio\/en\/wp-json\/wp\/v2\/comments?post=46437"}],"version-history":[{"count":9,"href":"https:\/\/www.uartes.edu.ec\/sitio\/en\/wp-json\/wp\/v2\/posts\/46437\/revisions"}],"predecessor-version":[{"id":56983,"href":"https:\/\/www.uartes.edu.ec\/sitio\/en\/wp-json\/wp\/v2\/posts\/46437\/revisions\/56983"}],"wp:featuredmedia":[{"embeddable":true,"href":"https:\/\/www.uartes.edu.ec\/sitio\/en\/wp-json\/wp\/v2\/media\/46438"}],"wp:attachment":[{"href":"https:\/\/www.uartes.edu.ec\/sitio\/en\/wp-json\/wp\/v2\/media?parent=46437"}],"wp:term":[{"taxonomy":"category","embeddable":true,"href":"https:\/\/www.uartes.edu.ec\/sitio\/en\/wp-json\/wp\/v2\/categories?post=46437"},{"taxonomy":"post_tag","embeddable":true,"href":"https:\/\/www.uartes.edu.ec\/sitio\/en\/wp-json\/wp\/v2\/tags?post=46437"},{"taxonomy":"infouartes","embeddable":true,"href":"https:\/\/www.uartes.edu.ec\/sitio\/en\/wp-json\/wp\/v2\/infouartes?post=46437"}],"curies":[{"name":"wp","href":"https:\/\/api.w.org\/{rel}","templated":true}]}}