{"id":46481,"date":"2023-08-28T16:01:21","date_gmt":"2023-08-28T21:01:21","guid":{"rendered":"https:\/\/www.uartes.edu.ec\/sitio\/?p=46481"},"modified":"2024-07-04T11:20:47","modified_gmt":"2024-07-04T16:20:47","slug":"en-plan-de-viernes-la-comunidad-uartes-recorre-los-espacios-y-propuestas-expositivas-del-maac","status":"publish","type":"post","link":"https:\/\/www.uartes.edu.ec\/sitio\/en\/blog\/2023\/08\/28\/en-plan-de-viernes-la-comunidad-uartes-recorre-los-espacios-y-propuestas-expositivas-del-maac\/","title":{"rendered":"En el Plan de Viernes, la comunidad UArtes recorre los espacios y las propuestas expositivas del MAAC"},"content":{"rendered":"<p>El Museo Antropol\u00f3gico y de Arte Contempor\u00e1neo (MAAC) fue el destino que tuvo el Plan de Viernes UArtes del pasado 25 de agosto. Ubicado en el Malec\u00f3n Sim\u00f3n Bol\u00edvar \u2013a la altura de la calle Loja, frente al r\u00edo Guayas y junto al Barrio Las Pe\u00f1as\u2013, el emblem\u00e1tico lugar cuya infraestructura se asemeja a una balsa Huancavilca recibi\u00f3 a administrativos y trabajadores de nuestra instituci\u00f3n de educaci\u00f3n superior.<\/p>\n\n\n\n<p>La iniciativa del Plan del Viernes surgi\u00f3 en enero pasado desde el rectorado, con el prop\u00f3sito de acercar a los servidores UArtes a los resultados de los procesos creativos y de investigaci\u00f3n art\u00edstica que tienen lugar dentro y fuera de nuestra instituci\u00f3n; una invitaci\u00f3n a conocer obras, presentaciones, muestras de nuestros estudiantes y docentes de nuestras carreras y de lo que acontece en el \u00e1mbito art\u00edstico y cultural de la ciudad.<\/p>\n\n\n\n<p>En ese sentido, as\u00ed como el MAAC, han sido visitados los museos Municipal de Guayaquil y del Cacao. En el Museo Antropol\u00f3gico y de Arte Contempor\u00e1neo, el rector William Herrera, la gerente de UArtes EP, Sabrina Ibarra; la directora de Talento Humano, J\u00e9ssica Plaza; la psic\u00f3loga Ingrid Andrade, el analista de Vinculaci\u00f3n con la Comunidad Ronny Ramos y un nutrido grupo de funcionarios fueron recibidos por el mediador educativo Cristian Levi y la responsable de servicios culturales Clara Medina para un recorrido por sus instalaciones.<\/p>\n\n\n\n<p>El MAAC, indicaron, se inaugur\u00f3 en el lugar donde se encuentra actualmente en 2004, aunque tuvo su origen en las calles Jos\u00e9 de Antepara y 9 de Octubre, donde se expuso el trabajo y la colecci\u00f3n de arte del arque\u00f3logo e investigador dan\u00e9s Olaf Hom, afincado en nuestro pa\u00eds, los cuales reposan ahora en el repositorio que integra la red de museos del Ministerio de Cultura y Patrimonio del Ecuador.<\/p>\n\n\n\n<p>Hablaron de las piezas arqueol\u00f3gicas que conserva y custodia el MAAC; que son 58 mil y corresponden a culturas ancestrales de la Costa ecuatoriana. Posee tambi\u00e9n 3.500 obras de arte moderno y contempor\u00e1neo. En la visita se recorri\u00f3 la biblioteca o centro documental Olaf Holm, especializada en libros de Arte, Antropolog\u00eda, Historia, Ciencias Sociales y Literatura y cuyo fondo bibliogr\u00e1fico se increment\u00f3 con los libros, documentos y escritos in\u00e9ditos del reconocido investigador dan\u00e9s, del que toma su nombre, los cuales fueron donados por sus familiares.<\/p>\n\n\n<div class=\"wp-block-image\">\n<figure class=\"aligncenter size-large\"><img fetchpriority=\"high\" decoding=\"async\" width=\"644\" height=\"429\" src=\"https:\/\/www.uartes.edu.ec\/sitio\/wp-content\/uploads\/2023\/09\/PLAN-DE-VIERNES-01-644x429.jpg\" alt=\"\" class=\"wp-image-46484\" srcset=\"https:\/\/www.uartes.edu.ec\/sitio\/wp-content\/uploads\/2023\/09\/PLAN-DE-VIERNES-01-644x429.jpg 644w, https:\/\/www.uartes.edu.ec\/sitio\/wp-content\/uploads\/2023\/09\/PLAN-DE-VIERNES-01-300x200.jpg 300w, https:\/\/www.uartes.edu.ec\/sitio\/wp-content\/uploads\/2023\/09\/PLAN-DE-VIERNES-01-768x512.jpg 768w, https:\/\/www.uartes.edu.ec\/sitio\/wp-content\/uploads\/2023\/09\/PLAN-DE-VIERNES-01-1536x1024.jpg 1536w, https:\/\/www.uartes.edu.ec\/sitio\/wp-content\/uploads\/2023\/09\/PLAN-DE-VIERNES-01-600x400.jpg 600w, https:\/\/www.uartes.edu.ec\/sitio\/wp-content\/uploads\/2023\/09\/PLAN-DE-VIERNES-01-400x267.jpg 400w, https:\/\/www.uartes.edu.ec\/sitio\/wp-content\/uploads\/2023\/09\/PLAN-DE-VIERNES-01-272x182.jpg 272w, https:\/\/www.uartes.edu.ec\/sitio\/wp-content\/uploads\/2023\/09\/PLAN-DE-VIERNES-01.jpg 2000w\" sizes=\"(max-width: 644px) 100vw, 644px\" \/><\/figure>\n<\/div>\n\n\n<p>La plataforma del MAAC, otrora epicentro de conciertos al aire libre; la Plaza Vital Alsar, denominada as\u00ed en homenaje al navegante espa\u00f1ol \u2013fallecido hace tres a\u00f1os\u2013 que zarp\u00f3 desde el r\u00edo Guayas hasta Mooloolaba, en Australia; y las exposiciones permanente \u201c10.000 a\u00f1os del antiguo Ecuador\u201d, de arte moderno y contempor\u00e1neo de casi 4.000 obras de artistas nacionales y latinoamericanos, de la figurina Valdivia, \u00edcono americano de la revoluci\u00f3n neol\u00edtica y la muestra temporal del artista Agust\u00edn Pati\u00f1o, quien reside en EEUU, abierta hace dos semanas.<\/p>","protected":false},"excerpt":{"rendered":"<p>El Museo Antropol\u00f3gico y de Arte Contempor\u00e1neo (MAAC) fue el destino que tuvo el Plan de Viernes UArtes del pasado 25 de agosto. Ubicado en el Malec\u00f3n Sim\u00f3n Bol\u00edvar \u2013a la altura de la calle Loja, frente al r\u00edo Guayas y junto al Barrio Las Pe\u00f1as\u2013, el emblem\u00e1tico lugar cuya infraestructura se asemeja a una balsa Huancavilca recibi\u00f3 a administrativos y trabajadores de nuestra instituci\u00f3n.<\/p>","protected":false},"author":1,"featured_media":46483,"comment_status":"open","ping_status":"open","sticky":false,"template":"","format":"standard","meta":{"_acf_changed":false,"_uag_custom_page_level_css":"","_monsterinsights_skip_tracking":false,"_monsterinsights_sitenote_active":false,"_monsterinsights_sitenote_note":"","_monsterinsights_sitenote_category":0,"cybocfi_hide_featured_image":"","footnotes":""},"categories":[438,75,76,79],"tags":[],"infouartes":[],"class_list":["post-46481","post","type-post","status-publish","format-standard","has-post-thumbnail","hentry","category-administrativos","category-docentes","category-estudiantes","category-vinculo"],"acf":[],"yoast_head":"<!-- This site is optimized with the Yoast SEO plugin v27.4 - https:\/\/yoast.com\/product\/yoast-seo-wordpress\/ -->\n<title>Universidad de las Artes - En el Plan de Viernes, la comunidad UArtes recorre los espacios y las propuestas expositivas del MAAC<\/title>\n<meta name=\"description\" content=\"Universidad de las Artes - En el Plan de Viernes, la comunidad UArtes recorre los espacios y las propuestas expositivas del MAAC\" \/>\n<meta name=\"robots\" content=\"index, follow, max-snippet:-1, max-image-preview:large, max-video-preview:-1\" \/>\n<link rel=\"canonical\" href=\"https:\/\/www.uartes.edu.ec\/sitio\/en\/blog\/2023\/08\/28\/en-plan-de-viernes-la-comunidad-uartes-recorre-los-espacios-y-propuestas-expositivas-del-maac\/\" \/>\n<meta property=\"og:locale\" content=\"en_US\" \/>\n<meta property=\"og:type\" content=\"article\" \/>\n<meta property=\"og:title\" content=\"Universidad de las Artes - En el Plan de Viernes, la comunidad UArtes recorre los espacios y las propuestas expositivas del MAAC\" \/>\n<meta property=\"og:description\" content=\"Universidad de las Artes - En el Plan de Viernes, la comunidad UArtes recorre los espacios y las propuestas expositivas del MAAC\" \/>\n<meta property=\"og:url\" content=\"https:\/\/www.uartes.edu.ec\/sitio\/en\/blog\/2023\/08\/28\/en-plan-de-viernes-la-comunidad-uartes-recorre-los-espacios-y-propuestas-expositivas-del-maac\/\" \/>\n<meta property=\"og:site_name\" content=\"Universidad de las Artes\" \/>\n<meta property=\"article:publisher\" content=\"https:\/\/www.facebook.com\/uartesec\" \/>\n<meta property=\"article:published_time\" content=\"2023-08-28T21:01:21+00:00\" \/>\n<meta property=\"article:modified_time\" content=\"2024-07-04T16:20:47+00:00\" \/>\n<meta property=\"og:image\" content=\"https:\/\/www.uartes.edu.ec\/sitio\/wp-content\/uploads\/2023\/09\/PLAN-DE-VIERNES-02.jpg\" \/>\n\t<meta property=\"og:image:width\" content=\"2000\" \/>\n\t<meta property=\"og:image:height\" content=\"1333\" \/>\n\t<meta property=\"og:image:type\" content=\"image\/jpeg\" \/>\n<meta name=\"author\" content=\"Universidad de las Artes\" \/>\n<meta name=\"twitter:card\" content=\"summary_large_image\" \/>\n<meta name=\"twitter:creator\" content=\"@uartesec\" \/>\n<meta name=\"twitter:site\" content=\"@uartesec\" \/>\n<meta name=\"twitter:label1\" content=\"Written by\" \/>\n\t<meta name=\"twitter:data1\" content=\"Universidad de las Artes\" \/>\n\t<meta name=\"twitter:label2\" content=\"Est. reading time\" \/>\n\t<meta name=\"twitter:data2\" content=\"3 minutes\" \/>\n<script type=\"application\/ld+json\" class=\"yoast-schema-graph\">{\"@context\":\"https:\\\/\\\/schema.org\",\"@graph\":[{\"@type\":\"Article\",\"@id\":\"https:\\\/\\\/www.uartes.edu.ec\\\/sitio\\\/en\\\/blog\\\/2023\\\/08\\\/28\\\/en-plan-de-viernes-la-comunidad-uartes-recorre-los-espacios-y-propuestas-expositivas-del-maac\\\/#article\",\"isPartOf\":{\"@id\":\"https:\\\/\\\/www.uartes.edu.ec\\\/sitio\\\/en\\\/blog\\\/2023\\\/08\\\/28\\\/en-plan-de-viernes-la-comunidad-uartes-recorre-los-espacios-y-propuestas-expositivas-del-maac\\\/\"},\"author\":{\"name\":\"Universidad de las Artes\",\"@id\":\"https:\\\/\\\/www.uartes.edu.ec\\\/sitio\\\/en\\\/#\\\/schema\\\/person\\\/f33f8c1d2af0d5c80a38c8abf458184a\"},\"headline\":\"En el Plan de Viernes, la comunidad UArtes recorre los espacios y las propuestas expositivas del MAAC\",\"datePublished\":\"2023-08-28T21:01:21+00:00\",\"dateModified\":\"2024-07-04T16:20:47+00:00\",\"mainEntityOfPage\":{\"@id\":\"https:\\\/\\\/www.uartes.edu.ec\\\/sitio\\\/en\\\/blog\\\/2023\\\/08\\\/28\\\/en-plan-de-viernes-la-comunidad-uartes-recorre-los-espacios-y-propuestas-expositivas-del-maac\\\/\"},\"wordCount\":515,\"commentCount\":0,\"publisher\":{\"@id\":\"https:\\\/\\\/www.uartes.edu.ec\\\/sitio\\\/en\\\/#organization\"},\"image\":{\"@id\":\"https:\\\/\\\/www.uartes.edu.ec\\\/sitio\\\/en\\\/blog\\\/2023\\\/08\\\/28\\\/en-plan-de-viernes-la-comunidad-uartes-recorre-los-espacios-y-propuestas-expositivas-del-maac\\\/#primaryimage\"},\"thumbnailUrl\":\"https:\\\/\\\/www.uartes.edu.ec\\\/sitio\\\/wp-content\\\/uploads\\\/2023\\\/09\\\/PLAN-DE-VIERNES-02.jpg\",\"articleSection\":[\"Administrativos\",\"Docentes\",\"Estudiantes\",\"V\u00ednculo\"],\"inLanguage\":\"en-US\",\"potentialAction\":[{\"@type\":\"CommentAction\",\"name\":\"Comment\",\"target\":[\"https:\\\/\\\/www.uartes.edu.ec\\\/sitio\\\/en\\\/blog\\\/2023\\\/08\\\/28\\\/en-plan-de-viernes-la-comunidad-uartes-recorre-los-espacios-y-propuestas-expositivas-del-maac\\\/#respond\"]}]},{\"@type\":[\"WebPage\",\"ItemPage\"],\"@id\":\"https:\\\/\\\/www.uartes.edu.ec\\\/sitio\\\/en\\\/blog\\\/2023\\\/08\\\/28\\\/en-plan-de-viernes-la-comunidad-uartes-recorre-los-espacios-y-propuestas-expositivas-del-maac\\\/\",\"url\":\"https:\\\/\\\/www.uartes.edu.ec\\\/sitio\\\/en\\\/blog\\\/2023\\\/08\\\/28\\\/en-plan-de-viernes-la-comunidad-uartes-recorre-los-espacios-y-propuestas-expositivas-del-maac\\\/\",\"name\":\"Universidad de las Artes - En el Plan de Viernes, la comunidad UArtes recorre los espacios y las propuestas expositivas del MAAC\",\"isPartOf\":{\"@id\":\"https:\\\/\\\/www.uartes.edu.ec\\\/sitio\\\/en\\\/#website\"},\"primaryImageOfPage\":{\"@id\":\"https:\\\/\\\/www.uartes.edu.ec\\\/sitio\\\/en\\\/blog\\\/2023\\\/08\\\/28\\\/en-plan-de-viernes-la-comunidad-uartes-recorre-los-espacios-y-propuestas-expositivas-del-maac\\\/#primaryimage\"},\"image\":{\"@id\":\"https:\\\/\\\/www.uartes.edu.ec\\\/sitio\\\/en\\\/blog\\\/2023\\\/08\\\/28\\\/en-plan-de-viernes-la-comunidad-uartes-recorre-los-espacios-y-propuestas-expositivas-del-maac\\\/#primaryimage\"},\"thumbnailUrl\":\"https:\\\/\\\/www.uartes.edu.ec\\\/sitio\\\/wp-content\\\/uploads\\\/2023\\\/09\\\/PLAN-DE-VIERNES-02.jpg\",\"datePublished\":\"2023-08-28T21:01:21+00:00\",\"dateModified\":\"2024-07-04T16:20:47+00:00\",\"description\":\"Universidad de las Artes - En el Plan de Viernes, la comunidad UArtes recorre los espacios y las propuestas expositivas del MAAC\",\"breadcrumb\":{\"@id\":\"https:\\\/\\\/www.uartes.edu.ec\\\/sitio\\\/en\\\/blog\\\/2023\\\/08\\\/28\\\/en-plan-de-viernes-la-comunidad-uartes-recorre-los-espacios-y-propuestas-expositivas-del-maac\\\/#breadcrumb\"},\"inLanguage\":\"en-US\",\"potentialAction\":[{\"@type\":\"ReadAction\",\"target\":[\"https:\\\/\\\/www.uartes.edu.ec\\\/sitio\\\/en\\\/blog\\\/2023\\\/08\\\/28\\\/en-plan-de-viernes-la-comunidad-uartes-recorre-los-espacios-y-propuestas-expositivas-del-maac\\\/\"]}]},{\"@type\":\"ImageObject\",\"inLanguage\":\"en-US\",\"@id\":\"https:\\\/\\\/www.uartes.edu.ec\\\/sitio\\\/en\\\/blog\\\/2023\\\/08\\\/28\\\/en-plan-de-viernes-la-comunidad-uartes-recorre-los-espacios-y-propuestas-expositivas-del-maac\\\/#primaryimage\",\"url\":\"https:\\\/\\\/www.uartes.edu.ec\\\/sitio\\\/wp-content\\\/uploads\\\/2023\\\/09\\\/PLAN-DE-VIERNES-02.jpg\",\"contentUrl\":\"https:\\\/\\\/www.uartes.edu.ec\\\/sitio\\\/wp-content\\\/uploads\\\/2023\\\/09\\\/PLAN-DE-VIERNES-02.jpg\",\"width\":2000,\"height\":1333},{\"@type\":\"BreadcrumbList\",\"@id\":\"https:\\\/\\\/www.uartes.edu.ec\\\/sitio\\\/en\\\/blog\\\/2023\\\/08\\\/28\\\/en-plan-de-viernes-la-comunidad-uartes-recorre-los-espacios-y-propuestas-expositivas-del-maac\\\/#breadcrumb\",\"itemListElement\":[{\"@type\":\"ListItem\",\"position\":1,\"name\":\"Inicio\",\"item\":\"https:\\\/\\\/www.uartes.edu.ec\\\/sitio\\\/\"},{\"@type\":\"ListItem\",\"position\":2,\"name\":\"En el Plan de Viernes, la comunidad UArtes recorre los espacios y las propuestas expositivas del MAAC\"}]},{\"@type\":\"WebSite\",\"@id\":\"https:\\\/\\\/www.uartes.edu.ec\\\/sitio\\\/en\\\/#website\",\"url\":\"https:\\\/\\\/www.uartes.edu.ec\\\/sitio\\\/en\\\/\",\"name\":\"Universidad de las Artes\",\"description\":\"Sitio oficial de la Universidad Nacional de las Artes del Ecuador\",\"publisher\":{\"@id\":\"https:\\\/\\\/www.uartes.edu.ec\\\/sitio\\\/en\\\/#organization\"},\"potentialAction\":[{\"@type\":\"SearchAction\",\"target\":{\"@type\":\"EntryPoint\",\"urlTemplate\":\"https:\\\/\\\/www.uartes.edu.ec\\\/sitio\\\/en\\\/?s={search_term_string}\"},\"query-input\":{\"@type\":\"PropertyValueSpecification\",\"valueRequired\":true,\"valueName\":\"search_term_string\"}}],\"inLanguage\":\"en-US\"},{\"@type\":\"Organization\",\"@id\":\"https:\\\/\\\/www.uartes.edu.ec\\\/sitio\\\/en\\\/#organization\",\"name\":\"Universidad de las Artes\",\"url\":\"https:\\\/\\\/www.uartes.edu.ec\\\/sitio\\\/en\\\/\",\"logo\":{\"@type\":\"ImageObject\",\"inLanguage\":\"en-US\",\"@id\":\"https:\\\/\\\/www.uartes.edu.ec\\\/sitio\\\/en\\\/#\\\/schema\\\/logo\\\/image\\\/\",\"url\":\"https:\\\/\\\/www.uartes.edu.ec\\\/sitio\\\/wp-content\\\/uploads\\\/2022\\\/07\\\/logo-ua-horizontal.png\",\"contentUrl\":\"https:\\\/\\\/www.uartes.edu.ec\\\/sitio\\\/wp-content\\\/uploads\\\/2022\\\/07\\\/logo-ua-horizontal.png\",\"width\":800,\"height\":276,\"caption\":\"Universidad de las Artes\"},\"image\":{\"@id\":\"https:\\\/\\\/www.uartes.edu.ec\\\/sitio\\\/en\\\/#\\\/schema\\\/logo\\\/image\\\/\"},\"sameAs\":[\"https:\\\/\\\/www.facebook.com\\\/uartesec\",\"https:\\\/\\\/x.com\\\/uartesec\",\"https:\\\/\\\/www.tiktok.com\\\/@uartesec\"]},{\"@type\":\"Person\",\"@id\":\"https:\\\/\\\/www.uartes.edu.ec\\\/sitio\\\/en\\\/#\\\/schema\\\/person\\\/f33f8c1d2af0d5c80a38c8abf458184a\",\"name\":\"Universidad de las Artes\",\"image\":{\"@type\":\"ImageObject\",\"inLanguage\":\"en-US\",\"@id\":\"https:\\\/\\\/secure.gravatar.com\\\/avatar\\\/52e4757902f5cfa5ac52d020e5be83cae5487519154b6c35482fe08d589f3c13?s=96&d=mm&r=g\",\"url\":\"https:\\\/\\\/secure.gravatar.com\\\/avatar\\\/52e4757902f5cfa5ac52d020e5be83cae5487519154b6c35482fe08d589f3c13?s=96&d=mm&r=g\",\"contentUrl\":\"https:\\\/\\\/secure.gravatar.com\\\/avatar\\\/52e4757902f5cfa5ac52d020e5be83cae5487519154b6c35482fe08d589f3c13?s=96&d=mm&r=g\",\"caption\":\"Universidad de las Artes\"},\"url\":\"https:\\\/\\\/www.uartes.edu.ec\\\/sitio\\\/en\\\/blog\\\/author\\\/dircomadm\\\/\"}]}<\/script>\n<!-- \/ Yoast SEO plugin. -->","yoast_head_json":{"title":"Universidad de las Artes - En el Plan de Viernes, la comunidad UArtes recorre los espacios y las propuestas expositivas del MAAC","description":"Universidad de las Artes - En el Plan de Viernes, la comunidad UArtes recorre los espacios y las propuestas expositivas del MAAC","robots":{"index":"index","follow":"follow","max-snippet":"max-snippet:-1","max-image-preview":"max-image-preview:large","max-video-preview":"max-video-preview:-1"},"canonical":"https:\/\/www.uartes.edu.ec\/sitio\/en\/blog\/2023\/08\/28\/en-plan-de-viernes-la-comunidad-uartes-recorre-los-espacios-y-propuestas-expositivas-del-maac\/","og_locale":"en_US","og_type":"article","og_title":"Universidad de las Artes - En el Plan de Viernes, la comunidad UArtes recorre los espacios y las propuestas expositivas del MAAC","og_description":"Universidad de las Artes - En el Plan de Viernes, la comunidad UArtes recorre los espacios y las propuestas expositivas del MAAC","og_url":"https:\/\/www.uartes.edu.ec\/sitio\/en\/blog\/2023\/08\/28\/en-plan-de-viernes-la-comunidad-uartes-recorre-los-espacios-y-propuestas-expositivas-del-maac\/","og_site_name":"Universidad de las Artes","article_publisher":"https:\/\/www.facebook.com\/uartesec","article_published_time":"2023-08-28T21:01:21+00:00","article_modified_time":"2024-07-04T16:20:47+00:00","og_image":[{"width":2000,"height":1333,"url":"https:\/\/www.uartes.edu.ec\/sitio\/wp-content\/uploads\/2023\/09\/PLAN-DE-VIERNES-02.jpg","type":"image\/jpeg"}],"author":"Universidad de las Artes","twitter_card":"summary_large_image","twitter_creator":"@uartesec","twitter_site":"@uartesec","twitter_misc":{"Written by":"Universidad de las Artes","Est. reading time":"3 minutes"},"schema":{"@context":"https:\/\/schema.org","@graph":[{"@type":"Article","@id":"https:\/\/www.uartes.edu.ec\/sitio\/en\/blog\/2023\/08\/28\/en-plan-de-viernes-la-comunidad-uartes-recorre-los-espacios-y-propuestas-expositivas-del-maac\/#article","isPartOf":{"@id":"https:\/\/www.uartes.edu.ec\/sitio\/en\/blog\/2023\/08\/28\/en-plan-de-viernes-la-comunidad-uartes-recorre-los-espacios-y-propuestas-expositivas-del-maac\/"},"author":{"name":"Universidad de las Artes","@id":"https:\/\/www.uartes.edu.ec\/sitio\/en\/#\/schema\/person\/f33f8c1d2af0d5c80a38c8abf458184a"},"headline":"En el Plan de Viernes, la comunidad UArtes recorre los espacios y las propuestas expositivas del MAAC","datePublished":"2023-08-28T21:01:21+00:00","dateModified":"2024-07-04T16:20:47+00:00","mainEntityOfPage":{"@id":"https:\/\/www.uartes.edu.ec\/sitio\/en\/blog\/2023\/08\/28\/en-plan-de-viernes-la-comunidad-uartes-recorre-los-espacios-y-propuestas-expositivas-del-maac\/"},"wordCount":515,"commentCount":0,"publisher":{"@id":"https:\/\/www.uartes.edu.ec\/sitio\/en\/#organization"},"image":{"@id":"https:\/\/www.uartes.edu.ec\/sitio\/en\/blog\/2023\/08\/28\/en-plan-de-viernes-la-comunidad-uartes-recorre-los-espacios-y-propuestas-expositivas-del-maac\/#primaryimage"},"thumbnailUrl":"https:\/\/www.uartes.edu.ec\/sitio\/wp-content\/uploads\/2023\/09\/PLAN-DE-VIERNES-02.jpg","articleSection":["Administrativos","Docentes","Estudiantes","V\u00ednculo"],"inLanguage":"en-US","potentialAction":[{"@type":"CommentAction","name":"Comment","target":["https:\/\/www.uartes.edu.ec\/sitio\/en\/blog\/2023\/08\/28\/en-plan-de-viernes-la-comunidad-uartes-recorre-los-espacios-y-propuestas-expositivas-del-maac\/#respond"]}]},{"@type":["WebPage","ItemPage"],"@id":"https:\/\/www.uartes.edu.ec\/sitio\/en\/blog\/2023\/08\/28\/en-plan-de-viernes-la-comunidad-uartes-recorre-los-espacios-y-propuestas-expositivas-del-maac\/","url":"https:\/\/www.uartes.edu.ec\/sitio\/en\/blog\/2023\/08\/28\/en-plan-de-viernes-la-comunidad-uartes-recorre-los-espacios-y-propuestas-expositivas-del-maac\/","name":"Universidad de las Artes - En el Plan de Viernes, la comunidad UArtes recorre los espacios y las propuestas expositivas del MAAC","isPartOf":{"@id":"https:\/\/www.uartes.edu.ec\/sitio\/en\/#website"},"primaryImageOfPage":{"@id":"https:\/\/www.uartes.edu.ec\/sitio\/en\/blog\/2023\/08\/28\/en-plan-de-viernes-la-comunidad-uartes-recorre-los-espacios-y-propuestas-expositivas-del-maac\/#primaryimage"},"image":{"@id":"https:\/\/www.uartes.edu.ec\/sitio\/en\/blog\/2023\/08\/28\/en-plan-de-viernes-la-comunidad-uartes-recorre-los-espacios-y-propuestas-expositivas-del-maac\/#primaryimage"},"thumbnailUrl":"https:\/\/www.uartes.edu.ec\/sitio\/wp-content\/uploads\/2023\/09\/PLAN-DE-VIERNES-02.jpg","datePublished":"2023-08-28T21:01:21+00:00","dateModified":"2024-07-04T16:20:47+00:00","description":"Universidad de las Artes - En el Plan de Viernes, la comunidad UArtes recorre los espacios y las propuestas expositivas del MAAC","breadcrumb":{"@id":"https:\/\/www.uartes.edu.ec\/sitio\/en\/blog\/2023\/08\/28\/en-plan-de-viernes-la-comunidad-uartes-recorre-los-espacios-y-propuestas-expositivas-del-maac\/#breadcrumb"},"inLanguage":"en-US","potentialAction":[{"@type":"ReadAction","target":["https:\/\/www.uartes.edu.ec\/sitio\/en\/blog\/2023\/08\/28\/en-plan-de-viernes-la-comunidad-uartes-recorre-los-espacios-y-propuestas-expositivas-del-maac\/"]}]},{"@type":"ImageObject","inLanguage":"en-US","@id":"https:\/\/www.uartes.edu.ec\/sitio\/en\/blog\/2023\/08\/28\/en-plan-de-viernes-la-comunidad-uartes-recorre-los-espacios-y-propuestas-expositivas-del-maac\/#primaryimage","url":"https:\/\/www.uartes.edu.ec\/sitio\/wp-content\/uploads\/2023\/09\/PLAN-DE-VIERNES-02.jpg","contentUrl":"https:\/\/www.uartes.edu.ec\/sitio\/wp-content\/uploads\/2023\/09\/PLAN-DE-VIERNES-02.jpg","width":2000,"height":1333},{"@type":"BreadcrumbList","@id":"https:\/\/www.uartes.edu.ec\/sitio\/en\/blog\/2023\/08\/28\/en-plan-de-viernes-la-comunidad-uartes-recorre-los-espacios-y-propuestas-expositivas-del-maac\/#breadcrumb","itemListElement":[{"@type":"ListItem","position":1,"name":"Inicio","item":"https:\/\/www.uartes.edu.ec\/sitio\/"},{"@type":"ListItem","position":2,"name":"En el Plan de Viernes, la comunidad UArtes recorre los espacios y las propuestas expositivas del MAAC"}]},{"@type":"WebSite","@id":"https:\/\/www.uartes.edu.ec\/sitio\/en\/#website","url":"https:\/\/www.uartes.edu.ec\/sitio\/en\/","name":"Universidad de las Artes","description":"Sitio oficial de la Universidad Nacional de las Artes del Ecuador","publisher":{"@id":"https:\/\/www.uartes.edu.ec\/sitio\/en\/#organization"},"potentialAction":[{"@type":"SearchAction","target":{"@type":"EntryPoint","urlTemplate":"https:\/\/www.uartes.edu.ec\/sitio\/en\/?s={search_term_string}"},"query-input":{"@type":"PropertyValueSpecification","valueRequired":true,"valueName":"search_term_string"}}],"inLanguage":"en-US"},{"@type":"Organization","@id":"https:\/\/www.uartes.edu.ec\/sitio\/en\/#organization","name":"Universidad de las Artes","url":"https:\/\/www.uartes.edu.ec\/sitio\/en\/","logo":{"@type":"ImageObject","inLanguage":"en-US","@id":"https:\/\/www.uartes.edu.ec\/sitio\/en\/#\/schema\/logo\/image\/","url":"https:\/\/www.uartes.edu.ec\/sitio\/wp-content\/uploads\/2022\/07\/logo-ua-horizontal.png","contentUrl":"https:\/\/www.uartes.edu.ec\/sitio\/wp-content\/uploads\/2022\/07\/logo-ua-horizontal.png","width":800,"height":276,"caption":"Universidad de las Artes"},"image":{"@id":"https:\/\/www.uartes.edu.ec\/sitio\/en\/#\/schema\/logo\/image\/"},"sameAs":["https:\/\/www.facebook.com\/uartesec","https:\/\/x.com\/uartesec","https:\/\/www.tiktok.com\/@uartesec"]},{"@type":"Person","@id":"https:\/\/www.uartes.edu.ec\/sitio\/en\/#\/schema\/person\/f33f8c1d2af0d5c80a38c8abf458184a","name":"Universidad de las Artes","image":{"@type":"ImageObject","inLanguage":"en-US","@id":"https:\/\/secure.gravatar.com\/avatar\/52e4757902f5cfa5ac52d020e5be83cae5487519154b6c35482fe08d589f3c13?s=96&d=mm&r=g","url":"https:\/\/secure.gravatar.com\/avatar\/52e4757902f5cfa5ac52d020e5be83cae5487519154b6c35482fe08d589f3c13?s=96&d=mm&r=g","contentUrl":"https:\/\/secure.gravatar.com\/avatar\/52e4757902f5cfa5ac52d020e5be83cae5487519154b6c35482fe08d589f3c13?s=96&d=mm&r=g","caption":"Universidad de las Artes"},"url":"https:\/\/www.uartes.edu.ec\/sitio\/en\/blog\/author\/dircomadm\/"}]}},"uagb_featured_image_src":{"full":["https:\/\/www.uartes.edu.ec\/sitio\/wp-content\/uploads\/2023\/09\/PLAN-DE-VIERNES-02.jpg",2000,1333,false],"thumbnail":["https:\/\/www.uartes.edu.ec\/sitio\/wp-content\/uploads\/2023\/09\/PLAN-DE-VIERNES-02-150x150.jpg",150,150,true],"medium":["https:\/\/www.uartes.edu.ec\/sitio\/wp-content\/uploads\/2023\/09\/PLAN-DE-VIERNES-02-300x200.jpg",300,200,true],"medium_large":["https:\/\/www.uartes.edu.ec\/sitio\/wp-content\/uploads\/2023\/09\/PLAN-DE-VIERNES-02-768x512.jpg",768,512,true],"large":["https:\/\/www.uartes.edu.ec\/sitio\/wp-content\/uploads\/2023\/09\/PLAN-DE-VIERNES-02-644x429.jpg",644,429,true],"1536x1536":["https:\/\/www.uartes.edu.ec\/sitio\/wp-content\/uploads\/2023\/09\/PLAN-DE-VIERNES-02-1536x1024.jpg",1536,1024,true],"2048x2048":["https:\/\/www.uartes.edu.ec\/sitio\/wp-content\/uploads\/2023\/09\/PLAN-DE-VIERNES-02.jpg",2000,1333,false],"trp-custom-language-flag":["https:\/\/www.uartes.edu.ec\/sitio\/wp-content\/uploads\/2023\/09\/PLAN-DE-VIERNES-02.jpg",18,12,false],"htmega_size_585x295":["https:\/\/www.uartes.edu.ec\/sitio\/wp-content\/uploads\/2023\/09\/PLAN-DE-VIERNES-02-585x295.jpg",585,295,true],"htmega_size_1170x536":["https:\/\/www.uartes.edu.ec\/sitio\/wp-content\/uploads\/2023\/09\/PLAN-DE-VIERNES-02-1170x536.jpg",1170,536,true],"htmega_size_396x360":["https:\/\/www.uartes.edu.ec\/sitio\/wp-content\/uploads\/2023\/09\/PLAN-DE-VIERNES-02-396x360.jpg",396,360,true],"gb-block-post-grid-landscape":["https:\/\/www.uartes.edu.ec\/sitio\/wp-content\/uploads\/2023\/09\/PLAN-DE-VIERNES-02-600x400.jpg",600,400,true],"gb-block-post-grid-square":["https:\/\/www.uartes.edu.ec\/sitio\/wp-content\/uploads\/2023\/09\/PLAN-DE-VIERNES-02-600x600.jpg",600,600,true],"university-hub-thumb":["https:\/\/www.uartes.edu.ec\/sitio\/wp-content\/uploads\/2023\/09\/PLAN-DE-VIERNES-02-400x267.jpg",400,267,true],"mailpoet_newsletter_max":["https:\/\/www.uartes.edu.ec\/sitio\/wp-content\/uploads\/2023\/09\/PLAN-DE-VIERNES-02.jpg",1320,880,false]},"uagb_author_info":{"display_name":"Universidad de las Artes","author_link":"https:\/\/www.uartes.edu.ec\/sitio\/en\/blog\/author\/dircomadm\/"},"uagb_comment_info":0,"uagb_excerpt":"El Museo Antropol\u00f3gico y de Arte Contempor\u00e1neo (MAAC) fue el destino que tuvo el Plan de Viernes UArtes del pasado 25 de agosto. Ubicado en el Malec\u00f3n Sim\u00f3n Bol\u00edvar \u2013a la altura de la calle Loja, frente al r\u00edo Guayas y junto al Barrio Las Pe\u00f1as\u2013, el emblem\u00e1tico lugar cuya infraestructura se asemeja a una&hellip;","featured_image_src":"https:\/\/www.uartes.edu.ec\/sitio\/wp-content\/uploads\/2023\/09\/PLAN-DE-VIERNES-02-600x400.jpg","featured_image_src_square":"https:\/\/www.uartes.edu.ec\/sitio\/wp-content\/uploads\/2023\/09\/PLAN-DE-VIERNES-02-600x600.jpg","author_info":{"display_name":"Universidad de las Artes","author_link":"https:\/\/www.uartes.edu.ec\/sitio\/en\/blog\/author\/dircomadm\/"},"publishpress_future_workflow_manual_trigger":{"enabledWorkflows":[]},"distributor_meta":false,"distributor_terms":false,"distributor_media":false,"distributor_original_site_name":"Universidad de las Artes","distributor_original_site_url":"https:\/\/www.uartes.edu.ec\/sitio\/en","push-errors":false,"_links":{"self":[{"href":"https:\/\/www.uartes.edu.ec\/sitio\/en\/wp-json\/wp\/v2\/posts\/46481","targetHints":{"allow":["GET"]}}],"collection":[{"href":"https:\/\/www.uartes.edu.ec\/sitio\/en\/wp-json\/wp\/v2\/posts"}],"about":[{"href":"https:\/\/www.uartes.edu.ec\/sitio\/en\/wp-json\/wp\/v2\/types\/post"}],"author":[{"embeddable":true,"href":"https:\/\/www.uartes.edu.ec\/sitio\/en\/wp-json\/wp\/v2\/users\/1"}],"replies":[{"embeddable":true,"href":"https:\/\/www.uartes.edu.ec\/sitio\/en\/wp-json\/wp\/v2\/comments?post=46481"}],"version-history":[{"count":7,"href":"https:\/\/www.uartes.edu.ec\/sitio\/en\/wp-json\/wp\/v2\/posts\/46481\/revisions"}],"predecessor-version":[{"id":56981,"href":"https:\/\/www.uartes.edu.ec\/sitio\/en\/wp-json\/wp\/v2\/posts\/46481\/revisions\/56981"}],"wp:featuredmedia":[{"embeddable":true,"href":"https:\/\/www.uartes.edu.ec\/sitio\/en\/wp-json\/wp\/v2\/media\/46483"}],"wp:attachment":[{"href":"https:\/\/www.uartes.edu.ec\/sitio\/en\/wp-json\/wp\/v2\/media?parent=46481"}],"wp:term":[{"taxonomy":"category","embeddable":true,"href":"https:\/\/www.uartes.edu.ec\/sitio\/en\/wp-json\/wp\/v2\/categories?post=46481"},{"taxonomy":"post_tag","embeddable":true,"href":"https:\/\/www.uartes.edu.ec\/sitio\/en\/wp-json\/wp\/v2\/tags?post=46481"},{"taxonomy":"infouartes","embeddable":true,"href":"https:\/\/www.uartes.edu.ec\/sitio\/en\/wp-json\/wp\/v2\/infouartes?post=46481"}],"curies":[{"name":"wp","href":"https:\/\/api.w.org\/{rel}","templated":true}]}}