{"id":47373,"date":"2023-09-29T11:14:13","date_gmt":"2023-09-29T16:14:13","guid":{"rendered":"https:\/\/www.uartes.edu.ec\/sitio\/?p=47373"},"modified":"2024-07-04T11:20:39","modified_gmt":"2024-07-04T16:20:39","slug":"experiencias-del-taller-animgifscope-que-dicto-el-mexicano-arcangelo-constantini-en-el-recintolab","status":"publish","type":"post","link":"https:\/\/www.uartes.edu.ec\/sitio\/en\/blog\/2023\/09\/29\/experiencias-del-taller-animgifscope-que-dicto-el-mexicano-arcangelo-constantini-en-el-recintolab\/","title":{"rendered":"Experiencias del taller \u201cAnimGifScope\u201d con el mexicano Arcangelo Constantini"},"content":{"rendered":"<p>La convocatoria e invitaci\u00f3n se realiz\u00f3 desde el Departamento Transversal de la UArtes como una actividad de RECINTOLab, ubicado en el MZ14 Centro de Producci\u00f3n e Innovaci\u00f3n. El taller \u201cAminGifScope, simulador electromec\u00e1nico de im\u00e1genes en movimiento\u201d, dictado por el inventor art\u00edstico, hacker tecnol\u00f3gico y especulador existencial Arcangelo Constantini, de origen mexicano, se present\u00f3 como una propuesta de formaci\u00f3n dirigida a docentes, t\u00e9cnicos y creadores de nuestra comunidad.<\/p>\n\n\n\n<p>Entre sus participantes e inscritos estuvieron los docentes Nicol\u00e1s Schvarzberg y Agust\u00edn Garcells; de TIC\u00b4s, Carlos Merch\u00e1n; del MZ14, \u00c1ngel Murillo; el analista de audiovisuales de la Escuela de Artes Visuales, James Pacheco; y de la Direcci\u00f3n Administrativa, James Daza.<\/p>\n\n\n<div class=\"wp-block-image\">\n<figure class=\"aligncenter size-large\"><img fetchpriority=\"high\" decoding=\"async\" width=\"644\" height=\"429\" src=\"https:\/\/www.uartes.edu.ec\/sitio\/wp-content\/uploads\/2023\/09\/Recinto-constantini-03-644x429.jpg\" alt=\"\" class=\"wp-image-47379\" srcset=\"https:\/\/www.uartes.edu.ec\/sitio\/wp-content\/uploads\/2023\/09\/Recinto-constantini-03-644x429.jpg 644w, https:\/\/www.uartes.edu.ec\/sitio\/wp-content\/uploads\/2023\/09\/Recinto-constantini-03-768x511.jpg 768w, https:\/\/www.uartes.edu.ec\/sitio\/wp-content\/uploads\/2023\/09\/Recinto-constantini-03.jpg 2000w, https:\/\/www.uartes.edu.ec\/sitio\/wp-content\/uploads\/2023\/09\/Recinto-constantini-03-600x399.jpg 600w, https:\/\/www.uartes.edu.ec\/sitio\/wp-content\/uploads\/2023\/09\/Recinto-constantini-03-272x182.jpg 272w\" sizes=\"(max-width: 644px) 100vw, 644px\" \/><\/figure>\n<\/div>\n\n\n<p>Previo a la capacitaci\u00f3n en la UArtes, Constantini detall\u00f3 su propuesta. Mencion\u00f3 que el AnimGifScope es un artefacto que representa la convergencia de procesos retro y contempor\u00e1neos, al combinar t\u00e9cnicas antiguas obsoletas con procesos electr\u00f3nicos actuales. El proyecto es, por tanto, una invitaci\u00f3n a cuestionar nuestras ideas preconcebidas sobre el progreso y a explorar nuevas formas de creaci\u00f3n y experimentaci\u00f3n. \u201c(\u2026) Mientras la ilusi\u00f3n de la simulaci\u00f3n digital se da por sentada, estos sistemas anal\u00f3gicos generan sorpresa y un mayor entendimiento de los misterios de la percepci\u00f3n y la realidad, desde las alegor\u00edas de la Cueva de Plat\u00f3n hasta la era de la inteligencia artificial\u201d.<\/p>\n\n\n\n<p>Constantini anticip\u00f3 que al construir y operar un AnimGifScope, los participantes tienen la oportunidad de aprender sobre mec\u00e1nica, construcci\u00f3n wire wrap de circuitos electr\u00f3nicos y programaci\u00f3n de microcontroladores Attiny. Adem\u00e1s, se les brinda la posibilidad de crear animaciones interactivas, tanto mec\u00e1nicas como digitales.<\/p>\n\n\n\n<h3 class=\"wp-block-heading\">Ampli\u00f3 la comprensi\u00f3n tecnol\u00f3gica<\/h3>\n\n\n\n<p>Una vez desarrollado \u2013tuvo lugar los pasados 11, 12 y 13 de septiembre\u2013, se ten\u00eda que conocer los resultados y las experiencias de sus talleristas. Dos de los varios contactados respondieron. James Pacheco indic\u00f3 la variedad de temas abordados, desde la programaci\u00f3n de microcontroladores hasta la creaci\u00f3n de instalaciones interactivas (AminGifScope). \u201cA trav\u00e9s de ejercicios pr\u00e1cticos, nos sumergimos en el proceso de creaci\u00f3n de una obra de arte que respond\u00edan a est\u00edmulos externos, como el movimiento. Esto ampli\u00f3 mi comprensi\u00f3n de c\u00f3mo la tecnolog\u00eda puede ser utilizada para crear experiencias sensoriales \u00fanicas y c\u00f3mo podemos involucrar al p\u00fablico de nuevas formas\u201d.<\/p>\n\n\n<div class=\"wp-block-image\">\n<figure class=\"aligncenter size-large\"><img decoding=\"async\" width=\"644\" height=\"429\" src=\"https:\/\/www.uartes.edu.ec\/sitio\/wp-content\/uploads\/2023\/09\/Recinto-constantini-04-644x429.jpg\" alt=\"\" class=\"wp-image-47380\" srcset=\"https:\/\/www.uartes.edu.ec\/sitio\/wp-content\/uploads\/2023\/09\/Recinto-constantini-04-644x429.jpg 644w, https:\/\/www.uartes.edu.ec\/sitio\/wp-content\/uploads\/2023\/09\/Recinto-constantini-04-768x511.jpg 768w, https:\/\/www.uartes.edu.ec\/sitio\/wp-content\/uploads\/2023\/09\/Recinto-constantini-04.jpg 2000w, https:\/\/www.uartes.edu.ec\/sitio\/wp-content\/uploads\/2023\/09\/Recinto-constantini-04-600x399.jpg 600w, https:\/\/www.uartes.edu.ec\/sitio\/wp-content\/uploads\/2023\/09\/Recinto-constantini-04-272x182.jpg 272w\" sizes=\"(max-width: 644px) 100vw, 644px\" \/><\/figure>\n<\/div>\n\n\n<p>Agreg\u00f3 que result\u00f3 una experiencia reveladora que fusion\u00f3 magistralmente el arte y la tecnolog\u00eda, ofreciendo una perspectiva \u00fanica y estimulante sobre la convergencia de estos dos mundos. Como alguien cuyo trabajo se encuentra en la intersecci\u00f3n de las artes y las tecnolog\u00edas, Pacheco confes\u00f3 haberse inscrito al taller dirigido por Arcangelo Constantini con altas expectativas, que no solo se cumplieron, sino que se superaron.<\/p>\n\n\n\n<p>\u201cLa primera impresi\u00f3n que tuve de Constantini fue su pasi\u00f3n contagiosa por la creatividad y la experimentaci\u00f3n. Su enfoque en la invenci\u00f3n art\u00edstica y el hacking tecnol\u00f3gico como herramientas para la expresi\u00f3n art\u00edstica me inspir\u00f3 desde el inicio. Fue claro desde el principio que estaba ante un maestro en su campo, alguien que no solo dominaba la tecnolog\u00eda, sino que tambi\u00e9n la utilizaba como una extensi\u00f3n de su imaginaci\u00f3n\u201d, refiri\u00f3 en analista de audiovisuales.<\/p>\n\n\n\n<p>Mencion\u00f3 tambi\u00e9n que la filosof\u00eda del instructor de \u00abhacerlo t\u00fa mismo\u00bb, lo cual fue un tema recurrente en el taller, los alent\u00f3 a asumir el control de sus creaciones y a no tener miedo de experimentar y cometer errores en el camino. \u201cEsta actitud empoderadora me hizo sentir que realmente pod\u00eda lograr cualquier cosa con las herramientas adecuadas y la imaginaci\u00f3n correcta\u201d.<\/p>\n\n\n\n<p>Del taller \u201cAnimGifScope\u201d, Pacheco cont\u00f3 haberse llevado no solo habilidades t\u00e9cnicas, sino tambi\u00e9n una apreciaci\u00f3n m\u00e1s profunda de la creatividad ilimitada que puede surgir cuando se combinan estos dos campos. \u201cEs un verdadero pionero en la convergencia del arte y la tecnolog\u00eda, y estoy agradecido por la oportunidad de aprender de \u00e9l. Su enfoque visionario y su pasi\u00f3n por la inventiva art\u00edstica seguir\u00e1n inspir\u00e1ndome en mi carrera\u201d, concluy\u00f3.<\/p>\n\n\n\n<h3 class=\"wp-block-heading\">El taller, una iniciativa acertada<\/h3>\n\n\n\n<p>James Daza coincidi\u00f3 con Pacheco y se\u00f1al\u00f3 como acertada la iniciativa de realizar este tipo de talleres con la participaci\u00f3n de funcionarios y administrativos de las diferentes \u00e1reas que conforman la comunidad UArtes, pues \u201cnos llevan a involucrarnos m\u00e1s con las actividades que se organizan dentro de la instituci\u00f3n y a comprender mejor la misi\u00f3n y visi\u00f3n que persigue nuestra universidad en el contexto social\u201d<\/p>\n\n\n\t\t\t\t\t<div\n\t\t\t\t\t\tclass=\"wp-block-uagb-image-gallery uagb-block-3b1fd1e8\"\n\t\t\t\t\t\tstyle=\"\"\n\t\t\t\t\t>\n\t\t\t\t\t\t\t\t\t\t\t<div class=\"spectra-image-gallery spectra-image-gallery__layout--grid spectra-image-gallery__layout--grid-col-2 spectra-image-gallery__layout--grid-col-tab-2 spectra-image-gallery__layout--grid-col-mob-2\">\n\t\t\t\t\t\t\t\t\t\t\t<div class='spectra-image-gallery__media-wrapper' data-spectra-gallery-image-id='47378' tabindex=\"0\">\n\t\t\t\t\t\t\t<div class=\"spectra-image-gallery__media spectra-image-gallery__media--grid\">\n\t\t\t\t<picture>\n\t\t\t\t\t<source media=\"(min-width: 1024px)\" srcset=\"https:\/\/www.uartes.edu.ec\/sitio\/wp-content\/uploads\/2023\/09\/Recinto-constantini-05-644x429.jpg\">\n\t\t\t\t\t<source media=\"(min-width: 768px)\" srcset=\"https:\/\/www.uartes.edu.ec\/sitio\/wp-content\/uploads\/2023\/09\/Recinto-constantini-05-644x429.jpg\">\n\t\t\t\t\t<img decoding=\"async\" class=\"spectra-image-gallery__media-thumbnail spectra-image-gallery__media-thumbnail--grid\" src=\"https:\/\/www.uartes.edu.ec\/sitio\/wp-content\/uploads\/2023\/09\/Recinto-constantini-05-300x200.jpg\" alt=\"\" loading=\"lazy\" \/>\n\t\t\t\t<\/picture>\n\t\t\t\t<div class=\"spectra-image-gallery__media-thumbnail-blurrer\"><\/div>\n\t\t\t\t\t\t\t\t\t\t\t<div class=\"spectra-image-gallery__media-thumbnail-caption-wrapper spectra-image-gallery__media-thumbnail-caption-wrapper--overlay\">\n\t\t\t\t\t\t\t\t\t\t\t<div class=\"spectra-image-gallery__media-thumbnail-caption spectra-image-gallery__media-thumbnail-caption--overlay\">\n\t\t\t\t\tNo Caption\t\t\t\t<\/div>\n\t\t\t\t\t\t\t\t\t\t<\/div>\n\t\t\t\t\t\t\t\t\t<\/div>\n\t\t\t\t\t\t<\/div>\n\t\t\t\t\t\t<div class='spectra-image-gallery__media-wrapper' data-spectra-gallery-image-id='47377' tabindex=\"0\">\n\t\t\t\t\t\t\t<div class=\"spectra-image-gallery__media spectra-image-gallery__media--grid\">\n\t\t\t\t<picture>\n\t\t\t\t\t<source media=\"(min-width: 1024px)\" srcset=\"https:\/\/www.uartes.edu.ec\/sitio\/wp-content\/uploads\/2023\/09\/Recinto-constantini-02-1-644x429.jpg\">\n\t\t\t\t\t<source media=\"(min-width: 768px)\" srcset=\"https:\/\/www.uartes.edu.ec\/sitio\/wp-content\/uploads\/2023\/09\/Recinto-constantini-02-1-644x429.jpg\">\n\t\t\t\t\t<img decoding=\"async\" class=\"spectra-image-gallery__media-thumbnail spectra-image-gallery__media-thumbnail--grid\" src=\"https:\/\/www.uartes.edu.ec\/sitio\/wp-content\/uploads\/2023\/09\/Recinto-constantini-02-1-300x200.jpg\" alt=\"\" loading=\"lazy\" \/>\n\t\t\t\t<\/picture>\n\t\t\t\t<div class=\"spectra-image-gallery__media-thumbnail-blurrer\"><\/div>\n\t\t\t\t\t\t\t\t\t\t\t<div class=\"spectra-image-gallery__media-thumbnail-caption-wrapper spectra-image-gallery__media-thumbnail-caption-wrapper--overlay\">\n\t\t\t\t\t\t\t\t\t\t\t<div class=\"spectra-image-gallery__media-thumbnail-caption spectra-image-gallery__media-thumbnail-caption--overlay\">\n\t\t\t\t\tNo Caption\t\t\t\t<\/div>\n\t\t\t\t\t\t\t\t\t\t<\/div>\n\t\t\t\t\t\t\t\t\t<\/div>\n\t\t\t\t\t\t<\/div>\n\t\t\t\t\t\t\t\t\t\t<\/div>\n\t\t\t\t\t\t\t\t\t\t\t\t\t\t\t\t\t\t<\/div>\n\t\t\t\t\t\t\t\t\t\n\n\n<p>Daza confes\u00f3 que lleg\u00f3 a participar en el taller \u201cAminGifScope\u201d de casualidad, pues por asuntos de trabajo se involucr\u00f3 cuando se elaboraban los insumos y la recepci\u00f3n de los materiales a utilizar. \u201cMe pareci\u00f3 sumamente interesante, entonces me indicaron que pod\u00eda inscribirme y recib\u00ed la invitaci\u00f3n desde el Departamento de Transversal\u201d, se\u00f1al\u00f3.<\/p>\n\n\n\n<p>Tras la experiencia, el funcionario administrativo anot\u00f3 que, en lo personal, fue positiva. Un taller sumamente interesante en su contenido, conducci\u00f3n y participantes. \u201cFueron tres d\u00edas donde a m\u00e1s de adquirir conocimientos nuevos y entablar una camarader\u00eda con los dem\u00e1s talleristas y el expositor nos sirvi\u00f3 como una terapia de relax y socializaci\u00f3n necesaria para bajar la tensi\u00f3n que nos proporcionan las actividades diarias\u201d.<\/p>\n\n\n<div class=\"wp-block-image\">\n<figure class=\"aligncenter size-large\"><img decoding=\"async\" width=\"644\" height=\"429\" src=\"https:\/\/www.uartes.edu.ec\/sitio\/wp-content\/uploads\/2023\/09\/Recinto-constantini-06-644x429.jpg\" alt=\"\" class=\"wp-image-47381\" srcset=\"https:\/\/www.uartes.edu.ec\/sitio\/wp-content\/uploads\/2023\/09\/Recinto-constantini-06-644x429.jpg 644w, https:\/\/www.uartes.edu.ec\/sitio\/wp-content\/uploads\/2023\/09\/Recinto-constantini-06-768x511.jpg 768w, https:\/\/www.uartes.edu.ec\/sitio\/wp-content\/uploads\/2023\/09\/Recinto-constantini-06.jpg 2000w, https:\/\/www.uartes.edu.ec\/sitio\/wp-content\/uploads\/2023\/09\/Recinto-constantini-06-600x399.jpg 600w, https:\/\/www.uartes.edu.ec\/sitio\/wp-content\/uploads\/2023\/09\/Recinto-constantini-06-272x182.jpg 272w\" sizes=\"(max-width: 644px) 100vw, 644px\" \/><\/figure>\n<\/div>\n\n\n<h3 class=\"wp-block-heading\">El instructor y su trabajo<\/h3>\n\n\n\n<p>El trabajo de Arcangelo Constantini se caracteriza por una profunda investigaci\u00f3n cient\u00edfica, filos\u00f3fica y perceptiva de los procesos de la naturaleza a trav\u00e9s de la tecnolog\u00eda. En su trayectoria se cuentan las curadur\u00edas a Nuevos Medios del Museo Tamayo Arte Contempor\u00e1neo, al espacio independiente \u00bc, as\u00ed como a la Bienal Arte Electr\u00f3nico Transitio MX del CNA y CONACULTA en 2005 y 2009. Curador de eventos inaugurales de CENTRO y de la Fonoteca Nacional. Actualmente organiza con Marcela Armas los Ciclos Meditatio Sonus. Obtuvo la beca Rockefeller\/MaCArthur, entre otras.<\/p>\n\n\n\n<p>Fotos: Luisa Pozo, del MZ14 Centro de Producci\u00f3n e Innovaci\u00f3n UArtes <\/p>","protected":false},"excerpt":{"rendered":"<p>Participantes del taller \u201cAminGifScope, simulador electromec\u00e1nico de im\u00e1genes en movimiento\u201d, dictado por el inventor art\u00edstico mexicano y hacker tecnol\u00f3gico Arcangelo Constantini, celebran la convocatoria e invitaci\u00f3n del Departamento Transversal de la UArtes para esta propuesta de formaci\u00f3n, que es parte de las actividades de RECINTOLab. Super\u00f3 expectativas y ampli\u00f3 conocimientos de la fusi\u00f3n arte y tecnolog\u00eda. Dos talleristas comparten la experiencia.<\/p>","protected":false},"author":10,"featured_media":47374,"comment_status":"open","ping_status":"open","sticky":false,"template":"","format":"standard","meta":{"_acf_changed":false,"_uag_custom_page_level_css":"","_monsterinsights_skip_tracking":false,"_monsterinsights_sitenote_active":false,"_monsterinsights_sitenote_note":"","_monsterinsights_sitenote_category":0,"cybocfi_hide_featured_image":"","footnotes":""},"categories":[80,438,490,75,76,77,284,174,79],"tags":[1054],"infouartes":[],"class_list":["post-47373","post","type-post","status-publish","format-standard","has-post-thumbnail","hentry","category-academico","category-administrativos","category-alumni","category-docentes","category-estudiantes","category-gestion","category-investigacion","category-transversal","category-vinculo","tag-formacion"],"acf":[],"yoast_head":"<!-- This site is optimized with the Yoast SEO plugin v27.4 - https:\/\/yoast.com\/product\/yoast-seo-wordpress\/ -->\n<title>Universidad de las Artes - Experiencias del taller \u201cAnimGifScope\u201d con el mexicano Arcangelo Constantini<\/title>\n<meta name=\"description\" content=\"Universidad de las Artes - Experiencias del taller \u201cAnimGifScope\u201d con el mexicano Arcangelo Constantini\" \/>\n<meta name=\"robots\" content=\"index, follow, max-snippet:-1, max-image-preview:large, max-video-preview:-1\" \/>\n<link rel=\"canonical\" href=\"https:\/\/www.uartes.edu.ec\/sitio\/en\/blog\/2023\/09\/29\/experiencias-del-taller-animgifscope-que-dicto-el-mexicano-arcangelo-constantini-en-el-recintolab\/\" \/>\n<meta property=\"og:locale\" content=\"en_US\" \/>\n<meta property=\"og:type\" content=\"article\" \/>\n<meta property=\"og:title\" content=\"Universidad de las Artes - Experiencias del taller \u201cAnimGifScope\u201d con el mexicano Arcangelo Constantini\" \/>\n<meta property=\"og:description\" content=\"Universidad de las Artes - Experiencias del taller \u201cAnimGifScope\u201d con el mexicano Arcangelo Constantini\" \/>\n<meta property=\"og:url\" content=\"https:\/\/www.uartes.edu.ec\/sitio\/en\/blog\/2023\/09\/29\/experiencias-del-taller-animgifscope-que-dicto-el-mexicano-arcangelo-constantini-en-el-recintolab\/\" \/>\n<meta property=\"og:site_name\" content=\"Universidad de las Artes\" \/>\n<meta property=\"article:publisher\" content=\"https:\/\/www.facebook.com\/uartesec\" \/>\n<meta property=\"article:published_time\" content=\"2023-09-29T16:14:13+00:00\" \/>\n<meta property=\"article:modified_time\" content=\"2024-07-04T16:20:39+00:00\" \/>\n<meta property=\"og:image\" content=\"https:\/\/www.uartes.edu.ec\/sitio\/wp-content\/uploads\/2023\/09\/Recinto-constantini-01.jpg\" \/>\n\t<meta property=\"og:image:width\" content=\"2000\" \/>\n\t<meta property=\"og:image:height\" content=\"1333\" \/>\n\t<meta property=\"og:image:type\" content=\"image\/jpeg\" \/>\n<meta name=\"author\" content=\"ccortez\" \/>\n<meta name=\"twitter:card\" content=\"summary_large_image\" \/>\n<meta name=\"twitter:creator\" content=\"@uartesec\" \/>\n<meta name=\"twitter:site\" content=\"@uartesec\" \/>\n<meta name=\"twitter:label1\" content=\"Written by\" \/>\n\t<meta name=\"twitter:data1\" content=\"ccortez\" \/>\n\t<meta name=\"twitter:label2\" content=\"Est. reading time\" \/>\n\t<meta name=\"twitter:data2\" content=\"5 minutes\" \/>\n<script type=\"application\/ld+json\" class=\"yoast-schema-graph\">{\"@context\":\"https:\\\/\\\/schema.org\",\"@graph\":[{\"@type\":\"Article\",\"@id\":\"https:\\\/\\\/www.uartes.edu.ec\\\/sitio\\\/en\\\/blog\\\/2023\\\/09\\\/29\\\/experiencias-del-taller-animgifscope-que-dicto-el-mexicano-arcangelo-constantini-en-el-recintolab\\\/#article\",\"isPartOf\":{\"@id\":\"https:\\\/\\\/www.uartes.edu.ec\\\/sitio\\\/en\\\/blog\\\/2023\\\/09\\\/29\\\/experiencias-del-taller-animgifscope-que-dicto-el-mexicano-arcangelo-constantini-en-el-recintolab\\\/\"},\"author\":{\"name\":\"ccortez\",\"@id\":\"https:\\\/\\\/www.uartes.edu.ec\\\/sitio\\\/en\\\/#\\\/schema\\\/person\\\/efa1b8275797664fd7f13a79ccc0b1f4\"},\"headline\":\"Experiencias del taller \u201cAnimGifScope\u201d con el mexicano Arcangelo Constantini\",\"datePublished\":\"2023-09-29T16:14:13+00:00\",\"dateModified\":\"2024-07-04T16:20:39+00:00\",\"mainEntityOfPage\":{\"@id\":\"https:\\\/\\\/www.uartes.edu.ec\\\/sitio\\\/en\\\/blog\\\/2023\\\/09\\\/29\\\/experiencias-del-taller-animgifscope-que-dicto-el-mexicano-arcangelo-constantini-en-el-recintolab\\\/\"},\"wordCount\":1024,\"commentCount\":0,\"publisher\":{\"@id\":\"https:\\\/\\\/www.uartes.edu.ec\\\/sitio\\\/en\\\/#organization\"},\"image\":{\"@id\":\"https:\\\/\\\/www.uartes.edu.ec\\\/sitio\\\/en\\\/blog\\\/2023\\\/09\\\/29\\\/experiencias-del-taller-animgifscope-que-dicto-el-mexicano-arcangelo-constantini-en-el-recintolab\\\/#primaryimage\"},\"thumbnailUrl\":\"https:\\\/\\\/www.uartes.edu.ec\\\/sitio\\\/wp-content\\\/uploads\\\/2023\\\/09\\\/Recinto-constantini-01.jpg\",\"keywords\":[\"formaci\u00f3n\"],\"articleSection\":[\"Acad\u00e9mico\",\"Administrativos\",\"Alumni\",\"Docentes\",\"Estudiantes\",\"Gesti\u00f3n\",\"Investigaci\u00f3n\",\"Transversal\",\"V\u00ednculo\"],\"inLanguage\":\"en-US\",\"potentialAction\":[{\"@type\":\"CommentAction\",\"name\":\"Comment\",\"target\":[\"https:\\\/\\\/www.uartes.edu.ec\\\/sitio\\\/en\\\/blog\\\/2023\\\/09\\\/29\\\/experiencias-del-taller-animgifscope-que-dicto-el-mexicano-arcangelo-constantini-en-el-recintolab\\\/#respond\"]}]},{\"@type\":[\"WebPage\",\"ItemPage\"],\"@id\":\"https:\\\/\\\/www.uartes.edu.ec\\\/sitio\\\/en\\\/blog\\\/2023\\\/09\\\/29\\\/experiencias-del-taller-animgifscope-que-dicto-el-mexicano-arcangelo-constantini-en-el-recintolab\\\/\",\"url\":\"https:\\\/\\\/www.uartes.edu.ec\\\/sitio\\\/en\\\/blog\\\/2023\\\/09\\\/29\\\/experiencias-del-taller-animgifscope-que-dicto-el-mexicano-arcangelo-constantini-en-el-recintolab\\\/\",\"name\":\"Universidad de las Artes - Experiencias del taller \u201cAnimGifScope\u201d con el mexicano Arcangelo Constantini\",\"isPartOf\":{\"@id\":\"https:\\\/\\\/www.uartes.edu.ec\\\/sitio\\\/en\\\/#website\"},\"primaryImageOfPage\":{\"@id\":\"https:\\\/\\\/www.uartes.edu.ec\\\/sitio\\\/en\\\/blog\\\/2023\\\/09\\\/29\\\/experiencias-del-taller-animgifscope-que-dicto-el-mexicano-arcangelo-constantini-en-el-recintolab\\\/#primaryimage\"},\"image\":{\"@id\":\"https:\\\/\\\/www.uartes.edu.ec\\\/sitio\\\/en\\\/blog\\\/2023\\\/09\\\/29\\\/experiencias-del-taller-animgifscope-que-dicto-el-mexicano-arcangelo-constantini-en-el-recintolab\\\/#primaryimage\"},\"thumbnailUrl\":\"https:\\\/\\\/www.uartes.edu.ec\\\/sitio\\\/wp-content\\\/uploads\\\/2023\\\/09\\\/Recinto-constantini-01.jpg\",\"datePublished\":\"2023-09-29T16:14:13+00:00\",\"dateModified\":\"2024-07-04T16:20:39+00:00\",\"description\":\"Universidad de las Artes - Experiencias del taller \u201cAnimGifScope\u201d con el mexicano Arcangelo Constantini\",\"breadcrumb\":{\"@id\":\"https:\\\/\\\/www.uartes.edu.ec\\\/sitio\\\/en\\\/blog\\\/2023\\\/09\\\/29\\\/experiencias-del-taller-animgifscope-que-dicto-el-mexicano-arcangelo-constantini-en-el-recintolab\\\/#breadcrumb\"},\"inLanguage\":\"en-US\",\"potentialAction\":[{\"@type\":\"ReadAction\",\"target\":[\"https:\\\/\\\/www.uartes.edu.ec\\\/sitio\\\/en\\\/blog\\\/2023\\\/09\\\/29\\\/experiencias-del-taller-animgifscope-que-dicto-el-mexicano-arcangelo-constantini-en-el-recintolab\\\/\"]}]},{\"@type\":\"ImageObject\",\"inLanguage\":\"en-US\",\"@id\":\"https:\\\/\\\/www.uartes.edu.ec\\\/sitio\\\/en\\\/blog\\\/2023\\\/09\\\/29\\\/experiencias-del-taller-animgifscope-que-dicto-el-mexicano-arcangelo-constantini-en-el-recintolab\\\/#primaryimage\",\"url\":\"https:\\\/\\\/www.uartes.edu.ec\\\/sitio\\\/wp-content\\\/uploads\\\/2023\\\/09\\\/Recinto-constantini-01.jpg\",\"contentUrl\":\"https:\\\/\\\/www.uartes.edu.ec\\\/sitio\\\/wp-content\\\/uploads\\\/2023\\\/09\\\/Recinto-constantini-01.jpg\",\"width\":2000,\"height\":1333},{\"@type\":\"BreadcrumbList\",\"@id\":\"https:\\\/\\\/www.uartes.edu.ec\\\/sitio\\\/en\\\/blog\\\/2023\\\/09\\\/29\\\/experiencias-del-taller-animgifscope-que-dicto-el-mexicano-arcangelo-constantini-en-el-recintolab\\\/#breadcrumb\",\"itemListElement\":[{\"@type\":\"ListItem\",\"position\":1,\"name\":\"Inicio\",\"item\":\"https:\\\/\\\/www.uartes.edu.ec\\\/sitio\\\/\"},{\"@type\":\"ListItem\",\"position\":2,\"name\":\"Experiencias del taller \u201cAnimGifScope\u201d con el mexicano Arcangelo Constantini\"}]},{\"@type\":\"WebSite\",\"@id\":\"https:\\\/\\\/www.uartes.edu.ec\\\/sitio\\\/en\\\/#website\",\"url\":\"https:\\\/\\\/www.uartes.edu.ec\\\/sitio\\\/en\\\/\",\"name\":\"Universidad de las Artes\",\"description\":\"Sitio oficial de la Universidad Nacional de las Artes del Ecuador\",\"publisher\":{\"@id\":\"https:\\\/\\\/www.uartes.edu.ec\\\/sitio\\\/en\\\/#organization\"},\"potentialAction\":[{\"@type\":\"SearchAction\",\"target\":{\"@type\":\"EntryPoint\",\"urlTemplate\":\"https:\\\/\\\/www.uartes.edu.ec\\\/sitio\\\/en\\\/?s={search_term_string}\"},\"query-input\":{\"@type\":\"PropertyValueSpecification\",\"valueRequired\":true,\"valueName\":\"search_term_string\"}}],\"inLanguage\":\"en-US\"},{\"@type\":\"Organization\",\"@id\":\"https:\\\/\\\/www.uartes.edu.ec\\\/sitio\\\/en\\\/#organization\",\"name\":\"Universidad de las Artes\",\"url\":\"https:\\\/\\\/www.uartes.edu.ec\\\/sitio\\\/en\\\/\",\"logo\":{\"@type\":\"ImageObject\",\"inLanguage\":\"en-US\",\"@id\":\"https:\\\/\\\/www.uartes.edu.ec\\\/sitio\\\/en\\\/#\\\/schema\\\/logo\\\/image\\\/\",\"url\":\"https:\\\/\\\/www.uartes.edu.ec\\\/sitio\\\/wp-content\\\/uploads\\\/2022\\\/07\\\/logo-ua-horizontal.png\",\"contentUrl\":\"https:\\\/\\\/www.uartes.edu.ec\\\/sitio\\\/wp-content\\\/uploads\\\/2022\\\/07\\\/logo-ua-horizontal.png\",\"width\":800,\"height\":276,\"caption\":\"Universidad de las Artes\"},\"image\":{\"@id\":\"https:\\\/\\\/www.uartes.edu.ec\\\/sitio\\\/en\\\/#\\\/schema\\\/logo\\\/image\\\/\"},\"sameAs\":[\"https:\\\/\\\/www.facebook.com\\\/uartesec\",\"https:\\\/\\\/x.com\\\/uartesec\",\"https:\\\/\\\/www.tiktok.com\\\/@uartesec\"]},{\"@type\":\"Person\",\"@id\":\"https:\\\/\\\/www.uartes.edu.ec\\\/sitio\\\/en\\\/#\\\/schema\\\/person\\\/efa1b8275797664fd7f13a79ccc0b1f4\",\"name\":\"ccortez\",\"image\":{\"@type\":\"ImageObject\",\"inLanguage\":\"en-US\",\"@id\":\"https:\\\/\\\/secure.gravatar.com\\\/avatar\\\/b2a6f664a3ae8e074346ef91775736c5ec479e637ecced6842de9dc98b5da9cd?s=96&d=mm&r=g\",\"url\":\"https:\\\/\\\/secure.gravatar.com\\\/avatar\\\/b2a6f664a3ae8e074346ef91775736c5ec479e637ecced6842de9dc98b5da9cd?s=96&d=mm&r=g\",\"contentUrl\":\"https:\\\/\\\/secure.gravatar.com\\\/avatar\\\/b2a6f664a3ae8e074346ef91775736c5ec479e637ecced6842de9dc98b5da9cd?s=96&d=mm&r=g\",\"caption\":\"ccortez\"},\"url\":\"https:\\\/\\\/www.uartes.edu.ec\\\/sitio\\\/en\\\/blog\\\/author\\\/ccortez\\\/\"}]}<\/script>\n<!-- \/ Yoast SEO plugin. -->","yoast_head_json":{"title":"Universidad de las Artes - Experiencias del taller \u201cAnimGifScope\u201d con el mexicano Arcangelo Constantini","description":"Universidad de las Artes - Experiencias del taller \u201cAnimGifScope\u201d con el mexicano Arcangelo Constantini","robots":{"index":"index","follow":"follow","max-snippet":"max-snippet:-1","max-image-preview":"max-image-preview:large","max-video-preview":"max-video-preview:-1"},"canonical":"https:\/\/www.uartes.edu.ec\/sitio\/en\/blog\/2023\/09\/29\/experiencias-del-taller-animgifscope-que-dicto-el-mexicano-arcangelo-constantini-en-el-recintolab\/","og_locale":"en_US","og_type":"article","og_title":"Universidad de las Artes - Experiencias del taller \u201cAnimGifScope\u201d con el mexicano Arcangelo Constantini","og_description":"Universidad de las Artes - Experiencias del taller \u201cAnimGifScope\u201d con el mexicano Arcangelo Constantini","og_url":"https:\/\/www.uartes.edu.ec\/sitio\/en\/blog\/2023\/09\/29\/experiencias-del-taller-animgifscope-que-dicto-el-mexicano-arcangelo-constantini-en-el-recintolab\/","og_site_name":"Universidad de las Artes","article_publisher":"https:\/\/www.facebook.com\/uartesec","article_published_time":"2023-09-29T16:14:13+00:00","article_modified_time":"2024-07-04T16:20:39+00:00","og_image":[{"width":2000,"height":1333,"url":"https:\/\/www.uartes.edu.ec\/sitio\/wp-content\/uploads\/2023\/09\/Recinto-constantini-01.jpg","type":"image\/jpeg"}],"author":"ccortez","twitter_card":"summary_large_image","twitter_creator":"@uartesec","twitter_site":"@uartesec","twitter_misc":{"Written by":"ccortez","Est. reading time":"5 minutes"},"schema":{"@context":"https:\/\/schema.org","@graph":[{"@type":"Article","@id":"https:\/\/www.uartes.edu.ec\/sitio\/en\/blog\/2023\/09\/29\/experiencias-del-taller-animgifscope-que-dicto-el-mexicano-arcangelo-constantini-en-el-recintolab\/#article","isPartOf":{"@id":"https:\/\/www.uartes.edu.ec\/sitio\/en\/blog\/2023\/09\/29\/experiencias-del-taller-animgifscope-que-dicto-el-mexicano-arcangelo-constantini-en-el-recintolab\/"},"author":{"name":"ccortez","@id":"https:\/\/www.uartes.edu.ec\/sitio\/en\/#\/schema\/person\/efa1b8275797664fd7f13a79ccc0b1f4"},"headline":"Experiencias del taller \u201cAnimGifScope\u201d con el mexicano Arcangelo Constantini","datePublished":"2023-09-29T16:14:13+00:00","dateModified":"2024-07-04T16:20:39+00:00","mainEntityOfPage":{"@id":"https:\/\/www.uartes.edu.ec\/sitio\/en\/blog\/2023\/09\/29\/experiencias-del-taller-animgifscope-que-dicto-el-mexicano-arcangelo-constantini-en-el-recintolab\/"},"wordCount":1024,"commentCount":0,"publisher":{"@id":"https:\/\/www.uartes.edu.ec\/sitio\/en\/#organization"},"image":{"@id":"https:\/\/www.uartes.edu.ec\/sitio\/en\/blog\/2023\/09\/29\/experiencias-del-taller-animgifscope-que-dicto-el-mexicano-arcangelo-constantini-en-el-recintolab\/#primaryimage"},"thumbnailUrl":"https:\/\/www.uartes.edu.ec\/sitio\/wp-content\/uploads\/2023\/09\/Recinto-constantini-01.jpg","keywords":["formaci\u00f3n"],"articleSection":["Acad\u00e9mico","Administrativos","Alumni","Docentes","Estudiantes","Gesti\u00f3n","Investigaci\u00f3n","Transversal","V\u00ednculo"],"inLanguage":"en-US","potentialAction":[{"@type":"CommentAction","name":"Comment","target":["https:\/\/www.uartes.edu.ec\/sitio\/en\/blog\/2023\/09\/29\/experiencias-del-taller-animgifscope-que-dicto-el-mexicano-arcangelo-constantini-en-el-recintolab\/#respond"]}]},{"@type":["WebPage","ItemPage"],"@id":"https:\/\/www.uartes.edu.ec\/sitio\/en\/blog\/2023\/09\/29\/experiencias-del-taller-animgifscope-que-dicto-el-mexicano-arcangelo-constantini-en-el-recintolab\/","url":"https:\/\/www.uartes.edu.ec\/sitio\/en\/blog\/2023\/09\/29\/experiencias-del-taller-animgifscope-que-dicto-el-mexicano-arcangelo-constantini-en-el-recintolab\/","name":"Universidad de las Artes - Experiencias del taller \u201cAnimGifScope\u201d con el mexicano Arcangelo Constantini","isPartOf":{"@id":"https:\/\/www.uartes.edu.ec\/sitio\/en\/#website"},"primaryImageOfPage":{"@id":"https:\/\/www.uartes.edu.ec\/sitio\/en\/blog\/2023\/09\/29\/experiencias-del-taller-animgifscope-que-dicto-el-mexicano-arcangelo-constantini-en-el-recintolab\/#primaryimage"},"image":{"@id":"https:\/\/www.uartes.edu.ec\/sitio\/en\/blog\/2023\/09\/29\/experiencias-del-taller-animgifscope-que-dicto-el-mexicano-arcangelo-constantini-en-el-recintolab\/#primaryimage"},"thumbnailUrl":"https:\/\/www.uartes.edu.ec\/sitio\/wp-content\/uploads\/2023\/09\/Recinto-constantini-01.jpg","datePublished":"2023-09-29T16:14:13+00:00","dateModified":"2024-07-04T16:20:39+00:00","description":"Universidad de las Artes - Experiencias del taller \u201cAnimGifScope\u201d con el mexicano Arcangelo Constantini","breadcrumb":{"@id":"https:\/\/www.uartes.edu.ec\/sitio\/en\/blog\/2023\/09\/29\/experiencias-del-taller-animgifscope-que-dicto-el-mexicano-arcangelo-constantini-en-el-recintolab\/#breadcrumb"},"inLanguage":"en-US","potentialAction":[{"@type":"ReadAction","target":["https:\/\/www.uartes.edu.ec\/sitio\/en\/blog\/2023\/09\/29\/experiencias-del-taller-animgifscope-que-dicto-el-mexicano-arcangelo-constantini-en-el-recintolab\/"]}]},{"@type":"ImageObject","inLanguage":"en-US","@id":"https:\/\/www.uartes.edu.ec\/sitio\/en\/blog\/2023\/09\/29\/experiencias-del-taller-animgifscope-que-dicto-el-mexicano-arcangelo-constantini-en-el-recintolab\/#primaryimage","url":"https:\/\/www.uartes.edu.ec\/sitio\/wp-content\/uploads\/2023\/09\/Recinto-constantini-01.jpg","contentUrl":"https:\/\/www.uartes.edu.ec\/sitio\/wp-content\/uploads\/2023\/09\/Recinto-constantini-01.jpg","width":2000,"height":1333},{"@type":"BreadcrumbList","@id":"https:\/\/www.uartes.edu.ec\/sitio\/en\/blog\/2023\/09\/29\/experiencias-del-taller-animgifscope-que-dicto-el-mexicano-arcangelo-constantini-en-el-recintolab\/#breadcrumb","itemListElement":[{"@type":"ListItem","position":1,"name":"Inicio","item":"https:\/\/www.uartes.edu.ec\/sitio\/"},{"@type":"ListItem","position":2,"name":"Experiencias del taller \u201cAnimGifScope\u201d con el mexicano Arcangelo Constantini"}]},{"@type":"WebSite","@id":"https:\/\/www.uartes.edu.ec\/sitio\/en\/#website","url":"https:\/\/www.uartes.edu.ec\/sitio\/en\/","name":"Universidad de las Artes","description":"Sitio oficial de la Universidad Nacional de las Artes del Ecuador","publisher":{"@id":"https:\/\/www.uartes.edu.ec\/sitio\/en\/#organization"},"potentialAction":[{"@type":"SearchAction","target":{"@type":"EntryPoint","urlTemplate":"https:\/\/www.uartes.edu.ec\/sitio\/en\/?s={search_term_string}"},"query-input":{"@type":"PropertyValueSpecification","valueRequired":true,"valueName":"search_term_string"}}],"inLanguage":"en-US"},{"@type":"Organization","@id":"https:\/\/www.uartes.edu.ec\/sitio\/en\/#organization","name":"Universidad de las Artes","url":"https:\/\/www.uartes.edu.ec\/sitio\/en\/","logo":{"@type":"ImageObject","inLanguage":"en-US","@id":"https:\/\/www.uartes.edu.ec\/sitio\/en\/#\/schema\/logo\/image\/","url":"https:\/\/www.uartes.edu.ec\/sitio\/wp-content\/uploads\/2022\/07\/logo-ua-horizontal.png","contentUrl":"https:\/\/www.uartes.edu.ec\/sitio\/wp-content\/uploads\/2022\/07\/logo-ua-horizontal.png","width":800,"height":276,"caption":"Universidad de las Artes"},"image":{"@id":"https:\/\/www.uartes.edu.ec\/sitio\/en\/#\/schema\/logo\/image\/"},"sameAs":["https:\/\/www.facebook.com\/uartesec","https:\/\/x.com\/uartesec","https:\/\/www.tiktok.com\/@uartesec"]},{"@type":"Person","@id":"https:\/\/www.uartes.edu.ec\/sitio\/en\/#\/schema\/person\/efa1b8275797664fd7f13a79ccc0b1f4","name":"ccortez","image":{"@type":"ImageObject","inLanguage":"en-US","@id":"https:\/\/secure.gravatar.com\/avatar\/b2a6f664a3ae8e074346ef91775736c5ec479e637ecced6842de9dc98b5da9cd?s=96&d=mm&r=g","url":"https:\/\/secure.gravatar.com\/avatar\/b2a6f664a3ae8e074346ef91775736c5ec479e637ecced6842de9dc98b5da9cd?s=96&d=mm&r=g","contentUrl":"https:\/\/secure.gravatar.com\/avatar\/b2a6f664a3ae8e074346ef91775736c5ec479e637ecced6842de9dc98b5da9cd?s=96&d=mm&r=g","caption":"ccortez"},"url":"https:\/\/www.uartes.edu.ec\/sitio\/en\/blog\/author\/ccortez\/"}]}},"uagb_featured_image_src":{"full":["https:\/\/www.uartes.edu.ec\/sitio\/wp-content\/uploads\/2023\/09\/Recinto-constantini-01.jpg",2000,1333,false],"thumbnail":["https:\/\/www.uartes.edu.ec\/sitio\/wp-content\/uploads\/2023\/09\/Recinto-constantini-01-150x150.jpg",150,150,true],"medium":["https:\/\/www.uartes.edu.ec\/sitio\/wp-content\/uploads\/2023\/09\/Recinto-constantini-01-300x200.jpg",300,200,true],"medium_large":["https:\/\/www.uartes.edu.ec\/sitio\/wp-content\/uploads\/2023\/09\/Recinto-constantini-01-768x512.jpg",768,512,true],"large":["https:\/\/www.uartes.edu.ec\/sitio\/wp-content\/uploads\/2023\/09\/Recinto-constantini-01-644x429.jpg",644,429,true],"1536x1536":["https:\/\/www.uartes.edu.ec\/sitio\/wp-content\/uploads\/2023\/09\/Recinto-constantini-01-1536x1024.jpg",1536,1024,true],"2048x2048":["https:\/\/www.uartes.edu.ec\/sitio\/wp-content\/uploads\/2023\/09\/Recinto-constantini-01.jpg",2000,1333,false],"trp-custom-language-flag":["https:\/\/www.uartes.edu.ec\/sitio\/wp-content\/uploads\/2023\/09\/Recinto-constantini-01.jpg",18,12,false],"htmega_size_585x295":["https:\/\/www.uartes.edu.ec\/sitio\/wp-content\/uploads\/2023\/09\/Recinto-constantini-01-585x295.jpg",585,295,true],"htmega_size_1170x536":["https:\/\/www.uartes.edu.ec\/sitio\/wp-content\/uploads\/2023\/09\/Recinto-constantini-01-1170x536.jpg",1170,536,true],"htmega_size_396x360":["https:\/\/www.uartes.edu.ec\/sitio\/wp-content\/uploads\/2023\/09\/Recinto-constantini-01-396x360.jpg",396,360,true],"gb-block-post-grid-landscape":["https:\/\/www.uartes.edu.ec\/sitio\/wp-content\/uploads\/2023\/09\/Recinto-constantini-01-600x400.jpg",600,400,true],"gb-block-post-grid-square":["https:\/\/www.uartes.edu.ec\/sitio\/wp-content\/uploads\/2023\/09\/Recinto-constantini-01-600x600.jpg",600,600,true],"university-hub-thumb":["https:\/\/www.uartes.edu.ec\/sitio\/wp-content\/uploads\/2023\/09\/Recinto-constantini-01-400x267.jpg",400,267,true]},"uagb_author_info":{"display_name":"ccortez","author_link":"https:\/\/www.uartes.edu.ec\/sitio\/en\/blog\/author\/ccortez\/"},"uagb_comment_info":0,"uagb_excerpt":"Participantes del taller \u201cAminGifScope, simulador electromec\u00e1nico de im\u00e1genes en movimiento\u201d, dictado por el inventor art\u00edstico mexicano y hacker tecnol\u00f3gico Arcangelo Constantini, celebran la convocatoria e invitaci\u00f3n del Departamento Transversal de la UArtes para esta propuesta de formaci\u00f3n, que es parte de las actividades de RECINTOLab. Super\u00f3 expectativas y ampli\u00f3 conocimientos de la fusi\u00f3n arte y&hellip;","featured_image_src":"https:\/\/www.uartes.edu.ec\/sitio\/wp-content\/uploads\/2023\/09\/Recinto-constantini-01-600x400.jpg","featured_image_src_square":"https:\/\/www.uartes.edu.ec\/sitio\/wp-content\/uploads\/2023\/09\/Recinto-constantini-01-600x600.jpg","author_info":{"display_name":"ccortez","author_link":"https:\/\/www.uartes.edu.ec\/sitio\/en\/blog\/author\/ccortez\/"},"publishpress_future_workflow_manual_trigger":{"enabledWorkflows":[]},"distributor_meta":false,"distributor_terms":false,"distributor_media":false,"distributor_original_site_name":"Universidad de las Artes","distributor_original_site_url":"https:\/\/www.uartes.edu.ec\/sitio\/en","push-errors":false,"_links":{"self":[{"href":"https:\/\/www.uartes.edu.ec\/sitio\/en\/wp-json\/wp\/v2\/posts\/47373","targetHints":{"allow":["GET"]}}],"collection":[{"href":"https:\/\/www.uartes.edu.ec\/sitio\/en\/wp-json\/wp\/v2\/posts"}],"about":[{"href":"https:\/\/www.uartes.edu.ec\/sitio\/en\/wp-json\/wp\/v2\/types\/post"}],"author":[{"embeddable":true,"href":"https:\/\/www.uartes.edu.ec\/sitio\/en\/wp-json\/wp\/v2\/users\/10"}],"replies":[{"embeddable":true,"href":"https:\/\/www.uartes.edu.ec\/sitio\/en\/wp-json\/wp\/v2\/comments?post=47373"}],"version-history":[{"count":18,"href":"https:\/\/www.uartes.edu.ec\/sitio\/en\/wp-json\/wp\/v2\/posts\/47373\/revisions"}],"predecessor-version":[{"id":56956,"href":"https:\/\/www.uartes.edu.ec\/sitio\/en\/wp-json\/wp\/v2\/posts\/47373\/revisions\/56956"}],"wp:featuredmedia":[{"embeddable":true,"href":"https:\/\/www.uartes.edu.ec\/sitio\/en\/wp-json\/wp\/v2\/media\/47374"}],"wp:attachment":[{"href":"https:\/\/www.uartes.edu.ec\/sitio\/en\/wp-json\/wp\/v2\/media?parent=47373"}],"wp:term":[{"taxonomy":"category","embeddable":true,"href":"https:\/\/www.uartes.edu.ec\/sitio\/en\/wp-json\/wp\/v2\/categories?post=47373"},{"taxonomy":"post_tag","embeddable":true,"href":"https:\/\/www.uartes.edu.ec\/sitio\/en\/wp-json\/wp\/v2\/tags?post=47373"},{"taxonomy":"infouartes","embeddable":true,"href":"https:\/\/www.uartes.edu.ec\/sitio\/en\/wp-json\/wp\/v2\/infouartes?post=47373"}],"curies":[{"name":"wp","href":"https:\/\/api.w.org\/{rel}","templated":true}]}}