{"id":47507,"date":"2023-10-06T12:20:55","date_gmt":"2023-10-06T17:20:55","guid":{"rendered":"https:\/\/www.uartes.edu.ec\/sitio\/?p=47507"},"modified":"2024-07-04T11:20:38","modified_gmt":"2024-07-04T16:20:38","slug":"mesa-de-dialogo-y-muestra-mirarnos-en-el-espejo-de-narcolombia","status":"publish","type":"post","link":"https:\/\/www.uartes.edu.ec\/sitio\/en\/blog\/2023\/10\/06\/mesa-de-dialogo-y-muestra-mirarnos-en-el-espejo-de-narcolombia\/","title":{"rendered":"Mesa de di\u00e1logo y muestra \u201cMirarnos en el espejo de NarColombia\u201d"},"content":{"rendered":"<p>Luego del acto inaugural del VII Encuentro Internacional de Investigaci\u00f3n en Artes, registrado este 2 de octubre y con duraci\u00f3n hasta el viernes 6, se apertur\u00f3 con una mesa de di\u00e1logo la muestra \u201cMirarnos en el espejo de NarColombia\u201d. El conversatorio se entabl\u00f3 en la Plaza P\u00fablica del Centro de Producci\u00f3n e Innovaci\u00f3n MZ14 de la Universidad de las Artes y la exposici\u00f3n permanece en la Galer\u00eda del CIF.<\/p>\n\n\n\n<p>\u201cMirarnos en el espejo de NarColombia\u201d fue curada conjuntamente por Paula Leuro, Andrea Infante, Omar Rinc\u00f3n, X. Andrade y Lucas Ospina, de la Universidad de los Andes (UAndes), quienes seleccionaron obras de los artistas Gabriel Linares, Fernando Salamanca, Ana Correa, Mateo G\u00f3mez, Mauricio Salinas y Nicol\u00e1s Galindo, as\u00ed como del Semillero de Antropolog\u00eda Visual de la UAndes.<\/p>\n\n\n\n<p>Desde el inicio de la charla, a las 18:30, se pudo percibir el agradable aroma del caf\u00e9 y del pan de Masamadre, ubicada en la Plaza P\u00fablica, los que, sin dudarlo, envolvieron a los presentes mientras exploraban la interesante propuesta art\u00edstica de la exhibici\u00f3n. Este toque sensorial a\u00f1adi\u00f3 un elemento acogedor y familiar al evento, creando un ambiente propicio para la reflexi\u00f3n y la apreciaci\u00f3n de las obras de arte.<\/p>\n\n\n<div class=\"wp-block-image\">\n<figure class=\"aligncenter size-large\"><img fetchpriority=\"high\" decoding=\"async\" width=\"644\" height=\"429\" src=\"https:\/\/www.uartes.edu.ec\/sitio\/wp-content\/uploads\/2023\/10\/08-INAUGURACION-1-644x429.jpg\" alt=\"\" class=\"wp-image-47510\" srcset=\"https:\/\/www.uartes.edu.ec\/sitio\/wp-content\/uploads\/2023\/10\/08-INAUGURACION-1-644x429.jpg 644w, https:\/\/www.uartes.edu.ec\/sitio\/wp-content\/uploads\/2023\/10\/08-INAUGURACION-1-300x200.jpg 300w, https:\/\/www.uartes.edu.ec\/sitio\/wp-content\/uploads\/2023\/10\/08-INAUGURACION-1-768x512.jpg 768w, https:\/\/www.uartes.edu.ec\/sitio\/wp-content\/uploads\/2023\/10\/08-INAUGURACION-1-1536x1024.jpg 1536w, https:\/\/www.uartes.edu.ec\/sitio\/wp-content\/uploads\/2023\/10\/08-INAUGURACION-1-600x400.jpg 600w, https:\/\/www.uartes.edu.ec\/sitio\/wp-content\/uploads\/2023\/10\/08-INAUGURACION-1-400x267.jpg 400w, https:\/\/www.uartes.edu.ec\/sitio\/wp-content\/uploads\/2023\/10\/08-INAUGURACION-1-272x182.jpg 272w, https:\/\/www.uartes.edu.ec\/sitio\/wp-content\/uploads\/2023\/10\/08-INAUGURACION-1.jpg 2000w\" sizes=\"(max-width: 644px) 100vw, 644px\" \/><\/figure>\n<\/div>\n\n\n<p>Surgieron inquietudes, como el origen de los t\u00e9rminos \u201cnarcoestado\u201d y \u201cnarco\u201d. Se discuti\u00f3 que, en Colombia, el t\u00e9rmino \u201cnarcoestado\u201d ha sido utilizado para describir la influencia del narcotr\u00e1fico en la pol\u00edtica y la sociedad, especialmente en las \u00faltimas d\u00e9cadas. En lugar de centrarse \u00fanicamente en los carteles de la droga y los patrones del mal, se argument\u00f3, esencialmente se analiza c\u00f3mo el narcotr\u00e1fico se ha entrelazado con el capitalismo y ha dado forma a la \u00e9tica del dinero, del consumo y de la exhibici\u00f3n.<\/p>\n\n\n\n<p>Asimismo, se destac\u00f3 la importancia de abrir un debate cr\u00edtico sobre el tema del narco y desafiar el discurso hegem\u00f3nico que a menudo estigmatiza a quienes participan en la cultura del narcotr\u00e1fico. A diferencia de Colombia, en Ecuador la discusi\u00f3n sobre el narcotr\u00e1fico en el arte y la cultura est\u00e1 en sus primeras etapas y la exposici\u00f3n buscaba contribuir a la conciencia cr\u00edtica y al di\u00e1logo sobre este tema en el contexto ecuatoriano.<\/p>\n\n\n<div class=\"wp-block-image\">\n<figure class=\"aligncenter size-large\"><img decoding=\"async\" width=\"644\" height=\"429\" src=\"https:\/\/www.uartes.edu.ec\/sitio\/wp-content\/uploads\/2023\/10\/09-INAUGURACION-644x429.jpg\" alt=\"\" class=\"wp-image-47511\" srcset=\"https:\/\/www.uartes.edu.ec\/sitio\/wp-content\/uploads\/2023\/10\/09-INAUGURACION-644x429.jpg 644w, https:\/\/www.uartes.edu.ec\/sitio\/wp-content\/uploads\/2023\/10\/09-INAUGURACION-300x200.jpg 300w, https:\/\/www.uartes.edu.ec\/sitio\/wp-content\/uploads\/2023\/10\/09-INAUGURACION-768x512.jpg 768w, https:\/\/www.uartes.edu.ec\/sitio\/wp-content\/uploads\/2023\/10\/09-INAUGURACION-1536x1024.jpg 1536w, https:\/\/www.uartes.edu.ec\/sitio\/wp-content\/uploads\/2023\/10\/09-INAUGURACION-600x400.jpg 600w, https:\/\/www.uartes.edu.ec\/sitio\/wp-content\/uploads\/2023\/10\/09-INAUGURACION-400x267.jpg 400w, https:\/\/www.uartes.edu.ec\/sitio\/wp-content\/uploads\/2023\/10\/09-INAUGURACION-272x182.jpg 272w, https:\/\/www.uartes.edu.ec\/sitio\/wp-content\/uploads\/2023\/10\/09-INAUGURACION.jpg 2000w\" sizes=\"(max-width: 644px) 100vw, 644px\" \/><\/figure>\n<\/div>\n\n\n<p>Qu\u00e9 elementos visuales son caracter\u00edsticos y qu\u00e9 significados llevan consigo en estas narrativas visuales, se cuestion\u00f3. En respuesta, los panelistas mencionaron que destacan iconos y s\u00edmbolos relacionados con el narco, como la figura de Pablo Escobar, la Virgen de los Sicarios, siluetas de mujeres sexualizadas, armas de fuego y marcas de lujo. Estos elementos visuales se utilizan en diferentes contextos culturales, como la m\u00fasica, la moda, la arquitectura, y m\u00e1s, para expresar una est\u00e9tica \u201cnarcocultural\u201d. Cada uno de estos elementos lleva consigo m\u00faltiples significados, que pueden variar desde la celebraci\u00f3n de un estilo de vida ostentoso hasta la cr\u00edtica social y pol\u00edtica.<\/p>\n\n\n\n<p>Se mencionaron marcas y empresas que han estado involucradas de alguna manera con el fen\u00f3meno narco, ya sea a trav\u00e9s de patrocinios o de otros v\u00ednculos. Por ejemplo: el patrocinio de Atl\u00e9tico Nacional por parte del Cartel de Medell\u00edn jug\u00f3 un papel importante porque el equipo logr\u00f3 un gran \u00e9xito durante esa \u00e9poca y gan\u00f3 varios t\u00edtulos, incluida la Copa Libertadores en 1989. Incluso la fuerte declaraci\u00f3n que los partidos pol\u00edticos son financiados por los c\u00e1rteles, situaci\u00f3n que se sabe, pero no se dice. Se hizo entonces referencia a c\u00f3mo en la cultura actual, especialmente entre los j\u00f3venes, se pueden identificar diferentes estilos asociados al narco, como los \u201cbuchis\u201d, que son j\u00f3venes que logran tomarse fotos con carros de alta gama que no son suyos, pero no deja de ser sensacionalista y los \u201cb\u00e9licos\u201d, que son j\u00f3venes que adem\u00e1s portan armas para la fotograf\u00eda. Es as\u00ed como reflejan la influencia de esta est\u00e9tica en la sociedad.<\/p>\n\n\n<div class=\"wp-block-image\">\n<figure class=\"aligncenter size-large\"><img decoding=\"async\" width=\"644\" height=\"429\" src=\"https:\/\/www.uartes.edu.ec\/sitio\/wp-content\/uploads\/2023\/10\/NARCOLOMBIA-644x429.jpg\" alt=\"\" class=\"wp-image-47508\" srcset=\"https:\/\/www.uartes.edu.ec\/sitio\/wp-content\/uploads\/2023\/10\/NARCOLOMBIA-644x429.jpg 644w, https:\/\/www.uartes.edu.ec\/sitio\/wp-content\/uploads\/2023\/10\/NARCOLOMBIA-300x200.jpg 300w, https:\/\/www.uartes.edu.ec\/sitio\/wp-content\/uploads\/2023\/10\/NARCOLOMBIA-768x512.jpg 768w, https:\/\/www.uartes.edu.ec\/sitio\/wp-content\/uploads\/2023\/10\/NARCOLOMBIA-1536x1024.jpg 1536w, https:\/\/www.uartes.edu.ec\/sitio\/wp-content\/uploads\/2023\/10\/NARCOLOMBIA-600x400.jpg 600w, https:\/\/www.uartes.edu.ec\/sitio\/wp-content\/uploads\/2023\/10\/NARCOLOMBIA-400x267.jpg 400w, https:\/\/www.uartes.edu.ec\/sitio\/wp-content\/uploads\/2023\/10\/NARCOLOMBIA-272x182.jpg 272w, https:\/\/www.uartes.edu.ec\/sitio\/wp-content\/uploads\/2023\/10\/NARCOLOMBIA.jpg 2000w\" sizes=\"(max-width: 644px) 100vw, 644px\" \/><\/figure>\n<\/div>\n\n\n<p>Se dio \u00e9nfasis a la importancia de dejar de negar la influencia del narco en la cultura y la sociedad y, en su lugar, asumirlo como un elemento que forma parte de nuestra realidad y reflexionar sobre ello. La exposici\u00f3n busca un equilibrio entre la est\u00e9tica y la \u00e9tica, promoviendo la comprensi\u00f3n y el an\u00e1lisis cr\u00edtico de la narcocultura en lugar de glorificarla o condenarla de manera simplista.<\/p>\n\n\n\n<p>En el caso de la investigaci\u00f3n sobre la narcocultura, se habl\u00f3 de la importancia de abordarla con responsabilidad y \u00e9tica, evitando la trivializaci\u00f3n o la explotaci\u00f3n de la experiencia ajena. Esto implica un compromiso genuino con la comprensi\u00f3n profunda de las dimensiones sociales, culturales y pol\u00edticas del fen\u00f3meno, as\u00ed como la promoci\u00f3n de un debate informado y reflexivo en lugar de caer en la apolog\u00eda o el sensacionalismo.<\/p>\n\n\n\n<p>Despu\u00e9s de la charla y la visita a la exposici\u00f3n, los asistentes tuvieron la oportunidad de disfrutar de un refrigerio ofrecido por Monocapuchino. Este momento de convivencia y relajaci\u00f3n permiti\u00f3 a los participantes compartir impresiones, intercambiar ideas y continuar la conversaci\u00f3n iniciada por la exposici\u00f3n, junto al cartel amarillo de NarcoColombia que fue parte de la curadur\u00eda realizada.<\/p>\n\n\n\n<p>Texto: Eleinn Ewmanothva Rivera Sol\u00eds, estudiante de la Escuela de Literatura.<br>Fotos: Ing. Roc\u00edo Mart\u00ednez Figueroa\/DIRCOM<\/p>","protected":false},"excerpt":{"rendered":"<p>Tras el acto inaugural del VII Encuentro Internacional de Investigaci\u00f3n en Artes, registrado este 2 de octubre, se apertur\u00f3 con una mesa de di\u00e1logo la muestra \u201cMirarnos en el espejo de NarColombia\u201d, curada por Paula Leuro, Andrea Infante, Omar Rinc\u00f3n, X. Andrade y Lucas Ospina, de la Universidad de los Andes, quienes seleccionaron obras de los artistas Gabriel Linares, Fernando Salamanca, Ana Correa, Mateo G\u00f3mez, Mauricio Salinas y Nicol\u00e1s Galindo, y del Semillero de Antropolog\u00eda Visual de la UAndes.<\/p>","protected":false},"author":10,"featured_media":47509,"comment_status":"open","ping_status":"open","sticky":false,"template":"","format":"standard","meta":{"_acf_changed":false,"_uag_custom_page_level_css":"","_monsterinsights_skip_tracking":false,"_monsterinsights_sitenote_active":false,"_monsterinsights_sitenote_note":"","_monsterinsights_sitenote_category":0,"cybocfi_hide_featured_image":"","footnotes":""},"categories":[80,490,75,76,77,284,83],"tags":[1056],"infouartes":[],"class_list":["post-47507","post","type-post","status-publish","format-standard","has-post-thumbnail","hentry","category-academico","category-alumni","category-docentes","category-estudiantes","category-gestion","category-investigacion","category-sedes","tag-encuentro-ilia"],"acf":[],"yoast_head":"<!-- This site is optimized with the Yoast SEO plugin v27.4 - https:\/\/yoast.com\/product\/yoast-seo-wordpress\/ -->\n<title>Universidad de las Artes - Mesa de di\u00e1logo y muestra \u201cMirarnos en el espejo de NarColombia\u201d<\/title>\n<meta name=\"description\" content=\"Universidad de las Artes - Mesa de di\u00e1logo y muestra \u201cMirarnos en el espejo de NarColombia\u201d\" \/>\n<meta name=\"robots\" content=\"index, follow, max-snippet:-1, max-image-preview:large, max-video-preview:-1\" \/>\n<link rel=\"canonical\" href=\"https:\/\/www.uartes.edu.ec\/sitio\/en\/blog\/2023\/10\/06\/mesa-de-dialogo-y-muestra-mirarnos-en-el-espejo-de-narcolombia\/\" \/>\n<meta property=\"og:locale\" content=\"en_US\" \/>\n<meta property=\"og:type\" content=\"article\" \/>\n<meta property=\"og:title\" content=\"Universidad de las Artes - Mesa de di\u00e1logo y muestra \u201cMirarnos en el espejo de NarColombia\u201d\" \/>\n<meta property=\"og:description\" content=\"Universidad de las Artes - Mesa de di\u00e1logo y muestra \u201cMirarnos en el espejo de NarColombia\u201d\" \/>\n<meta property=\"og:url\" content=\"https:\/\/www.uartes.edu.ec\/sitio\/en\/blog\/2023\/10\/06\/mesa-de-dialogo-y-muestra-mirarnos-en-el-espejo-de-narcolombia\/\" \/>\n<meta property=\"og:site_name\" content=\"Universidad de las Artes\" \/>\n<meta property=\"article:publisher\" content=\"https:\/\/www.facebook.com\/uartesec\" \/>\n<meta property=\"article:published_time\" content=\"2023-10-06T17:20:55+00:00\" \/>\n<meta property=\"article:modified_time\" content=\"2024-07-04T16:20:38+00:00\" \/>\n<meta property=\"og:image\" content=\"https:\/\/www.uartes.edu.ec\/sitio\/wp-content\/uploads\/2023\/10\/07-INAUGURACION.jpg\" \/>\n\t<meta property=\"og:image:width\" content=\"2000\" \/>\n\t<meta property=\"og:image:height\" content=\"1333\" \/>\n\t<meta property=\"og:image:type\" content=\"image\/jpeg\" \/>\n<meta name=\"author\" content=\"ccortez\" \/>\n<meta name=\"twitter:card\" content=\"summary_large_image\" \/>\n<meta name=\"twitter:creator\" content=\"@uartesec\" \/>\n<meta name=\"twitter:site\" content=\"@uartesec\" \/>\n<meta name=\"twitter:label1\" content=\"Written by\" \/>\n\t<meta name=\"twitter:data1\" content=\"ccortez\" \/>\n\t<meta name=\"twitter:label2\" content=\"Est. reading time\" \/>\n\t<meta name=\"twitter:data2\" content=\"5 minutes\" \/>\n<script type=\"application\/ld+json\" class=\"yoast-schema-graph\">{\"@context\":\"https:\\\/\\\/schema.org\",\"@graph\":[{\"@type\":\"Article\",\"@id\":\"https:\\\/\\\/www.uartes.edu.ec\\\/sitio\\\/en\\\/blog\\\/2023\\\/10\\\/06\\\/mesa-de-dialogo-y-muestra-mirarnos-en-el-espejo-de-narcolombia\\\/#article\",\"isPartOf\":{\"@id\":\"https:\\\/\\\/www.uartes.edu.ec\\\/sitio\\\/en\\\/blog\\\/2023\\\/10\\\/06\\\/mesa-de-dialogo-y-muestra-mirarnos-en-el-espejo-de-narcolombia\\\/\"},\"author\":{\"name\":\"ccortez\",\"@id\":\"https:\\\/\\\/www.uartes.edu.ec\\\/sitio\\\/en\\\/#\\\/schema\\\/person\\\/efa1b8275797664fd7f13a79ccc0b1f4\"},\"headline\":\"Mesa de di\u00e1logo y muestra \u201cMirarnos en el espejo de NarColombia\u201d\",\"datePublished\":\"2023-10-06T17:20:55+00:00\",\"dateModified\":\"2024-07-04T16:20:38+00:00\",\"mainEntityOfPage\":{\"@id\":\"https:\\\/\\\/www.uartes.edu.ec\\\/sitio\\\/en\\\/blog\\\/2023\\\/10\\\/06\\\/mesa-de-dialogo-y-muestra-mirarnos-en-el-espejo-de-narcolombia\\\/\"},\"wordCount\":913,\"commentCount\":0,\"publisher\":{\"@id\":\"https:\\\/\\\/www.uartes.edu.ec\\\/sitio\\\/en\\\/#organization\"},\"image\":{\"@id\":\"https:\\\/\\\/www.uartes.edu.ec\\\/sitio\\\/en\\\/blog\\\/2023\\\/10\\\/06\\\/mesa-de-dialogo-y-muestra-mirarnos-en-el-espejo-de-narcolombia\\\/#primaryimage\"},\"thumbnailUrl\":\"https:\\\/\\\/www.uartes.edu.ec\\\/sitio\\\/wp-content\\\/uploads\\\/2023\\\/10\\\/07-INAUGURACION.jpg\",\"keywords\":[\"encuentro ILIA\"],\"articleSection\":[\"Acad\u00e9mico\",\"Alumni\",\"Docentes\",\"Estudiantes\",\"Gesti\u00f3n\",\"Investigaci\u00f3n\",\"Sedes\"],\"inLanguage\":\"en-US\",\"potentialAction\":[{\"@type\":\"CommentAction\",\"name\":\"Comment\",\"target\":[\"https:\\\/\\\/www.uartes.edu.ec\\\/sitio\\\/en\\\/blog\\\/2023\\\/10\\\/06\\\/mesa-de-dialogo-y-muestra-mirarnos-en-el-espejo-de-narcolombia\\\/#respond\"]}]},{\"@type\":[\"WebPage\",\"ItemPage\"],\"@id\":\"https:\\\/\\\/www.uartes.edu.ec\\\/sitio\\\/en\\\/blog\\\/2023\\\/10\\\/06\\\/mesa-de-dialogo-y-muestra-mirarnos-en-el-espejo-de-narcolombia\\\/\",\"url\":\"https:\\\/\\\/www.uartes.edu.ec\\\/sitio\\\/en\\\/blog\\\/2023\\\/10\\\/06\\\/mesa-de-dialogo-y-muestra-mirarnos-en-el-espejo-de-narcolombia\\\/\",\"name\":\"Universidad de las Artes - Mesa de di\u00e1logo y muestra \u201cMirarnos en el espejo de NarColombia\u201d\",\"isPartOf\":{\"@id\":\"https:\\\/\\\/www.uartes.edu.ec\\\/sitio\\\/en\\\/#website\"},\"primaryImageOfPage\":{\"@id\":\"https:\\\/\\\/www.uartes.edu.ec\\\/sitio\\\/en\\\/blog\\\/2023\\\/10\\\/06\\\/mesa-de-dialogo-y-muestra-mirarnos-en-el-espejo-de-narcolombia\\\/#primaryimage\"},\"image\":{\"@id\":\"https:\\\/\\\/www.uartes.edu.ec\\\/sitio\\\/en\\\/blog\\\/2023\\\/10\\\/06\\\/mesa-de-dialogo-y-muestra-mirarnos-en-el-espejo-de-narcolombia\\\/#primaryimage\"},\"thumbnailUrl\":\"https:\\\/\\\/www.uartes.edu.ec\\\/sitio\\\/wp-content\\\/uploads\\\/2023\\\/10\\\/07-INAUGURACION.jpg\",\"datePublished\":\"2023-10-06T17:20:55+00:00\",\"dateModified\":\"2024-07-04T16:20:38+00:00\",\"description\":\"Universidad de las Artes - Mesa de di\u00e1logo y muestra \u201cMirarnos en el espejo de NarColombia\u201d\",\"breadcrumb\":{\"@id\":\"https:\\\/\\\/www.uartes.edu.ec\\\/sitio\\\/en\\\/blog\\\/2023\\\/10\\\/06\\\/mesa-de-dialogo-y-muestra-mirarnos-en-el-espejo-de-narcolombia\\\/#breadcrumb\"},\"inLanguage\":\"en-US\",\"potentialAction\":[{\"@type\":\"ReadAction\",\"target\":[\"https:\\\/\\\/www.uartes.edu.ec\\\/sitio\\\/en\\\/blog\\\/2023\\\/10\\\/06\\\/mesa-de-dialogo-y-muestra-mirarnos-en-el-espejo-de-narcolombia\\\/\"]}]},{\"@type\":\"ImageObject\",\"inLanguage\":\"en-US\",\"@id\":\"https:\\\/\\\/www.uartes.edu.ec\\\/sitio\\\/en\\\/blog\\\/2023\\\/10\\\/06\\\/mesa-de-dialogo-y-muestra-mirarnos-en-el-espejo-de-narcolombia\\\/#primaryimage\",\"url\":\"https:\\\/\\\/www.uartes.edu.ec\\\/sitio\\\/wp-content\\\/uploads\\\/2023\\\/10\\\/07-INAUGURACION.jpg\",\"contentUrl\":\"https:\\\/\\\/www.uartes.edu.ec\\\/sitio\\\/wp-content\\\/uploads\\\/2023\\\/10\\\/07-INAUGURACION.jpg\",\"width\":2000,\"height\":1333},{\"@type\":\"BreadcrumbList\",\"@id\":\"https:\\\/\\\/www.uartes.edu.ec\\\/sitio\\\/en\\\/blog\\\/2023\\\/10\\\/06\\\/mesa-de-dialogo-y-muestra-mirarnos-en-el-espejo-de-narcolombia\\\/#breadcrumb\",\"itemListElement\":[{\"@type\":\"ListItem\",\"position\":1,\"name\":\"Inicio\",\"item\":\"https:\\\/\\\/www.uartes.edu.ec\\\/sitio\\\/\"},{\"@type\":\"ListItem\",\"position\":2,\"name\":\"Mesa de di\u00e1logo y muestra \u201cMirarnos en el espejo de NarColombia\u201d\"}]},{\"@type\":\"WebSite\",\"@id\":\"https:\\\/\\\/www.uartes.edu.ec\\\/sitio\\\/en\\\/#website\",\"url\":\"https:\\\/\\\/www.uartes.edu.ec\\\/sitio\\\/en\\\/\",\"name\":\"Universidad de las Artes\",\"description\":\"Sitio oficial de la Universidad Nacional de las Artes del Ecuador\",\"publisher\":{\"@id\":\"https:\\\/\\\/www.uartes.edu.ec\\\/sitio\\\/en\\\/#organization\"},\"potentialAction\":[{\"@type\":\"SearchAction\",\"target\":{\"@type\":\"EntryPoint\",\"urlTemplate\":\"https:\\\/\\\/www.uartes.edu.ec\\\/sitio\\\/en\\\/?s={search_term_string}\"},\"query-input\":{\"@type\":\"PropertyValueSpecification\",\"valueRequired\":true,\"valueName\":\"search_term_string\"}}],\"inLanguage\":\"en-US\"},{\"@type\":\"Organization\",\"@id\":\"https:\\\/\\\/www.uartes.edu.ec\\\/sitio\\\/en\\\/#organization\",\"name\":\"Universidad de las Artes\",\"url\":\"https:\\\/\\\/www.uartes.edu.ec\\\/sitio\\\/en\\\/\",\"logo\":{\"@type\":\"ImageObject\",\"inLanguage\":\"en-US\",\"@id\":\"https:\\\/\\\/www.uartes.edu.ec\\\/sitio\\\/en\\\/#\\\/schema\\\/logo\\\/image\\\/\",\"url\":\"https:\\\/\\\/www.uartes.edu.ec\\\/sitio\\\/wp-content\\\/uploads\\\/2022\\\/07\\\/logo-ua-horizontal.png\",\"contentUrl\":\"https:\\\/\\\/www.uartes.edu.ec\\\/sitio\\\/wp-content\\\/uploads\\\/2022\\\/07\\\/logo-ua-horizontal.png\",\"width\":800,\"height\":276,\"caption\":\"Universidad de las Artes\"},\"image\":{\"@id\":\"https:\\\/\\\/www.uartes.edu.ec\\\/sitio\\\/en\\\/#\\\/schema\\\/logo\\\/image\\\/\"},\"sameAs\":[\"https:\\\/\\\/www.facebook.com\\\/uartesec\",\"https:\\\/\\\/x.com\\\/uartesec\",\"https:\\\/\\\/www.tiktok.com\\\/@uartesec\"]},{\"@type\":\"Person\",\"@id\":\"https:\\\/\\\/www.uartes.edu.ec\\\/sitio\\\/en\\\/#\\\/schema\\\/person\\\/efa1b8275797664fd7f13a79ccc0b1f4\",\"name\":\"ccortez\",\"image\":{\"@type\":\"ImageObject\",\"inLanguage\":\"en-US\",\"@id\":\"https:\\\/\\\/secure.gravatar.com\\\/avatar\\\/b2a6f664a3ae8e074346ef91775736c5ec479e637ecced6842de9dc98b5da9cd?s=96&d=mm&r=g\",\"url\":\"https:\\\/\\\/secure.gravatar.com\\\/avatar\\\/b2a6f664a3ae8e074346ef91775736c5ec479e637ecced6842de9dc98b5da9cd?s=96&d=mm&r=g\",\"contentUrl\":\"https:\\\/\\\/secure.gravatar.com\\\/avatar\\\/b2a6f664a3ae8e074346ef91775736c5ec479e637ecced6842de9dc98b5da9cd?s=96&d=mm&r=g\",\"caption\":\"ccortez\"},\"url\":\"https:\\\/\\\/www.uartes.edu.ec\\\/sitio\\\/en\\\/blog\\\/author\\\/ccortez\\\/\"}]}<\/script>\n<!-- \/ Yoast SEO plugin. -->","yoast_head_json":{"title":"Universidad de las Artes - Mesa de di\u00e1logo y muestra \u201cMirarnos en el espejo de NarColombia\u201d","description":"Universidad de las Artes - Mesa de di\u00e1logo y muestra \u201cMirarnos en el espejo de NarColombia\u201d","robots":{"index":"index","follow":"follow","max-snippet":"max-snippet:-1","max-image-preview":"max-image-preview:large","max-video-preview":"max-video-preview:-1"},"canonical":"https:\/\/www.uartes.edu.ec\/sitio\/en\/blog\/2023\/10\/06\/mesa-de-dialogo-y-muestra-mirarnos-en-el-espejo-de-narcolombia\/","og_locale":"en_US","og_type":"article","og_title":"Universidad de las Artes - Mesa de di\u00e1logo y muestra \u201cMirarnos en el espejo de NarColombia\u201d","og_description":"Universidad de las Artes - Mesa de di\u00e1logo y muestra \u201cMirarnos en el espejo de NarColombia\u201d","og_url":"https:\/\/www.uartes.edu.ec\/sitio\/en\/blog\/2023\/10\/06\/mesa-de-dialogo-y-muestra-mirarnos-en-el-espejo-de-narcolombia\/","og_site_name":"Universidad de las Artes","article_publisher":"https:\/\/www.facebook.com\/uartesec","article_published_time":"2023-10-06T17:20:55+00:00","article_modified_time":"2024-07-04T16:20:38+00:00","og_image":[{"width":2000,"height":1333,"url":"https:\/\/www.uartes.edu.ec\/sitio\/wp-content\/uploads\/2023\/10\/07-INAUGURACION.jpg","type":"image\/jpeg"}],"author":"ccortez","twitter_card":"summary_large_image","twitter_creator":"@uartesec","twitter_site":"@uartesec","twitter_misc":{"Written by":"ccortez","Est. reading time":"5 minutes"},"schema":{"@context":"https:\/\/schema.org","@graph":[{"@type":"Article","@id":"https:\/\/www.uartes.edu.ec\/sitio\/en\/blog\/2023\/10\/06\/mesa-de-dialogo-y-muestra-mirarnos-en-el-espejo-de-narcolombia\/#article","isPartOf":{"@id":"https:\/\/www.uartes.edu.ec\/sitio\/en\/blog\/2023\/10\/06\/mesa-de-dialogo-y-muestra-mirarnos-en-el-espejo-de-narcolombia\/"},"author":{"name":"ccortez","@id":"https:\/\/www.uartes.edu.ec\/sitio\/en\/#\/schema\/person\/efa1b8275797664fd7f13a79ccc0b1f4"},"headline":"Mesa de di\u00e1logo y muestra \u201cMirarnos en el espejo de NarColombia\u201d","datePublished":"2023-10-06T17:20:55+00:00","dateModified":"2024-07-04T16:20:38+00:00","mainEntityOfPage":{"@id":"https:\/\/www.uartes.edu.ec\/sitio\/en\/blog\/2023\/10\/06\/mesa-de-dialogo-y-muestra-mirarnos-en-el-espejo-de-narcolombia\/"},"wordCount":913,"commentCount":0,"publisher":{"@id":"https:\/\/www.uartes.edu.ec\/sitio\/en\/#organization"},"image":{"@id":"https:\/\/www.uartes.edu.ec\/sitio\/en\/blog\/2023\/10\/06\/mesa-de-dialogo-y-muestra-mirarnos-en-el-espejo-de-narcolombia\/#primaryimage"},"thumbnailUrl":"https:\/\/www.uartes.edu.ec\/sitio\/wp-content\/uploads\/2023\/10\/07-INAUGURACION.jpg","keywords":["encuentro ILIA"],"articleSection":["Acad\u00e9mico","Alumni","Docentes","Estudiantes","Gesti\u00f3n","Investigaci\u00f3n","Sedes"],"inLanguage":"en-US","potentialAction":[{"@type":"CommentAction","name":"Comment","target":["https:\/\/www.uartes.edu.ec\/sitio\/en\/blog\/2023\/10\/06\/mesa-de-dialogo-y-muestra-mirarnos-en-el-espejo-de-narcolombia\/#respond"]}]},{"@type":["WebPage","ItemPage"],"@id":"https:\/\/www.uartes.edu.ec\/sitio\/en\/blog\/2023\/10\/06\/mesa-de-dialogo-y-muestra-mirarnos-en-el-espejo-de-narcolombia\/","url":"https:\/\/www.uartes.edu.ec\/sitio\/en\/blog\/2023\/10\/06\/mesa-de-dialogo-y-muestra-mirarnos-en-el-espejo-de-narcolombia\/","name":"Universidad de las Artes - Mesa de di\u00e1logo y muestra \u201cMirarnos en el espejo de NarColombia\u201d","isPartOf":{"@id":"https:\/\/www.uartes.edu.ec\/sitio\/en\/#website"},"primaryImageOfPage":{"@id":"https:\/\/www.uartes.edu.ec\/sitio\/en\/blog\/2023\/10\/06\/mesa-de-dialogo-y-muestra-mirarnos-en-el-espejo-de-narcolombia\/#primaryimage"},"image":{"@id":"https:\/\/www.uartes.edu.ec\/sitio\/en\/blog\/2023\/10\/06\/mesa-de-dialogo-y-muestra-mirarnos-en-el-espejo-de-narcolombia\/#primaryimage"},"thumbnailUrl":"https:\/\/www.uartes.edu.ec\/sitio\/wp-content\/uploads\/2023\/10\/07-INAUGURACION.jpg","datePublished":"2023-10-06T17:20:55+00:00","dateModified":"2024-07-04T16:20:38+00:00","description":"Universidad de las Artes - Mesa de di\u00e1logo y muestra \u201cMirarnos en el espejo de NarColombia\u201d","breadcrumb":{"@id":"https:\/\/www.uartes.edu.ec\/sitio\/en\/blog\/2023\/10\/06\/mesa-de-dialogo-y-muestra-mirarnos-en-el-espejo-de-narcolombia\/#breadcrumb"},"inLanguage":"en-US","potentialAction":[{"@type":"ReadAction","target":["https:\/\/www.uartes.edu.ec\/sitio\/en\/blog\/2023\/10\/06\/mesa-de-dialogo-y-muestra-mirarnos-en-el-espejo-de-narcolombia\/"]}]},{"@type":"ImageObject","inLanguage":"en-US","@id":"https:\/\/www.uartes.edu.ec\/sitio\/en\/blog\/2023\/10\/06\/mesa-de-dialogo-y-muestra-mirarnos-en-el-espejo-de-narcolombia\/#primaryimage","url":"https:\/\/www.uartes.edu.ec\/sitio\/wp-content\/uploads\/2023\/10\/07-INAUGURACION.jpg","contentUrl":"https:\/\/www.uartes.edu.ec\/sitio\/wp-content\/uploads\/2023\/10\/07-INAUGURACION.jpg","width":2000,"height":1333},{"@type":"BreadcrumbList","@id":"https:\/\/www.uartes.edu.ec\/sitio\/en\/blog\/2023\/10\/06\/mesa-de-dialogo-y-muestra-mirarnos-en-el-espejo-de-narcolombia\/#breadcrumb","itemListElement":[{"@type":"ListItem","position":1,"name":"Inicio","item":"https:\/\/www.uartes.edu.ec\/sitio\/"},{"@type":"ListItem","position":2,"name":"Mesa de di\u00e1logo y muestra \u201cMirarnos en el espejo de NarColombia\u201d"}]},{"@type":"WebSite","@id":"https:\/\/www.uartes.edu.ec\/sitio\/en\/#website","url":"https:\/\/www.uartes.edu.ec\/sitio\/en\/","name":"Universidad de las Artes","description":"Sitio oficial de la Universidad Nacional de las Artes del Ecuador","publisher":{"@id":"https:\/\/www.uartes.edu.ec\/sitio\/en\/#organization"},"potentialAction":[{"@type":"SearchAction","target":{"@type":"EntryPoint","urlTemplate":"https:\/\/www.uartes.edu.ec\/sitio\/en\/?s={search_term_string}"},"query-input":{"@type":"PropertyValueSpecification","valueRequired":true,"valueName":"search_term_string"}}],"inLanguage":"en-US"},{"@type":"Organization","@id":"https:\/\/www.uartes.edu.ec\/sitio\/en\/#organization","name":"Universidad de las Artes","url":"https:\/\/www.uartes.edu.ec\/sitio\/en\/","logo":{"@type":"ImageObject","inLanguage":"en-US","@id":"https:\/\/www.uartes.edu.ec\/sitio\/en\/#\/schema\/logo\/image\/","url":"https:\/\/www.uartes.edu.ec\/sitio\/wp-content\/uploads\/2022\/07\/logo-ua-horizontal.png","contentUrl":"https:\/\/www.uartes.edu.ec\/sitio\/wp-content\/uploads\/2022\/07\/logo-ua-horizontal.png","width":800,"height":276,"caption":"Universidad de las Artes"},"image":{"@id":"https:\/\/www.uartes.edu.ec\/sitio\/en\/#\/schema\/logo\/image\/"},"sameAs":["https:\/\/www.facebook.com\/uartesec","https:\/\/x.com\/uartesec","https:\/\/www.tiktok.com\/@uartesec"]},{"@type":"Person","@id":"https:\/\/www.uartes.edu.ec\/sitio\/en\/#\/schema\/person\/efa1b8275797664fd7f13a79ccc0b1f4","name":"ccortez","image":{"@type":"ImageObject","inLanguage":"en-US","@id":"https:\/\/secure.gravatar.com\/avatar\/b2a6f664a3ae8e074346ef91775736c5ec479e637ecced6842de9dc98b5da9cd?s=96&d=mm&r=g","url":"https:\/\/secure.gravatar.com\/avatar\/b2a6f664a3ae8e074346ef91775736c5ec479e637ecced6842de9dc98b5da9cd?s=96&d=mm&r=g","contentUrl":"https:\/\/secure.gravatar.com\/avatar\/b2a6f664a3ae8e074346ef91775736c5ec479e637ecced6842de9dc98b5da9cd?s=96&d=mm&r=g","caption":"ccortez"},"url":"https:\/\/www.uartes.edu.ec\/sitio\/en\/blog\/author\/ccortez\/"}]}},"uagb_featured_image_src":{"full":["https:\/\/www.uartes.edu.ec\/sitio\/wp-content\/uploads\/2023\/10\/07-INAUGURACION.jpg",2000,1333,false],"thumbnail":["https:\/\/www.uartes.edu.ec\/sitio\/wp-content\/uploads\/2023\/10\/07-INAUGURACION-150x150.jpg",150,150,true],"medium":["https:\/\/www.uartes.edu.ec\/sitio\/wp-content\/uploads\/2023\/10\/07-INAUGURACION-300x200.jpg",300,200,true],"medium_large":["https:\/\/www.uartes.edu.ec\/sitio\/wp-content\/uploads\/2023\/10\/07-INAUGURACION-768x512.jpg",768,512,true],"large":["https:\/\/www.uartes.edu.ec\/sitio\/wp-content\/uploads\/2023\/10\/07-INAUGURACION-644x429.jpg",644,429,true],"1536x1536":["https:\/\/www.uartes.edu.ec\/sitio\/wp-content\/uploads\/2023\/10\/07-INAUGURACION-1536x1024.jpg",1536,1024,true],"2048x2048":["https:\/\/www.uartes.edu.ec\/sitio\/wp-content\/uploads\/2023\/10\/07-INAUGURACION.jpg",2000,1333,false],"trp-custom-language-flag":["https:\/\/www.uartes.edu.ec\/sitio\/wp-content\/uploads\/2023\/10\/07-INAUGURACION.jpg",18,12,false],"htmega_size_585x295":["https:\/\/www.uartes.edu.ec\/sitio\/wp-content\/uploads\/2023\/10\/07-INAUGURACION-585x295.jpg",585,295,true],"htmega_size_1170x536":["https:\/\/www.uartes.edu.ec\/sitio\/wp-content\/uploads\/2023\/10\/07-INAUGURACION-1170x536.jpg",1170,536,true],"htmega_size_396x360":["https:\/\/www.uartes.edu.ec\/sitio\/wp-content\/uploads\/2023\/10\/07-INAUGURACION-396x360.jpg",396,360,true],"gb-block-post-grid-landscape":["https:\/\/www.uartes.edu.ec\/sitio\/wp-content\/uploads\/2023\/10\/07-INAUGURACION-600x400.jpg",600,400,true],"gb-block-post-grid-square":["https:\/\/www.uartes.edu.ec\/sitio\/wp-content\/uploads\/2023\/10\/07-INAUGURACION-600x600.jpg",600,600,true],"university-hub-thumb":["https:\/\/www.uartes.edu.ec\/sitio\/wp-content\/uploads\/2023\/10\/07-INAUGURACION-400x267.jpg",400,267,true]},"uagb_author_info":{"display_name":"ccortez","author_link":"https:\/\/www.uartes.edu.ec\/sitio\/en\/blog\/author\/ccortez\/"},"uagb_comment_info":0,"uagb_excerpt":"Tras el acto inaugural del VII Encuentro Internacional de Investigaci\u00f3n en Artes, registrado este 2 de octubre, se apertur\u00f3 con una mesa de di\u00e1logo la muestra \u201cMirarnos en el espejo de NarColombia\u201d, curada por Paula Leuro, Andrea Infante, Omar Rinc\u00f3n, X. Andrade y Lucas Ospina, de la Universidad de los Andes, quienes seleccionaron obras de&hellip;","featured_image_src":"https:\/\/www.uartes.edu.ec\/sitio\/wp-content\/uploads\/2023\/10\/07-INAUGURACION-600x400.jpg","featured_image_src_square":"https:\/\/www.uartes.edu.ec\/sitio\/wp-content\/uploads\/2023\/10\/07-INAUGURACION-600x600.jpg","author_info":{"display_name":"ccortez","author_link":"https:\/\/www.uartes.edu.ec\/sitio\/en\/blog\/author\/ccortez\/"},"publishpress_future_workflow_manual_trigger":{"enabledWorkflows":[]},"distributor_meta":false,"distributor_terms":false,"distributor_media":false,"distributor_original_site_name":"Universidad de las Artes","distributor_original_site_url":"https:\/\/www.uartes.edu.ec\/sitio\/en","push-errors":false,"_links":{"self":[{"href":"https:\/\/www.uartes.edu.ec\/sitio\/en\/wp-json\/wp\/v2\/posts\/47507","targetHints":{"allow":["GET"]}}],"collection":[{"href":"https:\/\/www.uartes.edu.ec\/sitio\/en\/wp-json\/wp\/v2\/posts"}],"about":[{"href":"https:\/\/www.uartes.edu.ec\/sitio\/en\/wp-json\/wp\/v2\/types\/post"}],"author":[{"embeddable":true,"href":"https:\/\/www.uartes.edu.ec\/sitio\/en\/wp-json\/wp\/v2\/users\/10"}],"replies":[{"embeddable":true,"href":"https:\/\/www.uartes.edu.ec\/sitio\/en\/wp-json\/wp\/v2\/comments?post=47507"}],"version-history":[{"count":2,"href":"https:\/\/www.uartes.edu.ec\/sitio\/en\/wp-json\/wp\/v2\/posts\/47507\/revisions"}],"predecessor-version":[{"id":47514,"href":"https:\/\/www.uartes.edu.ec\/sitio\/en\/wp-json\/wp\/v2\/posts\/47507\/revisions\/47514"}],"wp:featuredmedia":[{"embeddable":true,"href":"https:\/\/www.uartes.edu.ec\/sitio\/en\/wp-json\/wp\/v2\/media\/47509"}],"wp:attachment":[{"href":"https:\/\/www.uartes.edu.ec\/sitio\/en\/wp-json\/wp\/v2\/media?parent=47507"}],"wp:term":[{"taxonomy":"category","embeddable":true,"href":"https:\/\/www.uartes.edu.ec\/sitio\/en\/wp-json\/wp\/v2\/categories?post=47507"},{"taxonomy":"post_tag","embeddable":true,"href":"https:\/\/www.uartes.edu.ec\/sitio\/en\/wp-json\/wp\/v2\/tags?post=47507"},{"taxonomy":"infouartes","embeddable":true,"href":"https:\/\/www.uartes.edu.ec\/sitio\/en\/wp-json\/wp\/v2\/infouartes?post=47507"}],"curies":[{"name":"wp","href":"https:\/\/api.w.org\/{rel}","templated":true}]}}