{"id":47515,"date":"2023-10-06T12:34:17","date_gmt":"2023-10-06T17:34:17","guid":{"rendered":"https:\/\/www.uartes.edu.ec\/sitio\/?p=47515"},"modified":"2024-07-04T11:20:38","modified_gmt":"2024-07-04T16:20:38","slug":"resultados-de-residencia-en-fibras-entretejidos-de-arte-y-pedagogia-muestra-que-el-ilia-llevo-a-4ta-pared","status":"publish","type":"post","link":"https:\/\/www.uartes.edu.ec\/sitio\/en\/blog\/2023\/10\/06\/resultados-de-residencia-en-fibras-entretejidos-de-arte-y-pedagogia-muestra-que-el-ilia-llevo-a-4ta-pared\/","title":{"rendered":"Resultados de residencia en \u201cFibras. Entretejidos de arte y pedagog\u00eda\u201d, muestra que el ILIA llev\u00f3 a 4ta Pared"},"content":{"rendered":"<p>Los resultados de la residencia realizada a inicios de a\u00f1o en Cuenca, cuyo centro de reflexi\u00f3n y creaci\u00f3n fueron las&nbsp;t\u00e9cnicas de tejido con fibras vegetales y en la que participaron artesanos de varias regiones del pa\u00eds, se presentaron este martes 3 de octubre, en el segundo de cinco d\u00edas del VII Encuentro Internacional de Investigaci\u00f3n en Artes, organizado por la Universidad de las Artes y el Instituto Latinoamericano de Investigaci\u00f3n en Artes (ILIA).<\/p>\n\n\n\n<p>Se trata de la exposici\u00f3n \u201cFibras. Entretejidos de arte y pedagog\u00eda\u201d que se inaugur\u00f3 \u2013y encuentra\u2013 en la Galer\u00eda 4ta Pared de la Biblioteca de las Artes, donde, previamente, se desarroll\u00f3 una mesa de di\u00e1logo en torno a la residencia, desarrollada de manera conjunta por la UArtes, el Centro Interamericano de Artesan\u00edas y Artes Populares (CIDAP), la Universidad de Cuenca (UC), entre otras organizaciones, y la cual permiti\u00f3 establecer un&nbsp;di\u00e1logo de saberes&nbsp;entre artesanos art\u00edfices y artistas contempor\u00e1neos docentes de la&nbsp;Universidad de las Artes. &nbsp;<\/p>\n\n\n\n<p>En el di\u00e1logo propuesto para el VII Encuentro Internacional de Investigaci\u00f3n en Artes, y que tuvo lugar en el tercer piso de la Biblioteca de las Artes, participaron Gabriela V\u00e1squez, del CIDAP, y los artistas y docentes Cristian Villavicencio y Gabriela Fabre, de la Universidad de las UArtes.<\/p>\n\n\n<div class=\"wp-block-image\">\n<figure class=\"aligncenter size-large\"><img fetchpriority=\"high\" decoding=\"async\" width=\"644\" height=\"429\" src=\"https:\/\/www.uartes.edu.ec\/sitio\/wp-content\/uploads\/2023\/10\/05-TALLER-FIBRA-644x429.jpg\" alt=\"\" class=\"wp-image-47517\" srcset=\"https:\/\/www.uartes.edu.ec\/sitio\/wp-content\/uploads\/2023\/10\/05-TALLER-FIBRA-644x429.jpg 644w, https:\/\/www.uartes.edu.ec\/sitio\/wp-content\/uploads\/2023\/10\/05-TALLER-FIBRA-768x511.jpg 768w, https:\/\/www.uartes.edu.ec\/sitio\/wp-content\/uploads\/2023\/10\/05-TALLER-FIBRA.jpg 2000w, https:\/\/www.uartes.edu.ec\/sitio\/wp-content\/uploads\/2023\/10\/05-TALLER-FIBRA-600x399.jpg 600w, https:\/\/www.uartes.edu.ec\/sitio\/wp-content\/uploads\/2023\/10\/05-TALLER-FIBRA-272x182.jpg 272w\" sizes=\"(max-width: 644px) 100vw, 644px\" \/><\/figure>\n<\/div>\n\n\n<p>La curadur\u00eda de \u201cFibras. Entretejidos de arte y pedagog\u00eda\u201d la realiz\u00f3 V\u00e1squez, conjuntamente con los artistas\/artesanxs Olivia Pozo, Manuela Zambrano, Lorgia Cuenca, Maryuri A\u00f1apa, Ebiliana Acero, Manuel Rodr\u00edguez, Lourdes Morocho, Raquel Lema, Narcisa Landi, Karol Tacuri, Francesca Sabbagh, Shila Montesdeoca, Yaritza Molina, Glenda Guam\u00e1n, Johanna Shirapa, Isabel Lienlaf, Mar\u00eda Cecilia Abbet, Magdalena Aponte, Gaacamo Moere, Juana Mu\u00f1oz, Piedad Ortega, Paulina Romero y Cristian Villavicencio.<\/p>\n\n\n\n<p>En la muestra, visitada tras el di\u00e1logo por el p\u00fablico y los panelistas, se pudieron apreciar obras del taller \u201cEntretejidos de arte y pedagog\u00eda\u201d, donde los participantes se acercaron a t\u00e9cnicas de tejido tradicional con fibras naturales y lo fusionaron con objetos de fabricaci\u00f3n digital (corte l\u00e1ser e impresi\u00f3n 3D) para experimentar y componer elementos singulares. As\u00ed lo anot\u00f3 el artista y docente Cristian Villavicencio. Entre otros trabajos constaron los del artesano Manuel Rodr\u00edguez (Purahoja y el grupo de investigaci\u00f3n \u201cEncarnar el saber. T\u00e9cnicas, tecnolog\u00edas y procedimientos\u201d).<\/p>\n\n\n\n<h3 class=\"wp-block-heading\">Espacio de formaci\u00f3n e intercambio de experiencias<\/h3>\n\n\n\n<p>En contexto y retrospectiva, la residencia en menci\u00f3n fue un espacio de formaci\u00f3n e intercambio de experiencias en el que participaron estudiantes, artistas y artesanos\/as del pa\u00eds y el continente en relaci\u00f3n con la rama artesanal de tejedur\u00eda en fibras vegetales, las artes visuales, el dise\u00f1o y diversos otros \u00e1mbitos del conocimiento asociado a proyectos y econom\u00edas creativas.<\/p>\n\n\n\n<p>Fue una nueva y mejorada versi\u00f3n del Curso Interamericano \u201cEntreFibras: revitalizaci\u00f3n y permanencia\u201d que, asimismo, de manera conjunta y desde inicios del 2023 vienen desarrollando la UArtes, el CIDAP, la UC, la Organizaci\u00f3n de Estados Iberoamericanos para la Educaci\u00f3n, la Ciencia y la Cultura (OEI), la Corporaci\u00f3n Ecuatoriana para el Desarrollo de la Investigaci\u00f3n y la Academia (CEDIA), el International Women\u00b4s Forum de Ecuador, IWF Ec., y K. Dorfzaun, con el aval de Artesan\u00edas de Colombia, Iberartesan\u00edas y Worlds Crafts Council Latinoam\u00e9rica.<\/p>\n\n\n\n<p>Concebido como un espacio internacional de formaci\u00f3n, investigaci\u00f3n y experimentaci\u00f3n creativa interdisciplinar, el Curso Interamericano tuvo en la capital azuaya la residencia referida. Cabe anotar, adem\u00e1s, que como un aporte determinante para la conceptualizaci\u00f3n y materializaci\u00f3n de este proyecto, se cont\u00f3 con fondos AVANTE concursados por CEDIA, los cuales fueron ganados por la UArtes y la UC, constituy\u00e9ndose en un hecho in\u00e9dito de financiamiento por parte de esta corporaci\u00f3n a proyectos fuera del campo de las ciencias exactas y sociales, siendo la primera iniciativa interuniversitaria financiada para un proyecto en el campo de la creatividad y las artes.<\/p>","protected":false},"excerpt":{"rendered":"<p>Los resultados de la residencia realizada a inicios de a\u00f1o en Cuenca, cuyo centro de reflexi\u00f3n y creaci\u00f3n fueron las t\u00e9cnicas de tejido con fibras vegetales y en la que participaron artesanos de varias regiones del pa\u00eds, se presentaron este martes 3 de octubre, en el segundo de cinco d\u00edas del VII Encuentro Internacional de Investigaci\u00f3n en Artes, organizado por la UArtes y el Instituto Latinoamericano de Investigaci\u00f3n en Artes.<\/p>","protected":false},"author":10,"featured_media":47516,"comment_status":"open","ping_status":"open","sticky":false,"template":"","format":"standard","meta":{"_acf_changed":false,"_uag_custom_page_level_css":"","_monsterinsights_skip_tracking":false,"_monsterinsights_sitenote_active":false,"_monsterinsights_sitenote_note":"","_monsterinsights_sitenote_category":0,"cybocfi_hide_featured_image":"","footnotes":""},"categories":[80,490,82,75,76,77,284],"tags":[1056],"infouartes":[],"class_list":["post-47515","post","type-post","status-publish","format-standard","has-post-thumbnail","hentry","category-academico","category-alumni","category-artes","category-docentes","category-estudiantes","category-gestion","category-investigacion","tag-encuentro-ilia"],"acf":[],"yoast_head":"<!-- This site is optimized with the Yoast SEO plugin v27.4 - https:\/\/yoast.com\/product\/yoast-seo-wordpress\/ -->\n<title>Universidad de las Artes - Resultados de residencia en \u201cFibras. Entretejidos de arte y pedagog\u00eda\u201d, muestra que el ILIA llev\u00f3 a 4ta Pared<\/title>\n<meta name=\"description\" content=\"Universidad de las Artes - Resultados de residencia en \u201cFibras. Entretejidos de arte y pedagog\u00eda\u201d, muestra que el ILIA llev\u00f3 a 4ta Pared\" \/>\n<meta name=\"robots\" content=\"index, follow, max-snippet:-1, max-image-preview:large, max-video-preview:-1\" \/>\n<link rel=\"canonical\" href=\"https:\/\/www.uartes.edu.ec\/sitio\/en\/blog\/2023\/10\/06\/resultados-de-residencia-en-fibras-entretejidos-de-arte-y-pedagogia-muestra-que-el-ilia-llevo-a-4ta-pared\/\" \/>\n<meta property=\"og:locale\" content=\"en_US\" \/>\n<meta property=\"og:type\" content=\"article\" \/>\n<meta property=\"og:title\" content=\"Universidad de las Artes - Resultados de residencia en \u201cFibras. Entretejidos de arte y pedagog\u00eda\u201d, muestra que el ILIA llev\u00f3 a 4ta Pared\" \/>\n<meta property=\"og:description\" content=\"Universidad de las Artes - Resultados de residencia en \u201cFibras. Entretejidos de arte y pedagog\u00eda\u201d, muestra que el ILIA llev\u00f3 a 4ta Pared\" \/>\n<meta property=\"og:url\" content=\"https:\/\/www.uartes.edu.ec\/sitio\/en\/blog\/2023\/10\/06\/resultados-de-residencia-en-fibras-entretejidos-de-arte-y-pedagogia-muestra-que-el-ilia-llevo-a-4ta-pared\/\" \/>\n<meta property=\"og:site_name\" content=\"Universidad de las Artes\" \/>\n<meta property=\"article:publisher\" content=\"https:\/\/www.facebook.com\/uartesec\" \/>\n<meta property=\"article:published_time\" content=\"2023-10-06T17:34:17+00:00\" \/>\n<meta property=\"article:modified_time\" content=\"2024-07-04T16:20:38+00:00\" \/>\n<meta property=\"og:image\" content=\"https:\/\/www.uartes.edu.ec\/sitio\/wp-content\/uploads\/2023\/10\/03-TALLER-FIBRA.jpg\" \/>\n\t<meta property=\"og:image:width\" content=\"2000\" \/>\n\t<meta property=\"og:image:height\" content=\"1333\" \/>\n\t<meta property=\"og:image:type\" content=\"image\/jpeg\" \/>\n<meta name=\"author\" content=\"ccortez\" \/>\n<meta name=\"twitter:card\" content=\"summary_large_image\" \/>\n<meta name=\"twitter:creator\" content=\"@uartesec\" \/>\n<meta name=\"twitter:site\" content=\"@uartesec\" \/>\n<meta name=\"twitter:label1\" content=\"Written by\" \/>\n\t<meta name=\"twitter:data1\" content=\"ccortez\" \/>\n\t<meta name=\"twitter:label2\" content=\"Est. reading time\" \/>\n\t<meta name=\"twitter:data2\" content=\"3 minutes\" \/>\n<script type=\"application\/ld+json\" class=\"yoast-schema-graph\">{\"@context\":\"https:\\\/\\\/schema.org\",\"@graph\":[{\"@type\":\"Article\",\"@id\":\"https:\\\/\\\/www.uartes.edu.ec\\\/sitio\\\/en\\\/blog\\\/2023\\\/10\\\/06\\\/resultados-de-residencia-en-fibras-entretejidos-de-arte-y-pedagogia-muestra-que-el-ilia-llevo-a-4ta-pared\\\/#article\",\"isPartOf\":{\"@id\":\"https:\\\/\\\/www.uartes.edu.ec\\\/sitio\\\/en\\\/blog\\\/2023\\\/10\\\/06\\\/resultados-de-residencia-en-fibras-entretejidos-de-arte-y-pedagogia-muestra-que-el-ilia-llevo-a-4ta-pared\\\/\"},\"author\":{\"name\":\"ccortez\",\"@id\":\"https:\\\/\\\/www.uartes.edu.ec\\\/sitio\\\/en\\\/#\\\/schema\\\/person\\\/efa1b8275797664fd7f13a79ccc0b1f4\"},\"headline\":\"Resultados de residencia en \u201cFibras. Entretejidos de arte y pedagog\u00eda\u201d, muestra que el ILIA llev\u00f3 a 4ta Pared\",\"datePublished\":\"2023-10-06T17:34:17+00:00\",\"dateModified\":\"2024-07-04T16:20:38+00:00\",\"mainEntityOfPage\":{\"@id\":\"https:\\\/\\\/www.uartes.edu.ec\\\/sitio\\\/en\\\/blog\\\/2023\\\/10\\\/06\\\/resultados-de-residencia-en-fibras-entretejidos-de-arte-y-pedagogia-muestra-que-el-ilia-llevo-a-4ta-pared\\\/\"},\"wordCount\":693,\"commentCount\":0,\"publisher\":{\"@id\":\"https:\\\/\\\/www.uartes.edu.ec\\\/sitio\\\/en\\\/#organization\"},\"image\":{\"@id\":\"https:\\\/\\\/www.uartes.edu.ec\\\/sitio\\\/en\\\/blog\\\/2023\\\/10\\\/06\\\/resultados-de-residencia-en-fibras-entretejidos-de-arte-y-pedagogia-muestra-que-el-ilia-llevo-a-4ta-pared\\\/#primaryimage\"},\"thumbnailUrl\":\"https:\\\/\\\/www.uartes.edu.ec\\\/sitio\\\/wp-content\\\/uploads\\\/2023\\\/10\\\/03-TALLER-FIBRA.jpg\",\"keywords\":[\"encuentro ILIA\"],\"articleSection\":[\"Acad\u00e9mico\",\"Alumni\",\"Artes\",\"Docentes\",\"Estudiantes\",\"Gesti\u00f3n\",\"Investigaci\u00f3n\"],\"inLanguage\":\"en-US\",\"potentialAction\":[{\"@type\":\"CommentAction\",\"name\":\"Comment\",\"target\":[\"https:\\\/\\\/www.uartes.edu.ec\\\/sitio\\\/en\\\/blog\\\/2023\\\/10\\\/06\\\/resultados-de-residencia-en-fibras-entretejidos-de-arte-y-pedagogia-muestra-que-el-ilia-llevo-a-4ta-pared\\\/#respond\"]}]},{\"@type\":[\"WebPage\",\"ItemPage\"],\"@id\":\"https:\\\/\\\/www.uartes.edu.ec\\\/sitio\\\/en\\\/blog\\\/2023\\\/10\\\/06\\\/resultados-de-residencia-en-fibras-entretejidos-de-arte-y-pedagogia-muestra-que-el-ilia-llevo-a-4ta-pared\\\/\",\"url\":\"https:\\\/\\\/www.uartes.edu.ec\\\/sitio\\\/en\\\/blog\\\/2023\\\/10\\\/06\\\/resultados-de-residencia-en-fibras-entretejidos-de-arte-y-pedagogia-muestra-que-el-ilia-llevo-a-4ta-pared\\\/\",\"name\":\"Universidad de las Artes - Resultados de residencia en \u201cFibras. Entretejidos de arte y pedagog\u00eda\u201d, muestra que el ILIA llev\u00f3 a 4ta Pared\",\"isPartOf\":{\"@id\":\"https:\\\/\\\/www.uartes.edu.ec\\\/sitio\\\/en\\\/#website\"},\"primaryImageOfPage\":{\"@id\":\"https:\\\/\\\/www.uartes.edu.ec\\\/sitio\\\/en\\\/blog\\\/2023\\\/10\\\/06\\\/resultados-de-residencia-en-fibras-entretejidos-de-arte-y-pedagogia-muestra-que-el-ilia-llevo-a-4ta-pared\\\/#primaryimage\"},\"image\":{\"@id\":\"https:\\\/\\\/www.uartes.edu.ec\\\/sitio\\\/en\\\/blog\\\/2023\\\/10\\\/06\\\/resultados-de-residencia-en-fibras-entretejidos-de-arte-y-pedagogia-muestra-que-el-ilia-llevo-a-4ta-pared\\\/#primaryimage\"},\"thumbnailUrl\":\"https:\\\/\\\/www.uartes.edu.ec\\\/sitio\\\/wp-content\\\/uploads\\\/2023\\\/10\\\/03-TALLER-FIBRA.jpg\",\"datePublished\":\"2023-10-06T17:34:17+00:00\",\"dateModified\":\"2024-07-04T16:20:38+00:00\",\"description\":\"Universidad de las Artes - Resultados de residencia en \u201cFibras. Entretejidos de arte y pedagog\u00eda\u201d, muestra que el ILIA llev\u00f3 a 4ta Pared\",\"breadcrumb\":{\"@id\":\"https:\\\/\\\/www.uartes.edu.ec\\\/sitio\\\/en\\\/blog\\\/2023\\\/10\\\/06\\\/resultados-de-residencia-en-fibras-entretejidos-de-arte-y-pedagogia-muestra-que-el-ilia-llevo-a-4ta-pared\\\/#breadcrumb\"},\"inLanguage\":\"en-US\",\"potentialAction\":[{\"@type\":\"ReadAction\",\"target\":[\"https:\\\/\\\/www.uartes.edu.ec\\\/sitio\\\/en\\\/blog\\\/2023\\\/10\\\/06\\\/resultados-de-residencia-en-fibras-entretejidos-de-arte-y-pedagogia-muestra-que-el-ilia-llevo-a-4ta-pared\\\/\"]}]},{\"@type\":\"ImageObject\",\"inLanguage\":\"en-US\",\"@id\":\"https:\\\/\\\/www.uartes.edu.ec\\\/sitio\\\/en\\\/blog\\\/2023\\\/10\\\/06\\\/resultados-de-residencia-en-fibras-entretejidos-de-arte-y-pedagogia-muestra-que-el-ilia-llevo-a-4ta-pared\\\/#primaryimage\",\"url\":\"https:\\\/\\\/www.uartes.edu.ec\\\/sitio\\\/wp-content\\\/uploads\\\/2023\\\/10\\\/03-TALLER-FIBRA.jpg\",\"contentUrl\":\"https:\\\/\\\/www.uartes.edu.ec\\\/sitio\\\/wp-content\\\/uploads\\\/2023\\\/10\\\/03-TALLER-FIBRA.jpg\",\"width\":2000,\"height\":1333},{\"@type\":\"BreadcrumbList\",\"@id\":\"https:\\\/\\\/www.uartes.edu.ec\\\/sitio\\\/en\\\/blog\\\/2023\\\/10\\\/06\\\/resultados-de-residencia-en-fibras-entretejidos-de-arte-y-pedagogia-muestra-que-el-ilia-llevo-a-4ta-pared\\\/#breadcrumb\",\"itemListElement\":[{\"@type\":\"ListItem\",\"position\":1,\"name\":\"Inicio\",\"item\":\"https:\\\/\\\/www.uartes.edu.ec\\\/sitio\\\/\"},{\"@type\":\"ListItem\",\"position\":2,\"name\":\"Resultados de residencia en \u201cFibras. Entretejidos de arte y pedagog\u00eda\u201d, muestra que el ILIA llev\u00f3 a 4ta Pared\"}]},{\"@type\":\"WebSite\",\"@id\":\"https:\\\/\\\/www.uartes.edu.ec\\\/sitio\\\/en\\\/#website\",\"url\":\"https:\\\/\\\/www.uartes.edu.ec\\\/sitio\\\/en\\\/\",\"name\":\"Universidad de las Artes\",\"description\":\"Sitio oficial de la Universidad Nacional de las Artes del Ecuador\",\"publisher\":{\"@id\":\"https:\\\/\\\/www.uartes.edu.ec\\\/sitio\\\/en\\\/#organization\"},\"potentialAction\":[{\"@type\":\"SearchAction\",\"target\":{\"@type\":\"EntryPoint\",\"urlTemplate\":\"https:\\\/\\\/www.uartes.edu.ec\\\/sitio\\\/en\\\/?s={search_term_string}\"},\"query-input\":{\"@type\":\"PropertyValueSpecification\",\"valueRequired\":true,\"valueName\":\"search_term_string\"}}],\"inLanguage\":\"en-US\"},{\"@type\":\"Organization\",\"@id\":\"https:\\\/\\\/www.uartes.edu.ec\\\/sitio\\\/en\\\/#organization\",\"name\":\"Universidad de las Artes\",\"url\":\"https:\\\/\\\/www.uartes.edu.ec\\\/sitio\\\/en\\\/\",\"logo\":{\"@type\":\"ImageObject\",\"inLanguage\":\"en-US\",\"@id\":\"https:\\\/\\\/www.uartes.edu.ec\\\/sitio\\\/en\\\/#\\\/schema\\\/logo\\\/image\\\/\",\"url\":\"https:\\\/\\\/www.uartes.edu.ec\\\/sitio\\\/wp-content\\\/uploads\\\/2022\\\/07\\\/logo-ua-horizontal.png\",\"contentUrl\":\"https:\\\/\\\/www.uartes.edu.ec\\\/sitio\\\/wp-content\\\/uploads\\\/2022\\\/07\\\/logo-ua-horizontal.png\",\"width\":800,\"height\":276,\"caption\":\"Universidad de las Artes\"},\"image\":{\"@id\":\"https:\\\/\\\/www.uartes.edu.ec\\\/sitio\\\/en\\\/#\\\/schema\\\/logo\\\/image\\\/\"},\"sameAs\":[\"https:\\\/\\\/www.facebook.com\\\/uartesec\",\"https:\\\/\\\/x.com\\\/uartesec\",\"https:\\\/\\\/www.tiktok.com\\\/@uartesec\"]},{\"@type\":\"Person\",\"@id\":\"https:\\\/\\\/www.uartes.edu.ec\\\/sitio\\\/en\\\/#\\\/schema\\\/person\\\/efa1b8275797664fd7f13a79ccc0b1f4\",\"name\":\"ccortez\",\"image\":{\"@type\":\"ImageObject\",\"inLanguage\":\"en-US\",\"@id\":\"https:\\\/\\\/secure.gravatar.com\\\/avatar\\\/b2a6f664a3ae8e074346ef91775736c5ec479e637ecced6842de9dc98b5da9cd?s=96&d=mm&r=g\",\"url\":\"https:\\\/\\\/secure.gravatar.com\\\/avatar\\\/b2a6f664a3ae8e074346ef91775736c5ec479e637ecced6842de9dc98b5da9cd?s=96&d=mm&r=g\",\"contentUrl\":\"https:\\\/\\\/secure.gravatar.com\\\/avatar\\\/b2a6f664a3ae8e074346ef91775736c5ec479e637ecced6842de9dc98b5da9cd?s=96&d=mm&r=g\",\"caption\":\"ccortez\"},\"url\":\"https:\\\/\\\/www.uartes.edu.ec\\\/sitio\\\/en\\\/blog\\\/author\\\/ccortez\\\/\"}]}<\/script>\n<!-- \/ Yoast SEO plugin. -->","yoast_head_json":{"title":"Universidad de las Artes - Resultados de residencia en \u201cFibras. Entretejidos de arte y pedagog\u00eda\u201d, muestra que el ILIA llev\u00f3 a 4ta Pared","description":"Universidad de las Artes - Resultados de residencia en \u201cFibras. Entretejidos de arte y pedagog\u00eda\u201d, muestra que el ILIA llev\u00f3 a 4ta Pared","robots":{"index":"index","follow":"follow","max-snippet":"max-snippet:-1","max-image-preview":"max-image-preview:large","max-video-preview":"max-video-preview:-1"},"canonical":"https:\/\/www.uartes.edu.ec\/sitio\/en\/blog\/2023\/10\/06\/resultados-de-residencia-en-fibras-entretejidos-de-arte-y-pedagogia-muestra-que-el-ilia-llevo-a-4ta-pared\/","og_locale":"en_US","og_type":"article","og_title":"Universidad de las Artes - Resultados de residencia en \u201cFibras. Entretejidos de arte y pedagog\u00eda\u201d, muestra que el ILIA llev\u00f3 a 4ta Pared","og_description":"Universidad de las Artes - Resultados de residencia en \u201cFibras. Entretejidos de arte y pedagog\u00eda\u201d, muestra que el ILIA llev\u00f3 a 4ta Pared","og_url":"https:\/\/www.uartes.edu.ec\/sitio\/en\/blog\/2023\/10\/06\/resultados-de-residencia-en-fibras-entretejidos-de-arte-y-pedagogia-muestra-que-el-ilia-llevo-a-4ta-pared\/","og_site_name":"Universidad de las Artes","article_publisher":"https:\/\/www.facebook.com\/uartesec","article_published_time":"2023-10-06T17:34:17+00:00","article_modified_time":"2024-07-04T16:20:38+00:00","og_image":[{"width":2000,"height":1333,"url":"https:\/\/www.uartes.edu.ec\/sitio\/wp-content\/uploads\/2023\/10\/03-TALLER-FIBRA.jpg","type":"image\/jpeg"}],"author":"ccortez","twitter_card":"summary_large_image","twitter_creator":"@uartesec","twitter_site":"@uartesec","twitter_misc":{"Written by":"ccortez","Est. reading time":"3 minutes"},"schema":{"@context":"https:\/\/schema.org","@graph":[{"@type":"Article","@id":"https:\/\/www.uartes.edu.ec\/sitio\/en\/blog\/2023\/10\/06\/resultados-de-residencia-en-fibras-entretejidos-de-arte-y-pedagogia-muestra-que-el-ilia-llevo-a-4ta-pared\/#article","isPartOf":{"@id":"https:\/\/www.uartes.edu.ec\/sitio\/en\/blog\/2023\/10\/06\/resultados-de-residencia-en-fibras-entretejidos-de-arte-y-pedagogia-muestra-que-el-ilia-llevo-a-4ta-pared\/"},"author":{"name":"ccortez","@id":"https:\/\/www.uartes.edu.ec\/sitio\/en\/#\/schema\/person\/efa1b8275797664fd7f13a79ccc0b1f4"},"headline":"Resultados de residencia en \u201cFibras. Entretejidos de arte y pedagog\u00eda\u201d, muestra que el ILIA llev\u00f3 a 4ta Pared","datePublished":"2023-10-06T17:34:17+00:00","dateModified":"2024-07-04T16:20:38+00:00","mainEntityOfPage":{"@id":"https:\/\/www.uartes.edu.ec\/sitio\/en\/blog\/2023\/10\/06\/resultados-de-residencia-en-fibras-entretejidos-de-arte-y-pedagogia-muestra-que-el-ilia-llevo-a-4ta-pared\/"},"wordCount":693,"commentCount":0,"publisher":{"@id":"https:\/\/www.uartes.edu.ec\/sitio\/en\/#organization"},"image":{"@id":"https:\/\/www.uartes.edu.ec\/sitio\/en\/blog\/2023\/10\/06\/resultados-de-residencia-en-fibras-entretejidos-de-arte-y-pedagogia-muestra-que-el-ilia-llevo-a-4ta-pared\/#primaryimage"},"thumbnailUrl":"https:\/\/www.uartes.edu.ec\/sitio\/wp-content\/uploads\/2023\/10\/03-TALLER-FIBRA.jpg","keywords":["encuentro ILIA"],"articleSection":["Acad\u00e9mico","Alumni","Artes","Docentes","Estudiantes","Gesti\u00f3n","Investigaci\u00f3n"],"inLanguage":"en-US","potentialAction":[{"@type":"CommentAction","name":"Comment","target":["https:\/\/www.uartes.edu.ec\/sitio\/en\/blog\/2023\/10\/06\/resultados-de-residencia-en-fibras-entretejidos-de-arte-y-pedagogia-muestra-que-el-ilia-llevo-a-4ta-pared\/#respond"]}]},{"@type":["WebPage","ItemPage"],"@id":"https:\/\/www.uartes.edu.ec\/sitio\/en\/blog\/2023\/10\/06\/resultados-de-residencia-en-fibras-entretejidos-de-arte-y-pedagogia-muestra-que-el-ilia-llevo-a-4ta-pared\/","url":"https:\/\/www.uartes.edu.ec\/sitio\/en\/blog\/2023\/10\/06\/resultados-de-residencia-en-fibras-entretejidos-de-arte-y-pedagogia-muestra-que-el-ilia-llevo-a-4ta-pared\/","name":"Universidad de las Artes - Resultados de residencia en \u201cFibras. Entretejidos de arte y pedagog\u00eda\u201d, muestra que el ILIA llev\u00f3 a 4ta Pared","isPartOf":{"@id":"https:\/\/www.uartes.edu.ec\/sitio\/en\/#website"},"primaryImageOfPage":{"@id":"https:\/\/www.uartes.edu.ec\/sitio\/en\/blog\/2023\/10\/06\/resultados-de-residencia-en-fibras-entretejidos-de-arte-y-pedagogia-muestra-que-el-ilia-llevo-a-4ta-pared\/#primaryimage"},"image":{"@id":"https:\/\/www.uartes.edu.ec\/sitio\/en\/blog\/2023\/10\/06\/resultados-de-residencia-en-fibras-entretejidos-de-arte-y-pedagogia-muestra-que-el-ilia-llevo-a-4ta-pared\/#primaryimage"},"thumbnailUrl":"https:\/\/www.uartes.edu.ec\/sitio\/wp-content\/uploads\/2023\/10\/03-TALLER-FIBRA.jpg","datePublished":"2023-10-06T17:34:17+00:00","dateModified":"2024-07-04T16:20:38+00:00","description":"Universidad de las Artes - Resultados de residencia en \u201cFibras. Entretejidos de arte y pedagog\u00eda\u201d, muestra que el ILIA llev\u00f3 a 4ta Pared","breadcrumb":{"@id":"https:\/\/www.uartes.edu.ec\/sitio\/en\/blog\/2023\/10\/06\/resultados-de-residencia-en-fibras-entretejidos-de-arte-y-pedagogia-muestra-que-el-ilia-llevo-a-4ta-pared\/#breadcrumb"},"inLanguage":"en-US","potentialAction":[{"@type":"ReadAction","target":["https:\/\/www.uartes.edu.ec\/sitio\/en\/blog\/2023\/10\/06\/resultados-de-residencia-en-fibras-entretejidos-de-arte-y-pedagogia-muestra-que-el-ilia-llevo-a-4ta-pared\/"]}]},{"@type":"ImageObject","inLanguage":"en-US","@id":"https:\/\/www.uartes.edu.ec\/sitio\/en\/blog\/2023\/10\/06\/resultados-de-residencia-en-fibras-entretejidos-de-arte-y-pedagogia-muestra-que-el-ilia-llevo-a-4ta-pared\/#primaryimage","url":"https:\/\/www.uartes.edu.ec\/sitio\/wp-content\/uploads\/2023\/10\/03-TALLER-FIBRA.jpg","contentUrl":"https:\/\/www.uartes.edu.ec\/sitio\/wp-content\/uploads\/2023\/10\/03-TALLER-FIBRA.jpg","width":2000,"height":1333},{"@type":"BreadcrumbList","@id":"https:\/\/www.uartes.edu.ec\/sitio\/en\/blog\/2023\/10\/06\/resultados-de-residencia-en-fibras-entretejidos-de-arte-y-pedagogia-muestra-que-el-ilia-llevo-a-4ta-pared\/#breadcrumb","itemListElement":[{"@type":"ListItem","position":1,"name":"Inicio","item":"https:\/\/www.uartes.edu.ec\/sitio\/"},{"@type":"ListItem","position":2,"name":"Resultados de residencia en \u201cFibras. Entretejidos de arte y pedagog\u00eda\u201d, muestra que el ILIA llev\u00f3 a 4ta Pared"}]},{"@type":"WebSite","@id":"https:\/\/www.uartes.edu.ec\/sitio\/en\/#website","url":"https:\/\/www.uartes.edu.ec\/sitio\/en\/","name":"Universidad de las Artes","description":"Sitio oficial de la Universidad Nacional de las Artes del Ecuador","publisher":{"@id":"https:\/\/www.uartes.edu.ec\/sitio\/en\/#organization"},"potentialAction":[{"@type":"SearchAction","target":{"@type":"EntryPoint","urlTemplate":"https:\/\/www.uartes.edu.ec\/sitio\/en\/?s={search_term_string}"},"query-input":{"@type":"PropertyValueSpecification","valueRequired":true,"valueName":"search_term_string"}}],"inLanguage":"en-US"},{"@type":"Organization","@id":"https:\/\/www.uartes.edu.ec\/sitio\/en\/#organization","name":"Universidad de las Artes","url":"https:\/\/www.uartes.edu.ec\/sitio\/en\/","logo":{"@type":"ImageObject","inLanguage":"en-US","@id":"https:\/\/www.uartes.edu.ec\/sitio\/en\/#\/schema\/logo\/image\/","url":"https:\/\/www.uartes.edu.ec\/sitio\/wp-content\/uploads\/2022\/07\/logo-ua-horizontal.png","contentUrl":"https:\/\/www.uartes.edu.ec\/sitio\/wp-content\/uploads\/2022\/07\/logo-ua-horizontal.png","width":800,"height":276,"caption":"Universidad de las Artes"},"image":{"@id":"https:\/\/www.uartes.edu.ec\/sitio\/en\/#\/schema\/logo\/image\/"},"sameAs":["https:\/\/www.facebook.com\/uartesec","https:\/\/x.com\/uartesec","https:\/\/www.tiktok.com\/@uartesec"]},{"@type":"Person","@id":"https:\/\/www.uartes.edu.ec\/sitio\/en\/#\/schema\/person\/efa1b8275797664fd7f13a79ccc0b1f4","name":"ccortez","image":{"@type":"ImageObject","inLanguage":"en-US","@id":"https:\/\/secure.gravatar.com\/avatar\/b2a6f664a3ae8e074346ef91775736c5ec479e637ecced6842de9dc98b5da9cd?s=96&d=mm&r=g","url":"https:\/\/secure.gravatar.com\/avatar\/b2a6f664a3ae8e074346ef91775736c5ec479e637ecced6842de9dc98b5da9cd?s=96&d=mm&r=g","contentUrl":"https:\/\/secure.gravatar.com\/avatar\/b2a6f664a3ae8e074346ef91775736c5ec479e637ecced6842de9dc98b5da9cd?s=96&d=mm&r=g","caption":"ccortez"},"url":"https:\/\/www.uartes.edu.ec\/sitio\/en\/blog\/author\/ccortez\/"}]}},"uagb_featured_image_src":{"full":["https:\/\/www.uartes.edu.ec\/sitio\/wp-content\/uploads\/2023\/10\/03-TALLER-FIBRA.jpg",2000,1333,false],"thumbnail":["https:\/\/www.uartes.edu.ec\/sitio\/wp-content\/uploads\/2023\/10\/03-TALLER-FIBRA-150x150.jpg",150,150,true],"medium":["https:\/\/www.uartes.edu.ec\/sitio\/wp-content\/uploads\/2023\/10\/03-TALLER-FIBRA-300x200.jpg",300,200,true],"medium_large":["https:\/\/www.uartes.edu.ec\/sitio\/wp-content\/uploads\/2023\/10\/03-TALLER-FIBRA-768x512.jpg",768,512,true],"large":["https:\/\/www.uartes.edu.ec\/sitio\/wp-content\/uploads\/2023\/10\/03-TALLER-FIBRA-644x429.jpg",644,429,true],"1536x1536":["https:\/\/www.uartes.edu.ec\/sitio\/wp-content\/uploads\/2023\/10\/03-TALLER-FIBRA-1536x1024.jpg",1536,1024,true],"2048x2048":["https:\/\/www.uartes.edu.ec\/sitio\/wp-content\/uploads\/2023\/10\/03-TALLER-FIBRA.jpg",2000,1333,false],"trp-custom-language-flag":["https:\/\/www.uartes.edu.ec\/sitio\/wp-content\/uploads\/2023\/10\/03-TALLER-FIBRA.jpg",18,12,false],"htmega_size_585x295":["https:\/\/www.uartes.edu.ec\/sitio\/wp-content\/uploads\/2023\/10\/03-TALLER-FIBRA-585x295.jpg",585,295,true],"htmega_size_1170x536":["https:\/\/www.uartes.edu.ec\/sitio\/wp-content\/uploads\/2023\/10\/03-TALLER-FIBRA-1170x536.jpg",1170,536,true],"htmega_size_396x360":["https:\/\/www.uartes.edu.ec\/sitio\/wp-content\/uploads\/2023\/10\/03-TALLER-FIBRA-396x360.jpg",396,360,true],"gb-block-post-grid-landscape":["https:\/\/www.uartes.edu.ec\/sitio\/wp-content\/uploads\/2023\/10\/03-TALLER-FIBRA-600x400.jpg",600,400,true],"gb-block-post-grid-square":["https:\/\/www.uartes.edu.ec\/sitio\/wp-content\/uploads\/2023\/10\/03-TALLER-FIBRA-600x600.jpg",600,600,true],"university-hub-thumb":["https:\/\/www.uartes.edu.ec\/sitio\/wp-content\/uploads\/2023\/10\/03-TALLER-FIBRA-400x267.jpg",400,267,true]},"uagb_author_info":{"display_name":"ccortez","author_link":"https:\/\/www.uartes.edu.ec\/sitio\/en\/blog\/author\/ccortez\/"},"uagb_comment_info":0,"uagb_excerpt":"Los resultados de la residencia realizada a inicios de a\u00f1o en Cuenca, cuyo centro de reflexi\u00f3n y creaci\u00f3n fueron las t\u00e9cnicas de tejido con fibras vegetales y en la que participaron artesanos de varias regiones del pa\u00eds, se presentaron este martes 3 de octubre, en el segundo de cinco d\u00edas del VII Encuentro Internacional de&hellip;","featured_image_src":"https:\/\/www.uartes.edu.ec\/sitio\/wp-content\/uploads\/2023\/10\/03-TALLER-FIBRA-600x400.jpg","featured_image_src_square":"https:\/\/www.uartes.edu.ec\/sitio\/wp-content\/uploads\/2023\/10\/03-TALLER-FIBRA-600x600.jpg","author_info":{"display_name":"ccortez","author_link":"https:\/\/www.uartes.edu.ec\/sitio\/en\/blog\/author\/ccortez\/"},"publishpress_future_workflow_manual_trigger":{"enabledWorkflows":[]},"distributor_meta":false,"distributor_terms":false,"distributor_media":false,"distributor_original_site_name":"Universidad de las Artes","distributor_original_site_url":"https:\/\/www.uartes.edu.ec\/sitio\/en","push-errors":false,"_links":{"self":[{"href":"https:\/\/www.uartes.edu.ec\/sitio\/en\/wp-json\/wp\/v2\/posts\/47515","targetHints":{"allow":["GET"]}}],"collection":[{"href":"https:\/\/www.uartes.edu.ec\/sitio\/en\/wp-json\/wp\/v2\/posts"}],"about":[{"href":"https:\/\/www.uartes.edu.ec\/sitio\/en\/wp-json\/wp\/v2\/types\/post"}],"author":[{"embeddable":true,"href":"https:\/\/www.uartes.edu.ec\/sitio\/en\/wp-json\/wp\/v2\/users\/10"}],"replies":[{"embeddable":true,"href":"https:\/\/www.uartes.edu.ec\/sitio\/en\/wp-json\/wp\/v2\/comments?post=47515"}],"version-history":[{"count":4,"href":"https:\/\/www.uartes.edu.ec\/sitio\/en\/wp-json\/wp\/v2\/posts\/47515\/revisions"}],"predecessor-version":[{"id":56954,"href":"https:\/\/www.uartes.edu.ec\/sitio\/en\/wp-json\/wp\/v2\/posts\/47515\/revisions\/56954"}],"wp:featuredmedia":[{"embeddable":true,"href":"https:\/\/www.uartes.edu.ec\/sitio\/en\/wp-json\/wp\/v2\/media\/47516"}],"wp:attachment":[{"href":"https:\/\/www.uartes.edu.ec\/sitio\/en\/wp-json\/wp\/v2\/media?parent=47515"}],"wp:term":[{"taxonomy":"category","embeddable":true,"href":"https:\/\/www.uartes.edu.ec\/sitio\/en\/wp-json\/wp\/v2\/categories?post=47515"},{"taxonomy":"post_tag","embeddable":true,"href":"https:\/\/www.uartes.edu.ec\/sitio\/en\/wp-json\/wp\/v2\/tags?post=47515"},{"taxonomy":"infouartes","embeddable":true,"href":"https:\/\/www.uartes.edu.ec\/sitio\/en\/wp-json\/wp\/v2\/infouartes?post=47515"}],"curies":[{"name":"wp","href":"https:\/\/api.w.org\/{rel}","templated":true}]}}