{"id":47837,"date":"2023-10-13T18:21:00","date_gmt":"2023-10-13T23:21:00","guid":{"rendered":"https:\/\/www.uartes.edu.ec\/sitio\/?p=47837"},"modified":"2024-07-04T11:20:36","modified_gmt":"2024-07-04T16:20:36","slug":"estudiantes-del-istg-en-la-uartes-por-taller-de-vocalizacion-diccion-y-expresion-corporal","status":"publish","type":"post","link":"https:\/\/www.uartes.edu.ec\/sitio\/en\/blog\/2023\/10\/13\/estudiantes-del-istg-en-la-uartes-por-taller-de-vocalizacion-diccion-y-expresion-corporal\/","title":{"rendered":"En taller, alumnos del ISTG aprenden del despertar de la conciencia corporal"},"content":{"rendered":"<p>En el marco del convenio de cooperaci\u00f3n que la Universidad de las Artes mantiene con el Instituto Superior Tecnol\u00f3gico Guayaquil (ISTG), en la terraza del patrimonial edificio El Tel\u00e9grafo se inici\u00f3 este mi\u00e9rcoles 11 de octubre el taller de vocalizaci\u00f3n, dicci\u00f3n y expresi\u00f3n corporal, dirigido por el docente An\u00edbal P\u00e1ez, de la Escuela de Artes Esc\u00e9nicas. La actividad, que concluye hoy, viernes 13, fue coordinada por las direcciones de Formaci\u00f3n Continua y Vinculaci\u00f3n con la Comunidad de la UArtes.<\/p>\n\n\n\n<p>An\u00edbal P\u00e1ez destac\u00f3 que el taller, dise\u00f1ado en colaboraci\u00f3n con Natalia Tamayo, fue concebido con el prop\u00f3sito de despertar la conciencia corporal y expresiva de los estudiantes del ISTG. A pesar de que el instituto se enfoca en \u00e1reas como el dise\u00f1o gr\u00e1fico, contabilidad, desarrollo de sofwars y marketing, el convenio con UArtes permite la colaboraci\u00f3n entre estudiantes de diferentes disciplinas.<\/p>\n\n\n<div class=\"wp-block-image\">\n<figure class=\"aligncenter size-large\"><img fetchpriority=\"high\" decoding=\"async\" width=\"644\" height=\"290\" src=\"https:\/\/www.uartes.edu.ec\/sitio\/wp-content\/uploads\/2023\/10\/anibal-paez1-644x290.jpg\" alt=\"\" class=\"wp-image-47838\" srcset=\"https:\/\/www.uartes.edu.ec\/sitio\/wp-content\/uploads\/2023\/10\/anibal-paez1-644x290.jpg 644w, https:\/\/www.uartes.edu.ec\/sitio\/wp-content\/uploads\/2023\/10\/anibal-paez1-300x135.jpg 300w, https:\/\/www.uartes.edu.ec\/sitio\/wp-content\/uploads\/2023\/10\/anibal-paez1-768x346.jpg 768w, https:\/\/www.uartes.edu.ec\/sitio\/wp-content\/uploads\/2023\/10\/anibal-paez1-1536x693.jpg 1536w, https:\/\/www.uartes.edu.ec\/sitio\/wp-content\/uploads\/2023\/10\/anibal-paez1-2048x924.jpg 2048w, https:\/\/www.uartes.edu.ec\/sitio\/wp-content\/uploads\/2023\/10\/anibal-paez1-400x180.jpg 400w, https:\/\/www.uartes.edu.ec\/sitio\/wp-content\/uploads\/2023\/10\/anibal-paez1-600x271.jpg 600w\" sizes=\"(max-width: 644px) 100vw, 644px\" \/><\/figure>\n<\/div>\n\n\n<p>Agreg\u00f3 que la expresi\u00f3n corporal incorpora t\u00e9cnicas l\u00fadicas para desarrollar la conciencia del cuerpo como una herramienta expresiva y comunicativa. Su objetivo principal es que los estudiantes descubran sus capacidades expresivas y superen tab\u00faes o prejuicios relacionados con el uso de sus cuerpos. Se abordan, adem\u00e1s, nociones b\u00e1sicas de respiraci\u00f3n, flexibilidad y calentamiento, elementos fundamentales para el desarrollo de la expresi\u00f3n corporal y la creatividad.<\/p>\n\n\n\n<p>Jae Rodr\u00edguez, estudiante que particip\u00f3 en el taller, manifest\u00f3 satisfacci\u00f3n con la experiencia, pues aprendi\u00f3 de manera divertida a fortalecer confianza en s\u00ed mismo y descubrir habilidades que desconoc\u00eda. Entre otros temas mencion\u00f3 haber entendido la importancia de no mirar al suelo, lecci\u00f3n que a\u00fan le cuesta aplicar, pero que le ayuda a mantener la cabeza en alto y a mirar siempre hacia adelante. Por su parte, Richart Ruiz, otro de los talleristas, sostuvo que la experiencia ha contribuido a mejorar tanto a nivel f\u00edsico como mental y descubrir la capacidad de reactivar la energ\u00eda y mejorar la flexibilidad.<\/p>\n\n\n<div class=\"wp-block-image\">\n<figure class=\"aligncenter size-large\"><img decoding=\"async\" width=\"644\" height=\"290\" src=\"https:\/\/www.uartes.edu.ec\/sitio\/wp-content\/uploads\/2023\/10\/anibal-paez3-644x290.jpg\" alt=\"\" class=\"wp-image-47840\" srcset=\"https:\/\/www.uartes.edu.ec\/sitio\/wp-content\/uploads\/2023\/10\/anibal-paez3-644x290.jpg 644w, https:\/\/www.uartes.edu.ec\/sitio\/wp-content\/uploads\/2023\/10\/anibal-paez3-300x135.jpg 300w, https:\/\/www.uartes.edu.ec\/sitio\/wp-content\/uploads\/2023\/10\/anibal-paez3-768x346.jpg 768w, https:\/\/www.uartes.edu.ec\/sitio\/wp-content\/uploads\/2023\/10\/anibal-paez3-1536x691.jpg 1536w, https:\/\/www.uartes.edu.ec\/sitio\/wp-content\/uploads\/2023\/10\/anibal-paez3-2048x922.jpg 2048w, https:\/\/www.uartes.edu.ec\/sitio\/wp-content\/uploads\/2023\/10\/anibal-paez3-400x180.jpg 400w, https:\/\/www.uartes.edu.ec\/sitio\/wp-content\/uploads\/2023\/10\/anibal-paez3-600x270.jpg 600w\" sizes=\"(max-width: 644px) 100vw, 644px\" \/><\/figure>\n<\/div>","protected":false},"excerpt":{"rendered":"<p>En el marco del convenio de cooperaci\u00f3n que la UArtes mantiene con el Instituto Superior Tecnol\u00f3gico Guayaquil (ISTG), en la terraza del patrimonial edificio El Tel\u00e9grafo se inici\u00f3 el mi\u00e9rcoles 11 de octubre el taller de vocalizaci\u00f3n, dicci\u00f3n y expresi\u00f3n corporal, dirigido por el docente An\u00edbal P\u00e1ez, de la Escuela de Artes Esc\u00e9nicas. La actividad, que concluye hoy, viernes 13, fue coordinada por las direcciones de Formaci\u00f3n Continua y Vinculaci\u00f3n con la Comunidad.<\/p>","protected":false},"author":10,"featured_media":47839,"comment_status":"open","ping_status":"open","sticky":false,"template":"","format":"standard","meta":{"_acf_changed":false,"_uag_custom_page_level_css":"","_monsterinsights_skip_tracking":false,"_monsterinsights_sitenote_active":false,"_monsterinsights_sitenote_note":"","_monsterinsights_sitenote_category":0,"cybocfi_hide_featured_image":"","footnotes":""},"categories":[80,159,75,76,79],"tags":[543],"infouartes":[],"class_list":["post-47837","post","type-post","status-publish","format-standard","has-post-thumbnail","hentry","category-academico","category-artes-escenicas","category-docentes","category-estudiantes","category-vinculo","tag-convenio"],"acf":[],"yoast_head":"<!-- This site is optimized with the Yoast SEO plugin v27.4 - https:\/\/yoast.com\/product\/yoast-seo-wordpress\/ -->\n<title>Universidad de las Artes - En taller, alumnos del ISTG aprenden del despertar de la conciencia corporal<\/title>\n<meta name=\"description\" content=\"Universidad de las Artes - En taller, alumnos del ISTG aprenden del despertar de la conciencia corporal\" \/>\n<meta name=\"robots\" content=\"index, follow, max-snippet:-1, max-image-preview:large, max-video-preview:-1\" \/>\n<link rel=\"canonical\" href=\"https:\/\/www.uartes.edu.ec\/sitio\/en\/blog\/2023\/10\/13\/estudiantes-del-istg-en-la-uartes-por-taller-de-vocalizacion-diccion-y-expresion-corporal\/\" \/>\n<meta property=\"og:locale\" content=\"en_US\" \/>\n<meta property=\"og:type\" content=\"article\" \/>\n<meta property=\"og:title\" content=\"Universidad de las Artes - En taller, alumnos del ISTG aprenden del despertar de la conciencia corporal\" \/>\n<meta property=\"og:description\" content=\"Universidad de las Artes - En taller, alumnos del ISTG aprenden del despertar de la conciencia corporal\" \/>\n<meta property=\"og:url\" content=\"https:\/\/www.uartes.edu.ec\/sitio\/en\/blog\/2023\/10\/13\/estudiantes-del-istg-en-la-uartes-por-taller-de-vocalizacion-diccion-y-expresion-corporal\/\" \/>\n<meta property=\"og:site_name\" content=\"Universidad de las Artes\" \/>\n<meta property=\"article:publisher\" content=\"https:\/\/www.facebook.com\/uartesec\" \/>\n<meta property=\"article:published_time\" content=\"2023-10-13T23:21:00+00:00\" \/>\n<meta property=\"article:modified_time\" content=\"2024-07-04T16:20:36+00:00\" \/>\n<meta property=\"og:image\" content=\"https:\/\/www.uartes.edu.ec\/sitio\/wp-content\/uploads\/2023\/10\/anibal-paez2-scaled.jpg\" \/>\n\t<meta property=\"og:image:width\" content=\"2560\" \/>\n\t<meta property=\"og:image:height\" content=\"1155\" \/>\n\t<meta property=\"og:image:type\" content=\"image\/jpeg\" \/>\n<meta name=\"author\" content=\"ccortez\" \/>\n<meta name=\"twitter:card\" content=\"summary_large_image\" \/>\n<meta name=\"twitter:creator\" content=\"@uartesec\" \/>\n<meta name=\"twitter:site\" content=\"@uartesec\" \/>\n<meta name=\"twitter:label1\" content=\"Written by\" \/>\n\t<meta name=\"twitter:data1\" content=\"ccortez\" \/>\n\t<meta name=\"twitter:label2\" content=\"Est. reading time\" \/>\n\t<meta name=\"twitter:data2\" content=\"2 minutes\" \/>\n<script type=\"application\/ld+json\" class=\"yoast-schema-graph\">{\"@context\":\"https:\\\/\\\/schema.org\",\"@graph\":[{\"@type\":\"Article\",\"@id\":\"https:\\\/\\\/www.uartes.edu.ec\\\/sitio\\\/en\\\/blog\\\/2023\\\/10\\\/13\\\/estudiantes-del-istg-en-la-uartes-por-taller-de-vocalizacion-diccion-y-expresion-corporal\\\/#article\",\"isPartOf\":{\"@id\":\"https:\\\/\\\/www.uartes.edu.ec\\\/sitio\\\/en\\\/blog\\\/2023\\\/10\\\/13\\\/estudiantes-del-istg-en-la-uartes-por-taller-de-vocalizacion-diccion-y-expresion-corporal\\\/\"},\"author\":{\"name\":\"ccortez\",\"@id\":\"https:\\\/\\\/www.uartes.edu.ec\\\/sitio\\\/en\\\/#\\\/schema\\\/person\\\/efa1b8275797664fd7f13a79ccc0b1f4\"},\"headline\":\"En taller, alumnos del ISTG aprenden del despertar de la conciencia corporal\",\"datePublished\":\"2023-10-13T23:21:00+00:00\",\"dateModified\":\"2024-07-04T16:20:36+00:00\",\"mainEntityOfPage\":{\"@id\":\"https:\\\/\\\/www.uartes.edu.ec\\\/sitio\\\/en\\\/blog\\\/2023\\\/10\\\/13\\\/estudiantes-del-istg-en-la-uartes-por-taller-de-vocalizacion-diccion-y-expresion-corporal\\\/\"},\"wordCount\":349,\"commentCount\":0,\"publisher\":{\"@id\":\"https:\\\/\\\/www.uartes.edu.ec\\\/sitio\\\/en\\\/#organization\"},\"image\":{\"@id\":\"https:\\\/\\\/www.uartes.edu.ec\\\/sitio\\\/en\\\/blog\\\/2023\\\/10\\\/13\\\/estudiantes-del-istg-en-la-uartes-por-taller-de-vocalizacion-diccion-y-expresion-corporal\\\/#primaryimage\"},\"thumbnailUrl\":\"https:\\\/\\\/www.uartes.edu.ec\\\/sitio\\\/wp-content\\\/uploads\\\/2023\\\/10\\\/anibal-paez2-scaled.jpg\",\"keywords\":[\"convenio\"],\"articleSection\":[\"Acad\u00e9mico\",\"Artes Esc\u00e9nicas\",\"Docentes\",\"Estudiantes\",\"V\u00ednculo\"],\"inLanguage\":\"en-US\",\"potentialAction\":[{\"@type\":\"CommentAction\",\"name\":\"Comment\",\"target\":[\"https:\\\/\\\/www.uartes.edu.ec\\\/sitio\\\/en\\\/blog\\\/2023\\\/10\\\/13\\\/estudiantes-del-istg-en-la-uartes-por-taller-de-vocalizacion-diccion-y-expresion-corporal\\\/#respond\"]}]},{\"@type\":[\"WebPage\",\"ItemPage\"],\"@id\":\"https:\\\/\\\/www.uartes.edu.ec\\\/sitio\\\/en\\\/blog\\\/2023\\\/10\\\/13\\\/estudiantes-del-istg-en-la-uartes-por-taller-de-vocalizacion-diccion-y-expresion-corporal\\\/\",\"url\":\"https:\\\/\\\/www.uartes.edu.ec\\\/sitio\\\/en\\\/blog\\\/2023\\\/10\\\/13\\\/estudiantes-del-istg-en-la-uartes-por-taller-de-vocalizacion-diccion-y-expresion-corporal\\\/\",\"name\":\"Universidad de las Artes - En taller, alumnos del ISTG aprenden del despertar de la conciencia corporal\",\"isPartOf\":{\"@id\":\"https:\\\/\\\/www.uartes.edu.ec\\\/sitio\\\/en\\\/#website\"},\"primaryImageOfPage\":{\"@id\":\"https:\\\/\\\/www.uartes.edu.ec\\\/sitio\\\/en\\\/blog\\\/2023\\\/10\\\/13\\\/estudiantes-del-istg-en-la-uartes-por-taller-de-vocalizacion-diccion-y-expresion-corporal\\\/#primaryimage\"},\"image\":{\"@id\":\"https:\\\/\\\/www.uartes.edu.ec\\\/sitio\\\/en\\\/blog\\\/2023\\\/10\\\/13\\\/estudiantes-del-istg-en-la-uartes-por-taller-de-vocalizacion-diccion-y-expresion-corporal\\\/#primaryimage\"},\"thumbnailUrl\":\"https:\\\/\\\/www.uartes.edu.ec\\\/sitio\\\/wp-content\\\/uploads\\\/2023\\\/10\\\/anibal-paez2-scaled.jpg\",\"datePublished\":\"2023-10-13T23:21:00+00:00\",\"dateModified\":\"2024-07-04T16:20:36+00:00\",\"description\":\"Universidad de las Artes - En taller, alumnos del ISTG aprenden del despertar de la conciencia corporal\",\"breadcrumb\":{\"@id\":\"https:\\\/\\\/www.uartes.edu.ec\\\/sitio\\\/en\\\/blog\\\/2023\\\/10\\\/13\\\/estudiantes-del-istg-en-la-uartes-por-taller-de-vocalizacion-diccion-y-expresion-corporal\\\/#breadcrumb\"},\"inLanguage\":\"en-US\",\"potentialAction\":[{\"@type\":\"ReadAction\",\"target\":[\"https:\\\/\\\/www.uartes.edu.ec\\\/sitio\\\/en\\\/blog\\\/2023\\\/10\\\/13\\\/estudiantes-del-istg-en-la-uartes-por-taller-de-vocalizacion-diccion-y-expresion-corporal\\\/\"]}]},{\"@type\":\"ImageObject\",\"inLanguage\":\"en-US\",\"@id\":\"https:\\\/\\\/www.uartes.edu.ec\\\/sitio\\\/en\\\/blog\\\/2023\\\/10\\\/13\\\/estudiantes-del-istg-en-la-uartes-por-taller-de-vocalizacion-diccion-y-expresion-corporal\\\/#primaryimage\",\"url\":\"https:\\\/\\\/www.uartes.edu.ec\\\/sitio\\\/wp-content\\\/uploads\\\/2023\\\/10\\\/anibal-paez2-scaled.jpg\",\"contentUrl\":\"https:\\\/\\\/www.uartes.edu.ec\\\/sitio\\\/wp-content\\\/uploads\\\/2023\\\/10\\\/anibal-paez2-scaled.jpg\",\"width\":2560,\"height\":1155},{\"@type\":\"BreadcrumbList\",\"@id\":\"https:\\\/\\\/www.uartes.edu.ec\\\/sitio\\\/en\\\/blog\\\/2023\\\/10\\\/13\\\/estudiantes-del-istg-en-la-uartes-por-taller-de-vocalizacion-diccion-y-expresion-corporal\\\/#breadcrumb\",\"itemListElement\":[{\"@type\":\"ListItem\",\"position\":1,\"name\":\"Inicio\",\"item\":\"https:\\\/\\\/www.uartes.edu.ec\\\/sitio\\\/\"},{\"@type\":\"ListItem\",\"position\":2,\"name\":\"En taller, alumnos del ISTG aprenden del despertar de la conciencia corporal\"}]},{\"@type\":\"WebSite\",\"@id\":\"https:\\\/\\\/www.uartes.edu.ec\\\/sitio\\\/en\\\/#website\",\"url\":\"https:\\\/\\\/www.uartes.edu.ec\\\/sitio\\\/en\\\/\",\"name\":\"Universidad de las Artes\",\"description\":\"Sitio oficial de la Universidad Nacional de las Artes del Ecuador\",\"publisher\":{\"@id\":\"https:\\\/\\\/www.uartes.edu.ec\\\/sitio\\\/en\\\/#organization\"},\"potentialAction\":[{\"@type\":\"SearchAction\",\"target\":{\"@type\":\"EntryPoint\",\"urlTemplate\":\"https:\\\/\\\/www.uartes.edu.ec\\\/sitio\\\/en\\\/?s={search_term_string}\"},\"query-input\":{\"@type\":\"PropertyValueSpecification\",\"valueRequired\":true,\"valueName\":\"search_term_string\"}}],\"inLanguage\":\"en-US\"},{\"@type\":\"Organization\",\"@id\":\"https:\\\/\\\/www.uartes.edu.ec\\\/sitio\\\/en\\\/#organization\",\"name\":\"Universidad de las Artes\",\"url\":\"https:\\\/\\\/www.uartes.edu.ec\\\/sitio\\\/en\\\/\",\"logo\":{\"@type\":\"ImageObject\",\"inLanguage\":\"en-US\",\"@id\":\"https:\\\/\\\/www.uartes.edu.ec\\\/sitio\\\/en\\\/#\\\/schema\\\/logo\\\/image\\\/\",\"url\":\"https:\\\/\\\/www.uartes.edu.ec\\\/sitio\\\/wp-content\\\/uploads\\\/2022\\\/07\\\/logo-ua-horizontal.png\",\"contentUrl\":\"https:\\\/\\\/www.uartes.edu.ec\\\/sitio\\\/wp-content\\\/uploads\\\/2022\\\/07\\\/logo-ua-horizontal.png\",\"width\":800,\"height\":276,\"caption\":\"Universidad de las Artes\"},\"image\":{\"@id\":\"https:\\\/\\\/www.uartes.edu.ec\\\/sitio\\\/en\\\/#\\\/schema\\\/logo\\\/image\\\/\"},\"sameAs\":[\"https:\\\/\\\/www.facebook.com\\\/uartesec\",\"https:\\\/\\\/x.com\\\/uartesec\",\"https:\\\/\\\/www.tiktok.com\\\/@uartesec\"]},{\"@type\":\"Person\",\"@id\":\"https:\\\/\\\/www.uartes.edu.ec\\\/sitio\\\/en\\\/#\\\/schema\\\/person\\\/efa1b8275797664fd7f13a79ccc0b1f4\",\"name\":\"ccortez\",\"image\":{\"@type\":\"ImageObject\",\"inLanguage\":\"en-US\",\"@id\":\"https:\\\/\\\/secure.gravatar.com\\\/avatar\\\/b2a6f664a3ae8e074346ef91775736c5ec479e637ecced6842de9dc98b5da9cd?s=96&d=mm&r=g\",\"url\":\"https:\\\/\\\/secure.gravatar.com\\\/avatar\\\/b2a6f664a3ae8e074346ef91775736c5ec479e637ecced6842de9dc98b5da9cd?s=96&d=mm&r=g\",\"contentUrl\":\"https:\\\/\\\/secure.gravatar.com\\\/avatar\\\/b2a6f664a3ae8e074346ef91775736c5ec479e637ecced6842de9dc98b5da9cd?s=96&d=mm&r=g\",\"caption\":\"ccortez\"},\"url\":\"https:\\\/\\\/www.uartes.edu.ec\\\/sitio\\\/en\\\/blog\\\/author\\\/ccortez\\\/\"}]}<\/script>\n<!-- \/ Yoast SEO plugin. -->","yoast_head_json":{"title":"Universidad de las Artes - En taller, alumnos del ISTG aprenden del despertar de la conciencia corporal","description":"Universidad de las Artes - En taller, alumnos del ISTG aprenden del despertar de la conciencia corporal","robots":{"index":"index","follow":"follow","max-snippet":"max-snippet:-1","max-image-preview":"max-image-preview:large","max-video-preview":"max-video-preview:-1"},"canonical":"https:\/\/www.uartes.edu.ec\/sitio\/en\/blog\/2023\/10\/13\/estudiantes-del-istg-en-la-uartes-por-taller-de-vocalizacion-diccion-y-expresion-corporal\/","og_locale":"en_US","og_type":"article","og_title":"Universidad de las Artes - En taller, alumnos del ISTG aprenden del despertar de la conciencia corporal","og_description":"Universidad de las Artes - En taller, alumnos del ISTG aprenden del despertar de la conciencia corporal","og_url":"https:\/\/www.uartes.edu.ec\/sitio\/en\/blog\/2023\/10\/13\/estudiantes-del-istg-en-la-uartes-por-taller-de-vocalizacion-diccion-y-expresion-corporal\/","og_site_name":"Universidad de las Artes","article_publisher":"https:\/\/www.facebook.com\/uartesec","article_published_time":"2023-10-13T23:21:00+00:00","article_modified_time":"2024-07-04T16:20:36+00:00","og_image":[{"width":2560,"height":1155,"url":"https:\/\/www.uartes.edu.ec\/sitio\/wp-content\/uploads\/2023\/10\/anibal-paez2-scaled.jpg","type":"image\/jpeg"}],"author":"ccortez","twitter_card":"summary_large_image","twitter_creator":"@uartesec","twitter_site":"@uartesec","twitter_misc":{"Written by":"ccortez","Est. reading time":"2 minutes"},"schema":{"@context":"https:\/\/schema.org","@graph":[{"@type":"Article","@id":"https:\/\/www.uartes.edu.ec\/sitio\/en\/blog\/2023\/10\/13\/estudiantes-del-istg-en-la-uartes-por-taller-de-vocalizacion-diccion-y-expresion-corporal\/#article","isPartOf":{"@id":"https:\/\/www.uartes.edu.ec\/sitio\/en\/blog\/2023\/10\/13\/estudiantes-del-istg-en-la-uartes-por-taller-de-vocalizacion-diccion-y-expresion-corporal\/"},"author":{"name":"ccortez","@id":"https:\/\/www.uartes.edu.ec\/sitio\/en\/#\/schema\/person\/efa1b8275797664fd7f13a79ccc0b1f4"},"headline":"En taller, alumnos del ISTG aprenden del despertar de la conciencia corporal","datePublished":"2023-10-13T23:21:00+00:00","dateModified":"2024-07-04T16:20:36+00:00","mainEntityOfPage":{"@id":"https:\/\/www.uartes.edu.ec\/sitio\/en\/blog\/2023\/10\/13\/estudiantes-del-istg-en-la-uartes-por-taller-de-vocalizacion-diccion-y-expresion-corporal\/"},"wordCount":349,"commentCount":0,"publisher":{"@id":"https:\/\/www.uartes.edu.ec\/sitio\/en\/#organization"},"image":{"@id":"https:\/\/www.uartes.edu.ec\/sitio\/en\/blog\/2023\/10\/13\/estudiantes-del-istg-en-la-uartes-por-taller-de-vocalizacion-diccion-y-expresion-corporal\/#primaryimage"},"thumbnailUrl":"https:\/\/www.uartes.edu.ec\/sitio\/wp-content\/uploads\/2023\/10\/anibal-paez2-scaled.jpg","keywords":["convenio"],"articleSection":["Acad\u00e9mico","Artes Esc\u00e9nicas","Docentes","Estudiantes","V\u00ednculo"],"inLanguage":"en-US","potentialAction":[{"@type":"CommentAction","name":"Comment","target":["https:\/\/www.uartes.edu.ec\/sitio\/en\/blog\/2023\/10\/13\/estudiantes-del-istg-en-la-uartes-por-taller-de-vocalizacion-diccion-y-expresion-corporal\/#respond"]}]},{"@type":["WebPage","ItemPage"],"@id":"https:\/\/www.uartes.edu.ec\/sitio\/en\/blog\/2023\/10\/13\/estudiantes-del-istg-en-la-uartes-por-taller-de-vocalizacion-diccion-y-expresion-corporal\/","url":"https:\/\/www.uartes.edu.ec\/sitio\/en\/blog\/2023\/10\/13\/estudiantes-del-istg-en-la-uartes-por-taller-de-vocalizacion-diccion-y-expresion-corporal\/","name":"Universidad de las Artes - En taller, alumnos del ISTG aprenden del despertar de la conciencia corporal","isPartOf":{"@id":"https:\/\/www.uartes.edu.ec\/sitio\/en\/#website"},"primaryImageOfPage":{"@id":"https:\/\/www.uartes.edu.ec\/sitio\/en\/blog\/2023\/10\/13\/estudiantes-del-istg-en-la-uartes-por-taller-de-vocalizacion-diccion-y-expresion-corporal\/#primaryimage"},"image":{"@id":"https:\/\/www.uartes.edu.ec\/sitio\/en\/blog\/2023\/10\/13\/estudiantes-del-istg-en-la-uartes-por-taller-de-vocalizacion-diccion-y-expresion-corporal\/#primaryimage"},"thumbnailUrl":"https:\/\/www.uartes.edu.ec\/sitio\/wp-content\/uploads\/2023\/10\/anibal-paez2-scaled.jpg","datePublished":"2023-10-13T23:21:00+00:00","dateModified":"2024-07-04T16:20:36+00:00","description":"Universidad de las Artes - En taller, alumnos del ISTG aprenden del despertar de la conciencia corporal","breadcrumb":{"@id":"https:\/\/www.uartes.edu.ec\/sitio\/en\/blog\/2023\/10\/13\/estudiantes-del-istg-en-la-uartes-por-taller-de-vocalizacion-diccion-y-expresion-corporal\/#breadcrumb"},"inLanguage":"en-US","potentialAction":[{"@type":"ReadAction","target":["https:\/\/www.uartes.edu.ec\/sitio\/en\/blog\/2023\/10\/13\/estudiantes-del-istg-en-la-uartes-por-taller-de-vocalizacion-diccion-y-expresion-corporal\/"]}]},{"@type":"ImageObject","inLanguage":"en-US","@id":"https:\/\/www.uartes.edu.ec\/sitio\/en\/blog\/2023\/10\/13\/estudiantes-del-istg-en-la-uartes-por-taller-de-vocalizacion-diccion-y-expresion-corporal\/#primaryimage","url":"https:\/\/www.uartes.edu.ec\/sitio\/wp-content\/uploads\/2023\/10\/anibal-paez2-scaled.jpg","contentUrl":"https:\/\/www.uartes.edu.ec\/sitio\/wp-content\/uploads\/2023\/10\/anibal-paez2-scaled.jpg","width":2560,"height":1155},{"@type":"BreadcrumbList","@id":"https:\/\/www.uartes.edu.ec\/sitio\/en\/blog\/2023\/10\/13\/estudiantes-del-istg-en-la-uartes-por-taller-de-vocalizacion-diccion-y-expresion-corporal\/#breadcrumb","itemListElement":[{"@type":"ListItem","position":1,"name":"Inicio","item":"https:\/\/www.uartes.edu.ec\/sitio\/"},{"@type":"ListItem","position":2,"name":"En taller, alumnos del ISTG aprenden del despertar de la conciencia corporal"}]},{"@type":"WebSite","@id":"https:\/\/www.uartes.edu.ec\/sitio\/en\/#website","url":"https:\/\/www.uartes.edu.ec\/sitio\/en\/","name":"Universidad de las Artes","description":"Sitio oficial de la Universidad Nacional de las Artes del Ecuador","publisher":{"@id":"https:\/\/www.uartes.edu.ec\/sitio\/en\/#organization"},"potentialAction":[{"@type":"SearchAction","target":{"@type":"EntryPoint","urlTemplate":"https:\/\/www.uartes.edu.ec\/sitio\/en\/?s={search_term_string}"},"query-input":{"@type":"PropertyValueSpecification","valueRequired":true,"valueName":"search_term_string"}}],"inLanguage":"en-US"},{"@type":"Organization","@id":"https:\/\/www.uartes.edu.ec\/sitio\/en\/#organization","name":"Universidad de las Artes","url":"https:\/\/www.uartes.edu.ec\/sitio\/en\/","logo":{"@type":"ImageObject","inLanguage":"en-US","@id":"https:\/\/www.uartes.edu.ec\/sitio\/en\/#\/schema\/logo\/image\/","url":"https:\/\/www.uartes.edu.ec\/sitio\/wp-content\/uploads\/2022\/07\/logo-ua-horizontal.png","contentUrl":"https:\/\/www.uartes.edu.ec\/sitio\/wp-content\/uploads\/2022\/07\/logo-ua-horizontal.png","width":800,"height":276,"caption":"Universidad de las Artes"},"image":{"@id":"https:\/\/www.uartes.edu.ec\/sitio\/en\/#\/schema\/logo\/image\/"},"sameAs":["https:\/\/www.facebook.com\/uartesec","https:\/\/x.com\/uartesec","https:\/\/www.tiktok.com\/@uartesec"]},{"@type":"Person","@id":"https:\/\/www.uartes.edu.ec\/sitio\/en\/#\/schema\/person\/efa1b8275797664fd7f13a79ccc0b1f4","name":"ccortez","image":{"@type":"ImageObject","inLanguage":"en-US","@id":"https:\/\/secure.gravatar.com\/avatar\/b2a6f664a3ae8e074346ef91775736c5ec479e637ecced6842de9dc98b5da9cd?s=96&d=mm&r=g","url":"https:\/\/secure.gravatar.com\/avatar\/b2a6f664a3ae8e074346ef91775736c5ec479e637ecced6842de9dc98b5da9cd?s=96&d=mm&r=g","contentUrl":"https:\/\/secure.gravatar.com\/avatar\/b2a6f664a3ae8e074346ef91775736c5ec479e637ecced6842de9dc98b5da9cd?s=96&d=mm&r=g","caption":"ccortez"},"url":"https:\/\/www.uartes.edu.ec\/sitio\/en\/blog\/author\/ccortez\/"}]}},"uagb_featured_image_src":{"full":["https:\/\/www.uartes.edu.ec\/sitio\/wp-content\/uploads\/2023\/10\/anibal-paez2-scaled.jpg",2560,1155,false],"thumbnail":["https:\/\/www.uartes.edu.ec\/sitio\/wp-content\/uploads\/2023\/10\/anibal-paez2-150x150.jpg",150,150,true],"medium":["https:\/\/www.uartes.edu.ec\/sitio\/wp-content\/uploads\/2023\/10\/anibal-paez2-300x135.jpg",300,135,true],"medium_large":["https:\/\/www.uartes.edu.ec\/sitio\/wp-content\/uploads\/2023\/10\/anibal-paez2-768x346.jpg",768,346,true],"large":["https:\/\/www.uartes.edu.ec\/sitio\/wp-content\/uploads\/2023\/10\/anibal-paez2-644x290.jpg",644,290,true],"1536x1536":["https:\/\/www.uartes.edu.ec\/sitio\/wp-content\/uploads\/2023\/10\/anibal-paez2-1536x693.jpg",1536,693,true],"2048x2048":["https:\/\/www.uartes.edu.ec\/sitio\/wp-content\/uploads\/2023\/10\/anibal-paez2-2048x924.jpg",2048,924,true],"trp-custom-language-flag":["https:\/\/www.uartes.edu.ec\/sitio\/wp-content\/uploads\/2023\/10\/anibal-paez2-scaled.jpg",18,8,false],"htmega_size_585x295":["https:\/\/www.uartes.edu.ec\/sitio\/wp-content\/uploads\/2023\/10\/anibal-paez2-585x295.jpg",585,295,true],"htmega_size_1170x536":["https:\/\/www.uartes.edu.ec\/sitio\/wp-content\/uploads\/2023\/10\/anibal-paez2-1170x536.jpg",1170,536,true],"htmega_size_396x360":["https:\/\/www.uartes.edu.ec\/sitio\/wp-content\/uploads\/2023\/10\/anibal-paez2-396x360.jpg",396,360,true],"gb-block-post-grid-landscape":["https:\/\/www.uartes.edu.ec\/sitio\/wp-content\/uploads\/2023\/10\/anibal-paez2-600x400.jpg",600,400,true],"gb-block-post-grid-square":["https:\/\/www.uartes.edu.ec\/sitio\/wp-content\/uploads\/2023\/10\/anibal-paez2-600x600.jpg",600,600,true],"university-hub-thumb":["https:\/\/www.uartes.edu.ec\/sitio\/wp-content\/uploads\/2023\/10\/anibal-paez2-400x180.jpg",400,180,true]},"uagb_author_info":{"display_name":"ccortez","author_link":"https:\/\/www.uartes.edu.ec\/sitio\/en\/blog\/author\/ccortez\/"},"uagb_comment_info":0,"uagb_excerpt":"En el marco del convenio de cooperaci\u00f3n que la UArtes mantiene con el Instituto Superior Tecnol\u00f3gico Guayaquil (ISTG), en la terraza del patrimonial edificio El Tel\u00e9grafo se inici\u00f3 el mi\u00e9rcoles 11 de octubre el taller de vocalizaci\u00f3n, dicci\u00f3n y expresi\u00f3n corporal, dirigido por el docente An\u00edbal P\u00e1ez, de la Escuela de Artes Esc\u00e9nicas. La actividad,&hellip;","featured_image_src":"https:\/\/www.uartes.edu.ec\/sitio\/wp-content\/uploads\/2023\/10\/anibal-paez2-600x400.jpg","featured_image_src_square":"https:\/\/www.uartes.edu.ec\/sitio\/wp-content\/uploads\/2023\/10\/anibal-paez2-600x600.jpg","author_info":{"display_name":"ccortez","author_link":"https:\/\/www.uartes.edu.ec\/sitio\/en\/blog\/author\/ccortez\/"},"publishpress_future_workflow_manual_trigger":{"enabledWorkflows":[]},"distributor_meta":false,"distributor_terms":false,"distributor_media":false,"distributor_original_site_name":"Universidad de las Artes","distributor_original_site_url":"https:\/\/www.uartes.edu.ec\/sitio\/en","push-errors":false,"_links":{"self":[{"href":"https:\/\/www.uartes.edu.ec\/sitio\/en\/wp-json\/wp\/v2\/posts\/47837","targetHints":{"allow":["GET"]}}],"collection":[{"href":"https:\/\/www.uartes.edu.ec\/sitio\/en\/wp-json\/wp\/v2\/posts"}],"about":[{"href":"https:\/\/www.uartes.edu.ec\/sitio\/en\/wp-json\/wp\/v2\/types\/post"}],"author":[{"embeddable":true,"href":"https:\/\/www.uartes.edu.ec\/sitio\/en\/wp-json\/wp\/v2\/users\/10"}],"replies":[{"embeddable":true,"href":"https:\/\/www.uartes.edu.ec\/sitio\/en\/wp-json\/wp\/v2\/comments?post=47837"}],"version-history":[{"count":8,"href":"https:\/\/www.uartes.edu.ec\/sitio\/en\/wp-json\/wp\/v2\/posts\/47837\/revisions"}],"predecessor-version":[{"id":56950,"href":"https:\/\/www.uartes.edu.ec\/sitio\/en\/wp-json\/wp\/v2\/posts\/47837\/revisions\/56950"}],"wp:featuredmedia":[{"embeddable":true,"href":"https:\/\/www.uartes.edu.ec\/sitio\/en\/wp-json\/wp\/v2\/media\/47839"}],"wp:attachment":[{"href":"https:\/\/www.uartes.edu.ec\/sitio\/en\/wp-json\/wp\/v2\/media?parent=47837"}],"wp:term":[{"taxonomy":"category","embeddable":true,"href":"https:\/\/www.uartes.edu.ec\/sitio\/en\/wp-json\/wp\/v2\/categories?post=47837"},{"taxonomy":"post_tag","embeddable":true,"href":"https:\/\/www.uartes.edu.ec\/sitio\/en\/wp-json\/wp\/v2\/tags?post=47837"},{"taxonomy":"infouartes","embeddable":true,"href":"https:\/\/www.uartes.edu.ec\/sitio\/en\/wp-json\/wp\/v2\/infouartes?post=47837"}],"curies":[{"name":"wp","href":"https:\/\/api.w.org\/{rel}","templated":true}]}}