{"id":47957,"date":"2023-10-31T16:15:44","date_gmt":"2023-10-31T21:15:44","guid":{"rendered":"https:\/\/www.uartes.edu.ec\/sitio\/?p=47957"},"modified":"2024-07-04T11:20:33","modified_gmt":"2024-07-04T16:20:33","slug":"don-goyo-largometraje-dirigido-por-docente-jorge-flores-se-estrenara-en-festival-de-italia","status":"publish","type":"post","link":"https:\/\/www.uartes.edu.ec\/sitio\/en\/blog\/2023\/10\/31\/don-goyo-largometraje-dirigido-por-docente-jorge-flores-se-estrenara-en-festival-de-italia\/","title":{"rendered":"Largometraje \u201cDon Goyo\u201d, del cineasta y docente UArtes Jorge Flores, tendr\u00e1 su estreno en festival de Trieste, Italia"},"content":{"rendered":"<p>\u201cDon Goyo\u201d, largometraje ecuatoriano (70 minutos) dirigido por Jorge Flores Velasco, se estrenar\u00e1 el 8 de noviembre pr\u00f3ximo en la edici\u00f3n n\u00famero 38 del Festival de Cine Ibero-Latinoamericano de Trieste, Italia, considerado uno de los m\u00e1s importantes y prestigiosos de Europa.<\/p>\n\n\n\n<p>\u201cDon Goyo\u201d es un thriller montubio inspirado en la novela realista ecuatoriana del c\u00e9lebre escritor guayaquile\u00f1o Demetrio Aguilera Malta. La adaptaci\u00f3n y direcci\u00f3n corri\u00f3 a cargo de Flores Velasco, docente de la Universidad de las Artes y Ph. D., graduado de la Universidad Sorbona de Par\u00eds.<\/p>\n\n\n\n<p>El largometraje recupera uno de los contenidos esenciales del libro de Aguilera Malta: la defensa del medio ambiente en el Ecuador, en una \u00e9poca en que no era un tema literario ni de inter\u00e9s social. El rodaje incluy\u00f3 a actores j\u00f3venes y experimentados de distintas ciudades y regiones del pa\u00eds. Cont\u00f3, adem\u00e1s, con el apoyo de expertos en producci\u00f3n cinematogr\u00e1fica y t\u00e9cnicos de primer nivel.<\/p>\n\n\n<div class=\"wp-block-image\">\n<figure class=\"aligncenter size-large\"><img fetchpriority=\"high\" decoding=\"async\" width=\"644\" height=\"429\" src=\"https:\/\/www.uartes.edu.ec\/sitio\/wp-content\/uploads\/2023\/10\/02-DON-GOYO-WEB-1-644x429.jpg\" alt=\"\" class=\"wp-image-47959\" srcset=\"https:\/\/www.uartes.edu.ec\/sitio\/wp-content\/uploads\/2023\/10\/02-DON-GOYO-WEB-1-644x429.jpg 644w, https:\/\/www.uartes.edu.ec\/sitio\/wp-content\/uploads\/2023\/10\/02-DON-GOYO-WEB-1-768x511.jpg 768w, https:\/\/www.uartes.edu.ec\/sitio\/wp-content\/uploads\/2023\/10\/02-DON-GOYO-WEB-1.jpg 2000w, https:\/\/www.uartes.edu.ec\/sitio\/wp-content\/uploads\/2023\/10\/02-DON-GOYO-WEB-1-600x399.jpg 600w, https:\/\/www.uartes.edu.ec\/sitio\/wp-content\/uploads\/2023\/10\/02-DON-GOYO-WEB-1-272x182.jpg 272w\" sizes=\"(max-width: 644px) 100vw, 644px\" \/><figcaption class=\"wp-element-caption\">El director Jorge Flores Velasco (centro) y Michelle Pacheco (izquierda), asistente de direcci\u00f3n, dirigen el largometraje \u00abDon Goyo\u00bb, en una noche de luna en la Hacienda Santa Rosa, en Cumand\u00e1, Chimborazo.<\/figcaption><\/figure>\n<\/div>\n\n\n<p>\u201cDon Goyo\u201d se film\u00f3 en una hacienda real y en uno de los poqu\u00edsimos bosques protectores primarios de la cordillera occidental de los Andes del Ecuador: el Bosque Tropical Protector Santa Rosa, ubicado en el recinto Suncamal del cant\u00f3n Cumand\u00e1, al sur de la provincia de Chimborazo. Este extraordinario escenario natural se abri\u00f3 por primera vez para facilitar la filmaci\u00f3n de la pel\u00edcula, donde se muestra la gran riqueza de flora y fauna conservadas en estado natural por gesti\u00f3n de sus propietarios.<\/p>\n\n\n\n<p>La explotaci\u00f3n laboral, la devastaci\u00f3n de la naturaleza y la violencia de la \u201cley del machete\u201d son expuestos en \u201cDon Goyo\u201d a trav\u00e9s de la vida de Cusumbo, una joven campesina montubia que trabaja en una hacienda dedicada al cultivo de ca\u00f1a de az\u00facar y a la producci\u00f3n de aguardiente. Ella vive fascinada por las leyendas del personaje en cuesti\u00f3n, un negro cimarr\u00f3n que vive y se mimetiza en el bosque natural, due\u00f1o a su vez de poderes sobrenaturales gracias a su pacto con el diablo.<\/p>\n\n\n\n<p>En el elenco se incluyen actores profesionales y un grupo de campesinos lugare\u00f1os del recinto Suncamal. Este enriquecedor proceso comunitario dio como resultado la creaci\u00f3n de un universo atemporal, en el cual se destaca la riqueza de puntos de vista de los participantes sobre la propia trama del filme.<\/p>\n\n\n<div class=\"wp-block-image\">\n<figure class=\"aligncenter size-large\"><img decoding=\"async\" width=\"644\" height=\"429\" src=\"https:\/\/www.uartes.edu.ec\/sitio\/wp-content\/uploads\/2023\/10\/03-DON-GOYO-WEB-644x429.jpg\" alt=\"\" class=\"wp-image-47960\" srcset=\"https:\/\/www.uartes.edu.ec\/sitio\/wp-content\/uploads\/2023\/10\/03-DON-GOYO-WEB-644x429.jpg 644w, https:\/\/www.uartes.edu.ec\/sitio\/wp-content\/uploads\/2023\/10\/03-DON-GOYO-WEB-768x511.jpg 768w, https:\/\/www.uartes.edu.ec\/sitio\/wp-content\/uploads\/2023\/10\/03-DON-GOYO-WEB.jpg 2000w, https:\/\/www.uartes.edu.ec\/sitio\/wp-content\/uploads\/2023\/10\/03-DON-GOYO-WEB-600x399.jpg 600w, https:\/\/www.uartes.edu.ec\/sitio\/wp-content\/uploads\/2023\/10\/03-DON-GOYO-WEB-272x182.jpg 272w\" sizes=\"(max-width: 644px) 100vw, 644px\" \/><figcaption class=\"wp-element-caption\">Una de las escenas del largomentraje \u00abDon Goyo\u00bb.<\/figcaption><\/figure>\n<\/div>\n\n\n<p>Esta pel\u00edcula ecuatoriana surgi\u00f3 de una investigaci\u00f3n interdisciplinaria y participativa entre profesores, exalumnos y alumnos de la UArtes. Se film\u00f3 en condiciones excepcionalmente dif\u00edciles: por la naturaleza de la obra y del guion, se trabaj\u00f3 en locaciones de dif\u00edcil acceso, para garantizar as\u00ed la calidad natural del escenario antes mencionado; se hizo, adem\u00e1s, en un contexto adverso por la pandemia del COVID-19, que oblig\u00f3 a los productores a extremar medidas de bioseguridad. Estas y otras dificultades no impidieron el rodaje de este largometraje que en pocos d\u00edas se estrenar\u00e1 en Italia.<\/p>\n\n\n\n<p>Fotos Cortes\u00eda. En la primera imagen, Jorge Flores Velasco (centro) dirigiendo la filmaci\u00f3n y Dominique Pazmi\u00f1o (derecha) haciendo la cinematograf\u00eda del largometraje \u201cDon Goyo\u201d en la Hacienda Santa Rosa, Cumand\u00e1, Chimborazo.<\/p>","protected":false},"excerpt":{"rendered":"<p>El largometraje ecuatoriano \u201cDon Goyo\u201d, dirigido por el cineasta guayaquile\u00f1o Jorge Flores Velasco, docente UArtes, se film\u00f3 en el Bosque Protector Santa Rosa del recinto Suncamal, provincia de Chimborazo, para propiciar el debate en torno a la conservaci\u00f3n de la naturaleza, el machismo y la vida dura del campo. Se estrenar\u00e1 el 8 de noviembre de 2023 en el Festival de Cine Ibero-Latinoamericano de Trieste, en Italia. <\/p>","protected":false},"author":10,"featured_media":47958,"comment_status":"open","ping_status":"open","sticky":false,"template":"","format":"standard","meta":{"_acf_changed":false,"_uag_custom_page_level_css":"","_monsterinsights_skip_tracking":false,"_monsterinsights_sitenote_active":false,"_monsterinsights_sitenote_note":"","_monsterinsights_sitenote_category":0,"cybocfi_hide_featured_image":"","footnotes":""},"categories":[147,75,76,77],"tags":[1060],"infouartes":[],"class_list":["post-47957","post","type-post","status-publish","format-standard","has-post-thumbnail","hentry","category-cine","category-docentes","category-estudiantes","category-gestion","tag-produccion-cinematografica"],"acf":[],"yoast_head":"<!-- This site is optimized with the Yoast SEO plugin v27.4 - https:\/\/yoast.com\/product\/yoast-seo-wordpress\/ -->\n<title>Universidad de las Artes - Largometraje \u201cDon Goyo\u201d, del cineasta y docente UArtes Jorge Flores, tendr\u00e1 su estreno en festival de Trieste, Italia<\/title>\n<meta name=\"description\" content=\"Universidad de las Artes - Largometraje \u201cDon Goyo\u201d, del cineasta y docente UArtes Jorge Flores, tendr\u00e1 su estreno en festival de Trieste, Italia\" \/>\n<meta name=\"robots\" content=\"index, follow, max-snippet:-1, max-image-preview:large, max-video-preview:-1\" \/>\n<link rel=\"canonical\" href=\"https:\/\/www.uartes.edu.ec\/sitio\/en\/blog\/2023\/10\/31\/don-goyo-largometraje-dirigido-por-docente-jorge-flores-se-estrenara-en-festival-de-italia\/\" \/>\n<meta property=\"og:locale\" content=\"en_US\" \/>\n<meta property=\"og:type\" content=\"article\" \/>\n<meta property=\"og:title\" content=\"Universidad de las Artes - Largometraje \u201cDon Goyo\u201d, del cineasta y docente UArtes Jorge Flores, tendr\u00e1 su estreno en festival de Trieste, Italia\" \/>\n<meta property=\"og:description\" content=\"Universidad de las Artes - Largometraje \u201cDon Goyo\u201d, del cineasta y docente UArtes Jorge Flores, tendr\u00e1 su estreno en festival de Trieste, Italia\" \/>\n<meta property=\"og:url\" content=\"https:\/\/www.uartes.edu.ec\/sitio\/en\/blog\/2023\/10\/31\/don-goyo-largometraje-dirigido-por-docente-jorge-flores-se-estrenara-en-festival-de-italia\/\" \/>\n<meta property=\"og:site_name\" content=\"Universidad de las Artes\" \/>\n<meta property=\"article:publisher\" content=\"https:\/\/www.facebook.com\/uartesec\" \/>\n<meta property=\"article:published_time\" content=\"2023-10-31T21:15:44+00:00\" \/>\n<meta property=\"article:modified_time\" content=\"2024-07-04T16:20:33+00:00\" \/>\n<meta property=\"og:image\" content=\"https:\/\/www.uartes.edu.ec\/sitio\/wp-content\/uploads\/2023\/10\/01-DON-GOYO-WEB-1.jpg\" \/>\n\t<meta property=\"og:image:width\" content=\"2000\" \/>\n\t<meta property=\"og:image:height\" content=\"1333\" \/>\n\t<meta property=\"og:image:type\" content=\"image\/jpeg\" \/>\n<meta name=\"author\" content=\"ccortez\" \/>\n<meta name=\"twitter:card\" content=\"summary_large_image\" \/>\n<meta name=\"twitter:creator\" content=\"@uartesec\" \/>\n<meta name=\"twitter:site\" content=\"@uartesec\" \/>\n<meta name=\"twitter:label1\" content=\"Written by\" \/>\n\t<meta name=\"twitter:data1\" content=\"ccortez\" \/>\n\t<meta name=\"twitter:label2\" content=\"Est. reading time\" \/>\n\t<meta name=\"twitter:data2\" content=\"3 minutes\" \/>\n<script type=\"application\/ld+json\" class=\"yoast-schema-graph\">{\"@context\":\"https:\\\/\\\/schema.org\",\"@graph\":[{\"@type\":\"Article\",\"@id\":\"https:\\\/\\\/www.uartes.edu.ec\\\/sitio\\\/en\\\/blog\\\/2023\\\/10\\\/31\\\/don-goyo-largometraje-dirigido-por-docente-jorge-flores-se-estrenara-en-festival-de-italia\\\/#article\",\"isPartOf\":{\"@id\":\"https:\\\/\\\/www.uartes.edu.ec\\\/sitio\\\/en\\\/blog\\\/2023\\\/10\\\/31\\\/don-goyo-largometraje-dirigido-por-docente-jorge-flores-se-estrenara-en-festival-de-italia\\\/\"},\"author\":{\"name\":\"ccortez\",\"@id\":\"https:\\\/\\\/www.uartes.edu.ec\\\/sitio\\\/en\\\/#\\\/schema\\\/person\\\/efa1b8275797664fd7f13a79ccc0b1f4\"},\"headline\":\"Largometraje \u201cDon Goyo\u201d, del cineasta y docente UArtes Jorge Flores, tendr\u00e1 su estreno en festival de Trieste, Italia\",\"datePublished\":\"2023-10-31T21:15:44+00:00\",\"dateModified\":\"2024-07-04T16:20:33+00:00\",\"mainEntityOfPage\":{\"@id\":\"https:\\\/\\\/www.uartes.edu.ec\\\/sitio\\\/en\\\/blog\\\/2023\\\/10\\\/31\\\/don-goyo-largometraje-dirigido-por-docente-jorge-flores-se-estrenara-en-festival-de-italia\\\/\"},\"wordCount\":588,\"commentCount\":0,\"publisher\":{\"@id\":\"https:\\\/\\\/www.uartes.edu.ec\\\/sitio\\\/en\\\/#organization\"},\"image\":{\"@id\":\"https:\\\/\\\/www.uartes.edu.ec\\\/sitio\\\/en\\\/blog\\\/2023\\\/10\\\/31\\\/don-goyo-largometraje-dirigido-por-docente-jorge-flores-se-estrenara-en-festival-de-italia\\\/#primaryimage\"},\"thumbnailUrl\":\"https:\\\/\\\/www.uartes.edu.ec\\\/sitio\\\/wp-content\\\/uploads\\\/2023\\\/10\\\/01-DON-GOYO-WEB-1.jpg\",\"keywords\":[\"producci\u00f3n cinematogr\u00e1fica\"],\"articleSection\":[\"Cine\",\"Docentes\",\"Estudiantes\",\"Gesti\u00f3n\"],\"inLanguage\":\"en-US\",\"potentialAction\":[{\"@type\":\"CommentAction\",\"name\":\"Comment\",\"target\":[\"https:\\\/\\\/www.uartes.edu.ec\\\/sitio\\\/en\\\/blog\\\/2023\\\/10\\\/31\\\/don-goyo-largometraje-dirigido-por-docente-jorge-flores-se-estrenara-en-festival-de-italia\\\/#respond\"]}]},{\"@type\":[\"WebPage\",\"ItemPage\"],\"@id\":\"https:\\\/\\\/www.uartes.edu.ec\\\/sitio\\\/en\\\/blog\\\/2023\\\/10\\\/31\\\/don-goyo-largometraje-dirigido-por-docente-jorge-flores-se-estrenara-en-festival-de-italia\\\/\",\"url\":\"https:\\\/\\\/www.uartes.edu.ec\\\/sitio\\\/en\\\/blog\\\/2023\\\/10\\\/31\\\/don-goyo-largometraje-dirigido-por-docente-jorge-flores-se-estrenara-en-festival-de-italia\\\/\",\"name\":\"Universidad de las Artes - Largometraje \u201cDon Goyo\u201d, del cineasta y docente UArtes Jorge Flores, tendr\u00e1 su estreno en festival de Trieste, Italia\",\"isPartOf\":{\"@id\":\"https:\\\/\\\/www.uartes.edu.ec\\\/sitio\\\/en\\\/#website\"},\"primaryImageOfPage\":{\"@id\":\"https:\\\/\\\/www.uartes.edu.ec\\\/sitio\\\/en\\\/blog\\\/2023\\\/10\\\/31\\\/don-goyo-largometraje-dirigido-por-docente-jorge-flores-se-estrenara-en-festival-de-italia\\\/#primaryimage\"},\"image\":{\"@id\":\"https:\\\/\\\/www.uartes.edu.ec\\\/sitio\\\/en\\\/blog\\\/2023\\\/10\\\/31\\\/don-goyo-largometraje-dirigido-por-docente-jorge-flores-se-estrenara-en-festival-de-italia\\\/#primaryimage\"},\"thumbnailUrl\":\"https:\\\/\\\/www.uartes.edu.ec\\\/sitio\\\/wp-content\\\/uploads\\\/2023\\\/10\\\/01-DON-GOYO-WEB-1.jpg\",\"datePublished\":\"2023-10-31T21:15:44+00:00\",\"dateModified\":\"2024-07-04T16:20:33+00:00\",\"description\":\"Universidad de las Artes - Largometraje \u201cDon Goyo\u201d, del cineasta y docente UArtes Jorge Flores, tendr\u00e1 su estreno en festival de Trieste, Italia\",\"breadcrumb\":{\"@id\":\"https:\\\/\\\/www.uartes.edu.ec\\\/sitio\\\/en\\\/blog\\\/2023\\\/10\\\/31\\\/don-goyo-largometraje-dirigido-por-docente-jorge-flores-se-estrenara-en-festival-de-italia\\\/#breadcrumb\"},\"inLanguage\":\"en-US\",\"potentialAction\":[{\"@type\":\"ReadAction\",\"target\":[\"https:\\\/\\\/www.uartes.edu.ec\\\/sitio\\\/en\\\/blog\\\/2023\\\/10\\\/31\\\/don-goyo-largometraje-dirigido-por-docente-jorge-flores-se-estrenara-en-festival-de-italia\\\/\"]}]},{\"@type\":\"ImageObject\",\"inLanguage\":\"en-US\",\"@id\":\"https:\\\/\\\/www.uartes.edu.ec\\\/sitio\\\/en\\\/blog\\\/2023\\\/10\\\/31\\\/don-goyo-largometraje-dirigido-por-docente-jorge-flores-se-estrenara-en-festival-de-italia\\\/#primaryimage\",\"url\":\"https:\\\/\\\/www.uartes.edu.ec\\\/sitio\\\/wp-content\\\/uploads\\\/2023\\\/10\\\/01-DON-GOYO-WEB-1.jpg\",\"contentUrl\":\"https:\\\/\\\/www.uartes.edu.ec\\\/sitio\\\/wp-content\\\/uploads\\\/2023\\\/10\\\/01-DON-GOYO-WEB-1.jpg\",\"width\":2000,\"height\":1333},{\"@type\":\"BreadcrumbList\",\"@id\":\"https:\\\/\\\/www.uartes.edu.ec\\\/sitio\\\/en\\\/blog\\\/2023\\\/10\\\/31\\\/don-goyo-largometraje-dirigido-por-docente-jorge-flores-se-estrenara-en-festival-de-italia\\\/#breadcrumb\",\"itemListElement\":[{\"@type\":\"ListItem\",\"position\":1,\"name\":\"Inicio\",\"item\":\"https:\\\/\\\/www.uartes.edu.ec\\\/sitio\\\/\"},{\"@type\":\"ListItem\",\"position\":2,\"name\":\"Largometraje \u201cDon Goyo\u201d, del cineasta y docente UArtes Jorge Flores, tendr\u00e1 su estreno en festival de Trieste, Italia\"}]},{\"@type\":\"WebSite\",\"@id\":\"https:\\\/\\\/www.uartes.edu.ec\\\/sitio\\\/en\\\/#website\",\"url\":\"https:\\\/\\\/www.uartes.edu.ec\\\/sitio\\\/en\\\/\",\"name\":\"Universidad de las Artes\",\"description\":\"Sitio oficial de la Universidad Nacional de las Artes del Ecuador\",\"publisher\":{\"@id\":\"https:\\\/\\\/www.uartes.edu.ec\\\/sitio\\\/en\\\/#organization\"},\"potentialAction\":[{\"@type\":\"SearchAction\",\"target\":{\"@type\":\"EntryPoint\",\"urlTemplate\":\"https:\\\/\\\/www.uartes.edu.ec\\\/sitio\\\/en\\\/?s={search_term_string}\"},\"query-input\":{\"@type\":\"PropertyValueSpecification\",\"valueRequired\":true,\"valueName\":\"search_term_string\"}}],\"inLanguage\":\"en-US\"},{\"@type\":\"Organization\",\"@id\":\"https:\\\/\\\/www.uartes.edu.ec\\\/sitio\\\/en\\\/#organization\",\"name\":\"Universidad de las Artes\",\"url\":\"https:\\\/\\\/www.uartes.edu.ec\\\/sitio\\\/en\\\/\",\"logo\":{\"@type\":\"ImageObject\",\"inLanguage\":\"en-US\",\"@id\":\"https:\\\/\\\/www.uartes.edu.ec\\\/sitio\\\/en\\\/#\\\/schema\\\/logo\\\/image\\\/\",\"url\":\"https:\\\/\\\/www.uartes.edu.ec\\\/sitio\\\/wp-content\\\/uploads\\\/2022\\\/07\\\/logo-ua-horizontal.png\",\"contentUrl\":\"https:\\\/\\\/www.uartes.edu.ec\\\/sitio\\\/wp-content\\\/uploads\\\/2022\\\/07\\\/logo-ua-horizontal.png\",\"width\":800,\"height\":276,\"caption\":\"Universidad de las Artes\"},\"image\":{\"@id\":\"https:\\\/\\\/www.uartes.edu.ec\\\/sitio\\\/en\\\/#\\\/schema\\\/logo\\\/image\\\/\"},\"sameAs\":[\"https:\\\/\\\/www.facebook.com\\\/uartesec\",\"https:\\\/\\\/x.com\\\/uartesec\",\"https:\\\/\\\/www.tiktok.com\\\/@uartesec\"]},{\"@type\":\"Person\",\"@id\":\"https:\\\/\\\/www.uartes.edu.ec\\\/sitio\\\/en\\\/#\\\/schema\\\/person\\\/efa1b8275797664fd7f13a79ccc0b1f4\",\"name\":\"ccortez\",\"image\":{\"@type\":\"ImageObject\",\"inLanguage\":\"en-US\",\"@id\":\"https:\\\/\\\/secure.gravatar.com\\\/avatar\\\/b2a6f664a3ae8e074346ef91775736c5ec479e637ecced6842de9dc98b5da9cd?s=96&d=mm&r=g\",\"url\":\"https:\\\/\\\/secure.gravatar.com\\\/avatar\\\/b2a6f664a3ae8e074346ef91775736c5ec479e637ecced6842de9dc98b5da9cd?s=96&d=mm&r=g\",\"contentUrl\":\"https:\\\/\\\/secure.gravatar.com\\\/avatar\\\/b2a6f664a3ae8e074346ef91775736c5ec479e637ecced6842de9dc98b5da9cd?s=96&d=mm&r=g\",\"caption\":\"ccortez\"},\"url\":\"https:\\\/\\\/www.uartes.edu.ec\\\/sitio\\\/en\\\/blog\\\/author\\\/ccortez\\\/\"}]}<\/script>\n<!-- \/ Yoast SEO plugin. -->","yoast_head_json":{"title":"Universidad de las Artes - Largometraje \u201cDon Goyo\u201d, del cineasta y docente UArtes Jorge Flores, tendr\u00e1 su estreno en festival de Trieste, Italia","description":"Universidad de las Artes - Largometraje \u201cDon Goyo\u201d, del cineasta y docente UArtes Jorge Flores, tendr\u00e1 su estreno en festival de Trieste, Italia","robots":{"index":"index","follow":"follow","max-snippet":"max-snippet:-1","max-image-preview":"max-image-preview:large","max-video-preview":"max-video-preview:-1"},"canonical":"https:\/\/www.uartes.edu.ec\/sitio\/en\/blog\/2023\/10\/31\/don-goyo-largometraje-dirigido-por-docente-jorge-flores-se-estrenara-en-festival-de-italia\/","og_locale":"en_US","og_type":"article","og_title":"Universidad de las Artes - Largometraje \u201cDon Goyo\u201d, del cineasta y docente UArtes Jorge Flores, tendr\u00e1 su estreno en festival de Trieste, Italia","og_description":"Universidad de las Artes - Largometraje \u201cDon Goyo\u201d, del cineasta y docente UArtes Jorge Flores, tendr\u00e1 su estreno en festival de Trieste, Italia","og_url":"https:\/\/www.uartes.edu.ec\/sitio\/en\/blog\/2023\/10\/31\/don-goyo-largometraje-dirigido-por-docente-jorge-flores-se-estrenara-en-festival-de-italia\/","og_site_name":"Universidad de las Artes","article_publisher":"https:\/\/www.facebook.com\/uartesec","article_published_time":"2023-10-31T21:15:44+00:00","article_modified_time":"2024-07-04T16:20:33+00:00","og_image":[{"width":2000,"height":1333,"url":"https:\/\/www.uartes.edu.ec\/sitio\/wp-content\/uploads\/2023\/10\/01-DON-GOYO-WEB-1.jpg","type":"image\/jpeg"}],"author":"ccortez","twitter_card":"summary_large_image","twitter_creator":"@uartesec","twitter_site":"@uartesec","twitter_misc":{"Written by":"ccortez","Est. reading time":"3 minutes"},"schema":{"@context":"https:\/\/schema.org","@graph":[{"@type":"Article","@id":"https:\/\/www.uartes.edu.ec\/sitio\/en\/blog\/2023\/10\/31\/don-goyo-largometraje-dirigido-por-docente-jorge-flores-se-estrenara-en-festival-de-italia\/#article","isPartOf":{"@id":"https:\/\/www.uartes.edu.ec\/sitio\/en\/blog\/2023\/10\/31\/don-goyo-largometraje-dirigido-por-docente-jorge-flores-se-estrenara-en-festival-de-italia\/"},"author":{"name":"ccortez","@id":"https:\/\/www.uartes.edu.ec\/sitio\/en\/#\/schema\/person\/efa1b8275797664fd7f13a79ccc0b1f4"},"headline":"Largometraje \u201cDon Goyo\u201d, del cineasta y docente UArtes Jorge Flores, tendr\u00e1 su estreno en festival de Trieste, Italia","datePublished":"2023-10-31T21:15:44+00:00","dateModified":"2024-07-04T16:20:33+00:00","mainEntityOfPage":{"@id":"https:\/\/www.uartes.edu.ec\/sitio\/en\/blog\/2023\/10\/31\/don-goyo-largometraje-dirigido-por-docente-jorge-flores-se-estrenara-en-festival-de-italia\/"},"wordCount":588,"commentCount":0,"publisher":{"@id":"https:\/\/www.uartes.edu.ec\/sitio\/en\/#organization"},"image":{"@id":"https:\/\/www.uartes.edu.ec\/sitio\/en\/blog\/2023\/10\/31\/don-goyo-largometraje-dirigido-por-docente-jorge-flores-se-estrenara-en-festival-de-italia\/#primaryimage"},"thumbnailUrl":"https:\/\/www.uartes.edu.ec\/sitio\/wp-content\/uploads\/2023\/10\/01-DON-GOYO-WEB-1.jpg","keywords":["producci\u00f3n cinematogr\u00e1fica"],"articleSection":["Cine","Docentes","Estudiantes","Gesti\u00f3n"],"inLanguage":"en-US","potentialAction":[{"@type":"CommentAction","name":"Comment","target":["https:\/\/www.uartes.edu.ec\/sitio\/en\/blog\/2023\/10\/31\/don-goyo-largometraje-dirigido-por-docente-jorge-flores-se-estrenara-en-festival-de-italia\/#respond"]}]},{"@type":["WebPage","ItemPage"],"@id":"https:\/\/www.uartes.edu.ec\/sitio\/en\/blog\/2023\/10\/31\/don-goyo-largometraje-dirigido-por-docente-jorge-flores-se-estrenara-en-festival-de-italia\/","url":"https:\/\/www.uartes.edu.ec\/sitio\/en\/blog\/2023\/10\/31\/don-goyo-largometraje-dirigido-por-docente-jorge-flores-se-estrenara-en-festival-de-italia\/","name":"Universidad de las Artes - Largometraje \u201cDon Goyo\u201d, del cineasta y docente UArtes Jorge Flores, tendr\u00e1 su estreno en festival de Trieste, Italia","isPartOf":{"@id":"https:\/\/www.uartes.edu.ec\/sitio\/en\/#website"},"primaryImageOfPage":{"@id":"https:\/\/www.uartes.edu.ec\/sitio\/en\/blog\/2023\/10\/31\/don-goyo-largometraje-dirigido-por-docente-jorge-flores-se-estrenara-en-festival-de-italia\/#primaryimage"},"image":{"@id":"https:\/\/www.uartes.edu.ec\/sitio\/en\/blog\/2023\/10\/31\/don-goyo-largometraje-dirigido-por-docente-jorge-flores-se-estrenara-en-festival-de-italia\/#primaryimage"},"thumbnailUrl":"https:\/\/www.uartes.edu.ec\/sitio\/wp-content\/uploads\/2023\/10\/01-DON-GOYO-WEB-1.jpg","datePublished":"2023-10-31T21:15:44+00:00","dateModified":"2024-07-04T16:20:33+00:00","description":"Universidad de las Artes - Largometraje \u201cDon Goyo\u201d, del cineasta y docente UArtes Jorge Flores, tendr\u00e1 su estreno en festival de Trieste, Italia","breadcrumb":{"@id":"https:\/\/www.uartes.edu.ec\/sitio\/en\/blog\/2023\/10\/31\/don-goyo-largometraje-dirigido-por-docente-jorge-flores-se-estrenara-en-festival-de-italia\/#breadcrumb"},"inLanguage":"en-US","potentialAction":[{"@type":"ReadAction","target":["https:\/\/www.uartes.edu.ec\/sitio\/en\/blog\/2023\/10\/31\/don-goyo-largometraje-dirigido-por-docente-jorge-flores-se-estrenara-en-festival-de-italia\/"]}]},{"@type":"ImageObject","inLanguage":"en-US","@id":"https:\/\/www.uartes.edu.ec\/sitio\/en\/blog\/2023\/10\/31\/don-goyo-largometraje-dirigido-por-docente-jorge-flores-se-estrenara-en-festival-de-italia\/#primaryimage","url":"https:\/\/www.uartes.edu.ec\/sitio\/wp-content\/uploads\/2023\/10\/01-DON-GOYO-WEB-1.jpg","contentUrl":"https:\/\/www.uartes.edu.ec\/sitio\/wp-content\/uploads\/2023\/10\/01-DON-GOYO-WEB-1.jpg","width":2000,"height":1333},{"@type":"BreadcrumbList","@id":"https:\/\/www.uartes.edu.ec\/sitio\/en\/blog\/2023\/10\/31\/don-goyo-largometraje-dirigido-por-docente-jorge-flores-se-estrenara-en-festival-de-italia\/#breadcrumb","itemListElement":[{"@type":"ListItem","position":1,"name":"Inicio","item":"https:\/\/www.uartes.edu.ec\/sitio\/"},{"@type":"ListItem","position":2,"name":"Largometraje \u201cDon Goyo\u201d, del cineasta y docente UArtes Jorge Flores, tendr\u00e1 su estreno en festival de Trieste, Italia"}]},{"@type":"WebSite","@id":"https:\/\/www.uartes.edu.ec\/sitio\/en\/#website","url":"https:\/\/www.uartes.edu.ec\/sitio\/en\/","name":"Universidad de las Artes","description":"Sitio oficial de la Universidad Nacional de las Artes del Ecuador","publisher":{"@id":"https:\/\/www.uartes.edu.ec\/sitio\/en\/#organization"},"potentialAction":[{"@type":"SearchAction","target":{"@type":"EntryPoint","urlTemplate":"https:\/\/www.uartes.edu.ec\/sitio\/en\/?s={search_term_string}"},"query-input":{"@type":"PropertyValueSpecification","valueRequired":true,"valueName":"search_term_string"}}],"inLanguage":"en-US"},{"@type":"Organization","@id":"https:\/\/www.uartes.edu.ec\/sitio\/en\/#organization","name":"Universidad de las Artes","url":"https:\/\/www.uartes.edu.ec\/sitio\/en\/","logo":{"@type":"ImageObject","inLanguage":"en-US","@id":"https:\/\/www.uartes.edu.ec\/sitio\/en\/#\/schema\/logo\/image\/","url":"https:\/\/www.uartes.edu.ec\/sitio\/wp-content\/uploads\/2022\/07\/logo-ua-horizontal.png","contentUrl":"https:\/\/www.uartes.edu.ec\/sitio\/wp-content\/uploads\/2022\/07\/logo-ua-horizontal.png","width":800,"height":276,"caption":"Universidad de las Artes"},"image":{"@id":"https:\/\/www.uartes.edu.ec\/sitio\/en\/#\/schema\/logo\/image\/"},"sameAs":["https:\/\/www.facebook.com\/uartesec","https:\/\/x.com\/uartesec","https:\/\/www.tiktok.com\/@uartesec"]},{"@type":"Person","@id":"https:\/\/www.uartes.edu.ec\/sitio\/en\/#\/schema\/person\/efa1b8275797664fd7f13a79ccc0b1f4","name":"ccortez","image":{"@type":"ImageObject","inLanguage":"en-US","@id":"https:\/\/secure.gravatar.com\/avatar\/b2a6f664a3ae8e074346ef91775736c5ec479e637ecced6842de9dc98b5da9cd?s=96&d=mm&r=g","url":"https:\/\/secure.gravatar.com\/avatar\/b2a6f664a3ae8e074346ef91775736c5ec479e637ecced6842de9dc98b5da9cd?s=96&d=mm&r=g","contentUrl":"https:\/\/secure.gravatar.com\/avatar\/b2a6f664a3ae8e074346ef91775736c5ec479e637ecced6842de9dc98b5da9cd?s=96&d=mm&r=g","caption":"ccortez"},"url":"https:\/\/www.uartes.edu.ec\/sitio\/en\/blog\/author\/ccortez\/"}]}},"uagb_featured_image_src":{"full":["https:\/\/www.uartes.edu.ec\/sitio\/wp-content\/uploads\/2023\/10\/01-DON-GOYO-WEB-1.jpg",2000,1333,false],"thumbnail":["https:\/\/www.uartes.edu.ec\/sitio\/wp-content\/uploads\/2023\/10\/01-DON-GOYO-WEB-1-150x150.jpg",150,150,true],"medium":["https:\/\/www.uartes.edu.ec\/sitio\/wp-content\/uploads\/2023\/10\/01-DON-GOYO-WEB-1-300x200.jpg",300,200,true],"medium_large":["https:\/\/www.uartes.edu.ec\/sitio\/wp-content\/uploads\/2023\/10\/01-DON-GOYO-WEB-1-768x512.jpg",768,512,true],"large":["https:\/\/www.uartes.edu.ec\/sitio\/wp-content\/uploads\/2023\/10\/01-DON-GOYO-WEB-1-644x429.jpg",644,429,true],"1536x1536":["https:\/\/www.uartes.edu.ec\/sitio\/wp-content\/uploads\/2023\/10\/01-DON-GOYO-WEB-1-1536x1024.jpg",1536,1024,true],"2048x2048":["https:\/\/www.uartes.edu.ec\/sitio\/wp-content\/uploads\/2023\/10\/01-DON-GOYO-WEB-1.jpg",2000,1333,false],"trp-custom-language-flag":["https:\/\/www.uartes.edu.ec\/sitio\/wp-content\/uploads\/2023\/10\/01-DON-GOYO-WEB-1.jpg",18,12,false],"htmega_size_585x295":["https:\/\/www.uartes.edu.ec\/sitio\/wp-content\/uploads\/2023\/10\/01-DON-GOYO-WEB-1-585x295.jpg",585,295,true],"htmega_size_1170x536":["https:\/\/www.uartes.edu.ec\/sitio\/wp-content\/uploads\/2023\/10\/01-DON-GOYO-WEB-1-1170x536.jpg",1170,536,true],"htmega_size_396x360":["https:\/\/www.uartes.edu.ec\/sitio\/wp-content\/uploads\/2023\/10\/01-DON-GOYO-WEB-1-396x360.jpg",396,360,true],"gb-block-post-grid-landscape":["https:\/\/www.uartes.edu.ec\/sitio\/wp-content\/uploads\/2023\/10\/01-DON-GOYO-WEB-1-600x400.jpg",600,400,true],"gb-block-post-grid-square":["https:\/\/www.uartes.edu.ec\/sitio\/wp-content\/uploads\/2023\/10\/01-DON-GOYO-WEB-1-600x600.jpg",600,600,true],"university-hub-thumb":["https:\/\/www.uartes.edu.ec\/sitio\/wp-content\/uploads\/2023\/10\/01-DON-GOYO-WEB-1-400x267.jpg",400,267,true],"mailpoet_newsletter_max":["https:\/\/www.uartes.edu.ec\/sitio\/wp-content\/uploads\/2023\/10\/01-DON-GOYO-WEB-1.jpg",1320,880,false]},"uagb_author_info":{"display_name":"ccortez","author_link":"https:\/\/www.uartes.edu.ec\/sitio\/en\/blog\/author\/ccortez\/"},"uagb_comment_info":0,"uagb_excerpt":"El largometraje ecuatoriano \u201cDon Goyo\u201d, dirigido por el cineasta guayaquile\u00f1o Jorge Flores Velasco, docente UArtes, se film\u00f3 en el Bosque Protector Santa Rosa del recinto Suncamal, provincia de Chimborazo, para propiciar el debate en torno a la conservaci\u00f3n de la naturaleza, el machismo y la vida dura del campo. Se estrenar\u00e1 el 8 de noviembre&hellip;","featured_image_src":"https:\/\/www.uartes.edu.ec\/sitio\/wp-content\/uploads\/2023\/10\/01-DON-GOYO-WEB-1-600x400.jpg","featured_image_src_square":"https:\/\/www.uartes.edu.ec\/sitio\/wp-content\/uploads\/2023\/10\/01-DON-GOYO-WEB-1-600x600.jpg","author_info":{"display_name":"ccortez","author_link":"https:\/\/www.uartes.edu.ec\/sitio\/en\/blog\/author\/ccortez\/"},"publishpress_future_workflow_manual_trigger":{"enabledWorkflows":[]},"distributor_meta":false,"distributor_terms":false,"distributor_media":false,"distributor_original_site_name":"Universidad de las Artes","distributor_original_site_url":"https:\/\/www.uartes.edu.ec\/sitio\/en","push-errors":false,"_links":{"self":[{"href":"https:\/\/www.uartes.edu.ec\/sitio\/en\/wp-json\/wp\/v2\/posts\/47957","targetHints":{"allow":["GET"]}}],"collection":[{"href":"https:\/\/www.uartes.edu.ec\/sitio\/en\/wp-json\/wp\/v2\/posts"}],"about":[{"href":"https:\/\/www.uartes.edu.ec\/sitio\/en\/wp-json\/wp\/v2\/types\/post"}],"author":[{"embeddable":true,"href":"https:\/\/www.uartes.edu.ec\/sitio\/en\/wp-json\/wp\/v2\/users\/10"}],"replies":[{"embeddable":true,"href":"https:\/\/www.uartes.edu.ec\/sitio\/en\/wp-json\/wp\/v2\/comments?post=47957"}],"version-history":[{"count":10,"href":"https:\/\/www.uartes.edu.ec\/sitio\/en\/wp-json\/wp\/v2\/posts\/47957\/revisions"}],"predecessor-version":[{"id":56938,"href":"https:\/\/www.uartes.edu.ec\/sitio\/en\/wp-json\/wp\/v2\/posts\/47957\/revisions\/56938"}],"wp:featuredmedia":[{"embeddable":true,"href":"https:\/\/www.uartes.edu.ec\/sitio\/en\/wp-json\/wp\/v2\/media\/47958"}],"wp:attachment":[{"href":"https:\/\/www.uartes.edu.ec\/sitio\/en\/wp-json\/wp\/v2\/media?parent=47957"}],"wp:term":[{"taxonomy":"category","embeddable":true,"href":"https:\/\/www.uartes.edu.ec\/sitio\/en\/wp-json\/wp\/v2\/categories?post=47957"},{"taxonomy":"post_tag","embeddable":true,"href":"https:\/\/www.uartes.edu.ec\/sitio\/en\/wp-json\/wp\/v2\/tags?post=47957"},{"taxonomy":"infouartes","embeddable":true,"href":"https:\/\/www.uartes.edu.ec\/sitio\/en\/wp-json\/wp\/v2\/infouartes?post=47957"}],"curies":[{"name":"wp","href":"https:\/\/api.w.org\/{rel}","templated":true}]}}