{"id":48020,"date":"2023-10-26T14:22:00","date_gmt":"2023-10-26T19:22:00","guid":{"rendered":"https:\/\/www.uartes.edu.ec\/sitio\/?p=48020"},"modified":"2024-07-04T11:20:34","modified_gmt":"2024-07-04T16:20:34","slug":"dulces-suenos-grupo-que-integra-alumnus-diana-gardeneira-lanza-videoclip-nino-rico","status":"publish","type":"post","link":"https:\/\/www.uartes.edu.ec\/sitio\/en\/blog\/2023\/10\/26\/dulces-suenos-grupo-que-integra-alumnus-diana-gardeneira-lanza-videoclip-nino-rico\/","title":{"rendered":"\u201cLa dama tapada\u201d lleva a las Dulces Sue\u00f1os a producir \u201cNi\u00f1o rico\u201d; Diana Gardeneira, alumnus, integra el grupo"},"content":{"rendered":"<p>Sus integrantes son artistas y por amistad, conociendo de sus respectivos talentos, decidieron conformar una banda a la que llamaron Dulces Sue\u00f1os, la cual de manera independiente ha buscado posicionarse en la escena cultural desde 2022, ocupando espacios de representaci\u00f3n art\u00edstica femenina en todas sus manifestaciones. Una de sus miembros es Diana Gardeneira, graduada en la Escuela de Artes Visuales de la Universidad de las Artes, quien curs\u00f3 tambi\u00e9n en la Escuela de Posgrado la maestr\u00eda en Artes Visuales y Nuevos Medios.<\/p>\n\n\n\n<p>La m\u00fasica de Dulces Sue\u00f1os es vers\u00e1til y abarca diversos g\u00e9neros, como pop-rock, avant pop, post punk y reggaet\u00f3n. Cuenta con un EP que lleva su nombre, del cual se desprende el sencillo \u201cPablo le hago a tu prima\u201d, cuyo video ha capturado la atenci\u00f3n de las audiencias locales.<\/p>\n\n\n<div class=\"wp-block-image\">\n<figure class=\"aligncenter size-large\"><img fetchpriority=\"high\" decoding=\"async\" width=\"644\" height=\"429\" src=\"https:\/\/www.uartes.edu.ec\/sitio\/wp-content\/uploads\/2023\/11\/garde4-644x429.jpg\" alt=\"\" class=\"wp-image-48030\" srcset=\"https:\/\/www.uartes.edu.ec\/sitio\/wp-content\/uploads\/2023\/11\/garde4-644x429.jpg 644w, https:\/\/www.uartes.edu.ec\/sitio\/wp-content\/uploads\/2023\/11\/garde4-300x200.jpg 300w, https:\/\/www.uartes.edu.ec\/sitio\/wp-content\/uploads\/2023\/11\/garde4-768x512.jpg 768w, https:\/\/www.uartes.edu.ec\/sitio\/wp-content\/uploads\/2023\/11\/garde4-1536x1024.jpg 1536w, https:\/\/www.uartes.edu.ec\/sitio\/wp-content\/uploads\/2023\/11\/garde4-600x400.jpg 600w, https:\/\/www.uartes.edu.ec\/sitio\/wp-content\/uploads\/2023\/11\/garde4-400x267.jpg 400w, https:\/\/www.uartes.edu.ec\/sitio\/wp-content\/uploads\/2023\/11\/garde4-272x182.jpg 272w, https:\/\/www.uartes.edu.ec\/sitio\/wp-content\/uploads\/2023\/11\/garde4.jpg 2000w\" sizes=\"(max-width: 644px) 100vw, 644px\" \/><\/figure>\n<\/div>\n\n\n<p>Pero hay m\u00e1s. Para este 28 de octubre las Dulces Sue\u00f1os anuncian el lanzamiento de un nuevo videoclip. Es de la canci\u00f3n \u00abNi\u00f1o rico\u00bb, inspirada en la leyenda local de \u00abLa dama tapada\u00bb, quien embruja al ni\u00f1o rico en menci\u00f3n por las callejuelas del antiguo barrio Las Pe\u00f1as.<\/p>\n\n\n\n<p>La oscura tem\u00e1tica de esta historia se alinea con la \u00e9poca cercana a la llamada Noche de Brujas, anotan las Dulces Sue\u00f1os, raz\u00f3n por la cual la presentaci\u00f3n de su producci\u00f3n la realizar\u00e1n, a las 20:00, en Mu\u00e9gano Teatro (Callej\u00f3n Magallanes y Rocafuerte). Ser\u00e1 una \u201cNoche de Conjuros\u201d en la que participar\u00e1n con ellas KillaSadSound, \u00c1ngela Arboleda y Lola La Maldita, con leyendas terror\u00edficas, la artista multidisciplinaria de hulas Lady Guga y Malandra DJ set.<\/p>\n\n\n\n<p>Instagram: @DulcesSue\u00f1osBanda. Tambi\u00e9n est\u00e1n en TikTok y YouTube y su m\u00fasica en las plataformas Spotify y Apple Music.<\/p>","protected":false},"excerpt":{"rendered":"<p>Desde su formaci\u00f3n en 2022, la agrupaci\u00f3n Dulces Sue\u00f1os ha estado contribuyendo a la escena cultural de la ciudad y ocupando espacios de representaci\u00f3n art\u00edstica femenina en todas sus manifestaciones. La integran artistas amigas, una de ellas la graduada UArtes Diana Gardeneira, y este 28 de octubre presentar\u00e1n un nuevo videoclip. Se trata de \u201cNi\u00f1o rico\u201d, tema inspirado en la leyenda de \u00abLa dama tapada\u00bb.<\/p>","protected":false},"author":10,"featured_media":48031,"comment_status":"open","ping_status":"open","sticky":false,"template":"","format":"standard","meta":{"_acf_changed":false,"_uag_custom_page_level_css":"","_monsterinsights_skip_tracking":false,"_monsterinsights_sitenote_active":false,"_monsterinsights_sitenote_note":"","_monsterinsights_sitenote_category":0,"cybocfi_hide_featured_image":"","footnotes":""},"categories":[490,82],"tags":[518],"infouartes":[],"class_list":["post-48020","post","type-post","status-publish","format-standard","has-post-thumbnail","hentry","category-alumni","category-artes","tag-produccion"],"acf":[],"yoast_head":"<!-- This site is optimized with the Yoast SEO plugin v27.4 - https:\/\/yoast.com\/product\/yoast-seo-wordpress\/ -->\n<title>Universidad de las Artes - \u201cLa dama tapada\u201d lleva a las Dulces Sue\u00f1os a producir \u201cNi\u00f1o rico\u201d; Diana Gardeneira, alumnus, integra el grupo<\/title>\n<meta name=\"description\" content=\"Universidad de las Artes - \u201cLa dama tapada\u201d lleva a las Dulces Sue\u00f1os a producir \u201cNi\u00f1o rico\u201d; Diana Gardeneira, alumnus, integra el grupo\" \/>\n<meta name=\"robots\" content=\"index, follow, max-snippet:-1, max-image-preview:large, max-video-preview:-1\" \/>\n<link rel=\"canonical\" href=\"https:\/\/www.uartes.edu.ec\/sitio\/en\/blog\/2023\/10\/26\/dulces-suenos-grupo-que-integra-alumnus-diana-gardeneira-lanza-videoclip-nino-rico\/\" \/>\n<meta property=\"og:locale\" content=\"en_US\" \/>\n<meta property=\"og:type\" content=\"article\" \/>\n<meta property=\"og:title\" content=\"Universidad de las Artes - \u201cLa dama tapada\u201d lleva a las Dulces Sue\u00f1os a producir \u201cNi\u00f1o rico\u201d; Diana Gardeneira, alumnus, integra el grupo\" \/>\n<meta property=\"og:description\" content=\"Universidad de las Artes - \u201cLa dama tapada\u201d lleva a las Dulces Sue\u00f1os a producir \u201cNi\u00f1o rico\u201d; Diana Gardeneira, alumnus, integra el grupo\" \/>\n<meta property=\"og:url\" content=\"https:\/\/www.uartes.edu.ec\/sitio\/en\/blog\/2023\/10\/26\/dulces-suenos-grupo-que-integra-alumnus-diana-gardeneira-lanza-videoclip-nino-rico\/\" \/>\n<meta property=\"og:site_name\" content=\"Universidad de las Artes\" \/>\n<meta property=\"article:publisher\" content=\"https:\/\/www.facebook.com\/uartesec\" \/>\n<meta property=\"article:published_time\" content=\"2023-10-26T19:22:00+00:00\" \/>\n<meta property=\"article:modified_time\" content=\"2024-07-04T16:20:34+00:00\" \/>\n<meta property=\"og:image\" content=\"https:\/\/www.uartes.edu.ec\/sitio\/wp-content\/uploads\/2023\/11\/Garde.jpg\" \/>\n\t<meta property=\"og:image:width\" content=\"2000\" \/>\n\t<meta property=\"og:image:height\" content=\"1333\" \/>\n\t<meta property=\"og:image:type\" content=\"image\/jpeg\" \/>\n<meta name=\"author\" content=\"ccortez\" \/>\n<meta name=\"twitter:card\" content=\"summary_large_image\" \/>\n<meta name=\"twitter:creator\" content=\"@uartesec\" \/>\n<meta name=\"twitter:site\" content=\"@uartesec\" \/>\n<meta name=\"twitter:label1\" content=\"Written by\" \/>\n\t<meta name=\"twitter:data1\" content=\"ccortez\" \/>\n\t<meta name=\"twitter:label2\" content=\"Est. reading time\" \/>\n\t<meta name=\"twitter:data2\" content=\"2 minutes\" \/>\n<script type=\"application\/ld+json\" class=\"yoast-schema-graph\">{\"@context\":\"https:\\\/\\\/schema.org\",\"@graph\":[{\"@type\":\"Article\",\"@id\":\"https:\\\/\\\/www.uartes.edu.ec\\\/sitio\\\/en\\\/blog\\\/2023\\\/10\\\/26\\\/dulces-suenos-grupo-que-integra-alumnus-diana-gardeneira-lanza-videoclip-nino-rico\\\/#article\",\"isPartOf\":{\"@id\":\"https:\\\/\\\/www.uartes.edu.ec\\\/sitio\\\/en\\\/blog\\\/2023\\\/10\\\/26\\\/dulces-suenos-grupo-que-integra-alumnus-diana-gardeneira-lanza-videoclip-nino-rico\\\/\"},\"author\":{\"name\":\"ccortez\",\"@id\":\"https:\\\/\\\/www.uartes.edu.ec\\\/sitio\\\/en\\\/#\\\/schema\\\/person\\\/efa1b8275797664fd7f13a79ccc0b1f4\"},\"headline\":\"\u201cLa dama tapada\u201d lleva a las Dulces Sue\u00f1os a producir \u201cNi\u00f1o rico\u201d; Diana Gardeneira, alumnus, integra el grupo\",\"datePublished\":\"2023-10-26T19:22:00+00:00\",\"dateModified\":\"2024-07-04T16:20:34+00:00\",\"mainEntityOfPage\":{\"@id\":\"https:\\\/\\\/www.uartes.edu.ec\\\/sitio\\\/en\\\/blog\\\/2023\\\/10\\\/26\\\/dulces-suenos-grupo-que-integra-alumnus-diana-gardeneira-lanza-videoclip-nino-rico\\\/\"},\"wordCount\":321,\"commentCount\":0,\"publisher\":{\"@id\":\"https:\\\/\\\/www.uartes.edu.ec\\\/sitio\\\/en\\\/#organization\"},\"image\":{\"@id\":\"https:\\\/\\\/www.uartes.edu.ec\\\/sitio\\\/en\\\/blog\\\/2023\\\/10\\\/26\\\/dulces-suenos-grupo-que-integra-alumnus-diana-gardeneira-lanza-videoclip-nino-rico\\\/#primaryimage\"},\"thumbnailUrl\":\"https:\\\/\\\/www.uartes.edu.ec\\\/sitio\\\/wp-content\\\/uploads\\\/2023\\\/11\\\/Garde.jpg\",\"keywords\":[\"producci\u00f3n\"],\"articleSection\":[\"Alumni\",\"Artes\"],\"inLanguage\":\"en-US\",\"potentialAction\":[{\"@type\":\"CommentAction\",\"name\":\"Comment\",\"target\":[\"https:\\\/\\\/www.uartes.edu.ec\\\/sitio\\\/en\\\/blog\\\/2023\\\/10\\\/26\\\/dulces-suenos-grupo-que-integra-alumnus-diana-gardeneira-lanza-videoclip-nino-rico\\\/#respond\"]}]},{\"@type\":[\"WebPage\",\"ItemPage\"],\"@id\":\"https:\\\/\\\/www.uartes.edu.ec\\\/sitio\\\/en\\\/blog\\\/2023\\\/10\\\/26\\\/dulces-suenos-grupo-que-integra-alumnus-diana-gardeneira-lanza-videoclip-nino-rico\\\/\",\"url\":\"https:\\\/\\\/www.uartes.edu.ec\\\/sitio\\\/en\\\/blog\\\/2023\\\/10\\\/26\\\/dulces-suenos-grupo-que-integra-alumnus-diana-gardeneira-lanza-videoclip-nino-rico\\\/\",\"name\":\"Universidad de las Artes - \u201cLa dama tapada\u201d lleva a las Dulces Sue\u00f1os a producir \u201cNi\u00f1o rico\u201d; Diana Gardeneira, alumnus, integra el grupo\",\"isPartOf\":{\"@id\":\"https:\\\/\\\/www.uartes.edu.ec\\\/sitio\\\/en\\\/#website\"},\"primaryImageOfPage\":{\"@id\":\"https:\\\/\\\/www.uartes.edu.ec\\\/sitio\\\/en\\\/blog\\\/2023\\\/10\\\/26\\\/dulces-suenos-grupo-que-integra-alumnus-diana-gardeneira-lanza-videoclip-nino-rico\\\/#primaryimage\"},\"image\":{\"@id\":\"https:\\\/\\\/www.uartes.edu.ec\\\/sitio\\\/en\\\/blog\\\/2023\\\/10\\\/26\\\/dulces-suenos-grupo-que-integra-alumnus-diana-gardeneira-lanza-videoclip-nino-rico\\\/#primaryimage\"},\"thumbnailUrl\":\"https:\\\/\\\/www.uartes.edu.ec\\\/sitio\\\/wp-content\\\/uploads\\\/2023\\\/11\\\/Garde.jpg\",\"datePublished\":\"2023-10-26T19:22:00+00:00\",\"dateModified\":\"2024-07-04T16:20:34+00:00\",\"description\":\"Universidad de las Artes - \u201cLa dama tapada\u201d lleva a las Dulces Sue\u00f1os a producir \u201cNi\u00f1o rico\u201d; Diana Gardeneira, alumnus, integra el grupo\",\"breadcrumb\":{\"@id\":\"https:\\\/\\\/www.uartes.edu.ec\\\/sitio\\\/en\\\/blog\\\/2023\\\/10\\\/26\\\/dulces-suenos-grupo-que-integra-alumnus-diana-gardeneira-lanza-videoclip-nino-rico\\\/#breadcrumb\"},\"inLanguage\":\"en-US\",\"potentialAction\":[{\"@type\":\"ReadAction\",\"target\":[\"https:\\\/\\\/www.uartes.edu.ec\\\/sitio\\\/en\\\/blog\\\/2023\\\/10\\\/26\\\/dulces-suenos-grupo-que-integra-alumnus-diana-gardeneira-lanza-videoclip-nino-rico\\\/\"]}]},{\"@type\":\"ImageObject\",\"inLanguage\":\"en-US\",\"@id\":\"https:\\\/\\\/www.uartes.edu.ec\\\/sitio\\\/en\\\/blog\\\/2023\\\/10\\\/26\\\/dulces-suenos-grupo-que-integra-alumnus-diana-gardeneira-lanza-videoclip-nino-rico\\\/#primaryimage\",\"url\":\"https:\\\/\\\/www.uartes.edu.ec\\\/sitio\\\/wp-content\\\/uploads\\\/2023\\\/11\\\/Garde.jpg\",\"contentUrl\":\"https:\\\/\\\/www.uartes.edu.ec\\\/sitio\\\/wp-content\\\/uploads\\\/2023\\\/11\\\/Garde.jpg\",\"width\":2000,\"height\":1333},{\"@type\":\"BreadcrumbList\",\"@id\":\"https:\\\/\\\/www.uartes.edu.ec\\\/sitio\\\/en\\\/blog\\\/2023\\\/10\\\/26\\\/dulces-suenos-grupo-que-integra-alumnus-diana-gardeneira-lanza-videoclip-nino-rico\\\/#breadcrumb\",\"itemListElement\":[{\"@type\":\"ListItem\",\"position\":1,\"name\":\"Inicio\",\"item\":\"https:\\\/\\\/www.uartes.edu.ec\\\/sitio\\\/\"},{\"@type\":\"ListItem\",\"position\":2,\"name\":\"\u201cLa dama tapada\u201d lleva a las Dulces Sue\u00f1os a producir \u201cNi\u00f1o rico\u201d; Diana Gardeneira, alumnus, integra el grupo\"}]},{\"@type\":\"WebSite\",\"@id\":\"https:\\\/\\\/www.uartes.edu.ec\\\/sitio\\\/en\\\/#website\",\"url\":\"https:\\\/\\\/www.uartes.edu.ec\\\/sitio\\\/en\\\/\",\"name\":\"Universidad de las Artes\",\"description\":\"Sitio oficial de la Universidad Nacional de las Artes del Ecuador\",\"publisher\":{\"@id\":\"https:\\\/\\\/www.uartes.edu.ec\\\/sitio\\\/en\\\/#organization\"},\"potentialAction\":[{\"@type\":\"SearchAction\",\"target\":{\"@type\":\"EntryPoint\",\"urlTemplate\":\"https:\\\/\\\/www.uartes.edu.ec\\\/sitio\\\/en\\\/?s={search_term_string}\"},\"query-input\":{\"@type\":\"PropertyValueSpecification\",\"valueRequired\":true,\"valueName\":\"search_term_string\"}}],\"inLanguage\":\"en-US\"},{\"@type\":\"Organization\",\"@id\":\"https:\\\/\\\/www.uartes.edu.ec\\\/sitio\\\/en\\\/#organization\",\"name\":\"Universidad de las Artes\",\"url\":\"https:\\\/\\\/www.uartes.edu.ec\\\/sitio\\\/en\\\/\",\"logo\":{\"@type\":\"ImageObject\",\"inLanguage\":\"en-US\",\"@id\":\"https:\\\/\\\/www.uartes.edu.ec\\\/sitio\\\/en\\\/#\\\/schema\\\/logo\\\/image\\\/\",\"url\":\"https:\\\/\\\/www.uartes.edu.ec\\\/sitio\\\/wp-content\\\/uploads\\\/2022\\\/07\\\/logo-ua-horizontal.png\",\"contentUrl\":\"https:\\\/\\\/www.uartes.edu.ec\\\/sitio\\\/wp-content\\\/uploads\\\/2022\\\/07\\\/logo-ua-horizontal.png\",\"width\":800,\"height\":276,\"caption\":\"Universidad de las Artes\"},\"image\":{\"@id\":\"https:\\\/\\\/www.uartes.edu.ec\\\/sitio\\\/en\\\/#\\\/schema\\\/logo\\\/image\\\/\"},\"sameAs\":[\"https:\\\/\\\/www.facebook.com\\\/uartesec\",\"https:\\\/\\\/x.com\\\/uartesec\",\"https:\\\/\\\/www.tiktok.com\\\/@uartesec\"]},{\"@type\":\"Person\",\"@id\":\"https:\\\/\\\/www.uartes.edu.ec\\\/sitio\\\/en\\\/#\\\/schema\\\/person\\\/efa1b8275797664fd7f13a79ccc0b1f4\",\"name\":\"ccortez\",\"image\":{\"@type\":\"ImageObject\",\"inLanguage\":\"en-US\",\"@id\":\"https:\\\/\\\/secure.gravatar.com\\\/avatar\\\/b2a6f664a3ae8e074346ef91775736c5ec479e637ecced6842de9dc98b5da9cd?s=96&d=mm&r=g\",\"url\":\"https:\\\/\\\/secure.gravatar.com\\\/avatar\\\/b2a6f664a3ae8e074346ef91775736c5ec479e637ecced6842de9dc98b5da9cd?s=96&d=mm&r=g\",\"contentUrl\":\"https:\\\/\\\/secure.gravatar.com\\\/avatar\\\/b2a6f664a3ae8e074346ef91775736c5ec479e637ecced6842de9dc98b5da9cd?s=96&d=mm&r=g\",\"caption\":\"ccortez\"},\"url\":\"https:\\\/\\\/www.uartes.edu.ec\\\/sitio\\\/en\\\/blog\\\/author\\\/ccortez\\\/\"}]}<\/script>\n<!-- \/ Yoast SEO plugin. -->","yoast_head_json":{"title":"Universidad de las Artes - \u201cLa dama tapada\u201d lleva a las Dulces Sue\u00f1os a producir \u201cNi\u00f1o rico\u201d; Diana Gardeneira, alumnus, integra el grupo","description":"Universidad de las Artes - \u201cLa dama tapada\u201d lleva a las Dulces Sue\u00f1os a producir \u201cNi\u00f1o rico\u201d; Diana Gardeneira, alumnus, integra el grupo","robots":{"index":"index","follow":"follow","max-snippet":"max-snippet:-1","max-image-preview":"max-image-preview:large","max-video-preview":"max-video-preview:-1"},"canonical":"https:\/\/www.uartes.edu.ec\/sitio\/en\/blog\/2023\/10\/26\/dulces-suenos-grupo-que-integra-alumnus-diana-gardeneira-lanza-videoclip-nino-rico\/","og_locale":"en_US","og_type":"article","og_title":"Universidad de las Artes - \u201cLa dama tapada\u201d lleva a las Dulces Sue\u00f1os a producir \u201cNi\u00f1o rico\u201d; Diana Gardeneira, alumnus, integra el grupo","og_description":"Universidad de las Artes - \u201cLa dama tapada\u201d lleva a las Dulces Sue\u00f1os a producir \u201cNi\u00f1o rico\u201d; Diana Gardeneira, alumnus, integra el grupo","og_url":"https:\/\/www.uartes.edu.ec\/sitio\/en\/blog\/2023\/10\/26\/dulces-suenos-grupo-que-integra-alumnus-diana-gardeneira-lanza-videoclip-nino-rico\/","og_site_name":"Universidad de las Artes","article_publisher":"https:\/\/www.facebook.com\/uartesec","article_published_time":"2023-10-26T19:22:00+00:00","article_modified_time":"2024-07-04T16:20:34+00:00","og_image":[{"width":2000,"height":1333,"url":"https:\/\/www.uartes.edu.ec\/sitio\/wp-content\/uploads\/2023\/11\/Garde.jpg","type":"image\/jpeg"}],"author":"ccortez","twitter_card":"summary_large_image","twitter_creator":"@uartesec","twitter_site":"@uartesec","twitter_misc":{"Written by":"ccortez","Est. reading time":"2 minutes"},"schema":{"@context":"https:\/\/schema.org","@graph":[{"@type":"Article","@id":"https:\/\/www.uartes.edu.ec\/sitio\/en\/blog\/2023\/10\/26\/dulces-suenos-grupo-que-integra-alumnus-diana-gardeneira-lanza-videoclip-nino-rico\/#article","isPartOf":{"@id":"https:\/\/www.uartes.edu.ec\/sitio\/en\/blog\/2023\/10\/26\/dulces-suenos-grupo-que-integra-alumnus-diana-gardeneira-lanza-videoclip-nino-rico\/"},"author":{"name":"ccortez","@id":"https:\/\/www.uartes.edu.ec\/sitio\/en\/#\/schema\/person\/efa1b8275797664fd7f13a79ccc0b1f4"},"headline":"\u201cLa dama tapada\u201d lleva a las Dulces Sue\u00f1os a producir \u201cNi\u00f1o rico\u201d; Diana Gardeneira, alumnus, integra el grupo","datePublished":"2023-10-26T19:22:00+00:00","dateModified":"2024-07-04T16:20:34+00:00","mainEntityOfPage":{"@id":"https:\/\/www.uartes.edu.ec\/sitio\/en\/blog\/2023\/10\/26\/dulces-suenos-grupo-que-integra-alumnus-diana-gardeneira-lanza-videoclip-nino-rico\/"},"wordCount":321,"commentCount":0,"publisher":{"@id":"https:\/\/www.uartes.edu.ec\/sitio\/en\/#organization"},"image":{"@id":"https:\/\/www.uartes.edu.ec\/sitio\/en\/blog\/2023\/10\/26\/dulces-suenos-grupo-que-integra-alumnus-diana-gardeneira-lanza-videoclip-nino-rico\/#primaryimage"},"thumbnailUrl":"https:\/\/www.uartes.edu.ec\/sitio\/wp-content\/uploads\/2023\/11\/Garde.jpg","keywords":["producci\u00f3n"],"articleSection":["Alumni","Artes"],"inLanguage":"en-US","potentialAction":[{"@type":"CommentAction","name":"Comment","target":["https:\/\/www.uartes.edu.ec\/sitio\/en\/blog\/2023\/10\/26\/dulces-suenos-grupo-que-integra-alumnus-diana-gardeneira-lanza-videoclip-nino-rico\/#respond"]}]},{"@type":["WebPage","ItemPage"],"@id":"https:\/\/www.uartes.edu.ec\/sitio\/en\/blog\/2023\/10\/26\/dulces-suenos-grupo-que-integra-alumnus-diana-gardeneira-lanza-videoclip-nino-rico\/","url":"https:\/\/www.uartes.edu.ec\/sitio\/en\/blog\/2023\/10\/26\/dulces-suenos-grupo-que-integra-alumnus-diana-gardeneira-lanza-videoclip-nino-rico\/","name":"Universidad de las Artes - \u201cLa dama tapada\u201d lleva a las Dulces Sue\u00f1os a producir \u201cNi\u00f1o rico\u201d; Diana Gardeneira, alumnus, integra el grupo","isPartOf":{"@id":"https:\/\/www.uartes.edu.ec\/sitio\/en\/#website"},"primaryImageOfPage":{"@id":"https:\/\/www.uartes.edu.ec\/sitio\/en\/blog\/2023\/10\/26\/dulces-suenos-grupo-que-integra-alumnus-diana-gardeneira-lanza-videoclip-nino-rico\/#primaryimage"},"image":{"@id":"https:\/\/www.uartes.edu.ec\/sitio\/en\/blog\/2023\/10\/26\/dulces-suenos-grupo-que-integra-alumnus-diana-gardeneira-lanza-videoclip-nino-rico\/#primaryimage"},"thumbnailUrl":"https:\/\/www.uartes.edu.ec\/sitio\/wp-content\/uploads\/2023\/11\/Garde.jpg","datePublished":"2023-10-26T19:22:00+00:00","dateModified":"2024-07-04T16:20:34+00:00","description":"Universidad de las Artes - \u201cLa dama tapada\u201d lleva a las Dulces Sue\u00f1os a producir \u201cNi\u00f1o rico\u201d; Diana Gardeneira, alumnus, integra el grupo","breadcrumb":{"@id":"https:\/\/www.uartes.edu.ec\/sitio\/en\/blog\/2023\/10\/26\/dulces-suenos-grupo-que-integra-alumnus-diana-gardeneira-lanza-videoclip-nino-rico\/#breadcrumb"},"inLanguage":"en-US","potentialAction":[{"@type":"ReadAction","target":["https:\/\/www.uartes.edu.ec\/sitio\/en\/blog\/2023\/10\/26\/dulces-suenos-grupo-que-integra-alumnus-diana-gardeneira-lanza-videoclip-nino-rico\/"]}]},{"@type":"ImageObject","inLanguage":"en-US","@id":"https:\/\/www.uartes.edu.ec\/sitio\/en\/blog\/2023\/10\/26\/dulces-suenos-grupo-que-integra-alumnus-diana-gardeneira-lanza-videoclip-nino-rico\/#primaryimage","url":"https:\/\/www.uartes.edu.ec\/sitio\/wp-content\/uploads\/2023\/11\/Garde.jpg","contentUrl":"https:\/\/www.uartes.edu.ec\/sitio\/wp-content\/uploads\/2023\/11\/Garde.jpg","width":2000,"height":1333},{"@type":"BreadcrumbList","@id":"https:\/\/www.uartes.edu.ec\/sitio\/en\/blog\/2023\/10\/26\/dulces-suenos-grupo-que-integra-alumnus-diana-gardeneira-lanza-videoclip-nino-rico\/#breadcrumb","itemListElement":[{"@type":"ListItem","position":1,"name":"Inicio","item":"https:\/\/www.uartes.edu.ec\/sitio\/"},{"@type":"ListItem","position":2,"name":"\u201cLa dama tapada\u201d lleva a las Dulces Sue\u00f1os a producir \u201cNi\u00f1o rico\u201d; Diana Gardeneira, alumnus, integra el grupo"}]},{"@type":"WebSite","@id":"https:\/\/www.uartes.edu.ec\/sitio\/en\/#website","url":"https:\/\/www.uartes.edu.ec\/sitio\/en\/","name":"Universidad de las Artes","description":"Sitio oficial de la Universidad Nacional de las Artes del Ecuador","publisher":{"@id":"https:\/\/www.uartes.edu.ec\/sitio\/en\/#organization"},"potentialAction":[{"@type":"SearchAction","target":{"@type":"EntryPoint","urlTemplate":"https:\/\/www.uartes.edu.ec\/sitio\/en\/?s={search_term_string}"},"query-input":{"@type":"PropertyValueSpecification","valueRequired":true,"valueName":"search_term_string"}}],"inLanguage":"en-US"},{"@type":"Organization","@id":"https:\/\/www.uartes.edu.ec\/sitio\/en\/#organization","name":"Universidad de las Artes","url":"https:\/\/www.uartes.edu.ec\/sitio\/en\/","logo":{"@type":"ImageObject","inLanguage":"en-US","@id":"https:\/\/www.uartes.edu.ec\/sitio\/en\/#\/schema\/logo\/image\/","url":"https:\/\/www.uartes.edu.ec\/sitio\/wp-content\/uploads\/2022\/07\/logo-ua-horizontal.png","contentUrl":"https:\/\/www.uartes.edu.ec\/sitio\/wp-content\/uploads\/2022\/07\/logo-ua-horizontal.png","width":800,"height":276,"caption":"Universidad de las Artes"},"image":{"@id":"https:\/\/www.uartes.edu.ec\/sitio\/en\/#\/schema\/logo\/image\/"},"sameAs":["https:\/\/www.facebook.com\/uartesec","https:\/\/x.com\/uartesec","https:\/\/www.tiktok.com\/@uartesec"]},{"@type":"Person","@id":"https:\/\/www.uartes.edu.ec\/sitio\/en\/#\/schema\/person\/efa1b8275797664fd7f13a79ccc0b1f4","name":"ccortez","image":{"@type":"ImageObject","inLanguage":"en-US","@id":"https:\/\/secure.gravatar.com\/avatar\/b2a6f664a3ae8e074346ef91775736c5ec479e637ecced6842de9dc98b5da9cd?s=96&d=mm&r=g","url":"https:\/\/secure.gravatar.com\/avatar\/b2a6f664a3ae8e074346ef91775736c5ec479e637ecced6842de9dc98b5da9cd?s=96&d=mm&r=g","contentUrl":"https:\/\/secure.gravatar.com\/avatar\/b2a6f664a3ae8e074346ef91775736c5ec479e637ecced6842de9dc98b5da9cd?s=96&d=mm&r=g","caption":"ccortez"},"url":"https:\/\/www.uartes.edu.ec\/sitio\/en\/blog\/author\/ccortez\/"}]}},"uagb_featured_image_src":{"full":["https:\/\/www.uartes.edu.ec\/sitio\/wp-content\/uploads\/2023\/11\/Garde.jpg",2000,1333,false],"thumbnail":["https:\/\/www.uartes.edu.ec\/sitio\/wp-content\/uploads\/2023\/11\/Garde-150x150.jpg",150,150,true],"medium":["https:\/\/www.uartes.edu.ec\/sitio\/wp-content\/uploads\/2023\/11\/Garde-300x200.jpg",300,200,true],"medium_large":["https:\/\/www.uartes.edu.ec\/sitio\/wp-content\/uploads\/2023\/11\/Garde-768x512.jpg",768,512,true],"large":["https:\/\/www.uartes.edu.ec\/sitio\/wp-content\/uploads\/2023\/11\/Garde-644x429.jpg",644,429,true],"1536x1536":["https:\/\/www.uartes.edu.ec\/sitio\/wp-content\/uploads\/2023\/11\/Garde-1536x1024.jpg",1536,1024,true],"2048x2048":["https:\/\/www.uartes.edu.ec\/sitio\/wp-content\/uploads\/2023\/11\/Garde.jpg",2000,1333,false],"trp-custom-language-flag":["https:\/\/www.uartes.edu.ec\/sitio\/wp-content\/uploads\/2023\/11\/Garde.jpg",18,12,false],"htmega_size_585x295":["https:\/\/www.uartes.edu.ec\/sitio\/wp-content\/uploads\/2023\/11\/Garde-585x295.jpg",585,295,true],"htmega_size_1170x536":["https:\/\/www.uartes.edu.ec\/sitio\/wp-content\/uploads\/2023\/11\/Garde-1170x536.jpg",1170,536,true],"htmega_size_396x360":["https:\/\/www.uartes.edu.ec\/sitio\/wp-content\/uploads\/2023\/11\/Garde-396x360.jpg",396,360,true],"gb-block-post-grid-landscape":["https:\/\/www.uartes.edu.ec\/sitio\/wp-content\/uploads\/2023\/11\/Garde-600x400.jpg",600,400,true],"gb-block-post-grid-square":["https:\/\/www.uartes.edu.ec\/sitio\/wp-content\/uploads\/2023\/11\/Garde-600x600.jpg",600,600,true],"university-hub-thumb":["https:\/\/www.uartes.edu.ec\/sitio\/wp-content\/uploads\/2023\/11\/Garde-400x267.jpg",400,267,true],"mailpoet_newsletter_max":["https:\/\/www.uartes.edu.ec\/sitio\/wp-content\/uploads\/2023\/11\/Garde.jpg",1320,880,false]},"uagb_author_info":{"display_name":"ccortez","author_link":"https:\/\/www.uartes.edu.ec\/sitio\/en\/blog\/author\/ccortez\/"},"uagb_comment_info":0,"uagb_excerpt":"Desde su formaci\u00f3n en 2022, la agrupaci\u00f3n Dulces Sue\u00f1os ha estado contribuyendo a la escena cultural de la ciudad y ocupando espacios de representaci\u00f3n art\u00edstica femenina en todas sus manifestaciones. La integran artistas amigas, una de ellas la graduada UArtes Diana Gardeneira, y este 28 de octubre presentar\u00e1n un nuevo videoclip. Se trata de \u201cNi\u00f1o&hellip;","featured_image_src":"https:\/\/www.uartes.edu.ec\/sitio\/wp-content\/uploads\/2023\/11\/Garde-600x400.jpg","featured_image_src_square":"https:\/\/www.uartes.edu.ec\/sitio\/wp-content\/uploads\/2023\/11\/Garde-600x600.jpg","author_info":{"display_name":"ccortez","author_link":"https:\/\/www.uartes.edu.ec\/sitio\/en\/blog\/author\/ccortez\/"},"publishpress_future_workflow_manual_trigger":{"enabledWorkflows":[]},"distributor_meta":false,"distributor_terms":false,"distributor_media":false,"distributor_original_site_name":"Universidad de las Artes","distributor_original_site_url":"https:\/\/www.uartes.edu.ec\/sitio\/en","push-errors":false,"_links":{"self":[{"href":"https:\/\/www.uartes.edu.ec\/sitio\/en\/wp-json\/wp\/v2\/posts\/48020","targetHints":{"allow":["GET"]}}],"collection":[{"href":"https:\/\/www.uartes.edu.ec\/sitio\/en\/wp-json\/wp\/v2\/posts"}],"about":[{"href":"https:\/\/www.uartes.edu.ec\/sitio\/en\/wp-json\/wp\/v2\/types\/post"}],"author":[{"embeddable":true,"href":"https:\/\/www.uartes.edu.ec\/sitio\/en\/wp-json\/wp\/v2\/users\/10"}],"replies":[{"embeddable":true,"href":"https:\/\/www.uartes.edu.ec\/sitio\/en\/wp-json\/wp\/v2\/comments?post=48020"}],"version-history":[{"count":9,"href":"https:\/\/www.uartes.edu.ec\/sitio\/en\/wp-json\/wp\/v2\/posts\/48020\/revisions"}],"predecessor-version":[{"id":56941,"href":"https:\/\/www.uartes.edu.ec\/sitio\/en\/wp-json\/wp\/v2\/posts\/48020\/revisions\/56941"}],"wp:featuredmedia":[{"embeddable":true,"href":"https:\/\/www.uartes.edu.ec\/sitio\/en\/wp-json\/wp\/v2\/media\/48031"}],"wp:attachment":[{"href":"https:\/\/www.uartes.edu.ec\/sitio\/en\/wp-json\/wp\/v2\/media?parent=48020"}],"wp:term":[{"taxonomy":"category","embeddable":true,"href":"https:\/\/www.uartes.edu.ec\/sitio\/en\/wp-json\/wp\/v2\/categories?post=48020"},{"taxonomy":"post_tag","embeddable":true,"href":"https:\/\/www.uartes.edu.ec\/sitio\/en\/wp-json\/wp\/v2\/tags?post=48020"},{"taxonomy":"infouartes","embeddable":true,"href":"https:\/\/www.uartes.edu.ec\/sitio\/en\/wp-json\/wp\/v2\/infouartes?post=48020"}],"curies":[{"name":"wp","href":"https:\/\/api.w.org\/{rel}","templated":true}]}}