{"id":48137,"date":"2023-10-23T15:53:51","date_gmt":"2023-10-23T20:53:51","guid":{"rendered":"https:\/\/www.uartes.edu.ec\/sitio\/?p=48137"},"modified":"2024-07-04T11:20:34","modified_gmt":"2024-07-04T16:20:34","slug":"premio-publicaciones-infanto-juveniles-de-la-cce-para-maria-alejandra-zambrano-y-daniela-meythaler","status":"publish","type":"post","link":"https:\/\/www.uartes.edu.ec\/sitio\/en\/blog\/2023\/10\/23\/premio-publicaciones-infanto-juveniles-de-la-cce-para-maria-alejandra-zambrano-y-daniela-meythaler\/","title":{"rendered":"Premio publicaciones infanto-juveniles de CCE para libro \u00e1lbum de Alejandra Zambrano y Daniela Meythaler"},"content":{"rendered":"<p>La p\u00e9rdida de la memoria y los recuerdos se materializan en el libro \u00e1lbum, con t\u00edtulo tentativo \u201cAquiles y la tormenta\u201d, de Mar\u00eda Alejandra Zambrano y Daniela Meythaler. El balance entre ilustraci\u00f3n y texto, as\u00ed como el tratamiento del tema de la muerte y el espacio cultural montubio manabita para ni\u00f1os y ni\u00f1as, llevaron a la obra a hacerse acreedora del primer puesto del concurso de publicaciones infanto-juveniles de la Casa de la Cultura Ecuatoriana.<\/p>\n\n\n\n<p>En conversaci\u00f3n con Mar\u00eda Alejandra Zambrano, tambi\u00e9n directora de la Escuela de Literatura de la Universidad de las Artes, indica que esta ha sido su primera experiencia como ganadora de un concurso de escritura. Lo m\u00e1s gratificante, a\u00f1ade, es el hab\u00e9rsele sido otorgado el premio por ser la historia personal de su abuelo. \u201cUn abuelo que en sus \u00faltimos a\u00f1os vivi\u00f3 casi que postrado en una cama con Alzh\u00e9imer y yo pude ver el deterioro de su cuerpo y de su mente\u201d, remarca al tener en cuenta que, para una gran mayor\u00eda de ni\u00f1os y ni\u00f1as, su primer enfrentamiento con la muerte se da con la perdida de los abuelos.<\/p>\n\n\n\n<p>Una obra infantil debe estar conectada con procesos de mediaci\u00f3n lectora. El libro \u00e1lbum, g\u00e9nero al que pertenece la obra galardonada, da paso a una narrativa virtual y simb\u00f3lica que permite conversar y reflexionar en familia. \u201cEs duro como familia enfrentar el Alzheimer, donde uno de tus miembros vaya, de a poco, la memoria desvaneci\u00e9ndose por la p\u00e9rdida de los recuerdos. Es muy duro cuando los padres ya no reconocen a los hijos, mucho menos a los nietos. Esto podr\u00eda ayudar a los procesos familiares para que esto sea m\u00e1s llevadero\u201d.<\/p>\n\n\n\n<h3 class=\"wp-block-heading\">Historia se desarrolla en Manab\u00ed<\/h3>\n\n\n\n<p>Los acontecimientos de la historia se desarrollan en Manab\u00ed, de donde son oriundos Zambrano y su familia paterna. \u201cDefinitivamente no se ha visto un libro \u00e1lbum dedicado a esta parte del pa\u00eds. Se ha producido otros temas, pero no que se hable de esta regi\u00f3n\u201d, sostiene.<\/p>\n\n\n\n<p>Para la ilustradora Daniela Meythaler, la obra inici\u00f3 como un proyecto de pasant\u00eda. Zambrano describe el trabajar con Meythaler como \u201cun logro\u201d, enfatizando que la artista visual supo comprender la esencia de la historia. \u201cNo es literal sino es toda una interpretaci\u00f3n, s\u00faper simb\u00f3lico, es muy propio. Yo creo que la ilustradora tambi\u00e9n se apropi\u00f3 de la historia, pudo expresar y reinterpretar desde su forma de entender el mundo de su sensibilidad\u201d, dice Zambrano. El trabajo de ilustraci\u00f3n fue elaborado a base de acuarela, hecho a mano, pensando detalladamente en cada pincelada.<\/p>\n\n\n\n<p>La Casa de la Cultura Ecuatoriana se encargar\u00e1 de la difusi\u00f3n de la obra con una gira que empezar\u00e1 en Manab\u00ed, hecho importante para Zambrano, quien desea expandir los circuitos literarios mayormente situados en las ciudades principales del pa\u00eds, como Quito, Guayaquil y Cuenca. Adicionalmente, espera realizar actividades en relaci\u00f3n con el libro desde el campo.<\/p>\n\n\n\n<h3 class=\"wp-block-heading\">Publicar cada a\u00f1o un libro para ni\u00f1os<\/h3>\n\n\n\n<p>A partir de la elaboraci\u00f3n de la obra y el logro alcanzado, Zambrano transmite su deseo para la Universidad de las Artes de publicar todos los a\u00f1os un libro de la colecci\u00f3n Infancias, \u201cdonde el g\u00e9nero podr\u00eda ir turn\u00e1ndose como poes\u00eda, cuento, libro \u00e1lbum, g\u00e9nero informativo, etc.\u201d. Este a\u00f1o se han publicado los trabajos literarios con el sello de la editorial UArtes: \u201cInstrucciones para leer el mundo\u201d de las autoras Daniela D\u00e1vila y Carmen Lup\u00e1ez y \u201cSo\u00f1ar y vivir la selva: poes\u00eda desde el Yasun\u00ed\u201d. Este \u00faltimo, del cual Zambrano destaca su aspecto colectivo y colaborativo, ser\u00e1 presentado el d\u00eda mi\u00e9rcoles 8 de noviembre en Libre Libro.<\/p>\n\n\n\n<p>\u201cLa universidad tambi\u00e9n puede promover este tipo de literatura a los estudiantes de Literatura. Si es que los j\u00f3venes de chiquitos no est\u00e1n leyendo, dif\u00edcilmente les va a llegar el inter\u00e9s a los 16 a\u00f1os por la literatura, ni tampoco el deseo de venir a estudiar a la UArtes\u201d, manifiesta sobre el adquirir inter\u00e9s y curiosidad desde la infancia por la lectura.<\/p>\n\n\n\n<p>Importante es la falta de pol\u00edtica p\u00fablica sobre mediaci\u00f3n lectora, un plan nacional de lectura, buena literatura infantil de calidad, bibliotecas comunitarias y centros infantiles en barriales que permitan el acceso a la compra y\/o pr\u00e9stamo de libros. Estos sistemas y redes, acota Zambrano, promover\u00edan la transformaci\u00f3n de poder entenderse a uno mismo en relaci\u00f3n con la sociedad, con otras personas, imaginar otros futuros que son posibles gracias a la lectura y escritura. \u201cYo por eso me apunto tanto y tan a favor de la literatura infantil porque yo creo que all\u00ed hay que intervenir de una manera para la transformaci\u00f3n social\u201d, expresa la escritora.<\/p>\n\n\n\n<h3 class=\"wp-block-heading\">Literatura infantil no es menor<\/h3>\n\n\n\n<p>Rechaza el pensar de la literatura infantil como una \u201cliteratura menor\u201d, destacando la responsabilidad que significa el comunicar y ense\u00f1ar a los ni\u00f1os. \u201cA veces uno escribe cualquier cosa y porque est\u00e1 hablando en diminutivo o hablando de cosas sencillas eso ya les llega a los ni\u00f1os. Los ni\u00f1os son muy inteligentes, los despreciamos por sus comentarios y por su inteligencia y no deber\u00eda ser as\u00ed\u201d, recalca.<\/p>\n\n\n\n<p>La directora de la Escuela de Literatura considera la lectura en forma de c\u00f3mic y\/o novela gr\u00e1fica como una alternativa interesante para ni\u00f1os que no muestren inter\u00e9s en leer textos extensos. Comparte la experiencia de su hijo de 10 a\u00f1os, quien recibi\u00f3 un c\u00f3mic de un autor de Malasia. \u201cLo ley\u00f3 en dos noches. Volv\u00eda, pasaba la p\u00e1gina, la regresaba y lo volv\u00eda a leer. Estaba hablando de un contexto cultural muy amplio, pero que un ni\u00f1o de 10 a\u00f1os en Ecuador pueda conectar con un ni\u00f1o literario en Malasia hay una cuesti\u00f3n de infancia que va m\u00e1s all\u00e1 de barreras ling\u00fc\u00edsticas, religiosas.\u201d<\/p>\n\n\n\n<p>Zambrano espera que la Casa de la Cultura Ecuatoriana contin\u00fae otorgando oportunidades a escritores de esta l\u00ednea. Actualmente, se encuentra trabajando junto a dos colegas, un ilustrador y un ec\u00f3logo, en un libro informativo de divulgaci\u00f3n cient\u00edfica sobre el jaguar y la Amazon\u00eda. Afirma que su pasi\u00f3n por la biolog\u00eda, las plantas y la ciencia en general la impulsaron a tomar el reto.<\/p>\n\n\n\n<p>Cobertura: Michael Medina\/Edici\u00f3n: Daniella Vera, estudiantes de la Escuela de Literatura.<\/p>","protected":false},"excerpt":{"rendered":"<p>La p\u00e9rdida de la memoria y los recuerdos se materializan en el libro \u00e1lbum, con t\u00edtulo tentativo \u201cAquiles y la tormenta\u201d, de Mar\u00eda Alejandra Zambrano y Daniela Meythaler. El balance entre ilustraci\u00f3n y texto, as\u00ed como el tratamiento del tema de la muerte y el espacio cultural montubio manabita para ni\u00f1os y ni\u00f1as, llevaron a la obra a ganar el concurso de publicaciones infanto-juveniles de la CCE.<\/p>","protected":false},"author":10,"featured_media":48138,"comment_status":"open","ping_status":"open","sticky":false,"template":"","format":"standard","meta":{"_acf_changed":false,"_uag_custom_page_level_css":"","_monsterinsights_skip_tracking":false,"_monsterinsights_sitenote_active":false,"_monsterinsights_sitenote_note":"","_monsterinsights_sitenote_category":0,"cybocfi_hide_featured_image":"","footnotes":""},"categories":[80,82,75,77,175],"tags":[527],"infouartes":[],"class_list":["post-48137","post","type-post","status-publish","format-standard","has-post-thumbnail","hentry","category-academico","category-artes","category-docentes","category-gestion","category-literatura","tag-publicacion"],"acf":[],"yoast_head":"<!-- This site is optimized with the Yoast SEO plugin v27.4 - https:\/\/yoast.com\/product\/yoast-seo-wordpress\/ -->\n<title>Universidad de las Artes - Premio publicaciones infanto-juveniles de CCE para libro \u00e1lbum de Alejandra Zambrano y Daniela Meythaler<\/title>\n<meta name=\"description\" content=\"Universidad de las Artes - Premio publicaciones infanto-juveniles de CCE para libro \u00e1lbum de Alejandra Zambrano y Daniela Meythaler\" \/>\n<meta name=\"robots\" content=\"index, follow, max-snippet:-1, max-image-preview:large, max-video-preview:-1\" \/>\n<link rel=\"canonical\" href=\"https:\/\/www.uartes.edu.ec\/sitio\/en\/blog\/2023\/10\/23\/premio-publicaciones-infanto-juveniles-de-la-cce-para-maria-alejandra-zambrano-y-daniela-meythaler\/\" \/>\n<meta property=\"og:locale\" content=\"en_US\" \/>\n<meta property=\"og:type\" content=\"article\" \/>\n<meta property=\"og:title\" content=\"Universidad de las Artes - Premio publicaciones infanto-juveniles de CCE para libro \u00e1lbum de Alejandra Zambrano y Daniela Meythaler\" \/>\n<meta property=\"og:description\" content=\"Universidad de las Artes - Premio publicaciones infanto-juveniles de CCE para libro \u00e1lbum de Alejandra Zambrano y Daniela Meythaler\" \/>\n<meta property=\"og:url\" content=\"https:\/\/www.uartes.edu.ec\/sitio\/en\/blog\/2023\/10\/23\/premio-publicaciones-infanto-juveniles-de-la-cce-para-maria-alejandra-zambrano-y-daniela-meythaler\/\" \/>\n<meta property=\"og:site_name\" content=\"Universidad de las Artes\" \/>\n<meta property=\"article:publisher\" content=\"https:\/\/www.facebook.com\/uartesec\" \/>\n<meta property=\"article:published_time\" content=\"2023-10-23T20:53:51+00:00\" \/>\n<meta property=\"article:modified_time\" content=\"2024-07-04T16:20:34+00:00\" \/>\n<meta property=\"og:image\" content=\"https:\/\/www.uartes.edu.ec\/sitio\/wp-content\/uploads\/2023\/11\/ALEJANDRA-ZAMBRANO.jpg\" \/>\n\t<meta property=\"og:image:width\" content=\"2000\" \/>\n\t<meta property=\"og:image:height\" content=\"1333\" \/>\n\t<meta property=\"og:image:type\" content=\"image\/jpeg\" \/>\n<meta name=\"author\" content=\"ccortez\" \/>\n<meta name=\"twitter:card\" content=\"summary_large_image\" \/>\n<meta name=\"twitter:creator\" content=\"@uartesec\" \/>\n<meta name=\"twitter:site\" content=\"@uartesec\" \/>\n<meta name=\"twitter:label1\" content=\"Written by\" \/>\n\t<meta name=\"twitter:data1\" content=\"ccortez\" \/>\n\t<meta name=\"twitter:label2\" content=\"Est. reading time\" \/>\n\t<meta name=\"twitter:data2\" content=\"5 minutes\" \/>\n<script type=\"application\/ld+json\" class=\"yoast-schema-graph\">{\"@context\":\"https:\\\/\\\/schema.org\",\"@graph\":[{\"@type\":\"Article\",\"@id\":\"https:\\\/\\\/www.uartes.edu.ec\\\/sitio\\\/en\\\/blog\\\/2023\\\/10\\\/23\\\/premio-publicaciones-infanto-juveniles-de-la-cce-para-maria-alejandra-zambrano-y-daniela-meythaler\\\/#article\",\"isPartOf\":{\"@id\":\"https:\\\/\\\/www.uartes.edu.ec\\\/sitio\\\/en\\\/blog\\\/2023\\\/10\\\/23\\\/premio-publicaciones-infanto-juveniles-de-la-cce-para-maria-alejandra-zambrano-y-daniela-meythaler\\\/\"},\"author\":{\"name\":\"ccortez\",\"@id\":\"https:\\\/\\\/www.uartes.edu.ec\\\/sitio\\\/en\\\/#\\\/schema\\\/person\\\/efa1b8275797664fd7f13a79ccc0b1f4\"},\"headline\":\"Premio publicaciones infanto-juveniles de CCE para libro \u00e1lbum de Alejandra Zambrano y Daniela Meythaler\",\"datePublished\":\"2023-10-23T20:53:51+00:00\",\"dateModified\":\"2024-07-04T16:20:34+00:00\",\"mainEntityOfPage\":{\"@id\":\"https:\\\/\\\/www.uartes.edu.ec\\\/sitio\\\/en\\\/blog\\\/2023\\\/10\\\/23\\\/premio-publicaciones-infanto-juveniles-de-la-cce-para-maria-alejandra-zambrano-y-daniela-meythaler\\\/\"},\"wordCount\":1114,\"commentCount\":0,\"publisher\":{\"@id\":\"https:\\\/\\\/www.uartes.edu.ec\\\/sitio\\\/en\\\/#organization\"},\"image\":{\"@id\":\"https:\\\/\\\/www.uartes.edu.ec\\\/sitio\\\/en\\\/blog\\\/2023\\\/10\\\/23\\\/premio-publicaciones-infanto-juveniles-de-la-cce-para-maria-alejandra-zambrano-y-daniela-meythaler\\\/#primaryimage\"},\"thumbnailUrl\":\"https:\\\/\\\/www.uartes.edu.ec\\\/sitio\\\/wp-content\\\/uploads\\\/2023\\\/11\\\/ALEJANDRA-ZAMBRANO.jpg\",\"keywords\":[\"publicaci\u00f3n\"],\"articleSection\":[\"Acad\u00e9mico\",\"Artes\",\"Docentes\",\"Gesti\u00f3n\",\"Literatura\"],\"inLanguage\":\"en-US\",\"potentialAction\":[{\"@type\":\"CommentAction\",\"name\":\"Comment\",\"target\":[\"https:\\\/\\\/www.uartes.edu.ec\\\/sitio\\\/en\\\/blog\\\/2023\\\/10\\\/23\\\/premio-publicaciones-infanto-juveniles-de-la-cce-para-maria-alejandra-zambrano-y-daniela-meythaler\\\/#respond\"]}]},{\"@type\":[\"WebPage\",\"ItemPage\"],\"@id\":\"https:\\\/\\\/www.uartes.edu.ec\\\/sitio\\\/en\\\/blog\\\/2023\\\/10\\\/23\\\/premio-publicaciones-infanto-juveniles-de-la-cce-para-maria-alejandra-zambrano-y-daniela-meythaler\\\/\",\"url\":\"https:\\\/\\\/www.uartes.edu.ec\\\/sitio\\\/en\\\/blog\\\/2023\\\/10\\\/23\\\/premio-publicaciones-infanto-juveniles-de-la-cce-para-maria-alejandra-zambrano-y-daniela-meythaler\\\/\",\"name\":\"Universidad de las Artes - Premio publicaciones infanto-juveniles de CCE para libro \u00e1lbum de Alejandra Zambrano y Daniela Meythaler\",\"isPartOf\":{\"@id\":\"https:\\\/\\\/www.uartes.edu.ec\\\/sitio\\\/en\\\/#website\"},\"primaryImageOfPage\":{\"@id\":\"https:\\\/\\\/www.uartes.edu.ec\\\/sitio\\\/en\\\/blog\\\/2023\\\/10\\\/23\\\/premio-publicaciones-infanto-juveniles-de-la-cce-para-maria-alejandra-zambrano-y-daniela-meythaler\\\/#primaryimage\"},\"image\":{\"@id\":\"https:\\\/\\\/www.uartes.edu.ec\\\/sitio\\\/en\\\/blog\\\/2023\\\/10\\\/23\\\/premio-publicaciones-infanto-juveniles-de-la-cce-para-maria-alejandra-zambrano-y-daniela-meythaler\\\/#primaryimage\"},\"thumbnailUrl\":\"https:\\\/\\\/www.uartes.edu.ec\\\/sitio\\\/wp-content\\\/uploads\\\/2023\\\/11\\\/ALEJANDRA-ZAMBRANO.jpg\",\"datePublished\":\"2023-10-23T20:53:51+00:00\",\"dateModified\":\"2024-07-04T16:20:34+00:00\",\"description\":\"Universidad de las Artes - Premio publicaciones infanto-juveniles de CCE para libro \u00e1lbum de Alejandra Zambrano y Daniela Meythaler\",\"breadcrumb\":{\"@id\":\"https:\\\/\\\/www.uartes.edu.ec\\\/sitio\\\/en\\\/blog\\\/2023\\\/10\\\/23\\\/premio-publicaciones-infanto-juveniles-de-la-cce-para-maria-alejandra-zambrano-y-daniela-meythaler\\\/#breadcrumb\"},\"inLanguage\":\"en-US\",\"potentialAction\":[{\"@type\":\"ReadAction\",\"target\":[\"https:\\\/\\\/www.uartes.edu.ec\\\/sitio\\\/en\\\/blog\\\/2023\\\/10\\\/23\\\/premio-publicaciones-infanto-juveniles-de-la-cce-para-maria-alejandra-zambrano-y-daniela-meythaler\\\/\"]}]},{\"@type\":\"ImageObject\",\"inLanguage\":\"en-US\",\"@id\":\"https:\\\/\\\/www.uartes.edu.ec\\\/sitio\\\/en\\\/blog\\\/2023\\\/10\\\/23\\\/premio-publicaciones-infanto-juveniles-de-la-cce-para-maria-alejandra-zambrano-y-daniela-meythaler\\\/#primaryimage\",\"url\":\"https:\\\/\\\/www.uartes.edu.ec\\\/sitio\\\/wp-content\\\/uploads\\\/2023\\\/11\\\/ALEJANDRA-ZAMBRANO.jpg\",\"contentUrl\":\"https:\\\/\\\/www.uartes.edu.ec\\\/sitio\\\/wp-content\\\/uploads\\\/2023\\\/11\\\/ALEJANDRA-ZAMBRANO.jpg\",\"width\":2000,\"height\":1333},{\"@type\":\"BreadcrumbList\",\"@id\":\"https:\\\/\\\/www.uartes.edu.ec\\\/sitio\\\/en\\\/blog\\\/2023\\\/10\\\/23\\\/premio-publicaciones-infanto-juveniles-de-la-cce-para-maria-alejandra-zambrano-y-daniela-meythaler\\\/#breadcrumb\",\"itemListElement\":[{\"@type\":\"ListItem\",\"position\":1,\"name\":\"Inicio\",\"item\":\"https:\\\/\\\/www.uartes.edu.ec\\\/sitio\\\/\"},{\"@type\":\"ListItem\",\"position\":2,\"name\":\"Premio publicaciones infanto-juveniles de CCE para libro \u00e1lbum de Alejandra Zambrano y Daniela Meythaler\"}]},{\"@type\":\"WebSite\",\"@id\":\"https:\\\/\\\/www.uartes.edu.ec\\\/sitio\\\/en\\\/#website\",\"url\":\"https:\\\/\\\/www.uartes.edu.ec\\\/sitio\\\/en\\\/\",\"name\":\"Universidad de las Artes\",\"description\":\"Sitio oficial de la Universidad Nacional de las Artes del Ecuador\",\"publisher\":{\"@id\":\"https:\\\/\\\/www.uartes.edu.ec\\\/sitio\\\/en\\\/#organization\"},\"potentialAction\":[{\"@type\":\"SearchAction\",\"target\":{\"@type\":\"EntryPoint\",\"urlTemplate\":\"https:\\\/\\\/www.uartes.edu.ec\\\/sitio\\\/en\\\/?s={search_term_string}\"},\"query-input\":{\"@type\":\"PropertyValueSpecification\",\"valueRequired\":true,\"valueName\":\"search_term_string\"}}],\"inLanguage\":\"en-US\"},{\"@type\":\"Organization\",\"@id\":\"https:\\\/\\\/www.uartes.edu.ec\\\/sitio\\\/en\\\/#organization\",\"name\":\"Universidad de las Artes\",\"url\":\"https:\\\/\\\/www.uartes.edu.ec\\\/sitio\\\/en\\\/\",\"logo\":{\"@type\":\"ImageObject\",\"inLanguage\":\"en-US\",\"@id\":\"https:\\\/\\\/www.uartes.edu.ec\\\/sitio\\\/en\\\/#\\\/schema\\\/logo\\\/image\\\/\",\"url\":\"https:\\\/\\\/www.uartes.edu.ec\\\/sitio\\\/wp-content\\\/uploads\\\/2022\\\/07\\\/logo-ua-horizontal.png\",\"contentUrl\":\"https:\\\/\\\/www.uartes.edu.ec\\\/sitio\\\/wp-content\\\/uploads\\\/2022\\\/07\\\/logo-ua-horizontal.png\",\"width\":800,\"height\":276,\"caption\":\"Universidad de las Artes\"},\"image\":{\"@id\":\"https:\\\/\\\/www.uartes.edu.ec\\\/sitio\\\/en\\\/#\\\/schema\\\/logo\\\/image\\\/\"},\"sameAs\":[\"https:\\\/\\\/www.facebook.com\\\/uartesec\",\"https:\\\/\\\/x.com\\\/uartesec\",\"https:\\\/\\\/www.tiktok.com\\\/@uartesec\"]},{\"@type\":\"Person\",\"@id\":\"https:\\\/\\\/www.uartes.edu.ec\\\/sitio\\\/en\\\/#\\\/schema\\\/person\\\/efa1b8275797664fd7f13a79ccc0b1f4\",\"name\":\"ccortez\",\"image\":{\"@type\":\"ImageObject\",\"inLanguage\":\"en-US\",\"@id\":\"https:\\\/\\\/secure.gravatar.com\\\/avatar\\\/b2a6f664a3ae8e074346ef91775736c5ec479e637ecced6842de9dc98b5da9cd?s=96&d=mm&r=g\",\"url\":\"https:\\\/\\\/secure.gravatar.com\\\/avatar\\\/b2a6f664a3ae8e074346ef91775736c5ec479e637ecced6842de9dc98b5da9cd?s=96&d=mm&r=g\",\"contentUrl\":\"https:\\\/\\\/secure.gravatar.com\\\/avatar\\\/b2a6f664a3ae8e074346ef91775736c5ec479e637ecced6842de9dc98b5da9cd?s=96&d=mm&r=g\",\"caption\":\"ccortez\"},\"url\":\"https:\\\/\\\/www.uartes.edu.ec\\\/sitio\\\/en\\\/blog\\\/author\\\/ccortez\\\/\"}]}<\/script>\n<!-- \/ Yoast SEO plugin. -->","yoast_head_json":{"title":"Universidad de las Artes - Premio publicaciones infanto-juveniles de CCE para libro \u00e1lbum de Alejandra Zambrano y Daniela Meythaler","description":"Universidad de las Artes - Premio publicaciones infanto-juveniles de CCE para libro \u00e1lbum de Alejandra Zambrano y Daniela Meythaler","robots":{"index":"index","follow":"follow","max-snippet":"max-snippet:-1","max-image-preview":"max-image-preview:large","max-video-preview":"max-video-preview:-1"},"canonical":"https:\/\/www.uartes.edu.ec\/sitio\/en\/blog\/2023\/10\/23\/premio-publicaciones-infanto-juveniles-de-la-cce-para-maria-alejandra-zambrano-y-daniela-meythaler\/","og_locale":"en_US","og_type":"article","og_title":"Universidad de las Artes - Premio publicaciones infanto-juveniles de CCE para libro \u00e1lbum de Alejandra Zambrano y Daniela Meythaler","og_description":"Universidad de las Artes - Premio publicaciones infanto-juveniles de CCE para libro \u00e1lbum de Alejandra Zambrano y Daniela Meythaler","og_url":"https:\/\/www.uartes.edu.ec\/sitio\/en\/blog\/2023\/10\/23\/premio-publicaciones-infanto-juveniles-de-la-cce-para-maria-alejandra-zambrano-y-daniela-meythaler\/","og_site_name":"Universidad de las Artes","article_publisher":"https:\/\/www.facebook.com\/uartesec","article_published_time":"2023-10-23T20:53:51+00:00","article_modified_time":"2024-07-04T16:20:34+00:00","og_image":[{"width":2000,"height":1333,"url":"https:\/\/www.uartes.edu.ec\/sitio\/wp-content\/uploads\/2023\/11\/ALEJANDRA-ZAMBRANO.jpg","type":"image\/jpeg"}],"author":"ccortez","twitter_card":"summary_large_image","twitter_creator":"@uartesec","twitter_site":"@uartesec","twitter_misc":{"Written by":"ccortez","Est. reading time":"5 minutes"},"schema":{"@context":"https:\/\/schema.org","@graph":[{"@type":"Article","@id":"https:\/\/www.uartes.edu.ec\/sitio\/en\/blog\/2023\/10\/23\/premio-publicaciones-infanto-juveniles-de-la-cce-para-maria-alejandra-zambrano-y-daniela-meythaler\/#article","isPartOf":{"@id":"https:\/\/www.uartes.edu.ec\/sitio\/en\/blog\/2023\/10\/23\/premio-publicaciones-infanto-juveniles-de-la-cce-para-maria-alejandra-zambrano-y-daniela-meythaler\/"},"author":{"name":"ccortez","@id":"https:\/\/www.uartes.edu.ec\/sitio\/en\/#\/schema\/person\/efa1b8275797664fd7f13a79ccc0b1f4"},"headline":"Premio publicaciones infanto-juveniles de CCE para libro \u00e1lbum de Alejandra Zambrano y Daniela Meythaler","datePublished":"2023-10-23T20:53:51+00:00","dateModified":"2024-07-04T16:20:34+00:00","mainEntityOfPage":{"@id":"https:\/\/www.uartes.edu.ec\/sitio\/en\/blog\/2023\/10\/23\/premio-publicaciones-infanto-juveniles-de-la-cce-para-maria-alejandra-zambrano-y-daniela-meythaler\/"},"wordCount":1114,"commentCount":0,"publisher":{"@id":"https:\/\/www.uartes.edu.ec\/sitio\/en\/#organization"},"image":{"@id":"https:\/\/www.uartes.edu.ec\/sitio\/en\/blog\/2023\/10\/23\/premio-publicaciones-infanto-juveniles-de-la-cce-para-maria-alejandra-zambrano-y-daniela-meythaler\/#primaryimage"},"thumbnailUrl":"https:\/\/www.uartes.edu.ec\/sitio\/wp-content\/uploads\/2023\/11\/ALEJANDRA-ZAMBRANO.jpg","keywords":["publicaci\u00f3n"],"articleSection":["Acad\u00e9mico","Artes","Docentes","Gesti\u00f3n","Literatura"],"inLanguage":"en-US","potentialAction":[{"@type":"CommentAction","name":"Comment","target":["https:\/\/www.uartes.edu.ec\/sitio\/en\/blog\/2023\/10\/23\/premio-publicaciones-infanto-juveniles-de-la-cce-para-maria-alejandra-zambrano-y-daniela-meythaler\/#respond"]}]},{"@type":["WebPage","ItemPage"],"@id":"https:\/\/www.uartes.edu.ec\/sitio\/en\/blog\/2023\/10\/23\/premio-publicaciones-infanto-juveniles-de-la-cce-para-maria-alejandra-zambrano-y-daniela-meythaler\/","url":"https:\/\/www.uartes.edu.ec\/sitio\/en\/blog\/2023\/10\/23\/premio-publicaciones-infanto-juveniles-de-la-cce-para-maria-alejandra-zambrano-y-daniela-meythaler\/","name":"Universidad de las Artes - Premio publicaciones infanto-juveniles de CCE para libro \u00e1lbum de Alejandra Zambrano y Daniela Meythaler","isPartOf":{"@id":"https:\/\/www.uartes.edu.ec\/sitio\/en\/#website"},"primaryImageOfPage":{"@id":"https:\/\/www.uartes.edu.ec\/sitio\/en\/blog\/2023\/10\/23\/premio-publicaciones-infanto-juveniles-de-la-cce-para-maria-alejandra-zambrano-y-daniela-meythaler\/#primaryimage"},"image":{"@id":"https:\/\/www.uartes.edu.ec\/sitio\/en\/blog\/2023\/10\/23\/premio-publicaciones-infanto-juveniles-de-la-cce-para-maria-alejandra-zambrano-y-daniela-meythaler\/#primaryimage"},"thumbnailUrl":"https:\/\/www.uartes.edu.ec\/sitio\/wp-content\/uploads\/2023\/11\/ALEJANDRA-ZAMBRANO.jpg","datePublished":"2023-10-23T20:53:51+00:00","dateModified":"2024-07-04T16:20:34+00:00","description":"Universidad de las Artes - Premio publicaciones infanto-juveniles de CCE para libro \u00e1lbum de Alejandra Zambrano y Daniela Meythaler","breadcrumb":{"@id":"https:\/\/www.uartes.edu.ec\/sitio\/en\/blog\/2023\/10\/23\/premio-publicaciones-infanto-juveniles-de-la-cce-para-maria-alejandra-zambrano-y-daniela-meythaler\/#breadcrumb"},"inLanguage":"en-US","potentialAction":[{"@type":"ReadAction","target":["https:\/\/www.uartes.edu.ec\/sitio\/en\/blog\/2023\/10\/23\/premio-publicaciones-infanto-juveniles-de-la-cce-para-maria-alejandra-zambrano-y-daniela-meythaler\/"]}]},{"@type":"ImageObject","inLanguage":"en-US","@id":"https:\/\/www.uartes.edu.ec\/sitio\/en\/blog\/2023\/10\/23\/premio-publicaciones-infanto-juveniles-de-la-cce-para-maria-alejandra-zambrano-y-daniela-meythaler\/#primaryimage","url":"https:\/\/www.uartes.edu.ec\/sitio\/wp-content\/uploads\/2023\/11\/ALEJANDRA-ZAMBRANO.jpg","contentUrl":"https:\/\/www.uartes.edu.ec\/sitio\/wp-content\/uploads\/2023\/11\/ALEJANDRA-ZAMBRANO.jpg","width":2000,"height":1333},{"@type":"BreadcrumbList","@id":"https:\/\/www.uartes.edu.ec\/sitio\/en\/blog\/2023\/10\/23\/premio-publicaciones-infanto-juveniles-de-la-cce-para-maria-alejandra-zambrano-y-daniela-meythaler\/#breadcrumb","itemListElement":[{"@type":"ListItem","position":1,"name":"Inicio","item":"https:\/\/www.uartes.edu.ec\/sitio\/"},{"@type":"ListItem","position":2,"name":"Premio publicaciones infanto-juveniles de CCE para libro \u00e1lbum de Alejandra Zambrano y Daniela Meythaler"}]},{"@type":"WebSite","@id":"https:\/\/www.uartes.edu.ec\/sitio\/en\/#website","url":"https:\/\/www.uartes.edu.ec\/sitio\/en\/","name":"Universidad de las Artes","description":"Sitio oficial de la Universidad Nacional de las Artes del Ecuador","publisher":{"@id":"https:\/\/www.uartes.edu.ec\/sitio\/en\/#organization"},"potentialAction":[{"@type":"SearchAction","target":{"@type":"EntryPoint","urlTemplate":"https:\/\/www.uartes.edu.ec\/sitio\/en\/?s={search_term_string}"},"query-input":{"@type":"PropertyValueSpecification","valueRequired":true,"valueName":"search_term_string"}}],"inLanguage":"en-US"},{"@type":"Organization","@id":"https:\/\/www.uartes.edu.ec\/sitio\/en\/#organization","name":"Universidad de las Artes","url":"https:\/\/www.uartes.edu.ec\/sitio\/en\/","logo":{"@type":"ImageObject","inLanguage":"en-US","@id":"https:\/\/www.uartes.edu.ec\/sitio\/en\/#\/schema\/logo\/image\/","url":"https:\/\/www.uartes.edu.ec\/sitio\/wp-content\/uploads\/2022\/07\/logo-ua-horizontal.png","contentUrl":"https:\/\/www.uartes.edu.ec\/sitio\/wp-content\/uploads\/2022\/07\/logo-ua-horizontal.png","width":800,"height":276,"caption":"Universidad de las Artes"},"image":{"@id":"https:\/\/www.uartes.edu.ec\/sitio\/en\/#\/schema\/logo\/image\/"},"sameAs":["https:\/\/www.facebook.com\/uartesec","https:\/\/x.com\/uartesec","https:\/\/www.tiktok.com\/@uartesec"]},{"@type":"Person","@id":"https:\/\/www.uartes.edu.ec\/sitio\/en\/#\/schema\/person\/efa1b8275797664fd7f13a79ccc0b1f4","name":"ccortez","image":{"@type":"ImageObject","inLanguage":"en-US","@id":"https:\/\/secure.gravatar.com\/avatar\/b2a6f664a3ae8e074346ef91775736c5ec479e637ecced6842de9dc98b5da9cd?s=96&d=mm&r=g","url":"https:\/\/secure.gravatar.com\/avatar\/b2a6f664a3ae8e074346ef91775736c5ec479e637ecced6842de9dc98b5da9cd?s=96&d=mm&r=g","contentUrl":"https:\/\/secure.gravatar.com\/avatar\/b2a6f664a3ae8e074346ef91775736c5ec479e637ecced6842de9dc98b5da9cd?s=96&d=mm&r=g","caption":"ccortez"},"url":"https:\/\/www.uartes.edu.ec\/sitio\/en\/blog\/author\/ccortez\/"}]}},"uagb_featured_image_src":{"full":["https:\/\/www.uartes.edu.ec\/sitio\/wp-content\/uploads\/2023\/11\/ALEJANDRA-ZAMBRANO.jpg",2000,1333,false],"thumbnail":["https:\/\/www.uartes.edu.ec\/sitio\/wp-content\/uploads\/2023\/11\/ALEJANDRA-ZAMBRANO-150x150.jpg",150,150,true],"medium":["https:\/\/www.uartes.edu.ec\/sitio\/wp-content\/uploads\/2023\/11\/ALEJANDRA-ZAMBRANO-300x200.jpg",300,200,true],"medium_large":["https:\/\/www.uartes.edu.ec\/sitio\/wp-content\/uploads\/2023\/11\/ALEJANDRA-ZAMBRANO-768x512.jpg",768,512,true],"large":["https:\/\/www.uartes.edu.ec\/sitio\/wp-content\/uploads\/2023\/11\/ALEJANDRA-ZAMBRANO-644x429.jpg",644,429,true],"1536x1536":["https:\/\/www.uartes.edu.ec\/sitio\/wp-content\/uploads\/2023\/11\/ALEJANDRA-ZAMBRANO-1536x1024.jpg",1536,1024,true],"2048x2048":["https:\/\/www.uartes.edu.ec\/sitio\/wp-content\/uploads\/2023\/11\/ALEJANDRA-ZAMBRANO.jpg",2000,1333,false],"trp-custom-language-flag":["https:\/\/www.uartes.edu.ec\/sitio\/wp-content\/uploads\/2023\/11\/ALEJANDRA-ZAMBRANO.jpg",18,12,false],"htmega_size_585x295":["https:\/\/www.uartes.edu.ec\/sitio\/wp-content\/uploads\/2023\/11\/ALEJANDRA-ZAMBRANO-585x295.jpg",585,295,true],"htmega_size_1170x536":["https:\/\/www.uartes.edu.ec\/sitio\/wp-content\/uploads\/2023\/11\/ALEJANDRA-ZAMBRANO-1170x536.jpg",1170,536,true],"htmega_size_396x360":["https:\/\/www.uartes.edu.ec\/sitio\/wp-content\/uploads\/2023\/11\/ALEJANDRA-ZAMBRANO-396x360.jpg",396,360,true],"gb-block-post-grid-landscape":["https:\/\/www.uartes.edu.ec\/sitio\/wp-content\/uploads\/2023\/11\/ALEJANDRA-ZAMBRANO-600x400.jpg",600,400,true],"gb-block-post-grid-square":["https:\/\/www.uartes.edu.ec\/sitio\/wp-content\/uploads\/2023\/11\/ALEJANDRA-ZAMBRANO-600x600.jpg",600,600,true],"university-hub-thumb":["https:\/\/www.uartes.edu.ec\/sitio\/wp-content\/uploads\/2023\/11\/ALEJANDRA-ZAMBRANO-400x267.jpg",400,267,true],"mailpoet_newsletter_max":["https:\/\/www.uartes.edu.ec\/sitio\/wp-content\/uploads\/2023\/11\/ALEJANDRA-ZAMBRANO.jpg",1320,880,false]},"uagb_author_info":{"display_name":"ccortez","author_link":"https:\/\/www.uartes.edu.ec\/sitio\/en\/blog\/author\/ccortez\/"},"uagb_comment_info":0,"uagb_excerpt":"La p\u00e9rdida de la memoria y los recuerdos se materializan en el libro \u00e1lbum, con t\u00edtulo tentativo \u201cAquiles y la tormenta\u201d, de Mar\u00eda Alejandra Zambrano y Daniela Meythaler. El balance entre ilustraci\u00f3n y texto, as\u00ed como el tratamiento del tema de la muerte y el espacio cultural montubio manabita para ni\u00f1os y ni\u00f1as, llevaron a&hellip;","featured_image_src":"https:\/\/www.uartes.edu.ec\/sitio\/wp-content\/uploads\/2023\/11\/ALEJANDRA-ZAMBRANO-600x400.jpg","featured_image_src_square":"https:\/\/www.uartes.edu.ec\/sitio\/wp-content\/uploads\/2023\/11\/ALEJANDRA-ZAMBRANO-600x600.jpg","author_info":{"display_name":"ccortez","author_link":"https:\/\/www.uartes.edu.ec\/sitio\/en\/blog\/author\/ccortez\/"},"publishpress_future_workflow_manual_trigger":{"enabledWorkflows":[]},"distributor_meta":false,"distributor_terms":false,"distributor_media":false,"distributor_original_site_name":"Universidad de las Artes","distributor_original_site_url":"https:\/\/www.uartes.edu.ec\/sitio\/en","push-errors":false,"_links":{"self":[{"href":"https:\/\/www.uartes.edu.ec\/sitio\/en\/wp-json\/wp\/v2\/posts\/48137","targetHints":{"allow":["GET"]}}],"collection":[{"href":"https:\/\/www.uartes.edu.ec\/sitio\/en\/wp-json\/wp\/v2\/posts"}],"about":[{"href":"https:\/\/www.uartes.edu.ec\/sitio\/en\/wp-json\/wp\/v2\/types\/post"}],"author":[{"embeddable":true,"href":"https:\/\/www.uartes.edu.ec\/sitio\/en\/wp-json\/wp\/v2\/users\/10"}],"replies":[{"embeddable":true,"href":"https:\/\/www.uartes.edu.ec\/sitio\/en\/wp-json\/wp\/v2\/comments?post=48137"}],"version-history":[{"count":6,"href":"https:\/\/www.uartes.edu.ec\/sitio\/en\/wp-json\/wp\/v2\/posts\/48137\/revisions"}],"predecessor-version":[{"id":56945,"href":"https:\/\/www.uartes.edu.ec\/sitio\/en\/wp-json\/wp\/v2\/posts\/48137\/revisions\/56945"}],"wp:featuredmedia":[{"embeddable":true,"href":"https:\/\/www.uartes.edu.ec\/sitio\/en\/wp-json\/wp\/v2\/media\/48138"}],"wp:attachment":[{"href":"https:\/\/www.uartes.edu.ec\/sitio\/en\/wp-json\/wp\/v2\/media?parent=48137"}],"wp:term":[{"taxonomy":"category","embeddable":true,"href":"https:\/\/www.uartes.edu.ec\/sitio\/en\/wp-json\/wp\/v2\/categories?post=48137"},{"taxonomy":"post_tag","embeddable":true,"href":"https:\/\/www.uartes.edu.ec\/sitio\/en\/wp-json\/wp\/v2\/tags?post=48137"},{"taxonomy":"infouartes","embeddable":true,"href":"https:\/\/www.uartes.edu.ec\/sitio\/en\/wp-json\/wp\/v2\/infouartes?post=48137"}],"curies":[{"name":"wp","href":"https:\/\/api.w.org\/{rel}","templated":true}]}}