{"id":48202,"date":"2023-11-09T15:22:51","date_gmt":"2023-11-09T20:22:51","guid":{"rendered":"https:\/\/www.uartes.edu.ec\/sitio\/?p=48202"},"modified":"2024-07-04T11:20:31","modified_gmt":"2024-07-04T16:20:31","slug":"talleres-y-conversatorio-por-los-10-anos-de-la-uartes-abrieron-la-ix-edicion-de-libre-libro","status":"publish","type":"post","link":"https:\/\/www.uartes.edu.ec\/sitio\/en\/blog\/2023\/11\/09\/talleres-y-conversatorio-por-los-10-anos-de-la-uartes-abrieron-la-ix-edicion-de-libre-libro\/","title":{"rendered":"Talleres y conversatorio por los 10 a\u00f1os de la UArtes abrieron la novena edici\u00f3n de Libre Libro y su feria"},"content":{"rendered":"<p>Detr\u00e1s de cada libro hay una comunidad, un conjunto de sinergias, interdependencias, reciprocidades, puentes y dispositivos que se activan gracias a quienes los exploran y propician. La docente Camila Corral, de la Escuela de Literatura de la Universidad de las Artes, inici\u00f3 as\u00ed \u2013la tarde de este mi\u00e9rcoles 8 de noviembre\u2013 el acto inaugural de la IX edici\u00f3n de Libre Libro, el encuentro de editoriales independientes y feria de publicaciones 2023.<\/p>\n\n\n\n<p>Tuvo lugar en la Plaza P\u00fablica del MZ14 Centro de Producci\u00f3n e Innovaci\u00f3n UArtes, donde se encuentran instalados los stands de la feria de Libre Libro y donde se desarrollar\u00e1n la mayor\u00eda de las actividades de la cita. La primera jornada abri\u00f3 por la ma\u00f1ana con talleres y el conversatorio \u201c10 a\u00f1os de la UArtes: Construyendo comunidades lectoras\u201d, en el que participaron Miguel \u00c1ngel Pincay, Bel\u00e9n Varela, Olmedo Guerra, Zully Ord\u00f3\u00f1ez y Nicol\u00e1s Goussas; como moderadora Mar\u00eda Alejandra Zambrano, directora de la Escuela de Literatura.<\/p>\n\n\n\n<p>Hubo tambi\u00e9n la charla \u201cEl libro como proceso pol\u00edtico\u201d, con las editoriales Kikuyo, Godot, Recodo, Desde Abajo y M\u00e1quina P\u00farpura, y la moderaci\u00f3n de Camila Corral. Seguidamente, en la Sala de Experimentaci\u00f3n Sonora, el di\u00e1logo \u201cDavid Ledesma, la inmensa soledad del mundo. Lectura dramatizada de textos l\u00edricos, a prop\u00f3sito de los 70 a\u00f1os de la publicaci\u00f3n de <em>Cristal<\/em>\u201d; intervinieron Luisa Castellano, Robinson Espinoza, Mar\u00eda Fernanda Fajardo, Geovanna Goyes, Mell Hungr\u00eda, Juan Mart\u00edn Vargas, Jos\u00e9 Mej\u00eda y Kenneth Arteaga; y la docente y escritora Cecilia Velasco como moderadora.<\/p>\n\n\n<div class=\"wp-block-image\">\n<figure class=\"aligncenter size-large\"><img fetchpriority=\"high\" decoding=\"async\" width=\"644\" height=\"429\" src=\"https:\/\/www.uartes.edu.ec\/sitio\/wp-content\/uploads\/2023\/11\/20-LIBRE-LIBRO-2023-644x429.jpg\" alt=\"\" class=\"wp-image-48208\" srcset=\"https:\/\/www.uartes.edu.ec\/sitio\/wp-content\/uploads\/2023\/11\/20-LIBRE-LIBRO-2023-644x429.jpg 644w, https:\/\/www.uartes.edu.ec\/sitio\/wp-content\/uploads\/2023\/11\/20-LIBRE-LIBRO-2023-768x511.jpg 768w, https:\/\/www.uartes.edu.ec\/sitio\/wp-content\/uploads\/2023\/11\/20-LIBRE-LIBRO-2023.jpg 2000w, https:\/\/www.uartes.edu.ec\/sitio\/wp-content\/uploads\/2023\/11\/20-LIBRE-LIBRO-2023-600x399.jpg 600w, https:\/\/www.uartes.edu.ec\/sitio\/wp-content\/uploads\/2023\/11\/20-LIBRE-LIBRO-2023-272x182.jpg 272w\" sizes=\"(max-width: 644px) 100vw, 644px\" \/><\/figure>\n<\/div>\n\n\n<p>A estas actividades les sucedieron la charla\/presentaci\u00f3n \u201cLetras sobre el tablao\u201d, con Camila Valdiviezo y Alexis Botella \u201cEl Mender\u00ed\u201d, en la Plaza P\u00fablica del MZ14. La presentaci\u00f3n tambi\u00e9n del libro \u201cCuentos y leyendas de selva adentro\u201d de Gemma Rosas, en cuyo di\u00e1logo tomaron parte, en la Sala R\u00eda de la Biblioteca de las Artes, Silvia Arag\u00f3n, Camila Corral y la autora. Finalmente, y de regreso al MZ14, se present\u00f3 el poemario \u201cNostalgia y fronteras\u201d de Sonia Gui\u00f1ansaca, con quien dialogaron Fausto Rivera, de Severo Editorial, y Liz Zhingri.<\/p>\n\n\n\n<h3 class=\"wp-block-heading\">Una bienvenida con m\u00fasica y exposici\u00f3n<\/h3>\n\n\n\n<p>Entonces hubo la bienvenida a la IX edici\u00f3n de Libre Libro. En la presentaci\u00f3n, Camila Corral manifest\u00f3 tambi\u00e9n que estaba principalmente dedicada a los lectores y a celebrar el trabajo colectivo y creativo de quienes crean espacios de encuentro cr\u00edticos y sensibles en torno a los diversos actos de lectura. \u201cCon el tema de este a\u00f1o, &#8216;Comunidades creativas de lectura&#8217;, hemos querido resaltar a nuestra propia comunidad universitaria como actores imprescindibles de esta feria\u201d, sostuvo Corral, quien destac\u00f3 la participaci\u00f3n de todas las escuelas de la UArtes. \u201cLa programaci\u00f3n de esta novena edici\u00f3n ha sido construida de manera colectiva. Construimos una agenda que surge de muchas voces, muchas creatividades y muchas sensibilidades\u201d.<\/p>\n\n\n\n<p>A la doctora Olga L\u00f3pez, vicerrectora de Posgrado e Investigaci\u00f3n en Artes, le correspondi\u00f3 por primera vez \u2013seg\u00fan confes\u00f3\u2013 inaugurar el encuentro que anualmente realiza la Escuela de Literatura. Un encargo maravilloso por amar los libros y vivir en funci\u00f3n de ellos, los compra e invita a que sean comprados. Si no se hace, las editoriales van a dejar de existir. \u201cLa idea es comprar y sentir que es un bien patrimonial y cultural, sentir que hay editoriales\u201d, dijo y lament\u00f3 que el libro en Guayaquil siga estando ausente. Hay pocas librer\u00edas y pocas especializadas, as\u00ed como tambi\u00e9n hay pocas editoriales.<\/p>\n\n\n<div class=\"wp-block-image\">\n<figure class=\"aligncenter size-large\"><img decoding=\"async\" width=\"644\" height=\"429\" src=\"https:\/\/www.uartes.edu.ec\/sitio\/wp-content\/uploads\/2023\/11\/10-LIBRE-LIBRO-2023-644x429.jpg\" alt=\"\" class=\"wp-image-48211\" srcset=\"https:\/\/www.uartes.edu.ec\/sitio\/wp-content\/uploads\/2023\/11\/10-LIBRE-LIBRO-2023-644x429.jpg 644w, https:\/\/www.uartes.edu.ec\/sitio\/wp-content\/uploads\/2023\/11\/10-LIBRE-LIBRO-2023-768x511.jpg 768w, https:\/\/www.uartes.edu.ec\/sitio\/wp-content\/uploads\/2023\/11\/10-LIBRE-LIBRO-2023.jpg 2000w, https:\/\/www.uartes.edu.ec\/sitio\/wp-content\/uploads\/2023\/11\/10-LIBRE-LIBRO-2023-600x399.jpg 600w, https:\/\/www.uartes.edu.ec\/sitio\/wp-content\/uploads\/2023\/11\/10-LIBRE-LIBRO-2023-272x182.jpg 272w\" sizes=\"(max-width: 644px) 100vw, 644px\" \/><\/figure>\n<\/div>\n\n\n<p>Que tenemos mucho por hacer por el libro, anot\u00f3 la vicerrectora UArtes, celebrando, a su vez, que existan editoriales que luchan a nivel local, como Cad\u00e1ver Exquisito, Severo y Recodo, las cuales est\u00e1n generando no solo a nivel de producci\u00f3n de artistas, sino de divulgaci\u00f3n de escritores locales. \u201cLa editorial de ensayo es muy ausente en Ecuador, lo cual me impacta. Hay una gran tarea por hacer\u201d, refiri\u00f3 y recomend\u00f3 a los presentes construir bibliotecas personales.<\/p>\n\n\n\n<p>En su intervenci\u00f3n, Mar\u00eda Alejandra Zambrano, directora de la Escuela de Literatura, cit\u00f3 a la escritora argentina Graciela Montes, quien se\u00f1ala que la literatura pertenece a la frontera ind\u00f3mita, a la zona liberada que se permite empezar de nuevo. Muchas veces vuelve a esa frase, dijo Zambrano, sobre todo cuando est\u00e1 en crisis, pues se le presenta como una invitaci\u00f3n a ensanchar los confines, los territorios donde opera el arte, espec\u00edficamente la literatura.<\/p>\n\n\n\n<p>\u201c\u2026 Hay muchos d\u00edas en que, cuando escuchamos las noticias, todo habla de violencia e inseguridad. Muchas veces se obstaculizan todos estos procesos de reactivaci\u00f3n comunitarios por el sin sentido de la violencia\u201d, anot\u00f3 Zambrano en referencia a las motivaciones del d\u00eda a d\u00eda frente a lo que vivimos. Cuando eso pasa, se detiene a observar a sus hijos y se deja llevar por muchas situaciones con ella, revel\u00f3.<\/p>\n\n\n\n<p>Habl\u00f3 de c\u00f3mo esta edici\u00f3n nos puede ayudar a ampliar las fronteras ind\u00f3mitas donde habita el arte. Si estamos reunidos aqu\u00ed es porque estamos apostando en ampliar estos espacios, \u201cfortaleciendo la capacidad de crear comunidades que den cuenta de las experiencias de quienes nos hemos abocado a defender estos espacios\u201d. Libre Libro tiene 40 diferentes actividades, cuatro talleres, presentaciones de libros, poes\u00eda, baile presentaci\u00f3n, \u201cqueremos que en este espacio vayamos entretejiendo de manera m\u00e1s fuerte estas redes, estas comunidades\u201d.<\/p>\n\n\n\n<p>Zambrano destac\u00f3 la participaci\u00f3n de todas las escuelas de la UArtes en la cita e invit\u00f3 al director de la Escuela de Artes Sonoras, doctor Andrey Astaiza, a sumarse al acto, puesto que fruto de ese trabajo conjunto hay contribuciones como las presentaciones del Ensamble L\u00fadico Experimental, que dirige el docente To\u00f1o Cepeda, y de la Rondalla Guayaquil.<\/p>\n\n\n<div class=\"wp-block-image\">\n<figure class=\"aligncenter size-large\"><img decoding=\"async\" width=\"644\" height=\"429\" src=\"https:\/\/www.uartes.edu.ec\/sitio\/wp-content\/uploads\/2023\/11\/15-LIBRE-LIBRO-2023-644x429.jpg\" alt=\"\" class=\"wp-image-48210\" srcset=\"https:\/\/www.uartes.edu.ec\/sitio\/wp-content\/uploads\/2023\/11\/15-LIBRE-LIBRO-2023-644x429.jpg 644w, https:\/\/www.uartes.edu.ec\/sitio\/wp-content\/uploads\/2023\/11\/15-LIBRE-LIBRO-2023-300x200.jpg 300w, https:\/\/www.uartes.edu.ec\/sitio\/wp-content\/uploads\/2023\/11\/15-LIBRE-LIBRO-2023-768x512.jpg 768w, https:\/\/www.uartes.edu.ec\/sitio\/wp-content\/uploads\/2023\/11\/15-LIBRE-LIBRO-2023-1536x1024.jpg 1536w, https:\/\/www.uartes.edu.ec\/sitio\/wp-content\/uploads\/2023\/11\/15-LIBRE-LIBRO-2023-600x400.jpg 600w, https:\/\/www.uartes.edu.ec\/sitio\/wp-content\/uploads\/2023\/11\/15-LIBRE-LIBRO-2023-400x267.jpg 400w, https:\/\/www.uartes.edu.ec\/sitio\/wp-content\/uploads\/2023\/11\/15-LIBRE-LIBRO-2023-272x182.jpg 272w, https:\/\/www.uartes.edu.ec\/sitio\/wp-content\/uploads\/2023\/11\/15-LIBRE-LIBRO-2023.jpg 2000w\" sizes=\"(max-width: 644px) 100vw, 644px\" \/><\/figure>\n<\/div>\n\n<div class=\"wp-block-image\">\n<figure class=\"aligncenter size-large\"><img loading=\"lazy\" decoding=\"async\" width=\"644\" height=\"429\" src=\"https:\/\/www.uartes.edu.ec\/sitio\/wp-content\/uploads\/2023\/11\/19-LIBRE-LIBRO-2023-1-644x429.jpg\" alt=\"\" class=\"wp-image-48213\" srcset=\"https:\/\/www.uartes.edu.ec\/sitio\/wp-content\/uploads\/2023\/11\/19-LIBRE-LIBRO-2023-1-644x429.jpg 644w, https:\/\/www.uartes.edu.ec\/sitio\/wp-content\/uploads\/2023\/11\/19-LIBRE-LIBRO-2023-1-300x200.jpg 300w, https:\/\/www.uartes.edu.ec\/sitio\/wp-content\/uploads\/2023\/11\/19-LIBRE-LIBRO-2023-1-768x512.jpg 768w, https:\/\/www.uartes.edu.ec\/sitio\/wp-content\/uploads\/2023\/11\/19-LIBRE-LIBRO-2023-1-1536x1024.jpg 1536w, https:\/\/www.uartes.edu.ec\/sitio\/wp-content\/uploads\/2023\/11\/19-LIBRE-LIBRO-2023-1-600x400.jpg 600w, https:\/\/www.uartes.edu.ec\/sitio\/wp-content\/uploads\/2023\/11\/19-LIBRE-LIBRO-2023-1-400x267.jpg 400w, https:\/\/www.uartes.edu.ec\/sitio\/wp-content\/uploads\/2023\/11\/19-LIBRE-LIBRO-2023-1-272x182.jpg 272w, https:\/\/www.uartes.edu.ec\/sitio\/wp-content\/uploads\/2023\/11\/19-LIBRE-LIBRO-2023-1.jpg 2000w\" sizes=\"(max-width: 644px) 100vw, 644px\" \/><\/figure>\n<\/div>\n\n\n<p>Tras compartir una f\u00e1bula que dej\u00f3 como moraleja que hay diferentes versiones y maneras de ver lo que est\u00e1 m\u00e1s all\u00e1, Astaiza confes\u00f3 que por ser m\u00fasico ve\u00eda \u201cpartituras en todos lados y pensaba que lo eran todo y no. La partitura como un libro es el mapa de un tesoro, el cual est\u00e1 m\u00e1s all\u00e1 y no es necesariamente lo que uno cree\u201d.<\/p>\n\n\n\n<p>El director de la EAS celebr\u00f3 poderse mezclar, buscar significados y espacios, imaginar otros mundos y poderlo hacer en comunidad. Al Ensamble L\u00fadico Experimental, cuya presentaci\u00f3n anunci\u00f3, lo se\u00f1al\u00f3 como un laboratorio vivo que no lleva partituras y que para la ocasi\u00f3n hab\u00eda musicalizado textos de Roger Ycaza y Mariuxi Balladares. La Rondalla de Guayaquil, anot\u00f3, es parte del modelo educativo de la UArtes y la EAS, y consiste en que m\u00fasicos, coloquialmente llamados lagarteros, ense\u00f1an a los estudiantes a alejarse de las partituras; para Libre Libro prepararon m\u00fasica tradicional ecuatoriana.<\/p>\n\n\n\n<p>El primer d\u00eda de Libre Libro concluy\u00f3 con el di\u00e1logo que Jos\u00e9 Miguel Cabrera, director de UArtes Ediciones, mantuvo con el ec\u00f3logo Diego Mosquera, el docente Nicolas Schvarzberg y la directora de Literatura Mar\u00eda Alejandra Zambrano sobre la obra \u201cSo\u00f1ar y vivir la selva: poes\u00eda desde el Yasun\u00ed\u201d, de la cual se realiz\u00f3 una muestra en la Galer\u00eda del CIF. All\u00ed se aprecian ampliaciones de parte de su contenido, tanto de texto como de fotograf\u00edas.<\/p>","protected":false},"excerpt":{"rendered":"<p>Detr\u00e1s de cada libro hay una comunidad, un conjunto de sinergias, interdependencias, reciprocidades&#8230; La docente de Literatura Camila Corral inici\u00f3 as\u00ed \u2013la tarde del mi\u00e9rcoles 8\u2013 el acto inaugural de Libre Libro. Tuvo lugar en el MZ14, donde se encuentran los stands de la feria. La primera jornada abri\u00f3 por la ma\u00f1ana con talleres y el conversatorio \u201c10 a\u00f1os de la UArtes: Construyendo comunidades lectoras\u201d.<\/p>","protected":false},"author":10,"featured_media":48207,"comment_status":"open","ping_status":"open","sticky":false,"template":"","format":"standard","meta":{"_acf_changed":false,"_uag_custom_page_level_css":"","_monsterinsights_skip_tracking":false,"_monsterinsights_sitenote_active":false,"_monsterinsights_sitenote_note":"","_monsterinsights_sitenote_category":0,"cybocfi_hide_featured_image":"","footnotes":""},"categories":[80,438,490,75,76,77,175,83],"tags":[547],"infouartes":[],"class_list":["post-48202","post","type-post","status-publish","format-standard","has-post-thumbnail","hentry","category-academico","category-administrativos","category-alumni","category-docentes","category-estudiantes","category-gestion","category-literatura","category-sedes","tag-libre-libro"],"acf":[],"yoast_head":"<!-- This site is optimized with the Yoast SEO plugin v27.4 - https:\/\/yoast.com\/product\/yoast-seo-wordpress\/ -->\n<title>Universidad de las Artes - Talleres y conversatorio por los 10 a\u00f1os de la UArtes abrieron la novena edici\u00f3n de Libre Libro y su feria<\/title>\n<meta name=\"description\" content=\"Universidad de las Artes - Talleres y conversatorio por los 10 a\u00f1os de la UArtes abrieron la novena edici\u00f3n de Libre Libro y su feria\" \/>\n<meta name=\"robots\" content=\"index, follow, max-snippet:-1, max-image-preview:large, max-video-preview:-1\" \/>\n<link rel=\"canonical\" href=\"https:\/\/www.uartes.edu.ec\/sitio\/en\/blog\/2023\/11\/09\/talleres-y-conversatorio-por-los-10-anos-de-la-uartes-abrieron-la-ix-edicion-de-libre-libro\/\" \/>\n<meta property=\"og:locale\" content=\"en_US\" \/>\n<meta property=\"og:type\" content=\"article\" \/>\n<meta property=\"og:title\" content=\"Universidad de las Artes - Talleres y conversatorio por los 10 a\u00f1os de la UArtes abrieron la novena edici\u00f3n de Libre Libro y su feria\" \/>\n<meta property=\"og:description\" content=\"Universidad de las Artes - Talleres y conversatorio por los 10 a\u00f1os de la UArtes abrieron la novena edici\u00f3n de Libre Libro y su feria\" \/>\n<meta property=\"og:url\" content=\"https:\/\/www.uartes.edu.ec\/sitio\/en\/blog\/2023\/11\/09\/talleres-y-conversatorio-por-los-10-anos-de-la-uartes-abrieron-la-ix-edicion-de-libre-libro\/\" \/>\n<meta property=\"og:site_name\" content=\"Universidad de las Artes\" \/>\n<meta property=\"article:publisher\" content=\"https:\/\/www.facebook.com\/uartesec\" \/>\n<meta property=\"article:published_time\" content=\"2023-11-09T20:22:51+00:00\" \/>\n<meta property=\"article:modified_time\" content=\"2024-07-04T16:20:31+00:00\" \/>\n<meta property=\"og:image\" content=\"https:\/\/www.uartes.edu.ec\/sitio\/wp-content\/uploads\/2023\/11\/02-LIBRE-LIBRO-2023.jpg\" \/>\n\t<meta property=\"og:image:width\" content=\"2000\" \/>\n\t<meta property=\"og:image:height\" content=\"1333\" \/>\n\t<meta property=\"og:image:type\" content=\"image\/jpeg\" \/>\n<meta name=\"author\" content=\"ccortez\" \/>\n<meta name=\"twitter:card\" content=\"summary_large_image\" \/>\n<meta name=\"twitter:creator\" content=\"@uartesec\" \/>\n<meta name=\"twitter:site\" content=\"@uartesec\" \/>\n<meta name=\"twitter:label1\" content=\"Written by\" \/>\n\t<meta name=\"twitter:data1\" content=\"ccortez\" \/>\n\t<meta name=\"twitter:label2\" content=\"Est. reading time\" \/>\n\t<meta name=\"twitter:data2\" content=\"7 minutes\" \/>\n<script type=\"application\/ld+json\" class=\"yoast-schema-graph\">{\"@context\":\"https:\\\/\\\/schema.org\",\"@graph\":[{\"@type\":\"Article\",\"@id\":\"https:\\\/\\\/www.uartes.edu.ec\\\/sitio\\\/en\\\/blog\\\/2023\\\/11\\\/09\\\/talleres-y-conversatorio-por-los-10-anos-de-la-uartes-abrieron-la-ix-edicion-de-libre-libro\\\/#article\",\"isPartOf\":{\"@id\":\"https:\\\/\\\/www.uartes.edu.ec\\\/sitio\\\/en\\\/blog\\\/2023\\\/11\\\/09\\\/talleres-y-conversatorio-por-los-10-anos-de-la-uartes-abrieron-la-ix-edicion-de-libre-libro\\\/\"},\"author\":{\"name\":\"ccortez\",\"@id\":\"https:\\\/\\\/www.uartes.edu.ec\\\/sitio\\\/en\\\/#\\\/schema\\\/person\\\/efa1b8275797664fd7f13a79ccc0b1f4\"},\"headline\":\"Talleres y conversatorio por los 10 a\u00f1os de la UArtes abrieron la novena edici\u00f3n de Libre Libro y su feria\",\"datePublished\":\"2023-11-09T20:22:51+00:00\",\"dateModified\":\"2024-07-04T16:20:31+00:00\",\"mainEntityOfPage\":{\"@id\":\"https:\\\/\\\/www.uartes.edu.ec\\\/sitio\\\/en\\\/blog\\\/2023\\\/11\\\/09\\\/talleres-y-conversatorio-por-los-10-anos-de-la-uartes-abrieron-la-ix-edicion-de-libre-libro\\\/\"},\"wordCount\":1248,\"commentCount\":0,\"publisher\":{\"@id\":\"https:\\\/\\\/www.uartes.edu.ec\\\/sitio\\\/en\\\/#organization\"},\"image\":{\"@id\":\"https:\\\/\\\/www.uartes.edu.ec\\\/sitio\\\/en\\\/blog\\\/2023\\\/11\\\/09\\\/talleres-y-conversatorio-por-los-10-anos-de-la-uartes-abrieron-la-ix-edicion-de-libre-libro\\\/#primaryimage\"},\"thumbnailUrl\":\"https:\\\/\\\/www.uartes.edu.ec\\\/sitio\\\/wp-content\\\/uploads\\\/2023\\\/11\\\/02-LIBRE-LIBRO-2023.jpg\",\"keywords\":[\"Libre Libro\"],\"articleSection\":[\"Acad\u00e9mico\",\"Administrativos\",\"Alumni\",\"Docentes\",\"Estudiantes\",\"Gesti\u00f3n\",\"Literatura\",\"Sedes\"],\"inLanguage\":\"en-US\",\"potentialAction\":[{\"@type\":\"CommentAction\",\"name\":\"Comment\",\"target\":[\"https:\\\/\\\/www.uartes.edu.ec\\\/sitio\\\/en\\\/blog\\\/2023\\\/11\\\/09\\\/talleres-y-conversatorio-por-los-10-anos-de-la-uartes-abrieron-la-ix-edicion-de-libre-libro\\\/#respond\"]}]},{\"@type\":[\"WebPage\",\"ItemPage\"],\"@id\":\"https:\\\/\\\/www.uartes.edu.ec\\\/sitio\\\/en\\\/blog\\\/2023\\\/11\\\/09\\\/talleres-y-conversatorio-por-los-10-anos-de-la-uartes-abrieron-la-ix-edicion-de-libre-libro\\\/\",\"url\":\"https:\\\/\\\/www.uartes.edu.ec\\\/sitio\\\/en\\\/blog\\\/2023\\\/11\\\/09\\\/talleres-y-conversatorio-por-los-10-anos-de-la-uartes-abrieron-la-ix-edicion-de-libre-libro\\\/\",\"name\":\"Universidad de las Artes - Talleres y conversatorio por los 10 a\u00f1os de la UArtes abrieron la novena edici\u00f3n de Libre Libro y su feria\",\"isPartOf\":{\"@id\":\"https:\\\/\\\/www.uartes.edu.ec\\\/sitio\\\/en\\\/#website\"},\"primaryImageOfPage\":{\"@id\":\"https:\\\/\\\/www.uartes.edu.ec\\\/sitio\\\/en\\\/blog\\\/2023\\\/11\\\/09\\\/talleres-y-conversatorio-por-los-10-anos-de-la-uartes-abrieron-la-ix-edicion-de-libre-libro\\\/#primaryimage\"},\"image\":{\"@id\":\"https:\\\/\\\/www.uartes.edu.ec\\\/sitio\\\/en\\\/blog\\\/2023\\\/11\\\/09\\\/talleres-y-conversatorio-por-los-10-anos-de-la-uartes-abrieron-la-ix-edicion-de-libre-libro\\\/#primaryimage\"},\"thumbnailUrl\":\"https:\\\/\\\/www.uartes.edu.ec\\\/sitio\\\/wp-content\\\/uploads\\\/2023\\\/11\\\/02-LIBRE-LIBRO-2023.jpg\",\"datePublished\":\"2023-11-09T20:22:51+00:00\",\"dateModified\":\"2024-07-04T16:20:31+00:00\",\"description\":\"Universidad de las Artes - Talleres y conversatorio por los 10 a\u00f1os de la UArtes abrieron la novena edici\u00f3n de Libre Libro y su feria\",\"breadcrumb\":{\"@id\":\"https:\\\/\\\/www.uartes.edu.ec\\\/sitio\\\/en\\\/blog\\\/2023\\\/11\\\/09\\\/talleres-y-conversatorio-por-los-10-anos-de-la-uartes-abrieron-la-ix-edicion-de-libre-libro\\\/#breadcrumb\"},\"inLanguage\":\"en-US\",\"potentialAction\":[{\"@type\":\"ReadAction\",\"target\":[\"https:\\\/\\\/www.uartes.edu.ec\\\/sitio\\\/en\\\/blog\\\/2023\\\/11\\\/09\\\/talleres-y-conversatorio-por-los-10-anos-de-la-uartes-abrieron-la-ix-edicion-de-libre-libro\\\/\"]}]},{\"@type\":\"ImageObject\",\"inLanguage\":\"en-US\",\"@id\":\"https:\\\/\\\/www.uartes.edu.ec\\\/sitio\\\/en\\\/blog\\\/2023\\\/11\\\/09\\\/talleres-y-conversatorio-por-los-10-anos-de-la-uartes-abrieron-la-ix-edicion-de-libre-libro\\\/#primaryimage\",\"url\":\"https:\\\/\\\/www.uartes.edu.ec\\\/sitio\\\/wp-content\\\/uploads\\\/2023\\\/11\\\/02-LIBRE-LIBRO-2023.jpg\",\"contentUrl\":\"https:\\\/\\\/www.uartes.edu.ec\\\/sitio\\\/wp-content\\\/uploads\\\/2023\\\/11\\\/02-LIBRE-LIBRO-2023.jpg\",\"width\":2000,\"height\":1333},{\"@type\":\"BreadcrumbList\",\"@id\":\"https:\\\/\\\/www.uartes.edu.ec\\\/sitio\\\/en\\\/blog\\\/2023\\\/11\\\/09\\\/talleres-y-conversatorio-por-los-10-anos-de-la-uartes-abrieron-la-ix-edicion-de-libre-libro\\\/#breadcrumb\",\"itemListElement\":[{\"@type\":\"ListItem\",\"position\":1,\"name\":\"Inicio\",\"item\":\"https:\\\/\\\/www.uartes.edu.ec\\\/sitio\\\/\"},{\"@type\":\"ListItem\",\"position\":2,\"name\":\"Talleres y conversatorio por los 10 a\u00f1os de la UArtes abrieron la novena edici\u00f3n de Libre Libro y su feria\"}]},{\"@type\":\"WebSite\",\"@id\":\"https:\\\/\\\/www.uartes.edu.ec\\\/sitio\\\/en\\\/#website\",\"url\":\"https:\\\/\\\/www.uartes.edu.ec\\\/sitio\\\/en\\\/\",\"name\":\"Universidad de las Artes\",\"description\":\"Sitio oficial de la Universidad Nacional de las Artes del Ecuador\",\"publisher\":{\"@id\":\"https:\\\/\\\/www.uartes.edu.ec\\\/sitio\\\/en\\\/#organization\"},\"potentialAction\":[{\"@type\":\"SearchAction\",\"target\":{\"@type\":\"EntryPoint\",\"urlTemplate\":\"https:\\\/\\\/www.uartes.edu.ec\\\/sitio\\\/en\\\/?s={search_term_string}\"},\"query-input\":{\"@type\":\"PropertyValueSpecification\",\"valueRequired\":true,\"valueName\":\"search_term_string\"}}],\"inLanguage\":\"en-US\"},{\"@type\":\"Organization\",\"@id\":\"https:\\\/\\\/www.uartes.edu.ec\\\/sitio\\\/en\\\/#organization\",\"name\":\"Universidad de las Artes\",\"url\":\"https:\\\/\\\/www.uartes.edu.ec\\\/sitio\\\/en\\\/\",\"logo\":{\"@type\":\"ImageObject\",\"inLanguage\":\"en-US\",\"@id\":\"https:\\\/\\\/www.uartes.edu.ec\\\/sitio\\\/en\\\/#\\\/schema\\\/logo\\\/image\\\/\",\"url\":\"https:\\\/\\\/www.uartes.edu.ec\\\/sitio\\\/wp-content\\\/uploads\\\/2022\\\/07\\\/logo-ua-horizontal.png\",\"contentUrl\":\"https:\\\/\\\/www.uartes.edu.ec\\\/sitio\\\/wp-content\\\/uploads\\\/2022\\\/07\\\/logo-ua-horizontal.png\",\"width\":800,\"height\":276,\"caption\":\"Universidad de las Artes\"},\"image\":{\"@id\":\"https:\\\/\\\/www.uartes.edu.ec\\\/sitio\\\/en\\\/#\\\/schema\\\/logo\\\/image\\\/\"},\"sameAs\":[\"https:\\\/\\\/www.facebook.com\\\/uartesec\",\"https:\\\/\\\/x.com\\\/uartesec\",\"https:\\\/\\\/www.tiktok.com\\\/@uartesec\"]},{\"@type\":\"Person\",\"@id\":\"https:\\\/\\\/www.uartes.edu.ec\\\/sitio\\\/en\\\/#\\\/schema\\\/person\\\/efa1b8275797664fd7f13a79ccc0b1f4\",\"name\":\"ccortez\",\"image\":{\"@type\":\"ImageObject\",\"inLanguage\":\"en-US\",\"@id\":\"https:\\\/\\\/secure.gravatar.com\\\/avatar\\\/b2a6f664a3ae8e074346ef91775736c5ec479e637ecced6842de9dc98b5da9cd?s=96&d=mm&r=g\",\"url\":\"https:\\\/\\\/secure.gravatar.com\\\/avatar\\\/b2a6f664a3ae8e074346ef91775736c5ec479e637ecced6842de9dc98b5da9cd?s=96&d=mm&r=g\",\"contentUrl\":\"https:\\\/\\\/secure.gravatar.com\\\/avatar\\\/b2a6f664a3ae8e074346ef91775736c5ec479e637ecced6842de9dc98b5da9cd?s=96&d=mm&r=g\",\"caption\":\"ccortez\"},\"url\":\"https:\\\/\\\/www.uartes.edu.ec\\\/sitio\\\/en\\\/blog\\\/author\\\/ccortez\\\/\"}]}<\/script>\n<!-- \/ Yoast SEO plugin. -->","yoast_head_json":{"title":"Universidad de las Artes - Talleres y conversatorio por los 10 a\u00f1os de la UArtes abrieron la novena edici\u00f3n de Libre Libro y su feria","description":"Universidad de las Artes - Talleres y conversatorio por los 10 a\u00f1os de la UArtes abrieron la novena edici\u00f3n de Libre Libro y su feria","robots":{"index":"index","follow":"follow","max-snippet":"max-snippet:-1","max-image-preview":"max-image-preview:large","max-video-preview":"max-video-preview:-1"},"canonical":"https:\/\/www.uartes.edu.ec\/sitio\/en\/blog\/2023\/11\/09\/talleres-y-conversatorio-por-los-10-anos-de-la-uartes-abrieron-la-ix-edicion-de-libre-libro\/","og_locale":"en_US","og_type":"article","og_title":"Universidad de las Artes - Talleres y conversatorio por los 10 a\u00f1os de la UArtes abrieron la novena edici\u00f3n de Libre Libro y su feria","og_description":"Universidad de las Artes - Talleres y conversatorio por los 10 a\u00f1os de la UArtes abrieron la novena edici\u00f3n de Libre Libro y su feria","og_url":"https:\/\/www.uartes.edu.ec\/sitio\/en\/blog\/2023\/11\/09\/talleres-y-conversatorio-por-los-10-anos-de-la-uartes-abrieron-la-ix-edicion-de-libre-libro\/","og_site_name":"Universidad de las Artes","article_publisher":"https:\/\/www.facebook.com\/uartesec","article_published_time":"2023-11-09T20:22:51+00:00","article_modified_time":"2024-07-04T16:20:31+00:00","og_image":[{"width":2000,"height":1333,"url":"https:\/\/www.uartes.edu.ec\/sitio\/wp-content\/uploads\/2023\/11\/02-LIBRE-LIBRO-2023.jpg","type":"image\/jpeg"}],"author":"ccortez","twitter_card":"summary_large_image","twitter_creator":"@uartesec","twitter_site":"@uartesec","twitter_misc":{"Written by":"ccortez","Est. reading time":"7 minutes"},"schema":{"@context":"https:\/\/schema.org","@graph":[{"@type":"Article","@id":"https:\/\/www.uartes.edu.ec\/sitio\/en\/blog\/2023\/11\/09\/talleres-y-conversatorio-por-los-10-anos-de-la-uartes-abrieron-la-ix-edicion-de-libre-libro\/#article","isPartOf":{"@id":"https:\/\/www.uartes.edu.ec\/sitio\/en\/blog\/2023\/11\/09\/talleres-y-conversatorio-por-los-10-anos-de-la-uartes-abrieron-la-ix-edicion-de-libre-libro\/"},"author":{"name":"ccortez","@id":"https:\/\/www.uartes.edu.ec\/sitio\/en\/#\/schema\/person\/efa1b8275797664fd7f13a79ccc0b1f4"},"headline":"Talleres y conversatorio por los 10 a\u00f1os de la UArtes abrieron la novena edici\u00f3n de Libre Libro y su feria","datePublished":"2023-11-09T20:22:51+00:00","dateModified":"2024-07-04T16:20:31+00:00","mainEntityOfPage":{"@id":"https:\/\/www.uartes.edu.ec\/sitio\/en\/blog\/2023\/11\/09\/talleres-y-conversatorio-por-los-10-anos-de-la-uartes-abrieron-la-ix-edicion-de-libre-libro\/"},"wordCount":1248,"commentCount":0,"publisher":{"@id":"https:\/\/www.uartes.edu.ec\/sitio\/en\/#organization"},"image":{"@id":"https:\/\/www.uartes.edu.ec\/sitio\/en\/blog\/2023\/11\/09\/talleres-y-conversatorio-por-los-10-anos-de-la-uartes-abrieron-la-ix-edicion-de-libre-libro\/#primaryimage"},"thumbnailUrl":"https:\/\/www.uartes.edu.ec\/sitio\/wp-content\/uploads\/2023\/11\/02-LIBRE-LIBRO-2023.jpg","keywords":["Libre Libro"],"articleSection":["Acad\u00e9mico","Administrativos","Alumni","Docentes","Estudiantes","Gesti\u00f3n","Literatura","Sedes"],"inLanguage":"en-US","potentialAction":[{"@type":"CommentAction","name":"Comment","target":["https:\/\/www.uartes.edu.ec\/sitio\/en\/blog\/2023\/11\/09\/talleres-y-conversatorio-por-los-10-anos-de-la-uartes-abrieron-la-ix-edicion-de-libre-libro\/#respond"]}]},{"@type":["WebPage","ItemPage"],"@id":"https:\/\/www.uartes.edu.ec\/sitio\/en\/blog\/2023\/11\/09\/talleres-y-conversatorio-por-los-10-anos-de-la-uartes-abrieron-la-ix-edicion-de-libre-libro\/","url":"https:\/\/www.uartes.edu.ec\/sitio\/en\/blog\/2023\/11\/09\/talleres-y-conversatorio-por-los-10-anos-de-la-uartes-abrieron-la-ix-edicion-de-libre-libro\/","name":"Universidad de las Artes - Talleres y conversatorio por los 10 a\u00f1os de la UArtes abrieron la novena edici\u00f3n de Libre Libro y su feria","isPartOf":{"@id":"https:\/\/www.uartes.edu.ec\/sitio\/en\/#website"},"primaryImageOfPage":{"@id":"https:\/\/www.uartes.edu.ec\/sitio\/en\/blog\/2023\/11\/09\/talleres-y-conversatorio-por-los-10-anos-de-la-uartes-abrieron-la-ix-edicion-de-libre-libro\/#primaryimage"},"image":{"@id":"https:\/\/www.uartes.edu.ec\/sitio\/en\/blog\/2023\/11\/09\/talleres-y-conversatorio-por-los-10-anos-de-la-uartes-abrieron-la-ix-edicion-de-libre-libro\/#primaryimage"},"thumbnailUrl":"https:\/\/www.uartes.edu.ec\/sitio\/wp-content\/uploads\/2023\/11\/02-LIBRE-LIBRO-2023.jpg","datePublished":"2023-11-09T20:22:51+00:00","dateModified":"2024-07-04T16:20:31+00:00","description":"Universidad de las Artes - Talleres y conversatorio por los 10 a\u00f1os de la UArtes abrieron la novena edici\u00f3n de Libre Libro y su feria","breadcrumb":{"@id":"https:\/\/www.uartes.edu.ec\/sitio\/en\/blog\/2023\/11\/09\/talleres-y-conversatorio-por-los-10-anos-de-la-uartes-abrieron-la-ix-edicion-de-libre-libro\/#breadcrumb"},"inLanguage":"en-US","potentialAction":[{"@type":"ReadAction","target":["https:\/\/www.uartes.edu.ec\/sitio\/en\/blog\/2023\/11\/09\/talleres-y-conversatorio-por-los-10-anos-de-la-uartes-abrieron-la-ix-edicion-de-libre-libro\/"]}]},{"@type":"ImageObject","inLanguage":"en-US","@id":"https:\/\/www.uartes.edu.ec\/sitio\/en\/blog\/2023\/11\/09\/talleres-y-conversatorio-por-los-10-anos-de-la-uartes-abrieron-la-ix-edicion-de-libre-libro\/#primaryimage","url":"https:\/\/www.uartes.edu.ec\/sitio\/wp-content\/uploads\/2023\/11\/02-LIBRE-LIBRO-2023.jpg","contentUrl":"https:\/\/www.uartes.edu.ec\/sitio\/wp-content\/uploads\/2023\/11\/02-LIBRE-LIBRO-2023.jpg","width":2000,"height":1333},{"@type":"BreadcrumbList","@id":"https:\/\/www.uartes.edu.ec\/sitio\/en\/blog\/2023\/11\/09\/talleres-y-conversatorio-por-los-10-anos-de-la-uartes-abrieron-la-ix-edicion-de-libre-libro\/#breadcrumb","itemListElement":[{"@type":"ListItem","position":1,"name":"Inicio","item":"https:\/\/www.uartes.edu.ec\/sitio\/"},{"@type":"ListItem","position":2,"name":"Talleres y conversatorio por los 10 a\u00f1os de la UArtes abrieron la novena edici\u00f3n de Libre Libro y su feria"}]},{"@type":"WebSite","@id":"https:\/\/www.uartes.edu.ec\/sitio\/en\/#website","url":"https:\/\/www.uartes.edu.ec\/sitio\/en\/","name":"Universidad de las Artes","description":"Sitio oficial de la Universidad Nacional de las Artes del Ecuador","publisher":{"@id":"https:\/\/www.uartes.edu.ec\/sitio\/en\/#organization"},"potentialAction":[{"@type":"SearchAction","target":{"@type":"EntryPoint","urlTemplate":"https:\/\/www.uartes.edu.ec\/sitio\/en\/?s={search_term_string}"},"query-input":{"@type":"PropertyValueSpecification","valueRequired":true,"valueName":"search_term_string"}}],"inLanguage":"en-US"},{"@type":"Organization","@id":"https:\/\/www.uartes.edu.ec\/sitio\/en\/#organization","name":"Universidad de las Artes","url":"https:\/\/www.uartes.edu.ec\/sitio\/en\/","logo":{"@type":"ImageObject","inLanguage":"en-US","@id":"https:\/\/www.uartes.edu.ec\/sitio\/en\/#\/schema\/logo\/image\/","url":"https:\/\/www.uartes.edu.ec\/sitio\/wp-content\/uploads\/2022\/07\/logo-ua-horizontal.png","contentUrl":"https:\/\/www.uartes.edu.ec\/sitio\/wp-content\/uploads\/2022\/07\/logo-ua-horizontal.png","width":800,"height":276,"caption":"Universidad de las Artes"},"image":{"@id":"https:\/\/www.uartes.edu.ec\/sitio\/en\/#\/schema\/logo\/image\/"},"sameAs":["https:\/\/www.facebook.com\/uartesec","https:\/\/x.com\/uartesec","https:\/\/www.tiktok.com\/@uartesec"]},{"@type":"Person","@id":"https:\/\/www.uartes.edu.ec\/sitio\/en\/#\/schema\/person\/efa1b8275797664fd7f13a79ccc0b1f4","name":"ccortez","image":{"@type":"ImageObject","inLanguage":"en-US","@id":"https:\/\/secure.gravatar.com\/avatar\/b2a6f664a3ae8e074346ef91775736c5ec479e637ecced6842de9dc98b5da9cd?s=96&d=mm&r=g","url":"https:\/\/secure.gravatar.com\/avatar\/b2a6f664a3ae8e074346ef91775736c5ec479e637ecced6842de9dc98b5da9cd?s=96&d=mm&r=g","contentUrl":"https:\/\/secure.gravatar.com\/avatar\/b2a6f664a3ae8e074346ef91775736c5ec479e637ecced6842de9dc98b5da9cd?s=96&d=mm&r=g","caption":"ccortez"},"url":"https:\/\/www.uartes.edu.ec\/sitio\/en\/blog\/author\/ccortez\/"}]}},"uagb_featured_image_src":{"full":["https:\/\/www.uartes.edu.ec\/sitio\/wp-content\/uploads\/2023\/11\/02-LIBRE-LIBRO-2023.jpg",2000,1333,false],"thumbnail":["https:\/\/www.uartes.edu.ec\/sitio\/wp-content\/uploads\/2023\/11\/02-LIBRE-LIBRO-2023-150x150.jpg",150,150,true],"medium":["https:\/\/www.uartes.edu.ec\/sitio\/wp-content\/uploads\/2023\/11\/02-LIBRE-LIBRO-2023-300x200.jpg",300,200,true],"medium_large":["https:\/\/www.uartes.edu.ec\/sitio\/wp-content\/uploads\/2023\/11\/02-LIBRE-LIBRO-2023-768x512.jpg",768,512,true],"large":["https:\/\/www.uartes.edu.ec\/sitio\/wp-content\/uploads\/2023\/11\/02-LIBRE-LIBRO-2023-644x429.jpg",644,429,true],"1536x1536":["https:\/\/www.uartes.edu.ec\/sitio\/wp-content\/uploads\/2023\/11\/02-LIBRE-LIBRO-2023-1536x1024.jpg",1536,1024,true],"2048x2048":["https:\/\/www.uartes.edu.ec\/sitio\/wp-content\/uploads\/2023\/11\/02-LIBRE-LIBRO-2023.jpg",2000,1333,false],"trp-custom-language-flag":["https:\/\/www.uartes.edu.ec\/sitio\/wp-content\/uploads\/2023\/11\/02-LIBRE-LIBRO-2023.jpg",18,12,false],"htmega_size_585x295":["https:\/\/www.uartes.edu.ec\/sitio\/wp-content\/uploads\/2023\/11\/02-LIBRE-LIBRO-2023-585x295.jpg",585,295,true],"htmega_size_1170x536":["https:\/\/www.uartes.edu.ec\/sitio\/wp-content\/uploads\/2023\/11\/02-LIBRE-LIBRO-2023-1170x536.jpg",1170,536,true],"htmega_size_396x360":["https:\/\/www.uartes.edu.ec\/sitio\/wp-content\/uploads\/2023\/11\/02-LIBRE-LIBRO-2023-396x360.jpg",396,360,true],"gb-block-post-grid-landscape":["https:\/\/www.uartes.edu.ec\/sitio\/wp-content\/uploads\/2023\/11\/02-LIBRE-LIBRO-2023-600x400.jpg",600,400,true],"gb-block-post-grid-square":["https:\/\/www.uartes.edu.ec\/sitio\/wp-content\/uploads\/2023\/11\/02-LIBRE-LIBRO-2023-600x600.jpg",600,600,true],"university-hub-thumb":["https:\/\/www.uartes.edu.ec\/sitio\/wp-content\/uploads\/2023\/11\/02-LIBRE-LIBRO-2023-400x267.jpg",400,267,true]},"uagb_author_info":{"display_name":"ccortez","author_link":"https:\/\/www.uartes.edu.ec\/sitio\/en\/blog\/author\/ccortez\/"},"uagb_comment_info":0,"uagb_excerpt":"Detr\u00e1s de cada libro hay una comunidad, un conjunto de sinergias, interdependencias, reciprocidades... La docente de Literatura Camila Corral inici\u00f3 as\u00ed \u2013la tarde del mi\u00e9rcoles 8\u2013 el acto inaugural de Libre Libro. Tuvo lugar en el MZ14, donde se encuentran los stands de la feria. La primera jornada abri\u00f3 por la ma\u00f1ana con talleres y&hellip;","featured_image_src":"https:\/\/www.uartes.edu.ec\/sitio\/wp-content\/uploads\/2023\/11\/02-LIBRE-LIBRO-2023-600x400.jpg","featured_image_src_square":"https:\/\/www.uartes.edu.ec\/sitio\/wp-content\/uploads\/2023\/11\/02-LIBRE-LIBRO-2023-600x600.jpg","author_info":{"display_name":"ccortez","author_link":"https:\/\/www.uartes.edu.ec\/sitio\/en\/blog\/author\/ccortez\/"},"publishpress_future_workflow_manual_trigger":{"enabledWorkflows":[]},"distributor_meta":false,"distributor_terms":false,"distributor_media":false,"distributor_original_site_name":"Universidad de las Artes","distributor_original_site_url":"https:\/\/www.uartes.edu.ec\/sitio\/en","push-errors":false,"_links":{"self":[{"href":"https:\/\/www.uartes.edu.ec\/sitio\/en\/wp-json\/wp\/v2\/posts\/48202","targetHints":{"allow":["GET"]}}],"collection":[{"href":"https:\/\/www.uartes.edu.ec\/sitio\/en\/wp-json\/wp\/v2\/posts"}],"about":[{"href":"https:\/\/www.uartes.edu.ec\/sitio\/en\/wp-json\/wp\/v2\/types\/post"}],"author":[{"embeddable":true,"href":"https:\/\/www.uartes.edu.ec\/sitio\/en\/wp-json\/wp\/v2\/users\/10"}],"replies":[{"embeddable":true,"href":"https:\/\/www.uartes.edu.ec\/sitio\/en\/wp-json\/wp\/v2\/comments?post=48202"}],"version-history":[{"count":6,"href":"https:\/\/www.uartes.edu.ec\/sitio\/en\/wp-json\/wp\/v2\/posts\/48202\/revisions"}],"predecessor-version":[{"id":56930,"href":"https:\/\/www.uartes.edu.ec\/sitio\/en\/wp-json\/wp\/v2\/posts\/48202\/revisions\/56930"}],"wp:featuredmedia":[{"embeddable":true,"href":"https:\/\/www.uartes.edu.ec\/sitio\/en\/wp-json\/wp\/v2\/media\/48207"}],"wp:attachment":[{"href":"https:\/\/www.uartes.edu.ec\/sitio\/en\/wp-json\/wp\/v2\/media?parent=48202"}],"wp:term":[{"taxonomy":"category","embeddable":true,"href":"https:\/\/www.uartes.edu.ec\/sitio\/en\/wp-json\/wp\/v2\/categories?post=48202"},{"taxonomy":"post_tag","embeddable":true,"href":"https:\/\/www.uartes.edu.ec\/sitio\/en\/wp-json\/wp\/v2\/tags?post=48202"},{"taxonomy":"infouartes","embeddable":true,"href":"https:\/\/www.uartes.edu.ec\/sitio\/en\/wp-json\/wp\/v2\/infouartes?post=48202"}],"curies":[{"name":"wp","href":"https:\/\/api.w.org\/{rel}","templated":true}]}}