{"id":48274,"date":"2023-11-08T19:29:00","date_gmt":"2023-11-09T00:29:00","guid":{"rendered":"https:\/\/www.uartes.edu.ec\/sitio\/?p=48274"},"modified":"2025-08-07T09:55:40","modified_gmt":"2025-08-07T14:55:40","slug":"conversatorio-10-anos-de-la-uartesconstruyendo-comunidades-lectoras","status":"publish","type":"post","link":"https:\/\/www.uartes.edu.ec\/sitio\/en\/blog\/2023\/11\/08\/conversatorio-10-anos-de-la-uartesconstruyendo-comunidades-lectoras\/","title":{"rendered":"Construyendo comunidades lectoras"},"content":{"rendered":"<p>Empezamos Libre Libro con su edici\u00f3n dedicada a las comunidades creativas de lectura, Bienvenidos. Con esas palabras y j\u00fabilo, la docente y directora de la Escuela de Literatura, Mar\u00eda Alejandra Zambrano dio inicio a un conversatorio que acogi\u00f3 como premisa los 10 a\u00f1os de la Universidad de las Artes, que se cumplir\u00e1n en diciembre pr\u00f3ximo, y la tem\u00e1tica del encuentro de editoriales independientes y feria de publicaciones 2023.<\/p>\n\n\n\n<p>Justamente, el di\u00e1logo fue una de las primeras propuestas de la cita que, organizada por la UArtes y su Escuela de Literatura, inici\u00f3 hoy (mi\u00e9rcoles 8 de noviembre) y concluir\u00e1 el s\u00e1bado 11. Entre el p\u00fablico estaba el vicerrector acad\u00e9mico Bradley Hilgert, quien revel\u00f3 sentirse orgullo de ser testigo de un espacio donde libreros, escritores, editores, docentes, alumnos y comunidad se re\u00fanen para colaborar y pensar en lo que somos como sociedad responsable y cr\u00edtica en el campo de las artes.<\/p>\n\n\n\n<p>En el conversatorio participaron estudiantes, egresados y graduados de la UArtes con experiencia en el campo de las comunidades lectoras, se\u00f1al\u00f3 al presentarlos Zambrano, quien intervino como moderadora. Ellos son Miguel \u00c1ngel Pincay, Bel\u00e9n Varela, Nicolas Goussas, Olmedo Guerra y Zully Ord\u00f3\u00f1ez.<\/p>\n\n\n<div class=\"wp-block-image\">\n<figure class=\"aligncenter size-large\"><img fetchpriority=\"high\" decoding=\"async\" width=\"644\" height=\"429\" src=\"https:\/\/www.uartes.edu.ec\/sitio\/wp-content\/uploads\/2023\/11\/03-LIBRE-LIBRO-2023-1-644x429.jpg\" alt=\"\" class=\"wp-image-48277\" srcset=\"https:\/\/www.uartes.edu.ec\/sitio\/wp-content\/uploads\/2023\/11\/03-LIBRE-LIBRO-2023-1-644x429.jpg 644w, https:\/\/www.uartes.edu.ec\/sitio\/wp-content\/uploads\/2023\/11\/03-LIBRE-LIBRO-2023-1-300x200.jpg 300w, https:\/\/www.uartes.edu.ec\/sitio\/wp-content\/uploads\/2023\/11\/03-LIBRE-LIBRO-2023-1-768x512.jpg 768w, https:\/\/www.uartes.edu.ec\/sitio\/wp-content\/uploads\/2023\/11\/03-LIBRE-LIBRO-2023-1-1536x1024.jpg 1536w, https:\/\/www.uartes.edu.ec\/sitio\/wp-content\/uploads\/2023\/11\/03-LIBRE-LIBRO-2023-1-600x400.jpg 600w, https:\/\/www.uartes.edu.ec\/sitio\/wp-content\/uploads\/2023\/11\/03-LIBRE-LIBRO-2023-1-400x267.jpg 400w, https:\/\/www.uartes.edu.ec\/sitio\/wp-content\/uploads\/2023\/11\/03-LIBRE-LIBRO-2023-1-272x182.jpg 272w, https:\/\/www.uartes.edu.ec\/sitio\/wp-content\/uploads\/2023\/11\/03-LIBRE-LIBRO-2023-1.jpg 2000w\" sizes=\"(max-width: 644px) 100vw, 644px\" \/><\/figure>\n<\/div>\n\n\n<p>Ord\u00f3\u00f1ez comparti\u00f3 como testimonio el proyecto enfocado a la escritura y lectura iniciado en el marco de la pandemia y mientras realizaba su trabajo de titulaci\u00f3n. Se crearon espacios de lectura como \u201cPicnic Literario\u201d en 2022, donde los graduados tienen la oportunidad de compartir el gusto por la literatura mediante talleres de poes\u00eda y escritura creativa. Fue un gran aporte para la Escuela de Literatura y la Biblioteca de las Artes.<\/p>\n\n\n\n<p>Zambrano enfatiz\u00f3 que la universidad trabaja conjuntamente con la biblioteca para que el libro sea accesible para todos, pues la literatura genera espacios vitales para la comunidad. El tambi\u00e9n graduado Olmedo Guerra, actual tallerista UArtes, mencion\u00f3 que en la comunidad lectora tambi\u00e9n es importante trabajar la corporalidad en los territorios. As\u00ed, la gente se acerca m\u00e1s a la lectura mientras se expresa por medio de la escritura, anot\u00f3 y destac\u00f3 la importancia de compartir textos de autores nacionales, ind\u00edgenas y afroecuatorianos.<\/p>\n\n\n\n<p>\u201cSoy de la provincia de Esmeraldas, he trabajado con red lectoras en espacios que antes no eran utilizados para la lectura, como el museo de la ciudad de la que provengo, en conjunto con Yuliana Ortiz Ruano, la comunidad LGBT y artistas locales. He colaborado con la Fundaci\u00f3n Karibu (comunidad afrodescendiente) dictando el taller de escritura creativa y como resultado este grupo se ha transformado en uno que practica una cultura de paz y resistencia\u201d, precis\u00f3 Guerra.<\/p>\n\n\n<div class=\"wp-block-image\">\n<figure class=\"aligncenter size-large\"><img decoding=\"async\" width=\"644\" height=\"429\" src=\"https:\/\/www.uartes.edu.ec\/sitio\/wp-content\/uploads\/2023\/11\/06-LIBRE-LIBRO-2023-1-644x429.jpg\" alt=\"\" class=\"wp-image-48278\" srcset=\"https:\/\/www.uartes.edu.ec\/sitio\/wp-content\/uploads\/2023\/11\/06-LIBRE-LIBRO-2023-1-644x429.jpg 644w, https:\/\/www.uartes.edu.ec\/sitio\/wp-content\/uploads\/2023\/11\/06-LIBRE-LIBRO-2023-1-768x511.jpg 768w, https:\/\/www.uartes.edu.ec\/sitio\/wp-content\/uploads\/2023\/11\/06-LIBRE-LIBRO-2023-1.jpg 2000w, https:\/\/www.uartes.edu.ec\/sitio\/wp-content\/uploads\/2023\/11\/06-LIBRE-LIBRO-2023-1-600x399.jpg 600w, https:\/\/www.uartes.edu.ec\/sitio\/wp-content\/uploads\/2023\/11\/06-LIBRE-LIBRO-2023-1-272x182.jpg 272w\" sizes=\"(max-width: 644px) 100vw, 644px\" \/><\/figure>\n<\/div>\n\n\n<p>Miguel Pincay, otro de los panelistas, coment\u00f3 haber aplicado todos los conocimientos adquiridos en su carrera de Literatura al participar en un proyecto de mediaci\u00f3n lectora. Expuso, sin embargo, el dif\u00edcil acceso de los municipios locales en Isidro Ayora y Montalvo, pues las leyes relacionadas con la educaci\u00f3n, el libro y sus bibliotecas no se han renovado desde el 2015. Esto no lo desanim\u00f3 y en sus talleres de lectura aclara que no solo deben ser te\u00f3ricos, pues es necesario poner actividades para que la sociedad sea m\u00e1s participativa.<\/p>\n\n\n\n<p>Bel\u00e9n Varela manifest\u00f3 que la comunidad de las artes ha sido de gran ayuda en los proyectos de mediaci\u00f3n lectora, pues en la actualidad los padres de familia han comprendido que el libro es una herramienta fundamental que integra a la sociedad y en los ni\u00f1os permite desarrollar el pensamiento y la creatividad, en especial, en tiempos cruciales, como los pand\u00e9micos. Es tiempo de democratizar el libro para que las familias de escasos recursos puedan tener acceso a ellos, pero se requiere de la participaci\u00f3n de los principales actores de la educaci\u00f3n y cultura.<\/p>\n\n\n\n<p>Nicolas Goussas agradeci\u00f3 a la Universidad de las Artes por permitir que la comunidad tenga acceso a capacitaciones dictadas por especialistas de mediaci\u00f3n lectora, como el mag\u00edster chileno Felipe Munita. Esto le permiti\u00f3, dijo, desenvolverse en la Fundaci\u00f3n Karibu mientras brindaba talleres de escritura creativa a los ni\u00f1os y ni\u00f1as. Adem\u00e1s, al contar con compa\u00f1eros graduados aprendi\u00f3 sobre pol\u00edticas p\u00fablicas, pedagog\u00edas aplicadas a las artes y espacios p\u00fablicos.<\/p>\n\n\n\n<p>Ord\u00f3\u00f1ez hizo un llamado al Estado para que se permita la creaci\u00f3n de centros involucrados a la difusi\u00f3n del libro y la pr\u00e1ctica lectora, pero para ello es necesario realizar trabajos de campo y largos procesos educativos con la sociedad. La directora de la Escuela de Literatura concluy\u00f3 el conversatorio con la reflexi\u00f3n de que esta ciudad ha recuperado sus espacios p\u00fablicos, lo cual es reconfortante, y que la prioridad ahora es continuar con investigaciones que ayuden a la pr\u00e1ctica lectora<\/p>\n\n\n\n<p>Cobertura: Michael Medina, estudiante de la Escuela de Literatura.<\/p>","protected":false},"excerpt":{"rendered":"<p>Estudiantes, egresados y graduados de la Universidad de las Artes fueron los panelistas de un conversatorio cuyo t\u00edtulo hizo referencia a los 10 a\u00f1os de nuestra instituci\u00f3n de educaci\u00f3n superior y a la experiencia en la construcci\u00f3n de comunidades lectoras. Intervinieron Miguel \u00c1ngel Pincay, Bel\u00e9n Varela, Nicolas Goussas, Olmedo Guerra y Zully Ord\u00f3\u00f1ez, y como moderadora Mar\u00eda Alejandra Zambrano, directora de la Escuela de Literatura. El di\u00e1logo se dio en el marco de Libre Libro.<\/p>","protected":false},"author":10,"featured_media":48275,"comment_status":"open","ping_status":"open","sticky":false,"template":"","format":"standard","meta":{"_acf_changed":false,"_uag_custom_page_level_css":"","_monsterinsights_skip_tracking":false,"_monsterinsights_sitenote_active":false,"_monsterinsights_sitenote_note":"","_monsterinsights_sitenote_category":0,"cybocfi_hide_featured_image":"","footnotes":""},"categories":[80,490,75,76,77,175,83],"tags":[547],"infouartes":[],"class_list":["post-48274","post","type-post","status-publish","format-standard","has-post-thumbnail","hentry","category-academico","category-alumni","category-docentes","category-estudiantes","category-gestion","category-literatura","category-sedes","tag-libre-libro"],"acf":[],"yoast_head":"<!-- This site is optimized with the Yoast SEO plugin v27.4 - https:\/\/yoast.com\/product\/yoast-seo-wordpress\/ -->\n<title>Universidad de las Artes - Construyendo comunidades lectoras<\/title>\n<meta name=\"description\" content=\"Universidad de las Artes - Construyendo comunidades lectoras\" \/>\n<meta name=\"robots\" content=\"index, follow, max-snippet:-1, max-image-preview:large, max-video-preview:-1\" \/>\n<link rel=\"canonical\" href=\"https:\/\/www.uartes.edu.ec\/sitio\/en\/blog\/2023\/11\/08\/conversatorio-10-anos-de-la-uartesconstruyendo-comunidades-lectoras\/\" \/>\n<meta property=\"og:locale\" content=\"en_US\" \/>\n<meta property=\"og:type\" content=\"article\" \/>\n<meta property=\"og:title\" content=\"Universidad de las Artes - Construyendo comunidades lectoras\" \/>\n<meta property=\"og:description\" content=\"Universidad de las Artes - Construyendo comunidades lectoras\" \/>\n<meta property=\"og:url\" content=\"https:\/\/www.uartes.edu.ec\/sitio\/en\/blog\/2023\/11\/08\/conversatorio-10-anos-de-la-uartesconstruyendo-comunidades-lectoras\/\" \/>\n<meta property=\"og:site_name\" content=\"Universidad de las Artes\" \/>\n<meta property=\"article:publisher\" content=\"https:\/\/www.facebook.com\/uartesec\" \/>\n<meta property=\"article:published_time\" content=\"2023-11-09T00:29:00+00:00\" \/>\n<meta property=\"article:modified_time\" content=\"2025-08-07T14:55:40+00:00\" \/>\n<meta property=\"og:image\" content=\"https:\/\/www.uartes.edu.ec\/sitio\/wp-content\/uploads\/2023\/11\/04-LIBRE-LIBRO-2023.jpg\" \/>\n\t<meta property=\"og:image:width\" content=\"2000\" \/>\n\t<meta property=\"og:image:height\" content=\"1333\" \/>\n\t<meta property=\"og:image:type\" content=\"image\/jpeg\" \/>\n<meta name=\"author\" content=\"ccortez\" \/>\n<meta name=\"twitter:card\" content=\"summary_large_image\" \/>\n<meta name=\"twitter:creator\" content=\"@uartesec\" \/>\n<meta name=\"twitter:site\" content=\"@uartesec\" \/>\n<meta name=\"twitter:label1\" content=\"Written by\" \/>\n\t<meta name=\"twitter:data1\" content=\"ccortez\" \/>\n\t<meta name=\"twitter:label2\" content=\"Est. reading time\" \/>\n\t<meta name=\"twitter:data2\" content=\"4 minutes\" \/>\n<script type=\"application\/ld+json\" class=\"yoast-schema-graph\">{\"@context\":\"https:\\\/\\\/schema.org\",\"@graph\":[{\"@type\":\"Article\",\"@id\":\"https:\\\/\\\/www.uartes.edu.ec\\\/sitio\\\/en\\\/blog\\\/2023\\\/11\\\/08\\\/conversatorio-10-anos-de-la-uartesconstruyendo-comunidades-lectoras\\\/#article\",\"isPartOf\":{\"@id\":\"https:\\\/\\\/www.uartes.edu.ec\\\/sitio\\\/en\\\/blog\\\/2023\\\/11\\\/08\\\/conversatorio-10-anos-de-la-uartesconstruyendo-comunidades-lectoras\\\/\"},\"author\":{\"name\":\"ccortez\",\"@id\":\"https:\\\/\\\/www.uartes.edu.ec\\\/sitio\\\/en\\\/#\\\/schema\\\/person\\\/efa1b8275797664fd7f13a79ccc0b1f4\"},\"headline\":\"Construyendo comunidades lectoras\",\"datePublished\":\"2023-11-09T00:29:00+00:00\",\"dateModified\":\"2025-08-07T14:55:40+00:00\",\"mainEntityOfPage\":{\"@id\":\"https:\\\/\\\/www.uartes.edu.ec\\\/sitio\\\/en\\\/blog\\\/2023\\\/11\\\/08\\\/conversatorio-10-anos-de-la-uartesconstruyendo-comunidades-lectoras\\\/\"},\"wordCount\":812,\"commentCount\":0,\"publisher\":{\"@id\":\"https:\\\/\\\/www.uartes.edu.ec\\\/sitio\\\/en\\\/#organization\"},\"image\":{\"@id\":\"https:\\\/\\\/www.uartes.edu.ec\\\/sitio\\\/en\\\/blog\\\/2023\\\/11\\\/08\\\/conversatorio-10-anos-de-la-uartesconstruyendo-comunidades-lectoras\\\/#primaryimage\"},\"thumbnailUrl\":\"https:\\\/\\\/www.uartes.edu.ec\\\/sitio\\\/wp-content\\\/uploads\\\/2023\\\/11\\\/04-LIBRE-LIBRO-2023.jpg\",\"keywords\":[\"Libre Libro\"],\"articleSection\":[\"Acad\u00e9mico\",\"Alumni\",\"Docentes\",\"Estudiantes\",\"Gesti\u00f3n\",\"Literatura\",\"Sedes\"],\"inLanguage\":\"en-US\",\"potentialAction\":[{\"@type\":\"CommentAction\",\"name\":\"Comment\",\"target\":[\"https:\\\/\\\/www.uartes.edu.ec\\\/sitio\\\/en\\\/blog\\\/2023\\\/11\\\/08\\\/conversatorio-10-anos-de-la-uartesconstruyendo-comunidades-lectoras\\\/#respond\"]}]},{\"@type\":[\"WebPage\",\"ItemPage\"],\"@id\":\"https:\\\/\\\/www.uartes.edu.ec\\\/sitio\\\/en\\\/blog\\\/2023\\\/11\\\/08\\\/conversatorio-10-anos-de-la-uartesconstruyendo-comunidades-lectoras\\\/\",\"url\":\"https:\\\/\\\/www.uartes.edu.ec\\\/sitio\\\/en\\\/blog\\\/2023\\\/11\\\/08\\\/conversatorio-10-anos-de-la-uartesconstruyendo-comunidades-lectoras\\\/\",\"name\":\"Universidad de las Artes - Construyendo comunidades lectoras\",\"isPartOf\":{\"@id\":\"https:\\\/\\\/www.uartes.edu.ec\\\/sitio\\\/en\\\/#website\"},\"primaryImageOfPage\":{\"@id\":\"https:\\\/\\\/www.uartes.edu.ec\\\/sitio\\\/en\\\/blog\\\/2023\\\/11\\\/08\\\/conversatorio-10-anos-de-la-uartesconstruyendo-comunidades-lectoras\\\/#primaryimage\"},\"image\":{\"@id\":\"https:\\\/\\\/www.uartes.edu.ec\\\/sitio\\\/en\\\/blog\\\/2023\\\/11\\\/08\\\/conversatorio-10-anos-de-la-uartesconstruyendo-comunidades-lectoras\\\/#primaryimage\"},\"thumbnailUrl\":\"https:\\\/\\\/www.uartes.edu.ec\\\/sitio\\\/wp-content\\\/uploads\\\/2023\\\/11\\\/04-LIBRE-LIBRO-2023.jpg\",\"datePublished\":\"2023-11-09T00:29:00+00:00\",\"dateModified\":\"2025-08-07T14:55:40+00:00\",\"description\":\"Universidad de las Artes - Construyendo comunidades lectoras\",\"breadcrumb\":{\"@id\":\"https:\\\/\\\/www.uartes.edu.ec\\\/sitio\\\/en\\\/blog\\\/2023\\\/11\\\/08\\\/conversatorio-10-anos-de-la-uartesconstruyendo-comunidades-lectoras\\\/#breadcrumb\"},\"inLanguage\":\"en-US\",\"potentialAction\":[{\"@type\":\"ReadAction\",\"target\":[\"https:\\\/\\\/www.uartes.edu.ec\\\/sitio\\\/en\\\/blog\\\/2023\\\/11\\\/08\\\/conversatorio-10-anos-de-la-uartesconstruyendo-comunidades-lectoras\\\/\"]}]},{\"@type\":\"ImageObject\",\"inLanguage\":\"en-US\",\"@id\":\"https:\\\/\\\/www.uartes.edu.ec\\\/sitio\\\/en\\\/blog\\\/2023\\\/11\\\/08\\\/conversatorio-10-anos-de-la-uartesconstruyendo-comunidades-lectoras\\\/#primaryimage\",\"url\":\"https:\\\/\\\/www.uartes.edu.ec\\\/sitio\\\/wp-content\\\/uploads\\\/2023\\\/11\\\/04-LIBRE-LIBRO-2023.jpg\",\"contentUrl\":\"https:\\\/\\\/www.uartes.edu.ec\\\/sitio\\\/wp-content\\\/uploads\\\/2023\\\/11\\\/04-LIBRE-LIBRO-2023.jpg\",\"width\":2000,\"height\":1333},{\"@type\":\"BreadcrumbList\",\"@id\":\"https:\\\/\\\/www.uartes.edu.ec\\\/sitio\\\/en\\\/blog\\\/2023\\\/11\\\/08\\\/conversatorio-10-anos-de-la-uartesconstruyendo-comunidades-lectoras\\\/#breadcrumb\",\"itemListElement\":[{\"@type\":\"ListItem\",\"position\":1,\"name\":\"Inicio\",\"item\":\"https:\\\/\\\/www.uartes.edu.ec\\\/sitio\\\/\"},{\"@type\":\"ListItem\",\"position\":2,\"name\":\"Construyendo comunidades lectoras\"}]},{\"@type\":\"WebSite\",\"@id\":\"https:\\\/\\\/www.uartes.edu.ec\\\/sitio\\\/en\\\/#website\",\"url\":\"https:\\\/\\\/www.uartes.edu.ec\\\/sitio\\\/en\\\/\",\"name\":\"Universidad de las Artes\",\"description\":\"Sitio oficial de la Universidad Nacional de las Artes del Ecuador\",\"publisher\":{\"@id\":\"https:\\\/\\\/www.uartes.edu.ec\\\/sitio\\\/en\\\/#organization\"},\"potentialAction\":[{\"@type\":\"SearchAction\",\"target\":{\"@type\":\"EntryPoint\",\"urlTemplate\":\"https:\\\/\\\/www.uartes.edu.ec\\\/sitio\\\/en\\\/?s={search_term_string}\"},\"query-input\":{\"@type\":\"PropertyValueSpecification\",\"valueRequired\":true,\"valueName\":\"search_term_string\"}}],\"inLanguage\":\"en-US\"},{\"@type\":\"Organization\",\"@id\":\"https:\\\/\\\/www.uartes.edu.ec\\\/sitio\\\/en\\\/#organization\",\"name\":\"Universidad de las Artes\",\"url\":\"https:\\\/\\\/www.uartes.edu.ec\\\/sitio\\\/en\\\/\",\"logo\":{\"@type\":\"ImageObject\",\"inLanguage\":\"en-US\",\"@id\":\"https:\\\/\\\/www.uartes.edu.ec\\\/sitio\\\/en\\\/#\\\/schema\\\/logo\\\/image\\\/\",\"url\":\"https:\\\/\\\/www.uartes.edu.ec\\\/sitio\\\/wp-content\\\/uploads\\\/2022\\\/07\\\/logo-ua-horizontal.png\",\"contentUrl\":\"https:\\\/\\\/www.uartes.edu.ec\\\/sitio\\\/wp-content\\\/uploads\\\/2022\\\/07\\\/logo-ua-horizontal.png\",\"width\":800,\"height\":276,\"caption\":\"Universidad de las Artes\"},\"image\":{\"@id\":\"https:\\\/\\\/www.uartes.edu.ec\\\/sitio\\\/en\\\/#\\\/schema\\\/logo\\\/image\\\/\"},\"sameAs\":[\"https:\\\/\\\/www.facebook.com\\\/uartesec\",\"https:\\\/\\\/x.com\\\/uartesec\",\"https:\\\/\\\/www.tiktok.com\\\/@uartesec\"]},{\"@type\":\"Person\",\"@id\":\"https:\\\/\\\/www.uartes.edu.ec\\\/sitio\\\/en\\\/#\\\/schema\\\/person\\\/efa1b8275797664fd7f13a79ccc0b1f4\",\"name\":\"ccortez\",\"image\":{\"@type\":\"ImageObject\",\"inLanguage\":\"en-US\",\"@id\":\"https:\\\/\\\/secure.gravatar.com\\\/avatar\\\/b2a6f664a3ae8e074346ef91775736c5ec479e637ecced6842de9dc98b5da9cd?s=96&d=mm&r=g\",\"url\":\"https:\\\/\\\/secure.gravatar.com\\\/avatar\\\/b2a6f664a3ae8e074346ef91775736c5ec479e637ecced6842de9dc98b5da9cd?s=96&d=mm&r=g\",\"contentUrl\":\"https:\\\/\\\/secure.gravatar.com\\\/avatar\\\/b2a6f664a3ae8e074346ef91775736c5ec479e637ecced6842de9dc98b5da9cd?s=96&d=mm&r=g\",\"caption\":\"ccortez\"},\"url\":\"https:\\\/\\\/www.uartes.edu.ec\\\/sitio\\\/en\\\/blog\\\/author\\\/ccortez\\\/\"}]}<\/script>\n<!-- \/ Yoast SEO plugin. -->","yoast_head_json":{"title":"Universidad de las Artes - Construyendo comunidades lectoras","description":"Universidad de las Artes - Construyendo comunidades lectoras","robots":{"index":"index","follow":"follow","max-snippet":"max-snippet:-1","max-image-preview":"max-image-preview:large","max-video-preview":"max-video-preview:-1"},"canonical":"https:\/\/www.uartes.edu.ec\/sitio\/en\/blog\/2023\/11\/08\/conversatorio-10-anos-de-la-uartesconstruyendo-comunidades-lectoras\/","og_locale":"en_US","og_type":"article","og_title":"Universidad de las Artes - Construyendo comunidades lectoras","og_description":"Universidad de las Artes - Construyendo comunidades lectoras","og_url":"https:\/\/www.uartes.edu.ec\/sitio\/en\/blog\/2023\/11\/08\/conversatorio-10-anos-de-la-uartesconstruyendo-comunidades-lectoras\/","og_site_name":"Universidad de las Artes","article_publisher":"https:\/\/www.facebook.com\/uartesec","article_published_time":"2023-11-09T00:29:00+00:00","article_modified_time":"2025-08-07T14:55:40+00:00","og_image":[{"width":2000,"height":1333,"url":"https:\/\/www.uartes.edu.ec\/sitio\/wp-content\/uploads\/2023\/11\/04-LIBRE-LIBRO-2023.jpg","type":"image\/jpeg"}],"author":"ccortez","twitter_card":"summary_large_image","twitter_creator":"@uartesec","twitter_site":"@uartesec","twitter_misc":{"Written by":"ccortez","Est. reading time":"4 minutes"},"schema":{"@context":"https:\/\/schema.org","@graph":[{"@type":"Article","@id":"https:\/\/www.uartes.edu.ec\/sitio\/en\/blog\/2023\/11\/08\/conversatorio-10-anos-de-la-uartesconstruyendo-comunidades-lectoras\/#article","isPartOf":{"@id":"https:\/\/www.uartes.edu.ec\/sitio\/en\/blog\/2023\/11\/08\/conversatorio-10-anos-de-la-uartesconstruyendo-comunidades-lectoras\/"},"author":{"name":"ccortez","@id":"https:\/\/www.uartes.edu.ec\/sitio\/en\/#\/schema\/person\/efa1b8275797664fd7f13a79ccc0b1f4"},"headline":"Construyendo comunidades lectoras","datePublished":"2023-11-09T00:29:00+00:00","dateModified":"2025-08-07T14:55:40+00:00","mainEntityOfPage":{"@id":"https:\/\/www.uartes.edu.ec\/sitio\/en\/blog\/2023\/11\/08\/conversatorio-10-anos-de-la-uartesconstruyendo-comunidades-lectoras\/"},"wordCount":812,"commentCount":0,"publisher":{"@id":"https:\/\/www.uartes.edu.ec\/sitio\/en\/#organization"},"image":{"@id":"https:\/\/www.uartes.edu.ec\/sitio\/en\/blog\/2023\/11\/08\/conversatorio-10-anos-de-la-uartesconstruyendo-comunidades-lectoras\/#primaryimage"},"thumbnailUrl":"https:\/\/www.uartes.edu.ec\/sitio\/wp-content\/uploads\/2023\/11\/04-LIBRE-LIBRO-2023.jpg","keywords":["Libre Libro"],"articleSection":["Acad\u00e9mico","Alumni","Docentes","Estudiantes","Gesti\u00f3n","Literatura","Sedes"],"inLanguage":"en-US","potentialAction":[{"@type":"CommentAction","name":"Comment","target":["https:\/\/www.uartes.edu.ec\/sitio\/en\/blog\/2023\/11\/08\/conversatorio-10-anos-de-la-uartesconstruyendo-comunidades-lectoras\/#respond"]}]},{"@type":["WebPage","ItemPage"],"@id":"https:\/\/www.uartes.edu.ec\/sitio\/en\/blog\/2023\/11\/08\/conversatorio-10-anos-de-la-uartesconstruyendo-comunidades-lectoras\/","url":"https:\/\/www.uartes.edu.ec\/sitio\/en\/blog\/2023\/11\/08\/conversatorio-10-anos-de-la-uartesconstruyendo-comunidades-lectoras\/","name":"Universidad de las Artes - Construyendo comunidades lectoras","isPartOf":{"@id":"https:\/\/www.uartes.edu.ec\/sitio\/en\/#website"},"primaryImageOfPage":{"@id":"https:\/\/www.uartes.edu.ec\/sitio\/en\/blog\/2023\/11\/08\/conversatorio-10-anos-de-la-uartesconstruyendo-comunidades-lectoras\/#primaryimage"},"image":{"@id":"https:\/\/www.uartes.edu.ec\/sitio\/en\/blog\/2023\/11\/08\/conversatorio-10-anos-de-la-uartesconstruyendo-comunidades-lectoras\/#primaryimage"},"thumbnailUrl":"https:\/\/www.uartes.edu.ec\/sitio\/wp-content\/uploads\/2023\/11\/04-LIBRE-LIBRO-2023.jpg","datePublished":"2023-11-09T00:29:00+00:00","dateModified":"2025-08-07T14:55:40+00:00","description":"Universidad de las Artes - Construyendo comunidades lectoras","breadcrumb":{"@id":"https:\/\/www.uartes.edu.ec\/sitio\/en\/blog\/2023\/11\/08\/conversatorio-10-anos-de-la-uartesconstruyendo-comunidades-lectoras\/#breadcrumb"},"inLanguage":"en-US","potentialAction":[{"@type":"ReadAction","target":["https:\/\/www.uartes.edu.ec\/sitio\/en\/blog\/2023\/11\/08\/conversatorio-10-anos-de-la-uartesconstruyendo-comunidades-lectoras\/"]}]},{"@type":"ImageObject","inLanguage":"en-US","@id":"https:\/\/www.uartes.edu.ec\/sitio\/en\/blog\/2023\/11\/08\/conversatorio-10-anos-de-la-uartesconstruyendo-comunidades-lectoras\/#primaryimage","url":"https:\/\/www.uartes.edu.ec\/sitio\/wp-content\/uploads\/2023\/11\/04-LIBRE-LIBRO-2023.jpg","contentUrl":"https:\/\/www.uartes.edu.ec\/sitio\/wp-content\/uploads\/2023\/11\/04-LIBRE-LIBRO-2023.jpg","width":2000,"height":1333},{"@type":"BreadcrumbList","@id":"https:\/\/www.uartes.edu.ec\/sitio\/en\/blog\/2023\/11\/08\/conversatorio-10-anos-de-la-uartesconstruyendo-comunidades-lectoras\/#breadcrumb","itemListElement":[{"@type":"ListItem","position":1,"name":"Inicio","item":"https:\/\/www.uartes.edu.ec\/sitio\/"},{"@type":"ListItem","position":2,"name":"Construyendo comunidades lectoras"}]},{"@type":"WebSite","@id":"https:\/\/www.uartes.edu.ec\/sitio\/en\/#website","url":"https:\/\/www.uartes.edu.ec\/sitio\/en\/","name":"Universidad de las Artes","description":"Sitio oficial de la Universidad Nacional de las Artes del Ecuador","publisher":{"@id":"https:\/\/www.uartes.edu.ec\/sitio\/en\/#organization"},"potentialAction":[{"@type":"SearchAction","target":{"@type":"EntryPoint","urlTemplate":"https:\/\/www.uartes.edu.ec\/sitio\/en\/?s={search_term_string}"},"query-input":{"@type":"PropertyValueSpecification","valueRequired":true,"valueName":"search_term_string"}}],"inLanguage":"en-US"},{"@type":"Organization","@id":"https:\/\/www.uartes.edu.ec\/sitio\/en\/#organization","name":"Universidad de las Artes","url":"https:\/\/www.uartes.edu.ec\/sitio\/en\/","logo":{"@type":"ImageObject","inLanguage":"en-US","@id":"https:\/\/www.uartes.edu.ec\/sitio\/en\/#\/schema\/logo\/image\/","url":"https:\/\/www.uartes.edu.ec\/sitio\/wp-content\/uploads\/2022\/07\/logo-ua-horizontal.png","contentUrl":"https:\/\/www.uartes.edu.ec\/sitio\/wp-content\/uploads\/2022\/07\/logo-ua-horizontal.png","width":800,"height":276,"caption":"Universidad de las Artes"},"image":{"@id":"https:\/\/www.uartes.edu.ec\/sitio\/en\/#\/schema\/logo\/image\/"},"sameAs":["https:\/\/www.facebook.com\/uartesec","https:\/\/x.com\/uartesec","https:\/\/www.tiktok.com\/@uartesec"]},{"@type":"Person","@id":"https:\/\/www.uartes.edu.ec\/sitio\/en\/#\/schema\/person\/efa1b8275797664fd7f13a79ccc0b1f4","name":"ccortez","image":{"@type":"ImageObject","inLanguage":"en-US","@id":"https:\/\/secure.gravatar.com\/avatar\/b2a6f664a3ae8e074346ef91775736c5ec479e637ecced6842de9dc98b5da9cd?s=96&d=mm&r=g","url":"https:\/\/secure.gravatar.com\/avatar\/b2a6f664a3ae8e074346ef91775736c5ec479e637ecced6842de9dc98b5da9cd?s=96&d=mm&r=g","contentUrl":"https:\/\/secure.gravatar.com\/avatar\/b2a6f664a3ae8e074346ef91775736c5ec479e637ecced6842de9dc98b5da9cd?s=96&d=mm&r=g","caption":"ccortez"},"url":"https:\/\/www.uartes.edu.ec\/sitio\/en\/blog\/author\/ccortez\/"}]}},"uagb_featured_image_src":{"full":["https:\/\/www.uartes.edu.ec\/sitio\/wp-content\/uploads\/2023\/11\/04-LIBRE-LIBRO-2023.jpg",2000,1333,false],"thumbnail":["https:\/\/www.uartes.edu.ec\/sitio\/wp-content\/uploads\/2023\/11\/04-LIBRE-LIBRO-2023-150x150.jpg",150,150,true],"medium":["https:\/\/www.uartes.edu.ec\/sitio\/wp-content\/uploads\/2023\/11\/04-LIBRE-LIBRO-2023-300x200.jpg",300,200,true],"medium_large":["https:\/\/www.uartes.edu.ec\/sitio\/wp-content\/uploads\/2023\/11\/04-LIBRE-LIBRO-2023-768x512.jpg",768,512,true],"large":["https:\/\/www.uartes.edu.ec\/sitio\/wp-content\/uploads\/2023\/11\/04-LIBRE-LIBRO-2023-644x429.jpg",644,429,true],"1536x1536":["https:\/\/www.uartes.edu.ec\/sitio\/wp-content\/uploads\/2023\/11\/04-LIBRE-LIBRO-2023-1536x1024.jpg",1536,1024,true],"2048x2048":["https:\/\/www.uartes.edu.ec\/sitio\/wp-content\/uploads\/2023\/11\/04-LIBRE-LIBRO-2023.jpg",2000,1333,false],"trp-custom-language-flag":["https:\/\/www.uartes.edu.ec\/sitio\/wp-content\/uploads\/2023\/11\/04-LIBRE-LIBRO-2023.jpg",18,12,false],"htmega_size_585x295":["https:\/\/www.uartes.edu.ec\/sitio\/wp-content\/uploads\/2023\/11\/04-LIBRE-LIBRO-2023-585x295.jpg",585,295,true],"htmega_size_1170x536":["https:\/\/www.uartes.edu.ec\/sitio\/wp-content\/uploads\/2023\/11\/04-LIBRE-LIBRO-2023-1170x536.jpg",1170,536,true],"htmega_size_396x360":["https:\/\/www.uartes.edu.ec\/sitio\/wp-content\/uploads\/2023\/11\/04-LIBRE-LIBRO-2023-396x360.jpg",396,360,true],"gb-block-post-grid-landscape":["https:\/\/www.uartes.edu.ec\/sitio\/wp-content\/uploads\/2023\/11\/04-LIBRE-LIBRO-2023-600x400.jpg",600,400,true],"gb-block-post-grid-square":["https:\/\/www.uartes.edu.ec\/sitio\/wp-content\/uploads\/2023\/11\/04-LIBRE-LIBRO-2023-600x600.jpg",600,600,true],"university-hub-thumb":["https:\/\/www.uartes.edu.ec\/sitio\/wp-content\/uploads\/2023\/11\/04-LIBRE-LIBRO-2023-400x267.jpg",400,267,true]},"uagb_author_info":{"display_name":"ccortez","author_link":"https:\/\/www.uartes.edu.ec\/sitio\/en\/blog\/author\/ccortez\/"},"uagb_comment_info":0,"uagb_excerpt":"Estudiantes, egresados y graduados de la Universidad de las Artes fueron los panelistas de un conversatorio cuyo t\u00edtulo hizo referencia a los 10 a\u00f1os de nuestra instituci\u00f3n de educaci\u00f3n superior y a la experiencia en la construcci\u00f3n de comunidades lectoras. Intervinieron Miguel \u00c1ngel Pincay, Bel\u00e9n Varela, Nicolas Goussas, Olmedo Guerra y Zully Ord\u00f3\u00f1ez, y como&hellip;","featured_image_src":"https:\/\/www.uartes.edu.ec\/sitio\/wp-content\/uploads\/2023\/11\/04-LIBRE-LIBRO-2023-600x400.jpg","featured_image_src_square":"https:\/\/www.uartes.edu.ec\/sitio\/wp-content\/uploads\/2023\/11\/04-LIBRE-LIBRO-2023-600x600.jpg","author_info":{"display_name":"ccortez","author_link":"https:\/\/www.uartes.edu.ec\/sitio\/en\/blog\/author\/ccortez\/"},"publishpress_future_workflow_manual_trigger":{"enabledWorkflows":[]},"distributor_meta":false,"distributor_terms":false,"distributor_media":false,"distributor_original_site_name":"Universidad de las Artes","distributor_original_site_url":"https:\/\/www.uartes.edu.ec\/sitio\/en","push-errors":false,"_links":{"self":[{"href":"https:\/\/www.uartes.edu.ec\/sitio\/en\/wp-json\/wp\/v2\/posts\/48274","targetHints":{"allow":["GET"]}}],"collection":[{"href":"https:\/\/www.uartes.edu.ec\/sitio\/en\/wp-json\/wp\/v2\/posts"}],"about":[{"href":"https:\/\/www.uartes.edu.ec\/sitio\/en\/wp-json\/wp\/v2\/types\/post"}],"author":[{"embeddable":true,"href":"https:\/\/www.uartes.edu.ec\/sitio\/en\/wp-json\/wp\/v2\/users\/10"}],"replies":[{"embeddable":true,"href":"https:\/\/www.uartes.edu.ec\/sitio\/en\/wp-json\/wp\/v2\/comments?post=48274"}],"version-history":[{"count":5,"href":"https:\/\/www.uartes.edu.ec\/sitio\/en\/wp-json\/wp\/v2\/posts\/48274\/revisions"}],"predecessor-version":[{"id":76378,"href":"https:\/\/www.uartes.edu.ec\/sitio\/en\/wp-json\/wp\/v2\/posts\/48274\/revisions\/76378"}],"wp:featuredmedia":[{"embeddable":true,"href":"https:\/\/www.uartes.edu.ec\/sitio\/en\/wp-json\/wp\/v2\/media\/48275"}],"wp:attachment":[{"href":"https:\/\/www.uartes.edu.ec\/sitio\/en\/wp-json\/wp\/v2\/media?parent=48274"}],"wp:term":[{"taxonomy":"category","embeddable":true,"href":"https:\/\/www.uartes.edu.ec\/sitio\/en\/wp-json\/wp\/v2\/categories?post=48274"},{"taxonomy":"post_tag","embeddable":true,"href":"https:\/\/www.uartes.edu.ec\/sitio\/en\/wp-json\/wp\/v2\/tags?post=48274"},{"taxonomy":"infouartes","embeddable":true,"href":"https:\/\/www.uartes.edu.ec\/sitio\/en\/wp-json\/wp\/v2\/infouartes?post=48274"}],"curies":[{"name":"wp","href":"https:\/\/api.w.org\/{rel}","templated":true}]}}