{"id":48836,"date":"2023-12-12T10:22:42","date_gmt":"2023-12-12T15:22:42","guid":{"rendered":"https:\/\/www.uartes.edu.ec\/sitio\/?p=48836"},"modified":"2024-07-04T11:20:20","modified_gmt":"2024-07-04T16:20:20","slug":"sesion-solemne-por-los-10-anos-de-creacion-de-la-universidad-de-las-artes","status":"publish","type":"post","link":"https:\/\/www.uartes.edu.ec\/sitio\/en\/blog\/2023\/12\/12\/sesion-solemne-por-los-10-anos-de-creacion-de-la-universidad-de-las-artes\/","title":{"rendered":"Sesi\u00f3n solemne por los 10 a\u00f1os de creaci\u00f3n de la Universidad de las Artes"},"content":{"rendered":"<p>En comunidad y en v\u00ednculo con autoridades seccionales, universitarias y representantes de las organizaciones con las que mantiene convenios y trabaja en conjunto, la Universidad de las Artes celebr\u00f3 10 a\u00f1os de su creaci\u00f3n por Ley. La sesi\u00f3n solemne tuvo lugar el jueves 7 de diciembre de 2023 en el Pasaje Illingworth del Palacio de la Gobernaci\u00f3n, all\u00ed donde dio sus primeros pasos, como lo anot\u00f3 en su intervenci\u00f3n el rector William Herrera.<\/p>\n\n\n\n<p>Junto al rector integraron la mesa directiva, la vicealcaldesa de Guayaquil, Blanca L\u00f3pez; la vicerrectora de Posgrado e Investigaci\u00f3n en Artes, Olga L\u00f3pez; el vicerrector acad\u00e9mico, Bradley Hilgert; y, el presidente del Consejo de Educaci\u00f3n Superior (CES), Pablo Beltr\u00e1n. Entre los presentes, directores de las escuelas UArtes y miembros del \u00d3rgano Colegiado Superior, delegados de gobiernos locales, rectores de varias instituciones de educaci\u00f3n superior, representantes del Sistema Nacional de Cultura y de organizaciones y colectivos, as\u00ed como estudiantes, personal acad\u00e9mico, administrativo y trabajadores de la Universidad de las Artes.<\/p>\n\n\n<div class=\"wp-block-image\">\n<figure class=\"aligncenter size-large\"><img fetchpriority=\"high\" decoding=\"async\" width=\"644\" height=\"429\" src=\"https:\/\/www.uartes.edu.ec\/sitio\/wp-content\/uploads\/2023\/12\/21-SESION-10mo-MESA-PRINCIPAL-FALTA-UNO-1-644x429.jpg\" alt=\"\" class=\"wp-image-48838\" srcset=\"https:\/\/www.uartes.edu.ec\/sitio\/wp-content\/uploads\/2023\/12\/21-SESION-10mo-MESA-PRINCIPAL-FALTA-UNO-1-644x429.jpg 644w, https:\/\/www.uartes.edu.ec\/sitio\/wp-content\/uploads\/2023\/12\/21-SESION-10mo-MESA-PRINCIPAL-FALTA-UNO-1-768x511.jpg 768w, https:\/\/www.uartes.edu.ec\/sitio\/wp-content\/uploads\/2023\/12\/21-SESION-10mo-MESA-PRINCIPAL-FALTA-UNO-1.jpg 2000w, https:\/\/www.uartes.edu.ec\/sitio\/wp-content\/uploads\/2023\/12\/21-SESION-10mo-MESA-PRINCIPAL-FALTA-UNO-1-600x399.jpg 600w, https:\/\/www.uartes.edu.ec\/sitio\/wp-content\/uploads\/2023\/12\/21-SESION-10mo-MESA-PRINCIPAL-FALTA-UNO-1-272x182.jpg 272w\" sizes=\"(max-width: 644px) 100vw, 644px\" \/><\/figure>\n<\/div>\n\n\n<p>Janina Su\u00e1rez, jefa de Pr\u00e1cticas Preprofesionales, y Ronny Ramos, de la Direcci\u00f3n de Vinculaci\u00f3n con la Sociedad, condujeron el acto. La entonaci\u00f3n del Himno Nacional, interpretado por las estudiantes Mar\u00eda Jos\u00e9 Carbo y Sarah Barriga, y en el piano el docente Omar Dom\u00ednguez, dio paso al discurso del rector, quien destac\u00f3 que la sesi\u00f3n solemne era un acto de reconocimiento a todas las personas que han aportado con su compromiso, trabajo, ideas e ilusiones a la construcci\u00f3n de este proyecto que conocemos hoy como la Universidad de las Artes del Ecuador.&nbsp;<\/p>\n\n\n\n<p>William Herrera se refiri\u00f3, entre otros puntos, al crecimiento de la UArtes en su oferta acad\u00e9mica de grado y posgrado, en su infraestructura con la rehabilitaci\u00f3n de edificios patrimoniales en el centro de Guayaquil, en sus propuestas de investigaci\u00f3n art\u00edstica y vinculaci\u00f3n con la sociedad y, sobre todo, por su comunidad.<\/p>\n\n\n\n<p>En sus palabras hubo emoci\u00f3n, la cual se fue incrementando a lo largo de la solemne jornada. Agradecida por la invitaci\u00f3n, en su intervenci\u00f3n la vicealcaldesa de Guayaquil, Blanca L\u00f3pez, felicit\u00f3 a los UArtes, su comunidad y autoridades por el aniversario e hizo referencia a la presencia de los rectores de las diferentes universidades y a los representantes y delegados de otras instituciones.<\/p>\n\n\n\t\t\t\t\t<div\n\t\t\t\t\t\tclass=\"wp-block-uagb-image-gallery uagb-block-24ace3a3\"\n\t\t\t\t\t\tstyle=\"\"\n\t\t\t\t\t>\n\t\t\t\t\t\t\t\t\t\t\t<div class=\"spectra-image-gallery spectra-image-gallery__layout--grid spectra-image-gallery__layout--grid-col-2 spectra-image-gallery__layout--grid-col-tab-2 spectra-image-gallery__layout--grid-col-mob-2\">\n\t\t\t\t\t\t\t\t\t\t\t<div class='spectra-image-gallery__media-wrapper' data-spectra-gallery-image-id='48842' tabindex=\"0\">\n\t\t\t\t\t\t\t<div class=\"spectra-image-gallery__media spectra-image-gallery__media--grid\">\n\t\t\t\t<picture>\n\t\t\t\t\t<source media=\"(min-width: 1024px)\" srcset=\"https:\/\/www.uartes.edu.ec\/sitio\/wp-content\/uploads\/2023\/12\/22-SESION-10mo-WILLIAM-HERRERA-644x429.jpg\">\n\t\t\t\t\t<source media=\"(min-width: 768px)\" srcset=\"https:\/\/www.uartes.edu.ec\/sitio\/wp-content\/uploads\/2023\/12\/22-SESION-10mo-WILLIAM-HERRERA-644x429.jpg\">\n\t\t\t\t\t<img decoding=\"async\" class=\"spectra-image-gallery__media-thumbnail spectra-image-gallery__media-thumbnail--grid\" src=\"https:\/\/www.uartes.edu.ec\/sitio\/wp-content\/uploads\/2023\/12\/22-SESION-10mo-WILLIAM-HERRERA-300x200.jpg\" alt=\"\" loading=\"lazy\" \/>\n\t\t\t\t<\/picture>\n\t\t\t\t<div class=\"spectra-image-gallery__media-thumbnail-blurrer\"><\/div>\n\t\t\t\t\t\t\t\t\t\t\t<div class=\"spectra-image-gallery__media-thumbnail-caption-wrapper spectra-image-gallery__media-thumbnail-caption-wrapper--overlay\">\n\t\t\t\t\t\t\t\t\t\t\t<div class=\"spectra-image-gallery__media-thumbnail-caption spectra-image-gallery__media-thumbnail-caption--overlay\">\n\t\t\t\t\tNo Caption\t\t\t\t<\/div>\n\t\t\t\t\t\t\t\t\t\t<\/div>\n\t\t\t\t\t\t\t\t\t<\/div>\n\t\t\t\t\t\t<\/div>\n\t\t\t\t\t\t<div class='spectra-image-gallery__media-wrapper' data-spectra-gallery-image-id='48839' tabindex=\"0\">\n\t\t\t\t\t\t\t<div class=\"spectra-image-gallery__media spectra-image-gallery__media--grid\">\n\t\t\t\t<picture>\n\t\t\t\t\t<source media=\"(min-width: 1024px)\" srcset=\"https:\/\/www.uartes.edu.ec\/sitio\/wp-content\/uploads\/2023\/12\/13-SESION-10mo-ANIVERSARIO-644x429.jpg\">\n\t\t\t\t\t<source media=\"(min-width: 768px)\" srcset=\"https:\/\/www.uartes.edu.ec\/sitio\/wp-content\/uploads\/2023\/12\/13-SESION-10mo-ANIVERSARIO-644x429.jpg\">\n\t\t\t\t\t<img decoding=\"async\" class=\"spectra-image-gallery__media-thumbnail spectra-image-gallery__media-thumbnail--grid\" src=\"https:\/\/www.uartes.edu.ec\/sitio\/wp-content\/uploads\/2023\/12\/13-SESION-10mo-ANIVERSARIO-300x300.jpg\" alt=\"\" loading=\"lazy\" \/>\n\t\t\t\t<\/picture>\n\t\t\t\t<div class=\"spectra-image-gallery__media-thumbnail-blurrer\"><\/div>\n\t\t\t\t\t\t\t\t\t\t\t<div class=\"spectra-image-gallery__media-thumbnail-caption-wrapper spectra-image-gallery__media-thumbnail-caption-wrapper--overlay\">\n\t\t\t\t\t\t\t\t\t\t\t<div class=\"spectra-image-gallery__media-thumbnail-caption spectra-image-gallery__media-thumbnail-caption--overlay\">\n\t\t\t\t\tNo Caption\t\t\t\t<\/div>\n\t\t\t\t\t\t\t\t\t\t<\/div>\n\t\t\t\t\t\t\t\t\t<\/div>\n\t\t\t\t\t\t<\/div>\n\t\t\t\t\t\t\t\t\t\t<\/div>\n\t\t\t\t\t\t\t\t\t\t\t\t\t\t\t\t\t\t<\/div>\n\t\t\t\t\t\t\t\t\t\n\n\n<p>Destac\u00f3 la decisi\u00f3n hist\u00f3rica de hace de 10 a\u00f1os de crear una universidad p\u00fablica especializada en artes. No pudo haberse convertido en realidad sin el aporte de aquellos que creen que la universidad p\u00fablica en artes es un derecho y que gracias a la voluntad pol\u00edtica naci\u00f3 en 2013 como una utop\u00eda que ha trascendido. \u201cSomos conscientes de que cualquier proyecto necesita cimientos robustos\u201d, anot\u00f3 y se\u00f1al\u00f3 el apoyo de la actual administraci\u00f3n municipal de la que es parte a la universidad y sus propuestas.<\/p>\n\n\n\n<p>Esos cimientos van conectados alrededor de los j\u00f3venes guayaquile\u00f1os y de la patria entera porque el arte es y debe ser contestatario con la realidad, especialmente con la realidad que hoy vive el pa\u00eds. \u201cEs m\u00e1s sencillo transitar todo este recorrido si contamos con las alianzas adecuadas, por eso me complace comentarles que desde el primer d\u00eda de nuestra administraci\u00f3n nos hemos convertido en aliados de la Universidad de las Artes\u201d, dijo L\u00f3pez y record\u00f3 la participaci\u00f3n conjunta en el simb\u00f3lico acto de tomarse los espacios p\u00fablicos como conjuntamente se hizo en junio pasado en la Plaza de la Administraci\u00f3n.<\/p>\n\n\n\n<p>\u201cJ\u00f3venes estudiantes estrenaron sus canciones en los escenarios dispuestos, donde recibieron la atenta mirada de un p\u00fablico que acudi\u00f3 a admirar su arte\u201d, precis\u00f3 la vicealcaldesa ratificando el compromiso del trabajo conjunto \u201cporque la educaci\u00f3n en artes es un derecho\u201d.<\/p>\n\n\n\t\t\t\t\t<div\n\t\t\t\t\t\tclass=\"wp-block-uagb-image-gallery uagb-block-02a050c4\"\n\t\t\t\t\t\tstyle=\"\"\n\t\t\t\t\t>\n\t\t\t\t\t\t\t\t\t\t\t<div class=\"spectra-image-gallery spectra-image-gallery__layout--grid spectra-image-gallery__layout--grid-col-2 spectra-image-gallery__layout--grid-col-tab-2 spectra-image-gallery__layout--grid-col-mob-2\">\n\t\t\t\t\t\t\t\t\t\t\t<div class='spectra-image-gallery__media-wrapper' data-spectra-gallery-image-id='48840' tabindex=\"0\">\n\t\t\t\t\t\t\t<div class=\"spectra-image-gallery__media spectra-image-gallery__media--grid\">\n\t\t\t\t<picture>\n\t\t\t\t\t<source media=\"(min-width: 1024px)\" srcset=\"https:\/\/www.uartes.edu.ec\/sitio\/wp-content\/uploads\/2023\/12\/14-SESION-10mo-ANIVERSARIO-644x429.jpg\">\n\t\t\t\t\t<source media=\"(min-width: 768px)\" srcset=\"https:\/\/www.uartes.edu.ec\/sitio\/wp-content\/uploads\/2023\/12\/14-SESION-10mo-ANIVERSARIO-644x429.jpg\">\n\t\t\t\t\t<img decoding=\"async\" class=\"spectra-image-gallery__media-thumbnail spectra-image-gallery__media-thumbnail--grid\" src=\"https:\/\/www.uartes.edu.ec\/sitio\/wp-content\/uploads\/2023\/12\/14-SESION-10mo-ANIVERSARIO-300x200.jpg\" alt=\"\" loading=\"lazy\" \/>\n\t\t\t\t<\/picture>\n\t\t\t\t<div class=\"spectra-image-gallery__media-thumbnail-blurrer\"><\/div>\n\t\t\t\t\t\t\t\t\t\t\t<div class=\"spectra-image-gallery__media-thumbnail-caption-wrapper spectra-image-gallery__media-thumbnail-caption-wrapper--overlay\">\n\t\t\t\t\t\t\t\t\t\t\t<div class=\"spectra-image-gallery__media-thumbnail-caption spectra-image-gallery__media-thumbnail-caption--overlay\">\n\t\t\t\t\tNo Caption\t\t\t\t<\/div>\n\t\t\t\t\t\t\t\t\t\t<\/div>\n\t\t\t\t\t\t\t\t\t<\/div>\n\t\t\t\t\t\t<\/div>\n\t\t\t\t\t\t<div class='spectra-image-gallery__media-wrapper' data-spectra-gallery-image-id='48841' tabindex=\"0\">\n\t\t\t\t\t\t\t<div class=\"spectra-image-gallery__media spectra-image-gallery__media--grid\">\n\t\t\t\t<picture>\n\t\t\t\t\t<source media=\"(min-width: 1024px)\" srcset=\"https:\/\/www.uartes.edu.ec\/sitio\/wp-content\/uploads\/2023\/12\/15-SESION-10mo-ANIVERSARIO-644x429.jpg\">\n\t\t\t\t\t<source media=\"(min-width: 768px)\" srcset=\"https:\/\/www.uartes.edu.ec\/sitio\/wp-content\/uploads\/2023\/12\/15-SESION-10mo-ANIVERSARIO-644x429.jpg\">\n\t\t\t\t\t<img decoding=\"async\" class=\"spectra-image-gallery__media-thumbnail spectra-image-gallery__media-thumbnail--grid\" src=\"https:\/\/www.uartes.edu.ec\/sitio\/wp-content\/uploads\/2023\/12\/15-SESION-10mo-ANIVERSARIO-300x200.jpg\" alt=\"\" loading=\"lazy\" \/>\n\t\t\t\t<\/picture>\n\t\t\t\t<div class=\"spectra-image-gallery__media-thumbnail-blurrer\"><\/div>\n\t\t\t\t\t\t\t\t\t\t\t<div class=\"spectra-image-gallery__media-thumbnail-caption-wrapper spectra-image-gallery__media-thumbnail-caption-wrapper--overlay\">\n\t\t\t\t\t\t\t\t\t\t\t<div class=\"spectra-image-gallery__media-thumbnail-caption spectra-image-gallery__media-thumbnail-caption--overlay\">\n\t\t\t\t\tNo Caption\t\t\t\t<\/div>\n\t\t\t\t\t\t\t\t\t\t<\/div>\n\t\t\t\t\t\t\t\t\t<\/div>\n\t\t\t\t\t\t<\/div>\n\t\t\t\t\t\t\t\t\t\t<\/div>\n\t\t\t\t\t\t\t\t\t\t\t\t\t\t\t\t\t\t<\/div>\n\t\t\t\t\t\t\t\t\t\n\n\t\t\t\t\t<div\n\t\t\t\t\t\tclass=\"wp-block-uagb-image-gallery uagb-block-a3d2d545\"\n\t\t\t\t\t\tstyle=\"\"\n\t\t\t\t\t>\n\t\t\t\t\t\t\t\t\t\t\t<div class=\"spectra-image-gallery spectra-image-gallery__layout--grid spectra-image-gallery__layout--grid-col-3 spectra-image-gallery__layout--grid-col-tab-3 spectra-image-gallery__layout--grid-col-mob-2\">\n\t\t\t\t\t\t\t\t\t\t\t<div class='spectra-image-gallery__media-wrapper' data-spectra-gallery-image-id='48849' tabindex=\"0\">\n\t\t\t\t\t\t\t<div class=\"spectra-image-gallery__media spectra-image-gallery__media--grid\">\n\t\t\t\t<picture>\n\t\t\t\t\t<source media=\"(min-width: 1024px)\" srcset=\"https:\/\/www.uartes.edu.ec\/sitio\/wp-content\/uploads\/2023\/12\/06-SESION-10mo-ANIVERSARIO-644x429.jpg\">\n\t\t\t\t\t<source media=\"(min-width: 768px)\" srcset=\"https:\/\/www.uartes.edu.ec\/sitio\/wp-content\/uploads\/2023\/12\/06-SESION-10mo-ANIVERSARIO-644x429.jpg\">\n\t\t\t\t\t<img decoding=\"async\" class=\"spectra-image-gallery__media-thumbnail spectra-image-gallery__media-thumbnail--grid\" src=\"https:\/\/www.uartes.edu.ec\/sitio\/wp-content\/uploads\/2023\/12\/06-SESION-10mo-ANIVERSARIO-300x200.jpg\" alt=\"\" loading=\"lazy\" \/>\n\t\t\t\t<\/picture>\n\t\t\t\t<div class=\"spectra-image-gallery__media-thumbnail-blurrer\"><\/div>\n\t\t\t\t\t\t\t\t\t\t\t<div class=\"spectra-image-gallery__media-thumbnail-caption-wrapper spectra-image-gallery__media-thumbnail-caption-wrapper--overlay\">\n\t\t\t\t\t\t\t\t\t\t\t<div class=\"spectra-image-gallery__media-thumbnail-caption spectra-image-gallery__media-thumbnail-caption--overlay\">\n\t\t\t\t\tNo Caption\t\t\t\t<\/div>\n\t\t\t\t\t\t\t\t\t\t<\/div>\n\t\t\t\t\t\t\t\t\t<\/div>\n\t\t\t\t\t\t<\/div>\n\t\t\t\t\t\t<div class='spectra-image-gallery__media-wrapper' data-spectra-gallery-image-id='48850' tabindex=\"0\">\n\t\t\t\t\t\t\t<div class=\"spectra-image-gallery__media spectra-image-gallery__media--grid\">\n\t\t\t\t<picture>\n\t\t\t\t\t<source media=\"(min-width: 1024px)\" srcset=\"https:\/\/www.uartes.edu.ec\/sitio\/wp-content\/uploads\/2023\/12\/07-SESION-10mo-ANIVERSARIO-644x429.jpg\">\n\t\t\t\t\t<source media=\"(min-width: 768px)\" srcset=\"https:\/\/www.uartes.edu.ec\/sitio\/wp-content\/uploads\/2023\/12\/07-SESION-10mo-ANIVERSARIO-644x429.jpg\">\n\t\t\t\t\t<img decoding=\"async\" class=\"spectra-image-gallery__media-thumbnail spectra-image-gallery__media-thumbnail--grid\" src=\"https:\/\/www.uartes.edu.ec\/sitio\/wp-content\/uploads\/2023\/12\/07-SESION-10mo-ANIVERSARIO-300x200.jpg\" alt=\"\" loading=\"lazy\" \/>\n\t\t\t\t<\/picture>\n\t\t\t\t<div class=\"spectra-image-gallery__media-thumbnail-blurrer\"><\/div>\n\t\t\t\t\t\t\t\t\t\t\t<div class=\"spectra-image-gallery__media-thumbnail-caption-wrapper spectra-image-gallery__media-thumbnail-caption-wrapper--overlay\">\n\t\t\t\t\t\t\t\t\t\t\t<div class=\"spectra-image-gallery__media-thumbnail-caption spectra-image-gallery__media-thumbnail-caption--overlay\">\n\t\t\t\t\tNo Caption\t\t\t\t<\/div>\n\t\t\t\t\t\t\t\t\t\t<\/div>\n\t\t\t\t\t\t\t\t\t<\/div>\n\t\t\t\t\t\t<\/div>\n\t\t\t\t\t\t<div class='spectra-image-gallery__media-wrapper' data-spectra-gallery-image-id='48851' tabindex=\"0\">\n\t\t\t\t\t\t\t<div class=\"spectra-image-gallery__media spectra-image-gallery__media--grid\">\n\t\t\t\t<picture>\n\t\t\t\t\t<source media=\"(min-width: 1024px)\" srcset=\"https:\/\/www.uartes.edu.ec\/sitio\/wp-content\/uploads\/2023\/12\/09-SESION-10mo-ANIVERSARIO-644x429.jpg\">\n\t\t\t\t\t<source media=\"(min-width: 768px)\" srcset=\"https:\/\/www.uartes.edu.ec\/sitio\/wp-content\/uploads\/2023\/12\/09-SESION-10mo-ANIVERSARIO-644x429.jpg\">\n\t\t\t\t\t<img decoding=\"async\" class=\"spectra-image-gallery__media-thumbnail spectra-image-gallery__media-thumbnail--grid\" src=\"https:\/\/www.uartes.edu.ec\/sitio\/wp-content\/uploads\/2023\/12\/09-SESION-10mo-ANIVERSARIO-300x200.jpg\" alt=\"\" loading=\"lazy\" \/>\n\t\t\t\t<\/picture>\n\t\t\t\t<div class=\"spectra-image-gallery__media-thumbnail-blurrer\"><\/div>\n\t\t\t\t\t\t\t\t\t\t\t<div class=\"spectra-image-gallery__media-thumbnail-caption-wrapper spectra-image-gallery__media-thumbnail-caption-wrapper--overlay\">\n\t\t\t\t\t\t\t\t\t\t\t<div class=\"spectra-image-gallery__media-thumbnail-caption spectra-image-gallery__media-thumbnail-caption--overlay\">\n\t\t\t\t\tNo Caption\t\t\t\t<\/div>\n\t\t\t\t\t\t\t\t\t\t<\/div>\n\t\t\t\t\t\t\t\t\t<\/div>\n\t\t\t\t\t\t<\/div>\n\t\t\t\t\t\t\t\t\t\t<\/div>\n\t\t\t\t\t\t\t\t\t\t\t\t\t\t\t\t\t\t<\/div>\n\t\t\t\t\t\t\t\t\t\n\n\n<p>En la sesi\u00f3n solemne hubo tambi\u00e9n presentaciones art\u00edsticas. Primero, de la Orquesta de C\u00e1mara y Rondalla, ambas de la Escuela de Artes Sonoras, integrada por sus estudiantes y a cargo de Andrey Astaiza, su director. \u201c\u00c1ngel de luz\u201d y \u201cRe\u00edr llorando\u201d fueron los temas que se interpretaron \u2013en las voces de Sarah Barriga, Nathalia Villacres, Irene Rodr\u00edguez y Mar\u00eda Jos\u00e9 Carbo\u2013 y que dieron paso a la entrega de placas de reconocimiento al personal de la UArtes, seguida por las intervenciones de los docentes Amalina Bomnin y Andr\u00e9s Land\u00e1zuri, y de la administrativa Emilia Moreno, fundadores de la universidad.<\/p>\n\n\n\n<p>Vino luego la participaci\u00f3n del coro de adultos mayores \u00c1nima, dirigido por la docente Yanella Duarte, con el tema \u201cTodo cambia\u201d que populariz\u00f3 la fallecida Mercedes Sosa. No bien iniciada la interpretaci\u00f3n, el presidente del CES, Pablo Beltr\u00e1n, abandon\u00f3 su lugar en la mesa directiva para ubicarse entre el p\u00fablico y poder ver, como se\u00f1al\u00f3, ver las emotivas expresiones de los integrantes de la agrupaci\u00f3n.<\/p>\n\n\n<div class=\"wp-block-image\">\n<figure class=\"aligncenter size-large\"><img decoding=\"async\" width=\"644\" height=\"429\" src=\"https:\/\/www.uartes.edu.ec\/sitio\/wp-content\/uploads\/2023\/12\/10-SESION-10mo-ANIVERSARIO-644x429.jpg\" alt=\"\" class=\"wp-image-48858\" srcset=\"https:\/\/www.uartes.edu.ec\/sitio\/wp-content\/uploads\/2023\/12\/10-SESION-10mo-ANIVERSARIO-644x429.jpg 644w, https:\/\/www.uartes.edu.ec\/sitio\/wp-content\/uploads\/2023\/12\/10-SESION-10mo-ANIVERSARIO-300x200.jpg 300w, https:\/\/www.uartes.edu.ec\/sitio\/wp-content\/uploads\/2023\/12\/10-SESION-10mo-ANIVERSARIO-768x512.jpg 768w, https:\/\/www.uartes.edu.ec\/sitio\/wp-content\/uploads\/2023\/12\/10-SESION-10mo-ANIVERSARIO-1536x1024.jpg 1536w, https:\/\/www.uartes.edu.ec\/sitio\/wp-content\/uploads\/2023\/12\/10-SESION-10mo-ANIVERSARIO-600x400.jpg 600w, https:\/\/www.uartes.edu.ec\/sitio\/wp-content\/uploads\/2023\/12\/10-SESION-10mo-ANIVERSARIO-400x267.jpg 400w, https:\/\/www.uartes.edu.ec\/sitio\/wp-content\/uploads\/2023\/12\/10-SESION-10mo-ANIVERSARIO-272x182.jpg 272w, https:\/\/www.uartes.edu.ec\/sitio\/wp-content\/uploads\/2023\/12\/10-SESION-10mo-ANIVERSARIO.jpg 2000w\" sizes=\"(max-width: 644px) 100vw, 644px\" \/><\/figure>\n<\/div>\n\n\n<p>Beltr\u00e1n se dirigi\u00f3, entonces, a los presentes con un discurso que inici\u00f3 con el nacimiento de la Universidad de las Artes \u201ccomo una respuesta desde la institucionalidad p\u00fablica a la demanda de una sociedad que buscaba contar con una universidad p\u00fablica especializada en artes y hoy, al acceder a su segundo lustro, representa inclusi\u00f3n, democracia y permite que j\u00f3venes de diferentes rincones de nuestra patria tenga un espacio para dejar volar su creatividad, esculpir sus sue\u00f1os sin l\u00edmites y hacer del arte una forma de vida\u201d.<\/p>\n\n\n\n<p>Es que este centro de estudios se ha convertido en el lugar donde cientos de estudiantes tienen la oportunidad de acceder a una formaci\u00f3n de excelencia para aportar a transformar la sociedad en un lugar m\u00e1s placentero para vivir, agreg\u00f3 la autoridad universitaria, cuya disertaci\u00f3n dio paso a la entrega de reconocimientos que la UArtes hizo a todas las instituciones y organizaciones con las que tiene un proyecto activo de vinculaci\u00f3n con la comunidad.<\/p>\n\n\n\n<p>En representaci\u00f3n de las organizaciones y comunidades aliadas, Carlos Valencia, director de la Fundaci\u00f3n Karibu, se dirigi\u00f3 tambi\u00e9n a la audiencia para dar a conocer c\u00f3mo la universidad lleg\u00f3 a los sectores de Nigeria y Cisne 2, donde conjuntamente se han impulsado proyectos culturales y art\u00edsticos.<\/p>\n\n\n\t\t\t\t\t<div\n\t\t\t\t\t\tclass=\"wp-block-uagb-image-gallery uagb-block-dd89fa00\"\n\t\t\t\t\t\tstyle=\"\"\n\t\t\t\t\t>\n\t\t\t\t\t\t\t\t\t\t\t<div class=\"spectra-image-gallery spectra-image-gallery__layout--grid spectra-image-gallery__layout--grid-col-2 spectra-image-gallery__layout--grid-col-tab-2 spectra-image-gallery__layout--grid-col-mob-2\">\n\t\t\t\t\t\t\t\t\t\t\t<div class='spectra-image-gallery__media-wrapper' data-spectra-gallery-image-id='48859' tabindex=\"0\">\n\t\t\t\t\t\t\t<div class=\"spectra-image-gallery__media spectra-image-gallery__media--grid\">\n\t\t\t\t<picture>\n\t\t\t\t\t<source media=\"(min-width: 1024px)\" srcset=\"https:\/\/www.uartes.edu.ec\/sitio\/wp-content\/uploads\/2023\/12\/11-SESION-10mo-ANIVERSARIO-1-644x429.jpg\">\n\t\t\t\t\t<source media=\"(min-width: 768px)\" srcset=\"https:\/\/www.uartes.edu.ec\/sitio\/wp-content\/uploads\/2023\/12\/11-SESION-10mo-ANIVERSARIO-1-644x429.jpg\">\n\t\t\t\t\t<img decoding=\"async\" class=\"spectra-image-gallery__media-thumbnail spectra-image-gallery__media-thumbnail--grid\" src=\"https:\/\/www.uartes.edu.ec\/sitio\/wp-content\/uploads\/2023\/12\/11-SESION-10mo-ANIVERSARIO-1-300x200.jpg\" alt=\"\" loading=\"lazy\" \/>\n\t\t\t\t<\/picture>\n\t\t\t\t<div class=\"spectra-image-gallery__media-thumbnail-blurrer\"><\/div>\n\t\t\t\t\t\t\t\t\t\t\t<div class=\"spectra-image-gallery__media-thumbnail-caption-wrapper spectra-image-gallery__media-thumbnail-caption-wrapper--overlay\">\n\t\t\t\t\t\t\t\t\t\t\t<div class=\"spectra-image-gallery__media-thumbnail-caption spectra-image-gallery__media-thumbnail-caption--overlay\">\n\t\t\t\t\tNo Caption\t\t\t\t<\/div>\n\t\t\t\t\t\t\t\t\t\t<\/div>\n\t\t\t\t\t\t\t\t\t<\/div>\n\t\t\t\t\t\t<\/div>\n\t\t\t\t\t\t<div class='spectra-image-gallery__media-wrapper' data-spectra-gallery-image-id='48857' tabindex=\"0\">\n\t\t\t\t\t\t\t<div class=\"spectra-image-gallery__media spectra-image-gallery__media--grid\">\n\t\t\t\t<picture>\n\t\t\t\t\t<source media=\"(min-width: 1024px)\" srcset=\"https:\/\/www.uartes.edu.ec\/sitio\/wp-content\/uploads\/2023\/12\/03-SESION-10mo-ANIVERSARIO-644x429.jpg\">\n\t\t\t\t\t<source media=\"(min-width: 768px)\" srcset=\"https:\/\/www.uartes.edu.ec\/sitio\/wp-content\/uploads\/2023\/12\/03-SESION-10mo-ANIVERSARIO-644x429.jpg\">\n\t\t\t\t\t<img decoding=\"async\" class=\"spectra-image-gallery__media-thumbnail spectra-image-gallery__media-thumbnail--grid\" src=\"https:\/\/www.uartes.edu.ec\/sitio\/wp-content\/uploads\/2023\/12\/03-SESION-10mo-ANIVERSARIO-300x200.jpg\" alt=\"\" loading=\"lazy\" \/>\n\t\t\t\t<\/picture>\n\t\t\t\t<div class=\"spectra-image-gallery__media-thumbnail-blurrer\"><\/div>\n\t\t\t\t\t\t\t\t\t\t\t<div class=\"spectra-image-gallery__media-thumbnail-caption-wrapper spectra-image-gallery__media-thumbnail-caption-wrapper--overlay\">\n\t\t\t\t\t\t\t\t\t\t\t<div class=\"spectra-image-gallery__media-thumbnail-caption spectra-image-gallery__media-thumbnail-caption--overlay\">\n\t\t\t\t\tNo Caption\t\t\t\t<\/div>\n\t\t\t\t\t\t\t\t\t\t<\/div>\n\t\t\t\t\t\t\t\t\t<\/div>\n\t\t\t\t\t\t<\/div>\n\t\t\t\t\t\t\t\t\t\t<\/div>\n\t\t\t\t\t\t\t\t\t\t\t\t\t\t\t\t\t\t<\/div>\n\t\t\t\t\t\t\t\t\t\n\n\n<p>Mar\u00eda Jos\u00e9 Icaza, directora de Vinculaci\u00f3n con la Sociedad de la UArtes, tom\u00f3 la palabra para \u2013indic\u00f3 al iniciar\u2013 contextualizar la presentaci\u00f3n de los ni\u00f1os y las ni\u00f1as de Daule, protagonistas de las Escuelas de las Artes del Guayas, proyecto emblem\u00e1tico de la Universidad de las Artes que llevamos a cabo de la mano con la Prefectura del Guayas y los gobiernos locales.<\/p>\n\n\n\n<p>\u201cEstamos aqu\u00ed porque nuestra universidad fue creada como un proyecto de transformaci\u00f3n social, con la ilusi\u00f3n de cambiar la matriz productiva, a la luz de una reforma de la educaci\u00f3n superior y del Estado mismo, con una constituci\u00f3n que es una conquista social, que entendi\u00f3 a la educaci\u00f3n como un bien p\u00fablico\u201d dijo Icaza y agreg\u00f3 que como instituci\u00f3n p\u00fablica \u201cestamos para servir como si cada d\u00eda fuese la \u00faltima oportunidad para cambiar las inequidades, para pensar en salir del conservadurismo, para garantizar el acceso al derecho a la educaci\u00f3n en artes y a las artes como producto de conocimiento\u201d.<\/p>\n\n\n\t\t\t\t\t<div\n\t\t\t\t\t\tclass=\"wp-block-uagb-image-gallery uagb-block-b5d5b976\"\n\t\t\t\t\t\tstyle=\"\"\n\t\t\t\t\t>\n\t\t\t\t\t\t\t\t\t\t\t<div class=\"spectra-image-gallery spectra-image-gallery__layout--grid spectra-image-gallery__layout--grid-col-2 spectra-image-gallery__layout--grid-col-tab-2 spectra-image-gallery__layout--grid-col-mob-2\">\n\t\t\t\t\t\t\t\t\t\t\t<div class='spectra-image-gallery__media-wrapper' data-spectra-gallery-image-id='48844' tabindex=\"0\">\n\t\t\t\t\t\t\t<div class=\"spectra-image-gallery__media spectra-image-gallery__media--grid\">\n\t\t\t\t<picture>\n\t\t\t\t\t<source media=\"(min-width: 1024px)\" srcset=\"https:\/\/www.uartes.edu.ec\/sitio\/wp-content\/uploads\/2023\/12\/23-SESION-10mo-MARIA-JOSE-ICAZA-644x429.jpg\">\n\t\t\t\t\t<source media=\"(min-width: 768px)\" srcset=\"https:\/\/www.uartes.edu.ec\/sitio\/wp-content\/uploads\/2023\/12\/23-SESION-10mo-MARIA-JOSE-ICAZA-644x429.jpg\">\n\t\t\t\t\t<img decoding=\"async\" class=\"spectra-image-gallery__media-thumbnail spectra-image-gallery__media-thumbnail--grid\" src=\"https:\/\/www.uartes.edu.ec\/sitio\/wp-content\/uploads\/2023\/12\/23-SESION-10mo-MARIA-JOSE-ICAZA-300x200.jpg\" alt=\"\" loading=\"lazy\" \/>\n\t\t\t\t<\/picture>\n\t\t\t\t<div class=\"spectra-image-gallery__media-thumbnail-blurrer\"><\/div>\n\t\t\t\t\t\t\t\t\t\t\t<div class=\"spectra-image-gallery__media-thumbnail-caption-wrapper spectra-image-gallery__media-thumbnail-caption-wrapper--overlay\">\n\t\t\t\t\t\t\t\t\t\t\t<div class=\"spectra-image-gallery__media-thumbnail-caption spectra-image-gallery__media-thumbnail-caption--overlay\">\n\t\t\t\t\tNo Caption\t\t\t\t<\/div>\n\t\t\t\t\t\t\t\t\t\t<\/div>\n\t\t\t\t\t\t\t\t\t<\/div>\n\t\t\t\t\t\t<\/div>\n\t\t\t\t\t\t<div class='spectra-image-gallery__media-wrapper' data-spectra-gallery-image-id='48845' tabindex=\"0\">\n\t\t\t\t\t\t\t<div class=\"spectra-image-gallery__media spectra-image-gallery__media--grid\">\n\t\t\t\t<picture>\n\t\t\t\t\t<source media=\"(min-width: 1024px)\" srcset=\"https:\/\/www.uartes.edu.ec\/sitio\/wp-content\/uploads\/2023\/12\/01-SESION-10mo-ANIVERSARIO-644x429.jpg\">\n\t\t\t\t\t<source media=\"(min-width: 768px)\" srcset=\"https:\/\/www.uartes.edu.ec\/sitio\/wp-content\/uploads\/2023\/12\/01-SESION-10mo-ANIVERSARIO-644x429.jpg\">\n\t\t\t\t\t<img decoding=\"async\" class=\"spectra-image-gallery__media-thumbnail spectra-image-gallery__media-thumbnail--grid\" src=\"https:\/\/www.uartes.edu.ec\/sitio\/wp-content\/uploads\/2023\/12\/01-SESION-10mo-ANIVERSARIO-300x200.jpg\" alt=\"\" loading=\"lazy\" \/>\n\t\t\t\t<\/picture>\n\t\t\t\t<div class=\"spectra-image-gallery__media-thumbnail-blurrer\"><\/div>\n\t\t\t\t\t\t\t\t\t\t\t<div class=\"spectra-image-gallery__media-thumbnail-caption-wrapper spectra-image-gallery__media-thumbnail-caption-wrapper--overlay\">\n\t\t\t\t\t\t\t\t\t\t\t<div class=\"spectra-image-gallery__media-thumbnail-caption spectra-image-gallery__media-thumbnail-caption--overlay\">\n\t\t\t\t\tNo Caption\t\t\t\t<\/div>\n\t\t\t\t\t\t\t\t\t\t<\/div>\n\t\t\t\t\t\t\t\t\t<\/div>\n\t\t\t\t\t\t<\/div>\n\t\t\t\t\t\t\t\t\t\t<\/div>\n\t\t\t\t\t\t\t\t\t\t\t\t\t\t\t\t\t\t<\/div>\n\t\t\t\t\t\t\t\t\t\n\n\n<p>La intervenci\u00f3n de Icaza fue una introducci\u00f3n a la presentaci\u00f3n del Ensamble de Pop Rock del cant\u00f3n Daule, el cual, conformado por 29 ni\u00f1os y ni\u00f1as, interpret\u00f3 la canci\u00f3n \u201cSin Miedo\u201d, de la autor\u00eda de \u00c1lex Emilio Hincapi\u00e9, uno de los graduados que participa con tallerista e instructor en el proyecto Escuelas de las Artes del Guayas, presente tambi\u00e9n en los cantones de Nobol, Marcelino Maridue\u00f1a, Sim\u00f3n Bol\u00edvar, Dur\u00e1n, Milagro y Guayaquil.&nbsp;<\/p>\n\n\n\n<p>La sesi\u00f3n solemne por los 10 a\u00f1os de creaci\u00f3n de la UArtes concluy\u00f3 con el Himno a Guayaquil, interpretado por Mar\u00eda Jos\u00e9 Carbo y Sarah Barriga, acompa\u00f1adas en el piano por Omar Dom\u00ednguez.<\/p>","protected":false},"excerpt":{"rendered":"<p>En comunidad y en v\u00ednculo con autoridades seccionales, universitarias y representantes de las organizaciones con las que trabaja, la UArtes celebr\u00f3 10 a\u00f1os de creaci\u00f3n. La sesi\u00f3n solemne fue el 7 de diciembre en Pasaje Illingworth, donde dio sus primeros pasos, dijo el rector William Herrera. En la mesa directiva lo acompa\u00f1aron, la vicealcaldesa Blanca L\u00f3pez; los vicerrectores Olga L\u00f3pez y Bradley Hilgert; y, el presidente del CES, Pablo Beltr\u00e1n.<\/p>","protected":false},"author":10,"featured_media":48837,"comment_status":"open","ping_status":"open","sticky":false,"template":"","format":"standard","meta":{"_acf_changed":false,"_uag_custom_page_level_css":"","_monsterinsights_skip_tracking":false,"_monsterinsights_sitenote_active":false,"_monsterinsights_sitenote_note":"","_monsterinsights_sitenote_category":0,"cybocfi_hide_featured_image":"","footnotes":""},"categories":[80,438,490,75,76],"tags":[1074],"infouartes":[],"class_list":["post-48836","post","type-post","status-publish","format-standard","has-post-thumbnail","hentry","category-academico","category-administrativos","category-alumni","category-docentes","category-estudiantes","tag-aniveersario-uartes"],"acf":[],"yoast_head":"<!-- This site is optimized with the Yoast SEO plugin v27.4 - https:\/\/yoast.com\/product\/yoast-seo-wordpress\/ -->\n<title>Universidad de las Artes - Sesi\u00f3n solemne por los 10 a\u00f1os de creaci\u00f3n de la Universidad de las Artes<\/title>\n<meta name=\"description\" content=\"Universidad de las Artes - Sesi\u00f3n solemne por los 10 a\u00f1os de creaci\u00f3n de la Universidad de las Artes\" \/>\n<meta name=\"robots\" content=\"index, follow, max-snippet:-1, max-image-preview:large, max-video-preview:-1\" \/>\n<link rel=\"canonical\" href=\"https:\/\/www.uartes.edu.ec\/sitio\/en\/blog\/2023\/12\/12\/sesion-solemne-por-los-10-anos-de-creacion-de-la-universidad-de-las-artes\/\" \/>\n<meta property=\"og:locale\" content=\"en_US\" \/>\n<meta property=\"og:type\" content=\"article\" \/>\n<meta property=\"og:title\" content=\"Universidad de las Artes - Sesi\u00f3n solemne por los 10 a\u00f1os de creaci\u00f3n de la Universidad de las Artes\" \/>\n<meta property=\"og:description\" content=\"Universidad de las Artes - Sesi\u00f3n solemne por los 10 a\u00f1os de creaci\u00f3n de la Universidad de las Artes\" \/>\n<meta property=\"og:url\" content=\"https:\/\/www.uartes.edu.ec\/sitio\/en\/blog\/2023\/12\/12\/sesion-solemne-por-los-10-anos-de-creacion-de-la-universidad-de-las-artes\/\" \/>\n<meta property=\"og:site_name\" content=\"Universidad de las Artes\" \/>\n<meta property=\"article:publisher\" content=\"https:\/\/www.facebook.com\/uartesec\" \/>\n<meta property=\"article:published_time\" content=\"2023-12-12T15:22:42+00:00\" \/>\n<meta property=\"article:modified_time\" content=\"2024-07-04T16:20:20+00:00\" \/>\n<meta property=\"og:image\" content=\"https:\/\/www.uartes.edu.ec\/sitio\/wp-content\/uploads\/2023\/12\/22-SESION-10mo-MESA-PRINCIPAL-FALTA-UNO.jpg\" \/>\n\t<meta property=\"og:image:width\" content=\"2000\" \/>\n\t<meta property=\"og:image:height\" content=\"1333\" \/>\n\t<meta property=\"og:image:type\" content=\"image\/jpeg\" \/>\n<meta name=\"author\" content=\"ccortez\" \/>\n<meta name=\"twitter:card\" content=\"summary_large_image\" \/>\n<meta name=\"twitter:creator\" content=\"@uartesec\" \/>\n<meta name=\"twitter:site\" content=\"@uartesec\" \/>\n<meta name=\"twitter:label1\" content=\"Written by\" \/>\n\t<meta name=\"twitter:data1\" content=\"ccortez\" \/>\n\t<meta name=\"twitter:label2\" content=\"Est. reading time\" \/>\n\t<meta name=\"twitter:data2\" content=\"7 minutes\" \/>\n<script type=\"application\/ld+json\" class=\"yoast-schema-graph\">{\"@context\":\"https:\\\/\\\/schema.org\",\"@graph\":[{\"@type\":\"Article\",\"@id\":\"https:\\\/\\\/www.uartes.edu.ec\\\/sitio\\\/en\\\/blog\\\/2023\\\/12\\\/12\\\/sesion-solemne-por-los-10-anos-de-creacion-de-la-universidad-de-las-artes\\\/#article\",\"isPartOf\":{\"@id\":\"https:\\\/\\\/www.uartes.edu.ec\\\/sitio\\\/en\\\/blog\\\/2023\\\/12\\\/12\\\/sesion-solemne-por-los-10-anos-de-creacion-de-la-universidad-de-las-artes\\\/\"},\"author\":{\"name\":\"ccortez\",\"@id\":\"https:\\\/\\\/www.uartes.edu.ec\\\/sitio\\\/en\\\/#\\\/schema\\\/person\\\/efa1b8275797664fd7f13a79ccc0b1f4\"},\"headline\":\"Sesi\u00f3n solemne por los 10 a\u00f1os de creaci\u00f3n de la Universidad de las Artes\",\"datePublished\":\"2023-12-12T15:22:42+00:00\",\"dateModified\":\"2024-07-04T16:20:20+00:00\",\"mainEntityOfPage\":{\"@id\":\"https:\\\/\\\/www.uartes.edu.ec\\\/sitio\\\/en\\\/blog\\\/2023\\\/12\\\/12\\\/sesion-solemne-por-los-10-anos-de-creacion-de-la-universidad-de-las-artes\\\/\"},\"wordCount\":1361,\"commentCount\":0,\"publisher\":{\"@id\":\"https:\\\/\\\/www.uartes.edu.ec\\\/sitio\\\/en\\\/#organization\"},\"image\":{\"@id\":\"https:\\\/\\\/www.uartes.edu.ec\\\/sitio\\\/en\\\/blog\\\/2023\\\/12\\\/12\\\/sesion-solemne-por-los-10-anos-de-creacion-de-la-universidad-de-las-artes\\\/#primaryimage\"},\"thumbnailUrl\":\"https:\\\/\\\/www.uartes.edu.ec\\\/sitio\\\/wp-content\\\/uploads\\\/2023\\\/12\\\/22-SESION-10mo-MESA-PRINCIPAL-FALTA-UNO.jpg\",\"keywords\":[\"aniveersario UArtes\"],\"articleSection\":[\"Acad\u00e9mico\",\"Administrativos\",\"Alumni\",\"Docentes\",\"Estudiantes\"],\"inLanguage\":\"en-US\",\"potentialAction\":[{\"@type\":\"CommentAction\",\"name\":\"Comment\",\"target\":[\"https:\\\/\\\/www.uartes.edu.ec\\\/sitio\\\/en\\\/blog\\\/2023\\\/12\\\/12\\\/sesion-solemne-por-los-10-anos-de-creacion-de-la-universidad-de-las-artes\\\/#respond\"]}]},{\"@type\":[\"WebPage\",\"ItemPage\"],\"@id\":\"https:\\\/\\\/www.uartes.edu.ec\\\/sitio\\\/en\\\/blog\\\/2023\\\/12\\\/12\\\/sesion-solemne-por-los-10-anos-de-creacion-de-la-universidad-de-las-artes\\\/\",\"url\":\"https:\\\/\\\/www.uartes.edu.ec\\\/sitio\\\/en\\\/blog\\\/2023\\\/12\\\/12\\\/sesion-solemne-por-los-10-anos-de-creacion-de-la-universidad-de-las-artes\\\/\",\"name\":\"Universidad de las Artes - Sesi\u00f3n solemne por los 10 a\u00f1os de creaci\u00f3n de la Universidad de las Artes\",\"isPartOf\":{\"@id\":\"https:\\\/\\\/www.uartes.edu.ec\\\/sitio\\\/en\\\/#website\"},\"primaryImageOfPage\":{\"@id\":\"https:\\\/\\\/www.uartes.edu.ec\\\/sitio\\\/en\\\/blog\\\/2023\\\/12\\\/12\\\/sesion-solemne-por-los-10-anos-de-creacion-de-la-universidad-de-las-artes\\\/#primaryimage\"},\"image\":{\"@id\":\"https:\\\/\\\/www.uartes.edu.ec\\\/sitio\\\/en\\\/blog\\\/2023\\\/12\\\/12\\\/sesion-solemne-por-los-10-anos-de-creacion-de-la-universidad-de-las-artes\\\/#primaryimage\"},\"thumbnailUrl\":\"https:\\\/\\\/www.uartes.edu.ec\\\/sitio\\\/wp-content\\\/uploads\\\/2023\\\/12\\\/22-SESION-10mo-MESA-PRINCIPAL-FALTA-UNO.jpg\",\"datePublished\":\"2023-12-12T15:22:42+00:00\",\"dateModified\":\"2024-07-04T16:20:20+00:00\",\"description\":\"Universidad de las Artes - Sesi\u00f3n solemne por los 10 a\u00f1os de creaci\u00f3n de la Universidad de las Artes\",\"breadcrumb\":{\"@id\":\"https:\\\/\\\/www.uartes.edu.ec\\\/sitio\\\/en\\\/blog\\\/2023\\\/12\\\/12\\\/sesion-solemne-por-los-10-anos-de-creacion-de-la-universidad-de-las-artes\\\/#breadcrumb\"},\"inLanguage\":\"en-US\",\"potentialAction\":[{\"@type\":\"ReadAction\",\"target\":[\"https:\\\/\\\/www.uartes.edu.ec\\\/sitio\\\/en\\\/blog\\\/2023\\\/12\\\/12\\\/sesion-solemne-por-los-10-anos-de-creacion-de-la-universidad-de-las-artes\\\/\"]}]},{\"@type\":\"ImageObject\",\"inLanguage\":\"en-US\",\"@id\":\"https:\\\/\\\/www.uartes.edu.ec\\\/sitio\\\/en\\\/blog\\\/2023\\\/12\\\/12\\\/sesion-solemne-por-los-10-anos-de-creacion-de-la-universidad-de-las-artes\\\/#primaryimage\",\"url\":\"https:\\\/\\\/www.uartes.edu.ec\\\/sitio\\\/wp-content\\\/uploads\\\/2023\\\/12\\\/22-SESION-10mo-MESA-PRINCIPAL-FALTA-UNO.jpg\",\"contentUrl\":\"https:\\\/\\\/www.uartes.edu.ec\\\/sitio\\\/wp-content\\\/uploads\\\/2023\\\/12\\\/22-SESION-10mo-MESA-PRINCIPAL-FALTA-UNO.jpg\",\"width\":2000,\"height\":1333},{\"@type\":\"BreadcrumbList\",\"@id\":\"https:\\\/\\\/www.uartes.edu.ec\\\/sitio\\\/en\\\/blog\\\/2023\\\/12\\\/12\\\/sesion-solemne-por-los-10-anos-de-creacion-de-la-universidad-de-las-artes\\\/#breadcrumb\",\"itemListElement\":[{\"@type\":\"ListItem\",\"position\":1,\"name\":\"Inicio\",\"item\":\"https:\\\/\\\/www.uartes.edu.ec\\\/sitio\\\/\"},{\"@type\":\"ListItem\",\"position\":2,\"name\":\"Sesi\u00f3n solemne por los 10 a\u00f1os de creaci\u00f3n de la Universidad de las Artes\"}]},{\"@type\":\"WebSite\",\"@id\":\"https:\\\/\\\/www.uartes.edu.ec\\\/sitio\\\/en\\\/#website\",\"url\":\"https:\\\/\\\/www.uartes.edu.ec\\\/sitio\\\/en\\\/\",\"name\":\"Universidad de las Artes\",\"description\":\"Sitio oficial de la Universidad Nacional de las Artes del Ecuador\",\"publisher\":{\"@id\":\"https:\\\/\\\/www.uartes.edu.ec\\\/sitio\\\/en\\\/#organization\"},\"potentialAction\":[{\"@type\":\"SearchAction\",\"target\":{\"@type\":\"EntryPoint\",\"urlTemplate\":\"https:\\\/\\\/www.uartes.edu.ec\\\/sitio\\\/en\\\/?s={search_term_string}\"},\"query-input\":{\"@type\":\"PropertyValueSpecification\",\"valueRequired\":true,\"valueName\":\"search_term_string\"}}],\"inLanguage\":\"en-US\"},{\"@type\":\"Organization\",\"@id\":\"https:\\\/\\\/www.uartes.edu.ec\\\/sitio\\\/en\\\/#organization\",\"name\":\"Universidad de las Artes\",\"url\":\"https:\\\/\\\/www.uartes.edu.ec\\\/sitio\\\/en\\\/\",\"logo\":{\"@type\":\"ImageObject\",\"inLanguage\":\"en-US\",\"@id\":\"https:\\\/\\\/www.uartes.edu.ec\\\/sitio\\\/en\\\/#\\\/schema\\\/logo\\\/image\\\/\",\"url\":\"https:\\\/\\\/www.uartes.edu.ec\\\/sitio\\\/wp-content\\\/uploads\\\/2022\\\/07\\\/logo-ua-horizontal.png\",\"contentUrl\":\"https:\\\/\\\/www.uartes.edu.ec\\\/sitio\\\/wp-content\\\/uploads\\\/2022\\\/07\\\/logo-ua-horizontal.png\",\"width\":800,\"height\":276,\"caption\":\"Universidad de las Artes\"},\"image\":{\"@id\":\"https:\\\/\\\/www.uartes.edu.ec\\\/sitio\\\/en\\\/#\\\/schema\\\/logo\\\/image\\\/\"},\"sameAs\":[\"https:\\\/\\\/www.facebook.com\\\/uartesec\",\"https:\\\/\\\/x.com\\\/uartesec\",\"https:\\\/\\\/www.tiktok.com\\\/@uartesec\"]},{\"@type\":\"Person\",\"@id\":\"https:\\\/\\\/www.uartes.edu.ec\\\/sitio\\\/en\\\/#\\\/schema\\\/person\\\/efa1b8275797664fd7f13a79ccc0b1f4\",\"name\":\"ccortez\",\"image\":{\"@type\":\"ImageObject\",\"inLanguage\":\"en-US\",\"@id\":\"https:\\\/\\\/secure.gravatar.com\\\/avatar\\\/b2a6f664a3ae8e074346ef91775736c5ec479e637ecced6842de9dc98b5da9cd?s=96&d=mm&r=g\",\"url\":\"https:\\\/\\\/secure.gravatar.com\\\/avatar\\\/b2a6f664a3ae8e074346ef91775736c5ec479e637ecced6842de9dc98b5da9cd?s=96&d=mm&r=g\",\"contentUrl\":\"https:\\\/\\\/secure.gravatar.com\\\/avatar\\\/b2a6f664a3ae8e074346ef91775736c5ec479e637ecced6842de9dc98b5da9cd?s=96&d=mm&r=g\",\"caption\":\"ccortez\"},\"url\":\"https:\\\/\\\/www.uartes.edu.ec\\\/sitio\\\/en\\\/blog\\\/author\\\/ccortez\\\/\"}]}<\/script>\n<!-- \/ Yoast SEO plugin. -->","yoast_head_json":{"title":"Universidad de las Artes - Sesi\u00f3n solemne por los 10 a\u00f1os de creaci\u00f3n de la Universidad de las Artes","description":"Universidad de las Artes - Sesi\u00f3n solemne por los 10 a\u00f1os de creaci\u00f3n de la Universidad de las Artes","robots":{"index":"index","follow":"follow","max-snippet":"max-snippet:-1","max-image-preview":"max-image-preview:large","max-video-preview":"max-video-preview:-1"},"canonical":"https:\/\/www.uartes.edu.ec\/sitio\/en\/blog\/2023\/12\/12\/sesion-solemne-por-los-10-anos-de-creacion-de-la-universidad-de-las-artes\/","og_locale":"en_US","og_type":"article","og_title":"Universidad de las Artes - Sesi\u00f3n solemne por los 10 a\u00f1os de creaci\u00f3n de la Universidad de las Artes","og_description":"Universidad de las Artes - Sesi\u00f3n solemne por los 10 a\u00f1os de creaci\u00f3n de la Universidad de las Artes","og_url":"https:\/\/www.uartes.edu.ec\/sitio\/en\/blog\/2023\/12\/12\/sesion-solemne-por-los-10-anos-de-creacion-de-la-universidad-de-las-artes\/","og_site_name":"Universidad de las Artes","article_publisher":"https:\/\/www.facebook.com\/uartesec","article_published_time":"2023-12-12T15:22:42+00:00","article_modified_time":"2024-07-04T16:20:20+00:00","og_image":[{"width":2000,"height":1333,"url":"https:\/\/www.uartes.edu.ec\/sitio\/wp-content\/uploads\/2023\/12\/22-SESION-10mo-MESA-PRINCIPAL-FALTA-UNO.jpg","type":"image\/jpeg"}],"author":"ccortez","twitter_card":"summary_large_image","twitter_creator":"@uartesec","twitter_site":"@uartesec","twitter_misc":{"Written by":"ccortez","Est. reading time":"7 minutes"},"schema":{"@context":"https:\/\/schema.org","@graph":[{"@type":"Article","@id":"https:\/\/www.uartes.edu.ec\/sitio\/en\/blog\/2023\/12\/12\/sesion-solemne-por-los-10-anos-de-creacion-de-la-universidad-de-las-artes\/#article","isPartOf":{"@id":"https:\/\/www.uartes.edu.ec\/sitio\/en\/blog\/2023\/12\/12\/sesion-solemne-por-los-10-anos-de-creacion-de-la-universidad-de-las-artes\/"},"author":{"name":"ccortez","@id":"https:\/\/www.uartes.edu.ec\/sitio\/en\/#\/schema\/person\/efa1b8275797664fd7f13a79ccc0b1f4"},"headline":"Sesi\u00f3n solemne por los 10 a\u00f1os de creaci\u00f3n de la Universidad de las Artes","datePublished":"2023-12-12T15:22:42+00:00","dateModified":"2024-07-04T16:20:20+00:00","mainEntityOfPage":{"@id":"https:\/\/www.uartes.edu.ec\/sitio\/en\/blog\/2023\/12\/12\/sesion-solemne-por-los-10-anos-de-creacion-de-la-universidad-de-las-artes\/"},"wordCount":1361,"commentCount":0,"publisher":{"@id":"https:\/\/www.uartes.edu.ec\/sitio\/en\/#organization"},"image":{"@id":"https:\/\/www.uartes.edu.ec\/sitio\/en\/blog\/2023\/12\/12\/sesion-solemne-por-los-10-anos-de-creacion-de-la-universidad-de-las-artes\/#primaryimage"},"thumbnailUrl":"https:\/\/www.uartes.edu.ec\/sitio\/wp-content\/uploads\/2023\/12\/22-SESION-10mo-MESA-PRINCIPAL-FALTA-UNO.jpg","keywords":["aniveersario UArtes"],"articleSection":["Acad\u00e9mico","Administrativos","Alumni","Docentes","Estudiantes"],"inLanguage":"en-US","potentialAction":[{"@type":"CommentAction","name":"Comment","target":["https:\/\/www.uartes.edu.ec\/sitio\/en\/blog\/2023\/12\/12\/sesion-solemne-por-los-10-anos-de-creacion-de-la-universidad-de-las-artes\/#respond"]}]},{"@type":["WebPage","ItemPage"],"@id":"https:\/\/www.uartes.edu.ec\/sitio\/en\/blog\/2023\/12\/12\/sesion-solemne-por-los-10-anos-de-creacion-de-la-universidad-de-las-artes\/","url":"https:\/\/www.uartes.edu.ec\/sitio\/en\/blog\/2023\/12\/12\/sesion-solemne-por-los-10-anos-de-creacion-de-la-universidad-de-las-artes\/","name":"Universidad de las Artes - Sesi\u00f3n solemne por los 10 a\u00f1os de creaci\u00f3n de la Universidad de las Artes","isPartOf":{"@id":"https:\/\/www.uartes.edu.ec\/sitio\/en\/#website"},"primaryImageOfPage":{"@id":"https:\/\/www.uartes.edu.ec\/sitio\/en\/blog\/2023\/12\/12\/sesion-solemne-por-los-10-anos-de-creacion-de-la-universidad-de-las-artes\/#primaryimage"},"image":{"@id":"https:\/\/www.uartes.edu.ec\/sitio\/en\/blog\/2023\/12\/12\/sesion-solemne-por-los-10-anos-de-creacion-de-la-universidad-de-las-artes\/#primaryimage"},"thumbnailUrl":"https:\/\/www.uartes.edu.ec\/sitio\/wp-content\/uploads\/2023\/12\/22-SESION-10mo-MESA-PRINCIPAL-FALTA-UNO.jpg","datePublished":"2023-12-12T15:22:42+00:00","dateModified":"2024-07-04T16:20:20+00:00","description":"Universidad de las Artes - Sesi\u00f3n solemne por los 10 a\u00f1os de creaci\u00f3n de la Universidad de las Artes","breadcrumb":{"@id":"https:\/\/www.uartes.edu.ec\/sitio\/en\/blog\/2023\/12\/12\/sesion-solemne-por-los-10-anos-de-creacion-de-la-universidad-de-las-artes\/#breadcrumb"},"inLanguage":"en-US","potentialAction":[{"@type":"ReadAction","target":["https:\/\/www.uartes.edu.ec\/sitio\/en\/blog\/2023\/12\/12\/sesion-solemne-por-los-10-anos-de-creacion-de-la-universidad-de-las-artes\/"]}]},{"@type":"ImageObject","inLanguage":"en-US","@id":"https:\/\/www.uartes.edu.ec\/sitio\/en\/blog\/2023\/12\/12\/sesion-solemne-por-los-10-anos-de-creacion-de-la-universidad-de-las-artes\/#primaryimage","url":"https:\/\/www.uartes.edu.ec\/sitio\/wp-content\/uploads\/2023\/12\/22-SESION-10mo-MESA-PRINCIPAL-FALTA-UNO.jpg","contentUrl":"https:\/\/www.uartes.edu.ec\/sitio\/wp-content\/uploads\/2023\/12\/22-SESION-10mo-MESA-PRINCIPAL-FALTA-UNO.jpg","width":2000,"height":1333},{"@type":"BreadcrumbList","@id":"https:\/\/www.uartes.edu.ec\/sitio\/en\/blog\/2023\/12\/12\/sesion-solemne-por-los-10-anos-de-creacion-de-la-universidad-de-las-artes\/#breadcrumb","itemListElement":[{"@type":"ListItem","position":1,"name":"Inicio","item":"https:\/\/www.uartes.edu.ec\/sitio\/"},{"@type":"ListItem","position":2,"name":"Sesi\u00f3n solemne por los 10 a\u00f1os de creaci\u00f3n de la Universidad de las Artes"}]},{"@type":"WebSite","@id":"https:\/\/www.uartes.edu.ec\/sitio\/en\/#website","url":"https:\/\/www.uartes.edu.ec\/sitio\/en\/","name":"Universidad de las Artes","description":"Sitio oficial de la Universidad Nacional de las Artes del Ecuador","publisher":{"@id":"https:\/\/www.uartes.edu.ec\/sitio\/en\/#organization"},"potentialAction":[{"@type":"SearchAction","target":{"@type":"EntryPoint","urlTemplate":"https:\/\/www.uartes.edu.ec\/sitio\/en\/?s={search_term_string}"},"query-input":{"@type":"PropertyValueSpecification","valueRequired":true,"valueName":"search_term_string"}}],"inLanguage":"en-US"},{"@type":"Organization","@id":"https:\/\/www.uartes.edu.ec\/sitio\/en\/#organization","name":"Universidad de las Artes","url":"https:\/\/www.uartes.edu.ec\/sitio\/en\/","logo":{"@type":"ImageObject","inLanguage":"en-US","@id":"https:\/\/www.uartes.edu.ec\/sitio\/en\/#\/schema\/logo\/image\/","url":"https:\/\/www.uartes.edu.ec\/sitio\/wp-content\/uploads\/2022\/07\/logo-ua-horizontal.png","contentUrl":"https:\/\/www.uartes.edu.ec\/sitio\/wp-content\/uploads\/2022\/07\/logo-ua-horizontal.png","width":800,"height":276,"caption":"Universidad de las Artes"},"image":{"@id":"https:\/\/www.uartes.edu.ec\/sitio\/en\/#\/schema\/logo\/image\/"},"sameAs":["https:\/\/www.facebook.com\/uartesec","https:\/\/x.com\/uartesec","https:\/\/www.tiktok.com\/@uartesec"]},{"@type":"Person","@id":"https:\/\/www.uartes.edu.ec\/sitio\/en\/#\/schema\/person\/efa1b8275797664fd7f13a79ccc0b1f4","name":"ccortez","image":{"@type":"ImageObject","inLanguage":"en-US","@id":"https:\/\/secure.gravatar.com\/avatar\/b2a6f664a3ae8e074346ef91775736c5ec479e637ecced6842de9dc98b5da9cd?s=96&d=mm&r=g","url":"https:\/\/secure.gravatar.com\/avatar\/b2a6f664a3ae8e074346ef91775736c5ec479e637ecced6842de9dc98b5da9cd?s=96&d=mm&r=g","contentUrl":"https:\/\/secure.gravatar.com\/avatar\/b2a6f664a3ae8e074346ef91775736c5ec479e637ecced6842de9dc98b5da9cd?s=96&d=mm&r=g","caption":"ccortez"},"url":"https:\/\/www.uartes.edu.ec\/sitio\/en\/blog\/author\/ccortez\/"}]}},"uagb_featured_image_src":{"full":["https:\/\/www.uartes.edu.ec\/sitio\/wp-content\/uploads\/2023\/12\/22-SESION-10mo-MESA-PRINCIPAL-FALTA-UNO.jpg",2000,1333,false],"thumbnail":["https:\/\/www.uartes.edu.ec\/sitio\/wp-content\/uploads\/2023\/12\/22-SESION-10mo-MESA-PRINCIPAL-FALTA-UNO-150x150.jpg",150,150,true],"medium":["https:\/\/www.uartes.edu.ec\/sitio\/wp-content\/uploads\/2023\/12\/22-SESION-10mo-MESA-PRINCIPAL-FALTA-UNO-300x200.jpg",300,200,true],"medium_large":["https:\/\/www.uartes.edu.ec\/sitio\/wp-content\/uploads\/2023\/12\/22-SESION-10mo-MESA-PRINCIPAL-FALTA-UNO-768x512.jpg",768,512,true],"large":["https:\/\/www.uartes.edu.ec\/sitio\/wp-content\/uploads\/2023\/12\/22-SESION-10mo-MESA-PRINCIPAL-FALTA-UNO-644x429.jpg",644,429,true],"1536x1536":["https:\/\/www.uartes.edu.ec\/sitio\/wp-content\/uploads\/2023\/12\/22-SESION-10mo-MESA-PRINCIPAL-FALTA-UNO-1536x1024.jpg",1536,1024,true],"2048x2048":["https:\/\/www.uartes.edu.ec\/sitio\/wp-content\/uploads\/2023\/12\/22-SESION-10mo-MESA-PRINCIPAL-FALTA-UNO.jpg",2000,1333,false],"trp-custom-language-flag":["https:\/\/www.uartes.edu.ec\/sitio\/wp-content\/uploads\/2023\/12\/22-SESION-10mo-MESA-PRINCIPAL-FALTA-UNO.jpg",18,12,false],"htmega_size_585x295":["https:\/\/www.uartes.edu.ec\/sitio\/wp-content\/uploads\/2023\/12\/22-SESION-10mo-MESA-PRINCIPAL-FALTA-UNO-585x295.jpg",585,295,true],"htmega_size_1170x536":["https:\/\/www.uartes.edu.ec\/sitio\/wp-content\/uploads\/2023\/12\/22-SESION-10mo-MESA-PRINCIPAL-FALTA-UNO-1170x536.jpg",1170,536,true],"htmega_size_396x360":["https:\/\/www.uartes.edu.ec\/sitio\/wp-content\/uploads\/2023\/12\/22-SESION-10mo-MESA-PRINCIPAL-FALTA-UNO-396x360.jpg",396,360,true],"gb-block-post-grid-landscape":["https:\/\/www.uartes.edu.ec\/sitio\/wp-content\/uploads\/2023\/12\/22-SESION-10mo-MESA-PRINCIPAL-FALTA-UNO-600x400.jpg",600,400,true],"gb-block-post-grid-square":["https:\/\/www.uartes.edu.ec\/sitio\/wp-content\/uploads\/2023\/12\/22-SESION-10mo-MESA-PRINCIPAL-FALTA-UNO-600x600.jpg",600,600,true],"university-hub-thumb":["https:\/\/www.uartes.edu.ec\/sitio\/wp-content\/uploads\/2023\/12\/22-SESION-10mo-MESA-PRINCIPAL-FALTA-UNO-400x267.jpg",400,267,true]},"uagb_author_info":{"display_name":"ccortez","author_link":"https:\/\/www.uartes.edu.ec\/sitio\/en\/blog\/author\/ccortez\/"},"uagb_comment_info":0,"uagb_excerpt":"En comunidad y en v\u00ednculo con autoridades seccionales, universitarias y representantes de las organizaciones con las que trabaja, la UArtes celebr\u00f3 10 a\u00f1os de creaci\u00f3n. La sesi\u00f3n solemne fue el 7 de diciembre en Pasaje Illingworth, donde dio sus primeros pasos, dijo el rector William Herrera. En la mesa directiva lo acompa\u00f1aron, la vicealcaldesa Blanca&hellip;","featured_image_src":"https:\/\/www.uartes.edu.ec\/sitio\/wp-content\/uploads\/2023\/12\/22-SESION-10mo-MESA-PRINCIPAL-FALTA-UNO-600x400.jpg","featured_image_src_square":"https:\/\/www.uartes.edu.ec\/sitio\/wp-content\/uploads\/2023\/12\/22-SESION-10mo-MESA-PRINCIPAL-FALTA-UNO-600x600.jpg","author_info":{"display_name":"ccortez","author_link":"https:\/\/www.uartes.edu.ec\/sitio\/en\/blog\/author\/ccortez\/"},"publishpress_future_workflow_manual_trigger":{"enabledWorkflows":[]},"distributor_meta":false,"distributor_terms":false,"distributor_media":false,"distributor_original_site_name":"Universidad de las Artes","distributor_original_site_url":"https:\/\/www.uartes.edu.ec\/sitio\/en","push-errors":false,"_links":{"self":[{"href":"https:\/\/www.uartes.edu.ec\/sitio\/en\/wp-json\/wp\/v2\/posts\/48836","targetHints":{"allow":["GET"]}}],"collection":[{"href":"https:\/\/www.uartes.edu.ec\/sitio\/en\/wp-json\/wp\/v2\/posts"}],"about":[{"href":"https:\/\/www.uartes.edu.ec\/sitio\/en\/wp-json\/wp\/v2\/types\/post"}],"author":[{"embeddable":true,"href":"https:\/\/www.uartes.edu.ec\/sitio\/en\/wp-json\/wp\/v2\/users\/10"}],"replies":[{"embeddable":true,"href":"https:\/\/www.uartes.edu.ec\/sitio\/en\/wp-json\/wp\/v2\/comments?post=48836"}],"version-history":[{"count":9,"href":"https:\/\/www.uartes.edu.ec\/sitio\/en\/wp-json\/wp\/v2\/posts\/48836\/revisions"}],"predecessor-version":[{"id":49224,"href":"https:\/\/www.uartes.edu.ec\/sitio\/en\/wp-json\/wp\/v2\/posts\/48836\/revisions\/49224"}],"wp:featuredmedia":[{"embeddable":true,"href":"https:\/\/www.uartes.edu.ec\/sitio\/en\/wp-json\/wp\/v2\/media\/48837"}],"wp:attachment":[{"href":"https:\/\/www.uartes.edu.ec\/sitio\/en\/wp-json\/wp\/v2\/media?parent=48836"}],"wp:term":[{"taxonomy":"category","embeddable":true,"href":"https:\/\/www.uartes.edu.ec\/sitio\/en\/wp-json\/wp\/v2\/categories?post=48836"},{"taxonomy":"post_tag","embeddable":true,"href":"https:\/\/www.uartes.edu.ec\/sitio\/en\/wp-json\/wp\/v2\/tags?post=48836"},{"taxonomy":"infouartes","embeddable":true,"href":"https:\/\/www.uartes.edu.ec\/sitio\/en\/wp-json\/wp\/v2\/infouartes?post=48836"}],"curies":[{"name":"wp","href":"https:\/\/api.w.org\/{rel}","templated":true}]}}