{"id":4985,"date":"2019-11-13T16:11:37","date_gmt":"2019-11-13T21:11:37","guid":{"rendered":"http:\/\/www.uartes.edu.ec\/sitio\/?p=4985"},"modified":"2024-07-04T11:49:01","modified_gmt":"2024-07-04T16:49:01","slug":"uartes-y-una-coordinan-grupo-de-trabajo-de-la-clacso","status":"publish","type":"post","link":"https:\/\/www.uartes.edu.ec\/sitio\/en\/blog\/2019\/11\/13\/uartes-y-una-coordinan-grupo-de-trabajo-de-la-clacso\/","title":{"rendered":"UArtes y UNA coordinan Grupo de Trabajo de la CLACSO"},"content":{"rendered":"<p class=\"has-text-align-right\"><em>\u201cArtes, educaci\u00f3n y ciudadan\u00eda\u201d es la tem\u00e1tica de la propuesta de\ntrabajo que la Universidad de las Artes del Ecuador y la Universidad Nacional\nde las Artes de Argentina presentaron en la IX Convocatoria del Consejo\nLatinoamericano de Ciencias Sociales (CLACSO).<\/em><\/p>\n\n\n\n<p>La Universidad de las Artes del\nEcuador (UArtes), a trav\u00e9s del Instituto Latinoamericano de Investigaci\u00f3n en\nArtes (ILIA), trabaj\u00f3 en conjunto con la Universidad Nacional de las Artes de\nArgentina (UNA) en la postulaci\u00f3n a la IX Convocatoria del Consejo\nLatinoamericano de Ciencias Sociales (CLACSO), para la creaci\u00f3n de Grupos de\nTrabajo (GTs) del per\u00edodo 2019-2022. <\/p>\n\n\n\n<p>A finales de octubre pasado,\nCLACSO dio a conocer los resultados de esa convocatoria en la que la propuesta\nde trabajo de la UArtes y la UNA fue aceptada tras un riguroso proceso de\nselecci\u00f3n que cont\u00f3 con la presentaci\u00f3n de 176 propuestas conformadas por 7.085\nintegrantes.<\/p>\n\n\n\n<p>Seg\u00fan indica el sitio web del\nConsejo Latinoamericano de Ciencias Sociales, luego de la revisi\u00f3n t\u00e9cnica y\nformal, 167 postulaciones pasaron a evaluaci\u00f3n cualitativa y de contenidos por\nparte de un jurado internacional. Detalla, adem\u00e1s, que la mayor\u00eda de las\npropuestas fueron de alta calidad, consistencia y pertinencia.<\/p>\n\n\n\n<p>Los Grupos de Trabajo son\nespacios de investigaci\u00f3n, formaci\u00f3n, intercambio y cooperaci\u00f3n entre\ninvestigadoras\/es que tienen como principal objetivo la articulaci\u00f3n para la\ninvestigaci\u00f3n social comparada, relevante y rigurosa. Los GTs de CLACSO\nconstituyen redes interdisciplinarias de investigadoras\/es reunidos alrededor\nde temas y problemas sociales relevantes para Am\u00e9rica Latina y el Caribe.<\/p>\n\n\n\n<p>La propuesta de trabajo de la\nUArtes y la UNA est\u00e1 orientada al campo tem\u00e1tico \u201cArtes, educaci\u00f3n y ciudadan\u00eda\u201d;\nincluye la participaci\u00f3n de 44 investigadores (28&nbsp;mujeres&nbsp;y\n16&nbsp;hombres), provenientes de Argentina, Brasil, M\u00e9xico, Paraguay, Espa\u00f1a,\nColombia, Costa Rica, Cuba y&nbsp;Ecuador, y pertenecientes a&nbsp;m\u00e1s&nbsp;de seis\ncentros afiliados a CLACSO. <\/p>\n\n\n\n<p>Por parte de la Universidad de\nlas Artes, los integrantes que conforman el Grupo de Trabajo con 13\ninstituciones de educaci\u00f3n superior de Am\u00e9rica Latina y el mundo son: Ramiro\nNoriega, rector de la UArtes, y los docentes Janina Su\u00e1rez, Borja Guerrero,\nNatalia Tamayo, Bradley Hilgert, Ana Carrillo, Jorge Flores, Cristina Morales,\nRafael Guzm\u00e1n y Pablo Cardoso.<\/p>\n\n\n\n<p>Este Grupo de Trabajo es un espacio abierto que invita a investigadorxs, docentes y estudiantes a participar activamente en el proyecto. Para m\u00e1s informaci\u00f3n, los resultados se encuentran publicados en <a href=\"https:\/\/www.clacso.org\/resultado-de-la-ix-convocatoria-grupos-de-trabajo-2019-2022\/\">la p\u00e1gina oficial de CLACSO<\/a>.<\/p>","protected":false},"excerpt":{"rendered":"<p>\u201cArtes, educaci\u00f3n y ciudadan\u00eda\u201d es la tem\u00e1tica de la propuesta de trabajo que la Universidad de las Artes del Ecuador y la Universidad Nacional de las Artes de Argentina presentaron en la IX Convocatoria del Consejo Latinoamericano de Ciencias Sociales (CLACSO).<\/p>","protected":false},"author":1,"featured_media":4986,"comment_status":"closed","ping_status":"closed","sticky":false,"template":"","format":"standard","meta":{"_acf_changed":false,"_uag_custom_page_level_css":"","_monsterinsights_skip_tracking":false,"_monsterinsights_sitenote_active":false,"_monsterinsights_sitenote_note":"","_monsterinsights_sitenote_category":0,"cybocfi_hide_featured_image":"","footnotes":""},"categories":[77],"tags":[169,37,170],"infouartes":[],"class_list":["post-4985","post","type-post","status-publish","format-standard","has-post-thumbnail","hentry","category-gestion","tag-clacso","tag-ilia","tag-una"],"acf":[],"yoast_head":"<!-- This site is optimized with the Yoast SEO plugin v27.4 - https:\/\/yoast.com\/product\/yoast-seo-wordpress\/ -->\n<title>Universidad de las Artes - UArtes y UNA coordinan Grupo de Trabajo de la CLACSO<\/title>\n<meta name=\"description\" content=\"Universidad de las Artes - UArtes y UNA coordinan Grupo de Trabajo de la CLACSO\" \/>\n<meta name=\"robots\" content=\"index, follow, max-snippet:-1, max-image-preview:large, max-video-preview:-1\" \/>\n<link rel=\"canonical\" href=\"https:\/\/www.uartes.edu.ec\/sitio\/en\/blog\/2019\/11\/13\/uartes-y-una-coordinan-grupo-de-trabajo-de-la-clacso\/\" \/>\n<meta property=\"og:locale\" content=\"en_US\" \/>\n<meta property=\"og:type\" content=\"article\" \/>\n<meta property=\"og:title\" content=\"Universidad de las Artes - UArtes y UNA coordinan Grupo de Trabajo de la CLACSO\" \/>\n<meta property=\"og:description\" content=\"Universidad de las Artes - UArtes y UNA coordinan Grupo de Trabajo de la CLACSO\" \/>\n<meta property=\"og:url\" content=\"https:\/\/www.uartes.edu.ec\/sitio\/en\/blog\/2019\/11\/13\/uartes-y-una-coordinan-grupo-de-trabajo-de-la-clacso\/\" \/>\n<meta property=\"og:site_name\" content=\"Universidad de las Artes\" \/>\n<meta property=\"article:publisher\" content=\"https:\/\/www.facebook.com\/uartesec\" \/>\n<meta property=\"article:published_time\" content=\"2019-11-13T21:11:37+00:00\" \/>\n<meta property=\"article:modified_time\" content=\"2024-07-04T16:49:01+00:00\" \/>\n<meta property=\"og:image\" content=\"https:\/\/www.uartes.edu.ec\/sitio\/wp-content\/uploads\/2019\/11\/Fachada-UArtes-2019.jpg\" \/>\n\t<meta property=\"og:image:width\" content=\"1500\" \/>\n\t<meta property=\"og:image:height\" content=\"1000\" \/>\n\t<meta property=\"og:image:type\" content=\"image\/jpeg\" \/>\n<meta name=\"author\" content=\"Universidad de las Artes\" \/>\n<meta name=\"twitter:card\" content=\"summary_large_image\" \/>\n<meta name=\"twitter:creator\" content=\"@uartesec\" \/>\n<meta name=\"twitter:site\" content=\"@uartesec\" \/>\n<meta name=\"twitter:label1\" content=\"Written by\" \/>\n\t<meta name=\"twitter:data1\" content=\"Universidad de las Artes\" \/>\n\t<meta name=\"twitter:label2\" content=\"Est. reading time\" \/>\n\t<meta name=\"twitter:data2\" content=\"2 minutes\" \/>\n<script type=\"application\/ld+json\" class=\"yoast-schema-graph\">{\"@context\":\"https:\\\/\\\/schema.org\",\"@graph\":[{\"@type\":\"Article\",\"@id\":\"https:\\\/\\\/www.uartes.edu.ec\\\/sitio\\\/en\\\/blog\\\/2019\\\/11\\\/13\\\/uartes-y-una-coordinan-grupo-de-trabajo-de-la-clacso\\\/#article\",\"isPartOf\":{\"@id\":\"https:\\\/\\\/www.uartes.edu.ec\\\/sitio\\\/en\\\/blog\\\/2019\\\/11\\\/13\\\/uartes-y-una-coordinan-grupo-de-trabajo-de-la-clacso\\\/\"},\"author\":{\"name\":\"Universidad de las Artes\",\"@id\":\"https:\\\/\\\/www.uartes.edu.ec\\\/sitio\\\/en\\\/#\\\/schema\\\/person\\\/f33f8c1d2af0d5c80a38c8abf458184a\"},\"headline\":\"UArtes y UNA coordinan Grupo de Trabajo de la CLACSO\",\"datePublished\":\"2019-11-13T21:11:37+00:00\",\"dateModified\":\"2024-07-04T16:49:01+00:00\",\"mainEntityOfPage\":{\"@id\":\"https:\\\/\\\/www.uartes.edu.ec\\\/sitio\\\/en\\\/blog\\\/2019\\\/11\\\/13\\\/uartes-y-una-coordinan-grupo-de-trabajo-de-la-clacso\\\/\"},\"wordCount\":436,\"publisher\":{\"@id\":\"https:\\\/\\\/www.uartes.edu.ec\\\/sitio\\\/en\\\/#organization\"},\"image\":{\"@id\":\"https:\\\/\\\/www.uartes.edu.ec\\\/sitio\\\/en\\\/blog\\\/2019\\\/11\\\/13\\\/uartes-y-una-coordinan-grupo-de-trabajo-de-la-clacso\\\/#primaryimage\"},\"thumbnailUrl\":\"https:\\\/\\\/www.uartes.edu.ec\\\/sitio\\\/wp-content\\\/uploads\\\/2019\\\/11\\\/Fachada-UArtes-2019.jpg\",\"keywords\":[\"clacso\",\"ilia\",\"UNA\"],\"articleSection\":[\"Gesti\u00f3n\"],\"inLanguage\":\"en-US\"},{\"@type\":[\"WebPage\",\"ItemPage\"],\"@id\":\"https:\\\/\\\/www.uartes.edu.ec\\\/sitio\\\/en\\\/blog\\\/2019\\\/11\\\/13\\\/uartes-y-una-coordinan-grupo-de-trabajo-de-la-clacso\\\/\",\"url\":\"https:\\\/\\\/www.uartes.edu.ec\\\/sitio\\\/en\\\/blog\\\/2019\\\/11\\\/13\\\/uartes-y-una-coordinan-grupo-de-trabajo-de-la-clacso\\\/\",\"name\":\"Universidad de las Artes - UArtes y UNA coordinan Grupo de Trabajo de la CLACSO\",\"isPartOf\":{\"@id\":\"https:\\\/\\\/www.uartes.edu.ec\\\/sitio\\\/en\\\/#website\"},\"primaryImageOfPage\":{\"@id\":\"https:\\\/\\\/www.uartes.edu.ec\\\/sitio\\\/en\\\/blog\\\/2019\\\/11\\\/13\\\/uartes-y-una-coordinan-grupo-de-trabajo-de-la-clacso\\\/#primaryimage\"},\"image\":{\"@id\":\"https:\\\/\\\/www.uartes.edu.ec\\\/sitio\\\/en\\\/blog\\\/2019\\\/11\\\/13\\\/uartes-y-una-coordinan-grupo-de-trabajo-de-la-clacso\\\/#primaryimage\"},\"thumbnailUrl\":\"https:\\\/\\\/www.uartes.edu.ec\\\/sitio\\\/wp-content\\\/uploads\\\/2019\\\/11\\\/Fachada-UArtes-2019.jpg\",\"datePublished\":\"2019-11-13T21:11:37+00:00\",\"dateModified\":\"2024-07-04T16:49:01+00:00\",\"description\":\"Universidad de las Artes - UArtes y UNA coordinan Grupo de Trabajo de la CLACSO\",\"breadcrumb\":{\"@id\":\"https:\\\/\\\/www.uartes.edu.ec\\\/sitio\\\/en\\\/blog\\\/2019\\\/11\\\/13\\\/uartes-y-una-coordinan-grupo-de-trabajo-de-la-clacso\\\/#breadcrumb\"},\"inLanguage\":\"en-US\",\"potentialAction\":[{\"@type\":\"ReadAction\",\"target\":[\"https:\\\/\\\/www.uartes.edu.ec\\\/sitio\\\/en\\\/blog\\\/2019\\\/11\\\/13\\\/uartes-y-una-coordinan-grupo-de-trabajo-de-la-clacso\\\/\"]}]},{\"@type\":\"ImageObject\",\"inLanguage\":\"en-US\",\"@id\":\"https:\\\/\\\/www.uartes.edu.ec\\\/sitio\\\/en\\\/blog\\\/2019\\\/11\\\/13\\\/uartes-y-una-coordinan-grupo-de-trabajo-de-la-clacso\\\/#primaryimage\",\"url\":\"https:\\\/\\\/www.uartes.edu.ec\\\/sitio\\\/wp-content\\\/uploads\\\/2019\\\/11\\\/Fachada-UArtes-2019.jpg\",\"contentUrl\":\"https:\\\/\\\/www.uartes.edu.ec\\\/sitio\\\/wp-content\\\/uploads\\\/2019\\\/11\\\/Fachada-UArtes-2019.jpg\",\"width\":1500,\"height\":1000},{\"@type\":\"BreadcrumbList\",\"@id\":\"https:\\\/\\\/www.uartes.edu.ec\\\/sitio\\\/en\\\/blog\\\/2019\\\/11\\\/13\\\/uartes-y-una-coordinan-grupo-de-trabajo-de-la-clacso\\\/#breadcrumb\",\"itemListElement\":[{\"@type\":\"ListItem\",\"position\":1,\"name\":\"Inicio\",\"item\":\"https:\\\/\\\/www.uartes.edu.ec\\\/sitio\\\/\"},{\"@type\":\"ListItem\",\"position\":2,\"name\":\"UArtes y UNA coordinan Grupo de Trabajo de la CLACSO\"}]},{\"@type\":\"WebSite\",\"@id\":\"https:\\\/\\\/www.uartes.edu.ec\\\/sitio\\\/en\\\/#website\",\"url\":\"https:\\\/\\\/www.uartes.edu.ec\\\/sitio\\\/en\\\/\",\"name\":\"Universidad de las Artes\",\"description\":\"Sitio oficial de la Universidad Nacional de las Artes del Ecuador\",\"publisher\":{\"@id\":\"https:\\\/\\\/www.uartes.edu.ec\\\/sitio\\\/en\\\/#organization\"},\"potentialAction\":[{\"@type\":\"SearchAction\",\"target\":{\"@type\":\"EntryPoint\",\"urlTemplate\":\"https:\\\/\\\/www.uartes.edu.ec\\\/sitio\\\/en\\\/?s={search_term_string}\"},\"query-input\":{\"@type\":\"PropertyValueSpecification\",\"valueRequired\":true,\"valueName\":\"search_term_string\"}}],\"inLanguage\":\"en-US\"},{\"@type\":\"Organization\",\"@id\":\"https:\\\/\\\/www.uartes.edu.ec\\\/sitio\\\/en\\\/#organization\",\"name\":\"Universidad de las Artes\",\"url\":\"https:\\\/\\\/www.uartes.edu.ec\\\/sitio\\\/en\\\/\",\"logo\":{\"@type\":\"ImageObject\",\"inLanguage\":\"en-US\",\"@id\":\"https:\\\/\\\/www.uartes.edu.ec\\\/sitio\\\/en\\\/#\\\/schema\\\/logo\\\/image\\\/\",\"url\":\"https:\\\/\\\/www.uartes.edu.ec\\\/sitio\\\/wp-content\\\/uploads\\\/2022\\\/07\\\/logo-ua-horizontal.png\",\"contentUrl\":\"https:\\\/\\\/www.uartes.edu.ec\\\/sitio\\\/wp-content\\\/uploads\\\/2022\\\/07\\\/logo-ua-horizontal.png\",\"width\":800,\"height\":276,\"caption\":\"Universidad de las Artes\"},\"image\":{\"@id\":\"https:\\\/\\\/www.uartes.edu.ec\\\/sitio\\\/en\\\/#\\\/schema\\\/logo\\\/image\\\/\"},\"sameAs\":[\"https:\\\/\\\/www.facebook.com\\\/uartesec\",\"https:\\\/\\\/x.com\\\/uartesec\",\"https:\\\/\\\/www.tiktok.com\\\/@uartesec\"]},{\"@type\":\"Person\",\"@id\":\"https:\\\/\\\/www.uartes.edu.ec\\\/sitio\\\/en\\\/#\\\/schema\\\/person\\\/f33f8c1d2af0d5c80a38c8abf458184a\",\"name\":\"Universidad de las Artes\",\"image\":{\"@type\":\"ImageObject\",\"inLanguage\":\"en-US\",\"@id\":\"https:\\\/\\\/secure.gravatar.com\\\/avatar\\\/52e4757902f5cfa5ac52d020e5be83cae5487519154b6c35482fe08d589f3c13?s=96&d=mm&r=g\",\"url\":\"https:\\\/\\\/secure.gravatar.com\\\/avatar\\\/52e4757902f5cfa5ac52d020e5be83cae5487519154b6c35482fe08d589f3c13?s=96&d=mm&r=g\",\"contentUrl\":\"https:\\\/\\\/secure.gravatar.com\\\/avatar\\\/52e4757902f5cfa5ac52d020e5be83cae5487519154b6c35482fe08d589f3c13?s=96&d=mm&r=g\",\"caption\":\"Universidad de las Artes\"},\"url\":\"https:\\\/\\\/www.uartes.edu.ec\\\/sitio\\\/en\\\/blog\\\/author\\\/dircomadm\\\/\"}]}<\/script>\n<!-- \/ Yoast SEO plugin. -->","yoast_head_json":{"title":"Universidad de las Artes - UArtes y UNA coordinan Grupo de Trabajo de la CLACSO","description":"Universidad de las Artes - UArtes y UNA coordinan Grupo de Trabajo de la CLACSO","robots":{"index":"index","follow":"follow","max-snippet":"max-snippet:-1","max-image-preview":"max-image-preview:large","max-video-preview":"max-video-preview:-1"},"canonical":"https:\/\/www.uartes.edu.ec\/sitio\/en\/blog\/2019\/11\/13\/uartes-y-una-coordinan-grupo-de-trabajo-de-la-clacso\/","og_locale":"en_US","og_type":"article","og_title":"Universidad de las Artes - UArtes y UNA coordinan Grupo de Trabajo de la CLACSO","og_description":"Universidad de las Artes - UArtes y UNA coordinan Grupo de Trabajo de la CLACSO","og_url":"https:\/\/www.uartes.edu.ec\/sitio\/en\/blog\/2019\/11\/13\/uartes-y-una-coordinan-grupo-de-trabajo-de-la-clacso\/","og_site_name":"Universidad de las Artes","article_publisher":"https:\/\/www.facebook.com\/uartesec","article_published_time":"2019-11-13T21:11:37+00:00","article_modified_time":"2024-07-04T16:49:01+00:00","og_image":[{"width":1500,"height":1000,"url":"https:\/\/www.uartes.edu.ec\/sitio\/wp-content\/uploads\/2019\/11\/Fachada-UArtes-2019.jpg","type":"image\/jpeg"}],"author":"Universidad de las Artes","twitter_card":"summary_large_image","twitter_creator":"@uartesec","twitter_site":"@uartesec","twitter_misc":{"Written by":"Universidad de las Artes","Est. reading time":"2 minutes"},"schema":{"@context":"https:\/\/schema.org","@graph":[{"@type":"Article","@id":"https:\/\/www.uartes.edu.ec\/sitio\/en\/blog\/2019\/11\/13\/uartes-y-una-coordinan-grupo-de-trabajo-de-la-clacso\/#article","isPartOf":{"@id":"https:\/\/www.uartes.edu.ec\/sitio\/en\/blog\/2019\/11\/13\/uartes-y-una-coordinan-grupo-de-trabajo-de-la-clacso\/"},"author":{"name":"Universidad de las Artes","@id":"https:\/\/www.uartes.edu.ec\/sitio\/en\/#\/schema\/person\/f33f8c1d2af0d5c80a38c8abf458184a"},"headline":"UArtes y UNA coordinan Grupo de Trabajo de la CLACSO","datePublished":"2019-11-13T21:11:37+00:00","dateModified":"2024-07-04T16:49:01+00:00","mainEntityOfPage":{"@id":"https:\/\/www.uartes.edu.ec\/sitio\/en\/blog\/2019\/11\/13\/uartes-y-una-coordinan-grupo-de-trabajo-de-la-clacso\/"},"wordCount":436,"publisher":{"@id":"https:\/\/www.uartes.edu.ec\/sitio\/en\/#organization"},"image":{"@id":"https:\/\/www.uartes.edu.ec\/sitio\/en\/blog\/2019\/11\/13\/uartes-y-una-coordinan-grupo-de-trabajo-de-la-clacso\/#primaryimage"},"thumbnailUrl":"https:\/\/www.uartes.edu.ec\/sitio\/wp-content\/uploads\/2019\/11\/Fachada-UArtes-2019.jpg","keywords":["clacso","ilia","UNA"],"articleSection":["Gesti\u00f3n"],"inLanguage":"en-US"},{"@type":["WebPage","ItemPage"],"@id":"https:\/\/www.uartes.edu.ec\/sitio\/en\/blog\/2019\/11\/13\/uartes-y-una-coordinan-grupo-de-trabajo-de-la-clacso\/","url":"https:\/\/www.uartes.edu.ec\/sitio\/en\/blog\/2019\/11\/13\/uartes-y-una-coordinan-grupo-de-trabajo-de-la-clacso\/","name":"Universidad de las Artes - UArtes y UNA coordinan Grupo de Trabajo de la CLACSO","isPartOf":{"@id":"https:\/\/www.uartes.edu.ec\/sitio\/en\/#website"},"primaryImageOfPage":{"@id":"https:\/\/www.uartes.edu.ec\/sitio\/en\/blog\/2019\/11\/13\/uartes-y-una-coordinan-grupo-de-trabajo-de-la-clacso\/#primaryimage"},"image":{"@id":"https:\/\/www.uartes.edu.ec\/sitio\/en\/blog\/2019\/11\/13\/uartes-y-una-coordinan-grupo-de-trabajo-de-la-clacso\/#primaryimage"},"thumbnailUrl":"https:\/\/www.uartes.edu.ec\/sitio\/wp-content\/uploads\/2019\/11\/Fachada-UArtes-2019.jpg","datePublished":"2019-11-13T21:11:37+00:00","dateModified":"2024-07-04T16:49:01+00:00","description":"Universidad de las Artes - UArtes y UNA coordinan Grupo de Trabajo de la CLACSO","breadcrumb":{"@id":"https:\/\/www.uartes.edu.ec\/sitio\/en\/blog\/2019\/11\/13\/uartes-y-una-coordinan-grupo-de-trabajo-de-la-clacso\/#breadcrumb"},"inLanguage":"en-US","potentialAction":[{"@type":"ReadAction","target":["https:\/\/www.uartes.edu.ec\/sitio\/en\/blog\/2019\/11\/13\/uartes-y-una-coordinan-grupo-de-trabajo-de-la-clacso\/"]}]},{"@type":"ImageObject","inLanguage":"en-US","@id":"https:\/\/www.uartes.edu.ec\/sitio\/en\/blog\/2019\/11\/13\/uartes-y-una-coordinan-grupo-de-trabajo-de-la-clacso\/#primaryimage","url":"https:\/\/www.uartes.edu.ec\/sitio\/wp-content\/uploads\/2019\/11\/Fachada-UArtes-2019.jpg","contentUrl":"https:\/\/www.uartes.edu.ec\/sitio\/wp-content\/uploads\/2019\/11\/Fachada-UArtes-2019.jpg","width":1500,"height":1000},{"@type":"BreadcrumbList","@id":"https:\/\/www.uartes.edu.ec\/sitio\/en\/blog\/2019\/11\/13\/uartes-y-una-coordinan-grupo-de-trabajo-de-la-clacso\/#breadcrumb","itemListElement":[{"@type":"ListItem","position":1,"name":"Inicio","item":"https:\/\/www.uartes.edu.ec\/sitio\/"},{"@type":"ListItem","position":2,"name":"UArtes y UNA coordinan Grupo de Trabajo de la CLACSO"}]},{"@type":"WebSite","@id":"https:\/\/www.uartes.edu.ec\/sitio\/en\/#website","url":"https:\/\/www.uartes.edu.ec\/sitio\/en\/","name":"Universidad de las Artes","description":"Sitio oficial de la Universidad Nacional de las Artes del Ecuador","publisher":{"@id":"https:\/\/www.uartes.edu.ec\/sitio\/en\/#organization"},"potentialAction":[{"@type":"SearchAction","target":{"@type":"EntryPoint","urlTemplate":"https:\/\/www.uartes.edu.ec\/sitio\/en\/?s={search_term_string}"},"query-input":{"@type":"PropertyValueSpecification","valueRequired":true,"valueName":"search_term_string"}}],"inLanguage":"en-US"},{"@type":"Organization","@id":"https:\/\/www.uartes.edu.ec\/sitio\/en\/#organization","name":"Universidad de las Artes","url":"https:\/\/www.uartes.edu.ec\/sitio\/en\/","logo":{"@type":"ImageObject","inLanguage":"en-US","@id":"https:\/\/www.uartes.edu.ec\/sitio\/en\/#\/schema\/logo\/image\/","url":"https:\/\/www.uartes.edu.ec\/sitio\/wp-content\/uploads\/2022\/07\/logo-ua-horizontal.png","contentUrl":"https:\/\/www.uartes.edu.ec\/sitio\/wp-content\/uploads\/2022\/07\/logo-ua-horizontal.png","width":800,"height":276,"caption":"Universidad de las Artes"},"image":{"@id":"https:\/\/www.uartes.edu.ec\/sitio\/en\/#\/schema\/logo\/image\/"},"sameAs":["https:\/\/www.facebook.com\/uartesec","https:\/\/x.com\/uartesec","https:\/\/www.tiktok.com\/@uartesec"]},{"@type":"Person","@id":"https:\/\/www.uartes.edu.ec\/sitio\/en\/#\/schema\/person\/f33f8c1d2af0d5c80a38c8abf458184a","name":"Universidad de las Artes","image":{"@type":"ImageObject","inLanguage":"en-US","@id":"https:\/\/secure.gravatar.com\/avatar\/52e4757902f5cfa5ac52d020e5be83cae5487519154b6c35482fe08d589f3c13?s=96&d=mm&r=g","url":"https:\/\/secure.gravatar.com\/avatar\/52e4757902f5cfa5ac52d020e5be83cae5487519154b6c35482fe08d589f3c13?s=96&d=mm&r=g","contentUrl":"https:\/\/secure.gravatar.com\/avatar\/52e4757902f5cfa5ac52d020e5be83cae5487519154b6c35482fe08d589f3c13?s=96&d=mm&r=g","caption":"Universidad de las Artes"},"url":"https:\/\/www.uartes.edu.ec\/sitio\/en\/blog\/author\/dircomadm\/"}]}},"uagb_featured_image_src":{"full":["https:\/\/www.uartes.edu.ec\/sitio\/wp-content\/uploads\/2019\/11\/Fachada-UArtes-2019.jpg",1500,1000,false],"thumbnail":["https:\/\/www.uartes.edu.ec\/sitio\/wp-content\/uploads\/2019\/11\/Fachada-UArtes-2019-150x150.jpg",150,150,true],"medium":["https:\/\/www.uartes.edu.ec\/sitio\/wp-content\/uploads\/2019\/11\/Fachada-UArtes-2019-300x200.jpg",300,200,true],"medium_large":["https:\/\/www.uartes.edu.ec\/sitio\/wp-content\/uploads\/2019\/11\/Fachada-UArtes-2019-768x512.jpg",768,512,true],"large":["https:\/\/www.uartes.edu.ec\/sitio\/wp-content\/uploads\/2019\/11\/Fachada-UArtes-2019-644x429.jpg",644,429,true],"1536x1536":["https:\/\/www.uartes.edu.ec\/sitio\/wp-content\/uploads\/2019\/11\/Fachada-UArtes-2019.jpg",1500,1000,false],"2048x2048":["https:\/\/www.uartes.edu.ec\/sitio\/wp-content\/uploads\/2019\/11\/Fachada-UArtes-2019.jpg",1500,1000,false],"trp-custom-language-flag":["https:\/\/www.uartes.edu.ec\/sitio\/wp-content\/uploads\/2019\/11\/Fachada-UArtes-2019.jpg",18,12,false],"htmega_size_585x295":["https:\/\/www.uartes.edu.ec\/sitio\/wp-content\/uploads\/2019\/11\/Fachada-UArtes-2019.jpg",443,295,false],"htmega_size_1170x536":["https:\/\/www.uartes.edu.ec\/sitio\/wp-content\/uploads\/2019\/11\/Fachada-UArtes-2019.jpg",804,536,false],"htmega_size_396x360":["https:\/\/www.uartes.edu.ec\/sitio\/wp-content\/uploads\/2019\/11\/Fachada-UArtes-2019.jpg",396,264,false],"gb-block-post-grid-landscape":["https:\/\/www.uartes.edu.ec\/sitio\/wp-content\/uploads\/2019\/11\/Fachada-UArtes-2019.jpg",600,400,false],"gb-block-post-grid-square":["https:\/\/www.uartes.edu.ec\/sitio\/wp-content\/uploads\/2019\/11\/Fachada-UArtes-2019.jpg",600,400,false],"university-hub-thumb":["https:\/\/www.uartes.edu.ec\/sitio\/wp-content\/uploads\/2019\/11\/Fachada-UArtes-2019-400x267.jpg",400,267,true],"mailpoet_newsletter_max":["https:\/\/www.uartes.edu.ec\/sitio\/wp-content\/uploads\/2019\/11\/Fachada-UArtes-2019.jpg",1320,880,false]},"uagb_author_info":{"display_name":"Universidad de las Artes","author_link":"https:\/\/www.uartes.edu.ec\/sitio\/en\/blog\/author\/dircomadm\/"},"uagb_comment_info":0,"uagb_excerpt":"\u201cArtes, educaci\u00f3n y ciudadan\u00eda\u201d es la tem\u00e1tica de la propuesta de trabajo que la Universidad de las Artes del Ecuador y la Universidad Nacional de las Artes de Argentina presentaron en la IX Convocatoria del Consejo Latinoamericano de Ciencias Sociales (CLACSO).","featured_image_src":"https:\/\/www.uartes.edu.ec\/sitio\/wp-content\/uploads\/2019\/11\/Fachada-UArtes-2019.jpg","featured_image_src_square":"https:\/\/www.uartes.edu.ec\/sitio\/wp-content\/uploads\/2019\/11\/Fachada-UArtes-2019.jpg","author_info":{"display_name":"Universidad de las Artes","author_link":"https:\/\/www.uartes.edu.ec\/sitio\/en\/blog\/author\/dircomadm\/"},"publishpress_future_workflow_manual_trigger":{"enabledWorkflows":[]},"distributor_meta":false,"distributor_terms":false,"distributor_media":false,"distributor_original_site_name":"Universidad de las Artes","distributor_original_site_url":"https:\/\/www.uartes.edu.ec\/sitio\/en","push-errors":false,"_links":{"self":[{"href":"https:\/\/www.uartes.edu.ec\/sitio\/en\/wp-json\/wp\/v2\/posts\/4985","targetHints":{"allow":["GET"]}}],"collection":[{"href":"https:\/\/www.uartes.edu.ec\/sitio\/en\/wp-json\/wp\/v2\/posts"}],"about":[{"href":"https:\/\/www.uartes.edu.ec\/sitio\/en\/wp-json\/wp\/v2\/types\/post"}],"author":[{"embeddable":true,"href":"https:\/\/www.uartes.edu.ec\/sitio\/en\/wp-json\/wp\/v2\/users\/1"}],"replies":[{"embeddable":true,"href":"https:\/\/www.uartes.edu.ec\/sitio\/en\/wp-json\/wp\/v2\/comments?post=4985"}],"version-history":[{"count":1,"href":"https:\/\/www.uartes.edu.ec\/sitio\/en\/wp-json\/wp\/v2\/posts\/4985\/revisions"}],"predecessor-version":[{"id":4987,"href":"https:\/\/www.uartes.edu.ec\/sitio\/en\/wp-json\/wp\/v2\/posts\/4985\/revisions\/4987"}],"wp:featuredmedia":[{"embeddable":true,"href":"https:\/\/www.uartes.edu.ec\/sitio\/en\/wp-json\/wp\/v2\/media\/4986"}],"wp:attachment":[{"href":"https:\/\/www.uartes.edu.ec\/sitio\/en\/wp-json\/wp\/v2\/media?parent=4985"}],"wp:term":[{"taxonomy":"category","embeddable":true,"href":"https:\/\/www.uartes.edu.ec\/sitio\/en\/wp-json\/wp\/v2\/categories?post=4985"},{"taxonomy":"post_tag","embeddable":true,"href":"https:\/\/www.uartes.edu.ec\/sitio\/en\/wp-json\/wp\/v2\/tags?post=4985"},{"taxonomy":"infouartes","embeddable":true,"href":"https:\/\/www.uartes.edu.ec\/sitio\/en\/wp-json\/wp\/v2\/infouartes?post=4985"}],"curies":[{"name":"wp","href":"https:\/\/api.w.org\/{rel}","templated":true}]}}