{"id":4990,"date":"2019-11-13T17:29:00","date_gmt":"2019-11-13T22:29:00","guid":{"rendered":"http:\/\/www.uartes.edu.ec\/sitio\/?p=4990"},"modified":"2024-07-04T11:49:01","modified_gmt":"2024-07-04T16:49:01","slug":"desde-el-taller-investigar-en-artes-escenicas","status":"publish","type":"post","link":"https:\/\/www.uartes.edu.ec\/sitio\/en\/blog\/2019\/11\/13\/desde-el-taller-investigar-en-artes-escenicas\/","title":{"rendered":"Desde el taller \u201cInvestigar en Artes Esc\u00e9nicas\u201d"},"content":{"rendered":"<p class=\"has-text-align-right\"><em>Del 9 al 11 de noviembre se desarroll\u00f3 en el Sal\u00f3n M\u00faltiple del\npabell\u00f3n Araceli Gilbert, de la Universidad de las Artes, el taller \u201cInvestigar\nen Artes Esc\u00e9nicas\u201d, dictado por la comunicadora e investigadora Bertha D\u00edaz.\nLa tambi\u00e9n catedr\u00e1tica comparte su mirada sobre el II Encuentro Esc\u00e9nico,\nMemoria y Actualidad que realiza la UArtes y que concluir\u00e1 ma\u00f1ana, jueves 14. <\/em><\/p>\n\n\n\n<p>\u201cEl II Encuentro Esc\u00e9nico, Memoria y Actualidad que organiza\nla Universidad de las Artes me parece fundamental porque convierte al espacio\nacad\u00e9mico en un lugar de intersecci\u00f3n entre artistas-pensadores-estudiantes que\narticulan sus interrogaciones vitales desde (y a trav\u00e9s de) la pr\u00e1ctica\nesc\u00e9nica. Considero que el encuentro, por su modo de estructurarse, permite\nponer en visibilidad -y por ende en valor- la diversidad en cuanto a los modos\nde producci\u00f3n, las est\u00e9ticas, as\u00ed como las pol\u00edticas de creaci\u00f3n de diversos\ngrupos-individuos del pa\u00eds que est\u00e1n nutriendo al campo. <\/p>\n\n\n\n<p>\u201cDesde la observaci\u00f3n de las funciones de las obras, que\nconstituyen el rubro de muestras de espect\u00e1culos, lxs estudiantes (y la\ncomunidad en general) asumen (y entrenan) tambi\u00e9n su lugar de p\u00fablico cr\u00edtico,\nque les permite reconocer que las obras son cuerpos vivos generadores de\nsentidos, constructores de imaginarios. <\/p>\n\n\n\n<p>\u201cLas mesas de di\u00e1logo que se est\u00e1n generando me parecen\nfundamentales, en tanto permiten generar una suerte de paneo sobre las diversas\nrealidades que atraviesa la escena, seg\u00fan los contextos en las que surgen.\nAsimismo, la estructuraci\u00f3n de talleres y clases magistrales con personas de\ndiversa procedencia territorial y est\u00e9tica, contribuye a la agitaci\u00f3n de\nvisiones y las inquietaciones de quienes est\u00e1n formando parte de ellos. Y\nexpande, confronta, desmonta, ampl\u00eda, nociones con las que habitualmente se debaten\nen sus propios espacios de formaci\u00f3n-creaci\u00f3n.<\/p>\n\n\n\n<p>\u201cEn cuanto a mi taller, \u00b4Investigar en Artes Esc\u00e9nicas\u00b4, lo\nque gener\u00e9 fue un espacio de pensamiento vivo colaborativo para poder\ninterrogar la investigaci\u00f3n en artes esc\u00e9nicas, que es la que se fundamenta en\nlo que tambi\u00e9n se conoce como pr\u00e1ctica como investigaci\u00f3n. El taller dispuso\nuna serie de herramientas para gestar-reconocer qu\u00e9 son las \u201cideas-escena\u201d y su\nv\u00ednculo-desplazamiento a las \u201cideas-escritura\u00bb. A trav\u00e9s de ejemplos\nconcretos y ejercicios de desmontaje cr\u00edtico para reconocer la morfolog\u00eda de\nlos materiales abordados, se ahond\u00f3 en procedimientos, en modos de\ninterrogaci\u00f3n.<\/p>\n\n\n\n<div class=\"wp-block-image\"><figure class=\"aligncenter size-large\"><img fetchpriority=\"high\" decoding=\"async\" width=\"644\" height=\"429\" src=\"http:\/\/www.uartes.edu.ec\/sitio\/wp-content\/uploads\/2019\/11\/IMG_3869-644x429.jpg\" alt=\"\" class=\"wp-image-4992\" srcset=\"https:\/\/www.uartes.edu.ec\/sitio\/wp-content\/uploads\/2019\/11\/IMG_3869-644x429.jpg 644w, https:\/\/www.uartes.edu.ec\/sitio\/wp-content\/uploads\/2019\/11\/IMG_3869-300x200.jpg 300w, https:\/\/www.uartes.edu.ec\/sitio\/wp-content\/uploads\/2019\/11\/IMG_3869-768x512.jpg 768w, https:\/\/www.uartes.edu.ec\/sitio\/wp-content\/uploads\/2019\/11\/IMG_3869-400x267.jpg 400w, https:\/\/www.uartes.edu.ec\/sitio\/wp-content\/uploads\/2019\/11\/IMG_3869-272x182.jpg 272w, https:\/\/www.uartes.edu.ec\/sitio\/wp-content\/uploads\/2019\/11\/IMG_3869.jpg 1500w\" sizes=\"(max-width: 644px) 100vw, 644px\" \/><\/figure><\/div>\n\n\n\n<p>\u201cParticiparon 24 personas entre estudiantes de las carreras\nde Creaci\u00f3n Teatral y Danza, la mayor\u00eda de ellxs que est\u00e1n en proceso de\ngraduaci\u00f3n, as\u00ed como de egresados, graduadxs y docentes. Se complement\u00f3 el\ngrupo con unos pocos artistas de la ciudad que siempre est\u00e1n alertas de lo que\nofrece la Universidad de las Artes.<\/p>\n\n\n\n<p>\u201cFueron tres d\u00edas de mucha agitaci\u00f3n del pensamiento, de\nreconocer caminos para poder desglosar la propia pr\u00e1ctica dentro de la\nacademia, los retos que plantea la instituci\u00f3n y los mecanismos para sostener\nla potencia del acto de creaci\u00f3n-pensamiento, en medio de las estructuras\nuniversitarias. De verdad la recepci\u00f3n fue s\u00faper buena, con presencias activas\ny agudas. Un aprendizaje para m\u00ed tambi\u00e9n\u201d.<\/p>","protected":false},"excerpt":{"rendered":"<p>Del 9 al 11 de noviembre se desarroll\u00f3 en el Sal\u00f3n M\u00faltiple del pabell\u00f3n Araceli Gilbert, de la Universidad de las Artes, el taller \u201cInvestigar en Artes Esc\u00e9nicas\u201d, dictado por la comunicadora e investigadora Bertha D\u00edaz. La tambi\u00e9n catedr\u00e1tica comparte su mirada sobre el II Encuentro Esc\u00e9nico, Memoria y Actualidad que realiza la UArtes y que concluir\u00e1 ma\u00f1ana, jueves 14. <\/p>","protected":false},"author":1,"featured_media":4991,"comment_status":"closed","ping_status":"closed","sticky":false,"template":"","format":"standard","meta":{"_acf_changed":false,"_uag_custom_page_level_css":"","_monsterinsights_skip_tracking":false,"_monsterinsights_sitenote_active":false,"_monsterinsights_sitenote_note":"","_monsterinsights_sitenote_category":0,"cybocfi_hide_featured_image":"","footnotes":""},"categories":[80,82,159],"tags":[168],"infouartes":[],"class_list":["post-4990","post","type-post","status-publish","format-standard","has-post-thumbnail","hentry","category-academico","category-artes","category-artes-escenicas","tag-encuentro-escenico"],"acf":[],"yoast_head":"<!-- This site is optimized with the Yoast SEO plugin v27.4 - https:\/\/yoast.com\/product\/yoast-seo-wordpress\/ -->\n<title>Universidad de las Artes - Desde el taller \u201cInvestigar en Artes Esc\u00e9nicas\u201d<\/title>\n<meta name=\"description\" content=\"Universidad de las Artes - Desde el taller \u201cInvestigar en Artes Esc\u00e9nicas\u201d\" \/>\n<meta name=\"robots\" content=\"index, follow, max-snippet:-1, max-image-preview:large, max-video-preview:-1\" \/>\n<link rel=\"canonical\" href=\"https:\/\/www.uartes.edu.ec\/sitio\/en\/blog\/2019\/11\/13\/desde-el-taller-investigar-en-artes-escenicas\/\" \/>\n<meta property=\"og:locale\" content=\"en_US\" \/>\n<meta property=\"og:type\" content=\"article\" \/>\n<meta property=\"og:title\" content=\"Universidad de las Artes - Desde el taller \u201cInvestigar en Artes Esc\u00e9nicas\u201d\" \/>\n<meta property=\"og:description\" content=\"Universidad de las Artes - Desde el taller \u201cInvestigar en Artes Esc\u00e9nicas\u201d\" \/>\n<meta property=\"og:url\" content=\"https:\/\/www.uartes.edu.ec\/sitio\/en\/blog\/2019\/11\/13\/desde-el-taller-investigar-en-artes-escenicas\/\" \/>\n<meta property=\"og:site_name\" content=\"Universidad de las Artes\" \/>\n<meta property=\"article:publisher\" content=\"https:\/\/www.facebook.com\/uartesec\" \/>\n<meta property=\"article:published_time\" content=\"2019-11-13T22:29:00+00:00\" \/>\n<meta property=\"article:modified_time\" content=\"2024-07-04T16:49:01+00:00\" \/>\n<meta property=\"og:image\" content=\"https:\/\/www.uartes.edu.ec\/sitio\/wp-content\/uploads\/2019\/11\/IMG_3852.jpg\" \/>\n\t<meta property=\"og:image:width\" content=\"1500\" \/>\n\t<meta property=\"og:image:height\" content=\"1000\" \/>\n\t<meta property=\"og:image:type\" content=\"image\/jpeg\" \/>\n<meta name=\"author\" content=\"Universidad de las Artes\" \/>\n<meta name=\"twitter:card\" content=\"summary_large_image\" \/>\n<meta name=\"twitter:creator\" content=\"@uartesec\" \/>\n<meta name=\"twitter:site\" content=\"@uartesec\" \/>\n<meta name=\"twitter:label1\" content=\"Written by\" \/>\n\t<meta name=\"twitter:data1\" content=\"Universidad de las Artes\" \/>\n\t<meta name=\"twitter:label2\" content=\"Est. reading time\" \/>\n\t<meta name=\"twitter:data2\" content=\"3 minutes\" \/>\n<script type=\"application\/ld+json\" class=\"yoast-schema-graph\">{\"@context\":\"https:\\\/\\\/schema.org\",\"@graph\":[{\"@type\":\"Article\",\"@id\":\"https:\\\/\\\/www.uartes.edu.ec\\\/sitio\\\/en\\\/blog\\\/2019\\\/11\\\/13\\\/desde-el-taller-investigar-en-artes-escenicas\\\/#article\",\"isPartOf\":{\"@id\":\"https:\\\/\\\/www.uartes.edu.ec\\\/sitio\\\/en\\\/blog\\\/2019\\\/11\\\/13\\\/desde-el-taller-investigar-en-artes-escenicas\\\/\"},\"author\":{\"name\":\"Universidad de las Artes\",\"@id\":\"https:\\\/\\\/www.uartes.edu.ec\\\/sitio\\\/en\\\/#\\\/schema\\\/person\\\/f33f8c1d2af0d5c80a38c8abf458184a\"},\"headline\":\"Desde el taller \u201cInvestigar en Artes Esc\u00e9nicas\u201d\",\"datePublished\":\"2019-11-13T22:29:00+00:00\",\"dateModified\":\"2024-07-04T16:49:01+00:00\",\"mainEntityOfPage\":{\"@id\":\"https:\\\/\\\/www.uartes.edu.ec\\\/sitio\\\/en\\\/blog\\\/2019\\\/11\\\/13\\\/desde-el-taller-investigar-en-artes-escenicas\\\/\"},\"wordCount\":547,\"publisher\":{\"@id\":\"https:\\\/\\\/www.uartes.edu.ec\\\/sitio\\\/en\\\/#organization\"},\"image\":{\"@id\":\"https:\\\/\\\/www.uartes.edu.ec\\\/sitio\\\/en\\\/blog\\\/2019\\\/11\\\/13\\\/desde-el-taller-investigar-en-artes-escenicas\\\/#primaryimage\"},\"thumbnailUrl\":\"https:\\\/\\\/www.uartes.edu.ec\\\/sitio\\\/wp-content\\\/uploads\\\/2019\\\/11\\\/IMG_3852.jpg\",\"keywords\":[\"encuentro esc\u00e9nico\"],\"articleSection\":[\"Acad\u00e9mico\",\"Artes\",\"Artes Esc\u00e9nicas\"],\"inLanguage\":\"en-US\"},{\"@type\":[\"WebPage\",\"ItemPage\"],\"@id\":\"https:\\\/\\\/www.uartes.edu.ec\\\/sitio\\\/en\\\/blog\\\/2019\\\/11\\\/13\\\/desde-el-taller-investigar-en-artes-escenicas\\\/\",\"url\":\"https:\\\/\\\/www.uartes.edu.ec\\\/sitio\\\/en\\\/blog\\\/2019\\\/11\\\/13\\\/desde-el-taller-investigar-en-artes-escenicas\\\/\",\"name\":\"Universidad de las Artes - Desde el taller \u201cInvestigar en Artes Esc\u00e9nicas\u201d\",\"isPartOf\":{\"@id\":\"https:\\\/\\\/www.uartes.edu.ec\\\/sitio\\\/en\\\/#website\"},\"primaryImageOfPage\":{\"@id\":\"https:\\\/\\\/www.uartes.edu.ec\\\/sitio\\\/en\\\/blog\\\/2019\\\/11\\\/13\\\/desde-el-taller-investigar-en-artes-escenicas\\\/#primaryimage\"},\"image\":{\"@id\":\"https:\\\/\\\/www.uartes.edu.ec\\\/sitio\\\/en\\\/blog\\\/2019\\\/11\\\/13\\\/desde-el-taller-investigar-en-artes-escenicas\\\/#primaryimage\"},\"thumbnailUrl\":\"https:\\\/\\\/www.uartes.edu.ec\\\/sitio\\\/wp-content\\\/uploads\\\/2019\\\/11\\\/IMG_3852.jpg\",\"datePublished\":\"2019-11-13T22:29:00+00:00\",\"dateModified\":\"2024-07-04T16:49:01+00:00\",\"description\":\"Universidad de las Artes - Desde el taller \u201cInvestigar en Artes Esc\u00e9nicas\u201d\",\"breadcrumb\":{\"@id\":\"https:\\\/\\\/www.uartes.edu.ec\\\/sitio\\\/en\\\/blog\\\/2019\\\/11\\\/13\\\/desde-el-taller-investigar-en-artes-escenicas\\\/#breadcrumb\"},\"inLanguage\":\"en-US\",\"potentialAction\":[{\"@type\":\"ReadAction\",\"target\":[\"https:\\\/\\\/www.uartes.edu.ec\\\/sitio\\\/en\\\/blog\\\/2019\\\/11\\\/13\\\/desde-el-taller-investigar-en-artes-escenicas\\\/\"]}]},{\"@type\":\"ImageObject\",\"inLanguage\":\"en-US\",\"@id\":\"https:\\\/\\\/www.uartes.edu.ec\\\/sitio\\\/en\\\/blog\\\/2019\\\/11\\\/13\\\/desde-el-taller-investigar-en-artes-escenicas\\\/#primaryimage\",\"url\":\"https:\\\/\\\/www.uartes.edu.ec\\\/sitio\\\/wp-content\\\/uploads\\\/2019\\\/11\\\/IMG_3852.jpg\",\"contentUrl\":\"https:\\\/\\\/www.uartes.edu.ec\\\/sitio\\\/wp-content\\\/uploads\\\/2019\\\/11\\\/IMG_3852.jpg\",\"width\":1500,\"height\":1000},{\"@type\":\"BreadcrumbList\",\"@id\":\"https:\\\/\\\/www.uartes.edu.ec\\\/sitio\\\/en\\\/blog\\\/2019\\\/11\\\/13\\\/desde-el-taller-investigar-en-artes-escenicas\\\/#breadcrumb\",\"itemListElement\":[{\"@type\":\"ListItem\",\"position\":1,\"name\":\"Inicio\",\"item\":\"https:\\\/\\\/www.uartes.edu.ec\\\/sitio\\\/\"},{\"@type\":\"ListItem\",\"position\":2,\"name\":\"Desde el taller \u201cInvestigar en Artes Esc\u00e9nicas\u201d\"}]},{\"@type\":\"WebSite\",\"@id\":\"https:\\\/\\\/www.uartes.edu.ec\\\/sitio\\\/en\\\/#website\",\"url\":\"https:\\\/\\\/www.uartes.edu.ec\\\/sitio\\\/en\\\/\",\"name\":\"Universidad de las Artes\",\"description\":\"Sitio oficial de la Universidad Nacional de las Artes del Ecuador\",\"publisher\":{\"@id\":\"https:\\\/\\\/www.uartes.edu.ec\\\/sitio\\\/en\\\/#organization\"},\"potentialAction\":[{\"@type\":\"SearchAction\",\"target\":{\"@type\":\"EntryPoint\",\"urlTemplate\":\"https:\\\/\\\/www.uartes.edu.ec\\\/sitio\\\/en\\\/?s={search_term_string}\"},\"query-input\":{\"@type\":\"PropertyValueSpecification\",\"valueRequired\":true,\"valueName\":\"search_term_string\"}}],\"inLanguage\":\"en-US\"},{\"@type\":\"Organization\",\"@id\":\"https:\\\/\\\/www.uartes.edu.ec\\\/sitio\\\/en\\\/#organization\",\"name\":\"Universidad de las Artes\",\"url\":\"https:\\\/\\\/www.uartes.edu.ec\\\/sitio\\\/en\\\/\",\"logo\":{\"@type\":\"ImageObject\",\"inLanguage\":\"en-US\",\"@id\":\"https:\\\/\\\/www.uartes.edu.ec\\\/sitio\\\/en\\\/#\\\/schema\\\/logo\\\/image\\\/\",\"url\":\"https:\\\/\\\/www.uartes.edu.ec\\\/sitio\\\/wp-content\\\/uploads\\\/2022\\\/07\\\/logo-ua-horizontal.png\",\"contentUrl\":\"https:\\\/\\\/www.uartes.edu.ec\\\/sitio\\\/wp-content\\\/uploads\\\/2022\\\/07\\\/logo-ua-horizontal.png\",\"width\":800,\"height\":276,\"caption\":\"Universidad de las Artes\"},\"image\":{\"@id\":\"https:\\\/\\\/www.uartes.edu.ec\\\/sitio\\\/en\\\/#\\\/schema\\\/logo\\\/image\\\/\"},\"sameAs\":[\"https:\\\/\\\/www.facebook.com\\\/uartesec\",\"https:\\\/\\\/x.com\\\/uartesec\",\"https:\\\/\\\/www.tiktok.com\\\/@uartesec\"]},{\"@type\":\"Person\",\"@id\":\"https:\\\/\\\/www.uartes.edu.ec\\\/sitio\\\/en\\\/#\\\/schema\\\/person\\\/f33f8c1d2af0d5c80a38c8abf458184a\",\"name\":\"Universidad de las Artes\",\"image\":{\"@type\":\"ImageObject\",\"inLanguage\":\"en-US\",\"@id\":\"https:\\\/\\\/secure.gravatar.com\\\/avatar\\\/52e4757902f5cfa5ac52d020e5be83cae5487519154b6c35482fe08d589f3c13?s=96&d=mm&r=g\",\"url\":\"https:\\\/\\\/secure.gravatar.com\\\/avatar\\\/52e4757902f5cfa5ac52d020e5be83cae5487519154b6c35482fe08d589f3c13?s=96&d=mm&r=g\",\"contentUrl\":\"https:\\\/\\\/secure.gravatar.com\\\/avatar\\\/52e4757902f5cfa5ac52d020e5be83cae5487519154b6c35482fe08d589f3c13?s=96&d=mm&r=g\",\"caption\":\"Universidad de las Artes\"},\"url\":\"https:\\\/\\\/www.uartes.edu.ec\\\/sitio\\\/en\\\/blog\\\/author\\\/dircomadm\\\/\"}]}<\/script>\n<!-- \/ Yoast SEO plugin. -->","yoast_head_json":{"title":"Universidad de las Artes - Desde el taller \u201cInvestigar en Artes Esc\u00e9nicas\u201d","description":"Universidad de las Artes - Desde el taller \u201cInvestigar en Artes Esc\u00e9nicas\u201d","robots":{"index":"index","follow":"follow","max-snippet":"max-snippet:-1","max-image-preview":"max-image-preview:large","max-video-preview":"max-video-preview:-1"},"canonical":"https:\/\/www.uartes.edu.ec\/sitio\/en\/blog\/2019\/11\/13\/desde-el-taller-investigar-en-artes-escenicas\/","og_locale":"en_US","og_type":"article","og_title":"Universidad de las Artes - Desde el taller \u201cInvestigar en Artes Esc\u00e9nicas\u201d","og_description":"Universidad de las Artes - Desde el taller \u201cInvestigar en Artes Esc\u00e9nicas\u201d","og_url":"https:\/\/www.uartes.edu.ec\/sitio\/en\/blog\/2019\/11\/13\/desde-el-taller-investigar-en-artes-escenicas\/","og_site_name":"Universidad de las Artes","article_publisher":"https:\/\/www.facebook.com\/uartesec","article_published_time":"2019-11-13T22:29:00+00:00","article_modified_time":"2024-07-04T16:49:01+00:00","og_image":[{"width":1500,"height":1000,"url":"https:\/\/www.uartes.edu.ec\/sitio\/wp-content\/uploads\/2019\/11\/IMG_3852.jpg","type":"image\/jpeg"}],"author":"Universidad de las Artes","twitter_card":"summary_large_image","twitter_creator":"@uartesec","twitter_site":"@uartesec","twitter_misc":{"Written by":"Universidad de las Artes","Est. reading time":"3 minutes"},"schema":{"@context":"https:\/\/schema.org","@graph":[{"@type":"Article","@id":"https:\/\/www.uartes.edu.ec\/sitio\/en\/blog\/2019\/11\/13\/desde-el-taller-investigar-en-artes-escenicas\/#article","isPartOf":{"@id":"https:\/\/www.uartes.edu.ec\/sitio\/en\/blog\/2019\/11\/13\/desde-el-taller-investigar-en-artes-escenicas\/"},"author":{"name":"Universidad de las Artes","@id":"https:\/\/www.uartes.edu.ec\/sitio\/en\/#\/schema\/person\/f33f8c1d2af0d5c80a38c8abf458184a"},"headline":"Desde el taller \u201cInvestigar en Artes Esc\u00e9nicas\u201d","datePublished":"2019-11-13T22:29:00+00:00","dateModified":"2024-07-04T16:49:01+00:00","mainEntityOfPage":{"@id":"https:\/\/www.uartes.edu.ec\/sitio\/en\/blog\/2019\/11\/13\/desde-el-taller-investigar-en-artes-escenicas\/"},"wordCount":547,"publisher":{"@id":"https:\/\/www.uartes.edu.ec\/sitio\/en\/#organization"},"image":{"@id":"https:\/\/www.uartes.edu.ec\/sitio\/en\/blog\/2019\/11\/13\/desde-el-taller-investigar-en-artes-escenicas\/#primaryimage"},"thumbnailUrl":"https:\/\/www.uartes.edu.ec\/sitio\/wp-content\/uploads\/2019\/11\/IMG_3852.jpg","keywords":["encuentro esc\u00e9nico"],"articleSection":["Acad\u00e9mico","Artes","Artes Esc\u00e9nicas"],"inLanguage":"en-US"},{"@type":["WebPage","ItemPage"],"@id":"https:\/\/www.uartes.edu.ec\/sitio\/en\/blog\/2019\/11\/13\/desde-el-taller-investigar-en-artes-escenicas\/","url":"https:\/\/www.uartes.edu.ec\/sitio\/en\/blog\/2019\/11\/13\/desde-el-taller-investigar-en-artes-escenicas\/","name":"Universidad de las Artes - Desde el taller \u201cInvestigar en Artes Esc\u00e9nicas\u201d","isPartOf":{"@id":"https:\/\/www.uartes.edu.ec\/sitio\/en\/#website"},"primaryImageOfPage":{"@id":"https:\/\/www.uartes.edu.ec\/sitio\/en\/blog\/2019\/11\/13\/desde-el-taller-investigar-en-artes-escenicas\/#primaryimage"},"image":{"@id":"https:\/\/www.uartes.edu.ec\/sitio\/en\/blog\/2019\/11\/13\/desde-el-taller-investigar-en-artes-escenicas\/#primaryimage"},"thumbnailUrl":"https:\/\/www.uartes.edu.ec\/sitio\/wp-content\/uploads\/2019\/11\/IMG_3852.jpg","datePublished":"2019-11-13T22:29:00+00:00","dateModified":"2024-07-04T16:49:01+00:00","description":"Universidad de las Artes - Desde el taller \u201cInvestigar en Artes Esc\u00e9nicas\u201d","breadcrumb":{"@id":"https:\/\/www.uartes.edu.ec\/sitio\/en\/blog\/2019\/11\/13\/desde-el-taller-investigar-en-artes-escenicas\/#breadcrumb"},"inLanguage":"en-US","potentialAction":[{"@type":"ReadAction","target":["https:\/\/www.uartes.edu.ec\/sitio\/en\/blog\/2019\/11\/13\/desde-el-taller-investigar-en-artes-escenicas\/"]}]},{"@type":"ImageObject","inLanguage":"en-US","@id":"https:\/\/www.uartes.edu.ec\/sitio\/en\/blog\/2019\/11\/13\/desde-el-taller-investigar-en-artes-escenicas\/#primaryimage","url":"https:\/\/www.uartes.edu.ec\/sitio\/wp-content\/uploads\/2019\/11\/IMG_3852.jpg","contentUrl":"https:\/\/www.uartes.edu.ec\/sitio\/wp-content\/uploads\/2019\/11\/IMG_3852.jpg","width":1500,"height":1000},{"@type":"BreadcrumbList","@id":"https:\/\/www.uartes.edu.ec\/sitio\/en\/blog\/2019\/11\/13\/desde-el-taller-investigar-en-artes-escenicas\/#breadcrumb","itemListElement":[{"@type":"ListItem","position":1,"name":"Inicio","item":"https:\/\/www.uartes.edu.ec\/sitio\/"},{"@type":"ListItem","position":2,"name":"Desde el taller \u201cInvestigar en Artes Esc\u00e9nicas\u201d"}]},{"@type":"WebSite","@id":"https:\/\/www.uartes.edu.ec\/sitio\/en\/#website","url":"https:\/\/www.uartes.edu.ec\/sitio\/en\/","name":"Universidad de las Artes","description":"Sitio oficial de la Universidad Nacional de las Artes del Ecuador","publisher":{"@id":"https:\/\/www.uartes.edu.ec\/sitio\/en\/#organization"},"potentialAction":[{"@type":"SearchAction","target":{"@type":"EntryPoint","urlTemplate":"https:\/\/www.uartes.edu.ec\/sitio\/en\/?s={search_term_string}"},"query-input":{"@type":"PropertyValueSpecification","valueRequired":true,"valueName":"search_term_string"}}],"inLanguage":"en-US"},{"@type":"Organization","@id":"https:\/\/www.uartes.edu.ec\/sitio\/en\/#organization","name":"Universidad de las Artes","url":"https:\/\/www.uartes.edu.ec\/sitio\/en\/","logo":{"@type":"ImageObject","inLanguage":"en-US","@id":"https:\/\/www.uartes.edu.ec\/sitio\/en\/#\/schema\/logo\/image\/","url":"https:\/\/www.uartes.edu.ec\/sitio\/wp-content\/uploads\/2022\/07\/logo-ua-horizontal.png","contentUrl":"https:\/\/www.uartes.edu.ec\/sitio\/wp-content\/uploads\/2022\/07\/logo-ua-horizontal.png","width":800,"height":276,"caption":"Universidad de las Artes"},"image":{"@id":"https:\/\/www.uartes.edu.ec\/sitio\/en\/#\/schema\/logo\/image\/"},"sameAs":["https:\/\/www.facebook.com\/uartesec","https:\/\/x.com\/uartesec","https:\/\/www.tiktok.com\/@uartesec"]},{"@type":"Person","@id":"https:\/\/www.uartes.edu.ec\/sitio\/en\/#\/schema\/person\/f33f8c1d2af0d5c80a38c8abf458184a","name":"Universidad de las Artes","image":{"@type":"ImageObject","inLanguage":"en-US","@id":"https:\/\/secure.gravatar.com\/avatar\/52e4757902f5cfa5ac52d020e5be83cae5487519154b6c35482fe08d589f3c13?s=96&d=mm&r=g","url":"https:\/\/secure.gravatar.com\/avatar\/52e4757902f5cfa5ac52d020e5be83cae5487519154b6c35482fe08d589f3c13?s=96&d=mm&r=g","contentUrl":"https:\/\/secure.gravatar.com\/avatar\/52e4757902f5cfa5ac52d020e5be83cae5487519154b6c35482fe08d589f3c13?s=96&d=mm&r=g","caption":"Universidad de las Artes"},"url":"https:\/\/www.uartes.edu.ec\/sitio\/en\/blog\/author\/dircomadm\/"}]}},"uagb_featured_image_src":{"full":["https:\/\/www.uartes.edu.ec\/sitio\/wp-content\/uploads\/2019\/11\/IMG_3852.jpg",1500,1000,false],"thumbnail":["https:\/\/www.uartes.edu.ec\/sitio\/wp-content\/uploads\/2019\/11\/IMG_3852-150x150.jpg",150,150,true],"medium":["https:\/\/www.uartes.edu.ec\/sitio\/wp-content\/uploads\/2019\/11\/IMG_3852-300x200.jpg",300,200,true],"medium_large":["https:\/\/www.uartes.edu.ec\/sitio\/wp-content\/uploads\/2019\/11\/IMG_3852-768x512.jpg",768,512,true],"large":["https:\/\/www.uartes.edu.ec\/sitio\/wp-content\/uploads\/2019\/11\/IMG_3852-644x429.jpg",644,429,true],"1536x1536":["https:\/\/www.uartes.edu.ec\/sitio\/wp-content\/uploads\/2019\/11\/IMG_3852.jpg",1500,1000,false],"2048x2048":["https:\/\/www.uartes.edu.ec\/sitio\/wp-content\/uploads\/2019\/11\/IMG_3852.jpg",1500,1000,false],"trp-custom-language-flag":["https:\/\/www.uartes.edu.ec\/sitio\/wp-content\/uploads\/2019\/11\/IMG_3852.jpg",18,12,false],"htmega_size_585x295":["https:\/\/www.uartes.edu.ec\/sitio\/wp-content\/uploads\/2019\/11\/IMG_3852.jpg",443,295,false],"htmega_size_1170x536":["https:\/\/www.uartes.edu.ec\/sitio\/wp-content\/uploads\/2019\/11\/IMG_3852.jpg",804,536,false],"htmega_size_396x360":["https:\/\/www.uartes.edu.ec\/sitio\/wp-content\/uploads\/2019\/11\/IMG_3852.jpg",396,264,false],"gb-block-post-grid-landscape":["https:\/\/www.uartes.edu.ec\/sitio\/wp-content\/uploads\/2019\/11\/IMG_3852.jpg",600,400,false],"gb-block-post-grid-square":["https:\/\/www.uartes.edu.ec\/sitio\/wp-content\/uploads\/2019\/11\/IMG_3852.jpg",600,400,false],"university-hub-thumb":["https:\/\/www.uartes.edu.ec\/sitio\/wp-content\/uploads\/2019\/11\/IMG_3852-400x267.jpg",400,267,true],"mailpoet_newsletter_max":["https:\/\/www.uartes.edu.ec\/sitio\/wp-content\/uploads\/2019\/11\/IMG_3852.jpg",1320,880,false]},"uagb_author_info":{"display_name":"Universidad de las Artes","author_link":"https:\/\/www.uartes.edu.ec\/sitio\/en\/blog\/author\/dircomadm\/"},"uagb_comment_info":0,"uagb_excerpt":"Del 9 al 11 de noviembre se desarroll\u00f3 en el Sal\u00f3n M\u00faltiple del pabell\u00f3n Araceli Gilbert, de la Universidad de las Artes, el taller \u201cInvestigar en Artes Esc\u00e9nicas\u201d, dictado por la comunicadora e investigadora Bertha D\u00edaz. La tambi\u00e9n catedr\u00e1tica comparte su mirada sobre el II Encuentro Esc\u00e9nico, Memoria y Actualidad que realiza la UArtes y&hellip;","featured_image_src":"https:\/\/www.uartes.edu.ec\/sitio\/wp-content\/uploads\/2019\/11\/IMG_3852.jpg","featured_image_src_square":"https:\/\/www.uartes.edu.ec\/sitio\/wp-content\/uploads\/2019\/11\/IMG_3852.jpg","author_info":{"display_name":"Universidad de las Artes","author_link":"https:\/\/www.uartes.edu.ec\/sitio\/en\/blog\/author\/dircomadm\/"},"publishpress_future_workflow_manual_trigger":{"enabledWorkflows":[]},"distributor_meta":false,"distributor_terms":false,"distributor_media":false,"distributor_original_site_name":"Universidad de las Artes","distributor_original_site_url":"https:\/\/www.uartes.edu.ec\/sitio\/en","push-errors":false,"_links":{"self":[{"href":"https:\/\/www.uartes.edu.ec\/sitio\/en\/wp-json\/wp\/v2\/posts\/4990","targetHints":{"allow":["GET"]}}],"collection":[{"href":"https:\/\/www.uartes.edu.ec\/sitio\/en\/wp-json\/wp\/v2\/posts"}],"about":[{"href":"https:\/\/www.uartes.edu.ec\/sitio\/en\/wp-json\/wp\/v2\/types\/post"}],"author":[{"embeddable":true,"href":"https:\/\/www.uartes.edu.ec\/sitio\/en\/wp-json\/wp\/v2\/users\/1"}],"replies":[{"embeddable":true,"href":"https:\/\/www.uartes.edu.ec\/sitio\/en\/wp-json\/wp\/v2\/comments?post=4990"}],"version-history":[{"count":2,"href":"https:\/\/www.uartes.edu.ec\/sitio\/en\/wp-json\/wp\/v2\/posts\/4990\/revisions"}],"predecessor-version":[{"id":57713,"href":"https:\/\/www.uartes.edu.ec\/sitio\/en\/wp-json\/wp\/v2\/posts\/4990\/revisions\/57713"}],"wp:featuredmedia":[{"embeddable":true,"href":"https:\/\/www.uartes.edu.ec\/sitio\/en\/wp-json\/wp\/v2\/media\/4991"}],"wp:attachment":[{"href":"https:\/\/www.uartes.edu.ec\/sitio\/en\/wp-json\/wp\/v2\/media?parent=4990"}],"wp:term":[{"taxonomy":"category","embeddable":true,"href":"https:\/\/www.uartes.edu.ec\/sitio\/en\/wp-json\/wp\/v2\/categories?post=4990"},{"taxonomy":"post_tag","embeddable":true,"href":"https:\/\/www.uartes.edu.ec\/sitio\/en\/wp-json\/wp\/v2\/tags?post=4990"},{"taxonomy":"infouartes","embeddable":true,"href":"https:\/\/www.uartes.edu.ec\/sitio\/en\/wp-json\/wp\/v2\/infouartes?post=4990"}],"curies":[{"name":"wp","href":"https:\/\/api.w.org\/{rel}","templated":true}]}}