{"id":49919,"date":"2024-01-16T18:27:32","date_gmt":"2024-01-16T23:27:32","guid":{"rendered":"https:\/\/www.uartes.edu.ec\/sitio\/?p=49919"},"modified":"2024-07-04T11:19:30","modified_gmt":"2024-07-04T16:19:30","slug":"proximos-graduados-de-la-eas-presentaron-en-sesion-de-escucha-virtual-sus-proyectos-de-titulacion","status":"publish","type":"post","link":"https:\/\/www.uartes.edu.ec\/sitio\/en\/blog\/2024\/01\/16\/proximos-graduados-de-la-eas-presentaron-en-sesion-de-escucha-virtual-sus-proyectos-de-titulacion\/","title":{"rendered":"Pr\u00f3ximos graduados de la EAS presentaron en sesi\u00f3n de escucha virtual sus proyectos de titulaci\u00f3n"},"content":{"rendered":"<p>Diez estudiantes de Producci\u00f3n Musical y Sonora (PMS) de la Universidad de las Artes presentaron en modalidad virtual sus proyectos de titulaci\u00f3n 2023B en una sesi\u00f3n de escucha que emocion\u00f3 a quienes se conectaron ayer, lunes 15 de enero de 2024, v\u00eda Zoom. Autoridades universitarias, docentes, estudiantes, familiares y amigos coincidieron en el alto nivel de los productos art\u00edsticos desarrollados con dedicaci\u00f3n por los pr\u00f3ximos graduados.<\/p>\n\n\n\n<p>El doctor Luis P\u00e9rez-Valero, docente y encargado de titulaci\u00f3n de la carrera de la Escuela de Artes Sonoras, lo se\u00f1al\u00f3 al t\u00e9rmino de una corta intervenci\u00f3n para presentarlos: \u201cQuienes vendr\u00e1n a continuaci\u00f3n no son estudiantes, son productores y son artistas\u201d. Antes, el doctor Andrey Astaiza, director de la EAS, destac\u00f3 el convencimiento que se tiene en la UArtes de que la universidad est\u00e1 por fuera y no en cuatro paredes o en los estudios de graduaci\u00f3n y \u201cnosotros queremos asegurarnos de que cuando est\u00e9n graduados tengan las herramientas para desenvolverse bien\u201d.<\/p>\n\n\n<div class=\"wp-block-image\">\n<figure class=\"aligncenter size-large\"><img fetchpriority=\"high\" decoding=\"async\" width=\"644\" height=\"429\" src=\"https:\/\/www.uartes.edu.ec\/sitio\/wp-content\/uploads\/2024\/01\/01-SESION-ESCUCHA-1-644x429.jpg\" alt=\"\" class=\"wp-image-49925\" srcset=\"https:\/\/www.uartes.edu.ec\/sitio\/wp-content\/uploads\/2024\/01\/01-SESION-ESCUCHA-1-644x429.jpg 644w, https:\/\/www.uartes.edu.ec\/sitio\/wp-content\/uploads\/2024\/01\/01-SESION-ESCUCHA-1-768x511.jpg 768w, https:\/\/www.uartes.edu.ec\/sitio\/wp-content\/uploads\/2024\/01\/01-SESION-ESCUCHA-1.jpg 2000w, https:\/\/www.uartes.edu.ec\/sitio\/wp-content\/uploads\/2024\/01\/01-SESION-ESCUCHA-1-600x399.jpg 600w, https:\/\/www.uartes.edu.ec\/sitio\/wp-content\/uploads\/2024\/01\/01-SESION-ESCUCHA-1-272x182.jpg 272w\" sizes=\"(max-width: 644px) 100vw, 644px\" \/><\/figure>\n<\/div>\n\n\n<p>El conocimiento es b\u00e1sico y esencial y les permite responder ahora a las preguntas que ten\u00edan hace cuatro a\u00f1os, agreg\u00f3. \u201cPero m\u00e1s importante es saber a qui\u00e9n\/es conocen. (\u2026) Sepan que a partir de esta sesi\u00f3n de escucha est\u00e1n tejiendo una red, van a tener que hablar entre ustedes cuando se grad\u00faen. Sepan, como productores, artistas y m\u00fasicos, manejar el discurso que la gente necesita en un determinado momento\u201d. Astaiza les recomend\u00f3 conectarse con la gente e insisti\u00f3 en tejer redes.<\/p>\n\n\n\n<p>P\u00e9rez-Valero, quien es junto al docente Antonio Cepeda curador en po\u00e9ticas sonoras, expres\u00f3 que a los protagonistas de la sesi\u00f3n de escucha les faltan solo los protocolos para graduarse, pues la parte m\u00e1s dif\u00edcil \u2013gestionar sus proyectos desde lo escrito y art\u00edstico\u2013 ya lo hab\u00edan logrado. Agradeci\u00f3, entre otros, a Dario D\u00e1valos y a Camila Guerrero por el apoyo en el proceso de presentaci\u00f3n de la sesi\u00f3n de escucha, desde el Estudio A del MZ14 Centro de Producci\u00f3n e Innovaci\u00f3n de la UArtes, a tutores y miembros del tribunal (de tesis) presentes.<\/p>\n\n\n\t\t\t\t\t<div\n\t\t\t\t\t\tclass=\"wp-block-uagb-image-gallery uagb-block-0147b3fc\"\n\t\t\t\t\t\tstyle=\"\"\n\t\t\t\t\t>\n\t\t\t\t\t\t\t\t\t\t\t<div class=\"spectra-image-gallery spectra-image-gallery__layout--grid spectra-image-gallery__layout--grid-col-2 spectra-image-gallery__layout--grid-col-tab-2 spectra-image-gallery__layout--grid-col-mob-2\">\n\t\t\t\t\t\t\t\t\t\t\t<div class='spectra-image-gallery__media-wrapper' data-spectra-gallery-image-id='49921' tabindex=\"0\">\n\t\t\t\t\t\t\t<div class=\"spectra-image-gallery__media spectra-image-gallery__media--grid\">\n\t\t\t\t<picture>\n\t\t\t\t\t<source media=\"(min-width: 1024px)\" srcset=\"https:\/\/www.uartes.edu.ec\/sitio\/wp-content\/uploads\/2024\/01\/03-SESION-ESCUCHA-644x429.jpg\">\n\t\t\t\t\t<source media=\"(min-width: 768px)\" srcset=\"https:\/\/www.uartes.edu.ec\/sitio\/wp-content\/uploads\/2024\/01\/03-SESION-ESCUCHA-644x429.jpg\">\n\t\t\t\t\t<img decoding=\"async\" class=\"spectra-image-gallery__media-thumbnail spectra-image-gallery__media-thumbnail--grid\" src=\"https:\/\/www.uartes.edu.ec\/sitio\/wp-content\/uploads\/2024\/01\/03-SESION-ESCUCHA-300x200.jpg\" alt=\"\" loading=\"lazy\" \/>\n\t\t\t\t<\/picture>\n\t\t\t\t<div class=\"spectra-image-gallery__media-thumbnail-blurrer\"><\/div>\n\t\t\t\t\t\t\t\t\t\t\t<div class=\"spectra-image-gallery__media-thumbnail-caption-wrapper spectra-image-gallery__media-thumbnail-caption-wrapper--overlay\">\n\t\t\t\t\t\t\t\t\t\t\t<div class=\"spectra-image-gallery__media-thumbnail-caption spectra-image-gallery__media-thumbnail-caption--overlay\">\n\t\t\t\t\tNo Caption\t\t\t\t<\/div>\n\t\t\t\t\t\t\t\t\t\t<\/div>\n\t\t\t\t\t\t\t\t\t<\/div>\n\t\t\t\t\t\t<\/div>\n\t\t\t\t\t\t<div class='spectra-image-gallery__media-wrapper' data-spectra-gallery-image-id='49927' tabindex=\"0\">\n\t\t\t\t\t\t\t<div class=\"spectra-image-gallery__media spectra-image-gallery__media--grid\">\n\t\t\t\t<picture>\n\t\t\t\t\t<source media=\"(min-width: 1024px)\" srcset=\"https:\/\/www.uartes.edu.ec\/sitio\/wp-content\/uploads\/2024\/01\/04-SESION-ESCUCHA-644x429.jpg\">\n\t\t\t\t\t<source media=\"(min-width: 768px)\" srcset=\"https:\/\/www.uartes.edu.ec\/sitio\/wp-content\/uploads\/2024\/01\/04-SESION-ESCUCHA-644x429.jpg\">\n\t\t\t\t\t<img decoding=\"async\" class=\"spectra-image-gallery__media-thumbnail spectra-image-gallery__media-thumbnail--grid\" src=\"https:\/\/www.uartes.edu.ec\/sitio\/wp-content\/uploads\/2024\/01\/04-SESION-ESCUCHA-300x200.jpg\" alt=\"\" loading=\"lazy\" \/>\n\t\t\t\t<\/picture>\n\t\t\t\t<div class=\"spectra-image-gallery__media-thumbnail-blurrer\"><\/div>\n\t\t\t\t\t\t\t\t\t\t\t<div class=\"spectra-image-gallery__media-thumbnail-caption-wrapper spectra-image-gallery__media-thumbnail-caption-wrapper--overlay\">\n\t\t\t\t\t\t\t\t\t\t\t<div class=\"spectra-image-gallery__media-thumbnail-caption spectra-image-gallery__media-thumbnail-caption--overlay\">\n\t\t\t\t\tNo Caption\t\t\t\t<\/div>\n\t\t\t\t\t\t\t\t\t\t<\/div>\n\t\t\t\t\t\t\t\t\t<\/div>\n\t\t\t\t\t\t<\/div>\n\t\t\t\t\t\t\t\t\t\t<\/div>\n\t\t\t\t\t\t\t\t\t\t\t\t\t\t\t\t\t\t<\/div>\n\t\t\t\t\t\t\t\t\t\n\n\n<p>\u201cEs la primera vez en toda la carrera que todos los proyectos son inter y transdisciplinarios\u201d, indic\u00f3 y detall\u00f3 que abarcaban una amplia gama de g\u00e9neros y enfoques creativos, demostrando la diversidad y la excelencia que caracterizan a los estudiantes de la carrera de PMS. Cada obra es un testimonio del esfuerzo dedicado a la pr\u00e1ctica art\u00edstica e investigaci\u00f3n en artes, elevando as\u00ed el est\u00e1ndar de la producci\u00f3n musical.<\/p>\n\n\n\n<p>Antes de que \u201cLumiere\u201d de Gianni Candel abriera la sesi\u00f3n de escucha, P\u00e9rez-Valero describi\u00f3 cada uno de los trabajos que se mostrar\u00edan. Del primero, la exploraci\u00f3n de nuevas dimensiones en el \u00e1mbito sonoro, est\u00e9tico y conceptual, escap\u00e1ndose de los marcos tradicionales de la producci\u00f3n musical. \u201cSe expuso en Casa Grande\u201d, anot\u00f3 y cit\u00f3 luego a Arturo Moreno con \u201cBlanco\u201d, paisaje sonoro del Bosque Protector Cerro Blanco con el que revela una profunda exploraci\u00f3n en las texturas sonoras, y los EP de El\u00edas Bodero: \u201cCortisol\u201d, Steven (Edu) Loor: \u201cYa es muy tarde\u201d y Miguel Kuhn: \u201cBurbuja SD\u201d, los cuales abordan el campo de la m\u00fasica pop.<\/p>\n\n\n\t\t\t\t\t<div\n\t\t\t\t\t\tclass=\"wp-block-uagb-image-gallery uagb-block-b71890d5\"\n\t\t\t\t\t\tstyle=\"\"\n\t\t\t\t\t>\n\t\t\t\t\t\t\t\t\t\t\t<div class=\"spectra-image-gallery spectra-image-gallery__layout--grid spectra-image-gallery__layout--grid-col-2 spectra-image-gallery__layout--grid-col-tab-2 spectra-image-gallery__layout--grid-col-mob-2\">\n\t\t\t\t\t\t\t\t\t\t\t<div class='spectra-image-gallery__media-wrapper' data-spectra-gallery-image-id='49935' tabindex=\"0\">\n\t\t\t\t\t\t\t<div class=\"spectra-image-gallery__media spectra-image-gallery__media--grid\">\n\t\t\t\t<picture>\n\t\t\t\t\t<source media=\"(min-width: 1024px)\" srcset=\"https:\/\/www.uartes.edu.ec\/sitio\/wp-content\/uploads\/2024\/01\/05-SESION-ESCUCHA-644x429.jpg\">\n\t\t\t\t\t<source media=\"(min-width: 768px)\" srcset=\"https:\/\/www.uartes.edu.ec\/sitio\/wp-content\/uploads\/2024\/01\/05-SESION-ESCUCHA-644x429.jpg\">\n\t\t\t\t\t<img decoding=\"async\" class=\"spectra-image-gallery__media-thumbnail spectra-image-gallery__media-thumbnail--grid\" src=\"https:\/\/www.uartes.edu.ec\/sitio\/wp-content\/uploads\/2024\/01\/05-SESION-ESCUCHA-300x200.jpg\" alt=\"\" loading=\"lazy\" \/>\n\t\t\t\t<\/picture>\n\t\t\t\t<div class=\"spectra-image-gallery__media-thumbnail-blurrer\"><\/div>\n\t\t\t\t\t\t\t\t\t\t\t<div class=\"spectra-image-gallery__media-thumbnail-caption-wrapper spectra-image-gallery__media-thumbnail-caption-wrapper--overlay\">\n\t\t\t\t\t\t\t\t\t\t\t<div class=\"spectra-image-gallery__media-thumbnail-caption spectra-image-gallery__media-thumbnail-caption--overlay\">\n\t\t\t\t\t\t\t\t\t<\/div>\n\t\t\t\t\t\t\t\t\t\t<\/div>\n\t\t\t\t\t\t\t\t\t<\/div>\n\t\t\t\t\t\t<\/div>\n\t\t\t\t\t\t<div class='spectra-image-gallery__media-wrapper' data-spectra-gallery-image-id='49932' tabindex=\"0\">\n\t\t\t\t\t\t\t<div class=\"spectra-image-gallery__media spectra-image-gallery__media--grid\">\n\t\t\t\t<picture>\n\t\t\t\t\t<source media=\"(min-width: 1024px)\" srcset=\"https:\/\/www.uartes.edu.ec\/sitio\/wp-content\/uploads\/2024\/01\/07-SESION-ESCUCHA-644x429.jpg\">\n\t\t\t\t\t<source media=\"(min-width: 768px)\" srcset=\"https:\/\/www.uartes.edu.ec\/sitio\/wp-content\/uploads\/2024\/01\/07-SESION-ESCUCHA-644x429.jpg\">\n\t\t\t\t\t<img decoding=\"async\" class=\"spectra-image-gallery__media-thumbnail spectra-image-gallery__media-thumbnail--grid\" src=\"https:\/\/www.uartes.edu.ec\/sitio\/wp-content\/uploads\/2024\/01\/07-SESION-ESCUCHA-300x200.jpg\" alt=\"\" loading=\"lazy\" \/>\n\t\t\t\t<\/picture>\n\t\t\t\t<div class=\"spectra-image-gallery__media-thumbnail-blurrer\"><\/div>\n\t\t\t\t\t\t\t\t\t\t\t<div class=\"spectra-image-gallery__media-thumbnail-caption-wrapper spectra-image-gallery__media-thumbnail-caption-wrapper--overlay\">\n\t\t\t\t\t\t\t\t\t\t\t<div class=\"spectra-image-gallery__media-thumbnail-caption spectra-image-gallery__media-thumbnail-caption--overlay\">\n\t\t\t\t\t\t\t\t\t<\/div>\n\t\t\t\t\t\t\t\t\t\t<\/div>\n\t\t\t\t\t\t\t\t\t<\/div>\n\t\t\t\t\t\t<\/div>\n\t\t\t\t\t\t\t\t\t\t<\/div>\n\t\t\t\t\t\t\t\t\t\t\t\t\t\t\t\t\t\t<\/div>\n\t\t\t\t\t\t\t\t\t\n\n\n<p>De las est\u00e9ticas relacionadas con posproducci\u00f3n: Byron Vallejo con \u201cSonido inmersivo en poemas\u201d, presentados en ambientes virtuales (arriba, foto izq.), y Gianpierre Paredes con \u201cVibra Fest\u201d. Trabajos disciplinares y multidisciplinares, reiter\u00f3 P\u00e9rez-Valero. Agreg\u00f3 que los tres \u00faltimos abordaban \u201clo que queremos muchos docentes de producci\u00f3n musical tener al m\u00fasico que es el productor y al productor que es m\u00fasico\u201d.<\/p>\n\n\n\n<p>Mencion\u00f3 entonces los EP \u201cSayaCa Electric\u201d de Jonathan Pingos, \u201cKawsay\u201d de David Yuquilema y \u201cNuna\u201d de Xavier S\u00e1nchez, quien en la introducci\u00f3n que hizo de su obra indic\u00f3 que busc\u00f3 con ella reflejar la rica herencia y mestizaje de las m\u00fasicas latinoamericanas, explorando la forma barroca espa\u00f1ola. \u201cEn kichwa nuna significa alma y a trav\u00e9s de cuatro temas instrumentales me propuse transmitir la esencia de las danzas tradicionales de Venezuela, Colombia, Per\u00fa, Argentina y Ecuador\u00bb, subray\u00f3 e invit\u00f3 a los conectados a sumergirse en ese viaje musical.<\/p>\n\n\n\t\t\t\t\t<div\n\t\t\t\t\t\tclass=\"wp-block-uagb-image-gallery uagb-block-f2c7a43f\"\n\t\t\t\t\t\tstyle=\"\"\n\t\t\t\t\t>\n\t\t\t\t\t\t\t\t\t\t\t<div class=\"spectra-image-gallery spectra-image-gallery__layout--grid spectra-image-gallery__layout--grid-col-2 spectra-image-gallery__layout--grid-col-tab-2 spectra-image-gallery__layout--grid-col-mob-2\">\n\t\t\t\t\t\t\t\t\t\t\t<div class='spectra-image-gallery__media-wrapper' data-spectra-gallery-image-id='49936' tabindex=\"0\">\n\t\t\t\t\t\t\t<div class=\"spectra-image-gallery__media spectra-image-gallery__media--grid\">\n\t\t\t\t<picture>\n\t\t\t\t\t<source media=\"(min-width: 1024px)\" srcset=\"https:\/\/www.uartes.edu.ec\/sitio\/wp-content\/uploads\/2024\/01\/09-SESION-ESCUCHA-644x429.jpg\">\n\t\t\t\t\t<source media=\"(min-width: 768px)\" srcset=\"https:\/\/www.uartes.edu.ec\/sitio\/wp-content\/uploads\/2024\/01\/09-SESION-ESCUCHA-644x429.jpg\">\n\t\t\t\t\t<img decoding=\"async\" class=\"spectra-image-gallery__media-thumbnail spectra-image-gallery__media-thumbnail--grid\" src=\"https:\/\/www.uartes.edu.ec\/sitio\/wp-content\/uploads\/2024\/01\/09-SESION-ESCUCHA-300x200.jpg\" alt=\"\" loading=\"lazy\" \/>\n\t\t\t\t<\/picture>\n\t\t\t\t<div class=\"spectra-image-gallery__media-thumbnail-blurrer\"><\/div>\n\t\t\t\t\t\t\t\t\t\t\t<div class=\"spectra-image-gallery__media-thumbnail-caption-wrapper spectra-image-gallery__media-thumbnail-caption-wrapper--overlay\">\n\t\t\t\t\t\t\t\t\t\t\t<div class=\"spectra-image-gallery__media-thumbnail-caption spectra-image-gallery__media-thumbnail-caption--overlay\">\n\t\t\t\t\tNo Caption\t\t\t\t<\/div>\n\t\t\t\t\t\t\t\t\t\t<\/div>\n\t\t\t\t\t\t\t\t\t<\/div>\n\t\t\t\t\t\t<\/div>\n\t\t\t\t\t\t<div class='spectra-image-gallery__media-wrapper' data-spectra-gallery-image-id='49938' tabindex=\"0\">\n\t\t\t\t\t\t\t<div class=\"spectra-image-gallery__media spectra-image-gallery__media--grid\">\n\t\t\t\t<picture>\n\t\t\t\t\t<source media=\"(min-width: 1024px)\" srcset=\"https:\/\/www.uartes.edu.ec\/sitio\/wp-content\/uploads\/2024\/01\/10-SESION-ESCUCHA-644x429.jpg\">\n\t\t\t\t\t<source media=\"(min-width: 768px)\" srcset=\"https:\/\/www.uartes.edu.ec\/sitio\/wp-content\/uploads\/2024\/01\/10-SESION-ESCUCHA-644x429.jpg\">\n\t\t\t\t\t<img decoding=\"async\" class=\"spectra-image-gallery__media-thumbnail spectra-image-gallery__media-thumbnail--grid\" src=\"https:\/\/www.uartes.edu.ec\/sitio\/wp-content\/uploads\/2024\/01\/10-SESION-ESCUCHA-300x200.jpg\" alt=\"\" loading=\"lazy\" \/>\n\t\t\t\t<\/picture>\n\t\t\t\t<div class=\"spectra-image-gallery__media-thumbnail-blurrer\"><\/div>\n\t\t\t\t\t\t\t\t\t\t\t<div class=\"spectra-image-gallery__media-thumbnail-caption-wrapper spectra-image-gallery__media-thumbnail-caption-wrapper--overlay\">\n\t\t\t\t\t\t\t\t\t\t\t<div class=\"spectra-image-gallery__media-thumbnail-caption spectra-image-gallery__media-thumbnail-caption--overlay\">\n\t\t\t\t\tNo Caption\t\t\t\t<\/div>\n\t\t\t\t\t\t\t\t\t\t<\/div>\n\t\t\t\t\t\t\t\t\t<\/div>\n\t\t\t\t\t\t<\/div>\n\t\t\t\t\t\t\t\t\t\t<\/div>\n\t\t\t\t\t\t\t\t\t\t\t\t\t\t\t\t\t\t<\/div>\n\t\t\t\t\t\t\t\t\t\n\n\n<p>Al igual que S\u00e1nchez, los dem\u00e1s estudiantes tambi\u00e9n hicieron una breve descripci\u00f3n de sus trabajos. Botero dijo que busc\u00f3 en \u201cCortisol\u201d plasmar de manera subjetiva sus emociones y sentimientos ante la violencia vivida en Guayaquil en 2023. De su proyecto, Vallejo acot\u00f3 que estaba dise\u00f1ado para ser visto con gafas de realidad virtual o desde un celular con el uso de aud\u00edfonos. Loor expres\u00f3, en su momento, que en su balada pop en formato ac\u00fastico trataba temas de ilusi\u00f3n y desamor y que, adem\u00e1s de producirlos, \u00e9l los interpret\u00f3.<\/p>\n\n\n\n<p>En \u201cBlanco\u201d, Arturo Moreno permiti\u00f3 apreciar la biofon\u00eda, geofon\u00eda y antropofon\u00eda del espacio natural con el que nombr\u00f3 a su propuesta y la intervenci\u00f3n industrial del hombre. Miguel Kuhn expres\u00f3 que su EP audiovisual \u201cBurbuja SD\u201d (foto arriba, izq.) fue moldeado por la fusi\u00f3n de narrativas visuales y elementos musicales electr\u00f3nicos con est\u00e9ticas retro, con el objetivo de dar una experiencia contemplativa.&nbsp;Jonathan Pingos, por su parte, resalt\u00f3 la instrumentaci\u00f3n electr\u00f3nica de su trabajo, el cual presentaba justo en el d\u00eda de su cumplea\u00f1os. <\/p>\n\n\n\t\t\t\t\t<div\n\t\t\t\t\t\tclass=\"wp-block-uagb-image-gallery uagb-block-dd1b5566\"\n\t\t\t\t\t\tstyle=\"\"\n\t\t\t\t\t>\n\t\t\t\t\t\t\t\t\t\t\t<div class=\"spectra-image-gallery spectra-image-gallery__layout--grid spectra-image-gallery__layout--grid-col-2 spectra-image-gallery__layout--grid-col-tab-2 spectra-image-gallery__layout--grid-col-mob-2\">\n\t\t\t\t\t\t\t\t\t\t\t<div class='spectra-image-gallery__media-wrapper' data-spectra-gallery-image-id='49942' tabindex=\"0\">\n\t\t\t\t\t\t\t<div class=\"spectra-image-gallery__media spectra-image-gallery__media--grid\">\n\t\t\t\t<picture>\n\t\t\t\t\t<source media=\"(min-width: 1024px)\" srcset=\"https:\/\/www.uartes.edu.ec\/sitio\/wp-content\/uploads\/2024\/01\/Vibra-Fest111-644x362.jpeg\">\n\t\t\t\t\t<source media=\"(min-width: 768px)\" srcset=\"https:\/\/www.uartes.edu.ec\/sitio\/wp-content\/uploads\/2024\/01\/Vibra-Fest111-644x362.jpeg\">\n\t\t\t\t\t<img decoding=\"async\" class=\"spectra-image-gallery__media-thumbnail spectra-image-gallery__media-thumbnail--grid\" src=\"https:\/\/www.uartes.edu.ec\/sitio\/wp-content\/uploads\/2024\/01\/Vibra-Fest111-300x169.jpeg\" alt=\"\" loading=\"lazy\" \/>\n\t\t\t\t<\/picture>\n\t\t\t\t<div class=\"spectra-image-gallery__media-thumbnail-blurrer\"><\/div>\n\t\t\t\t\t\t\t\t\t\t\t<div class=\"spectra-image-gallery__media-thumbnail-caption-wrapper spectra-image-gallery__media-thumbnail-caption-wrapper--overlay\">\n\t\t\t\t\t\t\t\t\t\t\t<div class=\"spectra-image-gallery__media-thumbnail-caption spectra-image-gallery__media-thumbnail-caption--overlay\">\n\t\t\t\t\tNo Caption\t\t\t\t<\/div>\n\t\t\t\t\t\t\t\t\t\t<\/div>\n\t\t\t\t\t\t\t\t\t<\/div>\n\t\t\t\t\t\t<\/div>\n\t\t\t\t\t\t<div class='spectra-image-gallery__media-wrapper' data-spectra-gallery-image-id='49939' tabindex=\"0\">\n\t\t\t\t\t\t\t<div class=\"spectra-image-gallery__media spectra-image-gallery__media--grid\">\n\t\t\t\t<picture>\n\t\t\t\t\t<source media=\"(min-width: 1024px)\" srcset=\"https:\/\/www.uartes.edu.ec\/sitio\/wp-content\/uploads\/2024\/01\/12-SESION-ESCUCHA-644x429.jpg\">\n\t\t\t\t\t<source media=\"(min-width: 768px)\" srcset=\"https:\/\/www.uartes.edu.ec\/sitio\/wp-content\/uploads\/2024\/01\/12-SESION-ESCUCHA-644x429.jpg\">\n\t\t\t\t\t<img decoding=\"async\" class=\"spectra-image-gallery__media-thumbnail spectra-image-gallery__media-thumbnail--grid\" src=\"https:\/\/www.uartes.edu.ec\/sitio\/wp-content\/uploads\/2024\/01\/12-SESION-ESCUCHA-300x200.jpg\" alt=\"\" loading=\"lazy\" \/>\n\t\t\t\t<\/picture>\n\t\t\t\t<div class=\"spectra-image-gallery__media-thumbnail-blurrer\"><\/div>\n\t\t\t\t\t\t\t\t\t\t\t<div class=\"spectra-image-gallery__media-thumbnail-caption-wrapper spectra-image-gallery__media-thumbnail-caption-wrapper--overlay\">\n\t\t\t\t\t\t\t\t\t\t\t<div class=\"spectra-image-gallery__media-thumbnail-caption spectra-image-gallery__media-thumbnail-caption--overlay\">\n\t\t\t\t\tNo Caption\t\t\t\t<\/div>\n\t\t\t\t\t\t\t\t\t\t<\/div>\n\t\t\t\t\t\t\t\t\t<\/div>\n\t\t\t\t\t\t<\/div>\n\t\t\t\t\t\t\t\t\t\t<\/div>\n\t\t\t\t\t\t\t\t\t\t\t\t\t\t\t\t\t\t<\/div>\n\t\t\t\t\t\t\t\t\t\n\n\n<p>Gianpierre Paredes reconoci\u00f3 lo mucho que hubo que resolver en \u201cVibra Fest\u201d (arriba, foto izq.), el festival de artes multidisciplinario de cuya posproducci\u00f3n se encarg\u00f3 y donde se presentaron, entre otros, La Banda Brava, 505 y Jeanpierre y La Buena Vibra Social Club. Y David Yuquilema, que en \u201cKawsay\u201d fusion\u00f3 el yumbo y la tonada, g\u00e9neros tradicionales de la provincia de Chimborazo, con instrumentaci\u00f3n contempor\u00e1nea y letras con las que se plante\u00f3 desarrollar historias de las vivencias propias de los chimboracenses.<\/p>\n\n\n\n<p>Con estos trabajos los estudiantes culminan la fase de preparaci\u00f3n acad\u00e9mica, manifest\u00f3 P\u00e9rez-Valero, coincidiendo con el director de la EAS de que lo siguiente es la circulaci\u00f3n y difusi\u00f3n de toda esta gran producci\u00f3n.<\/p>\n\n\n<div class=\"wp-block-image\">\n<figure class=\"aligncenter size-large\"><img decoding=\"async\" width=\"644\" height=\"429\" src=\"https:\/\/www.uartes.edu.ec\/sitio\/wp-content\/uploads\/2024\/01\/13-SESION-ESCUCHA-644x429.jpg\" alt=\"\" class=\"wp-image-49943\" srcset=\"https:\/\/www.uartes.edu.ec\/sitio\/wp-content\/uploads\/2024\/01\/13-SESION-ESCUCHA-644x429.jpg 644w, https:\/\/www.uartes.edu.ec\/sitio\/wp-content\/uploads\/2024\/01\/13-SESION-ESCUCHA-768x511.jpg 768w, https:\/\/www.uartes.edu.ec\/sitio\/wp-content\/uploads\/2024\/01\/13-SESION-ESCUCHA.jpg 2000w, https:\/\/www.uartes.edu.ec\/sitio\/wp-content\/uploads\/2024\/01\/13-SESION-ESCUCHA-600x399.jpg 600w, https:\/\/www.uartes.edu.ec\/sitio\/wp-content\/uploads\/2024\/01\/13-SESION-ESCUCHA-272x182.jpg 272w\" sizes=\"(max-width: 644px) 100vw, 644px\" \/><\/figure>\n<\/div>\n\n\n<p>La imagen principal corresponde a la grabaci\u00f3n en los estudios de la EAS del EP \u00abYa es muy tarde\u00bb de Steven (Edu) Loor.<br>El texto recoge aportes del doctor Luis P\u00e9rez-Valero, docente de la EAS y encargado de titulaci\u00f3n de la carrera de PMS.<\/p>","protected":false},"excerpt":{"rendered":"<p>La carrera de Producci\u00f3n Musical y Sonora de la UArtes celebr\u00f3 ayer una sesi\u00f3n de escucha virtual que destac\u00f3 el alto nivel de los productos art\u00edsticos desarrollados por sus estudiantes como trabajos de titulaci\u00f3n. Abarcaron una amplia gama de g\u00e9neros y enfoques creativos, demostrando diversidad y excelencia. Cada obra dio testimonio del esfuerzo dedicado a la praxis art\u00edstica e investigaci\u00f3n en artes.<\/p>","protected":false},"author":10,"featured_media":49920,"comment_status":"open","ping_status":"open","sticky":false,"template":"","format":"standard","meta":{"_acf_changed":false,"_uag_custom_page_level_css":"","_monsterinsights_skip_tracking":false,"_monsterinsights_sitenote_active":false,"_monsterinsights_sitenote_note":"","_monsterinsights_sitenote_category":0,"cybocfi_hide_featured_image":"","footnotes":""},"categories":[80,150,75,76],"tags":[1092],"infouartes":[],"class_list":["post-49919","post","type-post","status-publish","format-standard","has-post-thumbnail","hentry","category-academico","category-artes-sonoras","category-docentes","category-estudiantes","tag-productos-artisticos"],"acf":[],"yoast_head":"<!-- This site is optimized with the Yoast SEO plugin v27.4 - https:\/\/yoast.com\/product\/yoast-seo-wordpress\/ -->\n<title>Universidad de las Artes - Pr\u00f3ximos graduados de la EAS presentaron en sesi\u00f3n de escucha virtual sus proyectos de titulaci\u00f3n<\/title>\n<meta name=\"description\" content=\"Universidad de las Artes - Pr\u00f3ximos graduados de la EAS presentaron en sesi\u00f3n de escucha virtual sus proyectos de titulaci\u00f3n\" \/>\n<meta name=\"robots\" content=\"index, follow, max-snippet:-1, max-image-preview:large, max-video-preview:-1\" \/>\n<link rel=\"canonical\" href=\"https:\/\/www.uartes.edu.ec\/sitio\/en\/blog\/2024\/01\/16\/proximos-graduados-de-la-eas-presentaron-en-sesion-de-escucha-virtual-sus-proyectos-de-titulacion\/\" \/>\n<meta property=\"og:locale\" content=\"en_US\" \/>\n<meta property=\"og:type\" content=\"article\" \/>\n<meta property=\"og:title\" content=\"Universidad de las Artes - Pr\u00f3ximos graduados de la EAS presentaron en sesi\u00f3n de escucha virtual sus proyectos de titulaci\u00f3n\" \/>\n<meta property=\"og:description\" content=\"Universidad de las Artes - Pr\u00f3ximos graduados de la EAS presentaron en sesi\u00f3n de escucha virtual sus proyectos de titulaci\u00f3n\" \/>\n<meta property=\"og:url\" content=\"https:\/\/www.uartes.edu.ec\/sitio\/en\/blog\/2024\/01\/16\/proximos-graduados-de-la-eas-presentaron-en-sesion-de-escucha-virtual-sus-proyectos-de-titulacion\/\" \/>\n<meta property=\"og:site_name\" content=\"Universidad de las Artes\" \/>\n<meta property=\"article:publisher\" content=\"https:\/\/www.facebook.com\/uartesec\" \/>\n<meta property=\"article:published_time\" content=\"2024-01-16T23:27:32+00:00\" \/>\n<meta property=\"article:modified_time\" content=\"2024-07-04T16:19:30+00:00\" \/>\n<meta property=\"og:image\" content=\"https:\/\/www.uartes.edu.ec\/sitio\/wp-content\/uploads\/2024\/01\/04-EP-YA-ES-MUY-TARDE.jpg\" \/>\n\t<meta property=\"og:image:width\" content=\"2000\" \/>\n\t<meta property=\"og:image:height\" content=\"1333\" \/>\n\t<meta property=\"og:image:type\" content=\"image\/jpeg\" \/>\n<meta name=\"author\" content=\"ccortez\" \/>\n<meta name=\"twitter:card\" content=\"summary_large_image\" \/>\n<meta name=\"twitter:creator\" content=\"@uartesec\" \/>\n<meta name=\"twitter:site\" content=\"@uartesec\" \/>\n<meta name=\"twitter:label1\" content=\"Written by\" \/>\n\t<meta name=\"twitter:data1\" content=\"ccortez\" \/>\n\t<meta name=\"twitter:label2\" content=\"Est. reading time\" \/>\n\t<meta name=\"twitter:data2\" content=\"5 minutes\" \/>\n<script type=\"application\/ld+json\" class=\"yoast-schema-graph\">{\"@context\":\"https:\\\/\\\/schema.org\",\"@graph\":[{\"@type\":\"Article\",\"@id\":\"https:\\\/\\\/www.uartes.edu.ec\\\/sitio\\\/en\\\/blog\\\/2024\\\/01\\\/16\\\/proximos-graduados-de-la-eas-presentaron-en-sesion-de-escucha-virtual-sus-proyectos-de-titulacion\\\/#article\",\"isPartOf\":{\"@id\":\"https:\\\/\\\/www.uartes.edu.ec\\\/sitio\\\/en\\\/blog\\\/2024\\\/01\\\/16\\\/proximos-graduados-de-la-eas-presentaron-en-sesion-de-escucha-virtual-sus-proyectos-de-titulacion\\\/\"},\"author\":{\"name\":\"ccortez\",\"@id\":\"https:\\\/\\\/www.uartes.edu.ec\\\/sitio\\\/en\\\/#\\\/schema\\\/person\\\/efa1b8275797664fd7f13a79ccc0b1f4\"},\"headline\":\"Pr\u00f3ximos graduados de la EAS presentaron en sesi\u00f3n de escucha virtual sus proyectos de titulaci\u00f3n\",\"datePublished\":\"2024-01-16T23:27:32+00:00\",\"dateModified\":\"2024-07-04T16:19:30+00:00\",\"mainEntityOfPage\":{\"@id\":\"https:\\\/\\\/www.uartes.edu.ec\\\/sitio\\\/en\\\/blog\\\/2024\\\/01\\\/16\\\/proximos-graduados-de-la-eas-presentaron-en-sesion-de-escucha-virtual-sus-proyectos-de-titulacion\\\/\"},\"wordCount\":1094,\"commentCount\":0,\"publisher\":{\"@id\":\"https:\\\/\\\/www.uartes.edu.ec\\\/sitio\\\/en\\\/#organization\"},\"image\":{\"@id\":\"https:\\\/\\\/www.uartes.edu.ec\\\/sitio\\\/en\\\/blog\\\/2024\\\/01\\\/16\\\/proximos-graduados-de-la-eas-presentaron-en-sesion-de-escucha-virtual-sus-proyectos-de-titulacion\\\/#primaryimage\"},\"thumbnailUrl\":\"https:\\\/\\\/www.uartes.edu.ec\\\/sitio\\\/wp-content\\\/uploads\\\/2024\\\/01\\\/04-EP-YA-ES-MUY-TARDE.jpg\",\"keywords\":[\"productos art\u00edsticos\"],\"articleSection\":[\"Acad\u00e9mico\",\"Artes Sonoras\",\"Docentes\",\"Estudiantes\"],\"inLanguage\":\"en-US\",\"potentialAction\":[{\"@type\":\"CommentAction\",\"name\":\"Comment\",\"target\":[\"https:\\\/\\\/www.uartes.edu.ec\\\/sitio\\\/en\\\/blog\\\/2024\\\/01\\\/16\\\/proximos-graduados-de-la-eas-presentaron-en-sesion-de-escucha-virtual-sus-proyectos-de-titulacion\\\/#respond\"]}]},{\"@type\":[\"WebPage\",\"ItemPage\"],\"@id\":\"https:\\\/\\\/www.uartes.edu.ec\\\/sitio\\\/en\\\/blog\\\/2024\\\/01\\\/16\\\/proximos-graduados-de-la-eas-presentaron-en-sesion-de-escucha-virtual-sus-proyectos-de-titulacion\\\/\",\"url\":\"https:\\\/\\\/www.uartes.edu.ec\\\/sitio\\\/en\\\/blog\\\/2024\\\/01\\\/16\\\/proximos-graduados-de-la-eas-presentaron-en-sesion-de-escucha-virtual-sus-proyectos-de-titulacion\\\/\",\"name\":\"Universidad de las Artes - Pr\u00f3ximos graduados de la EAS presentaron en sesi\u00f3n de escucha virtual sus proyectos de titulaci\u00f3n\",\"isPartOf\":{\"@id\":\"https:\\\/\\\/www.uartes.edu.ec\\\/sitio\\\/en\\\/#website\"},\"primaryImageOfPage\":{\"@id\":\"https:\\\/\\\/www.uartes.edu.ec\\\/sitio\\\/en\\\/blog\\\/2024\\\/01\\\/16\\\/proximos-graduados-de-la-eas-presentaron-en-sesion-de-escucha-virtual-sus-proyectos-de-titulacion\\\/#primaryimage\"},\"image\":{\"@id\":\"https:\\\/\\\/www.uartes.edu.ec\\\/sitio\\\/en\\\/blog\\\/2024\\\/01\\\/16\\\/proximos-graduados-de-la-eas-presentaron-en-sesion-de-escucha-virtual-sus-proyectos-de-titulacion\\\/#primaryimage\"},\"thumbnailUrl\":\"https:\\\/\\\/www.uartes.edu.ec\\\/sitio\\\/wp-content\\\/uploads\\\/2024\\\/01\\\/04-EP-YA-ES-MUY-TARDE.jpg\",\"datePublished\":\"2024-01-16T23:27:32+00:00\",\"dateModified\":\"2024-07-04T16:19:30+00:00\",\"description\":\"Universidad de las Artes - Pr\u00f3ximos graduados de la EAS presentaron en sesi\u00f3n de escucha virtual sus proyectos de titulaci\u00f3n\",\"breadcrumb\":{\"@id\":\"https:\\\/\\\/www.uartes.edu.ec\\\/sitio\\\/en\\\/blog\\\/2024\\\/01\\\/16\\\/proximos-graduados-de-la-eas-presentaron-en-sesion-de-escucha-virtual-sus-proyectos-de-titulacion\\\/#breadcrumb\"},\"inLanguage\":\"en-US\",\"potentialAction\":[{\"@type\":\"ReadAction\",\"target\":[\"https:\\\/\\\/www.uartes.edu.ec\\\/sitio\\\/en\\\/blog\\\/2024\\\/01\\\/16\\\/proximos-graduados-de-la-eas-presentaron-en-sesion-de-escucha-virtual-sus-proyectos-de-titulacion\\\/\"]}]},{\"@type\":\"ImageObject\",\"inLanguage\":\"en-US\",\"@id\":\"https:\\\/\\\/www.uartes.edu.ec\\\/sitio\\\/en\\\/blog\\\/2024\\\/01\\\/16\\\/proximos-graduados-de-la-eas-presentaron-en-sesion-de-escucha-virtual-sus-proyectos-de-titulacion\\\/#primaryimage\",\"url\":\"https:\\\/\\\/www.uartes.edu.ec\\\/sitio\\\/wp-content\\\/uploads\\\/2024\\\/01\\\/04-EP-YA-ES-MUY-TARDE.jpg\",\"contentUrl\":\"https:\\\/\\\/www.uartes.edu.ec\\\/sitio\\\/wp-content\\\/uploads\\\/2024\\\/01\\\/04-EP-YA-ES-MUY-TARDE.jpg\",\"width\":2000,\"height\":1333},{\"@type\":\"BreadcrumbList\",\"@id\":\"https:\\\/\\\/www.uartes.edu.ec\\\/sitio\\\/en\\\/blog\\\/2024\\\/01\\\/16\\\/proximos-graduados-de-la-eas-presentaron-en-sesion-de-escucha-virtual-sus-proyectos-de-titulacion\\\/#breadcrumb\",\"itemListElement\":[{\"@type\":\"ListItem\",\"position\":1,\"name\":\"Inicio\",\"item\":\"https:\\\/\\\/www.uartes.edu.ec\\\/sitio\\\/\"},{\"@type\":\"ListItem\",\"position\":2,\"name\":\"Pr\u00f3ximos graduados de la EAS presentaron en sesi\u00f3n de escucha virtual sus proyectos de titulaci\u00f3n\"}]},{\"@type\":\"WebSite\",\"@id\":\"https:\\\/\\\/www.uartes.edu.ec\\\/sitio\\\/en\\\/#website\",\"url\":\"https:\\\/\\\/www.uartes.edu.ec\\\/sitio\\\/en\\\/\",\"name\":\"Universidad de las Artes\",\"description\":\"Sitio oficial de la Universidad Nacional de las Artes del Ecuador\",\"publisher\":{\"@id\":\"https:\\\/\\\/www.uartes.edu.ec\\\/sitio\\\/en\\\/#organization\"},\"potentialAction\":[{\"@type\":\"SearchAction\",\"target\":{\"@type\":\"EntryPoint\",\"urlTemplate\":\"https:\\\/\\\/www.uartes.edu.ec\\\/sitio\\\/en\\\/?s={search_term_string}\"},\"query-input\":{\"@type\":\"PropertyValueSpecification\",\"valueRequired\":true,\"valueName\":\"search_term_string\"}}],\"inLanguage\":\"en-US\"},{\"@type\":\"Organization\",\"@id\":\"https:\\\/\\\/www.uartes.edu.ec\\\/sitio\\\/en\\\/#organization\",\"name\":\"Universidad de las Artes\",\"url\":\"https:\\\/\\\/www.uartes.edu.ec\\\/sitio\\\/en\\\/\",\"logo\":{\"@type\":\"ImageObject\",\"inLanguage\":\"en-US\",\"@id\":\"https:\\\/\\\/www.uartes.edu.ec\\\/sitio\\\/en\\\/#\\\/schema\\\/logo\\\/image\\\/\",\"url\":\"https:\\\/\\\/www.uartes.edu.ec\\\/sitio\\\/wp-content\\\/uploads\\\/2022\\\/07\\\/logo-ua-horizontal.png\",\"contentUrl\":\"https:\\\/\\\/www.uartes.edu.ec\\\/sitio\\\/wp-content\\\/uploads\\\/2022\\\/07\\\/logo-ua-horizontal.png\",\"width\":800,\"height\":276,\"caption\":\"Universidad de las Artes\"},\"image\":{\"@id\":\"https:\\\/\\\/www.uartes.edu.ec\\\/sitio\\\/en\\\/#\\\/schema\\\/logo\\\/image\\\/\"},\"sameAs\":[\"https:\\\/\\\/www.facebook.com\\\/uartesec\",\"https:\\\/\\\/x.com\\\/uartesec\",\"https:\\\/\\\/www.tiktok.com\\\/@uartesec\"]},{\"@type\":\"Person\",\"@id\":\"https:\\\/\\\/www.uartes.edu.ec\\\/sitio\\\/en\\\/#\\\/schema\\\/person\\\/efa1b8275797664fd7f13a79ccc0b1f4\",\"name\":\"ccortez\",\"image\":{\"@type\":\"ImageObject\",\"inLanguage\":\"en-US\",\"@id\":\"https:\\\/\\\/secure.gravatar.com\\\/avatar\\\/b2a6f664a3ae8e074346ef91775736c5ec479e637ecced6842de9dc98b5da9cd?s=96&d=mm&r=g\",\"url\":\"https:\\\/\\\/secure.gravatar.com\\\/avatar\\\/b2a6f664a3ae8e074346ef91775736c5ec479e637ecced6842de9dc98b5da9cd?s=96&d=mm&r=g\",\"contentUrl\":\"https:\\\/\\\/secure.gravatar.com\\\/avatar\\\/b2a6f664a3ae8e074346ef91775736c5ec479e637ecced6842de9dc98b5da9cd?s=96&d=mm&r=g\",\"caption\":\"ccortez\"},\"url\":\"https:\\\/\\\/www.uartes.edu.ec\\\/sitio\\\/en\\\/blog\\\/author\\\/ccortez\\\/\"}]}<\/script>\n<!-- \/ Yoast SEO plugin. -->","yoast_head_json":{"title":"Universidad de las Artes - Pr\u00f3ximos graduados de la EAS presentaron en sesi\u00f3n de escucha virtual sus proyectos de titulaci\u00f3n","description":"Universidad de las Artes - Pr\u00f3ximos graduados de la EAS presentaron en sesi\u00f3n de escucha virtual sus proyectos de titulaci\u00f3n","robots":{"index":"index","follow":"follow","max-snippet":"max-snippet:-1","max-image-preview":"max-image-preview:large","max-video-preview":"max-video-preview:-1"},"canonical":"https:\/\/www.uartes.edu.ec\/sitio\/en\/blog\/2024\/01\/16\/proximos-graduados-de-la-eas-presentaron-en-sesion-de-escucha-virtual-sus-proyectos-de-titulacion\/","og_locale":"en_US","og_type":"article","og_title":"Universidad de las Artes - Pr\u00f3ximos graduados de la EAS presentaron en sesi\u00f3n de escucha virtual sus proyectos de titulaci\u00f3n","og_description":"Universidad de las Artes - Pr\u00f3ximos graduados de la EAS presentaron en sesi\u00f3n de escucha virtual sus proyectos de titulaci\u00f3n","og_url":"https:\/\/www.uartes.edu.ec\/sitio\/en\/blog\/2024\/01\/16\/proximos-graduados-de-la-eas-presentaron-en-sesion-de-escucha-virtual-sus-proyectos-de-titulacion\/","og_site_name":"Universidad de las Artes","article_publisher":"https:\/\/www.facebook.com\/uartesec","article_published_time":"2024-01-16T23:27:32+00:00","article_modified_time":"2024-07-04T16:19:30+00:00","og_image":[{"width":2000,"height":1333,"url":"https:\/\/www.uartes.edu.ec\/sitio\/wp-content\/uploads\/2024\/01\/04-EP-YA-ES-MUY-TARDE.jpg","type":"image\/jpeg"}],"author":"ccortez","twitter_card":"summary_large_image","twitter_creator":"@uartesec","twitter_site":"@uartesec","twitter_misc":{"Written by":"ccortez","Est. reading time":"5 minutes"},"schema":{"@context":"https:\/\/schema.org","@graph":[{"@type":"Article","@id":"https:\/\/www.uartes.edu.ec\/sitio\/en\/blog\/2024\/01\/16\/proximos-graduados-de-la-eas-presentaron-en-sesion-de-escucha-virtual-sus-proyectos-de-titulacion\/#article","isPartOf":{"@id":"https:\/\/www.uartes.edu.ec\/sitio\/en\/blog\/2024\/01\/16\/proximos-graduados-de-la-eas-presentaron-en-sesion-de-escucha-virtual-sus-proyectos-de-titulacion\/"},"author":{"name":"ccortez","@id":"https:\/\/www.uartes.edu.ec\/sitio\/en\/#\/schema\/person\/efa1b8275797664fd7f13a79ccc0b1f4"},"headline":"Pr\u00f3ximos graduados de la EAS presentaron en sesi\u00f3n de escucha virtual sus proyectos de titulaci\u00f3n","datePublished":"2024-01-16T23:27:32+00:00","dateModified":"2024-07-04T16:19:30+00:00","mainEntityOfPage":{"@id":"https:\/\/www.uartes.edu.ec\/sitio\/en\/blog\/2024\/01\/16\/proximos-graduados-de-la-eas-presentaron-en-sesion-de-escucha-virtual-sus-proyectos-de-titulacion\/"},"wordCount":1094,"commentCount":0,"publisher":{"@id":"https:\/\/www.uartes.edu.ec\/sitio\/en\/#organization"},"image":{"@id":"https:\/\/www.uartes.edu.ec\/sitio\/en\/blog\/2024\/01\/16\/proximos-graduados-de-la-eas-presentaron-en-sesion-de-escucha-virtual-sus-proyectos-de-titulacion\/#primaryimage"},"thumbnailUrl":"https:\/\/www.uartes.edu.ec\/sitio\/wp-content\/uploads\/2024\/01\/04-EP-YA-ES-MUY-TARDE.jpg","keywords":["productos art\u00edsticos"],"articleSection":["Acad\u00e9mico","Artes Sonoras","Docentes","Estudiantes"],"inLanguage":"en-US","potentialAction":[{"@type":"CommentAction","name":"Comment","target":["https:\/\/www.uartes.edu.ec\/sitio\/en\/blog\/2024\/01\/16\/proximos-graduados-de-la-eas-presentaron-en-sesion-de-escucha-virtual-sus-proyectos-de-titulacion\/#respond"]}]},{"@type":["WebPage","ItemPage"],"@id":"https:\/\/www.uartes.edu.ec\/sitio\/en\/blog\/2024\/01\/16\/proximos-graduados-de-la-eas-presentaron-en-sesion-de-escucha-virtual-sus-proyectos-de-titulacion\/","url":"https:\/\/www.uartes.edu.ec\/sitio\/en\/blog\/2024\/01\/16\/proximos-graduados-de-la-eas-presentaron-en-sesion-de-escucha-virtual-sus-proyectos-de-titulacion\/","name":"Universidad de las Artes - Pr\u00f3ximos graduados de la EAS presentaron en sesi\u00f3n de escucha virtual sus proyectos de titulaci\u00f3n","isPartOf":{"@id":"https:\/\/www.uartes.edu.ec\/sitio\/en\/#website"},"primaryImageOfPage":{"@id":"https:\/\/www.uartes.edu.ec\/sitio\/en\/blog\/2024\/01\/16\/proximos-graduados-de-la-eas-presentaron-en-sesion-de-escucha-virtual-sus-proyectos-de-titulacion\/#primaryimage"},"image":{"@id":"https:\/\/www.uartes.edu.ec\/sitio\/en\/blog\/2024\/01\/16\/proximos-graduados-de-la-eas-presentaron-en-sesion-de-escucha-virtual-sus-proyectos-de-titulacion\/#primaryimage"},"thumbnailUrl":"https:\/\/www.uartes.edu.ec\/sitio\/wp-content\/uploads\/2024\/01\/04-EP-YA-ES-MUY-TARDE.jpg","datePublished":"2024-01-16T23:27:32+00:00","dateModified":"2024-07-04T16:19:30+00:00","description":"Universidad de las Artes - Pr\u00f3ximos graduados de la EAS presentaron en sesi\u00f3n de escucha virtual sus proyectos de titulaci\u00f3n","breadcrumb":{"@id":"https:\/\/www.uartes.edu.ec\/sitio\/en\/blog\/2024\/01\/16\/proximos-graduados-de-la-eas-presentaron-en-sesion-de-escucha-virtual-sus-proyectos-de-titulacion\/#breadcrumb"},"inLanguage":"en-US","potentialAction":[{"@type":"ReadAction","target":["https:\/\/www.uartes.edu.ec\/sitio\/en\/blog\/2024\/01\/16\/proximos-graduados-de-la-eas-presentaron-en-sesion-de-escucha-virtual-sus-proyectos-de-titulacion\/"]}]},{"@type":"ImageObject","inLanguage":"en-US","@id":"https:\/\/www.uartes.edu.ec\/sitio\/en\/blog\/2024\/01\/16\/proximos-graduados-de-la-eas-presentaron-en-sesion-de-escucha-virtual-sus-proyectos-de-titulacion\/#primaryimage","url":"https:\/\/www.uartes.edu.ec\/sitio\/wp-content\/uploads\/2024\/01\/04-EP-YA-ES-MUY-TARDE.jpg","contentUrl":"https:\/\/www.uartes.edu.ec\/sitio\/wp-content\/uploads\/2024\/01\/04-EP-YA-ES-MUY-TARDE.jpg","width":2000,"height":1333},{"@type":"BreadcrumbList","@id":"https:\/\/www.uartes.edu.ec\/sitio\/en\/blog\/2024\/01\/16\/proximos-graduados-de-la-eas-presentaron-en-sesion-de-escucha-virtual-sus-proyectos-de-titulacion\/#breadcrumb","itemListElement":[{"@type":"ListItem","position":1,"name":"Inicio","item":"https:\/\/www.uartes.edu.ec\/sitio\/"},{"@type":"ListItem","position":2,"name":"Pr\u00f3ximos graduados de la EAS presentaron en sesi\u00f3n de escucha virtual sus proyectos de titulaci\u00f3n"}]},{"@type":"WebSite","@id":"https:\/\/www.uartes.edu.ec\/sitio\/en\/#website","url":"https:\/\/www.uartes.edu.ec\/sitio\/en\/","name":"Universidad de las Artes","description":"Sitio oficial de la Universidad Nacional de las Artes del Ecuador","publisher":{"@id":"https:\/\/www.uartes.edu.ec\/sitio\/en\/#organization"},"potentialAction":[{"@type":"SearchAction","target":{"@type":"EntryPoint","urlTemplate":"https:\/\/www.uartes.edu.ec\/sitio\/en\/?s={search_term_string}"},"query-input":{"@type":"PropertyValueSpecification","valueRequired":true,"valueName":"search_term_string"}}],"inLanguage":"en-US"},{"@type":"Organization","@id":"https:\/\/www.uartes.edu.ec\/sitio\/en\/#organization","name":"Universidad de las Artes","url":"https:\/\/www.uartes.edu.ec\/sitio\/en\/","logo":{"@type":"ImageObject","inLanguage":"en-US","@id":"https:\/\/www.uartes.edu.ec\/sitio\/en\/#\/schema\/logo\/image\/","url":"https:\/\/www.uartes.edu.ec\/sitio\/wp-content\/uploads\/2022\/07\/logo-ua-horizontal.png","contentUrl":"https:\/\/www.uartes.edu.ec\/sitio\/wp-content\/uploads\/2022\/07\/logo-ua-horizontal.png","width":800,"height":276,"caption":"Universidad de las Artes"},"image":{"@id":"https:\/\/www.uartes.edu.ec\/sitio\/en\/#\/schema\/logo\/image\/"},"sameAs":["https:\/\/www.facebook.com\/uartesec","https:\/\/x.com\/uartesec","https:\/\/www.tiktok.com\/@uartesec"]},{"@type":"Person","@id":"https:\/\/www.uartes.edu.ec\/sitio\/en\/#\/schema\/person\/efa1b8275797664fd7f13a79ccc0b1f4","name":"ccortez","image":{"@type":"ImageObject","inLanguage":"en-US","@id":"https:\/\/secure.gravatar.com\/avatar\/b2a6f664a3ae8e074346ef91775736c5ec479e637ecced6842de9dc98b5da9cd?s=96&d=mm&r=g","url":"https:\/\/secure.gravatar.com\/avatar\/b2a6f664a3ae8e074346ef91775736c5ec479e637ecced6842de9dc98b5da9cd?s=96&d=mm&r=g","contentUrl":"https:\/\/secure.gravatar.com\/avatar\/b2a6f664a3ae8e074346ef91775736c5ec479e637ecced6842de9dc98b5da9cd?s=96&d=mm&r=g","caption":"ccortez"},"url":"https:\/\/www.uartes.edu.ec\/sitio\/en\/blog\/author\/ccortez\/"}]}},"uagb_featured_image_src":{"full":["https:\/\/www.uartes.edu.ec\/sitio\/wp-content\/uploads\/2024\/01\/04-EP-YA-ES-MUY-TARDE.jpg",2000,1333,false],"thumbnail":["https:\/\/www.uartes.edu.ec\/sitio\/wp-content\/uploads\/2024\/01\/04-EP-YA-ES-MUY-TARDE-150x150.jpg",150,150,true],"medium":["https:\/\/www.uartes.edu.ec\/sitio\/wp-content\/uploads\/2024\/01\/04-EP-YA-ES-MUY-TARDE-300x200.jpg",300,200,true],"medium_large":["https:\/\/www.uartes.edu.ec\/sitio\/wp-content\/uploads\/2024\/01\/04-EP-YA-ES-MUY-TARDE-768x512.jpg",768,512,true],"large":["https:\/\/www.uartes.edu.ec\/sitio\/wp-content\/uploads\/2024\/01\/04-EP-YA-ES-MUY-TARDE-644x429.jpg",644,429,true],"1536x1536":["https:\/\/www.uartes.edu.ec\/sitio\/wp-content\/uploads\/2024\/01\/04-EP-YA-ES-MUY-TARDE-1536x1024.jpg",1536,1024,true],"2048x2048":["https:\/\/www.uartes.edu.ec\/sitio\/wp-content\/uploads\/2024\/01\/04-EP-YA-ES-MUY-TARDE.jpg",2000,1333,false],"trp-custom-language-flag":["https:\/\/www.uartes.edu.ec\/sitio\/wp-content\/uploads\/2024\/01\/04-EP-YA-ES-MUY-TARDE.jpg",18,12,false],"htmega_size_585x295":["https:\/\/www.uartes.edu.ec\/sitio\/wp-content\/uploads\/2024\/01\/04-EP-YA-ES-MUY-TARDE-585x295.jpg",585,295,true],"htmega_size_1170x536":["https:\/\/www.uartes.edu.ec\/sitio\/wp-content\/uploads\/2024\/01\/04-EP-YA-ES-MUY-TARDE-1170x536.jpg",1170,536,true],"htmega_size_396x360":["https:\/\/www.uartes.edu.ec\/sitio\/wp-content\/uploads\/2024\/01\/04-EP-YA-ES-MUY-TARDE-396x360.jpg",396,360,true],"gb-block-post-grid-landscape":["https:\/\/www.uartes.edu.ec\/sitio\/wp-content\/uploads\/2024\/01\/04-EP-YA-ES-MUY-TARDE-600x400.jpg",600,400,true],"gb-block-post-grid-square":["https:\/\/www.uartes.edu.ec\/sitio\/wp-content\/uploads\/2024\/01\/04-EP-YA-ES-MUY-TARDE-600x600.jpg",600,600,true],"university-hub-thumb":["https:\/\/www.uartes.edu.ec\/sitio\/wp-content\/uploads\/2024\/01\/04-EP-YA-ES-MUY-TARDE-400x267.jpg",400,267,true],"mailpoet_newsletter_max":["https:\/\/www.uartes.edu.ec\/sitio\/wp-content\/uploads\/2024\/01\/04-EP-YA-ES-MUY-TARDE.jpg",1320,880,false]},"uagb_author_info":{"display_name":"ccortez","author_link":"https:\/\/www.uartes.edu.ec\/sitio\/en\/blog\/author\/ccortez\/"},"uagb_comment_info":0,"uagb_excerpt":"La carrera de Producci\u00f3n Musical y Sonora de la UArtes celebr\u00f3 ayer una sesi\u00f3n de escucha virtual que destac\u00f3 el alto nivel de los productos art\u00edsticos desarrollados por sus estudiantes como trabajos de titulaci\u00f3n. Abarcaron una amplia gama de g\u00e9neros y enfoques creativos, demostrando diversidad y excelencia. Cada obra dio testimonio del esfuerzo dedicado a&hellip;","featured_image_src":"https:\/\/www.uartes.edu.ec\/sitio\/wp-content\/uploads\/2024\/01\/04-EP-YA-ES-MUY-TARDE-600x400.jpg","featured_image_src_square":"https:\/\/www.uartes.edu.ec\/sitio\/wp-content\/uploads\/2024\/01\/04-EP-YA-ES-MUY-TARDE-600x600.jpg","author_info":{"display_name":"ccortez","author_link":"https:\/\/www.uartes.edu.ec\/sitio\/en\/blog\/author\/ccortez\/"},"publishpress_future_workflow_manual_trigger":{"enabledWorkflows":[]},"distributor_meta":false,"distributor_terms":false,"distributor_media":false,"distributor_original_site_name":"Universidad de las Artes","distributor_original_site_url":"https:\/\/www.uartes.edu.ec\/sitio\/en","push-errors":false,"_links":{"self":[{"href":"https:\/\/www.uartes.edu.ec\/sitio\/en\/wp-json\/wp\/v2\/posts\/49919","targetHints":{"allow":["GET"]}}],"collection":[{"href":"https:\/\/www.uartes.edu.ec\/sitio\/en\/wp-json\/wp\/v2\/posts"}],"about":[{"href":"https:\/\/www.uartes.edu.ec\/sitio\/en\/wp-json\/wp\/v2\/types\/post"}],"author":[{"embeddable":true,"href":"https:\/\/www.uartes.edu.ec\/sitio\/en\/wp-json\/wp\/v2\/users\/10"}],"replies":[{"embeddable":true,"href":"https:\/\/www.uartes.edu.ec\/sitio\/en\/wp-json\/wp\/v2\/comments?post=49919"}],"version-history":[{"count":17,"href":"https:\/\/www.uartes.edu.ec\/sitio\/en\/wp-json\/wp\/v2\/posts\/49919\/revisions"}],"predecessor-version":[{"id":50018,"href":"https:\/\/www.uartes.edu.ec\/sitio\/en\/wp-json\/wp\/v2\/posts\/49919\/revisions\/50018"}],"wp:featuredmedia":[{"embeddable":true,"href":"https:\/\/www.uartes.edu.ec\/sitio\/en\/wp-json\/wp\/v2\/media\/49920"}],"wp:attachment":[{"href":"https:\/\/www.uartes.edu.ec\/sitio\/en\/wp-json\/wp\/v2\/media?parent=49919"}],"wp:term":[{"taxonomy":"category","embeddable":true,"href":"https:\/\/www.uartes.edu.ec\/sitio\/en\/wp-json\/wp\/v2\/categories?post=49919"},{"taxonomy":"post_tag","embeddable":true,"href":"https:\/\/www.uartes.edu.ec\/sitio\/en\/wp-json\/wp\/v2\/tags?post=49919"},{"taxonomy":"infouartes","embeddable":true,"href":"https:\/\/www.uartes.edu.ec\/sitio\/en\/wp-json\/wp\/v2\/infouartes?post=49919"}],"curies":[{"name":"wp","href":"https:\/\/api.w.org\/{rel}","templated":true}]}}