{"id":49954,"date":"2024-01-16T19:18:47","date_gmt":"2024-01-17T00:18:47","guid":{"rendered":"https:\/\/www.uartes.edu.ec\/sitio\/?p=49954"},"modified":"2024-07-04T11:19:30","modified_gmt":"2024-07-04T16:19:30","slug":"salon-de-la-mujer-de-la-ccng-lanza-convocatoria-para-su-edicion-25-docente-maria-fernanda-lopez-es-su-directora","status":"publish","type":"post","link":"https:\/\/www.uartes.edu.ec\/sitio\/en\/blog\/2024\/01\/16\/salon-de-la-mujer-de-la-ccng-lanza-convocatoria-para-su-edicion-25-docente-maria-fernanda-lopez-es-su-directora\/","title":{"rendered":"Sal\u00f3n de la Mujer 2024 de la CCNG convoca a su XXV edici\u00f3n; docente Mar\u00eda Fernanda L\u00f3pez es su directora"},"content":{"rendered":"<p>\u201cResisto, camino y creo\u201d, formas gr\u00e1ficas, pl\u00e1sticas y nuevas visualidades frente a la violencia en Ecuador. Es el eje tem\u00e1tico de la edici\u00f3n n\u00famero 25 del Sal\u00f3n de la Mujer de la Casa de la Cultura N\u00facleo del Guayas (CCNG), que dirige la doctora Martha Rizzo. En este a\u00f1o, la realizaci\u00f3n de la cita est\u00e1 a cargo de Mar\u00eda Fernanda L\u00f3pez, Ph.D., gestora cultural, investigadora y docente de la Universidad de las Artes.<\/p>\n\n\n\n<p>A trav\u00e9s de la Gesti\u00f3n de Museos, la CCNG lanz\u00f3 la convocatoria para participar en la vig\u00e9simo quinta edici\u00f3n del Sal\u00f3n de la Mujer, en el cual, anota su directora, era imposible no reflexionar sobre los duros momentos que vive el pa\u00eds. De all\u00ed que en su l\u00ednea curatorial se proponga formas gr\u00e1ficas, pl\u00e1sticas y nuevas visualidades frente a la violencia en Ecuador.<\/p>\n\n\n<div class=\"wp-block-image\">\n<figure class=\"aligncenter size-large\"><img fetchpriority=\"high\" decoding=\"async\" width=\"644\" height=\"429\" src=\"https:\/\/www.uartes.edu.ec\/sitio\/wp-content\/uploads\/2024\/01\/03-25-SALON-DE-LA-MUJER-644x429.jpg\" alt=\"\" class=\"wp-image-49956\" srcset=\"https:\/\/www.uartes.edu.ec\/sitio\/wp-content\/uploads\/2024\/01\/03-25-SALON-DE-LA-MUJER-644x429.jpg 644w, https:\/\/www.uartes.edu.ec\/sitio\/wp-content\/uploads\/2024\/01\/03-25-SALON-DE-LA-MUJER-768x511.jpg 768w, https:\/\/www.uartes.edu.ec\/sitio\/wp-content\/uploads\/2024\/01\/03-25-SALON-DE-LA-MUJER.jpg 2000w, https:\/\/www.uartes.edu.ec\/sitio\/wp-content\/uploads\/2024\/01\/03-25-SALON-DE-LA-MUJER-600x399.jpg 600w, https:\/\/www.uartes.edu.ec\/sitio\/wp-content\/uploads\/2024\/01\/03-25-SALON-DE-LA-MUJER-272x182.jpg 272w\" sizes=\"(max-width: 644px) 100vw, 644px\" \/><\/figure>\n<\/div>\n\n\n<p>Resisto, camino y creo, pretende ser un espacio para la memoria y el testimonio de aquellas mujeres que desde su trazo han construido una praxis sostenida. Precisamos en estos tiempos un aporte contundente desde nuestra mirada como mujeres, estudiantes, obreras, madres, trabajadoras sexuales, trabajadoras del hogar, profesionistas, emprendedoras y toda forma de presencia en nuestra sociedad. Lejos de entender un 8M desde la celebraci\u00f3n o el festejo, conmemoramos un proceso pol\u00edtico de lucha por nuestros derechos d\u00eda con d\u00eda conminados. Urge repensar la presencia misma de los salones como din\u00e1micas vivas que apunten a la generaci\u00f3n de reflexi\u00f3n cr\u00edtica, urge un trabajo intergeneracional e interseccional, se indica desde la direcci\u00f3n del Sal\u00f3n de la Mujer 2024.<\/p>\n\n\n\n<p>La doctora L\u00f3pez dio a conocer tambi\u00e9n, y como primicia, que a partir de la presente edici\u00f3n el Sal\u00f3n de la Mujer entra en alianza estrat\u00e9gica con la plataforma Arte, Mujeres y Espacio P\u00fablico, que cuenta ya con cuatro ediciones y que en este 2024 cumple un lustro de labores. Esta alianza marca un hito hist\u00f3rico en cuanto a la generaci\u00f3n de una experiencia extramuros y un di\u00e1logo con el afuera. Un flujo de contenidos que pretende desterrar la brecha epist\u00e9mica y est\u00e9tica entre el arte de caballete y las manifestaciones de calle. El arte es uno solo y en estos complejos d\u00edas por los que atraviesa nuestro pa\u00eds necesitamos propiciar esfuerzos mancomunados.<\/p>\n\n\n\n<p>En la edici\u00f3n 25 del Sal\u00f3n de la Mujer est\u00e1n convocadas a participar creadoras ecuatorianas, mayores de edad, residentes o no en Ecuador, y extranjeras con permanencia continuada de m\u00e1s de dos a\u00f1os en el pa\u00eds.<\/p>\n\n\n\n<p>En este link se encuentran las bases para participar en el Sal\u00f3n de la Mujer 2024: <a href=\"https:\/\/drive.google.com\/file\/d\/1RBZlvopmIhVAXTQKBJaWLBz_x5N1SiNF\/view\">https:\/\/drive.google.com\/file\/d\/1RBZlvopmIhVAXTQKBJaWLBz_x5N1SiNF\/view<\/a><\/p>","protected":false},"excerpt":{"rendered":"<p>\u201cResisto, camino y creo\u201d, formas gr\u00e1ficas, pl\u00e1sticas y nuevas visualidades frente a la violencia en Ecuador. Es el eje tem\u00e1tico de la edici\u00f3n n\u00famero 25 del Sal\u00f3n de la Mujer de la Casa de la Cultura N\u00facleo del Guayas (CCNG), que dirige la doctora Martha Rizzo. En este a\u00f1o, la realizaci\u00f3n de la cita est\u00e1 a cargo de Mar\u00eda Fernanda L\u00f3pez, Ph.D., gestora cultural, investigadora y docente de la Universidad de las Artes.<\/p>","protected":false},"author":10,"featured_media":49955,"comment_status":"open","ping_status":"open","sticky":false,"template":"","format":"standard","meta":{"_acf_changed":false,"_uag_custom_page_level_css":"","_monsterinsights_skip_tracking":false,"_monsterinsights_sitenote_active":false,"_monsterinsights_sitenote_note":"","_monsterinsights_sitenote_category":0,"cybocfi_hide_featured_image":"","footnotes":""},"categories":[82,75,77,284,174],"tags":[1093],"infouartes":[],"class_list":["post-49954","post","type-post","status-publish","format-standard","has-post-thumbnail","hentry","category-artes","category-docentes","category-gestion","category-investigacion","category-transversal","tag-direccion"],"acf":[],"yoast_head":"<!-- This site is optimized with the Yoast SEO plugin v27.4 - https:\/\/yoast.com\/product\/yoast-seo-wordpress\/ -->\n<title>Universidad de las Artes - Sal\u00f3n de la Mujer 2024 de la CCNG convoca a su XXV edici\u00f3n; docente Mar\u00eda Fernanda L\u00f3pez es su directora<\/title>\n<meta name=\"description\" content=\"Universidad de las Artes - Sal\u00f3n de la Mujer 2024 de la CCNG convoca a su XXV edici\u00f3n; docente Mar\u00eda Fernanda L\u00f3pez es su directora\" \/>\n<meta name=\"robots\" content=\"index, follow, max-snippet:-1, max-image-preview:large, max-video-preview:-1\" \/>\n<link rel=\"canonical\" href=\"https:\/\/www.uartes.edu.ec\/sitio\/en\/blog\/2024\/01\/16\/salon-de-la-mujer-de-la-ccng-lanza-convocatoria-para-su-edicion-25-docente-maria-fernanda-lopez-es-su-directora\/\" \/>\n<meta property=\"og:locale\" content=\"en_US\" \/>\n<meta property=\"og:type\" content=\"article\" \/>\n<meta property=\"og:title\" content=\"Universidad de las Artes - Sal\u00f3n de la Mujer 2024 de la CCNG convoca a su XXV edici\u00f3n; docente Mar\u00eda Fernanda L\u00f3pez es su directora\" \/>\n<meta property=\"og:description\" content=\"Universidad de las Artes - Sal\u00f3n de la Mujer 2024 de la CCNG convoca a su XXV edici\u00f3n; docente Mar\u00eda Fernanda L\u00f3pez es su directora\" \/>\n<meta property=\"og:url\" content=\"https:\/\/www.uartes.edu.ec\/sitio\/en\/blog\/2024\/01\/16\/salon-de-la-mujer-de-la-ccng-lanza-convocatoria-para-su-edicion-25-docente-maria-fernanda-lopez-es-su-directora\/\" \/>\n<meta property=\"og:site_name\" content=\"Universidad de las Artes\" \/>\n<meta property=\"article:publisher\" content=\"https:\/\/www.facebook.com\/uartesec\" \/>\n<meta property=\"article:published_time\" content=\"2024-01-17T00:18:47+00:00\" \/>\n<meta property=\"article:modified_time\" content=\"2024-07-04T16:19:30+00:00\" \/>\n<meta property=\"og:image\" content=\"https:\/\/www.uartes.edu.ec\/sitio\/wp-content\/uploads\/2024\/01\/01-MARIA-FERNANDA-LOPEZ.jpg\" \/>\n\t<meta property=\"og:image:width\" content=\"2000\" \/>\n\t<meta property=\"og:image:height\" content=\"1333\" \/>\n\t<meta property=\"og:image:type\" content=\"image\/jpeg\" \/>\n<meta name=\"author\" content=\"ccortez\" \/>\n<meta name=\"twitter:card\" content=\"summary_large_image\" \/>\n<meta name=\"twitter:creator\" content=\"@uartesec\" \/>\n<meta name=\"twitter:site\" content=\"@uartesec\" \/>\n<meta name=\"twitter:label1\" content=\"Written by\" \/>\n\t<meta name=\"twitter:data1\" content=\"ccortez\" \/>\n\t<meta name=\"twitter:label2\" content=\"Est. reading time\" \/>\n\t<meta name=\"twitter:data2\" content=\"3 minutes\" \/>\n<script type=\"application\/ld+json\" class=\"yoast-schema-graph\">{\"@context\":\"https:\\\/\\\/schema.org\",\"@graph\":[{\"@type\":\"Article\",\"@id\":\"https:\\\/\\\/www.uartes.edu.ec\\\/sitio\\\/en\\\/blog\\\/2024\\\/01\\\/16\\\/salon-de-la-mujer-de-la-ccng-lanza-convocatoria-para-su-edicion-25-docente-maria-fernanda-lopez-es-su-directora\\\/#article\",\"isPartOf\":{\"@id\":\"https:\\\/\\\/www.uartes.edu.ec\\\/sitio\\\/en\\\/blog\\\/2024\\\/01\\\/16\\\/salon-de-la-mujer-de-la-ccng-lanza-convocatoria-para-su-edicion-25-docente-maria-fernanda-lopez-es-su-directora\\\/\"},\"author\":{\"name\":\"ccortez\",\"@id\":\"https:\\\/\\\/www.uartes.edu.ec\\\/sitio\\\/en\\\/#\\\/schema\\\/person\\\/efa1b8275797664fd7f13a79ccc0b1f4\"},\"headline\":\"Sal\u00f3n de la Mujer 2024 de la CCNG convoca a su XXV edici\u00f3n; docente Mar\u00eda Fernanda L\u00f3pez es su directora\",\"datePublished\":\"2024-01-17T00:18:47+00:00\",\"dateModified\":\"2024-07-04T16:19:30+00:00\",\"mainEntityOfPage\":{\"@id\":\"https:\\\/\\\/www.uartes.edu.ec\\\/sitio\\\/en\\\/blog\\\/2024\\\/01\\\/16\\\/salon-de-la-mujer-de-la-ccng-lanza-convocatoria-para-su-edicion-25-docente-maria-fernanda-lopez-es-su-directora\\\/\"},\"wordCount\":497,\"commentCount\":0,\"publisher\":{\"@id\":\"https:\\\/\\\/www.uartes.edu.ec\\\/sitio\\\/en\\\/#organization\"},\"image\":{\"@id\":\"https:\\\/\\\/www.uartes.edu.ec\\\/sitio\\\/en\\\/blog\\\/2024\\\/01\\\/16\\\/salon-de-la-mujer-de-la-ccng-lanza-convocatoria-para-su-edicion-25-docente-maria-fernanda-lopez-es-su-directora\\\/#primaryimage\"},\"thumbnailUrl\":\"https:\\\/\\\/www.uartes.edu.ec\\\/sitio\\\/wp-content\\\/uploads\\\/2024\\\/01\\\/01-MARIA-FERNANDA-LOPEZ.jpg\",\"keywords\":[\"direcci\u00f3n\"],\"articleSection\":[\"Artes\",\"Docentes\",\"Gesti\u00f3n\",\"Investigaci\u00f3n\",\"Transversal\"],\"inLanguage\":\"en-US\",\"potentialAction\":[{\"@type\":\"CommentAction\",\"name\":\"Comment\",\"target\":[\"https:\\\/\\\/www.uartes.edu.ec\\\/sitio\\\/en\\\/blog\\\/2024\\\/01\\\/16\\\/salon-de-la-mujer-de-la-ccng-lanza-convocatoria-para-su-edicion-25-docente-maria-fernanda-lopez-es-su-directora\\\/#respond\"]}]},{\"@type\":[\"WebPage\",\"ItemPage\"],\"@id\":\"https:\\\/\\\/www.uartes.edu.ec\\\/sitio\\\/en\\\/blog\\\/2024\\\/01\\\/16\\\/salon-de-la-mujer-de-la-ccng-lanza-convocatoria-para-su-edicion-25-docente-maria-fernanda-lopez-es-su-directora\\\/\",\"url\":\"https:\\\/\\\/www.uartes.edu.ec\\\/sitio\\\/en\\\/blog\\\/2024\\\/01\\\/16\\\/salon-de-la-mujer-de-la-ccng-lanza-convocatoria-para-su-edicion-25-docente-maria-fernanda-lopez-es-su-directora\\\/\",\"name\":\"Universidad de las Artes - Sal\u00f3n de la Mujer 2024 de la CCNG convoca a su XXV edici\u00f3n; docente Mar\u00eda Fernanda L\u00f3pez es su directora\",\"isPartOf\":{\"@id\":\"https:\\\/\\\/www.uartes.edu.ec\\\/sitio\\\/en\\\/#website\"},\"primaryImageOfPage\":{\"@id\":\"https:\\\/\\\/www.uartes.edu.ec\\\/sitio\\\/en\\\/blog\\\/2024\\\/01\\\/16\\\/salon-de-la-mujer-de-la-ccng-lanza-convocatoria-para-su-edicion-25-docente-maria-fernanda-lopez-es-su-directora\\\/#primaryimage\"},\"image\":{\"@id\":\"https:\\\/\\\/www.uartes.edu.ec\\\/sitio\\\/en\\\/blog\\\/2024\\\/01\\\/16\\\/salon-de-la-mujer-de-la-ccng-lanza-convocatoria-para-su-edicion-25-docente-maria-fernanda-lopez-es-su-directora\\\/#primaryimage\"},\"thumbnailUrl\":\"https:\\\/\\\/www.uartes.edu.ec\\\/sitio\\\/wp-content\\\/uploads\\\/2024\\\/01\\\/01-MARIA-FERNANDA-LOPEZ.jpg\",\"datePublished\":\"2024-01-17T00:18:47+00:00\",\"dateModified\":\"2024-07-04T16:19:30+00:00\",\"description\":\"Universidad de las Artes - Sal\u00f3n de la Mujer 2024 de la CCNG convoca a su XXV edici\u00f3n; docente Mar\u00eda Fernanda L\u00f3pez es su directora\",\"breadcrumb\":{\"@id\":\"https:\\\/\\\/www.uartes.edu.ec\\\/sitio\\\/en\\\/blog\\\/2024\\\/01\\\/16\\\/salon-de-la-mujer-de-la-ccng-lanza-convocatoria-para-su-edicion-25-docente-maria-fernanda-lopez-es-su-directora\\\/#breadcrumb\"},\"inLanguage\":\"en-US\",\"potentialAction\":[{\"@type\":\"ReadAction\",\"target\":[\"https:\\\/\\\/www.uartes.edu.ec\\\/sitio\\\/en\\\/blog\\\/2024\\\/01\\\/16\\\/salon-de-la-mujer-de-la-ccng-lanza-convocatoria-para-su-edicion-25-docente-maria-fernanda-lopez-es-su-directora\\\/\"]}]},{\"@type\":\"ImageObject\",\"inLanguage\":\"en-US\",\"@id\":\"https:\\\/\\\/www.uartes.edu.ec\\\/sitio\\\/en\\\/blog\\\/2024\\\/01\\\/16\\\/salon-de-la-mujer-de-la-ccng-lanza-convocatoria-para-su-edicion-25-docente-maria-fernanda-lopez-es-su-directora\\\/#primaryimage\",\"url\":\"https:\\\/\\\/www.uartes.edu.ec\\\/sitio\\\/wp-content\\\/uploads\\\/2024\\\/01\\\/01-MARIA-FERNANDA-LOPEZ.jpg\",\"contentUrl\":\"https:\\\/\\\/www.uartes.edu.ec\\\/sitio\\\/wp-content\\\/uploads\\\/2024\\\/01\\\/01-MARIA-FERNANDA-LOPEZ.jpg\",\"width\":2000,\"height\":1333},{\"@type\":\"BreadcrumbList\",\"@id\":\"https:\\\/\\\/www.uartes.edu.ec\\\/sitio\\\/en\\\/blog\\\/2024\\\/01\\\/16\\\/salon-de-la-mujer-de-la-ccng-lanza-convocatoria-para-su-edicion-25-docente-maria-fernanda-lopez-es-su-directora\\\/#breadcrumb\",\"itemListElement\":[{\"@type\":\"ListItem\",\"position\":1,\"name\":\"Inicio\",\"item\":\"https:\\\/\\\/www.uartes.edu.ec\\\/sitio\\\/\"},{\"@type\":\"ListItem\",\"position\":2,\"name\":\"Sal\u00f3n de la Mujer 2024 de la CCNG convoca a su XXV edici\u00f3n; docente Mar\u00eda Fernanda L\u00f3pez es su directora\"}]},{\"@type\":\"WebSite\",\"@id\":\"https:\\\/\\\/www.uartes.edu.ec\\\/sitio\\\/en\\\/#website\",\"url\":\"https:\\\/\\\/www.uartes.edu.ec\\\/sitio\\\/en\\\/\",\"name\":\"Universidad de las Artes\",\"description\":\"Sitio oficial de la Universidad Nacional de las Artes del Ecuador\",\"publisher\":{\"@id\":\"https:\\\/\\\/www.uartes.edu.ec\\\/sitio\\\/en\\\/#organization\"},\"potentialAction\":[{\"@type\":\"SearchAction\",\"target\":{\"@type\":\"EntryPoint\",\"urlTemplate\":\"https:\\\/\\\/www.uartes.edu.ec\\\/sitio\\\/en\\\/?s={search_term_string}\"},\"query-input\":{\"@type\":\"PropertyValueSpecification\",\"valueRequired\":true,\"valueName\":\"search_term_string\"}}],\"inLanguage\":\"en-US\"},{\"@type\":\"Organization\",\"@id\":\"https:\\\/\\\/www.uartes.edu.ec\\\/sitio\\\/en\\\/#organization\",\"name\":\"Universidad de las Artes\",\"url\":\"https:\\\/\\\/www.uartes.edu.ec\\\/sitio\\\/en\\\/\",\"logo\":{\"@type\":\"ImageObject\",\"inLanguage\":\"en-US\",\"@id\":\"https:\\\/\\\/www.uartes.edu.ec\\\/sitio\\\/en\\\/#\\\/schema\\\/logo\\\/image\\\/\",\"url\":\"https:\\\/\\\/www.uartes.edu.ec\\\/sitio\\\/wp-content\\\/uploads\\\/2022\\\/07\\\/logo-ua-horizontal.png\",\"contentUrl\":\"https:\\\/\\\/www.uartes.edu.ec\\\/sitio\\\/wp-content\\\/uploads\\\/2022\\\/07\\\/logo-ua-horizontal.png\",\"width\":800,\"height\":276,\"caption\":\"Universidad de las Artes\"},\"image\":{\"@id\":\"https:\\\/\\\/www.uartes.edu.ec\\\/sitio\\\/en\\\/#\\\/schema\\\/logo\\\/image\\\/\"},\"sameAs\":[\"https:\\\/\\\/www.facebook.com\\\/uartesec\",\"https:\\\/\\\/x.com\\\/uartesec\",\"https:\\\/\\\/www.tiktok.com\\\/@uartesec\"]},{\"@type\":\"Person\",\"@id\":\"https:\\\/\\\/www.uartes.edu.ec\\\/sitio\\\/en\\\/#\\\/schema\\\/person\\\/efa1b8275797664fd7f13a79ccc0b1f4\",\"name\":\"ccortez\",\"image\":{\"@type\":\"ImageObject\",\"inLanguage\":\"en-US\",\"@id\":\"https:\\\/\\\/secure.gravatar.com\\\/avatar\\\/b2a6f664a3ae8e074346ef91775736c5ec479e637ecced6842de9dc98b5da9cd?s=96&d=mm&r=g\",\"url\":\"https:\\\/\\\/secure.gravatar.com\\\/avatar\\\/b2a6f664a3ae8e074346ef91775736c5ec479e637ecced6842de9dc98b5da9cd?s=96&d=mm&r=g\",\"contentUrl\":\"https:\\\/\\\/secure.gravatar.com\\\/avatar\\\/b2a6f664a3ae8e074346ef91775736c5ec479e637ecced6842de9dc98b5da9cd?s=96&d=mm&r=g\",\"caption\":\"ccortez\"},\"url\":\"https:\\\/\\\/www.uartes.edu.ec\\\/sitio\\\/en\\\/blog\\\/author\\\/ccortez\\\/\"}]}<\/script>\n<!-- \/ Yoast SEO plugin. -->","yoast_head_json":{"title":"Universidad de las Artes - Sal\u00f3n de la Mujer 2024 de la CCNG convoca a su XXV edici\u00f3n; docente Mar\u00eda Fernanda L\u00f3pez es su directora","description":"Universidad de las Artes - Sal\u00f3n de la Mujer 2024 de la CCNG convoca a su XXV edici\u00f3n; docente Mar\u00eda Fernanda L\u00f3pez es su directora","robots":{"index":"index","follow":"follow","max-snippet":"max-snippet:-1","max-image-preview":"max-image-preview:large","max-video-preview":"max-video-preview:-1"},"canonical":"https:\/\/www.uartes.edu.ec\/sitio\/en\/blog\/2024\/01\/16\/salon-de-la-mujer-de-la-ccng-lanza-convocatoria-para-su-edicion-25-docente-maria-fernanda-lopez-es-su-directora\/","og_locale":"en_US","og_type":"article","og_title":"Universidad de las Artes - Sal\u00f3n de la Mujer 2024 de la CCNG convoca a su XXV edici\u00f3n; docente Mar\u00eda Fernanda L\u00f3pez es su directora","og_description":"Universidad de las Artes - Sal\u00f3n de la Mujer 2024 de la CCNG convoca a su XXV edici\u00f3n; docente Mar\u00eda Fernanda L\u00f3pez es su directora","og_url":"https:\/\/www.uartes.edu.ec\/sitio\/en\/blog\/2024\/01\/16\/salon-de-la-mujer-de-la-ccng-lanza-convocatoria-para-su-edicion-25-docente-maria-fernanda-lopez-es-su-directora\/","og_site_name":"Universidad de las Artes","article_publisher":"https:\/\/www.facebook.com\/uartesec","article_published_time":"2024-01-17T00:18:47+00:00","article_modified_time":"2024-07-04T16:19:30+00:00","og_image":[{"width":2000,"height":1333,"url":"https:\/\/www.uartes.edu.ec\/sitio\/wp-content\/uploads\/2024\/01\/01-MARIA-FERNANDA-LOPEZ.jpg","type":"image\/jpeg"}],"author":"ccortez","twitter_card":"summary_large_image","twitter_creator":"@uartesec","twitter_site":"@uartesec","twitter_misc":{"Written by":"ccortez","Est. reading time":"3 minutes"},"schema":{"@context":"https:\/\/schema.org","@graph":[{"@type":"Article","@id":"https:\/\/www.uartes.edu.ec\/sitio\/en\/blog\/2024\/01\/16\/salon-de-la-mujer-de-la-ccng-lanza-convocatoria-para-su-edicion-25-docente-maria-fernanda-lopez-es-su-directora\/#article","isPartOf":{"@id":"https:\/\/www.uartes.edu.ec\/sitio\/en\/blog\/2024\/01\/16\/salon-de-la-mujer-de-la-ccng-lanza-convocatoria-para-su-edicion-25-docente-maria-fernanda-lopez-es-su-directora\/"},"author":{"name":"ccortez","@id":"https:\/\/www.uartes.edu.ec\/sitio\/en\/#\/schema\/person\/efa1b8275797664fd7f13a79ccc0b1f4"},"headline":"Sal\u00f3n de la Mujer 2024 de la CCNG convoca a su XXV edici\u00f3n; docente Mar\u00eda Fernanda L\u00f3pez es su directora","datePublished":"2024-01-17T00:18:47+00:00","dateModified":"2024-07-04T16:19:30+00:00","mainEntityOfPage":{"@id":"https:\/\/www.uartes.edu.ec\/sitio\/en\/blog\/2024\/01\/16\/salon-de-la-mujer-de-la-ccng-lanza-convocatoria-para-su-edicion-25-docente-maria-fernanda-lopez-es-su-directora\/"},"wordCount":497,"commentCount":0,"publisher":{"@id":"https:\/\/www.uartes.edu.ec\/sitio\/en\/#organization"},"image":{"@id":"https:\/\/www.uartes.edu.ec\/sitio\/en\/blog\/2024\/01\/16\/salon-de-la-mujer-de-la-ccng-lanza-convocatoria-para-su-edicion-25-docente-maria-fernanda-lopez-es-su-directora\/#primaryimage"},"thumbnailUrl":"https:\/\/www.uartes.edu.ec\/sitio\/wp-content\/uploads\/2024\/01\/01-MARIA-FERNANDA-LOPEZ.jpg","keywords":["direcci\u00f3n"],"articleSection":["Artes","Docentes","Gesti\u00f3n","Investigaci\u00f3n","Transversal"],"inLanguage":"en-US","potentialAction":[{"@type":"CommentAction","name":"Comment","target":["https:\/\/www.uartes.edu.ec\/sitio\/en\/blog\/2024\/01\/16\/salon-de-la-mujer-de-la-ccng-lanza-convocatoria-para-su-edicion-25-docente-maria-fernanda-lopez-es-su-directora\/#respond"]}]},{"@type":["WebPage","ItemPage"],"@id":"https:\/\/www.uartes.edu.ec\/sitio\/en\/blog\/2024\/01\/16\/salon-de-la-mujer-de-la-ccng-lanza-convocatoria-para-su-edicion-25-docente-maria-fernanda-lopez-es-su-directora\/","url":"https:\/\/www.uartes.edu.ec\/sitio\/en\/blog\/2024\/01\/16\/salon-de-la-mujer-de-la-ccng-lanza-convocatoria-para-su-edicion-25-docente-maria-fernanda-lopez-es-su-directora\/","name":"Universidad de las Artes - Sal\u00f3n de la Mujer 2024 de la CCNG convoca a su XXV edici\u00f3n; docente Mar\u00eda Fernanda L\u00f3pez es su directora","isPartOf":{"@id":"https:\/\/www.uartes.edu.ec\/sitio\/en\/#website"},"primaryImageOfPage":{"@id":"https:\/\/www.uartes.edu.ec\/sitio\/en\/blog\/2024\/01\/16\/salon-de-la-mujer-de-la-ccng-lanza-convocatoria-para-su-edicion-25-docente-maria-fernanda-lopez-es-su-directora\/#primaryimage"},"image":{"@id":"https:\/\/www.uartes.edu.ec\/sitio\/en\/blog\/2024\/01\/16\/salon-de-la-mujer-de-la-ccng-lanza-convocatoria-para-su-edicion-25-docente-maria-fernanda-lopez-es-su-directora\/#primaryimage"},"thumbnailUrl":"https:\/\/www.uartes.edu.ec\/sitio\/wp-content\/uploads\/2024\/01\/01-MARIA-FERNANDA-LOPEZ.jpg","datePublished":"2024-01-17T00:18:47+00:00","dateModified":"2024-07-04T16:19:30+00:00","description":"Universidad de las Artes - Sal\u00f3n de la Mujer 2024 de la CCNG convoca a su XXV edici\u00f3n; docente Mar\u00eda Fernanda L\u00f3pez es su directora","breadcrumb":{"@id":"https:\/\/www.uartes.edu.ec\/sitio\/en\/blog\/2024\/01\/16\/salon-de-la-mujer-de-la-ccng-lanza-convocatoria-para-su-edicion-25-docente-maria-fernanda-lopez-es-su-directora\/#breadcrumb"},"inLanguage":"en-US","potentialAction":[{"@type":"ReadAction","target":["https:\/\/www.uartes.edu.ec\/sitio\/en\/blog\/2024\/01\/16\/salon-de-la-mujer-de-la-ccng-lanza-convocatoria-para-su-edicion-25-docente-maria-fernanda-lopez-es-su-directora\/"]}]},{"@type":"ImageObject","inLanguage":"en-US","@id":"https:\/\/www.uartes.edu.ec\/sitio\/en\/blog\/2024\/01\/16\/salon-de-la-mujer-de-la-ccng-lanza-convocatoria-para-su-edicion-25-docente-maria-fernanda-lopez-es-su-directora\/#primaryimage","url":"https:\/\/www.uartes.edu.ec\/sitio\/wp-content\/uploads\/2024\/01\/01-MARIA-FERNANDA-LOPEZ.jpg","contentUrl":"https:\/\/www.uartes.edu.ec\/sitio\/wp-content\/uploads\/2024\/01\/01-MARIA-FERNANDA-LOPEZ.jpg","width":2000,"height":1333},{"@type":"BreadcrumbList","@id":"https:\/\/www.uartes.edu.ec\/sitio\/en\/blog\/2024\/01\/16\/salon-de-la-mujer-de-la-ccng-lanza-convocatoria-para-su-edicion-25-docente-maria-fernanda-lopez-es-su-directora\/#breadcrumb","itemListElement":[{"@type":"ListItem","position":1,"name":"Inicio","item":"https:\/\/www.uartes.edu.ec\/sitio\/"},{"@type":"ListItem","position":2,"name":"Sal\u00f3n de la Mujer 2024 de la CCNG convoca a su XXV edici\u00f3n; docente Mar\u00eda Fernanda L\u00f3pez es su directora"}]},{"@type":"WebSite","@id":"https:\/\/www.uartes.edu.ec\/sitio\/en\/#website","url":"https:\/\/www.uartes.edu.ec\/sitio\/en\/","name":"Universidad de las Artes","description":"Sitio oficial de la Universidad Nacional de las Artes del Ecuador","publisher":{"@id":"https:\/\/www.uartes.edu.ec\/sitio\/en\/#organization"},"potentialAction":[{"@type":"SearchAction","target":{"@type":"EntryPoint","urlTemplate":"https:\/\/www.uartes.edu.ec\/sitio\/en\/?s={search_term_string}"},"query-input":{"@type":"PropertyValueSpecification","valueRequired":true,"valueName":"search_term_string"}}],"inLanguage":"en-US"},{"@type":"Organization","@id":"https:\/\/www.uartes.edu.ec\/sitio\/en\/#organization","name":"Universidad de las Artes","url":"https:\/\/www.uartes.edu.ec\/sitio\/en\/","logo":{"@type":"ImageObject","inLanguage":"en-US","@id":"https:\/\/www.uartes.edu.ec\/sitio\/en\/#\/schema\/logo\/image\/","url":"https:\/\/www.uartes.edu.ec\/sitio\/wp-content\/uploads\/2022\/07\/logo-ua-horizontal.png","contentUrl":"https:\/\/www.uartes.edu.ec\/sitio\/wp-content\/uploads\/2022\/07\/logo-ua-horizontal.png","width":800,"height":276,"caption":"Universidad de las Artes"},"image":{"@id":"https:\/\/www.uartes.edu.ec\/sitio\/en\/#\/schema\/logo\/image\/"},"sameAs":["https:\/\/www.facebook.com\/uartesec","https:\/\/x.com\/uartesec","https:\/\/www.tiktok.com\/@uartesec"]},{"@type":"Person","@id":"https:\/\/www.uartes.edu.ec\/sitio\/en\/#\/schema\/person\/efa1b8275797664fd7f13a79ccc0b1f4","name":"ccortez","image":{"@type":"ImageObject","inLanguage":"en-US","@id":"https:\/\/secure.gravatar.com\/avatar\/b2a6f664a3ae8e074346ef91775736c5ec479e637ecced6842de9dc98b5da9cd?s=96&d=mm&r=g","url":"https:\/\/secure.gravatar.com\/avatar\/b2a6f664a3ae8e074346ef91775736c5ec479e637ecced6842de9dc98b5da9cd?s=96&d=mm&r=g","contentUrl":"https:\/\/secure.gravatar.com\/avatar\/b2a6f664a3ae8e074346ef91775736c5ec479e637ecced6842de9dc98b5da9cd?s=96&d=mm&r=g","caption":"ccortez"},"url":"https:\/\/www.uartes.edu.ec\/sitio\/en\/blog\/author\/ccortez\/"}]}},"uagb_featured_image_src":{"full":["https:\/\/www.uartes.edu.ec\/sitio\/wp-content\/uploads\/2024\/01\/01-MARIA-FERNANDA-LOPEZ.jpg",2000,1333,false],"thumbnail":["https:\/\/www.uartes.edu.ec\/sitio\/wp-content\/uploads\/2024\/01\/01-MARIA-FERNANDA-LOPEZ-150x150.jpg",150,150,true],"medium":["https:\/\/www.uartes.edu.ec\/sitio\/wp-content\/uploads\/2024\/01\/01-MARIA-FERNANDA-LOPEZ-300x200.jpg",300,200,true],"medium_large":["https:\/\/www.uartes.edu.ec\/sitio\/wp-content\/uploads\/2024\/01\/01-MARIA-FERNANDA-LOPEZ-768x512.jpg",768,512,true],"large":["https:\/\/www.uartes.edu.ec\/sitio\/wp-content\/uploads\/2024\/01\/01-MARIA-FERNANDA-LOPEZ-644x429.jpg",644,429,true],"1536x1536":["https:\/\/www.uartes.edu.ec\/sitio\/wp-content\/uploads\/2024\/01\/01-MARIA-FERNANDA-LOPEZ-1536x1024.jpg",1536,1024,true],"2048x2048":["https:\/\/www.uartes.edu.ec\/sitio\/wp-content\/uploads\/2024\/01\/01-MARIA-FERNANDA-LOPEZ.jpg",2000,1333,false],"trp-custom-language-flag":["https:\/\/www.uartes.edu.ec\/sitio\/wp-content\/uploads\/2024\/01\/01-MARIA-FERNANDA-LOPEZ.jpg",18,12,false],"htmega_size_585x295":["https:\/\/www.uartes.edu.ec\/sitio\/wp-content\/uploads\/2024\/01\/01-MARIA-FERNANDA-LOPEZ-585x295.jpg",585,295,true],"htmega_size_1170x536":["https:\/\/www.uartes.edu.ec\/sitio\/wp-content\/uploads\/2024\/01\/01-MARIA-FERNANDA-LOPEZ-1170x536.jpg",1170,536,true],"htmega_size_396x360":["https:\/\/www.uartes.edu.ec\/sitio\/wp-content\/uploads\/2024\/01\/01-MARIA-FERNANDA-LOPEZ-396x360.jpg",396,360,true],"gb-block-post-grid-landscape":["https:\/\/www.uartes.edu.ec\/sitio\/wp-content\/uploads\/2024\/01\/01-MARIA-FERNANDA-LOPEZ-600x400.jpg",600,400,true],"gb-block-post-grid-square":["https:\/\/www.uartes.edu.ec\/sitio\/wp-content\/uploads\/2024\/01\/01-MARIA-FERNANDA-LOPEZ-600x600.jpg",600,600,true],"university-hub-thumb":["https:\/\/www.uartes.edu.ec\/sitio\/wp-content\/uploads\/2024\/01\/01-MARIA-FERNANDA-LOPEZ-400x267.jpg",400,267,true]},"uagb_author_info":{"display_name":"ccortez","author_link":"https:\/\/www.uartes.edu.ec\/sitio\/en\/blog\/author\/ccortez\/"},"uagb_comment_info":0,"uagb_excerpt":"\u201cResisto, camino y creo\u201d, formas gr\u00e1ficas, pl\u00e1sticas y nuevas visualidades frente a la violencia en Ecuador. Es el eje tem\u00e1tico de la edici\u00f3n n\u00famero 25 del Sal\u00f3n de la Mujer de la Casa de la Cultura N\u00facleo del Guayas (CCNG), que dirige la doctora Martha Rizzo. En este a\u00f1o, la realizaci\u00f3n de la cita est\u00e1&hellip;","featured_image_src":"https:\/\/www.uartes.edu.ec\/sitio\/wp-content\/uploads\/2024\/01\/01-MARIA-FERNANDA-LOPEZ-600x400.jpg","featured_image_src_square":"https:\/\/www.uartes.edu.ec\/sitio\/wp-content\/uploads\/2024\/01\/01-MARIA-FERNANDA-LOPEZ-600x600.jpg","author_info":{"display_name":"ccortez","author_link":"https:\/\/www.uartes.edu.ec\/sitio\/en\/blog\/author\/ccortez\/"},"publishpress_future_workflow_manual_trigger":{"enabledWorkflows":[]},"distributor_meta":false,"distributor_terms":false,"distributor_media":false,"distributor_original_site_name":"Universidad de las Artes","distributor_original_site_url":"https:\/\/www.uartes.edu.ec\/sitio\/en","push-errors":false,"_links":{"self":[{"href":"https:\/\/www.uartes.edu.ec\/sitio\/en\/wp-json\/wp\/v2\/posts\/49954","targetHints":{"allow":["GET"]}}],"collection":[{"href":"https:\/\/www.uartes.edu.ec\/sitio\/en\/wp-json\/wp\/v2\/posts"}],"about":[{"href":"https:\/\/www.uartes.edu.ec\/sitio\/en\/wp-json\/wp\/v2\/types\/post"}],"author":[{"embeddable":true,"href":"https:\/\/www.uartes.edu.ec\/sitio\/en\/wp-json\/wp\/v2\/users\/10"}],"replies":[{"embeddable":true,"href":"https:\/\/www.uartes.edu.ec\/sitio\/en\/wp-json\/wp\/v2\/comments?post=49954"}],"version-history":[{"count":4,"href":"https:\/\/www.uartes.edu.ec\/sitio\/en\/wp-json\/wp\/v2\/posts\/49954\/revisions"}],"predecessor-version":[{"id":49962,"href":"https:\/\/www.uartes.edu.ec\/sitio\/en\/wp-json\/wp\/v2\/posts\/49954\/revisions\/49962"}],"wp:featuredmedia":[{"embeddable":true,"href":"https:\/\/www.uartes.edu.ec\/sitio\/en\/wp-json\/wp\/v2\/media\/49955"}],"wp:attachment":[{"href":"https:\/\/www.uartes.edu.ec\/sitio\/en\/wp-json\/wp\/v2\/media?parent=49954"}],"wp:term":[{"taxonomy":"category","embeddable":true,"href":"https:\/\/www.uartes.edu.ec\/sitio\/en\/wp-json\/wp\/v2\/categories?post=49954"},{"taxonomy":"post_tag","embeddable":true,"href":"https:\/\/www.uartes.edu.ec\/sitio\/en\/wp-json\/wp\/v2\/tags?post=49954"},{"taxonomy":"infouartes","embeddable":true,"href":"https:\/\/www.uartes.edu.ec\/sitio\/en\/wp-json\/wp\/v2\/infouartes?post=49954"}],"curies":[{"name":"wp","href":"https:\/\/api.w.org\/{rel}","templated":true}]}}