{"id":5016,"date":"2019-11-13T16:29:00","date_gmt":"2019-11-13T21:29:00","guid":{"rendered":"http:\/\/www.uartes.edu.ec\/sitio\/?p=5016"},"modified":"2024-07-04T11:49:01","modified_gmt":"2024-07-04T16:49:01","slug":"camino-rojo-y-los-inconsolables-la-ultima-carta-de-ursula","status":"publish","type":"post","link":"https:\/\/www.uartes.edu.ec\/sitio\/en\/blog\/2019\/11\/13\/camino-rojo-y-los-inconsolables-la-ultima-carta-de-ursula\/","title":{"rendered":"Camino Rojo y \u201cLos Inconsolables\u2013La \u00faltima carta de \u00darsula\u201d"},"content":{"rendered":"<p>\u201cLos Inconsolables\u2013La\n\u00faltima carta de \u00darsula\u201d es la obra con la que el grupo Camino Rojo (de Ibarra)\nlleg\u00f3 al II Encuentro Esc\u00e9nico, Memoria y Actualidad, organizado del viernes 8\nal jueves 14 de noviembre por la Escuela de Artes Esc\u00e9nicas de la Universidad\nde las Artes.<\/p>\n\n\n\n<p>Su\npresentaci\u00f3n se dio en la segunda jornada de la actividad (s\u00e1bado 9 de\nnoviembre), que para esta edici\u00f3n la coordin\u00f3 la carrera de Danza, y el\nescenario fue Mu\u00e9gano Teatro. All\u00ed, bajo la direcci\u00f3n de Rodrigo Herrera Rosas\ne interpretada por Paola Cabrera, Carlos Cortez, Laura Dom\u00ednguez, Antonio\nLandeta y Fernando G\u00f3mez, la pieza que fusiona la danza con el teatro provoc\u00f3\nuna serie de sensaciones y emociones, seg\u00fan comparte Dom\u00e9nica Le\u00f3n, estudiante\nde Artes Visuales de la UArtes.<\/p>\n\n\n\n<p>En un\nentorno de tinieblas personajes con m\u00e1scaras de grandes picos hicieron alusi\u00f3n\na la muerte, otros seres no menos tenebrosos \u2013con y sin disfraces\u2013 tambi\u00e9n\naportaron con ese prop\u00f3sito y con exponer una violencia contra la mujer que\nlacera, que genera impotencia, que produce taquicardia. Son sensaciones que se\nacent\u00faan cuando la denuncia llega, pero no es atendida, receptada s\u00ed, pero no\nasumida. \u201cSent\u00ed rabia, tristeza, tensi\u00f3n, ver lo que est\u00e1 pasando y no poder\nhacer nada\u201d, coment\u00f3 Dom\u00e9nica Le\u00f3n. <\/p>\n\n\n\n<p>Los\nintegrantes de Camino Rojo tambi\u00e9n participaron en el conversatorio que se\ndesarroll\u00f3 el domingo 10 de noviembre en la Galer\u00eda 4ta. Pared de la Biblioteca\nde las Artes. <\/p>\n\n\n\n<p>Camino Rojo\nes el primer grupo independiente de danza teatro en Ibarra. Naci\u00f3 en 2010 como\npropuesta alternativa para el desarrollo local de las artes esc\u00e9nicas locales.\nEl elenco lo integra un ensamble de bailarines y actores; es fundado por\nRodrigo Herrera, Paola Cabrera y Carlos Cortez.<\/p>","protected":false},"excerpt":{"rendered":"<p>\u201cLos Inconsolables\u2013La \u00faltima carta de \u00darsula\u201d es la obra con la que el grupo Camino Rojo (de Ibarra) lleg\u00f3 al II Encuentro Esc\u00e9nico, Memoria y Actualidad, organizado del viernes 8 al jueves 14 de noviembre por la Escuela de Artes Esc\u00e9nicas de la Universidad de las Artes.<\/p>","protected":false},"author":1,"featured_media":5019,"comment_status":"closed","ping_status":"closed","sticky":false,"template":"","format":"standard","meta":{"_acf_changed":false,"_uag_custom_page_level_css":"","_monsterinsights_skip_tracking":false,"_monsterinsights_sitenote_active":false,"_monsterinsights_sitenote_note":"","_monsterinsights_sitenote_category":0,"cybocfi_hide_featured_image":"","footnotes":""},"categories":[82,159,79],"tags":[168],"infouartes":[],"class_list":["post-5016","post","type-post","status-publish","format-standard","has-post-thumbnail","hentry","category-artes","category-artes-escenicas","category-vinculo","tag-encuentro-escenico"],"acf":[],"yoast_head":"<!-- This site is optimized with the Yoast SEO plugin v27.4 - https:\/\/yoast.com\/product\/yoast-seo-wordpress\/ -->\n<title>Universidad de las Artes - Camino Rojo y \u201cLos Inconsolables\u2013La \u00faltima carta de \u00darsula\u201d<\/title>\n<meta name=\"description\" content=\"Universidad de las Artes - Camino Rojo y \u201cLos Inconsolables\u2013La \u00faltima carta de \u00darsula\u201d\" \/>\n<meta name=\"robots\" content=\"index, follow, max-snippet:-1, max-image-preview:large, max-video-preview:-1\" \/>\n<link rel=\"canonical\" href=\"https:\/\/www.uartes.edu.ec\/sitio\/en\/blog\/2019\/11\/13\/camino-rojo-y-los-inconsolables-la-ultima-carta-de-ursula\/\" \/>\n<meta property=\"og:locale\" content=\"en_US\" \/>\n<meta property=\"og:type\" content=\"article\" \/>\n<meta property=\"og:title\" content=\"Universidad de las Artes - Camino Rojo y \u201cLos Inconsolables\u2013La \u00faltima carta de \u00darsula\u201d\" \/>\n<meta property=\"og:description\" content=\"Universidad de las Artes - Camino Rojo y \u201cLos Inconsolables\u2013La \u00faltima carta de \u00darsula\u201d\" \/>\n<meta property=\"og:url\" content=\"https:\/\/www.uartes.edu.ec\/sitio\/en\/blog\/2019\/11\/13\/camino-rojo-y-los-inconsolables-la-ultima-carta-de-ursula\/\" \/>\n<meta property=\"og:site_name\" content=\"Universidad de las Artes\" \/>\n<meta property=\"article:publisher\" content=\"https:\/\/www.facebook.com\/uartesec\" \/>\n<meta property=\"article:published_time\" content=\"2019-11-13T21:29:00+00:00\" \/>\n<meta property=\"article:modified_time\" content=\"2024-07-04T16:49:01+00:00\" \/>\n<meta property=\"og:image\" content=\"https:\/\/www.uartes.edu.ec\/sitio\/wp-content\/uploads\/2019\/11\/Los-Inconsolables.jpg\" \/>\n\t<meta property=\"og:image:width\" content=\"1500\" \/>\n\t<meta property=\"og:image:height\" content=\"1000\" \/>\n\t<meta property=\"og:image:type\" content=\"image\/jpeg\" \/>\n<meta name=\"author\" content=\"Universidad de las Artes\" \/>\n<meta name=\"twitter:card\" content=\"summary_large_image\" \/>\n<meta name=\"twitter:creator\" content=\"@uartesec\" \/>\n<meta name=\"twitter:site\" content=\"@uartesec\" \/>\n<meta name=\"twitter:label1\" content=\"Written by\" \/>\n\t<meta name=\"twitter:data1\" content=\"Universidad de las Artes\" \/>\n\t<meta name=\"twitter:label2\" content=\"Est. reading time\" \/>\n\t<meta name=\"twitter:data2\" content=\"2 minutes\" \/>\n<script type=\"application\/ld+json\" class=\"yoast-schema-graph\">{\"@context\":\"https:\\\/\\\/schema.org\",\"@graph\":[{\"@type\":\"Article\",\"@id\":\"https:\\\/\\\/www.uartes.edu.ec\\\/sitio\\\/en\\\/blog\\\/2019\\\/11\\\/13\\\/camino-rojo-y-los-inconsolables-la-ultima-carta-de-ursula\\\/#article\",\"isPartOf\":{\"@id\":\"https:\\\/\\\/www.uartes.edu.ec\\\/sitio\\\/en\\\/blog\\\/2019\\\/11\\\/13\\\/camino-rojo-y-los-inconsolables-la-ultima-carta-de-ursula\\\/\"},\"author\":{\"name\":\"Universidad de las Artes\",\"@id\":\"https:\\\/\\\/www.uartes.edu.ec\\\/sitio\\\/en\\\/#\\\/schema\\\/person\\\/f33f8c1d2af0d5c80a38c8abf458184a\"},\"headline\":\"Camino Rojo y \u201cLos Inconsolables\u2013La \u00faltima carta de \u00darsula\u201d\",\"datePublished\":\"2019-11-13T21:29:00+00:00\",\"dateModified\":\"2024-07-04T16:49:01+00:00\",\"mainEntityOfPage\":{\"@id\":\"https:\\\/\\\/www.uartes.edu.ec\\\/sitio\\\/en\\\/blog\\\/2019\\\/11\\\/13\\\/camino-rojo-y-los-inconsolables-la-ultima-carta-de-ursula\\\/\"},\"wordCount\":313,\"publisher\":{\"@id\":\"https:\\\/\\\/www.uartes.edu.ec\\\/sitio\\\/en\\\/#organization\"},\"image\":{\"@id\":\"https:\\\/\\\/www.uartes.edu.ec\\\/sitio\\\/en\\\/blog\\\/2019\\\/11\\\/13\\\/camino-rojo-y-los-inconsolables-la-ultima-carta-de-ursula\\\/#primaryimage\"},\"thumbnailUrl\":\"https:\\\/\\\/www.uartes.edu.ec\\\/sitio\\\/wp-content\\\/uploads\\\/2019\\\/11\\\/Los-Inconsolables.jpg\",\"keywords\":[\"encuentro esc\u00e9nico\"],\"articleSection\":[\"Artes\",\"Artes Esc\u00e9nicas\",\"V\u00ednculo\"],\"inLanguage\":\"en-US\"},{\"@type\":[\"WebPage\",\"ItemPage\"],\"@id\":\"https:\\\/\\\/www.uartes.edu.ec\\\/sitio\\\/en\\\/blog\\\/2019\\\/11\\\/13\\\/camino-rojo-y-los-inconsolables-la-ultima-carta-de-ursula\\\/\",\"url\":\"https:\\\/\\\/www.uartes.edu.ec\\\/sitio\\\/en\\\/blog\\\/2019\\\/11\\\/13\\\/camino-rojo-y-los-inconsolables-la-ultima-carta-de-ursula\\\/\",\"name\":\"Universidad de las Artes - Camino Rojo y \u201cLos Inconsolables\u2013La \u00faltima carta de \u00darsula\u201d\",\"isPartOf\":{\"@id\":\"https:\\\/\\\/www.uartes.edu.ec\\\/sitio\\\/en\\\/#website\"},\"primaryImageOfPage\":{\"@id\":\"https:\\\/\\\/www.uartes.edu.ec\\\/sitio\\\/en\\\/blog\\\/2019\\\/11\\\/13\\\/camino-rojo-y-los-inconsolables-la-ultima-carta-de-ursula\\\/#primaryimage\"},\"image\":{\"@id\":\"https:\\\/\\\/www.uartes.edu.ec\\\/sitio\\\/en\\\/blog\\\/2019\\\/11\\\/13\\\/camino-rojo-y-los-inconsolables-la-ultima-carta-de-ursula\\\/#primaryimage\"},\"thumbnailUrl\":\"https:\\\/\\\/www.uartes.edu.ec\\\/sitio\\\/wp-content\\\/uploads\\\/2019\\\/11\\\/Los-Inconsolables.jpg\",\"datePublished\":\"2019-11-13T21:29:00+00:00\",\"dateModified\":\"2024-07-04T16:49:01+00:00\",\"description\":\"Universidad de las Artes - Camino Rojo y \u201cLos Inconsolables\u2013La \u00faltima carta de \u00darsula\u201d\",\"breadcrumb\":{\"@id\":\"https:\\\/\\\/www.uartes.edu.ec\\\/sitio\\\/en\\\/blog\\\/2019\\\/11\\\/13\\\/camino-rojo-y-los-inconsolables-la-ultima-carta-de-ursula\\\/#breadcrumb\"},\"inLanguage\":\"en-US\",\"potentialAction\":[{\"@type\":\"ReadAction\",\"target\":[\"https:\\\/\\\/www.uartes.edu.ec\\\/sitio\\\/en\\\/blog\\\/2019\\\/11\\\/13\\\/camino-rojo-y-los-inconsolables-la-ultima-carta-de-ursula\\\/\"]}]},{\"@type\":\"ImageObject\",\"inLanguage\":\"en-US\",\"@id\":\"https:\\\/\\\/www.uartes.edu.ec\\\/sitio\\\/en\\\/blog\\\/2019\\\/11\\\/13\\\/camino-rojo-y-los-inconsolables-la-ultima-carta-de-ursula\\\/#primaryimage\",\"url\":\"https:\\\/\\\/www.uartes.edu.ec\\\/sitio\\\/wp-content\\\/uploads\\\/2019\\\/11\\\/Los-Inconsolables.jpg\",\"contentUrl\":\"https:\\\/\\\/www.uartes.edu.ec\\\/sitio\\\/wp-content\\\/uploads\\\/2019\\\/11\\\/Los-Inconsolables.jpg\",\"width\":1500,\"height\":1000},{\"@type\":\"BreadcrumbList\",\"@id\":\"https:\\\/\\\/www.uartes.edu.ec\\\/sitio\\\/en\\\/blog\\\/2019\\\/11\\\/13\\\/camino-rojo-y-los-inconsolables-la-ultima-carta-de-ursula\\\/#breadcrumb\",\"itemListElement\":[{\"@type\":\"ListItem\",\"position\":1,\"name\":\"Inicio\",\"item\":\"https:\\\/\\\/www.uartes.edu.ec\\\/sitio\\\/\"},{\"@type\":\"ListItem\",\"position\":2,\"name\":\"Camino Rojo y \u201cLos Inconsolables\u2013La \u00faltima carta de \u00darsula\u201d\"}]},{\"@type\":\"WebSite\",\"@id\":\"https:\\\/\\\/www.uartes.edu.ec\\\/sitio\\\/en\\\/#website\",\"url\":\"https:\\\/\\\/www.uartes.edu.ec\\\/sitio\\\/en\\\/\",\"name\":\"Universidad de las Artes\",\"description\":\"Sitio oficial de la Universidad Nacional de las Artes del Ecuador\",\"publisher\":{\"@id\":\"https:\\\/\\\/www.uartes.edu.ec\\\/sitio\\\/en\\\/#organization\"},\"potentialAction\":[{\"@type\":\"SearchAction\",\"target\":{\"@type\":\"EntryPoint\",\"urlTemplate\":\"https:\\\/\\\/www.uartes.edu.ec\\\/sitio\\\/en\\\/?s={search_term_string}\"},\"query-input\":{\"@type\":\"PropertyValueSpecification\",\"valueRequired\":true,\"valueName\":\"search_term_string\"}}],\"inLanguage\":\"en-US\"},{\"@type\":\"Organization\",\"@id\":\"https:\\\/\\\/www.uartes.edu.ec\\\/sitio\\\/en\\\/#organization\",\"name\":\"Universidad de las Artes\",\"url\":\"https:\\\/\\\/www.uartes.edu.ec\\\/sitio\\\/en\\\/\",\"logo\":{\"@type\":\"ImageObject\",\"inLanguage\":\"en-US\",\"@id\":\"https:\\\/\\\/www.uartes.edu.ec\\\/sitio\\\/en\\\/#\\\/schema\\\/logo\\\/image\\\/\",\"url\":\"https:\\\/\\\/www.uartes.edu.ec\\\/sitio\\\/wp-content\\\/uploads\\\/2022\\\/07\\\/logo-ua-horizontal.png\",\"contentUrl\":\"https:\\\/\\\/www.uartes.edu.ec\\\/sitio\\\/wp-content\\\/uploads\\\/2022\\\/07\\\/logo-ua-horizontal.png\",\"width\":800,\"height\":276,\"caption\":\"Universidad de las Artes\"},\"image\":{\"@id\":\"https:\\\/\\\/www.uartes.edu.ec\\\/sitio\\\/en\\\/#\\\/schema\\\/logo\\\/image\\\/\"},\"sameAs\":[\"https:\\\/\\\/www.facebook.com\\\/uartesec\",\"https:\\\/\\\/x.com\\\/uartesec\",\"https:\\\/\\\/www.tiktok.com\\\/@uartesec\"]},{\"@type\":\"Person\",\"@id\":\"https:\\\/\\\/www.uartes.edu.ec\\\/sitio\\\/en\\\/#\\\/schema\\\/person\\\/f33f8c1d2af0d5c80a38c8abf458184a\",\"name\":\"Universidad de las Artes\",\"image\":{\"@type\":\"ImageObject\",\"inLanguage\":\"en-US\",\"@id\":\"https:\\\/\\\/secure.gravatar.com\\\/avatar\\\/52e4757902f5cfa5ac52d020e5be83cae5487519154b6c35482fe08d589f3c13?s=96&d=mm&r=g\",\"url\":\"https:\\\/\\\/secure.gravatar.com\\\/avatar\\\/52e4757902f5cfa5ac52d020e5be83cae5487519154b6c35482fe08d589f3c13?s=96&d=mm&r=g\",\"contentUrl\":\"https:\\\/\\\/secure.gravatar.com\\\/avatar\\\/52e4757902f5cfa5ac52d020e5be83cae5487519154b6c35482fe08d589f3c13?s=96&d=mm&r=g\",\"caption\":\"Universidad de las Artes\"},\"url\":\"https:\\\/\\\/www.uartes.edu.ec\\\/sitio\\\/en\\\/blog\\\/author\\\/dircomadm\\\/\"}]}<\/script>\n<!-- \/ Yoast SEO plugin. -->","yoast_head_json":{"title":"Universidad de las Artes - Camino Rojo y \u201cLos Inconsolables\u2013La \u00faltima carta de \u00darsula\u201d","description":"Universidad de las Artes - Camino Rojo y \u201cLos Inconsolables\u2013La \u00faltima carta de \u00darsula\u201d","robots":{"index":"index","follow":"follow","max-snippet":"max-snippet:-1","max-image-preview":"max-image-preview:large","max-video-preview":"max-video-preview:-1"},"canonical":"https:\/\/www.uartes.edu.ec\/sitio\/en\/blog\/2019\/11\/13\/camino-rojo-y-los-inconsolables-la-ultima-carta-de-ursula\/","og_locale":"en_US","og_type":"article","og_title":"Universidad de las Artes - Camino Rojo y \u201cLos Inconsolables\u2013La \u00faltima carta de \u00darsula\u201d","og_description":"Universidad de las Artes - Camino Rojo y \u201cLos Inconsolables\u2013La \u00faltima carta de \u00darsula\u201d","og_url":"https:\/\/www.uartes.edu.ec\/sitio\/en\/blog\/2019\/11\/13\/camino-rojo-y-los-inconsolables-la-ultima-carta-de-ursula\/","og_site_name":"Universidad de las Artes","article_publisher":"https:\/\/www.facebook.com\/uartesec","article_published_time":"2019-11-13T21:29:00+00:00","article_modified_time":"2024-07-04T16:49:01+00:00","og_image":[{"width":1500,"height":1000,"url":"https:\/\/www.uartes.edu.ec\/sitio\/wp-content\/uploads\/2019\/11\/Los-Inconsolables.jpg","type":"image\/jpeg"}],"author":"Universidad de las Artes","twitter_card":"summary_large_image","twitter_creator":"@uartesec","twitter_site":"@uartesec","twitter_misc":{"Written by":"Universidad de las Artes","Est. reading time":"2 minutes"},"schema":{"@context":"https:\/\/schema.org","@graph":[{"@type":"Article","@id":"https:\/\/www.uartes.edu.ec\/sitio\/en\/blog\/2019\/11\/13\/camino-rojo-y-los-inconsolables-la-ultima-carta-de-ursula\/#article","isPartOf":{"@id":"https:\/\/www.uartes.edu.ec\/sitio\/en\/blog\/2019\/11\/13\/camino-rojo-y-los-inconsolables-la-ultima-carta-de-ursula\/"},"author":{"name":"Universidad de las Artes","@id":"https:\/\/www.uartes.edu.ec\/sitio\/en\/#\/schema\/person\/f33f8c1d2af0d5c80a38c8abf458184a"},"headline":"Camino Rojo y \u201cLos Inconsolables\u2013La \u00faltima carta de \u00darsula\u201d","datePublished":"2019-11-13T21:29:00+00:00","dateModified":"2024-07-04T16:49:01+00:00","mainEntityOfPage":{"@id":"https:\/\/www.uartes.edu.ec\/sitio\/en\/blog\/2019\/11\/13\/camino-rojo-y-los-inconsolables-la-ultima-carta-de-ursula\/"},"wordCount":313,"publisher":{"@id":"https:\/\/www.uartes.edu.ec\/sitio\/en\/#organization"},"image":{"@id":"https:\/\/www.uartes.edu.ec\/sitio\/en\/blog\/2019\/11\/13\/camino-rojo-y-los-inconsolables-la-ultima-carta-de-ursula\/#primaryimage"},"thumbnailUrl":"https:\/\/www.uartes.edu.ec\/sitio\/wp-content\/uploads\/2019\/11\/Los-Inconsolables.jpg","keywords":["encuentro esc\u00e9nico"],"articleSection":["Artes","Artes Esc\u00e9nicas","V\u00ednculo"],"inLanguage":"en-US"},{"@type":["WebPage","ItemPage"],"@id":"https:\/\/www.uartes.edu.ec\/sitio\/en\/blog\/2019\/11\/13\/camino-rojo-y-los-inconsolables-la-ultima-carta-de-ursula\/","url":"https:\/\/www.uartes.edu.ec\/sitio\/en\/blog\/2019\/11\/13\/camino-rojo-y-los-inconsolables-la-ultima-carta-de-ursula\/","name":"Universidad de las Artes - Camino Rojo y \u201cLos Inconsolables\u2013La \u00faltima carta de \u00darsula\u201d","isPartOf":{"@id":"https:\/\/www.uartes.edu.ec\/sitio\/en\/#website"},"primaryImageOfPage":{"@id":"https:\/\/www.uartes.edu.ec\/sitio\/en\/blog\/2019\/11\/13\/camino-rojo-y-los-inconsolables-la-ultima-carta-de-ursula\/#primaryimage"},"image":{"@id":"https:\/\/www.uartes.edu.ec\/sitio\/en\/blog\/2019\/11\/13\/camino-rojo-y-los-inconsolables-la-ultima-carta-de-ursula\/#primaryimage"},"thumbnailUrl":"https:\/\/www.uartes.edu.ec\/sitio\/wp-content\/uploads\/2019\/11\/Los-Inconsolables.jpg","datePublished":"2019-11-13T21:29:00+00:00","dateModified":"2024-07-04T16:49:01+00:00","description":"Universidad de las Artes - Camino Rojo y \u201cLos Inconsolables\u2013La \u00faltima carta de \u00darsula\u201d","breadcrumb":{"@id":"https:\/\/www.uartes.edu.ec\/sitio\/en\/blog\/2019\/11\/13\/camino-rojo-y-los-inconsolables-la-ultima-carta-de-ursula\/#breadcrumb"},"inLanguage":"en-US","potentialAction":[{"@type":"ReadAction","target":["https:\/\/www.uartes.edu.ec\/sitio\/en\/blog\/2019\/11\/13\/camino-rojo-y-los-inconsolables-la-ultima-carta-de-ursula\/"]}]},{"@type":"ImageObject","inLanguage":"en-US","@id":"https:\/\/www.uartes.edu.ec\/sitio\/en\/blog\/2019\/11\/13\/camino-rojo-y-los-inconsolables-la-ultima-carta-de-ursula\/#primaryimage","url":"https:\/\/www.uartes.edu.ec\/sitio\/wp-content\/uploads\/2019\/11\/Los-Inconsolables.jpg","contentUrl":"https:\/\/www.uartes.edu.ec\/sitio\/wp-content\/uploads\/2019\/11\/Los-Inconsolables.jpg","width":1500,"height":1000},{"@type":"BreadcrumbList","@id":"https:\/\/www.uartes.edu.ec\/sitio\/en\/blog\/2019\/11\/13\/camino-rojo-y-los-inconsolables-la-ultima-carta-de-ursula\/#breadcrumb","itemListElement":[{"@type":"ListItem","position":1,"name":"Inicio","item":"https:\/\/www.uartes.edu.ec\/sitio\/"},{"@type":"ListItem","position":2,"name":"Camino Rojo y \u201cLos Inconsolables\u2013La \u00faltima carta de \u00darsula\u201d"}]},{"@type":"WebSite","@id":"https:\/\/www.uartes.edu.ec\/sitio\/en\/#website","url":"https:\/\/www.uartes.edu.ec\/sitio\/en\/","name":"Universidad de las Artes","description":"Sitio oficial de la Universidad Nacional de las Artes del Ecuador","publisher":{"@id":"https:\/\/www.uartes.edu.ec\/sitio\/en\/#organization"},"potentialAction":[{"@type":"SearchAction","target":{"@type":"EntryPoint","urlTemplate":"https:\/\/www.uartes.edu.ec\/sitio\/en\/?s={search_term_string}"},"query-input":{"@type":"PropertyValueSpecification","valueRequired":true,"valueName":"search_term_string"}}],"inLanguage":"en-US"},{"@type":"Organization","@id":"https:\/\/www.uartes.edu.ec\/sitio\/en\/#organization","name":"Universidad de las Artes","url":"https:\/\/www.uartes.edu.ec\/sitio\/en\/","logo":{"@type":"ImageObject","inLanguage":"en-US","@id":"https:\/\/www.uartes.edu.ec\/sitio\/en\/#\/schema\/logo\/image\/","url":"https:\/\/www.uartes.edu.ec\/sitio\/wp-content\/uploads\/2022\/07\/logo-ua-horizontal.png","contentUrl":"https:\/\/www.uartes.edu.ec\/sitio\/wp-content\/uploads\/2022\/07\/logo-ua-horizontal.png","width":800,"height":276,"caption":"Universidad de las Artes"},"image":{"@id":"https:\/\/www.uartes.edu.ec\/sitio\/en\/#\/schema\/logo\/image\/"},"sameAs":["https:\/\/www.facebook.com\/uartesec","https:\/\/x.com\/uartesec","https:\/\/www.tiktok.com\/@uartesec"]},{"@type":"Person","@id":"https:\/\/www.uartes.edu.ec\/sitio\/en\/#\/schema\/person\/f33f8c1d2af0d5c80a38c8abf458184a","name":"Universidad de las Artes","image":{"@type":"ImageObject","inLanguage":"en-US","@id":"https:\/\/secure.gravatar.com\/avatar\/52e4757902f5cfa5ac52d020e5be83cae5487519154b6c35482fe08d589f3c13?s=96&d=mm&r=g","url":"https:\/\/secure.gravatar.com\/avatar\/52e4757902f5cfa5ac52d020e5be83cae5487519154b6c35482fe08d589f3c13?s=96&d=mm&r=g","contentUrl":"https:\/\/secure.gravatar.com\/avatar\/52e4757902f5cfa5ac52d020e5be83cae5487519154b6c35482fe08d589f3c13?s=96&d=mm&r=g","caption":"Universidad de las Artes"},"url":"https:\/\/www.uartes.edu.ec\/sitio\/en\/blog\/author\/dircomadm\/"}]}},"uagb_featured_image_src":{"full":["https:\/\/www.uartes.edu.ec\/sitio\/wp-content\/uploads\/2019\/11\/Los-Inconsolables.jpg",1500,1000,false],"thumbnail":["https:\/\/www.uartes.edu.ec\/sitio\/wp-content\/uploads\/2019\/11\/Los-Inconsolables-150x150.jpg",150,150,true],"medium":["https:\/\/www.uartes.edu.ec\/sitio\/wp-content\/uploads\/2019\/11\/Los-Inconsolables-300x200.jpg",300,200,true],"medium_large":["https:\/\/www.uartes.edu.ec\/sitio\/wp-content\/uploads\/2019\/11\/Los-Inconsolables-768x512.jpg",768,512,true],"large":["https:\/\/www.uartes.edu.ec\/sitio\/wp-content\/uploads\/2019\/11\/Los-Inconsolables-644x429.jpg",644,429,true],"1536x1536":["https:\/\/www.uartes.edu.ec\/sitio\/wp-content\/uploads\/2019\/11\/Los-Inconsolables.jpg",1500,1000,false],"2048x2048":["https:\/\/www.uartes.edu.ec\/sitio\/wp-content\/uploads\/2019\/11\/Los-Inconsolables.jpg",1500,1000,false],"trp-custom-language-flag":["https:\/\/www.uartes.edu.ec\/sitio\/wp-content\/uploads\/2019\/11\/Los-Inconsolables.jpg",18,12,false],"htmega_size_585x295":["https:\/\/www.uartes.edu.ec\/sitio\/wp-content\/uploads\/2019\/11\/Los-Inconsolables.jpg",443,295,false],"htmega_size_1170x536":["https:\/\/www.uartes.edu.ec\/sitio\/wp-content\/uploads\/2019\/11\/Los-Inconsolables.jpg",804,536,false],"htmega_size_396x360":["https:\/\/www.uartes.edu.ec\/sitio\/wp-content\/uploads\/2019\/11\/Los-Inconsolables.jpg",396,264,false],"gb-block-post-grid-landscape":["https:\/\/www.uartes.edu.ec\/sitio\/wp-content\/uploads\/2019\/11\/Los-Inconsolables.jpg",600,400,false],"gb-block-post-grid-square":["https:\/\/www.uartes.edu.ec\/sitio\/wp-content\/uploads\/2019\/11\/Los-Inconsolables.jpg",600,400,false],"university-hub-thumb":["https:\/\/www.uartes.edu.ec\/sitio\/wp-content\/uploads\/2019\/11\/Los-Inconsolables-400x267.jpg",400,267,true],"mailpoet_newsletter_max":["https:\/\/www.uartes.edu.ec\/sitio\/wp-content\/uploads\/2019\/11\/Los-Inconsolables.jpg",1320,880,false]},"uagb_author_info":{"display_name":"Universidad de las Artes","author_link":"https:\/\/www.uartes.edu.ec\/sitio\/en\/blog\/author\/dircomadm\/"},"uagb_comment_info":0,"uagb_excerpt":"\u201cLos Inconsolables\u2013La \u00faltima carta de \u00darsula\u201d es la obra con la que el grupo Camino Rojo (de Ibarra) lleg\u00f3 al II Encuentro Esc\u00e9nico, Memoria y Actualidad, organizado del viernes 8 al jueves 14 de noviembre por la Escuela de Artes Esc\u00e9nicas de la Universidad de las Artes.","featured_image_src":"https:\/\/www.uartes.edu.ec\/sitio\/wp-content\/uploads\/2019\/11\/Los-Inconsolables.jpg","featured_image_src_square":"https:\/\/www.uartes.edu.ec\/sitio\/wp-content\/uploads\/2019\/11\/Los-Inconsolables.jpg","author_info":{"display_name":"Universidad de las Artes","author_link":"https:\/\/www.uartes.edu.ec\/sitio\/en\/blog\/author\/dircomadm\/"},"publishpress_future_workflow_manual_trigger":{"enabledWorkflows":[]},"distributor_meta":false,"distributor_terms":false,"distributor_media":false,"distributor_original_site_name":"Universidad de las Artes","distributor_original_site_url":"https:\/\/www.uartes.edu.ec\/sitio\/en","push-errors":false,"_links":{"self":[{"href":"https:\/\/www.uartes.edu.ec\/sitio\/en\/wp-json\/wp\/v2\/posts\/5016","targetHints":{"allow":["GET"]}}],"collection":[{"href":"https:\/\/www.uartes.edu.ec\/sitio\/en\/wp-json\/wp\/v2\/posts"}],"about":[{"href":"https:\/\/www.uartes.edu.ec\/sitio\/en\/wp-json\/wp\/v2\/types\/post"}],"author":[{"embeddable":true,"href":"https:\/\/www.uartes.edu.ec\/sitio\/en\/wp-json\/wp\/v2\/users\/1"}],"replies":[{"embeddable":true,"href":"https:\/\/www.uartes.edu.ec\/sitio\/en\/wp-json\/wp\/v2\/comments?post=5016"}],"version-history":[{"count":1,"href":"https:\/\/www.uartes.edu.ec\/sitio\/en\/wp-json\/wp\/v2\/posts\/5016\/revisions"}],"predecessor-version":[{"id":5022,"href":"https:\/\/www.uartes.edu.ec\/sitio\/en\/wp-json\/wp\/v2\/posts\/5016\/revisions\/5022"}],"wp:featuredmedia":[{"embeddable":true,"href":"https:\/\/www.uartes.edu.ec\/sitio\/en\/wp-json\/wp\/v2\/media\/5019"}],"wp:attachment":[{"href":"https:\/\/www.uartes.edu.ec\/sitio\/en\/wp-json\/wp\/v2\/media?parent=5016"}],"wp:term":[{"taxonomy":"category","embeddable":true,"href":"https:\/\/www.uartes.edu.ec\/sitio\/en\/wp-json\/wp\/v2\/categories?post=5016"},{"taxonomy":"post_tag","embeddable":true,"href":"https:\/\/www.uartes.edu.ec\/sitio\/en\/wp-json\/wp\/v2\/tags?post=5016"},{"taxonomy":"infouartes","embeddable":true,"href":"https:\/\/www.uartes.edu.ec\/sitio\/en\/wp-json\/wp\/v2\/infouartes?post=5016"}],"curies":[{"name":"wp","href":"https:\/\/api.w.org\/{rel}","templated":true}]}}