{"id":50776,"date":"2024-02-06T16:17:00","date_gmt":"2024-02-06T21:17:00","guid":{"rendered":"https:\/\/www.uartes.edu.ec\/sitio\/?p=50776"},"modified":"2024-07-04T11:19:23","modified_gmt":"2024-07-04T16:19:23","slug":"el-patrimonio-de-la-cumbia-de-jonathan-morales","status":"publish","type":"post","link":"https:\/\/www.uartes.edu.ec\/sitio\/en\/blog\/2024\/02\/06\/el-patrimonio-de-la-cumbia-de-jonathan-morales\/","title":{"rendered":"Historia y legado en \u201cEl patrimonio de la cumbia\u201d de Jonathan Morales"},"content":{"rendered":"<p>Siendo la cumbia un g\u00e9nero popular cuyas seis letras son sin\u00f3nimo de ritmo, que el estudiante Jonathan Morales, de la Escuela de Artes Sonoras, le diera a su concierto de grado el t\u00edtulo de \u201cEl patrimonio de la cumbia\u201d constituy\u00f3 una invitaci\u00f3n que gener\u00f3 expectativas. &nbsp;&nbsp;<\/p>\n\n\n\n<p>En sus redes sociales, la EAS se\u00f1al\u00f3 que en la propuesta el alumno de la carrera de Artes Musicales y Sonoras abordar\u00eda su historia y evoluci\u00f3n, y que buscar\u00eda recuperar y enaltecer la m\u00fasica in\u00e9dita de F\u00e1bula, una de las primeras agrupaciones en tener un estilo propio, influenciado eso s\u00ed por la cumbia.<\/p>\n\n\n\n<p>La presentaci\u00f3n se dio el 29 de enero pasado en la Plaza P\u00fablica del MZ14 Centro de Producci\u00f3n e Innovaci\u00f3n UArtes. All\u00ed Jonathan Morales, quien fue el int\u00e9rprete principal del concierto, cont\u00f3 con el acompa\u00f1amiento de los m\u00fasicos Alex Bastidas, en el saxo alto; Fausto Nuela, saxo tenor; Jhonny Castillo, saxo bar\u00edtono; Braulio S\u00e1nchez y Sergio Barroso, trompeta; Bryan Poaquiza y Jhon Caguana, tromb\u00f3n; Alex Fern\u00e1ndez y Marcelo Vivanco, percusi\u00f3n menor; Santiago Morales, piano; Lenin Caguana, bater\u00eda; \u00c1ngel Fonseca, congas; Sebasti\u00e1n P\u00e9rez, bajo; y Alejandra \u00c1lvarez, Wilson Ruiz y Valeria Garc\u00eda, coros.<\/p>\n\n\n\n<p>En di\u00e1logo con InfoUArtes, Jonathan Morales se\u00f1al\u00f3 que su proyecto de titulaci\u00f3n se basa en composiciones y arreglos de los temas in\u00e9ditos de F\u00e1bula, que destac\u00f3 en la d\u00e9cada del 2000 y cuyo formato es tambi\u00e9n el de una orquesta tropical. Estos son: \u201cFalsa mujer\u201d, \u201cLa mujer de mi vida\u201d y \u201cFantas\u00eda\u201d.<\/p>\n\n\n<div class=\"wp-block-image\">\n<figure class=\"aligncenter size-large\"><img fetchpriority=\"high\" decoding=\"async\" width=\"644\" height=\"429\" src=\"https:\/\/www.uartes.edu.ec\/sitio\/wp-content\/uploads\/2024\/02\/ciert3-644x429.jpg\" alt=\"\" class=\"wp-image-50778\" srcset=\"https:\/\/www.uartes.edu.ec\/sitio\/wp-content\/uploads\/2024\/02\/ciert3-644x429.jpg 644w, https:\/\/www.uartes.edu.ec\/sitio\/wp-content\/uploads\/2024\/02\/ciert3-768x511.jpg 768w, https:\/\/www.uartes.edu.ec\/sitio\/wp-content\/uploads\/2024\/02\/ciert3.jpg 2000w, https:\/\/www.uartes.edu.ec\/sitio\/wp-content\/uploads\/2024\/02\/ciert3-600x399.jpg 600w, https:\/\/www.uartes.edu.ec\/sitio\/wp-content\/uploads\/2024\/02\/ciert3-272x182.jpg 272w\" sizes=\"(max-width: 644px) 100vw, 644px\" \/><\/figure>\n<\/div>\n\n\n<p>A su influencia art\u00edstica y de su hermano, que los llev\u00f3 a estudiar m\u00fasica y perfeccionarse como instrumentistas e int\u00e9rpretes, la considera un patrimonio que pas\u00f3 de generaci\u00f3n en generaci\u00f3n. Fue su bisabuelo, C\u00e9sar Humberto Morales, quien inici\u00f3 la traves\u00eda al adquirir instrumentos para tener una orquesta propia. Su abuelo, Juan Gustavo Morales, lo contin\u00fao al crear la agrupaci\u00f3n Stereo 2000, que pas\u00f3 luego a sus padres y t\u00edos, quienes conformaron F\u00e1bula.<\/p>\n\n\n\n<p>Este grupo naci\u00f3 a mediados de 1992 y mantuvo hasta 2012. Hizo desde su conformaci\u00f3n temas in\u00e9ditos y covers de la m\u00fasica popular ecuatoriana, siendo la cumbia uno de sus pilares fundamentales. Morales lamenta que la agrupaci\u00f3n no haya contado con los medios para grabar sus composiciones, raz\u00f3n por la cual no existen esos registros ni siquiera escritos.<\/p>\n\n\n\n<p>En el 2000 F\u00e1bula produjo tres canciones in\u00e9ditas, de las cuales el estudiante UArtes hizo los arreglos con formato de orquesta tropical, manteniendo su estilo y est\u00e9tica. Bajo esos par\u00e1metros compuso, asimismo, tres temas. Ha sido un arduo proceso conocer de fondo la historia de la cumbia, desde su g\u00e9nesis en Colombia y su despliegue hacia toda Latinoam\u00e9rica, donde cada pa\u00eds le dio su particularidad, haciendo del g\u00e9nero una mezcla de culturas y ritmos, refiere Morales.<\/p>\n\n\n<div class=\"wp-block-image\">\n<figure class=\"aligncenter size-large\"><img decoding=\"async\" width=\"644\" height=\"429\" src=\"https:\/\/www.uartes.edu.ec\/sitio\/wp-content\/uploads\/2024\/02\/ciert2-644x429.jpg\" alt=\"\" class=\"wp-image-50779\" srcset=\"https:\/\/www.uartes.edu.ec\/sitio\/wp-content\/uploads\/2024\/02\/ciert2-644x429.jpg 644w, https:\/\/www.uartes.edu.ec\/sitio\/wp-content\/uploads\/2024\/02\/ciert2-768x511.jpg 768w, https:\/\/www.uartes.edu.ec\/sitio\/wp-content\/uploads\/2024\/02\/ciert2.jpg 2000w, https:\/\/www.uartes.edu.ec\/sitio\/wp-content\/uploads\/2024\/02\/ciert2-600x399.jpg 600w, https:\/\/www.uartes.edu.ec\/sitio\/wp-content\/uploads\/2024\/02\/ciert2-272x182.jpg 272w\" sizes=\"(max-width: 644px) 100vw, 644px\" \/><\/figure>\n<\/div>\n\n\n<p>F\u00e1bula es de San Pedro de Pelileo, provincia del Tungurahua, ciudad de la cual Jonathan Morales tambi\u00e9n es oriundo. Comenta que inicialmente lo acompa\u00f1ar\u00edan en el concierto de grado m\u00fasicos de Guayaquil, pero por la situaci\u00f3n que vivi\u00f3 y persiste en el pa\u00eds \u2013se refiere a la inseguridad\u2013 pens\u00f3 en realizar la presentaci\u00f3n en Ambato, lo cual tampoco se logr\u00f3. Entonces, recurri\u00f3 a m\u00fasicos amigos de la capital tungurahuense para que vinieran con \u00e9l a Guayaquil para presentar su trabajo de titulaci\u00f3n.<\/p>\n\n\n\n<p>Pr\u00e1cticamente form\u00f3 una agrupaci\u00f3n propia, en cuya orquestaci\u00f3n est\u00e1n tres saxofones: alto, tenor y bar\u00edtono; dos trompetas, dos trombones y un clarinete, en la secci\u00f3n de vientos; guitarra, piano y bajo, en la secci\u00f3n arm\u00f3nica; y bater\u00eda completa, timbales, congas y g\u00fciro, en la secci\u00f3n r\u00edtmica. La componen tambi\u00e9n una voz principal y coros.<\/p>\n\n\n\n<p>De su experiencia en la Universidad de las Artes durante su preparaci\u00f3n acad\u00e9mica, Jonathan Morales destaca llevarse muchos conocimientos tanto en lo te\u00f3rico como en lo pr\u00e1ctico. Particip\u00f3 en numerosos encuentros e integr\u00f3 varios conjuntos y ensambles, como los de m\u00fasica latinoamericana, marimba, salsa y m\u00fasica tropical. Recuerda gratamente haber tomado parte de los inicios del coro de adultos mayores, que dirige la docente Yanella Duarte. Estuvo a cargo del acompa\u00f1amiento y de los arreglos.<\/p>\n\n\n<div class=\"wp-block-image\">\n<figure class=\"aligncenter size-large\"><img decoding=\"async\" width=\"644\" height=\"429\" src=\"https:\/\/www.uartes.edu.ec\/sitio\/wp-content\/uploads\/2024\/02\/ciert4-644x429.jpg\" alt=\"\" class=\"wp-image-50780\" srcset=\"https:\/\/www.uartes.edu.ec\/sitio\/wp-content\/uploads\/2024\/02\/ciert4-644x429.jpg 644w, https:\/\/www.uartes.edu.ec\/sitio\/wp-content\/uploads\/2024\/02\/ciert4-768x511.jpg 768w, https:\/\/www.uartes.edu.ec\/sitio\/wp-content\/uploads\/2024\/02\/ciert4.jpg 2000w, https:\/\/www.uartes.edu.ec\/sitio\/wp-content\/uploads\/2024\/02\/ciert4-600x399.jpg 600w, https:\/\/www.uartes.edu.ec\/sitio\/wp-content\/uploads\/2024\/02\/ciert4-272x182.jpg 272w\" sizes=\"(max-width: 644px) 100vw, 644px\" \/><\/figure>\n<\/div>\n\n\n<p>Tambi\u00e9n de los inicios trajo a la memoria que cuando inici\u00f3 la carrera entr\u00f3 como pianista, pero luego descubri\u00f3 que quer\u00eda perfeccionar su t\u00e9cnica vocal y se cambi\u00f3 de Instrumento a Canto. \u201cEntonces aprend\u00ed del canto l\u00edrico y todo lo que conlleva: posici\u00f3n, vocalizaci\u00f3n, pronunciaci\u00f3n. Deb\u00ed incluso estudiar un poco m\u00e1s los idiomas. Fue un reto\u201d.&nbsp;<\/p>\n\n\n\n<p>Revela que cuando decidi\u00f3 estudiar m\u00fasica la educaci\u00f3n en artes no era gratuita. Se pod\u00eda cursar estudios en instituciones privadas de Guayaquil y Cuenca, pero no en la provincia de Tungurahua. Vio la situaci\u00f3n un tanto complicada, por eso se siente agradecido por haber podido estudiar en la UArtes por la preparaci\u00f3n recibida y todos los momentos vividos.&nbsp;Cambiar de ciudad y de regi\u00f3n fue dif\u00edcil, empezando por el clima y las costumbres. En Ambato y Pelileo no se manejan con tanta prisa ni siquiera en el caminar, manifiesta. Aprendi\u00f3 a mejorar en ciertos aspectos y manejar las situaciones, dependiendo del contexto. Cont\u00f3 con el apoyo de familiares maternos que habitan en la ciudad.&nbsp;<\/p>\n\n\n\n<p>Musicalmente, Jonathan Morales cuenta con algunos covers, grab\u00f3 un CD y una canci\u00f3n, y ya con su hermano tienen varios proyectos para continuar con el legado familiar.<\/p>\n\n\n\n<p>Al preguntarle c\u00f3mo es Jonathan Morales el artista, compositor e int\u00e9rprete, respondi\u00f3 que es muy buen pianista y puede llegar a crear canciones cuando se lo pidan, tambi\u00e9n es bueno haciendo voces: primera, segunda, contralto, as\u00ed como arreglos. Agradece a todos sus profesores, entre quienes menciona a Rub\u00e9n Riera, Manuel Larrea, David de los Reyes, Rafael Guzm\u00e1n, Andr\u00e9s Noboa, Natalia Tamayo. As\u00ed como el piano, toca muchos instrumentos: bater\u00eda, timbales, congas, g\u00fciro, guitarra, bajo, trompeta. El amor por la m\u00fasica lo lleva en la sangre, pues desde los cuatro a\u00f1os ha estado en los escenarios. La agrupaci\u00f3n F\u00e1bula ha influenciado todos los aspectos de su vida musical y art\u00edstica.<\/p>\n\n\n\n<p>Foto: Camila Guerrero, Escuela de Artes Sonoras.<\/p>","protected":false},"excerpt":{"rendered":"<p>Siendo la cumbia un g\u00e9nero popular que es sin\u00f3nimo de ritmo, que el estudiante Jonathan Morales, de la Escuela de Artes Sonoras, le diera a su concierto de grado el t\u00edtulo de \u201cEl patrimonio de la cumbia\u201d gener\u00f3 expectativas. En sus redes sociales, la EAS se\u00f1al\u00f3 que el alumno de la carrera de Artes Musicales y Sonoras abordar\u00eda su historia y evoluci\u00f3n, y buscar\u00eda recuperar la m\u00fasica in\u00e9dita de F\u00e1bula, uno de los primeros grupos en tener un estilo propio bajo su influencia.<\/p>","protected":false},"author":10,"featured_media":50777,"comment_status":"open","ping_status":"open","sticky":false,"template":"","format":"standard","meta":{"_acf_changed":false,"_uag_custom_page_level_css":"","_monsterinsights_skip_tracking":false,"_monsterinsights_sitenote_active":false,"_monsterinsights_sitenote_note":"","_monsterinsights_sitenote_category":0,"cybocfi_hide_featured_image":"","footnotes":""},"categories":[712,150,76,77,284],"tags":[200],"infouartes":[],"class_list":["post-50776","post","type-post","status-publish","format-standard","has-post-thumbnail","hentry","category-1a","category-artes-sonoras","category-estudiantes","category-gestion","category-investigacion","tag-titulacion"],"acf":[],"yoast_head":"<!-- This site is optimized with the Yoast SEO plugin v27.4 - https:\/\/yoast.com\/product\/yoast-seo-wordpress\/ -->\n<title>Universidad de las Artes - Historia y legado en \u201cEl patrimonio de la cumbia\u201d de Jonathan Morales<\/title>\n<meta name=\"description\" content=\"Universidad de las Artes - Historia y legado en \u201cEl patrimonio de la cumbia\u201d de Jonathan Morales\" \/>\n<meta name=\"robots\" content=\"index, follow, max-snippet:-1, max-image-preview:large, max-video-preview:-1\" \/>\n<link rel=\"canonical\" href=\"https:\/\/www.uartes.edu.ec\/sitio\/en\/blog\/2024\/02\/06\/el-patrimonio-de-la-cumbia-de-jonathan-morales\/\" \/>\n<meta property=\"og:locale\" content=\"en_US\" \/>\n<meta property=\"og:type\" content=\"article\" \/>\n<meta property=\"og:title\" content=\"Universidad de las Artes - Historia y legado en \u201cEl patrimonio de la cumbia\u201d de Jonathan Morales\" \/>\n<meta property=\"og:description\" content=\"Universidad de las Artes - Historia y legado en \u201cEl patrimonio de la cumbia\u201d de Jonathan Morales\" \/>\n<meta property=\"og:url\" content=\"https:\/\/www.uartes.edu.ec\/sitio\/en\/blog\/2024\/02\/06\/el-patrimonio-de-la-cumbia-de-jonathan-morales\/\" \/>\n<meta property=\"og:site_name\" content=\"Universidad de las Artes\" \/>\n<meta property=\"article:publisher\" content=\"https:\/\/www.facebook.com\/uartesec\" \/>\n<meta property=\"article:published_time\" content=\"2024-02-06T21:17:00+00:00\" \/>\n<meta property=\"article:modified_time\" content=\"2024-07-04T16:19:23+00:00\" \/>\n<meta property=\"og:image\" content=\"https:\/\/www.uartes.edu.ec\/sitio\/wp-content\/uploads\/2024\/02\/ciert1.jpg\" \/>\n\t<meta property=\"og:image:width\" content=\"2000\" \/>\n\t<meta property=\"og:image:height\" content=\"1333\" \/>\n\t<meta property=\"og:image:type\" content=\"image\/jpeg\" \/>\n<meta name=\"author\" content=\"ccortez\" \/>\n<meta name=\"twitter:card\" content=\"summary_large_image\" \/>\n<meta name=\"twitter:creator\" content=\"@uartesec\" \/>\n<meta name=\"twitter:site\" content=\"@uartesec\" \/>\n<meta name=\"twitter:label1\" content=\"Written by\" \/>\n\t<meta name=\"twitter:data1\" content=\"ccortez\" \/>\n\t<meta name=\"twitter:label2\" content=\"Est. reading time\" \/>\n\t<meta name=\"twitter:data2\" content=\"6 minutes\" \/>\n<script type=\"application\/ld+json\" class=\"yoast-schema-graph\">{\"@context\":\"https:\\\/\\\/schema.org\",\"@graph\":[{\"@type\":\"Article\",\"@id\":\"https:\\\/\\\/www.uartes.edu.ec\\\/sitio\\\/en\\\/blog\\\/2024\\\/02\\\/06\\\/el-patrimonio-de-la-cumbia-de-jonathan-morales\\\/#article\",\"isPartOf\":{\"@id\":\"https:\\\/\\\/www.uartes.edu.ec\\\/sitio\\\/en\\\/blog\\\/2024\\\/02\\\/06\\\/el-patrimonio-de-la-cumbia-de-jonathan-morales\\\/\"},\"author\":{\"name\":\"ccortez\",\"@id\":\"https:\\\/\\\/www.uartes.edu.ec\\\/sitio\\\/en\\\/#\\\/schema\\\/person\\\/efa1b8275797664fd7f13a79ccc0b1f4\"},\"headline\":\"Historia y legado en \u201cEl patrimonio de la cumbia\u201d de Jonathan Morales\",\"datePublished\":\"2024-02-06T21:17:00+00:00\",\"dateModified\":\"2024-07-04T16:19:23+00:00\",\"mainEntityOfPage\":{\"@id\":\"https:\\\/\\\/www.uartes.edu.ec\\\/sitio\\\/en\\\/blog\\\/2024\\\/02\\\/06\\\/el-patrimonio-de-la-cumbia-de-jonathan-morales\\\/\"},\"wordCount\":1101,\"commentCount\":0,\"publisher\":{\"@id\":\"https:\\\/\\\/www.uartes.edu.ec\\\/sitio\\\/en\\\/#organization\"},\"image\":{\"@id\":\"https:\\\/\\\/www.uartes.edu.ec\\\/sitio\\\/en\\\/blog\\\/2024\\\/02\\\/06\\\/el-patrimonio-de-la-cumbia-de-jonathan-morales\\\/#primaryimage\"},\"thumbnailUrl\":\"https:\\\/\\\/www.uartes.edu.ec\\\/sitio\\\/wp-content\\\/uploads\\\/2024\\\/02\\\/ciert1.jpg\",\"keywords\":[\"titulaci\u00f3n\"],\"articleSection\":[\"1A\",\"Artes Sonoras\",\"Estudiantes\",\"Gesti\u00f3n\",\"Investigaci\u00f3n\"],\"inLanguage\":\"en-US\",\"potentialAction\":[{\"@type\":\"CommentAction\",\"name\":\"Comment\",\"target\":[\"https:\\\/\\\/www.uartes.edu.ec\\\/sitio\\\/en\\\/blog\\\/2024\\\/02\\\/06\\\/el-patrimonio-de-la-cumbia-de-jonathan-morales\\\/#respond\"]}]},{\"@type\":[\"WebPage\",\"ItemPage\"],\"@id\":\"https:\\\/\\\/www.uartes.edu.ec\\\/sitio\\\/en\\\/blog\\\/2024\\\/02\\\/06\\\/el-patrimonio-de-la-cumbia-de-jonathan-morales\\\/\",\"url\":\"https:\\\/\\\/www.uartes.edu.ec\\\/sitio\\\/en\\\/blog\\\/2024\\\/02\\\/06\\\/el-patrimonio-de-la-cumbia-de-jonathan-morales\\\/\",\"name\":\"Universidad de las Artes - Historia y legado en \u201cEl patrimonio de la cumbia\u201d de Jonathan Morales\",\"isPartOf\":{\"@id\":\"https:\\\/\\\/www.uartes.edu.ec\\\/sitio\\\/en\\\/#website\"},\"primaryImageOfPage\":{\"@id\":\"https:\\\/\\\/www.uartes.edu.ec\\\/sitio\\\/en\\\/blog\\\/2024\\\/02\\\/06\\\/el-patrimonio-de-la-cumbia-de-jonathan-morales\\\/#primaryimage\"},\"image\":{\"@id\":\"https:\\\/\\\/www.uartes.edu.ec\\\/sitio\\\/en\\\/blog\\\/2024\\\/02\\\/06\\\/el-patrimonio-de-la-cumbia-de-jonathan-morales\\\/#primaryimage\"},\"thumbnailUrl\":\"https:\\\/\\\/www.uartes.edu.ec\\\/sitio\\\/wp-content\\\/uploads\\\/2024\\\/02\\\/ciert1.jpg\",\"datePublished\":\"2024-02-06T21:17:00+00:00\",\"dateModified\":\"2024-07-04T16:19:23+00:00\",\"description\":\"Universidad de las Artes - Historia y legado en \u201cEl patrimonio de la cumbia\u201d de Jonathan Morales\",\"breadcrumb\":{\"@id\":\"https:\\\/\\\/www.uartes.edu.ec\\\/sitio\\\/en\\\/blog\\\/2024\\\/02\\\/06\\\/el-patrimonio-de-la-cumbia-de-jonathan-morales\\\/#breadcrumb\"},\"inLanguage\":\"en-US\",\"potentialAction\":[{\"@type\":\"ReadAction\",\"target\":[\"https:\\\/\\\/www.uartes.edu.ec\\\/sitio\\\/en\\\/blog\\\/2024\\\/02\\\/06\\\/el-patrimonio-de-la-cumbia-de-jonathan-morales\\\/\"]}]},{\"@type\":\"ImageObject\",\"inLanguage\":\"en-US\",\"@id\":\"https:\\\/\\\/www.uartes.edu.ec\\\/sitio\\\/en\\\/blog\\\/2024\\\/02\\\/06\\\/el-patrimonio-de-la-cumbia-de-jonathan-morales\\\/#primaryimage\",\"url\":\"https:\\\/\\\/www.uartes.edu.ec\\\/sitio\\\/wp-content\\\/uploads\\\/2024\\\/02\\\/ciert1.jpg\",\"contentUrl\":\"https:\\\/\\\/www.uartes.edu.ec\\\/sitio\\\/wp-content\\\/uploads\\\/2024\\\/02\\\/ciert1.jpg\",\"width\":2000,\"height\":1333},{\"@type\":\"BreadcrumbList\",\"@id\":\"https:\\\/\\\/www.uartes.edu.ec\\\/sitio\\\/en\\\/blog\\\/2024\\\/02\\\/06\\\/el-patrimonio-de-la-cumbia-de-jonathan-morales\\\/#breadcrumb\",\"itemListElement\":[{\"@type\":\"ListItem\",\"position\":1,\"name\":\"Inicio\",\"item\":\"https:\\\/\\\/www.uartes.edu.ec\\\/sitio\\\/\"},{\"@type\":\"ListItem\",\"position\":2,\"name\":\"Historia y legado en \u201cEl patrimonio de la cumbia\u201d de Jonathan Morales\"}]},{\"@type\":\"WebSite\",\"@id\":\"https:\\\/\\\/www.uartes.edu.ec\\\/sitio\\\/en\\\/#website\",\"url\":\"https:\\\/\\\/www.uartes.edu.ec\\\/sitio\\\/en\\\/\",\"name\":\"Universidad de las Artes\",\"description\":\"Sitio oficial de la Universidad Nacional de las Artes del Ecuador\",\"publisher\":{\"@id\":\"https:\\\/\\\/www.uartes.edu.ec\\\/sitio\\\/en\\\/#organization\"},\"potentialAction\":[{\"@type\":\"SearchAction\",\"target\":{\"@type\":\"EntryPoint\",\"urlTemplate\":\"https:\\\/\\\/www.uartes.edu.ec\\\/sitio\\\/en\\\/?s={search_term_string}\"},\"query-input\":{\"@type\":\"PropertyValueSpecification\",\"valueRequired\":true,\"valueName\":\"search_term_string\"}}],\"inLanguage\":\"en-US\"},{\"@type\":\"Organization\",\"@id\":\"https:\\\/\\\/www.uartes.edu.ec\\\/sitio\\\/en\\\/#organization\",\"name\":\"Universidad de las Artes\",\"url\":\"https:\\\/\\\/www.uartes.edu.ec\\\/sitio\\\/en\\\/\",\"logo\":{\"@type\":\"ImageObject\",\"inLanguage\":\"en-US\",\"@id\":\"https:\\\/\\\/www.uartes.edu.ec\\\/sitio\\\/en\\\/#\\\/schema\\\/logo\\\/image\\\/\",\"url\":\"https:\\\/\\\/www.uartes.edu.ec\\\/sitio\\\/wp-content\\\/uploads\\\/2022\\\/07\\\/logo-ua-horizontal.png\",\"contentUrl\":\"https:\\\/\\\/www.uartes.edu.ec\\\/sitio\\\/wp-content\\\/uploads\\\/2022\\\/07\\\/logo-ua-horizontal.png\",\"width\":800,\"height\":276,\"caption\":\"Universidad de las Artes\"},\"image\":{\"@id\":\"https:\\\/\\\/www.uartes.edu.ec\\\/sitio\\\/en\\\/#\\\/schema\\\/logo\\\/image\\\/\"},\"sameAs\":[\"https:\\\/\\\/www.facebook.com\\\/uartesec\",\"https:\\\/\\\/x.com\\\/uartesec\",\"https:\\\/\\\/www.tiktok.com\\\/@uartesec\"]},{\"@type\":\"Person\",\"@id\":\"https:\\\/\\\/www.uartes.edu.ec\\\/sitio\\\/en\\\/#\\\/schema\\\/person\\\/efa1b8275797664fd7f13a79ccc0b1f4\",\"name\":\"ccortez\",\"image\":{\"@type\":\"ImageObject\",\"inLanguage\":\"en-US\",\"@id\":\"https:\\\/\\\/secure.gravatar.com\\\/avatar\\\/b2a6f664a3ae8e074346ef91775736c5ec479e637ecced6842de9dc98b5da9cd?s=96&d=mm&r=g\",\"url\":\"https:\\\/\\\/secure.gravatar.com\\\/avatar\\\/b2a6f664a3ae8e074346ef91775736c5ec479e637ecced6842de9dc98b5da9cd?s=96&d=mm&r=g\",\"contentUrl\":\"https:\\\/\\\/secure.gravatar.com\\\/avatar\\\/b2a6f664a3ae8e074346ef91775736c5ec479e637ecced6842de9dc98b5da9cd?s=96&d=mm&r=g\",\"caption\":\"ccortez\"},\"url\":\"https:\\\/\\\/www.uartes.edu.ec\\\/sitio\\\/en\\\/blog\\\/author\\\/ccortez\\\/\"}]}<\/script>\n<!-- \/ Yoast SEO plugin. -->","yoast_head_json":{"title":"Universidad de las Artes - Historia y legado en \u201cEl patrimonio de la cumbia\u201d de Jonathan Morales","description":"Universidad de las Artes - Historia y legado en \u201cEl patrimonio de la cumbia\u201d de Jonathan Morales","robots":{"index":"index","follow":"follow","max-snippet":"max-snippet:-1","max-image-preview":"max-image-preview:large","max-video-preview":"max-video-preview:-1"},"canonical":"https:\/\/www.uartes.edu.ec\/sitio\/en\/blog\/2024\/02\/06\/el-patrimonio-de-la-cumbia-de-jonathan-morales\/","og_locale":"en_US","og_type":"article","og_title":"Universidad de las Artes - Historia y legado en \u201cEl patrimonio de la cumbia\u201d de Jonathan Morales","og_description":"Universidad de las Artes - Historia y legado en \u201cEl patrimonio de la cumbia\u201d de Jonathan Morales","og_url":"https:\/\/www.uartes.edu.ec\/sitio\/en\/blog\/2024\/02\/06\/el-patrimonio-de-la-cumbia-de-jonathan-morales\/","og_site_name":"Universidad de las Artes","article_publisher":"https:\/\/www.facebook.com\/uartesec","article_published_time":"2024-02-06T21:17:00+00:00","article_modified_time":"2024-07-04T16:19:23+00:00","og_image":[{"width":2000,"height":1333,"url":"https:\/\/www.uartes.edu.ec\/sitio\/wp-content\/uploads\/2024\/02\/ciert1.jpg","type":"image\/jpeg"}],"author":"ccortez","twitter_card":"summary_large_image","twitter_creator":"@uartesec","twitter_site":"@uartesec","twitter_misc":{"Written by":"ccortez","Est. reading time":"6 minutes"},"schema":{"@context":"https:\/\/schema.org","@graph":[{"@type":"Article","@id":"https:\/\/www.uartes.edu.ec\/sitio\/en\/blog\/2024\/02\/06\/el-patrimonio-de-la-cumbia-de-jonathan-morales\/#article","isPartOf":{"@id":"https:\/\/www.uartes.edu.ec\/sitio\/en\/blog\/2024\/02\/06\/el-patrimonio-de-la-cumbia-de-jonathan-morales\/"},"author":{"name":"ccortez","@id":"https:\/\/www.uartes.edu.ec\/sitio\/en\/#\/schema\/person\/efa1b8275797664fd7f13a79ccc0b1f4"},"headline":"Historia y legado en \u201cEl patrimonio de la cumbia\u201d de Jonathan Morales","datePublished":"2024-02-06T21:17:00+00:00","dateModified":"2024-07-04T16:19:23+00:00","mainEntityOfPage":{"@id":"https:\/\/www.uartes.edu.ec\/sitio\/en\/blog\/2024\/02\/06\/el-patrimonio-de-la-cumbia-de-jonathan-morales\/"},"wordCount":1101,"commentCount":0,"publisher":{"@id":"https:\/\/www.uartes.edu.ec\/sitio\/en\/#organization"},"image":{"@id":"https:\/\/www.uartes.edu.ec\/sitio\/en\/blog\/2024\/02\/06\/el-patrimonio-de-la-cumbia-de-jonathan-morales\/#primaryimage"},"thumbnailUrl":"https:\/\/www.uartes.edu.ec\/sitio\/wp-content\/uploads\/2024\/02\/ciert1.jpg","keywords":["titulaci\u00f3n"],"articleSection":["1A","Artes Sonoras","Estudiantes","Gesti\u00f3n","Investigaci\u00f3n"],"inLanguage":"en-US","potentialAction":[{"@type":"CommentAction","name":"Comment","target":["https:\/\/www.uartes.edu.ec\/sitio\/en\/blog\/2024\/02\/06\/el-patrimonio-de-la-cumbia-de-jonathan-morales\/#respond"]}]},{"@type":["WebPage","ItemPage"],"@id":"https:\/\/www.uartes.edu.ec\/sitio\/en\/blog\/2024\/02\/06\/el-patrimonio-de-la-cumbia-de-jonathan-morales\/","url":"https:\/\/www.uartes.edu.ec\/sitio\/en\/blog\/2024\/02\/06\/el-patrimonio-de-la-cumbia-de-jonathan-morales\/","name":"Universidad de las Artes - Historia y legado en \u201cEl patrimonio de la cumbia\u201d de Jonathan Morales","isPartOf":{"@id":"https:\/\/www.uartes.edu.ec\/sitio\/en\/#website"},"primaryImageOfPage":{"@id":"https:\/\/www.uartes.edu.ec\/sitio\/en\/blog\/2024\/02\/06\/el-patrimonio-de-la-cumbia-de-jonathan-morales\/#primaryimage"},"image":{"@id":"https:\/\/www.uartes.edu.ec\/sitio\/en\/blog\/2024\/02\/06\/el-patrimonio-de-la-cumbia-de-jonathan-morales\/#primaryimage"},"thumbnailUrl":"https:\/\/www.uartes.edu.ec\/sitio\/wp-content\/uploads\/2024\/02\/ciert1.jpg","datePublished":"2024-02-06T21:17:00+00:00","dateModified":"2024-07-04T16:19:23+00:00","description":"Universidad de las Artes - Historia y legado en \u201cEl patrimonio de la cumbia\u201d de Jonathan Morales","breadcrumb":{"@id":"https:\/\/www.uartes.edu.ec\/sitio\/en\/blog\/2024\/02\/06\/el-patrimonio-de-la-cumbia-de-jonathan-morales\/#breadcrumb"},"inLanguage":"en-US","potentialAction":[{"@type":"ReadAction","target":["https:\/\/www.uartes.edu.ec\/sitio\/en\/blog\/2024\/02\/06\/el-patrimonio-de-la-cumbia-de-jonathan-morales\/"]}]},{"@type":"ImageObject","inLanguage":"en-US","@id":"https:\/\/www.uartes.edu.ec\/sitio\/en\/blog\/2024\/02\/06\/el-patrimonio-de-la-cumbia-de-jonathan-morales\/#primaryimage","url":"https:\/\/www.uartes.edu.ec\/sitio\/wp-content\/uploads\/2024\/02\/ciert1.jpg","contentUrl":"https:\/\/www.uartes.edu.ec\/sitio\/wp-content\/uploads\/2024\/02\/ciert1.jpg","width":2000,"height":1333},{"@type":"BreadcrumbList","@id":"https:\/\/www.uartes.edu.ec\/sitio\/en\/blog\/2024\/02\/06\/el-patrimonio-de-la-cumbia-de-jonathan-morales\/#breadcrumb","itemListElement":[{"@type":"ListItem","position":1,"name":"Inicio","item":"https:\/\/www.uartes.edu.ec\/sitio\/"},{"@type":"ListItem","position":2,"name":"Historia y legado en \u201cEl patrimonio de la cumbia\u201d de Jonathan Morales"}]},{"@type":"WebSite","@id":"https:\/\/www.uartes.edu.ec\/sitio\/en\/#website","url":"https:\/\/www.uartes.edu.ec\/sitio\/en\/","name":"Universidad de las Artes","description":"Sitio oficial de la Universidad Nacional de las Artes del Ecuador","publisher":{"@id":"https:\/\/www.uartes.edu.ec\/sitio\/en\/#organization"},"potentialAction":[{"@type":"SearchAction","target":{"@type":"EntryPoint","urlTemplate":"https:\/\/www.uartes.edu.ec\/sitio\/en\/?s={search_term_string}"},"query-input":{"@type":"PropertyValueSpecification","valueRequired":true,"valueName":"search_term_string"}}],"inLanguage":"en-US"},{"@type":"Organization","@id":"https:\/\/www.uartes.edu.ec\/sitio\/en\/#organization","name":"Universidad de las Artes","url":"https:\/\/www.uartes.edu.ec\/sitio\/en\/","logo":{"@type":"ImageObject","inLanguage":"en-US","@id":"https:\/\/www.uartes.edu.ec\/sitio\/en\/#\/schema\/logo\/image\/","url":"https:\/\/www.uartes.edu.ec\/sitio\/wp-content\/uploads\/2022\/07\/logo-ua-horizontal.png","contentUrl":"https:\/\/www.uartes.edu.ec\/sitio\/wp-content\/uploads\/2022\/07\/logo-ua-horizontal.png","width":800,"height":276,"caption":"Universidad de las Artes"},"image":{"@id":"https:\/\/www.uartes.edu.ec\/sitio\/en\/#\/schema\/logo\/image\/"},"sameAs":["https:\/\/www.facebook.com\/uartesec","https:\/\/x.com\/uartesec","https:\/\/www.tiktok.com\/@uartesec"]},{"@type":"Person","@id":"https:\/\/www.uartes.edu.ec\/sitio\/en\/#\/schema\/person\/efa1b8275797664fd7f13a79ccc0b1f4","name":"ccortez","image":{"@type":"ImageObject","inLanguage":"en-US","@id":"https:\/\/secure.gravatar.com\/avatar\/b2a6f664a3ae8e074346ef91775736c5ec479e637ecced6842de9dc98b5da9cd?s=96&d=mm&r=g","url":"https:\/\/secure.gravatar.com\/avatar\/b2a6f664a3ae8e074346ef91775736c5ec479e637ecced6842de9dc98b5da9cd?s=96&d=mm&r=g","contentUrl":"https:\/\/secure.gravatar.com\/avatar\/b2a6f664a3ae8e074346ef91775736c5ec479e637ecced6842de9dc98b5da9cd?s=96&d=mm&r=g","caption":"ccortez"},"url":"https:\/\/www.uartes.edu.ec\/sitio\/en\/blog\/author\/ccortez\/"}]}},"uagb_featured_image_src":{"full":["https:\/\/www.uartes.edu.ec\/sitio\/wp-content\/uploads\/2024\/02\/ciert1.jpg",2000,1333,false],"thumbnail":["https:\/\/www.uartes.edu.ec\/sitio\/wp-content\/uploads\/2024\/02\/ciert1-150x150.jpg",150,150,true],"medium":["https:\/\/www.uartes.edu.ec\/sitio\/wp-content\/uploads\/2024\/02\/ciert1-300x200.jpg",300,200,true],"medium_large":["https:\/\/www.uartes.edu.ec\/sitio\/wp-content\/uploads\/2024\/02\/ciert1-768x512.jpg",768,512,true],"large":["https:\/\/www.uartes.edu.ec\/sitio\/wp-content\/uploads\/2024\/02\/ciert1-644x429.jpg",644,429,true],"1536x1536":["https:\/\/www.uartes.edu.ec\/sitio\/wp-content\/uploads\/2024\/02\/ciert1-1536x1024.jpg",1536,1024,true],"2048x2048":["https:\/\/www.uartes.edu.ec\/sitio\/wp-content\/uploads\/2024\/02\/ciert1.jpg",2000,1333,false],"trp-custom-language-flag":["https:\/\/www.uartes.edu.ec\/sitio\/wp-content\/uploads\/2024\/02\/ciert1.jpg",18,12,false],"htmega_size_585x295":["https:\/\/www.uartes.edu.ec\/sitio\/wp-content\/uploads\/2024\/02\/ciert1-585x295.jpg",585,295,true],"htmega_size_1170x536":["https:\/\/www.uartes.edu.ec\/sitio\/wp-content\/uploads\/2024\/02\/ciert1-1170x536.jpg",1170,536,true],"htmega_size_396x360":["https:\/\/www.uartes.edu.ec\/sitio\/wp-content\/uploads\/2024\/02\/ciert1-396x360.jpg",396,360,true],"gb-block-post-grid-landscape":["https:\/\/www.uartes.edu.ec\/sitio\/wp-content\/uploads\/2024\/02\/ciert1-600x400.jpg",600,400,true],"gb-block-post-grid-square":["https:\/\/www.uartes.edu.ec\/sitio\/wp-content\/uploads\/2024\/02\/ciert1-600x600.jpg",600,600,true],"university-hub-thumb":["https:\/\/www.uartes.edu.ec\/sitio\/wp-content\/uploads\/2024\/02\/ciert1-400x267.jpg",400,267,true],"mailpoet_newsletter_max":["https:\/\/www.uartes.edu.ec\/sitio\/wp-content\/uploads\/2024\/02\/ciert1.jpg",1320,880,false]},"uagb_author_info":{"display_name":"ccortez","author_link":"https:\/\/www.uartes.edu.ec\/sitio\/en\/blog\/author\/ccortez\/"},"uagb_comment_info":0,"uagb_excerpt":"Siendo la cumbia un g\u00e9nero popular que es sin\u00f3nimo de ritmo, que el estudiante Jonathan Morales, de la Escuela de Artes Sonoras, le diera a su concierto de grado el t\u00edtulo de \u201cEl patrimonio de la cumbia\u201d gener\u00f3 expectativas. En sus redes sociales, la EAS se\u00f1al\u00f3 que el alumno de la carrera de Artes Musicales&hellip;","featured_image_src":"https:\/\/www.uartes.edu.ec\/sitio\/wp-content\/uploads\/2024\/02\/ciert1-600x400.jpg","featured_image_src_square":"https:\/\/www.uartes.edu.ec\/sitio\/wp-content\/uploads\/2024\/02\/ciert1-600x600.jpg","author_info":{"display_name":"ccortez","author_link":"https:\/\/www.uartes.edu.ec\/sitio\/en\/blog\/author\/ccortez\/"},"publishpress_future_workflow_manual_trigger":{"enabledWorkflows":[]},"distributor_meta":false,"distributor_terms":false,"distributor_media":false,"distributor_original_site_name":"Universidad de las Artes","distributor_original_site_url":"https:\/\/www.uartes.edu.ec\/sitio\/en","push-errors":false,"_links":{"self":[{"href":"https:\/\/www.uartes.edu.ec\/sitio\/en\/wp-json\/wp\/v2\/posts\/50776","targetHints":{"allow":["GET"]}}],"collection":[{"href":"https:\/\/www.uartes.edu.ec\/sitio\/en\/wp-json\/wp\/v2\/posts"}],"about":[{"href":"https:\/\/www.uartes.edu.ec\/sitio\/en\/wp-json\/wp\/v2\/types\/post"}],"author":[{"embeddable":true,"href":"https:\/\/www.uartes.edu.ec\/sitio\/en\/wp-json\/wp\/v2\/users\/10"}],"replies":[{"embeddable":true,"href":"https:\/\/www.uartes.edu.ec\/sitio\/en\/wp-json\/wp\/v2\/comments?post=50776"}],"version-history":[{"count":6,"href":"https:\/\/www.uartes.edu.ec\/sitio\/en\/wp-json\/wp\/v2\/posts\/50776\/revisions"}],"predecessor-version":[{"id":50791,"href":"https:\/\/www.uartes.edu.ec\/sitio\/en\/wp-json\/wp\/v2\/posts\/50776\/revisions\/50791"}],"wp:featuredmedia":[{"embeddable":true,"href":"https:\/\/www.uartes.edu.ec\/sitio\/en\/wp-json\/wp\/v2\/media\/50777"}],"wp:attachment":[{"href":"https:\/\/www.uartes.edu.ec\/sitio\/en\/wp-json\/wp\/v2\/media?parent=50776"}],"wp:term":[{"taxonomy":"category","embeddable":true,"href":"https:\/\/www.uartes.edu.ec\/sitio\/en\/wp-json\/wp\/v2\/categories?post=50776"},{"taxonomy":"post_tag","embeddable":true,"href":"https:\/\/www.uartes.edu.ec\/sitio\/en\/wp-json\/wp\/v2\/tags?post=50776"},{"taxonomy":"infouartes","embeddable":true,"href":"https:\/\/www.uartes.edu.ec\/sitio\/en\/wp-json\/wp\/v2\/infouartes?post=50776"}],"curies":[{"name":"wp","href":"https:\/\/api.w.org\/{rel}","templated":true}]}}