{"id":50845,"date":"2024-02-09T17:01:44","date_gmt":"2024-02-09T22:01:44","guid":{"rendered":"https:\/\/www.uartes.edu.ec\/sitio\/?p=50845"},"modified":"2024-07-04T11:19:22","modified_gmt":"2024-07-04T16:19:22","slug":"tres-conciertos-de-titulacion-con-sabor-a-jueves-eas","status":"publish","type":"post","link":"https:\/\/www.uartes.edu.ec\/sitio\/en\/blog\/2024\/02\/09\/tres-conciertos-de-titulacion-con-sabor-a-jueves-eas\/","title":{"rendered":"Tres conciertos de grado con sabor a los Jueves EAS; hubo punk, free guitar y cantos rituales de las cosechas"},"content":{"rendered":"<p>No se trat\u00f3 de un Jueves EAS, pero s\u00ed de tres encuentros con la m\u00fasica propiciados por igual n\u00famero de estudiantes de la Escuela de Artes Sonoras, quienes este 8 de febrero presentaron en escenarios de la UArtes sus conciertos de titulaci\u00f3n. A las 16:00, Joshua Freddy Navarrete Y\u00e1nez llev\u00f3 a la Plaza P\u00fablica del MZ14 un \u201cPunk directo al Esp\u00edritu\u201d; a las 17:00, Luis Arturo C\u00e1rdenas Moncayo ofreci\u00f3 en el Sal\u00f3n de Usos M\u00faltiples del Pabell\u00f3n Araceli Gilbert una \u201cFree Guitar\u201d; y a las 17:30, Luis Francis Bautista Ullauri expuso, en una pr\u00e1ctica etnomusicol\u00f3gica como detonante creativo, \u201cJahuay: cantos rituales de las cosechas\u201d.<\/p>\n\n\n\n<p>Del \u201cPunk rock directo al esp\u00edritu\u201d, Joshua Navarrete, quien tuvo como tutor al docente Antonio Cepeda, comparti\u00f3 con la audiencia composiciones propias de autor de una antolog\u00eda de rock cristiano de bandas ecuatorianas que abrazan ese g\u00e9nero, como Sacrificio y Dam. A trav\u00e9s de su obra, Navarrete refleja el argumento de la fe cristiana mediante la l\u00edrica de sus canciones y abordando subg\u00e9neros del rock como grunge, punk metal, funk e indie.<\/p>\n\n\n<div class=\"wp-block-image\">\n<figure class=\"aligncenter size-large\"><img fetchpriority=\"high\" decoding=\"async\" width=\"644\" height=\"429\" src=\"https:\/\/www.uartes.edu.ec\/sitio\/wp-content\/uploads\/2024\/02\/Untitled-1-1-644x429.jpg\" alt=\"\" class=\"wp-image-50849\" srcset=\"https:\/\/www.uartes.edu.ec\/sitio\/wp-content\/uploads\/2024\/02\/Untitled-1-1-644x429.jpg 644w, https:\/\/www.uartes.edu.ec\/sitio\/wp-content\/uploads\/2024\/02\/Untitled-1-1-768x511.jpg 768w, https:\/\/www.uartes.edu.ec\/sitio\/wp-content\/uploads\/2024\/02\/Untitled-1-1.jpg 2000w, https:\/\/www.uartes.edu.ec\/sitio\/wp-content\/uploads\/2024\/02\/Untitled-1-1-600x399.jpg 600w, https:\/\/www.uartes.edu.ec\/sitio\/wp-content\/uploads\/2024\/02\/Untitled-1-1-272x182.jpg 272w\" sizes=\"(max-width: 644px) 100vw, 644px\" \/><\/figure>\n<\/div>\n\n\n<p>En la presentaci\u00f3n intervinieron junto con Joshua Navarrete, en el bajo y la voz, los m\u00fasicos David Chonillo, guitarra led y coros; Santiago Garc\u00eda, guitarra r\u00edtmica; e Irving Zambrano, bater\u00eda.<\/p>\n\n\n\n<p>El concierto \u201cFree Guitar\u201d de Luis C\u00e1rdenas, cuyo tutor fue el docente David Villarreal, tuvo dos partes. La primera se centr\u00f3 en la interpretaci\u00f3n de obras que demuestran el m\u00e9todo de investigaci\u00f3n, como \u201cAutumn Leaves\u201d, de jazz fusi\u00f3n; \u201cBlue Bossa\u201d, \u201cTune Up\u201d y \u201cFly Me to the Moon\u201d. En la segunda parte de su presentaci\u00f3n, el estudiante incluy\u00f3 obras relacionadas con la investigaci\u00f3n, como \u201cNature Boy\u201d, \u201cThis Masquerade\u201d, \u201cAll of Me\u201d y \u201cI Should Care\u201d.<\/p>\n\n\n\n<p>Junto con Luis C\u00e1rdenas, en la guitarra el\u00e9ctrica, intervinieron en la presentaci\u00f3n Bryan Hidalgo, en la bater\u00eda; Mitchel Parra, en el piano; y Alan Villacr\u00e9s, en el bajo el\u00e9ctrico.<\/p>\n\n\n<div class=\"wp-block-image\">\n<figure class=\"aligncenter size-large\"><img decoding=\"async\" width=\"644\" height=\"429\" src=\"https:\/\/www.uartes.edu.ec\/sitio\/wp-content\/uploads\/2024\/02\/VALE-644x429.jpg\" alt=\"\" class=\"wp-image-50850\" srcset=\"https:\/\/www.uartes.edu.ec\/sitio\/wp-content\/uploads\/2024\/02\/VALE-644x429.jpg 644w, https:\/\/www.uartes.edu.ec\/sitio\/wp-content\/uploads\/2024\/02\/VALE-768x511.jpg 768w, https:\/\/www.uartes.edu.ec\/sitio\/wp-content\/uploads\/2024\/02\/VALE.jpg 2000w, https:\/\/www.uartes.edu.ec\/sitio\/wp-content\/uploads\/2024\/02\/VALE-600x399.jpg 600w, https:\/\/www.uartes.edu.ec\/sitio\/wp-content\/uploads\/2024\/02\/VALE-272x182.jpg 272w\" sizes=\"(max-width: 644px) 100vw, 644px\" \/><\/figure>\n<\/div>\n\n\n<p>Teniendo como escenario el Sal\u00f3n Patrimonial del MZ14 Centro de Producci\u00f3n e Innovaci\u00f3n UArtes, el estudiante Luis Bautista hizo part\u00edcipe al p\u00fablico de la exploraci\u00f3n que hizo de los conceptos de memoria e identidad en el campo de la ancestralidad y espiritualidad andina.<\/p>\n\n\n\n<p>En su propuesta art\u00edstica transdisciplinar de car\u00e1cter perform\u00e1tico, que tuvo la tutor\u00eda del docente Fredy Vallejos y se titul\u00f3 \u201cJahuay: cantos rituales de las cosechas\u201d, Bautista Ullauri se sumergi\u00f3 en los cantos rituales haway de la provincia de Chimborazo, en una b\u00fasqueda autoetnogr\u00e1fica encaminada en los horizontes de la experimentaci\u00f3n musical, sonora e instrumental contempor\u00e1nea. Fusion\u00f3 los cantos ancestrales de las cosechas con elementos musicales contempor\u00e1neos provenientes del jazz, el rock y la m\u00fasica electr\u00f3nica, en complemento con elementos visuales y esc\u00e9nicos.<\/p>\n\n\n\n<p>La pretensi\u00f3n est\u00e9tica y po\u00e9tica de Bautista Ullauri fue gestar una experiencia sensible m\u00faltiple que permita sumergir tanto al int\u00e9rprete como el espectador dentro del universo audiovisual que refleja el car\u00e1cter ritual de los cantos haway. El af\u00e1n del tesista proponente es aportar a la visibilidad de esta expresi\u00f3n precolombina ecuatoriana y desplegar un espacio de di\u00e1logo y reflexi\u00f3n de su realidad actual, que se encuentra en estado de vulnerabilidad.<\/p>\n\n\n<div class=\"wp-block-image\">\n<figure class=\"aligncenter size-large\"><img decoding=\"async\" width=\"644\" height=\"429\" src=\"https:\/\/www.uartes.edu.ec\/sitio\/wp-content\/uploads\/2024\/02\/NA2-644x429.jpg\" alt=\"\" class=\"wp-image-50852\" srcset=\"https:\/\/www.uartes.edu.ec\/sitio\/wp-content\/uploads\/2024\/02\/NA2-644x429.jpg 644w, https:\/\/www.uartes.edu.ec\/sitio\/wp-content\/uploads\/2024\/02\/NA2-768x511.jpg 768w, https:\/\/www.uartes.edu.ec\/sitio\/wp-content\/uploads\/2024\/02\/NA2.jpg 2000w, https:\/\/www.uartes.edu.ec\/sitio\/wp-content\/uploads\/2024\/02\/NA2-600x399.jpg 600w, https:\/\/www.uartes.edu.ec\/sitio\/wp-content\/uploads\/2024\/02\/NA2-272x182.jpg 272w\" sizes=\"(max-width: 644px) 100vw, 644px\" \/><\/figure>\n<\/div>\n\n\n<h3 class=\"wp-block-heading\">Tradici\u00f3n EcuaJazz<\/h3>\n\n\n\n<p>Al cierre de esta edici\u00f3n, el estudiante Jonathan Jerem\u00edas Jimbo Masabanda presentaba en la Plaza P\u00fablica del MZ14 el concierto de titulaci\u00f3n \u201cTradici\u00f3n EcuaJazz: composici\u00f3n de cuatro obras de tradici\u00f3n ecuatoriana con jazz fusi\u00f3n contempor\u00e1neo basado en los ritmos capishca y sanjuanito.<\/p>\n\n\n\n<p>El proyecto, se indica en el sitio web de la EAS, fue concebido como un encuentro en el que las ra\u00edces ecuatorianas se entrelazan con el jazz contempor\u00e1neo a trav\u00e9s de cuatro composiciones in\u00e9ditas y donde su autor explora nuevas sonoridades, hibridaciones y experimentaciones. Las obras musicales de Jimbo Masabanda fusionan la esencia del capishca y el sanjuanito con el jazz, promoviendo la interculturalidad musical ecuatoriana. En el desarrollo del proyecto de titulaci\u00f3n lo acompa\u00f1\u00f3 como tutor el docente Luis Carlos Moreno.<\/p>\n\n\n\n<p>Fotos: Camila Guerrero, Escuela de Artes Sonoras.<\/p>","protected":false},"excerpt":{"rendered":"<p>Joshua Navarrete, Luis C\u00e1rdenas y Luis Bautista llevaron ayer sus conciertos de grado a tres escenarios UArtes. Los estudiantes propusieron: \u201cPunk directo al Esp\u00edritu\u201d, \u201cFree Guitar\u201d y \u201cJahuay: cantos rituales de las cosechas\u201d. Al cierre de esta edici\u00f3n, Jonathan Jimbo presentaba en el MZ14 la composici\u00f3n de cuatro obras de tradici\u00f3n ecuatoriana con jazz fusi\u00f3n contempor\u00e1neo.<\/p>","protected":false},"author":1,"featured_media":50846,"comment_status":"open","ping_status":"open","sticky":false,"template":"","format":"standard","meta":{"_acf_changed":false,"_uag_custom_page_level_css":"","_monsterinsights_skip_tracking":false,"_monsterinsights_sitenote_active":false,"_monsterinsights_sitenote_note":"","_monsterinsights_sitenote_category":0,"cybocfi_hide_featured_image":"","footnotes":""},"categories":[713,82,150,75,76,182,1],"tags":[1105],"infouartes":[],"class_list":["post-50845","post","type-post","status-publish","format-standard","has-post-thumbnail","hentry","category-1b","category-artes","category-artes-sonoras","category-docentes","category-estudiantes","category-infouartes","category-sin-categoria","tag-concierto-de-grado"],"acf":[],"yoast_head":"<!-- This site is optimized with the Yoast SEO plugin v27.4 - https:\/\/yoast.com\/product\/yoast-seo-wordpress\/ -->\n<title>Universidad de las Artes - Tres conciertos de grado con sabor a los Jueves EAS; hubo punk, free guitar y cantos rituales de las cosechas<\/title>\n<meta name=\"description\" content=\"Universidad de las Artes - Tres conciertos de grado con sabor a los Jueves EAS; hubo punk, free guitar y cantos rituales de las cosechas\" \/>\n<meta name=\"robots\" content=\"index, follow, max-snippet:-1, max-image-preview:large, max-video-preview:-1\" \/>\n<link rel=\"canonical\" href=\"https:\/\/www.uartes.edu.ec\/sitio\/en\/blog\/2024\/02\/09\/tres-conciertos-de-titulacion-con-sabor-a-jueves-eas\/\" \/>\n<meta property=\"og:locale\" content=\"en_US\" \/>\n<meta property=\"og:type\" content=\"article\" \/>\n<meta property=\"og:title\" content=\"Universidad de las Artes - Tres conciertos de grado con sabor a los Jueves EAS; hubo punk, free guitar y cantos rituales de las cosechas\" \/>\n<meta property=\"og:description\" content=\"Universidad de las Artes - Tres conciertos de grado con sabor a los Jueves EAS; hubo punk, free guitar y cantos rituales de las cosechas\" \/>\n<meta property=\"og:url\" content=\"https:\/\/www.uartes.edu.ec\/sitio\/en\/blog\/2024\/02\/09\/tres-conciertos-de-titulacion-con-sabor-a-jueves-eas\/\" \/>\n<meta property=\"og:site_name\" content=\"Universidad de las Artes\" \/>\n<meta property=\"article:publisher\" content=\"https:\/\/www.facebook.com\/uartesec\" \/>\n<meta property=\"article:published_time\" content=\"2024-02-09T22:01:44+00:00\" \/>\n<meta property=\"article:modified_time\" content=\"2024-07-04T16:19:22+00:00\" \/>\n<meta property=\"og:image\" content=\"https:\/\/www.uartes.edu.ec\/sitio\/wp-content\/uploads\/2024\/02\/NA1.jpg\" \/>\n\t<meta property=\"og:image:width\" content=\"2000\" \/>\n\t<meta property=\"og:image:height\" content=\"1333\" \/>\n\t<meta property=\"og:image:type\" content=\"image\/jpeg\" \/>\n<meta name=\"author\" content=\"Universidad de las Artes\" \/>\n<meta name=\"twitter:card\" content=\"summary_large_image\" \/>\n<meta name=\"twitter:creator\" content=\"@uartesec\" \/>\n<meta name=\"twitter:site\" content=\"@uartesec\" \/>\n<meta name=\"twitter:label1\" content=\"Written by\" \/>\n\t<meta name=\"twitter:data1\" content=\"Universidad de las Artes\" \/>\n\t<meta name=\"twitter:label2\" content=\"Est. reading time\" \/>\n\t<meta name=\"twitter:data2\" content=\"4 minutes\" \/>\n<script type=\"application\/ld+json\" class=\"yoast-schema-graph\">{\"@context\":\"https:\\\/\\\/schema.org\",\"@graph\":[{\"@type\":\"Article\",\"@id\":\"https:\\\/\\\/www.uartes.edu.ec\\\/sitio\\\/en\\\/blog\\\/2024\\\/02\\\/09\\\/tres-conciertos-de-titulacion-con-sabor-a-jueves-eas\\\/#article\",\"isPartOf\":{\"@id\":\"https:\\\/\\\/www.uartes.edu.ec\\\/sitio\\\/en\\\/blog\\\/2024\\\/02\\\/09\\\/tres-conciertos-de-titulacion-con-sabor-a-jueves-eas\\\/\"},\"author\":{\"name\":\"Universidad de las Artes\",\"@id\":\"https:\\\/\\\/www.uartes.edu.ec\\\/sitio\\\/en\\\/#\\\/schema\\\/person\\\/f33f8c1d2af0d5c80a38c8abf458184a\"},\"headline\":\"Tres conciertos de grado con sabor a los Jueves EAS; hubo punk, free guitar y cantos rituales de las cosechas\",\"datePublished\":\"2024-02-09T22:01:44+00:00\",\"dateModified\":\"2024-07-04T16:19:22+00:00\",\"mainEntityOfPage\":{\"@id\":\"https:\\\/\\\/www.uartes.edu.ec\\\/sitio\\\/en\\\/blog\\\/2024\\\/02\\\/09\\\/tres-conciertos-de-titulacion-con-sabor-a-jueves-eas\\\/\"},\"wordCount\":733,\"commentCount\":0,\"publisher\":{\"@id\":\"https:\\\/\\\/www.uartes.edu.ec\\\/sitio\\\/en\\\/#organization\"},\"image\":{\"@id\":\"https:\\\/\\\/www.uartes.edu.ec\\\/sitio\\\/en\\\/blog\\\/2024\\\/02\\\/09\\\/tres-conciertos-de-titulacion-con-sabor-a-jueves-eas\\\/#primaryimage\"},\"thumbnailUrl\":\"https:\\\/\\\/www.uartes.edu.ec\\\/sitio\\\/wp-content\\\/uploads\\\/2024\\\/02\\\/NA1.jpg\",\"keywords\":[\"concierto de grado\"],\"articleSection\":[\"1B\",\"Artes\",\"Artes Sonoras\",\"Docentes\",\"Estudiantes\",\"InfoUArtes\",\"Sin categor\u00eda\"],\"inLanguage\":\"en-US\",\"potentialAction\":[{\"@type\":\"CommentAction\",\"name\":\"Comment\",\"target\":[\"https:\\\/\\\/www.uartes.edu.ec\\\/sitio\\\/en\\\/blog\\\/2024\\\/02\\\/09\\\/tres-conciertos-de-titulacion-con-sabor-a-jueves-eas\\\/#respond\"]}]},{\"@type\":[\"WebPage\",\"ItemPage\"],\"@id\":\"https:\\\/\\\/www.uartes.edu.ec\\\/sitio\\\/en\\\/blog\\\/2024\\\/02\\\/09\\\/tres-conciertos-de-titulacion-con-sabor-a-jueves-eas\\\/\",\"url\":\"https:\\\/\\\/www.uartes.edu.ec\\\/sitio\\\/en\\\/blog\\\/2024\\\/02\\\/09\\\/tres-conciertos-de-titulacion-con-sabor-a-jueves-eas\\\/\",\"name\":\"Universidad de las Artes - Tres conciertos de grado con sabor a los Jueves EAS; hubo punk, free guitar y cantos rituales de las cosechas\",\"isPartOf\":{\"@id\":\"https:\\\/\\\/www.uartes.edu.ec\\\/sitio\\\/en\\\/#website\"},\"primaryImageOfPage\":{\"@id\":\"https:\\\/\\\/www.uartes.edu.ec\\\/sitio\\\/en\\\/blog\\\/2024\\\/02\\\/09\\\/tres-conciertos-de-titulacion-con-sabor-a-jueves-eas\\\/#primaryimage\"},\"image\":{\"@id\":\"https:\\\/\\\/www.uartes.edu.ec\\\/sitio\\\/en\\\/blog\\\/2024\\\/02\\\/09\\\/tres-conciertos-de-titulacion-con-sabor-a-jueves-eas\\\/#primaryimage\"},\"thumbnailUrl\":\"https:\\\/\\\/www.uartes.edu.ec\\\/sitio\\\/wp-content\\\/uploads\\\/2024\\\/02\\\/NA1.jpg\",\"datePublished\":\"2024-02-09T22:01:44+00:00\",\"dateModified\":\"2024-07-04T16:19:22+00:00\",\"description\":\"Universidad de las Artes - Tres conciertos de grado con sabor a los Jueves EAS; hubo punk, free guitar y cantos rituales de las cosechas\",\"breadcrumb\":{\"@id\":\"https:\\\/\\\/www.uartes.edu.ec\\\/sitio\\\/en\\\/blog\\\/2024\\\/02\\\/09\\\/tres-conciertos-de-titulacion-con-sabor-a-jueves-eas\\\/#breadcrumb\"},\"inLanguage\":\"en-US\",\"potentialAction\":[{\"@type\":\"ReadAction\",\"target\":[\"https:\\\/\\\/www.uartes.edu.ec\\\/sitio\\\/en\\\/blog\\\/2024\\\/02\\\/09\\\/tres-conciertos-de-titulacion-con-sabor-a-jueves-eas\\\/\"]}]},{\"@type\":\"ImageObject\",\"inLanguage\":\"en-US\",\"@id\":\"https:\\\/\\\/www.uartes.edu.ec\\\/sitio\\\/en\\\/blog\\\/2024\\\/02\\\/09\\\/tres-conciertos-de-titulacion-con-sabor-a-jueves-eas\\\/#primaryimage\",\"url\":\"https:\\\/\\\/www.uartes.edu.ec\\\/sitio\\\/wp-content\\\/uploads\\\/2024\\\/02\\\/NA1.jpg\",\"contentUrl\":\"https:\\\/\\\/www.uartes.edu.ec\\\/sitio\\\/wp-content\\\/uploads\\\/2024\\\/02\\\/NA1.jpg\",\"width\":2000,\"height\":1333},{\"@type\":\"BreadcrumbList\",\"@id\":\"https:\\\/\\\/www.uartes.edu.ec\\\/sitio\\\/en\\\/blog\\\/2024\\\/02\\\/09\\\/tres-conciertos-de-titulacion-con-sabor-a-jueves-eas\\\/#breadcrumb\",\"itemListElement\":[{\"@type\":\"ListItem\",\"position\":1,\"name\":\"Inicio\",\"item\":\"https:\\\/\\\/www.uartes.edu.ec\\\/sitio\\\/\"},{\"@type\":\"ListItem\",\"position\":2,\"name\":\"Tres conciertos de grado con sabor a los Jueves EAS; hubo punk, free guitar y cantos rituales de las cosechas\"}]},{\"@type\":\"WebSite\",\"@id\":\"https:\\\/\\\/www.uartes.edu.ec\\\/sitio\\\/en\\\/#website\",\"url\":\"https:\\\/\\\/www.uartes.edu.ec\\\/sitio\\\/en\\\/\",\"name\":\"Universidad de las Artes\",\"description\":\"Sitio oficial de la Universidad Nacional de las Artes del Ecuador\",\"publisher\":{\"@id\":\"https:\\\/\\\/www.uartes.edu.ec\\\/sitio\\\/en\\\/#organization\"},\"potentialAction\":[{\"@type\":\"SearchAction\",\"target\":{\"@type\":\"EntryPoint\",\"urlTemplate\":\"https:\\\/\\\/www.uartes.edu.ec\\\/sitio\\\/en\\\/?s={search_term_string}\"},\"query-input\":{\"@type\":\"PropertyValueSpecification\",\"valueRequired\":true,\"valueName\":\"search_term_string\"}}],\"inLanguage\":\"en-US\"},{\"@type\":\"Organization\",\"@id\":\"https:\\\/\\\/www.uartes.edu.ec\\\/sitio\\\/en\\\/#organization\",\"name\":\"Universidad de las Artes\",\"url\":\"https:\\\/\\\/www.uartes.edu.ec\\\/sitio\\\/en\\\/\",\"logo\":{\"@type\":\"ImageObject\",\"inLanguage\":\"en-US\",\"@id\":\"https:\\\/\\\/www.uartes.edu.ec\\\/sitio\\\/en\\\/#\\\/schema\\\/logo\\\/image\\\/\",\"url\":\"https:\\\/\\\/www.uartes.edu.ec\\\/sitio\\\/wp-content\\\/uploads\\\/2022\\\/07\\\/logo-ua-horizontal.png\",\"contentUrl\":\"https:\\\/\\\/www.uartes.edu.ec\\\/sitio\\\/wp-content\\\/uploads\\\/2022\\\/07\\\/logo-ua-horizontal.png\",\"width\":800,\"height\":276,\"caption\":\"Universidad de las Artes\"},\"image\":{\"@id\":\"https:\\\/\\\/www.uartes.edu.ec\\\/sitio\\\/en\\\/#\\\/schema\\\/logo\\\/image\\\/\"},\"sameAs\":[\"https:\\\/\\\/www.facebook.com\\\/uartesec\",\"https:\\\/\\\/x.com\\\/uartesec\",\"https:\\\/\\\/www.tiktok.com\\\/@uartesec\"]},{\"@type\":\"Person\",\"@id\":\"https:\\\/\\\/www.uartes.edu.ec\\\/sitio\\\/en\\\/#\\\/schema\\\/person\\\/f33f8c1d2af0d5c80a38c8abf458184a\",\"name\":\"Universidad de las Artes\",\"image\":{\"@type\":\"ImageObject\",\"inLanguage\":\"en-US\",\"@id\":\"https:\\\/\\\/secure.gravatar.com\\\/avatar\\\/52e4757902f5cfa5ac52d020e5be83cae5487519154b6c35482fe08d589f3c13?s=96&d=mm&r=g\",\"url\":\"https:\\\/\\\/secure.gravatar.com\\\/avatar\\\/52e4757902f5cfa5ac52d020e5be83cae5487519154b6c35482fe08d589f3c13?s=96&d=mm&r=g\",\"contentUrl\":\"https:\\\/\\\/secure.gravatar.com\\\/avatar\\\/52e4757902f5cfa5ac52d020e5be83cae5487519154b6c35482fe08d589f3c13?s=96&d=mm&r=g\",\"caption\":\"Universidad de las Artes\"},\"url\":\"https:\\\/\\\/www.uartes.edu.ec\\\/sitio\\\/en\\\/blog\\\/author\\\/dircomadm\\\/\"}]}<\/script>\n<!-- \/ Yoast SEO plugin. -->","yoast_head_json":{"title":"Universidad de las Artes - Tres conciertos de grado con sabor a los Jueves EAS; hubo punk, free guitar y cantos rituales de las cosechas","description":"Universidad de las Artes - Tres conciertos de grado con sabor a los Jueves EAS; hubo punk, free guitar y cantos rituales de las cosechas","robots":{"index":"index","follow":"follow","max-snippet":"max-snippet:-1","max-image-preview":"max-image-preview:large","max-video-preview":"max-video-preview:-1"},"canonical":"https:\/\/www.uartes.edu.ec\/sitio\/en\/blog\/2024\/02\/09\/tres-conciertos-de-titulacion-con-sabor-a-jueves-eas\/","og_locale":"en_US","og_type":"article","og_title":"Universidad de las Artes - Tres conciertos de grado con sabor a los Jueves EAS; hubo punk, free guitar y cantos rituales de las cosechas","og_description":"Universidad de las Artes - Tres conciertos de grado con sabor a los Jueves EAS; hubo punk, free guitar y cantos rituales de las cosechas","og_url":"https:\/\/www.uartes.edu.ec\/sitio\/en\/blog\/2024\/02\/09\/tres-conciertos-de-titulacion-con-sabor-a-jueves-eas\/","og_site_name":"Universidad de las Artes","article_publisher":"https:\/\/www.facebook.com\/uartesec","article_published_time":"2024-02-09T22:01:44+00:00","article_modified_time":"2024-07-04T16:19:22+00:00","og_image":[{"width":2000,"height":1333,"url":"https:\/\/www.uartes.edu.ec\/sitio\/wp-content\/uploads\/2024\/02\/NA1.jpg","type":"image\/jpeg"}],"author":"Universidad de las Artes","twitter_card":"summary_large_image","twitter_creator":"@uartesec","twitter_site":"@uartesec","twitter_misc":{"Written by":"Universidad de las Artes","Est. reading time":"4 minutes"},"schema":{"@context":"https:\/\/schema.org","@graph":[{"@type":"Article","@id":"https:\/\/www.uartes.edu.ec\/sitio\/en\/blog\/2024\/02\/09\/tres-conciertos-de-titulacion-con-sabor-a-jueves-eas\/#article","isPartOf":{"@id":"https:\/\/www.uartes.edu.ec\/sitio\/en\/blog\/2024\/02\/09\/tres-conciertos-de-titulacion-con-sabor-a-jueves-eas\/"},"author":{"name":"Universidad de las Artes","@id":"https:\/\/www.uartes.edu.ec\/sitio\/en\/#\/schema\/person\/f33f8c1d2af0d5c80a38c8abf458184a"},"headline":"Tres conciertos de grado con sabor a los Jueves EAS; hubo punk, free guitar y cantos rituales de las cosechas","datePublished":"2024-02-09T22:01:44+00:00","dateModified":"2024-07-04T16:19:22+00:00","mainEntityOfPage":{"@id":"https:\/\/www.uartes.edu.ec\/sitio\/en\/blog\/2024\/02\/09\/tres-conciertos-de-titulacion-con-sabor-a-jueves-eas\/"},"wordCount":733,"commentCount":0,"publisher":{"@id":"https:\/\/www.uartes.edu.ec\/sitio\/en\/#organization"},"image":{"@id":"https:\/\/www.uartes.edu.ec\/sitio\/en\/blog\/2024\/02\/09\/tres-conciertos-de-titulacion-con-sabor-a-jueves-eas\/#primaryimage"},"thumbnailUrl":"https:\/\/www.uartes.edu.ec\/sitio\/wp-content\/uploads\/2024\/02\/NA1.jpg","keywords":["concierto de grado"],"articleSection":["1B","Artes","Artes Sonoras","Docentes","Estudiantes","InfoUArtes","Sin categor\u00eda"],"inLanguage":"en-US","potentialAction":[{"@type":"CommentAction","name":"Comment","target":["https:\/\/www.uartes.edu.ec\/sitio\/en\/blog\/2024\/02\/09\/tres-conciertos-de-titulacion-con-sabor-a-jueves-eas\/#respond"]}]},{"@type":["WebPage","ItemPage"],"@id":"https:\/\/www.uartes.edu.ec\/sitio\/en\/blog\/2024\/02\/09\/tres-conciertos-de-titulacion-con-sabor-a-jueves-eas\/","url":"https:\/\/www.uartes.edu.ec\/sitio\/en\/blog\/2024\/02\/09\/tres-conciertos-de-titulacion-con-sabor-a-jueves-eas\/","name":"Universidad de las Artes - Tres conciertos de grado con sabor a los Jueves EAS; hubo punk, free guitar y cantos rituales de las cosechas","isPartOf":{"@id":"https:\/\/www.uartes.edu.ec\/sitio\/en\/#website"},"primaryImageOfPage":{"@id":"https:\/\/www.uartes.edu.ec\/sitio\/en\/blog\/2024\/02\/09\/tres-conciertos-de-titulacion-con-sabor-a-jueves-eas\/#primaryimage"},"image":{"@id":"https:\/\/www.uartes.edu.ec\/sitio\/en\/blog\/2024\/02\/09\/tres-conciertos-de-titulacion-con-sabor-a-jueves-eas\/#primaryimage"},"thumbnailUrl":"https:\/\/www.uartes.edu.ec\/sitio\/wp-content\/uploads\/2024\/02\/NA1.jpg","datePublished":"2024-02-09T22:01:44+00:00","dateModified":"2024-07-04T16:19:22+00:00","description":"Universidad de las Artes - Tres conciertos de grado con sabor a los Jueves EAS; hubo punk, free guitar y cantos rituales de las cosechas","breadcrumb":{"@id":"https:\/\/www.uartes.edu.ec\/sitio\/en\/blog\/2024\/02\/09\/tres-conciertos-de-titulacion-con-sabor-a-jueves-eas\/#breadcrumb"},"inLanguage":"en-US","potentialAction":[{"@type":"ReadAction","target":["https:\/\/www.uartes.edu.ec\/sitio\/en\/blog\/2024\/02\/09\/tres-conciertos-de-titulacion-con-sabor-a-jueves-eas\/"]}]},{"@type":"ImageObject","inLanguage":"en-US","@id":"https:\/\/www.uartes.edu.ec\/sitio\/en\/blog\/2024\/02\/09\/tres-conciertos-de-titulacion-con-sabor-a-jueves-eas\/#primaryimage","url":"https:\/\/www.uartes.edu.ec\/sitio\/wp-content\/uploads\/2024\/02\/NA1.jpg","contentUrl":"https:\/\/www.uartes.edu.ec\/sitio\/wp-content\/uploads\/2024\/02\/NA1.jpg","width":2000,"height":1333},{"@type":"BreadcrumbList","@id":"https:\/\/www.uartes.edu.ec\/sitio\/en\/blog\/2024\/02\/09\/tres-conciertos-de-titulacion-con-sabor-a-jueves-eas\/#breadcrumb","itemListElement":[{"@type":"ListItem","position":1,"name":"Inicio","item":"https:\/\/www.uartes.edu.ec\/sitio\/"},{"@type":"ListItem","position":2,"name":"Tres conciertos de grado con sabor a los Jueves EAS; hubo punk, free guitar y cantos rituales de las cosechas"}]},{"@type":"WebSite","@id":"https:\/\/www.uartes.edu.ec\/sitio\/en\/#website","url":"https:\/\/www.uartes.edu.ec\/sitio\/en\/","name":"Universidad de las Artes","description":"Sitio oficial de la Universidad Nacional de las Artes del Ecuador","publisher":{"@id":"https:\/\/www.uartes.edu.ec\/sitio\/en\/#organization"},"potentialAction":[{"@type":"SearchAction","target":{"@type":"EntryPoint","urlTemplate":"https:\/\/www.uartes.edu.ec\/sitio\/en\/?s={search_term_string}"},"query-input":{"@type":"PropertyValueSpecification","valueRequired":true,"valueName":"search_term_string"}}],"inLanguage":"en-US"},{"@type":"Organization","@id":"https:\/\/www.uartes.edu.ec\/sitio\/en\/#organization","name":"Universidad de las Artes","url":"https:\/\/www.uartes.edu.ec\/sitio\/en\/","logo":{"@type":"ImageObject","inLanguage":"en-US","@id":"https:\/\/www.uartes.edu.ec\/sitio\/en\/#\/schema\/logo\/image\/","url":"https:\/\/www.uartes.edu.ec\/sitio\/wp-content\/uploads\/2022\/07\/logo-ua-horizontal.png","contentUrl":"https:\/\/www.uartes.edu.ec\/sitio\/wp-content\/uploads\/2022\/07\/logo-ua-horizontal.png","width":800,"height":276,"caption":"Universidad de las Artes"},"image":{"@id":"https:\/\/www.uartes.edu.ec\/sitio\/en\/#\/schema\/logo\/image\/"},"sameAs":["https:\/\/www.facebook.com\/uartesec","https:\/\/x.com\/uartesec","https:\/\/www.tiktok.com\/@uartesec"]},{"@type":"Person","@id":"https:\/\/www.uartes.edu.ec\/sitio\/en\/#\/schema\/person\/f33f8c1d2af0d5c80a38c8abf458184a","name":"Universidad de las Artes","image":{"@type":"ImageObject","inLanguage":"en-US","@id":"https:\/\/secure.gravatar.com\/avatar\/52e4757902f5cfa5ac52d020e5be83cae5487519154b6c35482fe08d589f3c13?s=96&d=mm&r=g","url":"https:\/\/secure.gravatar.com\/avatar\/52e4757902f5cfa5ac52d020e5be83cae5487519154b6c35482fe08d589f3c13?s=96&d=mm&r=g","contentUrl":"https:\/\/secure.gravatar.com\/avatar\/52e4757902f5cfa5ac52d020e5be83cae5487519154b6c35482fe08d589f3c13?s=96&d=mm&r=g","caption":"Universidad de las Artes"},"url":"https:\/\/www.uartes.edu.ec\/sitio\/en\/blog\/author\/dircomadm\/"}]}},"uagb_featured_image_src":{"full":["https:\/\/www.uartes.edu.ec\/sitio\/wp-content\/uploads\/2024\/02\/NA1.jpg",2000,1333,false],"thumbnail":["https:\/\/www.uartes.edu.ec\/sitio\/wp-content\/uploads\/2024\/02\/NA1-150x150.jpg",150,150,true],"medium":["https:\/\/www.uartes.edu.ec\/sitio\/wp-content\/uploads\/2024\/02\/NA1-300x200.jpg",300,200,true],"medium_large":["https:\/\/www.uartes.edu.ec\/sitio\/wp-content\/uploads\/2024\/02\/NA1-768x512.jpg",768,512,true],"large":["https:\/\/www.uartes.edu.ec\/sitio\/wp-content\/uploads\/2024\/02\/NA1-644x429.jpg",644,429,true],"1536x1536":["https:\/\/www.uartes.edu.ec\/sitio\/wp-content\/uploads\/2024\/02\/NA1-1536x1024.jpg",1536,1024,true],"2048x2048":["https:\/\/www.uartes.edu.ec\/sitio\/wp-content\/uploads\/2024\/02\/NA1.jpg",2000,1333,false],"trp-custom-language-flag":["https:\/\/www.uartes.edu.ec\/sitio\/wp-content\/uploads\/2024\/02\/NA1.jpg",18,12,false],"htmega_size_585x295":["https:\/\/www.uartes.edu.ec\/sitio\/wp-content\/uploads\/2024\/02\/NA1-585x295.jpg",585,295,true],"htmega_size_1170x536":["https:\/\/www.uartes.edu.ec\/sitio\/wp-content\/uploads\/2024\/02\/NA1-1170x536.jpg",1170,536,true],"htmega_size_396x360":["https:\/\/www.uartes.edu.ec\/sitio\/wp-content\/uploads\/2024\/02\/NA1-396x360.jpg",396,360,true],"gb-block-post-grid-landscape":["https:\/\/www.uartes.edu.ec\/sitio\/wp-content\/uploads\/2024\/02\/NA1-600x400.jpg",600,400,true],"gb-block-post-grid-square":["https:\/\/www.uartes.edu.ec\/sitio\/wp-content\/uploads\/2024\/02\/NA1-600x600.jpg",600,600,true],"university-hub-thumb":["https:\/\/www.uartes.edu.ec\/sitio\/wp-content\/uploads\/2024\/02\/NA1-400x267.jpg",400,267,true],"mailpoet_newsletter_max":["https:\/\/www.uartes.edu.ec\/sitio\/wp-content\/uploads\/2024\/02\/NA1.jpg",1320,880,false]},"uagb_author_info":{"display_name":"Universidad de las Artes","author_link":"https:\/\/www.uartes.edu.ec\/sitio\/en\/blog\/author\/dircomadm\/"},"uagb_comment_info":0,"uagb_excerpt":"Joshua Navarrete, Luis C\u00e1rdenas y Luis Bautista llevaron ayer sus conciertos de grado a tres escenarios UArtes. Los estudiantes propusieron: \u201cPunk directo al Esp\u00edritu\u201d, \u201cFree Guitar\u201d y \u201cJahuay: cantos rituales de las cosechas\u201d. Al cierre de esta edici\u00f3n, Jonathan Jimbo presentaba en el MZ14 la composici\u00f3n de cuatro obras de tradici\u00f3n ecuatoriana con jazz fusi\u00f3n&hellip;","featured_image_src":"https:\/\/www.uartes.edu.ec\/sitio\/wp-content\/uploads\/2024\/02\/NA1-600x400.jpg","featured_image_src_square":"https:\/\/www.uartes.edu.ec\/sitio\/wp-content\/uploads\/2024\/02\/NA1-600x600.jpg","author_info":{"display_name":"Universidad de las Artes","author_link":"https:\/\/www.uartes.edu.ec\/sitio\/en\/blog\/author\/dircomadm\/"},"publishpress_future_workflow_manual_trigger":{"enabledWorkflows":[]},"distributor_meta":false,"distributor_terms":false,"distributor_media":false,"distributor_original_site_name":"Universidad de las Artes","distributor_original_site_url":"https:\/\/www.uartes.edu.ec\/sitio\/en","push-errors":false,"_links":{"self":[{"href":"https:\/\/www.uartes.edu.ec\/sitio\/en\/wp-json\/wp\/v2\/posts\/50845","targetHints":{"allow":["GET"]}}],"collection":[{"href":"https:\/\/www.uartes.edu.ec\/sitio\/en\/wp-json\/wp\/v2\/posts"}],"about":[{"href":"https:\/\/www.uartes.edu.ec\/sitio\/en\/wp-json\/wp\/v2\/types\/post"}],"author":[{"embeddable":true,"href":"https:\/\/www.uartes.edu.ec\/sitio\/en\/wp-json\/wp\/v2\/users\/1"}],"replies":[{"embeddable":true,"href":"https:\/\/www.uartes.edu.ec\/sitio\/en\/wp-json\/wp\/v2\/comments?post=50845"}],"version-history":[{"count":15,"href":"https:\/\/www.uartes.edu.ec\/sitio\/en\/wp-json\/wp\/v2\/posts\/50845\/revisions"}],"predecessor-version":[{"id":50920,"href":"https:\/\/www.uartes.edu.ec\/sitio\/en\/wp-json\/wp\/v2\/posts\/50845\/revisions\/50920"}],"wp:featuredmedia":[{"embeddable":true,"href":"https:\/\/www.uartes.edu.ec\/sitio\/en\/wp-json\/wp\/v2\/media\/50846"}],"wp:attachment":[{"href":"https:\/\/www.uartes.edu.ec\/sitio\/en\/wp-json\/wp\/v2\/media?parent=50845"}],"wp:term":[{"taxonomy":"category","embeddable":true,"href":"https:\/\/www.uartes.edu.ec\/sitio\/en\/wp-json\/wp\/v2\/categories?post=50845"},{"taxonomy":"post_tag","embeddable":true,"href":"https:\/\/www.uartes.edu.ec\/sitio\/en\/wp-json\/wp\/v2\/tags?post=50845"},{"taxonomy":"infouartes","embeddable":true,"href":"https:\/\/www.uartes.edu.ec\/sitio\/en\/wp-json\/wp\/v2\/infouartes?post=50845"}],"curies":[{"name":"wp","href":"https:\/\/api.w.org\/{rel}","templated":true}]}}