{"id":52109,"date":"2024-03-27T11:02:00","date_gmt":"2024-03-27T16:02:00","guid":{"rendered":"https:\/\/www.uartes.edu.ec\/sitio\/?p=52109"},"modified":"2024-07-04T11:19:12","modified_gmt":"2024-07-04T16:19:12","slug":"nunca-muere-el-sueno-si-aun-vive-el-sonador","status":"publish","type":"post","link":"https:\/\/www.uartes.edu.ec\/sitio\/en\/blog\/2024\/03\/27\/nunca-muere-el-sueno-si-aun-vive-el-sonador\/","title":{"rendered":"\u201cNunca muere el sue\u00f1o si a\u00fan vive el so\u00f1ador\u201d, muestra de grado de Erick Balladares en el Museo Nah\u00edm Isa\u00edas"},"content":{"rendered":"<p>Como un intento por consumar memorias que pens\u00f3 olvidadas y descubrir c\u00f3mo esos recuerdos perduran en su subconsciente trabaj\u00f3 Erick Balladares Duque su muestra de titulaci\u00f3n \u201cNunca muere el sue\u00f1o si a\u00fan vive el so\u00f1ador\u201d, la cual llev\u00f3 al Museo Nah\u00edm Isa\u00edas, donde se mantendr\u00e1 hasta el pr\u00f3ximo 30 de abril.\u00a0<\/p>\n\n\n\n<p>Para su propuesta expositiva utiliz\u00f3 elementos que posibilitan la creaci\u00f3n de una noci\u00f3n de superposici\u00f3n o efectos difusos en pinturas y obras instalativas, a fin de generar una nueva narrativa visual en cada uno de sus proyectos, expresa el hoy graduado en el itinerario Creaci\u00f3n e Investigaci\u00f3n Pict\u00f3rica de la Escuela de Artes Visuales, puesto que tambi\u00e9n present\u00f3 ya (el 12 de marzo pasado) la defensa de su tesis.<\/p>\n\n\n\n<p>Con la tutor\u00eda del docente Wiliam Hern\u00e1ndez, para \u201cNunca muere el sue\u00f1o si a\u00fan vive el so\u00f1ador\u201d Balladares Duque utiliz\u00f3 pintura sobre pl\u00e1stico, acr\u00edlico e instalaci\u00f3n y en cada uno de los objetos y elementos que componen su propuesta \u2013como fotograf\u00edas de \u00e1lbumes familiares\u2013 busc\u00f3 generar un recuerdo o una memoria que se consolida en la fe.<\/p>\n\n\n<div class=\"wp-block-image\">\n<figure class=\"aligncenter size-large\"><img fetchpriority=\"high\" decoding=\"async\" width=\"644\" height=\"429\" src=\"https:\/\/www.uartes.edu.ec\/sitio\/wp-content\/uploads\/2024\/04\/01-ARTES-VISUALES-ERICK-DUQUE-644x429.jpg\" alt=\"\" class=\"wp-image-52112\" srcset=\"https:\/\/www.uartes.edu.ec\/sitio\/wp-content\/uploads\/2024\/04\/01-ARTES-VISUALES-ERICK-DUQUE-644x429.jpg 644w, https:\/\/www.uartes.edu.ec\/sitio\/wp-content\/uploads\/2024\/04\/01-ARTES-VISUALES-ERICK-DUQUE-768x511.jpg 768w, https:\/\/www.uartes.edu.ec\/sitio\/wp-content\/uploads\/2024\/04\/01-ARTES-VISUALES-ERICK-DUQUE.jpg 2000w, https:\/\/www.uartes.edu.ec\/sitio\/wp-content\/uploads\/2024\/04\/01-ARTES-VISUALES-ERICK-DUQUE-18x12.jpg 18w, https:\/\/www.uartes.edu.ec\/sitio\/wp-content\/uploads\/2024\/04\/01-ARTES-VISUALES-ERICK-DUQUE-600x399.jpg 600w, https:\/\/www.uartes.edu.ec\/sitio\/wp-content\/uploads\/2024\/04\/01-ARTES-VISUALES-ERICK-DUQUE-272x182.jpg 272w\" sizes=\"(max-width: 644px) 100vw, 644px\" \/><\/figure>\n<\/div>\n\n\n<p>\u201cCon este proyecto doy inicio a generar un cuerpo de obras que nacen de un inter\u00e9s muy propio. Esta propuesta aborda acontecimientos que marcaron un antes y un despu\u00e9s en mi forma de convivir con la religi\u00f3n desde una mirada de lo \u00edntimo. Esta propuesta representa una perspectiva personal centrada en el tr\u00e1nsito por la memoria y la devoci\u00f3n hacia una fe interna basada en la reflexi\u00f3n sobre los recuerdos. Estos recuerdos posibilitan explorar y desarrollar la rememoraci\u00f3n de mi archivo familiar tanto dentro como fuera del espacio de veneraci\u00f3n\u201d, indica el Balladares Duque.<\/p>\n\n\n\n<p>Revela que le causa inter\u00e9s las convenciones culturales y dogmas que se exteriorizan en sus recuerdos, en di\u00e1logo con la exploraci\u00f3n de las im\u00e1genes, el v\u00ednculo creado mediante el dibujo, la fotograf\u00eda y el uso de elementos que permiten ejemplificar el proceso del cambio de lo cat\u00f3lico laico a lo pentecostal. Esto porque en los \u00faltimos cinco a\u00f1os adopt\u00f3 el estilo de vida evang\u00e9lico pentecostal, abandonado creencias en santos y deidades creados por el hombre seg\u00fan su imaginaci\u00f3n.<\/p>\n\n\n<div class=\"wp-block-image\">\n<figure class=\"aligncenter size-large\"><img decoding=\"async\" width=\"644\" height=\"429\" src=\"https:\/\/www.uartes.edu.ec\/sitio\/wp-content\/uploads\/2024\/04\/03-ARTES-VISUALES-ERICK-DUQUE-644x429.jpg\" alt=\"\" class=\"wp-image-52113\" srcset=\"https:\/\/www.uartes.edu.ec\/sitio\/wp-content\/uploads\/2024\/04\/03-ARTES-VISUALES-ERICK-DUQUE-644x429.jpg 644w, https:\/\/www.uartes.edu.ec\/sitio\/wp-content\/uploads\/2024\/04\/03-ARTES-VISUALES-ERICK-DUQUE-768x511.jpg 768w, https:\/\/www.uartes.edu.ec\/sitio\/wp-content\/uploads\/2024\/04\/03-ARTES-VISUALES-ERICK-DUQUE.jpg 2000w, https:\/\/www.uartes.edu.ec\/sitio\/wp-content\/uploads\/2024\/04\/03-ARTES-VISUALES-ERICK-DUQUE-18x12.jpg 18w, https:\/\/www.uartes.edu.ec\/sitio\/wp-content\/uploads\/2024\/04\/03-ARTES-VISUALES-ERICK-DUQUE-600x399.jpg 600w, https:\/\/www.uartes.edu.ec\/sitio\/wp-content\/uploads\/2024\/04\/03-ARTES-VISUALES-ERICK-DUQUE-272x182.jpg 272w\" sizes=\"(max-width: 644px) 100vw, 644px\" \/><\/figure>\n<\/div>\n\n\n<p>Fueron justamente sus creencias las que motivaron el proyecto. \u201cEn la actualidad creo en un Dios que no tiene rostro, que mora en las alturas y salva del pecado. Aquel archivo contenedor de im\u00e1genes, recuerdos, sonidos y maneras de ver las cosas son parte de un difuso escenario que dej\u00e9 en el pasado. En esta experiencia busco, en primer lugar, el espacio que ocupan los elementos\u201d.<\/p>\n\n\n\n<p>De los pasos dados en el arte visual y durante su preparaci\u00f3n acad\u00e9mica, Balladares Duque comenta haber participado en varias exposiciones colectivas, como \u201cSe me va y viene\u201d, en 2021, y \u201cDiez en uno\u201d, inaugurada el a\u00f1o pasado en el Museo Municipal de Guayaquil.<\/p>\n\n\n\n<p>En cuanto a premios, trae a la memoria que en el 2015 intervino en Enfiesta Arte, obteniendo el primer lugar en el apartado de Fotograf\u00eda y que en el concurso para dise\u00f1ar la corona de Miss Ecuador 2022 qued\u00f3 en segundo lugar.<\/p>\n\n\n\n<p>Fotos: Cortes\u00eda Erick Balladares Duque.<\/p>","protected":false},"excerpt":{"rendered":"<p>Como un intento por consumar memorias que pens\u00f3 olvidadas y descubrir c\u00f3mo perduran en su subconsciente trabaj\u00f3 Erick Balladares su muestra de titulaci\u00f3n \u201cNunca muere el sue\u00f1o si a\u00fan vive el so\u00f1ador\u201d, la cual llev\u00f3 al Museo Nah\u00edm Isa\u00edas, donde estar\u00e1 hasta el 30 de abril. Utiliz\u00f3, anota, elementos que posibilitan la creaci\u00f3n de una noci\u00f3n de superposici\u00f3n o efectos difusos en pinturas y obras.<\/p>","protected":false},"author":10,"featured_media":52111,"comment_status":"open","ping_status":"open","sticky":false,"template":"","format":"standard","meta":{"_acf_changed":false,"_uag_custom_page_level_css":"","_monsterinsights_skip_tracking":false,"_monsterinsights_sitenote_active":false,"_monsterinsights_sitenote_note":"","_monsterinsights_sitenote_category":0,"cybocfi_hide_featured_image":"","footnotes":""},"categories":[80,82,157,75,76,77],"tags":[517],"infouartes":[],"class_list":["post-52109","post","type-post","status-publish","format-standard","has-post-thumbnail","hentry","category-academico","category-artes","category-artes-visuales","category-docentes","category-estudiantes","category-gestion","tag-exposicion"],"acf":[],"yoast_head":"<!-- This site is optimized with the Yoast SEO plugin v27.4 - https:\/\/yoast.com\/product\/yoast-seo-wordpress\/ -->\n<title>Universidad de las Artes - \u201cNunca muere el sue\u00f1o si a\u00fan vive el so\u00f1ador\u201d, muestra de grado de Erick Balladares en el Museo Nah\u00edm Isa\u00edas<\/title>\n<meta name=\"description\" content=\"Universidad de las Artes - \u201cNunca muere el sue\u00f1o si a\u00fan vive el so\u00f1ador\u201d, muestra de grado de Erick Balladares en el Museo Nah\u00edm Isa\u00edas\" \/>\n<meta name=\"robots\" content=\"index, follow, max-snippet:-1, max-image-preview:large, max-video-preview:-1\" \/>\n<link rel=\"canonical\" href=\"https:\/\/www.uartes.edu.ec\/sitio\/en\/blog\/2024\/03\/27\/nunca-muere-el-sueno-si-aun-vive-el-sonador\/\" \/>\n<meta property=\"og:locale\" content=\"en_US\" \/>\n<meta property=\"og:type\" content=\"article\" \/>\n<meta property=\"og:title\" content=\"Universidad de las Artes - \u201cNunca muere el sue\u00f1o si a\u00fan vive el so\u00f1ador\u201d, muestra de grado de Erick Balladares en el Museo Nah\u00edm Isa\u00edas\" \/>\n<meta property=\"og:description\" content=\"Universidad de las Artes - \u201cNunca muere el sue\u00f1o si a\u00fan vive el so\u00f1ador\u201d, muestra de grado de Erick Balladares en el Museo Nah\u00edm Isa\u00edas\" \/>\n<meta property=\"og:url\" content=\"https:\/\/www.uartes.edu.ec\/sitio\/en\/blog\/2024\/03\/27\/nunca-muere-el-sueno-si-aun-vive-el-sonador\/\" \/>\n<meta property=\"og:site_name\" content=\"Universidad de las Artes\" \/>\n<meta property=\"article:publisher\" content=\"https:\/\/www.facebook.com\/uartesec\" \/>\n<meta property=\"article:published_time\" content=\"2024-03-27T16:02:00+00:00\" \/>\n<meta property=\"article:modified_time\" content=\"2024-07-04T16:19:12+00:00\" \/>\n<meta property=\"og:image\" content=\"https:\/\/www.uartes.edu.ec\/sitio\/wp-content\/uploads\/2024\/04\/02-ARTES-VISUALES-ERICK-DUQUE.jpg\" \/>\n\t<meta property=\"og:image:width\" content=\"2000\" \/>\n\t<meta property=\"og:image:height\" content=\"1333\" \/>\n\t<meta property=\"og:image:type\" content=\"image\/jpeg\" \/>\n<meta name=\"author\" content=\"ccortez\" \/>\n<meta name=\"twitter:card\" content=\"summary_large_image\" \/>\n<meta name=\"twitter:creator\" content=\"@uartesec\" \/>\n<meta name=\"twitter:site\" content=\"@uartesec\" \/>\n<meta name=\"twitter:label1\" content=\"Written by\" \/>\n\t<meta name=\"twitter:data1\" content=\"ccortez\" \/>\n\t<meta name=\"twitter:label2\" content=\"Est. reading time\" \/>\n\t<meta name=\"twitter:data2\" content=\"3 minutes\" \/>\n<script type=\"application\/ld+json\" class=\"yoast-schema-graph\">{\"@context\":\"https:\\\/\\\/schema.org\",\"@graph\":[{\"@type\":\"Article\",\"@id\":\"https:\\\/\\\/www.uartes.edu.ec\\\/sitio\\\/en\\\/blog\\\/2024\\\/03\\\/27\\\/nunca-muere-el-sueno-si-aun-vive-el-sonador\\\/#article\",\"isPartOf\":{\"@id\":\"https:\\\/\\\/www.uartes.edu.ec\\\/sitio\\\/en\\\/blog\\\/2024\\\/03\\\/27\\\/nunca-muere-el-sueno-si-aun-vive-el-sonador\\\/\"},\"author\":{\"name\":\"ccortez\",\"@id\":\"https:\\\/\\\/www.uartes.edu.ec\\\/sitio\\\/en\\\/#\\\/schema\\\/person\\\/efa1b8275797664fd7f13a79ccc0b1f4\"},\"headline\":\"\u201cNunca muere el sue\u00f1o si a\u00fan vive el so\u00f1ador\u201d, muestra de grado de Erick Balladares en el Museo Nah\u00edm Isa\u00edas\",\"datePublished\":\"2024-03-27T16:02:00+00:00\",\"dateModified\":\"2024-07-04T16:19:12+00:00\",\"mainEntityOfPage\":{\"@id\":\"https:\\\/\\\/www.uartes.edu.ec\\\/sitio\\\/en\\\/blog\\\/2024\\\/03\\\/27\\\/nunca-muere-el-sueno-si-aun-vive-el-sonador\\\/\"},\"wordCount\":576,\"commentCount\":0,\"publisher\":{\"@id\":\"https:\\\/\\\/www.uartes.edu.ec\\\/sitio\\\/en\\\/#organization\"},\"image\":{\"@id\":\"https:\\\/\\\/www.uartes.edu.ec\\\/sitio\\\/en\\\/blog\\\/2024\\\/03\\\/27\\\/nunca-muere-el-sueno-si-aun-vive-el-sonador\\\/#primaryimage\"},\"thumbnailUrl\":\"https:\\\/\\\/www.uartes.edu.ec\\\/sitio\\\/wp-content\\\/uploads\\\/2024\\\/04\\\/02-ARTES-VISUALES-ERICK-DUQUE.jpg\",\"keywords\":[\"exposici\u00f3n\"],\"articleSection\":[\"Acad\u00e9mico\",\"Artes\",\"Artes Visuales\",\"Docentes\",\"Estudiantes\",\"Gesti\u00f3n\"],\"inLanguage\":\"en-US\",\"potentialAction\":[{\"@type\":\"CommentAction\",\"name\":\"Comment\",\"target\":[\"https:\\\/\\\/www.uartes.edu.ec\\\/sitio\\\/en\\\/blog\\\/2024\\\/03\\\/27\\\/nunca-muere-el-sueno-si-aun-vive-el-sonador\\\/#respond\"]}]},{\"@type\":[\"WebPage\",\"ItemPage\"],\"@id\":\"https:\\\/\\\/www.uartes.edu.ec\\\/sitio\\\/en\\\/blog\\\/2024\\\/03\\\/27\\\/nunca-muere-el-sueno-si-aun-vive-el-sonador\\\/\",\"url\":\"https:\\\/\\\/www.uartes.edu.ec\\\/sitio\\\/en\\\/blog\\\/2024\\\/03\\\/27\\\/nunca-muere-el-sueno-si-aun-vive-el-sonador\\\/\",\"name\":\"Universidad de las Artes - \u201cNunca muere el sue\u00f1o si a\u00fan vive el so\u00f1ador\u201d, muestra de grado de Erick Balladares en el Museo Nah\u00edm Isa\u00edas\",\"isPartOf\":{\"@id\":\"https:\\\/\\\/www.uartes.edu.ec\\\/sitio\\\/en\\\/#website\"},\"primaryImageOfPage\":{\"@id\":\"https:\\\/\\\/www.uartes.edu.ec\\\/sitio\\\/en\\\/blog\\\/2024\\\/03\\\/27\\\/nunca-muere-el-sueno-si-aun-vive-el-sonador\\\/#primaryimage\"},\"image\":{\"@id\":\"https:\\\/\\\/www.uartes.edu.ec\\\/sitio\\\/en\\\/blog\\\/2024\\\/03\\\/27\\\/nunca-muere-el-sueno-si-aun-vive-el-sonador\\\/#primaryimage\"},\"thumbnailUrl\":\"https:\\\/\\\/www.uartes.edu.ec\\\/sitio\\\/wp-content\\\/uploads\\\/2024\\\/04\\\/02-ARTES-VISUALES-ERICK-DUQUE.jpg\",\"datePublished\":\"2024-03-27T16:02:00+00:00\",\"dateModified\":\"2024-07-04T16:19:12+00:00\",\"description\":\"Universidad de las Artes - \u201cNunca muere el sue\u00f1o si a\u00fan vive el so\u00f1ador\u201d, muestra de grado de Erick Balladares en el Museo Nah\u00edm Isa\u00edas\",\"breadcrumb\":{\"@id\":\"https:\\\/\\\/www.uartes.edu.ec\\\/sitio\\\/en\\\/blog\\\/2024\\\/03\\\/27\\\/nunca-muere-el-sueno-si-aun-vive-el-sonador\\\/#breadcrumb\"},\"inLanguage\":\"en-US\",\"potentialAction\":[{\"@type\":\"ReadAction\",\"target\":[\"https:\\\/\\\/www.uartes.edu.ec\\\/sitio\\\/en\\\/blog\\\/2024\\\/03\\\/27\\\/nunca-muere-el-sueno-si-aun-vive-el-sonador\\\/\"]}]},{\"@type\":\"ImageObject\",\"inLanguage\":\"en-US\",\"@id\":\"https:\\\/\\\/www.uartes.edu.ec\\\/sitio\\\/en\\\/blog\\\/2024\\\/03\\\/27\\\/nunca-muere-el-sueno-si-aun-vive-el-sonador\\\/#primaryimage\",\"url\":\"https:\\\/\\\/www.uartes.edu.ec\\\/sitio\\\/wp-content\\\/uploads\\\/2024\\\/04\\\/02-ARTES-VISUALES-ERICK-DUQUE.jpg\",\"contentUrl\":\"https:\\\/\\\/www.uartes.edu.ec\\\/sitio\\\/wp-content\\\/uploads\\\/2024\\\/04\\\/02-ARTES-VISUALES-ERICK-DUQUE.jpg\",\"width\":2000,\"height\":1333},{\"@type\":\"BreadcrumbList\",\"@id\":\"https:\\\/\\\/www.uartes.edu.ec\\\/sitio\\\/en\\\/blog\\\/2024\\\/03\\\/27\\\/nunca-muere-el-sueno-si-aun-vive-el-sonador\\\/#breadcrumb\",\"itemListElement\":[{\"@type\":\"ListItem\",\"position\":1,\"name\":\"Inicio\",\"item\":\"https:\\\/\\\/www.uartes.edu.ec\\\/sitio\\\/\"},{\"@type\":\"ListItem\",\"position\":2,\"name\":\"\u201cNunca muere el sue\u00f1o si a\u00fan vive el so\u00f1ador\u201d, muestra de grado de Erick Balladares en el Museo Nah\u00edm Isa\u00edas\"}]},{\"@type\":\"WebSite\",\"@id\":\"https:\\\/\\\/www.uartes.edu.ec\\\/sitio\\\/en\\\/#website\",\"url\":\"https:\\\/\\\/www.uartes.edu.ec\\\/sitio\\\/en\\\/\",\"name\":\"Universidad de las Artes\",\"description\":\"Sitio oficial de la Universidad Nacional de las Artes del Ecuador\",\"publisher\":{\"@id\":\"https:\\\/\\\/www.uartes.edu.ec\\\/sitio\\\/en\\\/#organization\"},\"potentialAction\":[{\"@type\":\"SearchAction\",\"target\":{\"@type\":\"EntryPoint\",\"urlTemplate\":\"https:\\\/\\\/www.uartes.edu.ec\\\/sitio\\\/en\\\/?s={search_term_string}\"},\"query-input\":{\"@type\":\"PropertyValueSpecification\",\"valueRequired\":true,\"valueName\":\"search_term_string\"}}],\"inLanguage\":\"en-US\"},{\"@type\":\"Organization\",\"@id\":\"https:\\\/\\\/www.uartes.edu.ec\\\/sitio\\\/en\\\/#organization\",\"name\":\"Universidad de las Artes\",\"url\":\"https:\\\/\\\/www.uartes.edu.ec\\\/sitio\\\/en\\\/\",\"logo\":{\"@type\":\"ImageObject\",\"inLanguage\":\"en-US\",\"@id\":\"https:\\\/\\\/www.uartes.edu.ec\\\/sitio\\\/en\\\/#\\\/schema\\\/logo\\\/image\\\/\",\"url\":\"https:\\\/\\\/www.uartes.edu.ec\\\/sitio\\\/wp-content\\\/uploads\\\/2022\\\/07\\\/logo-ua-horizontal.png\",\"contentUrl\":\"https:\\\/\\\/www.uartes.edu.ec\\\/sitio\\\/wp-content\\\/uploads\\\/2022\\\/07\\\/logo-ua-horizontal.png\",\"width\":800,\"height\":276,\"caption\":\"Universidad de las Artes\"},\"image\":{\"@id\":\"https:\\\/\\\/www.uartes.edu.ec\\\/sitio\\\/en\\\/#\\\/schema\\\/logo\\\/image\\\/\"},\"sameAs\":[\"https:\\\/\\\/www.facebook.com\\\/uartesec\",\"https:\\\/\\\/x.com\\\/uartesec\",\"https:\\\/\\\/www.tiktok.com\\\/@uartesec\"]},{\"@type\":\"Person\",\"@id\":\"https:\\\/\\\/www.uartes.edu.ec\\\/sitio\\\/en\\\/#\\\/schema\\\/person\\\/efa1b8275797664fd7f13a79ccc0b1f4\",\"name\":\"ccortez\",\"image\":{\"@type\":\"ImageObject\",\"inLanguage\":\"en-US\",\"@id\":\"https:\\\/\\\/secure.gravatar.com\\\/avatar\\\/b2a6f664a3ae8e074346ef91775736c5ec479e637ecced6842de9dc98b5da9cd?s=96&d=mm&r=g\",\"url\":\"https:\\\/\\\/secure.gravatar.com\\\/avatar\\\/b2a6f664a3ae8e074346ef91775736c5ec479e637ecced6842de9dc98b5da9cd?s=96&d=mm&r=g\",\"contentUrl\":\"https:\\\/\\\/secure.gravatar.com\\\/avatar\\\/b2a6f664a3ae8e074346ef91775736c5ec479e637ecced6842de9dc98b5da9cd?s=96&d=mm&r=g\",\"caption\":\"ccortez\"},\"url\":\"https:\\\/\\\/www.uartes.edu.ec\\\/sitio\\\/en\\\/blog\\\/author\\\/ccortez\\\/\"}]}<\/script>\n<!-- \/ Yoast SEO plugin. -->","yoast_head_json":{"title":"Universidad de las Artes - \u201cNunca muere el sue\u00f1o si a\u00fan vive el so\u00f1ador\u201d, muestra de grado de Erick Balladares en el Museo Nah\u00edm Isa\u00edas","description":"Universidad de las Artes - \u201cNunca muere el sue\u00f1o si a\u00fan vive el so\u00f1ador\u201d, muestra de grado de Erick Balladares en el Museo Nah\u00edm Isa\u00edas","robots":{"index":"index","follow":"follow","max-snippet":"max-snippet:-1","max-image-preview":"max-image-preview:large","max-video-preview":"max-video-preview:-1"},"canonical":"https:\/\/www.uartes.edu.ec\/sitio\/en\/blog\/2024\/03\/27\/nunca-muere-el-sueno-si-aun-vive-el-sonador\/","og_locale":"en_US","og_type":"article","og_title":"Universidad de las Artes - \u201cNunca muere el sue\u00f1o si a\u00fan vive el so\u00f1ador\u201d, muestra de grado de Erick Balladares en el Museo Nah\u00edm Isa\u00edas","og_description":"Universidad de las Artes - \u201cNunca muere el sue\u00f1o si a\u00fan vive el so\u00f1ador\u201d, muestra de grado de Erick Balladares en el Museo Nah\u00edm Isa\u00edas","og_url":"https:\/\/www.uartes.edu.ec\/sitio\/en\/blog\/2024\/03\/27\/nunca-muere-el-sueno-si-aun-vive-el-sonador\/","og_site_name":"Universidad de las Artes","article_publisher":"https:\/\/www.facebook.com\/uartesec","article_published_time":"2024-03-27T16:02:00+00:00","article_modified_time":"2024-07-04T16:19:12+00:00","og_image":[{"width":2000,"height":1333,"url":"https:\/\/www.uartes.edu.ec\/sitio\/wp-content\/uploads\/2024\/04\/02-ARTES-VISUALES-ERICK-DUQUE.jpg","type":"image\/jpeg"}],"author":"ccortez","twitter_card":"summary_large_image","twitter_creator":"@uartesec","twitter_site":"@uartesec","twitter_misc":{"Written by":"ccortez","Est. reading time":"3 minutes"},"schema":{"@context":"https:\/\/schema.org","@graph":[{"@type":"Article","@id":"https:\/\/www.uartes.edu.ec\/sitio\/en\/blog\/2024\/03\/27\/nunca-muere-el-sueno-si-aun-vive-el-sonador\/#article","isPartOf":{"@id":"https:\/\/www.uartes.edu.ec\/sitio\/en\/blog\/2024\/03\/27\/nunca-muere-el-sueno-si-aun-vive-el-sonador\/"},"author":{"name":"ccortez","@id":"https:\/\/www.uartes.edu.ec\/sitio\/en\/#\/schema\/person\/efa1b8275797664fd7f13a79ccc0b1f4"},"headline":"\u201cNunca muere el sue\u00f1o si a\u00fan vive el so\u00f1ador\u201d, muestra de grado de Erick Balladares en el Museo Nah\u00edm Isa\u00edas","datePublished":"2024-03-27T16:02:00+00:00","dateModified":"2024-07-04T16:19:12+00:00","mainEntityOfPage":{"@id":"https:\/\/www.uartes.edu.ec\/sitio\/en\/blog\/2024\/03\/27\/nunca-muere-el-sueno-si-aun-vive-el-sonador\/"},"wordCount":576,"commentCount":0,"publisher":{"@id":"https:\/\/www.uartes.edu.ec\/sitio\/en\/#organization"},"image":{"@id":"https:\/\/www.uartes.edu.ec\/sitio\/en\/blog\/2024\/03\/27\/nunca-muere-el-sueno-si-aun-vive-el-sonador\/#primaryimage"},"thumbnailUrl":"https:\/\/www.uartes.edu.ec\/sitio\/wp-content\/uploads\/2024\/04\/02-ARTES-VISUALES-ERICK-DUQUE.jpg","keywords":["exposici\u00f3n"],"articleSection":["Acad\u00e9mico","Artes","Artes Visuales","Docentes","Estudiantes","Gesti\u00f3n"],"inLanguage":"en-US","potentialAction":[{"@type":"CommentAction","name":"Comment","target":["https:\/\/www.uartes.edu.ec\/sitio\/en\/blog\/2024\/03\/27\/nunca-muere-el-sueno-si-aun-vive-el-sonador\/#respond"]}]},{"@type":["WebPage","ItemPage"],"@id":"https:\/\/www.uartes.edu.ec\/sitio\/en\/blog\/2024\/03\/27\/nunca-muere-el-sueno-si-aun-vive-el-sonador\/","url":"https:\/\/www.uartes.edu.ec\/sitio\/en\/blog\/2024\/03\/27\/nunca-muere-el-sueno-si-aun-vive-el-sonador\/","name":"Universidad de las Artes - \u201cNunca muere el sue\u00f1o si a\u00fan vive el so\u00f1ador\u201d, muestra de grado de Erick Balladares en el Museo Nah\u00edm Isa\u00edas","isPartOf":{"@id":"https:\/\/www.uartes.edu.ec\/sitio\/en\/#website"},"primaryImageOfPage":{"@id":"https:\/\/www.uartes.edu.ec\/sitio\/en\/blog\/2024\/03\/27\/nunca-muere-el-sueno-si-aun-vive-el-sonador\/#primaryimage"},"image":{"@id":"https:\/\/www.uartes.edu.ec\/sitio\/en\/blog\/2024\/03\/27\/nunca-muere-el-sueno-si-aun-vive-el-sonador\/#primaryimage"},"thumbnailUrl":"https:\/\/www.uartes.edu.ec\/sitio\/wp-content\/uploads\/2024\/04\/02-ARTES-VISUALES-ERICK-DUQUE.jpg","datePublished":"2024-03-27T16:02:00+00:00","dateModified":"2024-07-04T16:19:12+00:00","description":"Universidad de las Artes - \u201cNunca muere el sue\u00f1o si a\u00fan vive el so\u00f1ador\u201d, muestra de grado de Erick Balladares en el Museo Nah\u00edm Isa\u00edas","breadcrumb":{"@id":"https:\/\/www.uartes.edu.ec\/sitio\/en\/blog\/2024\/03\/27\/nunca-muere-el-sueno-si-aun-vive-el-sonador\/#breadcrumb"},"inLanguage":"en-US","potentialAction":[{"@type":"ReadAction","target":["https:\/\/www.uartes.edu.ec\/sitio\/en\/blog\/2024\/03\/27\/nunca-muere-el-sueno-si-aun-vive-el-sonador\/"]}]},{"@type":"ImageObject","inLanguage":"en-US","@id":"https:\/\/www.uartes.edu.ec\/sitio\/en\/blog\/2024\/03\/27\/nunca-muere-el-sueno-si-aun-vive-el-sonador\/#primaryimage","url":"https:\/\/www.uartes.edu.ec\/sitio\/wp-content\/uploads\/2024\/04\/02-ARTES-VISUALES-ERICK-DUQUE.jpg","contentUrl":"https:\/\/www.uartes.edu.ec\/sitio\/wp-content\/uploads\/2024\/04\/02-ARTES-VISUALES-ERICK-DUQUE.jpg","width":2000,"height":1333},{"@type":"BreadcrumbList","@id":"https:\/\/www.uartes.edu.ec\/sitio\/en\/blog\/2024\/03\/27\/nunca-muere-el-sueno-si-aun-vive-el-sonador\/#breadcrumb","itemListElement":[{"@type":"ListItem","position":1,"name":"Inicio","item":"https:\/\/www.uartes.edu.ec\/sitio\/"},{"@type":"ListItem","position":2,"name":"\u201cNunca muere el sue\u00f1o si a\u00fan vive el so\u00f1ador\u201d, muestra de grado de Erick Balladares en el Museo Nah\u00edm Isa\u00edas"}]},{"@type":"WebSite","@id":"https:\/\/www.uartes.edu.ec\/sitio\/en\/#website","url":"https:\/\/www.uartes.edu.ec\/sitio\/en\/","name":"Universidad de las Artes","description":"Sitio oficial de la Universidad Nacional de las Artes del Ecuador","publisher":{"@id":"https:\/\/www.uartes.edu.ec\/sitio\/en\/#organization"},"potentialAction":[{"@type":"SearchAction","target":{"@type":"EntryPoint","urlTemplate":"https:\/\/www.uartes.edu.ec\/sitio\/en\/?s={search_term_string}"},"query-input":{"@type":"PropertyValueSpecification","valueRequired":true,"valueName":"search_term_string"}}],"inLanguage":"en-US"},{"@type":"Organization","@id":"https:\/\/www.uartes.edu.ec\/sitio\/en\/#organization","name":"Universidad de las Artes","url":"https:\/\/www.uartes.edu.ec\/sitio\/en\/","logo":{"@type":"ImageObject","inLanguage":"en-US","@id":"https:\/\/www.uartes.edu.ec\/sitio\/en\/#\/schema\/logo\/image\/","url":"https:\/\/www.uartes.edu.ec\/sitio\/wp-content\/uploads\/2022\/07\/logo-ua-horizontal.png","contentUrl":"https:\/\/www.uartes.edu.ec\/sitio\/wp-content\/uploads\/2022\/07\/logo-ua-horizontal.png","width":800,"height":276,"caption":"Universidad de las Artes"},"image":{"@id":"https:\/\/www.uartes.edu.ec\/sitio\/en\/#\/schema\/logo\/image\/"},"sameAs":["https:\/\/www.facebook.com\/uartesec","https:\/\/x.com\/uartesec","https:\/\/www.tiktok.com\/@uartesec"]},{"@type":"Person","@id":"https:\/\/www.uartes.edu.ec\/sitio\/en\/#\/schema\/person\/efa1b8275797664fd7f13a79ccc0b1f4","name":"ccortez","image":{"@type":"ImageObject","inLanguage":"en-US","@id":"https:\/\/secure.gravatar.com\/avatar\/b2a6f664a3ae8e074346ef91775736c5ec479e637ecced6842de9dc98b5da9cd?s=96&d=mm&r=g","url":"https:\/\/secure.gravatar.com\/avatar\/b2a6f664a3ae8e074346ef91775736c5ec479e637ecced6842de9dc98b5da9cd?s=96&d=mm&r=g","contentUrl":"https:\/\/secure.gravatar.com\/avatar\/b2a6f664a3ae8e074346ef91775736c5ec479e637ecced6842de9dc98b5da9cd?s=96&d=mm&r=g","caption":"ccortez"},"url":"https:\/\/www.uartes.edu.ec\/sitio\/en\/blog\/author\/ccortez\/"}]}},"uagb_featured_image_src":{"full":["https:\/\/www.uartes.edu.ec\/sitio\/wp-content\/uploads\/2024\/04\/02-ARTES-VISUALES-ERICK-DUQUE.jpg",2000,1333,false],"thumbnail":["https:\/\/www.uartes.edu.ec\/sitio\/wp-content\/uploads\/2024\/04\/02-ARTES-VISUALES-ERICK-DUQUE-150x150.jpg",150,150,true],"medium":["https:\/\/www.uartes.edu.ec\/sitio\/wp-content\/uploads\/2024\/04\/02-ARTES-VISUALES-ERICK-DUQUE-300x200.jpg",300,200,true],"medium_large":["https:\/\/www.uartes.edu.ec\/sitio\/wp-content\/uploads\/2024\/04\/02-ARTES-VISUALES-ERICK-DUQUE-768x512.jpg",768,512,true],"large":["https:\/\/www.uartes.edu.ec\/sitio\/wp-content\/uploads\/2024\/04\/02-ARTES-VISUALES-ERICK-DUQUE-644x429.jpg",644,429,true],"1536x1536":["https:\/\/www.uartes.edu.ec\/sitio\/wp-content\/uploads\/2024\/04\/02-ARTES-VISUALES-ERICK-DUQUE-1536x1024.jpg",1536,1024,true],"2048x2048":["https:\/\/www.uartes.edu.ec\/sitio\/wp-content\/uploads\/2024\/04\/02-ARTES-VISUALES-ERICK-DUQUE.jpg",2000,1333,false],"trp-custom-language-flag":["https:\/\/www.uartes.edu.ec\/sitio\/wp-content\/uploads\/2024\/04\/02-ARTES-VISUALES-ERICK-DUQUE-18x12.jpg",18,12,true],"htmega_size_585x295":["https:\/\/www.uartes.edu.ec\/sitio\/wp-content\/uploads\/2024\/04\/02-ARTES-VISUALES-ERICK-DUQUE-585x295.jpg",585,295,true],"htmega_size_1170x536":["https:\/\/www.uartes.edu.ec\/sitio\/wp-content\/uploads\/2024\/04\/02-ARTES-VISUALES-ERICK-DUQUE-1170x536.jpg",1170,536,true],"htmega_size_396x360":["https:\/\/www.uartes.edu.ec\/sitio\/wp-content\/uploads\/2024\/04\/02-ARTES-VISUALES-ERICK-DUQUE-396x360.jpg",396,360,true],"gb-block-post-grid-landscape":["https:\/\/www.uartes.edu.ec\/sitio\/wp-content\/uploads\/2024\/04\/02-ARTES-VISUALES-ERICK-DUQUE-600x400.jpg",600,400,true],"gb-block-post-grid-square":["https:\/\/www.uartes.edu.ec\/sitio\/wp-content\/uploads\/2024\/04\/02-ARTES-VISUALES-ERICK-DUQUE-600x600.jpg",600,600,true],"university-hub-thumb":["https:\/\/www.uartes.edu.ec\/sitio\/wp-content\/uploads\/2024\/04\/02-ARTES-VISUALES-ERICK-DUQUE-400x267.jpg",400,267,true]},"uagb_author_info":{"display_name":"ccortez","author_link":"https:\/\/www.uartes.edu.ec\/sitio\/en\/blog\/author\/ccortez\/"},"uagb_comment_info":0,"uagb_excerpt":"Como un intento por consumar memorias que pens\u00f3 olvidadas y descubrir c\u00f3mo perduran en su subconsciente trabaj\u00f3 Erick Balladares su muestra de titulaci\u00f3n \u201cNunca muere el sue\u00f1o si a\u00fan vive el so\u00f1ador\u201d, la cual llev\u00f3 al Museo Nah\u00edm Isa\u00edas, donde estar\u00e1 hasta el 30 de abril. Utiliz\u00f3, anota, elementos que posibilitan la creaci\u00f3n de una&hellip;","featured_image_src":"https:\/\/www.uartes.edu.ec\/sitio\/wp-content\/uploads\/2024\/04\/02-ARTES-VISUALES-ERICK-DUQUE-600x400.jpg","featured_image_src_square":"https:\/\/www.uartes.edu.ec\/sitio\/wp-content\/uploads\/2024\/04\/02-ARTES-VISUALES-ERICK-DUQUE-600x600.jpg","author_info":{"display_name":"ccortez","author_link":"https:\/\/www.uartes.edu.ec\/sitio\/en\/blog\/author\/ccortez\/"},"publishpress_future_workflow_manual_trigger":{"enabledWorkflows":[]},"distributor_meta":false,"distributor_terms":false,"distributor_media":false,"distributor_original_site_name":"Universidad de las Artes","distributor_original_site_url":"https:\/\/www.uartes.edu.ec\/sitio\/en","push-errors":false,"_links":{"self":[{"href":"https:\/\/www.uartes.edu.ec\/sitio\/en\/wp-json\/wp\/v2\/posts\/52109","targetHints":{"allow":["GET"]}}],"collection":[{"href":"https:\/\/www.uartes.edu.ec\/sitio\/en\/wp-json\/wp\/v2\/posts"}],"about":[{"href":"https:\/\/www.uartes.edu.ec\/sitio\/en\/wp-json\/wp\/v2\/types\/post"}],"author":[{"embeddable":true,"href":"https:\/\/www.uartes.edu.ec\/sitio\/en\/wp-json\/wp\/v2\/users\/10"}],"replies":[{"embeddable":true,"href":"https:\/\/www.uartes.edu.ec\/sitio\/en\/wp-json\/wp\/v2\/comments?post=52109"}],"version-history":[{"count":8,"href":"https:\/\/www.uartes.edu.ec\/sitio\/en\/wp-json\/wp\/v2\/posts\/52109\/revisions"}],"predecessor-version":[{"id":52135,"href":"https:\/\/www.uartes.edu.ec\/sitio\/en\/wp-json\/wp\/v2\/posts\/52109\/revisions\/52135"}],"wp:featuredmedia":[{"embeddable":true,"href":"https:\/\/www.uartes.edu.ec\/sitio\/en\/wp-json\/wp\/v2\/media\/52111"}],"wp:attachment":[{"href":"https:\/\/www.uartes.edu.ec\/sitio\/en\/wp-json\/wp\/v2\/media?parent=52109"}],"wp:term":[{"taxonomy":"category","embeddable":true,"href":"https:\/\/www.uartes.edu.ec\/sitio\/en\/wp-json\/wp\/v2\/categories?post=52109"},{"taxonomy":"post_tag","embeddable":true,"href":"https:\/\/www.uartes.edu.ec\/sitio\/en\/wp-json\/wp\/v2\/tags?post=52109"},{"taxonomy":"infouartes","embeddable":true,"href":"https:\/\/www.uartes.edu.ec\/sitio\/en\/wp-json\/wp\/v2\/infouartes?post=52109"}],"curies":[{"name":"wp","href":"https:\/\/api.w.org\/{rel}","templated":true}]}}