{"id":52446,"date":"2024-04-10T17:02:00","date_gmt":"2024-04-10T22:02:00","guid":{"rendered":"https:\/\/www.uartes.edu.ec\/sitio\/?p=52446"},"modified":"2024-07-04T11:19:10","modified_gmt":"2024-07-04T16:19:10","slug":"ceremonia-de-graduacion-de-42-nuevos-magisteres-y-entrega-de-titulos-por-validacion-de-trayectorias-a-7-artistas","status":"publish","type":"post","link":"https:\/\/www.uartes.edu.ec\/sitio\/en\/blog\/2024\/04\/10\/ceremonia-de-graduacion-de-42-nuevos-magisteres-y-entrega-de-titulos-por-validacion-de-trayectorias-a-7-artistas\/","title":{"rendered":"Ceremonia de graduaci\u00f3n de 42 nuevos mag\u00edsteres y entrega de t\u00edtulos por Validaci\u00f3n de Trayectorias"},"content":{"rendered":"<p>Cuarenta y dos mag\u00edsteres se graduar\u00e1n en la Universidad de las Artes este viernes 12 de abril, en una solemne ceremonia en la que nuestra instituci\u00f3n de educaci\u00f3n superior entregar\u00e1 t\u00edtulos de tercer nivel a siete artistas que postularon y cumplieron con el proceso de Validaci\u00f3n de Trayectorias Profesionales Art\u00edsticas o Culturales.<\/p>\n\n\n\n<p>El acto tendr\u00e1 lugar en la Plaza P\u00fablica del MZ14 Centro de Producci\u00f3n e Innovaci\u00f3n UArtes e iniciar\u00e1 a las 10:00. Junto con el rector William Herrera y los vicerrectores Olga L\u00f3pez y Bradley Hilgert estar\u00e1n en la mesa directiva la coordinadora zonal del Ministerio de Cultura y Patrimonio, Stephanie Garc\u00eda Alb\u00e1n, y los directores de las escuelas de Posgrado, Cristian Villavicencio; de Artes Visuales, Rusl\u00e1n Torres; y de Artes Sonoras, Andrey Astaiza.<\/p>\n\n\n\n<p>De los graduados en los programas de maestr\u00eda, diecis\u00e9is son de Escritura Creativa: Troi Alvarado Ch\u00e1vez, Ricardo Arias Arias, Glenda Jim\u00e9nez Abarca, Clara S\u00e1nchez P\u00e9rez, Livina Santos Jara, Jos\u00e9 Tapia Ruiz, Karen Nogales Colmont, Liliana Miraglia Orabona, Luis Moncada Villacr\u00e9s, Diana Zambrano Mendoza, Virginia Hill Rodr\u00edguez, \u00c1ngela Arboleda Jim\u00e9nez, \u00c9dgar Matailo Cede\u00f1o, An\u00edbal Castillo Mantuano, Francisco Palomeque Fern\u00e1ndez Madrid y Susan Ram\u00edrez \u00c1lvarez.<\/p>\n\n\n\n<p>De la maestr\u00eda de Fotograf\u00eda y Sociedad en Am\u00e9rica Latina, cinco: Jos\u00e9 J\u00e1come Guerrero, Milton Mej\u00eda Vallejo, Yinna Higuera Bernal, Sonia Pacheco Ayora y Mar\u00eda Rodr\u00edguez Pe\u00f1a.<\/p>\n\n\n\n<p>De la maestr\u00eda de Artes Visuales y Nuevos Medios, doce: Ronny Albuja Est\u00e9vez, \u00c1ngelo Avilez \u00c1lava, V\u00edctor Contreras Andrade, Diana Garc\u00eda Correa, Lenin Molina Andrade, Alejandro Mosquera Figueroa, Luis Ram\u00edrez Quichimbo, Roc\u00edo Soria D\u00edaz, Santiago Tapia Espinoza, Andrea Vaca Vaca, Paulina Romero Cede\u00f1o y Ruth Cruz Mendoza.<\/p>\n\n\n\n<p>De la maestr\u00eda de Pol\u00edticas Culturales y Gesti\u00f3n de las Artes, nueve: Enrique Madrid Ortega, Hugo Salazar Parrales, Juan Alc\u00edvar Ferr\u00edn, Laura Nivela Guaranda, Gissela Carlos Espinoza, Wendy Alvarado Calder\u00f3n, Ricardo Lozano Merello, Byron S\u00e1nchez Cede\u00f1o y Jacinto Lara Pati\u00f1o.<\/p>\n\n\n<div class=\"wp-block-image\">\n<figure class=\"aligncenter size-large\"><img fetchpriority=\"high\" decoding=\"async\" width=\"644\" height=\"429\" src=\"https:\/\/www.uartes.edu.ec\/sitio\/wp-content\/uploads\/2024\/04\/02-VALIDACION-PORTADA-644x429.jpg\" alt=\"\" class=\"wp-image-52448\" srcset=\"https:\/\/www.uartes.edu.ec\/sitio\/wp-content\/uploads\/2024\/04\/02-VALIDACION-PORTADA-644x429.jpg 644w, https:\/\/www.uartes.edu.ec\/sitio\/wp-content\/uploads\/2024\/04\/02-VALIDACION-PORTADA-768x511.jpg 768w, https:\/\/www.uartes.edu.ec\/sitio\/wp-content\/uploads\/2024\/04\/02-VALIDACION-PORTADA.jpg 2000w, https:\/\/www.uartes.edu.ec\/sitio\/wp-content\/uploads\/2024\/04\/02-VALIDACION-PORTADA-18x12.jpg 18w, https:\/\/www.uartes.edu.ec\/sitio\/wp-content\/uploads\/2024\/04\/02-VALIDACION-PORTADA-600x399.jpg 600w, https:\/\/www.uartes.edu.ec\/sitio\/wp-content\/uploads\/2024\/04\/02-VALIDACION-PORTADA-272x182.jpg 272w\" sizes=\"(max-width: 644px) 100vw, 644px\" \/><\/figure>\n<\/div>\n\n\n<h3 class=\"wp-block-heading\">Validaci\u00f3n de Trayectorias<\/h3>\n\n\n\n<p>Del proceso de Validaci\u00f3n de Trayectorias recibir\u00e1n sus t\u00edtulos de tercer nivel:Diego Celi Paredes, en la carrera de Producci\u00f3n Musical, y Martina Le\u00f3n Valdiviezo, Segundo Manuel Cholango, Antonio Romoleroux, Gabriel Arroyo Gallardo, Carlos Vaca D\u00edaz y Diego Villavicencio Ord\u00f3\u00f1ez, en la carrera de Artes Visuales.<\/p>\n\n\n\n<p>La&nbsp;Validaci\u00f3n de Trayectorias Profesionales en el Campo de las Artes consiste en el reconocimiento de una destacada trayectoria profesional o de la experiencia laboral, art\u00edstica o cultural que tenga el postulante, la cual puede equivaler a la aprobaci\u00f3n de determinados cursos o asignaturas, o de la totalidad de la carrera.<\/p>\n\n\n\n<p>La UArtes inici\u00f3 este proceso en 2018 para los elencos de la Compa\u00f1\u00eda Nacional de Danza y de la Orquesta Sinf\u00f3nica de Guayaquil.&nbsp;En el 2019, se realiz\u00f3 una segunda convocatoria en sus seis disciplinas: Artes Musicales y Sonoras, Creaci\u00f3n Teatral, Danza, Artes Visuales, Literatura y Cine, en la cual 45 artistas nacionales y extranjeros obtuvieron su licenciatura.<\/p>\n\n\n\n<p>En 2021, el Ministerio de Cultura y Patrimonio y la Universidad de las Artes suscribieron el Convenio Espec\u00edfico de Cooperaci\u00f3n para planificar y ejecutar acciones conjuntas y dar inicio a la tercera convocatoria de Validaci\u00f3n de Trayectorias Profesionales en el Campo de las Artes, con los requisitos y criterios definidos por el Consejo de Educaci\u00f3n Superior (CES); hubo una primera entrega de t\u00edtulos en 2023 y este 12 de abril se realizar\u00e1 la segunda.<\/p>","protected":false},"excerpt":{"rendered":"<p>Cuarenta y dos mag\u00edsteres se graduar\u00e1n en la Universidad de las Artes este viernes 12 de abril, en una solemne ceremonia en la que nuestra instituci\u00f3n entregar\u00e1 tambi\u00e9n t\u00edtulos de tercer nivel a siete artistas que postularon y cumplieron con el proceso de Validaci\u00f3n de Trayectorias Profesionales Art\u00edsticas o Culturales. El acto tendr\u00e1 lugar en la Plaza P\u00fablica del MZ14 Centro de Producci\u00f3n e Innovaci\u00f3n UArtes.<\/p>","protected":false},"author":10,"featured_media":52447,"comment_status":"open","ping_status":"open","sticky":false,"template":"","format":"standard","meta":{"_acf_changed":false,"_uag_custom_page_level_css":"","_monsterinsights_skip_tracking":false,"_monsterinsights_sitenote_active":false,"_monsterinsights_sitenote_note":"","_monsterinsights_sitenote_category":0,"cybocfi_hide_featured_image":"","footnotes":""},"categories":[80,75,76,264,84],"tags":[541],"infouartes":[],"class_list":["post-52446","post","type-post","status-publish","format-standard","has-post-thumbnail","hentry","category-academico","category-docentes","category-estudiantes","category-maestrias","category-rectorado","tag-ceremonia"],"acf":[],"yoast_head":"<!-- This site is optimized with the Yoast SEO plugin v27.4 - https:\/\/yoast.com\/product\/yoast-seo-wordpress\/ -->\n<title>Universidad de las Artes - Ceremonia de graduaci\u00f3n de 42 nuevos mag\u00edsteres y entrega de t\u00edtulos por Validaci\u00f3n de Trayectorias<\/title>\n<meta name=\"description\" content=\"Universidad de las Artes - Ceremonia de graduaci\u00f3n de 42 nuevos mag\u00edsteres y entrega de t\u00edtulos por Validaci\u00f3n de Trayectorias\" \/>\n<meta name=\"robots\" content=\"index, follow, max-snippet:-1, max-image-preview:large, max-video-preview:-1\" \/>\n<link rel=\"canonical\" href=\"https:\/\/www.uartes.edu.ec\/sitio\/en\/blog\/2024\/04\/10\/ceremonia-de-graduacion-de-42-nuevos-magisteres-y-entrega-de-titulos-por-validacion-de-trayectorias-a-7-artistas\/\" \/>\n<meta property=\"og:locale\" content=\"en_US\" \/>\n<meta property=\"og:type\" content=\"article\" \/>\n<meta property=\"og:title\" content=\"Universidad de las Artes - Ceremonia de graduaci\u00f3n de 42 nuevos mag\u00edsteres y entrega de t\u00edtulos por Validaci\u00f3n de Trayectorias\" \/>\n<meta property=\"og:description\" content=\"Universidad de las Artes - Ceremonia de graduaci\u00f3n de 42 nuevos mag\u00edsteres y entrega de t\u00edtulos por Validaci\u00f3n de Trayectorias\" \/>\n<meta property=\"og:url\" content=\"https:\/\/www.uartes.edu.ec\/sitio\/en\/blog\/2024\/04\/10\/ceremonia-de-graduacion-de-42-nuevos-magisteres-y-entrega-de-titulos-por-validacion-de-trayectorias-a-7-artistas\/\" \/>\n<meta property=\"og:site_name\" content=\"Universidad de las Artes\" \/>\n<meta property=\"article:publisher\" content=\"https:\/\/www.facebook.com\/uartesec\" \/>\n<meta property=\"article:published_time\" content=\"2024-04-10T22:02:00+00:00\" \/>\n<meta property=\"article:modified_time\" content=\"2024-07-04T16:19:10+00:00\" \/>\n<meta property=\"og:image\" content=\"https:\/\/www.uartes.edu.ec\/sitio\/wp-content\/uploads\/2024\/04\/01-GRADUACION-PORTADA.jpg\" \/>\n\t<meta property=\"og:image:width\" content=\"2000\" \/>\n\t<meta property=\"og:image:height\" content=\"1333\" \/>\n\t<meta property=\"og:image:type\" content=\"image\/jpeg\" \/>\n<meta name=\"author\" content=\"ccortez\" \/>\n<meta name=\"twitter:card\" content=\"summary_large_image\" \/>\n<meta name=\"twitter:creator\" content=\"@uartesec\" \/>\n<meta name=\"twitter:site\" content=\"@uartesec\" \/>\n<meta name=\"twitter:label1\" content=\"Written by\" \/>\n\t<meta name=\"twitter:data1\" content=\"ccortez\" \/>\n\t<meta name=\"twitter:label2\" content=\"Est. reading time\" \/>\n\t<meta name=\"twitter:data2\" content=\"3 minutes\" \/>\n<script type=\"application\/ld+json\" class=\"yoast-schema-graph\">{\"@context\":\"https:\\\/\\\/schema.org\",\"@graph\":[{\"@type\":\"Article\",\"@id\":\"https:\\\/\\\/www.uartes.edu.ec\\\/sitio\\\/en\\\/blog\\\/2024\\\/04\\\/10\\\/ceremonia-de-graduacion-de-42-nuevos-magisteres-y-entrega-de-titulos-por-validacion-de-trayectorias-a-7-artistas\\\/#article\",\"isPartOf\":{\"@id\":\"https:\\\/\\\/www.uartes.edu.ec\\\/sitio\\\/en\\\/blog\\\/2024\\\/04\\\/10\\\/ceremonia-de-graduacion-de-42-nuevos-magisteres-y-entrega-de-titulos-por-validacion-de-trayectorias-a-7-artistas\\\/\"},\"author\":{\"name\":\"ccortez\",\"@id\":\"https:\\\/\\\/www.uartes.edu.ec\\\/sitio\\\/en\\\/#\\\/schema\\\/person\\\/efa1b8275797664fd7f13a79ccc0b1f4\"},\"headline\":\"Ceremonia de graduaci\u00f3n de 42 nuevos mag\u00edsteres y entrega de t\u00edtulos por Validaci\u00f3n de Trayectorias\",\"datePublished\":\"2024-04-10T22:02:00+00:00\",\"dateModified\":\"2024-07-04T16:19:10+00:00\",\"mainEntityOfPage\":{\"@id\":\"https:\\\/\\\/www.uartes.edu.ec\\\/sitio\\\/en\\\/blog\\\/2024\\\/04\\\/10\\\/ceremonia-de-graduacion-de-42-nuevos-magisteres-y-entrega-de-titulos-por-validacion-de-trayectorias-a-7-artistas\\\/\"},\"wordCount\":618,\"commentCount\":0,\"publisher\":{\"@id\":\"https:\\\/\\\/www.uartes.edu.ec\\\/sitio\\\/en\\\/#organization\"},\"image\":{\"@id\":\"https:\\\/\\\/www.uartes.edu.ec\\\/sitio\\\/en\\\/blog\\\/2024\\\/04\\\/10\\\/ceremonia-de-graduacion-de-42-nuevos-magisteres-y-entrega-de-titulos-por-validacion-de-trayectorias-a-7-artistas\\\/#primaryimage\"},\"thumbnailUrl\":\"https:\\\/\\\/www.uartes.edu.ec\\\/sitio\\\/wp-content\\\/uploads\\\/2024\\\/04\\\/01-GRADUACION-PORTADA.jpg\",\"keywords\":[\"ceremonia\"],\"articleSection\":[\"Acad\u00e9mico\",\"Docentes\",\"Estudiantes\",\"Maestr\u00edas\",\"Rectorado\"],\"inLanguage\":\"en-US\",\"potentialAction\":[{\"@type\":\"CommentAction\",\"name\":\"Comment\",\"target\":[\"https:\\\/\\\/www.uartes.edu.ec\\\/sitio\\\/en\\\/blog\\\/2024\\\/04\\\/10\\\/ceremonia-de-graduacion-de-42-nuevos-magisteres-y-entrega-de-titulos-por-validacion-de-trayectorias-a-7-artistas\\\/#respond\"]}]},{\"@type\":[\"WebPage\",\"ItemPage\"],\"@id\":\"https:\\\/\\\/www.uartes.edu.ec\\\/sitio\\\/en\\\/blog\\\/2024\\\/04\\\/10\\\/ceremonia-de-graduacion-de-42-nuevos-magisteres-y-entrega-de-titulos-por-validacion-de-trayectorias-a-7-artistas\\\/\",\"url\":\"https:\\\/\\\/www.uartes.edu.ec\\\/sitio\\\/en\\\/blog\\\/2024\\\/04\\\/10\\\/ceremonia-de-graduacion-de-42-nuevos-magisteres-y-entrega-de-titulos-por-validacion-de-trayectorias-a-7-artistas\\\/\",\"name\":\"Universidad de las Artes - Ceremonia de graduaci\u00f3n de 42 nuevos mag\u00edsteres y entrega de t\u00edtulos por Validaci\u00f3n de Trayectorias\",\"isPartOf\":{\"@id\":\"https:\\\/\\\/www.uartes.edu.ec\\\/sitio\\\/en\\\/#website\"},\"primaryImageOfPage\":{\"@id\":\"https:\\\/\\\/www.uartes.edu.ec\\\/sitio\\\/en\\\/blog\\\/2024\\\/04\\\/10\\\/ceremonia-de-graduacion-de-42-nuevos-magisteres-y-entrega-de-titulos-por-validacion-de-trayectorias-a-7-artistas\\\/#primaryimage\"},\"image\":{\"@id\":\"https:\\\/\\\/www.uartes.edu.ec\\\/sitio\\\/en\\\/blog\\\/2024\\\/04\\\/10\\\/ceremonia-de-graduacion-de-42-nuevos-magisteres-y-entrega-de-titulos-por-validacion-de-trayectorias-a-7-artistas\\\/#primaryimage\"},\"thumbnailUrl\":\"https:\\\/\\\/www.uartes.edu.ec\\\/sitio\\\/wp-content\\\/uploads\\\/2024\\\/04\\\/01-GRADUACION-PORTADA.jpg\",\"datePublished\":\"2024-04-10T22:02:00+00:00\",\"dateModified\":\"2024-07-04T16:19:10+00:00\",\"description\":\"Universidad de las Artes - Ceremonia de graduaci\u00f3n de 42 nuevos mag\u00edsteres y entrega de t\u00edtulos por Validaci\u00f3n de Trayectorias\",\"breadcrumb\":{\"@id\":\"https:\\\/\\\/www.uartes.edu.ec\\\/sitio\\\/en\\\/blog\\\/2024\\\/04\\\/10\\\/ceremonia-de-graduacion-de-42-nuevos-magisteres-y-entrega-de-titulos-por-validacion-de-trayectorias-a-7-artistas\\\/#breadcrumb\"},\"inLanguage\":\"en-US\",\"potentialAction\":[{\"@type\":\"ReadAction\",\"target\":[\"https:\\\/\\\/www.uartes.edu.ec\\\/sitio\\\/en\\\/blog\\\/2024\\\/04\\\/10\\\/ceremonia-de-graduacion-de-42-nuevos-magisteres-y-entrega-de-titulos-por-validacion-de-trayectorias-a-7-artistas\\\/\"]}]},{\"@type\":\"ImageObject\",\"inLanguage\":\"en-US\",\"@id\":\"https:\\\/\\\/www.uartes.edu.ec\\\/sitio\\\/en\\\/blog\\\/2024\\\/04\\\/10\\\/ceremonia-de-graduacion-de-42-nuevos-magisteres-y-entrega-de-titulos-por-validacion-de-trayectorias-a-7-artistas\\\/#primaryimage\",\"url\":\"https:\\\/\\\/www.uartes.edu.ec\\\/sitio\\\/wp-content\\\/uploads\\\/2024\\\/04\\\/01-GRADUACION-PORTADA.jpg\",\"contentUrl\":\"https:\\\/\\\/www.uartes.edu.ec\\\/sitio\\\/wp-content\\\/uploads\\\/2024\\\/04\\\/01-GRADUACION-PORTADA.jpg\",\"width\":2000,\"height\":1333},{\"@type\":\"BreadcrumbList\",\"@id\":\"https:\\\/\\\/www.uartes.edu.ec\\\/sitio\\\/en\\\/blog\\\/2024\\\/04\\\/10\\\/ceremonia-de-graduacion-de-42-nuevos-magisteres-y-entrega-de-titulos-por-validacion-de-trayectorias-a-7-artistas\\\/#breadcrumb\",\"itemListElement\":[{\"@type\":\"ListItem\",\"position\":1,\"name\":\"Inicio\",\"item\":\"https:\\\/\\\/www.uartes.edu.ec\\\/sitio\\\/\"},{\"@type\":\"ListItem\",\"position\":2,\"name\":\"Ceremonia de graduaci\u00f3n de 42 nuevos mag\u00edsteres y entrega de t\u00edtulos por Validaci\u00f3n de Trayectorias\"}]},{\"@type\":\"WebSite\",\"@id\":\"https:\\\/\\\/www.uartes.edu.ec\\\/sitio\\\/en\\\/#website\",\"url\":\"https:\\\/\\\/www.uartes.edu.ec\\\/sitio\\\/en\\\/\",\"name\":\"Universidad de las Artes\",\"description\":\"Sitio oficial de la Universidad Nacional de las Artes del Ecuador\",\"publisher\":{\"@id\":\"https:\\\/\\\/www.uartes.edu.ec\\\/sitio\\\/en\\\/#organization\"},\"potentialAction\":[{\"@type\":\"SearchAction\",\"target\":{\"@type\":\"EntryPoint\",\"urlTemplate\":\"https:\\\/\\\/www.uartes.edu.ec\\\/sitio\\\/en\\\/?s={search_term_string}\"},\"query-input\":{\"@type\":\"PropertyValueSpecification\",\"valueRequired\":true,\"valueName\":\"search_term_string\"}}],\"inLanguage\":\"en-US\"},{\"@type\":\"Organization\",\"@id\":\"https:\\\/\\\/www.uartes.edu.ec\\\/sitio\\\/en\\\/#organization\",\"name\":\"Universidad de las Artes\",\"url\":\"https:\\\/\\\/www.uartes.edu.ec\\\/sitio\\\/en\\\/\",\"logo\":{\"@type\":\"ImageObject\",\"inLanguage\":\"en-US\",\"@id\":\"https:\\\/\\\/www.uartes.edu.ec\\\/sitio\\\/en\\\/#\\\/schema\\\/logo\\\/image\\\/\",\"url\":\"https:\\\/\\\/www.uartes.edu.ec\\\/sitio\\\/wp-content\\\/uploads\\\/2022\\\/07\\\/logo-ua-horizontal.png\",\"contentUrl\":\"https:\\\/\\\/www.uartes.edu.ec\\\/sitio\\\/wp-content\\\/uploads\\\/2022\\\/07\\\/logo-ua-horizontal.png\",\"width\":800,\"height\":276,\"caption\":\"Universidad de las Artes\"},\"image\":{\"@id\":\"https:\\\/\\\/www.uartes.edu.ec\\\/sitio\\\/en\\\/#\\\/schema\\\/logo\\\/image\\\/\"},\"sameAs\":[\"https:\\\/\\\/www.facebook.com\\\/uartesec\",\"https:\\\/\\\/x.com\\\/uartesec\",\"https:\\\/\\\/www.tiktok.com\\\/@uartesec\"]},{\"@type\":\"Person\",\"@id\":\"https:\\\/\\\/www.uartes.edu.ec\\\/sitio\\\/en\\\/#\\\/schema\\\/person\\\/efa1b8275797664fd7f13a79ccc0b1f4\",\"name\":\"ccortez\",\"image\":{\"@type\":\"ImageObject\",\"inLanguage\":\"en-US\",\"@id\":\"https:\\\/\\\/secure.gravatar.com\\\/avatar\\\/b2a6f664a3ae8e074346ef91775736c5ec479e637ecced6842de9dc98b5da9cd?s=96&d=mm&r=g\",\"url\":\"https:\\\/\\\/secure.gravatar.com\\\/avatar\\\/b2a6f664a3ae8e074346ef91775736c5ec479e637ecced6842de9dc98b5da9cd?s=96&d=mm&r=g\",\"contentUrl\":\"https:\\\/\\\/secure.gravatar.com\\\/avatar\\\/b2a6f664a3ae8e074346ef91775736c5ec479e637ecced6842de9dc98b5da9cd?s=96&d=mm&r=g\",\"caption\":\"ccortez\"},\"url\":\"https:\\\/\\\/www.uartes.edu.ec\\\/sitio\\\/en\\\/blog\\\/author\\\/ccortez\\\/\"}]}<\/script>\n<!-- \/ Yoast SEO plugin. -->","yoast_head_json":{"title":"Universidad de las Artes - Ceremonia de graduaci\u00f3n de 42 nuevos mag\u00edsteres y entrega de t\u00edtulos por Validaci\u00f3n de Trayectorias","description":"Universidad de las Artes - Ceremonia de graduaci\u00f3n de 42 nuevos mag\u00edsteres y entrega de t\u00edtulos por Validaci\u00f3n de Trayectorias","robots":{"index":"index","follow":"follow","max-snippet":"max-snippet:-1","max-image-preview":"max-image-preview:large","max-video-preview":"max-video-preview:-1"},"canonical":"https:\/\/www.uartes.edu.ec\/sitio\/en\/blog\/2024\/04\/10\/ceremonia-de-graduacion-de-42-nuevos-magisteres-y-entrega-de-titulos-por-validacion-de-trayectorias-a-7-artistas\/","og_locale":"en_US","og_type":"article","og_title":"Universidad de las Artes - Ceremonia de graduaci\u00f3n de 42 nuevos mag\u00edsteres y entrega de t\u00edtulos por Validaci\u00f3n de Trayectorias","og_description":"Universidad de las Artes - Ceremonia de graduaci\u00f3n de 42 nuevos mag\u00edsteres y entrega de t\u00edtulos por Validaci\u00f3n de Trayectorias","og_url":"https:\/\/www.uartes.edu.ec\/sitio\/en\/blog\/2024\/04\/10\/ceremonia-de-graduacion-de-42-nuevos-magisteres-y-entrega-de-titulos-por-validacion-de-trayectorias-a-7-artistas\/","og_site_name":"Universidad de las Artes","article_publisher":"https:\/\/www.facebook.com\/uartesec","article_published_time":"2024-04-10T22:02:00+00:00","article_modified_time":"2024-07-04T16:19:10+00:00","og_image":[{"width":2000,"height":1333,"url":"https:\/\/www.uartes.edu.ec\/sitio\/wp-content\/uploads\/2024\/04\/01-GRADUACION-PORTADA.jpg","type":"image\/jpeg"}],"author":"ccortez","twitter_card":"summary_large_image","twitter_creator":"@uartesec","twitter_site":"@uartesec","twitter_misc":{"Written by":"ccortez","Est. reading time":"3 minutes"},"schema":{"@context":"https:\/\/schema.org","@graph":[{"@type":"Article","@id":"https:\/\/www.uartes.edu.ec\/sitio\/en\/blog\/2024\/04\/10\/ceremonia-de-graduacion-de-42-nuevos-magisteres-y-entrega-de-titulos-por-validacion-de-trayectorias-a-7-artistas\/#article","isPartOf":{"@id":"https:\/\/www.uartes.edu.ec\/sitio\/en\/blog\/2024\/04\/10\/ceremonia-de-graduacion-de-42-nuevos-magisteres-y-entrega-de-titulos-por-validacion-de-trayectorias-a-7-artistas\/"},"author":{"name":"ccortez","@id":"https:\/\/www.uartes.edu.ec\/sitio\/en\/#\/schema\/person\/efa1b8275797664fd7f13a79ccc0b1f4"},"headline":"Ceremonia de graduaci\u00f3n de 42 nuevos mag\u00edsteres y entrega de t\u00edtulos por Validaci\u00f3n de Trayectorias","datePublished":"2024-04-10T22:02:00+00:00","dateModified":"2024-07-04T16:19:10+00:00","mainEntityOfPage":{"@id":"https:\/\/www.uartes.edu.ec\/sitio\/en\/blog\/2024\/04\/10\/ceremonia-de-graduacion-de-42-nuevos-magisteres-y-entrega-de-titulos-por-validacion-de-trayectorias-a-7-artistas\/"},"wordCount":618,"commentCount":0,"publisher":{"@id":"https:\/\/www.uartes.edu.ec\/sitio\/en\/#organization"},"image":{"@id":"https:\/\/www.uartes.edu.ec\/sitio\/en\/blog\/2024\/04\/10\/ceremonia-de-graduacion-de-42-nuevos-magisteres-y-entrega-de-titulos-por-validacion-de-trayectorias-a-7-artistas\/#primaryimage"},"thumbnailUrl":"https:\/\/www.uartes.edu.ec\/sitio\/wp-content\/uploads\/2024\/04\/01-GRADUACION-PORTADA.jpg","keywords":["ceremonia"],"articleSection":["Acad\u00e9mico","Docentes","Estudiantes","Maestr\u00edas","Rectorado"],"inLanguage":"en-US","potentialAction":[{"@type":"CommentAction","name":"Comment","target":["https:\/\/www.uartes.edu.ec\/sitio\/en\/blog\/2024\/04\/10\/ceremonia-de-graduacion-de-42-nuevos-magisteres-y-entrega-de-titulos-por-validacion-de-trayectorias-a-7-artistas\/#respond"]}]},{"@type":["WebPage","ItemPage"],"@id":"https:\/\/www.uartes.edu.ec\/sitio\/en\/blog\/2024\/04\/10\/ceremonia-de-graduacion-de-42-nuevos-magisteres-y-entrega-de-titulos-por-validacion-de-trayectorias-a-7-artistas\/","url":"https:\/\/www.uartes.edu.ec\/sitio\/en\/blog\/2024\/04\/10\/ceremonia-de-graduacion-de-42-nuevos-magisteres-y-entrega-de-titulos-por-validacion-de-trayectorias-a-7-artistas\/","name":"Universidad de las Artes - Ceremonia de graduaci\u00f3n de 42 nuevos mag\u00edsteres y entrega de t\u00edtulos por Validaci\u00f3n de Trayectorias","isPartOf":{"@id":"https:\/\/www.uartes.edu.ec\/sitio\/en\/#website"},"primaryImageOfPage":{"@id":"https:\/\/www.uartes.edu.ec\/sitio\/en\/blog\/2024\/04\/10\/ceremonia-de-graduacion-de-42-nuevos-magisteres-y-entrega-de-titulos-por-validacion-de-trayectorias-a-7-artistas\/#primaryimage"},"image":{"@id":"https:\/\/www.uartes.edu.ec\/sitio\/en\/blog\/2024\/04\/10\/ceremonia-de-graduacion-de-42-nuevos-magisteres-y-entrega-de-titulos-por-validacion-de-trayectorias-a-7-artistas\/#primaryimage"},"thumbnailUrl":"https:\/\/www.uartes.edu.ec\/sitio\/wp-content\/uploads\/2024\/04\/01-GRADUACION-PORTADA.jpg","datePublished":"2024-04-10T22:02:00+00:00","dateModified":"2024-07-04T16:19:10+00:00","description":"Universidad de las Artes - Ceremonia de graduaci\u00f3n de 42 nuevos mag\u00edsteres y entrega de t\u00edtulos por Validaci\u00f3n de Trayectorias","breadcrumb":{"@id":"https:\/\/www.uartes.edu.ec\/sitio\/en\/blog\/2024\/04\/10\/ceremonia-de-graduacion-de-42-nuevos-magisteres-y-entrega-de-titulos-por-validacion-de-trayectorias-a-7-artistas\/#breadcrumb"},"inLanguage":"en-US","potentialAction":[{"@type":"ReadAction","target":["https:\/\/www.uartes.edu.ec\/sitio\/en\/blog\/2024\/04\/10\/ceremonia-de-graduacion-de-42-nuevos-magisteres-y-entrega-de-titulos-por-validacion-de-trayectorias-a-7-artistas\/"]}]},{"@type":"ImageObject","inLanguage":"en-US","@id":"https:\/\/www.uartes.edu.ec\/sitio\/en\/blog\/2024\/04\/10\/ceremonia-de-graduacion-de-42-nuevos-magisteres-y-entrega-de-titulos-por-validacion-de-trayectorias-a-7-artistas\/#primaryimage","url":"https:\/\/www.uartes.edu.ec\/sitio\/wp-content\/uploads\/2024\/04\/01-GRADUACION-PORTADA.jpg","contentUrl":"https:\/\/www.uartes.edu.ec\/sitio\/wp-content\/uploads\/2024\/04\/01-GRADUACION-PORTADA.jpg","width":2000,"height":1333},{"@type":"BreadcrumbList","@id":"https:\/\/www.uartes.edu.ec\/sitio\/en\/blog\/2024\/04\/10\/ceremonia-de-graduacion-de-42-nuevos-magisteres-y-entrega-de-titulos-por-validacion-de-trayectorias-a-7-artistas\/#breadcrumb","itemListElement":[{"@type":"ListItem","position":1,"name":"Inicio","item":"https:\/\/www.uartes.edu.ec\/sitio\/"},{"@type":"ListItem","position":2,"name":"Ceremonia de graduaci\u00f3n de 42 nuevos mag\u00edsteres y entrega de t\u00edtulos por Validaci\u00f3n de Trayectorias"}]},{"@type":"WebSite","@id":"https:\/\/www.uartes.edu.ec\/sitio\/en\/#website","url":"https:\/\/www.uartes.edu.ec\/sitio\/en\/","name":"Universidad de las Artes","description":"Sitio oficial de la Universidad Nacional de las Artes del Ecuador","publisher":{"@id":"https:\/\/www.uartes.edu.ec\/sitio\/en\/#organization"},"potentialAction":[{"@type":"SearchAction","target":{"@type":"EntryPoint","urlTemplate":"https:\/\/www.uartes.edu.ec\/sitio\/en\/?s={search_term_string}"},"query-input":{"@type":"PropertyValueSpecification","valueRequired":true,"valueName":"search_term_string"}}],"inLanguage":"en-US"},{"@type":"Organization","@id":"https:\/\/www.uartes.edu.ec\/sitio\/en\/#organization","name":"Universidad de las Artes","url":"https:\/\/www.uartes.edu.ec\/sitio\/en\/","logo":{"@type":"ImageObject","inLanguage":"en-US","@id":"https:\/\/www.uartes.edu.ec\/sitio\/en\/#\/schema\/logo\/image\/","url":"https:\/\/www.uartes.edu.ec\/sitio\/wp-content\/uploads\/2022\/07\/logo-ua-horizontal.png","contentUrl":"https:\/\/www.uartes.edu.ec\/sitio\/wp-content\/uploads\/2022\/07\/logo-ua-horizontal.png","width":800,"height":276,"caption":"Universidad de las Artes"},"image":{"@id":"https:\/\/www.uartes.edu.ec\/sitio\/en\/#\/schema\/logo\/image\/"},"sameAs":["https:\/\/www.facebook.com\/uartesec","https:\/\/x.com\/uartesec","https:\/\/www.tiktok.com\/@uartesec"]},{"@type":"Person","@id":"https:\/\/www.uartes.edu.ec\/sitio\/en\/#\/schema\/person\/efa1b8275797664fd7f13a79ccc0b1f4","name":"ccortez","image":{"@type":"ImageObject","inLanguage":"en-US","@id":"https:\/\/secure.gravatar.com\/avatar\/b2a6f664a3ae8e074346ef91775736c5ec479e637ecced6842de9dc98b5da9cd?s=96&d=mm&r=g","url":"https:\/\/secure.gravatar.com\/avatar\/b2a6f664a3ae8e074346ef91775736c5ec479e637ecced6842de9dc98b5da9cd?s=96&d=mm&r=g","contentUrl":"https:\/\/secure.gravatar.com\/avatar\/b2a6f664a3ae8e074346ef91775736c5ec479e637ecced6842de9dc98b5da9cd?s=96&d=mm&r=g","caption":"ccortez"},"url":"https:\/\/www.uartes.edu.ec\/sitio\/en\/blog\/author\/ccortez\/"}]}},"uagb_featured_image_src":{"full":["https:\/\/www.uartes.edu.ec\/sitio\/wp-content\/uploads\/2024\/04\/01-GRADUACION-PORTADA.jpg",2000,1333,false],"thumbnail":["https:\/\/www.uartes.edu.ec\/sitio\/wp-content\/uploads\/2024\/04\/01-GRADUACION-PORTADA-150x150.jpg",150,150,true],"medium":["https:\/\/www.uartes.edu.ec\/sitio\/wp-content\/uploads\/2024\/04\/01-GRADUACION-PORTADA-300x200.jpg",300,200,true],"medium_large":["https:\/\/www.uartes.edu.ec\/sitio\/wp-content\/uploads\/2024\/04\/01-GRADUACION-PORTADA-768x512.jpg",768,512,true],"large":["https:\/\/www.uartes.edu.ec\/sitio\/wp-content\/uploads\/2024\/04\/01-GRADUACION-PORTADA-644x429.jpg",644,429,true],"1536x1536":["https:\/\/www.uartes.edu.ec\/sitio\/wp-content\/uploads\/2024\/04\/01-GRADUACION-PORTADA-1536x1024.jpg",1536,1024,true],"2048x2048":["https:\/\/www.uartes.edu.ec\/sitio\/wp-content\/uploads\/2024\/04\/01-GRADUACION-PORTADA.jpg",2000,1333,false],"trp-custom-language-flag":["https:\/\/www.uartes.edu.ec\/sitio\/wp-content\/uploads\/2024\/04\/01-GRADUACION-PORTADA-18x12.jpg",18,12,true],"htmega_size_585x295":["https:\/\/www.uartes.edu.ec\/sitio\/wp-content\/uploads\/2024\/04\/01-GRADUACION-PORTADA-585x295.jpg",585,295,true],"htmega_size_1170x536":["https:\/\/www.uartes.edu.ec\/sitio\/wp-content\/uploads\/2024\/04\/01-GRADUACION-PORTADA-1170x536.jpg",1170,536,true],"htmega_size_396x360":["https:\/\/www.uartes.edu.ec\/sitio\/wp-content\/uploads\/2024\/04\/01-GRADUACION-PORTADA-396x360.jpg",396,360,true],"gb-block-post-grid-landscape":["https:\/\/www.uartes.edu.ec\/sitio\/wp-content\/uploads\/2024\/04\/01-GRADUACION-PORTADA-600x400.jpg",600,400,true],"gb-block-post-grid-square":["https:\/\/www.uartes.edu.ec\/sitio\/wp-content\/uploads\/2024\/04\/01-GRADUACION-PORTADA-600x600.jpg",600,600,true],"university-hub-thumb":["https:\/\/www.uartes.edu.ec\/sitio\/wp-content\/uploads\/2024\/04\/01-GRADUACION-PORTADA-400x267.jpg",400,267,true],"mailpoet_newsletter_max":["https:\/\/www.uartes.edu.ec\/sitio\/wp-content\/uploads\/2024\/04\/01-GRADUACION-PORTADA.jpg",1320,880,false]},"uagb_author_info":{"display_name":"ccortez","author_link":"https:\/\/www.uartes.edu.ec\/sitio\/en\/blog\/author\/ccortez\/"},"uagb_comment_info":0,"uagb_excerpt":"Cuarenta y dos mag\u00edsteres se graduar\u00e1n en la Universidad de las Artes este viernes 12 de abril, en una solemne ceremonia en la que nuestra instituci\u00f3n entregar\u00e1 tambi\u00e9n t\u00edtulos de tercer nivel a siete artistas que postularon y cumplieron con el proceso de Validaci\u00f3n de Trayectorias Profesionales Art\u00edsticas o Culturales. El acto tendr\u00e1 lugar en&hellip;","featured_image_src":"https:\/\/www.uartes.edu.ec\/sitio\/wp-content\/uploads\/2024\/04\/01-GRADUACION-PORTADA-600x400.jpg","featured_image_src_square":"https:\/\/www.uartes.edu.ec\/sitio\/wp-content\/uploads\/2024\/04\/01-GRADUACION-PORTADA-600x600.jpg","author_info":{"display_name":"ccortez","author_link":"https:\/\/www.uartes.edu.ec\/sitio\/en\/blog\/author\/ccortez\/"},"publishpress_future_workflow_manual_trigger":{"enabledWorkflows":[]},"distributor_meta":false,"distributor_terms":false,"distributor_media":false,"distributor_original_site_name":"Universidad de las Artes","distributor_original_site_url":"https:\/\/www.uartes.edu.ec\/sitio\/en","push-errors":false,"_links":{"self":[{"href":"https:\/\/www.uartes.edu.ec\/sitio\/en\/wp-json\/wp\/v2\/posts\/52446","targetHints":{"allow":["GET"]}}],"collection":[{"href":"https:\/\/www.uartes.edu.ec\/sitio\/en\/wp-json\/wp\/v2\/posts"}],"about":[{"href":"https:\/\/www.uartes.edu.ec\/sitio\/en\/wp-json\/wp\/v2\/types\/post"}],"author":[{"embeddable":true,"href":"https:\/\/www.uartes.edu.ec\/sitio\/en\/wp-json\/wp\/v2\/users\/10"}],"replies":[{"embeddable":true,"href":"https:\/\/www.uartes.edu.ec\/sitio\/en\/wp-json\/wp\/v2\/comments?post=52446"}],"version-history":[{"count":8,"href":"https:\/\/www.uartes.edu.ec\/sitio\/en\/wp-json\/wp\/v2\/posts\/52446\/revisions"}],"predecessor-version":[{"id":52462,"href":"https:\/\/www.uartes.edu.ec\/sitio\/en\/wp-json\/wp\/v2\/posts\/52446\/revisions\/52462"}],"wp:featuredmedia":[{"embeddable":true,"href":"https:\/\/www.uartes.edu.ec\/sitio\/en\/wp-json\/wp\/v2\/media\/52447"}],"wp:attachment":[{"href":"https:\/\/www.uartes.edu.ec\/sitio\/en\/wp-json\/wp\/v2\/media?parent=52446"}],"wp:term":[{"taxonomy":"category","embeddable":true,"href":"https:\/\/www.uartes.edu.ec\/sitio\/en\/wp-json\/wp\/v2\/categories?post=52446"},{"taxonomy":"post_tag","embeddable":true,"href":"https:\/\/www.uartes.edu.ec\/sitio\/en\/wp-json\/wp\/v2\/tags?post=52446"},{"taxonomy":"infouartes","embeddable":true,"href":"https:\/\/www.uartes.edu.ec\/sitio\/en\/wp-json\/wp\/v2\/infouartes?post=52446"}],"curies":[{"name":"wp","href":"https:\/\/api.w.org\/{rel}","templated":true}]}}