{"id":52977,"date":"2024-04-25T16:38:45","date_gmt":"2024-04-25T21:38:45","guid":{"rendered":"https:\/\/www.uartes.edu.ec\/sitio\/?p=52977"},"modified":"2024-07-04T11:19:07","modified_gmt":"2024-07-04T16:19:07","slug":"uartes-suscribe-con-el-maac-un-convenio-especifico-de-practicas-pre-profesionales","status":"publish","type":"post","link":"https:\/\/www.uartes.edu.ec\/sitio\/en\/blog\/2024\/04\/25\/uartes-suscribe-con-el-maac-un-convenio-especifico-de-practicas-pre-profesionales\/","title":{"rendered":"UArtes suscribe con el MAAC convenio de Pr\u00e1cticas Pre-Profesionales (PPP)"},"content":{"rendered":"<p>La Universidad de las Artes y el Museo Antropol\u00f3gico y Arte Contempor\u00e1neo (MAAC) suscribieron, el pasado 17 de abril, un convenio espec\u00edfico de Pr\u00e1cticas Pre-Profesionales (PPP), cuya finalidad es que nuestros estudiantes realicen all\u00ed sus pr\u00e1cticas \u2014laborales o de servicio comunitario\u2014 y pasant\u00edas, a trav\u00e9s de los programas, proyectos y\/o actividades, de iniciativa individual o conjunta, que contribuyan a la gesti\u00f3n institucional y al perfil formativo de sus participantes.<\/p>\n\n\n\n<p>Intervinieron en la firma del documento la doctora Janina Su\u00e1rez, titular de la Jefatura de Pr\u00e1cticas Pre-Profesionales de la UArtes, y la licenciada Stephanie Alb\u00e1n, directora ejecutiva del MAAC. Participaron tambi\u00e9n Ronny Ramos, analista de convenios nacionales de nuestra instituci\u00f3n y por la contraparte, Heber Jumbo, responsable de la gesti\u00f3n Red de Museos del Ministerio de Cultura y Patrimonio (MCyP) y administrador del convenio, y Fiorella Zurita, responsable de asuntos legales.<\/p>\n\n\n\n<p>Con respecto a la suscripci\u00f3n, la doctora Su\u00e1rez ponder\u00f3 la posibilidad de contar con un flujo de estudiantes habitando los diferentes espacios que conforman la Red de Museos, como el mismo MAAC, el Nah\u00edm Isa\u00edas, el Presley Norton y el Museo Arqueol\u00f3gico Los Amantes de Sumpa, ubicado en la provincia de Santa Elena.<\/p>\n\n\n\n<p>Record\u00f3 que la UArtes ya manten\u00eda un convenio con el MAAC, pero el acercamiento actual es muy puntual, pues busca generar convocatorias y que las\/los estudiantes de nuestra universidad puedan hacer diferentes tareas dentro de estos espacios. \u201cTareas como involucrarse en la reserva, programaci\u00f3n, comunicaci\u00f3n, curadur\u00eda, museograf\u00eda y exhibiciones\u201d.<\/p>\n\n\n<div class=\"wp-block-image\">\n<figure class=\"aligncenter size-large\"><img fetchpriority=\"high\" decoding=\"async\" width=\"644\" height=\"429\" src=\"https:\/\/www.uartes.edu.ec\/sitio\/wp-content\/uploads\/2024\/04\/02-CONVENIO-MAAC-UARTES-644x429.jpg\" alt=\"\" class=\"wp-image-52983\" srcset=\"https:\/\/www.uartes.edu.ec\/sitio\/wp-content\/uploads\/2024\/04\/02-CONVENIO-MAAC-UARTES-644x429.jpg 644w, https:\/\/www.uartes.edu.ec\/sitio\/wp-content\/uploads\/2024\/04\/02-CONVENIO-MAAC-UARTES-300x200.jpg 300w, https:\/\/www.uartes.edu.ec\/sitio\/wp-content\/uploads\/2024\/04\/02-CONVENIO-MAAC-UARTES-768x512.jpg 768w, https:\/\/www.uartes.edu.ec\/sitio\/wp-content\/uploads\/2024\/04\/02-CONVENIO-MAAC-UARTES-1536x1024.jpg 1536w, https:\/\/www.uartes.edu.ec\/sitio\/wp-content\/uploads\/2024\/04\/02-CONVENIO-MAAC-UARTES-18x12.jpg 18w, https:\/\/www.uartes.edu.ec\/sitio\/wp-content\/uploads\/2024\/04\/02-CONVENIO-MAAC-UARTES-600x400.jpg 600w, https:\/\/www.uartes.edu.ec\/sitio\/wp-content\/uploads\/2024\/04\/02-CONVENIO-MAAC-UARTES-400x267.jpg 400w, https:\/\/www.uartes.edu.ec\/sitio\/wp-content\/uploads\/2024\/04\/02-CONVENIO-MAAC-UARTES-272x182.jpg 272w, https:\/\/www.uartes.edu.ec\/sitio\/wp-content\/uploads\/2024\/04\/02-CONVENIO-MAAC-UARTES.jpg 2000w\" sizes=\"(max-width: 644px) 100vw, 644px\" \/><\/figure>\n<\/div>\n\n\n<p>Con ese prop\u00f3sito, se han mantenido reuniones previas para desarrollar un plan de trabajo. Se iniciaron en enero pasado cuando el rector William Herrera y la directora de Vinculaci\u00f3n con la Sociedad de la UArtes, Mar\u00eda Jos\u00e9 Icaza, dialogaron con la ministra de Cultura y Patrimonio, Romina Mu\u00f1oz, y la directora ejecutiva del MAAC, Stephanie Garc\u00eda, acerca de acuerdos que contribuyan al fortalecimiento del Sistema Nacional de Cultura desde la cooperaci\u00f3n con el Sistema de Educaci\u00f3n Superior.<\/p>\n\n\n\n<p>Posteriormente, en marzo del 2024, Jumbo y Zurita dialogaron con Su\u00e1rez, Ramos y el docente coordinador de las PPP de la Escuela de Artes Visuales, Joaqu\u00edn Serrano, sobre las necesidades de cada instituci\u00f3n y las l\u00edneas operativas en las que los estudiantes de las distintas carreras UArtes pudiesen aportar con sus conocimientos y participaci\u00f3n en las actividades organizadas o programadas por el MAAC. El 4 de abril, esta instituci\u00f3n remiti\u00f3 a nuestra universidad un plan de trabajo que contempla el inicio de las convocatorias de estudiantes practicantes, seg\u00fan los perfiles requeridos por sus distintos departamentos y \u00e1reas.<\/p>\n\n\n\n<p>Janina Su\u00e1rez indic\u00f3 que las PPP a desarrollar por nuestro estudiantado son las laborales, cuyo m\u00ednimo de horas son 30 y m\u00e1ximo 240. Mencion\u00f3 tambi\u00e9n que, pese a que el MAAC tiene definida una programaci\u00f3n a lo largo del a\u00f1o, tambi\u00e9n receptar\u00e1 desde la UArtes proyectos espec\u00edficos con las\/los estudiantes o docentes, a fin de generar actividades, como la muestra \u00abBit\u00e1cora\u00bb con la que la Escuela de Artes Visuales cierra sus actividades semestrales. \u201cPensar en que no solo se aloje en los espacios de la universidad, sino que aproveche un espacio de exhibici\u00f3n en los lugares donde el MAAC tiene presencia\u201d, dijo.<\/p>\n\n\n\n<p>Fotos: Steven Mac\u00edas, estudiante de la UNIR en Pr\u00e1cticas Pre-Profesionales en la UArtes.<\/p>","protected":false},"excerpt":{"rendered":"<p>La Universidad de las Artes y el Museo Antropol\u00f3gico y Arte Contempor\u00e1neo (MAAC) suscribieron, el pasado 17 de abril, un convenio espec\u00edfico de Pr\u00e1cticas Pre-Profesionales (PPP), cuya finalidad es que nuestros estudiantes realicen all\u00ed sus pr\u00e1cticas \u2014laborales o de servicio comunitario\u2014 y pasant\u00edas, a trav\u00e9s de los programas, proyectos y\/o actividades, de iniciativa individual o conjunta, que contribuyan a la gesti\u00f3n institucional y al perfil formativo de sus participantes.<\/p>","protected":false},"author":1,"featured_media":52982,"comment_status":"open","ping_status":"open","sticky":false,"template":"","format":"standard","meta":{"_acf_changed":false,"_uag_custom_page_level_css":"","_monsterinsights_skip_tracking":false,"_monsterinsights_sitenote_active":false,"_monsterinsights_sitenote_note":"","_monsterinsights_sitenote_category":0,"cybocfi_hide_featured_image":"","footnotes":""},"categories":[265,76,77],"tags":[503,416],"infouartes":[],"class_list":["post-52977","post","type-post","status-publish","format-standard","has-post-thumbnail","hentry","category-bienestar-universitario","category-estudiantes","category-gestion","tag-maac","tag-practicas-pre-profesionales"],"acf":[],"yoast_head":"<!-- This site is optimized with the Yoast SEO plugin v27.4 - https:\/\/yoast.com\/product\/yoast-seo-wordpress\/ -->\n<title>Universidad de las Artes - UArtes suscribe con el MAAC convenio de Pr\u00e1cticas Pre-Profesionales (PPP)<\/title>\n<meta name=\"description\" content=\"Universidad de las Artes - UArtes suscribe con el MAAC convenio de Pr\u00e1cticas Pre-Profesionales (PPP)\" \/>\n<meta name=\"robots\" content=\"index, follow, max-snippet:-1, max-image-preview:large, max-video-preview:-1\" \/>\n<link rel=\"canonical\" href=\"https:\/\/www.uartes.edu.ec\/sitio\/en\/blog\/2024\/04\/25\/uartes-suscribe-con-el-maac-un-convenio-especifico-de-practicas-pre-profesionales\/\" \/>\n<meta property=\"og:locale\" content=\"en_US\" \/>\n<meta property=\"og:type\" content=\"article\" \/>\n<meta property=\"og:title\" content=\"Universidad de las Artes - UArtes suscribe con el MAAC convenio de Pr\u00e1cticas Pre-Profesionales (PPP)\" \/>\n<meta property=\"og:description\" content=\"Universidad de las Artes - UArtes suscribe con el MAAC convenio de Pr\u00e1cticas Pre-Profesionales (PPP)\" \/>\n<meta property=\"og:url\" content=\"https:\/\/www.uartes.edu.ec\/sitio\/en\/blog\/2024\/04\/25\/uartes-suscribe-con-el-maac-un-convenio-especifico-de-practicas-pre-profesionales\/\" \/>\n<meta property=\"og:site_name\" content=\"Universidad de las Artes\" \/>\n<meta property=\"article:publisher\" content=\"https:\/\/www.facebook.com\/uartesec\" \/>\n<meta property=\"article:published_time\" content=\"2024-04-25T21:38:45+00:00\" \/>\n<meta property=\"article:modified_time\" content=\"2024-07-04T16:19:07+00:00\" \/>\n<meta property=\"og:image\" content=\"https:\/\/www.uartes.edu.ec\/sitio\/wp-content\/uploads\/2024\/04\/01-CONVENIO-MAAC-UARTES.jpg\" \/>\n\t<meta property=\"og:image:width\" content=\"2000\" \/>\n\t<meta property=\"og:image:height\" content=\"1333\" \/>\n\t<meta property=\"og:image:type\" content=\"image\/jpeg\" \/>\n<meta name=\"author\" content=\"Universidad de las Artes\" \/>\n<meta name=\"twitter:card\" content=\"summary_large_image\" \/>\n<meta name=\"twitter:creator\" content=\"@uartesec\" \/>\n<meta name=\"twitter:site\" content=\"@uartesec\" \/>\n<meta name=\"twitter:label1\" content=\"Written by\" \/>\n\t<meta name=\"twitter:data1\" content=\"Universidad de las Artes\" \/>\n\t<meta name=\"twitter:label2\" content=\"Est. reading time\" \/>\n\t<meta name=\"twitter:data2\" content=\"3 minutes\" \/>\n<script type=\"application\/ld+json\" class=\"yoast-schema-graph\">{\"@context\":\"https:\\\/\\\/schema.org\",\"@graph\":[{\"@type\":\"Article\",\"@id\":\"https:\\\/\\\/www.uartes.edu.ec\\\/sitio\\\/en\\\/blog\\\/2024\\\/04\\\/25\\\/uartes-suscribe-con-el-maac-un-convenio-especifico-de-practicas-pre-profesionales\\\/#article\",\"isPartOf\":{\"@id\":\"https:\\\/\\\/www.uartes.edu.ec\\\/sitio\\\/en\\\/blog\\\/2024\\\/04\\\/25\\\/uartes-suscribe-con-el-maac-un-convenio-especifico-de-practicas-pre-profesionales\\\/\"},\"author\":{\"name\":\"Universidad de las Artes\",\"@id\":\"https:\\\/\\\/www.uartes.edu.ec\\\/sitio\\\/en\\\/#\\\/schema\\\/person\\\/f33f8c1d2af0d5c80a38c8abf458184a\"},\"headline\":\"UArtes suscribe con el MAAC convenio de Pr\u00e1cticas Pre-Profesionales (PPP)\",\"datePublished\":\"2024-04-25T21:38:45+00:00\",\"dateModified\":\"2024-07-04T16:19:07+00:00\",\"mainEntityOfPage\":{\"@id\":\"https:\\\/\\\/www.uartes.edu.ec\\\/sitio\\\/en\\\/blog\\\/2024\\\/04\\\/25\\\/uartes-suscribe-con-el-maac-un-convenio-especifico-de-practicas-pre-profesionales\\\/\"},\"wordCount\":590,\"commentCount\":0,\"publisher\":{\"@id\":\"https:\\\/\\\/www.uartes.edu.ec\\\/sitio\\\/en\\\/#organization\"},\"image\":{\"@id\":\"https:\\\/\\\/www.uartes.edu.ec\\\/sitio\\\/en\\\/blog\\\/2024\\\/04\\\/25\\\/uartes-suscribe-con-el-maac-un-convenio-especifico-de-practicas-pre-profesionales\\\/#primaryimage\"},\"thumbnailUrl\":\"https:\\\/\\\/www.uartes.edu.ec\\\/sitio\\\/wp-content\\\/uploads\\\/2024\\\/04\\\/01-CONVENIO-MAAC-UARTES.jpg\",\"keywords\":[\"maac\",\"pr\u00e1cticas pre-profesionales\"],\"articleSection\":[\"Bienestar Universitario\",\"Estudiantes\",\"Gesti\u00f3n\"],\"inLanguage\":\"en-US\",\"potentialAction\":[{\"@type\":\"CommentAction\",\"name\":\"Comment\",\"target\":[\"https:\\\/\\\/www.uartes.edu.ec\\\/sitio\\\/en\\\/blog\\\/2024\\\/04\\\/25\\\/uartes-suscribe-con-el-maac-un-convenio-especifico-de-practicas-pre-profesionales\\\/#respond\"]}]},{\"@type\":[\"WebPage\",\"ItemPage\"],\"@id\":\"https:\\\/\\\/www.uartes.edu.ec\\\/sitio\\\/en\\\/blog\\\/2024\\\/04\\\/25\\\/uartes-suscribe-con-el-maac-un-convenio-especifico-de-practicas-pre-profesionales\\\/\",\"url\":\"https:\\\/\\\/www.uartes.edu.ec\\\/sitio\\\/en\\\/blog\\\/2024\\\/04\\\/25\\\/uartes-suscribe-con-el-maac-un-convenio-especifico-de-practicas-pre-profesionales\\\/\",\"name\":\"Universidad de las Artes - UArtes suscribe con el MAAC convenio de Pr\u00e1cticas Pre-Profesionales (PPP)\",\"isPartOf\":{\"@id\":\"https:\\\/\\\/www.uartes.edu.ec\\\/sitio\\\/en\\\/#website\"},\"primaryImageOfPage\":{\"@id\":\"https:\\\/\\\/www.uartes.edu.ec\\\/sitio\\\/en\\\/blog\\\/2024\\\/04\\\/25\\\/uartes-suscribe-con-el-maac-un-convenio-especifico-de-practicas-pre-profesionales\\\/#primaryimage\"},\"image\":{\"@id\":\"https:\\\/\\\/www.uartes.edu.ec\\\/sitio\\\/en\\\/blog\\\/2024\\\/04\\\/25\\\/uartes-suscribe-con-el-maac-un-convenio-especifico-de-practicas-pre-profesionales\\\/#primaryimage\"},\"thumbnailUrl\":\"https:\\\/\\\/www.uartes.edu.ec\\\/sitio\\\/wp-content\\\/uploads\\\/2024\\\/04\\\/01-CONVENIO-MAAC-UARTES.jpg\",\"datePublished\":\"2024-04-25T21:38:45+00:00\",\"dateModified\":\"2024-07-04T16:19:07+00:00\",\"description\":\"Universidad de las Artes - UArtes suscribe con el MAAC convenio de Pr\u00e1cticas Pre-Profesionales (PPP)\",\"breadcrumb\":{\"@id\":\"https:\\\/\\\/www.uartes.edu.ec\\\/sitio\\\/en\\\/blog\\\/2024\\\/04\\\/25\\\/uartes-suscribe-con-el-maac-un-convenio-especifico-de-practicas-pre-profesionales\\\/#breadcrumb\"},\"inLanguage\":\"en-US\",\"potentialAction\":[{\"@type\":\"ReadAction\",\"target\":[\"https:\\\/\\\/www.uartes.edu.ec\\\/sitio\\\/en\\\/blog\\\/2024\\\/04\\\/25\\\/uartes-suscribe-con-el-maac-un-convenio-especifico-de-practicas-pre-profesionales\\\/\"]}]},{\"@type\":\"ImageObject\",\"inLanguage\":\"en-US\",\"@id\":\"https:\\\/\\\/www.uartes.edu.ec\\\/sitio\\\/en\\\/blog\\\/2024\\\/04\\\/25\\\/uartes-suscribe-con-el-maac-un-convenio-especifico-de-practicas-pre-profesionales\\\/#primaryimage\",\"url\":\"https:\\\/\\\/www.uartes.edu.ec\\\/sitio\\\/wp-content\\\/uploads\\\/2024\\\/04\\\/01-CONVENIO-MAAC-UARTES.jpg\",\"contentUrl\":\"https:\\\/\\\/www.uartes.edu.ec\\\/sitio\\\/wp-content\\\/uploads\\\/2024\\\/04\\\/01-CONVENIO-MAAC-UARTES.jpg\",\"width\":2000,\"height\":1333},{\"@type\":\"BreadcrumbList\",\"@id\":\"https:\\\/\\\/www.uartes.edu.ec\\\/sitio\\\/en\\\/blog\\\/2024\\\/04\\\/25\\\/uartes-suscribe-con-el-maac-un-convenio-especifico-de-practicas-pre-profesionales\\\/#breadcrumb\",\"itemListElement\":[{\"@type\":\"ListItem\",\"position\":1,\"name\":\"Inicio\",\"item\":\"https:\\\/\\\/www.uartes.edu.ec\\\/sitio\\\/\"},{\"@type\":\"ListItem\",\"position\":2,\"name\":\"UArtes suscribe con el MAAC convenio de Pr\u00e1cticas Pre-Profesionales (PPP)\"}]},{\"@type\":\"WebSite\",\"@id\":\"https:\\\/\\\/www.uartes.edu.ec\\\/sitio\\\/en\\\/#website\",\"url\":\"https:\\\/\\\/www.uartes.edu.ec\\\/sitio\\\/en\\\/\",\"name\":\"Universidad de las Artes\",\"description\":\"Sitio oficial de la Universidad Nacional de las Artes del Ecuador\",\"publisher\":{\"@id\":\"https:\\\/\\\/www.uartes.edu.ec\\\/sitio\\\/en\\\/#organization\"},\"potentialAction\":[{\"@type\":\"SearchAction\",\"target\":{\"@type\":\"EntryPoint\",\"urlTemplate\":\"https:\\\/\\\/www.uartes.edu.ec\\\/sitio\\\/en\\\/?s={search_term_string}\"},\"query-input\":{\"@type\":\"PropertyValueSpecification\",\"valueRequired\":true,\"valueName\":\"search_term_string\"}}],\"inLanguage\":\"en-US\"},{\"@type\":\"Organization\",\"@id\":\"https:\\\/\\\/www.uartes.edu.ec\\\/sitio\\\/en\\\/#organization\",\"name\":\"Universidad de las Artes\",\"url\":\"https:\\\/\\\/www.uartes.edu.ec\\\/sitio\\\/en\\\/\",\"logo\":{\"@type\":\"ImageObject\",\"inLanguage\":\"en-US\",\"@id\":\"https:\\\/\\\/www.uartes.edu.ec\\\/sitio\\\/en\\\/#\\\/schema\\\/logo\\\/image\\\/\",\"url\":\"https:\\\/\\\/www.uartes.edu.ec\\\/sitio\\\/wp-content\\\/uploads\\\/2022\\\/07\\\/logo-ua-horizontal.png\",\"contentUrl\":\"https:\\\/\\\/www.uartes.edu.ec\\\/sitio\\\/wp-content\\\/uploads\\\/2022\\\/07\\\/logo-ua-horizontal.png\",\"width\":800,\"height\":276,\"caption\":\"Universidad de las Artes\"},\"image\":{\"@id\":\"https:\\\/\\\/www.uartes.edu.ec\\\/sitio\\\/en\\\/#\\\/schema\\\/logo\\\/image\\\/\"},\"sameAs\":[\"https:\\\/\\\/www.facebook.com\\\/uartesec\",\"https:\\\/\\\/x.com\\\/uartesec\",\"https:\\\/\\\/www.tiktok.com\\\/@uartesec\"]},{\"@type\":\"Person\",\"@id\":\"https:\\\/\\\/www.uartes.edu.ec\\\/sitio\\\/en\\\/#\\\/schema\\\/person\\\/f33f8c1d2af0d5c80a38c8abf458184a\",\"name\":\"Universidad de las Artes\",\"image\":{\"@type\":\"ImageObject\",\"inLanguage\":\"en-US\",\"@id\":\"https:\\\/\\\/secure.gravatar.com\\\/avatar\\\/52e4757902f5cfa5ac52d020e5be83cae5487519154b6c35482fe08d589f3c13?s=96&d=mm&r=g\",\"url\":\"https:\\\/\\\/secure.gravatar.com\\\/avatar\\\/52e4757902f5cfa5ac52d020e5be83cae5487519154b6c35482fe08d589f3c13?s=96&d=mm&r=g\",\"contentUrl\":\"https:\\\/\\\/secure.gravatar.com\\\/avatar\\\/52e4757902f5cfa5ac52d020e5be83cae5487519154b6c35482fe08d589f3c13?s=96&d=mm&r=g\",\"caption\":\"Universidad de las Artes\"},\"url\":\"https:\\\/\\\/www.uartes.edu.ec\\\/sitio\\\/en\\\/blog\\\/author\\\/dircomadm\\\/\"}]}<\/script>\n<!-- \/ Yoast SEO plugin. -->","yoast_head_json":{"title":"Universidad de las Artes - UArtes suscribe con el MAAC convenio de Pr\u00e1cticas Pre-Profesionales (PPP)","description":"Universidad de las Artes - UArtes suscribe con el MAAC convenio de Pr\u00e1cticas Pre-Profesionales (PPP)","robots":{"index":"index","follow":"follow","max-snippet":"max-snippet:-1","max-image-preview":"max-image-preview:large","max-video-preview":"max-video-preview:-1"},"canonical":"https:\/\/www.uartes.edu.ec\/sitio\/en\/blog\/2024\/04\/25\/uartes-suscribe-con-el-maac-un-convenio-especifico-de-practicas-pre-profesionales\/","og_locale":"en_US","og_type":"article","og_title":"Universidad de las Artes - UArtes suscribe con el MAAC convenio de Pr\u00e1cticas Pre-Profesionales (PPP)","og_description":"Universidad de las Artes - UArtes suscribe con el MAAC convenio de Pr\u00e1cticas Pre-Profesionales (PPP)","og_url":"https:\/\/www.uartes.edu.ec\/sitio\/en\/blog\/2024\/04\/25\/uartes-suscribe-con-el-maac-un-convenio-especifico-de-practicas-pre-profesionales\/","og_site_name":"Universidad de las Artes","article_publisher":"https:\/\/www.facebook.com\/uartesec","article_published_time":"2024-04-25T21:38:45+00:00","article_modified_time":"2024-07-04T16:19:07+00:00","og_image":[{"width":2000,"height":1333,"url":"https:\/\/www.uartes.edu.ec\/sitio\/wp-content\/uploads\/2024\/04\/01-CONVENIO-MAAC-UARTES.jpg","type":"image\/jpeg"}],"author":"Universidad de las Artes","twitter_card":"summary_large_image","twitter_creator":"@uartesec","twitter_site":"@uartesec","twitter_misc":{"Written by":"Universidad de las Artes","Est. reading time":"3 minutes"},"schema":{"@context":"https:\/\/schema.org","@graph":[{"@type":"Article","@id":"https:\/\/www.uartes.edu.ec\/sitio\/en\/blog\/2024\/04\/25\/uartes-suscribe-con-el-maac-un-convenio-especifico-de-practicas-pre-profesionales\/#article","isPartOf":{"@id":"https:\/\/www.uartes.edu.ec\/sitio\/en\/blog\/2024\/04\/25\/uartes-suscribe-con-el-maac-un-convenio-especifico-de-practicas-pre-profesionales\/"},"author":{"name":"Universidad de las Artes","@id":"https:\/\/www.uartes.edu.ec\/sitio\/en\/#\/schema\/person\/f33f8c1d2af0d5c80a38c8abf458184a"},"headline":"UArtes suscribe con el MAAC convenio de Pr\u00e1cticas Pre-Profesionales (PPP)","datePublished":"2024-04-25T21:38:45+00:00","dateModified":"2024-07-04T16:19:07+00:00","mainEntityOfPage":{"@id":"https:\/\/www.uartes.edu.ec\/sitio\/en\/blog\/2024\/04\/25\/uartes-suscribe-con-el-maac-un-convenio-especifico-de-practicas-pre-profesionales\/"},"wordCount":590,"commentCount":0,"publisher":{"@id":"https:\/\/www.uartes.edu.ec\/sitio\/en\/#organization"},"image":{"@id":"https:\/\/www.uartes.edu.ec\/sitio\/en\/blog\/2024\/04\/25\/uartes-suscribe-con-el-maac-un-convenio-especifico-de-practicas-pre-profesionales\/#primaryimage"},"thumbnailUrl":"https:\/\/www.uartes.edu.ec\/sitio\/wp-content\/uploads\/2024\/04\/01-CONVENIO-MAAC-UARTES.jpg","keywords":["maac","pr\u00e1cticas pre-profesionales"],"articleSection":["Bienestar Universitario","Estudiantes","Gesti\u00f3n"],"inLanguage":"en-US","potentialAction":[{"@type":"CommentAction","name":"Comment","target":["https:\/\/www.uartes.edu.ec\/sitio\/en\/blog\/2024\/04\/25\/uartes-suscribe-con-el-maac-un-convenio-especifico-de-practicas-pre-profesionales\/#respond"]}]},{"@type":["WebPage","ItemPage"],"@id":"https:\/\/www.uartes.edu.ec\/sitio\/en\/blog\/2024\/04\/25\/uartes-suscribe-con-el-maac-un-convenio-especifico-de-practicas-pre-profesionales\/","url":"https:\/\/www.uartes.edu.ec\/sitio\/en\/blog\/2024\/04\/25\/uartes-suscribe-con-el-maac-un-convenio-especifico-de-practicas-pre-profesionales\/","name":"Universidad de las Artes - UArtes suscribe con el MAAC convenio de Pr\u00e1cticas Pre-Profesionales (PPP)","isPartOf":{"@id":"https:\/\/www.uartes.edu.ec\/sitio\/en\/#website"},"primaryImageOfPage":{"@id":"https:\/\/www.uartes.edu.ec\/sitio\/en\/blog\/2024\/04\/25\/uartes-suscribe-con-el-maac-un-convenio-especifico-de-practicas-pre-profesionales\/#primaryimage"},"image":{"@id":"https:\/\/www.uartes.edu.ec\/sitio\/en\/blog\/2024\/04\/25\/uartes-suscribe-con-el-maac-un-convenio-especifico-de-practicas-pre-profesionales\/#primaryimage"},"thumbnailUrl":"https:\/\/www.uartes.edu.ec\/sitio\/wp-content\/uploads\/2024\/04\/01-CONVENIO-MAAC-UARTES.jpg","datePublished":"2024-04-25T21:38:45+00:00","dateModified":"2024-07-04T16:19:07+00:00","description":"Universidad de las Artes - UArtes suscribe con el MAAC convenio de Pr\u00e1cticas Pre-Profesionales (PPP)","breadcrumb":{"@id":"https:\/\/www.uartes.edu.ec\/sitio\/en\/blog\/2024\/04\/25\/uartes-suscribe-con-el-maac-un-convenio-especifico-de-practicas-pre-profesionales\/#breadcrumb"},"inLanguage":"en-US","potentialAction":[{"@type":"ReadAction","target":["https:\/\/www.uartes.edu.ec\/sitio\/en\/blog\/2024\/04\/25\/uartes-suscribe-con-el-maac-un-convenio-especifico-de-practicas-pre-profesionales\/"]}]},{"@type":"ImageObject","inLanguage":"en-US","@id":"https:\/\/www.uartes.edu.ec\/sitio\/en\/blog\/2024\/04\/25\/uartes-suscribe-con-el-maac-un-convenio-especifico-de-practicas-pre-profesionales\/#primaryimage","url":"https:\/\/www.uartes.edu.ec\/sitio\/wp-content\/uploads\/2024\/04\/01-CONVENIO-MAAC-UARTES.jpg","contentUrl":"https:\/\/www.uartes.edu.ec\/sitio\/wp-content\/uploads\/2024\/04\/01-CONVENIO-MAAC-UARTES.jpg","width":2000,"height":1333},{"@type":"BreadcrumbList","@id":"https:\/\/www.uartes.edu.ec\/sitio\/en\/blog\/2024\/04\/25\/uartes-suscribe-con-el-maac-un-convenio-especifico-de-practicas-pre-profesionales\/#breadcrumb","itemListElement":[{"@type":"ListItem","position":1,"name":"Inicio","item":"https:\/\/www.uartes.edu.ec\/sitio\/"},{"@type":"ListItem","position":2,"name":"UArtes suscribe con el MAAC convenio de Pr\u00e1cticas Pre-Profesionales (PPP)"}]},{"@type":"WebSite","@id":"https:\/\/www.uartes.edu.ec\/sitio\/en\/#website","url":"https:\/\/www.uartes.edu.ec\/sitio\/en\/","name":"Universidad de las Artes","description":"Sitio oficial de la Universidad Nacional de las Artes del Ecuador","publisher":{"@id":"https:\/\/www.uartes.edu.ec\/sitio\/en\/#organization"},"potentialAction":[{"@type":"SearchAction","target":{"@type":"EntryPoint","urlTemplate":"https:\/\/www.uartes.edu.ec\/sitio\/en\/?s={search_term_string}"},"query-input":{"@type":"PropertyValueSpecification","valueRequired":true,"valueName":"search_term_string"}}],"inLanguage":"en-US"},{"@type":"Organization","@id":"https:\/\/www.uartes.edu.ec\/sitio\/en\/#organization","name":"Universidad de las Artes","url":"https:\/\/www.uartes.edu.ec\/sitio\/en\/","logo":{"@type":"ImageObject","inLanguage":"en-US","@id":"https:\/\/www.uartes.edu.ec\/sitio\/en\/#\/schema\/logo\/image\/","url":"https:\/\/www.uartes.edu.ec\/sitio\/wp-content\/uploads\/2022\/07\/logo-ua-horizontal.png","contentUrl":"https:\/\/www.uartes.edu.ec\/sitio\/wp-content\/uploads\/2022\/07\/logo-ua-horizontal.png","width":800,"height":276,"caption":"Universidad de las Artes"},"image":{"@id":"https:\/\/www.uartes.edu.ec\/sitio\/en\/#\/schema\/logo\/image\/"},"sameAs":["https:\/\/www.facebook.com\/uartesec","https:\/\/x.com\/uartesec","https:\/\/www.tiktok.com\/@uartesec"]},{"@type":"Person","@id":"https:\/\/www.uartes.edu.ec\/sitio\/en\/#\/schema\/person\/f33f8c1d2af0d5c80a38c8abf458184a","name":"Universidad de las Artes","image":{"@type":"ImageObject","inLanguage":"en-US","@id":"https:\/\/secure.gravatar.com\/avatar\/52e4757902f5cfa5ac52d020e5be83cae5487519154b6c35482fe08d589f3c13?s=96&d=mm&r=g","url":"https:\/\/secure.gravatar.com\/avatar\/52e4757902f5cfa5ac52d020e5be83cae5487519154b6c35482fe08d589f3c13?s=96&d=mm&r=g","contentUrl":"https:\/\/secure.gravatar.com\/avatar\/52e4757902f5cfa5ac52d020e5be83cae5487519154b6c35482fe08d589f3c13?s=96&d=mm&r=g","caption":"Universidad de las Artes"},"url":"https:\/\/www.uartes.edu.ec\/sitio\/en\/blog\/author\/dircomadm\/"}]}},"uagb_featured_image_src":{"full":["https:\/\/www.uartes.edu.ec\/sitio\/wp-content\/uploads\/2024\/04\/01-CONVENIO-MAAC-UARTES.jpg",2000,1333,false],"thumbnail":["https:\/\/www.uartes.edu.ec\/sitio\/wp-content\/uploads\/2024\/04\/01-CONVENIO-MAAC-UARTES-150x150.jpg",150,150,true],"medium":["https:\/\/www.uartes.edu.ec\/sitio\/wp-content\/uploads\/2024\/04\/01-CONVENIO-MAAC-UARTES-300x200.jpg",300,200,true],"medium_large":["https:\/\/www.uartes.edu.ec\/sitio\/wp-content\/uploads\/2024\/04\/01-CONVENIO-MAAC-UARTES-768x512.jpg",768,512,true],"large":["https:\/\/www.uartes.edu.ec\/sitio\/wp-content\/uploads\/2024\/04\/01-CONVENIO-MAAC-UARTES-644x429.jpg",644,429,true],"1536x1536":["https:\/\/www.uartes.edu.ec\/sitio\/wp-content\/uploads\/2024\/04\/01-CONVENIO-MAAC-UARTES-1536x1024.jpg",1536,1024,true],"2048x2048":["https:\/\/www.uartes.edu.ec\/sitio\/wp-content\/uploads\/2024\/04\/01-CONVENIO-MAAC-UARTES.jpg",2000,1333,false],"trp-custom-language-flag":["https:\/\/www.uartes.edu.ec\/sitio\/wp-content\/uploads\/2024\/04\/01-CONVENIO-MAAC-UARTES-18x12.jpg",18,12,true],"htmega_size_585x295":["https:\/\/www.uartes.edu.ec\/sitio\/wp-content\/uploads\/2024\/04\/01-CONVENIO-MAAC-UARTES-585x295.jpg",585,295,true],"htmega_size_1170x536":["https:\/\/www.uartes.edu.ec\/sitio\/wp-content\/uploads\/2024\/04\/01-CONVENIO-MAAC-UARTES-1170x536.jpg",1170,536,true],"htmega_size_396x360":["https:\/\/www.uartes.edu.ec\/sitio\/wp-content\/uploads\/2024\/04\/01-CONVENIO-MAAC-UARTES-396x360.jpg",396,360,true],"gb-block-post-grid-landscape":["https:\/\/www.uartes.edu.ec\/sitio\/wp-content\/uploads\/2024\/04\/01-CONVENIO-MAAC-UARTES-600x400.jpg",600,400,true],"gb-block-post-grid-square":["https:\/\/www.uartes.edu.ec\/sitio\/wp-content\/uploads\/2024\/04\/01-CONVENIO-MAAC-UARTES-600x600.jpg",600,600,true],"university-hub-thumb":["https:\/\/www.uartes.edu.ec\/sitio\/wp-content\/uploads\/2024\/04\/01-CONVENIO-MAAC-UARTES-400x267.jpg",400,267,true]},"uagb_author_info":{"display_name":"Universidad de las Artes","author_link":"https:\/\/www.uartes.edu.ec\/sitio\/en\/blog\/author\/dircomadm\/"},"uagb_comment_info":0,"uagb_excerpt":"La Universidad de las Artes y el Museo Antropol\u00f3gico y Arte Contempor\u00e1neo (MAAC) suscribieron, el pasado 17 de abril, un convenio espec\u00edfico de Pr\u00e1cticas Pre-Profesionales (PPP), cuya finalidad es que nuestros estudiantes realicen all\u00ed sus pr\u00e1cticas \u2014laborales o de servicio comunitario\u2014 y pasant\u00edas, a trav\u00e9s de los programas, proyectos y\/o actividades, de iniciativa individual o&hellip;","featured_image_src":"https:\/\/www.uartes.edu.ec\/sitio\/wp-content\/uploads\/2024\/04\/01-CONVENIO-MAAC-UARTES-600x400.jpg","featured_image_src_square":"https:\/\/www.uartes.edu.ec\/sitio\/wp-content\/uploads\/2024\/04\/01-CONVENIO-MAAC-UARTES-600x600.jpg","author_info":{"display_name":"Universidad de las Artes","author_link":"https:\/\/www.uartes.edu.ec\/sitio\/en\/blog\/author\/dircomadm\/"},"publishpress_future_workflow_manual_trigger":{"enabledWorkflows":[]},"distributor_meta":false,"distributor_terms":false,"distributor_media":false,"distributor_original_site_name":"Universidad de las Artes","distributor_original_site_url":"https:\/\/www.uartes.edu.ec\/sitio\/en","push-errors":false,"_links":{"self":[{"href":"https:\/\/www.uartes.edu.ec\/sitio\/en\/wp-json\/wp\/v2\/posts\/52977","targetHints":{"allow":["GET"]}}],"collection":[{"href":"https:\/\/www.uartes.edu.ec\/sitio\/en\/wp-json\/wp\/v2\/posts"}],"about":[{"href":"https:\/\/www.uartes.edu.ec\/sitio\/en\/wp-json\/wp\/v2\/types\/post"}],"author":[{"embeddable":true,"href":"https:\/\/www.uartes.edu.ec\/sitio\/en\/wp-json\/wp\/v2\/users\/1"}],"replies":[{"embeddable":true,"href":"https:\/\/www.uartes.edu.ec\/sitio\/en\/wp-json\/wp\/v2\/comments?post=52977"}],"version-history":[{"count":10,"href":"https:\/\/www.uartes.edu.ec\/sitio\/en\/wp-json\/wp\/v2\/posts\/52977\/revisions"}],"predecessor-version":[{"id":53045,"href":"https:\/\/www.uartes.edu.ec\/sitio\/en\/wp-json\/wp\/v2\/posts\/52977\/revisions\/53045"}],"wp:featuredmedia":[{"embeddable":true,"href":"https:\/\/www.uartes.edu.ec\/sitio\/en\/wp-json\/wp\/v2\/media\/52982"}],"wp:attachment":[{"href":"https:\/\/www.uartes.edu.ec\/sitio\/en\/wp-json\/wp\/v2\/media?parent=52977"}],"wp:term":[{"taxonomy":"category","embeddable":true,"href":"https:\/\/www.uartes.edu.ec\/sitio\/en\/wp-json\/wp\/v2\/categories?post=52977"},{"taxonomy":"post_tag","embeddable":true,"href":"https:\/\/www.uartes.edu.ec\/sitio\/en\/wp-json\/wp\/v2\/tags?post=52977"},{"taxonomy":"infouartes","embeddable":true,"href":"https:\/\/www.uartes.edu.ec\/sitio\/en\/wp-json\/wp\/v2\/infouartes?post=52977"}],"curies":[{"name":"wp","href":"https:\/\/api.w.org\/{rel}","templated":true}]}}